{"id":862,"date":"2014-05-29T09:50:21","date_gmt":"2014-05-29T07:50:21","guid":{"rendered":"http:\/\/www.fabregat-perulles-sales.com\/actualidad\/?p=862"},"modified":"2014-11-26T14:32:07","modified_gmt":"2014-11-26T12:32:07","slug":"ley-82014-de-22-de-abril-sobre-cobertura-por-cuenta-del-estado-de-los-riesgos-de-la-internacionalizacion-de-la-economia-espanola","status":"publish","type":"post","link":"https:\/\/www.fabregat-perulles-sales.com\/actualidad\/ley-82014-de-22-de-abril-sobre-cobertura-por-cuenta-del-estado-de-los-riesgos-de-la-internacionalizacion-de-la-economia-espanola\/","title":{"rendered":"Ley 8\/2014, de 22 de abril, sobre cobertura por cuenta del Estado de los riesgos de la internacionalizaci\u00f3n de la econom\u00eda espa\u00f1ola"},"content":{"rendered":"<p><b>Objeto:<\/b> Establecer el r\u00e9gimen jur\u00eddico de la cobertura por cuenta del Estado de los riesgos derivados de la internacionalizaci\u00f3n de la econom\u00eda espa\u00f1ola, desarroll\u00e1ndose en el marco de la pol\u00edtica comercial com\u00fan de la Uni\u00f3n Europea, en el marco de los convenios y acuerdos internacionales en los que Espa\u00f1a sea miembro.<\/p>\n<p><b>Riesgos de la internalizaci\u00f3n:<\/b> son los riesgos susceptibles de generar perjuicios en las operaciones de inversi\u00f3n directa o de exportaci\u00f3n de bienes o servicios, incluidos los que llevan asociados proyectos de investigaci\u00f3n, desarrollo e innovaci\u00f3n y de su financiaci\u00f3n, as\u00ed como los asumidos de forma general en aquellas operaciones de inter\u00e9s estrat\u00e9gico para la internacionalizaci\u00f3n de la econom\u00eda espa\u00f1ola. Dichos riesgos, podr\u00e1n ser de car\u00e1cter comercial, pol\u00edtico, extraordinario, o de otra naturaleza, siempre y cuando est\u00e9n o puedan autorizarse por el Ministerio de Econom\u00eda y Competitividad por cuenta del Estado.<\/p>\n<p><!--more--><\/p>\n<p>Los resultados derivados de la cobertura de dichos riesgos ser\u00e1n asumidos por el Estado conforme a las estipulaciones que se establezcan en cada modalidad de p\u00f3liza y en los correspondientes contratos de cobertura.<\/p>\n<p>La cobertura de los riesgos por cuenta del Estado podr\u00e1 igualmente ser gestionada por medio de un Agente Gestor, designado por el Ministerio de Econom\u00eda y Competitividad y que desarrollar\u00e1 sus funciones al amparo de un convenio de gesti\u00f3n. En el proceso de selecci\u00f3n del Agente Gestor, no ser\u00e1 de aplicaci\u00f3n el texto refundido de la <a href=\"http:\/\/www.boe.es\/buscar\/act.php?id=BOE-A-2011-17887\" target=\"_blank\">Ley de Contratos del Sector P\u00fablico<\/a>.<\/p>\n<p><b>El Agente Gestor estar\u00e1 sometido al siguiente r\u00e9gimen:<\/b><\/p>\n<p>&#8211;\u00a0\u00a0\u00a0\u00a0\u00a0\u00a0\u00a0\u00a0\u00a0 Prestar\u00e1 adecuadamente los servicios de inter\u00e9s general, preservando los intereses de la pol\u00edtica comercial espa\u00f1ola.<\/p>\n<p>&#8211;\u00a0\u00a0\u00a0\u00a0\u00a0\u00a0\u00a0\u00a0\u00a0 No podr\u00e1 encontrarse incurso en los supuestos de prohibici\u00f3n de contratar con el sector p\u00fablico en los t\u00e9rminos previstos por el art\u00edculo 60 del Texto Refundido de la Ley de Contratos del Sector P\u00fablico.<\/p>\n<p>&#8211;\u00a0\u00a0\u00a0\u00a0\u00a0\u00a0\u00a0\u00a0\u00a0 No podr\u00e1 estar sometido a medidas de garant\u00eda de la solvencia futura o de control especial, ni haber sido sancionado por infracciones graves o muy graves en relaci\u00f3n al texto refundido de la <a href=\"http:\/\/www.boe.es\/buscar\/act.php?id=BOE-A-2004-18908\" target=\"_blank\">Ley de ordenaci\u00f3n y supervisi\u00f3n de seguros privados<\/a>.<\/p>\n<p>&#8211;\u00a0\u00a0\u00a0\u00a0\u00a0\u00a0\u00a0\u00a0\u00a0 Deber\u00e1 tener una separaci\u00f3n estricta entre las operaciones de cobertura de riesgo de cr\u00e9dito por cuenta propia y las que cubra por cuenta del Estado.<\/p>\n<p>Del mismo modo, la <a href=\"http:\/\/www.boe.es\/diario_boe\/txt.php?id=BOE-A-2014-4328\" target=\"_blank\">Ley 8\/2014<\/a> regula de forma detallada el r\u00e9gimen de actuaci\u00f3n del Agente Gestor.<\/p>\n<p><b>La Comisi\u00f3n<\/b><b> de Riesgos por Cuenta del Estado:<\/b> se crea la Comisi\u00f3n de Riesgos por Cuenta del Estado como \u00f3rgano colegiado interministerial adscrito al Ministerio de Economia y Competitividad, cuya organizaci\u00f3n y funcionamiento se regir\u00e1n por la Ley 8\/2014 y, supletoriamente, por la <a href=\"https:\/\/www.boe.es\/buscar\/doc.php?id=BOE-A-1992-26318\" target=\"_blank\">Ley 30\/1992, de 26 de noviembre, de R\u00e9gimen Jur\u00eddico de las Administraciones P\u00fablicas y del Procedimiento Administrativo Com\u00fan<\/a>. La Comisi\u00f3n de Riesgos por Cuenta del Estado ser\u00e1 el \u00f3rgano de control, seguimiento y participaci\u00f3n de la Administraci\u00f3n General del Estado, en la gesti\u00f3n que realice el Agente Gestor en su actividad para la cobertura de riesgos por cuenta del Estado. Por tanto, la Comisi\u00f3n actuar\u00e1 como un \u00f3rgano de coordinaci\u00f3n entre la Administraci\u00f3n y el Agente.<\/p>\n<p>La comisi\u00f3n de Riesgos por Cuenta del Estado estar\u00e1 presidida por el Secretario de Estado de Comercio y formada por un m\u00e1ximo de catorce miembros que ser\u00e1n nombrados por el Ministro de Econom\u00eda y Competitividad a propuesta de: el Secretario de Estado de Comercio; el Secretario de Estado y Econom\u00eda de Apoyo a la Empresa y; distintos Departamentos ministeriales.<\/p>\n<p><b>Funciones de la Comisi\u00f3n de Riesgos por Cuenta del Estado.<\/b><\/p>\n<p>Entre las funciones m\u00e1s relevantes de la Comisi\u00f3n de Riesgos por Cuenta del Estado, cabe destacar:<\/p>\n<p>&#8211;\u00a0\u00a0\u00a0\u00a0\u00a0\u00a0\u00a0\u00a0\u00a0 Control y seguimiento de la actividad del Agente Gestor cuyos riesgos asuma por cuenta del Estado.<\/p>\n<p>&#8211;\u00a0\u00a0\u00a0\u00a0\u00a0\u00a0\u00a0\u00a0\u00a0 Decidir\u00e1 sobre las propuestas en materia de cobertura de riesgos y respecto a la gesti\u00f3n de los mismos que realice el Agente Gestor.<\/p>\n<p>&#8211;\u00a0\u00a0\u00a0\u00a0\u00a0\u00a0\u00a0\u00a0\u00a0 Propondr\u00e1 al Ministerio de Econom\u00eda y Competitividad las tarifas que se deber\u00e1n aplicar a las operaciones aseguradas.<\/p>\n<p>&#8211;\u00a0\u00a0\u00a0\u00a0\u00a0\u00a0\u00a0\u00a0\u00a0 Aprobar\u00e1 el nivel de atribuciones que se autorice al Agente Gestor para la gesti\u00f3n de los riesgos por cuenta del Estado.<\/p>\n<p>&#8211;\u00a0\u00a0\u00a0\u00a0\u00a0\u00a0\u00a0\u00a0\u00a0 Solicitar\u00e1 al Agente Gestor que aporte documentaci\u00f3n necesaria para valorar los riesgos que asume el Estado<\/p>\n<p>&#8211;\u00a0\u00a0\u00a0\u00a0\u00a0\u00a0\u00a0\u00a0\u00a0 Determinar\u00e1 la informaci\u00f3n econ\u00f3mico-financiera que de forma espec\u00edfica o peri\u00f3dica deber\u00e1 remitirse al Ministerio de Econom\u00eda y Competitividad sobre la cuenta del Estado.<\/p>\n<p>&#8211;\u00a0\u00a0\u00a0\u00a0\u00a0\u00a0\u00a0\u00a0\u00a0 Deber\u00e1 controlar el correcto empleo de medios materiales y humanos y su adecuaci\u00f3n a la gesti\u00f3n de las coberturas por cuenta del Estado, de los riesgos de la internacionalizaci\u00f3n.<\/p>\n<p>En este punto, la Ley deja abierto el listado de funciones, pudiendo el mismo ampliarse legal o reglamentariamente.<\/p>\n<p><b>R\u00e9gimen presupuestario, econ\u00f3mico-financiero, contable y de control de la cobertura de los riesgos de la internacionalizaci\u00f3n por cuenta del Estado.<\/b><\/p>\n<p>Asimismo, se constituye a su vez el r\u00e9gimen presupuestario, econ\u00f3mico-financiero, contable y de control de la cobertura de los riesgos de la internacionalizaci\u00f3n por cuenta del Estado. Como garante o asegurador de las coberturas concertadas por su cuenta, el Agente Gestor asume la responsabilidad \u00faltima. Para ello, los Presupuestos Generales del Estado fijar\u00e1n anualmente el l\u00edmite de dichas coberturas. Tambi\u00e9n se propone la creaci\u00f3n de un Fondo de Reserva de los Riesgos de la Internacionalizaci\u00f3n de titularidad estatal para facilitar la gesti\u00f3n de los recursos a disposici\u00f3n del Agente Gestor y de mejorar la capacidad de actuaci\u00f3n del mismo sin que ello implique coste adicional alguno para el Estado.<\/p>\n<p>La ley entrar\u00e1 en vigor el 23 de julio de 2014. Se except\u00faa el r\u00e9gimen presupuestario, econ\u00f3mico-financiero y contable previsto en el cap\u00edtulo II del t\u00edtulo II, que entrar\u00e1 en vigor en el momento en que se constituya el Fondo de Reserva de los Riesgos de la Internacionalizaci\u00f3n, una vez disponga de los correspondientes presupuestos de explotaci\u00f3n y de capital aprobados por una norma con rango de ley con los efectos que en la misma se establezcan, manteni\u00e9ndose hasta entonces el r\u00e9gimen vigente.<\/p>\n<p>&nbsp;<\/p>\n<p>&nbsp;<\/p>\n\r\n\t\t<style>\r\n\t\t\t.huge-it-share-buttons {\r\n\t\t\t\tborder:0px solid #0FB5D6;\r\n\t\t\t\tborder-radius:5px;\r\n\t\t\t\tbackground:#3BD8FF;\r\n\t\t\t text-align:left; \t\t\t\t\t\t\t\t\t}\r\n\r\n\t\t\t#huge-it-share-buttons-top {margin-bottom:0px;}\r\n\t\t\t#huge-it-share-buttons-bottom {margin-top:0px;}\r\n\r\n\t\t\t.huge-it-share-buttons h3 {\r\n\t\t\t\tfont-size:25px ;\r\n\t\t\t\tfont-family:Arial,Helvetica Neue,Helvetica,sans-serif;\r\n\t\t\t\tcolor:#666666;\r\n\r\n\t\t\tdisplay:block;\t\t\t\tline-height:25px ;\r\n\r\n\t\t\t text-align:left; \t\t\t\t\t\t\t\t\t}\r\n\r\n\t\t\t.huge-it-share-buttons ul {\r\n\t\t\t float:left; \t\t\t\t\t\t\t\t\t}\r\n\r\n\t\t\t.huge-it-share-buttons ul li {\r\n\t\t\t\tmargin-left:3px;\r\n\t\t\t\tmargin-right:3px;\r\n\t\t\t\tpadding:0px;\r\n\t\t\t\tborder:0px ridge #E6354C;\r\n\t\t\t\tborder-radius:11px;\r\n\t\t\t\tbackground-color:#14CC9B;\r\n\t\t\t}\r\n\r\n\t\t\t.huge-it-share-buttons ul li #backforunical862 {\r\n\t\t\t\tborder-bottom: 0;\r\n\t\t\t\tbackground-image:url('https:\/\/www.fabregat-perulles-sales.com\/actualidad\/wp-content\/plugins\/wp-share-buttons\/Front_end\/..\/images\/buttons.30.png');\r\n\t\t\t\twidth:30px;\r\n\t\t\t\theight:30px;\r\n\t\t\t}\r\n\r\n\t\t\t.front-shares-count {\r\n\t\t\t\tposition: absolute;\r\n\t\t\t\ttext-align: center;\r\n\t\t\t\tdisplay: block;\r\n\t\t\t}\r\n\r\n\t\t\t.shares_size20 .front-shares-count {\r\n\t\t\t\tfont-size: 10px;\r\n\t\t\t\ttop: 10px;\r\n\t\t\t\twidth: 20px;\r\n\t\t\t}\r\n\r\n\t\t\t.shares_size30 .front-shares-count {\r\n\t\t\t\tfont-size: 11px;\r\n\t\t\t\ttop: 15px;\r\n\t\t\t\twidth: 30px;\r\n\t\t\t}\r\n\r\n\t\t\t.shares_size40 .front-shares-count {\r\n\t\t\t\tfont-size: 12px;\r\n\t\t\t\ttop: 21px;\r\n\t\t\t\twidth: 40px;\r\n\t\t\t}\r\n\t\t<\/style>\r\n\t\t\r\n\t\t<div id=\"huge-it-share-buttons-top\" class=\"huge-it-share-buttons nobackground\">\r\n\t\t\t<h3>Share This:<\/h3>\r\n\t\t\t<ul class=\"huge-it-share-buttons-list \">\r\n\t\t\t\t\t\t\t\t\t<li class=\"nobackground \" >\r\n\r\n\t\t\t\t\t\t\t\t\t\t\t\t<a id=\"backforunical862\" href=\"https:\/\/www.facebook.com\/sharer\/sharer.php?u=www.fabregat-perulles-sales.com\/actualidad\/wp-json\/wp\/v2\/posts\/862\"  onclick=\"javascript:void window.open('https:\/\/www.facebook.com\/sharer\/sharer.php?u=www.fabregat-perulles-sales.com\/actualidad\/wp-json\/wp\/v2\/posts\/862','1410949501326','width=700,height=500,toolbar=0,menubar=0,location=0,status=1,scrollbars=1,resizable=1,left=0,top=0');return false;\" style=\"background-position: -0px -120px \"><\/a>\r\n\t\t\t\t\t<\/li>\r\n\t\t\t\t\t\t\t\t\t\t<li class=\"nobackground \" >\r\n\r\n\t\t\t\t\t\t\t\t\t\t\t\t<a id=\"backforunical862\" href=\"https:\/\/twitter.com\/share?status=www.fabregat-perulles-sales.com\/actualidad\/wp-json\/wp\/v2\/posts\/862&text=Ley 8\/2014, de 22 de abril, sobre cobertura por cuenta del Estado de los riesgos de la internacionalizaci\u00f3n de la econom\u00eda espa\u00f1ola\"  onclick=\"javascript:void window.open('https:\/\/twitter.com\/share?status=www.fabregat-perulles-sales.com\/actualidad\/wp-json\/wp\/v2\/posts\/862&text=Ley 8\/2014, de 22 de abril, sobre cobertura por cuenta del Estado de los riesgos de la internacionalizaci\u00f3n de la econom\u00eda espa\u00f1ola','1410949501326','width=700,height=500,toolbar=0,menubar=0,location=0,status=1,scrollbars=1,resizable=1,left=0,top=0');return false;\" style=\"background-position: -30px -120px \"><\/a>\r\n\t\t\t\t\t<\/li>\r\n\t\t\t\t\t\t\t\t\t\t<li class=\"none nobackground \" >\r\n\r\n\t\t\t\t\t\t\t\t\t\t\t\t<a id=\"backforunical862\" href=\"http:\/\/www.pinterest.com\/pin\/create\/button\/?url=www.fabregat-perulles-sales.com\/actualidad\/wp-json\/wp\/v2\/posts\/862&media=https:\/\/www.fabregat-perulles-sales.com\/actualidad\/wp-content\/plugins\/wp-share-buttons\/Front_end\/..\/images\/noimage.png&description=Ley 8\/2014, de 22 de abril, sobre cobertura por cuenta del Estado de los riesgos de la internacionalizaci\u00f3n de la econom\u00eda espa\u00f1ola\"  onclick=\"javascript:void window.open('http:\/\/www.pinterest.com\/pin\/create\/button\/?url=www.fabregat-perulles-sales.com\/actualidad\/wp-json\/wp\/v2\/posts\/862&media=https:\/\/www.fabregat-perulles-sales.com\/actualidad\/wp-content\/plugins\/wp-share-buttons\/Front_end\/..\/images\/noimage.png&description=Ley 8\/2014, de 22 de abril, sobre cobertura por cuenta del Estado de los riesgos de la internacionalizaci\u00f3n de la econom\u00eda espa\u00f1ola','1410949501326','width=700,height=500,toolbar=0,menubar=0,location=0,status=1,scrollbars=1,resizable=1,left=0,top=0');return false;\" style=\"background-position: -60px -120px \"><\/a>\r\n\t\t\t\t\t<\/li>\r\n\t\t\t\t\t\t\t\t\t\t<li class=\"none nobackground \" >\r\n\r\n\t\t\t\t\t\t\t\t\t\t\t\t<a id=\"backforunical862\" href=\"https:\/\/plus.google.com\/share?url=www.fabregat-perulles-sales.com\/actualidad\/wp-json\/wp\/v2\/posts\/862\"  onclick=\"javascript:void window.open('https:\/\/plus.google.com\/share?url=www.fabregat-perulles-sales.com\/actualidad\/wp-json\/wp\/v2\/posts\/862','1410949501326','width=700,height=500,toolbar=0,menubar=0,location=0,status=1,scrollbars=1,resizable=1,left=0,top=0');return false;\" style=\"background-position: -90px -120px \"><\/a>\r\n\t\t\t\t\t<\/li>\r\n\t\t\t\t\t\t\t\t\t\t<li class=\"nobackground \" >\r\n\r\n\t\t\t\t\t\t\t\t\t\t\t\t<a id=\"backforunical862\" href=\"https:\/\/www.linkedin.com\/shareArticle?title=Ley 8\/2014, de 22 de abril, sobre cobertura por cuenta del Estado de los riesgos de la internacionalizaci\u00f3n de la econom\u00eda espa\u00f1ola&mini=true&url=https:\/\/www.fabregat-perulles-sales.com\/actualidad\/wp-json\/wp\/v2\/posts\/862\"  onclick=\"javascript:void window.open('https:\/\/www.linkedin.com\/shareArticle?title=Ley 8\/2014, de 22 de abril, sobre cobertura por cuenta del Estado de los riesgos de la internacionalizaci\u00f3n de la econom\u00eda espa\u00f1ola&mini=true&url=https:\/\/www.fabregat-perulles-sales.com\/actualidad\/wp-json\/wp\/v2\/posts\/862','1410949501326','width=700,height=500,toolbar=0,menubar=0,location=0,status=1,scrollbars=1,resizable=1,left=0,top=0');return false;\" style=\"background-position: -120px -120px \"><\/a>\r\n\t\t\t\t\t<\/li>\r\n\t\t\t\t\t\t\t\t\t\t<li class=\"none nobackground \" >\r\n\r\n\t\t\t\t\t\t\t\t\t\t\t\t<a id=\"backforunical862\" href=\"https:\/\/www.tumblr.com\/share\/link?url=www.fabregat-perulles-sales.com\/actualidad\/wp-json\/wp\/v2\/posts\/862&name=Ley 8\/2014, de 22 de abril, sobre cobertura por cuenta del Estado de los riesgos de la internacionalizaci\u00f3n de la econom\u00eda espa\u00f1ola\"  onclick=\"javascript:void window.open('https:\/\/www.tumblr.com\/share\/link?url=www.fabregat-perulles-sales.com\/actualidad\/wp-json\/wp\/v2\/posts\/862&name=Ley 8\/2014, de 22 de abril, sobre cobertura por cuenta del Estado de los riesgos de la internacionalizaci\u00f3n de la econom\u00eda espa\u00f1ola','1410949501326','width=700,height=500,toolbar=0,menubar=0,location=0,status=1,scrollbars=1,resizable=1,left=0,top=0');return false;\" style=\"background-position: -150px -120px \"><\/a>\r\n\t\t\t\t\t<\/li>\r\n\t\t\t\t\t\t\t\t\t\t<li class=\"none nobackground \" >\r\n\r\n\t\t\t\t\t\t\t\t\t\t\t\t<a id=\"backforunical862\" href=\"http:\/\/digg.com\/submit?phase=2&url=www.fabregat-perulles-sales.com\/actualidad\/wp-json\/wp\/v2\/posts\/862&title=Ley 8\/2014, de 22 de abril, sobre cobertura por cuenta del Estado de los riesgos de la internacionalizaci\u00f3n de la econom\u00eda espa\u00f1ola\"  onclick=\"javascript:void window.open('http:\/\/digg.com\/submit?phase=2&url=www.fabregat-perulles-sales.com\/actualidad\/wp-json\/wp\/v2\/posts\/862&title=Ley 8\/2014, de 22 de abril, sobre cobertura por cuenta del Estado de los riesgos de la internacionalizaci\u00f3n de la econom\u00eda espa\u00f1ola','1410949501326','width=700,height=500,toolbar=0,menubar=0,location=0,status=1,scrollbars=1,resizable=1,left=0,top=0');return false;\" style=\"background-position: -180px -120px \"><\/a>\r\n\t\t\t\t\t<\/li>\r\n\t\t\t\t\t\t\t\t\t\t<li class=\"none nobackground \" >\r\n\r\n\t\t\t\t\t\t\t\t\t\t\t\t<a id=\"backforunical862\" href=\"http:\/\/www.stumbleupon.com\/submit?url=www.fabregat-perulles-sales.com\/actualidad\/wp-json\/wp\/v2\/posts\/862&title=Ley 8\/2014, de 22 de abril, sobre cobertura por cuenta del Estado de los riesgos de la internacionalizaci\u00f3n de la econom\u00eda espa\u00f1ola\"  onclick=\"javascript:void window.open('http:\/\/www.stumbleupon.com\/submit?url=www.fabregat-perulles-sales.com\/actualidad\/wp-json\/wp\/v2\/posts\/862&title=Ley 8\/2014, de 22 de abril, sobre cobertura por cuenta del Estado de los riesgos de la internacionalizaci\u00f3n de la econom\u00eda espa\u00f1ola','1410949501326','width=700,height=500,toolbar=0,menubar=0,location=0,status=1,scrollbars=1,resizable=1,left=0,top=0');return false;\" style=\"background-position: -210px -120px \"><\/a>\r\n\t\t\t\t\t<\/li>\r\n\t\t\t\t\t\t\t\t\t\t<li class=\"none nobackground \" >\r\n\r\n\t\t\t\t\t\t\t\t\t\t\t\t<a id=\"backforunical862\" href=\"https:\/\/myspace.com\/post?l=3&u=www.fabregat-perulles-sales.com\/actualidad\/wp-json\/wp\/v2\/posts\/862\"  onclick=\"javascript:void window.open('https:\/\/myspace.com\/post?l=3&u=www.fabregat-perulles-sales.com\/actualidad\/wp-json\/wp\/v2\/posts\/862','1410949501326','width=700,height=500,toolbar=0,menubar=0,location=0,status=1,scrollbars=1,resizable=1,left=0,top=0');return false;\" style=\"background-position: -240px -120px \"><\/a>\r\n\t\t\t\t\t<\/li>\r\n\t\t\t\t\t\t\t\t\t\t<li class=\"nobackground \" >\r\n\r\n\t\t\t\t\t\t\t\t\t\t\t\t<a id=\"backforunical862\" href=\"http:\/\/vk.com\/share.php?url=www.fabregat-perulles-sales.com\/actualidad\/wp-json\/wp\/v2\/posts\/862&title=Ley 8\/2014, de 22 de abril, sobre cobertura por cuenta del Estado de los riesgos de la internacionalizaci\u00f3n de la econom\u00eda espa\u00f1ola\"  onclick=\"javascript:void window.open('http:\/\/vk.com\/share.php?url=www.fabregat-perulles-sales.com\/actualidad\/wp-json\/wp\/v2\/posts\/862&title=Ley 8\/2014, de 22 de abril, sobre cobertura por cuenta del Estado de los riesgos de la internacionalizaci\u00f3n de la econom\u00eda espa\u00f1ola','1410949501326','width=700,height=500,toolbar=0,menubar=0,location=0,status=1,scrollbars=1,resizable=1,left=0,top=0');return false;\" style=\"background-position: -270px -120px \"><\/a>\r\n\t\t\t\t\t<\/li>\r\n\t\t\t\t\t\t\t\t\t\t<li class=\"none nobackground \" >\r\n\r\n\t\t\t\t\t\t\t\t\t\t\t\t<a id=\"backforunical862\" href=\"http:\/\/www.reddit.com\/submit?url=www.fabregat-perulles-sales.com\/actualidad\/wp-json\/wp\/v2\/posts\/862&title=Ley 8\/2014, de 22 de abril, sobre cobertura por cuenta del Estado de los riesgos de la internacionalizaci\u00f3n de la econom\u00eda espa\u00f1ola\"  onclick=\"javascript:void window.open('http:\/\/www.reddit.com\/submit?url=www.fabregat-perulles-sales.com\/actualidad\/wp-json\/wp\/v2\/posts\/862&title=Ley 8\/2014, de 22 de abril, sobre cobertura por cuenta del Estado de los riesgos de la internacionalizaci\u00f3n de la econom\u00eda espa\u00f1ola','1410949501326','width=700,height=500,toolbar=0,menubar=0,location=0,status=1,scrollbars=1,resizable=1,left=0,top=0');return false;\" style=\"background-position: -300px -120px \"><\/a>\r\n\t\t\t\t\t<\/li>\r\n\t\t\t\t\t\t\t\t\t\t<li class=\"none nobackground \" >\r\n\r\n\t\t\t\t\t\t\t\t\t\t\t\t<a id=\"backforunical862\" href=\"http:\/\/www.bebo.com\/c\/share?Url=www.fabregat-perulles-sales.com\/actualidad\/wp-json\/wp\/v2\/posts\/862\"  onclick=\"javascript:void window.open('http:\/\/www.bebo.com\/c\/share?Url=www.fabregat-perulles-sales.com\/actualidad\/wp-json\/wp\/v2\/posts\/862','1410949501326','width=700,height=500,toolbar=0,menubar=0,location=0,status=1,scrollbars=1,resizable=1,left=0,top=0');return false;\" style=\"background-position: -330px -120px \"><\/a>\r\n\t\t\t\t\t<\/li>\r\n\t\t\t\t\t\t\t\t\t\t<li class=\"none nobackground \" >\r\n\r\n\t\t\t\t\t\t\t\t\t\t\t\t<a id=\"backforunical862\" href=\"https:\/\/delicious.com\/save?v=5&noui&jump=close&url=www.fabregat-perulles-sales.com\/actualidad\/wp-json\/wp\/v2\/posts\/862&title=Ley 8\/2014, de 22 de abril, sobre cobertura por cuenta del Estado de los riesgos de la internacionalizaci\u00f3n de la econom\u00eda espa\u00f1ola\"  onclick=\"javascript:void window.open('https:\/\/delicious.com\/save?v=5&noui&jump=close&url=www.fabregat-perulles-sales.com\/actualidad\/wp-json\/wp\/v2\/posts\/862&title=Ley 8\/2014, de 22 de abril, sobre cobertura por cuenta del Estado de los riesgos de la internacionalizaci\u00f3n de la econom\u00eda espa\u00f1ola','1410949501326','width=700,height=500,toolbar=0,menubar=0,location=0,status=1,scrollbars=1,resizable=1,left=0,top=0');return false;\" style=\"background-position: -360px -120px \"><\/a>\r\n\t\t\t\t\t<\/li>\r\n\t\t\t\t\t\t\t\t\t\t<li class=\"none nobackground \" >\r\n\r\n\t\t\t\t\t\t\t\t\t\t\t\t<a id=\"backforunical862\" href=\"http:\/\/www.odnoklassniki.ru\/dk?st.cmd=addShare&st.s=2&st.noresize=on&st._surl=www.fabregat-perulles-sales.com\/actualidad\/wp-json\/wp\/v2\/posts\/862\"  onclick=\"javascript:void window.open('http:\/\/www.odnoklassniki.ru\/dk?st.cmd=addShare&st.s=2&st.noresize=on&st._surl=www.fabregat-perulles-sales.com\/actualidad\/wp-json\/wp\/v2\/posts\/862','1410949501326','width=700,height=500,toolbar=0,menubar=0,location=0,status=1,scrollbars=1,resizable=1,left=0,top=0');return false;\" style=\"background-position: -390px -120px \"><\/a>\r\n\t\t\t\t\t<\/li>\r\n\t\t\t\t\t\t\t\t\t\t<li class=\"none nobackground \" >\r\n\r\n\t\t\t\t\t\t\t\t\t\t\t\t<a id=\"backforunical862\" href=\"http:\/\/sns.qzone.qq.com\/cgi-bin\/qzshare\/cgi_qzshare_onekey?url=www.fabregat-perulles-sales.com\/actualidad\/wp-json\/wp\/v2\/posts\/862&title=Ley 8\/2014, de 22 de abril, sobre cobertura por cuenta del Estado de los riesgos de la internacionalizaci\u00f3n de la econom\u00eda espa\u00f1ola\"  onclick=\"javascript:void window.open('http:\/\/sns.qzone.qq.com\/cgi-bin\/qzshare\/cgi_qzshare_onekey?url=www.fabregat-perulles-sales.com\/actualidad\/wp-json\/wp\/v2\/posts\/862&title=Ley 8\/2014, de 22 de abril, sobre cobertura por cuenta del Estado de los riesgos de la internacionalizaci\u00f3n de la econom\u00eda espa\u00f1ola','1410949501326','width=700,height=500,toolbar=0,menubar=0,location=0,status=1,scrollbars=1,resizable=1,left=0,top=0');return false;\" style=\"background-position: -420px -120px \"><\/a>\r\n\t\t\t\t\t<\/li>\r\n\t\t\t\t\t\t\t\t\t\t<li class=\"none nobackground \" >\r\n\r\n\t\t\t\t\t\t\t\t\t\t\t\t<a id=\"backforunical862\" href=\"http:\/\/service.weibo.com\/share\/share.php?url=www.fabregat-perulles-sales.com\/actualidad\/wp-json\/wp\/v2\/posts\/862&appkey=&title=Ley 8\/2014, de 22 de abril, sobre cobertura por cuenta del Estado de los riesgos de la internacionalizaci\u00f3n de la econom\u00eda espa\u00f1ola&pic=&ralateUid=&\"  onclick=\"javascript:void window.open('http:\/\/service.weibo.com\/share\/share.php?url=www.fabregat-perulles-sales.com\/actualidad\/wp-json\/wp\/v2\/posts\/862&appkey=&title=Ley 8\/2014, de 22 de abril, sobre cobertura por cuenta del Estado de los riesgos de la internacionalizaci\u00f3n de la econom\u00eda espa\u00f1ola&pic=&ralateUid=&','1410949501326','width=700,height=500,toolbar=0,menubar=0,location=0,status=1,scrollbars=1,resizable=1,left=0,top=0');return false;\" style=\"background-position: -450px -120px \"><\/a>\r\n\t\t\t\t\t<\/li>\r\n\t\t\t\t\t\t\t\t\t\t<li class=\"none nobackground \" >\r\n\r\n\t\t\t\t\t\t\t\t\t\t\t\t<a id=\"backforunical862\" href=\"http:\/\/widget.renren.com\/dialog\/share?resourceUrl=www.fabregat-perulles-sales.com\/actualidad\/wp-json\/wp\/v2\/posts\/862&srcUrl=www.fabregat-perulles-sales.com\/actualidad\/wp-json\/wp\/v2\/posts\/862&title=Ley 8\/2014, de 22 de abril, sobre cobertura por cuenta del Estado de los riesgos de la internacionalizaci\u00f3n de la econom\u00eda espa\u00f1ola\"  onclick=\"javascript:void window.open('http:\/\/widget.renren.com\/dialog\/share?resourceUrl=www.fabregat-perulles-sales.com\/actualidad\/wp-json\/wp\/v2\/posts\/862&srcUrl=www.fabregat-perulles-sales.com\/actualidad\/wp-json\/wp\/v2\/posts\/862&title=Ley 8\/2014, de 22 de abril, sobre cobertura por cuenta del Estado de los riesgos de la internacionalizaci\u00f3n de la econom\u00eda espa\u00f1ola','1410949501326','width=700,height=500,toolbar=0,menubar=0,location=0,status=1,scrollbars=1,resizable=1,left=0,top=0');return false;\" style=\"background-position: -480px -120px \"><\/a>\r\n\t\t\t\t\t<\/li>\r\n\t\t\t\t\t\t\t\t\t\t<li class=\"none nobackground \" >\r\n\r\n\t\t\t\t\t\t\t\t\t\t\t\t<a id=\"backforunical862\" href=\"http:\/\/n4g.com\/tips?url=www.fabregat-perulles-sales.com\/actualidad\/wp-json\/wp\/v2\/posts\/862&title=Ley 8\/2014, de 22 de abril, sobre cobertura por cuenta del Estado de los riesgos de la internacionalizaci\u00f3n de la econom\u00eda espa\u00f1ola\"  onclick=\"javascript:void window.open('http:\/\/n4g.com\/tips?url=www.fabregat-perulles-sales.com\/actualidad\/wp-json\/wp\/v2\/posts\/862&title=Ley 8\/2014, de 22 de abril, sobre cobertura por cuenta del Estado de los riesgos de la internacionalizaci\u00f3n de la econom\u00eda espa\u00f1ola','1410949501326','width=700,height=500,toolbar=0,menubar=0,location=0,status=1,scrollbars=1,resizable=1,left=0,top=0');return false;\" style=\"background-position: -510px -120px \"><\/a>\r\n\t\t\t\t\t<\/li>\r\n\t\t\t\t\t\t\t\t<\/ul>\r\n\t\t\t<div class=\"clear\"><\/div>\r\n\t\t<\/div>\r\n\t\t","protected":false},"excerpt":{"rendered":"<p>Objeto: Establecer el r\u00e9gimen jur\u00eddico de la cobertura por cuenta del Estado de los riesgos derivados de la internacionalizaci\u00f3n de la econom\u00eda espa\u00f1ola, desarroll\u00e1ndose en el marco de la pol\u00edtica comercial com\u00fan de la Uni\u00f3n Europea, en el marco de los convenios y acuerdos internacionales en los que Espa\u00f1a sea miembro. Riesgos de la internalizaci\u00f3n:\u2026 <span class=\"read-more\"><a href=\"https:\/\/www.fabregat-perulles-sales.com\/actualidad\/ley-82014-de-22-de-abril-sobre-cobertura-por-cuenta-del-estado-de-los-riesgos-de-la-internacionalizacion-de-la-economia-espanola\/\">Read More &raquo;<\/a><\/span><\/p>\n","protected":false},"author":3,"featured_media":0,"comment_status":"open","ping_status":"open","sticky":false,"template":"","format":"standard","meta":[],"categories":[466,3],"tags":[365,364,363],"yoast_head":"<!-- This site is optimized with the Yoast SEO plugin v20.2.1 - https:\/\/yoast.com\/wordpress\/plugins\/seo\/ -->\n<title>Ley 8\/2014, de 22 de abril, sobre cobertura por cuenta del Estado de los riesgos de la internacionalizaci\u00f3n de la econom\u00eda espa\u00f1ola | International Lawyers<\/title>\n<meta name=\"description\" content=\"Objeto: Establecer el r\u00e9gimen jur\u00eddico de la cobertura por cuenta del Estado de los riesgos derivados de la internacionalizaci\u00f3n de la econom\u00eda espa\u00f1ola,\" \/>\n<meta name=\"robots\" content=\"index, follow, max-snippet:-1, max-image-preview:large, max-video-preview:-1\" \/>\n<link rel=\"canonical\" href=\"https:\/\/www.fabregat-perulles-sales.com\/actualidad\/ley-82014-de-22-de-abril-sobre-cobertura-por-cuenta-del-estado-de-los-riesgos-de-la-internacionalizacion-de-la-economia-espanola\/\" \/>\n<meta property=\"og:locale\" content=\"en_US\" \/>\n<meta property=\"og:type\" content=\"article\" \/>\n<meta property=\"og:title\" content=\"Ley 8\/2014, de 22 de abril, sobre cobertura por cuenta del Estado de los riesgos de la internacionalizaci\u00f3n de la econom\u00eda espa\u00f1ola | International Lawyers\" \/>\n<meta property=\"og:description\" content=\"Objeto: Establecer el r\u00e9gimen jur\u00eddico de la cobertura por cuenta del Estado de los riesgos derivados de la internacionalizaci\u00f3n de la econom\u00eda espa\u00f1ola,\" \/>\n<meta property=\"og:url\" content=\"https:\/\/www.fabregat-perulles-sales.com\/actualidad\/ley-82014-de-22-de-abril-sobre-cobertura-por-cuenta-del-estado-de-los-riesgos-de-la-internacionalizacion-de-la-economia-espanola\/\" \/>\n<meta property=\"og:site_name\" content=\"International Lawyers\" \/>\n<meta property=\"article:published_time\" content=\"2014-05-29T07:50:21+00:00\" \/>\n<meta property=\"article:modified_time\" content=\"2014-11-26T12:32:07+00:00\" \/>\n<meta name=\"author\" content=\"Victor\" \/>\n<meta name=\"twitter:card\" content=\"summary_large_image\" \/>\n<meta name=\"twitter:label1\" content=\"Written by\" \/>\n\t<meta name=\"twitter:data1\" content=\"Victor\" \/>\n\t<meta name=\"twitter:label2\" content=\"Est. reading time\" \/>\n\t<meta name=\"twitter:data2\" content=\"5 minutes\" \/>\n<script type=\"application\/ld+json\" class=\"yoast-schema-graph\">{\"@context\":\"https:\/\/schema.org\",\"@graph\":[{\"@type\":\"WebPage\",\"@id\":\"https:\/\/www.fabregat-perulles-sales.com\/actualidad\/ley-82014-de-22-de-abril-sobre-cobertura-por-cuenta-del-estado-de-los-riesgos-de-la-internacionalizacion-de-la-economia-espanola\/\",\"url\":\"https:\/\/www.fabregat-perulles-sales.com\/actualidad\/ley-82014-de-22-de-abril-sobre-cobertura-por-cuenta-del-estado-de-los-riesgos-de-la-internacionalizacion-de-la-economia-espanola\/\",\"name\":\"Ley 8\/2014, de 22 de abril, sobre cobertura por cuenta del Estado de los riesgos de la internacionalizaci\u00f3n de la econom\u00eda espa\u00f1ola | International Lawyers\",\"isPartOf\":{\"@id\":\"https:\/\/www.fabregat-perulles-sales.com\/actualidad\/#website\"},\"datePublished\":\"2014-05-29T07:50:21+00:00\",\"dateModified\":\"2014-11-26T12:32:07+00:00\",\"author\":{\"@id\":\"https:\/\/www.fabregat-perulles-sales.com\/actualidad\/#\/schema\/person\/cabc1d68c7778f01d5e069c2d98442e3\"},\"description\":\"Objeto: Establecer el r\u00e9gimen jur\u00eddico de la cobertura por cuenta del Estado de los riesgos derivados de la internacionalizaci\u00f3n de la econom\u00eda espa\u00f1ola,\",\"breadcrumb\":{\"@id\":\"https:\/\/www.fabregat-perulles-sales.com\/actualidad\/ley-82014-de-22-de-abril-sobre-cobertura-por-cuenta-del-estado-de-los-riesgos-de-la-internacionalizacion-de-la-economia-espanola\/#breadcrumb\"},\"inLanguage\":\"en-US\",\"potentialAction\":[{\"@type\":\"ReadAction\",\"target\":[\"https:\/\/www.fabregat-perulles-sales.com\/actualidad\/ley-82014-de-22-de-abril-sobre-cobertura-por-cuenta-del-estado-de-los-riesgos-de-la-internacionalizacion-de-la-economia-espanola\/\"]}]},{\"@type\":\"BreadcrumbList\",\"@id\":\"https:\/\/www.fabregat-perulles-sales.com\/actualidad\/ley-82014-de-22-de-abril-sobre-cobertura-por-cuenta-del-estado-de-los-riesgos-de-la-internacionalizacion-de-la-economia-espanola\/#breadcrumb\",\"itemListElement\":[{\"@type\":\"ListItem\",\"position\":1,\"name\":\"Home\",\"item\":\"https:\/\/www.fabregat-perulles-sales.com\/actualidad\/\"},{\"@type\":\"ListItem\",\"position\":2,\"name\":\"Ley 8\/2014, de 22 de abril, sobre cobertura por cuenta del Estado de los riesgos de la internacionalizaci\u00f3n de la econom\u00eda espa\u00f1ola\"}]},{\"@type\":\"WebSite\",\"@id\":\"https:\/\/www.fabregat-perulles-sales.com\/actualidad\/#website\",\"url\":\"https:\/\/www.fabregat-perulles-sales.com\/actualidad\/\",\"name\":\"www.fabregat-perulles-sales.com\",\"description\":\"Fabregat Perulles Sales Abogados is a law firm of reference international market in the Spanish-German, Spanish-French, and Spanish-Italian. Is one of the first firms in Barcelona offering a Russian Desk.\",\"potentialAction\":[{\"@type\":\"SearchAction\",\"target\":{\"@type\":\"EntryPoint\",\"urlTemplate\":\"https:\/\/www.fabregat-perulles-sales.com\/actualidad\/?s={search_term_string}\"},\"query-input\":\"required name=search_term_string\"}],\"inLanguage\":\"en-US\"},{\"@type\":\"Person\",\"@id\":\"https:\/\/www.fabregat-perulles-sales.com\/actualidad\/#\/schema\/person\/cabc1d68c7778f01d5e069c2d98442e3\",\"name\":\"Victor\",\"image\":{\"@type\":\"ImageObject\",\"inLanguage\":\"en-US\",\"@id\":\"https:\/\/www.fabregat-perulles-sales.com\/actualidad\/#\/schema\/person\/image\/\",\"url\":\"https:\/\/secure.gravatar.com\/avatar\/756cb666a964d2960ffe307b8a53b271?s=96&d=mm&r=g\",\"contentUrl\":\"https:\/\/secure.gravatar.com\/avatar\/756cb666a964d2960ffe307b8a53b271?s=96&d=mm&r=g\",\"caption\":\"Victor\"},\"sameAs\":[\"http:\/\/www.fabregat-perulles-sales.com\"],\"url\":\"https:\/\/www.fabregat-perulles-sales.com\/actualidad\/author\/victor\/\"}]}<\/script>\n<!-- \/ Yoast SEO plugin. -->","yoast_head_json":{"title":"Ley 8\/2014, de 22 de abril, sobre cobertura por cuenta del Estado de los riesgos de la internacionalizaci\u00f3n de la econom\u00eda espa\u00f1ola | International Lawyers","description":"Objeto: Establecer el r\u00e9gimen jur\u00eddico de la cobertura por cuenta del Estado de los riesgos derivados de la internacionalizaci\u00f3n de la econom\u00eda espa\u00f1ola,","robots":{"index":"index","follow":"follow","max-snippet":"max-snippet:-1","max-image-preview":"max-image-preview:large","max-video-preview":"max-video-preview:-1"},"canonical":"https:\/\/www.fabregat-perulles-sales.com\/actualidad\/ley-82014-de-22-de-abril-sobre-cobertura-por-cuenta-del-estado-de-los-riesgos-de-la-internacionalizacion-de-la-economia-espanola\/","og_locale":"en_US","og_type":"article","og_title":"Ley 8\/2014, de 22 de abril, sobre cobertura por cuenta del Estado de los riesgos de la internacionalizaci\u00f3n de la econom\u00eda espa\u00f1ola | International Lawyers","og_description":"Objeto: Establecer el r\u00e9gimen jur\u00eddico de la cobertura por cuenta del Estado de los riesgos derivados de la internacionalizaci\u00f3n de la econom\u00eda espa\u00f1ola,","og_url":"https:\/\/www.fabregat-perulles-sales.com\/actualidad\/ley-82014-de-22-de-abril-sobre-cobertura-por-cuenta-del-estado-de-los-riesgos-de-la-internacionalizacion-de-la-economia-espanola\/","og_site_name":"International Lawyers","article_published_time":"2014-05-29T07:50:21+00:00","article_modified_time":"2014-11-26T12:32:07+00:00","author":"Victor","twitter_card":"summary_large_image","twitter_misc":{"Written by":"Victor","Est. reading time":"5 minutes"},"schema":{"@context":"https:\/\/schema.org","@graph":[{"@type":"WebPage","@id":"https:\/\/www.fabregat-perulles-sales.com\/actualidad\/ley-82014-de-22-de-abril-sobre-cobertura-por-cuenta-del-estado-de-los-riesgos-de-la-internacionalizacion-de-la-economia-espanola\/","url":"https:\/\/www.fabregat-perulles-sales.com\/actualidad\/ley-82014-de-22-de-abril-sobre-cobertura-por-cuenta-del-estado-de-los-riesgos-de-la-internacionalizacion-de-la-economia-espanola\/","name":"Ley 8\/2014, de 22 de abril, sobre cobertura por cuenta del Estado de los riesgos de la internacionalizaci\u00f3n de la econom\u00eda espa\u00f1ola | International Lawyers","isPartOf":{"@id":"https:\/\/www.fabregat-perulles-sales.com\/actualidad\/#website"},"datePublished":"2014-05-29T07:50:21+00:00","dateModified":"2014-11-26T12:32:07+00:00","author":{"@id":"https:\/\/www.fabregat-perulles-sales.com\/actualidad\/#\/schema\/person\/cabc1d68c7778f01d5e069c2d98442e3"},"description":"Objeto: Establecer el r\u00e9gimen jur\u00eddico de la cobertura por cuenta del Estado de los riesgos derivados de la internacionalizaci\u00f3n de la econom\u00eda espa\u00f1ola,","breadcrumb":{"@id":"https:\/\/www.fabregat-perulles-sales.com\/actualidad\/ley-82014-de-22-de-abril-sobre-cobertura-por-cuenta-del-estado-de-los-riesgos-de-la-internacionalizacion-de-la-economia-espanola\/#breadcrumb"},"inLanguage":"en-US","potentialAction":[{"@type":"ReadAction","target":["https:\/\/www.fabregat-perulles-sales.com\/actualidad\/ley-82014-de-22-de-abril-sobre-cobertura-por-cuenta-del-estado-de-los-riesgos-de-la-internacionalizacion-de-la-economia-espanola\/"]}]},{"@type":"BreadcrumbList","@id":"https:\/\/www.fabregat-perulles-sales.com\/actualidad\/ley-82014-de-22-de-abril-sobre-cobertura-por-cuenta-del-estado-de-los-riesgos-de-la-internacionalizacion-de-la-economia-espanola\/#breadcrumb","itemListElement":[{"@type":"ListItem","position":1,"name":"Home","item":"https:\/\/www.fabregat-perulles-sales.com\/actualidad\/"},{"@type":"ListItem","position":2,"name":"Ley 8\/2014, de 22 de abril, sobre cobertura por cuenta del Estado de los riesgos de la internacionalizaci\u00f3n de la econom\u00eda espa\u00f1ola"}]},{"@type":"WebSite","@id":"https:\/\/www.fabregat-perulles-sales.com\/actualidad\/#website","url":"https:\/\/www.fabregat-perulles-sales.com\/actualidad\/","name":"www.fabregat-perulles-sales.com","description":"Fabregat Perulles Sales Abogados is a law firm of reference international market in the Spanish-German, Spanish-French, and Spanish-Italian. Is one of the first firms in Barcelona offering a Russian Desk.","potentialAction":[{"@type":"SearchAction","target":{"@type":"EntryPoint","urlTemplate":"https:\/\/www.fabregat-perulles-sales.com\/actualidad\/?s={search_term_string}"},"query-input":"required name=search_term_string"}],"inLanguage":"en-US"},{"@type":"Person","@id":"https:\/\/www.fabregat-perulles-sales.com\/actualidad\/#\/schema\/person\/cabc1d68c7778f01d5e069c2d98442e3","name":"Victor","image":{"@type":"ImageObject","inLanguage":"en-US","@id":"https:\/\/www.fabregat-perulles-sales.com\/actualidad\/#\/schema\/person\/image\/","url":"https:\/\/secure.gravatar.com\/avatar\/756cb666a964d2960ffe307b8a53b271?s=96&d=mm&r=g","contentUrl":"https:\/\/secure.gravatar.com\/avatar\/756cb666a964d2960ffe307b8a53b271?s=96&d=mm&r=g","caption":"Victor"},"sameAs":["http:\/\/www.fabregat-perulles-sales.com"],"url":"https:\/\/www.fabregat-perulles-sales.com\/actualidad\/author\/victor\/"}]}},"amp_enabled":true,"_links":{"self":[{"href":"https:\/\/www.fabregat-perulles-sales.com\/actualidad\/wp-json\/wp\/v2\/posts\/862"}],"collection":[{"href":"https:\/\/www.fabregat-perulles-sales.com\/actualidad\/wp-json\/wp\/v2\/posts"}],"about":[{"href":"https:\/\/www.fabregat-perulles-sales.com\/actualidad\/wp-json\/wp\/v2\/types\/post"}],"author":[{"embeddable":true,"href":"https:\/\/www.fabregat-perulles-sales.com\/actualidad\/wp-json\/wp\/v2\/users\/3"}],"replies":[{"embeddable":true,"href":"https:\/\/www.fabregat-perulles-sales.com\/actualidad\/wp-json\/wp\/v2\/comments?post=862"}],"version-history":[{"count":7,"href":"https:\/\/www.fabregat-perulles-sales.com\/actualidad\/wp-json\/wp\/v2\/posts\/862\/revisions"}],"predecessor-version":[{"id":1506,"href":"https:\/\/www.fabregat-perulles-sales.com\/actualidad\/wp-json\/wp\/v2\/posts\/862\/revisions\/1506"}],"wp:attachment":[{"href":"https:\/\/www.fabregat-perulles-sales.com\/actualidad\/wp-json\/wp\/v2\/media?parent=862"}],"wp:term":[{"taxonomy":"category","embeddable":true,"href":"https:\/\/www.fabregat-perulles-sales.com\/actualidad\/wp-json\/wp\/v2\/categories?post=862"},{"taxonomy":"post_tag","embeddable":true,"href":"https:\/\/www.fabregat-perulles-sales.com\/actualidad\/wp-json\/wp\/v2\/tags?post=862"}],"curies":[{"name":"wp","href":"https:\/\/api.w.org\/{rel}","templated":true}]}}