{"id":607,"date":"2014-01-14T18:21:33","date_gmt":"2014-01-14T16:21:33","guid":{"rendered":"http:\/\/www.fabregat-perulles-sales.com\/actualidad\/?p=607"},"modified":"2014-11-26T14:29:09","modified_gmt":"2014-11-26T12:29:09","slug":"comentario-de-la-sentencia-del-tribunal-de-la-union-europea-de-5-de-diciembre-de-2013","status":"publish","type":"post","link":"https:\/\/www.fabregat-perulles-sales.com\/actualidad\/comentario-de-la-sentencia-del-tribunal-de-la-union-europea-de-5-de-diciembre-de-2013\/","title":{"rendered":"Comentario de la Sentencia del Tribunal de la Uni\u00f3n Europea, de 5 de diciembre de 2013"},"content":{"rendered":"<p>Mediante <a href=\"http:\/\/eur-lex.europa.eu\/LexUriServ\/LexUriServ.do?uri=CELEX:62012CJ0508:ES:HTML\">Sentencia de fecha 5 de diciembre de 2013 la Sala del Tribunal de Justicia de la Uni\u00f3n Europea<\/a>\u00a0(en adelante, \u201c<b>TJUE<\/b>\u201d) ha definido, en parte, el \u00e1mbito subjetivo de aplicaci\u00f3n del <a href=\"http:\/\/eur-lex.europa.eu\/LexUriServ\/LexUriServ.do?uri=OJ:L:2004:143:0015:0039:ES:PDF\">Reglamento (CE) No\u00a0805\/2004 del Parlamento Europeo y del Consejo, de 21 de abril de 2004<\/a>,\u00a0por el que se establece un t\u00edtulo ejecutivo europeo para cr\u00e9ditos no impugnados (en adelante, el \u201c<b>Reglamento 805\/2004<\/b>\u201d o el \u201c<b>Reglamento<\/b>\u201d).<\/p>\n<p>&nbsp;<\/p>\n<div>Dicha sentencia resuelve una cuesti\u00f3n prejudicial planteada por un \u00f3rgano jurisdiccional nacional por la que, en s\u00edntesis, se interesaba un pronunciamiento relativo a la eventual aplicabilidad del Reglamento en supuestos en los que las dos partes contratantes fueren consumidores, en el sentido del el <b>art\u00edculo 6, apartado 1, letra\u00a0d) del Reglamento<\/b> anteriormente referido <a title=\"\" href=\"file:\/\/\/C:\/Documents%20and%20Settings\/sergio.meseguer\/Configuraci%C3%B3n%20local\/Archivos%20temporales%20de%20Internet\/OLK20A\/blog%20-%20sentencia%20Regl%20%20805-2004.doc#_ftnref3\">[1]<\/a>.<!--more--><\/div>\n<p>Entre otros aspectos, destacamos \u00a0los siguientes:<\/p>\n<p>a) Dado que el precepto en cuesti\u00f3n no remite a las leyes nacionales, el TJUE se ha posicionado a favor de una <b>interpretaci\u00f3n aut\u00f3noma y uniforme<\/b> a nivel europeo del concepto de \u201cconsumidor\u201d.<\/p>\n<p>b) El art\u00edculo 6 apartado 1, letra\u00a0d) por si mismo no aclara quien es consumidor ni si se aplica a situaciones con dos consumidores firmantes de un contrato.<\/p>\n<p>c) Seg\u00fan la tradici\u00f3n e interpretaci\u00f3n de la legislaci\u00f3n europea, la <b>necesidad de proteger al consumidor<\/b> siempre se manifiesta cuando la persona f\u00edsica que contrata se encuentra en una <b>situaci\u00f3n de inferioridad<\/b>, en lo referido tanto a capacidad de negociaci\u00f3n como a nivel de acceso a la informaci\u00f3n, en relaci\u00f3n con su cocontratante, esto es, el \u201cprofesional\u201d, quien a su vez cuenta con m\u00e1s experiencia y conocimientos en lo que se refiere al objeto del contrato y su negociaci\u00f3n en general.<\/p>\n<p>d) Hay que <b>diferenciar<\/b> entre el <b>Reglamento 805\/2004<\/b> y el <a href=\"http:\/\/eur-lex.europa.eu\/LexUriServ\/LexUriServ.do?uri=OJ:L:2001:012:0001:0023:es:PDF\">Reglamento (CE) No 44\/2001 del Consejo, de 22 de diciembre de 2000<\/a>, relativo a la competencia judicial, el reconocimiento y la ejecuci\u00f3n de resoluciones judiciales en materia civil y mercantil (en adelante, el \u201c<b>Reglamento 44\/2001<\/b>\u201d), en el sentido de que el primero establece un conjunto de normas de car\u00e1cter complementario en un \u00e1mbito concreto respecto de las disposiciones contenidas en el segundo.<\/p>\n<p>Ahondando en la distinci\u00f3n aludida en el p\u00e1rrafo anterior, debe tenerse en cuenta tambi\u00e9n que el r\u00e9gimen particular que configura el Reglamento 44\/2001 persigue otorgar una protecci\u00f3n adecuada del consumidor, puesto que \u00e9ste se encuentra, como ya hemos indicado, en una posici\u00f3n de inferioridad con respecto a su contraparte. Nos encontrar\u00edamos aqu\u00ed, por lo tanto, con una parte contratante m\u00e1s d\u00e9bil y con menor experiencia en el \u00e1mbito jur\u00eddico, razones que motivar\u00edan su protecci\u00f3n. Ello puede desprenderse f\u00e1cilmente, por ejemplo, del contenido del considerando 13 de Reglamento 44\/2001.<\/p>\n<div>\n<p>Partiendo de las anteriores consideraciones, el <b>TJUE<\/b> determina que la ampliaci\u00f3n del concepto de \u201cconsumidor\u201d podr\u00eda provocar que se produjeran incoherencias entre las disposiciones contenidas en el Reglamento 805\/2004 y el Reglamento 44\/2001. Dicho supuesto podr\u00eda darse cuando <b>una sentencia no se certificara como t\u00edtulo ejecutivo, <\/b>seg\u00fan el r\u00e9gimen excepcional establecido en el <b>Reglamento 805\/2004, <\/b>siendo sin embargo posible su ejecuci\u00f3n de conformidad con lo previsto en el <b>Reglamento 44\/2001<\/b>. En este supuesto no se estar\u00edan cumpliendo los requisitos que exigir\u00eda el r\u00e9gimen del Reglamento 805\/2004 para permitir al demandado impugnar la expedici\u00f3n de un t\u00edtulo ejecutivo, cuyo fundamento deber\u00eda ser una infracci\u00f3n de la competencia de los \u00f3rganos jurisdiccionales del Estado del domicilio del consumidor.<\/p>\n<p>La decisi\u00f3n que finalmente adopta el TSUE es que \u00a0<b>el concepto de \u201cconsumidor\u201d<\/b> contenido en el art\u00edculo 6, apartado 1, letra d) del Reglamento 805\/2004, debe <b>interpretarse <\/b>en el sentido de que el mismo alude \u00fanicamente a una persona que act\u00faa, es decir, que <b>celebra un contrato<\/b>, fuera de cualquier actividad comercial y profesional, <b>con otra persona<\/b> que s\u00ed actuar\u00eda dentro del referido marco, esto es, con un <b>\u201cprofesional\u201d<\/b>.<\/p>\n<p>Por consiguiente, el Reglamento no resulta de aplicaci\u00f3n a relaciones contractual celebradas entre dos consumidores.<\/p>\n<div>\n<p><a title=\"\" href=\"file:\/\/\/C:\/Documents%20and%20Settings\/sergio.meseguer\/Configuraci%C3%B3n%20local\/Archivos%20temporales%20de%20Internet\/OLK20A\/blog%20-%20sentencia%20Regl%20%20805-2004.doc#_ftnref3\">[1]<\/a> Para contratos entre <i>dos profesionales<\/i>, v\u00e9ase sentencia del <a href=\"http:\/\/eur-lex.europa.eu\/LexUriServ\/LexUriServ.do?uri=CELEX:61991CJ0089:ES:PDF\">Tribunal de Justicia, de 19 de enero de 1993, C\u201189\/91<\/a>.<\/p>\n<\/div>\n<\/div>\n\r\n\t\t<style>\r\n\t\t\t.huge-it-share-buttons {\r\n\t\t\t\tborder:0px solid #0FB5D6;\r\n\t\t\t\tborder-radius:5px;\r\n\t\t\t\tbackground:#3BD8FF;\r\n\t\t\t text-align:left; \t\t\t\t\t\t\t\t\t}\r\n\r\n\t\t\t#huge-it-share-buttons-top {margin-bottom:0px;}\r\n\t\t\t#huge-it-share-buttons-bottom {margin-top:0px;}\r\n\r\n\t\t\t.huge-it-share-buttons h3 {\r\n\t\t\t\tfont-size:25px ;\r\n\t\t\t\tfont-family:Arial,Helvetica Neue,Helvetica,sans-serif;\r\n\t\t\t\tcolor:#666666;\r\n\r\n\t\t\tdisplay:block;\t\t\t\tline-height:25px ;\r\n\r\n\t\t\t text-align:left; \t\t\t\t\t\t\t\t\t}\r\n\r\n\t\t\t.huge-it-share-buttons ul {\r\n\t\t\t float:left; \t\t\t\t\t\t\t\t\t}\r\n\r\n\t\t\t.huge-it-share-buttons ul li {\r\n\t\t\t\tmargin-left:3px;\r\n\t\t\t\tmargin-right:3px;\r\n\t\t\t\tpadding:0px;\r\n\t\t\t\tborder:0px ridge #E6354C;\r\n\t\t\t\tborder-radius:11px;\r\n\t\t\t\tbackground-color:#14CC9B;\r\n\t\t\t}\r\n\r\n\t\t\t.huge-it-share-buttons ul li #backforunical607 {\r\n\t\t\t\tborder-bottom: 0;\r\n\t\t\t\tbackground-image:url('https:\/\/www.fabregat-perulles-sales.com\/actualidad\/wp-content\/plugins\/wp-share-buttons\/Front_end\/..\/images\/buttons.30.png');\r\n\t\t\t\twidth:30px;\r\n\t\t\t\theight:30px;\r\n\t\t\t}\r\n\r\n\t\t\t.front-shares-count {\r\n\t\t\t\tposition: absolute;\r\n\t\t\t\ttext-align: center;\r\n\t\t\t\tdisplay: block;\r\n\t\t\t}\r\n\r\n\t\t\t.shares_size20 .front-shares-count {\r\n\t\t\t\tfont-size: 10px;\r\n\t\t\t\ttop: 10px;\r\n\t\t\t\twidth: 20px;\r\n\t\t\t}\r\n\r\n\t\t\t.shares_size30 .front-shares-count {\r\n\t\t\t\tfont-size: 11px;\r\n\t\t\t\ttop: 15px;\r\n\t\t\t\twidth: 30px;\r\n\t\t\t}\r\n\r\n\t\t\t.shares_size40 .front-shares-count {\r\n\t\t\t\tfont-size: 12px;\r\n\t\t\t\ttop: 21px;\r\n\t\t\t\twidth: 40px;\r\n\t\t\t}\r\n\t\t<\/style>\r\n\t\t\r\n\t\t<div id=\"huge-it-share-buttons-top\" class=\"huge-it-share-buttons nobackground\">\r\n\t\t\t<h3>Share This:<\/h3>\r\n\t\t\t<ul class=\"huge-it-share-buttons-list \">\r\n\t\t\t\t\t\t\t\t\t<li class=\"nobackground \" >\r\n\r\n\t\t\t\t\t\t\t\t\t\t\t\t<a id=\"backforunical607\" href=\"https:\/\/www.facebook.com\/sharer\/sharer.php?u=www.fabregat-perulles-sales.com\/actualidad\/wp-json\/wp\/v2\/posts\/607\"  onclick=\"javascript:void window.open('https:\/\/www.facebook.com\/sharer\/sharer.php?u=www.fabregat-perulles-sales.com\/actualidad\/wp-json\/wp\/v2\/posts\/607','1410949501326','width=700,height=500,toolbar=0,menubar=0,location=0,status=1,scrollbars=1,resizable=1,left=0,top=0');return false;\" style=\"background-position: -0px -120px \"><\/a>\r\n\t\t\t\t\t<\/li>\r\n\t\t\t\t\t\t\t\t\t\t<li class=\"nobackground \" >\r\n\r\n\t\t\t\t\t\t\t\t\t\t\t\t<a id=\"backforunical607\" href=\"https:\/\/twitter.com\/share?status=www.fabregat-perulles-sales.com\/actualidad\/wp-json\/wp\/v2\/posts\/607&text=Comentario de la Sentencia del Tribunal de la Uni\u00f3n Europea, de 5 de diciembre de 2013\"  onclick=\"javascript:void window.open('https:\/\/twitter.com\/share?status=www.fabregat-perulles-sales.com\/actualidad\/wp-json\/wp\/v2\/posts\/607&text=Comentario de la Sentencia del Tribunal de la Uni\u00f3n Europea, de 5 de diciembre de 2013','1410949501326','width=700,height=500,toolbar=0,menubar=0,location=0,status=1,scrollbars=1,resizable=1,left=0,top=0');return false;\" style=\"background-position: -30px -120px \"><\/a>\r\n\t\t\t\t\t<\/li>\r\n\t\t\t\t\t\t\t\t\t\t<li class=\"none nobackground \" >\r\n\r\n\t\t\t\t\t\t\t\t\t\t\t\t<a id=\"backforunical607\" href=\"http:\/\/www.pinterest.com\/pin\/create\/button\/?url=www.fabregat-perulles-sales.com\/actualidad\/wp-json\/wp\/v2\/posts\/607&media=https:\/\/www.fabregat-perulles-sales.com\/actualidad\/wp-content\/plugins\/wp-share-buttons\/Front_end\/..\/images\/noimage.png&description=Comentario de la Sentencia del Tribunal de la Uni\u00f3n Europea, de 5 de diciembre de 2013\"  onclick=\"javascript:void window.open('http:\/\/www.pinterest.com\/pin\/create\/button\/?url=www.fabregat-perulles-sales.com\/actualidad\/wp-json\/wp\/v2\/posts\/607&media=https:\/\/www.fabregat-perulles-sales.com\/actualidad\/wp-content\/plugins\/wp-share-buttons\/Front_end\/..\/images\/noimage.png&description=Comentario de la Sentencia del Tribunal de la Uni\u00f3n Europea, de 5 de diciembre de 2013','1410949501326','width=700,height=500,toolbar=0,menubar=0,location=0,status=1,scrollbars=1,resizable=1,left=0,top=0');return false;\" style=\"background-position: -60px -120px \"><\/a>\r\n\t\t\t\t\t<\/li>\r\n\t\t\t\t\t\t\t\t\t\t<li class=\"none nobackground \" >\r\n\r\n\t\t\t\t\t\t\t\t\t\t\t\t<a id=\"backforunical607\" href=\"https:\/\/plus.google.com\/share?url=www.fabregat-perulles-sales.com\/actualidad\/wp-json\/wp\/v2\/posts\/607\"  onclick=\"javascript:void window.open('https:\/\/plus.google.com\/share?url=www.fabregat-perulles-sales.com\/actualidad\/wp-json\/wp\/v2\/posts\/607','1410949501326','width=700,height=500,toolbar=0,menubar=0,location=0,status=1,scrollbars=1,resizable=1,left=0,top=0');return false;\" style=\"background-position: -90px -120px \"><\/a>\r\n\t\t\t\t\t<\/li>\r\n\t\t\t\t\t\t\t\t\t\t<li class=\"nobackground \" >\r\n\r\n\t\t\t\t\t\t\t\t\t\t\t\t<a id=\"backforunical607\" href=\"https:\/\/www.linkedin.com\/shareArticle?title=Comentario de la Sentencia del Tribunal de la Uni\u00f3n Europea, de 5 de diciembre de 2013&mini=true&url=https:\/\/www.fabregat-perulles-sales.com\/actualidad\/wp-json\/wp\/v2\/posts\/607\"  onclick=\"javascript:void window.open('https:\/\/www.linkedin.com\/shareArticle?title=Comentario de la Sentencia del Tribunal de la Uni\u00f3n Europea, de 5 de diciembre de 2013&mini=true&url=https:\/\/www.fabregat-perulles-sales.com\/actualidad\/wp-json\/wp\/v2\/posts\/607','1410949501326','width=700,height=500,toolbar=0,menubar=0,location=0,status=1,scrollbars=1,resizable=1,left=0,top=0');return false;\" style=\"background-position: -120px -120px \"><\/a>\r\n\t\t\t\t\t<\/li>\r\n\t\t\t\t\t\t\t\t\t\t<li class=\"none nobackground \" >\r\n\r\n\t\t\t\t\t\t\t\t\t\t\t\t<a id=\"backforunical607\" href=\"https:\/\/www.tumblr.com\/share\/link?url=www.fabregat-perulles-sales.com\/actualidad\/wp-json\/wp\/v2\/posts\/607&name=Comentario de la Sentencia del Tribunal de la Uni\u00f3n Europea, de 5 de diciembre de 2013\"  onclick=\"javascript:void window.open('https:\/\/www.tumblr.com\/share\/link?url=www.fabregat-perulles-sales.com\/actualidad\/wp-json\/wp\/v2\/posts\/607&name=Comentario de la Sentencia del Tribunal de la Uni\u00f3n Europea, de 5 de diciembre de 2013','1410949501326','width=700,height=500,toolbar=0,menubar=0,location=0,status=1,scrollbars=1,resizable=1,left=0,top=0');return false;\" style=\"background-position: -150px -120px \"><\/a>\r\n\t\t\t\t\t<\/li>\r\n\t\t\t\t\t\t\t\t\t\t<li class=\"none nobackground \" >\r\n\r\n\t\t\t\t\t\t\t\t\t\t\t\t<a id=\"backforunical607\" href=\"http:\/\/digg.com\/submit?phase=2&url=www.fabregat-perulles-sales.com\/actualidad\/wp-json\/wp\/v2\/posts\/607&title=Comentario de la Sentencia del Tribunal de la Uni\u00f3n Europea, de 5 de diciembre de 2013\"  onclick=\"javascript:void window.open('http:\/\/digg.com\/submit?phase=2&url=www.fabregat-perulles-sales.com\/actualidad\/wp-json\/wp\/v2\/posts\/607&title=Comentario de la Sentencia del Tribunal de la Uni\u00f3n Europea, de 5 de diciembre de 2013','1410949501326','width=700,height=500,toolbar=0,menubar=0,location=0,status=1,scrollbars=1,resizable=1,left=0,top=0');return false;\" style=\"background-position: -180px -120px \"><\/a>\r\n\t\t\t\t\t<\/li>\r\n\t\t\t\t\t\t\t\t\t\t<li class=\"none nobackground \" >\r\n\r\n\t\t\t\t\t\t\t\t\t\t\t\t<a id=\"backforunical607\" href=\"http:\/\/www.stumbleupon.com\/submit?url=www.fabregat-perulles-sales.com\/actualidad\/wp-json\/wp\/v2\/posts\/607&title=Comentario de la Sentencia del Tribunal de la Uni\u00f3n Europea, de 5 de diciembre de 2013\"  onclick=\"javascript:void window.open('http:\/\/www.stumbleupon.com\/submit?url=www.fabregat-perulles-sales.com\/actualidad\/wp-json\/wp\/v2\/posts\/607&title=Comentario de la Sentencia del Tribunal de la Uni\u00f3n Europea, de 5 de diciembre de 2013','1410949501326','width=700,height=500,toolbar=0,menubar=0,location=0,status=1,scrollbars=1,resizable=1,left=0,top=0');return false;\" style=\"background-position: -210px -120px \"><\/a>\r\n\t\t\t\t\t<\/li>\r\n\t\t\t\t\t\t\t\t\t\t<li class=\"none nobackground \" >\r\n\r\n\t\t\t\t\t\t\t\t\t\t\t\t<a id=\"backforunical607\" href=\"https:\/\/myspace.com\/post?l=3&u=www.fabregat-perulles-sales.com\/actualidad\/wp-json\/wp\/v2\/posts\/607\"  onclick=\"javascript:void window.open('https:\/\/myspace.com\/post?l=3&u=www.fabregat-perulles-sales.com\/actualidad\/wp-json\/wp\/v2\/posts\/607','1410949501326','width=700,height=500,toolbar=0,menubar=0,location=0,status=1,scrollbars=1,resizable=1,left=0,top=0');return false;\" style=\"background-position: -240px -120px \"><\/a>\r\n\t\t\t\t\t<\/li>\r\n\t\t\t\t\t\t\t\t\t\t<li class=\"nobackground \" >\r\n\r\n\t\t\t\t\t\t\t\t\t\t\t\t<a id=\"backforunical607\" href=\"http:\/\/vk.com\/share.php?url=www.fabregat-perulles-sales.com\/actualidad\/wp-json\/wp\/v2\/posts\/607&title=Comentario de la Sentencia del Tribunal de la Uni\u00f3n Europea, de 5 de diciembre de 2013\"  onclick=\"javascript:void window.open('http:\/\/vk.com\/share.php?url=www.fabregat-perulles-sales.com\/actualidad\/wp-json\/wp\/v2\/posts\/607&title=Comentario de la Sentencia del Tribunal de la Uni\u00f3n Europea, de 5 de diciembre de 2013','1410949501326','width=700,height=500,toolbar=0,menubar=0,location=0,status=1,scrollbars=1,resizable=1,left=0,top=0');return false;\" style=\"background-position: -270px -120px \"><\/a>\r\n\t\t\t\t\t<\/li>\r\n\t\t\t\t\t\t\t\t\t\t<li class=\"none nobackground \" >\r\n\r\n\t\t\t\t\t\t\t\t\t\t\t\t<a id=\"backforunical607\" href=\"http:\/\/www.reddit.com\/submit?url=www.fabregat-perulles-sales.com\/actualidad\/wp-json\/wp\/v2\/posts\/607&title=Comentario de la Sentencia del Tribunal de la Uni\u00f3n Europea, de 5 de diciembre de 2013\"  onclick=\"javascript:void window.open('http:\/\/www.reddit.com\/submit?url=www.fabregat-perulles-sales.com\/actualidad\/wp-json\/wp\/v2\/posts\/607&title=Comentario de la Sentencia del Tribunal de la Uni\u00f3n Europea, de 5 de diciembre de 2013','1410949501326','width=700,height=500,toolbar=0,menubar=0,location=0,status=1,scrollbars=1,resizable=1,left=0,top=0');return false;\" style=\"background-position: -300px -120px \"><\/a>\r\n\t\t\t\t\t<\/li>\r\n\t\t\t\t\t\t\t\t\t\t<li class=\"none nobackground \" >\r\n\r\n\t\t\t\t\t\t\t\t\t\t\t\t<a id=\"backforunical607\" href=\"http:\/\/www.bebo.com\/c\/share?Url=www.fabregat-perulles-sales.com\/actualidad\/wp-json\/wp\/v2\/posts\/607\"  onclick=\"javascript:void window.open('http:\/\/www.bebo.com\/c\/share?Url=www.fabregat-perulles-sales.com\/actualidad\/wp-json\/wp\/v2\/posts\/607','1410949501326','width=700,height=500,toolbar=0,menubar=0,location=0,status=1,scrollbars=1,resizable=1,left=0,top=0');return false;\" style=\"background-position: -330px -120px \"><\/a>\r\n\t\t\t\t\t<\/li>\r\n\t\t\t\t\t\t\t\t\t\t<li class=\"none nobackground \" >\r\n\r\n\t\t\t\t\t\t\t\t\t\t\t\t<a id=\"backforunical607\" href=\"https:\/\/delicious.com\/save?v=5&noui&jump=close&url=www.fabregat-perulles-sales.com\/actualidad\/wp-json\/wp\/v2\/posts\/607&title=Comentario de la Sentencia del Tribunal de la Uni\u00f3n Europea, de 5 de diciembre de 2013\"  onclick=\"javascript:void window.open('https:\/\/delicious.com\/save?v=5&noui&jump=close&url=www.fabregat-perulles-sales.com\/actualidad\/wp-json\/wp\/v2\/posts\/607&title=Comentario de la Sentencia del Tribunal de la Uni\u00f3n Europea, de 5 de diciembre de 2013','1410949501326','width=700,height=500,toolbar=0,menubar=0,location=0,status=1,scrollbars=1,resizable=1,left=0,top=0');return false;\" style=\"background-position: -360px -120px \"><\/a>\r\n\t\t\t\t\t<\/li>\r\n\t\t\t\t\t\t\t\t\t\t<li class=\"none nobackground \" >\r\n\r\n\t\t\t\t\t\t\t\t\t\t\t\t<a id=\"backforunical607\" href=\"http:\/\/www.odnoklassniki.ru\/dk?st.cmd=addShare&st.s=2&st.noresize=on&st._surl=www.fabregat-perulles-sales.com\/actualidad\/wp-json\/wp\/v2\/posts\/607\"  onclick=\"javascript:void window.open('http:\/\/www.odnoklassniki.ru\/dk?st.cmd=addShare&st.s=2&st.noresize=on&st._surl=www.fabregat-perulles-sales.com\/actualidad\/wp-json\/wp\/v2\/posts\/607','1410949501326','width=700,height=500,toolbar=0,menubar=0,location=0,status=1,scrollbars=1,resizable=1,left=0,top=0');return false;\" style=\"background-position: -390px -120px \"><\/a>\r\n\t\t\t\t\t<\/li>\r\n\t\t\t\t\t\t\t\t\t\t<li class=\"none nobackground \" >\r\n\r\n\t\t\t\t\t\t\t\t\t\t\t\t<a id=\"backforunical607\" href=\"http:\/\/sns.qzone.qq.com\/cgi-bin\/qzshare\/cgi_qzshare_onekey?url=www.fabregat-perulles-sales.com\/actualidad\/wp-json\/wp\/v2\/posts\/607&title=Comentario de la Sentencia del Tribunal de la Uni\u00f3n Europea, de 5 de diciembre de 2013\"  onclick=\"javascript:void window.open('http:\/\/sns.qzone.qq.com\/cgi-bin\/qzshare\/cgi_qzshare_onekey?url=www.fabregat-perulles-sales.com\/actualidad\/wp-json\/wp\/v2\/posts\/607&title=Comentario de la Sentencia del Tribunal de la Uni\u00f3n Europea, de 5 de diciembre de 2013','1410949501326','width=700,height=500,toolbar=0,menubar=0,location=0,status=1,scrollbars=1,resizable=1,left=0,top=0');return false;\" style=\"background-position: -420px -120px \"><\/a>\r\n\t\t\t\t\t<\/li>\r\n\t\t\t\t\t\t\t\t\t\t<li class=\"none nobackground \" >\r\n\r\n\t\t\t\t\t\t\t\t\t\t\t\t<a id=\"backforunical607\" href=\"http:\/\/service.weibo.com\/share\/share.php?url=www.fabregat-perulles-sales.com\/actualidad\/wp-json\/wp\/v2\/posts\/607&appkey=&title=Comentario de la Sentencia del Tribunal de la Uni\u00f3n Europea, de 5 de diciembre de 2013&pic=&ralateUid=&\"  onclick=\"javascript:void window.open('http:\/\/service.weibo.com\/share\/share.php?url=www.fabregat-perulles-sales.com\/actualidad\/wp-json\/wp\/v2\/posts\/607&appkey=&title=Comentario de la Sentencia del Tribunal de la Uni\u00f3n Europea, de 5 de diciembre de 2013&pic=&ralateUid=&','1410949501326','width=700,height=500,toolbar=0,menubar=0,location=0,status=1,scrollbars=1,resizable=1,left=0,top=0');return false;\" style=\"background-position: -450px -120px \"><\/a>\r\n\t\t\t\t\t<\/li>\r\n\t\t\t\t\t\t\t\t\t\t<li class=\"none nobackground \" >\r\n\r\n\t\t\t\t\t\t\t\t\t\t\t\t<a id=\"backforunical607\" href=\"http:\/\/widget.renren.com\/dialog\/share?resourceUrl=www.fabregat-perulles-sales.com\/actualidad\/wp-json\/wp\/v2\/posts\/607&srcUrl=www.fabregat-perulles-sales.com\/actualidad\/wp-json\/wp\/v2\/posts\/607&title=Comentario de la Sentencia del Tribunal de la Uni\u00f3n Europea, de 5 de diciembre de 2013\"  onclick=\"javascript:void window.open('http:\/\/widget.renren.com\/dialog\/share?resourceUrl=www.fabregat-perulles-sales.com\/actualidad\/wp-json\/wp\/v2\/posts\/607&srcUrl=www.fabregat-perulles-sales.com\/actualidad\/wp-json\/wp\/v2\/posts\/607&title=Comentario de la Sentencia del Tribunal de la Uni\u00f3n Europea, de 5 de diciembre de 2013','1410949501326','width=700,height=500,toolbar=0,menubar=0,location=0,status=1,scrollbars=1,resizable=1,left=0,top=0');return false;\" style=\"background-position: -480px -120px \"><\/a>\r\n\t\t\t\t\t<\/li>\r\n\t\t\t\t\t\t\t\t\t\t<li class=\"none nobackground \" >\r\n\r\n\t\t\t\t\t\t\t\t\t\t\t\t<a id=\"backforunical607\" href=\"http:\/\/n4g.com\/tips?url=www.fabregat-perulles-sales.com\/actualidad\/wp-json\/wp\/v2\/posts\/607&title=Comentario de la Sentencia del Tribunal de la Uni\u00f3n Europea, de 5 de diciembre de 2013\"  onclick=\"javascript:void window.open('http:\/\/n4g.com\/tips?url=www.fabregat-perulles-sales.com\/actualidad\/wp-json\/wp\/v2\/posts\/607&title=Comentario de la Sentencia del Tribunal de la Uni\u00f3n Europea, de 5 de diciembre de 2013','1410949501326','width=700,height=500,toolbar=0,menubar=0,location=0,status=1,scrollbars=1,resizable=1,left=0,top=0');return false;\" style=\"background-position: -510px -120px \"><\/a>\r\n\t\t\t\t\t<\/li>\r\n\t\t\t\t\t\t\t\t<\/ul>\r\n\t\t\t<div class=\"clear\"><\/div>\r\n\t\t<\/div>\r\n\t\t","protected":false},"excerpt":{"rendered":"<p>Mediante Sentencia de fecha 5 de diciembre de 2013 la Sala del Tribunal de Justicia de la Uni\u00f3n Europea\u00a0(en adelante, \u201cTJUE\u201d) ha definido, en parte, el \u00e1mbito subjetivo de aplicaci\u00f3n del Reglamento (CE) No\u00a0805\/2004 del Parlamento Europeo y del Consejo, de 21 de abril de 2004,\u00a0por el que se establece un t\u00edtulo ejecutivo europeo para\u2026 <span class=\"read-more\"><a href=\"https:\/\/www.fabregat-perulles-sales.com\/actualidad\/comentario-de-la-sentencia-del-tribunal-de-la-union-europea-de-5-de-diciembre-de-2013\/\">Read More &raquo;<\/a><\/span><\/p>\n","protected":false},"author":3,"featured_media":0,"comment_status":"open","ping_status":"open","sticky":false,"template":"","format":"standard","meta":[],"categories":[466,248],"tags":[],"yoast_head":"<!-- This site is optimized with the Yoast SEO plugin v20.2.1 - https:\/\/yoast.com\/wordpress\/plugins\/seo\/ -->\n<title>Comentario de la Sentencia del Tribunal de la Uni\u00f3n Europea, de 5 de diciembre de 2013 | International Lawyers<\/title>\n<meta name=\"description\" content=\"Mediante Sentencia de fecha 5 de diciembre de 2013 la Sala del Tribunal de Justicia de la Uni\u00f3n Europea\u00a0(en adelante, \u201cTJUE\u201d) ha definido, en parte, el\" \/>\n<meta name=\"robots\" content=\"index, follow, max-snippet:-1, max-image-preview:large, max-video-preview:-1\" \/>\n<link rel=\"canonical\" href=\"https:\/\/www.fabregat-perulles-sales.com\/actualidad\/comentario-de-la-sentencia-del-tribunal-de-la-union-europea-de-5-de-diciembre-de-2013\/\" \/>\n<meta property=\"og:locale\" content=\"en_US\" \/>\n<meta property=\"og:type\" content=\"article\" \/>\n<meta property=\"og:title\" content=\"Comentario de la Sentencia del Tribunal de la Uni\u00f3n Europea, de 5 de diciembre de 2013 | International Lawyers\" \/>\n<meta property=\"og:description\" content=\"Mediante Sentencia de fecha 5 de diciembre de 2013 la Sala del Tribunal de Justicia de la Uni\u00f3n Europea\u00a0(en adelante, \u201cTJUE\u201d) ha definido, en parte, el\" \/>\n<meta property=\"og:url\" content=\"https:\/\/www.fabregat-perulles-sales.com\/actualidad\/comentario-de-la-sentencia-del-tribunal-de-la-union-europea-de-5-de-diciembre-de-2013\/\" \/>\n<meta property=\"og:site_name\" content=\"International Lawyers\" \/>\n<meta property=\"article:published_time\" content=\"2014-01-14T16:21:33+00:00\" \/>\n<meta property=\"article:modified_time\" content=\"2014-11-26T12:29:09+00:00\" \/>\n<meta name=\"author\" content=\"Victor\" \/>\n<meta name=\"twitter:card\" content=\"summary_large_image\" \/>\n<meta name=\"twitter:label1\" content=\"Written by\" \/>\n\t<meta name=\"twitter:data1\" content=\"Victor\" \/>\n\t<meta name=\"twitter:label2\" content=\"Est. reading time\" \/>\n\t<meta name=\"twitter:data2\" content=\"3 minutes\" \/>\n<script type=\"application\/ld+json\" class=\"yoast-schema-graph\">{\"@context\":\"https:\/\/schema.org\",\"@graph\":[{\"@type\":\"WebPage\",\"@id\":\"https:\/\/www.fabregat-perulles-sales.com\/actualidad\/comentario-de-la-sentencia-del-tribunal-de-la-union-europea-de-5-de-diciembre-de-2013\/\",\"url\":\"https:\/\/www.fabregat-perulles-sales.com\/actualidad\/comentario-de-la-sentencia-del-tribunal-de-la-union-europea-de-5-de-diciembre-de-2013\/\",\"name\":\"Comentario de la Sentencia del Tribunal de la Uni\u00f3n Europea, de 5 de diciembre de 2013 | International Lawyers\",\"isPartOf\":{\"@id\":\"https:\/\/www.fabregat-perulles-sales.com\/actualidad\/#website\"},\"datePublished\":\"2014-01-14T16:21:33+00:00\",\"dateModified\":\"2014-11-26T12:29:09+00:00\",\"author\":{\"@id\":\"https:\/\/www.fabregat-perulles-sales.com\/actualidad\/#\/schema\/person\/cabc1d68c7778f01d5e069c2d98442e3\"},\"description\":\"Mediante Sentencia de fecha 5 de diciembre de 2013 la Sala del Tribunal de Justicia de la Uni\u00f3n Europea\u00a0(en adelante, \u201cTJUE\u201d) ha definido, en parte, el\",\"breadcrumb\":{\"@id\":\"https:\/\/www.fabregat-perulles-sales.com\/actualidad\/comentario-de-la-sentencia-del-tribunal-de-la-union-europea-de-5-de-diciembre-de-2013\/#breadcrumb\"},\"inLanguage\":\"en-US\",\"potentialAction\":[{\"@type\":\"ReadAction\",\"target\":[\"https:\/\/www.fabregat-perulles-sales.com\/actualidad\/comentario-de-la-sentencia-del-tribunal-de-la-union-europea-de-5-de-diciembre-de-2013\/\"]}]},{\"@type\":\"BreadcrumbList\",\"@id\":\"https:\/\/www.fabregat-perulles-sales.com\/actualidad\/comentario-de-la-sentencia-del-tribunal-de-la-union-europea-de-5-de-diciembre-de-2013\/#breadcrumb\",\"itemListElement\":[{\"@type\":\"ListItem\",\"position\":1,\"name\":\"Home\",\"item\":\"https:\/\/www.fabregat-perulles-sales.com\/actualidad\/\"},{\"@type\":\"ListItem\",\"position\":2,\"name\":\"Comentario de la Sentencia del Tribunal de la Uni\u00f3n Europea, de 5 de diciembre de 2013\"}]},{\"@type\":\"WebSite\",\"@id\":\"https:\/\/www.fabregat-perulles-sales.com\/actualidad\/#website\",\"url\":\"https:\/\/www.fabregat-perulles-sales.com\/actualidad\/\",\"name\":\"www.fabregat-perulles-sales.com\",\"description\":\"Fabregat Perulles Sales Abogados is a law firm of reference international market in the Spanish-German, Spanish-French, and Spanish-Italian. Is one of the first firms in Barcelona offering a Russian Desk.\",\"potentialAction\":[{\"@type\":\"SearchAction\",\"target\":{\"@type\":\"EntryPoint\",\"urlTemplate\":\"https:\/\/www.fabregat-perulles-sales.com\/actualidad\/?s={search_term_string}\"},\"query-input\":\"required name=search_term_string\"}],\"inLanguage\":\"en-US\"},{\"@type\":\"Person\",\"@id\":\"https:\/\/www.fabregat-perulles-sales.com\/actualidad\/#\/schema\/person\/cabc1d68c7778f01d5e069c2d98442e3\",\"name\":\"Victor\",\"image\":{\"@type\":\"ImageObject\",\"inLanguage\":\"en-US\",\"@id\":\"https:\/\/www.fabregat-perulles-sales.com\/actualidad\/#\/schema\/person\/image\/\",\"url\":\"https:\/\/secure.gravatar.com\/avatar\/756cb666a964d2960ffe307b8a53b271?s=96&d=mm&r=g\",\"contentUrl\":\"https:\/\/secure.gravatar.com\/avatar\/756cb666a964d2960ffe307b8a53b271?s=96&d=mm&r=g\",\"caption\":\"Victor\"},\"sameAs\":[\"http:\/\/www.fabregat-perulles-sales.com\"],\"url\":\"https:\/\/www.fabregat-perulles-sales.com\/actualidad\/author\/victor\/\"}]}<\/script>\n<!-- \/ Yoast SEO plugin. -->","yoast_head_json":{"title":"Comentario de la Sentencia del Tribunal de la Uni\u00f3n Europea, de 5 de diciembre de 2013 | International Lawyers","description":"Mediante Sentencia de fecha 5 de diciembre de 2013 la Sala del Tribunal de Justicia de la Uni\u00f3n Europea\u00a0(en adelante, \u201cTJUE\u201d) ha definido, en parte, el","robots":{"index":"index","follow":"follow","max-snippet":"max-snippet:-1","max-image-preview":"max-image-preview:large","max-video-preview":"max-video-preview:-1"},"canonical":"https:\/\/www.fabregat-perulles-sales.com\/actualidad\/comentario-de-la-sentencia-del-tribunal-de-la-union-europea-de-5-de-diciembre-de-2013\/","og_locale":"en_US","og_type":"article","og_title":"Comentario de la Sentencia del Tribunal de la Uni\u00f3n Europea, de 5 de diciembre de 2013 | International Lawyers","og_description":"Mediante Sentencia de fecha 5 de diciembre de 2013 la Sala del Tribunal de Justicia de la Uni\u00f3n Europea\u00a0(en adelante, \u201cTJUE\u201d) ha definido, en parte, el","og_url":"https:\/\/www.fabregat-perulles-sales.com\/actualidad\/comentario-de-la-sentencia-del-tribunal-de-la-union-europea-de-5-de-diciembre-de-2013\/","og_site_name":"International Lawyers","article_published_time":"2014-01-14T16:21:33+00:00","article_modified_time":"2014-11-26T12:29:09+00:00","author":"Victor","twitter_card":"summary_large_image","twitter_misc":{"Written by":"Victor","Est. reading time":"3 minutes"},"schema":{"@context":"https:\/\/schema.org","@graph":[{"@type":"WebPage","@id":"https:\/\/www.fabregat-perulles-sales.com\/actualidad\/comentario-de-la-sentencia-del-tribunal-de-la-union-europea-de-5-de-diciembre-de-2013\/","url":"https:\/\/www.fabregat-perulles-sales.com\/actualidad\/comentario-de-la-sentencia-del-tribunal-de-la-union-europea-de-5-de-diciembre-de-2013\/","name":"Comentario de la Sentencia del Tribunal de la Uni\u00f3n Europea, de 5 de diciembre de 2013 | International Lawyers","isPartOf":{"@id":"https:\/\/www.fabregat-perulles-sales.com\/actualidad\/#website"},"datePublished":"2014-01-14T16:21:33+00:00","dateModified":"2014-11-26T12:29:09+00:00","author":{"@id":"https:\/\/www.fabregat-perulles-sales.com\/actualidad\/#\/schema\/person\/cabc1d68c7778f01d5e069c2d98442e3"},"description":"Mediante Sentencia de fecha 5 de diciembre de 2013 la Sala del Tribunal de Justicia de la Uni\u00f3n Europea\u00a0(en adelante, \u201cTJUE\u201d) ha definido, en parte, el","breadcrumb":{"@id":"https:\/\/www.fabregat-perulles-sales.com\/actualidad\/comentario-de-la-sentencia-del-tribunal-de-la-union-europea-de-5-de-diciembre-de-2013\/#breadcrumb"},"inLanguage":"en-US","potentialAction":[{"@type":"ReadAction","target":["https:\/\/www.fabregat-perulles-sales.com\/actualidad\/comentario-de-la-sentencia-del-tribunal-de-la-union-europea-de-5-de-diciembre-de-2013\/"]}]},{"@type":"BreadcrumbList","@id":"https:\/\/www.fabregat-perulles-sales.com\/actualidad\/comentario-de-la-sentencia-del-tribunal-de-la-union-europea-de-5-de-diciembre-de-2013\/#breadcrumb","itemListElement":[{"@type":"ListItem","position":1,"name":"Home","item":"https:\/\/www.fabregat-perulles-sales.com\/actualidad\/"},{"@type":"ListItem","position":2,"name":"Comentario de la Sentencia del Tribunal de la Uni\u00f3n Europea, de 5 de diciembre de 2013"}]},{"@type":"WebSite","@id":"https:\/\/www.fabregat-perulles-sales.com\/actualidad\/#website","url":"https:\/\/www.fabregat-perulles-sales.com\/actualidad\/","name":"www.fabregat-perulles-sales.com","description":"Fabregat Perulles Sales Abogados is a law firm of reference international market in the Spanish-German, Spanish-French, and Spanish-Italian. Is one of the first firms in Barcelona offering a Russian Desk.","potentialAction":[{"@type":"SearchAction","target":{"@type":"EntryPoint","urlTemplate":"https:\/\/www.fabregat-perulles-sales.com\/actualidad\/?s={search_term_string}"},"query-input":"required name=search_term_string"}],"inLanguage":"en-US"},{"@type":"Person","@id":"https:\/\/www.fabregat-perulles-sales.com\/actualidad\/#\/schema\/person\/cabc1d68c7778f01d5e069c2d98442e3","name":"Victor","image":{"@type":"ImageObject","inLanguage":"en-US","@id":"https:\/\/www.fabregat-perulles-sales.com\/actualidad\/#\/schema\/person\/image\/","url":"https:\/\/secure.gravatar.com\/avatar\/756cb666a964d2960ffe307b8a53b271?s=96&d=mm&r=g","contentUrl":"https:\/\/secure.gravatar.com\/avatar\/756cb666a964d2960ffe307b8a53b271?s=96&d=mm&r=g","caption":"Victor"},"sameAs":["http:\/\/www.fabregat-perulles-sales.com"],"url":"https:\/\/www.fabregat-perulles-sales.com\/actualidad\/author\/victor\/"}]}},"amp_enabled":true,"_links":{"self":[{"href":"https:\/\/www.fabregat-perulles-sales.com\/actualidad\/wp-json\/wp\/v2\/posts\/607"}],"collection":[{"href":"https:\/\/www.fabregat-perulles-sales.com\/actualidad\/wp-json\/wp\/v2\/posts"}],"about":[{"href":"https:\/\/www.fabregat-perulles-sales.com\/actualidad\/wp-json\/wp\/v2\/types\/post"}],"author":[{"embeddable":true,"href":"https:\/\/www.fabregat-perulles-sales.com\/actualidad\/wp-json\/wp\/v2\/users\/3"}],"replies":[{"embeddable":true,"href":"https:\/\/www.fabregat-perulles-sales.com\/actualidad\/wp-json\/wp\/v2\/comments?post=607"}],"version-history":[{"count":8,"href":"https:\/\/www.fabregat-perulles-sales.com\/actualidad\/wp-json\/wp\/v2\/posts\/607\/revisions"}],"predecessor-version":[{"id":1482,"href":"https:\/\/www.fabregat-perulles-sales.com\/actualidad\/wp-json\/wp\/v2\/posts\/607\/revisions\/1482"}],"wp:attachment":[{"href":"https:\/\/www.fabregat-perulles-sales.com\/actualidad\/wp-json\/wp\/v2\/media?parent=607"}],"wp:term":[{"taxonomy":"category","embeddable":true,"href":"https:\/\/www.fabregat-perulles-sales.com\/actualidad\/wp-json\/wp\/v2\/categories?post=607"},{"taxonomy":"post_tag","embeddable":true,"href":"https:\/\/www.fabregat-perulles-sales.com\/actualidad\/wp-json\/wp\/v2\/tags?post=607"}],"curies":[{"name":"wp","href":"https:\/\/api.w.org\/{rel}","templated":true}]}}