{"id":567,"date":"2014-01-02T17:19:57","date_gmt":"2014-01-02T15:19:57","guid":{"rendered":"http:\/\/www.fabregat-perulles-sales.com\/actualidad\/?p=567"},"modified":"2014-11-26T14:34:15","modified_gmt":"2014-11-26T12:34:15","slug":"real-decreto-9802013-de-13-de-diciembre-por-el-que-se-desarrollan-determinados-aspectos-de-la-ley-52012-de-6-de-julio-de-mediacion-en-asuntos-civiles-y-mercantiles","status":"publish","type":"post","link":"https:\/\/www.fabregat-perulles-sales.com\/actualidad\/real-decreto-9802013-de-13-de-diciembre-por-el-que-se-desarrollan-determinados-aspectos-de-la-ley-52012-de-6-de-julio-de-mediacion-en-asuntos-civiles-y-mercantiles\/","title":{"rendered":"Se publica el Real Decreto 980\/2013, de 13 de diciembre, por el que se desarrollan determinados aspectos de la Ley 5\/2012, de 6 de julio, de mediaci\u00f3n en asuntos civiles y mercantiles."},"content":{"rendered":"<p>El BOE 310 de 27 de diciembre publica el <a href=\"http:\/\/www.boe.es\/diario_boe\/txt.php?id=BOE-A-2013-13647\" target=\"_blank\">Real Decreto 980\/2013, de 13 de diciembre, por el que se desarrollan determinados aspectos de la Ley 5\/2012, de 6 de julio, de mediaci\u00f3n en asuntos civiles y mercantiles<\/a>, cuya necesidad y oportunidad, entendemos, no puede separarse de la reciente publicaci\u00f3n de la\u00a0 <a href=\"http:\/\/noticias.juridicas.com\/actual\/3221-publicada-la-ley-14-2013-de-27-de-septiembre-de-apoyo-al-emprendedor.html\" target=\"_blank\">Ley 14\/2013, de 27 de septiembre, de apoyo a los emprendedores y su internacionalizaci\u00f3n<\/a> y, en especial, de la creaci\u00f3n del <span style=\"text-decoration: underline;\">mediador concursal<\/span>.<\/p>\n<p>Seg\u00fan el art\u00edculo 1, el Real Decreto (RD) tiene por objeto el desarrollo de alguno, no todos, los aspectos de\u00a0 la Ley 5\/2012, de 6 de julio, de mediaci\u00f3n en asuntos civiles y mercantiles, siendo los m\u00e1s relevantes lo que se\u00f1alamos a continuaci\u00f3n:<\/p>\n<p><!--more--><\/p>\n<p><b>\u00a01.- La formaci\u00f3n \u00a0de los mediadores<\/b>.<\/p>\n<p>El RD dedica su Cap\u00edtulo II a la determinaci\u00f3n de los requisitos de formaci\u00f3n que deben cumplir quienes\u00a0 pretendan ejercer la funci\u00f3n de mediadores. \u00a0Para ello se establece una duraci\u00f3n m\u00ednima de 100 horas de docencia efectiva, se impulsa la formaci\u00f3n continua y se dibujan las responsabilidades de los Centros de formaci\u00f3n los cuales deber\u00e1n proveerse de la correspondiente habilitaci\u00f3n legal.<\/p>\n<p><b><span style=\"text-decoration: underline;\">2.- La publicidad de los mediadores y de las instituciones de mediaci\u00f3n<\/span><\/b>.<\/p>\n<p>El Cap\u00edtulo III tiene por objeto la creaci\u00f3n y desarrollo del Registro de Mediadores as\u00ed como de las instituciones de mediaci\u00f3n<\/p>\n<p>El registro, que ser\u00e1 publico e informativo, depende del Ministerio de Justicia<\/p>\n<p>La inscripci\u00f3n al mismo tiene naturaleza voluntaria. Dicha inscripci\u00f3n permitir\u00e1 acreditar la condici\u00f3n de mediador as\u00ed como el car\u00e1cter de instituci\u00f3n de mediaci\u00f3n, si bien tal circunstancias no limita la responsabilidad que los mediadores e instituciones de mediaci\u00f3n puedan contraer en el ejercicio de sus funciones.<\/p>\n<p>El Mediador concursal deber\u00e1 acreditar de forma previa a la inscripci\u00f3n el cumplimiento de los requisitos exigidos por la el art\u00edculo 233.1 de la Ley Concursal. La inscripci\u00f3n del mediador concursal permitir\u00e1 el suministro de los datos al portal del \u201cBolet\u00edn oficial del Estado\u201d\u00a0 para posibilitar su designaci\u00f3n para intervenir en la conclusi\u00f3n de acuerdos extrajudiciales de pago, seg\u00fan las disposiciones del T\u00edtulo X de la Ley Concursal.<\/p>\n<p>El registro se estructura en tres Secciones, siendo tales:<\/p>\n<p>&#8211;\u00a0\u00a0\u00a0\u00a0\u00a0\u00a0\u00a0\u00a0 <b><span style=\"text-decoration: underline;\">Secci\u00f3n primera<\/span><\/b>: tendr\u00e1 por objeto la inscripci\u00f3n de los mediadores. En dicha secci\u00f3n se regulan el procedimiento de inscripci\u00f3n, procedimiento de altas y bajas as\u00ed como las actuaciones de los datos.<\/p>\n<p>&#8211;\u00a0\u00a0\u00a0\u00a0\u00a0\u00a0\u00a0\u00a0 <b><span style=\"text-decoration: underline;\">Secci\u00f3n Segunda<\/span><\/b>: tendr\u00e1 por objeto la inscripci\u00f3n de los mediadores concursales.\u00a0 Adem\u00e1s de los requisitos exigidos para los mediadores, los mediadores concursales deber\u00e1n acreditar que re\u00fanen los requisitos exigidos por e233.1 de la Ley Concursal. Se regula asimismo el procedimiento de remisi\u00f3n de datos a la agencia del \u201cBolet\u00edn oficial del Estado\u201d para su ingreso en la correspondiente relaci\u00f3n de mediadores. Dicho ingreso seguir\u00e1 un orden cronol\u00f3gico. Los notarios y los registradores tendr\u00e1n accedo al portal mediante certificado reconocido de forma electr\u00f3nica.<\/p>\n<p>&#8211;\u00a0\u00a0\u00a0\u00a0\u00a0\u00a0\u00a0\u00a0 <b><span style=\"text-decoration: underline;\">Secci\u00f3n Tercera<\/span><\/b>: tendr\u00e1 por objeto la inscripci\u00f3n de las instituciones de mediaci\u00f3n. En secci\u00f3n correspondiente a las instituciones de mediaci\u00f3n se tipifican las especialidades de inscripci\u00f3n, alta, baja y modificaci\u00f3n de datos de tales instituciones.<\/p>\n<p>Merece destacarse el contenido de la <b><span style=\"text-decoration: underline;\">Secci\u00f3n\u00a0 5\u00aa<\/span><\/b>, que dedica s tenor a la Coordinaci\u00f3n del Registro de Mediadores e instituciones de mediaci\u00f3n del Ministerio de Justicia, con los dem\u00e1s registros\u00a0 de mediadores que puedan existir\u00e1 en\u00a0 las distintas comunidades aut\u00f3nomas. La misma secci\u00f3n prev\u00e9 la eventual conclusi\u00f3n de convenios de colaboraci\u00f3n entre los distintos registros.<\/p>\n<p><b>\u00a03.-<\/b> <b><span style=\"text-decoration: underline;\">Alcance de la obligaci\u00f3n de aseguramiento de la responsabilidad civil de los mediadores.\u00a0 <\/span><\/b><\/p>\n<p>El Cap\u00edtulo IV establece la obligaci\u00f3n al mediador y a la instituci\u00f3n de mediaci\u00f3n de contratar y mantener vigente una p\u00f3liza de seguro que cubra las eventuales responsabilidades que puedan ser contra\u00eddas por el mediador o instituci\u00f3n en el ejercicio de su funci\u00f3n.<\/p>\n<p>la cuant\u00eda de la cobertura debe ser adecuada al volumen e importancia de los asuntos que sean objeto de mediaci\u00f3n. Mercer significar de forma especial la obligaci\u00f3n que le RD impone al mediador de informar de forma expresa a las partes del importe de la cobertura que se tenga contratada en cada momento.<\/p>\n<p><b>4.- <span style=\"text-decoration: underline;\">El establecimiento de un procedimiento simplificado de mediaci\u00f3n por medios electr\u00f3nicos.<\/span><\/b><\/p>\n<p>Como medio de Resoluci\u00f3n Alternativa de conflictos (ADR) que es la mediaci\u00f3n,\u00a0 el RD desarrolla un procedimiento simplificado (PSME), que puede ser ordenado\u00a0 por medios electr\u00f3nicos.<\/p>\n<p>El \u00e1mbito de cognici\u00f3n del PSME se limita tanto en funci\u00f3n de la cuant\u00eda \u2013m\u00e1ximo 600- como en funci\u00f3n de las cuestiones objeto de debate, ya que quedan excluidas aquellas controversias que \u00a0se refieran a argumentos de confrontaci\u00f3n de derecho.<\/p>\n<p>El RD regula con detalle <b><span style=\"text-decoration: underline;\">el procedimiento de acceso y tratamiento de datos as\u00ed como las obligaciones de custodia y documentaci\u00f3n del mismo<\/span><\/b>.<\/p>\n<p>En tal sentido pueden destacarse los siguientes aspectos:<\/p>\n<p>1.- El mediador y, la instituci\u00f3n de mediaci\u00f3n podr\u00e1n contratar con un proveedor de servicios electr\u00f3nicos quien deber\u00e1 habilitar los mecanismos necesarios para garantizar a las partes la seguridad, el buen funcionamiento de la plataforma y de los sistemas electr\u00f3nicos utilizados, as\u00ed como la privacidad, la integridad y el secreto de los documentos y las comunicaciones, la confidencialidad en todas las fases del procedimiento y asegurar\u00e1 el cumplimiento de las previsiones exigidas en la normativa en materia de protecci\u00f3n de datos de car\u00e1cter personal.<\/p>\n<p>2.- Tal proveedor, \u00e9ste tendr\u00e1 la condici\u00f3n de encargado del tratamiento de los datos siendo responsable a los efectos de la ley de protecci\u00f3n de Datos.<\/p>\n<p>3.- Las partes y el mediador deber\u00e1n acreditar\u00a0 su identidad con arreglo a lo dispuesto en la Ley 59\/2003, de 19 de diciembre, de firma electr\u00f3nica,<\/p>\n<p>4.- El mediador o instituci\u00f3n proporcionar\u00e1, en su caso, a trav\u00e9s de su sitio web, los formularios o impresos electr\u00f3nicos normalizados de solicitud de inicio y de contestaci\u00f3n del procedimiento.<\/p>\n<p>En cuanto <b><span style=\"text-decoration: underline;\">al procedimiento,<\/span><\/b> los aspectos que son regulados por el RD, son los siguientes:<\/p>\n<p>1.- la Duraci\u00f3n del procedimiento ser\u00e1 de un mes, pero ser\u00e1 prorrogable de mutuo acuerdo.<\/p>\n<p>2. Se prev\u00e9 la celebraci\u00f3n de una sesi\u00f3n informativa<\/p>\n<p>3.- El procedimiento deber\u00e1 permitir una adecuada comunicaci\u00f3n entre las partes y el mediador, sea separada o conjuntamente, posibilitando el di\u00e1logo y el acercamiento de posturas.<\/p>\n<p>4. Las partes, de mutuo acuerdo, podr\u00e1n transformar un procedimiento simplificado de mediaci\u00f3n por medios electr\u00f3nicos en cualquier otro procedimiento de mediaci\u00f3n<\/p>\n<p>El\u00a0 Inicio de la mediaci\u00f3n, tendr\u00e1 lugar tras la presentaci\u00f3n del formulario de presentaci\u00f3n y el mediador contacte con la parte solicitada, quien deber\u00e1 prestar su consentimiento para el inicio del procedimiento.<\/p>\n<p>En caso de ser aceptado se conceder\u00e1 a la plaza un plazo razonable para su contestaci\u00f3n. En caso de omisi\u00f3n se entender\u00e1 que la mediaci\u00f3n ha sido rechazada.<\/p>\n<p>En caso de recibirse la contestaci\u00f3n, se remitir\u00e1 a las partes un certificado que tendr\u00e1 la consideraci\u00f3n de acta de la sesi\u00f3n constitutiva a los efectos de generar un n\u00famero de expediente.<\/p>\n<p>Las posiciones de las partes quedar\u00e1n reflejadas en el formulario de solicitud y en el de contestaci\u00f3n que el mediador o la instituci\u00f3n de mediaci\u00f3n pongan a su disposici\u00f3n.<\/p>\n<p>La parte solicitante fijar\u00e1 la cantidad reclamada en el formulario de solicitud de inicio. El formulario contemplar\u00e1 un apartado relativo a los detalles de la pretensi\u00f3n, en el que se especificar\u00e1 el desglose de la cantidad reclamada entre el principal y los intereses, u otros aspectos controvertidos sobre las condiciones de pago.<\/p>\n<p>El formulario de contestaci\u00f3n permitir\u00e1 aceptar la cantidad reclamada, rechazarla o formular una contrapropuesta, en cuyo caso se especificar\u00e1 tambi\u00e9n su posici\u00f3n respecto a la pretensi\u00f3n presentada.<\/p>\n<p>La Disposici\u00f3n final tercera establece que la en vigor del RD tendr\u00e1 lugar a los tres meses de su publicaci\u00f3n.<\/p>\n<p>Por \u00faltimo, el RD prev\u00e9 que la puesta en funcionamiento del Registro de Mediadores e Instituciones de Mediaci\u00f3n tendr\u00e1 lugar en los siguientes plazos:<\/p>\n<p>1.1 La fecha para el env\u00edo por parte de los centros de formaci\u00f3n de la informaci\u00f3n que se indica en el apartado 3 del art\u00edculo 7 comienza el 1 de marzo de 2014.<\/p>\n<p>1.2 La fecha de apertura del Registro para la realizaci\u00f3n de solicitudes de inscripci\u00f3n por parte de los mediadores, los mediadores concursales y las instituciones de mediaci\u00f3n ser\u00e1 el 1 de abril de 2014<\/p>\n<p>1.3 La fecha de inicio de la publicidad del Registro ser\u00e1 el 1 de junio de 2014.<\/p>\n\r\n\t\t<style>\r\n\t\t\t.huge-it-share-buttons {\r\n\t\t\t\tborder:0px solid #0FB5D6;\r\n\t\t\t\tborder-radius:5px;\r\n\t\t\t\tbackground:#3BD8FF;\r\n\t\t\t text-align:left; \t\t\t\t\t\t\t\t\t}\r\n\r\n\t\t\t#huge-it-share-buttons-top {margin-bottom:0px;}\r\n\t\t\t#huge-it-share-buttons-bottom {margin-top:0px;}\r\n\r\n\t\t\t.huge-it-share-buttons h3 {\r\n\t\t\t\tfont-size:25px ;\r\n\t\t\t\tfont-family:Arial,Helvetica Neue,Helvetica,sans-serif;\r\n\t\t\t\tcolor:#666666;\r\n\r\n\t\t\tdisplay:block;\t\t\t\tline-height:25px ;\r\n\r\n\t\t\t text-align:left; \t\t\t\t\t\t\t\t\t}\r\n\r\n\t\t\t.huge-it-share-buttons ul {\r\n\t\t\t float:left; \t\t\t\t\t\t\t\t\t}\r\n\r\n\t\t\t.huge-it-share-buttons ul li {\r\n\t\t\t\tmargin-left:3px;\r\n\t\t\t\tmargin-right:3px;\r\n\t\t\t\tpadding:0px;\r\n\t\t\t\tborder:0px ridge #E6354C;\r\n\t\t\t\tborder-radius:11px;\r\n\t\t\t\tbackground-color:#14CC9B;\r\n\t\t\t}\r\n\r\n\t\t\t.huge-it-share-buttons ul li #backforunical567 {\r\n\t\t\t\tborder-bottom: 0;\r\n\t\t\t\tbackground-image:url('https:\/\/www.fabregat-perulles-sales.com\/actualidad\/wp-content\/plugins\/wp-share-buttons\/Front_end\/..\/images\/buttons.30.png');\r\n\t\t\t\twidth:30px;\r\n\t\t\t\theight:30px;\r\n\t\t\t}\r\n\r\n\t\t\t.front-shares-count {\r\n\t\t\t\tposition: absolute;\r\n\t\t\t\ttext-align: center;\r\n\t\t\t\tdisplay: block;\r\n\t\t\t}\r\n\r\n\t\t\t.shares_size20 .front-shares-count {\r\n\t\t\t\tfont-size: 10px;\r\n\t\t\t\ttop: 10px;\r\n\t\t\t\twidth: 20px;\r\n\t\t\t}\r\n\r\n\t\t\t.shares_size30 .front-shares-count {\r\n\t\t\t\tfont-size: 11px;\r\n\t\t\t\ttop: 15px;\r\n\t\t\t\twidth: 30px;\r\n\t\t\t}\r\n\r\n\t\t\t.shares_size40 .front-shares-count {\r\n\t\t\t\tfont-size: 12px;\r\n\t\t\t\ttop: 21px;\r\n\t\t\t\twidth: 40px;\r\n\t\t\t}\r\n\t\t<\/style>\r\n\t\t\r\n\t\t<div id=\"huge-it-share-buttons-top\" class=\"huge-it-share-buttons nobackground\">\r\n\t\t\t<h3>Share This:<\/h3>\r\n\t\t\t<ul class=\"huge-it-share-buttons-list \">\r\n\t\t\t\t\t\t\t\t\t<li class=\"nobackground \" >\r\n\r\n\t\t\t\t\t\t\t\t\t\t\t\t<a id=\"backforunical567\" href=\"https:\/\/www.facebook.com\/sharer\/sharer.php?u=www.fabregat-perulles-sales.com\/actualidad\/wp-json\/wp\/v2\/posts\/567\"  onclick=\"javascript:void window.open('https:\/\/www.facebook.com\/sharer\/sharer.php?u=www.fabregat-perulles-sales.com\/actualidad\/wp-json\/wp\/v2\/posts\/567','1410949501326','width=700,height=500,toolbar=0,menubar=0,location=0,status=1,scrollbars=1,resizable=1,left=0,top=0');return false;\" style=\"background-position: -0px -120px \"><\/a>\r\n\t\t\t\t\t<\/li>\r\n\t\t\t\t\t\t\t\t\t\t<li class=\"nobackground \" >\r\n\r\n\t\t\t\t\t\t\t\t\t\t\t\t<a id=\"backforunical567\" href=\"https:\/\/twitter.com\/share?status=www.fabregat-perulles-sales.com\/actualidad\/wp-json\/wp\/v2\/posts\/567&text=Se publica el Real Decreto 980\/2013, de 13 de diciembre, por el que se desarrollan determinados aspectos de la Ley 5\/2012, de 6 de julio, de mediaci\u00f3n en asuntos civiles y mercantiles.\"  onclick=\"javascript:void window.open('https:\/\/twitter.com\/share?status=www.fabregat-perulles-sales.com\/actualidad\/wp-json\/wp\/v2\/posts\/567&text=Se publica el Real Decreto 980\/2013, de 13 de diciembre, por el que se desarrollan determinados aspectos de la Ley 5\/2012, de 6 de julio, de mediaci\u00f3n en asuntos civiles y mercantiles.','1410949501326','width=700,height=500,toolbar=0,menubar=0,location=0,status=1,scrollbars=1,resizable=1,left=0,top=0');return false;\" style=\"background-position: -30px -120px \"><\/a>\r\n\t\t\t\t\t<\/li>\r\n\t\t\t\t\t\t\t\t\t\t<li class=\"none nobackground \" >\r\n\r\n\t\t\t\t\t\t\t\t\t\t\t\t<a id=\"backforunical567\" href=\"http:\/\/www.pinterest.com\/pin\/create\/button\/?url=www.fabregat-perulles-sales.com\/actualidad\/wp-json\/wp\/v2\/posts\/567&media=https:\/\/www.fabregat-perulles-sales.com\/actualidad\/wp-content\/plugins\/wp-share-buttons\/Front_end\/..\/images\/noimage.png&description=Se publica el Real Decreto 980\/2013, de 13 de diciembre, por el que se desarrollan determinados aspectos de la Ley 5\/2012, de 6 de julio, de mediaci\u00f3n en asuntos civiles y mercantiles.\"  onclick=\"javascript:void window.open('http:\/\/www.pinterest.com\/pin\/create\/button\/?url=www.fabregat-perulles-sales.com\/actualidad\/wp-json\/wp\/v2\/posts\/567&media=https:\/\/www.fabregat-perulles-sales.com\/actualidad\/wp-content\/plugins\/wp-share-buttons\/Front_end\/..\/images\/noimage.png&description=Se publica el Real Decreto 980\/2013, de 13 de diciembre, por el que se desarrollan determinados aspectos de la Ley 5\/2012, de 6 de julio, de mediaci\u00f3n en asuntos civiles y mercantiles.','1410949501326','width=700,height=500,toolbar=0,menubar=0,location=0,status=1,scrollbars=1,resizable=1,left=0,top=0');return false;\" style=\"background-position: -60px -120px \"><\/a>\r\n\t\t\t\t\t<\/li>\r\n\t\t\t\t\t\t\t\t\t\t<li class=\"none nobackground \" >\r\n\r\n\t\t\t\t\t\t\t\t\t\t\t\t<a id=\"backforunical567\" href=\"https:\/\/plus.google.com\/share?url=www.fabregat-perulles-sales.com\/actualidad\/wp-json\/wp\/v2\/posts\/567\"  onclick=\"javascript:void window.open('https:\/\/plus.google.com\/share?url=www.fabregat-perulles-sales.com\/actualidad\/wp-json\/wp\/v2\/posts\/567','1410949501326','width=700,height=500,toolbar=0,menubar=0,location=0,status=1,scrollbars=1,resizable=1,left=0,top=0');return false;\" style=\"background-position: -90px -120px \"><\/a>\r\n\t\t\t\t\t<\/li>\r\n\t\t\t\t\t\t\t\t\t\t<li class=\"nobackground \" >\r\n\r\n\t\t\t\t\t\t\t\t\t\t\t\t<a id=\"backforunical567\" href=\"https:\/\/www.linkedin.com\/shareArticle?title=Se publica el Real Decreto 980\/2013, de 13 de diciembre, por el que se desarrollan determinados aspectos de la Ley 5\/2012, de 6 de julio, de mediaci\u00f3n en asuntos civiles y mercantiles.&mini=true&url=https:\/\/www.fabregat-perulles-sales.com\/actualidad\/wp-json\/wp\/v2\/posts\/567\"  onclick=\"javascript:void window.open('https:\/\/www.linkedin.com\/shareArticle?title=Se publica el Real Decreto 980\/2013, de 13 de diciembre, por el que se desarrollan determinados aspectos de la Ley 5\/2012, de 6 de julio, de mediaci\u00f3n en asuntos civiles y mercantiles.&mini=true&url=https:\/\/www.fabregat-perulles-sales.com\/actualidad\/wp-json\/wp\/v2\/posts\/567','1410949501326','width=700,height=500,toolbar=0,menubar=0,location=0,status=1,scrollbars=1,resizable=1,left=0,top=0');return false;\" style=\"background-position: -120px -120px \"><\/a>\r\n\t\t\t\t\t<\/li>\r\n\t\t\t\t\t\t\t\t\t\t<li class=\"none nobackground \" >\r\n\r\n\t\t\t\t\t\t\t\t\t\t\t\t<a id=\"backforunical567\" href=\"https:\/\/www.tumblr.com\/share\/link?url=www.fabregat-perulles-sales.com\/actualidad\/wp-json\/wp\/v2\/posts\/567&name=Se publica el Real Decreto 980\/2013, de 13 de diciembre, por el que se desarrollan determinados aspectos de la Ley 5\/2012, de 6 de julio, de mediaci\u00f3n en asuntos civiles y mercantiles.\"  onclick=\"javascript:void window.open('https:\/\/www.tumblr.com\/share\/link?url=www.fabregat-perulles-sales.com\/actualidad\/wp-json\/wp\/v2\/posts\/567&name=Se publica el Real Decreto 980\/2013, de 13 de diciembre, por el que se desarrollan determinados aspectos de la Ley 5\/2012, de 6 de julio, de mediaci\u00f3n en asuntos civiles y mercantiles.','1410949501326','width=700,height=500,toolbar=0,menubar=0,location=0,status=1,scrollbars=1,resizable=1,left=0,top=0');return false;\" style=\"background-position: -150px -120px \"><\/a>\r\n\t\t\t\t\t<\/li>\r\n\t\t\t\t\t\t\t\t\t\t<li class=\"none nobackground \" >\r\n\r\n\t\t\t\t\t\t\t\t\t\t\t\t<a id=\"backforunical567\" href=\"http:\/\/digg.com\/submit?phase=2&url=www.fabregat-perulles-sales.com\/actualidad\/wp-json\/wp\/v2\/posts\/567&title=Se publica el Real Decreto 980\/2013, de 13 de diciembre, por el que se desarrollan determinados aspectos de la Ley 5\/2012, de 6 de julio, de mediaci\u00f3n en asuntos civiles y mercantiles.\"  onclick=\"javascript:void window.open('http:\/\/digg.com\/submit?phase=2&url=www.fabregat-perulles-sales.com\/actualidad\/wp-json\/wp\/v2\/posts\/567&title=Se publica el Real Decreto 980\/2013, de 13 de diciembre, por el que se desarrollan determinados aspectos de la Ley 5\/2012, de 6 de julio, de mediaci\u00f3n en asuntos civiles y mercantiles.','1410949501326','width=700,height=500,toolbar=0,menubar=0,location=0,status=1,scrollbars=1,resizable=1,left=0,top=0');return false;\" style=\"background-position: -180px -120px \"><\/a>\r\n\t\t\t\t\t<\/li>\r\n\t\t\t\t\t\t\t\t\t\t<li class=\"none nobackground \" >\r\n\r\n\t\t\t\t\t\t\t\t\t\t\t\t<a id=\"backforunical567\" href=\"http:\/\/www.stumbleupon.com\/submit?url=www.fabregat-perulles-sales.com\/actualidad\/wp-json\/wp\/v2\/posts\/567&title=Se publica el Real Decreto 980\/2013, de 13 de diciembre, por el que se desarrollan determinados aspectos de la Ley 5\/2012, de 6 de julio, de mediaci\u00f3n en asuntos civiles y mercantiles.\"  onclick=\"javascript:void window.open('http:\/\/www.stumbleupon.com\/submit?url=www.fabregat-perulles-sales.com\/actualidad\/wp-json\/wp\/v2\/posts\/567&title=Se publica el Real Decreto 980\/2013, de 13 de diciembre, por el que se desarrollan determinados aspectos de la Ley 5\/2012, de 6 de julio, de mediaci\u00f3n en asuntos civiles y mercantiles.','1410949501326','width=700,height=500,toolbar=0,menubar=0,location=0,status=1,scrollbars=1,resizable=1,left=0,top=0');return false;\" style=\"background-position: -210px -120px \"><\/a>\r\n\t\t\t\t\t<\/li>\r\n\t\t\t\t\t\t\t\t\t\t<li class=\"none nobackground \" >\r\n\r\n\t\t\t\t\t\t\t\t\t\t\t\t<a id=\"backforunical567\" href=\"https:\/\/myspace.com\/post?l=3&u=www.fabregat-perulles-sales.com\/actualidad\/wp-json\/wp\/v2\/posts\/567\"  onclick=\"javascript:void window.open('https:\/\/myspace.com\/post?l=3&u=www.fabregat-perulles-sales.com\/actualidad\/wp-json\/wp\/v2\/posts\/567','1410949501326','width=700,height=500,toolbar=0,menubar=0,location=0,status=1,scrollbars=1,resizable=1,left=0,top=0');return false;\" style=\"background-position: -240px -120px \"><\/a>\r\n\t\t\t\t\t<\/li>\r\n\t\t\t\t\t\t\t\t\t\t<li class=\"nobackground \" >\r\n\r\n\t\t\t\t\t\t\t\t\t\t\t\t<a id=\"backforunical567\" href=\"http:\/\/vk.com\/share.php?url=www.fabregat-perulles-sales.com\/actualidad\/wp-json\/wp\/v2\/posts\/567&title=Se publica el Real Decreto 980\/2013, de 13 de diciembre, por el que se desarrollan determinados aspectos de la Ley 5\/2012, de 6 de julio, de mediaci\u00f3n en asuntos civiles y mercantiles.\"  onclick=\"javascript:void window.open('http:\/\/vk.com\/share.php?url=www.fabregat-perulles-sales.com\/actualidad\/wp-json\/wp\/v2\/posts\/567&title=Se publica el Real Decreto 980\/2013, de 13 de diciembre, por el que se desarrollan determinados aspectos de la Ley 5\/2012, de 6 de julio, de mediaci\u00f3n en asuntos civiles y mercantiles.','1410949501326','width=700,height=500,toolbar=0,menubar=0,location=0,status=1,scrollbars=1,resizable=1,left=0,top=0');return false;\" style=\"background-position: -270px -120px \"><\/a>\r\n\t\t\t\t\t<\/li>\r\n\t\t\t\t\t\t\t\t\t\t<li class=\"none nobackground \" >\r\n\r\n\t\t\t\t\t\t\t\t\t\t\t\t<a id=\"backforunical567\" href=\"http:\/\/www.reddit.com\/submit?url=www.fabregat-perulles-sales.com\/actualidad\/wp-json\/wp\/v2\/posts\/567&title=Se publica el Real Decreto 980\/2013, de 13 de diciembre, por el que se desarrollan determinados aspectos de la Ley 5\/2012, de 6 de julio, de mediaci\u00f3n en asuntos civiles y mercantiles.\"  onclick=\"javascript:void window.open('http:\/\/www.reddit.com\/submit?url=www.fabregat-perulles-sales.com\/actualidad\/wp-json\/wp\/v2\/posts\/567&title=Se publica el Real Decreto 980\/2013, de 13 de diciembre, por el que se desarrollan determinados aspectos de la Ley 5\/2012, de 6 de julio, de mediaci\u00f3n en asuntos civiles y mercantiles.','1410949501326','width=700,height=500,toolbar=0,menubar=0,location=0,status=1,scrollbars=1,resizable=1,left=0,top=0');return false;\" style=\"background-position: -300px -120px \"><\/a>\r\n\t\t\t\t\t<\/li>\r\n\t\t\t\t\t\t\t\t\t\t<li class=\"none nobackground \" >\r\n\r\n\t\t\t\t\t\t\t\t\t\t\t\t<a id=\"backforunical567\" href=\"http:\/\/www.bebo.com\/c\/share?Url=www.fabregat-perulles-sales.com\/actualidad\/wp-json\/wp\/v2\/posts\/567\"  onclick=\"javascript:void window.open('http:\/\/www.bebo.com\/c\/share?Url=www.fabregat-perulles-sales.com\/actualidad\/wp-json\/wp\/v2\/posts\/567','1410949501326','width=700,height=500,toolbar=0,menubar=0,location=0,status=1,scrollbars=1,resizable=1,left=0,top=0');return false;\" style=\"background-position: -330px -120px \"><\/a>\r\n\t\t\t\t\t<\/li>\r\n\t\t\t\t\t\t\t\t\t\t<li class=\"none nobackground \" >\r\n\r\n\t\t\t\t\t\t\t\t\t\t\t\t<a id=\"backforunical567\" href=\"https:\/\/delicious.com\/save?v=5&noui&jump=close&url=www.fabregat-perulles-sales.com\/actualidad\/wp-json\/wp\/v2\/posts\/567&title=Se publica el Real Decreto 980\/2013, de 13 de diciembre, por el que se desarrollan determinados aspectos de la Ley 5\/2012, de 6 de julio, de mediaci\u00f3n en asuntos civiles y mercantiles.\"  onclick=\"javascript:void window.open('https:\/\/delicious.com\/save?v=5&noui&jump=close&url=www.fabregat-perulles-sales.com\/actualidad\/wp-json\/wp\/v2\/posts\/567&title=Se publica el Real Decreto 980\/2013, de 13 de diciembre, por el que se desarrollan determinados aspectos de la Ley 5\/2012, de 6 de julio, de mediaci\u00f3n en asuntos civiles y mercantiles.','1410949501326','width=700,height=500,toolbar=0,menubar=0,location=0,status=1,scrollbars=1,resizable=1,left=0,top=0');return false;\" style=\"background-position: -360px -120px \"><\/a>\r\n\t\t\t\t\t<\/li>\r\n\t\t\t\t\t\t\t\t\t\t<li class=\"none nobackground \" >\r\n\r\n\t\t\t\t\t\t\t\t\t\t\t\t<a id=\"backforunical567\" href=\"http:\/\/www.odnoklassniki.ru\/dk?st.cmd=addShare&st.s=2&st.noresize=on&st._surl=www.fabregat-perulles-sales.com\/actualidad\/wp-json\/wp\/v2\/posts\/567\"  onclick=\"javascript:void window.open('http:\/\/www.odnoklassniki.ru\/dk?st.cmd=addShare&st.s=2&st.noresize=on&st._surl=www.fabregat-perulles-sales.com\/actualidad\/wp-json\/wp\/v2\/posts\/567','1410949501326','width=700,height=500,toolbar=0,menubar=0,location=0,status=1,scrollbars=1,resizable=1,left=0,top=0');return false;\" style=\"background-position: -390px -120px \"><\/a>\r\n\t\t\t\t\t<\/li>\r\n\t\t\t\t\t\t\t\t\t\t<li class=\"none nobackground \" >\r\n\r\n\t\t\t\t\t\t\t\t\t\t\t\t<a id=\"backforunical567\" href=\"http:\/\/sns.qzone.qq.com\/cgi-bin\/qzshare\/cgi_qzshare_onekey?url=www.fabregat-perulles-sales.com\/actualidad\/wp-json\/wp\/v2\/posts\/567&title=Se publica el Real Decreto 980\/2013, de 13 de diciembre, por el que se desarrollan determinados aspectos de la Ley 5\/2012, de 6 de julio, de mediaci\u00f3n en asuntos civiles y mercantiles.\"  onclick=\"javascript:void window.open('http:\/\/sns.qzone.qq.com\/cgi-bin\/qzshare\/cgi_qzshare_onekey?url=www.fabregat-perulles-sales.com\/actualidad\/wp-json\/wp\/v2\/posts\/567&title=Se publica el Real Decreto 980\/2013, de 13 de diciembre, por el que se desarrollan determinados aspectos de la Ley 5\/2012, de 6 de julio, de mediaci\u00f3n en asuntos civiles y mercantiles.','1410949501326','width=700,height=500,toolbar=0,menubar=0,location=0,status=1,scrollbars=1,resizable=1,left=0,top=0');return false;\" style=\"background-position: -420px -120px \"><\/a>\r\n\t\t\t\t\t<\/li>\r\n\t\t\t\t\t\t\t\t\t\t<li class=\"none nobackground \" >\r\n\r\n\t\t\t\t\t\t\t\t\t\t\t\t<a id=\"backforunical567\" href=\"http:\/\/service.weibo.com\/share\/share.php?url=www.fabregat-perulles-sales.com\/actualidad\/wp-json\/wp\/v2\/posts\/567&appkey=&title=Se publica el Real Decreto 980\/2013, de 13 de diciembre, por el que se desarrollan determinados aspectos de la Ley 5\/2012, de 6 de julio, de mediaci\u00f3n en asuntos civiles y mercantiles.&pic=&ralateUid=&\"  onclick=\"javascript:void window.open('http:\/\/service.weibo.com\/share\/share.php?url=www.fabregat-perulles-sales.com\/actualidad\/wp-json\/wp\/v2\/posts\/567&appkey=&title=Se publica el Real Decreto 980\/2013, de 13 de diciembre, por el que se desarrollan determinados aspectos de la Ley 5\/2012, de 6 de julio, de mediaci\u00f3n en asuntos civiles y mercantiles.&pic=&ralateUid=&','1410949501326','width=700,height=500,toolbar=0,menubar=0,location=0,status=1,scrollbars=1,resizable=1,left=0,top=0');return false;\" style=\"background-position: -450px -120px \"><\/a>\r\n\t\t\t\t\t<\/li>\r\n\t\t\t\t\t\t\t\t\t\t<li class=\"none nobackground \" >\r\n\r\n\t\t\t\t\t\t\t\t\t\t\t\t<a id=\"backforunical567\" href=\"http:\/\/widget.renren.com\/dialog\/share?resourceUrl=www.fabregat-perulles-sales.com\/actualidad\/wp-json\/wp\/v2\/posts\/567&srcUrl=www.fabregat-perulles-sales.com\/actualidad\/wp-json\/wp\/v2\/posts\/567&title=Se publica el Real Decreto 980\/2013, de 13 de diciembre, por el que se desarrollan determinados aspectos de la Ley 5\/2012, de 6 de julio, de mediaci\u00f3n en asuntos civiles y mercantiles.\"  onclick=\"javascript:void window.open('http:\/\/widget.renren.com\/dialog\/share?resourceUrl=www.fabregat-perulles-sales.com\/actualidad\/wp-json\/wp\/v2\/posts\/567&srcUrl=www.fabregat-perulles-sales.com\/actualidad\/wp-json\/wp\/v2\/posts\/567&title=Se publica el Real Decreto 980\/2013, de 13 de diciembre, por el que se desarrollan determinados aspectos de la Ley 5\/2012, de 6 de julio, de mediaci\u00f3n en asuntos civiles y mercantiles.','1410949501326','width=700,height=500,toolbar=0,menubar=0,location=0,status=1,scrollbars=1,resizable=1,left=0,top=0');return false;\" style=\"background-position: -480px -120px \"><\/a>\r\n\t\t\t\t\t<\/li>\r\n\t\t\t\t\t\t\t\t\t\t<li class=\"none nobackground \" >\r\n\r\n\t\t\t\t\t\t\t\t\t\t\t\t<a id=\"backforunical567\" href=\"http:\/\/n4g.com\/tips?url=www.fabregat-perulles-sales.com\/actualidad\/wp-json\/wp\/v2\/posts\/567&title=Se publica el Real Decreto 980\/2013, de 13 de diciembre, por el que se desarrollan determinados aspectos de la Ley 5\/2012, de 6 de julio, de mediaci\u00f3n en asuntos civiles y mercantiles.\"  onclick=\"javascript:void window.open('http:\/\/n4g.com\/tips?url=www.fabregat-perulles-sales.com\/actualidad\/wp-json\/wp\/v2\/posts\/567&title=Se publica el Real Decreto 980\/2013, de 13 de diciembre, por el que se desarrollan determinados aspectos de la Ley 5\/2012, de 6 de julio, de mediaci\u00f3n en asuntos civiles y mercantiles.','1410949501326','width=700,height=500,toolbar=0,menubar=0,location=0,status=1,scrollbars=1,resizable=1,left=0,top=0');return false;\" style=\"background-position: -510px -120px \"><\/a>\r\n\t\t\t\t\t<\/li>\r\n\t\t\t\t\t\t\t\t<\/ul>\r\n\t\t\t<div class=\"clear\"><\/div>\r\n\t\t<\/div>\r\n\t\t","protected":false},"excerpt":{"rendered":"<p>El BOE 310 de 27 de diciembre publica el Real Decreto 980\/2013, de 13 de diciembre, por el que se desarrollan determinados aspectos de la Ley 5\/2012, de 6 de julio, de mediaci\u00f3n en asuntos civiles y mercantiles, cuya necesidad y oportunidad, entendemos, no puede separarse de la reciente publicaci\u00f3n de la\u00a0 Ley 14\/2013, de\u2026 <span class=\"read-more\"><a href=\"https:\/\/www.fabregat-perulles-sales.com\/actualidad\/real-decreto-9802013-de-13-de-diciembre-por-el-que-se-desarrollan-determinados-aspectos-de-la-ley-52012-de-6-de-julio-de-mediacion-en-asuntos-civiles-y-mercantiles\/\">Read More &raquo;<\/a><\/span><\/p>\n","protected":false},"author":3,"featured_media":0,"comment_status":"open","ping_status":"open","sticky":false,"template":"","format":"standard","meta":[],"categories":[466,3],"tags":[772,29,228],"yoast_head":"<!-- This site is optimized with the Yoast SEO plugin v20.2.1 - https:\/\/yoast.com\/wordpress\/plugins\/seo\/ -->\n<title>Se publica el Real Decreto 980\/2013, de 13 de diciembre, por el que se desarrollan determinados aspectos de la Ley 5\/2012, de 6 de julio, de mediaci\u00f3n en asuntos civiles y mercantiles. | International Lawyers<\/title>\n<meta name=\"description\" content=\"El BOE 310 de 27 de diciembre publica el Real Decreto 980\/2013, de 13 de diciembre, por el que se desarrollan determinados aspectos de la Ley 5\/2012, de 6\" \/>\n<meta name=\"robots\" content=\"index, follow, max-snippet:-1, max-image-preview:large, max-video-preview:-1\" \/>\n<link rel=\"canonical\" href=\"https:\/\/www.fabregat-perulles-sales.com\/actualidad\/real-decreto-9802013-de-13-de-diciembre-por-el-que-se-desarrollan-determinados-aspectos-de-la-ley-52012-de-6-de-julio-de-mediacion-en-asuntos-civiles-y-mercantiles\/\" \/>\n<meta property=\"og:locale\" content=\"en_US\" \/>\n<meta property=\"og:type\" content=\"article\" \/>\n<meta property=\"og:title\" content=\"Se publica el Real Decreto 980\/2013, de 13 de diciembre, por el que se desarrollan determinados aspectos de la Ley 5\/2012, de 6 de julio, de mediaci\u00f3n en asuntos civiles y mercantiles. | International Lawyers\" \/>\n<meta property=\"og:description\" content=\"El BOE 310 de 27 de diciembre publica el Real Decreto 980\/2013, de 13 de diciembre, por el que se desarrollan determinados aspectos de la Ley 5\/2012, de 6\" \/>\n<meta property=\"og:url\" content=\"https:\/\/www.fabregat-perulles-sales.com\/actualidad\/real-decreto-9802013-de-13-de-diciembre-por-el-que-se-desarrollan-determinados-aspectos-de-la-ley-52012-de-6-de-julio-de-mediacion-en-asuntos-civiles-y-mercantiles\/\" \/>\n<meta property=\"og:site_name\" content=\"International Lawyers\" \/>\n<meta property=\"article:published_time\" content=\"2014-01-02T15:19:57+00:00\" \/>\n<meta property=\"article:modified_time\" content=\"2014-11-26T12:34:15+00:00\" \/>\n<meta name=\"author\" content=\"Victor\" \/>\n<meta name=\"twitter:card\" content=\"summary_large_image\" \/>\n<meta name=\"twitter:label1\" content=\"Written by\" \/>\n\t<meta name=\"twitter:data1\" content=\"Victor\" \/>\n\t<meta name=\"twitter:label2\" content=\"Est. reading time\" \/>\n\t<meta name=\"twitter:data2\" content=\"7 minutes\" \/>\n<script type=\"application\/ld+json\" class=\"yoast-schema-graph\">{\"@context\":\"https:\/\/schema.org\",\"@graph\":[{\"@type\":\"WebPage\",\"@id\":\"https:\/\/www.fabregat-perulles-sales.com\/actualidad\/real-decreto-9802013-de-13-de-diciembre-por-el-que-se-desarrollan-determinados-aspectos-de-la-ley-52012-de-6-de-julio-de-mediacion-en-asuntos-civiles-y-mercantiles\/\",\"url\":\"https:\/\/www.fabregat-perulles-sales.com\/actualidad\/real-decreto-9802013-de-13-de-diciembre-por-el-que-se-desarrollan-determinados-aspectos-de-la-ley-52012-de-6-de-julio-de-mediacion-en-asuntos-civiles-y-mercantiles\/\",\"name\":\"Se publica el Real Decreto 980\/2013, de 13 de diciembre, por el que se desarrollan determinados aspectos de la Ley 5\/2012, de 6 de julio, de mediaci\u00f3n en asuntos civiles y mercantiles. | International Lawyers\",\"isPartOf\":{\"@id\":\"https:\/\/www.fabregat-perulles-sales.com\/actualidad\/#website\"},\"datePublished\":\"2014-01-02T15:19:57+00:00\",\"dateModified\":\"2014-11-26T12:34:15+00:00\",\"author\":{\"@id\":\"https:\/\/www.fabregat-perulles-sales.com\/actualidad\/#\/schema\/person\/cabc1d68c7778f01d5e069c2d98442e3\"},\"description\":\"El BOE 310 de 27 de diciembre publica el Real Decreto 980\/2013, de 13 de diciembre, por el que se desarrollan determinados aspectos de la Ley 5\/2012, de 6\",\"breadcrumb\":{\"@id\":\"https:\/\/www.fabregat-perulles-sales.com\/actualidad\/real-decreto-9802013-de-13-de-diciembre-por-el-que-se-desarrollan-determinados-aspectos-de-la-ley-52012-de-6-de-julio-de-mediacion-en-asuntos-civiles-y-mercantiles\/#breadcrumb\"},\"inLanguage\":\"en-US\",\"potentialAction\":[{\"@type\":\"ReadAction\",\"target\":[\"https:\/\/www.fabregat-perulles-sales.com\/actualidad\/real-decreto-9802013-de-13-de-diciembre-por-el-que-se-desarrollan-determinados-aspectos-de-la-ley-52012-de-6-de-julio-de-mediacion-en-asuntos-civiles-y-mercantiles\/\"]}]},{\"@type\":\"BreadcrumbList\",\"@id\":\"https:\/\/www.fabregat-perulles-sales.com\/actualidad\/real-decreto-9802013-de-13-de-diciembre-por-el-que-se-desarrollan-determinados-aspectos-de-la-ley-52012-de-6-de-julio-de-mediacion-en-asuntos-civiles-y-mercantiles\/#breadcrumb\",\"itemListElement\":[{\"@type\":\"ListItem\",\"position\":1,\"name\":\"Home\",\"item\":\"https:\/\/www.fabregat-perulles-sales.com\/actualidad\/\"},{\"@type\":\"ListItem\",\"position\":2,\"name\":\"Se publica el Real Decreto 980\/2013, de 13 de diciembre, por el que se desarrollan determinados aspectos de la Ley 5\/2012, de 6 de julio, de mediaci\u00f3n en asuntos civiles y mercantiles.\"}]},{\"@type\":\"WebSite\",\"@id\":\"https:\/\/www.fabregat-perulles-sales.com\/actualidad\/#website\",\"url\":\"https:\/\/www.fabregat-perulles-sales.com\/actualidad\/\",\"name\":\"www.fabregat-perulles-sales.com\",\"description\":\"Fabregat Perulles Sales Abogados is a law firm of reference international market in the Spanish-German, Spanish-French, and Spanish-Italian. Is one of the first firms in Barcelona offering a Russian Desk.\",\"potentialAction\":[{\"@type\":\"SearchAction\",\"target\":{\"@type\":\"EntryPoint\",\"urlTemplate\":\"https:\/\/www.fabregat-perulles-sales.com\/actualidad\/?s={search_term_string}\"},\"query-input\":\"required name=search_term_string\"}],\"inLanguage\":\"en-US\"},{\"@type\":\"Person\",\"@id\":\"https:\/\/www.fabregat-perulles-sales.com\/actualidad\/#\/schema\/person\/cabc1d68c7778f01d5e069c2d98442e3\",\"name\":\"Victor\",\"image\":{\"@type\":\"ImageObject\",\"inLanguage\":\"en-US\",\"@id\":\"https:\/\/www.fabregat-perulles-sales.com\/actualidad\/#\/schema\/person\/image\/\",\"url\":\"https:\/\/secure.gravatar.com\/avatar\/756cb666a964d2960ffe307b8a53b271?s=96&d=mm&r=g\",\"contentUrl\":\"https:\/\/secure.gravatar.com\/avatar\/756cb666a964d2960ffe307b8a53b271?s=96&d=mm&r=g\",\"caption\":\"Victor\"},\"sameAs\":[\"http:\/\/www.fabregat-perulles-sales.com\"],\"url\":\"https:\/\/www.fabregat-perulles-sales.com\/actualidad\/author\/victor\/\"}]}<\/script>\n<!-- \/ Yoast SEO plugin. -->","yoast_head_json":{"title":"Se publica el Real Decreto 980\/2013, de 13 de diciembre, por el que se desarrollan determinados aspectos de la Ley 5\/2012, de 6 de julio, de mediaci\u00f3n en asuntos civiles y mercantiles. | International Lawyers","description":"El BOE 310 de 27 de diciembre publica el Real Decreto 980\/2013, de 13 de diciembre, por el que se desarrollan determinados aspectos de la Ley 5\/2012, de 6","robots":{"index":"index","follow":"follow","max-snippet":"max-snippet:-1","max-image-preview":"max-image-preview:large","max-video-preview":"max-video-preview:-1"},"canonical":"https:\/\/www.fabregat-perulles-sales.com\/actualidad\/real-decreto-9802013-de-13-de-diciembre-por-el-que-se-desarrollan-determinados-aspectos-de-la-ley-52012-de-6-de-julio-de-mediacion-en-asuntos-civiles-y-mercantiles\/","og_locale":"en_US","og_type":"article","og_title":"Se publica el Real Decreto 980\/2013, de 13 de diciembre, por el que se desarrollan determinados aspectos de la Ley 5\/2012, de 6 de julio, de mediaci\u00f3n en asuntos civiles y mercantiles. | International Lawyers","og_description":"El BOE 310 de 27 de diciembre publica el Real Decreto 980\/2013, de 13 de diciembre, por el que se desarrollan determinados aspectos de la Ley 5\/2012, de 6","og_url":"https:\/\/www.fabregat-perulles-sales.com\/actualidad\/real-decreto-9802013-de-13-de-diciembre-por-el-que-se-desarrollan-determinados-aspectos-de-la-ley-52012-de-6-de-julio-de-mediacion-en-asuntos-civiles-y-mercantiles\/","og_site_name":"International Lawyers","article_published_time":"2014-01-02T15:19:57+00:00","article_modified_time":"2014-11-26T12:34:15+00:00","author":"Victor","twitter_card":"summary_large_image","twitter_misc":{"Written by":"Victor","Est. reading time":"7 minutes"},"schema":{"@context":"https:\/\/schema.org","@graph":[{"@type":"WebPage","@id":"https:\/\/www.fabregat-perulles-sales.com\/actualidad\/real-decreto-9802013-de-13-de-diciembre-por-el-que-se-desarrollan-determinados-aspectos-de-la-ley-52012-de-6-de-julio-de-mediacion-en-asuntos-civiles-y-mercantiles\/","url":"https:\/\/www.fabregat-perulles-sales.com\/actualidad\/real-decreto-9802013-de-13-de-diciembre-por-el-que-se-desarrollan-determinados-aspectos-de-la-ley-52012-de-6-de-julio-de-mediacion-en-asuntos-civiles-y-mercantiles\/","name":"Se publica el Real Decreto 980\/2013, de 13 de diciembre, por el que se desarrollan determinados aspectos de la Ley 5\/2012, de 6 de julio, de mediaci\u00f3n en asuntos civiles y mercantiles. | International Lawyers","isPartOf":{"@id":"https:\/\/www.fabregat-perulles-sales.com\/actualidad\/#website"},"datePublished":"2014-01-02T15:19:57+00:00","dateModified":"2014-11-26T12:34:15+00:00","author":{"@id":"https:\/\/www.fabregat-perulles-sales.com\/actualidad\/#\/schema\/person\/cabc1d68c7778f01d5e069c2d98442e3"},"description":"El BOE 310 de 27 de diciembre publica el Real Decreto 980\/2013, de 13 de diciembre, por el que se desarrollan determinados aspectos de la Ley 5\/2012, de 6","breadcrumb":{"@id":"https:\/\/www.fabregat-perulles-sales.com\/actualidad\/real-decreto-9802013-de-13-de-diciembre-por-el-que-se-desarrollan-determinados-aspectos-de-la-ley-52012-de-6-de-julio-de-mediacion-en-asuntos-civiles-y-mercantiles\/#breadcrumb"},"inLanguage":"en-US","potentialAction":[{"@type":"ReadAction","target":["https:\/\/www.fabregat-perulles-sales.com\/actualidad\/real-decreto-9802013-de-13-de-diciembre-por-el-que-se-desarrollan-determinados-aspectos-de-la-ley-52012-de-6-de-julio-de-mediacion-en-asuntos-civiles-y-mercantiles\/"]}]},{"@type":"BreadcrumbList","@id":"https:\/\/www.fabregat-perulles-sales.com\/actualidad\/real-decreto-9802013-de-13-de-diciembre-por-el-que-se-desarrollan-determinados-aspectos-de-la-ley-52012-de-6-de-julio-de-mediacion-en-asuntos-civiles-y-mercantiles\/#breadcrumb","itemListElement":[{"@type":"ListItem","position":1,"name":"Home","item":"https:\/\/www.fabregat-perulles-sales.com\/actualidad\/"},{"@type":"ListItem","position":2,"name":"Se publica el Real Decreto 980\/2013, de 13 de diciembre, por el que se desarrollan determinados aspectos de la Ley 5\/2012, de 6 de julio, de mediaci\u00f3n en asuntos civiles y mercantiles."}]},{"@type":"WebSite","@id":"https:\/\/www.fabregat-perulles-sales.com\/actualidad\/#website","url":"https:\/\/www.fabregat-perulles-sales.com\/actualidad\/","name":"www.fabregat-perulles-sales.com","description":"Fabregat Perulles Sales Abogados is a law firm of reference international market in the Spanish-German, Spanish-French, and Spanish-Italian. Is one of the first firms in Barcelona offering a Russian Desk.","potentialAction":[{"@type":"SearchAction","target":{"@type":"EntryPoint","urlTemplate":"https:\/\/www.fabregat-perulles-sales.com\/actualidad\/?s={search_term_string}"},"query-input":"required name=search_term_string"}],"inLanguage":"en-US"},{"@type":"Person","@id":"https:\/\/www.fabregat-perulles-sales.com\/actualidad\/#\/schema\/person\/cabc1d68c7778f01d5e069c2d98442e3","name":"Victor","image":{"@type":"ImageObject","inLanguage":"en-US","@id":"https:\/\/www.fabregat-perulles-sales.com\/actualidad\/#\/schema\/person\/image\/","url":"https:\/\/secure.gravatar.com\/avatar\/756cb666a964d2960ffe307b8a53b271?s=96&d=mm&r=g","contentUrl":"https:\/\/secure.gravatar.com\/avatar\/756cb666a964d2960ffe307b8a53b271?s=96&d=mm&r=g","caption":"Victor"},"sameAs":["http:\/\/www.fabregat-perulles-sales.com"],"url":"https:\/\/www.fabregat-perulles-sales.com\/actualidad\/author\/victor\/"}]}},"amp_enabled":true,"_links":{"self":[{"href":"https:\/\/www.fabregat-perulles-sales.com\/actualidad\/wp-json\/wp\/v2\/posts\/567"}],"collection":[{"href":"https:\/\/www.fabregat-perulles-sales.com\/actualidad\/wp-json\/wp\/v2\/posts"}],"about":[{"href":"https:\/\/www.fabregat-perulles-sales.com\/actualidad\/wp-json\/wp\/v2\/types\/post"}],"author":[{"embeddable":true,"href":"https:\/\/www.fabregat-perulles-sales.com\/actualidad\/wp-json\/wp\/v2\/users\/3"}],"replies":[{"embeddable":true,"href":"https:\/\/www.fabregat-perulles-sales.com\/actualidad\/wp-json\/wp\/v2\/comments?post=567"}],"version-history":[{"count":10,"href":"https:\/\/www.fabregat-perulles-sales.com\/actualidad\/wp-json\/wp\/v2\/posts\/567\/revisions"}],"predecessor-version":[{"id":1522,"href":"https:\/\/www.fabregat-perulles-sales.com\/actualidad\/wp-json\/wp\/v2\/posts\/567\/revisions\/1522"}],"wp:attachment":[{"href":"https:\/\/www.fabregat-perulles-sales.com\/actualidad\/wp-json\/wp\/v2\/media?parent=567"}],"wp:term":[{"taxonomy":"category","embeddable":true,"href":"https:\/\/www.fabregat-perulles-sales.com\/actualidad\/wp-json\/wp\/v2\/categories?post=567"},{"taxonomy":"post_tag","embeddable":true,"href":"https:\/\/www.fabregat-perulles-sales.com\/actualidad\/wp-json\/wp\/v2\/tags?post=567"}],"curies":[{"name":"wp","href":"https:\/\/api.w.org\/{rel}","templated":true}]}}