{"id":56,"date":"2012-11-16T15:51:31","date_gmt":"2012-11-16T13:51:31","guid":{"rendered":"http:\/\/www.fabregat-perulles-sales.com\/actualidad\/?p=56"},"modified":"2014-11-26T14:48:35","modified_gmt":"2014-11-26T12:48:35","slug":"derecho-fiscal-y-tributario","status":"publish","type":"post","link":"https:\/\/www.fabregat-perulles-sales.com\/actualidad\/derecho-fiscal-y-tributario\/","title":{"rendered":"Derecho Fiscal y Tributario"},"content":{"rendered":"<p><strong>A.- R\u00c9GIMEN GENERAL<\/strong><\/p>\n<p><strong> <\/strong><\/p>\n<p><strong>i.) Sentencia Tribunal Supremo \u2013 11\/07\/2011 Sala Tercera<\/strong><\/p>\n<p><strong> <\/strong><\/p>\n<p>Reconoce el derecho a la deducci\u00f3n del IVA cuando en la escritura p\u00fablica en que se produce una transmisi\u00f3n de bienes consten todos los datos que de acuerdo con la normativa del impuesto deber\u00edan constar en una factura.<\/p>\n<p><!--more--> <span style=\"font-weight: bold;\">ii.) Real Decreto-ley 9\/2011, de 19 de agosto, de medidas para la mejora de la calidad y cohesi\u00f3n del sistema nacional de salud, de contribuci\u00f3n a la consolidaci\u00f3n fiscal, y de elevaci\u00f3n del importe m\u00e1ximo de los avales del Estado para 2011<\/span><\/p>\n<p><strong> <\/strong><\/p>\n<p><strong> <span style=\"text-decoration: underline;\">Modificaciones en la Ley del Impuesto sobre Sociedades<\/span><\/strong><\/p>\n<p><strong>Pagos fraccionados<\/strong>: Se elevan los porcentajes para calcular los <strong>pagos fraccionados<\/strong> para los per\u00edodos impositivos que se inicien dentro de los a\u00f1os 2011, 2012 y 2013:<\/p>\n<ul>\n<li><span style=\"text-decoration: underline;\">Empresas cuya facturaci\u00f3n sea inferior      a veinte<\/span> <span style=\"text-decoration: underline;\">millones de      euros<\/span>: Se aumenta\u00a0 a cinco      s\u00e9ptimos sobre el tipo general.<\/li>\n<li>Empresas cuya facturaci\u00f3n se encuentre<span style=\"text-decoration: underline;\"> entre los veinte y los sesenta millones de euros,<\/span> pasa a ocho d\u00e9cimos      del tipo general.<\/li>\n<li><span style=\"text-decoration: underline;\">Empresas cuya facturaci\u00f3n sea superior      a sesenta millones de euros dicho porcentaje,<\/span> pasa a nueve d\u00e9cimos del tipo general.<\/li>\n<\/ul>\n<p><strong>Compensaci\u00f3n de bases imponibles negativas<\/strong>: Se establecen ciertos l\u00edmites a la compensaci\u00f3n de bases imponibles negativas de ejercicios anteriores para los ejercicios 11, 12 y 13:<\/p>\n<ul>\n<li>Las empresas cuya cifra de negocios se encuentre <span style=\"text-decoration: underline;\">entre los veinte y los sesenta millones de euros<\/span>, s\u00f3lo podr\u00e1n compensar el <strong><span style=\"text-decoration: underline;\">75%<\/span><\/strong><span style=\"text-decoration: underline;\"> <\/span>del beneficio imputable.<\/li>\n<li>Las empresas cuya cifra de negocios <span style=\"text-decoration: underline;\">supere los sesenta millones de euros<\/span>, este porcentaje se ver\u00e1 reducido al <strong><span style=\"text-decoration: underline;\">50%<\/span><\/strong><span style=\"text-decoration: underline;\">.<\/span><\/li>\n<\/ul>\n<p><strong><span style=\"text-decoration: underline;\">Modificaciones en el Impuesto sobre el Valor A\u00f1adido<\/span><\/strong><\/p>\n<p>Con car\u00e1cter temporal y con vigencia exclusiva desde el 20 de agosto de 2011 hasta el <strong>31 de diciembre de 2011<\/strong>, se establec\u00eda el tipo superreducido del 4% (en lugar del 8% habitual) a las primeras entregas de viviendas nuevas realizadas por empresarios y profesionales.<\/p>\n<p>Se aplicaba a todo tipo de viviendas <strong>nuevas<\/strong> y no s\u00f3lo a las viviendas de V.P.O. de r\u00e9gimen especial o de promoci\u00f3n p\u00fablica.<\/p>\n<p><strong>iii.)<\/strong><strong> <\/strong><strong>Real Decreto-ley 13\/2011, de 16 de septiembre, por el que se RESTABLECE el Impuesto sobre el Patrimonio, con car\u00e1cter temporal.<\/strong><\/p>\n<p>Entre las novedades m\u00e1s importantes introducidas destacan las siguientes:<\/p>\n<ul>\n<li>Se eleva el importe de exenci\u00f3n parcial      de la vivienda habitual a efectos del impuesto, estableci\u00e9ndose en <strong>300.000 euros<\/strong>.<\/li>\n<li>Se establece un m\u00ednimo exento, en el      caso de que las Comunidades Aut\u00f3nomas a las que est\u00e1 cedido el tributo no      lo hubieran establecido, de <strong>700.000      euros<\/strong>.<\/li>\n<li>Est\u00e1n obligados a presentar declaraci\u00f3n      los sujetos pasivos cuya cuota tributaria, determinada de acuerdo con las      normas reguladoras del impuesto y una vez aplicadas las deducciones o      bonificaciones que procedieren, resulte en ingresar, o cuando no d\u00e1ndose      esta circunstancia, el valor de sus bienes o derechos, determinado de      acuerdo con las normas reguladoras del impuesto, resulte superior a <strong>2.000.000 euros<\/strong>.<\/li>\n<\/ul>\n<p>Se obliga a los sujetos pasivos no residentes en Espa\u00f1a a <strong>nombrar un representante<\/strong> para que le represente frente a la  Administraci\u00f3n tributaria en relaci\u00f3n con sus obligaciones derivadas de este impuesto y cuyo incumplimiento lleva a una multa fija de 1.000 euros.<\/p>\n<p><strong>iv.) <\/strong><strong>Real Decreto-ley 20\/2011, de 30 de diciembre, de medidas urgentes en materia presupuestaria, tributaria y financiera para la correcci\u00f3n del d\u00e9ficit p\u00fablico.<\/strong><\/p>\n<p><strong> <\/strong><\/p>\n<p><strong><span style=\"text-decoration: underline;\">Modificaciones en el impuesto sobre la renta de las personas f\u00edsicas<\/span><\/strong><\/p>\n<p><strong><span style=\"text-decoration: underline;\"> <\/span><\/strong><\/p>\n<ul>\n<li>\u2022 <strong>Retenciones e ingresos a cuenta<\/strong><\/li>\n<\/ul>\n<p>Se crea un <strong>gravamen complementario<\/strong> que va desde el <strong>0,75 % hasta el 7 %<\/strong>. La medida tiene car\u00e1cter temporal, solo se aplicar\u00e1 para los ejercicios 2012 y 2013 sobre todos los tramos de <strong>base liquidable general<\/strong>. La escala es la siguiente:<\/p>\n<table border=\"0\" cellspacing=\"0\" cellpadding=\"0\">\n<thead>\n<tr>\n<td width=\"142\"><strong>Base    liquidable general<\/strong><strong><br \/>\n(hasta euros)<\/strong><\/td>\n<td width=\"147\"><strong>Incremento    en cuota \u00edntegra estatal<\/strong><strong><br \/>\n(euros)<\/strong><\/td>\n<td width=\"142\"><strong>Resto    base liquidable general<\/strong><strong><br \/>\n(hasta euros)<\/strong><\/td>\n<td width=\"145\"><strong>Complemento    aplicable<\/strong><strong><br \/>\n(porcentaje)<\/strong><\/td>\n<\/tr>\n<\/thead>\n<tbody>\n<tr>\n<td width=\"142\">0<\/td>\n<td width=\"147\">0<\/td>\n<td width=\"142\">17.707,20<\/td>\n<td width=\"145\">0,75<\/td>\n<\/tr>\n<tr>\n<td width=\"142\">17.707,20<\/td>\n<td width=\"147\">132,80<\/td>\n<td width=\"142\">15.300,00<\/td>\n<td width=\"145\">2<\/td>\n<\/tr>\n<tr>\n<td width=\"142\">33.007,20<\/td>\n<td width=\"147\">438,80<\/td>\n<td width=\"142\">20.400,00<\/td>\n<td width=\"145\">3<\/td>\n<\/tr>\n<tr>\n<td width=\"142\">53.407,20<\/td>\n<td width=\"147\">1.050,80<\/td>\n<td width=\"142\">66.593,00<\/td>\n<td width=\"145\">4<\/td>\n<\/tr>\n<tr>\n<td width=\"142\">120.000,20<\/td>\n<td width=\"147\">3.714,52<\/td>\n<td width=\"142\">55.000,00<\/td>\n<td width=\"145\">5<\/td>\n<\/tr>\n<tr>\n<td width=\"142\">175.000,20<\/td>\n<td width=\"147\">6.464,52<\/td>\n<td width=\"142\">125.000,00<\/td>\n<td width=\"145\">6<\/td>\n<\/tr>\n<tr>\n<td width=\"142\">300.000,20<\/td>\n<td width=\"147\">13.964,52<\/td>\n<td width=\"142\">En adelante<\/td>\n<td width=\"145\">7<\/td>\n<\/tr>\n<\/tbody>\n<\/table>\n<p>Tambi\u00e9n se establece un gravamen complementario para las <strong>rentas del ahorro<\/strong> en porcentajes que oscilan entre el <strong>2% y el 6%. <\/strong>La escala es la siguiente:<\/p>\n<table border=\"0\" cellspacing=\"0\" cellpadding=\"0\">\n<thead>\n<tr>\n<td width=\"461\"><strong>Base    liquidable del ahorro<\/strong><strong><br \/>\n(hasta euros)<\/strong><\/td>\n<td width=\"534\"><strong>Incremento    en cuota \u00edntegra estatal<\/strong><strong><br \/>\n(euros)<\/strong><\/td>\n<td width=\"534\"><strong>Resto    base liquidable del ahorro<\/strong><strong><br \/>\n(hasta euros)<\/strong><\/td>\n<td width=\"461\"><strong>Tipo    aplicable<\/strong><strong><br \/>\n(porcentaje)<\/strong><\/td>\n<\/tr>\n<\/thead>\n<tbody>\n<tr>\n<td width=\"461\">0<\/td>\n<td width=\"534\">0<\/td>\n<td width=\"534\">6.000<\/td>\n<td width=\"461\">2<\/td>\n<\/tr>\n<tr>\n<td width=\"461\">6.000,00<\/td>\n<td width=\"534\">120<\/td>\n<td width=\"534\">18.000<\/td>\n<td width=\"461\">4<\/td>\n<\/tr>\n<tr>\n<td width=\"461\">24.000,00<\/td>\n<td width=\"534\">840<\/td>\n<td width=\"534\">En adelante<\/td>\n<td width=\"461\">6<\/td>\n<\/tr>\n<\/tbody>\n<\/table>\n<p>Adem\u00e1s se incrementa el <strong>tipo de RETENCI\u00d3N<\/strong> de los siguientes rendimientos:<\/p>\n<p><span style=\"text-decoration: underline;\">IRPF:<\/span><\/p>\n<p>&#8211;\u00a0\u00a0\u00a0\u00a0\u00a0\u00a0\u00a0\u00a0 los rendimientos de <strong>administradores<\/strong> y miembros de consejo de administraci\u00f3n, al <strong>42 %<\/strong><\/p>\n<p>&#8211;\u00a0\u00a0\u00a0\u00a0\u00a0\u00a0\u00a0\u00a0 el <strong>capital mobiliario,<\/strong> al <strong>21 %<\/strong><\/p>\n<p>&#8211;\u00a0\u00a0\u00a0\u00a0\u00a0\u00a0\u00a0\u00a0 las transmisiones o reembolsos de <strong>acciones<\/strong> y participaciones en instituciones de <strong>inversi\u00f3n colectiva<\/strong>; aprovechamientos p\u00fablicos en montes p\u00fablicos vecinales; y premios, al <strong>21 %<\/strong><\/p>\n<p>&#8211;\u00a0\u00a0\u00a0\u00a0\u00a0\u00a0\u00a0\u00a0 los<strong> arrendamientos<\/strong> y subarrendamientos de bienes inmuebles urbanos; propiedad intelectual e industrial; asistencia t\u00e9cnica; arrendamiento y subarrendamiento de bienes muebles; negocios o minas, al <strong>21%<\/strong> y para la cesi\u00f3n de derechos de imagen, al <strong>24 %<\/strong>.<\/p>\n<p><span style=\"text-decoration: underline;\"> <\/span><\/p>\n<p><span style=\"text-decoration: underline;\">Impuesto sobre Sociedades:<\/span><\/p>\n<p>&#8211;\u00a0\u00a0\u00a0\u00a0\u00a0\u00a0\u00a0\u00a0 <strong>tipo general<\/strong> de retenci\u00f3n, al <strong>21 %<\/strong><\/p>\n<p><span style=\"text-decoration: underline;\"> <\/span><\/p>\n<p><span style=\"text-decoration: underline;\">IRNR: <\/span><\/p>\n<p>&#8211;\u00a0\u00a0\u00a0\u00a0\u00a0\u00a0\u00a0\u00a0 <strong>tipo general<\/strong> de retenci\u00f3n, al <strong>24,75 %<\/strong><\/p>\n<p>&#8211;\u00a0\u00a0\u00a0\u00a0\u00a0\u00a0\u00a0\u00a0 los<strong> dividendos <\/strong>y otros rendimientos derivados de la participaci\u00f3n en los fondos propios de una entidad; intereses y otros rendimientos obtenidos por la cesi\u00f3n a terceros de capitales propios; y ganancias patrimoniales que se pongan de manifiesto con ocasi\u00f3n de transmisiones de elementos patrimoniales, al <strong>21%.<\/strong><\/p>\n<ul>\n<li><strong>Otras medidas en el \u00e1mbito del IRPF<\/strong><\/li>\n<\/ul>\n<ol>\n<li>Restablecimiento de la deducci\u00f3n por vivienda habitual para todos los contribuyentes.<\/li>\n<li>Mantenimiento de la <strong>reducci\u00f3n del 20%<\/strong> para el c\u00e1lculo de los rendimientos netos de actividades econ\u00f3micas, vinculada al mantenimiento \/ creaci\u00f3n de empleo hasta el 31 de diciembre de 2012.<\/li>\n<li>Exenci\u00f3n de las retribuciones en especie por inversiones o gastos que supongan la entrega a trabajadores de equipos inform\u00e1ticos.<\/li>\n<\/ol>\n<p><strong><span style=\"text-decoration: underline;\">Modificaciones relativas al Impuesto de Sociedades<\/span><\/strong><\/p>\n<p><strong> <\/strong><\/p>\n<ul>\n<li>Se      prorroga para el ejercicio 2012 el tipo de gravamen reducido (20% por la      parte de base imponible comprendida entre 0 y 300.000 \u20ac y 25% por el      exceso) en el Impuesto de Sociedades por <strong>mantenimiento o creaci\u00f3n de empleo para las microempresas<\/strong>.<\/li>\n<li>Se      prorroga hasta el a\u00f1o 2012 la deducci\u00f3n por gastos de formaci\u00f3n      profesional.<\/li>\n<li>Se      establecen cu\u00e1les son las actividades prioritarias de mecenazgo durante el      a\u00f1o 2012.<\/li>\n<\/ul>\n<p><strong><span style=\"text-decoration: underline;\">Modificaciones en el IVA<\/span><\/strong><\/p>\n<p>Se prorroga la aplicaci\u00f3n del tipo superreducido del IVA <strong>(4%)<\/strong> para la adquisici\u00f3n de la <strong>vi<\/strong><strong>vi<\/strong><strong>enda habitual de nueva construcci\u00f3n<\/strong> hasta <strong><span style=\"text-decoration: underline;\">31 de diciembre de 2012<\/span><\/strong>.<\/p>\n<p>Los bienes a cuya entrega por tanto, se aplicar\u00e1 el tipo reducido del 4% del IVA (frente al tipo general del 8%), de conformidad con el se\u00f1alado art\u00edculo de la LIVA, ser\u00edan:<\/p>\n<ul>\n<li>Los      edificios o partes de los mismos aptos para su utilizaci\u00f3n como viviendas.<\/li>\n<li>Las      plazas de garaje (hasta un m\u00e1ximo de dos) y anexos que se transmitan      conjuntamente con las viviendas.<\/li>\n<\/ul>\n<p>Los locales de negocio no tendr\u00e1n la consideraci\u00f3n de anexos a efectos de la Ley del IVA (LIVA), aunque se transmitan de forma conjunta con viviendas.<\/p>\n<p>Tampoco quedar\u00e1n sometidos a esta norma los edificios destinados a su demolici\u00f3n.<\/p>\n<p>S\u00ed ser\u00e1n consideradas viviendas, a los efectos de esta norma, aqu\u00e9llas entidades que, aunque destinadas a locales de negocio (despachos, p.e), dispongan de c\u00e9dula de habitabilidad.<\/p>\n<p>Con independencia de la utilizaci\u00f3n que se vaya a dar al inmueble, si \u00e9ste es apto para ser utilizado como vivienda teniendo dicha calificaci\u00f3n seg\u00fan c\u00e9dula de habitabilidad o licencia de primera ocupaci\u00f3n conforme a la legislaci\u00f3n aplicable, su entrega tributar\u00eda al tipo impositivo reducido del <strong><span style=\"text-decoration: underline;\">4%<\/span><\/strong>.<\/p>\n<p>N\u00f3tese por tanto, que el citado art\u00edculo <strong><span style=\"text-decoration: underline;\">no discrimina entre los muchos tipos de viviendas nuevas<\/span><\/strong>, as\u00ed que el tipo reducido se aplicar\u00e1 a todas ellas hasta el 31 de diciembre de 2012.<\/p>\n<p><strong><span style=\"text-decoration: underline;\">Modificaciones en el Impuesto sobre Bienes Inmuebles<\/span><\/strong><\/p>\n<p>Se establece la aplicaci\u00f3n transitoria durante los ejercicios 2012 y 2013 para los inmuebles urbanos de un incremento del tipo de gravamen del IBI, que tiene en consideraci\u00f3n el a\u00f1o de entrada en vigor de la \u00faltima ponencia de valores total aprobada en el municipio.<\/p>\n<p><em> <\/em><\/p>\n<p><strong>B.- PROCEDIMIENTO TRIBUTARIO <\/strong><\/p>\n<p><strong> <\/strong><\/p>\n<p><strong>i.) Orden EHA\/1843\/2011, de 30 de junio, por la que se regula la publicaci\u00f3n de anuncios en la Sede Electr\u00f3nica de la Agencia Estatal de Administraci\u00f3n Tributaria para la notificaci\u00f3n por comparecencia.<\/strong><\/p>\n<p>Tiene por objeto regular la publicaci\u00f3n de anuncios en la sede electr\u00f3nica de la Agencia Estatal de Administraci\u00f3n Tributaria para notificad al interesado o a su representante.<\/p>\n<p><strong> <\/strong><\/p>\n<p><strong>ii.) Real Decreto 1145\/2011, de 29 de julio, por el que se modifica el Reglamento general de las actuaciones y los procedimientos de gesti\u00f3n e inspecci\u00f3n tributaria y de desarrollo de las normas comunes de los procedimientos de aplicaci\u00f3n de los tributos, aprobado por Real Decreto 1065\/2007, de 27 de julio.<\/strong><\/p>\n<p>Establece que los inversores no residentes, cuando inviertan en valores, no tienen que obtener ineludiblemente un N\u00famero de Identificaci\u00f3n Fiscal (\u201cNIF\u201d). Dicho mecanismo de control puede ser sustituido por otros mecanismos alternativos en estos casos.<\/p>\n<p><strong>iii.) Real Decreto 1615\/2011, de 14 de noviembre, por el que se introducen modificaciones en materia de obligaciones formales en el Reglamento General de las actuaciones y los procedimientos de gesti\u00f3n e inspecci\u00f3n tributaria y de desarrollo de las normas comunes de los procedimientos de aplicaci\u00f3n de los tributos, aprobado por Real Decreto 1065\/2007, de 27 de julio, y se modifica el Real Decreto 1363\/2010, de 29 de octubre, por el que se regulan supuestos de notificaciones y comunicaciones administrativas obligatorias por medios electr\u00f3nicos en el \u00e1mbito de la Agencia Estatal de Administraci\u00f3n Tributaria.<\/strong><\/p>\n<p><strong> <\/strong><\/p>\n<p>Establece el mecanismo de regularizaci\u00f3n para el caso de que una persona f\u00edsica disponga simult\u00e1neamente de varios NIF. Dicha regularizaci\u00f3n consiste en la rectificaci\u00f3n del NIF en lugar de la revocaci\u00f3n, lo que implica que se reconozca de forma expresa la rectificaci\u00f3n censal para tales casos.<\/p>\n<p>Se introducen una serie de modificaciones en la <strong>declaraci\u00f3n anual de operaciones con terceras personas<\/strong> (modelo 347):<\/p>\n<ul>\n<li>determinadas personas f\u00edsicas y entidades en      r\u00e9gimen de atribuci\u00f3n que en principio no est\u00e1n obligadas a presentar la      declaraci\u00f3n de operaciones con terceras personas, \u00fanicamente deber\u00e1n      presentar dicha declaraci\u00f3n por las operaciones por las cuales se haya      expedido factura;<\/li>\n<\/ul>\n<ul>\n<li>se exonera de la obligaci\u00f3n de presentaci\u00f3n de      la declaraci\u00f3n de operaciones con terceras personas ante quienes estuvieran obligados en el momento de presentar de      la declaraci\u00f3n de operaciones en los libros registro;<\/li>\n<\/ul>\n<ul>\n<li>se modifica declaraci\u00f3n de operaciones con      terceras personas en orden a que los datos declarados queden desglosados      por trimestres;<\/li>\n<\/ul>\n<ul>\n<li>en cuanto a los criterios de imputaci\u00f3n      temporal aplicables a la declaraci\u00f3n de operaciones con terceras personas,      se incluye como criterio general el de anotaci\u00f3n registral de la factura o      documento sustitutivo; y<\/li>\n<\/ul>\n<ul>\n<li>respecto a la exenci\u00f3n de la obligaci\u00f3n de      presentar la declaraci\u00f3n de operaciones con terceras personas a quienes      est\u00e1n obligados a la presentaci\u00f3n de la declaraci\u00f3n de operaciones      incluidas en el libro registro,<strong> <\/strong>en      la propia declaraci\u00f3n de libros registro, se deber\u00e1n declarar determinadas      operaciones que antes se deb\u00edan incluir como excepci\u00f3n en la declaraci\u00f3n      de operaciones con terceras personas.<\/li>\n<\/ul>\n<p>Se regula expresamente un nuevo supuesto de dilaci\u00f3n no imputable a la Administraci\u00f3n como consecuencia de la posibilidad de los obligados tributarios de se\u00f1alar d\u00edas en los que no se podr\u00e1 efectuar notificaciones en la direcci\u00f3n electr\u00f3nica habilitada.<\/p>\n<p>En relaci\u00f3n a la comprobaci\u00f3n de la titularidad de las cuentas bancarias, se hace necesario modificar la norma reglamentaria al objeto de que en las autoliquidaciones, comunicaciones de datos o solicitudes se identifiquen expresamente dichas cuentas como de titularidad del obligado tributario.<\/p>\n<p>Se modifica el r\u00e9gimen transitorio regulador de la declaraci\u00f3n de operaciones incluidas en los libros registro, en el sentido de posponer hasta el a\u00f1o 2014, para todos los sujetos pasivos que no est\u00e9n inscritos en el registro de devoluci\u00f3n mensual del Impuesto sobre el Valor A\u00f1adido o del Impuesto General Indirecto Canario, la entrada en vigor de la obligaci\u00f3n de presentar electr\u00f3nicamente la informaci\u00f3n de los libros registro de dichos impuestos, contenida \u00e9sta en el art\u00edculo 36 del Reglamento.<\/p>\n<p>Se introduce la posibilidad de se\u00f1alar, por parte de los obligados tributarios, determinados d\u00edas en los que no se podr\u00e1n realizar notificaciones en la direcci\u00f3n electr\u00f3nica habilitada. En concordancia, esto implicar\u00e1 la modificaci\u00f3n del reglamento tributario a que se refieren los apartados anteriores para el reconocimiento, de forma expresa, de estos d\u00edas como dilaci\u00f3n no imputable a la Administraci\u00f3n.<\/p>\n\r\n\t\t<style>\r\n\t\t\t.huge-it-share-buttons {\r\n\t\t\t\tborder:0px solid #0FB5D6;\r\n\t\t\t\tborder-radius:5px;\r\n\t\t\t\tbackground:#3BD8FF;\r\n\t\t\t text-align:left; \t\t\t\t\t\t\t\t\t}\r\n\r\n\t\t\t#huge-it-share-buttons-top {margin-bottom:0px;}\r\n\t\t\t#huge-it-share-buttons-bottom {margin-top:0px;}\r\n\r\n\t\t\t.huge-it-share-buttons h3 {\r\n\t\t\t\tfont-size:25px ;\r\n\t\t\t\tfont-family:Arial,Helvetica Neue,Helvetica,sans-serif;\r\n\t\t\t\tcolor:#666666;\r\n\r\n\t\t\tdisplay:block;\t\t\t\tline-height:25px ;\r\n\r\n\t\t\t text-align:left; \t\t\t\t\t\t\t\t\t}\r\n\r\n\t\t\t.huge-it-share-buttons ul {\r\n\t\t\t float:left; \t\t\t\t\t\t\t\t\t}\r\n\r\n\t\t\t.huge-it-share-buttons ul li {\r\n\t\t\t\tmargin-left:3px;\r\n\t\t\t\tmargin-right:3px;\r\n\t\t\t\tpadding:0px;\r\n\t\t\t\tborder:0px ridge #E6354C;\r\n\t\t\t\tborder-radius:11px;\r\n\t\t\t\tbackground-color:#14CC9B;\r\n\t\t\t}\r\n\r\n\t\t\t.huge-it-share-buttons ul li #backforunical56 {\r\n\t\t\t\tborder-bottom: 0;\r\n\t\t\t\tbackground-image:url('https:\/\/www.fabregat-perulles-sales.com\/actualidad\/wp-content\/plugins\/wp-share-buttons\/Front_end\/..\/images\/buttons.30.png');\r\n\t\t\t\twidth:30px;\r\n\t\t\t\theight:30px;\r\n\t\t\t}\r\n\r\n\t\t\t.front-shares-count {\r\n\t\t\t\tposition: absolute;\r\n\t\t\t\ttext-align: center;\r\n\t\t\t\tdisplay: block;\r\n\t\t\t}\r\n\r\n\t\t\t.shares_size20 .front-shares-count {\r\n\t\t\t\tfont-size: 10px;\r\n\t\t\t\ttop: 10px;\r\n\t\t\t\twidth: 20px;\r\n\t\t\t}\r\n\r\n\t\t\t.shares_size30 .front-shares-count {\r\n\t\t\t\tfont-size: 11px;\r\n\t\t\t\ttop: 15px;\r\n\t\t\t\twidth: 30px;\r\n\t\t\t}\r\n\r\n\t\t\t.shares_size40 .front-shares-count {\r\n\t\t\t\tfont-size: 12px;\r\n\t\t\t\ttop: 21px;\r\n\t\t\t\twidth: 40px;\r\n\t\t\t}\r\n\t\t<\/style>\r\n\t\t\r\n\t\t<div id=\"huge-it-share-buttons-top\" class=\"huge-it-share-buttons nobackground\">\r\n\t\t\t<h3>Share This:<\/h3>\r\n\t\t\t<ul class=\"huge-it-share-buttons-list \">\r\n\t\t\t\t\t\t\t\t\t<li class=\"nobackground \" >\r\n\r\n\t\t\t\t\t\t\t\t\t\t\t\t<a id=\"backforunical56\" href=\"https:\/\/www.facebook.com\/sharer\/sharer.php?u=www.fabregat-perulles-sales.com\/actualidad\/wp-json\/wp\/v2\/posts\/56\"  onclick=\"javascript:void window.open('https:\/\/www.facebook.com\/sharer\/sharer.php?u=www.fabregat-perulles-sales.com\/actualidad\/wp-json\/wp\/v2\/posts\/56','1410949501326','width=700,height=500,toolbar=0,menubar=0,location=0,status=1,scrollbars=1,resizable=1,left=0,top=0');return false;\" style=\"background-position: -0px -120px \"><\/a>\r\n\t\t\t\t\t<\/li>\r\n\t\t\t\t\t\t\t\t\t\t<li class=\"nobackground \" >\r\n\r\n\t\t\t\t\t\t\t\t\t\t\t\t<a id=\"backforunical56\" href=\"https:\/\/twitter.com\/share?status=www.fabregat-perulles-sales.com\/actualidad\/wp-json\/wp\/v2\/posts\/56&text=Derecho Fiscal y Tributario\"  onclick=\"javascript:void window.open('https:\/\/twitter.com\/share?status=www.fabregat-perulles-sales.com\/actualidad\/wp-json\/wp\/v2\/posts\/56&text=Derecho Fiscal y Tributario','1410949501326','width=700,height=500,toolbar=0,menubar=0,location=0,status=1,scrollbars=1,resizable=1,left=0,top=0');return false;\" style=\"background-position: -30px -120px \"><\/a>\r\n\t\t\t\t\t<\/li>\r\n\t\t\t\t\t\t\t\t\t\t<li class=\"none nobackground \" >\r\n\r\n\t\t\t\t\t\t\t\t\t\t\t\t<a id=\"backforunical56\" href=\"http:\/\/www.pinterest.com\/pin\/create\/button\/?url=www.fabregat-perulles-sales.com\/actualidad\/wp-json\/wp\/v2\/posts\/56&media=https:\/\/www.fabregat-perulles-sales.com\/actualidad\/wp-content\/plugins\/wp-share-buttons\/Front_end\/..\/images\/noimage.png&description=Derecho Fiscal y Tributario\"  onclick=\"javascript:void window.open('http:\/\/www.pinterest.com\/pin\/create\/button\/?url=www.fabregat-perulles-sales.com\/actualidad\/wp-json\/wp\/v2\/posts\/56&media=https:\/\/www.fabregat-perulles-sales.com\/actualidad\/wp-content\/plugins\/wp-share-buttons\/Front_end\/..\/images\/noimage.png&description=Derecho Fiscal y Tributario','1410949501326','width=700,height=500,toolbar=0,menubar=0,location=0,status=1,scrollbars=1,resizable=1,left=0,top=0');return false;\" style=\"background-position: -60px -120px \"><\/a>\r\n\t\t\t\t\t<\/li>\r\n\t\t\t\t\t\t\t\t\t\t<li class=\"none nobackground \" >\r\n\r\n\t\t\t\t\t\t\t\t\t\t\t\t<a id=\"backforunical56\" href=\"https:\/\/plus.google.com\/share?url=www.fabregat-perulles-sales.com\/actualidad\/wp-json\/wp\/v2\/posts\/56\"  onclick=\"javascript:void window.open('https:\/\/plus.google.com\/share?url=www.fabregat-perulles-sales.com\/actualidad\/wp-json\/wp\/v2\/posts\/56','1410949501326','width=700,height=500,toolbar=0,menubar=0,location=0,status=1,scrollbars=1,resizable=1,left=0,top=0');return false;\" style=\"background-position: -90px -120px \"><\/a>\r\n\t\t\t\t\t<\/li>\r\n\t\t\t\t\t\t\t\t\t\t<li class=\"nobackground \" >\r\n\r\n\t\t\t\t\t\t\t\t\t\t\t\t<a id=\"backforunical56\" href=\"https:\/\/www.linkedin.com\/shareArticle?title=Derecho Fiscal y Tributario&mini=true&url=https:\/\/www.fabregat-perulles-sales.com\/actualidad\/wp-json\/wp\/v2\/posts\/56\"  onclick=\"javascript:void window.open('https:\/\/www.linkedin.com\/shareArticle?title=Derecho Fiscal y Tributario&mini=true&url=https:\/\/www.fabregat-perulles-sales.com\/actualidad\/wp-json\/wp\/v2\/posts\/56','1410949501326','width=700,height=500,toolbar=0,menubar=0,location=0,status=1,scrollbars=1,resizable=1,left=0,top=0');return false;\" style=\"background-position: -120px -120px \"><\/a>\r\n\t\t\t\t\t<\/li>\r\n\t\t\t\t\t\t\t\t\t\t<li class=\"none nobackground \" >\r\n\r\n\t\t\t\t\t\t\t\t\t\t\t\t<a id=\"backforunical56\" href=\"https:\/\/www.tumblr.com\/share\/link?url=www.fabregat-perulles-sales.com\/actualidad\/wp-json\/wp\/v2\/posts\/56&name=Derecho Fiscal y Tributario\"  onclick=\"javascript:void window.open('https:\/\/www.tumblr.com\/share\/link?url=www.fabregat-perulles-sales.com\/actualidad\/wp-json\/wp\/v2\/posts\/56&name=Derecho Fiscal y Tributario','1410949501326','width=700,height=500,toolbar=0,menubar=0,location=0,status=1,scrollbars=1,resizable=1,left=0,top=0');return false;\" style=\"background-position: -150px -120px \"><\/a>\r\n\t\t\t\t\t<\/li>\r\n\t\t\t\t\t\t\t\t\t\t<li class=\"none nobackground \" >\r\n\r\n\t\t\t\t\t\t\t\t\t\t\t\t<a id=\"backforunical56\" href=\"http:\/\/digg.com\/submit?phase=2&url=www.fabregat-perulles-sales.com\/actualidad\/wp-json\/wp\/v2\/posts\/56&title=Derecho Fiscal y Tributario\"  onclick=\"javascript:void window.open('http:\/\/digg.com\/submit?phase=2&url=www.fabregat-perulles-sales.com\/actualidad\/wp-json\/wp\/v2\/posts\/56&title=Derecho Fiscal y Tributario','1410949501326','width=700,height=500,toolbar=0,menubar=0,location=0,status=1,scrollbars=1,resizable=1,left=0,top=0');return false;\" style=\"background-position: -180px -120px \"><\/a>\r\n\t\t\t\t\t<\/li>\r\n\t\t\t\t\t\t\t\t\t\t<li class=\"none nobackground \" >\r\n\r\n\t\t\t\t\t\t\t\t\t\t\t\t<a id=\"backforunical56\" href=\"http:\/\/www.stumbleupon.com\/submit?url=www.fabregat-perulles-sales.com\/actualidad\/wp-json\/wp\/v2\/posts\/56&title=Derecho Fiscal y Tributario\"  onclick=\"javascript:void window.open('http:\/\/www.stumbleupon.com\/submit?url=www.fabregat-perulles-sales.com\/actualidad\/wp-json\/wp\/v2\/posts\/56&title=Derecho Fiscal y Tributario','1410949501326','width=700,height=500,toolbar=0,menubar=0,location=0,status=1,scrollbars=1,resizable=1,left=0,top=0');return false;\" style=\"background-position: -210px -120px \"><\/a>\r\n\t\t\t\t\t<\/li>\r\n\t\t\t\t\t\t\t\t\t\t<li class=\"none nobackground \" >\r\n\r\n\t\t\t\t\t\t\t\t\t\t\t\t<a id=\"backforunical56\" href=\"https:\/\/myspace.com\/post?l=3&u=www.fabregat-perulles-sales.com\/actualidad\/wp-json\/wp\/v2\/posts\/56\"  onclick=\"javascript:void window.open('https:\/\/myspace.com\/post?l=3&u=www.fabregat-perulles-sales.com\/actualidad\/wp-json\/wp\/v2\/posts\/56','1410949501326','width=700,height=500,toolbar=0,menubar=0,location=0,status=1,scrollbars=1,resizable=1,left=0,top=0');return false;\" style=\"background-position: -240px -120px \"><\/a>\r\n\t\t\t\t\t<\/li>\r\n\t\t\t\t\t\t\t\t\t\t<li class=\"nobackground \" >\r\n\r\n\t\t\t\t\t\t\t\t\t\t\t\t<a id=\"backforunical56\" href=\"http:\/\/vk.com\/share.php?url=www.fabregat-perulles-sales.com\/actualidad\/wp-json\/wp\/v2\/posts\/56&title=Derecho Fiscal y Tributario\"  onclick=\"javascript:void window.open('http:\/\/vk.com\/share.php?url=www.fabregat-perulles-sales.com\/actualidad\/wp-json\/wp\/v2\/posts\/56&title=Derecho Fiscal y Tributario','1410949501326','width=700,height=500,toolbar=0,menubar=0,location=0,status=1,scrollbars=1,resizable=1,left=0,top=0');return false;\" style=\"background-position: -270px -120px \"><\/a>\r\n\t\t\t\t\t<\/li>\r\n\t\t\t\t\t\t\t\t\t\t<li class=\"none nobackground \" >\r\n\r\n\t\t\t\t\t\t\t\t\t\t\t\t<a id=\"backforunical56\" href=\"http:\/\/www.reddit.com\/submit?url=www.fabregat-perulles-sales.com\/actualidad\/wp-json\/wp\/v2\/posts\/56&title=Derecho Fiscal y Tributario\"  onclick=\"javascript:void window.open('http:\/\/www.reddit.com\/submit?url=www.fabregat-perulles-sales.com\/actualidad\/wp-json\/wp\/v2\/posts\/56&title=Derecho Fiscal y Tributario','1410949501326','width=700,height=500,toolbar=0,menubar=0,location=0,status=1,scrollbars=1,resizable=1,left=0,top=0');return false;\" style=\"background-position: -300px -120px \"><\/a>\r\n\t\t\t\t\t<\/li>\r\n\t\t\t\t\t\t\t\t\t\t<li class=\"none nobackground \" >\r\n\r\n\t\t\t\t\t\t\t\t\t\t\t\t<a id=\"backforunical56\" href=\"http:\/\/www.bebo.com\/c\/share?Url=www.fabregat-perulles-sales.com\/actualidad\/wp-json\/wp\/v2\/posts\/56\"  onclick=\"javascript:void window.open('http:\/\/www.bebo.com\/c\/share?Url=www.fabregat-perulles-sales.com\/actualidad\/wp-json\/wp\/v2\/posts\/56','1410949501326','width=700,height=500,toolbar=0,menubar=0,location=0,status=1,scrollbars=1,resizable=1,left=0,top=0');return false;\" style=\"background-position: -330px -120px \"><\/a>\r\n\t\t\t\t\t<\/li>\r\n\t\t\t\t\t\t\t\t\t\t<li class=\"none nobackground \" >\r\n\r\n\t\t\t\t\t\t\t\t\t\t\t\t<a id=\"backforunical56\" href=\"https:\/\/delicious.com\/save?v=5&noui&jump=close&url=www.fabregat-perulles-sales.com\/actualidad\/wp-json\/wp\/v2\/posts\/56&title=Derecho Fiscal y Tributario\"  onclick=\"javascript:void window.open('https:\/\/delicious.com\/save?v=5&noui&jump=close&url=www.fabregat-perulles-sales.com\/actualidad\/wp-json\/wp\/v2\/posts\/56&title=Derecho Fiscal y Tributario','1410949501326','width=700,height=500,toolbar=0,menubar=0,location=0,status=1,scrollbars=1,resizable=1,left=0,top=0');return false;\" style=\"background-position: -360px -120px \"><\/a>\r\n\t\t\t\t\t<\/li>\r\n\t\t\t\t\t\t\t\t\t\t<li class=\"none nobackground \" >\r\n\r\n\t\t\t\t\t\t\t\t\t\t\t\t<a id=\"backforunical56\" href=\"http:\/\/www.odnoklassniki.ru\/dk?st.cmd=addShare&st.s=2&st.noresize=on&st._surl=www.fabregat-perulles-sales.com\/actualidad\/wp-json\/wp\/v2\/posts\/56\"  onclick=\"javascript:void window.open('http:\/\/www.odnoklassniki.ru\/dk?st.cmd=addShare&st.s=2&st.noresize=on&st._surl=www.fabregat-perulles-sales.com\/actualidad\/wp-json\/wp\/v2\/posts\/56','1410949501326','width=700,height=500,toolbar=0,menubar=0,location=0,status=1,scrollbars=1,resizable=1,left=0,top=0');return false;\" style=\"background-position: -390px -120px \"><\/a>\r\n\t\t\t\t\t<\/li>\r\n\t\t\t\t\t\t\t\t\t\t<li class=\"none nobackground \" >\r\n\r\n\t\t\t\t\t\t\t\t\t\t\t\t<a id=\"backforunical56\" href=\"http:\/\/sns.qzone.qq.com\/cgi-bin\/qzshare\/cgi_qzshare_onekey?url=www.fabregat-perulles-sales.com\/actualidad\/wp-json\/wp\/v2\/posts\/56&title=Derecho Fiscal y Tributario\"  onclick=\"javascript:void window.open('http:\/\/sns.qzone.qq.com\/cgi-bin\/qzshare\/cgi_qzshare_onekey?url=www.fabregat-perulles-sales.com\/actualidad\/wp-json\/wp\/v2\/posts\/56&title=Derecho Fiscal y Tributario','1410949501326','width=700,height=500,toolbar=0,menubar=0,location=0,status=1,scrollbars=1,resizable=1,left=0,top=0');return false;\" style=\"background-position: -420px -120px \"><\/a>\r\n\t\t\t\t\t<\/li>\r\n\t\t\t\t\t\t\t\t\t\t<li class=\"none nobackground \" >\r\n\r\n\t\t\t\t\t\t\t\t\t\t\t\t<a id=\"backforunical56\" href=\"http:\/\/service.weibo.com\/share\/share.php?url=www.fabregat-perulles-sales.com\/actualidad\/wp-json\/wp\/v2\/posts\/56&appkey=&title=Derecho Fiscal y Tributario&pic=&ralateUid=&\"  onclick=\"javascript:void window.open('http:\/\/service.weibo.com\/share\/share.php?url=www.fabregat-perulles-sales.com\/actualidad\/wp-json\/wp\/v2\/posts\/56&appkey=&title=Derecho Fiscal y Tributario&pic=&ralateUid=&','1410949501326','width=700,height=500,toolbar=0,menubar=0,location=0,status=1,scrollbars=1,resizable=1,left=0,top=0');return false;\" style=\"background-position: -450px -120px \"><\/a>\r\n\t\t\t\t\t<\/li>\r\n\t\t\t\t\t\t\t\t\t\t<li class=\"none nobackground \" >\r\n\r\n\t\t\t\t\t\t\t\t\t\t\t\t<a id=\"backforunical56\" href=\"http:\/\/widget.renren.com\/dialog\/share?resourceUrl=www.fabregat-perulles-sales.com\/actualidad\/wp-json\/wp\/v2\/posts\/56&srcUrl=www.fabregat-perulles-sales.com\/actualidad\/wp-json\/wp\/v2\/posts\/56&title=Derecho Fiscal y Tributario\"  onclick=\"javascript:void window.open('http:\/\/widget.renren.com\/dialog\/share?resourceUrl=www.fabregat-perulles-sales.com\/actualidad\/wp-json\/wp\/v2\/posts\/56&srcUrl=www.fabregat-perulles-sales.com\/actualidad\/wp-json\/wp\/v2\/posts\/56&title=Derecho Fiscal y Tributario','1410949501326','width=700,height=500,toolbar=0,menubar=0,location=0,status=1,scrollbars=1,resizable=1,left=0,top=0');return false;\" style=\"background-position: -480px -120px \"><\/a>\r\n\t\t\t\t\t<\/li>\r\n\t\t\t\t\t\t\t\t\t\t<li class=\"none nobackground \" >\r\n\r\n\t\t\t\t\t\t\t\t\t\t\t\t<a id=\"backforunical56\" href=\"http:\/\/n4g.com\/tips?url=www.fabregat-perulles-sales.com\/actualidad\/wp-json\/wp\/v2\/posts\/56&title=Derecho Fiscal y Tributario\"  onclick=\"javascript:void window.open('http:\/\/n4g.com\/tips?url=www.fabregat-perulles-sales.com\/actualidad\/wp-json\/wp\/v2\/posts\/56&title=Derecho Fiscal y Tributario','1410949501326','width=700,height=500,toolbar=0,menubar=0,location=0,status=1,scrollbars=1,resizable=1,left=0,top=0');return false;\" style=\"background-position: -510px -120px \"><\/a>\r\n\t\t\t\t\t<\/li>\r\n\t\t\t\t\t\t\t\t<\/ul>\r\n\t\t\t<div class=\"clear\"><\/div>\r\n\t\t<\/div>\r\n\t\t","protected":false},"excerpt":{"rendered":"<p>A.- R\u00c9GIMEN GENERAL i.) Sentencia Tribunal Supremo \u2013 11\/07\/2011 Sala Tercera Reconoce el derecho a la deducci\u00f3n del IVA cuando en la escritura p\u00fablica en que se produce una transmisi\u00f3n de bienes consten todos los datos que de acuerdo con la normativa del impuesto deber\u00edan constar en una factura. Share This:<\/p>\n","protected":false},"author":1,"featured_media":0,"comment_status":"open","ping_status":"open","sticky":false,"template":"","format":"standard","meta":[],"categories":[466,25],"tags":[],"yoast_head":"<!-- This site is optimized with the Yoast SEO plugin v20.2.1 - https:\/\/yoast.com\/wordpress\/plugins\/seo\/ -->\n<title>Derecho Fiscal y Tributario | International Lawyers<\/title>\n<meta name=\"description\" content=\"A.- R\u00c9GIMEN GENERAL i.) Sentencia Tribunal Supremo \u2013 11\/07\/2011 Sala Tercera Reconoce el derecho a la deducci\u00f3n del IVA cuando en la escritura p\u00fablica en\" \/>\n<meta name=\"robots\" content=\"index, follow, max-snippet:-1, max-image-preview:large, max-video-preview:-1\" \/>\n<link rel=\"canonical\" href=\"https:\/\/www.fabregat-perulles-sales.com\/actualidad\/derecho-fiscal-y-tributario\/\" \/>\n<meta property=\"og:locale\" content=\"en_US\" \/>\n<meta property=\"og:type\" content=\"article\" \/>\n<meta property=\"og:title\" content=\"Derecho Fiscal y Tributario | International Lawyers\" \/>\n<meta property=\"og:description\" content=\"A.- R\u00c9GIMEN GENERAL i.) Sentencia Tribunal Supremo \u2013 11\/07\/2011 Sala Tercera Reconoce el derecho a la deducci\u00f3n del IVA cuando en la escritura p\u00fablica en\" \/>\n<meta property=\"og:url\" content=\"https:\/\/www.fabregat-perulles-sales.com\/actualidad\/derecho-fiscal-y-tributario\/\" \/>\n<meta property=\"og:site_name\" content=\"International Lawyers\" \/>\n<meta property=\"article:published_time\" content=\"2012-11-16T13:51:31+00:00\" \/>\n<meta property=\"article:modified_time\" content=\"2014-11-26T12:48:35+00:00\" \/>\n<meta name=\"author\" content=\"admin\" \/>\n<meta name=\"twitter:card\" content=\"summary_large_image\" \/>\n<meta name=\"twitter:label1\" content=\"Written by\" \/>\n\t<meta name=\"twitter:data1\" content=\"admin\" \/>\n\t<meta name=\"twitter:label2\" content=\"Est. reading time\" \/>\n\t<meta name=\"twitter:data2\" content=\"10 minutes\" \/>\n<script type=\"application\/ld+json\" class=\"yoast-schema-graph\">{\"@context\":\"https:\/\/schema.org\",\"@graph\":[{\"@type\":\"WebPage\",\"@id\":\"https:\/\/www.fabregat-perulles-sales.com\/actualidad\/derecho-fiscal-y-tributario\/\",\"url\":\"https:\/\/www.fabregat-perulles-sales.com\/actualidad\/derecho-fiscal-y-tributario\/\",\"name\":\"Derecho Fiscal y Tributario | International Lawyers\",\"isPartOf\":{\"@id\":\"https:\/\/www.fabregat-perulles-sales.com\/actualidad\/#website\"},\"datePublished\":\"2012-11-16T13:51:31+00:00\",\"dateModified\":\"2014-11-26T12:48:35+00:00\",\"author\":{\"@id\":\"https:\/\/www.fabregat-perulles-sales.com\/actualidad\/#\/schema\/person\/b2d31a491075b263a315d2b3eead36c6\"},\"description\":\"A.- R\u00c9GIMEN GENERAL i.) Sentencia Tribunal Supremo \u2013 11\/07\/2011 Sala Tercera Reconoce el derecho a la deducci\u00f3n del IVA cuando en la escritura p\u00fablica en\",\"breadcrumb\":{\"@id\":\"https:\/\/www.fabregat-perulles-sales.com\/actualidad\/derecho-fiscal-y-tributario\/#breadcrumb\"},\"inLanguage\":\"en-US\",\"potentialAction\":[{\"@type\":\"ReadAction\",\"target\":[\"https:\/\/www.fabregat-perulles-sales.com\/actualidad\/derecho-fiscal-y-tributario\/\"]}]},{\"@type\":\"BreadcrumbList\",\"@id\":\"https:\/\/www.fabregat-perulles-sales.com\/actualidad\/derecho-fiscal-y-tributario\/#breadcrumb\",\"itemListElement\":[{\"@type\":\"ListItem\",\"position\":1,\"name\":\"Home\",\"item\":\"https:\/\/www.fabregat-perulles-sales.com\/actualidad\/\"},{\"@type\":\"ListItem\",\"position\":2,\"name\":\"Derecho Fiscal y Tributario\"}]},{\"@type\":\"WebSite\",\"@id\":\"https:\/\/www.fabregat-perulles-sales.com\/actualidad\/#website\",\"url\":\"https:\/\/www.fabregat-perulles-sales.com\/actualidad\/\",\"name\":\"www.fabregat-perulles-sales.com\",\"description\":\"Fabregat Perulles Sales Abogados is a law firm of reference international market in the Spanish-German, Spanish-French, and Spanish-Italian. Is one of the first firms in Barcelona offering a Russian Desk.\",\"potentialAction\":[{\"@type\":\"SearchAction\",\"target\":{\"@type\":\"EntryPoint\",\"urlTemplate\":\"https:\/\/www.fabregat-perulles-sales.com\/actualidad\/?s={search_term_string}\"},\"query-input\":\"required name=search_term_string\"}],\"inLanguage\":\"en-US\"},{\"@type\":\"Person\",\"@id\":\"https:\/\/www.fabregat-perulles-sales.com\/actualidad\/#\/schema\/person\/b2d31a491075b263a315d2b3eead36c6\",\"name\":\"admin\",\"image\":{\"@type\":\"ImageObject\",\"inLanguage\":\"en-US\",\"@id\":\"https:\/\/www.fabregat-perulles-sales.com\/actualidad\/#\/schema\/person\/image\/\",\"url\":\"https:\/\/secure.gravatar.com\/avatar\/c673997f99831703079a8144168e315a?s=96&d=mm&r=g\",\"contentUrl\":\"https:\/\/secure.gravatar.com\/avatar\/c673997f99831703079a8144168e315a?s=96&d=mm&r=g\",\"caption\":\"admin\"},\"url\":\"https:\/\/www.fabregat-perulles-sales.com\/actualidad\/author\/admin\/\"}]}<\/script>\n<!-- \/ Yoast SEO plugin. -->","yoast_head_json":{"title":"Derecho Fiscal y Tributario | International Lawyers","description":"A.- R\u00c9GIMEN GENERAL i.) Sentencia Tribunal Supremo \u2013 11\/07\/2011 Sala Tercera Reconoce el derecho a la deducci\u00f3n del IVA cuando en la escritura p\u00fablica en","robots":{"index":"index","follow":"follow","max-snippet":"max-snippet:-1","max-image-preview":"max-image-preview:large","max-video-preview":"max-video-preview:-1"},"canonical":"https:\/\/www.fabregat-perulles-sales.com\/actualidad\/derecho-fiscal-y-tributario\/","og_locale":"en_US","og_type":"article","og_title":"Derecho Fiscal y Tributario | International Lawyers","og_description":"A.- R\u00c9GIMEN GENERAL i.) Sentencia Tribunal Supremo \u2013 11\/07\/2011 Sala Tercera Reconoce el derecho a la deducci\u00f3n del IVA cuando en la escritura p\u00fablica en","og_url":"https:\/\/www.fabregat-perulles-sales.com\/actualidad\/derecho-fiscal-y-tributario\/","og_site_name":"International Lawyers","article_published_time":"2012-11-16T13:51:31+00:00","article_modified_time":"2014-11-26T12:48:35+00:00","author":"admin","twitter_card":"summary_large_image","twitter_misc":{"Written by":"admin","Est. reading time":"10 minutes"},"schema":{"@context":"https:\/\/schema.org","@graph":[{"@type":"WebPage","@id":"https:\/\/www.fabregat-perulles-sales.com\/actualidad\/derecho-fiscal-y-tributario\/","url":"https:\/\/www.fabregat-perulles-sales.com\/actualidad\/derecho-fiscal-y-tributario\/","name":"Derecho Fiscal y Tributario | International Lawyers","isPartOf":{"@id":"https:\/\/www.fabregat-perulles-sales.com\/actualidad\/#website"},"datePublished":"2012-11-16T13:51:31+00:00","dateModified":"2014-11-26T12:48:35+00:00","author":{"@id":"https:\/\/www.fabregat-perulles-sales.com\/actualidad\/#\/schema\/person\/b2d31a491075b263a315d2b3eead36c6"},"description":"A.- R\u00c9GIMEN GENERAL i.) Sentencia Tribunal Supremo \u2013 11\/07\/2011 Sala Tercera Reconoce el derecho a la deducci\u00f3n del IVA cuando en la escritura p\u00fablica en","breadcrumb":{"@id":"https:\/\/www.fabregat-perulles-sales.com\/actualidad\/derecho-fiscal-y-tributario\/#breadcrumb"},"inLanguage":"en-US","potentialAction":[{"@type":"ReadAction","target":["https:\/\/www.fabregat-perulles-sales.com\/actualidad\/derecho-fiscal-y-tributario\/"]}]},{"@type":"BreadcrumbList","@id":"https:\/\/www.fabregat-perulles-sales.com\/actualidad\/derecho-fiscal-y-tributario\/#breadcrumb","itemListElement":[{"@type":"ListItem","position":1,"name":"Home","item":"https:\/\/www.fabregat-perulles-sales.com\/actualidad\/"},{"@type":"ListItem","position":2,"name":"Derecho Fiscal y Tributario"}]},{"@type":"WebSite","@id":"https:\/\/www.fabregat-perulles-sales.com\/actualidad\/#website","url":"https:\/\/www.fabregat-perulles-sales.com\/actualidad\/","name":"www.fabregat-perulles-sales.com","description":"Fabregat Perulles Sales Abogados is a law firm of reference international market in the Spanish-German, Spanish-French, and Spanish-Italian. Is one of the first firms in Barcelona offering a Russian Desk.","potentialAction":[{"@type":"SearchAction","target":{"@type":"EntryPoint","urlTemplate":"https:\/\/www.fabregat-perulles-sales.com\/actualidad\/?s={search_term_string}"},"query-input":"required name=search_term_string"}],"inLanguage":"en-US"},{"@type":"Person","@id":"https:\/\/www.fabregat-perulles-sales.com\/actualidad\/#\/schema\/person\/b2d31a491075b263a315d2b3eead36c6","name":"admin","image":{"@type":"ImageObject","inLanguage":"en-US","@id":"https:\/\/www.fabregat-perulles-sales.com\/actualidad\/#\/schema\/person\/image\/","url":"https:\/\/secure.gravatar.com\/avatar\/c673997f99831703079a8144168e315a?s=96&d=mm&r=g","contentUrl":"https:\/\/secure.gravatar.com\/avatar\/c673997f99831703079a8144168e315a?s=96&d=mm&r=g","caption":"admin"},"url":"https:\/\/www.fabregat-perulles-sales.com\/actualidad\/author\/admin\/"}]}},"amp_enabled":true,"_links":{"self":[{"href":"https:\/\/www.fabregat-perulles-sales.com\/actualidad\/wp-json\/wp\/v2\/posts\/56"}],"collection":[{"href":"https:\/\/www.fabregat-perulles-sales.com\/actualidad\/wp-json\/wp\/v2\/posts"}],"about":[{"href":"https:\/\/www.fabregat-perulles-sales.com\/actualidad\/wp-json\/wp\/v2\/types\/post"}],"author":[{"embeddable":true,"href":"https:\/\/www.fabregat-perulles-sales.com\/actualidad\/wp-json\/wp\/v2\/users\/1"}],"replies":[{"embeddable":true,"href":"https:\/\/www.fabregat-perulles-sales.com\/actualidad\/wp-json\/wp\/v2\/comments?post=56"}],"version-history":[{"count":9,"href":"https:\/\/www.fabregat-perulles-sales.com\/actualidad\/wp-json\/wp\/v2\/posts\/56\/revisions"}],"predecessor-version":[{"id":1561,"href":"https:\/\/www.fabregat-perulles-sales.com\/actualidad\/wp-json\/wp\/v2\/posts\/56\/revisions\/1561"}],"wp:attachment":[{"href":"https:\/\/www.fabregat-perulles-sales.com\/actualidad\/wp-json\/wp\/v2\/media?parent=56"}],"wp:term":[{"taxonomy":"category","embeddable":true,"href":"https:\/\/www.fabregat-perulles-sales.com\/actualidad\/wp-json\/wp\/v2\/categories?post=56"},{"taxonomy":"post_tag","embeddable":true,"href":"https:\/\/www.fabregat-perulles-sales.com\/actualidad\/wp-json\/wp\/v2\/tags?post=56"}],"curies":[{"name":"wp","href":"https:\/\/api.w.org\/{rel}","templated":true}]}}