{"id":52,"date":"2012-11-16T15:36:20","date_gmt":"2012-11-16T13:36:20","guid":{"rendered":"http:\/\/www.fabregat-perulles-sales.com\/actualidad\/?p=52"},"modified":"2014-11-26T14:44:35","modified_gmt":"2014-11-26T12:44:35","slug":"derecho-administrativo","status":"publish","type":"post","link":"https:\/\/www.fabregat-perulles-sales.com\/actualidad\/derecho-administrativo\/","title":{"rendered":"Derecho Administrativo"},"content":{"rendered":"<p><strong>i.) Real Decreto 775\/2011, de 3 de junio, por el que se aprueba el Reglamento de la Ley 34\/2006, de 30 de octubre, sobre el acceso a las profesiones de Abogado y Procurador de los Tribunales<\/strong><\/p>\n<p>Tiene como objetivo principal mejorar la capacitaci\u00f3n profesional de abogados y procuradores.<\/p>\n<p><!--more--><\/p>\n<p>Establece un sistema de formaci\u00f3n que tiene tres pilares b\u00e1sicos:<\/p>\n<ul>\n<li>la realizaci\u00f3n de un curso formativo espec\u00edfico en el que se han de adquirir un conjunto de competencias profesionales espec\u00edficas;<\/li>\n<li>el desarrollo de un periodo de pr\u00e1cticas externas; y<\/li>\n<li>la realizaci\u00f3n de una evaluaci\u00f3n de la aptitud profesional que culmina el proceso de capacitaci\u00f3n con car\u00e1cter previo a la inscripci\u00f3n en el correspondiente colegio profesional.<\/li>\n<\/ul>\n<p><strong>ii.) Ley 18\/2011, de 5 de julio, reguladora del uso de las tecnolog\u00edas de la informaci\u00f3n y la comunicaci\u00f3n en la Administraci\u00f3n de Justicia<\/strong><\/p>\n<p>Regula el uso de las nuevas tecnolog\u00edas en la Administraci\u00f3n de Justicia. Define los requisitos m\u00ednimos de interconexi\u00f3n, interoperabilidad y seguridad necesarios en el desarrollo de los diferentes aplicativos utilizados por los actores del mundo judicial, a fin de garantizar la seguridad en la transmisi\u00f3n de los datos.<\/p>\n<p><strong>iii.) <\/strong><strong>Orden JUS\/1207\/2011, de 4 de mayo, por la que se crea y regula el Registro Electr\u00f3nico de Apostillas del Ministerio de Justicia y se regula el procedimiento de emisi\u00f3n de apostillas en soporte papel y electr\u00f3nico<\/strong><\/p>\n<p>Tiene por objeto la regulaci\u00f3n del procedimiento de emisi\u00f3n de Apostillas en formato electr\u00f3nico y la creaci\u00f3n y regulaci\u00f3n del Registro Electr\u00f3nico de Apostillas del Ministerio de Justicia.<\/p>\n<p><strong>iv.) Ley Org\u00e1nica 7\/2011, de 15 de julio, de modificaci\u00f3n del art\u00edculo 160 de la   Ley Org\u00e1nica 5 \/1985, de 19 de junio, del R\u00e9gimen Electoral General<\/strong><\/p>\n<p>Prev\u00e9 la publicaci\u00f3n de las rentas percibidas por los parlamentarios durante su mandato, as\u00ed como las variaciones experimentadas en su patrimonio personal.<\/p>\n<p><strong> <\/strong><\/p>\n<p><strong>v.) Real Decreto 1492\/2011, 24 de octubre, por el que se aprueba el REGLAMENTO de Valoraciones de la Ley de Suelo<\/strong><\/p>\n<p><em>Pretende mejorar el funcionamiento del procedimiento expropiatorio, haci\u00e9ndolo m\u00e1s transparente y eficiente, combatiendo adem\u00e1s las pr\u00e1cticas especulativas en la utilizaci\u00f3n del mismo. <\/em><\/p>\n<p>El TC ha venido atribuyendo al legislador espa\u00f1ol un amplio margen para fijar distintas modalidades de valoraci\u00f3n \u2013dependientes de la naturaleza de los bienes y derechos expropiados-, a las que s\u00f3lo se exige, desde la perspectiva constitucional, que <strong>no se revelen manifiestamente desprovistas de base razonable<\/strong>.<\/p>\n<p><strong>La filosof\u00eda actual de las valoraciones del suelo es que tan solo debe valorarse lo que hay, no lo que el planeamiento dice que puede llegar a haber en un futuro incierto.<\/strong><\/p>\n<p>As\u00ed, el Reglamento regula <strong><span style=\"text-decoration: underline;\">dos situaciones b\u00e1sicas<\/span><\/strong>: <strong>suelo rural<\/strong>, esto es, aqu\u00e9l que no est\u00e1 funcionalmente integrado en la trama urbana &#8211; incluso si est\u00e1 prevista su inclusi\u00f3n en el propio planeamiento vigente -, <strong>y suelo urbanizado<\/strong>, entendiendo por tal el que ha sido efectiva y adecuadamente transformado por la urbanizaci\u00f3n.<\/p>\n<p>Los criterios de valoraci\u00f3n establecidos persiguen determinar con la necesaria objetividad y seguridad jur\u00eddica el valor de sustituci\u00f3n del inmueble en el mercado por otro similar en su misma situaci\u00f3n.<em> <\/em><\/p>\n<p><em>El Reglamento desarrolla detalladamente los m\u00e9todos de valoraci\u00f3n.<\/em><\/p>\n<p><strong>La valoraci\u00f3n en suelo rural. <\/strong>Se busca valorar \u201cexplotaciones\u201d, entendidas \u00e9stas como unidades de producci\u00f3n, incluyendo en suelo rural cualquier actividad econ\u00f3mica reglada. Se produce, as\u00ed, la sustituci\u00f3n te\u00f3rica de la renta de la tierra, por la <strong>renta de la explotaci\u00f3n<\/strong>, en consonancia con la agricultura moderna y la Pol\u00edtica Agraria  Comunitaria y con el fin de resolver la inclusi\u00f3n, cada vez m\u00e1s frecuente, de explotaciones no agrarias en suelo rural. En la misma direcci\u00f3n debe considerarse el desarrollo de las <strong>posibilidades de valorar la renta potencial<\/strong>, adem\u00e1s de la renta real, lo que permite incluir en la valoraci\u00f3n la mejora tecnol\u00f3gica y econ\u00f3mica para la modernizaci\u00f3n, as\u00ed como la totalidad del valor potencial productivo del territorio en cuesti\u00f3n.<\/p>\n<p>La renta potencial siempre se calcular\u00e1 atendiendo al rendimiento del uso, disfrute o explotaci\u00f3n de que sean susceptibles los terrenos, con &#8220;utilizaci\u00f3n de medios t\u00e9cnicos normales&#8221;. La renta real se calcular\u00e1 atendiendo al uso, disfrute o explotaci\u00f3n realmente implantada y a los medios t\u00e9cnicos utilizados que podr\u00e1n ser superiores o inferiores a los normales.<\/p>\n<p>En ning\u00fan caso se permite <strong>valorar la posible expectativa urban\u00edstica ni siquiera v\u00eda &#8220;accesibilidad a n\u00facleos de poblaci\u00f3n&#8221;<\/strong>.<em> <\/em><\/p>\n<ul>\n<li><strong>La valoraci\u00f3n en suelo urbanizado.<\/strong><em> <\/em>El Reglamento es mucho m\u00e1s continuista en cuanto a lo que a suelo urbanizado se refiere. Sigue ofreciendo distintos criterios seg\u00fan se trate de suelo no edificado, edificado o en curso de edificaci\u00f3n. As\u00ed, si bien desarrolla reglamentariamente los cl\u00e1sicos m\u00e9todos de valoraci\u00f3n, su tarea se centra m\u00e1s en precisar y delimitar supuestos de suelo urbanizado.<\/li>\n<\/ul>\n<p>Por \u00faltimo, destacar que el Reglamento se aplica a todo tipo de valoraciones asociadas a actuaciones administrativas y concretamente, a los siguientes supuestos:<\/p>\n<ul>\n<li>Operaciones de equidistribuci\u00f3n propias de la ejecuci\u00f3n urban\u00edstica;<\/li>\n<li>Expropiaciones, urban\u00edsticas y no urban\u00edsticas;<\/li>\n<li>Venta o sustituci\u00f3n forzosa; y<\/li>\n<li>Responsabilidad patrimonial de la Administraci\u00f3n.<\/li>\n<\/ul>\n<p><strong> <\/strong><\/p>\n<p><strong>vi.) Ley Org\u00e1nica 1\/2012, de 3 de abril, por la que se excluye del \u00e1mbito de aplicaci\u00f3n de la disposici\u00f3n adicional de la Ley  Org\u00e1nica 3\/2006, de 26 de mayo, de reforma de la Ley Org\u00e1nica 5\/2001, de 13 de diciembre, complementaria de la Ley General de Estabilidad Presupuestaria, a determinados mecanismos de financiaci\u00f3n<\/strong><\/p>\n<p>Los retrasos en los pagos de las Administraciones est\u00e1n causando problemas a las empresas proveedoras. Para evitar estos efectos que retroalimentan la crisis, se pone en marcha de un mecanismo extraordinario de financiaci\u00f3n para que las Comunidades Aut\u00f3nomas y las Entidades Locales puedan hacer frente a sus obligaciones pendientes con sus proveedores. Este mecanismo puntual se limita al ejercicio 2012 y en relaci\u00f3n con las obligaciones pendientes de pago anteriores al 1 de enero de 2012.<\/p>\n<p><strong> <\/strong><\/p>\n<p><strong>vii.) Ley 8\/2011, de 28 de abril, por la que se establecen medidas para la protecci\u00f3n de las infraestructuras cr\u00edticas <\/strong><\/p>\n<p>Las <strong>Infraestructuras Cr\u00edticas <\/strong>son el conjunto de recursos, servicios, tecnolog\u00edas de la informaci\u00f3n y redes, que en el caso de sufrir un ataque, causar\u00edan gran impacto en la seguridad, tanto f\u00edsica como econ\u00f3mica, de los ciudadanos o en el buen funcionamiento del Gobierno.<\/p>\n<p>Se prev\u00e9n medidas de protecci\u00f3n de las infraestructuras cr\u00edticas que proporcionen una base adecuada sobre la que se asiente una eficaz coordinaci\u00f3n de las Administraciones P\u00fablicas y de las entidades y organismos gestores o propietarios de infraestructuras que presten servicios esenciales para la sociedad, con el fin de lograr una mejor seguridad para aqu\u00e9llas.<\/p>\n<p><strong>viii.) Real Decreto 1612\/2011, de 14 de noviembre, por el que se modifican los Reales Decretos 1426\/1989, de 17 de noviembre, y 1427\/1989, de 17 de noviembre, por los que se aprueban los aranceles de los notarios y los registradores, as\u00ed como el Decreto 757\/1973, de 29 de marzo, por el que se aprueba el arancel de los registradores mercantiles<\/strong><\/p>\n<p>Coordina los reales decretos que espec\u00edficamente regulan los aranceles aplicables por notarios y registradores a las diversas modificaciones operadas por ley o normas con rango de ley en los \u00faltimos a\u00f1os y cuya aplicaci\u00f3n ha dado lugar a diversas dudas interpretativas.<\/p>\n\r\n\t\t<style>\r\n\t\t\t.huge-it-share-buttons {\r\n\t\t\t\tborder:0px solid #0FB5D6;\r\n\t\t\t\tborder-radius:5px;\r\n\t\t\t\tbackground:#3BD8FF;\r\n\t\t\t text-align:left; \t\t\t\t\t\t\t\t\t}\r\n\r\n\t\t\t#huge-it-share-buttons-top {margin-bottom:0px;}\r\n\t\t\t#huge-it-share-buttons-bottom {margin-top:0px;}\r\n\r\n\t\t\t.huge-it-share-buttons h3 {\r\n\t\t\t\tfont-size:25px ;\r\n\t\t\t\tfont-family:Arial,Helvetica Neue,Helvetica,sans-serif;\r\n\t\t\t\tcolor:#666666;\r\n\r\n\t\t\tdisplay:block;\t\t\t\tline-height:25px ;\r\n\r\n\t\t\t text-align:left; \t\t\t\t\t\t\t\t\t}\r\n\r\n\t\t\t.huge-it-share-buttons ul {\r\n\t\t\t float:left; \t\t\t\t\t\t\t\t\t}\r\n\r\n\t\t\t.huge-it-share-buttons ul li {\r\n\t\t\t\tmargin-left:3px;\r\n\t\t\t\tmargin-right:3px;\r\n\t\t\t\tpadding:0px;\r\n\t\t\t\tborder:0px ridge #E6354C;\r\n\t\t\t\tborder-radius:11px;\r\n\t\t\t\tbackground-color:#14CC9B;\r\n\t\t\t}\r\n\r\n\t\t\t.huge-it-share-buttons ul li #backforunical52 {\r\n\t\t\t\tborder-bottom: 0;\r\n\t\t\t\tbackground-image:url('https:\/\/www.fabregat-perulles-sales.com\/actualidad\/wp-content\/plugins\/wp-share-buttons\/Front_end\/..\/images\/buttons.30.png');\r\n\t\t\t\twidth:30px;\r\n\t\t\t\theight:30px;\r\n\t\t\t}\r\n\r\n\t\t\t.front-shares-count {\r\n\t\t\t\tposition: absolute;\r\n\t\t\t\ttext-align: center;\r\n\t\t\t\tdisplay: block;\r\n\t\t\t}\r\n\r\n\t\t\t.shares_size20 .front-shares-count {\r\n\t\t\t\tfont-size: 10px;\r\n\t\t\t\ttop: 10px;\r\n\t\t\t\twidth: 20px;\r\n\t\t\t}\r\n\r\n\t\t\t.shares_size30 .front-shares-count {\r\n\t\t\t\tfont-size: 11px;\r\n\t\t\t\ttop: 15px;\r\n\t\t\t\twidth: 30px;\r\n\t\t\t}\r\n\r\n\t\t\t.shares_size40 .front-shares-count {\r\n\t\t\t\tfont-size: 12px;\r\n\t\t\t\ttop: 21px;\r\n\t\t\t\twidth: 40px;\r\n\t\t\t}\r\n\t\t<\/style>\r\n\t\t\r\n\t\t<div id=\"huge-it-share-buttons-top\" class=\"huge-it-share-buttons nobackground\">\r\n\t\t\t<h3>Share This:<\/h3>\r\n\t\t\t<ul class=\"huge-it-share-buttons-list \">\r\n\t\t\t\t\t\t\t\t\t<li class=\"nobackground \" >\r\n\r\n\t\t\t\t\t\t\t\t\t\t\t\t<a id=\"backforunical52\" href=\"https:\/\/www.facebook.com\/sharer\/sharer.php?u=www.fabregat-perulles-sales.com\/actualidad\/wp-json\/wp\/v2\/posts\/52\"  onclick=\"javascript:void window.open('https:\/\/www.facebook.com\/sharer\/sharer.php?u=www.fabregat-perulles-sales.com\/actualidad\/wp-json\/wp\/v2\/posts\/52','1410949501326','width=700,height=500,toolbar=0,menubar=0,location=0,status=1,scrollbars=1,resizable=1,left=0,top=0');return false;\" style=\"background-position: -0px -120px \"><\/a>\r\n\t\t\t\t\t<\/li>\r\n\t\t\t\t\t\t\t\t\t\t<li class=\"nobackground \" >\r\n\r\n\t\t\t\t\t\t\t\t\t\t\t\t<a id=\"backforunical52\" href=\"https:\/\/twitter.com\/share?status=www.fabregat-perulles-sales.com\/actualidad\/wp-json\/wp\/v2\/posts\/52&text=Derecho Administrativo\"  onclick=\"javascript:void window.open('https:\/\/twitter.com\/share?status=www.fabregat-perulles-sales.com\/actualidad\/wp-json\/wp\/v2\/posts\/52&text=Derecho Administrativo','1410949501326','width=700,height=500,toolbar=0,menubar=0,location=0,status=1,scrollbars=1,resizable=1,left=0,top=0');return false;\" style=\"background-position: -30px -120px \"><\/a>\r\n\t\t\t\t\t<\/li>\r\n\t\t\t\t\t\t\t\t\t\t<li class=\"none nobackground \" >\r\n\r\n\t\t\t\t\t\t\t\t\t\t\t\t<a id=\"backforunical52\" href=\"http:\/\/www.pinterest.com\/pin\/create\/button\/?url=www.fabregat-perulles-sales.com\/actualidad\/wp-json\/wp\/v2\/posts\/52&media=https:\/\/www.fabregat-perulles-sales.com\/actualidad\/wp-content\/plugins\/wp-share-buttons\/Front_end\/..\/images\/noimage.png&description=Derecho Administrativo\"  onclick=\"javascript:void window.open('http:\/\/www.pinterest.com\/pin\/create\/button\/?url=www.fabregat-perulles-sales.com\/actualidad\/wp-json\/wp\/v2\/posts\/52&media=https:\/\/www.fabregat-perulles-sales.com\/actualidad\/wp-content\/plugins\/wp-share-buttons\/Front_end\/..\/images\/noimage.png&description=Derecho Administrativo','1410949501326','width=700,height=500,toolbar=0,menubar=0,location=0,status=1,scrollbars=1,resizable=1,left=0,top=0');return false;\" style=\"background-position: -60px -120px \"><\/a>\r\n\t\t\t\t\t<\/li>\r\n\t\t\t\t\t\t\t\t\t\t<li class=\"none nobackground \" >\r\n\r\n\t\t\t\t\t\t\t\t\t\t\t\t<a id=\"backforunical52\" href=\"https:\/\/plus.google.com\/share?url=www.fabregat-perulles-sales.com\/actualidad\/wp-json\/wp\/v2\/posts\/52\"  onclick=\"javascript:void window.open('https:\/\/plus.google.com\/share?url=www.fabregat-perulles-sales.com\/actualidad\/wp-json\/wp\/v2\/posts\/52','1410949501326','width=700,height=500,toolbar=0,menubar=0,location=0,status=1,scrollbars=1,resizable=1,left=0,top=0');return false;\" style=\"background-position: -90px -120px \"><\/a>\r\n\t\t\t\t\t<\/li>\r\n\t\t\t\t\t\t\t\t\t\t<li class=\"nobackground \" >\r\n\r\n\t\t\t\t\t\t\t\t\t\t\t\t<a id=\"backforunical52\" href=\"https:\/\/www.linkedin.com\/shareArticle?title=Derecho Administrativo&mini=true&url=https:\/\/www.fabregat-perulles-sales.com\/actualidad\/wp-json\/wp\/v2\/posts\/52\"  onclick=\"javascript:void window.open('https:\/\/www.linkedin.com\/shareArticle?title=Derecho Administrativo&mini=true&url=https:\/\/www.fabregat-perulles-sales.com\/actualidad\/wp-json\/wp\/v2\/posts\/52','1410949501326','width=700,height=500,toolbar=0,menubar=0,location=0,status=1,scrollbars=1,resizable=1,left=0,top=0');return false;\" style=\"background-position: -120px -120px \"><\/a>\r\n\t\t\t\t\t<\/li>\r\n\t\t\t\t\t\t\t\t\t\t<li class=\"none nobackground \" >\r\n\r\n\t\t\t\t\t\t\t\t\t\t\t\t<a id=\"backforunical52\" href=\"https:\/\/www.tumblr.com\/share\/link?url=www.fabregat-perulles-sales.com\/actualidad\/wp-json\/wp\/v2\/posts\/52&name=Derecho Administrativo\"  onclick=\"javascript:void window.open('https:\/\/www.tumblr.com\/share\/link?url=www.fabregat-perulles-sales.com\/actualidad\/wp-json\/wp\/v2\/posts\/52&name=Derecho Administrativo','1410949501326','width=700,height=500,toolbar=0,menubar=0,location=0,status=1,scrollbars=1,resizable=1,left=0,top=0');return false;\" style=\"background-position: -150px -120px \"><\/a>\r\n\t\t\t\t\t<\/li>\r\n\t\t\t\t\t\t\t\t\t\t<li class=\"none nobackground \" >\r\n\r\n\t\t\t\t\t\t\t\t\t\t\t\t<a id=\"backforunical52\" href=\"http:\/\/digg.com\/submit?phase=2&url=www.fabregat-perulles-sales.com\/actualidad\/wp-json\/wp\/v2\/posts\/52&title=Derecho Administrativo\"  onclick=\"javascript:void window.open('http:\/\/digg.com\/submit?phase=2&url=www.fabregat-perulles-sales.com\/actualidad\/wp-json\/wp\/v2\/posts\/52&title=Derecho Administrativo','1410949501326','width=700,height=500,toolbar=0,menubar=0,location=0,status=1,scrollbars=1,resizable=1,left=0,top=0');return false;\" style=\"background-position: -180px -120px \"><\/a>\r\n\t\t\t\t\t<\/li>\r\n\t\t\t\t\t\t\t\t\t\t<li class=\"none nobackground \" >\r\n\r\n\t\t\t\t\t\t\t\t\t\t\t\t<a id=\"backforunical52\" href=\"http:\/\/www.stumbleupon.com\/submit?url=www.fabregat-perulles-sales.com\/actualidad\/wp-json\/wp\/v2\/posts\/52&title=Derecho Administrativo\"  onclick=\"javascript:void window.open('http:\/\/www.stumbleupon.com\/submit?url=www.fabregat-perulles-sales.com\/actualidad\/wp-json\/wp\/v2\/posts\/52&title=Derecho Administrativo','1410949501326','width=700,height=500,toolbar=0,menubar=0,location=0,status=1,scrollbars=1,resizable=1,left=0,top=0');return false;\" style=\"background-position: -210px -120px \"><\/a>\r\n\t\t\t\t\t<\/li>\r\n\t\t\t\t\t\t\t\t\t\t<li class=\"none nobackground \" >\r\n\r\n\t\t\t\t\t\t\t\t\t\t\t\t<a id=\"backforunical52\" href=\"https:\/\/myspace.com\/post?l=3&u=www.fabregat-perulles-sales.com\/actualidad\/wp-json\/wp\/v2\/posts\/52\"  onclick=\"javascript:void window.open('https:\/\/myspace.com\/post?l=3&u=www.fabregat-perulles-sales.com\/actualidad\/wp-json\/wp\/v2\/posts\/52','1410949501326','width=700,height=500,toolbar=0,menubar=0,location=0,status=1,scrollbars=1,resizable=1,left=0,top=0');return false;\" style=\"background-position: -240px -120px \"><\/a>\r\n\t\t\t\t\t<\/li>\r\n\t\t\t\t\t\t\t\t\t\t<li class=\"nobackground \" >\r\n\r\n\t\t\t\t\t\t\t\t\t\t\t\t<a id=\"backforunical52\" href=\"http:\/\/vk.com\/share.php?url=www.fabregat-perulles-sales.com\/actualidad\/wp-json\/wp\/v2\/posts\/52&title=Derecho Administrativo\"  onclick=\"javascript:void window.open('http:\/\/vk.com\/share.php?url=www.fabregat-perulles-sales.com\/actualidad\/wp-json\/wp\/v2\/posts\/52&title=Derecho Administrativo','1410949501326','width=700,height=500,toolbar=0,menubar=0,location=0,status=1,scrollbars=1,resizable=1,left=0,top=0');return false;\" style=\"background-position: -270px -120px \"><\/a>\r\n\t\t\t\t\t<\/li>\r\n\t\t\t\t\t\t\t\t\t\t<li class=\"none nobackground \" >\r\n\r\n\t\t\t\t\t\t\t\t\t\t\t\t<a id=\"backforunical52\" href=\"http:\/\/www.reddit.com\/submit?url=www.fabregat-perulles-sales.com\/actualidad\/wp-json\/wp\/v2\/posts\/52&title=Derecho Administrativo\"  onclick=\"javascript:void window.open('http:\/\/www.reddit.com\/submit?url=www.fabregat-perulles-sales.com\/actualidad\/wp-json\/wp\/v2\/posts\/52&title=Derecho Administrativo','1410949501326','width=700,height=500,toolbar=0,menubar=0,location=0,status=1,scrollbars=1,resizable=1,left=0,top=0');return false;\" style=\"background-position: -300px -120px \"><\/a>\r\n\t\t\t\t\t<\/li>\r\n\t\t\t\t\t\t\t\t\t\t<li class=\"none nobackground \" >\r\n\r\n\t\t\t\t\t\t\t\t\t\t\t\t<a id=\"backforunical52\" href=\"http:\/\/www.bebo.com\/c\/share?Url=www.fabregat-perulles-sales.com\/actualidad\/wp-json\/wp\/v2\/posts\/52\"  onclick=\"javascript:void window.open('http:\/\/www.bebo.com\/c\/share?Url=www.fabregat-perulles-sales.com\/actualidad\/wp-json\/wp\/v2\/posts\/52','1410949501326','width=700,height=500,toolbar=0,menubar=0,location=0,status=1,scrollbars=1,resizable=1,left=0,top=0');return false;\" style=\"background-position: -330px -120px \"><\/a>\r\n\t\t\t\t\t<\/li>\r\n\t\t\t\t\t\t\t\t\t\t<li class=\"none nobackground \" >\r\n\r\n\t\t\t\t\t\t\t\t\t\t\t\t<a id=\"backforunical52\" href=\"https:\/\/delicious.com\/save?v=5&noui&jump=close&url=www.fabregat-perulles-sales.com\/actualidad\/wp-json\/wp\/v2\/posts\/52&title=Derecho Administrativo\"  onclick=\"javascript:void window.open('https:\/\/delicious.com\/save?v=5&noui&jump=close&url=www.fabregat-perulles-sales.com\/actualidad\/wp-json\/wp\/v2\/posts\/52&title=Derecho Administrativo','1410949501326','width=700,height=500,toolbar=0,menubar=0,location=0,status=1,scrollbars=1,resizable=1,left=0,top=0');return false;\" style=\"background-position: -360px -120px \"><\/a>\r\n\t\t\t\t\t<\/li>\r\n\t\t\t\t\t\t\t\t\t\t<li class=\"none nobackground \" >\r\n\r\n\t\t\t\t\t\t\t\t\t\t\t\t<a id=\"backforunical52\" href=\"http:\/\/www.odnoklassniki.ru\/dk?st.cmd=addShare&st.s=2&st.noresize=on&st._surl=www.fabregat-perulles-sales.com\/actualidad\/wp-json\/wp\/v2\/posts\/52\"  onclick=\"javascript:void window.open('http:\/\/www.odnoklassniki.ru\/dk?st.cmd=addShare&st.s=2&st.noresize=on&st._surl=www.fabregat-perulles-sales.com\/actualidad\/wp-json\/wp\/v2\/posts\/52','1410949501326','width=700,height=500,toolbar=0,menubar=0,location=0,status=1,scrollbars=1,resizable=1,left=0,top=0');return false;\" style=\"background-position: -390px -120px \"><\/a>\r\n\t\t\t\t\t<\/li>\r\n\t\t\t\t\t\t\t\t\t\t<li class=\"none nobackground \" >\r\n\r\n\t\t\t\t\t\t\t\t\t\t\t\t<a id=\"backforunical52\" href=\"http:\/\/sns.qzone.qq.com\/cgi-bin\/qzshare\/cgi_qzshare_onekey?url=www.fabregat-perulles-sales.com\/actualidad\/wp-json\/wp\/v2\/posts\/52&title=Derecho Administrativo\"  onclick=\"javascript:void window.open('http:\/\/sns.qzone.qq.com\/cgi-bin\/qzshare\/cgi_qzshare_onekey?url=www.fabregat-perulles-sales.com\/actualidad\/wp-json\/wp\/v2\/posts\/52&title=Derecho Administrativo','1410949501326','width=700,height=500,toolbar=0,menubar=0,location=0,status=1,scrollbars=1,resizable=1,left=0,top=0');return false;\" style=\"background-position: -420px -120px \"><\/a>\r\n\t\t\t\t\t<\/li>\r\n\t\t\t\t\t\t\t\t\t\t<li class=\"none nobackground \" >\r\n\r\n\t\t\t\t\t\t\t\t\t\t\t\t<a id=\"backforunical52\" href=\"http:\/\/service.weibo.com\/share\/share.php?url=www.fabregat-perulles-sales.com\/actualidad\/wp-json\/wp\/v2\/posts\/52&appkey=&title=Derecho Administrativo&pic=&ralateUid=&\"  onclick=\"javascript:void window.open('http:\/\/service.weibo.com\/share\/share.php?url=www.fabregat-perulles-sales.com\/actualidad\/wp-json\/wp\/v2\/posts\/52&appkey=&title=Derecho Administrativo&pic=&ralateUid=&','1410949501326','width=700,height=500,toolbar=0,menubar=0,location=0,status=1,scrollbars=1,resizable=1,left=0,top=0');return false;\" style=\"background-position: -450px -120px \"><\/a>\r\n\t\t\t\t\t<\/li>\r\n\t\t\t\t\t\t\t\t\t\t<li class=\"none nobackground \" >\r\n\r\n\t\t\t\t\t\t\t\t\t\t\t\t<a id=\"backforunical52\" href=\"http:\/\/widget.renren.com\/dialog\/share?resourceUrl=www.fabregat-perulles-sales.com\/actualidad\/wp-json\/wp\/v2\/posts\/52&srcUrl=www.fabregat-perulles-sales.com\/actualidad\/wp-json\/wp\/v2\/posts\/52&title=Derecho Administrativo\"  onclick=\"javascript:void window.open('http:\/\/widget.renren.com\/dialog\/share?resourceUrl=www.fabregat-perulles-sales.com\/actualidad\/wp-json\/wp\/v2\/posts\/52&srcUrl=www.fabregat-perulles-sales.com\/actualidad\/wp-json\/wp\/v2\/posts\/52&title=Derecho Administrativo','1410949501326','width=700,height=500,toolbar=0,menubar=0,location=0,status=1,scrollbars=1,resizable=1,left=0,top=0');return false;\" style=\"background-position: -480px -120px \"><\/a>\r\n\t\t\t\t\t<\/li>\r\n\t\t\t\t\t\t\t\t\t\t<li class=\"none nobackground \" >\r\n\r\n\t\t\t\t\t\t\t\t\t\t\t\t<a id=\"backforunical52\" href=\"http:\/\/n4g.com\/tips?url=www.fabregat-perulles-sales.com\/actualidad\/wp-json\/wp\/v2\/posts\/52&title=Derecho Administrativo\"  onclick=\"javascript:void window.open('http:\/\/n4g.com\/tips?url=www.fabregat-perulles-sales.com\/actualidad\/wp-json\/wp\/v2\/posts\/52&title=Derecho Administrativo','1410949501326','width=700,height=500,toolbar=0,menubar=0,location=0,status=1,scrollbars=1,resizable=1,left=0,top=0');return false;\" style=\"background-position: -510px -120px \"><\/a>\r\n\t\t\t\t\t<\/li>\r\n\t\t\t\t\t\t\t\t<\/ul>\r\n\t\t\t<div class=\"clear\"><\/div>\r\n\t\t<\/div>\r\n\t\t","protected":false},"excerpt":{"rendered":"<p>i.) Real Decreto 775\/2011, de 3 de junio, por el que se aprueba el Reglamento de la Ley 34\/2006, de 30 de octubre, sobre el acceso a las profesiones de Abogado y Procurador de los Tribunales Tiene como objetivo principal mejorar la capacitaci\u00f3n profesional de abogados y procuradores. Share This:<\/p>\n","protected":false},"author":1,"featured_media":0,"comment_status":"open","ping_status":"open","sticky":false,"template":"","format":"standard","meta":[],"categories":[20,466],"tags":[],"yoast_head":"<!-- This site is optimized with the Yoast SEO plugin v20.2.1 - https:\/\/yoast.com\/wordpress\/plugins\/seo\/ -->\n<title>Derecho Administrativo | International Lawyers<\/title>\n<meta name=\"description\" content=\"i.) Real Decreto 775\/2011, de 3 de junio, por el que se aprueba el Reglamento de la Ley 34\/2006, de 30 de octubre, sobre el acceso a las profesiones de\" \/>\n<meta name=\"robots\" content=\"index, follow, max-snippet:-1, max-image-preview:large, max-video-preview:-1\" \/>\n<link rel=\"canonical\" href=\"https:\/\/www.fabregat-perulles-sales.com\/actualidad\/derecho-administrativo\/\" \/>\n<meta property=\"og:locale\" content=\"en_US\" \/>\n<meta property=\"og:type\" content=\"article\" \/>\n<meta property=\"og:title\" content=\"Derecho Administrativo | International Lawyers\" \/>\n<meta property=\"og:description\" content=\"i.) Real Decreto 775\/2011, de 3 de junio, por el que se aprueba el Reglamento de la Ley 34\/2006, de 30 de octubre, sobre el acceso a las profesiones de\" \/>\n<meta property=\"og:url\" content=\"https:\/\/www.fabregat-perulles-sales.com\/actualidad\/derecho-administrativo\/\" \/>\n<meta property=\"og:site_name\" content=\"International Lawyers\" \/>\n<meta property=\"article:published_time\" content=\"2012-11-16T13:36:20+00:00\" \/>\n<meta property=\"article:modified_time\" content=\"2014-11-26T12:44:35+00:00\" \/>\n<meta name=\"author\" content=\"admin\" \/>\n<meta name=\"twitter:card\" content=\"summary_large_image\" \/>\n<meta name=\"twitter:label1\" content=\"Written by\" \/>\n\t<meta name=\"twitter:data1\" content=\"admin\" \/>\n\t<meta name=\"twitter:label2\" content=\"Est. reading time\" \/>\n\t<meta name=\"twitter:data2\" content=\"6 minutes\" \/>\n<script type=\"application\/ld+json\" class=\"yoast-schema-graph\">{\"@context\":\"https:\/\/schema.org\",\"@graph\":[{\"@type\":\"WebPage\",\"@id\":\"https:\/\/www.fabregat-perulles-sales.com\/actualidad\/derecho-administrativo\/\",\"url\":\"https:\/\/www.fabregat-perulles-sales.com\/actualidad\/derecho-administrativo\/\",\"name\":\"Derecho Administrativo | International Lawyers\",\"isPartOf\":{\"@id\":\"https:\/\/www.fabregat-perulles-sales.com\/actualidad\/#website\"},\"datePublished\":\"2012-11-16T13:36:20+00:00\",\"dateModified\":\"2014-11-26T12:44:35+00:00\",\"author\":{\"@id\":\"https:\/\/www.fabregat-perulles-sales.com\/actualidad\/#\/schema\/person\/b2d31a491075b263a315d2b3eead36c6\"},\"description\":\"i.) Real Decreto 775\/2011, de 3 de junio, por el que se aprueba el Reglamento de la Ley 34\/2006, de 30 de octubre, sobre el acceso a las profesiones de\",\"breadcrumb\":{\"@id\":\"https:\/\/www.fabregat-perulles-sales.com\/actualidad\/derecho-administrativo\/#breadcrumb\"},\"inLanguage\":\"en-US\",\"potentialAction\":[{\"@type\":\"ReadAction\",\"target\":[\"https:\/\/www.fabregat-perulles-sales.com\/actualidad\/derecho-administrativo\/\"]}]},{\"@type\":\"BreadcrumbList\",\"@id\":\"https:\/\/www.fabregat-perulles-sales.com\/actualidad\/derecho-administrativo\/#breadcrumb\",\"itemListElement\":[{\"@type\":\"ListItem\",\"position\":1,\"name\":\"Home\",\"item\":\"https:\/\/www.fabregat-perulles-sales.com\/actualidad\/\"},{\"@type\":\"ListItem\",\"position\":2,\"name\":\"Derecho Administrativo\"}]},{\"@type\":\"WebSite\",\"@id\":\"https:\/\/www.fabregat-perulles-sales.com\/actualidad\/#website\",\"url\":\"https:\/\/www.fabregat-perulles-sales.com\/actualidad\/\",\"name\":\"www.fabregat-perulles-sales.com\",\"description\":\"Fabregat Perulles Sales Abogados is a law firm of reference international market in the Spanish-German, Spanish-French, and Spanish-Italian. Is one of the first firms in Barcelona offering a Russian Desk.\",\"potentialAction\":[{\"@type\":\"SearchAction\",\"target\":{\"@type\":\"EntryPoint\",\"urlTemplate\":\"https:\/\/www.fabregat-perulles-sales.com\/actualidad\/?s={search_term_string}\"},\"query-input\":\"required name=search_term_string\"}],\"inLanguage\":\"en-US\"},{\"@type\":\"Person\",\"@id\":\"https:\/\/www.fabregat-perulles-sales.com\/actualidad\/#\/schema\/person\/b2d31a491075b263a315d2b3eead36c6\",\"name\":\"admin\",\"image\":{\"@type\":\"ImageObject\",\"inLanguage\":\"en-US\",\"@id\":\"https:\/\/www.fabregat-perulles-sales.com\/actualidad\/#\/schema\/person\/image\/\",\"url\":\"https:\/\/secure.gravatar.com\/avatar\/c673997f99831703079a8144168e315a?s=96&d=mm&r=g\",\"contentUrl\":\"https:\/\/secure.gravatar.com\/avatar\/c673997f99831703079a8144168e315a?s=96&d=mm&r=g\",\"caption\":\"admin\"},\"url\":\"https:\/\/www.fabregat-perulles-sales.com\/actualidad\/author\/admin\/\"}]}<\/script>\n<!-- \/ Yoast SEO plugin. -->","yoast_head_json":{"title":"Derecho Administrativo | International Lawyers","description":"i.) Real Decreto 775\/2011, de 3 de junio, por el que se aprueba el Reglamento de la Ley 34\/2006, de 30 de octubre, sobre el acceso a las profesiones de","robots":{"index":"index","follow":"follow","max-snippet":"max-snippet:-1","max-image-preview":"max-image-preview:large","max-video-preview":"max-video-preview:-1"},"canonical":"https:\/\/www.fabregat-perulles-sales.com\/actualidad\/derecho-administrativo\/","og_locale":"en_US","og_type":"article","og_title":"Derecho Administrativo | International Lawyers","og_description":"i.) Real Decreto 775\/2011, de 3 de junio, por el que se aprueba el Reglamento de la Ley 34\/2006, de 30 de octubre, sobre el acceso a las profesiones de","og_url":"https:\/\/www.fabregat-perulles-sales.com\/actualidad\/derecho-administrativo\/","og_site_name":"International Lawyers","article_published_time":"2012-11-16T13:36:20+00:00","article_modified_time":"2014-11-26T12:44:35+00:00","author":"admin","twitter_card":"summary_large_image","twitter_misc":{"Written by":"admin","Est. reading time":"6 minutes"},"schema":{"@context":"https:\/\/schema.org","@graph":[{"@type":"WebPage","@id":"https:\/\/www.fabregat-perulles-sales.com\/actualidad\/derecho-administrativo\/","url":"https:\/\/www.fabregat-perulles-sales.com\/actualidad\/derecho-administrativo\/","name":"Derecho Administrativo | International Lawyers","isPartOf":{"@id":"https:\/\/www.fabregat-perulles-sales.com\/actualidad\/#website"},"datePublished":"2012-11-16T13:36:20+00:00","dateModified":"2014-11-26T12:44:35+00:00","author":{"@id":"https:\/\/www.fabregat-perulles-sales.com\/actualidad\/#\/schema\/person\/b2d31a491075b263a315d2b3eead36c6"},"description":"i.) Real Decreto 775\/2011, de 3 de junio, por el que se aprueba el Reglamento de la Ley 34\/2006, de 30 de octubre, sobre el acceso a las profesiones de","breadcrumb":{"@id":"https:\/\/www.fabregat-perulles-sales.com\/actualidad\/derecho-administrativo\/#breadcrumb"},"inLanguage":"en-US","potentialAction":[{"@type":"ReadAction","target":["https:\/\/www.fabregat-perulles-sales.com\/actualidad\/derecho-administrativo\/"]}]},{"@type":"BreadcrumbList","@id":"https:\/\/www.fabregat-perulles-sales.com\/actualidad\/derecho-administrativo\/#breadcrumb","itemListElement":[{"@type":"ListItem","position":1,"name":"Home","item":"https:\/\/www.fabregat-perulles-sales.com\/actualidad\/"},{"@type":"ListItem","position":2,"name":"Derecho Administrativo"}]},{"@type":"WebSite","@id":"https:\/\/www.fabregat-perulles-sales.com\/actualidad\/#website","url":"https:\/\/www.fabregat-perulles-sales.com\/actualidad\/","name":"www.fabregat-perulles-sales.com","description":"Fabregat Perulles Sales Abogados is a law firm of reference international market in the Spanish-German, Spanish-French, and Spanish-Italian. Is one of the first firms in Barcelona offering a Russian Desk.","potentialAction":[{"@type":"SearchAction","target":{"@type":"EntryPoint","urlTemplate":"https:\/\/www.fabregat-perulles-sales.com\/actualidad\/?s={search_term_string}"},"query-input":"required name=search_term_string"}],"inLanguage":"en-US"},{"@type":"Person","@id":"https:\/\/www.fabregat-perulles-sales.com\/actualidad\/#\/schema\/person\/b2d31a491075b263a315d2b3eead36c6","name":"admin","image":{"@type":"ImageObject","inLanguage":"en-US","@id":"https:\/\/www.fabregat-perulles-sales.com\/actualidad\/#\/schema\/person\/image\/","url":"https:\/\/secure.gravatar.com\/avatar\/c673997f99831703079a8144168e315a?s=96&d=mm&r=g","contentUrl":"https:\/\/secure.gravatar.com\/avatar\/c673997f99831703079a8144168e315a?s=96&d=mm&r=g","caption":"admin"},"url":"https:\/\/www.fabregat-perulles-sales.com\/actualidad\/author\/admin\/"}]}},"amp_enabled":true,"_links":{"self":[{"href":"https:\/\/www.fabregat-perulles-sales.com\/actualidad\/wp-json\/wp\/v2\/posts\/52"}],"collection":[{"href":"https:\/\/www.fabregat-perulles-sales.com\/actualidad\/wp-json\/wp\/v2\/posts"}],"about":[{"href":"https:\/\/www.fabregat-perulles-sales.com\/actualidad\/wp-json\/wp\/v2\/types\/post"}],"author":[{"embeddable":true,"href":"https:\/\/www.fabregat-perulles-sales.com\/actualidad\/wp-json\/wp\/v2\/users\/1"}],"replies":[{"embeddable":true,"href":"https:\/\/www.fabregat-perulles-sales.com\/actualidad\/wp-json\/wp\/v2\/comments?post=52"}],"version-history":[{"count":7,"href":"https:\/\/www.fabregat-perulles-sales.com\/actualidad\/wp-json\/wp\/v2\/posts\/52\/revisions"}],"predecessor-version":[{"id":1534,"href":"https:\/\/www.fabregat-perulles-sales.com\/actualidad\/wp-json\/wp\/v2\/posts\/52\/revisions\/1534"}],"wp:attachment":[{"href":"https:\/\/www.fabregat-perulles-sales.com\/actualidad\/wp-json\/wp\/v2\/media?parent=52"}],"wp:term":[{"taxonomy":"category","embeddable":true,"href":"https:\/\/www.fabregat-perulles-sales.com\/actualidad\/wp-json\/wp\/v2\/categories?post=52"},{"taxonomy":"post_tag","embeddable":true,"href":"https:\/\/www.fabregat-perulles-sales.com\/actualidad\/wp-json\/wp\/v2\/tags?post=52"}],"curies":[{"name":"wp","href":"https:\/\/api.w.org\/{rel}","templated":true}]}}