{"id":5096,"date":"2023-02-27T20:16:12","date_gmt":"2023-02-27T19:16:12","guid":{"rendered":"https:\/\/www.fabregat-perulles-sales.com\/actualidad\/?p=5096"},"modified":"2023-02-27T20:52:21","modified_gmt":"2023-02-27T19:52:21","slug":"protocolo-de-servicio-de-guardia-y-de-actuacion-rapida-de-los-juzgados-mercantiles-de-barcelona-y-de-alicante-para-el-mobile-world-congress-2023","status":"publish","type":"post","link":"https:\/\/www.fabregat-perulles-sales.com\/actualidad\/protocolo-de-servicio-de-guardia-y-de-actuacion-rapida-de-los-juzgados-mercantiles-de-barcelona-y-de-alicante-para-el-mobile-world-congress-2023\/","title":{"rendered":"Protocolo de servicio de guardia y de actuaci\u00f3n r\u00e1pida de los Juzgados Mercantiles de Barcelona y de Alicante para el Mobile World Congress 2023"},"content":{"rendered":"<p><strong><u>Protocolo de servicio de guardia y de actuaci\u00f3n r\u00e1pida de los Juzgados Mercantiles de Barcelona y de Alicante para el <em>Mobile World Congress 2023<\/em><\/u><\/strong><\/p>\n<p>Los pr\u00f3ximos d\u00edas 27 de febrero al 2 de marzo de 2023 se celebrar\u00e1 en Barcelona el <strong><em>Mobile World Congress<\/em><\/strong>, el principal congreso a nivel mundial en el sector de la telefon\u00eda m\u00f3vil y de la comunicaci\u00f3n.<\/p>\n<p>Ante la no lejana posibilidad de que surjan de conflictos en materia de derechos de propiedad intelectual e industrial entre las compa\u00f1\u00edas que participen en la edici\u00f3n de este a\u00f1o 2023 y que puedan dar lugar a una solicitud de medidas cautelares, los Jueces de lo Mercantil de Barcelona, por noveno a\u00f1o consecutivo, y los Jueces de lo Mercantil de Alicante (por ser los designados como juzgados de marca de la Uni\u00f3n Europea), por quinto a\u00f1o, aprobaron, el pasado 1 de diciembre de 2022, un Protocolo de servicio de guardia y de actuaci\u00f3n r\u00e1pida durante todo el mes de febrero de 2023 y los d\u00edas en que tenga lugar el evento.<\/p>\n<p>Si bien el citado Protocolo no difiere en gran medida del adoptado en a\u00f1os anteriores, como novedad esencial se prev\u00e9, por primera vez, la adopci\u00f3n de una medida espec\u00edfica para regular situaciones en el \u00e1mbito del metaverso o cualquier otro tipo de entornos virtuales o plataformas online que puedan tener lugar durante el congreso.<\/p>\n<p>El Protocolo recoge, en esencia, los siguientes puntos:<\/p>\n<p>1 . Otorgar una tramitaci\u00f3n preferente y prioritaria a las solicitudes de <strong>diligencias preliminares y\/o diligencias de comprobaci\u00f3n<\/strong> de hechos que tengan por objeto patentes e innovaciones tecnol\u00f3gicas y dise\u00f1os industriales y cuya presentaci\u00f3n est\u00e9 prevista para el <em>Mobile World Congress<\/em>; derechos de marcas y de propiedad intelectual; defensa de la competencia y actos de competencia desleal y de publicidad il\u00edcita respecto de productos y materias que sean objeto de exposici\u00f3n o exhibici\u00f3n en el mismo.<\/p>\n<p>2.- Otorgar una tramitaci\u00f3n preferente y prioritaria a las <strong>medidas cautelares urgentes<\/strong> (con o sin audiencia) que tengan por objeto patentes e innovaciones tecnol\u00f3gicas y dise\u00f1os industriales y cuya presentaci\u00f3n est\u00e9 prevista para el referido <em>Mobile World Congress<\/em>; as\u00ed como infracci\u00f3n de marcas y de derechos de propiedad intelectual; defensa de la competencia y actos de competencia desleal y de publicidad il\u00edcita, respecto de productos y materias que sean objeto de exposici\u00f3n o exhibici\u00f3n en el mismo.<\/p>\n<p>3.- Asunci\u00f3n, por parte de los Jueces de lo Mercantil, de los siguientes <strong>compromisos<\/strong>:<\/p>\n<p>&#8211;\u00a0 Resolver en un plazo de 48 horas las diligencias preliminares y\/o diligencias de comprobaci\u00f3n de hechos y las solicitudes de medidas cautelares sin audiencia de la parte demandada, desde su entrada en el juzgado.<\/p>\n<p>&#8211;\u00a0 Resolver en un plazo m\u00e1ximo de 10 d\u00edas, las medidas cautelares con se\u00f1alamiento de vista, desde su entrada en el juzgado, siempre que se haya presentado un escrito preventivo.<\/p>\n<p>&#8211; Resolver en el mismo d\u00eda de su presentaci\u00f3n (24h) la admisi\u00f3n de solicitudes de escritos preventivos, con el fin de evitar que el demandado sea objeto de una solicitud de medidas cautelares sin audiencia.<\/p>\n<p>4.- Para valorar la urgencia a las que se refiere el art. 733 LEC que faculta a los jueces y magistrados a adoptar <strong>medidas cautelares sin audiencia del demandado<\/strong>, se tendr\u00e1 en especial consideraci\u00f3n el comportamiento previo de la parte demandante y la rapidez con la que haya reaccionado al conocimiento de la eventual infracci\u00f3n. Es decir, se analizar\u00e1 si efectivamente el asunto adolece de un car\u00e1cter urgente o si existe falta de diligencia en la actuaci\u00f3n de la parte demandante en el sentido de que hubiera podido presentar su solicitud con antelaci\u00f3n suficiente.<\/p>\n<p>5.- En lo que respecta a <strong>secretos empresariales<\/strong> que puedan concurrir en la presente edici\u00f3n, y haciendo menci\u00f3n expresa a la Ley 1\/2019 de 20 de febrero de Secretos Empresariales, a la Directiva (UE) 2016\/943 del Parlamento Europeo y del Consejo, de 8 de junio de 2016 y al Protocolo especial de Protecci\u00f3n del secreto empresarial aprobado por el Tribunal Mercantil de Barcelona, se adoptar\u00e1n bien de oficio o bien a instancia de parte, las medidas concretas necesarias para preservar la confidencialidad de la informaci\u00f3n que pueda constituir secreto empresarial y que haya sido aportada a un procedimiento relativo a la violaci\u00f3n de secretos empresariales o a un procedimiento de otra clase en el que sea necesaria su consideraci\u00f3n para resolver sobre el fondo.<\/p>\n<p>6.- Adoptar y extender la <strong>ejecuci\u00f3n inmediata de las medidas cautelares y\/o diligencias urgentes<\/strong>, anteriormente relacionadas, cuando comprendan actos de presentaci\u00f3n, exhibici\u00f3n, promoci\u00f3n, ofrecimiento o venta, realizadas o que se vayan a realizar por los expositores y participantes con ocasi\u00f3n de este congreso, en el <strong>metaverso<\/strong> o cualquier otro tipo de entornos virtuales o plataformas online.<\/p>\n<p>7.- El Tribunal Mercantil de Barcelona llevar\u00e1 a cabo la <strong>ejecuci\u00f3n inmediata de las medidas cautelares y\/o diligencias urgentes que dictaminen los Juzgados de Marca de Alicante en materias de marcas de la Uni\u00f3n Europea<\/strong> y dise\u00f1os comunitarios, establecido para ello, los canales de comunicaci\u00f3n y cooperaci\u00f3n pertinentes entre ambos Tribunales.<\/p>\n<p>Articulo realizado por <a href=\"https:\/\/www.fabregat-perulles-sales.com\/lawyers-en\/team-lawyers-and-professionals\/xavier-peguero-pascual\">Xabier Peguero Pascual,<\/a> abogado de Fabregat Perulles Sales<\/p>\n<p><img decoding=\"async\" loading=\"lazy\" class=\"wp-image-5102 alignleft\" src=\"https:\/\/www.fabregat-perulles-sales.com\/actualidad\/wp-content\/uploads\/2023\/02\/firma-xabier-abogados.jpg\" alt=\"xabier\" width=\"373\" height=\"146\" srcset=\"https:\/\/www.fabregat-perulles-sales.com\/actualidad\/wp-content\/uploads\/2023\/02\/firma-xabier-abogados.jpg 738w, https:\/\/www.fabregat-perulles-sales.com\/actualidad\/wp-content\/uploads\/2023\/02\/firma-xabier-abogados-300x117.jpg 300w, https:\/\/www.fabregat-perulles-sales.com\/actualidad\/wp-content\/uploads\/2023\/02\/firma-xabier-abogados-660x258.jpg 660w\" sizes=\"(max-width: 373px) 100vw, 373px\" \/><\/p>\n\r\n\t\t<style>\r\n\t\t\t.huge-it-share-buttons {\r\n\t\t\t\tborder:0px solid #0FB5D6;\r\n\t\t\t\tborder-radius:5px;\r\n\t\t\t\tbackground:#3BD8FF;\r\n\t\t\t text-align:left; \t\t\t\t\t\t\t\t\t}\r\n\r\n\t\t\t#huge-it-share-buttons-top {margin-bottom:0px;}\r\n\t\t\t#huge-it-share-buttons-bottom {margin-top:0px;}\r\n\r\n\t\t\t.huge-it-share-buttons h3 {\r\n\t\t\t\tfont-size:25px ;\r\n\t\t\t\tfont-family:Arial,Helvetica Neue,Helvetica,sans-serif;\r\n\t\t\t\tcolor:#666666;\r\n\r\n\t\t\tdisplay:block;\t\t\t\tline-height:25px ;\r\n\r\n\t\t\t text-align:left; \t\t\t\t\t\t\t\t\t}\r\n\r\n\t\t\t.huge-it-share-buttons ul {\r\n\t\t\t float:left; \t\t\t\t\t\t\t\t\t}\r\n\r\n\t\t\t.huge-it-share-buttons ul li {\r\n\t\t\t\tmargin-left:3px;\r\n\t\t\t\tmargin-right:3px;\r\n\t\t\t\tpadding:0px;\r\n\t\t\t\tborder:0px ridge #E6354C;\r\n\t\t\t\tborder-radius:11px;\r\n\t\t\t\tbackground-color:#14CC9B;\r\n\t\t\t}\r\n\r\n\t\t\t.huge-it-share-buttons ul li #backforunical5096 {\r\n\t\t\t\tborder-bottom: 0;\r\n\t\t\t\tbackground-image:url('https:\/\/www.fabregat-perulles-sales.com\/actualidad\/wp-content\/plugins\/wp-share-buttons\/Front_end\/..\/images\/buttons.30.png');\r\n\t\t\t\twidth:30px;\r\n\t\t\t\theight:30px;\r\n\t\t\t}\r\n\r\n\t\t\t.front-shares-count {\r\n\t\t\t\tposition: absolute;\r\n\t\t\t\ttext-align: center;\r\n\t\t\t\tdisplay: block;\r\n\t\t\t}\r\n\r\n\t\t\t.shares_size20 .front-shares-count {\r\n\t\t\t\tfont-size: 10px;\r\n\t\t\t\ttop: 10px;\r\n\t\t\t\twidth: 20px;\r\n\t\t\t}\r\n\r\n\t\t\t.shares_size30 .front-shares-count {\r\n\t\t\t\tfont-size: 11px;\r\n\t\t\t\ttop: 15px;\r\n\t\t\t\twidth: 30px;\r\n\t\t\t}\r\n\r\n\t\t\t.shares_size40 .front-shares-count {\r\n\t\t\t\tfont-size: 12px;\r\n\t\t\t\ttop: 21px;\r\n\t\t\t\twidth: 40px;\r\n\t\t\t}\r\n\t\t<\/style>\r\n\t\t\r\n\t\t<div id=\"huge-it-share-buttons-top\" class=\"huge-it-share-buttons nobackground\">\r\n\t\t\t<h3>Share This:<\/h3>\r\n\t\t\t<ul class=\"huge-it-share-buttons-list \">\r\n\t\t\t\t\t\t\t\t\t<li class=\"nobackground \" >\r\n\r\n\t\t\t\t\t\t\t\t\t\t\t\t<a id=\"backforunical5096\" href=\"https:\/\/www.facebook.com\/sharer\/sharer.php?u=www.fabregat-perulles-sales.com\/actualidad\/wp-json\/wp\/v2\/posts\/5096\"  onclick=\"javascript:void window.open('https:\/\/www.facebook.com\/sharer\/sharer.php?u=www.fabregat-perulles-sales.com\/actualidad\/wp-json\/wp\/v2\/posts\/5096','1410949501326','width=700,height=500,toolbar=0,menubar=0,location=0,status=1,scrollbars=1,resizable=1,left=0,top=0');return false;\" style=\"background-position: -0px -120px \"><\/a>\r\n\t\t\t\t\t<\/li>\r\n\t\t\t\t\t\t\t\t\t\t<li class=\"nobackground \" >\r\n\r\n\t\t\t\t\t\t\t\t\t\t\t\t<a id=\"backforunical5096\" href=\"https:\/\/twitter.com\/share?status=www.fabregat-perulles-sales.com\/actualidad\/wp-json\/wp\/v2\/posts\/5096&text=Protocolo de servicio de guardia y de actuaci\u00f3n r\u00e1pida de los Juzgados Mercantiles de Barcelona y de Alicante para el Mobile World Congress 2023\"  onclick=\"javascript:void window.open('https:\/\/twitter.com\/share?status=www.fabregat-perulles-sales.com\/actualidad\/wp-json\/wp\/v2\/posts\/5096&text=Protocolo de servicio de guardia y de actuaci\u00f3n r\u00e1pida de los Juzgados Mercantiles de Barcelona y de Alicante para el Mobile World Congress 2023','1410949501326','width=700,height=500,toolbar=0,menubar=0,location=0,status=1,scrollbars=1,resizable=1,left=0,top=0');return false;\" style=\"background-position: -30px -120px \"><\/a>\r\n\t\t\t\t\t<\/li>\r\n\t\t\t\t\t\t\t\t\t\t<li class=\"none nobackground \" >\r\n\r\n\t\t\t\t\t\t\t\t\t\t\t\t<a id=\"backforunical5096\" href=\"http:\/\/www.pinterest.com\/pin\/create\/button\/?url=www.fabregat-perulles-sales.com\/actualidad\/wp-json\/wp\/v2\/posts\/5096&media=https:\/\/www.fabregat-perulles-sales.com\/actualidad\/wp-content\/uploads\/2023\/02\/Protocolo_WMC_2023_FPS.jpg&description=Protocolo de servicio de guardia y de actuaci\u00f3n r\u00e1pida de los Juzgados Mercantiles de Barcelona y de Alicante para el Mobile World Congress 2023\"  onclick=\"javascript:void window.open('http:\/\/www.pinterest.com\/pin\/create\/button\/?url=www.fabregat-perulles-sales.com\/actualidad\/wp-json\/wp\/v2\/posts\/5096&media=https:\/\/www.fabregat-perulles-sales.com\/actualidad\/wp-content\/uploads\/2023\/02\/Protocolo_WMC_2023_FPS.jpg&description=Protocolo de servicio de guardia y de actuaci\u00f3n r\u00e1pida de los Juzgados Mercantiles de Barcelona y de Alicante para el Mobile World Congress 2023','1410949501326','width=700,height=500,toolbar=0,menubar=0,location=0,status=1,scrollbars=1,resizable=1,left=0,top=0');return false;\" style=\"background-position: -60px -120px \"><\/a>\r\n\t\t\t\t\t<\/li>\r\n\t\t\t\t\t\t\t\t\t\t<li class=\"none nobackground \" >\r\n\r\n\t\t\t\t\t\t\t\t\t\t\t\t<a id=\"backforunical5096\" href=\"https:\/\/plus.google.com\/share?url=www.fabregat-perulles-sales.com\/actualidad\/wp-json\/wp\/v2\/posts\/5096\"  onclick=\"javascript:void window.open('https:\/\/plus.google.com\/share?url=www.fabregat-perulles-sales.com\/actualidad\/wp-json\/wp\/v2\/posts\/5096','1410949501326','width=700,height=500,toolbar=0,menubar=0,location=0,status=1,scrollbars=1,resizable=1,left=0,top=0');return false;\" style=\"background-position: -90px -120px \"><\/a>\r\n\t\t\t\t\t<\/li>\r\n\t\t\t\t\t\t\t\t\t\t<li class=\"nobackground \" >\r\n\r\n\t\t\t\t\t\t\t\t\t\t\t\t<a id=\"backforunical5096\" href=\"https:\/\/www.linkedin.com\/shareArticle?title=Protocolo de servicio de guardia y de actuaci\u00f3n r\u00e1pida de los Juzgados Mercantiles de Barcelona y de Alicante para el Mobile World Congress 2023&mini=true&url=https:\/\/www.fabregat-perulles-sales.com\/actualidad\/wp-json\/wp\/v2\/posts\/5096\"  onclick=\"javascript:void window.open('https:\/\/www.linkedin.com\/shareArticle?title=Protocolo de servicio de guardia y de actuaci\u00f3n r\u00e1pida de los Juzgados Mercantiles de Barcelona y de Alicante para el Mobile World Congress 2023&mini=true&url=https:\/\/www.fabregat-perulles-sales.com\/actualidad\/wp-json\/wp\/v2\/posts\/5096','1410949501326','width=700,height=500,toolbar=0,menubar=0,location=0,status=1,scrollbars=1,resizable=1,left=0,top=0');return false;\" style=\"background-position: -120px -120px \"><\/a>\r\n\t\t\t\t\t<\/li>\r\n\t\t\t\t\t\t\t\t\t\t<li class=\"none nobackground \" >\r\n\r\n\t\t\t\t\t\t\t\t\t\t\t\t<a id=\"backforunical5096\" href=\"https:\/\/www.tumblr.com\/share\/link?url=www.fabregat-perulles-sales.com\/actualidad\/wp-json\/wp\/v2\/posts\/5096&name=Protocolo de servicio de guardia y de actuaci\u00f3n r\u00e1pida de los Juzgados Mercantiles de Barcelona y de Alicante para el Mobile World Congress 2023\"  onclick=\"javascript:void window.open('https:\/\/www.tumblr.com\/share\/link?url=www.fabregat-perulles-sales.com\/actualidad\/wp-json\/wp\/v2\/posts\/5096&name=Protocolo de servicio de guardia y de actuaci\u00f3n r\u00e1pida de los Juzgados Mercantiles de Barcelona y de Alicante para el Mobile World Congress 2023','1410949501326','width=700,height=500,toolbar=0,menubar=0,location=0,status=1,scrollbars=1,resizable=1,left=0,top=0');return false;\" style=\"background-position: -150px -120px \"><\/a>\r\n\t\t\t\t\t<\/li>\r\n\t\t\t\t\t\t\t\t\t\t<li class=\"none nobackground \" >\r\n\r\n\t\t\t\t\t\t\t\t\t\t\t\t<a id=\"backforunical5096\" href=\"http:\/\/digg.com\/submit?phase=2&url=www.fabregat-perulles-sales.com\/actualidad\/wp-json\/wp\/v2\/posts\/5096&title=Protocolo de servicio de guardia y de actuaci\u00f3n r\u00e1pida de los Juzgados Mercantiles de Barcelona y de Alicante para el Mobile World Congress 2023\"  onclick=\"javascript:void window.open('http:\/\/digg.com\/submit?phase=2&url=www.fabregat-perulles-sales.com\/actualidad\/wp-json\/wp\/v2\/posts\/5096&title=Protocolo de servicio de guardia y de actuaci\u00f3n r\u00e1pida de los Juzgados Mercantiles de Barcelona y de Alicante para el Mobile World Congress 2023','1410949501326','width=700,height=500,toolbar=0,menubar=0,location=0,status=1,scrollbars=1,resizable=1,left=0,top=0');return false;\" style=\"background-position: -180px -120px \"><\/a>\r\n\t\t\t\t\t<\/li>\r\n\t\t\t\t\t\t\t\t\t\t<li class=\"none nobackground \" >\r\n\r\n\t\t\t\t\t\t\t\t\t\t\t\t<a id=\"backforunical5096\" href=\"http:\/\/www.stumbleupon.com\/submit?url=www.fabregat-perulles-sales.com\/actualidad\/wp-json\/wp\/v2\/posts\/5096&title=Protocolo de servicio de guardia y de actuaci\u00f3n r\u00e1pida de los Juzgados Mercantiles de Barcelona y de Alicante para el Mobile World Congress 2023\"  onclick=\"javascript:void window.open('http:\/\/www.stumbleupon.com\/submit?url=www.fabregat-perulles-sales.com\/actualidad\/wp-json\/wp\/v2\/posts\/5096&title=Protocolo de servicio de guardia y de actuaci\u00f3n r\u00e1pida de los Juzgados Mercantiles de Barcelona y de Alicante para el Mobile World Congress 2023','1410949501326','width=700,height=500,toolbar=0,menubar=0,location=0,status=1,scrollbars=1,resizable=1,left=0,top=0');return false;\" style=\"background-position: -210px -120px \"><\/a>\r\n\t\t\t\t\t<\/li>\r\n\t\t\t\t\t\t\t\t\t\t<li class=\"none nobackground \" >\r\n\r\n\t\t\t\t\t\t\t\t\t\t\t\t<a id=\"backforunical5096\" href=\"https:\/\/myspace.com\/post?l=3&u=www.fabregat-perulles-sales.com\/actualidad\/wp-json\/wp\/v2\/posts\/5096\"  onclick=\"javascript:void window.open('https:\/\/myspace.com\/post?l=3&u=www.fabregat-perulles-sales.com\/actualidad\/wp-json\/wp\/v2\/posts\/5096','1410949501326','width=700,height=500,toolbar=0,menubar=0,location=0,status=1,scrollbars=1,resizable=1,left=0,top=0');return false;\" style=\"background-position: -240px -120px \"><\/a>\r\n\t\t\t\t\t<\/li>\r\n\t\t\t\t\t\t\t\t\t\t<li class=\"nobackground \" >\r\n\r\n\t\t\t\t\t\t\t\t\t\t\t\t<a id=\"backforunical5096\" href=\"http:\/\/vk.com\/share.php?url=www.fabregat-perulles-sales.com\/actualidad\/wp-json\/wp\/v2\/posts\/5096&title=Protocolo de servicio de guardia y de actuaci\u00f3n r\u00e1pida de los Juzgados Mercantiles de Barcelona y de Alicante para el Mobile World Congress 2023\"  onclick=\"javascript:void window.open('http:\/\/vk.com\/share.php?url=www.fabregat-perulles-sales.com\/actualidad\/wp-json\/wp\/v2\/posts\/5096&title=Protocolo de servicio de guardia y de actuaci\u00f3n r\u00e1pida de los Juzgados Mercantiles de Barcelona y de Alicante para el Mobile World Congress 2023','1410949501326','width=700,height=500,toolbar=0,menubar=0,location=0,status=1,scrollbars=1,resizable=1,left=0,top=0');return false;\" style=\"background-position: -270px -120px \"><\/a>\r\n\t\t\t\t\t<\/li>\r\n\t\t\t\t\t\t\t\t\t\t<li class=\"none nobackground \" >\r\n\r\n\t\t\t\t\t\t\t\t\t\t\t\t<a id=\"backforunical5096\" href=\"http:\/\/www.reddit.com\/submit?url=www.fabregat-perulles-sales.com\/actualidad\/wp-json\/wp\/v2\/posts\/5096&title=Protocolo de servicio de guardia y de actuaci\u00f3n r\u00e1pida de los Juzgados Mercantiles de Barcelona y de Alicante para el Mobile World Congress 2023\"  onclick=\"javascript:void window.open('http:\/\/www.reddit.com\/submit?url=www.fabregat-perulles-sales.com\/actualidad\/wp-json\/wp\/v2\/posts\/5096&title=Protocolo de servicio de guardia y de actuaci\u00f3n r\u00e1pida de los Juzgados Mercantiles de Barcelona y de Alicante para el Mobile World Congress 2023','1410949501326','width=700,height=500,toolbar=0,menubar=0,location=0,status=1,scrollbars=1,resizable=1,left=0,top=0');return false;\" style=\"background-position: -300px -120px \"><\/a>\r\n\t\t\t\t\t<\/li>\r\n\t\t\t\t\t\t\t\t\t\t<li class=\"none nobackground \" >\r\n\r\n\t\t\t\t\t\t\t\t\t\t\t\t<a id=\"backforunical5096\" href=\"http:\/\/www.bebo.com\/c\/share?Url=www.fabregat-perulles-sales.com\/actualidad\/wp-json\/wp\/v2\/posts\/5096\"  onclick=\"javascript:void window.open('http:\/\/www.bebo.com\/c\/share?Url=www.fabregat-perulles-sales.com\/actualidad\/wp-json\/wp\/v2\/posts\/5096','1410949501326','width=700,height=500,toolbar=0,menubar=0,location=0,status=1,scrollbars=1,resizable=1,left=0,top=0');return false;\" style=\"background-position: -330px -120px \"><\/a>\r\n\t\t\t\t\t<\/li>\r\n\t\t\t\t\t\t\t\t\t\t<li class=\"none nobackground \" >\r\n\r\n\t\t\t\t\t\t\t\t\t\t\t\t<a id=\"backforunical5096\" href=\"https:\/\/delicious.com\/save?v=5&noui&jump=close&url=www.fabregat-perulles-sales.com\/actualidad\/wp-json\/wp\/v2\/posts\/5096&title=Protocolo de servicio de guardia y de actuaci\u00f3n r\u00e1pida de los Juzgados Mercantiles de Barcelona y de Alicante para el Mobile World Congress 2023\"  onclick=\"javascript:void window.open('https:\/\/delicious.com\/save?v=5&noui&jump=close&url=www.fabregat-perulles-sales.com\/actualidad\/wp-json\/wp\/v2\/posts\/5096&title=Protocolo de servicio de guardia y de actuaci\u00f3n r\u00e1pida de los Juzgados Mercantiles de Barcelona y de Alicante para el Mobile World Congress 2023','1410949501326','width=700,height=500,toolbar=0,menubar=0,location=0,status=1,scrollbars=1,resizable=1,left=0,top=0');return false;\" style=\"background-position: -360px -120px \"><\/a>\r\n\t\t\t\t\t<\/li>\r\n\t\t\t\t\t\t\t\t\t\t<li class=\"none nobackground \" >\r\n\r\n\t\t\t\t\t\t\t\t\t\t\t\t<a id=\"backforunical5096\" href=\"http:\/\/www.odnoklassniki.ru\/dk?st.cmd=addShare&st.s=2&st.noresize=on&st._surl=www.fabregat-perulles-sales.com\/actualidad\/wp-json\/wp\/v2\/posts\/5096\"  onclick=\"javascript:void window.open('http:\/\/www.odnoklassniki.ru\/dk?st.cmd=addShare&st.s=2&st.noresize=on&st._surl=www.fabregat-perulles-sales.com\/actualidad\/wp-json\/wp\/v2\/posts\/5096','1410949501326','width=700,height=500,toolbar=0,menubar=0,location=0,status=1,scrollbars=1,resizable=1,left=0,top=0');return false;\" style=\"background-position: -390px -120px \"><\/a>\r\n\t\t\t\t\t<\/li>\r\n\t\t\t\t\t\t\t\t\t\t<li class=\"none nobackground \" >\r\n\r\n\t\t\t\t\t\t\t\t\t\t\t\t<a id=\"backforunical5096\" href=\"http:\/\/sns.qzone.qq.com\/cgi-bin\/qzshare\/cgi_qzshare_onekey?url=www.fabregat-perulles-sales.com\/actualidad\/wp-json\/wp\/v2\/posts\/5096&title=Protocolo de servicio de guardia y de actuaci\u00f3n r\u00e1pida de los Juzgados Mercantiles de Barcelona y de Alicante para el Mobile World Congress 2023\"  onclick=\"javascript:void window.open('http:\/\/sns.qzone.qq.com\/cgi-bin\/qzshare\/cgi_qzshare_onekey?url=www.fabregat-perulles-sales.com\/actualidad\/wp-json\/wp\/v2\/posts\/5096&title=Protocolo de servicio de guardia y de actuaci\u00f3n r\u00e1pida de los Juzgados Mercantiles de Barcelona y de Alicante para el Mobile World Congress 2023','1410949501326','width=700,height=500,toolbar=0,menubar=0,location=0,status=1,scrollbars=1,resizable=1,left=0,top=0');return false;\" style=\"background-position: -420px -120px \"><\/a>\r\n\t\t\t\t\t<\/li>\r\n\t\t\t\t\t\t\t\t\t\t<li class=\"none nobackground \" >\r\n\r\n\t\t\t\t\t\t\t\t\t\t\t\t<a id=\"backforunical5096\" href=\"http:\/\/service.weibo.com\/share\/share.php?url=www.fabregat-perulles-sales.com\/actualidad\/wp-json\/wp\/v2\/posts\/5096&appkey=&title=Protocolo de servicio de guardia y de actuaci\u00f3n r\u00e1pida de los Juzgados Mercantiles de Barcelona y de Alicante para el Mobile World Congress 2023&pic=&ralateUid=&\"  onclick=\"javascript:void window.open('http:\/\/service.weibo.com\/share\/share.php?url=www.fabregat-perulles-sales.com\/actualidad\/wp-json\/wp\/v2\/posts\/5096&appkey=&title=Protocolo de servicio de guardia y de actuaci\u00f3n r\u00e1pida de los Juzgados Mercantiles de Barcelona y de Alicante para el Mobile World Congress 2023&pic=&ralateUid=&','1410949501326','width=700,height=500,toolbar=0,menubar=0,location=0,status=1,scrollbars=1,resizable=1,left=0,top=0');return false;\" style=\"background-position: -450px -120px \"><\/a>\r\n\t\t\t\t\t<\/li>\r\n\t\t\t\t\t\t\t\t\t\t<li class=\"none nobackground \" >\r\n\r\n\t\t\t\t\t\t\t\t\t\t\t\t<a id=\"backforunical5096\" href=\"http:\/\/widget.renren.com\/dialog\/share?resourceUrl=www.fabregat-perulles-sales.com\/actualidad\/wp-json\/wp\/v2\/posts\/5096&srcUrl=www.fabregat-perulles-sales.com\/actualidad\/wp-json\/wp\/v2\/posts\/5096&title=Protocolo de servicio de guardia y de actuaci\u00f3n r\u00e1pida de los Juzgados Mercantiles de Barcelona y de Alicante para el Mobile World Congress 2023\"  onclick=\"javascript:void window.open('http:\/\/widget.renren.com\/dialog\/share?resourceUrl=www.fabregat-perulles-sales.com\/actualidad\/wp-json\/wp\/v2\/posts\/5096&srcUrl=www.fabregat-perulles-sales.com\/actualidad\/wp-json\/wp\/v2\/posts\/5096&title=Protocolo de servicio de guardia y de actuaci\u00f3n r\u00e1pida de los Juzgados Mercantiles de Barcelona y de Alicante para el Mobile World Congress 2023','1410949501326','width=700,height=500,toolbar=0,menubar=0,location=0,status=1,scrollbars=1,resizable=1,left=0,top=0');return false;\" style=\"background-position: -480px -120px \"><\/a>\r\n\t\t\t\t\t<\/li>\r\n\t\t\t\t\t\t\t\t\t\t<li class=\"none nobackground \" >\r\n\r\n\t\t\t\t\t\t\t\t\t\t\t\t<a id=\"backforunical5096\" href=\"http:\/\/n4g.com\/tips?url=www.fabregat-perulles-sales.com\/actualidad\/wp-json\/wp\/v2\/posts\/5096&title=Protocolo de servicio de guardia y de actuaci\u00f3n r\u00e1pida de los Juzgados Mercantiles de Barcelona y de Alicante para el Mobile World Congress 2023\"  onclick=\"javascript:void window.open('http:\/\/n4g.com\/tips?url=www.fabregat-perulles-sales.com\/actualidad\/wp-json\/wp\/v2\/posts\/5096&title=Protocolo de servicio de guardia y de actuaci\u00f3n r\u00e1pida de los Juzgados Mercantiles de Barcelona y de Alicante para el Mobile World Congress 2023','1410949501326','width=700,height=500,toolbar=0,menubar=0,location=0,status=1,scrollbars=1,resizable=1,left=0,top=0');return false;\" style=\"background-position: -510px -120px \"><\/a>\r\n\t\t\t\t\t<\/li>\r\n\t\t\t\t\t\t\t\t<\/ul>\r\n\t\t\t<div class=\"clear\"><\/div>\r\n\t\t<\/div>\r\n\t\t","protected":false},"excerpt":{"rendered":"<p>Protocolo de servicio de guardia y de actuaci\u00f3n r\u00e1pida de los Juzgados Mercantiles de Barcelona y de Alicante para el Mobile World Congress 2023 Los pr\u00f3ximos d\u00edas 27 de febrero al 2 de marzo de 2023 se celebrar\u00e1 en Barcelona el Mobile World Congress, el principal congreso a nivel mundial en el sector de la\u2026 <span class=\"read-more\"><a href=\"https:\/\/www.fabregat-perulles-sales.com\/actualidad\/protocolo-de-servicio-de-guardia-y-de-actuacion-rapida-de-los-juzgados-mercantiles-de-barcelona-y-de-alicante-para-el-mobile-world-congress-2023\/\">Read More &raquo;<\/a><\/span><\/p>\n","protected":false},"author":3,"featured_media":5098,"comment_status":"open","ping_status":"closed","sticky":false,"template":"","format":"standard","meta":[],"categories":[466],"tags":[],"yoast_head":"<!-- This site is optimized with the Yoast SEO plugin v20.2.1 - https:\/\/yoast.com\/wordpress\/plugins\/seo\/ -->\n<title>Protocolo de servicio de guardia y de actuaci\u00f3n r\u00e1pida de los Juzgados Mercantiles de Barcelona y de Alicante para el Mobile World Congress 2023 | International Lawyers<\/title>\n<meta name=\"description\" content=\"Protocolo de servicio de guardia y de actuaci\u00f3n r\u00e1pida de los Juzgados Mercantiles de Barcelona y de Alicante para el Mobile World Congress 2023 Los\" \/>\n<meta name=\"robots\" content=\"index, follow, max-snippet:-1, max-image-preview:large, max-video-preview:-1\" \/>\n<link rel=\"canonical\" href=\"https:\/\/www.fabregat-perulles-sales.com\/actualidad\/protocolo-de-servicio-de-guardia-y-de-actuacion-rapida-de-los-juzgados-mercantiles-de-barcelona-y-de-alicante-para-el-mobile-world-congress-2023\/\" \/>\n<meta property=\"og:locale\" content=\"en_US\" \/>\n<meta property=\"og:type\" content=\"article\" \/>\n<meta property=\"og:title\" content=\"Protocolo de servicio de guardia y de actuaci\u00f3n r\u00e1pida de los Juzgados Mercantiles de Barcelona y de Alicante para el Mobile World Congress 2023 | International Lawyers\" \/>\n<meta property=\"og:description\" content=\"Protocolo de servicio de guardia y de actuaci\u00f3n r\u00e1pida de los Juzgados Mercantiles de Barcelona y de Alicante para el Mobile World Congress 2023 Los\" \/>\n<meta property=\"og:url\" content=\"https:\/\/www.fabregat-perulles-sales.com\/actualidad\/protocolo-de-servicio-de-guardia-y-de-actuacion-rapida-de-los-juzgados-mercantiles-de-barcelona-y-de-alicante-para-el-mobile-world-congress-2023\/\" \/>\n<meta property=\"og:site_name\" content=\"International Lawyers\" \/>\n<meta property=\"article:published_time\" content=\"2023-02-27T19:16:12+00:00\" \/>\n<meta property=\"article:modified_time\" content=\"2023-02-27T19:52:21+00:00\" \/>\n<meta property=\"og:image\" content=\"https:\/\/www.fabregat-perulles-sales.com\/actualidad\/wp-content\/uploads\/2023\/02\/Protocolo_WMC_2023_FPS.jpg\" \/>\n\t<meta property=\"og:image:width\" content=\"1378\" \/>\n\t<meta property=\"og:image:height\" content=\"919\" \/>\n\t<meta property=\"og:image:type\" content=\"image\/jpeg\" \/>\n<meta name=\"author\" content=\"Victor\" \/>\n<meta name=\"twitter:card\" content=\"summary_large_image\" \/>\n<meta name=\"twitter:label1\" content=\"Written by\" \/>\n\t<meta name=\"twitter:data1\" content=\"Victor\" \/>\n\t<meta name=\"twitter:label2\" content=\"Est. reading time\" \/>\n\t<meta name=\"twitter:data2\" content=\"4 minutes\" \/>\n<script type=\"application\/ld+json\" class=\"yoast-schema-graph\">{\"@context\":\"https:\/\/schema.org\",\"@graph\":[{\"@type\":\"WebPage\",\"@id\":\"https:\/\/www.fabregat-perulles-sales.com\/actualidad\/protocolo-de-servicio-de-guardia-y-de-actuacion-rapida-de-los-juzgados-mercantiles-de-barcelona-y-de-alicante-para-el-mobile-world-congress-2023\/\",\"url\":\"https:\/\/www.fabregat-perulles-sales.com\/actualidad\/protocolo-de-servicio-de-guardia-y-de-actuacion-rapida-de-los-juzgados-mercantiles-de-barcelona-y-de-alicante-para-el-mobile-world-congress-2023\/\",\"name\":\"Protocolo de servicio de guardia y de actuaci\u00f3n r\u00e1pida de los Juzgados Mercantiles de Barcelona y de Alicante para el Mobile World Congress 2023 | International Lawyers\",\"isPartOf\":{\"@id\":\"https:\/\/www.fabregat-perulles-sales.com\/actualidad\/#website\"},\"datePublished\":\"2023-02-27T19:16:12+00:00\",\"dateModified\":\"2023-02-27T19:52:21+00:00\",\"author\":{\"@id\":\"https:\/\/www.fabregat-perulles-sales.com\/actualidad\/#\/schema\/person\/cabc1d68c7778f01d5e069c2d98442e3\"},\"description\":\"Protocolo de servicio de guardia y de actuaci\u00f3n r\u00e1pida de los Juzgados Mercantiles de Barcelona y de Alicante para el Mobile World Congress 2023 Los\",\"breadcrumb\":{\"@id\":\"https:\/\/www.fabregat-perulles-sales.com\/actualidad\/protocolo-de-servicio-de-guardia-y-de-actuacion-rapida-de-los-juzgados-mercantiles-de-barcelona-y-de-alicante-para-el-mobile-world-congress-2023\/#breadcrumb\"},\"inLanguage\":\"en-US\",\"potentialAction\":[{\"@type\":\"ReadAction\",\"target\":[\"https:\/\/www.fabregat-perulles-sales.com\/actualidad\/protocolo-de-servicio-de-guardia-y-de-actuacion-rapida-de-los-juzgados-mercantiles-de-barcelona-y-de-alicante-para-el-mobile-world-congress-2023\/\"]}]},{\"@type\":\"BreadcrumbList\",\"@id\":\"https:\/\/www.fabregat-perulles-sales.com\/actualidad\/protocolo-de-servicio-de-guardia-y-de-actuacion-rapida-de-los-juzgados-mercantiles-de-barcelona-y-de-alicante-para-el-mobile-world-congress-2023\/#breadcrumb\",\"itemListElement\":[{\"@type\":\"ListItem\",\"position\":1,\"name\":\"Home\",\"item\":\"https:\/\/www.fabregat-perulles-sales.com\/actualidad\/\"},{\"@type\":\"ListItem\",\"position\":2,\"name\":\"Protocolo de servicio de guardia y de actuaci\u00f3n r\u00e1pida de los Juzgados Mercantiles de Barcelona y de Alicante para el Mobile World Congress 2023\"}]},{\"@type\":\"WebSite\",\"@id\":\"https:\/\/www.fabregat-perulles-sales.com\/actualidad\/#website\",\"url\":\"https:\/\/www.fabregat-perulles-sales.com\/actualidad\/\",\"name\":\"www.fabregat-perulles-sales.com\",\"description\":\"Fabregat Perulles Sales Abogados is a law firm of reference international market in the Spanish-German, Spanish-French, and Spanish-Italian. Is one of the first firms in Barcelona offering a Russian Desk.\",\"potentialAction\":[{\"@type\":\"SearchAction\",\"target\":{\"@type\":\"EntryPoint\",\"urlTemplate\":\"https:\/\/www.fabregat-perulles-sales.com\/actualidad\/?s={search_term_string}\"},\"query-input\":\"required name=search_term_string\"}],\"inLanguage\":\"en-US\"},{\"@type\":\"Person\",\"@id\":\"https:\/\/www.fabregat-perulles-sales.com\/actualidad\/#\/schema\/person\/cabc1d68c7778f01d5e069c2d98442e3\",\"name\":\"Victor\",\"image\":{\"@type\":\"ImageObject\",\"inLanguage\":\"en-US\",\"@id\":\"https:\/\/www.fabregat-perulles-sales.com\/actualidad\/#\/schema\/person\/image\/\",\"url\":\"https:\/\/secure.gravatar.com\/avatar\/756cb666a964d2960ffe307b8a53b271?s=96&d=mm&r=g\",\"contentUrl\":\"https:\/\/secure.gravatar.com\/avatar\/756cb666a964d2960ffe307b8a53b271?s=96&d=mm&r=g\",\"caption\":\"Victor\"},\"sameAs\":[\"http:\/\/www.fabregat-perulles-sales.com\"],\"url\":\"https:\/\/www.fabregat-perulles-sales.com\/actualidad\/author\/victor\/\"}]}<\/script>\n<!-- \/ Yoast SEO plugin. -->","yoast_head_json":{"title":"Protocolo de servicio de guardia y de actuaci\u00f3n r\u00e1pida de los Juzgados Mercantiles de Barcelona y de Alicante para el Mobile World Congress 2023 | International Lawyers","description":"Protocolo de servicio de guardia y de actuaci\u00f3n r\u00e1pida de los Juzgados Mercantiles de Barcelona y de Alicante para el Mobile World Congress 2023 Los","robots":{"index":"index","follow":"follow","max-snippet":"max-snippet:-1","max-image-preview":"max-image-preview:large","max-video-preview":"max-video-preview:-1"},"canonical":"https:\/\/www.fabregat-perulles-sales.com\/actualidad\/protocolo-de-servicio-de-guardia-y-de-actuacion-rapida-de-los-juzgados-mercantiles-de-barcelona-y-de-alicante-para-el-mobile-world-congress-2023\/","og_locale":"en_US","og_type":"article","og_title":"Protocolo de servicio de guardia y de actuaci\u00f3n r\u00e1pida de los Juzgados Mercantiles de Barcelona y de Alicante para el Mobile World Congress 2023 | International Lawyers","og_description":"Protocolo de servicio de guardia y de actuaci\u00f3n r\u00e1pida de los Juzgados Mercantiles de Barcelona y de Alicante para el Mobile World Congress 2023 Los","og_url":"https:\/\/www.fabregat-perulles-sales.com\/actualidad\/protocolo-de-servicio-de-guardia-y-de-actuacion-rapida-de-los-juzgados-mercantiles-de-barcelona-y-de-alicante-para-el-mobile-world-congress-2023\/","og_site_name":"International Lawyers","article_published_time":"2023-02-27T19:16:12+00:00","article_modified_time":"2023-02-27T19:52:21+00:00","og_image":[{"width":1378,"height":919,"url":"https:\/\/www.fabregat-perulles-sales.com\/actualidad\/wp-content\/uploads\/2023\/02\/Protocolo_WMC_2023_FPS.jpg","type":"image\/jpeg"}],"author":"Victor","twitter_card":"summary_large_image","twitter_misc":{"Written by":"Victor","Est. reading time":"4 minutes"},"schema":{"@context":"https:\/\/schema.org","@graph":[{"@type":"WebPage","@id":"https:\/\/www.fabregat-perulles-sales.com\/actualidad\/protocolo-de-servicio-de-guardia-y-de-actuacion-rapida-de-los-juzgados-mercantiles-de-barcelona-y-de-alicante-para-el-mobile-world-congress-2023\/","url":"https:\/\/www.fabregat-perulles-sales.com\/actualidad\/protocolo-de-servicio-de-guardia-y-de-actuacion-rapida-de-los-juzgados-mercantiles-de-barcelona-y-de-alicante-para-el-mobile-world-congress-2023\/","name":"Protocolo de servicio de guardia y de actuaci\u00f3n r\u00e1pida de los Juzgados Mercantiles de Barcelona y de Alicante para el Mobile World Congress 2023 | International Lawyers","isPartOf":{"@id":"https:\/\/www.fabregat-perulles-sales.com\/actualidad\/#website"},"datePublished":"2023-02-27T19:16:12+00:00","dateModified":"2023-02-27T19:52:21+00:00","author":{"@id":"https:\/\/www.fabregat-perulles-sales.com\/actualidad\/#\/schema\/person\/cabc1d68c7778f01d5e069c2d98442e3"},"description":"Protocolo de servicio de guardia y de actuaci\u00f3n r\u00e1pida de los Juzgados Mercantiles de Barcelona y de Alicante para el Mobile World Congress 2023 Los","breadcrumb":{"@id":"https:\/\/www.fabregat-perulles-sales.com\/actualidad\/protocolo-de-servicio-de-guardia-y-de-actuacion-rapida-de-los-juzgados-mercantiles-de-barcelona-y-de-alicante-para-el-mobile-world-congress-2023\/#breadcrumb"},"inLanguage":"en-US","potentialAction":[{"@type":"ReadAction","target":["https:\/\/www.fabregat-perulles-sales.com\/actualidad\/protocolo-de-servicio-de-guardia-y-de-actuacion-rapida-de-los-juzgados-mercantiles-de-barcelona-y-de-alicante-para-el-mobile-world-congress-2023\/"]}]},{"@type":"BreadcrumbList","@id":"https:\/\/www.fabregat-perulles-sales.com\/actualidad\/protocolo-de-servicio-de-guardia-y-de-actuacion-rapida-de-los-juzgados-mercantiles-de-barcelona-y-de-alicante-para-el-mobile-world-congress-2023\/#breadcrumb","itemListElement":[{"@type":"ListItem","position":1,"name":"Home","item":"https:\/\/www.fabregat-perulles-sales.com\/actualidad\/"},{"@type":"ListItem","position":2,"name":"Protocolo de servicio de guardia y de actuaci\u00f3n r\u00e1pida de los Juzgados Mercantiles de Barcelona y de Alicante para el Mobile World Congress 2023"}]},{"@type":"WebSite","@id":"https:\/\/www.fabregat-perulles-sales.com\/actualidad\/#website","url":"https:\/\/www.fabregat-perulles-sales.com\/actualidad\/","name":"www.fabregat-perulles-sales.com","description":"Fabregat Perulles Sales Abogados is a law firm of reference international market in the Spanish-German, Spanish-French, and Spanish-Italian. Is one of the first firms in Barcelona offering a Russian Desk.","potentialAction":[{"@type":"SearchAction","target":{"@type":"EntryPoint","urlTemplate":"https:\/\/www.fabregat-perulles-sales.com\/actualidad\/?s={search_term_string}"},"query-input":"required name=search_term_string"}],"inLanguage":"en-US"},{"@type":"Person","@id":"https:\/\/www.fabregat-perulles-sales.com\/actualidad\/#\/schema\/person\/cabc1d68c7778f01d5e069c2d98442e3","name":"Victor","image":{"@type":"ImageObject","inLanguage":"en-US","@id":"https:\/\/www.fabregat-perulles-sales.com\/actualidad\/#\/schema\/person\/image\/","url":"https:\/\/secure.gravatar.com\/avatar\/756cb666a964d2960ffe307b8a53b271?s=96&d=mm&r=g","contentUrl":"https:\/\/secure.gravatar.com\/avatar\/756cb666a964d2960ffe307b8a53b271?s=96&d=mm&r=g","caption":"Victor"},"sameAs":["http:\/\/www.fabregat-perulles-sales.com"],"url":"https:\/\/www.fabregat-perulles-sales.com\/actualidad\/author\/victor\/"}]}},"amp_enabled":true,"_links":{"self":[{"href":"https:\/\/www.fabregat-perulles-sales.com\/actualidad\/wp-json\/wp\/v2\/posts\/5096"}],"collection":[{"href":"https:\/\/www.fabregat-perulles-sales.com\/actualidad\/wp-json\/wp\/v2\/posts"}],"about":[{"href":"https:\/\/www.fabregat-perulles-sales.com\/actualidad\/wp-json\/wp\/v2\/types\/post"}],"author":[{"embeddable":true,"href":"https:\/\/www.fabregat-perulles-sales.com\/actualidad\/wp-json\/wp\/v2\/users\/3"}],"replies":[{"embeddable":true,"href":"https:\/\/www.fabregat-perulles-sales.com\/actualidad\/wp-json\/wp\/v2\/comments?post=5096"}],"version-history":[{"count":4,"href":"https:\/\/www.fabregat-perulles-sales.com\/actualidad\/wp-json\/wp\/v2\/posts\/5096\/revisions"}],"predecessor-version":[{"id":5103,"href":"https:\/\/www.fabregat-perulles-sales.com\/actualidad\/wp-json\/wp\/v2\/posts\/5096\/revisions\/5103"}],"wp:featuredmedia":[{"embeddable":true,"href":"https:\/\/www.fabregat-perulles-sales.com\/actualidad\/wp-json\/wp\/v2\/media\/5098"}],"wp:attachment":[{"href":"https:\/\/www.fabregat-perulles-sales.com\/actualidad\/wp-json\/wp\/v2\/media?parent=5096"}],"wp:term":[{"taxonomy":"category","embeddable":true,"href":"https:\/\/www.fabregat-perulles-sales.com\/actualidad\/wp-json\/wp\/v2\/categories?post=5096"},{"taxonomy":"post_tag","embeddable":true,"href":"https:\/\/www.fabregat-perulles-sales.com\/actualidad\/wp-json\/wp\/v2\/tags?post=5096"}],"curies":[{"name":"wp","href":"https:\/\/api.w.org\/{rel}","templated":true}]}}