{"id":4963,"date":"2021-11-10T10:43:27","date_gmt":"2021-11-10T09:43:27","guid":{"rendered":"https:\/\/www.fabregat-perulles-sales.com\/actualidad\/?p=4963"},"modified":"2021-11-11T17:14:29","modified_gmt":"2021-11-11T16:14:29","slug":"derecho-de-adquisicion-preferente-de-las-administraciones-publicas-sobre-las-transmisiones-inmobiliarias-en-la-ciudad-de-barcelona","status":"publish","type":"post","link":"https:\/\/www.fabregat-perulles-sales.com\/actualidad\/derecho-de-adquisicion-preferente-de-las-administraciones-publicas-sobre-las-transmisiones-inmobiliarias-en-la-ciudad-de-barcelona\/","title":{"rendered":"Novedades relacionadas al derecho de adquisici\u00f3n preferente de las Administraciones P\u00fablicas sobre las transmisiones inmobiliarias en Barcelona"},"content":{"rendered":"<p>&nbsp;<\/p>\n<p><img decoding=\"async\" loading=\"lazy\" class=\"size-full wp-image-4964\" src=\"https:\/\/www.fabregat-perulles-sales.com\/actualidad\/wp-content\/uploads\/2021\/11\/Derecho-adquisici\u00f3n-preferente-de-las-Administreaciones-P\u00fablicas-transmisiones-inmobiliarias-en-Barcelona-1.jpg\" alt=\"\" width=\"1280\" height=\"850\" srcset=\"https:\/\/www.fabregat-perulles-sales.com\/actualidad\/wp-content\/uploads\/2021\/11\/Derecho-adquisici\u00f3n-preferente-de-las-Administreaciones-P\u00fablicas-transmisiones-inmobiliarias-en-Barcelona-1.jpg 1280w, https:\/\/www.fabregat-perulles-sales.com\/actualidad\/wp-content\/uploads\/2021\/11\/Derecho-adquisici\u00f3n-preferente-de-las-Administreaciones-P\u00fablicas-transmisiones-inmobiliarias-en-Barcelona-1-300x199.jpg 300w, https:\/\/www.fabregat-perulles-sales.com\/actualidad\/wp-content\/uploads\/2021\/11\/Derecho-adquisici\u00f3n-preferente-de-las-Administreaciones-P\u00fablicas-transmisiones-inmobiliarias-en-Barcelona-1-768x510.jpg 768w, https:\/\/www.fabregat-perulles-sales.com\/actualidad\/wp-content\/uploads\/2021\/11\/Derecho-adquisici\u00f3n-preferente-de-las-Administreaciones-P\u00fablicas-transmisiones-inmobiliarias-en-Barcelona-1-1024x680.jpg 1024w, https:\/\/www.fabregat-perulles-sales.com\/actualidad\/wp-content\/uploads\/2021\/11\/Derecho-adquisici\u00f3n-preferente-de-las-Administreaciones-P\u00fablicas-transmisiones-inmobiliarias-en-Barcelona-1-660x438.jpg 660w\" sizes=\"(max-width: 1280px) 100vw, 1280px\" \/><\/p>\n<p>Derecho de adquisici\u00f3n preferente de las Administraciones P\u00fablicas sobre las transmisiones inmobiliarias en la ciudad de Barcelona.<\/p>\n<p>En supuestos de compraventa de inmuebles es importante tener en cuenta si el mismo est\u00e1 afecto a derechos de adquisici\u00f3n preferente, ya que podr\u00eda suponer la frustraci\u00f3n del negocio jur\u00eddico. En este sentido, mediante el presente art\u00edculo se pretende dar una idea esquem\u00e1tica de<strong> supuestos en los que alguna Administraci\u00f3n p\u00fablica resulta beneficiaria del derecho de adquisici\u00f3n preferente respecto a transmisiones de bienes inmuebles sitos en la ciudad de Barcelona<\/strong>.<\/p>\n<p>Debemos empezar diferenciando entre derecho de tanteo y derecho de retracto. El derecho de tanteo consiste en la facultad de adquirir preferentemente frente a otros sujetos el objeto de la transmisi\u00f3n que se pretende. Mientras que, el derecho de retracto consiste en el derecho de subrogarse en la posici\u00f3n de la parte compradora una vez ya se ha llevado a cabo la compraventa, en otras palabras, recuperar la cosa que ya se ha vendido siempre y cuando no se haya respetado el procedimiento, el cual consiste en cursar las debidas comunicaciones a la Administraci\u00f3n P\u00fablica pertinente.<\/p>\n<p>A continuaci\u00f3n, se indican los supuestos y bienes en los que la ley reconoce un derecho de adquisici\u00f3n preferente a favor de las Administraciones\u00a0 P\u00fablicas con respecto a las transmisiones de bienes inmuebles en la ciudad de Barcelona.<\/p>\n<p><strong>1. Ayuntamiento de Barcelona:<\/strong>\u00a0 en virtud de la modificaci\u00f3n del planeamiento general metropolitano, publicado en el BOP el 20 de diciembre de 2018, por la cual se declara la ciudad de Barcelona \u00e1rea de tanteo y retracto por un plazo de 6 a\u00f1os prorrogables a 6 a\u00f1os m\u00e1s. Aplica en los siguientes casos:<\/p>\n<ul>\n<li>&#8211; Edificios plurifamiliares enteros destinados principalmente a vivienda.<\/li>\n<li>&#8211; Terrenos sin edificar en cualquier clase de suelo.<\/li>\n<li>&#8211; Terrenos con edificaciones ruinosas o desocupadas.<\/li>\n<li>&#8211; Viviendas vac\u00edas sometidas al impuesto sobre viviendas vac\u00edas, entendiendo por vivienda vac\u00eda aquella que resta desocupada por un periodo mayor a dos a\u00f1os<a href=\"#_ftn1\" name=\"_ftnref1\">[1]<\/a>, sin causas justificadas<a href=\"#_ftn2\" name=\"_ftnref2\">[2]<\/a>. (Ley (Cat) 14\/2015, de 21 de julio).<\/li>\n<\/ul>\n<p>Fincas resultantes de un proyecto de reparcelaci\u00f3n una vez hayan transcurrido 5 a\u00f1os desde la inscripci\u00f3n en el Registro de la Propiedad de la aprobaci\u00f3n definitiva de dicho proyecto. Asimismo, la normativa dispone que las transmisiones onerosas de bienes inmuebles tambi\u00e9n incluyen las transmisiones de acciones o de participaciones sociales de sociedades mercantiles cuyo objeto este vinculado directa o indirectamente a la actividad inmobiliaria y que la sociedad sea propietaria de alguno de dichos edificio o viviendas.<\/p>\n<p><strong>2. Generalitat de Catalu\u00f1a y Ayuntamiento de Barcelona: <\/strong>en virtud del art. 173.1 del Decreto Legislativo (Cat) 1\/2010, de 3 de agosto, por el que se aprueba el texto refundido de la Ley de urbanismo y de la Disposici\u00f3n Adicional Decimosexta del mismo cuerpo legal. Aplica en los siguientes casos:<\/p>\n<ul>\n<li>&#8211; Suelos reservados para vivienda de protecci\u00f3n oficial por el planeamiento urban\u00edstico.<\/li>\n<\/ul>\n<p>Viviendas arrendadas cuando se d\u00e9 la transmisi\u00f3n con el resto de viviendas o locales de un mismo titular que formen parte del mismo inmueble. Esto es cuando la Ley 29\/1994, de 24 de noviembre, de Arrendamientos Urbanos, en su art. 25.7, excluye el derecho de adquisici\u00f3n preferente del arrendatario, aunque este \u00faltimo no haya renunciado expresamente a \u00e9l en el contrato de arrendamiento.<\/p>\n<p>&#8211; Excepci\u00f3n: Quedan excluidas las transmisiones entre sociedades de un mismo grupo empresarial que tengan el mismo objeto social o ejerzan una actividad inmobiliaria similar.<\/p>\n<p><strong>3. Generalitat de Catalu\u00f1a, Ayuntamiento de Barcelona o Agencia de la vivienda de Catalu\u00f1a:<\/strong> en virtud del art. 2 del Decreto-ley 1\/2015, de 24 de marzo, de medidas extraordinarias y urgentes para la movilizaci\u00f3n de las viviendas provenientes de procesos de ejecuci\u00f3n hipotecaria y de la Disposici\u00f3n Adicional S\u00e9ptima de la Ley 4\/2016, de 23 de diciembre, de medidas de protecci\u00f3n del derecho a la vivienda de medidas de protecci\u00f3n del derecho a la vivienda de las personas en riesgo de exclusi\u00f3n residencial vigente por un plazo de 12 a\u00f1os a contar desde el 27 de marzo de 2015. Aplica en el siguiente caso:<\/p>\n<ul>\n<li>&#8211; Transmisi\u00f3n de viviendas adquiridas en un proceso de ejecuci\u00f3n hipotecaria o mediante compensaci\u00f3n o pago de deuda con garant\u00eda hipotecaria que hayan sido adquiridos despu\u00e9s del 9 de abril de 2008.<\/li>\n<\/ul>\n<p>En este supuesto, no solo cabe derecho de adquisici\u00f3n preferente en la primera transmisi\u00f3n, sino tambi\u00e9n en las ulteriores.<\/p>\n<p class=\"x_MsoNormal\">Si est\u00e1s interesado\/a en saber m\u00e1s sobre el derecho de adquisici\u00f3n preferente de las Administraciones P\u00fablicas sobre las transmisiones inmobiliarias en Barcelona, contacta con nosotros\u00a0<strong><a href=\"https:\/\/www.fabregat-perulles-sales.com\/abogados-es\/contacto-contactenos\" target=\"_blank\" rel=\"noopener noreferrer\">aqu\u00ed<\/a><\/strong>\u00a0.<strong>\u00a0<\/strong><\/p>\n<p class=\"x_MsoNormal\">En\u00a0\u00a0<strong><a href=\"http:\/\/www.fabregat-perulles-sales.com\/actualidad\/\" target=\"_blank\" rel=\"noopener noreferrer\">Fabregat Perulles Sales<\/a><\/strong>\u00a0\u00a0te asesoramos.<\/p>\n<p><em><strong>\u201cEste documento tiene como prop\u00f3sito exclusivo la divulgaci\u00f3n de su contenido. No constituye asesoramiento de ning\u00fan tipo y, por tanto, no puede considerarse como tal ni debe servir de base para la toma de decisiones.\u201d<\/strong><\/em><\/p>\n<h5><\/h5>\n<p>______________________________<\/p>\n<h6><a href=\"#_ftnref1\" name=\"_ftn1\">[1]<\/a> V\u00e9ase art. 7.1 Ley (Cat) 14\/2015, de 21 de julio. \u201c(\u2026) se inicia a partir de la fecha en que la vivienda est\u00e1 a disposici\u00f3n del propietario para ser ocupada o para ceder su uso a un tercero, y no existe causa alguna que justifique su desocupaci\u00f3n. Es necesario que durante estos dos a\u00f1os el sujeto pasivo haya sido titular de la vivienda de forma continuada.\u201d<\/h6>\n<h6><a href=\"#_ftnref2\" name=\"_ftn2\">[2]<\/a> De acuerdo con el art. 8 Ley (Cat) 14\/2015, de 21 de julio, resultan causas justificadas las siguientes:<\/h6>\n<ol>\n<li>\n<h6>1. Que la vivienda sea objeto de un litigio judicial pendiente de resoluci\u00f3n en lo que concierne a su propiedad.<\/h6>\n<\/li>\n<li>\n<h6>2. Que la vivienda se tenga que rehabilitar, de acuerdo con la definici\u00f3n del art\u00edculo 3.g\u00a0de la Ley 18\/2007, de 28 de diciembre, del derecho a la vivienda. (\u2026)<\/h6>\n<\/li>\n<li>\n<h6>3. Que la vivienda, previamente a la aprobaci\u00f3n de la presente ley, est\u00e9 hipotecada con cl\u00e1usulas contractuales que imposibiliten o hagan inviable destinarla a un uso distinto al que se hab\u00eda previsto inicialmente, cuando se otorg\u00f3 la financiaci\u00f3n, siempre que el sujeto pasivo y el acreedor hipotecario no formen parte del mismo grupo empresarial.<\/h6>\n<\/li>\n<li>\n<h6>4. Que la vivienda est\u00e9 ocupada ilegalmente y el propietario lo tenga documentalmente acreditado.<\/h6>\n<\/li>\n<li>\n<h6>5. Que la vivienda forme parte de un edificio adquirido \u00edntegramente por el sujeto pasivo en los \u00faltimos cinco a\u00f1os, para su rehabilitaci\u00f3n (\u2026).<\/h6>\n<\/li>\n<\/ol>\n\r\n\t\t<style>\r\n\t\t\t.huge-it-share-buttons {\r\n\t\t\t\tborder:0px solid #0FB5D6;\r\n\t\t\t\tborder-radius:5px;\r\n\t\t\t\tbackground:#3BD8FF;\r\n\t\t\t text-align:left; \t\t\t\t\t\t\t\t\t}\r\n\r\n\t\t\t#huge-it-share-buttons-top {margin-bottom:0px;}\r\n\t\t\t#huge-it-share-buttons-bottom {margin-top:0px;}\r\n\r\n\t\t\t.huge-it-share-buttons h3 {\r\n\t\t\t\tfont-size:25px ;\r\n\t\t\t\tfont-family:Arial,Helvetica Neue,Helvetica,sans-serif;\r\n\t\t\t\tcolor:#666666;\r\n\r\n\t\t\tdisplay:block;\t\t\t\tline-height:25px ;\r\n\r\n\t\t\t text-align:left; \t\t\t\t\t\t\t\t\t}\r\n\r\n\t\t\t.huge-it-share-buttons ul {\r\n\t\t\t float:left; \t\t\t\t\t\t\t\t\t}\r\n\r\n\t\t\t.huge-it-share-buttons ul li {\r\n\t\t\t\tmargin-left:3px;\r\n\t\t\t\tmargin-right:3px;\r\n\t\t\t\tpadding:0px;\r\n\t\t\t\tborder:0px ridge #E6354C;\r\n\t\t\t\tborder-radius:11px;\r\n\t\t\t\tbackground-color:#14CC9B;\r\n\t\t\t}\r\n\r\n\t\t\t.huge-it-share-buttons ul li #backforunical4963 {\r\n\t\t\t\tborder-bottom: 0;\r\n\t\t\t\tbackground-image:url('https:\/\/www.fabregat-perulles-sales.com\/actualidad\/wp-content\/plugins\/wp-share-buttons\/Front_end\/..\/images\/buttons.30.png');\r\n\t\t\t\twidth:30px;\r\n\t\t\t\theight:30px;\r\n\t\t\t}\r\n\r\n\t\t\t.front-shares-count {\r\n\t\t\t\tposition: absolute;\r\n\t\t\t\ttext-align: center;\r\n\t\t\t\tdisplay: block;\r\n\t\t\t}\r\n\r\n\t\t\t.shares_size20 .front-shares-count {\r\n\t\t\t\tfont-size: 10px;\r\n\t\t\t\ttop: 10px;\r\n\t\t\t\twidth: 20px;\r\n\t\t\t}\r\n\r\n\t\t\t.shares_size30 .front-shares-count {\r\n\t\t\t\tfont-size: 11px;\r\n\t\t\t\ttop: 15px;\r\n\t\t\t\twidth: 30px;\r\n\t\t\t}\r\n\r\n\t\t\t.shares_size40 .front-shares-count {\r\n\t\t\t\tfont-size: 12px;\r\n\t\t\t\ttop: 21px;\r\n\t\t\t\twidth: 40px;\r\n\t\t\t}\r\n\t\t<\/style>\r\n\t\t\r\n\t\t<div id=\"huge-it-share-buttons-top\" class=\"huge-it-share-buttons nobackground\">\r\n\t\t\t<h3>Share This:<\/h3>\r\n\t\t\t<ul class=\"huge-it-share-buttons-list \">\r\n\t\t\t\t\t\t\t\t\t<li class=\"nobackground \" >\r\n\r\n\t\t\t\t\t\t\t\t\t\t\t\t<a id=\"backforunical4963\" href=\"https:\/\/www.facebook.com\/sharer\/sharer.php?u=www.fabregat-perulles-sales.com\/actualidad\/wp-json\/wp\/v2\/posts\/4963\"  onclick=\"javascript:void window.open('https:\/\/www.facebook.com\/sharer\/sharer.php?u=www.fabregat-perulles-sales.com\/actualidad\/wp-json\/wp\/v2\/posts\/4963','1410949501326','width=700,height=500,toolbar=0,menubar=0,location=0,status=1,scrollbars=1,resizable=1,left=0,top=0');return false;\" style=\"background-position: -0px -120px \"><\/a>\r\n\t\t\t\t\t<\/li>\r\n\t\t\t\t\t\t\t\t\t\t<li class=\"nobackground \" >\r\n\r\n\t\t\t\t\t\t\t\t\t\t\t\t<a id=\"backforunical4963\" href=\"https:\/\/twitter.com\/share?status=www.fabregat-perulles-sales.com\/actualidad\/wp-json\/wp\/v2\/posts\/4963&text=Novedades relacionadas al derecho de adquisici\u00f3n preferente de las Administraciones P\u00fablicas sobre las transmisiones inmobiliarias en Barcelona\"  onclick=\"javascript:void window.open('https:\/\/twitter.com\/share?status=www.fabregat-perulles-sales.com\/actualidad\/wp-json\/wp\/v2\/posts\/4963&text=Novedades relacionadas al derecho de adquisici\u00f3n preferente de las Administraciones P\u00fablicas sobre las transmisiones inmobiliarias en Barcelona','1410949501326','width=700,height=500,toolbar=0,menubar=0,location=0,status=1,scrollbars=1,resizable=1,left=0,top=0');return false;\" style=\"background-position: -30px -120px \"><\/a>\r\n\t\t\t\t\t<\/li>\r\n\t\t\t\t\t\t\t\t\t\t<li class=\"none nobackground \" >\r\n\r\n\t\t\t\t\t\t\t\t\t\t\t\t<a id=\"backforunical4963\" href=\"http:\/\/www.pinterest.com\/pin\/create\/button\/?url=www.fabregat-perulles-sales.com\/actualidad\/wp-json\/wp\/v2\/posts\/4963&media=https:\/\/www.fabregat-perulles-sales.com\/actualidad\/wp-content\/plugins\/wp-share-buttons\/Front_end\/..\/images\/noimage.png&description=Novedades relacionadas al derecho de adquisici\u00f3n preferente de las Administraciones P\u00fablicas sobre las transmisiones inmobiliarias en Barcelona\"  onclick=\"javascript:void window.open('http:\/\/www.pinterest.com\/pin\/create\/button\/?url=www.fabregat-perulles-sales.com\/actualidad\/wp-json\/wp\/v2\/posts\/4963&media=https:\/\/www.fabregat-perulles-sales.com\/actualidad\/wp-content\/plugins\/wp-share-buttons\/Front_end\/..\/images\/noimage.png&description=Novedades relacionadas al derecho de adquisici\u00f3n preferente de las Administraciones P\u00fablicas sobre las transmisiones inmobiliarias en Barcelona','1410949501326','width=700,height=500,toolbar=0,menubar=0,location=0,status=1,scrollbars=1,resizable=1,left=0,top=0');return false;\" style=\"background-position: -60px -120px \"><\/a>\r\n\t\t\t\t\t<\/li>\r\n\t\t\t\t\t\t\t\t\t\t<li class=\"none nobackground \" >\r\n\r\n\t\t\t\t\t\t\t\t\t\t\t\t<a id=\"backforunical4963\" href=\"https:\/\/plus.google.com\/share?url=www.fabregat-perulles-sales.com\/actualidad\/wp-json\/wp\/v2\/posts\/4963\"  onclick=\"javascript:void window.open('https:\/\/plus.google.com\/share?url=www.fabregat-perulles-sales.com\/actualidad\/wp-json\/wp\/v2\/posts\/4963','1410949501326','width=700,height=500,toolbar=0,menubar=0,location=0,status=1,scrollbars=1,resizable=1,left=0,top=0');return false;\" style=\"background-position: -90px -120px \"><\/a>\r\n\t\t\t\t\t<\/li>\r\n\t\t\t\t\t\t\t\t\t\t<li class=\"nobackground \" >\r\n\r\n\t\t\t\t\t\t\t\t\t\t\t\t<a id=\"backforunical4963\" href=\"https:\/\/www.linkedin.com\/shareArticle?title=Novedades relacionadas al derecho de adquisici\u00f3n preferente de las Administraciones P\u00fablicas sobre las transmisiones inmobiliarias en Barcelona&mini=true&url=https:\/\/www.fabregat-perulles-sales.com\/actualidad\/wp-json\/wp\/v2\/posts\/4963\"  onclick=\"javascript:void window.open('https:\/\/www.linkedin.com\/shareArticle?title=Novedades relacionadas al derecho de adquisici\u00f3n preferente de las Administraciones P\u00fablicas sobre las transmisiones inmobiliarias en Barcelona&mini=true&url=https:\/\/www.fabregat-perulles-sales.com\/actualidad\/wp-json\/wp\/v2\/posts\/4963','1410949501326','width=700,height=500,toolbar=0,menubar=0,location=0,status=1,scrollbars=1,resizable=1,left=0,top=0');return false;\" style=\"background-position: -120px -120px \"><\/a>\r\n\t\t\t\t\t<\/li>\r\n\t\t\t\t\t\t\t\t\t\t<li class=\"none nobackground \" >\r\n\r\n\t\t\t\t\t\t\t\t\t\t\t\t<a id=\"backforunical4963\" href=\"https:\/\/www.tumblr.com\/share\/link?url=www.fabregat-perulles-sales.com\/actualidad\/wp-json\/wp\/v2\/posts\/4963&name=Novedades relacionadas al derecho de adquisici\u00f3n preferente de las Administraciones P\u00fablicas sobre las transmisiones inmobiliarias en Barcelona\"  onclick=\"javascript:void window.open('https:\/\/www.tumblr.com\/share\/link?url=www.fabregat-perulles-sales.com\/actualidad\/wp-json\/wp\/v2\/posts\/4963&name=Novedades relacionadas al derecho de adquisici\u00f3n preferente de las Administraciones P\u00fablicas sobre las transmisiones inmobiliarias en Barcelona','1410949501326','width=700,height=500,toolbar=0,menubar=0,location=0,status=1,scrollbars=1,resizable=1,left=0,top=0');return false;\" style=\"background-position: -150px -120px \"><\/a>\r\n\t\t\t\t\t<\/li>\r\n\t\t\t\t\t\t\t\t\t\t<li class=\"none nobackground \" >\r\n\r\n\t\t\t\t\t\t\t\t\t\t\t\t<a id=\"backforunical4963\" href=\"http:\/\/digg.com\/submit?phase=2&url=www.fabregat-perulles-sales.com\/actualidad\/wp-json\/wp\/v2\/posts\/4963&title=Novedades relacionadas al derecho de adquisici\u00f3n preferente de las Administraciones P\u00fablicas sobre las transmisiones inmobiliarias en Barcelona\"  onclick=\"javascript:void window.open('http:\/\/digg.com\/submit?phase=2&url=www.fabregat-perulles-sales.com\/actualidad\/wp-json\/wp\/v2\/posts\/4963&title=Novedades relacionadas al derecho de adquisici\u00f3n preferente de las Administraciones P\u00fablicas sobre las transmisiones inmobiliarias en Barcelona','1410949501326','width=700,height=500,toolbar=0,menubar=0,location=0,status=1,scrollbars=1,resizable=1,left=0,top=0');return false;\" style=\"background-position: -180px -120px \"><\/a>\r\n\t\t\t\t\t<\/li>\r\n\t\t\t\t\t\t\t\t\t\t<li class=\"none nobackground \" >\r\n\r\n\t\t\t\t\t\t\t\t\t\t\t\t<a id=\"backforunical4963\" href=\"http:\/\/www.stumbleupon.com\/submit?url=www.fabregat-perulles-sales.com\/actualidad\/wp-json\/wp\/v2\/posts\/4963&title=Novedades relacionadas al derecho de adquisici\u00f3n preferente de las Administraciones P\u00fablicas sobre las transmisiones inmobiliarias en Barcelona\"  onclick=\"javascript:void window.open('http:\/\/www.stumbleupon.com\/submit?url=www.fabregat-perulles-sales.com\/actualidad\/wp-json\/wp\/v2\/posts\/4963&title=Novedades relacionadas al derecho de adquisici\u00f3n preferente de las Administraciones P\u00fablicas sobre las transmisiones inmobiliarias en Barcelona','1410949501326','width=700,height=500,toolbar=0,menubar=0,location=0,status=1,scrollbars=1,resizable=1,left=0,top=0');return false;\" style=\"background-position: -210px -120px \"><\/a>\r\n\t\t\t\t\t<\/li>\r\n\t\t\t\t\t\t\t\t\t\t<li class=\"none nobackground \" >\r\n\r\n\t\t\t\t\t\t\t\t\t\t\t\t<a id=\"backforunical4963\" href=\"https:\/\/myspace.com\/post?l=3&u=www.fabregat-perulles-sales.com\/actualidad\/wp-json\/wp\/v2\/posts\/4963\"  onclick=\"javascript:void window.open('https:\/\/myspace.com\/post?l=3&u=www.fabregat-perulles-sales.com\/actualidad\/wp-json\/wp\/v2\/posts\/4963','1410949501326','width=700,height=500,toolbar=0,menubar=0,location=0,status=1,scrollbars=1,resizable=1,left=0,top=0');return false;\" style=\"background-position: -240px -120px \"><\/a>\r\n\t\t\t\t\t<\/li>\r\n\t\t\t\t\t\t\t\t\t\t<li class=\"nobackground \" >\r\n\r\n\t\t\t\t\t\t\t\t\t\t\t\t<a id=\"backforunical4963\" href=\"http:\/\/vk.com\/share.php?url=www.fabregat-perulles-sales.com\/actualidad\/wp-json\/wp\/v2\/posts\/4963&title=Novedades relacionadas al derecho de adquisici\u00f3n preferente de las Administraciones P\u00fablicas sobre las transmisiones inmobiliarias en Barcelona\"  onclick=\"javascript:void window.open('http:\/\/vk.com\/share.php?url=www.fabregat-perulles-sales.com\/actualidad\/wp-json\/wp\/v2\/posts\/4963&title=Novedades relacionadas al derecho de adquisici\u00f3n preferente de las Administraciones P\u00fablicas sobre las transmisiones inmobiliarias en Barcelona','1410949501326','width=700,height=500,toolbar=0,menubar=0,location=0,status=1,scrollbars=1,resizable=1,left=0,top=0');return false;\" style=\"background-position: -270px -120px \"><\/a>\r\n\t\t\t\t\t<\/li>\r\n\t\t\t\t\t\t\t\t\t\t<li class=\"none nobackground \" >\r\n\r\n\t\t\t\t\t\t\t\t\t\t\t\t<a id=\"backforunical4963\" href=\"http:\/\/www.reddit.com\/submit?url=www.fabregat-perulles-sales.com\/actualidad\/wp-json\/wp\/v2\/posts\/4963&title=Novedades relacionadas al derecho de adquisici\u00f3n preferente de las Administraciones P\u00fablicas sobre las transmisiones inmobiliarias en Barcelona\"  onclick=\"javascript:void window.open('http:\/\/www.reddit.com\/submit?url=www.fabregat-perulles-sales.com\/actualidad\/wp-json\/wp\/v2\/posts\/4963&title=Novedades relacionadas al derecho de adquisici\u00f3n preferente de las Administraciones P\u00fablicas sobre las transmisiones inmobiliarias en Barcelona','1410949501326','width=700,height=500,toolbar=0,menubar=0,location=0,status=1,scrollbars=1,resizable=1,left=0,top=0');return false;\" style=\"background-position: -300px -120px \"><\/a>\r\n\t\t\t\t\t<\/li>\r\n\t\t\t\t\t\t\t\t\t\t<li class=\"none nobackground \" >\r\n\r\n\t\t\t\t\t\t\t\t\t\t\t\t<a id=\"backforunical4963\" href=\"http:\/\/www.bebo.com\/c\/share?Url=www.fabregat-perulles-sales.com\/actualidad\/wp-json\/wp\/v2\/posts\/4963\"  onclick=\"javascript:void window.open('http:\/\/www.bebo.com\/c\/share?Url=www.fabregat-perulles-sales.com\/actualidad\/wp-json\/wp\/v2\/posts\/4963','1410949501326','width=700,height=500,toolbar=0,menubar=0,location=0,status=1,scrollbars=1,resizable=1,left=0,top=0');return false;\" style=\"background-position: -330px -120px \"><\/a>\r\n\t\t\t\t\t<\/li>\r\n\t\t\t\t\t\t\t\t\t\t<li class=\"none nobackground \" >\r\n\r\n\t\t\t\t\t\t\t\t\t\t\t\t<a id=\"backforunical4963\" href=\"https:\/\/delicious.com\/save?v=5&noui&jump=close&url=www.fabregat-perulles-sales.com\/actualidad\/wp-json\/wp\/v2\/posts\/4963&title=Novedades relacionadas al derecho de adquisici\u00f3n preferente de las Administraciones P\u00fablicas sobre las transmisiones inmobiliarias en Barcelona\"  onclick=\"javascript:void window.open('https:\/\/delicious.com\/save?v=5&noui&jump=close&url=www.fabregat-perulles-sales.com\/actualidad\/wp-json\/wp\/v2\/posts\/4963&title=Novedades relacionadas al derecho de adquisici\u00f3n preferente de las Administraciones P\u00fablicas sobre las transmisiones inmobiliarias en Barcelona','1410949501326','width=700,height=500,toolbar=0,menubar=0,location=0,status=1,scrollbars=1,resizable=1,left=0,top=0');return false;\" style=\"background-position: -360px -120px \"><\/a>\r\n\t\t\t\t\t<\/li>\r\n\t\t\t\t\t\t\t\t\t\t<li class=\"none nobackground \" >\r\n\r\n\t\t\t\t\t\t\t\t\t\t\t\t<a id=\"backforunical4963\" href=\"http:\/\/www.odnoklassniki.ru\/dk?st.cmd=addShare&st.s=2&st.noresize=on&st._surl=www.fabregat-perulles-sales.com\/actualidad\/wp-json\/wp\/v2\/posts\/4963\"  onclick=\"javascript:void window.open('http:\/\/www.odnoklassniki.ru\/dk?st.cmd=addShare&st.s=2&st.noresize=on&st._surl=www.fabregat-perulles-sales.com\/actualidad\/wp-json\/wp\/v2\/posts\/4963','1410949501326','width=700,height=500,toolbar=0,menubar=0,location=0,status=1,scrollbars=1,resizable=1,left=0,top=0');return false;\" style=\"background-position: -390px -120px \"><\/a>\r\n\t\t\t\t\t<\/li>\r\n\t\t\t\t\t\t\t\t\t\t<li class=\"none nobackground \" >\r\n\r\n\t\t\t\t\t\t\t\t\t\t\t\t<a id=\"backforunical4963\" href=\"http:\/\/sns.qzone.qq.com\/cgi-bin\/qzshare\/cgi_qzshare_onekey?url=www.fabregat-perulles-sales.com\/actualidad\/wp-json\/wp\/v2\/posts\/4963&title=Novedades relacionadas al derecho de adquisici\u00f3n preferente de las Administraciones P\u00fablicas sobre las transmisiones inmobiliarias en Barcelona\"  onclick=\"javascript:void window.open('http:\/\/sns.qzone.qq.com\/cgi-bin\/qzshare\/cgi_qzshare_onekey?url=www.fabregat-perulles-sales.com\/actualidad\/wp-json\/wp\/v2\/posts\/4963&title=Novedades relacionadas al derecho de adquisici\u00f3n preferente de las Administraciones P\u00fablicas sobre las transmisiones inmobiliarias en Barcelona','1410949501326','width=700,height=500,toolbar=0,menubar=0,location=0,status=1,scrollbars=1,resizable=1,left=0,top=0');return false;\" style=\"background-position: -420px -120px \"><\/a>\r\n\t\t\t\t\t<\/li>\r\n\t\t\t\t\t\t\t\t\t\t<li class=\"none nobackground \" >\r\n\r\n\t\t\t\t\t\t\t\t\t\t\t\t<a id=\"backforunical4963\" href=\"http:\/\/service.weibo.com\/share\/share.php?url=www.fabregat-perulles-sales.com\/actualidad\/wp-json\/wp\/v2\/posts\/4963&appkey=&title=Novedades relacionadas al derecho de adquisici\u00f3n preferente de las Administraciones P\u00fablicas sobre las transmisiones inmobiliarias en Barcelona&pic=&ralateUid=&\"  onclick=\"javascript:void window.open('http:\/\/service.weibo.com\/share\/share.php?url=www.fabregat-perulles-sales.com\/actualidad\/wp-json\/wp\/v2\/posts\/4963&appkey=&title=Novedades relacionadas al derecho de adquisici\u00f3n preferente de las Administraciones P\u00fablicas sobre las transmisiones inmobiliarias en Barcelona&pic=&ralateUid=&','1410949501326','width=700,height=500,toolbar=0,menubar=0,location=0,status=1,scrollbars=1,resizable=1,left=0,top=0');return false;\" style=\"background-position: -450px -120px \"><\/a>\r\n\t\t\t\t\t<\/li>\r\n\t\t\t\t\t\t\t\t\t\t<li class=\"none nobackground \" >\r\n\r\n\t\t\t\t\t\t\t\t\t\t\t\t<a id=\"backforunical4963\" href=\"http:\/\/widget.renren.com\/dialog\/share?resourceUrl=www.fabregat-perulles-sales.com\/actualidad\/wp-json\/wp\/v2\/posts\/4963&srcUrl=www.fabregat-perulles-sales.com\/actualidad\/wp-json\/wp\/v2\/posts\/4963&title=Novedades relacionadas al derecho de adquisici\u00f3n preferente de las Administraciones P\u00fablicas sobre las transmisiones inmobiliarias en Barcelona\"  onclick=\"javascript:void window.open('http:\/\/widget.renren.com\/dialog\/share?resourceUrl=www.fabregat-perulles-sales.com\/actualidad\/wp-json\/wp\/v2\/posts\/4963&srcUrl=www.fabregat-perulles-sales.com\/actualidad\/wp-json\/wp\/v2\/posts\/4963&title=Novedades relacionadas al derecho de adquisici\u00f3n preferente de las Administraciones P\u00fablicas sobre las transmisiones inmobiliarias en Barcelona','1410949501326','width=700,height=500,toolbar=0,menubar=0,location=0,status=1,scrollbars=1,resizable=1,left=0,top=0');return false;\" style=\"background-position: -480px -120px \"><\/a>\r\n\t\t\t\t\t<\/li>\r\n\t\t\t\t\t\t\t\t\t\t<li class=\"none nobackground \" >\r\n\r\n\t\t\t\t\t\t\t\t\t\t\t\t<a id=\"backforunical4963\" href=\"http:\/\/n4g.com\/tips?url=www.fabregat-perulles-sales.com\/actualidad\/wp-json\/wp\/v2\/posts\/4963&title=Novedades relacionadas al derecho de adquisici\u00f3n preferente de las Administraciones P\u00fablicas sobre las transmisiones inmobiliarias en Barcelona\"  onclick=\"javascript:void window.open('http:\/\/n4g.com\/tips?url=www.fabregat-perulles-sales.com\/actualidad\/wp-json\/wp\/v2\/posts\/4963&title=Novedades relacionadas al derecho de adquisici\u00f3n preferente de las Administraciones P\u00fablicas sobre las transmisiones inmobiliarias en Barcelona','1410949501326','width=700,height=500,toolbar=0,menubar=0,location=0,status=1,scrollbars=1,resizable=1,left=0,top=0');return false;\" style=\"background-position: -510px -120px \"><\/a>\r\n\t\t\t\t\t<\/li>\r\n\t\t\t\t\t\t\t\t<\/ul>\r\n\t\t\t<div class=\"clear\"><\/div>\r\n\t\t<\/div>\r\n\t\t","protected":false},"excerpt":{"rendered":"<p>&nbsp; Derecho de adquisici\u00f3n preferente de las Administraciones P\u00fablicas sobre las transmisiones inmobiliarias en la ciudad de Barcelona. En supuestos de compraventa de inmuebles es importante tener en cuenta si el mismo est\u00e1 afecto a derechos de adquisici\u00f3n preferente, ya que podr\u00eda suponer la frustraci\u00f3n del negocio jur\u00eddico. En este sentido, mediante el presente art\u00edculo\u2026 <span class=\"read-more\"><a href=\"https:\/\/www.fabregat-perulles-sales.com\/actualidad\/derecho-de-adquisicion-preferente-de-las-administraciones-publicas-sobre-las-transmisiones-inmobiliarias-en-la-ciudad-de-barcelona\/\">Read More &raquo;<\/a><\/span><\/p>\n","protected":false},"author":3,"featured_media":0,"comment_status":"open","ping_status":"closed","sticky":false,"template":"","format":"standard","meta":[],"categories":[1888,457,1887],"tags":[],"yoast_head":"<!-- This site is optimized with the Yoast SEO plugin v20.2.1 - https:\/\/yoast.com\/wordpress\/plugins\/seo\/ -->\n<title>Derecho de adquisici\u00f3n preferente de las Administraciones P\u00fablicas sobre las transmisiones inmobiliarias en la ciudad de Barcelona<\/title>\n<meta name=\"description\" content=\"En supuestos de compraventa de inmuebles es importante tener en cuenta si el mismo est\u00e1 afecto a derechos de adquisici\u00f3n preferente, ya que podr\u00eda suponer la frustraci\u00f3n del negocio jur\u00eddico.\" \/>\n<meta name=\"robots\" content=\"index, follow, max-snippet:-1, max-image-preview:large, max-video-preview:-1\" \/>\n<link rel=\"canonical\" href=\"https:\/\/www.fabregat-perulles-sales.com\/actualidad\/derecho-de-adquisicion-preferente-de-las-administraciones-publicas-sobre-las-transmisiones-inmobiliarias-en-la-ciudad-de-barcelona\/\" \/>\n<meta property=\"og:locale\" content=\"en_US\" \/>\n<meta property=\"og:type\" content=\"article\" \/>\n<meta property=\"og:title\" content=\"Derecho de adquisici\u00f3n preferente de las Administraciones P\u00fablicas sobre las transmisiones inmobiliarias en la ciudad de Barcelona\" \/>\n<meta property=\"og:description\" content=\"En supuestos de compraventa de inmuebles es importante tener en cuenta si el mismo est\u00e1 afecto a derechos de adquisici\u00f3n preferente, ya que podr\u00eda suponer la frustraci\u00f3n del negocio jur\u00eddico.\" \/>\n<meta property=\"og:url\" content=\"https:\/\/www.fabregat-perulles-sales.com\/actualidad\/derecho-de-adquisicion-preferente-de-las-administraciones-publicas-sobre-las-transmisiones-inmobiliarias-en-la-ciudad-de-barcelona\/\" \/>\n<meta property=\"og:site_name\" content=\"International Lawyers\" \/>\n<meta property=\"article:published_time\" content=\"2021-11-10T09:43:27+00:00\" \/>\n<meta property=\"article:modified_time\" content=\"2021-11-11T16:14:29+00:00\" \/>\n<meta name=\"author\" content=\"Victor\" \/>\n<meta name=\"twitter:card\" content=\"summary_large_image\" \/>\n<meta name=\"twitter:label1\" content=\"Written by\" \/>\n\t<meta name=\"twitter:data1\" content=\"Victor\" \/>\n\t<meta name=\"twitter:label2\" content=\"Est. reading time\" \/>\n\t<meta name=\"twitter:data2\" content=\"5 minutes\" \/>\n<script type=\"application\/ld+json\" class=\"yoast-schema-graph\">{\"@context\":\"https:\/\/schema.org\",\"@graph\":[{\"@type\":\"WebPage\",\"@id\":\"https:\/\/www.fabregat-perulles-sales.com\/actualidad\/derecho-de-adquisicion-preferente-de-las-administraciones-publicas-sobre-las-transmisiones-inmobiliarias-en-la-ciudad-de-barcelona\/\",\"url\":\"https:\/\/www.fabregat-perulles-sales.com\/actualidad\/derecho-de-adquisicion-preferente-de-las-administraciones-publicas-sobre-las-transmisiones-inmobiliarias-en-la-ciudad-de-barcelona\/\",\"name\":\"Derecho de adquisici\u00f3n preferente de las Administraciones P\u00fablicas sobre las transmisiones inmobiliarias en la ciudad de Barcelona\",\"isPartOf\":{\"@id\":\"https:\/\/www.fabregat-perulles-sales.com\/actualidad\/#website\"},\"datePublished\":\"2021-11-10T09:43:27+00:00\",\"dateModified\":\"2021-11-11T16:14:29+00:00\",\"author\":{\"@id\":\"https:\/\/www.fabregat-perulles-sales.com\/actualidad\/#\/schema\/person\/cabc1d68c7778f01d5e069c2d98442e3\"},\"description\":\"En supuestos de compraventa de inmuebles es importante tener en cuenta si el mismo est\u00e1 afecto a derechos de adquisici\u00f3n preferente, ya que podr\u00eda suponer la frustraci\u00f3n del negocio jur\u00eddico.\",\"breadcrumb\":{\"@id\":\"https:\/\/www.fabregat-perulles-sales.com\/actualidad\/derecho-de-adquisicion-preferente-de-las-administraciones-publicas-sobre-las-transmisiones-inmobiliarias-en-la-ciudad-de-barcelona\/#breadcrumb\"},\"inLanguage\":\"en-US\",\"potentialAction\":[{\"@type\":\"ReadAction\",\"target\":[\"https:\/\/www.fabregat-perulles-sales.com\/actualidad\/derecho-de-adquisicion-preferente-de-las-administraciones-publicas-sobre-las-transmisiones-inmobiliarias-en-la-ciudad-de-barcelona\/\"]}]},{\"@type\":\"BreadcrumbList\",\"@id\":\"https:\/\/www.fabregat-perulles-sales.com\/actualidad\/derecho-de-adquisicion-preferente-de-las-administraciones-publicas-sobre-las-transmisiones-inmobiliarias-en-la-ciudad-de-barcelona\/#breadcrumb\",\"itemListElement\":[{\"@type\":\"ListItem\",\"position\":1,\"name\":\"Home\",\"item\":\"https:\/\/www.fabregat-perulles-sales.com\/actualidad\/\"},{\"@type\":\"ListItem\",\"position\":2,\"name\":\"Novedades relacionadas al derecho de adquisici\u00f3n preferente de las Administraciones P\u00fablicas sobre las transmisiones inmobiliarias en Barcelona\"}]},{\"@type\":\"WebSite\",\"@id\":\"https:\/\/www.fabregat-perulles-sales.com\/actualidad\/#website\",\"url\":\"https:\/\/www.fabregat-perulles-sales.com\/actualidad\/\",\"name\":\"www.fabregat-perulles-sales.com\",\"description\":\"Fabregat Perulles Sales Abogados is a law firm of reference international market in the Spanish-German, Spanish-French, and Spanish-Italian. Is one of the first firms in Barcelona offering a Russian Desk.\",\"potentialAction\":[{\"@type\":\"SearchAction\",\"target\":{\"@type\":\"EntryPoint\",\"urlTemplate\":\"https:\/\/www.fabregat-perulles-sales.com\/actualidad\/?s={search_term_string}\"},\"query-input\":\"required name=search_term_string\"}],\"inLanguage\":\"en-US\"},{\"@type\":\"Person\",\"@id\":\"https:\/\/www.fabregat-perulles-sales.com\/actualidad\/#\/schema\/person\/cabc1d68c7778f01d5e069c2d98442e3\",\"name\":\"Victor\",\"image\":{\"@type\":\"ImageObject\",\"inLanguage\":\"en-US\",\"@id\":\"https:\/\/www.fabregat-perulles-sales.com\/actualidad\/#\/schema\/person\/image\/\",\"url\":\"https:\/\/secure.gravatar.com\/avatar\/756cb666a964d2960ffe307b8a53b271?s=96&d=mm&r=g\",\"contentUrl\":\"https:\/\/secure.gravatar.com\/avatar\/756cb666a964d2960ffe307b8a53b271?s=96&d=mm&r=g\",\"caption\":\"Victor\"},\"sameAs\":[\"http:\/\/www.fabregat-perulles-sales.com\"],\"url\":\"https:\/\/www.fabregat-perulles-sales.com\/actualidad\/author\/victor\/\"}]}<\/script>\n<!-- \/ Yoast SEO plugin. -->","yoast_head_json":{"title":"Derecho de adquisici\u00f3n preferente de las Administraciones P\u00fablicas sobre las transmisiones inmobiliarias en la ciudad de Barcelona","description":"En supuestos de compraventa de inmuebles es importante tener en cuenta si el mismo est\u00e1 afecto a derechos de adquisici\u00f3n preferente, ya que podr\u00eda suponer la frustraci\u00f3n del negocio jur\u00eddico.","robots":{"index":"index","follow":"follow","max-snippet":"max-snippet:-1","max-image-preview":"max-image-preview:large","max-video-preview":"max-video-preview:-1"},"canonical":"https:\/\/www.fabregat-perulles-sales.com\/actualidad\/derecho-de-adquisicion-preferente-de-las-administraciones-publicas-sobre-las-transmisiones-inmobiliarias-en-la-ciudad-de-barcelona\/","og_locale":"en_US","og_type":"article","og_title":"Derecho de adquisici\u00f3n preferente de las Administraciones P\u00fablicas sobre las transmisiones inmobiliarias en la ciudad de Barcelona","og_description":"En supuestos de compraventa de inmuebles es importante tener en cuenta si el mismo est\u00e1 afecto a derechos de adquisici\u00f3n preferente, ya que podr\u00eda suponer la frustraci\u00f3n del negocio jur\u00eddico.","og_url":"https:\/\/www.fabregat-perulles-sales.com\/actualidad\/derecho-de-adquisicion-preferente-de-las-administraciones-publicas-sobre-las-transmisiones-inmobiliarias-en-la-ciudad-de-barcelona\/","og_site_name":"International Lawyers","article_published_time":"2021-11-10T09:43:27+00:00","article_modified_time":"2021-11-11T16:14:29+00:00","author":"Victor","twitter_card":"summary_large_image","twitter_misc":{"Written by":"Victor","Est. reading time":"5 minutes"},"schema":{"@context":"https:\/\/schema.org","@graph":[{"@type":"WebPage","@id":"https:\/\/www.fabregat-perulles-sales.com\/actualidad\/derecho-de-adquisicion-preferente-de-las-administraciones-publicas-sobre-las-transmisiones-inmobiliarias-en-la-ciudad-de-barcelona\/","url":"https:\/\/www.fabregat-perulles-sales.com\/actualidad\/derecho-de-adquisicion-preferente-de-las-administraciones-publicas-sobre-las-transmisiones-inmobiliarias-en-la-ciudad-de-barcelona\/","name":"Derecho de adquisici\u00f3n preferente de las Administraciones P\u00fablicas sobre las transmisiones inmobiliarias en la ciudad de Barcelona","isPartOf":{"@id":"https:\/\/www.fabregat-perulles-sales.com\/actualidad\/#website"},"datePublished":"2021-11-10T09:43:27+00:00","dateModified":"2021-11-11T16:14:29+00:00","author":{"@id":"https:\/\/www.fabregat-perulles-sales.com\/actualidad\/#\/schema\/person\/cabc1d68c7778f01d5e069c2d98442e3"},"description":"En supuestos de compraventa de inmuebles es importante tener en cuenta si el mismo est\u00e1 afecto a derechos de adquisici\u00f3n preferente, ya que podr\u00eda suponer la frustraci\u00f3n del negocio jur\u00eddico.","breadcrumb":{"@id":"https:\/\/www.fabregat-perulles-sales.com\/actualidad\/derecho-de-adquisicion-preferente-de-las-administraciones-publicas-sobre-las-transmisiones-inmobiliarias-en-la-ciudad-de-barcelona\/#breadcrumb"},"inLanguage":"en-US","potentialAction":[{"@type":"ReadAction","target":["https:\/\/www.fabregat-perulles-sales.com\/actualidad\/derecho-de-adquisicion-preferente-de-las-administraciones-publicas-sobre-las-transmisiones-inmobiliarias-en-la-ciudad-de-barcelona\/"]}]},{"@type":"BreadcrumbList","@id":"https:\/\/www.fabregat-perulles-sales.com\/actualidad\/derecho-de-adquisicion-preferente-de-las-administraciones-publicas-sobre-las-transmisiones-inmobiliarias-en-la-ciudad-de-barcelona\/#breadcrumb","itemListElement":[{"@type":"ListItem","position":1,"name":"Home","item":"https:\/\/www.fabregat-perulles-sales.com\/actualidad\/"},{"@type":"ListItem","position":2,"name":"Novedades relacionadas al derecho de adquisici\u00f3n preferente de las Administraciones P\u00fablicas sobre las transmisiones inmobiliarias en Barcelona"}]},{"@type":"WebSite","@id":"https:\/\/www.fabregat-perulles-sales.com\/actualidad\/#website","url":"https:\/\/www.fabregat-perulles-sales.com\/actualidad\/","name":"www.fabregat-perulles-sales.com","description":"Fabregat Perulles Sales Abogados is a law firm of reference international market in the Spanish-German, Spanish-French, and Spanish-Italian. Is one of the first firms in Barcelona offering a Russian Desk.","potentialAction":[{"@type":"SearchAction","target":{"@type":"EntryPoint","urlTemplate":"https:\/\/www.fabregat-perulles-sales.com\/actualidad\/?s={search_term_string}"},"query-input":"required name=search_term_string"}],"inLanguage":"en-US"},{"@type":"Person","@id":"https:\/\/www.fabregat-perulles-sales.com\/actualidad\/#\/schema\/person\/cabc1d68c7778f01d5e069c2d98442e3","name":"Victor","image":{"@type":"ImageObject","inLanguage":"en-US","@id":"https:\/\/www.fabregat-perulles-sales.com\/actualidad\/#\/schema\/person\/image\/","url":"https:\/\/secure.gravatar.com\/avatar\/756cb666a964d2960ffe307b8a53b271?s=96&d=mm&r=g","contentUrl":"https:\/\/secure.gravatar.com\/avatar\/756cb666a964d2960ffe307b8a53b271?s=96&d=mm&r=g","caption":"Victor"},"sameAs":["http:\/\/www.fabregat-perulles-sales.com"],"url":"https:\/\/www.fabregat-perulles-sales.com\/actualidad\/author\/victor\/"}]}},"amp_enabled":true,"_links":{"self":[{"href":"https:\/\/www.fabregat-perulles-sales.com\/actualidad\/wp-json\/wp\/v2\/posts\/4963"}],"collection":[{"href":"https:\/\/www.fabregat-perulles-sales.com\/actualidad\/wp-json\/wp\/v2\/posts"}],"about":[{"href":"https:\/\/www.fabregat-perulles-sales.com\/actualidad\/wp-json\/wp\/v2\/types\/post"}],"author":[{"embeddable":true,"href":"https:\/\/www.fabregat-perulles-sales.com\/actualidad\/wp-json\/wp\/v2\/users\/3"}],"replies":[{"embeddable":true,"href":"https:\/\/www.fabregat-perulles-sales.com\/actualidad\/wp-json\/wp\/v2\/comments?post=4963"}],"version-history":[{"count":16,"href":"https:\/\/www.fabregat-perulles-sales.com\/actualidad\/wp-json\/wp\/v2\/posts\/4963\/revisions"}],"predecessor-version":[{"id":4985,"href":"https:\/\/www.fabregat-perulles-sales.com\/actualidad\/wp-json\/wp\/v2\/posts\/4963\/revisions\/4985"}],"wp:attachment":[{"href":"https:\/\/www.fabregat-perulles-sales.com\/actualidad\/wp-json\/wp\/v2\/media?parent=4963"}],"wp:term":[{"taxonomy":"category","embeddable":true,"href":"https:\/\/www.fabregat-perulles-sales.com\/actualidad\/wp-json\/wp\/v2\/categories?post=4963"},{"taxonomy":"post_tag","embeddable":true,"href":"https:\/\/www.fabregat-perulles-sales.com\/actualidad\/wp-json\/wp\/v2\/tags?post=4963"}],"curies":[{"name":"wp","href":"https:\/\/api.w.org\/{rel}","templated":true}]}}