{"id":4958,"date":"2021-10-27T17:15:43","date_gmt":"2021-10-27T16:15:43","guid":{"rendered":"https:\/\/www.fabregat-perulles-sales.com\/actualidad\/?p=4958"},"modified":"2021-10-28T09:21:59","modified_gmt":"2021-10-28T08:21:59","slug":"el-tribunal-declara-inconstitucional-el-metodo-de-calculo-de-la-plusvalia-municipal-adelanto-de-la-nota-informativa-de-la-oficina-de-prensa-del-tc","status":"publish","type":"post","link":"https:\/\/www.fabregat-perulles-sales.com\/actualidad\/el-tribunal-declara-inconstitucional-el-metodo-de-calculo-de-la-plusvalia-municipal-adelanto-de-la-nota-informativa-de-la-oficina-de-prensa-del-tc\/","title":{"rendered":"EL TRIBUNAL DECLARA INCONSTITUCIONAL EL M\u00c9TODO DE C\u00c1LCULO DE LA PLUSVAL\u00cdA MUNICIPAL. ADELANTO DE LA NOTA INFORMATIVA DE LA OFICINA DE PRENSA DEL TC."},"content":{"rendered":"<div id=\"attachment_4959\" style=\"width: 1290px\" class=\"wp-caption aligncenter\"><img aria-describedby=\"caption-attachment-4959\" decoding=\"async\" loading=\"lazy\" class=\"size-full wp-image-4959\" src=\"https:\/\/www.fabregat-perulles-sales.com\/actualidad\/wp-content\/uploads\/2021\/10\/EL-TRIBUNAL-DECLARA-INCONSTITUCIONAL-EL-M\u00c9TODO-DE-C\u00c1LCULO-DE-LA-PLUSVAL\u00cdA-MUNICIPAL.jpg\" alt=\"\" width=\"1280\" height=\"853\" srcset=\"https:\/\/www.fabregat-perulles-sales.com\/actualidad\/wp-content\/uploads\/2021\/10\/EL-TRIBUNAL-DECLARA-INCONSTITUCIONAL-EL-M\u00c9TODO-DE-C\u00c1LCULO-DE-LA-PLUSVAL\u00cdA-MUNICIPAL.jpg 1280w, https:\/\/www.fabregat-perulles-sales.com\/actualidad\/wp-content\/uploads\/2021\/10\/EL-TRIBUNAL-DECLARA-INCONSTITUCIONAL-EL-M\u00c9TODO-DE-C\u00c1LCULO-DE-LA-PLUSVAL\u00cdA-MUNICIPAL-300x200.jpg 300w, https:\/\/www.fabregat-perulles-sales.com\/actualidad\/wp-content\/uploads\/2021\/10\/EL-TRIBUNAL-DECLARA-INCONSTITUCIONAL-EL-M\u00c9TODO-DE-C\u00c1LCULO-DE-LA-PLUSVAL\u00cdA-MUNICIPAL-768x512.jpg 768w, https:\/\/www.fabregat-perulles-sales.com\/actualidad\/wp-content\/uploads\/2021\/10\/EL-TRIBUNAL-DECLARA-INCONSTITUCIONAL-EL-M\u00c9TODO-DE-C\u00c1LCULO-DE-LA-PLUSVAL\u00cdA-MUNICIPAL-1024x682.jpg 1024w, https:\/\/www.fabregat-perulles-sales.com\/actualidad\/wp-content\/uploads\/2021\/10\/EL-TRIBUNAL-DECLARA-INCONSTITUCIONAL-EL-M\u00c9TODO-DE-C\u00c1LCULO-DE-LA-PLUSVAL\u00cdA-MUNICIPAL-660x440.jpg 660w\" sizes=\"(max-width: 1280px) 100vw, 1280px\" \/><p id=\"caption-attachment-4959\" class=\"wp-caption-text\">EL TRIBUNAL DECLARA INCONSTITUCIONAL EL M\u00c9TODO DE C\u00c1LCULO DE LA PLUSVAL\u00cdA MUNICIPAL.<\/p><\/div>\n<p>La Sentencia, cuyo texto se espera sea publicado en los pr\u00f3ximos d\u00edas, considera que son inconstitucionales y nulos determinados art\u00edculos del texto refundido de la Ley reguladora de las haciendas locales (RD Legislativo 2\/2004, de 5 de marzo), porque establecen un m\u00e9todo objetivo de determinaci\u00f3n de la base imponible del Impuesto sobre el Incremento del Valor de los Terrenos de Naturaleza Urbana que determina que siempre existe aumento en el valor de los terrenos durante el periodo de la imposici\u00f3n, con independencia de que haya existido ese incremento y de la cuant\u00eda real de ese incremento.<\/p>\n<p>El fallo de la Sentencia, es importante destacar, no afectar\u00e1 a aquellas situaciones firmes existentes.<\/p>\n<p class=\"x_MsoNormal\">Si est\u00e1s interesado\/a en saber m\u00e1s sobre el m\u00e9todo de c\u00e1lculo de la plusval\u00eda municipal, contacta con nosotros\u00a0<strong><a href=\"https:\/\/www.fabregat-perulles-sales.com\/abogados-es\/contacto-contactenos\" target=\"_blank\" rel=\"noopener noreferrer\">aqu\u00ed<\/a><\/strong>\u00a0.<strong>\u00a0<\/strong><\/p>\n<p class=\"x_MsoNormal\">En\u00a0\u00a0<strong><a href=\"http:\/\/www.fabregat-perulles-sales.com\/actualidad\/\" target=\"_blank\" rel=\"noopener noreferrer\">Fabregat Perulles Sales<\/a><\/strong>\u00a0\u00a0te asesoramos.<\/p>\n<p><strong>\u201cEste documento tiene como prop\u00f3sito exclusivo la divulgaci\u00f3n de su contenido. No constituye asesoramiento de ning\u00fan tipo y, por tanto, no puede considerarse como tal ni debe servir de base para la toma de decisiones.\u201d<\/strong><\/p>\n\r\n\t\t<style>\r\n\t\t\t.huge-it-share-buttons {\r\n\t\t\t\tborder:0px solid #0FB5D6;\r\n\t\t\t\tborder-radius:5px;\r\n\t\t\t\tbackground:#3BD8FF;\r\n\t\t\t text-align:left; \t\t\t\t\t\t\t\t\t}\r\n\r\n\t\t\t#huge-it-share-buttons-top {margin-bottom:0px;}\r\n\t\t\t#huge-it-share-buttons-bottom {margin-top:0px;}\r\n\r\n\t\t\t.huge-it-share-buttons h3 {\r\n\t\t\t\tfont-size:25px ;\r\n\t\t\t\tfont-family:Arial,Helvetica Neue,Helvetica,sans-serif;\r\n\t\t\t\tcolor:#666666;\r\n\r\n\t\t\tdisplay:block;\t\t\t\tline-height:25px ;\r\n\r\n\t\t\t text-align:left; \t\t\t\t\t\t\t\t\t}\r\n\r\n\t\t\t.huge-it-share-buttons ul {\r\n\t\t\t float:left; \t\t\t\t\t\t\t\t\t}\r\n\r\n\t\t\t.huge-it-share-buttons ul li {\r\n\t\t\t\tmargin-left:3px;\r\n\t\t\t\tmargin-right:3px;\r\n\t\t\t\tpadding:0px;\r\n\t\t\t\tborder:0px ridge #E6354C;\r\n\t\t\t\tborder-radius:11px;\r\n\t\t\t\tbackground-color:#14CC9B;\r\n\t\t\t}\r\n\r\n\t\t\t.huge-it-share-buttons ul li #backforunical4958 {\r\n\t\t\t\tborder-bottom: 0;\r\n\t\t\t\tbackground-image:url('https:\/\/www.fabregat-perulles-sales.com\/actualidad\/wp-content\/plugins\/wp-share-buttons\/Front_end\/..\/images\/buttons.30.png');\r\n\t\t\t\twidth:30px;\r\n\t\t\t\theight:30px;\r\n\t\t\t}\r\n\r\n\t\t\t.front-shares-count {\r\n\t\t\t\tposition: absolute;\r\n\t\t\t\ttext-align: center;\r\n\t\t\t\tdisplay: block;\r\n\t\t\t}\r\n\r\n\t\t\t.shares_size20 .front-shares-count {\r\n\t\t\t\tfont-size: 10px;\r\n\t\t\t\ttop: 10px;\r\n\t\t\t\twidth: 20px;\r\n\t\t\t}\r\n\r\n\t\t\t.shares_size30 .front-shares-count {\r\n\t\t\t\tfont-size: 11px;\r\n\t\t\t\ttop: 15px;\r\n\t\t\t\twidth: 30px;\r\n\t\t\t}\r\n\r\n\t\t\t.shares_size40 .front-shares-count {\r\n\t\t\t\tfont-size: 12px;\r\n\t\t\t\ttop: 21px;\r\n\t\t\t\twidth: 40px;\r\n\t\t\t}\r\n\t\t<\/style>\r\n\t\t\r\n\t\t<div id=\"huge-it-share-buttons-top\" class=\"huge-it-share-buttons nobackground\">\r\n\t\t\t<h3>Share This:<\/h3>\r\n\t\t\t<ul class=\"huge-it-share-buttons-list \">\r\n\t\t\t\t\t\t\t\t\t<li class=\"nobackground \" >\r\n\r\n\t\t\t\t\t\t\t\t\t\t\t\t<a id=\"backforunical4958\" href=\"https:\/\/www.facebook.com\/sharer\/sharer.php?u=www.fabregat-perulles-sales.com\/actualidad\/wp-json\/wp\/v2\/posts\/4958\"  onclick=\"javascript:void window.open('https:\/\/www.facebook.com\/sharer\/sharer.php?u=www.fabregat-perulles-sales.com\/actualidad\/wp-json\/wp\/v2\/posts\/4958','1410949501326','width=700,height=500,toolbar=0,menubar=0,location=0,status=1,scrollbars=1,resizable=1,left=0,top=0');return false;\" style=\"background-position: -0px -120px \"><\/a>\r\n\t\t\t\t\t<\/li>\r\n\t\t\t\t\t\t\t\t\t\t<li class=\"nobackground \" >\r\n\r\n\t\t\t\t\t\t\t\t\t\t\t\t<a id=\"backforunical4958\" href=\"https:\/\/twitter.com\/share?status=www.fabregat-perulles-sales.com\/actualidad\/wp-json\/wp\/v2\/posts\/4958&text=EL TRIBUNAL DECLARA INCONSTITUCIONAL EL M\u00c9TODO DE C\u00c1LCULO DE LA PLUSVAL\u00cdA MUNICIPAL. ADELANTO DE LA NOTA INFORMATIVA DE LA OFICINA DE PRENSA DEL TC.\"  onclick=\"javascript:void window.open('https:\/\/twitter.com\/share?status=www.fabregat-perulles-sales.com\/actualidad\/wp-json\/wp\/v2\/posts\/4958&text=EL TRIBUNAL DECLARA INCONSTITUCIONAL EL M\u00c9TODO DE C\u00c1LCULO DE LA PLUSVAL\u00cdA MUNICIPAL. ADELANTO DE LA NOTA INFORMATIVA DE LA OFICINA DE PRENSA DEL TC.','1410949501326','width=700,height=500,toolbar=0,menubar=0,location=0,status=1,scrollbars=1,resizable=1,left=0,top=0');return false;\" style=\"background-position: -30px -120px \"><\/a>\r\n\t\t\t\t\t<\/li>\r\n\t\t\t\t\t\t\t\t\t\t<li class=\"none nobackground \" >\r\n\r\n\t\t\t\t\t\t\t\t\t\t\t\t<a id=\"backforunical4958\" href=\"http:\/\/www.pinterest.com\/pin\/create\/button\/?url=www.fabregat-perulles-sales.com\/actualidad\/wp-json\/wp\/v2\/posts\/4958&media=https:\/\/www.fabregat-perulles-sales.com\/actualidad\/wp-content\/plugins\/wp-share-buttons\/Front_end\/..\/images\/noimage.png&description=EL TRIBUNAL DECLARA INCONSTITUCIONAL EL M\u00c9TODO DE C\u00c1LCULO DE LA PLUSVAL\u00cdA MUNICIPAL. ADELANTO DE LA NOTA INFORMATIVA DE LA OFICINA DE PRENSA DEL TC.\"  onclick=\"javascript:void window.open('http:\/\/www.pinterest.com\/pin\/create\/button\/?url=www.fabregat-perulles-sales.com\/actualidad\/wp-json\/wp\/v2\/posts\/4958&media=https:\/\/www.fabregat-perulles-sales.com\/actualidad\/wp-content\/plugins\/wp-share-buttons\/Front_end\/..\/images\/noimage.png&description=EL TRIBUNAL DECLARA INCONSTITUCIONAL EL M\u00c9TODO DE C\u00c1LCULO DE LA PLUSVAL\u00cdA MUNICIPAL. ADELANTO DE LA NOTA INFORMATIVA DE LA OFICINA DE PRENSA DEL TC.','1410949501326','width=700,height=500,toolbar=0,menubar=0,location=0,status=1,scrollbars=1,resizable=1,left=0,top=0');return false;\" style=\"background-position: -60px -120px \"><\/a>\r\n\t\t\t\t\t<\/li>\r\n\t\t\t\t\t\t\t\t\t\t<li class=\"none nobackground \" >\r\n\r\n\t\t\t\t\t\t\t\t\t\t\t\t<a id=\"backforunical4958\" href=\"https:\/\/plus.google.com\/share?url=www.fabregat-perulles-sales.com\/actualidad\/wp-json\/wp\/v2\/posts\/4958\"  onclick=\"javascript:void window.open('https:\/\/plus.google.com\/share?url=www.fabregat-perulles-sales.com\/actualidad\/wp-json\/wp\/v2\/posts\/4958','1410949501326','width=700,height=500,toolbar=0,menubar=0,location=0,status=1,scrollbars=1,resizable=1,left=0,top=0');return false;\" style=\"background-position: -90px -120px \"><\/a>\r\n\t\t\t\t\t<\/li>\r\n\t\t\t\t\t\t\t\t\t\t<li class=\"nobackground \" >\r\n\r\n\t\t\t\t\t\t\t\t\t\t\t\t<a id=\"backforunical4958\" href=\"https:\/\/www.linkedin.com\/shareArticle?title=EL TRIBUNAL DECLARA INCONSTITUCIONAL EL M\u00c9TODO DE C\u00c1LCULO DE LA PLUSVAL\u00cdA MUNICIPAL. ADELANTO DE LA NOTA INFORMATIVA DE LA OFICINA DE PRENSA DEL TC.&mini=true&url=https:\/\/www.fabregat-perulles-sales.com\/actualidad\/wp-json\/wp\/v2\/posts\/4958\"  onclick=\"javascript:void window.open('https:\/\/www.linkedin.com\/shareArticle?title=EL TRIBUNAL DECLARA INCONSTITUCIONAL EL M\u00c9TODO DE C\u00c1LCULO DE LA PLUSVAL\u00cdA MUNICIPAL. ADELANTO DE LA NOTA INFORMATIVA DE LA OFICINA DE PRENSA DEL TC.&mini=true&url=https:\/\/www.fabregat-perulles-sales.com\/actualidad\/wp-json\/wp\/v2\/posts\/4958','1410949501326','width=700,height=500,toolbar=0,menubar=0,location=0,status=1,scrollbars=1,resizable=1,left=0,top=0');return false;\" style=\"background-position: -120px -120px \"><\/a>\r\n\t\t\t\t\t<\/li>\r\n\t\t\t\t\t\t\t\t\t\t<li class=\"none nobackground \" >\r\n\r\n\t\t\t\t\t\t\t\t\t\t\t\t<a id=\"backforunical4958\" href=\"https:\/\/www.tumblr.com\/share\/link?url=www.fabregat-perulles-sales.com\/actualidad\/wp-json\/wp\/v2\/posts\/4958&name=EL TRIBUNAL DECLARA INCONSTITUCIONAL EL M\u00c9TODO DE C\u00c1LCULO DE LA PLUSVAL\u00cdA MUNICIPAL. ADELANTO DE LA NOTA INFORMATIVA DE LA OFICINA DE PRENSA DEL TC.\"  onclick=\"javascript:void window.open('https:\/\/www.tumblr.com\/share\/link?url=www.fabregat-perulles-sales.com\/actualidad\/wp-json\/wp\/v2\/posts\/4958&name=EL TRIBUNAL DECLARA INCONSTITUCIONAL EL M\u00c9TODO DE C\u00c1LCULO DE LA PLUSVAL\u00cdA MUNICIPAL. ADELANTO DE LA NOTA INFORMATIVA DE LA OFICINA DE PRENSA DEL TC.','1410949501326','width=700,height=500,toolbar=0,menubar=0,location=0,status=1,scrollbars=1,resizable=1,left=0,top=0');return false;\" style=\"background-position: -150px -120px \"><\/a>\r\n\t\t\t\t\t<\/li>\r\n\t\t\t\t\t\t\t\t\t\t<li class=\"none nobackground \" >\r\n\r\n\t\t\t\t\t\t\t\t\t\t\t\t<a id=\"backforunical4958\" href=\"http:\/\/digg.com\/submit?phase=2&url=www.fabregat-perulles-sales.com\/actualidad\/wp-json\/wp\/v2\/posts\/4958&title=EL TRIBUNAL DECLARA INCONSTITUCIONAL EL M\u00c9TODO DE C\u00c1LCULO DE LA PLUSVAL\u00cdA MUNICIPAL. ADELANTO DE LA NOTA INFORMATIVA DE LA OFICINA DE PRENSA DEL TC.\"  onclick=\"javascript:void window.open('http:\/\/digg.com\/submit?phase=2&url=www.fabregat-perulles-sales.com\/actualidad\/wp-json\/wp\/v2\/posts\/4958&title=EL TRIBUNAL DECLARA INCONSTITUCIONAL EL M\u00c9TODO DE C\u00c1LCULO DE LA PLUSVAL\u00cdA MUNICIPAL. ADELANTO DE LA NOTA INFORMATIVA DE LA OFICINA DE PRENSA DEL TC.','1410949501326','width=700,height=500,toolbar=0,menubar=0,location=0,status=1,scrollbars=1,resizable=1,left=0,top=0');return false;\" style=\"background-position: -180px -120px \"><\/a>\r\n\t\t\t\t\t<\/li>\r\n\t\t\t\t\t\t\t\t\t\t<li class=\"none nobackground \" >\r\n\r\n\t\t\t\t\t\t\t\t\t\t\t\t<a id=\"backforunical4958\" href=\"http:\/\/www.stumbleupon.com\/submit?url=www.fabregat-perulles-sales.com\/actualidad\/wp-json\/wp\/v2\/posts\/4958&title=EL TRIBUNAL DECLARA INCONSTITUCIONAL EL M\u00c9TODO DE C\u00c1LCULO DE LA PLUSVAL\u00cdA MUNICIPAL. ADELANTO DE LA NOTA INFORMATIVA DE LA OFICINA DE PRENSA DEL TC.\"  onclick=\"javascript:void window.open('http:\/\/www.stumbleupon.com\/submit?url=www.fabregat-perulles-sales.com\/actualidad\/wp-json\/wp\/v2\/posts\/4958&title=EL TRIBUNAL DECLARA INCONSTITUCIONAL EL M\u00c9TODO DE C\u00c1LCULO DE LA PLUSVAL\u00cdA MUNICIPAL. ADELANTO DE LA NOTA INFORMATIVA DE LA OFICINA DE PRENSA DEL TC.','1410949501326','width=700,height=500,toolbar=0,menubar=0,location=0,status=1,scrollbars=1,resizable=1,left=0,top=0');return false;\" style=\"background-position: -210px -120px \"><\/a>\r\n\t\t\t\t\t<\/li>\r\n\t\t\t\t\t\t\t\t\t\t<li class=\"none nobackground \" >\r\n\r\n\t\t\t\t\t\t\t\t\t\t\t\t<a id=\"backforunical4958\" href=\"https:\/\/myspace.com\/post?l=3&u=www.fabregat-perulles-sales.com\/actualidad\/wp-json\/wp\/v2\/posts\/4958\"  onclick=\"javascript:void window.open('https:\/\/myspace.com\/post?l=3&u=www.fabregat-perulles-sales.com\/actualidad\/wp-json\/wp\/v2\/posts\/4958','1410949501326','width=700,height=500,toolbar=0,menubar=0,location=0,status=1,scrollbars=1,resizable=1,left=0,top=0');return false;\" style=\"background-position: -240px -120px \"><\/a>\r\n\t\t\t\t\t<\/li>\r\n\t\t\t\t\t\t\t\t\t\t<li class=\"nobackground \" >\r\n\r\n\t\t\t\t\t\t\t\t\t\t\t\t<a id=\"backforunical4958\" href=\"http:\/\/vk.com\/share.php?url=www.fabregat-perulles-sales.com\/actualidad\/wp-json\/wp\/v2\/posts\/4958&title=EL TRIBUNAL DECLARA INCONSTITUCIONAL EL M\u00c9TODO DE C\u00c1LCULO DE LA PLUSVAL\u00cdA MUNICIPAL. ADELANTO DE LA NOTA INFORMATIVA DE LA OFICINA DE PRENSA DEL TC.\"  onclick=\"javascript:void window.open('http:\/\/vk.com\/share.php?url=www.fabregat-perulles-sales.com\/actualidad\/wp-json\/wp\/v2\/posts\/4958&title=EL TRIBUNAL DECLARA INCONSTITUCIONAL EL M\u00c9TODO DE C\u00c1LCULO DE LA PLUSVAL\u00cdA MUNICIPAL. ADELANTO DE LA NOTA INFORMATIVA DE LA OFICINA DE PRENSA DEL TC.','1410949501326','width=700,height=500,toolbar=0,menubar=0,location=0,status=1,scrollbars=1,resizable=1,left=0,top=0');return false;\" style=\"background-position: -270px -120px \"><\/a>\r\n\t\t\t\t\t<\/li>\r\n\t\t\t\t\t\t\t\t\t\t<li class=\"none nobackground \" >\r\n\r\n\t\t\t\t\t\t\t\t\t\t\t\t<a id=\"backforunical4958\" href=\"http:\/\/www.reddit.com\/submit?url=www.fabregat-perulles-sales.com\/actualidad\/wp-json\/wp\/v2\/posts\/4958&title=EL TRIBUNAL DECLARA INCONSTITUCIONAL EL M\u00c9TODO DE C\u00c1LCULO DE LA PLUSVAL\u00cdA MUNICIPAL. ADELANTO DE LA NOTA INFORMATIVA DE LA OFICINA DE PRENSA DEL TC.\"  onclick=\"javascript:void window.open('http:\/\/www.reddit.com\/submit?url=www.fabregat-perulles-sales.com\/actualidad\/wp-json\/wp\/v2\/posts\/4958&title=EL TRIBUNAL DECLARA INCONSTITUCIONAL EL M\u00c9TODO DE C\u00c1LCULO DE LA PLUSVAL\u00cdA MUNICIPAL. ADELANTO DE LA NOTA INFORMATIVA DE LA OFICINA DE PRENSA DEL TC.','1410949501326','width=700,height=500,toolbar=0,menubar=0,location=0,status=1,scrollbars=1,resizable=1,left=0,top=0');return false;\" style=\"background-position: -300px -120px \"><\/a>\r\n\t\t\t\t\t<\/li>\r\n\t\t\t\t\t\t\t\t\t\t<li class=\"none nobackground \" >\r\n\r\n\t\t\t\t\t\t\t\t\t\t\t\t<a id=\"backforunical4958\" href=\"http:\/\/www.bebo.com\/c\/share?Url=www.fabregat-perulles-sales.com\/actualidad\/wp-json\/wp\/v2\/posts\/4958\"  onclick=\"javascript:void window.open('http:\/\/www.bebo.com\/c\/share?Url=www.fabregat-perulles-sales.com\/actualidad\/wp-json\/wp\/v2\/posts\/4958','1410949501326','width=700,height=500,toolbar=0,menubar=0,location=0,status=1,scrollbars=1,resizable=1,left=0,top=0');return false;\" style=\"background-position: -330px -120px \"><\/a>\r\n\t\t\t\t\t<\/li>\r\n\t\t\t\t\t\t\t\t\t\t<li class=\"none nobackground \" >\r\n\r\n\t\t\t\t\t\t\t\t\t\t\t\t<a id=\"backforunical4958\" href=\"https:\/\/delicious.com\/save?v=5&noui&jump=close&url=www.fabregat-perulles-sales.com\/actualidad\/wp-json\/wp\/v2\/posts\/4958&title=EL TRIBUNAL DECLARA INCONSTITUCIONAL EL M\u00c9TODO DE C\u00c1LCULO DE LA PLUSVAL\u00cdA MUNICIPAL. ADELANTO DE LA NOTA INFORMATIVA DE LA OFICINA DE PRENSA DEL TC.\"  onclick=\"javascript:void window.open('https:\/\/delicious.com\/save?v=5&noui&jump=close&url=www.fabregat-perulles-sales.com\/actualidad\/wp-json\/wp\/v2\/posts\/4958&title=EL TRIBUNAL DECLARA INCONSTITUCIONAL EL M\u00c9TODO DE C\u00c1LCULO DE LA PLUSVAL\u00cdA MUNICIPAL. ADELANTO DE LA NOTA INFORMATIVA DE LA OFICINA DE PRENSA DEL TC.','1410949501326','width=700,height=500,toolbar=0,menubar=0,location=0,status=1,scrollbars=1,resizable=1,left=0,top=0');return false;\" style=\"background-position: -360px -120px \"><\/a>\r\n\t\t\t\t\t<\/li>\r\n\t\t\t\t\t\t\t\t\t\t<li class=\"none nobackground \" >\r\n\r\n\t\t\t\t\t\t\t\t\t\t\t\t<a id=\"backforunical4958\" href=\"http:\/\/www.odnoklassniki.ru\/dk?st.cmd=addShare&st.s=2&st.noresize=on&st._surl=www.fabregat-perulles-sales.com\/actualidad\/wp-json\/wp\/v2\/posts\/4958\"  onclick=\"javascript:void window.open('http:\/\/www.odnoklassniki.ru\/dk?st.cmd=addShare&st.s=2&st.noresize=on&st._surl=www.fabregat-perulles-sales.com\/actualidad\/wp-json\/wp\/v2\/posts\/4958','1410949501326','width=700,height=500,toolbar=0,menubar=0,location=0,status=1,scrollbars=1,resizable=1,left=0,top=0');return false;\" style=\"background-position: -390px -120px \"><\/a>\r\n\t\t\t\t\t<\/li>\r\n\t\t\t\t\t\t\t\t\t\t<li class=\"none nobackground \" >\r\n\r\n\t\t\t\t\t\t\t\t\t\t\t\t<a id=\"backforunical4958\" href=\"http:\/\/sns.qzone.qq.com\/cgi-bin\/qzshare\/cgi_qzshare_onekey?url=www.fabregat-perulles-sales.com\/actualidad\/wp-json\/wp\/v2\/posts\/4958&title=EL TRIBUNAL DECLARA INCONSTITUCIONAL EL M\u00c9TODO DE C\u00c1LCULO DE LA PLUSVAL\u00cdA MUNICIPAL. ADELANTO DE LA NOTA INFORMATIVA DE LA OFICINA DE PRENSA DEL TC.\"  onclick=\"javascript:void window.open('http:\/\/sns.qzone.qq.com\/cgi-bin\/qzshare\/cgi_qzshare_onekey?url=www.fabregat-perulles-sales.com\/actualidad\/wp-json\/wp\/v2\/posts\/4958&title=EL TRIBUNAL DECLARA INCONSTITUCIONAL EL M\u00c9TODO DE C\u00c1LCULO DE LA PLUSVAL\u00cdA MUNICIPAL. ADELANTO DE LA NOTA INFORMATIVA DE LA OFICINA DE PRENSA DEL TC.','1410949501326','width=700,height=500,toolbar=0,menubar=0,location=0,status=1,scrollbars=1,resizable=1,left=0,top=0');return false;\" style=\"background-position: -420px -120px \"><\/a>\r\n\t\t\t\t\t<\/li>\r\n\t\t\t\t\t\t\t\t\t\t<li class=\"none nobackground \" >\r\n\r\n\t\t\t\t\t\t\t\t\t\t\t\t<a id=\"backforunical4958\" href=\"http:\/\/service.weibo.com\/share\/share.php?url=www.fabregat-perulles-sales.com\/actualidad\/wp-json\/wp\/v2\/posts\/4958&appkey=&title=EL TRIBUNAL DECLARA INCONSTITUCIONAL EL M\u00c9TODO DE C\u00c1LCULO DE LA PLUSVAL\u00cdA MUNICIPAL. ADELANTO DE LA NOTA INFORMATIVA DE LA OFICINA DE PRENSA DEL TC.&pic=&ralateUid=&\"  onclick=\"javascript:void window.open('http:\/\/service.weibo.com\/share\/share.php?url=www.fabregat-perulles-sales.com\/actualidad\/wp-json\/wp\/v2\/posts\/4958&appkey=&title=EL TRIBUNAL DECLARA INCONSTITUCIONAL EL M\u00c9TODO DE C\u00c1LCULO DE LA PLUSVAL\u00cdA MUNICIPAL. ADELANTO DE LA NOTA INFORMATIVA DE LA OFICINA DE PRENSA DEL TC.&pic=&ralateUid=&','1410949501326','width=700,height=500,toolbar=0,menubar=0,location=0,status=1,scrollbars=1,resizable=1,left=0,top=0');return false;\" style=\"background-position: -450px -120px \"><\/a>\r\n\t\t\t\t\t<\/li>\r\n\t\t\t\t\t\t\t\t\t\t<li class=\"none nobackground \" >\r\n\r\n\t\t\t\t\t\t\t\t\t\t\t\t<a id=\"backforunical4958\" href=\"http:\/\/widget.renren.com\/dialog\/share?resourceUrl=www.fabregat-perulles-sales.com\/actualidad\/wp-json\/wp\/v2\/posts\/4958&srcUrl=www.fabregat-perulles-sales.com\/actualidad\/wp-json\/wp\/v2\/posts\/4958&title=EL TRIBUNAL DECLARA INCONSTITUCIONAL EL M\u00c9TODO DE C\u00c1LCULO DE LA PLUSVAL\u00cdA MUNICIPAL. ADELANTO DE LA NOTA INFORMATIVA DE LA OFICINA DE PRENSA DEL TC.\"  onclick=\"javascript:void window.open('http:\/\/widget.renren.com\/dialog\/share?resourceUrl=www.fabregat-perulles-sales.com\/actualidad\/wp-json\/wp\/v2\/posts\/4958&srcUrl=www.fabregat-perulles-sales.com\/actualidad\/wp-json\/wp\/v2\/posts\/4958&title=EL TRIBUNAL DECLARA INCONSTITUCIONAL EL M\u00c9TODO DE C\u00c1LCULO DE LA PLUSVAL\u00cdA MUNICIPAL. ADELANTO DE LA NOTA INFORMATIVA DE LA OFICINA DE PRENSA DEL TC.','1410949501326','width=700,height=500,toolbar=0,menubar=0,location=0,status=1,scrollbars=1,resizable=1,left=0,top=0');return false;\" style=\"background-position: -480px -120px \"><\/a>\r\n\t\t\t\t\t<\/li>\r\n\t\t\t\t\t\t\t\t\t\t<li class=\"none nobackground \" >\r\n\r\n\t\t\t\t\t\t\t\t\t\t\t\t<a id=\"backforunical4958\" href=\"http:\/\/n4g.com\/tips?url=www.fabregat-perulles-sales.com\/actualidad\/wp-json\/wp\/v2\/posts\/4958&title=EL TRIBUNAL DECLARA INCONSTITUCIONAL EL M\u00c9TODO DE C\u00c1LCULO DE LA PLUSVAL\u00cdA MUNICIPAL. ADELANTO DE LA NOTA INFORMATIVA DE LA OFICINA DE PRENSA DEL TC.\"  onclick=\"javascript:void window.open('http:\/\/n4g.com\/tips?url=www.fabregat-perulles-sales.com\/actualidad\/wp-json\/wp\/v2\/posts\/4958&title=EL TRIBUNAL DECLARA INCONSTITUCIONAL EL M\u00c9TODO DE C\u00c1LCULO DE LA PLUSVAL\u00cdA MUNICIPAL. ADELANTO DE LA NOTA INFORMATIVA DE LA OFICINA DE PRENSA DEL TC.','1410949501326','width=700,height=500,toolbar=0,menubar=0,location=0,status=1,scrollbars=1,resizable=1,left=0,top=0');return false;\" style=\"background-position: -510px -120px \"><\/a>\r\n\t\t\t\t\t<\/li>\r\n\t\t\t\t\t\t\t\t<\/ul>\r\n\t\t\t<div class=\"clear\"><\/div>\r\n\t\t<\/div>\r\n\t\t","protected":false},"excerpt":{"rendered":"<p>La Sentencia, cuyo texto se espera sea publicado en los pr\u00f3ximos d\u00edas, considera que son inconstitucionales y nulos determinados art\u00edculos del texto refundido de la Ley reguladora de las haciendas locales (RD Legislativo 2\/2004, de 5 de marzo), porque establecen un m\u00e9todo objetivo de determinaci\u00f3n de la base imponible del Impuesto sobre el Incremento del\u2026 <span class=\"read-more\"><a href=\"https:\/\/www.fabregat-perulles-sales.com\/actualidad\/el-tribunal-declara-inconstitucional-el-metodo-de-calculo-de-la-plusvalia-municipal-adelanto-de-la-nota-informativa-de-la-oficina-de-prensa-del-tc\/\">Read More &raquo;<\/a><\/span><\/p>\n","protected":false},"author":3,"featured_media":0,"comment_status":"open","ping_status":"closed","sticky":false,"template":"","format":"standard","meta":[],"categories":[457,1887],"tags":[],"yoast_head":"<!-- This site is optimized with the Yoast SEO plugin v20.2.1 - https:\/\/yoast.com\/wordpress\/plugins\/seo\/ -->\n<title>C\u00c1LCULO DE LA PLUSVAL\u00cdA MUNICIPAL<\/title>\n<meta name=\"description\" content=\"EL TRIBUNAL DECLARA INCONSTITUCIONAL EL M\u00c9TODO DE C\u00c1LCULO DE LA PLUSVAL\u00cdA MUNICIPAL. ADELANTO DE LA NOTA INFORMATIVA DE LA OFICINA DE PRENSA DEL TC.\" \/>\n<meta name=\"robots\" content=\"index, follow, max-snippet:-1, max-image-preview:large, max-video-preview:-1\" \/>\n<link rel=\"canonical\" href=\"https:\/\/www.fabregat-perulles-sales.com\/actualidad\/el-tribunal-declara-inconstitucional-el-metodo-de-calculo-de-la-plusvalia-municipal-adelanto-de-la-nota-informativa-de-la-oficina-de-prensa-del-tc\/\" \/>\n<meta property=\"og:locale\" content=\"en_US\" \/>\n<meta property=\"og:type\" content=\"article\" \/>\n<meta property=\"og:title\" content=\"C\u00c1LCULO DE LA PLUSVAL\u00cdA MUNICIPAL\" \/>\n<meta property=\"og:description\" content=\"EL TRIBUNAL DECLARA INCONSTITUCIONAL EL M\u00c9TODO DE C\u00c1LCULO DE LA PLUSVAL\u00cdA MUNICIPAL. ADELANTO DE LA NOTA INFORMATIVA DE LA OFICINA DE PRENSA DEL TC.\" \/>\n<meta property=\"og:url\" content=\"https:\/\/www.fabregat-perulles-sales.com\/actualidad\/el-tribunal-declara-inconstitucional-el-metodo-de-calculo-de-la-plusvalia-municipal-adelanto-de-la-nota-informativa-de-la-oficina-de-prensa-del-tc\/\" \/>\n<meta property=\"og:site_name\" content=\"International Lawyers\" \/>\n<meta property=\"article:published_time\" content=\"2021-10-27T16:15:43+00:00\" \/>\n<meta property=\"article:modified_time\" content=\"2021-10-28T08:21:59+00:00\" \/>\n<meta name=\"author\" content=\"Victor\" \/>\n<meta name=\"twitter:card\" content=\"summary_large_image\" \/>\n<meta name=\"twitter:label1\" content=\"Written by\" \/>\n\t<meta name=\"twitter:data1\" content=\"Victor\" \/>\n\t<meta name=\"twitter:label2\" content=\"Est. reading time\" \/>\n\t<meta name=\"twitter:data2\" content=\"1 minute\" \/>\n<script type=\"application\/ld+json\" class=\"yoast-schema-graph\">{\"@context\":\"https:\/\/schema.org\",\"@graph\":[{\"@type\":\"WebPage\",\"@id\":\"https:\/\/www.fabregat-perulles-sales.com\/actualidad\/el-tribunal-declara-inconstitucional-el-metodo-de-calculo-de-la-plusvalia-municipal-adelanto-de-la-nota-informativa-de-la-oficina-de-prensa-del-tc\/\",\"url\":\"https:\/\/www.fabregat-perulles-sales.com\/actualidad\/el-tribunal-declara-inconstitucional-el-metodo-de-calculo-de-la-plusvalia-municipal-adelanto-de-la-nota-informativa-de-la-oficina-de-prensa-del-tc\/\",\"name\":\"C\u00c1LCULO DE LA PLUSVAL\u00cdA MUNICIPAL\",\"isPartOf\":{\"@id\":\"https:\/\/www.fabregat-perulles-sales.com\/actualidad\/#website\"},\"datePublished\":\"2021-10-27T16:15:43+00:00\",\"dateModified\":\"2021-10-28T08:21:59+00:00\",\"author\":{\"@id\":\"https:\/\/www.fabregat-perulles-sales.com\/actualidad\/#\/schema\/person\/cabc1d68c7778f01d5e069c2d98442e3\"},\"description\":\"EL TRIBUNAL DECLARA INCONSTITUCIONAL EL M\u00c9TODO DE C\u00c1LCULO DE LA PLUSVAL\u00cdA MUNICIPAL. ADELANTO DE LA NOTA INFORMATIVA DE LA OFICINA DE PRENSA DEL TC.\",\"breadcrumb\":{\"@id\":\"https:\/\/www.fabregat-perulles-sales.com\/actualidad\/el-tribunal-declara-inconstitucional-el-metodo-de-calculo-de-la-plusvalia-municipal-adelanto-de-la-nota-informativa-de-la-oficina-de-prensa-del-tc\/#breadcrumb\"},\"inLanguage\":\"en-US\",\"potentialAction\":[{\"@type\":\"ReadAction\",\"target\":[\"https:\/\/www.fabregat-perulles-sales.com\/actualidad\/el-tribunal-declara-inconstitucional-el-metodo-de-calculo-de-la-plusvalia-municipal-adelanto-de-la-nota-informativa-de-la-oficina-de-prensa-del-tc\/\"]}]},{\"@type\":\"BreadcrumbList\",\"@id\":\"https:\/\/www.fabregat-perulles-sales.com\/actualidad\/el-tribunal-declara-inconstitucional-el-metodo-de-calculo-de-la-plusvalia-municipal-adelanto-de-la-nota-informativa-de-la-oficina-de-prensa-del-tc\/#breadcrumb\",\"itemListElement\":[{\"@type\":\"ListItem\",\"position\":1,\"name\":\"Home\",\"item\":\"https:\/\/www.fabregat-perulles-sales.com\/actualidad\/\"},{\"@type\":\"ListItem\",\"position\":2,\"name\":\"EL TRIBUNAL DECLARA INCONSTITUCIONAL EL M\u00c9TODO DE C\u00c1LCULO DE LA PLUSVAL\u00cdA MUNICIPAL. ADELANTO DE LA NOTA INFORMATIVA DE LA OFICINA DE PRENSA DEL TC.\"}]},{\"@type\":\"WebSite\",\"@id\":\"https:\/\/www.fabregat-perulles-sales.com\/actualidad\/#website\",\"url\":\"https:\/\/www.fabregat-perulles-sales.com\/actualidad\/\",\"name\":\"www.fabregat-perulles-sales.com\",\"description\":\"Fabregat Perulles Sales Abogados is a law firm of reference international market in the Spanish-German, Spanish-French, and Spanish-Italian. Is one of the first firms in Barcelona offering a Russian Desk.\",\"potentialAction\":[{\"@type\":\"SearchAction\",\"target\":{\"@type\":\"EntryPoint\",\"urlTemplate\":\"https:\/\/www.fabregat-perulles-sales.com\/actualidad\/?s={search_term_string}\"},\"query-input\":\"required name=search_term_string\"}],\"inLanguage\":\"en-US\"},{\"@type\":\"Person\",\"@id\":\"https:\/\/www.fabregat-perulles-sales.com\/actualidad\/#\/schema\/person\/cabc1d68c7778f01d5e069c2d98442e3\",\"name\":\"Victor\",\"image\":{\"@type\":\"ImageObject\",\"inLanguage\":\"en-US\",\"@id\":\"https:\/\/www.fabregat-perulles-sales.com\/actualidad\/#\/schema\/person\/image\/\",\"url\":\"https:\/\/secure.gravatar.com\/avatar\/756cb666a964d2960ffe307b8a53b271?s=96&d=mm&r=g\",\"contentUrl\":\"https:\/\/secure.gravatar.com\/avatar\/756cb666a964d2960ffe307b8a53b271?s=96&d=mm&r=g\",\"caption\":\"Victor\"},\"sameAs\":[\"http:\/\/www.fabregat-perulles-sales.com\"],\"url\":\"https:\/\/www.fabregat-perulles-sales.com\/actualidad\/author\/victor\/\"}]}<\/script>\n<!-- \/ Yoast SEO plugin. -->","yoast_head_json":{"title":"C\u00c1LCULO DE LA PLUSVAL\u00cdA MUNICIPAL","description":"EL TRIBUNAL DECLARA INCONSTITUCIONAL EL M\u00c9TODO DE C\u00c1LCULO DE LA PLUSVAL\u00cdA MUNICIPAL. ADELANTO DE LA NOTA INFORMATIVA DE LA OFICINA DE PRENSA DEL TC.","robots":{"index":"index","follow":"follow","max-snippet":"max-snippet:-1","max-image-preview":"max-image-preview:large","max-video-preview":"max-video-preview:-1"},"canonical":"https:\/\/www.fabregat-perulles-sales.com\/actualidad\/el-tribunal-declara-inconstitucional-el-metodo-de-calculo-de-la-plusvalia-municipal-adelanto-de-la-nota-informativa-de-la-oficina-de-prensa-del-tc\/","og_locale":"en_US","og_type":"article","og_title":"C\u00c1LCULO DE LA PLUSVAL\u00cdA MUNICIPAL","og_description":"EL TRIBUNAL DECLARA INCONSTITUCIONAL EL M\u00c9TODO DE C\u00c1LCULO DE LA PLUSVAL\u00cdA MUNICIPAL. ADELANTO DE LA NOTA INFORMATIVA DE LA OFICINA DE PRENSA DEL TC.","og_url":"https:\/\/www.fabregat-perulles-sales.com\/actualidad\/el-tribunal-declara-inconstitucional-el-metodo-de-calculo-de-la-plusvalia-municipal-adelanto-de-la-nota-informativa-de-la-oficina-de-prensa-del-tc\/","og_site_name":"International Lawyers","article_published_time":"2021-10-27T16:15:43+00:00","article_modified_time":"2021-10-28T08:21:59+00:00","author":"Victor","twitter_card":"summary_large_image","twitter_misc":{"Written by":"Victor","Est. reading time":"1 minute"},"schema":{"@context":"https:\/\/schema.org","@graph":[{"@type":"WebPage","@id":"https:\/\/www.fabregat-perulles-sales.com\/actualidad\/el-tribunal-declara-inconstitucional-el-metodo-de-calculo-de-la-plusvalia-municipal-adelanto-de-la-nota-informativa-de-la-oficina-de-prensa-del-tc\/","url":"https:\/\/www.fabregat-perulles-sales.com\/actualidad\/el-tribunal-declara-inconstitucional-el-metodo-de-calculo-de-la-plusvalia-municipal-adelanto-de-la-nota-informativa-de-la-oficina-de-prensa-del-tc\/","name":"C\u00c1LCULO DE LA PLUSVAL\u00cdA MUNICIPAL","isPartOf":{"@id":"https:\/\/www.fabregat-perulles-sales.com\/actualidad\/#website"},"datePublished":"2021-10-27T16:15:43+00:00","dateModified":"2021-10-28T08:21:59+00:00","author":{"@id":"https:\/\/www.fabregat-perulles-sales.com\/actualidad\/#\/schema\/person\/cabc1d68c7778f01d5e069c2d98442e3"},"description":"EL TRIBUNAL DECLARA INCONSTITUCIONAL EL M\u00c9TODO DE C\u00c1LCULO DE LA PLUSVAL\u00cdA MUNICIPAL. ADELANTO DE LA NOTA INFORMATIVA DE LA OFICINA DE PRENSA DEL TC.","breadcrumb":{"@id":"https:\/\/www.fabregat-perulles-sales.com\/actualidad\/el-tribunal-declara-inconstitucional-el-metodo-de-calculo-de-la-plusvalia-municipal-adelanto-de-la-nota-informativa-de-la-oficina-de-prensa-del-tc\/#breadcrumb"},"inLanguage":"en-US","potentialAction":[{"@type":"ReadAction","target":["https:\/\/www.fabregat-perulles-sales.com\/actualidad\/el-tribunal-declara-inconstitucional-el-metodo-de-calculo-de-la-plusvalia-municipal-adelanto-de-la-nota-informativa-de-la-oficina-de-prensa-del-tc\/"]}]},{"@type":"BreadcrumbList","@id":"https:\/\/www.fabregat-perulles-sales.com\/actualidad\/el-tribunal-declara-inconstitucional-el-metodo-de-calculo-de-la-plusvalia-municipal-adelanto-de-la-nota-informativa-de-la-oficina-de-prensa-del-tc\/#breadcrumb","itemListElement":[{"@type":"ListItem","position":1,"name":"Home","item":"https:\/\/www.fabregat-perulles-sales.com\/actualidad\/"},{"@type":"ListItem","position":2,"name":"EL TRIBUNAL DECLARA INCONSTITUCIONAL EL M\u00c9TODO DE C\u00c1LCULO DE LA PLUSVAL\u00cdA MUNICIPAL. ADELANTO DE LA NOTA INFORMATIVA DE LA OFICINA DE PRENSA DEL TC."}]},{"@type":"WebSite","@id":"https:\/\/www.fabregat-perulles-sales.com\/actualidad\/#website","url":"https:\/\/www.fabregat-perulles-sales.com\/actualidad\/","name":"www.fabregat-perulles-sales.com","description":"Fabregat Perulles Sales Abogados is a law firm of reference international market in the Spanish-German, Spanish-French, and Spanish-Italian. Is one of the first firms in Barcelona offering a Russian Desk.","potentialAction":[{"@type":"SearchAction","target":{"@type":"EntryPoint","urlTemplate":"https:\/\/www.fabregat-perulles-sales.com\/actualidad\/?s={search_term_string}"},"query-input":"required name=search_term_string"}],"inLanguage":"en-US"},{"@type":"Person","@id":"https:\/\/www.fabregat-perulles-sales.com\/actualidad\/#\/schema\/person\/cabc1d68c7778f01d5e069c2d98442e3","name":"Victor","image":{"@type":"ImageObject","inLanguage":"en-US","@id":"https:\/\/www.fabregat-perulles-sales.com\/actualidad\/#\/schema\/person\/image\/","url":"https:\/\/secure.gravatar.com\/avatar\/756cb666a964d2960ffe307b8a53b271?s=96&d=mm&r=g","contentUrl":"https:\/\/secure.gravatar.com\/avatar\/756cb666a964d2960ffe307b8a53b271?s=96&d=mm&r=g","caption":"Victor"},"sameAs":["http:\/\/www.fabregat-perulles-sales.com"],"url":"https:\/\/www.fabregat-perulles-sales.com\/actualidad\/author\/victor\/"}]}},"amp_enabled":true,"_links":{"self":[{"href":"https:\/\/www.fabregat-perulles-sales.com\/actualidad\/wp-json\/wp\/v2\/posts\/4958"}],"collection":[{"href":"https:\/\/www.fabregat-perulles-sales.com\/actualidad\/wp-json\/wp\/v2\/posts"}],"about":[{"href":"https:\/\/www.fabregat-perulles-sales.com\/actualidad\/wp-json\/wp\/v2\/types\/post"}],"author":[{"embeddable":true,"href":"https:\/\/www.fabregat-perulles-sales.com\/actualidad\/wp-json\/wp\/v2\/users\/3"}],"replies":[{"embeddable":true,"href":"https:\/\/www.fabregat-perulles-sales.com\/actualidad\/wp-json\/wp\/v2\/comments?post=4958"}],"version-history":[{"count":1,"href":"https:\/\/www.fabregat-perulles-sales.com\/actualidad\/wp-json\/wp\/v2\/posts\/4958\/revisions"}],"predecessor-version":[{"id":4960,"href":"https:\/\/www.fabregat-perulles-sales.com\/actualidad\/wp-json\/wp\/v2\/posts\/4958\/revisions\/4960"}],"wp:attachment":[{"href":"https:\/\/www.fabregat-perulles-sales.com\/actualidad\/wp-json\/wp\/v2\/media?parent=4958"}],"wp:term":[{"taxonomy":"category","embeddable":true,"href":"https:\/\/www.fabregat-perulles-sales.com\/actualidad\/wp-json\/wp\/v2\/categories?post=4958"},{"taxonomy":"post_tag","embeddable":true,"href":"https:\/\/www.fabregat-perulles-sales.com\/actualidad\/wp-json\/wp\/v2\/tags?post=4958"}],"curies":[{"name":"wp","href":"https:\/\/api.w.org\/{rel}","templated":true}]}}