{"id":4948,"date":"2021-10-08T13:35:48","date_gmt":"2021-10-08T12:35:48","guid":{"rendered":"https:\/\/www.fabregat-perulles-sales.com\/actualidad\/?p=4948"},"modified":"2021-10-26T08:04:07","modified_gmt":"2021-10-26T07:04:07","slug":"novedades-sobre-la-declaracion-del-municipio-de-barcelona-como-area-de-mercado-de-vivienda-tenso","status":"publish","type":"post","link":"https:\/\/www.fabregat-perulles-sales.com\/actualidad\/novedades-sobre-la-declaracion-del-municipio-de-barcelona-como-area-de-mercado-de-vivienda-tenso\/","title":{"rendered":"Novedades sobre la declaraci\u00f3n del municipio de Barcelona como \u00e1rea de mercado de vivienda tenso"},"content":{"rendered":"<p><img decoding=\"async\" loading=\"lazy\" class=\"aligncenter size-full wp-image-4950\" src=\"https:\/\/www.fabregat-perulles-sales.com\/actualidad\/wp-content\/uploads\/2021\/10\/BCn-declaraci\u00f3n-mercando-tenso-1.jpg\" alt=\"\" width=\"1280\" height=\"851\" srcset=\"https:\/\/www.fabregat-perulles-sales.com\/actualidad\/wp-content\/uploads\/2021\/10\/BCn-declaraci\u00f3n-mercando-tenso-1.jpg 1280w, https:\/\/www.fabregat-perulles-sales.com\/actualidad\/wp-content\/uploads\/2021\/10\/BCn-declaraci\u00f3n-mercando-tenso-1-300x199.jpg 300w, https:\/\/www.fabregat-perulles-sales.com\/actualidad\/wp-content\/uploads\/2021\/10\/BCn-declaraci\u00f3n-mercando-tenso-1-768x511.jpg 768w, https:\/\/www.fabregat-perulles-sales.com\/actualidad\/wp-content\/uploads\/2021\/10\/BCn-declaraci\u00f3n-mercando-tenso-1-1024x681.jpg 1024w, https:\/\/www.fabregat-perulles-sales.com\/actualidad\/wp-content\/uploads\/2021\/10\/BCn-declaraci\u00f3n-mercando-tenso-1-660x439.jpg 660w\" sizes=\"(max-width: 1280px) 100vw, 1280px\" \/><\/p>\n<p><strong>LA LEY (CATALANA) DE CONTENCI\u00d3N DE RENTAS SE SEGUIR\u00c1 APLICANDO EN BARCELONA<\/strong><\/p>\n<p>El Plenario del Consejo Municipal del Ayuntamiento de Barcelona, en su sesi\u00f3n de 15 de\u00a0septiembre de 2021, acord\u00f3 declarar el municipio de Barcelona como \u00e1rea de mercado de vivienda tenso. Dicha declaraci\u00f3n entr\u00f3 en vigor el pasado 21 de septiembre de 2021.<\/p>\n<p>Mediante dicha Declaraci\u00f3n, el Ayuntamiento de Barcelona:<\/p>\n<ul>\n<li>Extiende los efectos de la Ley (Cat) 11\/2020, de 18 de septiembre, de medidas urgentes en materia de contenci\u00f3n de rentas en los contratos de arrendamiento de vivienda por <strong>plazo de otros cinco a\u00f1os, con posibilidad de pr\u00f3rroga<\/strong> -t\u00e9ngase en cuenta que dicha Ley establec\u00eda un horizonte temporal de aplicaci\u00f3n de 1 a\u00f1o que venc\u00eda, precisamente, el 21 de septiembre de 2021, de modo que los 61 municipios entonces declarados ya como \u00e1reas de mercado tensionado, deb\u00edan impulsar una nueva declaraci\u00f3n, como as\u00ed ha hecho el Ayuntamiento de Barcelona, para poder seguir aplicando dicha Ley.<\/li>\n<li>Aplica una minoraci\u00f3n del 5% sobre el Precio de Referencia.<\/li>\n<li>Incluye en el \u00e1mbito de aplicaci\u00f3n de la citada Ley, las viviendas de m\u00e1s de 150 m2.<\/li>\n<\/ul>\n<p>A fecha de hoy, el Tribunal Constitucional ha admitido a tr\u00e1mite los diversos recursos de inconstitucionalidad m\u00e1s no ha resuelto todav\u00eda el Fallo.<\/p>\n<p class=\"x_MsoNormal\">Si est\u00e1s interesado \/ a en saber m\u00e1s sobre Barcelona como \u00e1rea de mercado de vivienda tenso, contacta con nosotros\u00a0<span style=\"color: #0000ff;\"><strong><a style=\"color: #0000ff;\" href=\"https:\/\/www.fabregat-perulles-sales.com\/abogados-es\/contacto-contactenos\" target=\"_blank\" rel=\"noopener noreferrer\">aqu\u00ed<\/a><\/strong><\/span>\u00a0.<strong>\u00a0<\/strong><\/p>\n<p class=\"x_MsoNormal\">En\u00a0\u00a0<span style=\"color: #0000ff;\"><strong><a style=\"color: #0000ff;\" href=\"http:\/\/www.fabregat-perulles-sales.com\/actualidad\/\" target=\"_blank\" rel=\"noopener noreferrer\">Fabregat Perulles Sales<\/a><\/strong>\u00a0<\/span>\u00a0te asesoramos.<\/p>\n<p><em><strong>\u201cEste documento tiene como prop\u00f3sito exclusivo la divulgaci\u00f3n de su contenido. No constituye asesoramiento de ning\u00fan tipo y, por tanto, no puede considerarse como tal ni debe servir de base para la toma de decisiones.\u201d<\/strong><\/em><\/p>\n\r\n\t\t<style>\r\n\t\t\t.huge-it-share-buttons {\r\n\t\t\t\tborder:0px solid #0FB5D6;\r\n\t\t\t\tborder-radius:5px;\r\n\t\t\t\tbackground:#3BD8FF;\r\n\t\t\t text-align:left; \t\t\t\t\t\t\t\t\t}\r\n\r\n\t\t\t#huge-it-share-buttons-top {margin-bottom:0px;}\r\n\t\t\t#huge-it-share-buttons-bottom {margin-top:0px;}\r\n\r\n\t\t\t.huge-it-share-buttons h3 {\r\n\t\t\t\tfont-size:25px ;\r\n\t\t\t\tfont-family:Arial,Helvetica Neue,Helvetica,sans-serif;\r\n\t\t\t\tcolor:#666666;\r\n\r\n\t\t\tdisplay:block;\t\t\t\tline-height:25px ;\r\n\r\n\t\t\t text-align:left; \t\t\t\t\t\t\t\t\t}\r\n\r\n\t\t\t.huge-it-share-buttons ul {\r\n\t\t\t float:left; \t\t\t\t\t\t\t\t\t}\r\n\r\n\t\t\t.huge-it-share-buttons ul li {\r\n\t\t\t\tmargin-left:3px;\r\n\t\t\t\tmargin-right:3px;\r\n\t\t\t\tpadding:0px;\r\n\t\t\t\tborder:0px ridge #E6354C;\r\n\t\t\t\tborder-radius:11px;\r\n\t\t\t\tbackground-color:#14CC9B;\r\n\t\t\t}\r\n\r\n\t\t\t.huge-it-share-buttons ul li #backforunical4948 {\r\n\t\t\t\tborder-bottom: 0;\r\n\t\t\t\tbackground-image:url('https:\/\/www.fabregat-perulles-sales.com\/actualidad\/wp-content\/plugins\/wp-share-buttons\/Front_end\/..\/images\/buttons.30.png');\r\n\t\t\t\twidth:30px;\r\n\t\t\t\theight:30px;\r\n\t\t\t}\r\n\r\n\t\t\t.front-shares-count {\r\n\t\t\t\tposition: absolute;\r\n\t\t\t\ttext-align: center;\r\n\t\t\t\tdisplay: block;\r\n\t\t\t}\r\n\r\n\t\t\t.shares_size20 .front-shares-count {\r\n\t\t\t\tfont-size: 10px;\r\n\t\t\t\ttop: 10px;\r\n\t\t\t\twidth: 20px;\r\n\t\t\t}\r\n\r\n\t\t\t.shares_size30 .front-shares-count {\r\n\t\t\t\tfont-size: 11px;\r\n\t\t\t\ttop: 15px;\r\n\t\t\t\twidth: 30px;\r\n\t\t\t}\r\n\r\n\t\t\t.shares_size40 .front-shares-count {\r\n\t\t\t\tfont-size: 12px;\r\n\t\t\t\ttop: 21px;\r\n\t\t\t\twidth: 40px;\r\n\t\t\t}\r\n\t\t<\/style>\r\n\t\t\r\n\t\t<div id=\"huge-it-share-buttons-top\" class=\"huge-it-share-buttons nobackground\">\r\n\t\t\t<h3>Share This:<\/h3>\r\n\t\t\t<ul class=\"huge-it-share-buttons-list \">\r\n\t\t\t\t\t\t\t\t\t<li class=\"nobackground \" >\r\n\r\n\t\t\t\t\t\t\t\t\t\t\t\t<a id=\"backforunical4948\" href=\"https:\/\/www.facebook.com\/sharer\/sharer.php?u=www.fabregat-perulles-sales.com\/actualidad\/wp-json\/wp\/v2\/posts\/4948\"  onclick=\"javascript:void window.open('https:\/\/www.facebook.com\/sharer\/sharer.php?u=www.fabregat-perulles-sales.com\/actualidad\/wp-json\/wp\/v2\/posts\/4948','1410949501326','width=700,height=500,toolbar=0,menubar=0,location=0,status=1,scrollbars=1,resizable=1,left=0,top=0');return false;\" style=\"background-position: -0px -120px \"><\/a>\r\n\t\t\t\t\t<\/li>\r\n\t\t\t\t\t\t\t\t\t\t<li class=\"nobackground \" >\r\n\r\n\t\t\t\t\t\t\t\t\t\t\t\t<a id=\"backforunical4948\" href=\"https:\/\/twitter.com\/share?status=www.fabregat-perulles-sales.com\/actualidad\/wp-json\/wp\/v2\/posts\/4948&text=Novedades sobre la declaraci\u00f3n del municipio de Barcelona como \u00e1rea de mercado de vivienda tenso\"  onclick=\"javascript:void window.open('https:\/\/twitter.com\/share?status=www.fabregat-perulles-sales.com\/actualidad\/wp-json\/wp\/v2\/posts\/4948&text=Novedades sobre la declaraci\u00f3n del municipio de Barcelona como \u00e1rea de mercado de vivienda tenso','1410949501326','width=700,height=500,toolbar=0,menubar=0,location=0,status=1,scrollbars=1,resizable=1,left=0,top=0');return false;\" style=\"background-position: -30px -120px \"><\/a>\r\n\t\t\t\t\t<\/li>\r\n\t\t\t\t\t\t\t\t\t\t<li class=\"none nobackground \" >\r\n\r\n\t\t\t\t\t\t\t\t\t\t\t\t<a id=\"backforunical4948\" href=\"http:\/\/www.pinterest.com\/pin\/create\/button\/?url=www.fabregat-perulles-sales.com\/actualidad\/wp-json\/wp\/v2\/posts\/4948&media=https:\/\/www.fabregat-perulles-sales.com\/actualidad\/wp-content\/plugins\/wp-share-buttons\/Front_end\/..\/images\/noimage.png&description=Novedades sobre la declaraci\u00f3n del municipio de Barcelona como \u00e1rea de mercado de vivienda tenso\"  onclick=\"javascript:void window.open('http:\/\/www.pinterest.com\/pin\/create\/button\/?url=www.fabregat-perulles-sales.com\/actualidad\/wp-json\/wp\/v2\/posts\/4948&media=https:\/\/www.fabregat-perulles-sales.com\/actualidad\/wp-content\/plugins\/wp-share-buttons\/Front_end\/..\/images\/noimage.png&description=Novedades sobre la declaraci\u00f3n del municipio de Barcelona como \u00e1rea de mercado de vivienda tenso','1410949501326','width=700,height=500,toolbar=0,menubar=0,location=0,status=1,scrollbars=1,resizable=1,left=0,top=0');return false;\" style=\"background-position: -60px -120px \"><\/a>\r\n\t\t\t\t\t<\/li>\r\n\t\t\t\t\t\t\t\t\t\t<li class=\"none nobackground \" >\r\n\r\n\t\t\t\t\t\t\t\t\t\t\t\t<a id=\"backforunical4948\" href=\"https:\/\/plus.google.com\/share?url=www.fabregat-perulles-sales.com\/actualidad\/wp-json\/wp\/v2\/posts\/4948\"  onclick=\"javascript:void window.open('https:\/\/plus.google.com\/share?url=www.fabregat-perulles-sales.com\/actualidad\/wp-json\/wp\/v2\/posts\/4948','1410949501326','width=700,height=500,toolbar=0,menubar=0,location=0,status=1,scrollbars=1,resizable=1,left=0,top=0');return false;\" style=\"background-position: -90px -120px \"><\/a>\r\n\t\t\t\t\t<\/li>\r\n\t\t\t\t\t\t\t\t\t\t<li class=\"nobackground \" >\r\n\r\n\t\t\t\t\t\t\t\t\t\t\t\t<a id=\"backforunical4948\" href=\"https:\/\/www.linkedin.com\/shareArticle?title=Novedades sobre la declaraci\u00f3n del municipio de Barcelona como \u00e1rea de mercado de vivienda tenso&mini=true&url=https:\/\/www.fabregat-perulles-sales.com\/actualidad\/wp-json\/wp\/v2\/posts\/4948\"  onclick=\"javascript:void window.open('https:\/\/www.linkedin.com\/shareArticle?title=Novedades sobre la declaraci\u00f3n del municipio de Barcelona como \u00e1rea de mercado de vivienda tenso&mini=true&url=https:\/\/www.fabregat-perulles-sales.com\/actualidad\/wp-json\/wp\/v2\/posts\/4948','1410949501326','width=700,height=500,toolbar=0,menubar=0,location=0,status=1,scrollbars=1,resizable=1,left=0,top=0');return false;\" style=\"background-position: -120px -120px \"><\/a>\r\n\t\t\t\t\t<\/li>\r\n\t\t\t\t\t\t\t\t\t\t<li class=\"none nobackground \" >\r\n\r\n\t\t\t\t\t\t\t\t\t\t\t\t<a id=\"backforunical4948\" href=\"https:\/\/www.tumblr.com\/share\/link?url=www.fabregat-perulles-sales.com\/actualidad\/wp-json\/wp\/v2\/posts\/4948&name=Novedades sobre la declaraci\u00f3n del municipio de Barcelona como \u00e1rea de mercado de vivienda tenso\"  onclick=\"javascript:void window.open('https:\/\/www.tumblr.com\/share\/link?url=www.fabregat-perulles-sales.com\/actualidad\/wp-json\/wp\/v2\/posts\/4948&name=Novedades sobre la declaraci\u00f3n del municipio de Barcelona como \u00e1rea de mercado de vivienda tenso','1410949501326','width=700,height=500,toolbar=0,menubar=0,location=0,status=1,scrollbars=1,resizable=1,left=0,top=0');return false;\" style=\"background-position: -150px -120px \"><\/a>\r\n\t\t\t\t\t<\/li>\r\n\t\t\t\t\t\t\t\t\t\t<li class=\"none nobackground \" >\r\n\r\n\t\t\t\t\t\t\t\t\t\t\t\t<a id=\"backforunical4948\" href=\"http:\/\/digg.com\/submit?phase=2&url=www.fabregat-perulles-sales.com\/actualidad\/wp-json\/wp\/v2\/posts\/4948&title=Novedades sobre la declaraci\u00f3n del municipio de Barcelona como \u00e1rea de mercado de vivienda tenso\"  onclick=\"javascript:void window.open('http:\/\/digg.com\/submit?phase=2&url=www.fabregat-perulles-sales.com\/actualidad\/wp-json\/wp\/v2\/posts\/4948&title=Novedades sobre la declaraci\u00f3n del municipio de Barcelona como \u00e1rea de mercado de vivienda tenso','1410949501326','width=700,height=500,toolbar=0,menubar=0,location=0,status=1,scrollbars=1,resizable=1,left=0,top=0');return false;\" style=\"background-position: -180px -120px \"><\/a>\r\n\t\t\t\t\t<\/li>\r\n\t\t\t\t\t\t\t\t\t\t<li class=\"none nobackground \" >\r\n\r\n\t\t\t\t\t\t\t\t\t\t\t\t<a id=\"backforunical4948\" href=\"http:\/\/www.stumbleupon.com\/submit?url=www.fabregat-perulles-sales.com\/actualidad\/wp-json\/wp\/v2\/posts\/4948&title=Novedades sobre la declaraci\u00f3n del municipio de Barcelona como \u00e1rea de mercado de vivienda tenso\"  onclick=\"javascript:void window.open('http:\/\/www.stumbleupon.com\/submit?url=www.fabregat-perulles-sales.com\/actualidad\/wp-json\/wp\/v2\/posts\/4948&title=Novedades sobre la declaraci\u00f3n del municipio de Barcelona como \u00e1rea de mercado de vivienda tenso','1410949501326','width=700,height=500,toolbar=0,menubar=0,location=0,status=1,scrollbars=1,resizable=1,left=0,top=0');return false;\" style=\"background-position: -210px -120px \"><\/a>\r\n\t\t\t\t\t<\/li>\r\n\t\t\t\t\t\t\t\t\t\t<li class=\"none nobackground \" >\r\n\r\n\t\t\t\t\t\t\t\t\t\t\t\t<a id=\"backforunical4948\" href=\"https:\/\/myspace.com\/post?l=3&u=www.fabregat-perulles-sales.com\/actualidad\/wp-json\/wp\/v2\/posts\/4948\"  onclick=\"javascript:void window.open('https:\/\/myspace.com\/post?l=3&u=www.fabregat-perulles-sales.com\/actualidad\/wp-json\/wp\/v2\/posts\/4948','1410949501326','width=700,height=500,toolbar=0,menubar=0,location=0,status=1,scrollbars=1,resizable=1,left=0,top=0');return false;\" style=\"background-position: -240px -120px \"><\/a>\r\n\t\t\t\t\t<\/li>\r\n\t\t\t\t\t\t\t\t\t\t<li class=\"nobackground \" >\r\n\r\n\t\t\t\t\t\t\t\t\t\t\t\t<a id=\"backforunical4948\" href=\"http:\/\/vk.com\/share.php?url=www.fabregat-perulles-sales.com\/actualidad\/wp-json\/wp\/v2\/posts\/4948&title=Novedades sobre la declaraci\u00f3n del municipio de Barcelona como \u00e1rea de mercado de vivienda tenso\"  onclick=\"javascript:void window.open('http:\/\/vk.com\/share.php?url=www.fabregat-perulles-sales.com\/actualidad\/wp-json\/wp\/v2\/posts\/4948&title=Novedades sobre la declaraci\u00f3n del municipio de Barcelona como \u00e1rea de mercado de vivienda tenso','1410949501326','width=700,height=500,toolbar=0,menubar=0,location=0,status=1,scrollbars=1,resizable=1,left=0,top=0');return false;\" style=\"background-position: -270px -120px \"><\/a>\r\n\t\t\t\t\t<\/li>\r\n\t\t\t\t\t\t\t\t\t\t<li class=\"none nobackground \" >\r\n\r\n\t\t\t\t\t\t\t\t\t\t\t\t<a id=\"backforunical4948\" href=\"http:\/\/www.reddit.com\/submit?url=www.fabregat-perulles-sales.com\/actualidad\/wp-json\/wp\/v2\/posts\/4948&title=Novedades sobre la declaraci\u00f3n del municipio de Barcelona como \u00e1rea de mercado de vivienda tenso\"  onclick=\"javascript:void window.open('http:\/\/www.reddit.com\/submit?url=www.fabregat-perulles-sales.com\/actualidad\/wp-json\/wp\/v2\/posts\/4948&title=Novedades sobre la declaraci\u00f3n del municipio de Barcelona como \u00e1rea de mercado de vivienda tenso','1410949501326','width=700,height=500,toolbar=0,menubar=0,location=0,status=1,scrollbars=1,resizable=1,left=0,top=0');return false;\" style=\"background-position: -300px -120px \"><\/a>\r\n\t\t\t\t\t<\/li>\r\n\t\t\t\t\t\t\t\t\t\t<li class=\"none nobackground \" >\r\n\r\n\t\t\t\t\t\t\t\t\t\t\t\t<a id=\"backforunical4948\" href=\"http:\/\/www.bebo.com\/c\/share?Url=www.fabregat-perulles-sales.com\/actualidad\/wp-json\/wp\/v2\/posts\/4948\"  onclick=\"javascript:void window.open('http:\/\/www.bebo.com\/c\/share?Url=www.fabregat-perulles-sales.com\/actualidad\/wp-json\/wp\/v2\/posts\/4948','1410949501326','width=700,height=500,toolbar=0,menubar=0,location=0,status=1,scrollbars=1,resizable=1,left=0,top=0');return false;\" style=\"background-position: -330px -120px \"><\/a>\r\n\t\t\t\t\t<\/li>\r\n\t\t\t\t\t\t\t\t\t\t<li class=\"none nobackground \" >\r\n\r\n\t\t\t\t\t\t\t\t\t\t\t\t<a id=\"backforunical4948\" href=\"https:\/\/delicious.com\/save?v=5&noui&jump=close&url=www.fabregat-perulles-sales.com\/actualidad\/wp-json\/wp\/v2\/posts\/4948&title=Novedades sobre la declaraci\u00f3n del municipio de Barcelona como \u00e1rea de mercado de vivienda tenso\"  onclick=\"javascript:void window.open('https:\/\/delicious.com\/save?v=5&noui&jump=close&url=www.fabregat-perulles-sales.com\/actualidad\/wp-json\/wp\/v2\/posts\/4948&title=Novedades sobre la declaraci\u00f3n del municipio de Barcelona como \u00e1rea de mercado de vivienda tenso','1410949501326','width=700,height=500,toolbar=0,menubar=0,location=0,status=1,scrollbars=1,resizable=1,left=0,top=0');return false;\" style=\"background-position: -360px -120px \"><\/a>\r\n\t\t\t\t\t<\/li>\r\n\t\t\t\t\t\t\t\t\t\t<li class=\"none nobackground \" >\r\n\r\n\t\t\t\t\t\t\t\t\t\t\t\t<a id=\"backforunical4948\" href=\"http:\/\/www.odnoklassniki.ru\/dk?st.cmd=addShare&st.s=2&st.noresize=on&st._surl=www.fabregat-perulles-sales.com\/actualidad\/wp-json\/wp\/v2\/posts\/4948\"  onclick=\"javascript:void window.open('http:\/\/www.odnoklassniki.ru\/dk?st.cmd=addShare&st.s=2&st.noresize=on&st._surl=www.fabregat-perulles-sales.com\/actualidad\/wp-json\/wp\/v2\/posts\/4948','1410949501326','width=700,height=500,toolbar=0,menubar=0,location=0,status=1,scrollbars=1,resizable=1,left=0,top=0');return false;\" style=\"background-position: -390px -120px \"><\/a>\r\n\t\t\t\t\t<\/li>\r\n\t\t\t\t\t\t\t\t\t\t<li class=\"none nobackground \" >\r\n\r\n\t\t\t\t\t\t\t\t\t\t\t\t<a id=\"backforunical4948\" href=\"http:\/\/sns.qzone.qq.com\/cgi-bin\/qzshare\/cgi_qzshare_onekey?url=www.fabregat-perulles-sales.com\/actualidad\/wp-json\/wp\/v2\/posts\/4948&title=Novedades sobre la declaraci\u00f3n del municipio de Barcelona como \u00e1rea de mercado de vivienda tenso\"  onclick=\"javascript:void window.open('http:\/\/sns.qzone.qq.com\/cgi-bin\/qzshare\/cgi_qzshare_onekey?url=www.fabregat-perulles-sales.com\/actualidad\/wp-json\/wp\/v2\/posts\/4948&title=Novedades sobre la declaraci\u00f3n del municipio de Barcelona como \u00e1rea de mercado de vivienda tenso','1410949501326','width=700,height=500,toolbar=0,menubar=0,location=0,status=1,scrollbars=1,resizable=1,left=0,top=0');return false;\" style=\"background-position: -420px -120px \"><\/a>\r\n\t\t\t\t\t<\/li>\r\n\t\t\t\t\t\t\t\t\t\t<li class=\"none nobackground \" >\r\n\r\n\t\t\t\t\t\t\t\t\t\t\t\t<a id=\"backforunical4948\" href=\"http:\/\/service.weibo.com\/share\/share.php?url=www.fabregat-perulles-sales.com\/actualidad\/wp-json\/wp\/v2\/posts\/4948&appkey=&title=Novedades sobre la declaraci\u00f3n del municipio de Barcelona como \u00e1rea de mercado de vivienda tenso&pic=&ralateUid=&\"  onclick=\"javascript:void window.open('http:\/\/service.weibo.com\/share\/share.php?url=www.fabregat-perulles-sales.com\/actualidad\/wp-json\/wp\/v2\/posts\/4948&appkey=&title=Novedades sobre la declaraci\u00f3n del municipio de Barcelona como \u00e1rea de mercado de vivienda tenso&pic=&ralateUid=&','1410949501326','width=700,height=500,toolbar=0,menubar=0,location=0,status=1,scrollbars=1,resizable=1,left=0,top=0');return false;\" style=\"background-position: -450px -120px \"><\/a>\r\n\t\t\t\t\t<\/li>\r\n\t\t\t\t\t\t\t\t\t\t<li class=\"none nobackground \" >\r\n\r\n\t\t\t\t\t\t\t\t\t\t\t\t<a id=\"backforunical4948\" href=\"http:\/\/widget.renren.com\/dialog\/share?resourceUrl=www.fabregat-perulles-sales.com\/actualidad\/wp-json\/wp\/v2\/posts\/4948&srcUrl=www.fabregat-perulles-sales.com\/actualidad\/wp-json\/wp\/v2\/posts\/4948&title=Novedades sobre la declaraci\u00f3n del municipio de Barcelona como \u00e1rea de mercado de vivienda tenso\"  onclick=\"javascript:void window.open('http:\/\/widget.renren.com\/dialog\/share?resourceUrl=www.fabregat-perulles-sales.com\/actualidad\/wp-json\/wp\/v2\/posts\/4948&srcUrl=www.fabregat-perulles-sales.com\/actualidad\/wp-json\/wp\/v2\/posts\/4948&title=Novedades sobre la declaraci\u00f3n del municipio de Barcelona como \u00e1rea de mercado de vivienda tenso','1410949501326','width=700,height=500,toolbar=0,menubar=0,location=0,status=1,scrollbars=1,resizable=1,left=0,top=0');return false;\" style=\"background-position: -480px -120px \"><\/a>\r\n\t\t\t\t\t<\/li>\r\n\t\t\t\t\t\t\t\t\t\t<li class=\"none nobackground \" >\r\n\r\n\t\t\t\t\t\t\t\t\t\t\t\t<a id=\"backforunical4948\" href=\"http:\/\/n4g.com\/tips?url=www.fabregat-perulles-sales.com\/actualidad\/wp-json\/wp\/v2\/posts\/4948&title=Novedades sobre la declaraci\u00f3n del municipio de Barcelona como \u00e1rea de mercado de vivienda tenso\"  onclick=\"javascript:void window.open('http:\/\/n4g.com\/tips?url=www.fabregat-perulles-sales.com\/actualidad\/wp-json\/wp\/v2\/posts\/4948&title=Novedades sobre la declaraci\u00f3n del municipio de Barcelona como \u00e1rea de mercado de vivienda tenso','1410949501326','width=700,height=500,toolbar=0,menubar=0,location=0,status=1,scrollbars=1,resizable=1,left=0,top=0');return false;\" style=\"background-position: -510px -120px \"><\/a>\r\n\t\t\t\t\t<\/li>\r\n\t\t\t\t\t\t\t\t<\/ul>\r\n\t\t\t<div class=\"clear\"><\/div>\r\n\t\t<\/div>\r\n\t\t","protected":false},"excerpt":{"rendered":"<p>LA LEY (CATALANA) DE CONTENCI\u00d3N DE RENTAS SE SEGUIR\u00c1 APLICANDO EN BARCELONA El Plenario del Consejo Municipal del Ayuntamiento de Barcelona, en su sesi\u00f3n de 15 de\u00a0septiembre de 2021, acord\u00f3 declarar el municipio de Barcelona como \u00e1rea de mercado de vivienda tenso. Dicha declaraci\u00f3n entr\u00f3 en vigor el pasado 21 de septiembre de 2021. Mediante\u2026 <span class=\"read-more\"><a href=\"https:\/\/www.fabregat-perulles-sales.com\/actualidad\/novedades-sobre-la-declaracion-del-municipio-de-barcelona-como-area-de-mercado-de-vivienda-tenso\/\">Read More &raquo;<\/a><\/span><\/p>\n","protected":false},"author":3,"featured_media":0,"comment_status":"open","ping_status":"closed","sticky":false,"template":"","format":"standard","meta":[],"categories":[1886,457],"tags":[],"yoast_head":"<!-- This site is optimized with the Yoast SEO plugin v20.2.1 - https:\/\/yoast.com\/wordpress\/plugins\/seo\/ -->\n<title>Novedades sobre la declaraci\u00f3n del municipio de Barcelona como \u00e1rea de mercado de vivienda tenso<\/title>\n<meta name=\"description\" content=\"El Plenario del Consejo Municipal del Ayuntamiento de Barcelona, en su sesi\u00f3n de 15 de septiembre de 2021, acord\u00f3 declarar el municipio de Barcelona como \u00e1rea de mercado de vivienda tenso.\" \/>\n<meta name=\"robots\" content=\"index, follow, max-snippet:-1, max-image-preview:large, max-video-preview:-1\" \/>\n<link rel=\"canonical\" href=\"https:\/\/www.fabregat-perulles-sales.com\/actualidad\/novedades-sobre-la-declaracion-del-municipio-de-barcelona-como-area-de-mercado-de-vivienda-tenso\/\" \/>\n<meta property=\"og:locale\" content=\"en_US\" \/>\n<meta property=\"og:type\" content=\"article\" \/>\n<meta property=\"og:title\" content=\"Novedades sobre la declaraci\u00f3n del municipio de Barcelona como \u00e1rea de mercado de vivienda tenso\" \/>\n<meta property=\"og:description\" content=\"El Plenario del Consejo Municipal del Ayuntamiento de Barcelona, en su sesi\u00f3n de 15 de septiembre de 2021, acord\u00f3 declarar el municipio de Barcelona como \u00e1rea de mercado de vivienda tenso.\" \/>\n<meta property=\"og:url\" content=\"https:\/\/www.fabregat-perulles-sales.com\/actualidad\/novedades-sobre-la-declaracion-del-municipio-de-barcelona-como-area-de-mercado-de-vivienda-tenso\/\" \/>\n<meta property=\"og:site_name\" content=\"International Lawyers\" \/>\n<meta property=\"article:published_time\" content=\"2021-10-08T12:35:48+00:00\" \/>\n<meta property=\"article:modified_time\" content=\"2021-10-26T07:04:07+00:00\" \/>\n<meta name=\"author\" content=\"Victor\" \/>\n<meta name=\"twitter:card\" content=\"summary_large_image\" \/>\n<meta name=\"twitter:label1\" content=\"Written by\" \/>\n\t<meta name=\"twitter:data1\" content=\"Victor\" \/>\n\t<meta name=\"twitter:label2\" content=\"Est. reading time\" \/>\n\t<meta name=\"twitter:data2\" content=\"1 minute\" \/>\n<script type=\"application\/ld+json\" class=\"yoast-schema-graph\">{\"@context\":\"https:\/\/schema.org\",\"@graph\":[{\"@type\":\"WebPage\",\"@id\":\"https:\/\/www.fabregat-perulles-sales.com\/actualidad\/novedades-sobre-la-declaracion-del-municipio-de-barcelona-como-area-de-mercado-de-vivienda-tenso\/\",\"url\":\"https:\/\/www.fabregat-perulles-sales.com\/actualidad\/novedades-sobre-la-declaracion-del-municipio-de-barcelona-como-area-de-mercado-de-vivienda-tenso\/\",\"name\":\"Novedades sobre la declaraci\u00f3n del municipio de Barcelona como \u00e1rea de mercado de vivienda tenso\",\"isPartOf\":{\"@id\":\"https:\/\/www.fabregat-perulles-sales.com\/actualidad\/#website\"},\"datePublished\":\"2021-10-08T12:35:48+00:00\",\"dateModified\":\"2021-10-26T07:04:07+00:00\",\"author\":{\"@id\":\"https:\/\/www.fabregat-perulles-sales.com\/actualidad\/#\/schema\/person\/cabc1d68c7778f01d5e069c2d98442e3\"},\"description\":\"El Plenario del Consejo Municipal del Ayuntamiento de Barcelona, en su sesi\u00f3n de 15 de septiembre de 2021, acord\u00f3 declarar el municipio de Barcelona como \u00e1rea de mercado de vivienda tenso.\",\"breadcrumb\":{\"@id\":\"https:\/\/www.fabregat-perulles-sales.com\/actualidad\/novedades-sobre-la-declaracion-del-municipio-de-barcelona-como-area-de-mercado-de-vivienda-tenso\/#breadcrumb\"},\"inLanguage\":\"en-US\",\"potentialAction\":[{\"@type\":\"ReadAction\",\"target\":[\"https:\/\/www.fabregat-perulles-sales.com\/actualidad\/novedades-sobre-la-declaracion-del-municipio-de-barcelona-como-area-de-mercado-de-vivienda-tenso\/\"]}]},{\"@type\":\"BreadcrumbList\",\"@id\":\"https:\/\/www.fabregat-perulles-sales.com\/actualidad\/novedades-sobre-la-declaracion-del-municipio-de-barcelona-como-area-de-mercado-de-vivienda-tenso\/#breadcrumb\",\"itemListElement\":[{\"@type\":\"ListItem\",\"position\":1,\"name\":\"Home\",\"item\":\"https:\/\/www.fabregat-perulles-sales.com\/actualidad\/\"},{\"@type\":\"ListItem\",\"position\":2,\"name\":\"Novedades sobre la declaraci\u00f3n del municipio de Barcelona como \u00e1rea de mercado de vivienda tenso\"}]},{\"@type\":\"WebSite\",\"@id\":\"https:\/\/www.fabregat-perulles-sales.com\/actualidad\/#website\",\"url\":\"https:\/\/www.fabregat-perulles-sales.com\/actualidad\/\",\"name\":\"www.fabregat-perulles-sales.com\",\"description\":\"Fabregat Perulles Sales Abogados is a law firm of reference international market in the Spanish-German, Spanish-French, and Spanish-Italian. Is one of the first firms in Barcelona offering a Russian Desk.\",\"potentialAction\":[{\"@type\":\"SearchAction\",\"target\":{\"@type\":\"EntryPoint\",\"urlTemplate\":\"https:\/\/www.fabregat-perulles-sales.com\/actualidad\/?s={search_term_string}\"},\"query-input\":\"required name=search_term_string\"}],\"inLanguage\":\"en-US\"},{\"@type\":\"Person\",\"@id\":\"https:\/\/www.fabregat-perulles-sales.com\/actualidad\/#\/schema\/person\/cabc1d68c7778f01d5e069c2d98442e3\",\"name\":\"Victor\",\"image\":{\"@type\":\"ImageObject\",\"inLanguage\":\"en-US\",\"@id\":\"https:\/\/www.fabregat-perulles-sales.com\/actualidad\/#\/schema\/person\/image\/\",\"url\":\"https:\/\/secure.gravatar.com\/avatar\/756cb666a964d2960ffe307b8a53b271?s=96&d=mm&r=g\",\"contentUrl\":\"https:\/\/secure.gravatar.com\/avatar\/756cb666a964d2960ffe307b8a53b271?s=96&d=mm&r=g\",\"caption\":\"Victor\"},\"sameAs\":[\"http:\/\/www.fabregat-perulles-sales.com\"],\"url\":\"https:\/\/www.fabregat-perulles-sales.com\/actualidad\/author\/victor\/\"}]}<\/script>\n<!-- \/ Yoast SEO plugin. -->","yoast_head_json":{"title":"Novedades sobre la declaraci\u00f3n del municipio de Barcelona como \u00e1rea de mercado de vivienda tenso","description":"El Plenario del Consejo Municipal del Ayuntamiento de Barcelona, en su sesi\u00f3n de 15 de septiembre de 2021, acord\u00f3 declarar el municipio de Barcelona como \u00e1rea de mercado de vivienda tenso.","robots":{"index":"index","follow":"follow","max-snippet":"max-snippet:-1","max-image-preview":"max-image-preview:large","max-video-preview":"max-video-preview:-1"},"canonical":"https:\/\/www.fabregat-perulles-sales.com\/actualidad\/novedades-sobre-la-declaracion-del-municipio-de-barcelona-como-area-de-mercado-de-vivienda-tenso\/","og_locale":"en_US","og_type":"article","og_title":"Novedades sobre la declaraci\u00f3n del municipio de Barcelona como \u00e1rea de mercado de vivienda tenso","og_description":"El Plenario del Consejo Municipal del Ayuntamiento de Barcelona, en su sesi\u00f3n de 15 de septiembre de 2021, acord\u00f3 declarar el municipio de Barcelona como \u00e1rea de mercado de vivienda tenso.","og_url":"https:\/\/www.fabregat-perulles-sales.com\/actualidad\/novedades-sobre-la-declaracion-del-municipio-de-barcelona-como-area-de-mercado-de-vivienda-tenso\/","og_site_name":"International Lawyers","article_published_time":"2021-10-08T12:35:48+00:00","article_modified_time":"2021-10-26T07:04:07+00:00","author":"Victor","twitter_card":"summary_large_image","twitter_misc":{"Written by":"Victor","Est. reading time":"1 minute"},"schema":{"@context":"https:\/\/schema.org","@graph":[{"@type":"WebPage","@id":"https:\/\/www.fabregat-perulles-sales.com\/actualidad\/novedades-sobre-la-declaracion-del-municipio-de-barcelona-como-area-de-mercado-de-vivienda-tenso\/","url":"https:\/\/www.fabregat-perulles-sales.com\/actualidad\/novedades-sobre-la-declaracion-del-municipio-de-barcelona-como-area-de-mercado-de-vivienda-tenso\/","name":"Novedades sobre la declaraci\u00f3n del municipio de Barcelona como \u00e1rea de mercado de vivienda tenso","isPartOf":{"@id":"https:\/\/www.fabregat-perulles-sales.com\/actualidad\/#website"},"datePublished":"2021-10-08T12:35:48+00:00","dateModified":"2021-10-26T07:04:07+00:00","author":{"@id":"https:\/\/www.fabregat-perulles-sales.com\/actualidad\/#\/schema\/person\/cabc1d68c7778f01d5e069c2d98442e3"},"description":"El Plenario del Consejo Municipal del Ayuntamiento de Barcelona, en su sesi\u00f3n de 15 de septiembre de 2021, acord\u00f3 declarar el municipio de Barcelona como \u00e1rea de mercado de vivienda tenso.","breadcrumb":{"@id":"https:\/\/www.fabregat-perulles-sales.com\/actualidad\/novedades-sobre-la-declaracion-del-municipio-de-barcelona-como-area-de-mercado-de-vivienda-tenso\/#breadcrumb"},"inLanguage":"en-US","potentialAction":[{"@type":"ReadAction","target":["https:\/\/www.fabregat-perulles-sales.com\/actualidad\/novedades-sobre-la-declaracion-del-municipio-de-barcelona-como-area-de-mercado-de-vivienda-tenso\/"]}]},{"@type":"BreadcrumbList","@id":"https:\/\/www.fabregat-perulles-sales.com\/actualidad\/novedades-sobre-la-declaracion-del-municipio-de-barcelona-como-area-de-mercado-de-vivienda-tenso\/#breadcrumb","itemListElement":[{"@type":"ListItem","position":1,"name":"Home","item":"https:\/\/www.fabregat-perulles-sales.com\/actualidad\/"},{"@type":"ListItem","position":2,"name":"Novedades sobre la declaraci\u00f3n del municipio de Barcelona como \u00e1rea de mercado de vivienda tenso"}]},{"@type":"WebSite","@id":"https:\/\/www.fabregat-perulles-sales.com\/actualidad\/#website","url":"https:\/\/www.fabregat-perulles-sales.com\/actualidad\/","name":"www.fabregat-perulles-sales.com","description":"Fabregat Perulles Sales Abogados is a law firm of reference international market in the Spanish-German, Spanish-French, and Spanish-Italian. Is one of the first firms in Barcelona offering a Russian Desk.","potentialAction":[{"@type":"SearchAction","target":{"@type":"EntryPoint","urlTemplate":"https:\/\/www.fabregat-perulles-sales.com\/actualidad\/?s={search_term_string}"},"query-input":"required name=search_term_string"}],"inLanguage":"en-US"},{"@type":"Person","@id":"https:\/\/www.fabregat-perulles-sales.com\/actualidad\/#\/schema\/person\/cabc1d68c7778f01d5e069c2d98442e3","name":"Victor","image":{"@type":"ImageObject","inLanguage":"en-US","@id":"https:\/\/www.fabregat-perulles-sales.com\/actualidad\/#\/schema\/person\/image\/","url":"https:\/\/secure.gravatar.com\/avatar\/756cb666a964d2960ffe307b8a53b271?s=96&d=mm&r=g","contentUrl":"https:\/\/secure.gravatar.com\/avatar\/756cb666a964d2960ffe307b8a53b271?s=96&d=mm&r=g","caption":"Victor"},"sameAs":["http:\/\/www.fabregat-perulles-sales.com"],"url":"https:\/\/www.fabregat-perulles-sales.com\/actualidad\/author\/victor\/"}]}},"amp_enabled":true,"_links":{"self":[{"href":"https:\/\/www.fabregat-perulles-sales.com\/actualidad\/wp-json\/wp\/v2\/posts\/4948"}],"collection":[{"href":"https:\/\/www.fabregat-perulles-sales.com\/actualidad\/wp-json\/wp\/v2\/posts"}],"about":[{"href":"https:\/\/www.fabregat-perulles-sales.com\/actualidad\/wp-json\/wp\/v2\/types\/post"}],"author":[{"embeddable":true,"href":"https:\/\/www.fabregat-perulles-sales.com\/actualidad\/wp-json\/wp\/v2\/users\/3"}],"replies":[{"embeddable":true,"href":"https:\/\/www.fabregat-perulles-sales.com\/actualidad\/wp-json\/wp\/v2\/comments?post=4948"}],"version-history":[{"count":4,"href":"https:\/\/www.fabregat-perulles-sales.com\/actualidad\/wp-json\/wp\/v2\/posts\/4948\/revisions"}],"predecessor-version":[{"id":4957,"href":"https:\/\/www.fabregat-perulles-sales.com\/actualidad\/wp-json\/wp\/v2\/posts\/4948\/revisions\/4957"}],"wp:attachment":[{"href":"https:\/\/www.fabregat-perulles-sales.com\/actualidad\/wp-json\/wp\/v2\/media?parent=4948"}],"wp:term":[{"taxonomy":"category","embeddable":true,"href":"https:\/\/www.fabregat-perulles-sales.com\/actualidad\/wp-json\/wp\/v2\/categories?post=4948"},{"taxonomy":"post_tag","embeddable":true,"href":"https:\/\/www.fabregat-perulles-sales.com\/actualidad\/wp-json\/wp\/v2\/tags?post=4948"}],"curies":[{"name":"wp","href":"https:\/\/api.w.org\/{rel}","templated":true}]}}