{"id":4847,"date":"2021-04-22T16:46:04","date_gmt":"2021-04-22T15:46:04","guid":{"rendered":"https:\/\/www.fabregat-perulles-sales.com\/actualidad\/?p=4847"},"modified":"2021-05-05T14:41:11","modified_gmt":"2021-05-05T13:41:11","slug":"quieres-saber-mas-sobre-el-regimen-sancionador-por-el-incumplimiento-de-deposito-de-las-cuentas-anuales","status":"publish","type":"post","link":"https:\/\/www.fabregat-perulles-sales.com\/actualidad\/quieres-saber-mas-sobre-el-regimen-sancionador-por-el-incumplimiento-de-deposito-de-las-cuentas-anuales\/","title":{"rendered":"\u00bfQuieres saber m\u00e1s sobre el r\u00e9gimen sancionador por el incumplimiento de dep\u00f3sito de las Cuentas Anuales?"},"content":{"rendered":"<p><strong>Novedades en el r\u00e9gimen sancionador por incumplimiento de dep\u00f3sito de las Cuentas Anuales<\/strong><\/p>\n<p><img decoding=\"async\" loading=\"lazy\" class=\"aligncenter size-full wp-image-4850\" src=\"https:\/\/www.fabregat-perulles-sales.com\/actualidad\/wp-content\/uploads\/2021\/04\/Novedades-r\u00e9gimen-sancionador-incumplimiento-dep\u00f3sito-de-Cuentas-Anuales-2.jpg\" alt=\"\" width=\"1280\" height=\"858\" srcset=\"https:\/\/www.fabregat-perulles-sales.com\/actualidad\/wp-content\/uploads\/2021\/04\/Novedades-r\u00e9gimen-sancionador-incumplimiento-dep\u00f3sito-de-Cuentas-Anuales-2.jpg 1280w, https:\/\/www.fabregat-perulles-sales.com\/actualidad\/wp-content\/uploads\/2021\/04\/Novedades-r\u00e9gimen-sancionador-incumplimiento-dep\u00f3sito-de-Cuentas-Anuales-2-300x201.jpg 300w, https:\/\/www.fabregat-perulles-sales.com\/actualidad\/wp-content\/uploads\/2021\/04\/Novedades-r\u00e9gimen-sancionador-incumplimiento-dep\u00f3sito-de-Cuentas-Anuales-2-768x515.jpg 768w, https:\/\/www.fabregat-perulles-sales.com\/actualidad\/wp-content\/uploads\/2021\/04\/Novedades-r\u00e9gimen-sancionador-incumplimiento-dep\u00f3sito-de-Cuentas-Anuales-2-1024x686.jpg 1024w, https:\/\/www.fabregat-perulles-sales.com\/actualidad\/wp-content\/uploads\/2021\/04\/Novedades-r\u00e9gimen-sancionador-incumplimiento-dep\u00f3sito-de-Cuentas-Anuales-2-660x442.jpg 660w\" sizes=\"(max-width: 1280px) 100vw, 1280px\" \/><\/p>\n<p><span style=\"vertical-align: inherit;\"><span style=\"vertical-align: inherit;\"><span style=\"vertical-align: inherit;\"><span style=\"vertical-align: inherit;\">El pasado 30 de enero de 2021 se public\u00f3 en el <\/span><\/span><\/span><\/span><strong><span style=\"vertical-align: inherit;\"><span style=\"vertical-align: inherit;\"><span style=\"vertical-align: inherit;\"><span style=\"vertical-align: inherit;\">BOE<\/span><\/span><\/span><\/span><\/strong><span style=\"vertical-align: inherit;\"><span style=\"vertical-align: inherit;\"><span style=\"vertical-align: inherit;\"><span style=\"vertical-align: inherit;\"> el <\/span><\/span><\/span><\/span><strong><span style=\"vertical-align: inherit;\"><span style=\"vertical-align: inherit;\"><span style=\"vertical-align: inherit;\"><span style=\"vertical-align: inherit;\">Real Decreto 2\/2021, de 12 de enero<\/span><\/span><\/span><\/span><\/strong><span style=\"vertical-align: inherit;\"><span style=\"vertical-align: inherit;\"><span style=\"vertical-align: inherit;\"><span style=\"vertical-align: inherit;\"> , por el que se aprueba el <\/span><\/span><\/span><\/span><strong><span style=\"vertical-align: inherit;\"><span style=\"vertical-align: inherit;\"><span style=\"vertical-align: inherit;\"><span style=\"vertical-align: inherit;\">Reglamento de Desarrollo de la Ley 22\/2015, de 20 de julio, de Auditor\u00eda de Cuentas<\/span><\/span><\/span><\/span><\/strong><span style=\"vertical-align: inherit;\"><span style=\"vertical-align: inherit;\"><span style=\"vertical-align: inherit;\"><span style=\"vertical-align: inherit;\"> .<\/span><\/span><\/span><\/span><\/p>\n<p><span style=\"vertical-align: inherit;\"><span style=\"vertical-align: inherit;\"><span style=\"vertical-align: inherit;\"><span style=\"vertical-align: inherit;\">La finalidad de este es impulsar el r\u00e9gimen sancionador para aquellos supuestos en los que las cuentas anuales no se depositan en el Registro Mercantil dentro del plazo establecido <\/span><\/span><\/span><\/span><span style=\"vertical-align: inherit;\"><span style=\"vertical-align: inherit;\"><span style=\"vertical-align: inherit;\"><span style=\"vertical-align: inherit;\">.<\/span><\/span><\/span><\/span><\/p>\n<p><!--more--><\/p>\n<p><span style=\"vertical-align: inherit;\"><span style=\"vertical-align: inherit;\"><span style=\"vertical-align: inherit;\"><span style=\"vertical-align: inherit;\">Hasta el momento, la Ley de Sociedades de Capital, en adelante LSC, recog\u00eda, y sigue recogiendo, en su <\/span><\/span><strong><span style=\"vertical-align: inherit;\"><span style=\"vertical-align: inherit;\">art\u00edculo 279<\/span><\/span><\/strong><span style=\"vertical-align: inherit;\"><span style=\"vertical-align: inherit;\"> la obligaci\u00f3n de los administradores sociales de presentar y depositar en el Registro Mercantil del domicilio social la <\/span><\/span><\/span><\/span> <span style=\"vertical-align: inherit;\"><span style=\"vertical-align: inherit;\"><span style=\"vertical-align: inherit;\"><span style=\"vertical-align: inherit;\">certificaci\u00f3n de los acuerdos de la junta de socios de aprobaci\u00f3n de las cuentas, debidamente firmadas, y de aplicaci\u00f3n del resultado, as\u00ed como, en su caso, de las cuentas consolidadas.<\/span><\/span><\/span><\/span><em>\u00a0<\/em><\/p>\n<p><span style=\"vertical-align: inherit;\"><span style=\"vertical-align: inherit;\"><span style=\"vertical-align: inherit;\"><span style=\"vertical-align: inherit;\">De verse incumplida la mencionada obligaci\u00f3n, <\/span><\/span><\/span><\/span> <span style=\"vertical-align: inherit;\"><span style=\"vertical-align: inherit;\"><span style=\"vertical-align: inherit;\"><span style=\"vertical-align: inherit;\">el Registro Mercantil del domicilio de la sociedad, proceder\u00e1 a cerrar la hoja registral de la sociedad mientras el incumplimiento persista.<\/span><\/span><\/span><\/span><\/p>\n<p><span style=\"vertical-align: inherit;\"><span style=\"vertical-align: inherit;\"><span style=\"vertical-align: inherit;\"><span style=\"vertical-align: inherit;\">Por otro lado, el <\/span><\/span><strong><span style=\"vertical-align: inherit;\"><span style=\"vertical-align: inherit;\">art\u00edculo 283 de la LSC<\/span><\/span><\/strong><span style=\"vertical-align: inherit;\"><span style=\"vertical-align: inherit;\"> tambi\u00e9n recoge otra de las consecuencias de incumplir la presentaci\u00f3n y dep\u00f3sito de las Cuentas Anuales. <\/span><\/span><\/span><span style=\"vertical-align: inherit;\"><span style=\"vertical-align: inherit;\"><span style=\"vertical-align: inherit;\">El mismo se\u00f1ala que dicho incumplimiento conllevar\u00e1 una <\/span><\/span><\/span><\/span> <span style=\"vertical-align: inherit;\"><span style=\"vertical-align: inherit;\"><span style=\"vertical-align: inherit;\"><span style=\"vertical-align: inherit;\">multa por importe de 1.200 a 60.000 euros <\/span><\/span><\/span><\/span><span style=\"vertical-align: inherit;\"><span style=\"vertical-align: inherit;\"><span style=\"vertical-align: inherit;\"><span style=\"vertical-align: inherit;\">por parte del Instituto de Contabilidad y Auditor\u00eda de Cuentas, previa instrucci\u00f3n del expediente sancionador, la cual podr\u00e1 ver incrementada hasta 300.000 euros cuando la sociedad o el grupo hubiesen superado la facturaci\u00f3n anual superior 6.000.000 euros.<\/span><\/span><\/span><\/span><\/p>\n<p><span style=\"vertical-align: inherit;\"><span style=\"vertical-align: inherit;\"><span style=\"vertical-align: inherit;\"><span style=\"vertical-align: inherit;\">No obstante, a lo anterior, la \u00fanica consecuencia pr\u00e1ctica hasta el momento era el cierre de la hoja registral.<\/span><\/span><\/span><\/span><\/p>\n<p><span style=\"vertical-align: inherit;\"><span style=\"vertical-align: inherit;\"><span style=\"vertical-align: inherit;\"><span style=\"vertical-align: inherit;\">Por ello, el mencionado Real Decreto ha incluido, a estos efectos y con el fin de fomentar el cumplimiento del dep\u00f3sito de las cuentas anuales, las siguientes novedades <\/span><\/span><\/span><\/span><span style=\"vertical-align: inherit;\"><span style=\"vertical-align: inherit;\"><span style=\"vertical-align: inherit;\"><span style=\"vertical-align: inherit;\">:<\/span><\/span><\/span><\/span><\/p>\n<p><span style=\"vertical-align: inherit;\"><span style=\"vertical-align: inherit;\"><span style=\"vertical-align: inherit;\"><span style=\"vertical-align: inherit;\">&#8211; La posibilidad de encomendar la gesti\u00f3n y la propuesta de decisi\u00f3n sobre los expedientes sancionadores a los registradores mercantiles del domicilio del obligado.<\/span><\/span><\/span><\/span><\/p>\n<p><span style=\"vertical-align: inherit;\"><span style=\"vertical-align: inherit;\"><span style=\"vertical-align: inherit;\"><span style=\"vertical-align: inherit;\">&#8211; Un plazo para resolver y notificar la resoluci\u00f3n en el procedimiento sancionador (6 meses a contar desde el acuerdo de incoaci\u00f3n). <\/span><\/span><\/span><\/span><\/p>\n<p><span style=\"vertical-align: inherit;\"><span style=\"vertical-align: inherit;\"><span style=\"vertical-align: inherit;\"><span style=\"vertical-align: inherit;\">&#8211; Criterios nuevos y adicionales a los l\u00edmites econ\u00f3micos ya mencionados para determinar el importe de la sanci\u00f3n:<\/span><\/span><\/span><\/span><\/p>\n<ol>\n<li><span style=\"vertical-align: inherit;\"><span style=\"vertical-align: inherit;\"><span style=\"vertical-align: inherit;\"><span style=\"vertical-align: inherit;\">a) La sanci\u00f3n ser\u00e1 del 0,5 por mil del importe total de las partidas de activo de la sociedad, m\u00e1s el 0,5 por mil de la cifra de ventas incluida en la \u00faltima declaraci\u00f3n presentada ante la Administraci\u00f3n Tributaria.<\/span><\/span><\/span><\/span><\/li>\n<li><span style=\"vertical-align: inherit;\"><span style=\"vertical-align: inherit;\"><span style=\"vertical-align: inherit;\"><span style=\"vertical-align: inherit;\">b) Si no se aportase la declaraci\u00f3n tributaria anterior, la sanci\u00f3n ser\u00e1 del 2% del capital social de la sociedad seg\u00fan los datos que consten en el Registro Mercantil.<\/span><\/span><\/span><\/span><\/li>\n<li><span style=\"vertical-align: inherit;\"><span style=\"vertical-align: inherit;\"><span style=\"vertical-align: inherit;\"><span style=\"vertical-align: inherit;\">c) En caso de que se aportar\u00e1 la declaraci\u00f3n tributaria, pero el resultado de aplicar los citados porcentajes a la suma de las partidas de activo y ventas, fuera mayor que el 2% del capital social, se cuantificar\u00e1 la sanci\u00f3n en este \u00faltimo reducido en un 10%.<\/span><\/span><\/span><\/span><\/li>\n<\/ol>\n<p><span style=\"vertical-align: inherit;\"><span style=\"vertical-align: inherit;\"><span style=\"vertical-align: inherit;\"><span style=\"vertical-align: inherit;\">Estas novedades entraron en vigor el pasado 31 de enero de 2021.<\/span><\/span><\/span><\/span><\/p>\n<p class=\"x_MsoNormal\"><span style=\"vertical-align: inherit;\"><span style=\"vertical-align: inherit;\"><span style=\"vertical-align: inherit;\"><span style=\"vertical-align: inherit;\">Si est\u00e1s interesado \/ a en saber m\u00e1s sobre el R\u00e9gimen Sancionador contacta con nosotros <\/span><\/span><\/span><strong><a href=\"https:\/\/www.fabregat-perulles-sales.com\/abogados-es\/contacto-contactenos\" target=\"_blank\" rel=\"noopener noreferrer\"><span style=\"vertical-align: inherit;\"><span style=\"vertical-align: inherit;\"><span style=\"vertical-align: inherit;\">aqu\u00ed<\/span><\/span><\/span><\/a><\/strong><span style=\"vertical-align: inherit;\"><span style=\"vertical-align: inherit;\"><span style=\"vertical-align: inherit;\"> .<\/span><\/span><\/span><\/span><strong>\u00a0<\/strong><\/p>\n<p class=\"x_MsoNormal\"><span style=\"vertical-align: inherit;\"><span style=\"vertical-align: inherit;\"><span style=\"vertical-align: inherit;\"><span style=\"vertical-align: inherit;\">En\u00a0 <\/span><\/span><\/span><\/span><strong><a href=\"https:\/\/www.fabregat-perulles-sales.com\/abogados-es\/firma-quienes-somos\" target=\"_blank\" rel=\"noopener noreferrer\"><span style=\"vertical-align: inherit;\"><span style=\"vertical-align: inherit;\"><span style=\"vertical-align: inherit;\"><span style=\"vertical-align: inherit;\">Fabregat Perulles Sales<\/span><\/span><\/span><\/span><\/a><\/strong><span style=\"vertical-align: inherit;\"><span style=\"vertical-align: inherit;\"><span style=\"vertical-align: inherit;\"><span style=\"vertical-align: inherit;\"> \u00a0te asesoramos.<\/span><\/span><\/span><\/span><\/p>\n<p><strong><i><span style=\"vertical-align: inherit;\"><span style=\"vertical-align: inherit;\"><span style=\"vertical-align: inherit;\"><span style=\"vertical-align: inherit;\">\u201cEste documento tiene como prop\u00f3sito exclusivo la divulgaci\u00f3n de su contenido. <\/span><\/span><\/span><span style=\"vertical-align: inherit;\"><span style=\"vertical-align: inherit;\"><span style=\"vertical-align: inherit;\">No constituye asesoramiento de ning\u00fan tipo y, por tanto, no puede considerarse como tal ni debe servir de base para la toma de decisiones \u201d.<\/span><\/span><\/span><\/span><\/i><\/strong><\/p>\n\r\n\t\t<style>\r\n\t\t\t.huge-it-share-buttons {\r\n\t\t\t\tborder:0px solid #0FB5D6;\r\n\t\t\t\tborder-radius:5px;\r\n\t\t\t\tbackground:#3BD8FF;\r\n\t\t\t text-align:left; \t\t\t\t\t\t\t\t\t}\r\n\r\n\t\t\t#huge-it-share-buttons-top {margin-bottom:0px;}\r\n\t\t\t#huge-it-share-buttons-bottom {margin-top:0px;}\r\n\r\n\t\t\t.huge-it-share-buttons h3 {\r\n\t\t\t\tfont-size:25px ;\r\n\t\t\t\tfont-family:Arial,Helvetica Neue,Helvetica,sans-serif;\r\n\t\t\t\tcolor:#666666;\r\n\r\n\t\t\tdisplay:block;\t\t\t\tline-height:25px ;\r\n\r\n\t\t\t text-align:left; \t\t\t\t\t\t\t\t\t}\r\n\r\n\t\t\t.huge-it-share-buttons ul {\r\n\t\t\t float:left; \t\t\t\t\t\t\t\t\t}\r\n\r\n\t\t\t.huge-it-share-buttons ul li {\r\n\t\t\t\tmargin-left:3px;\r\n\t\t\t\tmargin-right:3px;\r\n\t\t\t\tpadding:0px;\r\n\t\t\t\tborder:0px ridge #E6354C;\r\n\t\t\t\tborder-radius:11px;\r\n\t\t\t\tbackground-color:#14CC9B;\r\n\t\t\t}\r\n\r\n\t\t\t.huge-it-share-buttons ul li #backforunical4847 {\r\n\t\t\t\tborder-bottom: 0;\r\n\t\t\t\tbackground-image:url('https:\/\/www.fabregat-perulles-sales.com\/actualidad\/wp-content\/plugins\/wp-share-buttons\/Front_end\/..\/images\/buttons.30.png');\r\n\t\t\t\twidth:30px;\r\n\t\t\t\theight:30px;\r\n\t\t\t}\r\n\r\n\t\t\t.front-shares-count {\r\n\t\t\t\tposition: absolute;\r\n\t\t\t\ttext-align: center;\r\n\t\t\t\tdisplay: block;\r\n\t\t\t}\r\n\r\n\t\t\t.shares_size20 .front-shares-count {\r\n\t\t\t\tfont-size: 10px;\r\n\t\t\t\ttop: 10px;\r\n\t\t\t\twidth: 20px;\r\n\t\t\t}\r\n\r\n\t\t\t.shares_size30 .front-shares-count {\r\n\t\t\t\tfont-size: 11px;\r\n\t\t\t\ttop: 15px;\r\n\t\t\t\twidth: 30px;\r\n\t\t\t}\r\n\r\n\t\t\t.shares_size40 .front-shares-count {\r\n\t\t\t\tfont-size: 12px;\r\n\t\t\t\ttop: 21px;\r\n\t\t\t\twidth: 40px;\r\n\t\t\t}\r\n\t\t<\/style>\r\n\t\t\r\n\t\t<div id=\"huge-it-share-buttons-top\" class=\"huge-it-share-buttons nobackground\">\r\n\t\t\t<h3>Share This:<\/h3>\r\n\t\t\t<ul class=\"huge-it-share-buttons-list \">\r\n\t\t\t\t\t\t\t\t\t<li class=\"nobackground \" >\r\n\r\n\t\t\t\t\t\t\t\t\t\t\t\t<a id=\"backforunical4847\" href=\"https:\/\/www.facebook.com\/sharer\/sharer.php?u=www.fabregat-perulles-sales.com\/actualidad\/wp-json\/wp\/v2\/posts\/4847\"  onclick=\"javascript:void window.open('https:\/\/www.facebook.com\/sharer\/sharer.php?u=www.fabregat-perulles-sales.com\/actualidad\/wp-json\/wp\/v2\/posts\/4847','1410949501326','width=700,height=500,toolbar=0,menubar=0,location=0,status=1,scrollbars=1,resizable=1,left=0,top=0');return false;\" style=\"background-position: -0px -120px \"><\/a>\r\n\t\t\t\t\t<\/li>\r\n\t\t\t\t\t\t\t\t\t\t<li class=\"nobackground \" >\r\n\r\n\t\t\t\t\t\t\t\t\t\t\t\t<a id=\"backforunical4847\" href=\"https:\/\/twitter.com\/share?status=www.fabregat-perulles-sales.com\/actualidad\/wp-json\/wp\/v2\/posts\/4847&text=\u00bfQuieres saber m\u00e1s sobre el r\u00e9gimen sancionador por el incumplimiento de dep\u00f3sito de las Cuentas Anuales?\"  onclick=\"javascript:void window.open('https:\/\/twitter.com\/share?status=www.fabregat-perulles-sales.com\/actualidad\/wp-json\/wp\/v2\/posts\/4847&text=\u00bfQuieres saber m\u00e1s sobre el r\u00e9gimen sancionador por el incumplimiento de dep\u00f3sito de las Cuentas Anuales?','1410949501326','width=700,height=500,toolbar=0,menubar=0,location=0,status=1,scrollbars=1,resizable=1,left=0,top=0');return false;\" style=\"background-position: -30px -120px \"><\/a>\r\n\t\t\t\t\t<\/li>\r\n\t\t\t\t\t\t\t\t\t\t<li class=\"none nobackground \" >\r\n\r\n\t\t\t\t\t\t\t\t\t\t\t\t<a id=\"backforunical4847\" href=\"http:\/\/www.pinterest.com\/pin\/create\/button\/?url=www.fabregat-perulles-sales.com\/actualidad\/wp-json\/wp\/v2\/posts\/4847&media=https:\/\/www.fabregat-perulles-sales.com\/actualidad\/wp-content\/plugins\/wp-share-buttons\/Front_end\/..\/images\/noimage.png&description=\u00bfQuieres saber m\u00e1s sobre el r\u00e9gimen sancionador por el incumplimiento de dep\u00f3sito de las Cuentas Anuales?\"  onclick=\"javascript:void window.open('http:\/\/www.pinterest.com\/pin\/create\/button\/?url=www.fabregat-perulles-sales.com\/actualidad\/wp-json\/wp\/v2\/posts\/4847&media=https:\/\/www.fabregat-perulles-sales.com\/actualidad\/wp-content\/plugins\/wp-share-buttons\/Front_end\/..\/images\/noimage.png&description=\u00bfQuieres saber m\u00e1s sobre el r\u00e9gimen sancionador por el incumplimiento de dep\u00f3sito de las Cuentas Anuales?','1410949501326','width=700,height=500,toolbar=0,menubar=0,location=0,status=1,scrollbars=1,resizable=1,left=0,top=0');return false;\" style=\"background-position: -60px -120px \"><\/a>\r\n\t\t\t\t\t<\/li>\r\n\t\t\t\t\t\t\t\t\t\t<li class=\"none nobackground \" >\r\n\r\n\t\t\t\t\t\t\t\t\t\t\t\t<a id=\"backforunical4847\" href=\"https:\/\/plus.google.com\/share?url=www.fabregat-perulles-sales.com\/actualidad\/wp-json\/wp\/v2\/posts\/4847\"  onclick=\"javascript:void window.open('https:\/\/plus.google.com\/share?url=www.fabregat-perulles-sales.com\/actualidad\/wp-json\/wp\/v2\/posts\/4847','1410949501326','width=700,height=500,toolbar=0,menubar=0,location=0,status=1,scrollbars=1,resizable=1,left=0,top=0');return false;\" style=\"background-position: -90px -120px \"><\/a>\r\n\t\t\t\t\t<\/li>\r\n\t\t\t\t\t\t\t\t\t\t<li class=\"nobackground \" >\r\n\r\n\t\t\t\t\t\t\t\t\t\t\t\t<a id=\"backforunical4847\" href=\"https:\/\/www.linkedin.com\/shareArticle?title=\u00bfQuieres saber m\u00e1s sobre el r\u00e9gimen sancionador por el incumplimiento de dep\u00f3sito de las Cuentas Anuales?&mini=true&url=https:\/\/www.fabregat-perulles-sales.com\/actualidad\/wp-json\/wp\/v2\/posts\/4847\"  onclick=\"javascript:void window.open('https:\/\/www.linkedin.com\/shareArticle?title=\u00bfQuieres saber m\u00e1s sobre el r\u00e9gimen sancionador por el incumplimiento de dep\u00f3sito de las Cuentas Anuales?&mini=true&url=https:\/\/www.fabregat-perulles-sales.com\/actualidad\/wp-json\/wp\/v2\/posts\/4847','1410949501326','width=700,height=500,toolbar=0,menubar=0,location=0,status=1,scrollbars=1,resizable=1,left=0,top=0');return false;\" style=\"background-position: -120px -120px \"><\/a>\r\n\t\t\t\t\t<\/li>\r\n\t\t\t\t\t\t\t\t\t\t<li class=\"none nobackground \" >\r\n\r\n\t\t\t\t\t\t\t\t\t\t\t\t<a id=\"backforunical4847\" href=\"https:\/\/www.tumblr.com\/share\/link?url=www.fabregat-perulles-sales.com\/actualidad\/wp-json\/wp\/v2\/posts\/4847&name=\u00bfQuieres saber m\u00e1s sobre el r\u00e9gimen sancionador por el incumplimiento de dep\u00f3sito de las Cuentas Anuales?\"  onclick=\"javascript:void window.open('https:\/\/www.tumblr.com\/share\/link?url=www.fabregat-perulles-sales.com\/actualidad\/wp-json\/wp\/v2\/posts\/4847&name=\u00bfQuieres saber m\u00e1s sobre el r\u00e9gimen sancionador por el incumplimiento de dep\u00f3sito de las Cuentas Anuales?','1410949501326','width=700,height=500,toolbar=0,menubar=0,location=0,status=1,scrollbars=1,resizable=1,left=0,top=0');return false;\" style=\"background-position: -150px -120px \"><\/a>\r\n\t\t\t\t\t<\/li>\r\n\t\t\t\t\t\t\t\t\t\t<li class=\"none nobackground \" >\r\n\r\n\t\t\t\t\t\t\t\t\t\t\t\t<a id=\"backforunical4847\" href=\"http:\/\/digg.com\/submit?phase=2&url=www.fabregat-perulles-sales.com\/actualidad\/wp-json\/wp\/v2\/posts\/4847&title=\u00bfQuieres saber m\u00e1s sobre el r\u00e9gimen sancionador por el incumplimiento de dep\u00f3sito de las Cuentas Anuales?\"  onclick=\"javascript:void window.open('http:\/\/digg.com\/submit?phase=2&url=www.fabregat-perulles-sales.com\/actualidad\/wp-json\/wp\/v2\/posts\/4847&title=\u00bfQuieres saber m\u00e1s sobre el r\u00e9gimen sancionador por el incumplimiento de dep\u00f3sito de las Cuentas Anuales?','1410949501326','width=700,height=500,toolbar=0,menubar=0,location=0,status=1,scrollbars=1,resizable=1,left=0,top=0');return false;\" style=\"background-position: -180px -120px \"><\/a>\r\n\t\t\t\t\t<\/li>\r\n\t\t\t\t\t\t\t\t\t\t<li class=\"none nobackground \" >\r\n\r\n\t\t\t\t\t\t\t\t\t\t\t\t<a id=\"backforunical4847\" href=\"http:\/\/www.stumbleupon.com\/submit?url=www.fabregat-perulles-sales.com\/actualidad\/wp-json\/wp\/v2\/posts\/4847&title=\u00bfQuieres saber m\u00e1s sobre el r\u00e9gimen sancionador por el incumplimiento de dep\u00f3sito de las Cuentas Anuales?\"  onclick=\"javascript:void window.open('http:\/\/www.stumbleupon.com\/submit?url=www.fabregat-perulles-sales.com\/actualidad\/wp-json\/wp\/v2\/posts\/4847&title=\u00bfQuieres saber m\u00e1s sobre el r\u00e9gimen sancionador por el incumplimiento de dep\u00f3sito de las Cuentas Anuales?','1410949501326','width=700,height=500,toolbar=0,menubar=0,location=0,status=1,scrollbars=1,resizable=1,left=0,top=0');return false;\" style=\"background-position: -210px -120px \"><\/a>\r\n\t\t\t\t\t<\/li>\r\n\t\t\t\t\t\t\t\t\t\t<li class=\"none nobackground \" >\r\n\r\n\t\t\t\t\t\t\t\t\t\t\t\t<a id=\"backforunical4847\" href=\"https:\/\/myspace.com\/post?l=3&u=www.fabregat-perulles-sales.com\/actualidad\/wp-json\/wp\/v2\/posts\/4847\"  onclick=\"javascript:void window.open('https:\/\/myspace.com\/post?l=3&u=www.fabregat-perulles-sales.com\/actualidad\/wp-json\/wp\/v2\/posts\/4847','1410949501326','width=700,height=500,toolbar=0,menubar=0,location=0,status=1,scrollbars=1,resizable=1,left=0,top=0');return false;\" style=\"background-position: -240px -120px \"><\/a>\r\n\t\t\t\t\t<\/li>\r\n\t\t\t\t\t\t\t\t\t\t<li class=\"nobackground \" >\r\n\r\n\t\t\t\t\t\t\t\t\t\t\t\t<a id=\"backforunical4847\" href=\"http:\/\/vk.com\/share.php?url=www.fabregat-perulles-sales.com\/actualidad\/wp-json\/wp\/v2\/posts\/4847&title=\u00bfQuieres saber m\u00e1s sobre el r\u00e9gimen sancionador por el incumplimiento de dep\u00f3sito de las Cuentas Anuales?\"  onclick=\"javascript:void window.open('http:\/\/vk.com\/share.php?url=www.fabregat-perulles-sales.com\/actualidad\/wp-json\/wp\/v2\/posts\/4847&title=\u00bfQuieres saber m\u00e1s sobre el r\u00e9gimen sancionador por el incumplimiento de dep\u00f3sito de las Cuentas Anuales?','1410949501326','width=700,height=500,toolbar=0,menubar=0,location=0,status=1,scrollbars=1,resizable=1,left=0,top=0');return false;\" style=\"background-position: -270px -120px \"><\/a>\r\n\t\t\t\t\t<\/li>\r\n\t\t\t\t\t\t\t\t\t\t<li class=\"none nobackground \" >\r\n\r\n\t\t\t\t\t\t\t\t\t\t\t\t<a id=\"backforunical4847\" href=\"http:\/\/www.reddit.com\/submit?url=www.fabregat-perulles-sales.com\/actualidad\/wp-json\/wp\/v2\/posts\/4847&title=\u00bfQuieres saber m\u00e1s sobre el r\u00e9gimen sancionador por el incumplimiento de dep\u00f3sito de las Cuentas Anuales?\"  onclick=\"javascript:void window.open('http:\/\/www.reddit.com\/submit?url=www.fabregat-perulles-sales.com\/actualidad\/wp-json\/wp\/v2\/posts\/4847&title=\u00bfQuieres saber m\u00e1s sobre el r\u00e9gimen sancionador por el incumplimiento de dep\u00f3sito de las Cuentas Anuales?','1410949501326','width=700,height=500,toolbar=0,menubar=0,location=0,status=1,scrollbars=1,resizable=1,left=0,top=0');return false;\" style=\"background-position: -300px -120px \"><\/a>\r\n\t\t\t\t\t<\/li>\r\n\t\t\t\t\t\t\t\t\t\t<li class=\"none nobackground \" >\r\n\r\n\t\t\t\t\t\t\t\t\t\t\t\t<a id=\"backforunical4847\" href=\"http:\/\/www.bebo.com\/c\/share?Url=www.fabregat-perulles-sales.com\/actualidad\/wp-json\/wp\/v2\/posts\/4847\"  onclick=\"javascript:void window.open('http:\/\/www.bebo.com\/c\/share?Url=www.fabregat-perulles-sales.com\/actualidad\/wp-json\/wp\/v2\/posts\/4847','1410949501326','width=700,height=500,toolbar=0,menubar=0,location=0,status=1,scrollbars=1,resizable=1,left=0,top=0');return false;\" style=\"background-position: -330px -120px \"><\/a>\r\n\t\t\t\t\t<\/li>\r\n\t\t\t\t\t\t\t\t\t\t<li class=\"none nobackground \" >\r\n\r\n\t\t\t\t\t\t\t\t\t\t\t\t<a id=\"backforunical4847\" href=\"https:\/\/delicious.com\/save?v=5&noui&jump=close&url=www.fabregat-perulles-sales.com\/actualidad\/wp-json\/wp\/v2\/posts\/4847&title=\u00bfQuieres saber m\u00e1s sobre el r\u00e9gimen sancionador por el incumplimiento de dep\u00f3sito de las Cuentas Anuales?\"  onclick=\"javascript:void window.open('https:\/\/delicious.com\/save?v=5&noui&jump=close&url=www.fabregat-perulles-sales.com\/actualidad\/wp-json\/wp\/v2\/posts\/4847&title=\u00bfQuieres saber m\u00e1s sobre el r\u00e9gimen sancionador por el incumplimiento de dep\u00f3sito de las Cuentas Anuales?','1410949501326','width=700,height=500,toolbar=0,menubar=0,location=0,status=1,scrollbars=1,resizable=1,left=0,top=0');return false;\" style=\"background-position: -360px -120px \"><\/a>\r\n\t\t\t\t\t<\/li>\r\n\t\t\t\t\t\t\t\t\t\t<li class=\"none nobackground \" >\r\n\r\n\t\t\t\t\t\t\t\t\t\t\t\t<a id=\"backforunical4847\" href=\"http:\/\/www.odnoklassniki.ru\/dk?st.cmd=addShare&st.s=2&st.noresize=on&st._surl=www.fabregat-perulles-sales.com\/actualidad\/wp-json\/wp\/v2\/posts\/4847\"  onclick=\"javascript:void window.open('http:\/\/www.odnoklassniki.ru\/dk?st.cmd=addShare&st.s=2&st.noresize=on&st._surl=www.fabregat-perulles-sales.com\/actualidad\/wp-json\/wp\/v2\/posts\/4847','1410949501326','width=700,height=500,toolbar=0,menubar=0,location=0,status=1,scrollbars=1,resizable=1,left=0,top=0');return false;\" style=\"background-position: -390px -120px \"><\/a>\r\n\t\t\t\t\t<\/li>\r\n\t\t\t\t\t\t\t\t\t\t<li class=\"none nobackground \" >\r\n\r\n\t\t\t\t\t\t\t\t\t\t\t\t<a id=\"backforunical4847\" href=\"http:\/\/sns.qzone.qq.com\/cgi-bin\/qzshare\/cgi_qzshare_onekey?url=www.fabregat-perulles-sales.com\/actualidad\/wp-json\/wp\/v2\/posts\/4847&title=\u00bfQuieres saber m\u00e1s sobre el r\u00e9gimen sancionador por el incumplimiento de dep\u00f3sito de las Cuentas Anuales?\"  onclick=\"javascript:void window.open('http:\/\/sns.qzone.qq.com\/cgi-bin\/qzshare\/cgi_qzshare_onekey?url=www.fabregat-perulles-sales.com\/actualidad\/wp-json\/wp\/v2\/posts\/4847&title=\u00bfQuieres saber m\u00e1s sobre el r\u00e9gimen sancionador por el incumplimiento de dep\u00f3sito de las Cuentas Anuales?','1410949501326','width=700,height=500,toolbar=0,menubar=0,location=0,status=1,scrollbars=1,resizable=1,left=0,top=0');return false;\" style=\"background-position: -420px -120px \"><\/a>\r\n\t\t\t\t\t<\/li>\r\n\t\t\t\t\t\t\t\t\t\t<li class=\"none nobackground \" >\r\n\r\n\t\t\t\t\t\t\t\t\t\t\t\t<a id=\"backforunical4847\" href=\"http:\/\/service.weibo.com\/share\/share.php?url=www.fabregat-perulles-sales.com\/actualidad\/wp-json\/wp\/v2\/posts\/4847&appkey=&title=\u00bfQuieres saber m\u00e1s sobre el r\u00e9gimen sancionador por el incumplimiento de dep\u00f3sito de las Cuentas Anuales?&pic=&ralateUid=&\"  onclick=\"javascript:void window.open('http:\/\/service.weibo.com\/share\/share.php?url=www.fabregat-perulles-sales.com\/actualidad\/wp-json\/wp\/v2\/posts\/4847&appkey=&title=\u00bfQuieres saber m\u00e1s sobre el r\u00e9gimen sancionador por el incumplimiento de dep\u00f3sito de las Cuentas Anuales?&pic=&ralateUid=&','1410949501326','width=700,height=500,toolbar=0,menubar=0,location=0,status=1,scrollbars=1,resizable=1,left=0,top=0');return false;\" style=\"background-position: -450px -120px \"><\/a>\r\n\t\t\t\t\t<\/li>\r\n\t\t\t\t\t\t\t\t\t\t<li class=\"none nobackground \" >\r\n\r\n\t\t\t\t\t\t\t\t\t\t\t\t<a id=\"backforunical4847\" href=\"http:\/\/widget.renren.com\/dialog\/share?resourceUrl=www.fabregat-perulles-sales.com\/actualidad\/wp-json\/wp\/v2\/posts\/4847&srcUrl=www.fabregat-perulles-sales.com\/actualidad\/wp-json\/wp\/v2\/posts\/4847&title=\u00bfQuieres saber m\u00e1s sobre el r\u00e9gimen sancionador por el incumplimiento de dep\u00f3sito de las Cuentas Anuales?\"  onclick=\"javascript:void window.open('http:\/\/widget.renren.com\/dialog\/share?resourceUrl=www.fabregat-perulles-sales.com\/actualidad\/wp-json\/wp\/v2\/posts\/4847&srcUrl=www.fabregat-perulles-sales.com\/actualidad\/wp-json\/wp\/v2\/posts\/4847&title=\u00bfQuieres saber m\u00e1s sobre el r\u00e9gimen sancionador por el incumplimiento de dep\u00f3sito de las Cuentas Anuales?','1410949501326','width=700,height=500,toolbar=0,menubar=0,location=0,status=1,scrollbars=1,resizable=1,left=0,top=0');return false;\" style=\"background-position: -480px -120px \"><\/a>\r\n\t\t\t\t\t<\/li>\r\n\t\t\t\t\t\t\t\t\t\t<li class=\"none nobackground \" >\r\n\r\n\t\t\t\t\t\t\t\t\t\t\t\t<a id=\"backforunical4847\" href=\"http:\/\/n4g.com\/tips?url=www.fabregat-perulles-sales.com\/actualidad\/wp-json\/wp\/v2\/posts\/4847&title=\u00bfQuieres saber m\u00e1s sobre el r\u00e9gimen sancionador por el incumplimiento de dep\u00f3sito de las Cuentas Anuales?\"  onclick=\"javascript:void window.open('http:\/\/n4g.com\/tips?url=www.fabregat-perulles-sales.com\/actualidad\/wp-json\/wp\/v2\/posts\/4847&title=\u00bfQuieres saber m\u00e1s sobre el r\u00e9gimen sancionador por el incumplimiento de dep\u00f3sito de las Cuentas Anuales?','1410949501326','width=700,height=500,toolbar=0,menubar=0,location=0,status=1,scrollbars=1,resizable=1,left=0,top=0');return false;\" style=\"background-position: -510px -120px \"><\/a>\r\n\t\t\t\t\t<\/li>\r\n\t\t\t\t\t\t\t\t<\/ul>\r\n\t\t\t<div class=\"clear\"><\/div>\r\n\t\t<\/div>\r\n\t\t","protected":false},"excerpt":{"rendered":"<p>Novedades en el r\u00e9gimen sancionador por incumplimiento de dep\u00f3sito de las Cuentas Anuales El pasado 30 de enero de 2021 se public\u00f3 en el BOE el Real Decreto 2\/2021, de 12 de enero , por el que se aprueba el Reglamento de Desarrollo de la Ley 22\/2015, de 20 de julio, de Auditor\u00eda de Cuentas\u2026 <span class=\"read-more\"><a href=\"https:\/\/www.fabregat-perulles-sales.com\/actualidad\/quieres-saber-mas-sobre-el-regimen-sancionador-por-el-incumplimiento-de-deposito-de-las-cuentas-anuales\/\">Read More &raquo;<\/a><\/span><\/p>\n","protected":false},"author":3,"featured_media":0,"comment_status":"open","ping_status":"closed","sticky":false,"template":"","format":"standard","meta":[],"categories":[12,1500,6,466,457,1,3],"tags":[],"yoast_head":"<!-- This site is optimized with the Yoast SEO plugin v20.2.1 - https:\/\/yoast.com\/wordpress\/plugins\/seo\/ -->\n<title>Novedades en el r\u00e9gimen sancionador<\/title>\n<meta name=\"description\" content=\"Novedades en el r\u00e9gimen sancionador por el incumplimiento de dep\u00f3sito de las Cuentas Anuales. Abogados especialistas en Madrid y Barcelona. Contacta ahora.\" \/>\n<meta name=\"robots\" content=\"index, follow, max-snippet:-1, max-image-preview:large, max-video-preview:-1\" \/>\n<link rel=\"canonical\" href=\"https:\/\/www.fabregat-perulles-sales.com\/actualidad\/quieres-saber-mas-sobre-el-regimen-sancionador-por-el-incumplimiento-de-deposito-de-las-cuentas-anuales\/\" \/>\n<meta property=\"og:locale\" content=\"en_US\" \/>\n<meta property=\"og:type\" content=\"article\" \/>\n<meta property=\"og:title\" content=\"Novedades en el r\u00e9gimen sancionador\" \/>\n<meta property=\"og:description\" content=\"Novedades en el r\u00e9gimen sancionador por el incumplimiento de dep\u00f3sito de las Cuentas Anuales. Abogados especialistas en Madrid y Barcelona. Contacta ahora.\" \/>\n<meta property=\"og:url\" content=\"https:\/\/www.fabregat-perulles-sales.com\/actualidad\/quieres-saber-mas-sobre-el-regimen-sancionador-por-el-incumplimiento-de-deposito-de-las-cuentas-anuales\/\" \/>\n<meta property=\"og:site_name\" content=\"International Lawyers\" \/>\n<meta property=\"article:published_time\" content=\"2021-04-22T15:46:04+00:00\" \/>\n<meta property=\"article:modified_time\" content=\"2021-05-05T13:41:11+00:00\" \/>\n<meta name=\"author\" content=\"Victor\" \/>\n<meta name=\"twitter:card\" content=\"summary_large_image\" \/>\n<meta name=\"twitter:label1\" content=\"Written by\" \/>\n\t<meta name=\"twitter:data1\" content=\"Victor\" \/>\n\t<meta name=\"twitter:label2\" content=\"Est. reading time\" \/>\n\t<meta name=\"twitter:data2\" content=\"3 minutes\" \/>\n<script type=\"application\/ld+json\" class=\"yoast-schema-graph\">{\"@context\":\"https:\/\/schema.org\",\"@graph\":[{\"@type\":\"WebPage\",\"@id\":\"https:\/\/www.fabregat-perulles-sales.com\/actualidad\/quieres-saber-mas-sobre-el-regimen-sancionador-por-el-incumplimiento-de-deposito-de-las-cuentas-anuales\/\",\"url\":\"https:\/\/www.fabregat-perulles-sales.com\/actualidad\/quieres-saber-mas-sobre-el-regimen-sancionador-por-el-incumplimiento-de-deposito-de-las-cuentas-anuales\/\",\"name\":\"Novedades en el r\u00e9gimen sancionador\",\"isPartOf\":{\"@id\":\"https:\/\/www.fabregat-perulles-sales.com\/actualidad\/#website\"},\"datePublished\":\"2021-04-22T15:46:04+00:00\",\"dateModified\":\"2021-05-05T13:41:11+00:00\",\"author\":{\"@id\":\"https:\/\/www.fabregat-perulles-sales.com\/actualidad\/#\/schema\/person\/cabc1d68c7778f01d5e069c2d98442e3\"},\"description\":\"Novedades en el r\u00e9gimen sancionador por el incumplimiento de dep\u00f3sito de las Cuentas Anuales. Abogados especialistas en Madrid y Barcelona. Contacta ahora.\",\"breadcrumb\":{\"@id\":\"https:\/\/www.fabregat-perulles-sales.com\/actualidad\/quieres-saber-mas-sobre-el-regimen-sancionador-por-el-incumplimiento-de-deposito-de-las-cuentas-anuales\/#breadcrumb\"},\"inLanguage\":\"en-US\",\"potentialAction\":[{\"@type\":\"ReadAction\",\"target\":[\"https:\/\/www.fabregat-perulles-sales.com\/actualidad\/quieres-saber-mas-sobre-el-regimen-sancionador-por-el-incumplimiento-de-deposito-de-las-cuentas-anuales\/\"]}]},{\"@type\":\"BreadcrumbList\",\"@id\":\"https:\/\/www.fabregat-perulles-sales.com\/actualidad\/quieres-saber-mas-sobre-el-regimen-sancionador-por-el-incumplimiento-de-deposito-de-las-cuentas-anuales\/#breadcrumb\",\"itemListElement\":[{\"@type\":\"ListItem\",\"position\":1,\"name\":\"Home\",\"item\":\"https:\/\/www.fabregat-perulles-sales.com\/actualidad\/\"},{\"@type\":\"ListItem\",\"position\":2,\"name\":\"\u00bfQuieres saber m\u00e1s sobre el r\u00e9gimen sancionador por el incumplimiento de dep\u00f3sito de las Cuentas Anuales?\"}]},{\"@type\":\"WebSite\",\"@id\":\"https:\/\/www.fabregat-perulles-sales.com\/actualidad\/#website\",\"url\":\"https:\/\/www.fabregat-perulles-sales.com\/actualidad\/\",\"name\":\"www.fabregat-perulles-sales.com\",\"description\":\"Fabregat Perulles Sales Abogados is a law firm of reference international market in the Spanish-German, Spanish-French, and Spanish-Italian. Is one of the first firms in Barcelona offering a Russian Desk.\",\"potentialAction\":[{\"@type\":\"SearchAction\",\"target\":{\"@type\":\"EntryPoint\",\"urlTemplate\":\"https:\/\/www.fabregat-perulles-sales.com\/actualidad\/?s={search_term_string}\"},\"query-input\":\"required name=search_term_string\"}],\"inLanguage\":\"en-US\"},{\"@type\":\"Person\",\"@id\":\"https:\/\/www.fabregat-perulles-sales.com\/actualidad\/#\/schema\/person\/cabc1d68c7778f01d5e069c2d98442e3\",\"name\":\"Victor\",\"image\":{\"@type\":\"ImageObject\",\"inLanguage\":\"en-US\",\"@id\":\"https:\/\/www.fabregat-perulles-sales.com\/actualidad\/#\/schema\/person\/image\/\",\"url\":\"https:\/\/secure.gravatar.com\/avatar\/756cb666a964d2960ffe307b8a53b271?s=96&d=mm&r=g\",\"contentUrl\":\"https:\/\/secure.gravatar.com\/avatar\/756cb666a964d2960ffe307b8a53b271?s=96&d=mm&r=g\",\"caption\":\"Victor\"},\"sameAs\":[\"http:\/\/www.fabregat-perulles-sales.com\"],\"url\":\"https:\/\/www.fabregat-perulles-sales.com\/actualidad\/author\/victor\/\"}]}<\/script>\n<!-- \/ Yoast SEO plugin. -->","yoast_head_json":{"title":"Novedades en el r\u00e9gimen sancionador","description":"Novedades en el r\u00e9gimen sancionador por el incumplimiento de dep\u00f3sito de las Cuentas Anuales. Abogados especialistas en Madrid y Barcelona. Contacta ahora.","robots":{"index":"index","follow":"follow","max-snippet":"max-snippet:-1","max-image-preview":"max-image-preview:large","max-video-preview":"max-video-preview:-1"},"canonical":"https:\/\/www.fabregat-perulles-sales.com\/actualidad\/quieres-saber-mas-sobre-el-regimen-sancionador-por-el-incumplimiento-de-deposito-de-las-cuentas-anuales\/","og_locale":"en_US","og_type":"article","og_title":"Novedades en el r\u00e9gimen sancionador","og_description":"Novedades en el r\u00e9gimen sancionador por el incumplimiento de dep\u00f3sito de las Cuentas Anuales. Abogados especialistas en Madrid y Barcelona. Contacta ahora.","og_url":"https:\/\/www.fabregat-perulles-sales.com\/actualidad\/quieres-saber-mas-sobre-el-regimen-sancionador-por-el-incumplimiento-de-deposito-de-las-cuentas-anuales\/","og_site_name":"International Lawyers","article_published_time":"2021-04-22T15:46:04+00:00","article_modified_time":"2021-05-05T13:41:11+00:00","author":"Victor","twitter_card":"summary_large_image","twitter_misc":{"Written by":"Victor","Est. reading time":"3 minutes"},"schema":{"@context":"https:\/\/schema.org","@graph":[{"@type":"WebPage","@id":"https:\/\/www.fabregat-perulles-sales.com\/actualidad\/quieres-saber-mas-sobre-el-regimen-sancionador-por-el-incumplimiento-de-deposito-de-las-cuentas-anuales\/","url":"https:\/\/www.fabregat-perulles-sales.com\/actualidad\/quieres-saber-mas-sobre-el-regimen-sancionador-por-el-incumplimiento-de-deposito-de-las-cuentas-anuales\/","name":"Novedades en el r\u00e9gimen sancionador","isPartOf":{"@id":"https:\/\/www.fabregat-perulles-sales.com\/actualidad\/#website"},"datePublished":"2021-04-22T15:46:04+00:00","dateModified":"2021-05-05T13:41:11+00:00","author":{"@id":"https:\/\/www.fabregat-perulles-sales.com\/actualidad\/#\/schema\/person\/cabc1d68c7778f01d5e069c2d98442e3"},"description":"Novedades en el r\u00e9gimen sancionador por el incumplimiento de dep\u00f3sito de las Cuentas Anuales. Abogados especialistas en Madrid y Barcelona. Contacta ahora.","breadcrumb":{"@id":"https:\/\/www.fabregat-perulles-sales.com\/actualidad\/quieres-saber-mas-sobre-el-regimen-sancionador-por-el-incumplimiento-de-deposito-de-las-cuentas-anuales\/#breadcrumb"},"inLanguage":"en-US","potentialAction":[{"@type":"ReadAction","target":["https:\/\/www.fabregat-perulles-sales.com\/actualidad\/quieres-saber-mas-sobre-el-regimen-sancionador-por-el-incumplimiento-de-deposito-de-las-cuentas-anuales\/"]}]},{"@type":"BreadcrumbList","@id":"https:\/\/www.fabregat-perulles-sales.com\/actualidad\/quieres-saber-mas-sobre-el-regimen-sancionador-por-el-incumplimiento-de-deposito-de-las-cuentas-anuales\/#breadcrumb","itemListElement":[{"@type":"ListItem","position":1,"name":"Home","item":"https:\/\/www.fabregat-perulles-sales.com\/actualidad\/"},{"@type":"ListItem","position":2,"name":"\u00bfQuieres saber m\u00e1s sobre el r\u00e9gimen sancionador por el incumplimiento de dep\u00f3sito de las Cuentas Anuales?"}]},{"@type":"WebSite","@id":"https:\/\/www.fabregat-perulles-sales.com\/actualidad\/#website","url":"https:\/\/www.fabregat-perulles-sales.com\/actualidad\/","name":"www.fabregat-perulles-sales.com","description":"Fabregat Perulles Sales Abogados is a law firm of reference international market in the Spanish-German, Spanish-French, and Spanish-Italian. Is one of the first firms in Barcelona offering a Russian Desk.","potentialAction":[{"@type":"SearchAction","target":{"@type":"EntryPoint","urlTemplate":"https:\/\/www.fabregat-perulles-sales.com\/actualidad\/?s={search_term_string}"},"query-input":"required name=search_term_string"}],"inLanguage":"en-US"},{"@type":"Person","@id":"https:\/\/www.fabregat-perulles-sales.com\/actualidad\/#\/schema\/person\/cabc1d68c7778f01d5e069c2d98442e3","name":"Victor","image":{"@type":"ImageObject","inLanguage":"en-US","@id":"https:\/\/www.fabregat-perulles-sales.com\/actualidad\/#\/schema\/person\/image\/","url":"https:\/\/secure.gravatar.com\/avatar\/756cb666a964d2960ffe307b8a53b271?s=96&d=mm&r=g","contentUrl":"https:\/\/secure.gravatar.com\/avatar\/756cb666a964d2960ffe307b8a53b271?s=96&d=mm&r=g","caption":"Victor"},"sameAs":["http:\/\/www.fabregat-perulles-sales.com"],"url":"https:\/\/www.fabregat-perulles-sales.com\/actualidad\/author\/victor\/"}]}},"amp_enabled":true,"_links":{"self":[{"href":"https:\/\/www.fabregat-perulles-sales.com\/actualidad\/wp-json\/wp\/v2\/posts\/4847"}],"collection":[{"href":"https:\/\/www.fabregat-perulles-sales.com\/actualidad\/wp-json\/wp\/v2\/posts"}],"about":[{"href":"https:\/\/www.fabregat-perulles-sales.com\/actualidad\/wp-json\/wp\/v2\/types\/post"}],"author":[{"embeddable":true,"href":"https:\/\/www.fabregat-perulles-sales.com\/actualidad\/wp-json\/wp\/v2\/users\/3"}],"replies":[{"embeddable":true,"href":"https:\/\/www.fabregat-perulles-sales.com\/actualidad\/wp-json\/wp\/v2\/comments?post=4847"}],"version-history":[{"count":7,"href":"https:\/\/www.fabregat-perulles-sales.com\/actualidad\/wp-json\/wp\/v2\/posts\/4847\/revisions"}],"predecessor-version":[{"id":4891,"href":"https:\/\/www.fabregat-perulles-sales.com\/actualidad\/wp-json\/wp\/v2\/posts\/4847\/revisions\/4891"}],"wp:attachment":[{"href":"https:\/\/www.fabregat-perulles-sales.com\/actualidad\/wp-json\/wp\/v2\/media?parent=4847"}],"wp:term":[{"taxonomy":"category","embeddable":true,"href":"https:\/\/www.fabregat-perulles-sales.com\/actualidad\/wp-json\/wp\/v2\/categories?post=4847"},{"taxonomy":"post_tag","embeddable":true,"href":"https:\/\/www.fabregat-perulles-sales.com\/actualidad\/wp-json\/wp\/v2\/tags?post=4847"}],"curies":[{"name":"wp","href":"https:\/\/api.w.org\/{rel}","templated":true}]}}