{"id":4782,"date":"2021-02-05T14:15:59","date_gmt":"2021-02-05T13:15:59","guid":{"rendered":"https:\/\/www.fabregat-perulles-sales.com\/actualidad\/?p=4782"},"modified":"2021-03-08T11:09:37","modified_gmt":"2021-03-08T10:09:37","slug":"el-tribunal-constitucional-declara-inconstitucionales-algunos-preceptos-sobre-las-medidas-urgentes-aprobadas-para-mejorar-el-acceso-a-la-vivienda","status":"publish","type":"post","link":"https:\/\/www.fabregat-perulles-sales.com\/actualidad\/el-tribunal-constitucional-declara-inconstitucionales-algunos-preceptos-sobre-las-medidas-urgentes-aprobadas-para-mejorar-el-acceso-a-la-vivienda\/","title":{"rendered":"El Tribunal Constitucional declara inconstitucionales algunos preceptos sobre las medidas urgentes aprobadas para mejorar el acceso a la vivienda"},"content":{"rendered":"<p class=\"x_MsoNormal\"><img decoding=\"async\" loading=\"lazy\" class=\"aligncenter wp-image-4783\" src=\"https:\/\/www.fabregat-perulles-sales.com\/actualidad\/wp-content\/uploads\/2021\/02\/El-Tribunal-Constitucional-declara-inconstitucionales-preceptos-sobre-las-medidas-urgentes-aprobadas-para-mejorar-el-acceso-a-la-vivienda.jpg\" alt=\"\" width=\"759\" height=\"508\" srcset=\"https:\/\/www.fabregat-perulles-sales.com\/actualidad\/wp-content\/uploads\/2021\/02\/El-Tribunal-Constitucional-declara-inconstitucionales-preceptos-sobre-las-medidas-urgentes-aprobadas-para-mejorar-el-acceso-a-la-vivienda.jpg 1280w, https:\/\/www.fabregat-perulles-sales.com\/actualidad\/wp-content\/uploads\/2021\/02\/El-Tribunal-Constitucional-declara-inconstitucionales-preceptos-sobre-las-medidas-urgentes-aprobadas-para-mejorar-el-acceso-a-la-vivienda-300x201.jpg 300w, https:\/\/www.fabregat-perulles-sales.com\/actualidad\/wp-content\/uploads\/2021\/02\/El-Tribunal-Constitucional-declara-inconstitucionales-preceptos-sobre-las-medidas-urgentes-aprobadas-para-mejorar-el-acceso-a-la-vivienda-768x514.jpg 768w, https:\/\/www.fabregat-perulles-sales.com\/actualidad\/wp-content\/uploads\/2021\/02\/El-Tribunal-Constitucional-declara-inconstitucionales-preceptos-sobre-las-medidas-urgentes-aprobadas-para-mejorar-el-acceso-a-la-vivienda-1024x685.jpg 1024w, https:\/\/www.fabregat-perulles-sales.com\/actualidad\/wp-content\/uploads\/2021\/02\/El-Tribunal-Constitucional-declara-inconstitucionales-preceptos-sobre-las-medidas-urgentes-aprobadas-para-mejorar-el-acceso-a-la-vivienda-660x441.jpg 660w\" sizes=\"(max-width: 759px) 100vw, 759px\" \/><\/p>\n<p class=\"x_MsoNormal\">El Tribunal Constitucional declara inconstitucionales algunos preceptos sobre las medidas urgentes aprobadas para mejorar el acceso a la vivienda:<\/p>\n<p class=\"x_MsoNormal\">El Pleno del Tribunal Constitucional estima, por unanimidad, en parte el recurso de inconstitucionalidad presentado por 86 diputados contra el Decreto-Ley del Gobierno de Catalu\u00f1a 17\/2019, de 23 de diciembre, que regula las medidas urgentes para mejorar el acceso a la vivienda, contra el decreto-ley de la Generalitat 1\/2020, de 21 de enero que modifica el anterior y\u00a0el Acuerdo del Parlamento de Catalu\u00f1a de 4 de marzo de 2020 de validaci\u00f3n del \u00faltimo decreto-ley 1\/2020\u00a0\u00a0\u00a0.<!--more--><\/p>\n<p class=\"x_MsoNormal\">La <a href=\"https:\/\/www.tribunalconstitucional.es\/NotasDePrensaDocumentos\/NP_2021_002\/P%206289-2020.pdf\">sentencia declara inconstitucionales y nulos<\/a> una serie de preceptos bas\u00e1ndose en \u201cun argumento central y b\u00e1sico consistente en que no concurren los requisitos del presupuesto habilitante que exige el art\u00edculo 86.1 CE para regular la materia sobre las medidas urgentes para mejorar el acceso a la vivienda, resultando insuficiente el rango de la norma.\u201d<\/p>\n<p class=\"x_MsoNormal\">En concreto, el Tribunal Constitucional ha declarado nulos los art\u00edculos 2.2, 2.3, 2.4, 2.5, 2.7, 2.10, 2.11 (inciso \u201csin perjuicio del supuesto a que hace referencia el art\u00edculo 42.6\u201d), 2.12, 4.2, 4.5 (inciso \u201cy del apartado 2 de la disposici\u00f3n adicional primera\u201d), 5.5, 5.6, 5.7, 6.3 y 6.6 y la disposici\u00f3n transitoria primera del Decreto-ley 17\/2019.<\/p>\n<p class=\"x_MsoNormal\">Si est\u00e1s interesado\/a en\u00a0saber m\u00e1s sobre los preceptos de las medidas urgentes aprobadas para mejorar el acceso a la vivienda que el Tribunal Constitucional declara inconstitucionales, revisa nuestros <a href=\"https:\/\/www.fabregat-perulles-sales.com\/actualidad\/el-tribunal-constitucional-admite-a-tramite-el-recurso-promovido-por-el-grupo-popular\/\">art\u00edculos <\/a>y\u00a0contacta con nosotros\u00a0<a href=\"https:\/\/www.fabregat-perulles-sales.com\/abogados-es\/contacto-contactenos\" target=\"_blank\" rel=\"noopener noreferrer\">aqu\u00ed<\/a>.<\/p>\n<p class=\"x_MsoNormal\">En\u00a0<a href=\"https:\/\/www.fabregat-perulles-sales.com\/abogados-es\/firma-quienes-somos\" target=\"_blank\" rel=\"noopener noreferrer\">Fabregat Perulles Sales<\/a>\u00a0te asesoramos.<\/p>\n<h6 class=\"x_MsoNormal\">\u00a0<i>\u201cEste documento tiene como prop\u00f3sito exclusivo la divulgaci\u00f3n de su contenido. No constituye asesoramiento de ning\u00fan tipo y, por tanto, no puede considerarse cono tal ni debe servir de base para la toma de decisiones.\u201d<\/i><\/h6>\n\r\n\t\t<style>\r\n\t\t\t.huge-it-share-buttons {\r\n\t\t\t\tborder:0px solid #0FB5D6;\r\n\t\t\t\tborder-radius:5px;\r\n\t\t\t\tbackground:#3BD8FF;\r\n\t\t\t text-align:left; \t\t\t\t\t\t\t\t\t}\r\n\r\n\t\t\t#huge-it-share-buttons-top {margin-bottom:0px;}\r\n\t\t\t#huge-it-share-buttons-bottom {margin-top:0px;}\r\n\r\n\t\t\t.huge-it-share-buttons h3 {\r\n\t\t\t\tfont-size:25px ;\r\n\t\t\t\tfont-family:Arial,Helvetica Neue,Helvetica,sans-serif;\r\n\t\t\t\tcolor:#666666;\r\n\r\n\t\t\tdisplay:block;\t\t\t\tline-height:25px ;\r\n\r\n\t\t\t text-align:left; \t\t\t\t\t\t\t\t\t}\r\n\r\n\t\t\t.huge-it-share-buttons ul {\r\n\t\t\t float:left; \t\t\t\t\t\t\t\t\t}\r\n\r\n\t\t\t.huge-it-share-buttons ul li {\r\n\t\t\t\tmargin-left:3px;\r\n\t\t\t\tmargin-right:3px;\r\n\t\t\t\tpadding:0px;\r\n\t\t\t\tborder:0px ridge #E6354C;\r\n\t\t\t\tborder-radius:11px;\r\n\t\t\t\tbackground-color:#14CC9B;\r\n\t\t\t}\r\n\r\n\t\t\t.huge-it-share-buttons ul li #backforunical4782 {\r\n\t\t\t\tborder-bottom: 0;\r\n\t\t\t\tbackground-image:url('https:\/\/www.fabregat-perulles-sales.com\/actualidad\/wp-content\/plugins\/wp-share-buttons\/Front_end\/..\/images\/buttons.30.png');\r\n\t\t\t\twidth:30px;\r\n\t\t\t\theight:30px;\r\n\t\t\t}\r\n\r\n\t\t\t.front-shares-count {\r\n\t\t\t\tposition: absolute;\r\n\t\t\t\ttext-align: center;\r\n\t\t\t\tdisplay: block;\r\n\t\t\t}\r\n\r\n\t\t\t.shares_size20 .front-shares-count {\r\n\t\t\t\tfont-size: 10px;\r\n\t\t\t\ttop: 10px;\r\n\t\t\t\twidth: 20px;\r\n\t\t\t}\r\n\r\n\t\t\t.shares_size30 .front-shares-count {\r\n\t\t\t\tfont-size: 11px;\r\n\t\t\t\ttop: 15px;\r\n\t\t\t\twidth: 30px;\r\n\t\t\t}\r\n\r\n\t\t\t.shares_size40 .front-shares-count {\r\n\t\t\t\tfont-size: 12px;\r\n\t\t\t\ttop: 21px;\r\n\t\t\t\twidth: 40px;\r\n\t\t\t}\r\n\t\t<\/style>\r\n\t\t\r\n\t\t<div id=\"huge-it-share-buttons-top\" class=\"huge-it-share-buttons nobackground\">\r\n\t\t\t<h3>Share This:<\/h3>\r\n\t\t\t<ul class=\"huge-it-share-buttons-list \">\r\n\t\t\t\t\t\t\t\t\t<li class=\"nobackground \" >\r\n\r\n\t\t\t\t\t\t\t\t\t\t\t\t<a id=\"backforunical4782\" href=\"https:\/\/www.facebook.com\/sharer\/sharer.php?u=www.fabregat-perulles-sales.com\/actualidad\/wp-json\/wp\/v2\/posts\/4782\"  onclick=\"javascript:void window.open('https:\/\/www.facebook.com\/sharer\/sharer.php?u=www.fabregat-perulles-sales.com\/actualidad\/wp-json\/wp\/v2\/posts\/4782','1410949501326','width=700,height=500,toolbar=0,menubar=0,location=0,status=1,scrollbars=1,resizable=1,left=0,top=0');return false;\" style=\"background-position: -0px -120px \"><\/a>\r\n\t\t\t\t\t<\/li>\r\n\t\t\t\t\t\t\t\t\t\t<li class=\"nobackground \" >\r\n\r\n\t\t\t\t\t\t\t\t\t\t\t\t<a id=\"backforunical4782\" href=\"https:\/\/twitter.com\/share?status=www.fabregat-perulles-sales.com\/actualidad\/wp-json\/wp\/v2\/posts\/4782&text=El Tribunal Constitucional declara inconstitucionales algunos preceptos sobre las medidas urgentes aprobadas para mejorar el acceso a la vivienda\"  onclick=\"javascript:void window.open('https:\/\/twitter.com\/share?status=www.fabregat-perulles-sales.com\/actualidad\/wp-json\/wp\/v2\/posts\/4782&text=El Tribunal Constitucional declara inconstitucionales algunos preceptos sobre las medidas urgentes aprobadas para mejorar el acceso a la vivienda','1410949501326','width=700,height=500,toolbar=0,menubar=0,location=0,status=1,scrollbars=1,resizable=1,left=0,top=0');return false;\" style=\"background-position: -30px -120px \"><\/a>\r\n\t\t\t\t\t<\/li>\r\n\t\t\t\t\t\t\t\t\t\t<li class=\"none nobackground \" >\r\n\r\n\t\t\t\t\t\t\t\t\t\t\t\t<a id=\"backforunical4782\" href=\"http:\/\/www.pinterest.com\/pin\/create\/button\/?url=www.fabregat-perulles-sales.com\/actualidad\/wp-json\/wp\/v2\/posts\/4782&media=https:\/\/www.fabregat-perulles-sales.com\/actualidad\/wp-content\/plugins\/wp-share-buttons\/Front_end\/..\/images\/noimage.png&description=El Tribunal Constitucional declara inconstitucionales algunos preceptos sobre las medidas urgentes aprobadas para mejorar el acceso a la vivienda\"  onclick=\"javascript:void window.open('http:\/\/www.pinterest.com\/pin\/create\/button\/?url=www.fabregat-perulles-sales.com\/actualidad\/wp-json\/wp\/v2\/posts\/4782&media=https:\/\/www.fabregat-perulles-sales.com\/actualidad\/wp-content\/plugins\/wp-share-buttons\/Front_end\/..\/images\/noimage.png&description=El Tribunal Constitucional declara inconstitucionales algunos preceptos sobre las medidas urgentes aprobadas para mejorar el acceso a la vivienda','1410949501326','width=700,height=500,toolbar=0,menubar=0,location=0,status=1,scrollbars=1,resizable=1,left=0,top=0');return false;\" style=\"background-position: -60px -120px \"><\/a>\r\n\t\t\t\t\t<\/li>\r\n\t\t\t\t\t\t\t\t\t\t<li class=\"none nobackground \" >\r\n\r\n\t\t\t\t\t\t\t\t\t\t\t\t<a id=\"backforunical4782\" href=\"https:\/\/plus.google.com\/share?url=www.fabregat-perulles-sales.com\/actualidad\/wp-json\/wp\/v2\/posts\/4782\"  onclick=\"javascript:void window.open('https:\/\/plus.google.com\/share?url=www.fabregat-perulles-sales.com\/actualidad\/wp-json\/wp\/v2\/posts\/4782','1410949501326','width=700,height=500,toolbar=0,menubar=0,location=0,status=1,scrollbars=1,resizable=1,left=0,top=0');return false;\" style=\"background-position: -90px -120px \"><\/a>\r\n\t\t\t\t\t<\/li>\r\n\t\t\t\t\t\t\t\t\t\t<li class=\"nobackground \" >\r\n\r\n\t\t\t\t\t\t\t\t\t\t\t\t<a id=\"backforunical4782\" href=\"https:\/\/www.linkedin.com\/shareArticle?title=El Tribunal Constitucional declara inconstitucionales algunos preceptos sobre las medidas urgentes aprobadas para mejorar el acceso a la vivienda&mini=true&url=https:\/\/www.fabregat-perulles-sales.com\/actualidad\/wp-json\/wp\/v2\/posts\/4782\"  onclick=\"javascript:void window.open('https:\/\/www.linkedin.com\/shareArticle?title=El Tribunal Constitucional declara inconstitucionales algunos preceptos sobre las medidas urgentes aprobadas para mejorar el acceso a la vivienda&mini=true&url=https:\/\/www.fabregat-perulles-sales.com\/actualidad\/wp-json\/wp\/v2\/posts\/4782','1410949501326','width=700,height=500,toolbar=0,menubar=0,location=0,status=1,scrollbars=1,resizable=1,left=0,top=0');return false;\" style=\"background-position: -120px -120px \"><\/a>\r\n\t\t\t\t\t<\/li>\r\n\t\t\t\t\t\t\t\t\t\t<li class=\"none nobackground \" >\r\n\r\n\t\t\t\t\t\t\t\t\t\t\t\t<a id=\"backforunical4782\" href=\"https:\/\/www.tumblr.com\/share\/link?url=www.fabregat-perulles-sales.com\/actualidad\/wp-json\/wp\/v2\/posts\/4782&name=El Tribunal Constitucional declara inconstitucionales algunos preceptos sobre las medidas urgentes aprobadas para mejorar el acceso a la vivienda\"  onclick=\"javascript:void window.open('https:\/\/www.tumblr.com\/share\/link?url=www.fabregat-perulles-sales.com\/actualidad\/wp-json\/wp\/v2\/posts\/4782&name=El Tribunal Constitucional declara inconstitucionales algunos preceptos sobre las medidas urgentes aprobadas para mejorar el acceso a la vivienda','1410949501326','width=700,height=500,toolbar=0,menubar=0,location=0,status=1,scrollbars=1,resizable=1,left=0,top=0');return false;\" style=\"background-position: -150px -120px \"><\/a>\r\n\t\t\t\t\t<\/li>\r\n\t\t\t\t\t\t\t\t\t\t<li class=\"none nobackground \" >\r\n\r\n\t\t\t\t\t\t\t\t\t\t\t\t<a id=\"backforunical4782\" href=\"http:\/\/digg.com\/submit?phase=2&url=www.fabregat-perulles-sales.com\/actualidad\/wp-json\/wp\/v2\/posts\/4782&title=El Tribunal Constitucional declara inconstitucionales algunos preceptos sobre las medidas urgentes aprobadas para mejorar el acceso a la vivienda\"  onclick=\"javascript:void window.open('http:\/\/digg.com\/submit?phase=2&url=www.fabregat-perulles-sales.com\/actualidad\/wp-json\/wp\/v2\/posts\/4782&title=El Tribunal Constitucional declara inconstitucionales algunos preceptos sobre las medidas urgentes aprobadas para mejorar el acceso a la vivienda','1410949501326','width=700,height=500,toolbar=0,menubar=0,location=0,status=1,scrollbars=1,resizable=1,left=0,top=0');return false;\" style=\"background-position: -180px -120px \"><\/a>\r\n\t\t\t\t\t<\/li>\r\n\t\t\t\t\t\t\t\t\t\t<li class=\"none nobackground \" >\r\n\r\n\t\t\t\t\t\t\t\t\t\t\t\t<a id=\"backforunical4782\" href=\"http:\/\/www.stumbleupon.com\/submit?url=www.fabregat-perulles-sales.com\/actualidad\/wp-json\/wp\/v2\/posts\/4782&title=El Tribunal Constitucional declara inconstitucionales algunos preceptos sobre las medidas urgentes aprobadas para mejorar el acceso a la vivienda\"  onclick=\"javascript:void window.open('http:\/\/www.stumbleupon.com\/submit?url=www.fabregat-perulles-sales.com\/actualidad\/wp-json\/wp\/v2\/posts\/4782&title=El Tribunal Constitucional declara inconstitucionales algunos preceptos sobre las medidas urgentes aprobadas para mejorar el acceso a la vivienda','1410949501326','width=700,height=500,toolbar=0,menubar=0,location=0,status=1,scrollbars=1,resizable=1,left=0,top=0');return false;\" style=\"background-position: -210px -120px \"><\/a>\r\n\t\t\t\t\t<\/li>\r\n\t\t\t\t\t\t\t\t\t\t<li class=\"none nobackground \" >\r\n\r\n\t\t\t\t\t\t\t\t\t\t\t\t<a id=\"backforunical4782\" href=\"https:\/\/myspace.com\/post?l=3&u=www.fabregat-perulles-sales.com\/actualidad\/wp-json\/wp\/v2\/posts\/4782\"  onclick=\"javascript:void window.open('https:\/\/myspace.com\/post?l=3&u=www.fabregat-perulles-sales.com\/actualidad\/wp-json\/wp\/v2\/posts\/4782','1410949501326','width=700,height=500,toolbar=0,menubar=0,location=0,status=1,scrollbars=1,resizable=1,left=0,top=0');return false;\" style=\"background-position: -240px -120px \"><\/a>\r\n\t\t\t\t\t<\/li>\r\n\t\t\t\t\t\t\t\t\t\t<li class=\"nobackground \" >\r\n\r\n\t\t\t\t\t\t\t\t\t\t\t\t<a id=\"backforunical4782\" href=\"http:\/\/vk.com\/share.php?url=www.fabregat-perulles-sales.com\/actualidad\/wp-json\/wp\/v2\/posts\/4782&title=El Tribunal Constitucional declara inconstitucionales algunos preceptos sobre las medidas urgentes aprobadas para mejorar el acceso a la vivienda\"  onclick=\"javascript:void window.open('http:\/\/vk.com\/share.php?url=www.fabregat-perulles-sales.com\/actualidad\/wp-json\/wp\/v2\/posts\/4782&title=El Tribunal Constitucional declara inconstitucionales algunos preceptos sobre las medidas urgentes aprobadas para mejorar el acceso a la vivienda','1410949501326','width=700,height=500,toolbar=0,menubar=0,location=0,status=1,scrollbars=1,resizable=1,left=0,top=0');return false;\" style=\"background-position: -270px -120px \"><\/a>\r\n\t\t\t\t\t<\/li>\r\n\t\t\t\t\t\t\t\t\t\t<li class=\"none nobackground \" >\r\n\r\n\t\t\t\t\t\t\t\t\t\t\t\t<a id=\"backforunical4782\" href=\"http:\/\/www.reddit.com\/submit?url=www.fabregat-perulles-sales.com\/actualidad\/wp-json\/wp\/v2\/posts\/4782&title=El Tribunal Constitucional declara inconstitucionales algunos preceptos sobre las medidas urgentes aprobadas para mejorar el acceso a la vivienda\"  onclick=\"javascript:void window.open('http:\/\/www.reddit.com\/submit?url=www.fabregat-perulles-sales.com\/actualidad\/wp-json\/wp\/v2\/posts\/4782&title=El Tribunal Constitucional declara inconstitucionales algunos preceptos sobre las medidas urgentes aprobadas para mejorar el acceso a la vivienda','1410949501326','width=700,height=500,toolbar=0,menubar=0,location=0,status=1,scrollbars=1,resizable=1,left=0,top=0');return false;\" style=\"background-position: -300px -120px \"><\/a>\r\n\t\t\t\t\t<\/li>\r\n\t\t\t\t\t\t\t\t\t\t<li class=\"none nobackground \" >\r\n\r\n\t\t\t\t\t\t\t\t\t\t\t\t<a id=\"backforunical4782\" href=\"http:\/\/www.bebo.com\/c\/share?Url=www.fabregat-perulles-sales.com\/actualidad\/wp-json\/wp\/v2\/posts\/4782\"  onclick=\"javascript:void window.open('http:\/\/www.bebo.com\/c\/share?Url=www.fabregat-perulles-sales.com\/actualidad\/wp-json\/wp\/v2\/posts\/4782','1410949501326','width=700,height=500,toolbar=0,menubar=0,location=0,status=1,scrollbars=1,resizable=1,left=0,top=0');return false;\" style=\"background-position: -330px -120px \"><\/a>\r\n\t\t\t\t\t<\/li>\r\n\t\t\t\t\t\t\t\t\t\t<li class=\"none nobackground \" >\r\n\r\n\t\t\t\t\t\t\t\t\t\t\t\t<a id=\"backforunical4782\" href=\"https:\/\/delicious.com\/save?v=5&noui&jump=close&url=www.fabregat-perulles-sales.com\/actualidad\/wp-json\/wp\/v2\/posts\/4782&title=El Tribunal Constitucional declara inconstitucionales algunos preceptos sobre las medidas urgentes aprobadas para mejorar el acceso a la vivienda\"  onclick=\"javascript:void window.open('https:\/\/delicious.com\/save?v=5&noui&jump=close&url=www.fabregat-perulles-sales.com\/actualidad\/wp-json\/wp\/v2\/posts\/4782&title=El Tribunal Constitucional declara inconstitucionales algunos preceptos sobre las medidas urgentes aprobadas para mejorar el acceso a la vivienda','1410949501326','width=700,height=500,toolbar=0,menubar=0,location=0,status=1,scrollbars=1,resizable=1,left=0,top=0');return false;\" style=\"background-position: -360px -120px \"><\/a>\r\n\t\t\t\t\t<\/li>\r\n\t\t\t\t\t\t\t\t\t\t<li class=\"none nobackground \" >\r\n\r\n\t\t\t\t\t\t\t\t\t\t\t\t<a id=\"backforunical4782\" href=\"http:\/\/www.odnoklassniki.ru\/dk?st.cmd=addShare&st.s=2&st.noresize=on&st._surl=www.fabregat-perulles-sales.com\/actualidad\/wp-json\/wp\/v2\/posts\/4782\"  onclick=\"javascript:void window.open('http:\/\/www.odnoklassniki.ru\/dk?st.cmd=addShare&st.s=2&st.noresize=on&st._surl=www.fabregat-perulles-sales.com\/actualidad\/wp-json\/wp\/v2\/posts\/4782','1410949501326','width=700,height=500,toolbar=0,menubar=0,location=0,status=1,scrollbars=1,resizable=1,left=0,top=0');return false;\" style=\"background-position: -390px -120px \"><\/a>\r\n\t\t\t\t\t<\/li>\r\n\t\t\t\t\t\t\t\t\t\t<li class=\"none nobackground \" >\r\n\r\n\t\t\t\t\t\t\t\t\t\t\t\t<a id=\"backforunical4782\" href=\"http:\/\/sns.qzone.qq.com\/cgi-bin\/qzshare\/cgi_qzshare_onekey?url=www.fabregat-perulles-sales.com\/actualidad\/wp-json\/wp\/v2\/posts\/4782&title=El Tribunal Constitucional declara inconstitucionales algunos preceptos sobre las medidas urgentes aprobadas para mejorar el acceso a la vivienda\"  onclick=\"javascript:void window.open('http:\/\/sns.qzone.qq.com\/cgi-bin\/qzshare\/cgi_qzshare_onekey?url=www.fabregat-perulles-sales.com\/actualidad\/wp-json\/wp\/v2\/posts\/4782&title=El Tribunal Constitucional declara inconstitucionales algunos preceptos sobre las medidas urgentes aprobadas para mejorar el acceso a la vivienda','1410949501326','width=700,height=500,toolbar=0,menubar=0,location=0,status=1,scrollbars=1,resizable=1,left=0,top=0');return false;\" style=\"background-position: -420px -120px \"><\/a>\r\n\t\t\t\t\t<\/li>\r\n\t\t\t\t\t\t\t\t\t\t<li class=\"none nobackground \" >\r\n\r\n\t\t\t\t\t\t\t\t\t\t\t\t<a id=\"backforunical4782\" href=\"http:\/\/service.weibo.com\/share\/share.php?url=www.fabregat-perulles-sales.com\/actualidad\/wp-json\/wp\/v2\/posts\/4782&appkey=&title=El Tribunal Constitucional declara inconstitucionales algunos preceptos sobre las medidas urgentes aprobadas para mejorar el acceso a la vivienda&pic=&ralateUid=&\"  onclick=\"javascript:void window.open('http:\/\/service.weibo.com\/share\/share.php?url=www.fabregat-perulles-sales.com\/actualidad\/wp-json\/wp\/v2\/posts\/4782&appkey=&title=El Tribunal Constitucional declara inconstitucionales algunos preceptos sobre las medidas urgentes aprobadas para mejorar el acceso a la vivienda&pic=&ralateUid=&','1410949501326','width=700,height=500,toolbar=0,menubar=0,location=0,status=1,scrollbars=1,resizable=1,left=0,top=0');return false;\" style=\"background-position: -450px -120px \"><\/a>\r\n\t\t\t\t\t<\/li>\r\n\t\t\t\t\t\t\t\t\t\t<li class=\"none nobackground \" >\r\n\r\n\t\t\t\t\t\t\t\t\t\t\t\t<a id=\"backforunical4782\" href=\"http:\/\/widget.renren.com\/dialog\/share?resourceUrl=www.fabregat-perulles-sales.com\/actualidad\/wp-json\/wp\/v2\/posts\/4782&srcUrl=www.fabregat-perulles-sales.com\/actualidad\/wp-json\/wp\/v2\/posts\/4782&title=El Tribunal Constitucional declara inconstitucionales algunos preceptos sobre las medidas urgentes aprobadas para mejorar el acceso a la vivienda\"  onclick=\"javascript:void window.open('http:\/\/widget.renren.com\/dialog\/share?resourceUrl=www.fabregat-perulles-sales.com\/actualidad\/wp-json\/wp\/v2\/posts\/4782&srcUrl=www.fabregat-perulles-sales.com\/actualidad\/wp-json\/wp\/v2\/posts\/4782&title=El Tribunal Constitucional declara inconstitucionales algunos preceptos sobre las medidas urgentes aprobadas para mejorar el acceso a la vivienda','1410949501326','width=700,height=500,toolbar=0,menubar=0,location=0,status=1,scrollbars=1,resizable=1,left=0,top=0');return false;\" style=\"background-position: -480px -120px \"><\/a>\r\n\t\t\t\t\t<\/li>\r\n\t\t\t\t\t\t\t\t\t\t<li class=\"none nobackground \" >\r\n\r\n\t\t\t\t\t\t\t\t\t\t\t\t<a id=\"backforunical4782\" href=\"http:\/\/n4g.com\/tips?url=www.fabregat-perulles-sales.com\/actualidad\/wp-json\/wp\/v2\/posts\/4782&title=El Tribunal Constitucional declara inconstitucionales algunos preceptos sobre las medidas urgentes aprobadas para mejorar el acceso a la vivienda\"  onclick=\"javascript:void window.open('http:\/\/n4g.com\/tips?url=www.fabregat-perulles-sales.com\/actualidad\/wp-json\/wp\/v2\/posts\/4782&title=El Tribunal Constitucional declara inconstitucionales algunos preceptos sobre las medidas urgentes aprobadas para mejorar el acceso a la vivienda','1410949501326','width=700,height=500,toolbar=0,menubar=0,location=0,status=1,scrollbars=1,resizable=1,left=0,top=0');return false;\" style=\"background-position: -510px -120px \"><\/a>\r\n\t\t\t\t\t<\/li>\r\n\t\t\t\t\t\t\t\t<\/ul>\r\n\t\t\t<div class=\"clear\"><\/div>\r\n\t\t<\/div>\r\n\t\t","protected":false},"excerpt":{"rendered":"<p>El Tribunal Constitucional declara inconstitucionales algunos preceptos sobre las medidas urgentes aprobadas para mejorar el acceso a la vivienda: El Pleno del Tribunal Constitucional estima, por unanimidad, en parte el recurso de inconstitucionalidad presentado por 86 diputados contra el Decreto-Ley del Gobierno de Catalu\u00f1a 17\/2019, de 23 de diciembre, que regula las medidas urgentes para\u2026 <span class=\"read-more\"><a href=\"https:\/\/www.fabregat-perulles-sales.com\/actualidad\/el-tribunal-constitucional-declara-inconstitucionales-algunos-preceptos-sobre-las-medidas-urgentes-aprobadas-para-mejorar-el-acceso-a-la-vivienda\/\">Read More &raquo;<\/a><\/span><\/p>\n","protected":false},"author":3,"featured_media":0,"comment_status":"open","ping_status":"closed","sticky":false,"template":"","format":"standard","meta":[],"categories":[457,248,74],"tags":[],"yoast_head":"<!-- This site is optimized with the Yoast SEO plugin v20.2.1 - https:\/\/yoast.com\/wordpress\/plugins\/seo\/ -->\n<title>Inconstitucionalidad de preceptos<\/title>\n<meta name=\"description\" content=\"El Tribunal Constitucional declara inconstitucionales algunos preceptos sobre las medidas urgentes aprobadas para mejorar el acceso a la vivienda...\" \/>\n<meta name=\"robots\" content=\"index, follow, max-snippet:-1, max-image-preview:large, max-video-preview:-1\" \/>\n<link rel=\"canonical\" href=\"https:\/\/www.fabregat-perulles-sales.com\/actualidad\/el-tribunal-constitucional-declara-inconstitucionales-algunos-preceptos-sobre-las-medidas-urgentes-aprobadas-para-mejorar-el-acceso-a-la-vivienda\/\" \/>\n<meta property=\"og:locale\" content=\"en_US\" \/>\n<meta property=\"og:type\" content=\"article\" \/>\n<meta property=\"og:title\" content=\"Inconstitucionalidad de preceptos\" \/>\n<meta property=\"og:description\" content=\"El Tribunal Constitucional declara inconstitucionales algunos preceptos sobre las medidas urgentes aprobadas para mejorar el acceso a la vivienda...\" \/>\n<meta property=\"og:url\" content=\"https:\/\/www.fabregat-perulles-sales.com\/actualidad\/el-tribunal-constitucional-declara-inconstitucionales-algunos-preceptos-sobre-las-medidas-urgentes-aprobadas-para-mejorar-el-acceso-a-la-vivienda\/\" \/>\n<meta property=\"og:site_name\" content=\"International Lawyers\" \/>\n<meta property=\"article:published_time\" content=\"2021-02-05T13:15:59+00:00\" \/>\n<meta property=\"article:modified_time\" content=\"2021-03-08T10:09:37+00:00\" \/>\n<meta property=\"og:image\" content=\"https:\/\/www.fabregat-perulles-sales.com\/actualidad\/wp-content\/uploads\/2021\/02\/El-Tribunal-Constitucional-declara-inconstitucionales-preceptos-sobre-las-medidas-urgentes-aprobadas-para-mejorar-el-acceso-a-la-vivienda.jpg\" \/>\n<meta name=\"author\" content=\"Victor\" \/>\n<meta name=\"twitter:card\" content=\"summary_large_image\" \/>\n<meta name=\"twitter:label1\" content=\"Written by\" \/>\n\t<meta name=\"twitter:data1\" content=\"Victor\" \/>\n\t<meta name=\"twitter:label2\" content=\"Est. reading time\" \/>\n\t<meta name=\"twitter:data2\" content=\"1 minute\" \/>\n<script type=\"application\/ld+json\" class=\"yoast-schema-graph\">{\"@context\":\"https:\/\/schema.org\",\"@graph\":[{\"@type\":\"WebPage\",\"@id\":\"https:\/\/www.fabregat-perulles-sales.com\/actualidad\/el-tribunal-constitucional-declara-inconstitucionales-algunos-preceptos-sobre-las-medidas-urgentes-aprobadas-para-mejorar-el-acceso-a-la-vivienda\/\",\"url\":\"https:\/\/www.fabregat-perulles-sales.com\/actualidad\/el-tribunal-constitucional-declara-inconstitucionales-algunos-preceptos-sobre-las-medidas-urgentes-aprobadas-para-mejorar-el-acceso-a-la-vivienda\/\",\"name\":\"Inconstitucionalidad de preceptos\",\"isPartOf\":{\"@id\":\"https:\/\/www.fabregat-perulles-sales.com\/actualidad\/#website\"},\"datePublished\":\"2021-02-05T13:15:59+00:00\",\"dateModified\":\"2021-03-08T10:09:37+00:00\",\"author\":{\"@id\":\"https:\/\/www.fabregat-perulles-sales.com\/actualidad\/#\/schema\/person\/cabc1d68c7778f01d5e069c2d98442e3\"},\"description\":\"El Tribunal Constitucional declara inconstitucionales algunos preceptos sobre las medidas urgentes aprobadas para mejorar el acceso a la vivienda...\",\"breadcrumb\":{\"@id\":\"https:\/\/www.fabregat-perulles-sales.com\/actualidad\/el-tribunal-constitucional-declara-inconstitucionales-algunos-preceptos-sobre-las-medidas-urgentes-aprobadas-para-mejorar-el-acceso-a-la-vivienda\/#breadcrumb\"},\"inLanguage\":\"en-US\",\"potentialAction\":[{\"@type\":\"ReadAction\",\"target\":[\"https:\/\/www.fabregat-perulles-sales.com\/actualidad\/el-tribunal-constitucional-declara-inconstitucionales-algunos-preceptos-sobre-las-medidas-urgentes-aprobadas-para-mejorar-el-acceso-a-la-vivienda\/\"]}]},{\"@type\":\"BreadcrumbList\",\"@id\":\"https:\/\/www.fabregat-perulles-sales.com\/actualidad\/el-tribunal-constitucional-declara-inconstitucionales-algunos-preceptos-sobre-las-medidas-urgentes-aprobadas-para-mejorar-el-acceso-a-la-vivienda\/#breadcrumb\",\"itemListElement\":[{\"@type\":\"ListItem\",\"position\":1,\"name\":\"Home\",\"item\":\"https:\/\/www.fabregat-perulles-sales.com\/actualidad\/\"},{\"@type\":\"ListItem\",\"position\":2,\"name\":\"El Tribunal Constitucional declara inconstitucionales algunos preceptos sobre las medidas urgentes aprobadas para mejorar el acceso a la vivienda\"}]},{\"@type\":\"WebSite\",\"@id\":\"https:\/\/www.fabregat-perulles-sales.com\/actualidad\/#website\",\"url\":\"https:\/\/www.fabregat-perulles-sales.com\/actualidad\/\",\"name\":\"www.fabregat-perulles-sales.com\",\"description\":\"Fabregat Perulles Sales Abogados is a law firm of reference international market in the Spanish-German, Spanish-French, and Spanish-Italian. Is one of the first firms in Barcelona offering a Russian Desk.\",\"potentialAction\":[{\"@type\":\"SearchAction\",\"target\":{\"@type\":\"EntryPoint\",\"urlTemplate\":\"https:\/\/www.fabregat-perulles-sales.com\/actualidad\/?s={search_term_string}\"},\"query-input\":\"required name=search_term_string\"}],\"inLanguage\":\"en-US\"},{\"@type\":\"Person\",\"@id\":\"https:\/\/www.fabregat-perulles-sales.com\/actualidad\/#\/schema\/person\/cabc1d68c7778f01d5e069c2d98442e3\",\"name\":\"Victor\",\"image\":{\"@type\":\"ImageObject\",\"inLanguage\":\"en-US\",\"@id\":\"https:\/\/www.fabregat-perulles-sales.com\/actualidad\/#\/schema\/person\/image\/\",\"url\":\"https:\/\/secure.gravatar.com\/avatar\/756cb666a964d2960ffe307b8a53b271?s=96&d=mm&r=g\",\"contentUrl\":\"https:\/\/secure.gravatar.com\/avatar\/756cb666a964d2960ffe307b8a53b271?s=96&d=mm&r=g\",\"caption\":\"Victor\"},\"sameAs\":[\"http:\/\/www.fabregat-perulles-sales.com\"],\"url\":\"https:\/\/www.fabregat-perulles-sales.com\/actualidad\/author\/victor\/\"}]}<\/script>\n<!-- \/ Yoast SEO plugin. -->","yoast_head_json":{"title":"Inconstitucionalidad de preceptos","description":"El Tribunal Constitucional declara inconstitucionales algunos preceptos sobre las medidas urgentes aprobadas para mejorar el acceso a la vivienda...","robots":{"index":"index","follow":"follow","max-snippet":"max-snippet:-1","max-image-preview":"max-image-preview:large","max-video-preview":"max-video-preview:-1"},"canonical":"https:\/\/www.fabregat-perulles-sales.com\/actualidad\/el-tribunal-constitucional-declara-inconstitucionales-algunos-preceptos-sobre-las-medidas-urgentes-aprobadas-para-mejorar-el-acceso-a-la-vivienda\/","og_locale":"en_US","og_type":"article","og_title":"Inconstitucionalidad de preceptos","og_description":"El Tribunal Constitucional declara inconstitucionales algunos preceptos sobre las medidas urgentes aprobadas para mejorar el acceso a la vivienda...","og_url":"https:\/\/www.fabregat-perulles-sales.com\/actualidad\/el-tribunal-constitucional-declara-inconstitucionales-algunos-preceptos-sobre-las-medidas-urgentes-aprobadas-para-mejorar-el-acceso-a-la-vivienda\/","og_site_name":"International Lawyers","article_published_time":"2021-02-05T13:15:59+00:00","article_modified_time":"2021-03-08T10:09:37+00:00","og_image":[{"url":"https:\/\/www.fabregat-perulles-sales.com\/actualidad\/wp-content\/uploads\/2021\/02\/El-Tribunal-Constitucional-declara-inconstitucionales-preceptos-sobre-las-medidas-urgentes-aprobadas-para-mejorar-el-acceso-a-la-vivienda.jpg"}],"author":"Victor","twitter_card":"summary_large_image","twitter_misc":{"Written by":"Victor","Est. reading time":"1 minute"},"schema":{"@context":"https:\/\/schema.org","@graph":[{"@type":"WebPage","@id":"https:\/\/www.fabregat-perulles-sales.com\/actualidad\/el-tribunal-constitucional-declara-inconstitucionales-algunos-preceptos-sobre-las-medidas-urgentes-aprobadas-para-mejorar-el-acceso-a-la-vivienda\/","url":"https:\/\/www.fabregat-perulles-sales.com\/actualidad\/el-tribunal-constitucional-declara-inconstitucionales-algunos-preceptos-sobre-las-medidas-urgentes-aprobadas-para-mejorar-el-acceso-a-la-vivienda\/","name":"Inconstitucionalidad de preceptos","isPartOf":{"@id":"https:\/\/www.fabregat-perulles-sales.com\/actualidad\/#website"},"datePublished":"2021-02-05T13:15:59+00:00","dateModified":"2021-03-08T10:09:37+00:00","author":{"@id":"https:\/\/www.fabregat-perulles-sales.com\/actualidad\/#\/schema\/person\/cabc1d68c7778f01d5e069c2d98442e3"},"description":"El Tribunal Constitucional declara inconstitucionales algunos preceptos sobre las medidas urgentes aprobadas para mejorar el acceso a la vivienda...","breadcrumb":{"@id":"https:\/\/www.fabregat-perulles-sales.com\/actualidad\/el-tribunal-constitucional-declara-inconstitucionales-algunos-preceptos-sobre-las-medidas-urgentes-aprobadas-para-mejorar-el-acceso-a-la-vivienda\/#breadcrumb"},"inLanguage":"en-US","potentialAction":[{"@type":"ReadAction","target":["https:\/\/www.fabregat-perulles-sales.com\/actualidad\/el-tribunal-constitucional-declara-inconstitucionales-algunos-preceptos-sobre-las-medidas-urgentes-aprobadas-para-mejorar-el-acceso-a-la-vivienda\/"]}]},{"@type":"BreadcrumbList","@id":"https:\/\/www.fabregat-perulles-sales.com\/actualidad\/el-tribunal-constitucional-declara-inconstitucionales-algunos-preceptos-sobre-las-medidas-urgentes-aprobadas-para-mejorar-el-acceso-a-la-vivienda\/#breadcrumb","itemListElement":[{"@type":"ListItem","position":1,"name":"Home","item":"https:\/\/www.fabregat-perulles-sales.com\/actualidad\/"},{"@type":"ListItem","position":2,"name":"El Tribunal Constitucional declara inconstitucionales algunos preceptos sobre las medidas urgentes aprobadas para mejorar el acceso a la vivienda"}]},{"@type":"WebSite","@id":"https:\/\/www.fabregat-perulles-sales.com\/actualidad\/#website","url":"https:\/\/www.fabregat-perulles-sales.com\/actualidad\/","name":"www.fabregat-perulles-sales.com","description":"Fabregat Perulles Sales Abogados is a law firm of reference international market in the Spanish-German, Spanish-French, and Spanish-Italian. Is one of the first firms in Barcelona offering a Russian Desk.","potentialAction":[{"@type":"SearchAction","target":{"@type":"EntryPoint","urlTemplate":"https:\/\/www.fabregat-perulles-sales.com\/actualidad\/?s={search_term_string}"},"query-input":"required name=search_term_string"}],"inLanguage":"en-US"},{"@type":"Person","@id":"https:\/\/www.fabregat-perulles-sales.com\/actualidad\/#\/schema\/person\/cabc1d68c7778f01d5e069c2d98442e3","name":"Victor","image":{"@type":"ImageObject","inLanguage":"en-US","@id":"https:\/\/www.fabregat-perulles-sales.com\/actualidad\/#\/schema\/person\/image\/","url":"https:\/\/secure.gravatar.com\/avatar\/756cb666a964d2960ffe307b8a53b271?s=96&d=mm&r=g","contentUrl":"https:\/\/secure.gravatar.com\/avatar\/756cb666a964d2960ffe307b8a53b271?s=96&d=mm&r=g","caption":"Victor"},"sameAs":["http:\/\/www.fabregat-perulles-sales.com"],"url":"https:\/\/www.fabregat-perulles-sales.com\/actualidad\/author\/victor\/"}]}},"amp_enabled":true,"_links":{"self":[{"href":"https:\/\/www.fabregat-perulles-sales.com\/actualidad\/wp-json\/wp\/v2\/posts\/4782"}],"collection":[{"href":"https:\/\/www.fabregat-perulles-sales.com\/actualidad\/wp-json\/wp\/v2\/posts"}],"about":[{"href":"https:\/\/www.fabregat-perulles-sales.com\/actualidad\/wp-json\/wp\/v2\/types\/post"}],"author":[{"embeddable":true,"href":"https:\/\/www.fabregat-perulles-sales.com\/actualidad\/wp-json\/wp\/v2\/users\/3"}],"replies":[{"embeddable":true,"href":"https:\/\/www.fabregat-perulles-sales.com\/actualidad\/wp-json\/wp\/v2\/comments?post=4782"}],"version-history":[{"count":3,"href":"https:\/\/www.fabregat-perulles-sales.com\/actualidad\/wp-json\/wp\/v2\/posts\/4782\/revisions"}],"predecessor-version":[{"id":4803,"href":"https:\/\/www.fabregat-perulles-sales.com\/actualidad\/wp-json\/wp\/v2\/posts\/4782\/revisions\/4803"}],"wp:attachment":[{"href":"https:\/\/www.fabregat-perulles-sales.com\/actualidad\/wp-json\/wp\/v2\/media?parent=4782"}],"wp:term":[{"taxonomy":"category","embeddable":true,"href":"https:\/\/www.fabregat-perulles-sales.com\/actualidad\/wp-json\/wp\/v2\/categories?post=4782"},{"taxonomy":"post_tag","embeddable":true,"href":"https:\/\/www.fabregat-perulles-sales.com\/actualidad\/wp-json\/wp\/v2\/tags?post=4782"}],"curies":[{"name":"wp","href":"https:\/\/api.w.org\/{rel}","templated":true}]}}