{"id":4764,"date":"2021-01-21T13:17:46","date_gmt":"2021-01-21T12:17:46","guid":{"rendered":"https:\/\/www.fabregat-perulles-sales.com\/actualidad\/?p=4764"},"modified":"2021-03-08T11:15:09","modified_gmt":"2021-03-08T10:15:09","slug":"modificacion-de-las-medidas-aprobadas-en-el-ambito-de-la-vivienda-para-regular-la-suspension-de-los-lanzamientos-y-desahucios-durante-el-estado-de-alarma","status":"publish","type":"post","link":"https:\/\/www.fabregat-perulles-sales.com\/actualidad\/modificacion-de-las-medidas-aprobadas-en-el-ambito-de-la-vivienda-para-regular-la-suspension-de-los-lanzamientos-y-desahucios-durante-el-estado-de-alarma\/","title":{"rendered":"Modificaci\u00f3n de las medidas aprobadas en el \u00e1mbito de la vivienda para regular la suspensi\u00f3n de los lanzamientos y desahucios durante el Estado de Alarma"},"content":{"rendered":"<p><img decoding=\"async\" loading=\"lazy\" class=\"aligncenter wp-image-4765\" src=\"https:\/\/www.fabregat-perulles-sales.com\/actualidad\/wp-content\/uploads\/2021\/01\/Modificaci\u00f3n-de-las-medidas-aprobadas-en-el-\u00e1mbito-de-la-vivienda-para-regular-la-suspensi\u00f3n-de-los-lanzamientos-y-desahucios.jpg\" alt=\"\" width=\"647\" height=\"431\" srcset=\"https:\/\/www.fabregat-perulles-sales.com\/actualidad\/wp-content\/uploads\/2021\/01\/Modificaci\u00f3n-de-las-medidas-aprobadas-en-el-\u00e1mbito-de-la-vivienda-para-regular-la-suspensi\u00f3n-de-los-lanzamientos-y-desahucios.jpg 1280w, https:\/\/www.fabregat-perulles-sales.com\/actualidad\/wp-content\/uploads\/2021\/01\/Modificaci\u00f3n-de-las-medidas-aprobadas-en-el-\u00e1mbito-de-la-vivienda-para-regular-la-suspensi\u00f3n-de-los-lanzamientos-y-desahucios-300x200.jpg 300w, https:\/\/www.fabregat-perulles-sales.com\/actualidad\/wp-content\/uploads\/2021\/01\/Modificaci\u00f3n-de-las-medidas-aprobadas-en-el-\u00e1mbito-de-la-vivienda-para-regular-la-suspensi\u00f3n-de-los-lanzamientos-y-desahucios-768x512.jpg 768w, https:\/\/www.fabregat-perulles-sales.com\/actualidad\/wp-content\/uploads\/2021\/01\/Modificaci\u00f3n-de-las-medidas-aprobadas-en-el-\u00e1mbito-de-la-vivienda-para-regular-la-suspensi\u00f3n-de-los-lanzamientos-y-desahucios-1024x682.jpg 1024w, https:\/\/www.fabregat-perulles-sales.com\/actualidad\/wp-content\/uploads\/2021\/01\/Modificaci\u00f3n-de-las-medidas-aprobadas-en-el-\u00e1mbito-de-la-vivienda-para-regular-la-suspensi\u00f3n-de-los-lanzamientos-y-desahucios-660x440.jpg 660w\" sizes=\"(max-width: 647px) 100vw, 647px\" \/><\/p>\n<p>No ha transcurrido ni siquiera un mes desde la entrada en vigor el RDL 37\/2020, (para conocer su contenido puede consultarse nuestra <a href=\"https:\/\/www.fabregat-perulles-sales.com\/actualidad\/medidas-urgentes-para-hacer-frente-a-las-situaciones-de-vulnerabilidad-social-y-economica-en-el-ambito-de-la-vivienda-y-en-materia-de-transportes\/\">nota<\/a>), y el BOE del 20 de enero de 2021, ha publicado el Real Decreto-ley 1\/2021, de 19 de enero, que en su Disposici\u00f3n Final Primera modifica, entre otros preceptos, el art\u00edculo 1 bis del citado RDL 37\/2020.<!--more--><\/p>\n<p>Dicha modificaci\u00f3n, de las medidas aprobadas en el \u00e1mbito de la vivienda, tiene por objeto regular la suspensi\u00f3n de los lanzamientos y desahucios, durante el Estado de Alarma, <strong><u>incluso en aquellos supuestos en que tales lanzamientos traigan causa de un procedimiento penal.<\/u><\/strong><\/p>\n<p>Adem\u00e1s, el RDL 1\/2021 modifica la redacci\u00f3n de las letras b) y c) del apartado 7 del propio art\u00edculo 1 bis, el cual establec\u00eda determinadas excepciones para la suspensi\u00f3n de los procedimientos de desahucio y lanzamiento.<\/p>\n<p>A partir del 20 de enero de 2021, el contenido del precepto ser\u00e1 el siguiente:<\/p>\n<ul>\n<li>&#8211; En la letra b) incluye el acceso en las viviendas propiedad de personas f\u00edsicas, mientras que antes s\u00f3lo se mencionaba a las personas jur\u00eddicas que tengan cedido por cualquier t\u00edtulo v\u00e1lido en derecho a una persona f\u00edsica que tuviera en \u00e9l su domicilio habitual o segunda residencia debidamente acreditada.<\/li>\n<li>-En la letra c) se elimina la excepci\u00f3n de cuando la entrada o permanencia en el inmueble sea consecuencia de delito y se exige que dicho delito se haya producido mediando intimidaci\u00f3n o violencia sobre las personas, eliminando el delito de usurpaci\u00f3n regulado en el art\u00edculo 245.2 del CP, y el m\u00e1s habitual.<\/li>\n<\/ul>\n<p>En definitiva, este RDL da un paso m\u00e1s all\u00e1 hacia a la normalizaci\u00f3n y protecci\u00f3n jur\u00eddica de la ocupaci\u00f3n ilegal de viviendas.<\/p>\n<p>Si est\u00e1s interesado\/a en saber m\u00e1s sobre\u00a0la modificaci\u00f3n de las medidas aprobadas en el \u00e1mbito de la vivienda para regular la suspensi\u00f3n de los lanzamientos y desahucios durante el Estado de Alarma, en\u00a0<a href=\"https:\/\/www.fabregat-perulles-sales.com\/abogados-es\/firma-quienes-somos\" target=\"_blank\" rel=\"noopener noreferrer\">Fabregat Perulles Sales<\/a>\u00a0podemos asesorarte. Contacta con nosotros\u00a0<a href=\"https:\/\/www.fabregat-perulles-sales.com\/abogados-es\/contacto-contactenos\" target=\"_blank\" rel=\"noopener noreferrer\">aqu\u00ed<\/a>.<\/p>\n<h6><em>\u201cEste documento tiene como prop\u00f3sito exclusivo la divulgaci\u00f3n de su contenido. No constituye asesoramiento de ning\u00fan tipo y, por tanto, no puede considerarse como tal ni debe servir de base para la toma de decisiones.\u201d<\/em><\/h6>\n\r\n\t\t<style>\r\n\t\t\t.huge-it-share-buttons {\r\n\t\t\t\tborder:0px solid #0FB5D6;\r\n\t\t\t\tborder-radius:5px;\r\n\t\t\t\tbackground:#3BD8FF;\r\n\t\t\t text-align:left; \t\t\t\t\t\t\t\t\t}\r\n\r\n\t\t\t#huge-it-share-buttons-top {margin-bottom:0px;}\r\n\t\t\t#huge-it-share-buttons-bottom {margin-top:0px;}\r\n\r\n\t\t\t.huge-it-share-buttons h3 {\r\n\t\t\t\tfont-size:25px ;\r\n\t\t\t\tfont-family:Arial,Helvetica Neue,Helvetica,sans-serif;\r\n\t\t\t\tcolor:#666666;\r\n\r\n\t\t\tdisplay:block;\t\t\t\tline-height:25px ;\r\n\r\n\t\t\t text-align:left; \t\t\t\t\t\t\t\t\t}\r\n\r\n\t\t\t.huge-it-share-buttons ul {\r\n\t\t\t float:left; \t\t\t\t\t\t\t\t\t}\r\n\r\n\t\t\t.huge-it-share-buttons ul li {\r\n\t\t\t\tmargin-left:3px;\r\n\t\t\t\tmargin-right:3px;\r\n\t\t\t\tpadding:0px;\r\n\t\t\t\tborder:0px ridge #E6354C;\r\n\t\t\t\tborder-radius:11px;\r\n\t\t\t\tbackground-color:#14CC9B;\r\n\t\t\t}\r\n\r\n\t\t\t.huge-it-share-buttons ul li #backforunical4764 {\r\n\t\t\t\tborder-bottom: 0;\r\n\t\t\t\tbackground-image:url('https:\/\/www.fabregat-perulles-sales.com\/actualidad\/wp-content\/plugins\/wp-share-buttons\/Front_end\/..\/images\/buttons.30.png');\r\n\t\t\t\twidth:30px;\r\n\t\t\t\theight:30px;\r\n\t\t\t}\r\n\r\n\t\t\t.front-shares-count {\r\n\t\t\t\tposition: absolute;\r\n\t\t\t\ttext-align: center;\r\n\t\t\t\tdisplay: block;\r\n\t\t\t}\r\n\r\n\t\t\t.shares_size20 .front-shares-count {\r\n\t\t\t\tfont-size: 10px;\r\n\t\t\t\ttop: 10px;\r\n\t\t\t\twidth: 20px;\r\n\t\t\t}\r\n\r\n\t\t\t.shares_size30 .front-shares-count {\r\n\t\t\t\tfont-size: 11px;\r\n\t\t\t\ttop: 15px;\r\n\t\t\t\twidth: 30px;\r\n\t\t\t}\r\n\r\n\t\t\t.shares_size40 .front-shares-count {\r\n\t\t\t\tfont-size: 12px;\r\n\t\t\t\ttop: 21px;\r\n\t\t\t\twidth: 40px;\r\n\t\t\t}\r\n\t\t<\/style>\r\n\t\t\r\n\t\t<div id=\"huge-it-share-buttons-top\" class=\"huge-it-share-buttons nobackground\">\r\n\t\t\t<h3>Share This:<\/h3>\r\n\t\t\t<ul class=\"huge-it-share-buttons-list \">\r\n\t\t\t\t\t\t\t\t\t<li class=\"nobackground \" >\r\n\r\n\t\t\t\t\t\t\t\t\t\t\t\t<a id=\"backforunical4764\" href=\"https:\/\/www.facebook.com\/sharer\/sharer.php?u=www.fabregat-perulles-sales.com\/actualidad\/wp-json\/wp\/v2\/posts\/4764\"  onclick=\"javascript:void window.open('https:\/\/www.facebook.com\/sharer\/sharer.php?u=www.fabregat-perulles-sales.com\/actualidad\/wp-json\/wp\/v2\/posts\/4764','1410949501326','width=700,height=500,toolbar=0,menubar=0,location=0,status=1,scrollbars=1,resizable=1,left=0,top=0');return false;\" style=\"background-position: -0px -120px \"><\/a>\r\n\t\t\t\t\t<\/li>\r\n\t\t\t\t\t\t\t\t\t\t<li class=\"nobackground \" >\r\n\r\n\t\t\t\t\t\t\t\t\t\t\t\t<a id=\"backforunical4764\" href=\"https:\/\/twitter.com\/share?status=www.fabregat-perulles-sales.com\/actualidad\/wp-json\/wp\/v2\/posts\/4764&text=Modificaci\u00f3n de las medidas aprobadas en el \u00e1mbito de la vivienda para regular la suspensi\u00f3n de los lanzamientos y desahucios durante el Estado de Alarma\"  onclick=\"javascript:void window.open('https:\/\/twitter.com\/share?status=www.fabregat-perulles-sales.com\/actualidad\/wp-json\/wp\/v2\/posts\/4764&text=Modificaci\u00f3n de las medidas aprobadas en el \u00e1mbito de la vivienda para regular la suspensi\u00f3n de los lanzamientos y desahucios durante el Estado de Alarma','1410949501326','width=700,height=500,toolbar=0,menubar=0,location=0,status=1,scrollbars=1,resizable=1,left=0,top=0');return false;\" style=\"background-position: -30px -120px \"><\/a>\r\n\t\t\t\t\t<\/li>\r\n\t\t\t\t\t\t\t\t\t\t<li class=\"none nobackground \" >\r\n\r\n\t\t\t\t\t\t\t\t\t\t\t\t<a id=\"backforunical4764\" href=\"http:\/\/www.pinterest.com\/pin\/create\/button\/?url=www.fabregat-perulles-sales.com\/actualidad\/wp-json\/wp\/v2\/posts\/4764&media=https:\/\/www.fabregat-perulles-sales.com\/actualidad\/wp-content\/plugins\/wp-share-buttons\/Front_end\/..\/images\/noimage.png&description=Modificaci\u00f3n de las medidas aprobadas en el \u00e1mbito de la vivienda para regular la suspensi\u00f3n de los lanzamientos y desahucios durante el Estado de Alarma\"  onclick=\"javascript:void window.open('http:\/\/www.pinterest.com\/pin\/create\/button\/?url=www.fabregat-perulles-sales.com\/actualidad\/wp-json\/wp\/v2\/posts\/4764&media=https:\/\/www.fabregat-perulles-sales.com\/actualidad\/wp-content\/plugins\/wp-share-buttons\/Front_end\/..\/images\/noimage.png&description=Modificaci\u00f3n de las medidas aprobadas en el \u00e1mbito de la vivienda para regular la suspensi\u00f3n de los lanzamientos y desahucios durante el Estado de Alarma','1410949501326','width=700,height=500,toolbar=0,menubar=0,location=0,status=1,scrollbars=1,resizable=1,left=0,top=0');return false;\" style=\"background-position: -60px -120px \"><\/a>\r\n\t\t\t\t\t<\/li>\r\n\t\t\t\t\t\t\t\t\t\t<li class=\"none nobackground \" >\r\n\r\n\t\t\t\t\t\t\t\t\t\t\t\t<a id=\"backforunical4764\" href=\"https:\/\/plus.google.com\/share?url=www.fabregat-perulles-sales.com\/actualidad\/wp-json\/wp\/v2\/posts\/4764\"  onclick=\"javascript:void window.open('https:\/\/plus.google.com\/share?url=www.fabregat-perulles-sales.com\/actualidad\/wp-json\/wp\/v2\/posts\/4764','1410949501326','width=700,height=500,toolbar=0,menubar=0,location=0,status=1,scrollbars=1,resizable=1,left=0,top=0');return false;\" style=\"background-position: -90px -120px \"><\/a>\r\n\t\t\t\t\t<\/li>\r\n\t\t\t\t\t\t\t\t\t\t<li class=\"nobackground \" >\r\n\r\n\t\t\t\t\t\t\t\t\t\t\t\t<a id=\"backforunical4764\" href=\"https:\/\/www.linkedin.com\/shareArticle?title=Modificaci\u00f3n de las medidas aprobadas en el \u00e1mbito de la vivienda para regular la suspensi\u00f3n de los lanzamientos y desahucios durante el Estado de Alarma&mini=true&url=https:\/\/www.fabregat-perulles-sales.com\/actualidad\/wp-json\/wp\/v2\/posts\/4764\"  onclick=\"javascript:void window.open('https:\/\/www.linkedin.com\/shareArticle?title=Modificaci\u00f3n de las medidas aprobadas en el \u00e1mbito de la vivienda para regular la suspensi\u00f3n de los lanzamientos y desahucios durante el Estado de Alarma&mini=true&url=https:\/\/www.fabregat-perulles-sales.com\/actualidad\/wp-json\/wp\/v2\/posts\/4764','1410949501326','width=700,height=500,toolbar=0,menubar=0,location=0,status=1,scrollbars=1,resizable=1,left=0,top=0');return false;\" style=\"background-position: -120px -120px \"><\/a>\r\n\t\t\t\t\t<\/li>\r\n\t\t\t\t\t\t\t\t\t\t<li class=\"none nobackground \" >\r\n\r\n\t\t\t\t\t\t\t\t\t\t\t\t<a id=\"backforunical4764\" href=\"https:\/\/www.tumblr.com\/share\/link?url=www.fabregat-perulles-sales.com\/actualidad\/wp-json\/wp\/v2\/posts\/4764&name=Modificaci\u00f3n de las medidas aprobadas en el \u00e1mbito de la vivienda para regular la suspensi\u00f3n de los lanzamientos y desahucios durante el Estado de Alarma\"  onclick=\"javascript:void window.open('https:\/\/www.tumblr.com\/share\/link?url=www.fabregat-perulles-sales.com\/actualidad\/wp-json\/wp\/v2\/posts\/4764&name=Modificaci\u00f3n de las medidas aprobadas en el \u00e1mbito de la vivienda para regular la suspensi\u00f3n de los lanzamientos y desahucios durante el Estado de Alarma','1410949501326','width=700,height=500,toolbar=0,menubar=0,location=0,status=1,scrollbars=1,resizable=1,left=0,top=0');return false;\" style=\"background-position: -150px -120px \"><\/a>\r\n\t\t\t\t\t<\/li>\r\n\t\t\t\t\t\t\t\t\t\t<li class=\"none nobackground \" >\r\n\r\n\t\t\t\t\t\t\t\t\t\t\t\t<a id=\"backforunical4764\" href=\"http:\/\/digg.com\/submit?phase=2&url=www.fabregat-perulles-sales.com\/actualidad\/wp-json\/wp\/v2\/posts\/4764&title=Modificaci\u00f3n de las medidas aprobadas en el \u00e1mbito de la vivienda para regular la suspensi\u00f3n de los lanzamientos y desahucios durante el Estado de Alarma\"  onclick=\"javascript:void window.open('http:\/\/digg.com\/submit?phase=2&url=www.fabregat-perulles-sales.com\/actualidad\/wp-json\/wp\/v2\/posts\/4764&title=Modificaci\u00f3n de las medidas aprobadas en el \u00e1mbito de la vivienda para regular la suspensi\u00f3n de los lanzamientos y desahucios durante el Estado de Alarma','1410949501326','width=700,height=500,toolbar=0,menubar=0,location=0,status=1,scrollbars=1,resizable=1,left=0,top=0');return false;\" style=\"background-position: -180px -120px \"><\/a>\r\n\t\t\t\t\t<\/li>\r\n\t\t\t\t\t\t\t\t\t\t<li class=\"none nobackground \" >\r\n\r\n\t\t\t\t\t\t\t\t\t\t\t\t<a id=\"backforunical4764\" href=\"http:\/\/www.stumbleupon.com\/submit?url=www.fabregat-perulles-sales.com\/actualidad\/wp-json\/wp\/v2\/posts\/4764&title=Modificaci\u00f3n de las medidas aprobadas en el \u00e1mbito de la vivienda para regular la suspensi\u00f3n de los lanzamientos y desahucios durante el Estado de Alarma\"  onclick=\"javascript:void window.open('http:\/\/www.stumbleupon.com\/submit?url=www.fabregat-perulles-sales.com\/actualidad\/wp-json\/wp\/v2\/posts\/4764&title=Modificaci\u00f3n de las medidas aprobadas en el \u00e1mbito de la vivienda para regular la suspensi\u00f3n de los lanzamientos y desahucios durante el Estado de Alarma','1410949501326','width=700,height=500,toolbar=0,menubar=0,location=0,status=1,scrollbars=1,resizable=1,left=0,top=0');return false;\" style=\"background-position: -210px -120px \"><\/a>\r\n\t\t\t\t\t<\/li>\r\n\t\t\t\t\t\t\t\t\t\t<li class=\"none nobackground \" >\r\n\r\n\t\t\t\t\t\t\t\t\t\t\t\t<a id=\"backforunical4764\" href=\"https:\/\/myspace.com\/post?l=3&u=www.fabregat-perulles-sales.com\/actualidad\/wp-json\/wp\/v2\/posts\/4764\"  onclick=\"javascript:void window.open('https:\/\/myspace.com\/post?l=3&u=www.fabregat-perulles-sales.com\/actualidad\/wp-json\/wp\/v2\/posts\/4764','1410949501326','width=700,height=500,toolbar=0,menubar=0,location=0,status=1,scrollbars=1,resizable=1,left=0,top=0');return false;\" style=\"background-position: -240px -120px \"><\/a>\r\n\t\t\t\t\t<\/li>\r\n\t\t\t\t\t\t\t\t\t\t<li class=\"nobackground \" >\r\n\r\n\t\t\t\t\t\t\t\t\t\t\t\t<a id=\"backforunical4764\" href=\"http:\/\/vk.com\/share.php?url=www.fabregat-perulles-sales.com\/actualidad\/wp-json\/wp\/v2\/posts\/4764&title=Modificaci\u00f3n de las medidas aprobadas en el \u00e1mbito de la vivienda para regular la suspensi\u00f3n de los lanzamientos y desahucios durante el Estado de Alarma\"  onclick=\"javascript:void window.open('http:\/\/vk.com\/share.php?url=www.fabregat-perulles-sales.com\/actualidad\/wp-json\/wp\/v2\/posts\/4764&title=Modificaci\u00f3n de las medidas aprobadas en el \u00e1mbito de la vivienda para regular la suspensi\u00f3n de los lanzamientos y desahucios durante el Estado de Alarma','1410949501326','width=700,height=500,toolbar=0,menubar=0,location=0,status=1,scrollbars=1,resizable=1,left=0,top=0');return false;\" style=\"background-position: -270px -120px \"><\/a>\r\n\t\t\t\t\t<\/li>\r\n\t\t\t\t\t\t\t\t\t\t<li class=\"none nobackground \" >\r\n\r\n\t\t\t\t\t\t\t\t\t\t\t\t<a id=\"backforunical4764\" href=\"http:\/\/www.reddit.com\/submit?url=www.fabregat-perulles-sales.com\/actualidad\/wp-json\/wp\/v2\/posts\/4764&title=Modificaci\u00f3n de las medidas aprobadas en el \u00e1mbito de la vivienda para regular la suspensi\u00f3n de los lanzamientos y desahucios durante el Estado de Alarma\"  onclick=\"javascript:void window.open('http:\/\/www.reddit.com\/submit?url=www.fabregat-perulles-sales.com\/actualidad\/wp-json\/wp\/v2\/posts\/4764&title=Modificaci\u00f3n de las medidas aprobadas en el \u00e1mbito de la vivienda para regular la suspensi\u00f3n de los lanzamientos y desahucios durante el Estado de Alarma','1410949501326','width=700,height=500,toolbar=0,menubar=0,location=0,status=1,scrollbars=1,resizable=1,left=0,top=0');return false;\" style=\"background-position: -300px -120px \"><\/a>\r\n\t\t\t\t\t<\/li>\r\n\t\t\t\t\t\t\t\t\t\t<li class=\"none nobackground \" >\r\n\r\n\t\t\t\t\t\t\t\t\t\t\t\t<a id=\"backforunical4764\" href=\"http:\/\/www.bebo.com\/c\/share?Url=www.fabregat-perulles-sales.com\/actualidad\/wp-json\/wp\/v2\/posts\/4764\"  onclick=\"javascript:void window.open('http:\/\/www.bebo.com\/c\/share?Url=www.fabregat-perulles-sales.com\/actualidad\/wp-json\/wp\/v2\/posts\/4764','1410949501326','width=700,height=500,toolbar=0,menubar=0,location=0,status=1,scrollbars=1,resizable=1,left=0,top=0');return false;\" style=\"background-position: -330px -120px \"><\/a>\r\n\t\t\t\t\t<\/li>\r\n\t\t\t\t\t\t\t\t\t\t<li class=\"none nobackground \" >\r\n\r\n\t\t\t\t\t\t\t\t\t\t\t\t<a id=\"backforunical4764\" href=\"https:\/\/delicious.com\/save?v=5&noui&jump=close&url=www.fabregat-perulles-sales.com\/actualidad\/wp-json\/wp\/v2\/posts\/4764&title=Modificaci\u00f3n de las medidas aprobadas en el \u00e1mbito de la vivienda para regular la suspensi\u00f3n de los lanzamientos y desahucios durante el Estado de Alarma\"  onclick=\"javascript:void window.open('https:\/\/delicious.com\/save?v=5&noui&jump=close&url=www.fabregat-perulles-sales.com\/actualidad\/wp-json\/wp\/v2\/posts\/4764&title=Modificaci\u00f3n de las medidas aprobadas en el \u00e1mbito de la vivienda para regular la suspensi\u00f3n de los lanzamientos y desahucios durante el Estado de Alarma','1410949501326','width=700,height=500,toolbar=0,menubar=0,location=0,status=1,scrollbars=1,resizable=1,left=0,top=0');return false;\" style=\"background-position: -360px -120px \"><\/a>\r\n\t\t\t\t\t<\/li>\r\n\t\t\t\t\t\t\t\t\t\t<li class=\"none nobackground \" >\r\n\r\n\t\t\t\t\t\t\t\t\t\t\t\t<a id=\"backforunical4764\" href=\"http:\/\/www.odnoklassniki.ru\/dk?st.cmd=addShare&st.s=2&st.noresize=on&st._surl=www.fabregat-perulles-sales.com\/actualidad\/wp-json\/wp\/v2\/posts\/4764\"  onclick=\"javascript:void window.open('http:\/\/www.odnoklassniki.ru\/dk?st.cmd=addShare&st.s=2&st.noresize=on&st._surl=www.fabregat-perulles-sales.com\/actualidad\/wp-json\/wp\/v2\/posts\/4764','1410949501326','width=700,height=500,toolbar=0,menubar=0,location=0,status=1,scrollbars=1,resizable=1,left=0,top=0');return false;\" style=\"background-position: -390px -120px \"><\/a>\r\n\t\t\t\t\t<\/li>\r\n\t\t\t\t\t\t\t\t\t\t<li class=\"none nobackground \" >\r\n\r\n\t\t\t\t\t\t\t\t\t\t\t\t<a id=\"backforunical4764\" href=\"http:\/\/sns.qzone.qq.com\/cgi-bin\/qzshare\/cgi_qzshare_onekey?url=www.fabregat-perulles-sales.com\/actualidad\/wp-json\/wp\/v2\/posts\/4764&title=Modificaci\u00f3n de las medidas aprobadas en el \u00e1mbito de la vivienda para regular la suspensi\u00f3n de los lanzamientos y desahucios durante el Estado de Alarma\"  onclick=\"javascript:void window.open('http:\/\/sns.qzone.qq.com\/cgi-bin\/qzshare\/cgi_qzshare_onekey?url=www.fabregat-perulles-sales.com\/actualidad\/wp-json\/wp\/v2\/posts\/4764&title=Modificaci\u00f3n de las medidas aprobadas en el \u00e1mbito de la vivienda para regular la suspensi\u00f3n de los lanzamientos y desahucios durante el Estado de Alarma','1410949501326','width=700,height=500,toolbar=0,menubar=0,location=0,status=1,scrollbars=1,resizable=1,left=0,top=0');return false;\" style=\"background-position: -420px -120px \"><\/a>\r\n\t\t\t\t\t<\/li>\r\n\t\t\t\t\t\t\t\t\t\t<li class=\"none nobackground \" >\r\n\r\n\t\t\t\t\t\t\t\t\t\t\t\t<a id=\"backforunical4764\" href=\"http:\/\/service.weibo.com\/share\/share.php?url=www.fabregat-perulles-sales.com\/actualidad\/wp-json\/wp\/v2\/posts\/4764&appkey=&title=Modificaci\u00f3n de las medidas aprobadas en el \u00e1mbito de la vivienda para regular la suspensi\u00f3n de los lanzamientos y desahucios durante el Estado de Alarma&pic=&ralateUid=&\"  onclick=\"javascript:void window.open('http:\/\/service.weibo.com\/share\/share.php?url=www.fabregat-perulles-sales.com\/actualidad\/wp-json\/wp\/v2\/posts\/4764&appkey=&title=Modificaci\u00f3n de las medidas aprobadas en el \u00e1mbito de la vivienda para regular la suspensi\u00f3n de los lanzamientos y desahucios durante el Estado de Alarma&pic=&ralateUid=&','1410949501326','width=700,height=500,toolbar=0,menubar=0,location=0,status=1,scrollbars=1,resizable=1,left=0,top=0');return false;\" style=\"background-position: -450px -120px \"><\/a>\r\n\t\t\t\t\t<\/li>\r\n\t\t\t\t\t\t\t\t\t\t<li class=\"none nobackground \" >\r\n\r\n\t\t\t\t\t\t\t\t\t\t\t\t<a id=\"backforunical4764\" href=\"http:\/\/widget.renren.com\/dialog\/share?resourceUrl=www.fabregat-perulles-sales.com\/actualidad\/wp-json\/wp\/v2\/posts\/4764&srcUrl=www.fabregat-perulles-sales.com\/actualidad\/wp-json\/wp\/v2\/posts\/4764&title=Modificaci\u00f3n de las medidas aprobadas en el \u00e1mbito de la vivienda para regular la suspensi\u00f3n de los lanzamientos y desahucios durante el Estado de Alarma\"  onclick=\"javascript:void window.open('http:\/\/widget.renren.com\/dialog\/share?resourceUrl=www.fabregat-perulles-sales.com\/actualidad\/wp-json\/wp\/v2\/posts\/4764&srcUrl=www.fabregat-perulles-sales.com\/actualidad\/wp-json\/wp\/v2\/posts\/4764&title=Modificaci\u00f3n de las medidas aprobadas en el \u00e1mbito de la vivienda para regular la suspensi\u00f3n de los lanzamientos y desahucios durante el Estado de Alarma','1410949501326','width=700,height=500,toolbar=0,menubar=0,location=0,status=1,scrollbars=1,resizable=1,left=0,top=0');return false;\" style=\"background-position: -480px -120px \"><\/a>\r\n\t\t\t\t\t<\/li>\r\n\t\t\t\t\t\t\t\t\t\t<li class=\"none nobackground \" >\r\n\r\n\t\t\t\t\t\t\t\t\t\t\t\t<a id=\"backforunical4764\" href=\"http:\/\/n4g.com\/tips?url=www.fabregat-perulles-sales.com\/actualidad\/wp-json\/wp\/v2\/posts\/4764&title=Modificaci\u00f3n de las medidas aprobadas en el \u00e1mbito de la vivienda para regular la suspensi\u00f3n de los lanzamientos y desahucios durante el Estado de Alarma\"  onclick=\"javascript:void window.open('http:\/\/n4g.com\/tips?url=www.fabregat-perulles-sales.com\/actualidad\/wp-json\/wp\/v2\/posts\/4764&title=Modificaci\u00f3n de las medidas aprobadas en el \u00e1mbito de la vivienda para regular la suspensi\u00f3n de los lanzamientos y desahucios durante el Estado de Alarma','1410949501326','width=700,height=500,toolbar=0,menubar=0,location=0,status=1,scrollbars=1,resizable=1,left=0,top=0');return false;\" style=\"background-position: -510px -120px \"><\/a>\r\n\t\t\t\t\t<\/li>\r\n\t\t\t\t\t\t\t\t<\/ul>\r\n\t\t\t<div class=\"clear\"><\/div>\r\n\t\t<\/div>\r\n\t\t","protected":false},"excerpt":{"rendered":"<p>No ha transcurrido ni siquiera un mes desde la entrada en vigor el RDL 37\/2020, (para conocer su contenido puede consultarse nuestra nota), y el BOE del 20 de enero de 2021, ha publicado el Real Decreto-ley 1\/2021, de 19 de enero, que en su Disposici\u00f3n Final Primera modifica, entre otros preceptos, el art\u00edculo 1\u2026 <span class=\"read-more\"><a href=\"https:\/\/www.fabregat-perulles-sales.com\/actualidad\/modificacion-de-las-medidas-aprobadas-en-el-ambito-de-la-vivienda-para-regular-la-suspension-de-los-lanzamientos-y-desahucios-durante-el-estado-de-alarma\/\">Read More &raquo;<\/a><\/span><\/p>\n","protected":false},"author":3,"featured_media":0,"comment_status":"open","ping_status":"closed","sticky":false,"template":"","format":"standard","meta":[],"categories":[1861,3,74],"tags":[],"yoast_head":"<!-- This site is optimized with the Yoast SEO plugin v20.2.1 - https:\/\/yoast.com\/wordpress\/plugins\/seo\/ -->\n<title>Medidas para regular los desahucios<\/title>\n<meta name=\"description\" content=\"Modificaci\u00f3n de las medidas para regular la suspensi\u00f3n de los lanzamientos y desahucios. Abogados especialistas en Madrid y Barcelona. Contacta ahora.\" \/>\n<meta name=\"robots\" content=\"index, follow, max-snippet:-1, max-image-preview:large, max-video-preview:-1\" \/>\n<link rel=\"canonical\" href=\"https:\/\/www.fabregat-perulles-sales.com\/actualidad\/modificacion-de-las-medidas-aprobadas-en-el-ambito-de-la-vivienda-para-regular-la-suspension-de-los-lanzamientos-y-desahucios-durante-el-estado-de-alarma\/\" \/>\n<meta property=\"og:locale\" content=\"en_US\" \/>\n<meta property=\"og:type\" content=\"article\" \/>\n<meta property=\"og:title\" content=\"Medidas para regular los desahucios\" \/>\n<meta property=\"og:description\" content=\"Modificaci\u00f3n de las medidas para regular la suspensi\u00f3n de los lanzamientos y desahucios. Abogados especialistas en Madrid y Barcelona. Contacta ahora.\" \/>\n<meta property=\"og:url\" content=\"https:\/\/www.fabregat-perulles-sales.com\/actualidad\/modificacion-de-las-medidas-aprobadas-en-el-ambito-de-la-vivienda-para-regular-la-suspension-de-los-lanzamientos-y-desahucios-durante-el-estado-de-alarma\/\" \/>\n<meta property=\"og:site_name\" content=\"International Lawyers\" \/>\n<meta property=\"article:published_time\" content=\"2021-01-21T12:17:46+00:00\" \/>\n<meta property=\"article:modified_time\" content=\"2021-03-08T10:15:09+00:00\" \/>\n<meta name=\"author\" content=\"Victor\" \/>\n<meta name=\"twitter:card\" content=\"summary_large_image\" \/>\n<meta name=\"twitter:label1\" content=\"Written by\" \/>\n\t<meta name=\"twitter:data1\" content=\"Victor\" \/>\n\t<meta name=\"twitter:label2\" content=\"Est. reading time\" \/>\n\t<meta name=\"twitter:data2\" content=\"2 minutes\" \/>\n<script type=\"application\/ld+json\" class=\"yoast-schema-graph\">{\"@context\":\"https:\/\/schema.org\",\"@graph\":[{\"@type\":\"WebPage\",\"@id\":\"https:\/\/www.fabregat-perulles-sales.com\/actualidad\/modificacion-de-las-medidas-aprobadas-en-el-ambito-de-la-vivienda-para-regular-la-suspension-de-los-lanzamientos-y-desahucios-durante-el-estado-de-alarma\/\",\"url\":\"https:\/\/www.fabregat-perulles-sales.com\/actualidad\/modificacion-de-las-medidas-aprobadas-en-el-ambito-de-la-vivienda-para-regular-la-suspension-de-los-lanzamientos-y-desahucios-durante-el-estado-de-alarma\/\",\"name\":\"Medidas para regular los desahucios\",\"isPartOf\":{\"@id\":\"https:\/\/www.fabregat-perulles-sales.com\/actualidad\/#website\"},\"datePublished\":\"2021-01-21T12:17:46+00:00\",\"dateModified\":\"2021-03-08T10:15:09+00:00\",\"author\":{\"@id\":\"https:\/\/www.fabregat-perulles-sales.com\/actualidad\/#\/schema\/person\/cabc1d68c7778f01d5e069c2d98442e3\"},\"description\":\"Modificaci\u00f3n de las medidas para regular la suspensi\u00f3n de los lanzamientos y desahucios. Abogados especialistas en Madrid y Barcelona. Contacta ahora.\",\"breadcrumb\":{\"@id\":\"https:\/\/www.fabregat-perulles-sales.com\/actualidad\/modificacion-de-las-medidas-aprobadas-en-el-ambito-de-la-vivienda-para-regular-la-suspension-de-los-lanzamientos-y-desahucios-durante-el-estado-de-alarma\/#breadcrumb\"},\"inLanguage\":\"en-US\",\"potentialAction\":[{\"@type\":\"ReadAction\",\"target\":[\"https:\/\/www.fabregat-perulles-sales.com\/actualidad\/modificacion-de-las-medidas-aprobadas-en-el-ambito-de-la-vivienda-para-regular-la-suspension-de-los-lanzamientos-y-desahucios-durante-el-estado-de-alarma\/\"]}]},{\"@type\":\"BreadcrumbList\",\"@id\":\"https:\/\/www.fabregat-perulles-sales.com\/actualidad\/modificacion-de-las-medidas-aprobadas-en-el-ambito-de-la-vivienda-para-regular-la-suspension-de-los-lanzamientos-y-desahucios-durante-el-estado-de-alarma\/#breadcrumb\",\"itemListElement\":[{\"@type\":\"ListItem\",\"position\":1,\"name\":\"Home\",\"item\":\"https:\/\/www.fabregat-perulles-sales.com\/actualidad\/\"},{\"@type\":\"ListItem\",\"position\":2,\"name\":\"Modificaci\u00f3n de las medidas aprobadas en el \u00e1mbito de la vivienda para regular la suspensi\u00f3n de los lanzamientos y desahucios durante el Estado de Alarma\"}]},{\"@type\":\"WebSite\",\"@id\":\"https:\/\/www.fabregat-perulles-sales.com\/actualidad\/#website\",\"url\":\"https:\/\/www.fabregat-perulles-sales.com\/actualidad\/\",\"name\":\"www.fabregat-perulles-sales.com\",\"description\":\"Fabregat Perulles Sales Abogados is a law firm of reference international market in the Spanish-German, Spanish-French, and Spanish-Italian. Is one of the first firms in Barcelona offering a Russian Desk.\",\"potentialAction\":[{\"@type\":\"SearchAction\",\"target\":{\"@type\":\"EntryPoint\",\"urlTemplate\":\"https:\/\/www.fabregat-perulles-sales.com\/actualidad\/?s={search_term_string}\"},\"query-input\":\"required name=search_term_string\"}],\"inLanguage\":\"en-US\"},{\"@type\":\"Person\",\"@id\":\"https:\/\/www.fabregat-perulles-sales.com\/actualidad\/#\/schema\/person\/cabc1d68c7778f01d5e069c2d98442e3\",\"name\":\"Victor\",\"image\":{\"@type\":\"ImageObject\",\"inLanguage\":\"en-US\",\"@id\":\"https:\/\/www.fabregat-perulles-sales.com\/actualidad\/#\/schema\/person\/image\/\",\"url\":\"https:\/\/secure.gravatar.com\/avatar\/756cb666a964d2960ffe307b8a53b271?s=96&d=mm&r=g\",\"contentUrl\":\"https:\/\/secure.gravatar.com\/avatar\/756cb666a964d2960ffe307b8a53b271?s=96&d=mm&r=g\",\"caption\":\"Victor\"},\"sameAs\":[\"http:\/\/www.fabregat-perulles-sales.com\"],\"url\":\"https:\/\/www.fabregat-perulles-sales.com\/actualidad\/author\/victor\/\"}]}<\/script>\n<!-- \/ Yoast SEO plugin. -->","yoast_head_json":{"title":"Medidas para regular los desahucios","description":"Modificaci\u00f3n de las medidas para regular la suspensi\u00f3n de los lanzamientos y desahucios. Abogados especialistas en Madrid y Barcelona. Contacta ahora.","robots":{"index":"index","follow":"follow","max-snippet":"max-snippet:-1","max-image-preview":"max-image-preview:large","max-video-preview":"max-video-preview:-1"},"canonical":"https:\/\/www.fabregat-perulles-sales.com\/actualidad\/modificacion-de-las-medidas-aprobadas-en-el-ambito-de-la-vivienda-para-regular-la-suspension-de-los-lanzamientos-y-desahucios-durante-el-estado-de-alarma\/","og_locale":"en_US","og_type":"article","og_title":"Medidas para regular los desahucios","og_description":"Modificaci\u00f3n de las medidas para regular la suspensi\u00f3n de los lanzamientos y desahucios. Abogados especialistas en Madrid y Barcelona. Contacta ahora.","og_url":"https:\/\/www.fabregat-perulles-sales.com\/actualidad\/modificacion-de-las-medidas-aprobadas-en-el-ambito-de-la-vivienda-para-regular-la-suspension-de-los-lanzamientos-y-desahucios-durante-el-estado-de-alarma\/","og_site_name":"International Lawyers","article_published_time":"2021-01-21T12:17:46+00:00","article_modified_time":"2021-03-08T10:15:09+00:00","author":"Victor","twitter_card":"summary_large_image","twitter_misc":{"Written by":"Victor","Est. reading time":"2 minutes"},"schema":{"@context":"https:\/\/schema.org","@graph":[{"@type":"WebPage","@id":"https:\/\/www.fabregat-perulles-sales.com\/actualidad\/modificacion-de-las-medidas-aprobadas-en-el-ambito-de-la-vivienda-para-regular-la-suspension-de-los-lanzamientos-y-desahucios-durante-el-estado-de-alarma\/","url":"https:\/\/www.fabregat-perulles-sales.com\/actualidad\/modificacion-de-las-medidas-aprobadas-en-el-ambito-de-la-vivienda-para-regular-la-suspension-de-los-lanzamientos-y-desahucios-durante-el-estado-de-alarma\/","name":"Medidas para regular los desahucios","isPartOf":{"@id":"https:\/\/www.fabregat-perulles-sales.com\/actualidad\/#website"},"datePublished":"2021-01-21T12:17:46+00:00","dateModified":"2021-03-08T10:15:09+00:00","author":{"@id":"https:\/\/www.fabregat-perulles-sales.com\/actualidad\/#\/schema\/person\/cabc1d68c7778f01d5e069c2d98442e3"},"description":"Modificaci\u00f3n de las medidas para regular la suspensi\u00f3n de los lanzamientos y desahucios. Abogados especialistas en Madrid y Barcelona. Contacta ahora.","breadcrumb":{"@id":"https:\/\/www.fabregat-perulles-sales.com\/actualidad\/modificacion-de-las-medidas-aprobadas-en-el-ambito-de-la-vivienda-para-regular-la-suspension-de-los-lanzamientos-y-desahucios-durante-el-estado-de-alarma\/#breadcrumb"},"inLanguage":"en-US","potentialAction":[{"@type":"ReadAction","target":["https:\/\/www.fabregat-perulles-sales.com\/actualidad\/modificacion-de-las-medidas-aprobadas-en-el-ambito-de-la-vivienda-para-regular-la-suspension-de-los-lanzamientos-y-desahucios-durante-el-estado-de-alarma\/"]}]},{"@type":"BreadcrumbList","@id":"https:\/\/www.fabregat-perulles-sales.com\/actualidad\/modificacion-de-las-medidas-aprobadas-en-el-ambito-de-la-vivienda-para-regular-la-suspension-de-los-lanzamientos-y-desahucios-durante-el-estado-de-alarma\/#breadcrumb","itemListElement":[{"@type":"ListItem","position":1,"name":"Home","item":"https:\/\/www.fabregat-perulles-sales.com\/actualidad\/"},{"@type":"ListItem","position":2,"name":"Modificaci\u00f3n de las medidas aprobadas en el \u00e1mbito de la vivienda para regular la suspensi\u00f3n de los lanzamientos y desahucios durante el Estado de Alarma"}]},{"@type":"WebSite","@id":"https:\/\/www.fabregat-perulles-sales.com\/actualidad\/#website","url":"https:\/\/www.fabregat-perulles-sales.com\/actualidad\/","name":"www.fabregat-perulles-sales.com","description":"Fabregat Perulles Sales Abogados is a law firm of reference international market in the Spanish-German, Spanish-French, and Spanish-Italian. Is one of the first firms in Barcelona offering a Russian Desk.","potentialAction":[{"@type":"SearchAction","target":{"@type":"EntryPoint","urlTemplate":"https:\/\/www.fabregat-perulles-sales.com\/actualidad\/?s={search_term_string}"},"query-input":"required name=search_term_string"}],"inLanguage":"en-US"},{"@type":"Person","@id":"https:\/\/www.fabregat-perulles-sales.com\/actualidad\/#\/schema\/person\/cabc1d68c7778f01d5e069c2d98442e3","name":"Victor","image":{"@type":"ImageObject","inLanguage":"en-US","@id":"https:\/\/www.fabregat-perulles-sales.com\/actualidad\/#\/schema\/person\/image\/","url":"https:\/\/secure.gravatar.com\/avatar\/756cb666a964d2960ffe307b8a53b271?s=96&d=mm&r=g","contentUrl":"https:\/\/secure.gravatar.com\/avatar\/756cb666a964d2960ffe307b8a53b271?s=96&d=mm&r=g","caption":"Victor"},"sameAs":["http:\/\/www.fabregat-perulles-sales.com"],"url":"https:\/\/www.fabregat-perulles-sales.com\/actualidad\/author\/victor\/"}]}},"amp_enabled":true,"_links":{"self":[{"href":"https:\/\/www.fabregat-perulles-sales.com\/actualidad\/wp-json\/wp\/v2\/posts\/4764"}],"collection":[{"href":"https:\/\/www.fabregat-perulles-sales.com\/actualidad\/wp-json\/wp\/v2\/posts"}],"about":[{"href":"https:\/\/www.fabregat-perulles-sales.com\/actualidad\/wp-json\/wp\/v2\/types\/post"}],"author":[{"embeddable":true,"href":"https:\/\/www.fabregat-perulles-sales.com\/actualidad\/wp-json\/wp\/v2\/users\/3"}],"replies":[{"embeddable":true,"href":"https:\/\/www.fabregat-perulles-sales.com\/actualidad\/wp-json\/wp\/v2\/comments?post=4764"}],"version-history":[{"count":2,"href":"https:\/\/www.fabregat-perulles-sales.com\/actualidad\/wp-json\/wp\/v2\/posts\/4764\/revisions"}],"predecessor-version":[{"id":4807,"href":"https:\/\/www.fabregat-perulles-sales.com\/actualidad\/wp-json\/wp\/v2\/posts\/4764\/revisions\/4807"}],"wp:attachment":[{"href":"https:\/\/www.fabregat-perulles-sales.com\/actualidad\/wp-json\/wp\/v2\/media?parent=4764"}],"wp:term":[{"taxonomy":"category","embeddable":true,"href":"https:\/\/www.fabregat-perulles-sales.com\/actualidad\/wp-json\/wp\/v2\/categories?post=4764"},{"taxonomy":"post_tag","embeddable":true,"href":"https:\/\/www.fabregat-perulles-sales.com\/actualidad\/wp-json\/wp\/v2\/tags?post=4764"}],"curies":[{"name":"wp","href":"https:\/\/api.w.org\/{rel}","templated":true}]}}