{"id":4710,"date":"2020-10-28T10:53:15","date_gmt":"2020-10-28T09:53:15","guid":{"rendered":"http:\/\/www.fabregat-perulles-sales.com\/actualidad\/?p=4710"},"modified":"2021-03-08T11:30:43","modified_gmt":"2021-03-08T10:30:43","slug":"subvenciones-para-autonomos-y-pymes-de-los-ambitos-de-la-restauracion-y-de-estetica","status":"publish","type":"post","link":"https:\/\/www.fabregat-perulles-sales.com\/actualidad\/subvenciones-para-autonomos-y-pymes-de-los-ambitos-de-la-restauracion-y-de-estetica\/","title":{"rendered":"Subvenciones para aut\u00f3nomos y PYMES de los \u00e1mbitos de la restauraci\u00f3n y de est\u00e9tica"},"content":{"rendered":"<p><img decoding=\"async\" loading=\"lazy\" class=\"aligncenter size-full wp-image-4743\" src=\"https:\/\/www.fabregat-perulles-sales.com\/actualidad\/wp-content\/uploads\/2020\/10\/Subvenciones-para-aut\u00f3nomos-y-PYMES-de-los-\u00e1mbitos-de-la-restauraci\u00f3n-y-de-est\u00e9tica.jpg\" alt=\"Subvenciones para aut\u00f3nomos y PYMES\" width=\"1280\" height=\"853\" srcset=\"https:\/\/www.fabregat-perulles-sales.com\/actualidad\/wp-content\/uploads\/2020\/10\/Subvenciones-para-aut\u00f3nomos-y-PYMES-de-los-\u00e1mbitos-de-la-restauraci\u00f3n-y-de-est\u00e9tica.jpg 1280w, https:\/\/www.fabregat-perulles-sales.com\/actualidad\/wp-content\/uploads\/2020\/10\/Subvenciones-para-aut\u00f3nomos-y-PYMES-de-los-\u00e1mbitos-de-la-restauraci\u00f3n-y-de-est\u00e9tica-300x200.jpg 300w, https:\/\/www.fabregat-perulles-sales.com\/actualidad\/wp-content\/uploads\/2020\/10\/Subvenciones-para-aut\u00f3nomos-y-PYMES-de-los-\u00e1mbitos-de-la-restauraci\u00f3n-y-de-est\u00e9tica-768x512.jpg 768w, https:\/\/www.fabregat-perulles-sales.com\/actualidad\/wp-content\/uploads\/2020\/10\/Subvenciones-para-aut\u00f3nomos-y-PYMES-de-los-\u00e1mbitos-de-la-restauraci\u00f3n-y-de-est\u00e9tica-1024x682.jpg 1024w, https:\/\/www.fabregat-perulles-sales.com\/actualidad\/wp-content\/uploads\/2020\/10\/Subvenciones-para-aut\u00f3nomos-y-PYMES-de-los-\u00e1mbitos-de-la-restauraci\u00f3n-y-de-est\u00e9tica-660x440.jpg 660w\" sizes=\"(max-width: 1280px) 100vw, 1280px\" \/><\/p>\n<p>Subvenciones para aut\u00f3nomos y PYMES de los \u00e1mbitos de la restauraci\u00f3n y de est\u00e9tica. Con el objetivo de apoyar a aquellos sectores econ\u00f3micos m\u00e1s afectados por las nuevas medidas de contenci\u00f3n de la Covid-19, el Gobierno de la Generalitat de Catalu\u00f1a ha acordado la activaci\u00f3n de medidas urgentes, adoptadas por el PROCICAT.<!--more--><\/p>\n<p>La primera medida consiste en unas subvenciones para aut\u00f3nomos, PYMES y microempresas que presten actividades de restauraci\u00f3n o sean titulares de un centro de est\u00e9tica y belleza, para los que el cierre temporal de sus establecimientos suponga una disminuci\u00f3n dr\u00e1stica de la facturaci\u00f3n. La dotaci\u00f3n inicial para esta l\u00ednea de subvenciones se eleva a 40 millones de euros, que se podr\u00e1n ampliar en funci\u00f3n de las necesidades.<\/p>\n<h2>Subvenciones para aut\u00f3nomos y PYMES de los \u00e1mbitos de la restauraci\u00f3n y de est\u00e9tica<\/h2>\n<p><strong>\u00bfA qui\u00e9n va dirigido?<\/strong><\/p>\n<p>Estas subvenciones para aut\u00f3nomos, PYMES y microempresas est\u00e1n dirigidas a los sectores que presten actividades de<strong> restauraci\u00f3n<\/strong> (as\u00ed como bares, restaurantes y cafeter\u00edas, incluidos aquellos que prestan su actividad dentro de un establecimiento colectivo como pueden ser centros comerciales o mercados municipales) o sean titulares de un <strong>centro de<\/strong> <strong>est\u00e9tica y belleza<\/strong> obligadas a cerrar en virtud de la <a href=\"https:\/\/dogc.gencat.cat\/ca\/pdogc_canals_interns\/pdogc_resultats_fitxa\/?action=fitxa&amp;documentId=884918&amp;language=es_ES\">Resoluci\u00f3n SLT\/2546\/2020, de 15 de octubre<\/a>, por la que se adoptan nuevas medidas de salud p\u00fablica para la contenci\u00f3n del brote epid\u00e9mico de la pandemia de COVID-19 en el territorio de Catalu\u00f1a. Deben tener, como m\u00ednimo, un establecimiento operativo en <a href=\"https:\/\/www.google.com\/maps\/place\/Fabregat+Perulles+Sales+Abogados\/@41.4064532,2.1329093,15z\/data=!4m5!3m4!1s0x0:0xd28edacbed01c8a6!8m2!3d41.4064532!4d2.1329093\" target=\"_blank\" rel=\"noopener noreferrer\">Catalu\u00f1a<\/a>.<\/p>\n<p><strong>\u00bfQu\u00e9 acciones se subvencionan?<\/strong><\/p>\n<p>Dentro de estas subvenciones para aut\u00f3nomos y PYMES encontrar\u00edamos los gastos derivados de cualquier tipo de acci\u00f3n que la empresa lleve a cabo de manera efectiva en el periodo comprendido entre el <strong>1 de enero y el 31 de diciembre de 2020<\/strong>, es decir, durante el per\u00edodo de recuperaci\u00f3n econ\u00f3mica de los efectos de la Covid-19, que pueda suponer una recuperaci\u00f3n o incremento de la actividad econ\u00f3mica empresarial.<\/p>\n<p><strong>Requisitos:<\/strong><\/p>\n<p>Para que el beneficiario reciba las subvenciones para aut\u00f3nomos y PYMES por los gastos incurridos es imprescindible la aportaci\u00f3n de las correspondientes <strong>facturas<\/strong> del periodo del ejercicio del 2020. Entre los gastos subvencionables se incluyen los gastos de alquiler, suministros, comunicaci\u00f3n, compra de productos\/mercanc\u00edas, gastos de gestor\u00eda&#8230; Sin embargo, los sueldos y salarios, amortizaciones y <em>rentings<\/em> as\u00ed como los gastos internos sin factura de terceros no son susceptibles de recibir subvenci\u00f3n. El <strong>importe m\u00e1ximo<\/strong> concedido para cada beneficiario ser\u00e1 de <strong>1.500 euros<\/strong>, con independencia del n\u00famero de locales que ostente.<\/p>\n<p><strong>Presentaci\u00f3n de la solicitud y plazos:<\/strong><\/p>\n<p>Las solicitudes de estas subvenciones para aut\u00f3nomos y PYMES en <a href=\"https:\/\/www.google.com\/maps\/place\/Fabregat+Perulles+Sales+Abogados\/@41.4064532,2.1329093,15z\/data=!4m5!3m4!1s0x0:0xd28edacbed01c8a6!8m2!3d41.4064532!4d2.1329093\" target=\"_blank\" rel=\"noopener noreferrer\">Catalu\u00f1a<\/a> se presentar\u00e1n <strong>telem\u00e1ticamente<\/strong>, acompa\u00f1adas por la documentaci\u00f3n que se indican en las bases de la Resoluci\u00f3n SLT\/2546\/2020. Se ha establecido un calendario para garantizar m\u00e1xima agilidad en el acceso a las ayudas que simplifica la tramitaci\u00f3n. El acuerdo prev\u00e9 un plazo de cinco d\u00edas para que los establecimientos afectados trasladen de forma telem\u00e1tica las solicitudes de subvenciones, que se articular\u00e1n a trav\u00e9s del Consorcio de Comercio, Artesan\u00eda y Moda de Catalu\u00f1a (CCAM).<\/p>\n<p>El procedimiento de concesi\u00f3n de las subvenciones para aut\u00f3nomos y PYMES en Catalu\u00f1a reguladas es el de concurrencia no competitiva; es decir, <strong>de adjudicaci\u00f3n por orden de entrada<\/strong>. El plazo de presentaci\u00f3n de las solicitudes se inicia el <strong>mi\u00e9rcoles<\/strong> <strong>28 de octubre a las 9:00h<\/strong> y ser\u00e1 de quince d\u00edas h\u00e1biles a partir de dicha fecha o hasta agotar la dotaci\u00f3n presupuestaria indicada a la resoluci\u00f3n de convocatoria.<\/p>\n<p>En este sentido, los documentos que se necesitan para la solicitud:<\/p>\n<ul>\n<li>Formulario completado (<a href=\"https:\/\/web.gencat.cat\/ca\/tramits\/com-tramitar-en-linia\/identificacio-digital\/\">https:\/\/web.gencat.cat\/ca\/tramits\/com-tramitar-en-linia\/identificacio-digital\/<\/a>).<\/li>\n<li>Dos fotograf\u00edas del establecimiento (fachada e interior)<\/li>\n<li>Declaraci\u00f3n responsable<\/li>\n<li>Facturas que justifiquen la ayuda (alquileres, suministros, compra de productos o de maquinaria, etc.)<\/li>\n<\/ul>\n<p><strong>Verificaci\u00f3n administrativa y cobro:<\/strong><\/p>\n<p>Antes de hacer el ingreso, la administraci\u00f3n comprobar\u00e1 que el beneficiario est\u00e1 al corriente de sus obligaciones tributarias y con la Seguridad Social. En caso de que haya pagos fraccionados o aplazados, se considera que el beneficiario de la subvenci\u00f3n est\u00e1 al corriente.<\/p>\n<p>Finalmente, el CCAM emitir\u00e1 una resoluci\u00f3n con las solicitudes que se han otorgado y las que se han inadmitido en el caso de no cumplir con los requisitos de este programa antes del 31 de diciembre de 2020.<\/p>\n<p>El pago de la subvenci\u00f3n se cobrar\u00e1 previsiblemente en el primer trimestre de 2021, una vez justificada la ejecuci\u00f3n de la actuaci\u00f3n subvencionada y realizadas las actuaciones de comprobaci\u00f3n necesarias.<\/p>\n<p>\u00bfEst\u00e1s interesado\/a en saber m\u00e1s sobre las subvenciones para aut\u00f3nomos y PYMES de los \u00e1mbitos de la restauraci\u00f3n y de est\u00e9tica?<\/p>\n<p>En <a href=\"https:\/\/www.fabregat-perulles-sales.com\/abogados-es\/firma-quienes-somos\" target=\"_blank\" rel=\"noopener noreferrer\">Fabregat Perulles Sales<\/a> podemos asesorarte acerca de estas subvenciones. <a href=\"https:\/\/www.fabregat-perulles-sales.com\/abogados-es\/contacto-contactenos\" target=\"_blank\" rel=\"noopener noreferrer\">Contacta con nosotros<\/a>.<\/p>\n<p>&nbsp;<\/p>\n<h6><strong><em>\u201cEste documento tiene como prop\u00f3sito exclusivo la divulgaci\u00f3n de su contenido. No constituye asesoramiento de ning\u00fan tipo y, por tanto, no puede considerarse como tal ni debe servir de base para la toma de decisiones.\u201d<\/em><\/strong><\/h6>\n<p>&nbsp;<\/p>\n\r\n\t\t<style>\r\n\t\t\t.huge-it-share-buttons {\r\n\t\t\t\tborder:0px solid #0FB5D6;\r\n\t\t\t\tborder-radius:5px;\r\n\t\t\t\tbackground:#3BD8FF;\r\n\t\t\t text-align:left; \t\t\t\t\t\t\t\t\t}\r\n\r\n\t\t\t#huge-it-share-buttons-top {margin-bottom:0px;}\r\n\t\t\t#huge-it-share-buttons-bottom {margin-top:0px;}\r\n\r\n\t\t\t.huge-it-share-buttons h3 {\r\n\t\t\t\tfont-size:25px ;\r\n\t\t\t\tfont-family:Arial,Helvetica Neue,Helvetica,sans-serif;\r\n\t\t\t\tcolor:#666666;\r\n\r\n\t\t\tdisplay:block;\t\t\t\tline-height:25px ;\r\n\r\n\t\t\t text-align:left; \t\t\t\t\t\t\t\t\t}\r\n\r\n\t\t\t.huge-it-share-buttons ul {\r\n\t\t\t float:left; \t\t\t\t\t\t\t\t\t}\r\n\r\n\t\t\t.huge-it-share-buttons ul li {\r\n\t\t\t\tmargin-left:3px;\r\n\t\t\t\tmargin-right:3px;\r\n\t\t\t\tpadding:0px;\r\n\t\t\t\tborder:0px ridge #E6354C;\r\n\t\t\t\tborder-radius:11px;\r\n\t\t\t\tbackground-color:#14CC9B;\r\n\t\t\t}\r\n\r\n\t\t\t.huge-it-share-buttons ul li #backforunical4710 {\r\n\t\t\t\tborder-bottom: 0;\r\n\t\t\t\tbackground-image:url('https:\/\/www.fabregat-perulles-sales.com\/actualidad\/wp-content\/plugins\/wp-share-buttons\/Front_end\/..\/images\/buttons.30.png');\r\n\t\t\t\twidth:30px;\r\n\t\t\t\theight:30px;\r\n\t\t\t}\r\n\r\n\t\t\t.front-shares-count {\r\n\t\t\t\tposition: absolute;\r\n\t\t\t\ttext-align: center;\r\n\t\t\t\tdisplay: block;\r\n\t\t\t}\r\n\r\n\t\t\t.shares_size20 .front-shares-count {\r\n\t\t\t\tfont-size: 10px;\r\n\t\t\t\ttop: 10px;\r\n\t\t\t\twidth: 20px;\r\n\t\t\t}\r\n\r\n\t\t\t.shares_size30 .front-shares-count {\r\n\t\t\t\tfont-size: 11px;\r\n\t\t\t\ttop: 15px;\r\n\t\t\t\twidth: 30px;\r\n\t\t\t}\r\n\r\n\t\t\t.shares_size40 .front-shares-count {\r\n\t\t\t\tfont-size: 12px;\r\n\t\t\t\ttop: 21px;\r\n\t\t\t\twidth: 40px;\r\n\t\t\t}\r\n\t\t<\/style>\r\n\t\t\r\n\t\t<div id=\"huge-it-share-buttons-top\" class=\"huge-it-share-buttons nobackground\">\r\n\t\t\t<h3>Share This:<\/h3>\r\n\t\t\t<ul class=\"huge-it-share-buttons-list \">\r\n\t\t\t\t\t\t\t\t\t<li class=\"nobackground \" >\r\n\r\n\t\t\t\t\t\t\t\t\t\t\t\t<a id=\"backforunical4710\" href=\"https:\/\/www.facebook.com\/sharer\/sharer.php?u=www.fabregat-perulles-sales.com\/actualidad\/wp-json\/wp\/v2\/posts\/4710\"  onclick=\"javascript:void window.open('https:\/\/www.facebook.com\/sharer\/sharer.php?u=www.fabregat-perulles-sales.com\/actualidad\/wp-json\/wp\/v2\/posts\/4710','1410949501326','width=700,height=500,toolbar=0,menubar=0,location=0,status=1,scrollbars=1,resizable=1,left=0,top=0');return false;\" style=\"background-position: -0px -120px \"><\/a>\r\n\t\t\t\t\t<\/li>\r\n\t\t\t\t\t\t\t\t\t\t<li class=\"nobackground \" >\r\n\r\n\t\t\t\t\t\t\t\t\t\t\t\t<a id=\"backforunical4710\" href=\"https:\/\/twitter.com\/share?status=www.fabregat-perulles-sales.com\/actualidad\/wp-json\/wp\/v2\/posts\/4710&text=Subvenciones para aut\u00f3nomos y PYMES de los \u00e1mbitos de la restauraci\u00f3n y de est\u00e9tica\"  onclick=\"javascript:void window.open('https:\/\/twitter.com\/share?status=www.fabregat-perulles-sales.com\/actualidad\/wp-json\/wp\/v2\/posts\/4710&text=Subvenciones para aut\u00f3nomos y PYMES de los \u00e1mbitos de la restauraci\u00f3n y de est\u00e9tica','1410949501326','width=700,height=500,toolbar=0,menubar=0,location=0,status=1,scrollbars=1,resizable=1,left=0,top=0');return false;\" style=\"background-position: -30px -120px \"><\/a>\r\n\t\t\t\t\t<\/li>\r\n\t\t\t\t\t\t\t\t\t\t<li class=\"none nobackground \" >\r\n\r\n\t\t\t\t\t\t\t\t\t\t\t\t<a id=\"backforunical4710\" href=\"http:\/\/www.pinterest.com\/pin\/create\/button\/?url=www.fabregat-perulles-sales.com\/actualidad\/wp-json\/wp\/v2\/posts\/4710&media=https:\/\/www.fabregat-perulles-sales.com\/actualidad\/wp-content\/plugins\/wp-share-buttons\/Front_end\/..\/images\/noimage.png&description=Subvenciones para aut\u00f3nomos y PYMES de los \u00e1mbitos de la restauraci\u00f3n y de est\u00e9tica\"  onclick=\"javascript:void window.open('http:\/\/www.pinterest.com\/pin\/create\/button\/?url=www.fabregat-perulles-sales.com\/actualidad\/wp-json\/wp\/v2\/posts\/4710&media=https:\/\/www.fabregat-perulles-sales.com\/actualidad\/wp-content\/plugins\/wp-share-buttons\/Front_end\/..\/images\/noimage.png&description=Subvenciones para aut\u00f3nomos y PYMES de los \u00e1mbitos de la restauraci\u00f3n y de est\u00e9tica','1410949501326','width=700,height=500,toolbar=0,menubar=0,location=0,status=1,scrollbars=1,resizable=1,left=0,top=0');return false;\" style=\"background-position: -60px -120px \"><\/a>\r\n\t\t\t\t\t<\/li>\r\n\t\t\t\t\t\t\t\t\t\t<li class=\"none nobackground \" >\r\n\r\n\t\t\t\t\t\t\t\t\t\t\t\t<a id=\"backforunical4710\" href=\"https:\/\/plus.google.com\/share?url=www.fabregat-perulles-sales.com\/actualidad\/wp-json\/wp\/v2\/posts\/4710\"  onclick=\"javascript:void window.open('https:\/\/plus.google.com\/share?url=www.fabregat-perulles-sales.com\/actualidad\/wp-json\/wp\/v2\/posts\/4710','1410949501326','width=700,height=500,toolbar=0,menubar=0,location=0,status=1,scrollbars=1,resizable=1,left=0,top=0');return false;\" style=\"background-position: -90px -120px \"><\/a>\r\n\t\t\t\t\t<\/li>\r\n\t\t\t\t\t\t\t\t\t\t<li class=\"nobackground \" >\r\n\r\n\t\t\t\t\t\t\t\t\t\t\t\t<a id=\"backforunical4710\" href=\"https:\/\/www.linkedin.com\/shareArticle?title=Subvenciones para aut\u00f3nomos y PYMES de los \u00e1mbitos de la restauraci\u00f3n y de est\u00e9tica&mini=true&url=https:\/\/www.fabregat-perulles-sales.com\/actualidad\/wp-json\/wp\/v2\/posts\/4710\"  onclick=\"javascript:void window.open('https:\/\/www.linkedin.com\/shareArticle?title=Subvenciones para aut\u00f3nomos y PYMES de los \u00e1mbitos de la restauraci\u00f3n y de est\u00e9tica&mini=true&url=https:\/\/www.fabregat-perulles-sales.com\/actualidad\/wp-json\/wp\/v2\/posts\/4710','1410949501326','width=700,height=500,toolbar=0,menubar=0,location=0,status=1,scrollbars=1,resizable=1,left=0,top=0');return false;\" style=\"background-position: -120px -120px \"><\/a>\r\n\t\t\t\t\t<\/li>\r\n\t\t\t\t\t\t\t\t\t\t<li class=\"none nobackground \" >\r\n\r\n\t\t\t\t\t\t\t\t\t\t\t\t<a id=\"backforunical4710\" href=\"https:\/\/www.tumblr.com\/share\/link?url=www.fabregat-perulles-sales.com\/actualidad\/wp-json\/wp\/v2\/posts\/4710&name=Subvenciones para aut\u00f3nomos y PYMES de los \u00e1mbitos de la restauraci\u00f3n y de est\u00e9tica\"  onclick=\"javascript:void window.open('https:\/\/www.tumblr.com\/share\/link?url=www.fabregat-perulles-sales.com\/actualidad\/wp-json\/wp\/v2\/posts\/4710&name=Subvenciones para aut\u00f3nomos y PYMES de los \u00e1mbitos de la restauraci\u00f3n y de est\u00e9tica','1410949501326','width=700,height=500,toolbar=0,menubar=0,location=0,status=1,scrollbars=1,resizable=1,left=0,top=0');return false;\" style=\"background-position: -150px -120px \"><\/a>\r\n\t\t\t\t\t<\/li>\r\n\t\t\t\t\t\t\t\t\t\t<li class=\"none nobackground \" >\r\n\r\n\t\t\t\t\t\t\t\t\t\t\t\t<a id=\"backforunical4710\" href=\"http:\/\/digg.com\/submit?phase=2&url=www.fabregat-perulles-sales.com\/actualidad\/wp-json\/wp\/v2\/posts\/4710&title=Subvenciones para aut\u00f3nomos y PYMES de los \u00e1mbitos de la restauraci\u00f3n y de est\u00e9tica\"  onclick=\"javascript:void window.open('http:\/\/digg.com\/submit?phase=2&url=www.fabregat-perulles-sales.com\/actualidad\/wp-json\/wp\/v2\/posts\/4710&title=Subvenciones para aut\u00f3nomos y PYMES de los \u00e1mbitos de la restauraci\u00f3n y de est\u00e9tica','1410949501326','width=700,height=500,toolbar=0,menubar=0,location=0,status=1,scrollbars=1,resizable=1,left=0,top=0');return false;\" style=\"background-position: -180px -120px \"><\/a>\r\n\t\t\t\t\t<\/li>\r\n\t\t\t\t\t\t\t\t\t\t<li class=\"none nobackground \" >\r\n\r\n\t\t\t\t\t\t\t\t\t\t\t\t<a id=\"backforunical4710\" href=\"http:\/\/www.stumbleupon.com\/submit?url=www.fabregat-perulles-sales.com\/actualidad\/wp-json\/wp\/v2\/posts\/4710&title=Subvenciones para aut\u00f3nomos y PYMES de los \u00e1mbitos de la restauraci\u00f3n y de est\u00e9tica\"  onclick=\"javascript:void window.open('http:\/\/www.stumbleupon.com\/submit?url=www.fabregat-perulles-sales.com\/actualidad\/wp-json\/wp\/v2\/posts\/4710&title=Subvenciones para aut\u00f3nomos y PYMES de los \u00e1mbitos de la restauraci\u00f3n y de est\u00e9tica','1410949501326','width=700,height=500,toolbar=0,menubar=0,location=0,status=1,scrollbars=1,resizable=1,left=0,top=0');return false;\" style=\"background-position: -210px -120px \"><\/a>\r\n\t\t\t\t\t<\/li>\r\n\t\t\t\t\t\t\t\t\t\t<li class=\"none nobackground \" >\r\n\r\n\t\t\t\t\t\t\t\t\t\t\t\t<a id=\"backforunical4710\" href=\"https:\/\/myspace.com\/post?l=3&u=www.fabregat-perulles-sales.com\/actualidad\/wp-json\/wp\/v2\/posts\/4710\"  onclick=\"javascript:void window.open('https:\/\/myspace.com\/post?l=3&u=www.fabregat-perulles-sales.com\/actualidad\/wp-json\/wp\/v2\/posts\/4710','1410949501326','width=700,height=500,toolbar=0,menubar=0,location=0,status=1,scrollbars=1,resizable=1,left=0,top=0');return false;\" style=\"background-position: -240px -120px \"><\/a>\r\n\t\t\t\t\t<\/li>\r\n\t\t\t\t\t\t\t\t\t\t<li class=\"nobackground \" >\r\n\r\n\t\t\t\t\t\t\t\t\t\t\t\t<a id=\"backforunical4710\" href=\"http:\/\/vk.com\/share.php?url=www.fabregat-perulles-sales.com\/actualidad\/wp-json\/wp\/v2\/posts\/4710&title=Subvenciones para aut\u00f3nomos y PYMES de los \u00e1mbitos de la restauraci\u00f3n y de est\u00e9tica\"  onclick=\"javascript:void window.open('http:\/\/vk.com\/share.php?url=www.fabregat-perulles-sales.com\/actualidad\/wp-json\/wp\/v2\/posts\/4710&title=Subvenciones para aut\u00f3nomos y PYMES de los \u00e1mbitos de la restauraci\u00f3n y de est\u00e9tica','1410949501326','width=700,height=500,toolbar=0,menubar=0,location=0,status=1,scrollbars=1,resizable=1,left=0,top=0');return false;\" style=\"background-position: -270px -120px \"><\/a>\r\n\t\t\t\t\t<\/li>\r\n\t\t\t\t\t\t\t\t\t\t<li class=\"none nobackground \" >\r\n\r\n\t\t\t\t\t\t\t\t\t\t\t\t<a id=\"backforunical4710\" href=\"http:\/\/www.reddit.com\/submit?url=www.fabregat-perulles-sales.com\/actualidad\/wp-json\/wp\/v2\/posts\/4710&title=Subvenciones para aut\u00f3nomos y PYMES de los \u00e1mbitos de la restauraci\u00f3n y de est\u00e9tica\"  onclick=\"javascript:void window.open('http:\/\/www.reddit.com\/submit?url=www.fabregat-perulles-sales.com\/actualidad\/wp-json\/wp\/v2\/posts\/4710&title=Subvenciones para aut\u00f3nomos y PYMES de los \u00e1mbitos de la restauraci\u00f3n y de est\u00e9tica','1410949501326','width=700,height=500,toolbar=0,menubar=0,location=0,status=1,scrollbars=1,resizable=1,left=0,top=0');return false;\" style=\"background-position: -300px -120px \"><\/a>\r\n\t\t\t\t\t<\/li>\r\n\t\t\t\t\t\t\t\t\t\t<li class=\"none nobackground \" >\r\n\r\n\t\t\t\t\t\t\t\t\t\t\t\t<a id=\"backforunical4710\" href=\"http:\/\/www.bebo.com\/c\/share?Url=www.fabregat-perulles-sales.com\/actualidad\/wp-json\/wp\/v2\/posts\/4710\"  onclick=\"javascript:void window.open('http:\/\/www.bebo.com\/c\/share?Url=www.fabregat-perulles-sales.com\/actualidad\/wp-json\/wp\/v2\/posts\/4710','1410949501326','width=700,height=500,toolbar=0,menubar=0,location=0,status=1,scrollbars=1,resizable=1,left=0,top=0');return false;\" style=\"background-position: -330px -120px \"><\/a>\r\n\t\t\t\t\t<\/li>\r\n\t\t\t\t\t\t\t\t\t\t<li class=\"none nobackground \" >\r\n\r\n\t\t\t\t\t\t\t\t\t\t\t\t<a id=\"backforunical4710\" href=\"https:\/\/delicious.com\/save?v=5&noui&jump=close&url=www.fabregat-perulles-sales.com\/actualidad\/wp-json\/wp\/v2\/posts\/4710&title=Subvenciones para aut\u00f3nomos y PYMES de los \u00e1mbitos de la restauraci\u00f3n y de est\u00e9tica\"  onclick=\"javascript:void window.open('https:\/\/delicious.com\/save?v=5&noui&jump=close&url=www.fabregat-perulles-sales.com\/actualidad\/wp-json\/wp\/v2\/posts\/4710&title=Subvenciones para aut\u00f3nomos y PYMES de los \u00e1mbitos de la restauraci\u00f3n y de est\u00e9tica','1410949501326','width=700,height=500,toolbar=0,menubar=0,location=0,status=1,scrollbars=1,resizable=1,left=0,top=0');return false;\" style=\"background-position: -360px -120px \"><\/a>\r\n\t\t\t\t\t<\/li>\r\n\t\t\t\t\t\t\t\t\t\t<li class=\"none nobackground \" >\r\n\r\n\t\t\t\t\t\t\t\t\t\t\t\t<a id=\"backforunical4710\" href=\"http:\/\/www.odnoklassniki.ru\/dk?st.cmd=addShare&st.s=2&st.noresize=on&st._surl=www.fabregat-perulles-sales.com\/actualidad\/wp-json\/wp\/v2\/posts\/4710\"  onclick=\"javascript:void window.open('http:\/\/www.odnoklassniki.ru\/dk?st.cmd=addShare&st.s=2&st.noresize=on&st._surl=www.fabregat-perulles-sales.com\/actualidad\/wp-json\/wp\/v2\/posts\/4710','1410949501326','width=700,height=500,toolbar=0,menubar=0,location=0,status=1,scrollbars=1,resizable=1,left=0,top=0');return false;\" style=\"background-position: -390px -120px \"><\/a>\r\n\t\t\t\t\t<\/li>\r\n\t\t\t\t\t\t\t\t\t\t<li class=\"none nobackground \" >\r\n\r\n\t\t\t\t\t\t\t\t\t\t\t\t<a id=\"backforunical4710\" href=\"http:\/\/sns.qzone.qq.com\/cgi-bin\/qzshare\/cgi_qzshare_onekey?url=www.fabregat-perulles-sales.com\/actualidad\/wp-json\/wp\/v2\/posts\/4710&title=Subvenciones para aut\u00f3nomos y PYMES de los \u00e1mbitos de la restauraci\u00f3n y de est\u00e9tica\"  onclick=\"javascript:void window.open('http:\/\/sns.qzone.qq.com\/cgi-bin\/qzshare\/cgi_qzshare_onekey?url=www.fabregat-perulles-sales.com\/actualidad\/wp-json\/wp\/v2\/posts\/4710&title=Subvenciones para aut\u00f3nomos y PYMES de los \u00e1mbitos de la restauraci\u00f3n y de est\u00e9tica','1410949501326','width=700,height=500,toolbar=0,menubar=0,location=0,status=1,scrollbars=1,resizable=1,left=0,top=0');return false;\" style=\"background-position: -420px -120px \"><\/a>\r\n\t\t\t\t\t<\/li>\r\n\t\t\t\t\t\t\t\t\t\t<li class=\"none nobackground \" >\r\n\r\n\t\t\t\t\t\t\t\t\t\t\t\t<a id=\"backforunical4710\" href=\"http:\/\/service.weibo.com\/share\/share.php?url=www.fabregat-perulles-sales.com\/actualidad\/wp-json\/wp\/v2\/posts\/4710&appkey=&title=Subvenciones para aut\u00f3nomos y PYMES de los \u00e1mbitos de la restauraci\u00f3n y de est\u00e9tica&pic=&ralateUid=&\"  onclick=\"javascript:void window.open('http:\/\/service.weibo.com\/share\/share.php?url=www.fabregat-perulles-sales.com\/actualidad\/wp-json\/wp\/v2\/posts\/4710&appkey=&title=Subvenciones para aut\u00f3nomos y PYMES de los \u00e1mbitos de la restauraci\u00f3n y de est\u00e9tica&pic=&ralateUid=&','1410949501326','width=700,height=500,toolbar=0,menubar=0,location=0,status=1,scrollbars=1,resizable=1,left=0,top=0');return false;\" style=\"background-position: -450px -120px \"><\/a>\r\n\t\t\t\t\t<\/li>\r\n\t\t\t\t\t\t\t\t\t\t<li class=\"none nobackground \" >\r\n\r\n\t\t\t\t\t\t\t\t\t\t\t\t<a id=\"backforunical4710\" href=\"http:\/\/widget.renren.com\/dialog\/share?resourceUrl=www.fabregat-perulles-sales.com\/actualidad\/wp-json\/wp\/v2\/posts\/4710&srcUrl=www.fabregat-perulles-sales.com\/actualidad\/wp-json\/wp\/v2\/posts\/4710&title=Subvenciones para aut\u00f3nomos y PYMES de los \u00e1mbitos de la restauraci\u00f3n y de est\u00e9tica\"  onclick=\"javascript:void window.open('http:\/\/widget.renren.com\/dialog\/share?resourceUrl=www.fabregat-perulles-sales.com\/actualidad\/wp-json\/wp\/v2\/posts\/4710&srcUrl=www.fabregat-perulles-sales.com\/actualidad\/wp-json\/wp\/v2\/posts\/4710&title=Subvenciones para aut\u00f3nomos y PYMES de los \u00e1mbitos de la restauraci\u00f3n y de est\u00e9tica','1410949501326','width=700,height=500,toolbar=0,menubar=0,location=0,status=1,scrollbars=1,resizable=1,left=0,top=0');return false;\" style=\"background-position: -480px -120px \"><\/a>\r\n\t\t\t\t\t<\/li>\r\n\t\t\t\t\t\t\t\t\t\t<li class=\"none nobackground \" >\r\n\r\n\t\t\t\t\t\t\t\t\t\t\t\t<a id=\"backforunical4710\" href=\"http:\/\/n4g.com\/tips?url=www.fabregat-perulles-sales.com\/actualidad\/wp-json\/wp\/v2\/posts\/4710&title=Subvenciones para aut\u00f3nomos y PYMES de los \u00e1mbitos de la restauraci\u00f3n y de est\u00e9tica\"  onclick=\"javascript:void window.open('http:\/\/n4g.com\/tips?url=www.fabregat-perulles-sales.com\/actualidad\/wp-json\/wp\/v2\/posts\/4710&title=Subvenciones para aut\u00f3nomos y PYMES de los \u00e1mbitos de la restauraci\u00f3n y de est\u00e9tica','1410949501326','width=700,height=500,toolbar=0,menubar=0,location=0,status=1,scrollbars=1,resizable=1,left=0,top=0');return false;\" style=\"background-position: -510px -120px \"><\/a>\r\n\t\t\t\t\t<\/li>\r\n\t\t\t\t\t\t\t\t<\/ul>\r\n\t\t\t<div class=\"clear\"><\/div>\r\n\t\t<\/div>\r\n\t\t","protected":false},"excerpt":{"rendered":"<p>Subvenciones para aut\u00f3nomos y PYMES de los \u00e1mbitos de la restauraci\u00f3n y de est\u00e9tica. Con el objetivo de apoyar a aquellos sectores econ\u00f3micos m\u00e1s afectados por las nuevas medidas de contenci\u00f3n de la Covid-19, el Gobierno de la Generalitat de Catalu\u00f1a ha acordado la activaci\u00f3n de medidas urgentes, adoptadas por el PROCICAT. Share This:<\/p>\n","protected":false},"author":3,"featured_media":0,"comment_status":"open","ping_status":"closed","sticky":false,"template":"","format":"standard","meta":[],"categories":[466,457,3,1862],"tags":[1690,1689,1836,36,318],"yoast_head":"<!-- This site is optimized with the Yoast SEO plugin v20.2.1 - https:\/\/yoast.com\/wordpress\/plugins\/seo\/ -->\n<title>Subvenciones para aut\u00f3nomos y PYMES<\/title>\n<meta name=\"description\" content=\"Subvenciones para aut\u00f3nomos y PYMES de los \u00e1mbitos de la restauraci\u00f3n y de est\u00e9tica en Catalu\u00f1a. Abogados especialistas en Barcelona. Contacta ahora.\" \/>\n<meta name=\"robots\" content=\"index, follow, max-snippet:-1, max-image-preview:large, max-video-preview:-1\" \/>\n<link rel=\"canonical\" href=\"https:\/\/www.fabregat-perulles-sales.com\/actualidad\/subvenciones-para-autonomos-y-pymes-de-los-ambitos-de-la-restauracion-y-de-estetica\/\" \/>\n<meta property=\"og:locale\" content=\"en_US\" \/>\n<meta property=\"og:type\" content=\"article\" \/>\n<meta property=\"og:title\" content=\"Subvenciones para aut\u00f3nomos y PYMES\" \/>\n<meta property=\"og:description\" content=\"Subvenciones para aut\u00f3nomos y PYMES de los \u00e1mbitos de la restauraci\u00f3n y de est\u00e9tica en Catalu\u00f1a. Abogados especialistas en Barcelona. Contacta ahora.\" \/>\n<meta property=\"og:url\" content=\"https:\/\/www.fabregat-perulles-sales.com\/actualidad\/subvenciones-para-autonomos-y-pymes-de-los-ambitos-de-la-restauracion-y-de-estetica\/\" \/>\n<meta property=\"og:site_name\" content=\"International Lawyers\" \/>\n<meta property=\"article:published_time\" content=\"2020-10-28T09:53:15+00:00\" \/>\n<meta property=\"article:modified_time\" content=\"2021-03-08T10:30:43+00:00\" \/>\n<meta name=\"author\" content=\"Victor\" \/>\n<meta name=\"twitter:card\" content=\"summary_large_image\" \/>\n<meta name=\"twitter:label1\" content=\"Written by\" \/>\n\t<meta name=\"twitter:data1\" content=\"Victor\" \/>\n\t<meta name=\"twitter:label2\" content=\"Est. reading time\" \/>\n\t<meta name=\"twitter:data2\" content=\"4 minutes\" \/>\n<script type=\"application\/ld+json\" class=\"yoast-schema-graph\">{\"@context\":\"https:\/\/schema.org\",\"@graph\":[{\"@type\":\"WebPage\",\"@id\":\"https:\/\/www.fabregat-perulles-sales.com\/actualidad\/subvenciones-para-autonomos-y-pymes-de-los-ambitos-de-la-restauracion-y-de-estetica\/\",\"url\":\"https:\/\/www.fabregat-perulles-sales.com\/actualidad\/subvenciones-para-autonomos-y-pymes-de-los-ambitos-de-la-restauracion-y-de-estetica\/\",\"name\":\"Subvenciones para aut\u00f3nomos y PYMES\",\"isPartOf\":{\"@id\":\"https:\/\/www.fabregat-perulles-sales.com\/actualidad\/#website\"},\"datePublished\":\"2020-10-28T09:53:15+00:00\",\"dateModified\":\"2021-03-08T10:30:43+00:00\",\"author\":{\"@id\":\"https:\/\/www.fabregat-perulles-sales.com\/actualidad\/#\/schema\/person\/cabc1d68c7778f01d5e069c2d98442e3\"},\"description\":\"Subvenciones para aut\u00f3nomos y PYMES de los \u00e1mbitos de la restauraci\u00f3n y de est\u00e9tica en Catalu\u00f1a. Abogados especialistas en Barcelona. Contacta ahora.\",\"breadcrumb\":{\"@id\":\"https:\/\/www.fabregat-perulles-sales.com\/actualidad\/subvenciones-para-autonomos-y-pymes-de-los-ambitos-de-la-restauracion-y-de-estetica\/#breadcrumb\"},\"inLanguage\":\"en-US\",\"potentialAction\":[{\"@type\":\"ReadAction\",\"target\":[\"https:\/\/www.fabregat-perulles-sales.com\/actualidad\/subvenciones-para-autonomos-y-pymes-de-los-ambitos-de-la-restauracion-y-de-estetica\/\"]}]},{\"@type\":\"BreadcrumbList\",\"@id\":\"https:\/\/www.fabregat-perulles-sales.com\/actualidad\/subvenciones-para-autonomos-y-pymes-de-los-ambitos-de-la-restauracion-y-de-estetica\/#breadcrumb\",\"itemListElement\":[{\"@type\":\"ListItem\",\"position\":1,\"name\":\"Home\",\"item\":\"https:\/\/www.fabregat-perulles-sales.com\/actualidad\/\"},{\"@type\":\"ListItem\",\"position\":2,\"name\":\"Subvenciones para aut\u00f3nomos y PYMES de los \u00e1mbitos de la restauraci\u00f3n y de est\u00e9tica\"}]},{\"@type\":\"WebSite\",\"@id\":\"https:\/\/www.fabregat-perulles-sales.com\/actualidad\/#website\",\"url\":\"https:\/\/www.fabregat-perulles-sales.com\/actualidad\/\",\"name\":\"www.fabregat-perulles-sales.com\",\"description\":\"Fabregat Perulles Sales Abogados is a law firm of reference international market in the Spanish-German, Spanish-French, and Spanish-Italian. Is one of the first firms in Barcelona offering a Russian Desk.\",\"potentialAction\":[{\"@type\":\"SearchAction\",\"target\":{\"@type\":\"EntryPoint\",\"urlTemplate\":\"https:\/\/www.fabregat-perulles-sales.com\/actualidad\/?s={search_term_string}\"},\"query-input\":\"required name=search_term_string\"}],\"inLanguage\":\"en-US\"},{\"@type\":\"Person\",\"@id\":\"https:\/\/www.fabregat-perulles-sales.com\/actualidad\/#\/schema\/person\/cabc1d68c7778f01d5e069c2d98442e3\",\"name\":\"Victor\",\"image\":{\"@type\":\"ImageObject\",\"inLanguage\":\"en-US\",\"@id\":\"https:\/\/www.fabregat-perulles-sales.com\/actualidad\/#\/schema\/person\/image\/\",\"url\":\"https:\/\/secure.gravatar.com\/avatar\/756cb666a964d2960ffe307b8a53b271?s=96&d=mm&r=g\",\"contentUrl\":\"https:\/\/secure.gravatar.com\/avatar\/756cb666a964d2960ffe307b8a53b271?s=96&d=mm&r=g\",\"caption\":\"Victor\"},\"sameAs\":[\"http:\/\/www.fabregat-perulles-sales.com\"],\"url\":\"https:\/\/www.fabregat-perulles-sales.com\/actualidad\/author\/victor\/\"}]}<\/script>\n<!-- \/ Yoast SEO plugin. -->","yoast_head_json":{"title":"Subvenciones para aut\u00f3nomos y PYMES","description":"Subvenciones para aut\u00f3nomos y PYMES de los \u00e1mbitos de la restauraci\u00f3n y de est\u00e9tica en Catalu\u00f1a. Abogados especialistas en Barcelona. Contacta ahora.","robots":{"index":"index","follow":"follow","max-snippet":"max-snippet:-1","max-image-preview":"max-image-preview:large","max-video-preview":"max-video-preview:-1"},"canonical":"https:\/\/www.fabregat-perulles-sales.com\/actualidad\/subvenciones-para-autonomos-y-pymes-de-los-ambitos-de-la-restauracion-y-de-estetica\/","og_locale":"en_US","og_type":"article","og_title":"Subvenciones para aut\u00f3nomos y PYMES","og_description":"Subvenciones para aut\u00f3nomos y PYMES de los \u00e1mbitos de la restauraci\u00f3n y de est\u00e9tica en Catalu\u00f1a. Abogados especialistas en Barcelona. Contacta ahora.","og_url":"https:\/\/www.fabregat-perulles-sales.com\/actualidad\/subvenciones-para-autonomos-y-pymes-de-los-ambitos-de-la-restauracion-y-de-estetica\/","og_site_name":"International Lawyers","article_published_time":"2020-10-28T09:53:15+00:00","article_modified_time":"2021-03-08T10:30:43+00:00","author":"Victor","twitter_card":"summary_large_image","twitter_misc":{"Written by":"Victor","Est. reading time":"4 minutes"},"schema":{"@context":"https:\/\/schema.org","@graph":[{"@type":"WebPage","@id":"https:\/\/www.fabregat-perulles-sales.com\/actualidad\/subvenciones-para-autonomos-y-pymes-de-los-ambitos-de-la-restauracion-y-de-estetica\/","url":"https:\/\/www.fabregat-perulles-sales.com\/actualidad\/subvenciones-para-autonomos-y-pymes-de-los-ambitos-de-la-restauracion-y-de-estetica\/","name":"Subvenciones para aut\u00f3nomos y PYMES","isPartOf":{"@id":"https:\/\/www.fabregat-perulles-sales.com\/actualidad\/#website"},"datePublished":"2020-10-28T09:53:15+00:00","dateModified":"2021-03-08T10:30:43+00:00","author":{"@id":"https:\/\/www.fabregat-perulles-sales.com\/actualidad\/#\/schema\/person\/cabc1d68c7778f01d5e069c2d98442e3"},"description":"Subvenciones para aut\u00f3nomos y PYMES de los \u00e1mbitos de la restauraci\u00f3n y de est\u00e9tica en Catalu\u00f1a. Abogados especialistas en Barcelona. Contacta ahora.","breadcrumb":{"@id":"https:\/\/www.fabregat-perulles-sales.com\/actualidad\/subvenciones-para-autonomos-y-pymes-de-los-ambitos-de-la-restauracion-y-de-estetica\/#breadcrumb"},"inLanguage":"en-US","potentialAction":[{"@type":"ReadAction","target":["https:\/\/www.fabregat-perulles-sales.com\/actualidad\/subvenciones-para-autonomos-y-pymes-de-los-ambitos-de-la-restauracion-y-de-estetica\/"]}]},{"@type":"BreadcrumbList","@id":"https:\/\/www.fabregat-perulles-sales.com\/actualidad\/subvenciones-para-autonomos-y-pymes-de-los-ambitos-de-la-restauracion-y-de-estetica\/#breadcrumb","itemListElement":[{"@type":"ListItem","position":1,"name":"Home","item":"https:\/\/www.fabregat-perulles-sales.com\/actualidad\/"},{"@type":"ListItem","position":2,"name":"Subvenciones para aut\u00f3nomos y PYMES de los \u00e1mbitos de la restauraci\u00f3n y de est\u00e9tica"}]},{"@type":"WebSite","@id":"https:\/\/www.fabregat-perulles-sales.com\/actualidad\/#website","url":"https:\/\/www.fabregat-perulles-sales.com\/actualidad\/","name":"www.fabregat-perulles-sales.com","description":"Fabregat Perulles Sales Abogados is a law firm of reference international market in the Spanish-German, Spanish-French, and Spanish-Italian. Is one of the first firms in Barcelona offering a Russian Desk.","potentialAction":[{"@type":"SearchAction","target":{"@type":"EntryPoint","urlTemplate":"https:\/\/www.fabregat-perulles-sales.com\/actualidad\/?s={search_term_string}"},"query-input":"required name=search_term_string"}],"inLanguage":"en-US"},{"@type":"Person","@id":"https:\/\/www.fabregat-perulles-sales.com\/actualidad\/#\/schema\/person\/cabc1d68c7778f01d5e069c2d98442e3","name":"Victor","image":{"@type":"ImageObject","inLanguage":"en-US","@id":"https:\/\/www.fabregat-perulles-sales.com\/actualidad\/#\/schema\/person\/image\/","url":"https:\/\/secure.gravatar.com\/avatar\/756cb666a964d2960ffe307b8a53b271?s=96&d=mm&r=g","contentUrl":"https:\/\/secure.gravatar.com\/avatar\/756cb666a964d2960ffe307b8a53b271?s=96&d=mm&r=g","caption":"Victor"},"sameAs":["http:\/\/www.fabregat-perulles-sales.com"],"url":"https:\/\/www.fabregat-perulles-sales.com\/actualidad\/author\/victor\/"}]}},"amp_enabled":true,"_links":{"self":[{"href":"https:\/\/www.fabregat-perulles-sales.com\/actualidad\/wp-json\/wp\/v2\/posts\/4710"}],"collection":[{"href":"https:\/\/www.fabregat-perulles-sales.com\/actualidad\/wp-json\/wp\/v2\/posts"}],"about":[{"href":"https:\/\/www.fabregat-perulles-sales.com\/actualidad\/wp-json\/wp\/v2\/types\/post"}],"author":[{"embeddable":true,"href":"https:\/\/www.fabregat-perulles-sales.com\/actualidad\/wp-json\/wp\/v2\/users\/3"}],"replies":[{"embeddable":true,"href":"https:\/\/www.fabregat-perulles-sales.com\/actualidad\/wp-json\/wp\/v2\/comments?post=4710"}],"version-history":[{"count":13,"href":"https:\/\/www.fabregat-perulles-sales.com\/actualidad\/wp-json\/wp\/v2\/posts\/4710\/revisions"}],"predecessor-version":[{"id":4816,"href":"https:\/\/www.fabregat-perulles-sales.com\/actualidad\/wp-json\/wp\/v2\/posts\/4710\/revisions\/4816"}],"wp:attachment":[{"href":"https:\/\/www.fabregat-perulles-sales.com\/actualidad\/wp-json\/wp\/v2\/media?parent=4710"}],"wp:term":[{"taxonomy":"category","embeddable":true,"href":"https:\/\/www.fabregat-perulles-sales.com\/actualidad\/wp-json\/wp\/v2\/categories?post=4710"},{"taxonomy":"post_tag","embeddable":true,"href":"https:\/\/www.fabregat-perulles-sales.com\/actualidad\/wp-json\/wp\/v2\/tags?post=4710"}],"curies":[{"name":"wp","href":"https:\/\/api.w.org\/{rel}","templated":true}]}}