{"id":4685,"date":"2020-10-02T12:02:56","date_gmt":"2020-10-02T11:02:56","guid":{"rendered":"http:\/\/www.fabregat-perulles-sales.com\/actualidad\/?p=4685"},"modified":"2021-03-08T10:58:36","modified_gmt":"2021-03-08T09:58:36","slug":"quieres-saber-cuales-son-las-nuevas-limitaciones-del-precio-del-alquiler-en-cataluna","status":"publish","type":"post","link":"https:\/\/www.fabregat-perulles-sales.com\/actualidad\/quieres-saber-cuales-son-las-nuevas-limitaciones-del-precio-del-alquiler-en-cataluna\/","title":{"rendered":"\u00bfQuieres saber cu\u00e1les son las nuevas limitaciones del precio del alquiler en Catalu\u00f1a?"},"content":{"rendered":"<p><img decoding=\"async\" loading=\"lazy\" class=\"wp-image-4677 aligncenter\" src=\"http:\/\/www.fabregat-perulles-sales.com\/actualidad\/wp-content\/uploads\/2020\/10\/Medidas-urgentes-en-materia-de-contenci\u00f3n-de-rentas-en-los-contratos-de-arrendamiento-de-vivienda-y-de-protecci\u00f3n-del-derecho-a-la-vivienda.jpg\" alt=\"\" width=\"587\" height=\"429\" srcset=\"https:\/\/www.fabregat-perulles-sales.com\/actualidad\/wp-content\/uploads\/2020\/10\/Medidas-urgentes-en-materia-de-contenci\u00f3n-de-rentas-en-los-contratos-de-arrendamiento-de-vivienda-y-de-protecci\u00f3n-del-derecho-a-la-vivienda.jpg 1920w, https:\/\/www.fabregat-perulles-sales.com\/actualidad\/wp-content\/uploads\/2020\/10\/Medidas-urgentes-en-materia-de-contenci\u00f3n-de-rentas-en-los-contratos-de-arrendamiento-de-vivienda-y-de-protecci\u00f3n-del-derecho-a-la-vivienda-300x220.jpg 300w, https:\/\/www.fabregat-perulles-sales.com\/actualidad\/wp-content\/uploads\/2020\/10\/Medidas-urgentes-en-materia-de-contenci\u00f3n-de-rentas-en-los-contratos-de-arrendamiento-de-vivienda-y-de-protecci\u00f3n-del-derecho-a-la-vivienda-768x562.jpg 768w, https:\/\/www.fabregat-perulles-sales.com\/actualidad\/wp-content\/uploads\/2020\/10\/Medidas-urgentes-en-materia-de-contenci\u00f3n-de-rentas-en-los-contratos-de-arrendamiento-de-vivienda-y-de-protecci\u00f3n-del-derecho-a-la-vivienda-1024x749.jpg 1024w, https:\/\/www.fabregat-perulles-sales.com\/actualidad\/wp-content\/uploads\/2020\/10\/Medidas-urgentes-en-materia-de-contenci\u00f3n-de-rentas-en-los-contratos-de-arrendamiento-de-vivienda-y-de-protecci\u00f3n-del-derecho-a-la-vivienda-660x483.jpg 660w\" sizes=\"(max-width: 587px) 100vw, 587px\" \/><\/p>\n<p>El pasado 22 de septiembre entr\u00f3 en vigor en Catalu\u00f1a <strong>la Ley (Cat) 11\/2020, de 18 de septiembre, de medidas urgentes en materia de contenci\u00f3n de rentas en los contratos de arrendamientos de vivienda y de modificaci\u00f3n de la Ley 18\/2007, de la ley 24\/2015 y de la Ley 4\/2016, relativas a la protecci\u00f3n del derecho a la vivienda.<\/strong><!--more--><\/p>\n<p><strong><u>Aplicaci\u00f3n de la normativa<\/u><\/strong><\/p>\n<p>La mencionada Ley tiene por objeto limitar el alza de los precios de las rentas pactadas en los contratos de arrendamiento de vivienda cuando la misma est\u00e9 siendo destinada a <strong>residencia permanente<\/strong> del arrendatario y se halle en un <strong>\u00e1rea declarada como mercado de vivienda tenso (actualmente, 60 municipios)<\/strong>.<\/p>\n<p>La imposici\u00f3n de tal restricci\u00f3n tiene una duraci\u00f3n m\u00e1xima de cinco a\u00f1os, prorrogable, una o m\u00e1s veces, si la situaci\u00f3n lo justifica y se acredita esa necesidad, por un per\u00edodo m\u00e1ximo de tiempo no superior a su duraci\u00f3n inicial.<\/p>\n<p>La norma excluye de su \u00e1mbito de aplicaci\u00f3n:<\/p>\n<ol>\n<li>1. Los contratos de arrendamiento de vivienda sujetos a reg\u00edmenes\u00a0<strong>especiales\u00a0<\/strong>de determinaci\u00f3n de la renta<\/li>\n<li>2. Los suscritos antes del 1 de enero de 1995<\/li>\n<li>3. Los que tienen por objeto viviendas sujetas a un r\u00e9gimen de protecci\u00f3n oficial<\/li>\n<li>4. Los que tienen por objeto viviendas integradas en redes p\u00fablicas de viviendas de inserci\u00f3n o de mediaci\u00f3n para el alquiler social o en el Fondo de vivienda de alquiler destinado a pol\u00edticas sociales<\/li>\n<li>5. Los de car\u00e1cter asistencial y los que se suscriban de acuerdo con las disposiciones legales aplicables al alquiler social obligatorio.<\/li>\n<li>6. Las viviendas de m\u00e1s de 150 metros cuadrados pueden quedar excluidas del r\u00e9gimen de contenci\u00f3n si se justifica de manera motivada.<\/li>\n<\/ol>\n<p>Tampoco les es aplicaci\u00f3n hasta el 22 de septiembre de 2023 a las viviendas de nueva edificaci\u00f3n o a las viviendas resultantes de un proceso de gran rehabilitaci\u00f3n.<\/p>\n<p>Esta ley afecta a los alquileres en dos vertientes:<\/p>\n<ol>\n<li>1. A las <u>ofertas de alquiler<\/u>, estableciendo la obligaci\u00f3n de informar sobre la contenci\u00f3n de rentas en las ofertas de arrendamientos en las \u00e1reas afectadas, la aplicaci\u00f3n del \u00edndice de referencia de precio que corresponda y, en su caso, sobre el importe de la renta del \u00faltimo contrato de arrendamiento vigente.<\/li>\n<li>2. A la <u>contrataci\u00f3n de arrendamiento<\/u> de viviendas incluidas en las \u00e1reas afectadas, las cuales podr\u00e1n sufrir modificaciones, seg\u00fan se procede a analizar a continuaci\u00f3n:<\/li>\n<\/ol>\n<p><strong><u>Determinaci\u00f3n de la renta inicial de alquiler (art\u00edculo 6)<\/u><\/strong><\/p>\n<p>En los contratos de arrendamiento de vivienda que se concluyan en un \u00e1rea declarada como mercado de viviendas tenso, la renta pactada al inicio del contrato no puede sobrepasar:<\/p>\n<ol>\n<li>1. El precio de referencia para el alquiler de una vivienda de caracter\u00edsticas an\u00e1logas en el mismo entorno urbano.<\/li>\n<li>2. La renta consignada en el \u00faltimo contrato de arrendamiento, actualizada en cualquier caso de acuerdo con el \u00edndice de garant\u00eda de competitividad, aplicado de forma acumulada en el per\u00edodo transcurrido entre la fecha de celebraci\u00f3n del anterior contrato de arrendamiento y la fecha de celebraci\u00f3n del nuevo contrato, si la vivienda afectada se ha arrendado en los cinco a\u00f1os anteriores a la entrada en vigor de la presente ley.<\/li>\n<\/ol>\n<p>La Ley prev\u00e9 una regulaci\u00f3n especial para aquellos contratos que tengan por objeto una vivienda que haya sido arrendada dentro de los cinco a\u00f1os antes del 22 de septiembre de 2020 por arrendadores que sean personas f\u00edsicas y tengan, por s\u00ed solos o en uni\u00f3n de su unidad de convivencia, unos ingresos, incluidas las rentas de arrendamientos, iguales o inferiores a 2,5 veces el Indicador de renta de suficiencia de Catalu\u00f1a (IRSC). En este caso, si tales arrendadores van a suscribir un nuevo contrato al que le sea de aplicaci\u00f3n el r\u00e9gimen previsto en la Ley de referencia,\u00a0 podr\u00e1n seguir aplicando la misma renta que en el contrato anterior, salvo que \u00e9sta resulte inferior a la calculada en base al precio de referencia (l\u00edmite anteriormente se\u00f1alado bajo apartado a)), en cuyo caso, podr\u00e1n alcanzar dicho l\u00edmite, siempre y cuando los ingresos del arrendatario no sean iguales o inferiores a 3,5 veces el IRSC.<\/p>\n<p><strong><u>Determinaci\u00f3n del precio de referencia (art\u00edculo 7)<\/u><\/strong><\/p>\n<p>Para limitar la subida de los alquileres, la Ley establece un \u00edndice de referencia de los precios (o \u201cIRP\u201d), elaborado por la Generalitat de Catalu\u00f1a y, m\u00e1s concretamente, por la <em>Ag\u00e8ncia de l\u2019Habitatge<\/em>, donde se indica el l\u00edmite del precio por metro cuadrado, sin tener en cuenta los m\u00e1rgenes de precio superiores o inferiores.<\/p>\n<p>El IRP puede ser consultado, una vez introducidos los datos descriptivos y de localizaci\u00f3n de la vivienda objeto de arrendamiento, a trav\u00e9s de la p\u00e1gina web de la Generalitat de Catalu\u00f1a cuyo enlace sigue a continuaci\u00f3n: <a href=\"http:\/\/agenciahabitatge.gencat.cat\/indexdelloguer\/\">http:\/\/agenciahabitatge.gencat.cat\/indexdelloguer\/<\/a>.<\/p>\n<p>A la formalizaci\u00f3n del contrato de arrendamiento se debe acompa\u00f1ar el documento de los \u00edndices de precios obtenido a trav\u00e9s del enlace arriba indicado. En los casos que venga determinada por la renta de un contrato de arrendamiento anterior se deber\u00e1 indicar la fecha y el importe de la renta anterior y justificar la nueva renta.<\/p>\n<p>La ley permite <strong><u>incrementos en el alquiler por encima del \u00edndice<\/u><\/strong>, con un l\u00edmite del 5% en los siguientes casos:<\/p>\n<ol>\n<li>1. En supuestos de que en el a\u00f1o anterior a la subida se realicen actuaciones de mejora de la habitabilidad seguridad, confort y eficiencia energ\u00e9tica.<\/li>\n<li>2. En los supuestos en que la vivienda concurra tres de las siguientes caracter\u00edsticas: ascensor, aparcamiento, vivienda amueblada, calefacci\u00f3n o aire acondicionado, zonas comunitarias de uso compartido como jard\u00edn o azotea, piscina comunitaria o an\u00e1logos, servicio de conserjer\u00eda o vistas relevantes.<\/li>\n<\/ol>\n<p><u>Ambos supuestos no podr\u00e1n aplicarse de manera concurrente. <\/u><\/p>\n<p>Las partes podr\u00e1n pactar que, al margen de la renta, el arrendatario asuma el pago de gastos generales y servicios individuales sin que ello se sujete al l\u00edmite del \u00edndice de referencia. De pactarse, el arrendador deber\u00e1, anualmente, entregar al arrendatario una liquidaci\u00f3n desglosada de los gastos efectivamente abonados y, si resultan inferiores a lo pactado, proceder a la devoluci\u00f3n correspondiente al exceso.<\/p>\n<p><strong><u>Arrendamiento de viviendas nuevas o rehabilitadas (art\u00edculo 10)<\/u><\/strong><\/p>\n<p>En los contratos que tengan por objeto viviendas de nueva edificaci\u00f3n o viviendas resultantes de un proceso de gran rehabilitaci\u00f3n, <u>y durante lo 5 a\u00f1os posteriores a la obtenci\u00f3n del certificaci\u00f3n de final de obra, <\/u>la renta pactada no puede sobrepasar el <strong>margen superior del \u00edndice de referencia de precios de alquiler<\/strong>, salvo que se hayan obtenido subvenciones p\u00fablicas para la ejecuci\u00f3n de las obras, quedando sujetos entonces a las limitaciones normales de la presente ley, <u>sin perjuicio de los acuerdos que puedan adoptarse con las administraciones competentes. <\/u><\/p>\n<p><em>Debe tenerse en cuenta que, conforme hemos se\u00f1alado al inicio, la aplicaci\u00f3n del r\u00e9gimen de contenci\u00f3n de rentas en el caso de las viviendas de nueva edificaci\u00f3n o de las viviendas resultantes de un proceso de gran rehabilitaci\u00f3n entrar\u00e1 en vigor en el plazo de tres a\u00f1os desde la entrada en vigor de la ley presente, esto es, el 22 de septiembre de 2023.<\/em><\/p>\n<p><strong><u>Obras de mejora (art\u00edculo 11)<\/u><\/strong><\/p>\n<p>El arrendador que lleve a cabo obras de mejora en la vivienda podr\u00e1, una vez haya transcurrido el plazo legal m\u00ednimo de duraci\u00f3n obligatoria del contrato, incrementar la renta, en los t\u00e9rminos previstos por ley (refiri\u00e9ndose a la Ley de Arrendamientos Urbanos), sin estar al l\u00edmite del art\u00edculo 6.<\/p>\n<p><strong><u>Consecuencias del incumplimiento de la presente Ley<\/u><\/strong><\/p>\n<p>La no aplicaci\u00f3n de la presente Ley se sanciona con nuevos tipos infractores que siguen a continuaci\u00f3n:<\/p>\n<ol start=\"3\">\n<li><u>3. Infracciones leves<\/u>, sancionables con multa de <strong>3.000.-\u20ac. <\/strong>a<strong> 9.000.-\u20ac<\/strong> Son consideradas infracciones leves las que se indican a continuaci\u00f3n:\n<ol>\n<li>&#8211; No hacer constar el \u00edndice de referencia de precios, o si procediese, el importe de la renta del contrato de arrendamiento anterior, en la publicidad de viviendas para alquilar, en las ofertas de arrendamientos urbanos de viviendas o en los contratos de arrendamientos urbanos de viviendas.<\/li>\n<li>&#8211; Superar el l\u00edmite de la renta en menos de un 20%.<\/li>\n<li>&#8211; No adjuntar al contrato o no facilitar el documento de \u00edndice de precios de alquiler o informaci\u00f3n de la fecha o importe del contrato de arrendamiento anterior si fuesen necesarios para determinar la nueva renta.<\/li>\n<\/ol>\n<\/li>\n<\/ol>\n<ol start=\"9\">\n<li><u>9. Infracciones graves<\/u>, sancionables con multa de <strong>9.001.-\u20ac<\/strong> a <strong>90.000.-\u20ac<\/strong>. Son consideradas infracciones graves las que se indican a continuaci\u00f3n:\n<ol>\n<li>&#8211; Incumplir con las reglas esenciales relativas a la determinaci\u00f3n de la renta.<\/li>\n<li>&#8211; Superar al l\u00edmite de renta en m\u00e1s de un 20%.<\/li>\n<li>&#8211; Ocultar que la vivienda est\u00e1 sujeta al r\u00e9gimen de contenci\u00f3n de renta o, informaci\u00f3n relativa al \u00edndice de referencia de precios de alquiler de viviendas o al importe de la renta del contrato de arrendamiento anterior necesario para determinar el precio de referencia.<\/li>\n<\/ol>\n<\/li>\n<\/ol>\n<p>De cobrarse rentas que superen los l\u00edmites que la Ley establece, el arrendatario podr\u00e1 obtener la restituci\u00f3n de las cantidades abonadas en exceso, con devengo de los intereses legales del dinero, incrementado en 3 puntos.<\/p>\n<p><strong><u>Contrato de arrendamiento vigentes o novaciones<\/u><\/strong><\/p>\n<p>Los contratos de arrendamiento vigentes antes del 22 de septiembre de 2020 continuar\u00e1n rigi\u00e9ndose por lo establecido en la legislaci\u00f3n anterior.<\/p>\n<p>No obstante, las novaciones que comporten una ampliaci\u00f3n de la duraci\u00f3n del contrato o una modificaci\u00f3n de la renta conllevar\u00e1n la aplicaci\u00f3n de la presente normativa.<\/p>\n<p><strong><u>Municipios afectados<\/u><\/strong><\/p>\n<p>Se indica los 60 municipios que, por ahora, se han integrado en el <strong>\u00e1rea declarada como mercado de vivienda tenso:<\/strong><\/p>\n<p><img decoding=\"async\" loading=\"lazy\" class=\"wp-image-4686 alignleft\" src=\"http:\/\/www.fabregat-perulles-sales.com\/actualidad\/wp-content\/uploads\/2020\/10\/foto-nota_page-0001.jpg\" alt=\"\" width=\"655\" height=\"499\" srcset=\"https:\/\/www.fabregat-perulles-sales.com\/actualidad\/wp-content\/uploads\/2020\/10\/foto-nota_page-0001.jpg 906w, https:\/\/www.fabregat-perulles-sales.com\/actualidad\/wp-content\/uploads\/2020\/10\/foto-nota_page-0001-300x228.jpg 300w, https:\/\/www.fabregat-perulles-sales.com\/actualidad\/wp-content\/uploads\/2020\/10\/foto-nota_page-0001-768x585.jpg 768w, https:\/\/www.fabregat-perulles-sales.com\/actualidad\/wp-content\/uploads\/2020\/10\/foto-nota_page-0001-660x503.jpg 660w\" sizes=\"(max-width: 655px) 100vw, 655px\" \/><\/p>\n<h6><\/h6>\n<h6><\/h6>\n<h6><\/h6>\n<h6><\/h6>\n<h6><\/h6>\n<h6><\/h6>\n<h6><\/h6>\n<h6><\/h6>\n<h6><\/h6>\n<h6><\/h6>\n<h6><\/h6>\n<h6><\/h6>\n<h6><\/h6>\n<h6><em>\u201cEste documento tiene como prop\u00f3sito exclusivo la divulgaci\u00f3n de su contenido. No constituye asesoramiento de ning\u00fan tipo y, por tanto, no puede considerarse como tal ni debe servir de base para la toma de decisiones.\u201d<\/em><\/h6>\n\r\n\t\t<style>\r\n\t\t\t.huge-it-share-buttons {\r\n\t\t\t\tborder:0px solid #0FB5D6;\r\n\t\t\t\tborder-radius:5px;\r\n\t\t\t\tbackground:#3BD8FF;\r\n\t\t\t text-align:left; \t\t\t\t\t\t\t\t\t}\r\n\r\n\t\t\t#huge-it-share-buttons-top {margin-bottom:0px;}\r\n\t\t\t#huge-it-share-buttons-bottom {margin-top:0px;}\r\n\r\n\t\t\t.huge-it-share-buttons h3 {\r\n\t\t\t\tfont-size:25px ;\r\n\t\t\t\tfont-family:Arial,Helvetica Neue,Helvetica,sans-serif;\r\n\t\t\t\tcolor:#666666;\r\n\r\n\t\t\tdisplay:block;\t\t\t\tline-height:25px ;\r\n\r\n\t\t\t text-align:left; \t\t\t\t\t\t\t\t\t}\r\n\r\n\t\t\t.huge-it-share-buttons ul {\r\n\t\t\t float:left; \t\t\t\t\t\t\t\t\t}\r\n\r\n\t\t\t.huge-it-share-buttons ul li {\r\n\t\t\t\tmargin-left:3px;\r\n\t\t\t\tmargin-right:3px;\r\n\t\t\t\tpadding:0px;\r\n\t\t\t\tborder:0px ridge #E6354C;\r\n\t\t\t\tborder-radius:11px;\r\n\t\t\t\tbackground-color:#14CC9B;\r\n\t\t\t}\r\n\r\n\t\t\t.huge-it-share-buttons ul li #backforunical4685 {\r\n\t\t\t\tborder-bottom: 0;\r\n\t\t\t\tbackground-image:url('https:\/\/www.fabregat-perulles-sales.com\/actualidad\/wp-content\/plugins\/wp-share-buttons\/Front_end\/..\/images\/buttons.30.png');\r\n\t\t\t\twidth:30px;\r\n\t\t\t\theight:30px;\r\n\t\t\t}\r\n\r\n\t\t\t.front-shares-count {\r\n\t\t\t\tposition: absolute;\r\n\t\t\t\ttext-align: center;\r\n\t\t\t\tdisplay: block;\r\n\t\t\t}\r\n\r\n\t\t\t.shares_size20 .front-shares-count {\r\n\t\t\t\tfont-size: 10px;\r\n\t\t\t\ttop: 10px;\r\n\t\t\t\twidth: 20px;\r\n\t\t\t}\r\n\r\n\t\t\t.shares_size30 .front-shares-count {\r\n\t\t\t\tfont-size: 11px;\r\n\t\t\t\ttop: 15px;\r\n\t\t\t\twidth: 30px;\r\n\t\t\t}\r\n\r\n\t\t\t.shares_size40 .front-shares-count {\r\n\t\t\t\tfont-size: 12px;\r\n\t\t\t\ttop: 21px;\r\n\t\t\t\twidth: 40px;\r\n\t\t\t}\r\n\t\t<\/style>\r\n\t\t\r\n\t\t<div id=\"huge-it-share-buttons-top\" class=\"huge-it-share-buttons nobackground\">\r\n\t\t\t<h3>Share This:<\/h3>\r\n\t\t\t<ul class=\"huge-it-share-buttons-list \">\r\n\t\t\t\t\t\t\t\t\t<li class=\"nobackground \" >\r\n\r\n\t\t\t\t\t\t\t\t\t\t\t\t<a id=\"backforunical4685\" href=\"https:\/\/www.facebook.com\/sharer\/sharer.php?u=www.fabregat-perulles-sales.com\/actualidad\/wp-json\/wp\/v2\/posts\/4685\"  onclick=\"javascript:void window.open('https:\/\/www.facebook.com\/sharer\/sharer.php?u=www.fabregat-perulles-sales.com\/actualidad\/wp-json\/wp\/v2\/posts\/4685','1410949501326','width=700,height=500,toolbar=0,menubar=0,location=0,status=1,scrollbars=1,resizable=1,left=0,top=0');return false;\" style=\"background-position: -0px -120px \"><\/a>\r\n\t\t\t\t\t<\/li>\r\n\t\t\t\t\t\t\t\t\t\t<li class=\"nobackground \" >\r\n\r\n\t\t\t\t\t\t\t\t\t\t\t\t<a id=\"backforunical4685\" href=\"https:\/\/twitter.com\/share?status=www.fabregat-perulles-sales.com\/actualidad\/wp-json\/wp\/v2\/posts\/4685&text=\u00bfQuieres saber cu\u00e1les son las nuevas limitaciones del precio del alquiler en Catalu\u00f1a?\"  onclick=\"javascript:void window.open('https:\/\/twitter.com\/share?status=www.fabregat-perulles-sales.com\/actualidad\/wp-json\/wp\/v2\/posts\/4685&text=\u00bfQuieres saber cu\u00e1les son las nuevas limitaciones del precio del alquiler en Catalu\u00f1a?','1410949501326','width=700,height=500,toolbar=0,menubar=0,location=0,status=1,scrollbars=1,resizable=1,left=0,top=0');return false;\" style=\"background-position: -30px -120px \"><\/a>\r\n\t\t\t\t\t<\/li>\r\n\t\t\t\t\t\t\t\t\t\t<li class=\"none nobackground \" >\r\n\r\n\t\t\t\t\t\t\t\t\t\t\t\t<a id=\"backforunical4685\" href=\"http:\/\/www.pinterest.com\/pin\/create\/button\/?url=www.fabregat-perulles-sales.com\/actualidad\/wp-json\/wp\/v2\/posts\/4685&media=https:\/\/www.fabregat-perulles-sales.com\/actualidad\/wp-content\/plugins\/wp-share-buttons\/Front_end\/..\/images\/noimage.png&description=\u00bfQuieres saber cu\u00e1les son las nuevas limitaciones del precio del alquiler en Catalu\u00f1a?\"  onclick=\"javascript:void window.open('http:\/\/www.pinterest.com\/pin\/create\/button\/?url=www.fabregat-perulles-sales.com\/actualidad\/wp-json\/wp\/v2\/posts\/4685&media=https:\/\/www.fabregat-perulles-sales.com\/actualidad\/wp-content\/plugins\/wp-share-buttons\/Front_end\/..\/images\/noimage.png&description=\u00bfQuieres saber cu\u00e1les son las nuevas limitaciones del precio del alquiler en Catalu\u00f1a?','1410949501326','width=700,height=500,toolbar=0,menubar=0,location=0,status=1,scrollbars=1,resizable=1,left=0,top=0');return false;\" style=\"background-position: -60px -120px \"><\/a>\r\n\t\t\t\t\t<\/li>\r\n\t\t\t\t\t\t\t\t\t\t<li class=\"none nobackground \" >\r\n\r\n\t\t\t\t\t\t\t\t\t\t\t\t<a id=\"backforunical4685\" href=\"https:\/\/plus.google.com\/share?url=www.fabregat-perulles-sales.com\/actualidad\/wp-json\/wp\/v2\/posts\/4685\"  onclick=\"javascript:void window.open('https:\/\/plus.google.com\/share?url=www.fabregat-perulles-sales.com\/actualidad\/wp-json\/wp\/v2\/posts\/4685','1410949501326','width=700,height=500,toolbar=0,menubar=0,location=0,status=1,scrollbars=1,resizable=1,left=0,top=0');return false;\" style=\"background-position: -90px -120px \"><\/a>\r\n\t\t\t\t\t<\/li>\r\n\t\t\t\t\t\t\t\t\t\t<li class=\"nobackground \" >\r\n\r\n\t\t\t\t\t\t\t\t\t\t\t\t<a id=\"backforunical4685\" href=\"https:\/\/www.linkedin.com\/shareArticle?title=\u00bfQuieres saber cu\u00e1les son las nuevas limitaciones del precio del alquiler en Catalu\u00f1a?&mini=true&url=https:\/\/www.fabregat-perulles-sales.com\/actualidad\/wp-json\/wp\/v2\/posts\/4685\"  onclick=\"javascript:void window.open('https:\/\/www.linkedin.com\/shareArticle?title=\u00bfQuieres saber cu\u00e1les son las nuevas limitaciones del precio del alquiler en Catalu\u00f1a?&mini=true&url=https:\/\/www.fabregat-perulles-sales.com\/actualidad\/wp-json\/wp\/v2\/posts\/4685','1410949501326','width=700,height=500,toolbar=0,menubar=0,location=0,status=1,scrollbars=1,resizable=1,left=0,top=0');return false;\" style=\"background-position: -120px -120px \"><\/a>\r\n\t\t\t\t\t<\/li>\r\n\t\t\t\t\t\t\t\t\t\t<li class=\"none nobackground \" >\r\n\r\n\t\t\t\t\t\t\t\t\t\t\t\t<a id=\"backforunical4685\" href=\"https:\/\/www.tumblr.com\/share\/link?url=www.fabregat-perulles-sales.com\/actualidad\/wp-json\/wp\/v2\/posts\/4685&name=\u00bfQuieres saber cu\u00e1les son las nuevas limitaciones del precio del alquiler en Catalu\u00f1a?\"  onclick=\"javascript:void window.open('https:\/\/www.tumblr.com\/share\/link?url=www.fabregat-perulles-sales.com\/actualidad\/wp-json\/wp\/v2\/posts\/4685&name=\u00bfQuieres saber cu\u00e1les son las nuevas limitaciones del precio del alquiler en Catalu\u00f1a?','1410949501326','width=700,height=500,toolbar=0,menubar=0,location=0,status=1,scrollbars=1,resizable=1,left=0,top=0');return false;\" style=\"background-position: -150px -120px \"><\/a>\r\n\t\t\t\t\t<\/li>\r\n\t\t\t\t\t\t\t\t\t\t<li class=\"none nobackground \" >\r\n\r\n\t\t\t\t\t\t\t\t\t\t\t\t<a id=\"backforunical4685\" href=\"http:\/\/digg.com\/submit?phase=2&url=www.fabregat-perulles-sales.com\/actualidad\/wp-json\/wp\/v2\/posts\/4685&title=\u00bfQuieres saber cu\u00e1les son las nuevas limitaciones del precio del alquiler en Catalu\u00f1a?\"  onclick=\"javascript:void window.open('http:\/\/digg.com\/submit?phase=2&url=www.fabregat-perulles-sales.com\/actualidad\/wp-json\/wp\/v2\/posts\/4685&title=\u00bfQuieres saber cu\u00e1les son las nuevas limitaciones del precio del alquiler en Catalu\u00f1a?','1410949501326','width=700,height=500,toolbar=0,menubar=0,location=0,status=1,scrollbars=1,resizable=1,left=0,top=0');return false;\" style=\"background-position: -180px -120px \"><\/a>\r\n\t\t\t\t\t<\/li>\r\n\t\t\t\t\t\t\t\t\t\t<li class=\"none nobackground \" >\r\n\r\n\t\t\t\t\t\t\t\t\t\t\t\t<a id=\"backforunical4685\" href=\"http:\/\/www.stumbleupon.com\/submit?url=www.fabregat-perulles-sales.com\/actualidad\/wp-json\/wp\/v2\/posts\/4685&title=\u00bfQuieres saber cu\u00e1les son las nuevas limitaciones del precio del alquiler en Catalu\u00f1a?\"  onclick=\"javascript:void window.open('http:\/\/www.stumbleupon.com\/submit?url=www.fabregat-perulles-sales.com\/actualidad\/wp-json\/wp\/v2\/posts\/4685&title=\u00bfQuieres saber cu\u00e1les son las nuevas limitaciones del precio del alquiler en Catalu\u00f1a?','1410949501326','width=700,height=500,toolbar=0,menubar=0,location=0,status=1,scrollbars=1,resizable=1,left=0,top=0');return false;\" style=\"background-position: -210px -120px \"><\/a>\r\n\t\t\t\t\t<\/li>\r\n\t\t\t\t\t\t\t\t\t\t<li class=\"none nobackground \" >\r\n\r\n\t\t\t\t\t\t\t\t\t\t\t\t<a id=\"backforunical4685\" href=\"https:\/\/myspace.com\/post?l=3&u=www.fabregat-perulles-sales.com\/actualidad\/wp-json\/wp\/v2\/posts\/4685\"  onclick=\"javascript:void window.open('https:\/\/myspace.com\/post?l=3&u=www.fabregat-perulles-sales.com\/actualidad\/wp-json\/wp\/v2\/posts\/4685','1410949501326','width=700,height=500,toolbar=0,menubar=0,location=0,status=1,scrollbars=1,resizable=1,left=0,top=0');return false;\" style=\"background-position: -240px -120px \"><\/a>\r\n\t\t\t\t\t<\/li>\r\n\t\t\t\t\t\t\t\t\t\t<li class=\"nobackground \" >\r\n\r\n\t\t\t\t\t\t\t\t\t\t\t\t<a id=\"backforunical4685\" href=\"http:\/\/vk.com\/share.php?url=www.fabregat-perulles-sales.com\/actualidad\/wp-json\/wp\/v2\/posts\/4685&title=\u00bfQuieres saber cu\u00e1les son las nuevas limitaciones del precio del alquiler en Catalu\u00f1a?\"  onclick=\"javascript:void window.open('http:\/\/vk.com\/share.php?url=www.fabregat-perulles-sales.com\/actualidad\/wp-json\/wp\/v2\/posts\/4685&title=\u00bfQuieres saber cu\u00e1les son las nuevas limitaciones del precio del alquiler en Catalu\u00f1a?','1410949501326','width=700,height=500,toolbar=0,menubar=0,location=0,status=1,scrollbars=1,resizable=1,left=0,top=0');return false;\" style=\"background-position: -270px -120px \"><\/a>\r\n\t\t\t\t\t<\/li>\r\n\t\t\t\t\t\t\t\t\t\t<li class=\"none nobackground \" >\r\n\r\n\t\t\t\t\t\t\t\t\t\t\t\t<a id=\"backforunical4685\" href=\"http:\/\/www.reddit.com\/submit?url=www.fabregat-perulles-sales.com\/actualidad\/wp-json\/wp\/v2\/posts\/4685&title=\u00bfQuieres saber cu\u00e1les son las nuevas limitaciones del precio del alquiler en Catalu\u00f1a?\"  onclick=\"javascript:void window.open('http:\/\/www.reddit.com\/submit?url=www.fabregat-perulles-sales.com\/actualidad\/wp-json\/wp\/v2\/posts\/4685&title=\u00bfQuieres saber cu\u00e1les son las nuevas limitaciones del precio del alquiler en Catalu\u00f1a?','1410949501326','width=700,height=500,toolbar=0,menubar=0,location=0,status=1,scrollbars=1,resizable=1,left=0,top=0');return false;\" style=\"background-position: -300px -120px \"><\/a>\r\n\t\t\t\t\t<\/li>\r\n\t\t\t\t\t\t\t\t\t\t<li class=\"none nobackground \" >\r\n\r\n\t\t\t\t\t\t\t\t\t\t\t\t<a id=\"backforunical4685\" href=\"http:\/\/www.bebo.com\/c\/share?Url=www.fabregat-perulles-sales.com\/actualidad\/wp-json\/wp\/v2\/posts\/4685\"  onclick=\"javascript:void window.open('http:\/\/www.bebo.com\/c\/share?Url=www.fabregat-perulles-sales.com\/actualidad\/wp-json\/wp\/v2\/posts\/4685','1410949501326','width=700,height=500,toolbar=0,menubar=0,location=0,status=1,scrollbars=1,resizable=1,left=0,top=0');return false;\" style=\"background-position: -330px -120px \"><\/a>\r\n\t\t\t\t\t<\/li>\r\n\t\t\t\t\t\t\t\t\t\t<li class=\"none nobackground \" >\r\n\r\n\t\t\t\t\t\t\t\t\t\t\t\t<a id=\"backforunical4685\" href=\"https:\/\/delicious.com\/save?v=5&noui&jump=close&url=www.fabregat-perulles-sales.com\/actualidad\/wp-json\/wp\/v2\/posts\/4685&title=\u00bfQuieres saber cu\u00e1les son las nuevas limitaciones del precio del alquiler en Catalu\u00f1a?\"  onclick=\"javascript:void window.open('https:\/\/delicious.com\/save?v=5&noui&jump=close&url=www.fabregat-perulles-sales.com\/actualidad\/wp-json\/wp\/v2\/posts\/4685&title=\u00bfQuieres saber cu\u00e1les son las nuevas limitaciones del precio del alquiler en Catalu\u00f1a?','1410949501326','width=700,height=500,toolbar=0,menubar=0,location=0,status=1,scrollbars=1,resizable=1,left=0,top=0');return false;\" style=\"background-position: -360px -120px \"><\/a>\r\n\t\t\t\t\t<\/li>\r\n\t\t\t\t\t\t\t\t\t\t<li class=\"none nobackground \" >\r\n\r\n\t\t\t\t\t\t\t\t\t\t\t\t<a id=\"backforunical4685\" href=\"http:\/\/www.odnoklassniki.ru\/dk?st.cmd=addShare&st.s=2&st.noresize=on&st._surl=www.fabregat-perulles-sales.com\/actualidad\/wp-json\/wp\/v2\/posts\/4685\"  onclick=\"javascript:void window.open('http:\/\/www.odnoklassniki.ru\/dk?st.cmd=addShare&st.s=2&st.noresize=on&st._surl=www.fabregat-perulles-sales.com\/actualidad\/wp-json\/wp\/v2\/posts\/4685','1410949501326','width=700,height=500,toolbar=0,menubar=0,location=0,status=1,scrollbars=1,resizable=1,left=0,top=0');return false;\" style=\"background-position: -390px -120px \"><\/a>\r\n\t\t\t\t\t<\/li>\r\n\t\t\t\t\t\t\t\t\t\t<li class=\"none nobackground \" >\r\n\r\n\t\t\t\t\t\t\t\t\t\t\t\t<a id=\"backforunical4685\" href=\"http:\/\/sns.qzone.qq.com\/cgi-bin\/qzshare\/cgi_qzshare_onekey?url=www.fabregat-perulles-sales.com\/actualidad\/wp-json\/wp\/v2\/posts\/4685&title=\u00bfQuieres saber cu\u00e1les son las nuevas limitaciones del precio del alquiler en Catalu\u00f1a?\"  onclick=\"javascript:void window.open('http:\/\/sns.qzone.qq.com\/cgi-bin\/qzshare\/cgi_qzshare_onekey?url=www.fabregat-perulles-sales.com\/actualidad\/wp-json\/wp\/v2\/posts\/4685&title=\u00bfQuieres saber cu\u00e1les son las nuevas limitaciones del precio del alquiler en Catalu\u00f1a?','1410949501326','width=700,height=500,toolbar=0,menubar=0,location=0,status=1,scrollbars=1,resizable=1,left=0,top=0');return false;\" style=\"background-position: -420px -120px \"><\/a>\r\n\t\t\t\t\t<\/li>\r\n\t\t\t\t\t\t\t\t\t\t<li class=\"none nobackground \" >\r\n\r\n\t\t\t\t\t\t\t\t\t\t\t\t<a id=\"backforunical4685\" href=\"http:\/\/service.weibo.com\/share\/share.php?url=www.fabregat-perulles-sales.com\/actualidad\/wp-json\/wp\/v2\/posts\/4685&appkey=&title=\u00bfQuieres saber cu\u00e1les son las nuevas limitaciones del precio del alquiler en Catalu\u00f1a?&pic=&ralateUid=&\"  onclick=\"javascript:void window.open('http:\/\/service.weibo.com\/share\/share.php?url=www.fabregat-perulles-sales.com\/actualidad\/wp-json\/wp\/v2\/posts\/4685&appkey=&title=\u00bfQuieres saber cu\u00e1les son las nuevas limitaciones del precio del alquiler en Catalu\u00f1a?&pic=&ralateUid=&','1410949501326','width=700,height=500,toolbar=0,menubar=0,location=0,status=1,scrollbars=1,resizable=1,left=0,top=0');return false;\" style=\"background-position: -450px -120px \"><\/a>\r\n\t\t\t\t\t<\/li>\r\n\t\t\t\t\t\t\t\t\t\t<li class=\"none nobackground \" >\r\n\r\n\t\t\t\t\t\t\t\t\t\t\t\t<a id=\"backforunical4685\" href=\"http:\/\/widget.renren.com\/dialog\/share?resourceUrl=www.fabregat-perulles-sales.com\/actualidad\/wp-json\/wp\/v2\/posts\/4685&srcUrl=www.fabregat-perulles-sales.com\/actualidad\/wp-json\/wp\/v2\/posts\/4685&title=\u00bfQuieres saber cu\u00e1les son las nuevas limitaciones del precio del alquiler en Catalu\u00f1a?\"  onclick=\"javascript:void window.open('http:\/\/widget.renren.com\/dialog\/share?resourceUrl=www.fabregat-perulles-sales.com\/actualidad\/wp-json\/wp\/v2\/posts\/4685&srcUrl=www.fabregat-perulles-sales.com\/actualidad\/wp-json\/wp\/v2\/posts\/4685&title=\u00bfQuieres saber cu\u00e1les son las nuevas limitaciones del precio del alquiler en Catalu\u00f1a?','1410949501326','width=700,height=500,toolbar=0,menubar=0,location=0,status=1,scrollbars=1,resizable=1,left=0,top=0');return false;\" style=\"background-position: -480px -120px \"><\/a>\r\n\t\t\t\t\t<\/li>\r\n\t\t\t\t\t\t\t\t\t\t<li class=\"none nobackground \" >\r\n\r\n\t\t\t\t\t\t\t\t\t\t\t\t<a id=\"backforunical4685\" href=\"http:\/\/n4g.com\/tips?url=www.fabregat-perulles-sales.com\/actualidad\/wp-json\/wp\/v2\/posts\/4685&title=\u00bfQuieres saber cu\u00e1les son las nuevas limitaciones del precio del alquiler en Catalu\u00f1a?\"  onclick=\"javascript:void window.open('http:\/\/n4g.com\/tips?url=www.fabregat-perulles-sales.com\/actualidad\/wp-json\/wp\/v2\/posts\/4685&title=\u00bfQuieres saber cu\u00e1les son las nuevas limitaciones del precio del alquiler en Catalu\u00f1a?','1410949501326','width=700,height=500,toolbar=0,menubar=0,location=0,status=1,scrollbars=1,resizable=1,left=0,top=0');return false;\" style=\"background-position: -510px -120px \"><\/a>\r\n\t\t\t\t\t<\/li>\r\n\t\t\t\t\t\t\t\t<\/ul>\r\n\t\t\t<div class=\"clear\"><\/div>\r\n\t\t<\/div>\r\n\t\t","protected":false},"excerpt":{"rendered":"<p>El pasado 22 de septiembre entr\u00f3 en vigor en Catalu\u00f1a la Ley (Cat) 11\/2020, de 18 de septiembre, de medidas urgentes en materia de contenci\u00f3n de rentas en los contratos de arrendamientos de vivienda y de modificaci\u00f3n de la Ley 18\/2007, de la ley 24\/2015 y de la Ley 4\/2016, relativas a la protecci\u00f3n del\u2026 <span class=\"read-more\"><a href=\"https:\/\/www.fabregat-perulles-sales.com\/actualidad\/quieres-saber-cuales-son-las-nuevas-limitaciones-del-precio-del-alquiler-en-cataluna\/\">Read More &raquo;<\/a><\/span><\/p>\n","protected":false},"author":3,"featured_media":0,"comment_status":"open","ping_status":"closed","sticky":false,"template":"","format":"standard","meta":[],"categories":[14,3,74],"tags":[1858,518,513,824],"yoast_head":"<!-- This site is optimized with the Yoast SEO plugin v20.2.1 - https:\/\/yoast.com\/wordpress\/plugins\/seo\/ -->\n<title>Limitaciones del precio del alquiler<\/title>\n<meta name=\"description\" content=\"Entr\u00f3 en vigor en Catalu\u00f1a la Ley de medidas urgentes en materia de contenci\u00f3n de rentas...\" \/>\n<meta name=\"robots\" content=\"index, follow, max-snippet:-1, max-image-preview:large, max-video-preview:-1\" \/>\n<link rel=\"canonical\" href=\"https:\/\/www.fabregat-perulles-sales.com\/actualidad\/quieres-saber-cuales-son-las-nuevas-limitaciones-del-precio-del-alquiler-en-cataluna\/\" \/>\n<meta property=\"og:locale\" content=\"en_US\" \/>\n<meta property=\"og:type\" content=\"article\" \/>\n<meta property=\"og:title\" content=\"Limitaciones del precio del alquiler\" \/>\n<meta property=\"og:description\" content=\"Entr\u00f3 en vigor en Catalu\u00f1a la Ley de medidas urgentes en materia de contenci\u00f3n de rentas...\" \/>\n<meta property=\"og:url\" content=\"https:\/\/www.fabregat-perulles-sales.com\/actualidad\/quieres-saber-cuales-son-las-nuevas-limitaciones-del-precio-del-alquiler-en-cataluna\/\" \/>\n<meta property=\"og:site_name\" content=\"International Lawyers\" \/>\n<meta property=\"article:published_time\" content=\"2020-10-02T11:02:56+00:00\" \/>\n<meta property=\"article:modified_time\" content=\"2021-03-08T09:58:36+00:00\" \/>\n<meta property=\"og:image\" content=\"http:\/\/www.fabregat-perulles-sales.com\/actualidad\/wp-content\/uploads\/2020\/10\/foto-nota_page-0001.jpg\" \/>\n<meta name=\"author\" content=\"Victor\" \/>\n<meta name=\"twitter:card\" content=\"summary_large_image\" \/>\n<meta name=\"twitter:label1\" content=\"Written by\" \/>\n\t<meta name=\"twitter:data1\" content=\"Victor\" \/>\n\t<meta name=\"twitter:label2\" content=\"Est. reading time\" \/>\n\t<meta name=\"twitter:data2\" content=\"8 minutes\" \/>\n<script type=\"application\/ld+json\" class=\"yoast-schema-graph\">{\"@context\":\"https:\/\/schema.org\",\"@graph\":[{\"@type\":\"WebPage\",\"@id\":\"https:\/\/www.fabregat-perulles-sales.com\/actualidad\/quieres-saber-cuales-son-las-nuevas-limitaciones-del-precio-del-alquiler-en-cataluna\/\",\"url\":\"https:\/\/www.fabregat-perulles-sales.com\/actualidad\/quieres-saber-cuales-son-las-nuevas-limitaciones-del-precio-del-alquiler-en-cataluna\/\",\"name\":\"Limitaciones del precio del alquiler\",\"isPartOf\":{\"@id\":\"https:\/\/www.fabregat-perulles-sales.com\/actualidad\/#website\"},\"datePublished\":\"2020-10-02T11:02:56+00:00\",\"dateModified\":\"2021-03-08T09:58:36+00:00\",\"author\":{\"@id\":\"https:\/\/www.fabregat-perulles-sales.com\/actualidad\/#\/schema\/person\/cabc1d68c7778f01d5e069c2d98442e3\"},\"description\":\"Entr\u00f3 en vigor en Catalu\u00f1a la Ley de medidas urgentes en materia de contenci\u00f3n de rentas...\",\"breadcrumb\":{\"@id\":\"https:\/\/www.fabregat-perulles-sales.com\/actualidad\/quieres-saber-cuales-son-las-nuevas-limitaciones-del-precio-del-alquiler-en-cataluna\/#breadcrumb\"},\"inLanguage\":\"en-US\",\"potentialAction\":[{\"@type\":\"ReadAction\",\"target\":[\"https:\/\/www.fabregat-perulles-sales.com\/actualidad\/quieres-saber-cuales-son-las-nuevas-limitaciones-del-precio-del-alquiler-en-cataluna\/\"]}]},{\"@type\":\"BreadcrumbList\",\"@id\":\"https:\/\/www.fabregat-perulles-sales.com\/actualidad\/quieres-saber-cuales-son-las-nuevas-limitaciones-del-precio-del-alquiler-en-cataluna\/#breadcrumb\",\"itemListElement\":[{\"@type\":\"ListItem\",\"position\":1,\"name\":\"Home\",\"item\":\"https:\/\/www.fabregat-perulles-sales.com\/actualidad\/\"},{\"@type\":\"ListItem\",\"position\":2,\"name\":\"\u00bfQuieres saber cu\u00e1les son las nuevas limitaciones del precio del alquiler en Catalu\u00f1a?\"}]},{\"@type\":\"WebSite\",\"@id\":\"https:\/\/www.fabregat-perulles-sales.com\/actualidad\/#website\",\"url\":\"https:\/\/www.fabregat-perulles-sales.com\/actualidad\/\",\"name\":\"www.fabregat-perulles-sales.com\",\"description\":\"Fabregat Perulles Sales Abogados is a law firm of reference international market in the Spanish-German, Spanish-French, and Spanish-Italian. Is one of the first firms in Barcelona offering a Russian Desk.\",\"potentialAction\":[{\"@type\":\"SearchAction\",\"target\":{\"@type\":\"EntryPoint\",\"urlTemplate\":\"https:\/\/www.fabregat-perulles-sales.com\/actualidad\/?s={search_term_string}\"},\"query-input\":\"required name=search_term_string\"}],\"inLanguage\":\"en-US\"},{\"@type\":\"Person\",\"@id\":\"https:\/\/www.fabregat-perulles-sales.com\/actualidad\/#\/schema\/person\/cabc1d68c7778f01d5e069c2d98442e3\",\"name\":\"Victor\",\"image\":{\"@type\":\"ImageObject\",\"inLanguage\":\"en-US\",\"@id\":\"https:\/\/www.fabregat-perulles-sales.com\/actualidad\/#\/schema\/person\/image\/\",\"url\":\"https:\/\/secure.gravatar.com\/avatar\/756cb666a964d2960ffe307b8a53b271?s=96&d=mm&r=g\",\"contentUrl\":\"https:\/\/secure.gravatar.com\/avatar\/756cb666a964d2960ffe307b8a53b271?s=96&d=mm&r=g\",\"caption\":\"Victor\"},\"sameAs\":[\"http:\/\/www.fabregat-perulles-sales.com\"],\"url\":\"https:\/\/www.fabregat-perulles-sales.com\/actualidad\/author\/victor\/\"}]}<\/script>\n<!-- \/ Yoast SEO plugin. -->","yoast_head_json":{"title":"Limitaciones del precio del alquiler","description":"Entr\u00f3 en vigor en Catalu\u00f1a la Ley de medidas urgentes en materia de contenci\u00f3n de rentas...","robots":{"index":"index","follow":"follow","max-snippet":"max-snippet:-1","max-image-preview":"max-image-preview:large","max-video-preview":"max-video-preview:-1"},"canonical":"https:\/\/www.fabregat-perulles-sales.com\/actualidad\/quieres-saber-cuales-son-las-nuevas-limitaciones-del-precio-del-alquiler-en-cataluna\/","og_locale":"en_US","og_type":"article","og_title":"Limitaciones del precio del alquiler","og_description":"Entr\u00f3 en vigor en Catalu\u00f1a la Ley de medidas urgentes en materia de contenci\u00f3n de rentas...","og_url":"https:\/\/www.fabregat-perulles-sales.com\/actualidad\/quieres-saber-cuales-son-las-nuevas-limitaciones-del-precio-del-alquiler-en-cataluna\/","og_site_name":"International Lawyers","article_published_time":"2020-10-02T11:02:56+00:00","article_modified_time":"2021-03-08T09:58:36+00:00","og_image":[{"url":"http:\/\/www.fabregat-perulles-sales.com\/actualidad\/wp-content\/uploads\/2020\/10\/foto-nota_page-0001.jpg"}],"author":"Victor","twitter_card":"summary_large_image","twitter_misc":{"Written by":"Victor","Est. reading time":"8 minutes"},"schema":{"@context":"https:\/\/schema.org","@graph":[{"@type":"WebPage","@id":"https:\/\/www.fabregat-perulles-sales.com\/actualidad\/quieres-saber-cuales-son-las-nuevas-limitaciones-del-precio-del-alquiler-en-cataluna\/","url":"https:\/\/www.fabregat-perulles-sales.com\/actualidad\/quieres-saber-cuales-son-las-nuevas-limitaciones-del-precio-del-alquiler-en-cataluna\/","name":"Limitaciones del precio del alquiler","isPartOf":{"@id":"https:\/\/www.fabregat-perulles-sales.com\/actualidad\/#website"},"datePublished":"2020-10-02T11:02:56+00:00","dateModified":"2021-03-08T09:58:36+00:00","author":{"@id":"https:\/\/www.fabregat-perulles-sales.com\/actualidad\/#\/schema\/person\/cabc1d68c7778f01d5e069c2d98442e3"},"description":"Entr\u00f3 en vigor en Catalu\u00f1a la Ley de medidas urgentes en materia de contenci\u00f3n de rentas...","breadcrumb":{"@id":"https:\/\/www.fabregat-perulles-sales.com\/actualidad\/quieres-saber-cuales-son-las-nuevas-limitaciones-del-precio-del-alquiler-en-cataluna\/#breadcrumb"},"inLanguage":"en-US","potentialAction":[{"@type":"ReadAction","target":["https:\/\/www.fabregat-perulles-sales.com\/actualidad\/quieres-saber-cuales-son-las-nuevas-limitaciones-del-precio-del-alquiler-en-cataluna\/"]}]},{"@type":"BreadcrumbList","@id":"https:\/\/www.fabregat-perulles-sales.com\/actualidad\/quieres-saber-cuales-son-las-nuevas-limitaciones-del-precio-del-alquiler-en-cataluna\/#breadcrumb","itemListElement":[{"@type":"ListItem","position":1,"name":"Home","item":"https:\/\/www.fabregat-perulles-sales.com\/actualidad\/"},{"@type":"ListItem","position":2,"name":"\u00bfQuieres saber cu\u00e1les son las nuevas limitaciones del precio del alquiler en Catalu\u00f1a?"}]},{"@type":"WebSite","@id":"https:\/\/www.fabregat-perulles-sales.com\/actualidad\/#website","url":"https:\/\/www.fabregat-perulles-sales.com\/actualidad\/","name":"www.fabregat-perulles-sales.com","description":"Fabregat Perulles Sales Abogados is a law firm of reference international market in the Spanish-German, Spanish-French, and Spanish-Italian. Is one of the first firms in Barcelona offering a Russian Desk.","potentialAction":[{"@type":"SearchAction","target":{"@type":"EntryPoint","urlTemplate":"https:\/\/www.fabregat-perulles-sales.com\/actualidad\/?s={search_term_string}"},"query-input":"required name=search_term_string"}],"inLanguage":"en-US"},{"@type":"Person","@id":"https:\/\/www.fabregat-perulles-sales.com\/actualidad\/#\/schema\/person\/cabc1d68c7778f01d5e069c2d98442e3","name":"Victor","image":{"@type":"ImageObject","inLanguage":"en-US","@id":"https:\/\/www.fabregat-perulles-sales.com\/actualidad\/#\/schema\/person\/image\/","url":"https:\/\/secure.gravatar.com\/avatar\/756cb666a964d2960ffe307b8a53b271?s=96&d=mm&r=g","contentUrl":"https:\/\/secure.gravatar.com\/avatar\/756cb666a964d2960ffe307b8a53b271?s=96&d=mm&r=g","caption":"Victor"},"sameAs":["http:\/\/www.fabregat-perulles-sales.com"],"url":"https:\/\/www.fabregat-perulles-sales.com\/actualidad\/author\/victor\/"}]}},"amp_enabled":true,"_links":{"self":[{"href":"https:\/\/www.fabregat-perulles-sales.com\/actualidad\/wp-json\/wp\/v2\/posts\/4685"}],"collection":[{"href":"https:\/\/www.fabregat-perulles-sales.com\/actualidad\/wp-json\/wp\/v2\/posts"}],"about":[{"href":"https:\/\/www.fabregat-perulles-sales.com\/actualidad\/wp-json\/wp\/v2\/types\/post"}],"author":[{"embeddable":true,"href":"https:\/\/www.fabregat-perulles-sales.com\/actualidad\/wp-json\/wp\/v2\/users\/3"}],"replies":[{"embeddable":true,"href":"https:\/\/www.fabregat-perulles-sales.com\/actualidad\/wp-json\/wp\/v2\/comments?post=4685"}],"version-history":[{"count":4,"href":"https:\/\/www.fabregat-perulles-sales.com\/actualidad\/wp-json\/wp\/v2\/posts\/4685\/revisions"}],"predecessor-version":[{"id":4800,"href":"https:\/\/www.fabregat-perulles-sales.com\/actualidad\/wp-json\/wp\/v2\/posts\/4685\/revisions\/4800"}],"wp:attachment":[{"href":"https:\/\/www.fabregat-perulles-sales.com\/actualidad\/wp-json\/wp\/v2\/media?parent=4685"}],"wp:term":[{"taxonomy":"category","embeddable":true,"href":"https:\/\/www.fabregat-perulles-sales.com\/actualidad\/wp-json\/wp\/v2\/categories?post=4685"},{"taxonomy":"post_tag","embeddable":true,"href":"https:\/\/www.fabregat-perulles-sales.com\/actualidad\/wp-json\/wp\/v2\/tags?post=4685"}],"curies":[{"name":"wp","href":"https:\/\/api.w.org\/{rel}","templated":true}]}}