{"id":4637,"date":"2020-06-10T16:54:48","date_gmt":"2020-06-10T15:54:48","guid":{"rendered":"http:\/\/www.fabregat-perulles-sales.com\/actualidad\/?p=4637"},"modified":"2020-06-25T09:39:05","modified_gmt":"2020-06-25T08:39:05","slug":"medidas-adoptadas-por-el-ayuntamiento-de-barcelona-para-incentivar-la-rebaja-del-alquiler-de-los-locales-comerciales","status":"publish","type":"post","link":"https:\/\/www.fabregat-perulles-sales.com\/actualidad\/medidas-adoptadas-por-el-ayuntamiento-de-barcelona-para-incentivar-la-rebaja-del-alquiler-de-los-locales-comerciales\/","title":{"rendered":"Medidas adoptadas por el Ayuntamiento de Barcelona para incentivar la rebaja del alquiler de los locales comerciales"},"content":{"rendered":"<p><img decoding=\"async\" loading=\"lazy\" class=\"wp-image-4638 aligncenter\" src=\"http:\/\/www.fabregat-perulles-sales.com\/actualidad\/wp-content\/uploads\/2020\/06\/barcelona-2371946_1920.jpg\" alt=\"\" width=\"589\" height=\"331\" srcset=\"https:\/\/www.fabregat-perulles-sales.com\/actualidad\/wp-content\/uploads\/2020\/06\/barcelona-2371946_1920.jpg 1920w, https:\/\/www.fabregat-perulles-sales.com\/actualidad\/wp-content\/uploads\/2020\/06\/barcelona-2371946_1920-300x169.jpg 300w, https:\/\/www.fabregat-perulles-sales.com\/actualidad\/wp-content\/uploads\/2020\/06\/barcelona-2371946_1920-768x432.jpg 768w, https:\/\/www.fabregat-perulles-sales.com\/actualidad\/wp-content\/uploads\/2020\/06\/barcelona-2371946_1920-1024x576.jpg 1024w, https:\/\/www.fabregat-perulles-sales.com\/actualidad\/wp-content\/uploads\/2020\/06\/barcelona-2371946_1920-660x371.jpg 660w\" sizes=\"(max-width: 589px) 100vw, 589px\" \/><\/p>\n<p>El Ayuntamiento de Barcelona va a destinar 1.000.000 \u20ac a subvenciones dirigidas a los arrendadores que reduzcan de forma significativa el importe de la renta durante un periodo m\u00ednimo de seis meses desde la declaraci\u00f3n del estado de alarma.<\/p>\n<p>Todo ello, a fin de, seg\u00fan establecen las Bases Reguladoras de la subvenci\u00f3n que han sido aprobadas inicialmente y publicadas en el Bolet\u00edn Oficial de la Provincia de Barcelona (BOPB) en fecha 8 de junio de 2020, proteger, apoyar y facilitar el mantenimiento del comercio de proximidad de la ciudad de Barcelona.<\/p>\n<p><strong>\u00bfQui\u00e9n puede solicitar esta subvenci\u00f3n?<\/strong><\/p>\n<p>Las personas f\u00edsicas y jur\u00eddicas que sean aut\u00f3nomos, microempresas o peque\u00f1as empresas, de acuerdo con el criterio de clasificaci\u00f3n europeo, <strong><u>propietarios de un bien inmueble<\/u><\/strong> en la ciudad de Barcelona destinado a local comercial, que rebajen de forma significativa el importe de la renta a sus inquilinos.<\/p>\n<p>Salvo que las Bases que se aprueben definitivamente establezcan algo distinto, los destinatarios de la subvenci\u00f3n solo podr\u00e1n ser los propietarios de un \u00fanico inmueble.<\/p>\n<p><strong>Requisitos para solicitar la subvenci\u00f3n<\/strong><\/p>\n<p>Por lo que se refiere al local comercial, este debe tener una <strong><u>superficie inferior a<\/u><\/strong><u> <strong>300 m2<\/strong><\/u>, encontrase dentro de la ciudad de Barcelona y no estar ubicado en un centro comercial o galer\u00eda.<\/p>\n<p>Por lo que se refiere al contrato de arrendamiento, el<strong> inicio de su vigencia debe ser anterior a la declaraci\u00f3n del estado de alarma<\/strong>.<\/p>\n<p>Por lo que se refiere a la actividad desarrollada en el local, debe encontrarse entre las <strong>actividades que hayan sido suspendidas<\/strong> por la declaraci\u00f3n del estado de alarma y la normativa que se deriva de ella. En concreto, deber\u00e1 encontrarse englobada en alguno de los siguientes sectores:<\/p>\n<ul>\n<li>&#8211; comercio al detalle de productos no alimentarios en establecimiento permanente (excepto farmacias)<\/li>\n<li>&#8211; servicios de alimentaci\u00f3n en restaurantes, bares, etc.<\/li>\n<li>&#8211; servicios de hospedaje<\/li>\n<li>&#8211; servicios de reparaci\u00f3n<\/li>\n<li>&#8211; agencias de viajes<\/li>\n<\/ul>\n<p>Por lo que se refiere a la rebaja, para poder solicitar la subvenci\u00f3n, debe hacerse una <strong>rebaja significativa<\/strong>, entendi\u00e9ndose que \u00e9sta, como m\u00ednimo, debe ser del <strong>25% de la renta<\/strong> vigente antes de la declaraci\u00f3n del estado de alarma (esto es, 14 de marzo de 2020), y durante un <strong>periodo m\u00ednimo de 6 meses<\/strong> desde dicha declaraci\u00f3n.<\/p>\n<p>Por \u00faltimo, se exige como condici\u00f3n para el otorgamiento de la subvenci\u00f3n, y de conformidad con el r\u00e9gimen general de \u00e9stas, estar al corriente de pago de las obligaciones fiscales, tributarias, de reintegro y de justificaciones con la Administraci\u00f3n P\u00fablica y Tributaria.<\/p>\n<p><strong>C\u00e1lculo, forma, plazos y pago de la subvenci\u00f3n:<\/strong><\/p>\n<p>Para realizar el c\u00e1lculo del importe total rebajado, se ponderar\u00e1 la renta total pagada por el inquilino durante los 6 meses siguientes al inicio de la declaraci\u00f3n del estado de alarma. Si de dicho c\u00e1lculo se aprecia una rebaja de <strong>entre el 25% y el 50% <\/strong>el Ayuntamiento adjudicar\u00e1 una subvenci\u00f3n de <strong>600 \u20ac<\/strong> y, si es <strong>superior al 50%<\/strong>, de <strong>1.200 \u20ac.<\/strong><\/p>\n<p>Las solicitudes se resolver\u00e1n mediante resoluci\u00f3n definitiva publicada en el BOPB en un plazo m\u00e1ximo de 3 meses a contar desde su presentaci\u00f3n. De no haberse resuelto en dicho plazo la solicitud formulada, \u00e9sta deber\u00e1 entenderse como desestimada.<\/p>\n<p>Con el fin de acelerar lo m\u00e1ximo posible la llegada de liquidez a empresas y aut\u00f3nomos, las subvenciones se pagar\u00e1n anticipadamente a los beneficiarios en un pago \u00fanico, mediante transferencia bancaria a la cuenta indicada por el solicitante, una vez que se publique la antedicha resoluci\u00f3n definitiva.<\/p>\n<p>Sin perjuicio de lo anterior y dado que las subvenciones se pagar\u00e1n de forma anticipada, el beneficiario, deber\u00e1 justificar el cumplimiento de los requisitos de mantenimiento de vigencia del contrato o los acuerdos de reducci\u00f3n de renta, aportando la documentaci\u00f3n se\u00f1alada al efecto por las referidas Bases Reguladoras. El plazo para presentar dicha justificaci\u00f3n ser\u00e1 de dos meses a partir del d\u00eda siguiente a aquel en que se cumpla un plazo de 6 meses a contar desde el \u00faltimo d\u00eda en que venza el plazo para presentar la solicitud.<\/p>\n<p>Los siguientes incumplimientos o faltas de justificaci\u00f3n por parte del beneficiario podr\u00e1n suponer para el mismo, a parte de la obligaci\u00f3n de reintegrar de la subvenci\u00f3n con sus intereses de demora, la imposici\u00f3n de sanciones administrativas:<\/p>\n<ul>\n<li>&#8211; incumplimiento de la finalidad para la que ha sido concedida la subvenci\u00f3n;<\/li>\n<li>&#8211; incumplimiento de las condiciones impuestas al beneficiario;<\/li>\n<li>&#8211; incumplimiento de las obligaciones fiscales contables o de conservaci\u00f3n de documentos; y<\/li>\n<li>&#8211; la resistencia, excusa, obstrucci\u00f3n o negativa a las actuaciones de comprobaci\u00f3n y control por parte del \u00f3rgano municipal tutor de la subvenci\u00f3n.<\/li>\n<\/ul>\n<p>Las subvenciones podr\u00e1n solicitarse durante un periodo de <strong>dos meses a contar desde el d\u00eda siguiente de la aprobaci\u00f3n definitiva de las bases y de su convocatoria (<\/strong>lo cual ser\u00e1, previsiblemente, el<strong> 22 de junio si no se presentan alegaciones a las Bases aprobadas inicialmente)<\/strong> a trav\u00e9s de cualquier oficina del registro municipal o de forma telem\u00e1tica<strong>\u00a0<\/strong>a\u00a0<a href=\"https:\/\/seuelectronica.ajuntament.barcelona.cat\/oficinavirtual\/es\">trav\u00e9s del portal de tr\u00e1mites<\/a>, y las ayudas se otorgar\u00e1n <strong>seg\u00fan el orden cronol\u00f3gico de llegada<\/strong>, hasta que se agote la partida presupuestaria (recordemos, de un mill\u00f3n de euros).<\/p>\n<p>Siendo previsible un aluvi\u00f3n de solicitudes, es recomendable, de desear acogerse a la subvenci\u00f3n, preparar la solicitud y documentaci\u00f3n requerida en las Bases aprobadas inicialmente y aqu\u00ed referidas, a la mayor brevedad posible.<\/p>\n<p><strong>\u00a0<\/strong><\/p>\n<h6><em>\u201cEste documento tiene como prop\u00f3sito exclusivo la divulgaci\u00f3n de su contenido. No constituye asesoramiento de ning\u00fan tipo y, por tanto, no puede considerarse como tal ni debe servir de base para la toma de decisiones\u201d.<\/em><\/h6>\n<p>&nbsp;<\/p>\n\r\n\t\t<style>\r\n\t\t\t.huge-it-share-buttons {\r\n\t\t\t\tborder:0px solid #0FB5D6;\r\n\t\t\t\tborder-radius:5px;\r\n\t\t\t\tbackground:#3BD8FF;\r\n\t\t\t text-align:left; \t\t\t\t\t\t\t\t\t}\r\n\r\n\t\t\t#huge-it-share-buttons-top {margin-bottom:0px;}\r\n\t\t\t#huge-it-share-buttons-bottom {margin-top:0px;}\r\n\r\n\t\t\t.huge-it-share-buttons h3 {\r\n\t\t\t\tfont-size:25px ;\r\n\t\t\t\tfont-family:Arial,Helvetica Neue,Helvetica,sans-serif;\r\n\t\t\t\tcolor:#666666;\r\n\r\n\t\t\tdisplay:block;\t\t\t\tline-height:25px ;\r\n\r\n\t\t\t text-align:left; \t\t\t\t\t\t\t\t\t}\r\n\r\n\t\t\t.huge-it-share-buttons ul {\r\n\t\t\t float:left; \t\t\t\t\t\t\t\t\t}\r\n\r\n\t\t\t.huge-it-share-buttons ul li {\r\n\t\t\t\tmargin-left:3px;\r\n\t\t\t\tmargin-right:3px;\r\n\t\t\t\tpadding:0px;\r\n\t\t\t\tborder:0px ridge #E6354C;\r\n\t\t\t\tborder-radius:11px;\r\n\t\t\t\tbackground-color:#14CC9B;\r\n\t\t\t}\r\n\r\n\t\t\t.huge-it-share-buttons ul li #backforunical4637 {\r\n\t\t\t\tborder-bottom: 0;\r\n\t\t\t\tbackground-image:url('https:\/\/www.fabregat-perulles-sales.com\/actualidad\/wp-content\/plugins\/wp-share-buttons\/Front_end\/..\/images\/buttons.30.png');\r\n\t\t\t\twidth:30px;\r\n\t\t\t\theight:30px;\r\n\t\t\t}\r\n\r\n\t\t\t.front-shares-count {\r\n\t\t\t\tposition: absolute;\r\n\t\t\t\ttext-align: center;\r\n\t\t\t\tdisplay: block;\r\n\t\t\t}\r\n\r\n\t\t\t.shares_size20 .front-shares-count {\r\n\t\t\t\tfont-size: 10px;\r\n\t\t\t\ttop: 10px;\r\n\t\t\t\twidth: 20px;\r\n\t\t\t}\r\n\r\n\t\t\t.shares_size30 .front-shares-count {\r\n\t\t\t\tfont-size: 11px;\r\n\t\t\t\ttop: 15px;\r\n\t\t\t\twidth: 30px;\r\n\t\t\t}\r\n\r\n\t\t\t.shares_size40 .front-shares-count {\r\n\t\t\t\tfont-size: 12px;\r\n\t\t\t\ttop: 21px;\r\n\t\t\t\twidth: 40px;\r\n\t\t\t}\r\n\t\t<\/style>\r\n\t\t\r\n\t\t<div id=\"huge-it-share-buttons-top\" class=\"huge-it-share-buttons nobackground\">\r\n\t\t\t<h3>Share This:<\/h3>\r\n\t\t\t<ul class=\"huge-it-share-buttons-list \">\r\n\t\t\t\t\t\t\t\t\t<li class=\"nobackground \" >\r\n\r\n\t\t\t\t\t\t\t\t\t\t\t\t<a id=\"backforunical4637\" href=\"https:\/\/www.facebook.com\/sharer\/sharer.php?u=www.fabregat-perulles-sales.com\/actualidad\/wp-json\/wp\/v2\/posts\/4637\"  onclick=\"javascript:void window.open('https:\/\/www.facebook.com\/sharer\/sharer.php?u=www.fabregat-perulles-sales.com\/actualidad\/wp-json\/wp\/v2\/posts\/4637','1410949501326','width=700,height=500,toolbar=0,menubar=0,location=0,status=1,scrollbars=1,resizable=1,left=0,top=0');return false;\" style=\"background-position: -0px -120px \"><\/a>\r\n\t\t\t\t\t<\/li>\r\n\t\t\t\t\t\t\t\t\t\t<li class=\"nobackground \" >\r\n\r\n\t\t\t\t\t\t\t\t\t\t\t\t<a id=\"backforunical4637\" href=\"https:\/\/twitter.com\/share?status=www.fabregat-perulles-sales.com\/actualidad\/wp-json\/wp\/v2\/posts\/4637&text=Medidas adoptadas por el Ayuntamiento de Barcelona para incentivar la rebaja del alquiler de los locales comerciales\"  onclick=\"javascript:void window.open('https:\/\/twitter.com\/share?status=www.fabregat-perulles-sales.com\/actualidad\/wp-json\/wp\/v2\/posts\/4637&text=Medidas adoptadas por el Ayuntamiento de Barcelona para incentivar la rebaja del alquiler de los locales comerciales','1410949501326','width=700,height=500,toolbar=0,menubar=0,location=0,status=1,scrollbars=1,resizable=1,left=0,top=0');return false;\" style=\"background-position: -30px -120px \"><\/a>\r\n\t\t\t\t\t<\/li>\r\n\t\t\t\t\t\t\t\t\t\t<li class=\"none nobackground \" >\r\n\r\n\t\t\t\t\t\t\t\t\t\t\t\t<a id=\"backforunical4637\" href=\"http:\/\/www.pinterest.com\/pin\/create\/button\/?url=www.fabregat-perulles-sales.com\/actualidad\/wp-json\/wp\/v2\/posts\/4637&media=https:\/\/www.fabregat-perulles-sales.com\/actualidad\/wp-content\/plugins\/wp-share-buttons\/Front_end\/..\/images\/noimage.png&description=Medidas adoptadas por el Ayuntamiento de Barcelona para incentivar la rebaja del alquiler de los locales comerciales\"  onclick=\"javascript:void window.open('http:\/\/www.pinterest.com\/pin\/create\/button\/?url=www.fabregat-perulles-sales.com\/actualidad\/wp-json\/wp\/v2\/posts\/4637&media=https:\/\/www.fabregat-perulles-sales.com\/actualidad\/wp-content\/plugins\/wp-share-buttons\/Front_end\/..\/images\/noimage.png&description=Medidas adoptadas por el Ayuntamiento de Barcelona para incentivar la rebaja del alquiler de los locales comerciales','1410949501326','width=700,height=500,toolbar=0,menubar=0,location=0,status=1,scrollbars=1,resizable=1,left=0,top=0');return false;\" style=\"background-position: -60px -120px \"><\/a>\r\n\t\t\t\t\t<\/li>\r\n\t\t\t\t\t\t\t\t\t\t<li class=\"none nobackground \" >\r\n\r\n\t\t\t\t\t\t\t\t\t\t\t\t<a id=\"backforunical4637\" href=\"https:\/\/plus.google.com\/share?url=www.fabregat-perulles-sales.com\/actualidad\/wp-json\/wp\/v2\/posts\/4637\"  onclick=\"javascript:void window.open('https:\/\/plus.google.com\/share?url=www.fabregat-perulles-sales.com\/actualidad\/wp-json\/wp\/v2\/posts\/4637','1410949501326','width=700,height=500,toolbar=0,menubar=0,location=0,status=1,scrollbars=1,resizable=1,left=0,top=0');return false;\" style=\"background-position: -90px -120px \"><\/a>\r\n\t\t\t\t\t<\/li>\r\n\t\t\t\t\t\t\t\t\t\t<li class=\"nobackground \" >\r\n\r\n\t\t\t\t\t\t\t\t\t\t\t\t<a id=\"backforunical4637\" href=\"https:\/\/www.linkedin.com\/shareArticle?title=Medidas adoptadas por el Ayuntamiento de Barcelona para incentivar la rebaja del alquiler de los locales comerciales&mini=true&url=https:\/\/www.fabregat-perulles-sales.com\/actualidad\/wp-json\/wp\/v2\/posts\/4637\"  onclick=\"javascript:void window.open('https:\/\/www.linkedin.com\/shareArticle?title=Medidas adoptadas por el Ayuntamiento de Barcelona para incentivar la rebaja del alquiler de los locales comerciales&mini=true&url=https:\/\/www.fabregat-perulles-sales.com\/actualidad\/wp-json\/wp\/v2\/posts\/4637','1410949501326','width=700,height=500,toolbar=0,menubar=0,location=0,status=1,scrollbars=1,resizable=1,left=0,top=0');return false;\" style=\"background-position: -120px -120px \"><\/a>\r\n\t\t\t\t\t<\/li>\r\n\t\t\t\t\t\t\t\t\t\t<li class=\"none nobackground \" >\r\n\r\n\t\t\t\t\t\t\t\t\t\t\t\t<a id=\"backforunical4637\" href=\"https:\/\/www.tumblr.com\/share\/link?url=www.fabregat-perulles-sales.com\/actualidad\/wp-json\/wp\/v2\/posts\/4637&name=Medidas adoptadas por el Ayuntamiento de Barcelona para incentivar la rebaja del alquiler de los locales comerciales\"  onclick=\"javascript:void window.open('https:\/\/www.tumblr.com\/share\/link?url=www.fabregat-perulles-sales.com\/actualidad\/wp-json\/wp\/v2\/posts\/4637&name=Medidas adoptadas por el Ayuntamiento de Barcelona para incentivar la rebaja del alquiler de los locales comerciales','1410949501326','width=700,height=500,toolbar=0,menubar=0,location=0,status=1,scrollbars=1,resizable=1,left=0,top=0');return false;\" style=\"background-position: -150px -120px \"><\/a>\r\n\t\t\t\t\t<\/li>\r\n\t\t\t\t\t\t\t\t\t\t<li class=\"none nobackground \" >\r\n\r\n\t\t\t\t\t\t\t\t\t\t\t\t<a id=\"backforunical4637\" href=\"http:\/\/digg.com\/submit?phase=2&url=www.fabregat-perulles-sales.com\/actualidad\/wp-json\/wp\/v2\/posts\/4637&title=Medidas adoptadas por el Ayuntamiento de Barcelona para incentivar la rebaja del alquiler de los locales comerciales\"  onclick=\"javascript:void window.open('http:\/\/digg.com\/submit?phase=2&url=www.fabregat-perulles-sales.com\/actualidad\/wp-json\/wp\/v2\/posts\/4637&title=Medidas adoptadas por el Ayuntamiento de Barcelona para incentivar la rebaja del alquiler de los locales comerciales','1410949501326','width=700,height=500,toolbar=0,menubar=0,location=0,status=1,scrollbars=1,resizable=1,left=0,top=0');return false;\" style=\"background-position: -180px -120px \"><\/a>\r\n\t\t\t\t\t<\/li>\r\n\t\t\t\t\t\t\t\t\t\t<li class=\"none nobackground \" >\r\n\r\n\t\t\t\t\t\t\t\t\t\t\t\t<a id=\"backforunical4637\" href=\"http:\/\/www.stumbleupon.com\/submit?url=www.fabregat-perulles-sales.com\/actualidad\/wp-json\/wp\/v2\/posts\/4637&title=Medidas adoptadas por el Ayuntamiento de Barcelona para incentivar la rebaja del alquiler de los locales comerciales\"  onclick=\"javascript:void window.open('http:\/\/www.stumbleupon.com\/submit?url=www.fabregat-perulles-sales.com\/actualidad\/wp-json\/wp\/v2\/posts\/4637&title=Medidas adoptadas por el Ayuntamiento de Barcelona para incentivar la rebaja del alquiler de los locales comerciales','1410949501326','width=700,height=500,toolbar=0,menubar=0,location=0,status=1,scrollbars=1,resizable=1,left=0,top=0');return false;\" style=\"background-position: -210px -120px \"><\/a>\r\n\t\t\t\t\t<\/li>\r\n\t\t\t\t\t\t\t\t\t\t<li class=\"none nobackground \" >\r\n\r\n\t\t\t\t\t\t\t\t\t\t\t\t<a id=\"backforunical4637\" href=\"https:\/\/myspace.com\/post?l=3&u=www.fabregat-perulles-sales.com\/actualidad\/wp-json\/wp\/v2\/posts\/4637\"  onclick=\"javascript:void window.open('https:\/\/myspace.com\/post?l=3&u=www.fabregat-perulles-sales.com\/actualidad\/wp-json\/wp\/v2\/posts\/4637','1410949501326','width=700,height=500,toolbar=0,menubar=0,location=0,status=1,scrollbars=1,resizable=1,left=0,top=0');return false;\" style=\"background-position: -240px -120px \"><\/a>\r\n\t\t\t\t\t<\/li>\r\n\t\t\t\t\t\t\t\t\t\t<li class=\"nobackground \" >\r\n\r\n\t\t\t\t\t\t\t\t\t\t\t\t<a id=\"backforunical4637\" href=\"http:\/\/vk.com\/share.php?url=www.fabregat-perulles-sales.com\/actualidad\/wp-json\/wp\/v2\/posts\/4637&title=Medidas adoptadas por el Ayuntamiento de Barcelona para incentivar la rebaja del alquiler de los locales comerciales\"  onclick=\"javascript:void window.open('http:\/\/vk.com\/share.php?url=www.fabregat-perulles-sales.com\/actualidad\/wp-json\/wp\/v2\/posts\/4637&title=Medidas adoptadas por el Ayuntamiento de Barcelona para incentivar la rebaja del alquiler de los locales comerciales','1410949501326','width=700,height=500,toolbar=0,menubar=0,location=0,status=1,scrollbars=1,resizable=1,left=0,top=0');return false;\" style=\"background-position: -270px -120px \"><\/a>\r\n\t\t\t\t\t<\/li>\r\n\t\t\t\t\t\t\t\t\t\t<li class=\"none nobackground \" >\r\n\r\n\t\t\t\t\t\t\t\t\t\t\t\t<a id=\"backforunical4637\" href=\"http:\/\/www.reddit.com\/submit?url=www.fabregat-perulles-sales.com\/actualidad\/wp-json\/wp\/v2\/posts\/4637&title=Medidas adoptadas por el Ayuntamiento de Barcelona para incentivar la rebaja del alquiler de los locales comerciales\"  onclick=\"javascript:void window.open('http:\/\/www.reddit.com\/submit?url=www.fabregat-perulles-sales.com\/actualidad\/wp-json\/wp\/v2\/posts\/4637&title=Medidas adoptadas por el Ayuntamiento de Barcelona para incentivar la rebaja del alquiler de los locales comerciales','1410949501326','width=700,height=500,toolbar=0,menubar=0,location=0,status=1,scrollbars=1,resizable=1,left=0,top=0');return false;\" style=\"background-position: -300px -120px \"><\/a>\r\n\t\t\t\t\t<\/li>\r\n\t\t\t\t\t\t\t\t\t\t<li class=\"none nobackground \" >\r\n\r\n\t\t\t\t\t\t\t\t\t\t\t\t<a id=\"backforunical4637\" href=\"http:\/\/www.bebo.com\/c\/share?Url=www.fabregat-perulles-sales.com\/actualidad\/wp-json\/wp\/v2\/posts\/4637\"  onclick=\"javascript:void window.open('http:\/\/www.bebo.com\/c\/share?Url=www.fabregat-perulles-sales.com\/actualidad\/wp-json\/wp\/v2\/posts\/4637','1410949501326','width=700,height=500,toolbar=0,menubar=0,location=0,status=1,scrollbars=1,resizable=1,left=0,top=0');return false;\" style=\"background-position: -330px -120px \"><\/a>\r\n\t\t\t\t\t<\/li>\r\n\t\t\t\t\t\t\t\t\t\t<li class=\"none nobackground \" >\r\n\r\n\t\t\t\t\t\t\t\t\t\t\t\t<a id=\"backforunical4637\" href=\"https:\/\/delicious.com\/save?v=5&noui&jump=close&url=www.fabregat-perulles-sales.com\/actualidad\/wp-json\/wp\/v2\/posts\/4637&title=Medidas adoptadas por el Ayuntamiento de Barcelona para incentivar la rebaja del alquiler de los locales comerciales\"  onclick=\"javascript:void window.open('https:\/\/delicious.com\/save?v=5&noui&jump=close&url=www.fabregat-perulles-sales.com\/actualidad\/wp-json\/wp\/v2\/posts\/4637&title=Medidas adoptadas por el Ayuntamiento de Barcelona para incentivar la rebaja del alquiler de los locales comerciales','1410949501326','width=700,height=500,toolbar=0,menubar=0,location=0,status=1,scrollbars=1,resizable=1,left=0,top=0');return false;\" style=\"background-position: -360px -120px \"><\/a>\r\n\t\t\t\t\t<\/li>\r\n\t\t\t\t\t\t\t\t\t\t<li class=\"none nobackground \" >\r\n\r\n\t\t\t\t\t\t\t\t\t\t\t\t<a id=\"backforunical4637\" href=\"http:\/\/www.odnoklassniki.ru\/dk?st.cmd=addShare&st.s=2&st.noresize=on&st._surl=www.fabregat-perulles-sales.com\/actualidad\/wp-json\/wp\/v2\/posts\/4637\"  onclick=\"javascript:void window.open('http:\/\/www.odnoklassniki.ru\/dk?st.cmd=addShare&st.s=2&st.noresize=on&st._surl=www.fabregat-perulles-sales.com\/actualidad\/wp-json\/wp\/v2\/posts\/4637','1410949501326','width=700,height=500,toolbar=0,menubar=0,location=0,status=1,scrollbars=1,resizable=1,left=0,top=0');return false;\" style=\"background-position: -390px -120px \"><\/a>\r\n\t\t\t\t\t<\/li>\r\n\t\t\t\t\t\t\t\t\t\t<li class=\"none nobackground \" >\r\n\r\n\t\t\t\t\t\t\t\t\t\t\t\t<a id=\"backforunical4637\" href=\"http:\/\/sns.qzone.qq.com\/cgi-bin\/qzshare\/cgi_qzshare_onekey?url=www.fabregat-perulles-sales.com\/actualidad\/wp-json\/wp\/v2\/posts\/4637&title=Medidas adoptadas por el Ayuntamiento de Barcelona para incentivar la rebaja del alquiler de los locales comerciales\"  onclick=\"javascript:void window.open('http:\/\/sns.qzone.qq.com\/cgi-bin\/qzshare\/cgi_qzshare_onekey?url=www.fabregat-perulles-sales.com\/actualidad\/wp-json\/wp\/v2\/posts\/4637&title=Medidas adoptadas por el Ayuntamiento de Barcelona para incentivar la rebaja del alquiler de los locales comerciales','1410949501326','width=700,height=500,toolbar=0,menubar=0,location=0,status=1,scrollbars=1,resizable=1,left=0,top=0');return false;\" style=\"background-position: -420px -120px \"><\/a>\r\n\t\t\t\t\t<\/li>\r\n\t\t\t\t\t\t\t\t\t\t<li class=\"none nobackground \" >\r\n\r\n\t\t\t\t\t\t\t\t\t\t\t\t<a id=\"backforunical4637\" href=\"http:\/\/service.weibo.com\/share\/share.php?url=www.fabregat-perulles-sales.com\/actualidad\/wp-json\/wp\/v2\/posts\/4637&appkey=&title=Medidas adoptadas por el Ayuntamiento de Barcelona para incentivar la rebaja del alquiler de los locales comerciales&pic=&ralateUid=&\"  onclick=\"javascript:void window.open('http:\/\/service.weibo.com\/share\/share.php?url=www.fabregat-perulles-sales.com\/actualidad\/wp-json\/wp\/v2\/posts\/4637&appkey=&title=Medidas adoptadas por el Ayuntamiento de Barcelona para incentivar la rebaja del alquiler de los locales comerciales&pic=&ralateUid=&','1410949501326','width=700,height=500,toolbar=0,menubar=0,location=0,status=1,scrollbars=1,resizable=1,left=0,top=0');return false;\" style=\"background-position: -450px -120px \"><\/a>\r\n\t\t\t\t\t<\/li>\r\n\t\t\t\t\t\t\t\t\t\t<li class=\"none nobackground \" >\r\n\r\n\t\t\t\t\t\t\t\t\t\t\t\t<a id=\"backforunical4637\" href=\"http:\/\/widget.renren.com\/dialog\/share?resourceUrl=www.fabregat-perulles-sales.com\/actualidad\/wp-json\/wp\/v2\/posts\/4637&srcUrl=www.fabregat-perulles-sales.com\/actualidad\/wp-json\/wp\/v2\/posts\/4637&title=Medidas adoptadas por el Ayuntamiento de Barcelona para incentivar la rebaja del alquiler de los locales comerciales\"  onclick=\"javascript:void window.open('http:\/\/widget.renren.com\/dialog\/share?resourceUrl=www.fabregat-perulles-sales.com\/actualidad\/wp-json\/wp\/v2\/posts\/4637&srcUrl=www.fabregat-perulles-sales.com\/actualidad\/wp-json\/wp\/v2\/posts\/4637&title=Medidas adoptadas por el Ayuntamiento de Barcelona para incentivar la rebaja del alquiler de los locales comerciales','1410949501326','width=700,height=500,toolbar=0,menubar=0,location=0,status=1,scrollbars=1,resizable=1,left=0,top=0');return false;\" style=\"background-position: -480px -120px \"><\/a>\r\n\t\t\t\t\t<\/li>\r\n\t\t\t\t\t\t\t\t\t\t<li class=\"none nobackground \" >\r\n\r\n\t\t\t\t\t\t\t\t\t\t\t\t<a id=\"backforunical4637\" href=\"http:\/\/n4g.com\/tips?url=www.fabregat-perulles-sales.com\/actualidad\/wp-json\/wp\/v2\/posts\/4637&title=Medidas adoptadas por el Ayuntamiento de Barcelona para incentivar la rebaja del alquiler de los locales comerciales\"  onclick=\"javascript:void window.open('http:\/\/n4g.com\/tips?url=www.fabregat-perulles-sales.com\/actualidad\/wp-json\/wp\/v2\/posts\/4637&title=Medidas adoptadas por el Ayuntamiento de Barcelona para incentivar la rebaja del alquiler de los locales comerciales','1410949501326','width=700,height=500,toolbar=0,menubar=0,location=0,status=1,scrollbars=1,resizable=1,left=0,top=0');return false;\" style=\"background-position: -510px -120px \"><\/a>\r\n\t\t\t\t\t<\/li>\r\n\t\t\t\t\t\t\t\t<\/ul>\r\n\t\t\t<div class=\"clear\"><\/div>\r\n\t\t<\/div>\r\n\t\t","protected":false},"excerpt":{"rendered":"<p>El Ayuntamiento de Barcelona va a destinar 1.000.000 \u20ac a subvenciones dirigidas a los arrendadores que reduzcan de forma significativa el importe de la renta durante un periodo m\u00ednimo de seis meses desde la declaraci\u00f3n del estado de alarma. Todo ello, a fin de, seg\u00fan establecen las Bases Reguladoras de la subvenci\u00f3n que han sido\u2026 <span class=\"read-more\"><a href=\"https:\/\/www.fabregat-perulles-sales.com\/actualidad\/medidas-adoptadas-por-el-ayuntamiento-de-barcelona-para-incentivar-la-rebaja-del-alquiler-de-los-locales-comerciales\/\">Read More &raquo;<\/a><\/span><\/p>\n","protected":false},"author":3,"featured_media":0,"comment_status":"open","ping_status":"closed","sticky":false,"template":"","format":"standard","meta":[],"categories":[467,14,466,3,74],"tags":[1835,1806,1837,1836,826],"yoast_head":"<!-- This site is optimized with the Yoast SEO plugin v20.2.1 - https:\/\/yoast.com\/wordpress\/plugins\/seo\/ -->\n<title>Rebaja en alquiler de locales comerciales<\/title>\n<meta name=\"description\" content=\"El Ayuntamiento de Barcelona va a destinar 1.000.000 \u20ac a subvenciones dirigidas a los arrendadores que reduzcan de forma significativa el importe de la renta...\" \/>\n<meta name=\"robots\" content=\"index, follow, max-snippet:-1, max-image-preview:large, max-video-preview:-1\" \/>\n<link rel=\"canonical\" href=\"https:\/\/www.fabregat-perulles-sales.com\/actualidad\/medidas-adoptadas-por-el-ayuntamiento-de-barcelona-para-incentivar-la-rebaja-del-alquiler-de-los-locales-comerciales\/\" \/>\n<meta property=\"og:locale\" content=\"en_US\" \/>\n<meta property=\"og:type\" content=\"article\" \/>\n<meta property=\"og:title\" content=\"Rebaja en alquiler de locales comerciales\" \/>\n<meta property=\"og:description\" content=\"El Ayuntamiento de Barcelona va a destinar 1.000.000 \u20ac a subvenciones dirigidas a los arrendadores que reduzcan de forma significativa el importe de la renta...\" \/>\n<meta property=\"og:url\" content=\"https:\/\/www.fabregat-perulles-sales.com\/actualidad\/medidas-adoptadas-por-el-ayuntamiento-de-barcelona-para-incentivar-la-rebaja-del-alquiler-de-los-locales-comerciales\/\" \/>\n<meta property=\"og:site_name\" content=\"International Lawyers\" \/>\n<meta property=\"article:published_time\" content=\"2020-06-10T15:54:48+00:00\" \/>\n<meta property=\"article:modified_time\" content=\"2020-06-25T08:39:05+00:00\" \/>\n<meta property=\"og:image\" content=\"http:\/\/www.fabregat-perulles-sales.com\/actualidad\/wp-content\/uploads\/2020\/06\/barcelona-2371946_1920.jpg\" \/>\n<meta name=\"author\" content=\"Victor\" \/>\n<meta name=\"twitter:card\" content=\"summary_large_image\" \/>\n<meta name=\"twitter:label1\" content=\"Written by\" \/>\n\t<meta name=\"twitter:data1\" content=\"Victor\" \/>\n\t<meta name=\"twitter:label2\" content=\"Est. reading time\" \/>\n\t<meta name=\"twitter:data2\" content=\"5 minutes\" \/>\n<script type=\"application\/ld+json\" class=\"yoast-schema-graph\">{\"@context\":\"https:\/\/schema.org\",\"@graph\":[{\"@type\":\"WebPage\",\"@id\":\"https:\/\/www.fabregat-perulles-sales.com\/actualidad\/medidas-adoptadas-por-el-ayuntamiento-de-barcelona-para-incentivar-la-rebaja-del-alquiler-de-los-locales-comerciales\/\",\"url\":\"https:\/\/www.fabregat-perulles-sales.com\/actualidad\/medidas-adoptadas-por-el-ayuntamiento-de-barcelona-para-incentivar-la-rebaja-del-alquiler-de-los-locales-comerciales\/\",\"name\":\"Rebaja en alquiler de locales comerciales\",\"isPartOf\":{\"@id\":\"https:\/\/www.fabregat-perulles-sales.com\/actualidad\/#website\"},\"datePublished\":\"2020-06-10T15:54:48+00:00\",\"dateModified\":\"2020-06-25T08:39:05+00:00\",\"author\":{\"@id\":\"https:\/\/www.fabregat-perulles-sales.com\/actualidad\/#\/schema\/person\/cabc1d68c7778f01d5e069c2d98442e3\"},\"description\":\"El Ayuntamiento de Barcelona va a destinar 1.000.000 \u20ac a subvenciones dirigidas a los arrendadores que reduzcan de forma significativa el importe de la renta...\",\"breadcrumb\":{\"@id\":\"https:\/\/www.fabregat-perulles-sales.com\/actualidad\/medidas-adoptadas-por-el-ayuntamiento-de-barcelona-para-incentivar-la-rebaja-del-alquiler-de-los-locales-comerciales\/#breadcrumb\"},\"inLanguage\":\"en-US\",\"potentialAction\":[{\"@type\":\"ReadAction\",\"target\":[\"https:\/\/www.fabregat-perulles-sales.com\/actualidad\/medidas-adoptadas-por-el-ayuntamiento-de-barcelona-para-incentivar-la-rebaja-del-alquiler-de-los-locales-comerciales\/\"]}]},{\"@type\":\"BreadcrumbList\",\"@id\":\"https:\/\/www.fabregat-perulles-sales.com\/actualidad\/medidas-adoptadas-por-el-ayuntamiento-de-barcelona-para-incentivar-la-rebaja-del-alquiler-de-los-locales-comerciales\/#breadcrumb\",\"itemListElement\":[{\"@type\":\"ListItem\",\"position\":1,\"name\":\"Home\",\"item\":\"https:\/\/www.fabregat-perulles-sales.com\/actualidad\/\"},{\"@type\":\"ListItem\",\"position\":2,\"name\":\"Medidas adoptadas por el Ayuntamiento de Barcelona para incentivar la rebaja del alquiler de los locales comerciales\"}]},{\"@type\":\"WebSite\",\"@id\":\"https:\/\/www.fabregat-perulles-sales.com\/actualidad\/#website\",\"url\":\"https:\/\/www.fabregat-perulles-sales.com\/actualidad\/\",\"name\":\"www.fabregat-perulles-sales.com\",\"description\":\"Fabregat Perulles Sales Abogados is a law firm of reference international market in the Spanish-German, Spanish-French, and Spanish-Italian. Is one of the first firms in Barcelona offering a Russian Desk.\",\"potentialAction\":[{\"@type\":\"SearchAction\",\"target\":{\"@type\":\"EntryPoint\",\"urlTemplate\":\"https:\/\/www.fabregat-perulles-sales.com\/actualidad\/?s={search_term_string}\"},\"query-input\":\"required name=search_term_string\"}],\"inLanguage\":\"en-US\"},{\"@type\":\"Person\",\"@id\":\"https:\/\/www.fabregat-perulles-sales.com\/actualidad\/#\/schema\/person\/cabc1d68c7778f01d5e069c2d98442e3\",\"name\":\"Victor\",\"image\":{\"@type\":\"ImageObject\",\"inLanguage\":\"en-US\",\"@id\":\"https:\/\/www.fabregat-perulles-sales.com\/actualidad\/#\/schema\/person\/image\/\",\"url\":\"https:\/\/secure.gravatar.com\/avatar\/756cb666a964d2960ffe307b8a53b271?s=96&d=mm&r=g\",\"contentUrl\":\"https:\/\/secure.gravatar.com\/avatar\/756cb666a964d2960ffe307b8a53b271?s=96&d=mm&r=g\",\"caption\":\"Victor\"},\"sameAs\":[\"http:\/\/www.fabregat-perulles-sales.com\"],\"url\":\"https:\/\/www.fabregat-perulles-sales.com\/actualidad\/author\/victor\/\"}]}<\/script>\n<!-- \/ Yoast SEO plugin. -->","yoast_head_json":{"title":"Rebaja en alquiler de locales comerciales","description":"El Ayuntamiento de Barcelona va a destinar 1.000.000 \u20ac a subvenciones dirigidas a los arrendadores que reduzcan de forma significativa el importe de la renta...","robots":{"index":"index","follow":"follow","max-snippet":"max-snippet:-1","max-image-preview":"max-image-preview:large","max-video-preview":"max-video-preview:-1"},"canonical":"https:\/\/www.fabregat-perulles-sales.com\/actualidad\/medidas-adoptadas-por-el-ayuntamiento-de-barcelona-para-incentivar-la-rebaja-del-alquiler-de-los-locales-comerciales\/","og_locale":"en_US","og_type":"article","og_title":"Rebaja en alquiler de locales comerciales","og_description":"El Ayuntamiento de Barcelona va a destinar 1.000.000 \u20ac a subvenciones dirigidas a los arrendadores que reduzcan de forma significativa el importe de la renta...","og_url":"https:\/\/www.fabregat-perulles-sales.com\/actualidad\/medidas-adoptadas-por-el-ayuntamiento-de-barcelona-para-incentivar-la-rebaja-del-alquiler-de-los-locales-comerciales\/","og_site_name":"International Lawyers","article_published_time":"2020-06-10T15:54:48+00:00","article_modified_time":"2020-06-25T08:39:05+00:00","og_image":[{"url":"http:\/\/www.fabregat-perulles-sales.com\/actualidad\/wp-content\/uploads\/2020\/06\/barcelona-2371946_1920.jpg"}],"author":"Victor","twitter_card":"summary_large_image","twitter_misc":{"Written by":"Victor","Est. reading time":"5 minutes"},"schema":{"@context":"https:\/\/schema.org","@graph":[{"@type":"WebPage","@id":"https:\/\/www.fabregat-perulles-sales.com\/actualidad\/medidas-adoptadas-por-el-ayuntamiento-de-barcelona-para-incentivar-la-rebaja-del-alquiler-de-los-locales-comerciales\/","url":"https:\/\/www.fabregat-perulles-sales.com\/actualidad\/medidas-adoptadas-por-el-ayuntamiento-de-barcelona-para-incentivar-la-rebaja-del-alquiler-de-los-locales-comerciales\/","name":"Rebaja en alquiler de locales comerciales","isPartOf":{"@id":"https:\/\/www.fabregat-perulles-sales.com\/actualidad\/#website"},"datePublished":"2020-06-10T15:54:48+00:00","dateModified":"2020-06-25T08:39:05+00:00","author":{"@id":"https:\/\/www.fabregat-perulles-sales.com\/actualidad\/#\/schema\/person\/cabc1d68c7778f01d5e069c2d98442e3"},"description":"El Ayuntamiento de Barcelona va a destinar 1.000.000 \u20ac a subvenciones dirigidas a los arrendadores que reduzcan de forma significativa el importe de la renta...","breadcrumb":{"@id":"https:\/\/www.fabregat-perulles-sales.com\/actualidad\/medidas-adoptadas-por-el-ayuntamiento-de-barcelona-para-incentivar-la-rebaja-del-alquiler-de-los-locales-comerciales\/#breadcrumb"},"inLanguage":"en-US","potentialAction":[{"@type":"ReadAction","target":["https:\/\/www.fabregat-perulles-sales.com\/actualidad\/medidas-adoptadas-por-el-ayuntamiento-de-barcelona-para-incentivar-la-rebaja-del-alquiler-de-los-locales-comerciales\/"]}]},{"@type":"BreadcrumbList","@id":"https:\/\/www.fabregat-perulles-sales.com\/actualidad\/medidas-adoptadas-por-el-ayuntamiento-de-barcelona-para-incentivar-la-rebaja-del-alquiler-de-los-locales-comerciales\/#breadcrumb","itemListElement":[{"@type":"ListItem","position":1,"name":"Home","item":"https:\/\/www.fabregat-perulles-sales.com\/actualidad\/"},{"@type":"ListItem","position":2,"name":"Medidas adoptadas por el Ayuntamiento de Barcelona para incentivar la rebaja del alquiler de los locales comerciales"}]},{"@type":"WebSite","@id":"https:\/\/www.fabregat-perulles-sales.com\/actualidad\/#website","url":"https:\/\/www.fabregat-perulles-sales.com\/actualidad\/","name":"www.fabregat-perulles-sales.com","description":"Fabregat Perulles Sales Abogados is a law firm of reference international market in the Spanish-German, Spanish-French, and Spanish-Italian. Is one of the first firms in Barcelona offering a Russian Desk.","potentialAction":[{"@type":"SearchAction","target":{"@type":"EntryPoint","urlTemplate":"https:\/\/www.fabregat-perulles-sales.com\/actualidad\/?s={search_term_string}"},"query-input":"required name=search_term_string"}],"inLanguage":"en-US"},{"@type":"Person","@id":"https:\/\/www.fabregat-perulles-sales.com\/actualidad\/#\/schema\/person\/cabc1d68c7778f01d5e069c2d98442e3","name":"Victor","image":{"@type":"ImageObject","inLanguage":"en-US","@id":"https:\/\/www.fabregat-perulles-sales.com\/actualidad\/#\/schema\/person\/image\/","url":"https:\/\/secure.gravatar.com\/avatar\/756cb666a964d2960ffe307b8a53b271?s=96&d=mm&r=g","contentUrl":"https:\/\/secure.gravatar.com\/avatar\/756cb666a964d2960ffe307b8a53b271?s=96&d=mm&r=g","caption":"Victor"},"sameAs":["http:\/\/www.fabregat-perulles-sales.com"],"url":"https:\/\/www.fabregat-perulles-sales.com\/actualidad\/author\/victor\/"}]}},"amp_enabled":true,"_links":{"self":[{"href":"https:\/\/www.fabregat-perulles-sales.com\/actualidad\/wp-json\/wp\/v2\/posts\/4637"}],"collection":[{"href":"https:\/\/www.fabregat-perulles-sales.com\/actualidad\/wp-json\/wp\/v2\/posts"}],"about":[{"href":"https:\/\/www.fabregat-perulles-sales.com\/actualidad\/wp-json\/wp\/v2\/types\/post"}],"author":[{"embeddable":true,"href":"https:\/\/www.fabregat-perulles-sales.com\/actualidad\/wp-json\/wp\/v2\/users\/3"}],"replies":[{"embeddable":true,"href":"https:\/\/www.fabregat-perulles-sales.com\/actualidad\/wp-json\/wp\/v2\/comments?post=4637"}],"version-history":[{"count":1,"href":"https:\/\/www.fabregat-perulles-sales.com\/actualidad\/wp-json\/wp\/v2\/posts\/4637\/revisions"}],"predecessor-version":[{"id":4639,"href":"https:\/\/www.fabregat-perulles-sales.com\/actualidad\/wp-json\/wp\/v2\/posts\/4637\/revisions\/4639"}],"wp:attachment":[{"href":"https:\/\/www.fabregat-perulles-sales.com\/actualidad\/wp-json\/wp\/v2\/media?parent=4637"}],"wp:term":[{"taxonomy":"category","embeddable":true,"href":"https:\/\/www.fabregat-perulles-sales.com\/actualidad\/wp-json\/wp\/v2\/categories?post=4637"},{"taxonomy":"post_tag","embeddable":true,"href":"https:\/\/www.fabregat-perulles-sales.com\/actualidad\/wp-json\/wp\/v2\/tags?post=4637"}],"curies":[{"name":"wp","href":"https:\/\/api.w.org\/{rel}","templated":true}]}}