{"id":4500,"date":"2020-04-21T11:01:29","date_gmt":"2020-04-21T10:01:29","guid":{"rendered":"http:\/\/www.fabregat-perulles-sales.com\/actualidad\/?p=4500"},"modified":"2020-04-21T11:02:10","modified_gmt":"2020-04-21T10:02:10","slug":"como-pueden-reaccionar-los-titulares-de-las-concesiones-que-permiten-el-uso-privativo-de-instalaciones-de-dominio-publico-que-durante-el-estado-de-alarma-se-han-visto-privados-de-la","status":"publish","type":"post","link":"https:\/\/www.fabregat-perulles-sales.com\/actualidad\/como-pueden-reaccionar-los-titulares-de-las-concesiones-que-permiten-el-uso-privativo-de-instalaciones-de-dominio-publico-que-durante-el-estado-de-alarma-se-han-visto-privados-de-la\/","title":{"rendered":"\u00bfC\u00f3mo pueden reaccionar los titulares de las concesiones que permiten el uso privativo\u00a0de instalaciones de dominio p\u00fablico que,\u00a0durante el estado de alarma, se han visto privados de la posibilidad de ejercer ese aprovechamiento?"},"content":{"rendered":"<p><img decoding=\"async\" loading=\"lazy\" class=\" wp-image-4503 aligncenter\" src=\"http:\/\/www.fabregat-perulles-sales.com\/actualidad\/wp-content\/uploads\/2020\/04\/copenhagen-1120995_1920.jpg\" alt=\"\" width=\"525\" height=\"331\" srcset=\"https:\/\/www.fabregat-perulles-sales.com\/actualidad\/wp-content\/uploads\/2020\/04\/copenhagen-1120995_1920.jpg 1920w, https:\/\/www.fabregat-perulles-sales.com\/actualidad\/wp-content\/uploads\/2020\/04\/copenhagen-1120995_1920-300x188.jpg 300w, https:\/\/www.fabregat-perulles-sales.com\/actualidad\/wp-content\/uploads\/2020\/04\/copenhagen-1120995_1920-1024x643.jpg 1024w, https:\/\/www.fabregat-perulles-sales.com\/actualidad\/wp-content\/uploads\/2020\/04\/copenhagen-1120995_1920-660x415.jpg 660w\" sizes=\"(max-width: 525px) 100vw, 525px\" \/><\/p>\n<p>El Gobierno, con ocasi\u00f3n de la crisis sanitaria originada por el COVID-19, ha dictado una serie de medidas en materia de contrataci\u00f3n administrativa a fin de paliar los efectos econ\u00f3micos suscitados (as\u00ed, art. 34 Real Decreto-ley 8\/2020, de 17 de marzo, de medidas urgentes extraordinarias para hacer frente al impacto econ\u00f3mico y social del COVID-19 y apartado 10 de la Disposici\u00f3n Final Primera del R.D-Ley 11\/2020, de 31 de marzo) que entraron en vigor el pasado 18 de marzo.<\/p>\n<p>Tales medidas son aplicables, entre otros, a los contratos de concesi\u00f3n de obras y de concesi\u00f3n de servicios, dando derecho a los contratistas al\u00a0<strong>restablecimiento del equilibrio econ\u00f3mico del contrato<\/strong>\u00a0mediante, seg\u00fan proceda en cada caso, la\u00a0<strong>ampliaci\u00f3n de su duraci\u00f3n inicial hasta un m\u00e1ximo de un 15 por 100 o mediante la modificaci\u00f3n de las cl\u00e1usulas de contenido econ\u00f3mico<\/strong>\u00a0incluidas en el contrato.<\/p>\n<p>Dicho reequilibrio, en todo caso, compensar\u00e1 a los concesionarios por la p\u00e9rdida de ingresos y el incremento de los costes soportados, entre los que se considerar\u00e1n los posibles gastos adicionales salariales que efectivamente hubieran abonado, respecto a los previstos en la ejecuci\u00f3n ordinaria del contrato de concesi\u00f3n de obras o de servicios durante el per\u00edodo de duraci\u00f3n de la situaci\u00f3n de hecho creada por el COVID-19. Solo se proceder\u00e1 a dicha compensaci\u00f3n\u00a0<strong>previa solicitud y acreditaci\u00f3n fehaciente<\/strong>\u00a0de la realidad, efectividad e importe por el contratista de dichos gastos.<\/p>\n<p>Tales medidas, sin embargo, \u00fanicamente son aplicables a las concesiones que se rigen por la normativa de la contrataci\u00f3n p\u00fablica del sector p\u00fablico, quedando <strong>excluidas por tanto, del r\u00e9gimen excepcional adoptado por la normativa arriba transcrita, las concesiones demaniales<\/strong> (p.e., para la utilizaci\u00f3n del subsuelo a los efectos de construcci\u00f3n y gesti\u00f3n de un aparcamiento, la ocupaci\u00f3n de parte de un puerto con fines comerciales) y tambi\u00e9n las autorizaciones de aprovechamiento especial de dominio p\u00fablico\u00a0 o licencias (as\u00ed, las autorizaciones de terrazas, quioscos en playas o v\u00eda p\u00fablica).<\/p>\n<p>Normalmente, el derecho al uso privativo de los bienes de dominio p\u00fablico se adquirir\u00e1 por medio del otorgamiento de una concesi\u00f3n demanial o concesi\u00f3n de dominio p\u00fablico. S\u00f3lo en ciertos supuestos de usos privativos, de menor entidad o de vocaci\u00f3n pasajera o transitoria, bastar\u00e1 con una autorizaci\u00f3n administrativa o licencia. En uno u otro caso, no son sino t\u00edtulos que habilitan a un aprovechamiento especial de los bienes de dominio p\u00fablico \u2013cuyo uso com\u00fan, no especial, se atribuye, con car\u00e1cter general, a todos los ciudadanos.<\/p>\n<p>\u00bfC\u00f3mo pueden reaccionar entonces los titulares de las concesiones demaniales que, durante el estado de alarma, se han visto privados de la posibilidad de ejercer ese aprovechamiento especial y\/o, a consecuencia de tal estado, se hayan alterado de forma significativa las condiciones econ\u00f3mico-financieras de la concesi\u00f3n?<\/p>\n<p>Por un lado, estos titulares podr\u00edan interesar una compensaci\u00f3n econ\u00f3mica al \u00f3rgano adjudicador de la concesi\u00f3n al apreciar una ruptura del equilibrio econ\u00f3mico-financiero, debiendo en tal caso examinarse, en primer lugar, el contenido del Pliego de condiciones, y en defecto de previsi\u00f3n alguna, la legislaci\u00f3n especial (Costas, Puertos, etc) que regule la concesi\u00f3n y subsidiariamente, la legislaci\u00f3n de patrimonio de las entidades p\u00fablicas, dependiendo de la Administraci\u00f3n (estatal, auton\u00f3mica o local) en la que se incardine el \u00f3rgano adjudicador de la concesi\u00f3n.<\/p>\n<p>Por otro, los titulares tambi\u00e9n podr\u00edan solicitar una devoluci\u00f3n de ingresos indebidos del\u00a0 canon o tasa que aqu\u00e9llos satisfacen al \u00f3rgano adjudicador (o ya hayan satisfecho lo que a menudo sucede cuando nos hallamos ante autorizaciones o licencias demaniales) si por causa no imputable al sujeto pasivo (como lo es la imposibilidad de aprovechar el t\u00edtulo habilitante durante el estado de alarma) no concurre la posibilidad de la utilizaci\u00f3n que la concesi\u00f3n legitima, decayendo la legitimidad del canon no procediendo, por tanto, su exacci\u00f3n.<\/p>\n<p>El texto refundido de la Ley reguladora de las Haciendas Locales, regula de forma expresa esta posibilidad, en su art. 26.3, al se\u00f1alar que <em>\u201cCuando por causas no imputables al sujeto pasivo, el servicio p\u00fablico, la actividad administrativa o el derecho a la utilizaci\u00f3n o aprovechamiento del dominio p\u00fablico no se preste o desarrolle, proceder\u00e1 la devoluci\u00f3n del importe correspondiente.\u201d.<\/em><em>\u00a0<\/em><\/p>\n<p>Ahora, m\u00e1s que nunca resulta muy conveniente revisar el contenido del Pliego de condiciones de tales concesiones y las condiciones particulares impuestas en la licencia y\/o autorizaci\u00f3n demanial y analizar los efectos que el estado de alarma han provocado o pueden provocar a su t\u00e9rmino, as\u00ed como las medidas que se podr\u00edan accionar de entre las aqu\u00ed apuntadas. No duden en contactarnos si precisan mayores aclaraciones a este respecto.<\/p>\n<p>&nbsp;<\/p>\n\r\n\t\t<style>\r\n\t\t\t.huge-it-share-buttons {\r\n\t\t\t\tborder:0px solid #0FB5D6;\r\n\t\t\t\tborder-radius:5px;\r\n\t\t\t\tbackground:#3BD8FF;\r\n\t\t\t text-align:left; \t\t\t\t\t\t\t\t\t}\r\n\r\n\t\t\t#huge-it-share-buttons-top {margin-bottom:0px;}\r\n\t\t\t#huge-it-share-buttons-bottom {margin-top:0px;}\r\n\r\n\t\t\t.huge-it-share-buttons h3 {\r\n\t\t\t\tfont-size:25px ;\r\n\t\t\t\tfont-family:Arial,Helvetica Neue,Helvetica,sans-serif;\r\n\t\t\t\tcolor:#666666;\r\n\r\n\t\t\tdisplay:block;\t\t\t\tline-height:25px ;\r\n\r\n\t\t\t text-align:left; \t\t\t\t\t\t\t\t\t}\r\n\r\n\t\t\t.huge-it-share-buttons ul {\r\n\t\t\t float:left; \t\t\t\t\t\t\t\t\t}\r\n\r\n\t\t\t.huge-it-share-buttons ul li {\r\n\t\t\t\tmargin-left:3px;\r\n\t\t\t\tmargin-right:3px;\r\n\t\t\t\tpadding:0px;\r\n\t\t\t\tborder:0px ridge #E6354C;\r\n\t\t\t\tborder-radius:11px;\r\n\t\t\t\tbackground-color:#14CC9B;\r\n\t\t\t}\r\n\r\n\t\t\t.huge-it-share-buttons ul li #backforunical4500 {\r\n\t\t\t\tborder-bottom: 0;\r\n\t\t\t\tbackground-image:url('https:\/\/www.fabregat-perulles-sales.com\/actualidad\/wp-content\/plugins\/wp-share-buttons\/Front_end\/..\/images\/buttons.30.png');\r\n\t\t\t\twidth:30px;\r\n\t\t\t\theight:30px;\r\n\t\t\t}\r\n\r\n\t\t\t.front-shares-count {\r\n\t\t\t\tposition: absolute;\r\n\t\t\t\ttext-align: center;\r\n\t\t\t\tdisplay: block;\r\n\t\t\t}\r\n\r\n\t\t\t.shares_size20 .front-shares-count {\r\n\t\t\t\tfont-size: 10px;\r\n\t\t\t\ttop: 10px;\r\n\t\t\t\twidth: 20px;\r\n\t\t\t}\r\n\r\n\t\t\t.shares_size30 .front-shares-count {\r\n\t\t\t\tfont-size: 11px;\r\n\t\t\t\ttop: 15px;\r\n\t\t\t\twidth: 30px;\r\n\t\t\t}\r\n\r\n\t\t\t.shares_size40 .front-shares-count {\r\n\t\t\t\tfont-size: 12px;\r\n\t\t\t\ttop: 21px;\r\n\t\t\t\twidth: 40px;\r\n\t\t\t}\r\n\t\t<\/style>\r\n\t\t\r\n\t\t<div id=\"huge-it-share-buttons-top\" class=\"huge-it-share-buttons nobackground\">\r\n\t\t\t<h3>Share This:<\/h3>\r\n\t\t\t<ul class=\"huge-it-share-buttons-list \">\r\n\t\t\t\t\t\t\t\t\t<li class=\"nobackground \" >\r\n\r\n\t\t\t\t\t\t\t\t\t\t\t\t<a id=\"backforunical4500\" href=\"https:\/\/www.facebook.com\/sharer\/sharer.php?u=www.fabregat-perulles-sales.com\/actualidad\/wp-json\/wp\/v2\/posts\/4500\"  onclick=\"javascript:void window.open('https:\/\/www.facebook.com\/sharer\/sharer.php?u=www.fabregat-perulles-sales.com\/actualidad\/wp-json\/wp\/v2\/posts\/4500','1410949501326','width=700,height=500,toolbar=0,menubar=0,location=0,status=1,scrollbars=1,resizable=1,left=0,top=0');return false;\" style=\"background-position: -0px -120px \"><\/a>\r\n\t\t\t\t\t<\/li>\r\n\t\t\t\t\t\t\t\t\t\t<li class=\"nobackground \" >\r\n\r\n\t\t\t\t\t\t\t\t\t\t\t\t<a id=\"backforunical4500\" href=\"https:\/\/twitter.com\/share?status=www.fabregat-perulles-sales.com\/actualidad\/wp-json\/wp\/v2\/posts\/4500&text=\u00bfC\u00f3mo pueden reaccionar los titulares de las concesiones que permiten el uso privativo\u00a0de instalaciones de dominio p\u00fablico que,\u00a0durante el estado de alarma, se han visto privados de la posibilidad de ejercer ese aprovechamiento?\"  onclick=\"javascript:void window.open('https:\/\/twitter.com\/share?status=www.fabregat-perulles-sales.com\/actualidad\/wp-json\/wp\/v2\/posts\/4500&text=\u00bfC\u00f3mo pueden reaccionar los titulares de las concesiones que permiten el uso privativo\u00a0de instalaciones de dominio p\u00fablico que,\u00a0durante el estado de alarma, se han visto privados de la posibilidad de ejercer ese aprovechamiento?','1410949501326','width=700,height=500,toolbar=0,menubar=0,location=0,status=1,scrollbars=1,resizable=1,left=0,top=0');return false;\" style=\"background-position: -30px -120px \"><\/a>\r\n\t\t\t\t\t<\/li>\r\n\t\t\t\t\t\t\t\t\t\t<li class=\"none nobackground \" >\r\n\r\n\t\t\t\t\t\t\t\t\t\t\t\t<a id=\"backforunical4500\" href=\"http:\/\/www.pinterest.com\/pin\/create\/button\/?url=www.fabregat-perulles-sales.com\/actualidad\/wp-json\/wp\/v2\/posts\/4500&media=https:\/\/www.fabregat-perulles-sales.com\/actualidad\/wp-content\/plugins\/wp-share-buttons\/Front_end\/..\/images\/noimage.png&description=\u00bfC\u00f3mo pueden reaccionar los titulares de las concesiones que permiten el uso privativo\u00a0de instalaciones de dominio p\u00fablico que,\u00a0durante el estado de alarma, se han visto privados de la posibilidad de ejercer ese aprovechamiento?\"  onclick=\"javascript:void window.open('http:\/\/www.pinterest.com\/pin\/create\/button\/?url=www.fabregat-perulles-sales.com\/actualidad\/wp-json\/wp\/v2\/posts\/4500&media=https:\/\/www.fabregat-perulles-sales.com\/actualidad\/wp-content\/plugins\/wp-share-buttons\/Front_end\/..\/images\/noimage.png&description=\u00bfC\u00f3mo pueden reaccionar los titulares de las concesiones que permiten el uso privativo\u00a0de instalaciones de dominio p\u00fablico que,\u00a0durante el estado de alarma, se han visto privados de la posibilidad de ejercer ese aprovechamiento?','1410949501326','width=700,height=500,toolbar=0,menubar=0,location=0,status=1,scrollbars=1,resizable=1,left=0,top=0');return false;\" style=\"background-position: -60px -120px \"><\/a>\r\n\t\t\t\t\t<\/li>\r\n\t\t\t\t\t\t\t\t\t\t<li class=\"none nobackground \" >\r\n\r\n\t\t\t\t\t\t\t\t\t\t\t\t<a id=\"backforunical4500\" href=\"https:\/\/plus.google.com\/share?url=www.fabregat-perulles-sales.com\/actualidad\/wp-json\/wp\/v2\/posts\/4500\"  onclick=\"javascript:void window.open('https:\/\/plus.google.com\/share?url=www.fabregat-perulles-sales.com\/actualidad\/wp-json\/wp\/v2\/posts\/4500','1410949501326','width=700,height=500,toolbar=0,menubar=0,location=0,status=1,scrollbars=1,resizable=1,left=0,top=0');return false;\" style=\"background-position: -90px -120px \"><\/a>\r\n\t\t\t\t\t<\/li>\r\n\t\t\t\t\t\t\t\t\t\t<li class=\"nobackground \" >\r\n\r\n\t\t\t\t\t\t\t\t\t\t\t\t<a id=\"backforunical4500\" href=\"https:\/\/www.linkedin.com\/shareArticle?title=\u00bfC\u00f3mo pueden reaccionar los titulares de las concesiones que permiten el uso privativo\u00a0de instalaciones de dominio p\u00fablico que,\u00a0durante el estado de alarma, se han visto privados de la posibilidad de ejercer ese aprovechamiento?&mini=true&url=https:\/\/www.fabregat-perulles-sales.com\/actualidad\/wp-json\/wp\/v2\/posts\/4500\"  onclick=\"javascript:void window.open('https:\/\/www.linkedin.com\/shareArticle?title=\u00bfC\u00f3mo pueden reaccionar los titulares de las concesiones que permiten el uso privativo\u00a0de instalaciones de dominio p\u00fablico que,\u00a0durante el estado de alarma, se han visto privados de la posibilidad de ejercer ese aprovechamiento?&mini=true&url=https:\/\/www.fabregat-perulles-sales.com\/actualidad\/wp-json\/wp\/v2\/posts\/4500','1410949501326','width=700,height=500,toolbar=0,menubar=0,location=0,status=1,scrollbars=1,resizable=1,left=0,top=0');return false;\" style=\"background-position: -120px -120px \"><\/a>\r\n\t\t\t\t\t<\/li>\r\n\t\t\t\t\t\t\t\t\t\t<li class=\"none nobackground \" >\r\n\r\n\t\t\t\t\t\t\t\t\t\t\t\t<a id=\"backforunical4500\" href=\"https:\/\/www.tumblr.com\/share\/link?url=www.fabregat-perulles-sales.com\/actualidad\/wp-json\/wp\/v2\/posts\/4500&name=\u00bfC\u00f3mo pueden reaccionar los titulares de las concesiones que permiten el uso privativo\u00a0de instalaciones de dominio p\u00fablico que,\u00a0durante el estado de alarma, se han visto privados de la posibilidad de ejercer ese aprovechamiento?\"  onclick=\"javascript:void window.open('https:\/\/www.tumblr.com\/share\/link?url=www.fabregat-perulles-sales.com\/actualidad\/wp-json\/wp\/v2\/posts\/4500&name=\u00bfC\u00f3mo pueden reaccionar los titulares de las concesiones que permiten el uso privativo\u00a0de instalaciones de dominio p\u00fablico que,\u00a0durante el estado de alarma, se han visto privados de la posibilidad de ejercer ese aprovechamiento?','1410949501326','width=700,height=500,toolbar=0,menubar=0,location=0,status=1,scrollbars=1,resizable=1,left=0,top=0');return false;\" style=\"background-position: -150px -120px \"><\/a>\r\n\t\t\t\t\t<\/li>\r\n\t\t\t\t\t\t\t\t\t\t<li class=\"none nobackground \" >\r\n\r\n\t\t\t\t\t\t\t\t\t\t\t\t<a id=\"backforunical4500\" href=\"http:\/\/digg.com\/submit?phase=2&url=www.fabregat-perulles-sales.com\/actualidad\/wp-json\/wp\/v2\/posts\/4500&title=\u00bfC\u00f3mo pueden reaccionar los titulares de las concesiones que permiten el uso privativo\u00a0de instalaciones de dominio p\u00fablico que,\u00a0durante el estado de alarma, se han visto privados de la posibilidad de ejercer ese aprovechamiento?\"  onclick=\"javascript:void window.open('http:\/\/digg.com\/submit?phase=2&url=www.fabregat-perulles-sales.com\/actualidad\/wp-json\/wp\/v2\/posts\/4500&title=\u00bfC\u00f3mo pueden reaccionar los titulares de las concesiones que permiten el uso privativo\u00a0de instalaciones de dominio p\u00fablico que,\u00a0durante el estado de alarma, se han visto privados de la posibilidad de ejercer ese aprovechamiento?','1410949501326','width=700,height=500,toolbar=0,menubar=0,location=0,status=1,scrollbars=1,resizable=1,left=0,top=0');return false;\" style=\"background-position: -180px -120px \"><\/a>\r\n\t\t\t\t\t<\/li>\r\n\t\t\t\t\t\t\t\t\t\t<li class=\"none nobackground \" >\r\n\r\n\t\t\t\t\t\t\t\t\t\t\t\t<a id=\"backforunical4500\" href=\"http:\/\/www.stumbleupon.com\/submit?url=www.fabregat-perulles-sales.com\/actualidad\/wp-json\/wp\/v2\/posts\/4500&title=\u00bfC\u00f3mo pueden reaccionar los titulares de las concesiones que permiten el uso privativo\u00a0de instalaciones de dominio p\u00fablico que,\u00a0durante el estado de alarma, se han visto privados de la posibilidad de ejercer ese aprovechamiento?\"  onclick=\"javascript:void window.open('http:\/\/www.stumbleupon.com\/submit?url=www.fabregat-perulles-sales.com\/actualidad\/wp-json\/wp\/v2\/posts\/4500&title=\u00bfC\u00f3mo pueden reaccionar los titulares de las concesiones que permiten el uso privativo\u00a0de instalaciones de dominio p\u00fablico que,\u00a0durante el estado de alarma, se han visto privados de la posibilidad de ejercer ese aprovechamiento?','1410949501326','width=700,height=500,toolbar=0,menubar=0,location=0,status=1,scrollbars=1,resizable=1,left=0,top=0');return false;\" style=\"background-position: -210px -120px \"><\/a>\r\n\t\t\t\t\t<\/li>\r\n\t\t\t\t\t\t\t\t\t\t<li class=\"none nobackground \" >\r\n\r\n\t\t\t\t\t\t\t\t\t\t\t\t<a id=\"backforunical4500\" href=\"https:\/\/myspace.com\/post?l=3&u=www.fabregat-perulles-sales.com\/actualidad\/wp-json\/wp\/v2\/posts\/4500\"  onclick=\"javascript:void window.open('https:\/\/myspace.com\/post?l=3&u=www.fabregat-perulles-sales.com\/actualidad\/wp-json\/wp\/v2\/posts\/4500','1410949501326','width=700,height=500,toolbar=0,menubar=0,location=0,status=1,scrollbars=1,resizable=1,left=0,top=0');return false;\" style=\"background-position: -240px -120px \"><\/a>\r\n\t\t\t\t\t<\/li>\r\n\t\t\t\t\t\t\t\t\t\t<li class=\"nobackground \" >\r\n\r\n\t\t\t\t\t\t\t\t\t\t\t\t<a id=\"backforunical4500\" href=\"http:\/\/vk.com\/share.php?url=www.fabregat-perulles-sales.com\/actualidad\/wp-json\/wp\/v2\/posts\/4500&title=\u00bfC\u00f3mo pueden reaccionar los titulares de las concesiones que permiten el uso privativo\u00a0de instalaciones de dominio p\u00fablico que,\u00a0durante el estado de alarma, se han visto privados de la posibilidad de ejercer ese aprovechamiento?\"  onclick=\"javascript:void window.open('http:\/\/vk.com\/share.php?url=www.fabregat-perulles-sales.com\/actualidad\/wp-json\/wp\/v2\/posts\/4500&title=\u00bfC\u00f3mo pueden reaccionar los titulares de las concesiones que permiten el uso privativo\u00a0de instalaciones de dominio p\u00fablico que,\u00a0durante el estado de alarma, se han visto privados de la posibilidad de ejercer ese aprovechamiento?','1410949501326','width=700,height=500,toolbar=0,menubar=0,location=0,status=1,scrollbars=1,resizable=1,left=0,top=0');return false;\" style=\"background-position: -270px -120px \"><\/a>\r\n\t\t\t\t\t<\/li>\r\n\t\t\t\t\t\t\t\t\t\t<li class=\"none nobackground \" >\r\n\r\n\t\t\t\t\t\t\t\t\t\t\t\t<a id=\"backforunical4500\" href=\"http:\/\/www.reddit.com\/submit?url=www.fabregat-perulles-sales.com\/actualidad\/wp-json\/wp\/v2\/posts\/4500&title=\u00bfC\u00f3mo pueden reaccionar los titulares de las concesiones que permiten el uso privativo\u00a0de instalaciones de dominio p\u00fablico que,\u00a0durante el estado de alarma, se han visto privados de la posibilidad de ejercer ese aprovechamiento?\"  onclick=\"javascript:void window.open('http:\/\/www.reddit.com\/submit?url=www.fabregat-perulles-sales.com\/actualidad\/wp-json\/wp\/v2\/posts\/4500&title=\u00bfC\u00f3mo pueden reaccionar los titulares de las concesiones que permiten el uso privativo\u00a0de instalaciones de dominio p\u00fablico que,\u00a0durante el estado de alarma, se han visto privados de la posibilidad de ejercer ese aprovechamiento?','1410949501326','width=700,height=500,toolbar=0,menubar=0,location=0,status=1,scrollbars=1,resizable=1,left=0,top=0');return false;\" style=\"background-position: -300px -120px \"><\/a>\r\n\t\t\t\t\t<\/li>\r\n\t\t\t\t\t\t\t\t\t\t<li class=\"none nobackground \" >\r\n\r\n\t\t\t\t\t\t\t\t\t\t\t\t<a id=\"backforunical4500\" href=\"http:\/\/www.bebo.com\/c\/share?Url=www.fabregat-perulles-sales.com\/actualidad\/wp-json\/wp\/v2\/posts\/4500\"  onclick=\"javascript:void window.open('http:\/\/www.bebo.com\/c\/share?Url=www.fabregat-perulles-sales.com\/actualidad\/wp-json\/wp\/v2\/posts\/4500','1410949501326','width=700,height=500,toolbar=0,menubar=0,location=0,status=1,scrollbars=1,resizable=1,left=0,top=0');return false;\" style=\"background-position: -330px -120px \"><\/a>\r\n\t\t\t\t\t<\/li>\r\n\t\t\t\t\t\t\t\t\t\t<li class=\"none nobackground \" >\r\n\r\n\t\t\t\t\t\t\t\t\t\t\t\t<a id=\"backforunical4500\" href=\"https:\/\/delicious.com\/save?v=5&noui&jump=close&url=www.fabregat-perulles-sales.com\/actualidad\/wp-json\/wp\/v2\/posts\/4500&title=\u00bfC\u00f3mo pueden reaccionar los titulares de las concesiones que permiten el uso privativo\u00a0de instalaciones de dominio p\u00fablico que,\u00a0durante el estado de alarma, se han visto privados de la posibilidad de ejercer ese aprovechamiento?\"  onclick=\"javascript:void window.open('https:\/\/delicious.com\/save?v=5&noui&jump=close&url=www.fabregat-perulles-sales.com\/actualidad\/wp-json\/wp\/v2\/posts\/4500&title=\u00bfC\u00f3mo pueden reaccionar los titulares de las concesiones que permiten el uso privativo\u00a0de instalaciones de dominio p\u00fablico que,\u00a0durante el estado de alarma, se han visto privados de la posibilidad de ejercer ese aprovechamiento?','1410949501326','width=700,height=500,toolbar=0,menubar=0,location=0,status=1,scrollbars=1,resizable=1,left=0,top=0');return false;\" style=\"background-position: -360px -120px \"><\/a>\r\n\t\t\t\t\t<\/li>\r\n\t\t\t\t\t\t\t\t\t\t<li class=\"none nobackground \" >\r\n\r\n\t\t\t\t\t\t\t\t\t\t\t\t<a id=\"backforunical4500\" href=\"http:\/\/www.odnoklassniki.ru\/dk?st.cmd=addShare&st.s=2&st.noresize=on&st._surl=www.fabregat-perulles-sales.com\/actualidad\/wp-json\/wp\/v2\/posts\/4500\"  onclick=\"javascript:void window.open('http:\/\/www.odnoklassniki.ru\/dk?st.cmd=addShare&st.s=2&st.noresize=on&st._surl=www.fabregat-perulles-sales.com\/actualidad\/wp-json\/wp\/v2\/posts\/4500','1410949501326','width=700,height=500,toolbar=0,menubar=0,location=0,status=1,scrollbars=1,resizable=1,left=0,top=0');return false;\" style=\"background-position: -390px -120px \"><\/a>\r\n\t\t\t\t\t<\/li>\r\n\t\t\t\t\t\t\t\t\t\t<li class=\"none nobackground \" >\r\n\r\n\t\t\t\t\t\t\t\t\t\t\t\t<a id=\"backforunical4500\" href=\"http:\/\/sns.qzone.qq.com\/cgi-bin\/qzshare\/cgi_qzshare_onekey?url=www.fabregat-perulles-sales.com\/actualidad\/wp-json\/wp\/v2\/posts\/4500&title=\u00bfC\u00f3mo pueden reaccionar los titulares de las concesiones que permiten el uso privativo\u00a0de instalaciones de dominio p\u00fablico que,\u00a0durante el estado de alarma, se han visto privados de la posibilidad de ejercer ese aprovechamiento?\"  onclick=\"javascript:void window.open('http:\/\/sns.qzone.qq.com\/cgi-bin\/qzshare\/cgi_qzshare_onekey?url=www.fabregat-perulles-sales.com\/actualidad\/wp-json\/wp\/v2\/posts\/4500&title=\u00bfC\u00f3mo pueden reaccionar los titulares de las concesiones que permiten el uso privativo\u00a0de instalaciones de dominio p\u00fablico que,\u00a0durante el estado de alarma, se han visto privados de la posibilidad de ejercer ese aprovechamiento?','1410949501326','width=700,height=500,toolbar=0,menubar=0,location=0,status=1,scrollbars=1,resizable=1,left=0,top=0');return false;\" style=\"background-position: -420px -120px \"><\/a>\r\n\t\t\t\t\t<\/li>\r\n\t\t\t\t\t\t\t\t\t\t<li class=\"none nobackground \" >\r\n\r\n\t\t\t\t\t\t\t\t\t\t\t\t<a id=\"backforunical4500\" href=\"http:\/\/service.weibo.com\/share\/share.php?url=www.fabregat-perulles-sales.com\/actualidad\/wp-json\/wp\/v2\/posts\/4500&appkey=&title=\u00bfC\u00f3mo pueden reaccionar los titulares de las concesiones que permiten el uso privativo\u00a0de instalaciones de dominio p\u00fablico que,\u00a0durante el estado de alarma, se han visto privados de la posibilidad de ejercer ese aprovechamiento?&pic=&ralateUid=&\"  onclick=\"javascript:void window.open('http:\/\/service.weibo.com\/share\/share.php?url=www.fabregat-perulles-sales.com\/actualidad\/wp-json\/wp\/v2\/posts\/4500&appkey=&title=\u00bfC\u00f3mo pueden reaccionar los titulares de las concesiones que permiten el uso privativo\u00a0de instalaciones de dominio p\u00fablico que,\u00a0durante el estado de alarma, se han visto privados de la posibilidad de ejercer ese aprovechamiento?&pic=&ralateUid=&','1410949501326','width=700,height=500,toolbar=0,menubar=0,location=0,status=1,scrollbars=1,resizable=1,left=0,top=0');return false;\" style=\"background-position: -450px -120px \"><\/a>\r\n\t\t\t\t\t<\/li>\r\n\t\t\t\t\t\t\t\t\t\t<li class=\"none nobackground \" >\r\n\r\n\t\t\t\t\t\t\t\t\t\t\t\t<a id=\"backforunical4500\" href=\"http:\/\/widget.renren.com\/dialog\/share?resourceUrl=www.fabregat-perulles-sales.com\/actualidad\/wp-json\/wp\/v2\/posts\/4500&srcUrl=www.fabregat-perulles-sales.com\/actualidad\/wp-json\/wp\/v2\/posts\/4500&title=\u00bfC\u00f3mo pueden reaccionar los titulares de las concesiones que permiten el uso privativo\u00a0de instalaciones de dominio p\u00fablico que,\u00a0durante el estado de alarma, se han visto privados de la posibilidad de ejercer ese aprovechamiento?\"  onclick=\"javascript:void window.open('http:\/\/widget.renren.com\/dialog\/share?resourceUrl=www.fabregat-perulles-sales.com\/actualidad\/wp-json\/wp\/v2\/posts\/4500&srcUrl=www.fabregat-perulles-sales.com\/actualidad\/wp-json\/wp\/v2\/posts\/4500&title=\u00bfC\u00f3mo pueden reaccionar los titulares de las concesiones que permiten el uso privativo\u00a0de instalaciones de dominio p\u00fablico que,\u00a0durante el estado de alarma, se han visto privados de la posibilidad de ejercer ese aprovechamiento?','1410949501326','width=700,height=500,toolbar=0,menubar=0,location=0,status=1,scrollbars=1,resizable=1,left=0,top=0');return false;\" style=\"background-position: -480px -120px \"><\/a>\r\n\t\t\t\t\t<\/li>\r\n\t\t\t\t\t\t\t\t\t\t<li class=\"none nobackground \" >\r\n\r\n\t\t\t\t\t\t\t\t\t\t\t\t<a id=\"backforunical4500\" href=\"http:\/\/n4g.com\/tips?url=www.fabregat-perulles-sales.com\/actualidad\/wp-json\/wp\/v2\/posts\/4500&title=\u00bfC\u00f3mo pueden reaccionar los titulares de las concesiones que permiten el uso privativo\u00a0de instalaciones de dominio p\u00fablico que,\u00a0durante el estado de alarma, se han visto privados de la posibilidad de ejercer ese aprovechamiento?\"  onclick=\"javascript:void window.open('http:\/\/n4g.com\/tips?url=www.fabregat-perulles-sales.com\/actualidad\/wp-json\/wp\/v2\/posts\/4500&title=\u00bfC\u00f3mo pueden reaccionar los titulares de las concesiones que permiten el uso privativo\u00a0de instalaciones de dominio p\u00fablico que,\u00a0durante el estado de alarma, se han visto privados de la posibilidad de ejercer ese aprovechamiento?','1410949501326','width=700,height=500,toolbar=0,menubar=0,location=0,status=1,scrollbars=1,resizable=1,left=0,top=0');return false;\" style=\"background-position: -510px -120px \"><\/a>\r\n\t\t\t\t\t<\/li>\r\n\t\t\t\t\t\t\t\t<\/ul>\r\n\t\t\t<div class=\"clear\"><\/div>\r\n\t\t<\/div>\r\n\t\t","protected":false},"excerpt":{"rendered":"<p>El Gobierno, con ocasi\u00f3n de la crisis sanitaria originada por el COVID-19, ha dictado una serie de medidas en materia de contrataci\u00f3n administrativa a fin de paliar los efectos econ\u00f3micos suscitados (as\u00ed, art. 34 Real Decreto-ley 8\/2020, de 17 de marzo, de medidas urgentes extraordinarias para hacer frente al impacto econ\u00f3mico y social del COVID-19\u2026 <span class=\"read-more\"><a href=\"https:\/\/www.fabregat-perulles-sales.com\/actualidad\/como-pueden-reaccionar-los-titulares-de-las-concesiones-que-permiten-el-uso-privativo-de-instalaciones-de-dominio-publico-que-durante-el-estado-de-alarma-se-han-visto-privados-de-la\/\">Read More &raquo;<\/a><\/span><\/p>\n","protected":false},"author":3,"featured_media":0,"comment_status":"open","ping_status":"closed","sticky":false,"template":"","format":"standard","meta":[],"categories":[86,3],"tags":[1797,1800,1801,1802,1799,1798],"yoast_head":"<!-- This site is optimized with the Yoast SEO plugin v20.2.1 - https:\/\/yoast.com\/wordpress\/plugins\/seo\/ -->\n<title>Uso de instalaciones de dominio p\u00fablico<\/title>\n<meta name=\"description\" content=\"El Gobierno ha dictado una serie de medidas en materia de contrataci\u00f3n administrativa a fin de paliar los efectos econ\u00f3micos. COVID 19\" \/>\n<meta name=\"robots\" content=\"index, follow, max-snippet:-1, max-image-preview:large, max-video-preview:-1\" \/>\n<link rel=\"canonical\" href=\"https:\/\/www.fabregat-perulles-sales.com\/actualidad\/como-pueden-reaccionar-los-titulares-de-las-concesiones-que-permiten-el-uso-privativo-de-instalaciones-de-dominio-publico-que-durante-el-estado-de-alarma-se-han-visto-privados-de-la\/\" \/>\n<meta property=\"og:locale\" content=\"en_US\" \/>\n<meta property=\"og:type\" content=\"article\" \/>\n<meta property=\"og:title\" content=\"Uso de instalaciones de dominio p\u00fablico\" \/>\n<meta property=\"og:description\" content=\"El Gobierno ha dictado una serie de medidas en materia de contrataci\u00f3n administrativa a fin de paliar los efectos econ\u00f3micos. COVID 19\" \/>\n<meta property=\"og:url\" content=\"https:\/\/www.fabregat-perulles-sales.com\/actualidad\/como-pueden-reaccionar-los-titulares-de-las-concesiones-que-permiten-el-uso-privativo-de-instalaciones-de-dominio-publico-que-durante-el-estado-de-alarma-se-han-visto-privados-de-la\/\" \/>\n<meta property=\"og:site_name\" content=\"International Lawyers\" \/>\n<meta property=\"article:published_time\" content=\"2020-04-21T10:01:29+00:00\" \/>\n<meta property=\"article:modified_time\" content=\"2020-04-21T10:02:10+00:00\" \/>\n<meta property=\"og:image\" content=\"http:\/\/www.fabregat-perulles-sales.com\/actualidad\/wp-content\/uploads\/2020\/04\/copenhagen-1120995_1920.jpg\" \/>\n<meta name=\"author\" content=\"Victor\" \/>\n<meta name=\"twitter:card\" content=\"summary_large_image\" \/>\n<meta name=\"twitter:label1\" content=\"Written by\" \/>\n\t<meta name=\"twitter:data1\" content=\"Victor\" \/>\n\t<meta name=\"twitter:label2\" content=\"Est. reading time\" \/>\n\t<meta name=\"twitter:data2\" content=\"4 minutes\" \/>\n<script type=\"application\/ld+json\" class=\"yoast-schema-graph\">{\"@context\":\"https:\/\/schema.org\",\"@graph\":[{\"@type\":\"WebPage\",\"@id\":\"https:\/\/www.fabregat-perulles-sales.com\/actualidad\/como-pueden-reaccionar-los-titulares-de-las-concesiones-que-permiten-el-uso-privativo-de-instalaciones-de-dominio-publico-que-durante-el-estado-de-alarma-se-han-visto-privados-de-la\/\",\"url\":\"https:\/\/www.fabregat-perulles-sales.com\/actualidad\/como-pueden-reaccionar-los-titulares-de-las-concesiones-que-permiten-el-uso-privativo-de-instalaciones-de-dominio-publico-que-durante-el-estado-de-alarma-se-han-visto-privados-de-la\/\",\"name\":\"Uso de instalaciones de dominio p\u00fablico\",\"isPartOf\":{\"@id\":\"https:\/\/www.fabregat-perulles-sales.com\/actualidad\/#website\"},\"datePublished\":\"2020-04-21T10:01:29+00:00\",\"dateModified\":\"2020-04-21T10:02:10+00:00\",\"author\":{\"@id\":\"https:\/\/www.fabregat-perulles-sales.com\/actualidad\/#\/schema\/person\/cabc1d68c7778f01d5e069c2d98442e3\"},\"description\":\"El Gobierno ha dictado una serie de medidas en materia de contrataci\u00f3n administrativa a fin de paliar los efectos econ\u00f3micos. COVID 19\",\"breadcrumb\":{\"@id\":\"https:\/\/www.fabregat-perulles-sales.com\/actualidad\/como-pueden-reaccionar-los-titulares-de-las-concesiones-que-permiten-el-uso-privativo-de-instalaciones-de-dominio-publico-que-durante-el-estado-de-alarma-se-han-visto-privados-de-la\/#breadcrumb\"},\"inLanguage\":\"en-US\",\"potentialAction\":[{\"@type\":\"ReadAction\",\"target\":[\"https:\/\/www.fabregat-perulles-sales.com\/actualidad\/como-pueden-reaccionar-los-titulares-de-las-concesiones-que-permiten-el-uso-privativo-de-instalaciones-de-dominio-publico-que-durante-el-estado-de-alarma-se-han-visto-privados-de-la\/\"]}]},{\"@type\":\"BreadcrumbList\",\"@id\":\"https:\/\/www.fabregat-perulles-sales.com\/actualidad\/como-pueden-reaccionar-los-titulares-de-las-concesiones-que-permiten-el-uso-privativo-de-instalaciones-de-dominio-publico-que-durante-el-estado-de-alarma-se-han-visto-privados-de-la\/#breadcrumb\",\"itemListElement\":[{\"@type\":\"ListItem\",\"position\":1,\"name\":\"Home\",\"item\":\"https:\/\/www.fabregat-perulles-sales.com\/actualidad\/\"},{\"@type\":\"ListItem\",\"position\":2,\"name\":\"\u00bfC\u00f3mo pueden reaccionar los titulares de las concesiones que permiten el uso privativo\u00a0de instalaciones de dominio p\u00fablico que,\u00a0durante el estado de alarma, se han visto privados de la posibilidad de ejercer ese aprovechamiento?\"}]},{\"@type\":\"WebSite\",\"@id\":\"https:\/\/www.fabregat-perulles-sales.com\/actualidad\/#website\",\"url\":\"https:\/\/www.fabregat-perulles-sales.com\/actualidad\/\",\"name\":\"www.fabregat-perulles-sales.com\",\"description\":\"Fabregat Perulles Sales Abogados is a law firm of reference international market in the Spanish-German, Spanish-French, and Spanish-Italian. Is one of the first firms in Barcelona offering a Russian Desk.\",\"potentialAction\":[{\"@type\":\"SearchAction\",\"target\":{\"@type\":\"EntryPoint\",\"urlTemplate\":\"https:\/\/www.fabregat-perulles-sales.com\/actualidad\/?s={search_term_string}\"},\"query-input\":\"required name=search_term_string\"}],\"inLanguage\":\"en-US\"},{\"@type\":\"Person\",\"@id\":\"https:\/\/www.fabregat-perulles-sales.com\/actualidad\/#\/schema\/person\/cabc1d68c7778f01d5e069c2d98442e3\",\"name\":\"Victor\",\"image\":{\"@type\":\"ImageObject\",\"inLanguage\":\"en-US\",\"@id\":\"https:\/\/www.fabregat-perulles-sales.com\/actualidad\/#\/schema\/person\/image\/\",\"url\":\"https:\/\/secure.gravatar.com\/avatar\/756cb666a964d2960ffe307b8a53b271?s=96&d=mm&r=g\",\"contentUrl\":\"https:\/\/secure.gravatar.com\/avatar\/756cb666a964d2960ffe307b8a53b271?s=96&d=mm&r=g\",\"caption\":\"Victor\"},\"sameAs\":[\"http:\/\/www.fabregat-perulles-sales.com\"],\"url\":\"https:\/\/www.fabregat-perulles-sales.com\/actualidad\/author\/victor\/\"}]}<\/script>\n<!-- \/ Yoast SEO plugin. -->","yoast_head_json":{"title":"Uso de instalaciones de dominio p\u00fablico","description":"El Gobierno ha dictado una serie de medidas en materia de contrataci\u00f3n administrativa a fin de paliar los efectos econ\u00f3micos. COVID 19","robots":{"index":"index","follow":"follow","max-snippet":"max-snippet:-1","max-image-preview":"max-image-preview:large","max-video-preview":"max-video-preview:-1"},"canonical":"https:\/\/www.fabregat-perulles-sales.com\/actualidad\/como-pueden-reaccionar-los-titulares-de-las-concesiones-que-permiten-el-uso-privativo-de-instalaciones-de-dominio-publico-que-durante-el-estado-de-alarma-se-han-visto-privados-de-la\/","og_locale":"en_US","og_type":"article","og_title":"Uso de instalaciones de dominio p\u00fablico","og_description":"El Gobierno ha dictado una serie de medidas en materia de contrataci\u00f3n administrativa a fin de paliar los efectos econ\u00f3micos. COVID 19","og_url":"https:\/\/www.fabregat-perulles-sales.com\/actualidad\/como-pueden-reaccionar-los-titulares-de-las-concesiones-que-permiten-el-uso-privativo-de-instalaciones-de-dominio-publico-que-durante-el-estado-de-alarma-se-han-visto-privados-de-la\/","og_site_name":"International Lawyers","article_published_time":"2020-04-21T10:01:29+00:00","article_modified_time":"2020-04-21T10:02:10+00:00","og_image":[{"url":"http:\/\/www.fabregat-perulles-sales.com\/actualidad\/wp-content\/uploads\/2020\/04\/copenhagen-1120995_1920.jpg"}],"author":"Victor","twitter_card":"summary_large_image","twitter_misc":{"Written by":"Victor","Est. reading time":"4 minutes"},"schema":{"@context":"https:\/\/schema.org","@graph":[{"@type":"WebPage","@id":"https:\/\/www.fabregat-perulles-sales.com\/actualidad\/como-pueden-reaccionar-los-titulares-de-las-concesiones-que-permiten-el-uso-privativo-de-instalaciones-de-dominio-publico-que-durante-el-estado-de-alarma-se-han-visto-privados-de-la\/","url":"https:\/\/www.fabregat-perulles-sales.com\/actualidad\/como-pueden-reaccionar-los-titulares-de-las-concesiones-que-permiten-el-uso-privativo-de-instalaciones-de-dominio-publico-que-durante-el-estado-de-alarma-se-han-visto-privados-de-la\/","name":"Uso de instalaciones de dominio p\u00fablico","isPartOf":{"@id":"https:\/\/www.fabregat-perulles-sales.com\/actualidad\/#website"},"datePublished":"2020-04-21T10:01:29+00:00","dateModified":"2020-04-21T10:02:10+00:00","author":{"@id":"https:\/\/www.fabregat-perulles-sales.com\/actualidad\/#\/schema\/person\/cabc1d68c7778f01d5e069c2d98442e3"},"description":"El Gobierno ha dictado una serie de medidas en materia de contrataci\u00f3n administrativa a fin de paliar los efectos econ\u00f3micos. COVID 19","breadcrumb":{"@id":"https:\/\/www.fabregat-perulles-sales.com\/actualidad\/como-pueden-reaccionar-los-titulares-de-las-concesiones-que-permiten-el-uso-privativo-de-instalaciones-de-dominio-publico-que-durante-el-estado-de-alarma-se-han-visto-privados-de-la\/#breadcrumb"},"inLanguage":"en-US","potentialAction":[{"@type":"ReadAction","target":["https:\/\/www.fabregat-perulles-sales.com\/actualidad\/como-pueden-reaccionar-los-titulares-de-las-concesiones-que-permiten-el-uso-privativo-de-instalaciones-de-dominio-publico-que-durante-el-estado-de-alarma-se-han-visto-privados-de-la\/"]}]},{"@type":"BreadcrumbList","@id":"https:\/\/www.fabregat-perulles-sales.com\/actualidad\/como-pueden-reaccionar-los-titulares-de-las-concesiones-que-permiten-el-uso-privativo-de-instalaciones-de-dominio-publico-que-durante-el-estado-de-alarma-se-han-visto-privados-de-la\/#breadcrumb","itemListElement":[{"@type":"ListItem","position":1,"name":"Home","item":"https:\/\/www.fabregat-perulles-sales.com\/actualidad\/"},{"@type":"ListItem","position":2,"name":"\u00bfC\u00f3mo pueden reaccionar los titulares de las concesiones que permiten el uso privativo\u00a0de instalaciones de dominio p\u00fablico que,\u00a0durante el estado de alarma, se han visto privados de la posibilidad de ejercer ese aprovechamiento?"}]},{"@type":"WebSite","@id":"https:\/\/www.fabregat-perulles-sales.com\/actualidad\/#website","url":"https:\/\/www.fabregat-perulles-sales.com\/actualidad\/","name":"www.fabregat-perulles-sales.com","description":"Fabregat Perulles Sales Abogados is a law firm of reference international market in the Spanish-German, Spanish-French, and Spanish-Italian. Is one of the first firms in Barcelona offering a Russian Desk.","potentialAction":[{"@type":"SearchAction","target":{"@type":"EntryPoint","urlTemplate":"https:\/\/www.fabregat-perulles-sales.com\/actualidad\/?s={search_term_string}"},"query-input":"required name=search_term_string"}],"inLanguage":"en-US"},{"@type":"Person","@id":"https:\/\/www.fabregat-perulles-sales.com\/actualidad\/#\/schema\/person\/cabc1d68c7778f01d5e069c2d98442e3","name":"Victor","image":{"@type":"ImageObject","inLanguage":"en-US","@id":"https:\/\/www.fabregat-perulles-sales.com\/actualidad\/#\/schema\/person\/image\/","url":"https:\/\/secure.gravatar.com\/avatar\/756cb666a964d2960ffe307b8a53b271?s=96&d=mm&r=g","contentUrl":"https:\/\/secure.gravatar.com\/avatar\/756cb666a964d2960ffe307b8a53b271?s=96&d=mm&r=g","caption":"Victor"},"sameAs":["http:\/\/www.fabregat-perulles-sales.com"],"url":"https:\/\/www.fabregat-perulles-sales.com\/actualidad\/author\/victor\/"}]}},"amp_enabled":true,"_links":{"self":[{"href":"https:\/\/www.fabregat-perulles-sales.com\/actualidad\/wp-json\/wp\/v2\/posts\/4500"}],"collection":[{"href":"https:\/\/www.fabregat-perulles-sales.com\/actualidad\/wp-json\/wp\/v2\/posts"}],"about":[{"href":"https:\/\/www.fabregat-perulles-sales.com\/actualidad\/wp-json\/wp\/v2\/types\/post"}],"author":[{"embeddable":true,"href":"https:\/\/www.fabregat-perulles-sales.com\/actualidad\/wp-json\/wp\/v2\/users\/3"}],"replies":[{"embeddable":true,"href":"https:\/\/www.fabregat-perulles-sales.com\/actualidad\/wp-json\/wp\/v2\/comments?post=4500"}],"version-history":[{"count":7,"href":"https:\/\/www.fabregat-perulles-sales.com\/actualidad\/wp-json\/wp\/v2\/posts\/4500\/revisions"}],"predecessor-version":[{"id":4508,"href":"https:\/\/www.fabregat-perulles-sales.com\/actualidad\/wp-json\/wp\/v2\/posts\/4500\/revisions\/4508"}],"wp:attachment":[{"href":"https:\/\/www.fabregat-perulles-sales.com\/actualidad\/wp-json\/wp\/v2\/media?parent=4500"}],"wp:term":[{"taxonomy":"category","embeddable":true,"href":"https:\/\/www.fabregat-perulles-sales.com\/actualidad\/wp-json\/wp\/v2\/categories?post=4500"},{"taxonomy":"post_tag","embeddable":true,"href":"https:\/\/www.fabregat-perulles-sales.com\/actualidad\/wp-json\/wp\/v2\/tags?post=4500"}],"curies":[{"name":"wp","href":"https:\/\/api.w.org\/{rel}","templated":true}]}}