{"id":448,"date":"2013-07-03T12:00:39","date_gmt":"2013-07-03T10:00:39","guid":{"rendered":"http:\/\/www.fabregat-perulles-sales.com\/actualidad\/?p=448"},"modified":"2014-11-26T14:45:37","modified_gmt":"2014-11-26T12:45:37","slug":"actualidad-juridica-impuesto-de-sociedades","status":"publish","type":"post","link":"https:\/\/www.fabregat-perulles-sales.com\/actualidad\/actualidad-juridica-impuesto-de-sociedades\/","title":{"rendered":"ACTUALIDAD JUR\u00cdDICA: Impuesto de Sociedades"},"content":{"rendered":"<p><b>IMPUESTO SOBRE SOCIEDADES <\/b><i>(<\/i><em>medidas con efectos para per\u00edodos impositivos que se inicien dentro de los a\u00f1os 2012 y 2013):<\/em><\/p>\n<ul>\n<li><strong>Compensaci\u00f3n d<\/strong><b>e bases<\/b> <strong>imponibles negativas<\/strong> generadas en ejercicios anteriores (<a href=\"http:\/\/noticias.juridicas.com\/base_datos\/Admin\/rdl9-2011.t2.html#a9\" target=\"_blank\">art. 9. Dos del Real Decreto-ley 9\/2011<\/a>): establecimiento de un <strong>nuevo l\u00edmite temporal<\/strong> para sujetos pasivos cuyo volumen de operaciones haya superado la cantidad de 6.010.121,04 euros durante los 12 meses anteriores a la fecha en que se inicien los per\u00edodos impositivos dentro del a\u00f1o 2012 o 2013:<i><\/i><\/li>\n<\/ul>\n<div align=\"center\">\n<table width=\"100%\" border=\"1\" cellspacing=\"0\" cellpadding=\"0\">\n<tbody>\n<tr>\n<td valign=\"top\" width=\"288\"><strong>Importe neto de la cifra de negocios<\/strong> durante los <strong>12 meses anteriores<\/strong> a la fecha en que se inicien los <strong>per\u00edodos impositivos<\/strong> dentro del a\u00f1o <strong>2012 o 2013<\/strong><\/td>\n<td valign=\"top\" width=\"288\"><strong>Compensaci\u00f3n <\/strong>de las <strong>BI negativas<\/strong><\/td>\n<\/tr>\n<tr>\n<td valign=\"top\" width=\"288\">&lt; 20.000.000 \u20ac<\/td>\n<td valign=\"top\" width=\"288\">Sin l\u00edmite<\/td>\n<\/tr>\n<tr>\n<td valign=\"top\" width=\"288\">\u2265 20.000.000 \u20ac e &lt; 60.000.000 \u20ac<\/td>\n<td valign=\"top\" width=\"288\"><strong>50%<\/strong> (anteriormente 75%) de la BI previa a dicha compensaci\u00f3n<\/td>\n<\/tr>\n<tr>\n<td valign=\"top\" width=\"288\">\u2265 60.000.000 \u20ac<\/td>\n<td valign=\"top\" width=\"288\"><strong>25%<\/strong> (anteriormente 50%) de la BI previa a dicha compensaci\u00f3n<\/td>\n<\/tr>\n<\/tbody>\n<\/table>\n<\/div>\n<p><i><!--more--><\/i><\/p>\n<ul>\n<li><strong>\u00b7\u00a0\u00a0\u00a0\u00a0\u00a0\u00a0\u00a0\u00a0 <\/strong><strong>Deducci\u00f3n <\/strong>del <strong>fondo de comercio<\/strong> (<a href=\"http:\/\/noticias.juridicas.com\/base_datos\/Fiscal\/rdleg4-2004.t4.html#a12\" target=\"_blank\">art. 12.6 del TRLIS<\/a>): se limita esta deducci\u00f3n al <strong>l\u00edmite anual m\u00e1ximo de la cent\u00e9sima parte de su importe.<\/strong><br \/>\nEste l\u00edmite<b> <\/b><strong>no <\/strong>es<b> <\/b><strong>aplicable <\/strong>a los<b> <\/b><strong>contribuyentes del IRPF<\/strong><b> <\/b>cuyo importe neto de la<b> <\/b><strong>cifra de negocios sea inferior a 10 millones de euros.<\/strong><strong><i><\/i><\/strong><\/li>\n<\/ul>\n<ul>\n<li><strong>Deducci\u00f3n <\/strong>de los<strong> activos intangibles de vida \u00fatil indefinida <\/strong>(<a href=\"http:\/\/noticias.juridicas.com\/base_datos\/Fiscal\/rdleg4-2004.t4.html#a12\" target=\"_blank\">art. 12.7 del TRLIS<\/a>): se limita esta deducci\u00f3n al <strong>l\u00edmite anual m\u00e1ximo de la cincuentava parte de su importe<\/strong>.<br \/>\nEste l\u00edmite <strong>no<\/strong> es <strong>aplicable<\/strong> a los <strong>contribuyentes del IRPF<\/strong> cuyo importe neto de la <strong>cifra de negocios sea inferior a 10 millones de euros,<\/strong><strong> <\/strong>ni a los<strong> <\/strong><strong>pagos fraccionados<\/strong><strong> <\/strong>cuyo plazo de declaraci\u00f3n haya<strong> <\/strong><strong>vencido el 15 de julio de 2012. <\/strong><i><\/i><\/li>\n<\/ul>\n<p><em>Medidas con efectos para pagos fraccionados cuyos plazos de declaraci\u00f3n se inicien <\/em><strong><i>a partir del 15 de julio de 2012<\/i><\/strong><em>, correspondientes a per\u00edodos impositivos iniciados dentro de los a\u00f1os 2012 y 2013:<\/em><\/p>\n<ul>\n<li><strong>Inclusi\u00f3n<\/strong> en la determinaci\u00f3n de los pagos fraccionados que se realicen en la <strong>modalidad <\/strong>prevista en el <a href=\"http:\/\/noticias.juridicas.com\/base_datos\/Fiscal\/rdleg4-2004.t6.html#a45\" target=\"_blank\"><strong>art\u00edculo 45.3 del TRLIS<\/strong><\/a> (el pago fraccionado se calcula sobre la parte de BI del per\u00edodo de los 3, 9 y 11 primeros meses del a\u00f1o natural), del <strong>25% de los dividendos y rentas que proceden de la transmisi\u00f3n de participaciones que tienen derecho al r\u00e9gimen de exenci\u00f3n<\/strong>.<\/li>\n<li><strong>Elevaci\u00f3n del porcentaje <\/strong>de c\u00e1lculo de los pagos fraccionados<strong> para la modalidad opcional de pago fraccionado <\/strong>que opera sobre la BI del per\u00edodo de los 3, 9 u 11 primeros meses del a\u00f1o natural.<\/li>\n<li><strong>Elevaci\u00f3n del importe m\u00ednimo <\/strong>establecido<strong> <\/strong>para<strong> grandes empresas con base en el resultado del ejercicio <\/strong>(minorado en las bases imponibles negativas cuya compensaci\u00f3n resulte posible en el mismo) para la <strong>modalidad<\/strong> opcional de pago fraccionado que opera sobre la BI del per\u00edodo de los 3, 9 u 11 primeros meses del a\u00f1o natural (<a href=\"http:\/\/noticias.juridicas.com\/base_datos\/Fiscal\/rdleg4-2004.t6.html#a45\" target=\"_blank\"><strong>art. 45.3 del TRLIS<\/strong><\/a>).<\/li>\n<\/ul>\n<p><em>Medidas con efectos para los per\u00edodos impositivos iniciados a partir de <\/em><strong><i>1 de enero de 2012:<\/i><\/strong><\/p>\n<ul>\n<li><strong>Limitaci\u00f3n<\/strong> en la <strong>deducibilidad de gastos financieros<\/strong> (<a href=\"http:\/\/noticias.juridicas.com\/base_datos\/Fiscal\/rdleg4-2004.t4.html#a20\" target=\"_blank\">art. 20. 5 y 6 del TRLIS<\/a>): se modifica esta limitaci\u00f3n haci\u00e9ndola, en general, extensiva a todas las empresas sin circunscribirse a su pertenencia a un grupo mercantil; se especifica que el l\u00edmite fijo de 1.000.000 \u20ac (p\u00e1rrafo cuarto del apartado 1 del art\u00edculo 20) cuando la entidad tuviera un <strong>per\u00edodo impositivo<\/strong> de duraci\u00f3n <strong>inferior al a\u00f1o<\/strong> ser\u00e1 el <strong>importe resultante de multiplicar 1.000.000 \u20ac por la proporci\u00f3n existente entre la duraci\u00f3n del per\u00edodo impositivo respecto del a\u00f1o. <\/strong><br \/>\nAsimismo, <strong>se amplia la excepci\u00f3n <\/strong>a la aplicaci\u00f3n de la <strong>limitaci\u00f3n<\/strong> se\u00f1alada en el mencionado art\u00edculo 20, para <strong>aseguradoras<\/strong> y en aquellos supuestos en que se produce la <strong>extinci\u00f3n de una entidad, sin posibilidad de subrogaci\u00f3n en otra entidad a efectos de la aplicaci\u00f3n futura de los gastos financieros no deducidos.<\/strong><\/li>\n<\/ul>\n<p><em>Medida con efectos a partir del 15 de julio de 2012:<\/em><\/p>\n<ul>\n<li><strong>Creaci\u00f3n <\/strong>de un<strong> gravamen especial sobre algunos dividendos y rentas de fuente extranjera <\/strong>(derivadas de la transmisi\u00f3n de valores representativos de los fondos propios de entidades no residentes en territorio espa\u00f1ol), <strong>no incluidos en la disposici\u00f3n adicional decimoquinta del <a href=\"http:\/\/noticias.juridicas.com\/base_datos\/Fiscal\/rdleg4-2004.html\" target=\"_blank\">TRLIS<\/a>.<\/strong><\/li>\n<\/ul>\n<p>\u00c1mbito de aplicaci\u00f3n:<\/p>\n<p>&#8211;\u00a0\u00a0\u00a0\u00a0\u00a0 <strong>Ciertos dividendos o participaciones en beneficios de entidades no residentes en territorio espa\u00f1ol<\/strong> que cumplan el requisito establecido en el <a href=\"http:\/\/noticias.juridicas.com\/base_datos\/Fiscal\/rdleg4-2004.t4.html#a21\" target=\"_blank\">art\u00edculo 21.1, a) del TRLIS<\/a> y no les resulte de aplicaci\u00f3n su disposici\u00f3n adicional decimoquinta, que se devenguen hasta el 30 de noviembre de 2012.<\/p>\n<p>&#8211;\u00a0\u00a0\u00a0\u00a0\u00a0 <strong>Ciertas rentas derivadas de la transmisi\u00f3n de valores representativos de los fondos propios de entidades no residentes en territorio espa\u00f1ol<\/strong> que cumplan el requisito establecido en el <a href=\"http:\/\/noticias.juridicas.com\/base_datos\/Fiscal\/rdleg4-2004.t4.html#a21\" target=\"_blank\">art\u00edculo 21.1, a) del TRLIS<\/a> y no les resulte de aplicaci\u00f3n su disposici\u00f3n adicional decimoquinta, que se devenguen hasta el 30 de noviembre de 2012.<\/p>\n<p>Base imponible:<\/p>\n<p>&#8211;\u00a0\u00a0\u00a0\u00a0\u00a0 Para los <strong>dividendos o participaciones en beneficios<\/strong> de entidades no residentes en territorio espa\u00f1ol: <strong>importe \u00edntegro<\/strong> de los dividendos o participaciones en beneficios devengados.<\/p>\n<p>&#8211;\u00a0\u00a0\u00a0\u00a0\u00a0 Para <strong>rentas derivadas de la transmisi\u00f3n de valores representativos<\/strong> de los fondos propios de entidades no residentes en territorio espa\u00f1ol: <strong>renta obtenida en la transmisi\u00f3n.<\/strong><\/p>\n<p>Tipo de gravamen: <strong>10%<\/strong><\/p>\n<p>Devengo:<\/p>\n<p><strong>&#8211;\u00a0\u00a0\u00a0\u00a0\u00a0 <\/strong>En el supuesto de <strong>dividendos o participaciones<\/strong> en beneficios de entidades no residentes en territorio espa\u00f1ol: <strong>d\u00eda del acuerdo de distribuci\u00f3n de beneficios por la junta general de accionistas u \u00f3rgano equivalente.<\/strong><\/p>\n<p>&#8211;\u00a0\u00a0\u00a0\u00a0\u00a0 En el caso de la <strong>transmisi\u00f3n de valores representativos de los fondos propios<\/strong> de entidades no residentes en territorio espa\u00f1ol: <strong>d\u00eda en que se produzca la transmisi\u00f3n.<\/strong><\/p>\n<p><strong>No ser\u00e1 f<\/strong>iscalmente<b> <\/b><strong>deducible<\/strong><b> <\/b>de la BI del IS el<b> <\/b><strong>gasto contable correspondiente a este gravamen especial.<\/strong><\/p>\n<p>Declaraci\u00f3n y plazo de ingreso:<\/p>\n<p><strong>&#8211;\u00a0\u00a0\u00a0\u00a0\u00a0 <\/strong><strong>Autoliquidaci\u00f3n <\/strong>en el plazo de los <strong>25 d\u00edas siguientes a la fecha de devengo. <\/strong><\/p>\n<p>&#8211;\u00a0\u00a0\u00a0\u00a0\u00a0 <strong>Modelo de declaraci\u00f3n<\/strong>: modelo <strong>250,<\/strong> aprobado por <a href=\"http:\/\/www.boe.es\/boe\/dias\/2012\/06\/04\/pdfs\/BOE-A-2012-7390.pdf\" target=\"_blank\">Orden HAP\/1181\/2012, de 31 de mayo<\/a>.<b><\/b><\/p>\n\r\n\t\t<style>\r\n\t\t\t.huge-it-share-buttons {\r\n\t\t\t\tborder:0px solid #0FB5D6;\r\n\t\t\t\tborder-radius:5px;\r\n\t\t\t\tbackground:#3BD8FF;\r\n\t\t\t text-align:left; \t\t\t\t\t\t\t\t\t}\r\n\r\n\t\t\t#huge-it-share-buttons-top {margin-bottom:0px;}\r\n\t\t\t#huge-it-share-buttons-bottom {margin-top:0px;}\r\n\r\n\t\t\t.huge-it-share-buttons h3 {\r\n\t\t\t\tfont-size:25px ;\r\n\t\t\t\tfont-family:Arial,Helvetica Neue,Helvetica,sans-serif;\r\n\t\t\t\tcolor:#666666;\r\n\r\n\t\t\tdisplay:block;\t\t\t\tline-height:25px ;\r\n\r\n\t\t\t text-align:left; \t\t\t\t\t\t\t\t\t}\r\n\r\n\t\t\t.huge-it-share-buttons ul {\r\n\t\t\t float:left; \t\t\t\t\t\t\t\t\t}\r\n\r\n\t\t\t.huge-it-share-buttons ul li {\r\n\t\t\t\tmargin-left:3px;\r\n\t\t\t\tmargin-right:3px;\r\n\t\t\t\tpadding:0px;\r\n\t\t\t\tborder:0px ridge #E6354C;\r\n\t\t\t\tborder-radius:11px;\r\n\t\t\t\tbackground-color:#14CC9B;\r\n\t\t\t}\r\n\r\n\t\t\t.huge-it-share-buttons ul li #backforunical448 {\r\n\t\t\t\tborder-bottom: 0;\r\n\t\t\t\tbackground-image:url('https:\/\/www.fabregat-perulles-sales.com\/actualidad\/wp-content\/plugins\/wp-share-buttons\/Front_end\/..\/images\/buttons.30.png');\r\n\t\t\t\twidth:30px;\r\n\t\t\t\theight:30px;\r\n\t\t\t}\r\n\r\n\t\t\t.front-shares-count {\r\n\t\t\t\tposition: absolute;\r\n\t\t\t\ttext-align: center;\r\n\t\t\t\tdisplay: block;\r\n\t\t\t}\r\n\r\n\t\t\t.shares_size20 .front-shares-count {\r\n\t\t\t\tfont-size: 10px;\r\n\t\t\t\ttop: 10px;\r\n\t\t\t\twidth: 20px;\r\n\t\t\t}\r\n\r\n\t\t\t.shares_size30 .front-shares-count {\r\n\t\t\t\tfont-size: 11px;\r\n\t\t\t\ttop: 15px;\r\n\t\t\t\twidth: 30px;\r\n\t\t\t}\r\n\r\n\t\t\t.shares_size40 .front-shares-count {\r\n\t\t\t\tfont-size: 12px;\r\n\t\t\t\ttop: 21px;\r\n\t\t\t\twidth: 40px;\r\n\t\t\t}\r\n\t\t<\/style>\r\n\t\t\r\n\t\t<div id=\"huge-it-share-buttons-top\" class=\"huge-it-share-buttons nobackground\">\r\n\t\t\t<h3>Share This:<\/h3>\r\n\t\t\t<ul class=\"huge-it-share-buttons-list \">\r\n\t\t\t\t\t\t\t\t\t<li class=\"nobackground \" >\r\n\r\n\t\t\t\t\t\t\t\t\t\t\t\t<a id=\"backforunical448\" href=\"https:\/\/www.facebook.com\/sharer\/sharer.php?u=www.fabregat-perulles-sales.com\/actualidad\/wp-json\/wp\/v2\/posts\/448\"  onclick=\"javascript:void window.open('https:\/\/www.facebook.com\/sharer\/sharer.php?u=www.fabregat-perulles-sales.com\/actualidad\/wp-json\/wp\/v2\/posts\/448','1410949501326','width=700,height=500,toolbar=0,menubar=0,location=0,status=1,scrollbars=1,resizable=1,left=0,top=0');return false;\" style=\"background-position: -0px -120px \"><\/a>\r\n\t\t\t\t\t<\/li>\r\n\t\t\t\t\t\t\t\t\t\t<li class=\"nobackground \" >\r\n\r\n\t\t\t\t\t\t\t\t\t\t\t\t<a id=\"backforunical448\" href=\"https:\/\/twitter.com\/share?status=www.fabregat-perulles-sales.com\/actualidad\/wp-json\/wp\/v2\/posts\/448&text=ACTUALIDAD JUR\u00cdDICA: Impuesto de Sociedades\"  onclick=\"javascript:void window.open('https:\/\/twitter.com\/share?status=www.fabregat-perulles-sales.com\/actualidad\/wp-json\/wp\/v2\/posts\/448&text=ACTUALIDAD JUR\u00cdDICA: Impuesto de Sociedades','1410949501326','width=700,height=500,toolbar=0,menubar=0,location=0,status=1,scrollbars=1,resizable=1,left=0,top=0');return false;\" style=\"background-position: -30px -120px \"><\/a>\r\n\t\t\t\t\t<\/li>\r\n\t\t\t\t\t\t\t\t\t\t<li class=\"none nobackground \" >\r\n\r\n\t\t\t\t\t\t\t\t\t\t\t\t<a id=\"backforunical448\" href=\"http:\/\/www.pinterest.com\/pin\/create\/button\/?url=www.fabregat-perulles-sales.com\/actualidad\/wp-json\/wp\/v2\/posts\/448&media=https:\/\/www.fabregat-perulles-sales.com\/actualidad\/wp-content\/plugins\/wp-share-buttons\/Front_end\/..\/images\/noimage.png&description=ACTUALIDAD JUR\u00cdDICA: Impuesto de Sociedades\"  onclick=\"javascript:void window.open('http:\/\/www.pinterest.com\/pin\/create\/button\/?url=www.fabregat-perulles-sales.com\/actualidad\/wp-json\/wp\/v2\/posts\/448&media=https:\/\/www.fabregat-perulles-sales.com\/actualidad\/wp-content\/plugins\/wp-share-buttons\/Front_end\/..\/images\/noimage.png&description=ACTUALIDAD JUR\u00cdDICA: Impuesto de Sociedades','1410949501326','width=700,height=500,toolbar=0,menubar=0,location=0,status=1,scrollbars=1,resizable=1,left=0,top=0');return false;\" style=\"background-position: -60px -120px \"><\/a>\r\n\t\t\t\t\t<\/li>\r\n\t\t\t\t\t\t\t\t\t\t<li class=\"none nobackground \" >\r\n\r\n\t\t\t\t\t\t\t\t\t\t\t\t<a id=\"backforunical448\" href=\"https:\/\/plus.google.com\/share?url=www.fabregat-perulles-sales.com\/actualidad\/wp-json\/wp\/v2\/posts\/448\"  onclick=\"javascript:void window.open('https:\/\/plus.google.com\/share?url=www.fabregat-perulles-sales.com\/actualidad\/wp-json\/wp\/v2\/posts\/448','1410949501326','width=700,height=500,toolbar=0,menubar=0,location=0,status=1,scrollbars=1,resizable=1,left=0,top=0');return false;\" style=\"background-position: -90px -120px \"><\/a>\r\n\t\t\t\t\t<\/li>\r\n\t\t\t\t\t\t\t\t\t\t<li class=\"nobackground \" >\r\n\r\n\t\t\t\t\t\t\t\t\t\t\t\t<a id=\"backforunical448\" href=\"https:\/\/www.linkedin.com\/shareArticle?title=ACTUALIDAD JUR\u00cdDICA: Impuesto de Sociedades&mini=true&url=https:\/\/www.fabregat-perulles-sales.com\/actualidad\/wp-json\/wp\/v2\/posts\/448\"  onclick=\"javascript:void window.open('https:\/\/www.linkedin.com\/shareArticle?title=ACTUALIDAD JUR\u00cdDICA: Impuesto de Sociedades&mini=true&url=https:\/\/www.fabregat-perulles-sales.com\/actualidad\/wp-json\/wp\/v2\/posts\/448','1410949501326','width=700,height=500,toolbar=0,menubar=0,location=0,status=1,scrollbars=1,resizable=1,left=0,top=0');return false;\" style=\"background-position: -120px -120px \"><\/a>\r\n\t\t\t\t\t<\/li>\r\n\t\t\t\t\t\t\t\t\t\t<li class=\"none nobackground \" >\r\n\r\n\t\t\t\t\t\t\t\t\t\t\t\t<a id=\"backforunical448\" href=\"https:\/\/www.tumblr.com\/share\/link?url=www.fabregat-perulles-sales.com\/actualidad\/wp-json\/wp\/v2\/posts\/448&name=ACTUALIDAD JUR\u00cdDICA: Impuesto de Sociedades\"  onclick=\"javascript:void window.open('https:\/\/www.tumblr.com\/share\/link?url=www.fabregat-perulles-sales.com\/actualidad\/wp-json\/wp\/v2\/posts\/448&name=ACTUALIDAD JUR\u00cdDICA: Impuesto de Sociedades','1410949501326','width=700,height=500,toolbar=0,menubar=0,location=0,status=1,scrollbars=1,resizable=1,left=0,top=0');return false;\" style=\"background-position: -150px -120px \"><\/a>\r\n\t\t\t\t\t<\/li>\r\n\t\t\t\t\t\t\t\t\t\t<li class=\"none nobackground \" >\r\n\r\n\t\t\t\t\t\t\t\t\t\t\t\t<a id=\"backforunical448\" href=\"http:\/\/digg.com\/submit?phase=2&url=www.fabregat-perulles-sales.com\/actualidad\/wp-json\/wp\/v2\/posts\/448&title=ACTUALIDAD JUR\u00cdDICA: Impuesto de Sociedades\"  onclick=\"javascript:void window.open('http:\/\/digg.com\/submit?phase=2&url=www.fabregat-perulles-sales.com\/actualidad\/wp-json\/wp\/v2\/posts\/448&title=ACTUALIDAD JUR\u00cdDICA: Impuesto de Sociedades','1410949501326','width=700,height=500,toolbar=0,menubar=0,location=0,status=1,scrollbars=1,resizable=1,left=0,top=0');return false;\" style=\"background-position: -180px -120px \"><\/a>\r\n\t\t\t\t\t<\/li>\r\n\t\t\t\t\t\t\t\t\t\t<li class=\"none nobackground \" >\r\n\r\n\t\t\t\t\t\t\t\t\t\t\t\t<a id=\"backforunical448\" href=\"http:\/\/www.stumbleupon.com\/submit?url=www.fabregat-perulles-sales.com\/actualidad\/wp-json\/wp\/v2\/posts\/448&title=ACTUALIDAD JUR\u00cdDICA: Impuesto de Sociedades\"  onclick=\"javascript:void window.open('http:\/\/www.stumbleupon.com\/submit?url=www.fabregat-perulles-sales.com\/actualidad\/wp-json\/wp\/v2\/posts\/448&title=ACTUALIDAD JUR\u00cdDICA: Impuesto de Sociedades','1410949501326','width=700,height=500,toolbar=0,menubar=0,location=0,status=1,scrollbars=1,resizable=1,left=0,top=0');return false;\" style=\"background-position: -210px -120px \"><\/a>\r\n\t\t\t\t\t<\/li>\r\n\t\t\t\t\t\t\t\t\t\t<li class=\"none nobackground \" >\r\n\r\n\t\t\t\t\t\t\t\t\t\t\t\t<a id=\"backforunical448\" href=\"https:\/\/myspace.com\/post?l=3&u=www.fabregat-perulles-sales.com\/actualidad\/wp-json\/wp\/v2\/posts\/448\"  onclick=\"javascript:void window.open('https:\/\/myspace.com\/post?l=3&u=www.fabregat-perulles-sales.com\/actualidad\/wp-json\/wp\/v2\/posts\/448','1410949501326','width=700,height=500,toolbar=0,menubar=0,location=0,status=1,scrollbars=1,resizable=1,left=0,top=0');return false;\" style=\"background-position: -240px -120px \"><\/a>\r\n\t\t\t\t\t<\/li>\r\n\t\t\t\t\t\t\t\t\t\t<li class=\"nobackground \" >\r\n\r\n\t\t\t\t\t\t\t\t\t\t\t\t<a id=\"backforunical448\" href=\"http:\/\/vk.com\/share.php?url=www.fabregat-perulles-sales.com\/actualidad\/wp-json\/wp\/v2\/posts\/448&title=ACTUALIDAD JUR\u00cdDICA: Impuesto de Sociedades\"  onclick=\"javascript:void window.open('http:\/\/vk.com\/share.php?url=www.fabregat-perulles-sales.com\/actualidad\/wp-json\/wp\/v2\/posts\/448&title=ACTUALIDAD JUR\u00cdDICA: Impuesto de Sociedades','1410949501326','width=700,height=500,toolbar=0,menubar=0,location=0,status=1,scrollbars=1,resizable=1,left=0,top=0');return false;\" style=\"background-position: -270px -120px \"><\/a>\r\n\t\t\t\t\t<\/li>\r\n\t\t\t\t\t\t\t\t\t\t<li class=\"none nobackground \" >\r\n\r\n\t\t\t\t\t\t\t\t\t\t\t\t<a id=\"backforunical448\" href=\"http:\/\/www.reddit.com\/submit?url=www.fabregat-perulles-sales.com\/actualidad\/wp-json\/wp\/v2\/posts\/448&title=ACTUALIDAD JUR\u00cdDICA: Impuesto de Sociedades\"  onclick=\"javascript:void window.open('http:\/\/www.reddit.com\/submit?url=www.fabregat-perulles-sales.com\/actualidad\/wp-json\/wp\/v2\/posts\/448&title=ACTUALIDAD JUR\u00cdDICA: Impuesto de Sociedades','1410949501326','width=700,height=500,toolbar=0,menubar=0,location=0,status=1,scrollbars=1,resizable=1,left=0,top=0');return false;\" style=\"background-position: -300px -120px \"><\/a>\r\n\t\t\t\t\t<\/li>\r\n\t\t\t\t\t\t\t\t\t\t<li class=\"none nobackground \" >\r\n\r\n\t\t\t\t\t\t\t\t\t\t\t\t<a id=\"backforunical448\" href=\"http:\/\/www.bebo.com\/c\/share?Url=www.fabregat-perulles-sales.com\/actualidad\/wp-json\/wp\/v2\/posts\/448\"  onclick=\"javascript:void window.open('http:\/\/www.bebo.com\/c\/share?Url=www.fabregat-perulles-sales.com\/actualidad\/wp-json\/wp\/v2\/posts\/448','1410949501326','width=700,height=500,toolbar=0,menubar=0,location=0,status=1,scrollbars=1,resizable=1,left=0,top=0');return false;\" style=\"background-position: -330px -120px \"><\/a>\r\n\t\t\t\t\t<\/li>\r\n\t\t\t\t\t\t\t\t\t\t<li class=\"none nobackground \" >\r\n\r\n\t\t\t\t\t\t\t\t\t\t\t\t<a id=\"backforunical448\" href=\"https:\/\/delicious.com\/save?v=5&noui&jump=close&url=www.fabregat-perulles-sales.com\/actualidad\/wp-json\/wp\/v2\/posts\/448&title=ACTUALIDAD JUR\u00cdDICA: Impuesto de Sociedades\"  onclick=\"javascript:void window.open('https:\/\/delicious.com\/save?v=5&noui&jump=close&url=www.fabregat-perulles-sales.com\/actualidad\/wp-json\/wp\/v2\/posts\/448&title=ACTUALIDAD JUR\u00cdDICA: Impuesto de Sociedades','1410949501326','width=700,height=500,toolbar=0,menubar=0,location=0,status=1,scrollbars=1,resizable=1,left=0,top=0');return false;\" style=\"background-position: -360px -120px \"><\/a>\r\n\t\t\t\t\t<\/li>\r\n\t\t\t\t\t\t\t\t\t\t<li class=\"none nobackground \" >\r\n\r\n\t\t\t\t\t\t\t\t\t\t\t\t<a id=\"backforunical448\" href=\"http:\/\/www.odnoklassniki.ru\/dk?st.cmd=addShare&st.s=2&st.noresize=on&st._surl=www.fabregat-perulles-sales.com\/actualidad\/wp-json\/wp\/v2\/posts\/448\"  onclick=\"javascript:void window.open('http:\/\/www.odnoklassniki.ru\/dk?st.cmd=addShare&st.s=2&st.noresize=on&st._surl=www.fabregat-perulles-sales.com\/actualidad\/wp-json\/wp\/v2\/posts\/448','1410949501326','width=700,height=500,toolbar=0,menubar=0,location=0,status=1,scrollbars=1,resizable=1,left=0,top=0');return false;\" style=\"background-position: -390px -120px \"><\/a>\r\n\t\t\t\t\t<\/li>\r\n\t\t\t\t\t\t\t\t\t\t<li class=\"none nobackground \" >\r\n\r\n\t\t\t\t\t\t\t\t\t\t\t\t<a id=\"backforunical448\" href=\"http:\/\/sns.qzone.qq.com\/cgi-bin\/qzshare\/cgi_qzshare_onekey?url=www.fabregat-perulles-sales.com\/actualidad\/wp-json\/wp\/v2\/posts\/448&title=ACTUALIDAD JUR\u00cdDICA: Impuesto de Sociedades\"  onclick=\"javascript:void window.open('http:\/\/sns.qzone.qq.com\/cgi-bin\/qzshare\/cgi_qzshare_onekey?url=www.fabregat-perulles-sales.com\/actualidad\/wp-json\/wp\/v2\/posts\/448&title=ACTUALIDAD JUR\u00cdDICA: Impuesto de Sociedades','1410949501326','width=700,height=500,toolbar=0,menubar=0,location=0,status=1,scrollbars=1,resizable=1,left=0,top=0');return false;\" style=\"background-position: -420px -120px \"><\/a>\r\n\t\t\t\t\t<\/li>\r\n\t\t\t\t\t\t\t\t\t\t<li class=\"none nobackground \" >\r\n\r\n\t\t\t\t\t\t\t\t\t\t\t\t<a id=\"backforunical448\" href=\"http:\/\/service.weibo.com\/share\/share.php?url=www.fabregat-perulles-sales.com\/actualidad\/wp-json\/wp\/v2\/posts\/448&appkey=&title=ACTUALIDAD JUR\u00cdDICA: Impuesto de Sociedades&pic=&ralateUid=&\"  onclick=\"javascript:void window.open('http:\/\/service.weibo.com\/share\/share.php?url=www.fabregat-perulles-sales.com\/actualidad\/wp-json\/wp\/v2\/posts\/448&appkey=&title=ACTUALIDAD JUR\u00cdDICA: Impuesto de Sociedades&pic=&ralateUid=&','1410949501326','width=700,height=500,toolbar=0,menubar=0,location=0,status=1,scrollbars=1,resizable=1,left=0,top=0');return false;\" style=\"background-position: -450px -120px \"><\/a>\r\n\t\t\t\t\t<\/li>\r\n\t\t\t\t\t\t\t\t\t\t<li class=\"none nobackground \" >\r\n\r\n\t\t\t\t\t\t\t\t\t\t\t\t<a id=\"backforunical448\" href=\"http:\/\/widget.renren.com\/dialog\/share?resourceUrl=www.fabregat-perulles-sales.com\/actualidad\/wp-json\/wp\/v2\/posts\/448&srcUrl=www.fabregat-perulles-sales.com\/actualidad\/wp-json\/wp\/v2\/posts\/448&title=ACTUALIDAD JUR\u00cdDICA: Impuesto de Sociedades\"  onclick=\"javascript:void window.open('http:\/\/widget.renren.com\/dialog\/share?resourceUrl=www.fabregat-perulles-sales.com\/actualidad\/wp-json\/wp\/v2\/posts\/448&srcUrl=www.fabregat-perulles-sales.com\/actualidad\/wp-json\/wp\/v2\/posts\/448&title=ACTUALIDAD JUR\u00cdDICA: Impuesto de Sociedades','1410949501326','width=700,height=500,toolbar=0,menubar=0,location=0,status=1,scrollbars=1,resizable=1,left=0,top=0');return false;\" style=\"background-position: -480px -120px \"><\/a>\r\n\t\t\t\t\t<\/li>\r\n\t\t\t\t\t\t\t\t\t\t<li class=\"none nobackground \" >\r\n\r\n\t\t\t\t\t\t\t\t\t\t\t\t<a id=\"backforunical448\" href=\"http:\/\/n4g.com\/tips?url=www.fabregat-perulles-sales.com\/actualidad\/wp-json\/wp\/v2\/posts\/448&title=ACTUALIDAD JUR\u00cdDICA: Impuesto de Sociedades\"  onclick=\"javascript:void window.open('http:\/\/n4g.com\/tips?url=www.fabregat-perulles-sales.com\/actualidad\/wp-json\/wp\/v2\/posts\/448&title=ACTUALIDAD JUR\u00cdDICA: Impuesto de Sociedades','1410949501326','width=700,height=500,toolbar=0,menubar=0,location=0,status=1,scrollbars=1,resizable=1,left=0,top=0');return false;\" style=\"background-position: -510px -120px \"><\/a>\r\n\t\t\t\t\t<\/li>\r\n\t\t\t\t\t\t\t\t<\/ul>\r\n\t\t\t<div class=\"clear\"><\/div>\r\n\t\t<\/div>\r\n\t\t","protected":false},"excerpt":{"rendered":"<p>IMPUESTO SOBRE SOCIEDADES (medidas con efectos para per\u00edodos impositivos que se inicien dentro de los a\u00f1os 2012 y 2013): Compensaci\u00f3n de bases imponibles negativas generadas en ejercicios anteriores (art. 9. Dos del Real Decreto-ley 9\/2011): establecimiento de un nuevo l\u00edmite temporal para sujetos pasivos cuyo volumen de operaciones haya superado la cantidad de 6.010.121,04 euros\u2026 <span class=\"read-more\"><a href=\"https:\/\/www.fabregat-perulles-sales.com\/actualidad\/actualidad-juridica-impuesto-de-sociedades\/\">Read More &raquo;<\/a><\/span><\/p>\n","protected":false},"author":3,"featured_media":0,"comment_status":"open","ping_status":"open","sticky":false,"template":"","format":"standard","meta":[],"categories":[6,466,3],"tags":[179,772,177,178],"yoast_head":"<!-- This site is optimized with the Yoast SEO plugin v20.2.1 - https:\/\/yoast.com\/wordpress\/plugins\/seo\/ -->\n<title>ACTUALIDAD JUR\u00cdDICA: Impuesto de Sociedades | International Lawyers<\/title>\n<meta name=\"description\" content=\"IMPUESTO SOBRE SOCIEDADES (medidas con efectos para per\u00edodos impositivos que se inicien dentro de los a\u00f1os 2012 y 2013): Compensaci\u00f3n de bases imponibles\" \/>\n<meta name=\"robots\" content=\"index, follow, max-snippet:-1, max-image-preview:large, max-video-preview:-1\" \/>\n<link rel=\"canonical\" href=\"https:\/\/www.fabregat-perulles-sales.com\/actualidad\/actualidad-juridica-impuesto-de-sociedades\/\" \/>\n<meta property=\"og:locale\" content=\"en_US\" \/>\n<meta property=\"og:type\" content=\"article\" \/>\n<meta property=\"og:title\" content=\"ACTUALIDAD JUR\u00cdDICA: Impuesto de Sociedades | International Lawyers\" \/>\n<meta property=\"og:description\" content=\"IMPUESTO SOBRE SOCIEDADES (medidas con efectos para per\u00edodos impositivos que se inicien dentro de los a\u00f1os 2012 y 2013): Compensaci\u00f3n de bases imponibles\" \/>\n<meta property=\"og:url\" content=\"https:\/\/www.fabregat-perulles-sales.com\/actualidad\/actualidad-juridica-impuesto-de-sociedades\/\" \/>\n<meta property=\"og:site_name\" content=\"International Lawyers\" \/>\n<meta property=\"article:published_time\" content=\"2013-07-03T10:00:39+00:00\" \/>\n<meta property=\"article:modified_time\" content=\"2014-11-26T12:45:37+00:00\" \/>\n<meta name=\"author\" content=\"Victor\" \/>\n<meta name=\"twitter:card\" content=\"summary_large_image\" \/>\n<meta name=\"twitter:label1\" content=\"Written by\" \/>\n\t<meta name=\"twitter:data1\" content=\"Victor\" \/>\n\t<meta name=\"twitter:label2\" content=\"Est. reading time\" \/>\n\t<meta name=\"twitter:data2\" content=\"5 minutes\" \/>\n<script type=\"application\/ld+json\" class=\"yoast-schema-graph\">{\"@context\":\"https:\/\/schema.org\",\"@graph\":[{\"@type\":\"WebPage\",\"@id\":\"https:\/\/www.fabregat-perulles-sales.com\/actualidad\/actualidad-juridica-impuesto-de-sociedades\/\",\"url\":\"https:\/\/www.fabregat-perulles-sales.com\/actualidad\/actualidad-juridica-impuesto-de-sociedades\/\",\"name\":\"ACTUALIDAD JUR\u00cdDICA: Impuesto de Sociedades | International Lawyers\",\"isPartOf\":{\"@id\":\"https:\/\/www.fabregat-perulles-sales.com\/actualidad\/#website\"},\"datePublished\":\"2013-07-03T10:00:39+00:00\",\"dateModified\":\"2014-11-26T12:45:37+00:00\",\"author\":{\"@id\":\"https:\/\/www.fabregat-perulles-sales.com\/actualidad\/#\/schema\/person\/cabc1d68c7778f01d5e069c2d98442e3\"},\"description\":\"IMPUESTO SOBRE SOCIEDADES (medidas con efectos para per\u00edodos impositivos que se inicien dentro de los a\u00f1os 2012 y 2013): Compensaci\u00f3n de bases imponibles\",\"breadcrumb\":{\"@id\":\"https:\/\/www.fabregat-perulles-sales.com\/actualidad\/actualidad-juridica-impuesto-de-sociedades\/#breadcrumb\"},\"inLanguage\":\"en-US\",\"potentialAction\":[{\"@type\":\"ReadAction\",\"target\":[\"https:\/\/www.fabregat-perulles-sales.com\/actualidad\/actualidad-juridica-impuesto-de-sociedades\/\"]}]},{\"@type\":\"BreadcrumbList\",\"@id\":\"https:\/\/www.fabregat-perulles-sales.com\/actualidad\/actualidad-juridica-impuesto-de-sociedades\/#breadcrumb\",\"itemListElement\":[{\"@type\":\"ListItem\",\"position\":1,\"name\":\"Home\",\"item\":\"https:\/\/www.fabregat-perulles-sales.com\/actualidad\/\"},{\"@type\":\"ListItem\",\"position\":2,\"name\":\"ACTUALIDAD JUR\u00cdDICA: Impuesto de Sociedades\"}]},{\"@type\":\"WebSite\",\"@id\":\"https:\/\/www.fabregat-perulles-sales.com\/actualidad\/#website\",\"url\":\"https:\/\/www.fabregat-perulles-sales.com\/actualidad\/\",\"name\":\"www.fabregat-perulles-sales.com\",\"description\":\"Fabregat Perulles Sales Abogados is a law firm of reference international market in the Spanish-German, Spanish-French, and Spanish-Italian. Is one of the first firms in Barcelona offering a Russian Desk.\",\"potentialAction\":[{\"@type\":\"SearchAction\",\"target\":{\"@type\":\"EntryPoint\",\"urlTemplate\":\"https:\/\/www.fabregat-perulles-sales.com\/actualidad\/?s={search_term_string}\"},\"query-input\":\"required name=search_term_string\"}],\"inLanguage\":\"en-US\"},{\"@type\":\"Person\",\"@id\":\"https:\/\/www.fabregat-perulles-sales.com\/actualidad\/#\/schema\/person\/cabc1d68c7778f01d5e069c2d98442e3\",\"name\":\"Victor\",\"image\":{\"@type\":\"ImageObject\",\"inLanguage\":\"en-US\",\"@id\":\"https:\/\/www.fabregat-perulles-sales.com\/actualidad\/#\/schema\/person\/image\/\",\"url\":\"https:\/\/secure.gravatar.com\/avatar\/756cb666a964d2960ffe307b8a53b271?s=96&d=mm&r=g\",\"contentUrl\":\"https:\/\/secure.gravatar.com\/avatar\/756cb666a964d2960ffe307b8a53b271?s=96&d=mm&r=g\",\"caption\":\"Victor\"},\"sameAs\":[\"http:\/\/www.fabregat-perulles-sales.com\"],\"url\":\"https:\/\/www.fabregat-perulles-sales.com\/actualidad\/author\/victor\/\"}]}<\/script>\n<!-- \/ Yoast SEO plugin. -->","yoast_head_json":{"title":"ACTUALIDAD JUR\u00cdDICA: Impuesto de Sociedades | International Lawyers","description":"IMPUESTO SOBRE SOCIEDADES (medidas con efectos para per\u00edodos impositivos que se inicien dentro de los a\u00f1os 2012 y 2013): Compensaci\u00f3n de bases imponibles","robots":{"index":"index","follow":"follow","max-snippet":"max-snippet:-1","max-image-preview":"max-image-preview:large","max-video-preview":"max-video-preview:-1"},"canonical":"https:\/\/www.fabregat-perulles-sales.com\/actualidad\/actualidad-juridica-impuesto-de-sociedades\/","og_locale":"en_US","og_type":"article","og_title":"ACTUALIDAD JUR\u00cdDICA: Impuesto de Sociedades | International Lawyers","og_description":"IMPUESTO SOBRE SOCIEDADES (medidas con efectos para per\u00edodos impositivos que se inicien dentro de los a\u00f1os 2012 y 2013): Compensaci\u00f3n de bases imponibles","og_url":"https:\/\/www.fabregat-perulles-sales.com\/actualidad\/actualidad-juridica-impuesto-de-sociedades\/","og_site_name":"International Lawyers","article_published_time":"2013-07-03T10:00:39+00:00","article_modified_time":"2014-11-26T12:45:37+00:00","author":"Victor","twitter_card":"summary_large_image","twitter_misc":{"Written by":"Victor","Est. reading time":"5 minutes"},"schema":{"@context":"https:\/\/schema.org","@graph":[{"@type":"WebPage","@id":"https:\/\/www.fabregat-perulles-sales.com\/actualidad\/actualidad-juridica-impuesto-de-sociedades\/","url":"https:\/\/www.fabregat-perulles-sales.com\/actualidad\/actualidad-juridica-impuesto-de-sociedades\/","name":"ACTUALIDAD JUR\u00cdDICA: Impuesto de Sociedades | International Lawyers","isPartOf":{"@id":"https:\/\/www.fabregat-perulles-sales.com\/actualidad\/#website"},"datePublished":"2013-07-03T10:00:39+00:00","dateModified":"2014-11-26T12:45:37+00:00","author":{"@id":"https:\/\/www.fabregat-perulles-sales.com\/actualidad\/#\/schema\/person\/cabc1d68c7778f01d5e069c2d98442e3"},"description":"IMPUESTO SOBRE SOCIEDADES (medidas con efectos para per\u00edodos impositivos que se inicien dentro de los a\u00f1os 2012 y 2013): Compensaci\u00f3n de bases imponibles","breadcrumb":{"@id":"https:\/\/www.fabregat-perulles-sales.com\/actualidad\/actualidad-juridica-impuesto-de-sociedades\/#breadcrumb"},"inLanguage":"en-US","potentialAction":[{"@type":"ReadAction","target":["https:\/\/www.fabregat-perulles-sales.com\/actualidad\/actualidad-juridica-impuesto-de-sociedades\/"]}]},{"@type":"BreadcrumbList","@id":"https:\/\/www.fabregat-perulles-sales.com\/actualidad\/actualidad-juridica-impuesto-de-sociedades\/#breadcrumb","itemListElement":[{"@type":"ListItem","position":1,"name":"Home","item":"https:\/\/www.fabregat-perulles-sales.com\/actualidad\/"},{"@type":"ListItem","position":2,"name":"ACTUALIDAD JUR\u00cdDICA: Impuesto de Sociedades"}]},{"@type":"WebSite","@id":"https:\/\/www.fabregat-perulles-sales.com\/actualidad\/#website","url":"https:\/\/www.fabregat-perulles-sales.com\/actualidad\/","name":"www.fabregat-perulles-sales.com","description":"Fabregat Perulles Sales Abogados is a law firm of reference international market in the Spanish-German, Spanish-French, and Spanish-Italian. Is one of the first firms in Barcelona offering a Russian Desk.","potentialAction":[{"@type":"SearchAction","target":{"@type":"EntryPoint","urlTemplate":"https:\/\/www.fabregat-perulles-sales.com\/actualidad\/?s={search_term_string}"},"query-input":"required name=search_term_string"}],"inLanguage":"en-US"},{"@type":"Person","@id":"https:\/\/www.fabregat-perulles-sales.com\/actualidad\/#\/schema\/person\/cabc1d68c7778f01d5e069c2d98442e3","name":"Victor","image":{"@type":"ImageObject","inLanguage":"en-US","@id":"https:\/\/www.fabregat-perulles-sales.com\/actualidad\/#\/schema\/person\/image\/","url":"https:\/\/secure.gravatar.com\/avatar\/756cb666a964d2960ffe307b8a53b271?s=96&d=mm&r=g","contentUrl":"https:\/\/secure.gravatar.com\/avatar\/756cb666a964d2960ffe307b8a53b271?s=96&d=mm&r=g","caption":"Victor"},"sameAs":["http:\/\/www.fabregat-perulles-sales.com"],"url":"https:\/\/www.fabregat-perulles-sales.com\/actualidad\/author\/victor\/"}]}},"amp_enabled":true,"_links":{"self":[{"href":"https:\/\/www.fabregat-perulles-sales.com\/actualidad\/wp-json\/wp\/v2\/posts\/448"}],"collection":[{"href":"https:\/\/www.fabregat-perulles-sales.com\/actualidad\/wp-json\/wp\/v2\/posts"}],"about":[{"href":"https:\/\/www.fabregat-perulles-sales.com\/actualidad\/wp-json\/wp\/v2\/types\/post"}],"author":[{"embeddable":true,"href":"https:\/\/www.fabregat-perulles-sales.com\/actualidad\/wp-json\/wp\/v2\/users\/3"}],"replies":[{"embeddable":true,"href":"https:\/\/www.fabregat-perulles-sales.com\/actualidad\/wp-json\/wp\/v2\/comments?post=448"}],"version-history":[{"count":5,"href":"https:\/\/www.fabregat-perulles-sales.com\/actualidad\/wp-json\/wp\/v2\/posts\/448\/revisions"}],"predecessor-version":[{"id":1539,"href":"https:\/\/www.fabregat-perulles-sales.com\/actualidad\/wp-json\/wp\/v2\/posts\/448\/revisions\/1539"}],"wp:attachment":[{"href":"https:\/\/www.fabregat-perulles-sales.com\/actualidad\/wp-json\/wp\/v2\/media?parent=448"}],"wp:term":[{"taxonomy":"category","embeddable":true,"href":"https:\/\/www.fabregat-perulles-sales.com\/actualidad\/wp-json\/wp\/v2\/categories?post=448"},{"taxonomy":"post_tag","embeddable":true,"href":"https:\/\/www.fabregat-perulles-sales.com\/actualidad\/wp-json\/wp\/v2\/tags?post=448"}],"curies":[{"name":"wp","href":"https:\/\/api.w.org\/{rel}","templated":true}]}}