{"id":4442,"date":"2020-04-02T13:12:30","date_gmt":"2020-04-02T12:12:30","guid":{"rendered":"http:\/\/www.fabregat-perulles-sales.com\/actualidad\/?p=4442"},"modified":"2020-04-02T13:13:59","modified_gmt":"2020-04-02T12:13:59","slug":"medidas-para-sostener-la-actividad-economica-ante-las-dificultades-transitorias-consecuencia-del-covid-19","status":"publish","type":"post","link":"https:\/\/www.fabregat-perulles-sales.com\/actualidad\/medidas-para-sostener-la-actividad-economica-ante-las-dificultades-transitorias-consecuencia-del-covid-19\/","title":{"rendered":"Medidas para sostener la actividad econ\u00f3mica ante las dificultades transitorias consecuencia del COVID-19"},"content":{"rendered":"<h6><em>Real Decreto-ley 11\/2020, de 31 de marzo, por el que se adoptan medidas urgentes complementarias en el \u00e1mbito social y econ\u00f3mico para hacer frente al COVID-19.<\/em><\/h6>\n<p>El 31 de marzo de los corrientes se aprob\u00f3 en Consejo de Ministros el Real Decreto-ley 11\/2020, de 31 de marzo, por el que se adoptan medidas urgentes complementarias en el \u00e1mbito social y econ\u00f3mico para hacer frente al COVID-19. Este nuevo RD-Ley ha sido publicado el 1 de abril y, entrar\u00e1 en vigor al d\u00eda siguiente de su publicaci\u00f3n en el Bolet\u00edn Oficial del Estado (BOE), esto es, el d\u00eda 2 de abril de 2020 a excepci\u00f3n del art\u00edculo 37, sobre Medidas de restricci\u00f3n a las comunicaciones comerciales de las entidades que realicen una actividad de juego regulada en la Ley 13\/2011, de 27 de mayo, de regulaci\u00f3n del juego, que entrar\u00e1 en vigor a los dos d\u00edas de su publicaci\u00f3n en el BOE.<\/p>\n<p>En cuanto a medidas para sostener la actividad econ\u00f3mica ante las dificultades transitorias provocadas por el Covid-19 es de destacar que se adoptan especialmente medidas (i) de apoyo a la industrializaci\u00f3n y (ii) de flexibilizaci\u00f3n en materia de suministros.<\/p>\n<p>Por una parte, se indican las principales <strong><u>medidas de apoyo a la industrializaci\u00f3n<\/u><\/strong>, adoptadas en el Real Decreto<em>&#8211;<\/em>Ley 11\/2020, de 31 de marzo, <strong>para los <\/strong><strong>aut\u00f3nomos<\/strong> que acrediten dicha condici\u00f3n <strong>y empresas<\/strong> mientras est\u00e9 en vigor el estado de alarma:<\/p>\n<ul>\n<li><strong><em>&#8211; Modificaci\u00f3n del <\/em><\/strong><strong><em>momento y plazo para aportaci\u00f3n de garant\u00edas en las convocatorias de pr\u00e9stamos concedidos por la SGIPYME pendientes de resoluci\u00f3n en el momento de entrada en vigor del Real Decreto 462\/2000, de 14 de marzo. <\/em><\/strong><\/li>\n<\/ul>\n<p>Con car\u00e1cter temporal, y solo a efectos de las <strong>convocatorias de pr\u00e9stamos concedidos por la SGIPYME<\/strong> que se encontrasen pendientes de resoluci\u00f3n en el momento de la declaraci\u00f3n del estado de alarma, <strong>las garant\u00edas a aportar por los solicitantes se presentar\u00e1n tras la resoluci\u00f3n de concesi\u00f3n y con anterioridad al pago del pr\u00e9stamo<\/strong>.<\/p>\n<p>Una vez resuelta la convocatoria, los beneficiarios deber\u00e1n aportar las garant\u00edas por el importe indicado en la resoluci\u00f3n de concesi\u00f3n y en las modalidades establecidas en la misma.<\/p>\n<p>El <strong>plazo para presentar las garant\u00edas <u>finalizar\u00e1 el 3 de noviembre de 2020<\/u><\/strong>. De <strong>no presentarse antes<\/strong> de la finalizaci\u00f3n de dicho plazo, el <strong>beneficiario perder\u00e1 el derecho al cobro del pr\u00e9stamo<\/strong>.<\/p>\n<p>En el momento del pago, los aut\u00f3nomos y empresas deber\u00e1n cumplir con el resto de requisitos establecidos en las \u00f3rdenes de convocatoria. No obstante, quedan suspendidos los apartados 1 al 5 del art\u00edculo 10 de la Orden ICT\/1100\/2018, de 18 de octubre as\u00ed como el noveno art\u00edculo de la Orden por la que se realiza la convocatoria para el a\u00f1o 2019.<\/p>\n<ul>\n<li><strong><em>&#8211; Refinanciaci\u00f3n de los pr\u00e9stamos concedidos por los SGIPYME.<\/em><\/strong><\/li>\n<\/ul>\n<p>Cuando la <strong>crisis sanitaria<\/strong> provocada por el COVID-19 , haya provocado <strong>periodos de inactividad del beneficiario<\/strong>, <strong>reducci\u00f3n en el volumen de sus ventas<\/strong> o <strong>interrupciones en el suministro en la cadena de valor, <\/strong>los <strong>beneficiarios de concesiones de pr\u00e9stamos a proyectos industriales<\/strong> otorgados por la SGIPYME podr\u00e1n <strong><u>solicitar modificaciones del cuadro de amortizaci\u00f3n del mismo durante el plazo de 2 a\u00f1os y medio contados desde la declaraci\u00f3n del estado de alarma<\/u> <\/strong>decretado por\u00a0 el Real Decreto 463\/2020, de 14 de marzo.<\/p>\n<p>Dicha solicitud deber\u00e1 ser <strong>resuelta de forma expresa<\/strong> por el \u00f3rgano que dict\u00f3 la resoluci\u00f3n de concesi\u00f3n y, el <strong>plazo para la resoluci\u00f3n ser\u00e1 de 6 meses desde la presentaci\u00f3n de la solicitud<\/strong>. Si transcurrido dicho plazo el \u00f3rgano competente para resolver no hubiese notificado dicha resoluci\u00f3n, los interesados estar\u00e1n legitimados para entender desestimada la solicitud (<strong>silencio negativo<\/strong>).<\/p>\n<p>Las modificaciones del cuadro de amortizaci\u00f3n podr\u00e1n consistir en (i) un <strong>aumento del plazo m\u00e1ximo de amortizaci\u00f3n<\/strong> (ii) un <strong>aumento del plazo m\u00e1ximo de carencia<\/strong>, si a\u00fan no se hubiera producido vencimiento de alguna cuota de principal u (iii) <strong>otras modificaciones <\/strong>siempre y cuando se respeten los mismos niveles m\u00e1ximos de intensidad de ayuda y mismos niveles de riesgo que en el momento de la concesi\u00f3n. La ayuda equivalente se calcular\u00e1 en el momento de la concesi\u00f3n de la modificaci\u00f3n del cuadro de amortizaci\u00f3n. Para ello podr\u00e1n realizarse modificaciones del tipo de inter\u00e9s y\/o de las garant\u00edas asociadas a los pr\u00e9stamos.<\/p>\n<p>Se permitir\u00e1 la subrogaci\u00f3n de una entidad de cr\u00e9dito en la obligaci\u00f3n de devoluci\u00f3n del pr\u00e9stamo por parte del beneficiario durante el plazo de dos a\u00f1os y medio, contados desde la entrada en vigor del Real Decreto 463\/2020, de 14 de marzo, siempre que se haya finalizado la verificaci\u00f3n t\u00e9cnico-econ\u00f3mica del proyecto. En aquellos pr\u00e9stamos con tipo de inter\u00e9s, <strong>se podr\u00e1 disminuir el tipo de inter\u00e9s a asumir por la entidad de cr\u00e9dito<\/strong>, <strong>respetando el tipo de inter\u00e9s m\u00ednimo exigible<\/strong> para los pr\u00e9stamos otorgados por el Estado, fijado en la correspondiente Ley de Presupuestos Generales del Estado.<\/p>\n<p>Los <strong>programas a los que se aplica esta medida<\/strong> son los programas de la SGIPYME de <u>Reindustrializaci\u00f3n<\/u>, <u>Competitividad de Sectores Estrat\u00e9gicos Industriales<\/u>, <u>Competitividad del Sector Automoci\u00f3n<\/u>, <u>Reindustrializaci\u00f3n y Fortalecimiento de la Competitividad Industrial<\/u>, <u>Industria Conectada 4.0 e I+D+i en el \u00e1mbito de la industria manufacturera<\/u>.<\/p>\n<p>Quedan suspendidos por el plazo de dos a\u00f1os y medio contados desde la entrada en vigor del Real Decreto 463\/2020, de 14 de marzo, los art\u00edculos de las \u00f3rdenes de bases y de las convocatorias, en virtud de las cuales se otorgaron los pr\u00e9stamos afectados por esta medida, en todo lo que contradigan lo dispuesto en este art\u00edculo.<\/p>\n<ul>\n<li><strong><em>&#8211; Devoluci\u00f3n de gastos y se concede ayudas por cancelaci\u00f3n de actividades de promoci\u00f3n del comercio internacional y otros eventos internacionales.<\/em><\/strong><\/li>\n<\/ul>\n<p><strong>Se habilita a ICEX Espa\u00f1a Exportaci\u00f3n e Inversiones para la devoluci\u00f3n a las empresas que hayan incurrido en gastos no recuperables en esta o futuras ediciones<\/strong>, de las <strong>cuotas pagadas para la participaci\u00f3n en las ferias<\/strong>, u <strong>otras actividades de promoci\u00f3n de comercio internacional<\/strong>, que hayan sido convocadas por la entidad, cuando estas sean <strong>canceladas<\/strong>, <strong>gravemente afectadas<\/strong> o <strong>aplazadas<\/strong> por el organizador como consecuencia del COVID 19. No obstante, en los supuestos de aplazamientos, la empresa deber\u00e1 justificar motivadamente su imposibilidad de acudir a la nueva edici\u00f3n.<\/p>\n<p><strong>Se habilita a conceder y pagar ayudas a las empresas que fueran a participar en los eventos internacionales<\/strong> organizados a trav\u00e9s de las entidades colaboradoras de ICEX y a las propias entidades colaboradoras, <strong>en funci\u00f3n de los gastos incurridos no recuperables en esta o futuras ediciones<\/strong>, cuando las <strong>actividades sean canceladas como consecuencia del COVID 19<\/strong>.<\/p>\n<p>Por otra parte, se indican las principales <strong><u>medidas de flexibilizaci\u00f3n en materia de suministros<\/u><\/strong> adoptadas en el Real Decreto<em>&#8211;<\/em>Ley 11\/2020, de 31 de marzo, <strong>para los <\/strong><strong>aut\u00f3nomos<\/strong> que acrediten dicha condici\u00f3n <strong>y empresas<\/strong> mientras est\u00e9 en vigor el estado de alarma:<\/p>\n<ul>\n<li><strong><em>&#8211; Flexibilizaci\u00f3n de <\/em><\/strong><strong><em>los contratos de suministro de electricidad para aut\u00f3nomos y empresas.<\/em><\/strong><\/li>\n<\/ul>\n<p>Los puntos de suministro de electricidad titularidad de aut\u00f3nomos que acrediten dicha condici\u00f3n y empresas se <strong>podr\u00e1n suspender temporalmente o modificar sus contratos de suministro, o las pr\u00f3rrogas de dichos contratos, para contratar otra oferta alternativa<\/strong> con el comercializador con el que tienen contrato vigente, al objeto de adaptar sus contratos a\u00a0 sus nuevas pautas de consumo, <strong>sin que proceda cargo alguno en concepto de penalizaci\u00f3n<\/strong>.<\/p>\n<p>Los <strong>distribuidores tienen la obligaci\u00f3n de atender a las solicitudes de cambio de potencia o de peaje de acceso<\/strong>, con independencia de que el consumidor hubiera modificado voluntariamente las condiciones t\u00e9cnicas de su contrato de acceso de terceros a la red en un plazo inferior a doce meses, y aunque no se haya producido ning\u00fan cambio en la estructura de peajes de acceso o cargos que le afecte.<\/p>\n<p>Una vez <strong>finalizado el estado de alarma, en el plazo de tres meses, <\/strong>los consumidores que hayan solicitado (i) la<strong> suspensi\u00f3n de su contrato de suministro <\/strong>o (ii) la<strong> modificaci\u00f3n de su contrato de suministro o la modificaci\u00f3n de los par\u00e1metros t\u00e9cnicos del contrato de acceso de terceros a la red, <\/strong>podr\u00e1n <strong>solicitar su reactivaci\u00f3n<\/strong> o <strong>una nueva modificaci\u00f3n del contrato de suministro o unos nuevos valores de los par\u00e1metros t\u00e9cnicos del contrato de acceso de terceros a la red<\/strong>, dependiendo de lo solicitado.<\/p>\n<p>Las <strong>reactivaciones del contrato<\/strong> de suministro y las <strong>modificaciones de los contratos<\/strong> se realizar\u00e1n en el <strong>plazo m\u00e1ximo de cinco d\u00edas naturales<\/strong> y <strong><u>sin<\/u><\/strong> que proceda la <strong>repercusi\u00f3n de coste alguno sobre el consumidor<\/strong>, salvo excepciones.<\/p>\n<ul>\n<li><strong><em>&#8211; F<\/em><\/strong><strong><em>lexibilizaci\u00f3n de los contratos de suministro de gas natural.<\/em><\/strong><\/li>\n<\/ul>\n<p>Los puntos de suministro de gas natural titularidad de aut\u00f3nomos que acrediten dicha condici\u00f3n y empresas se podr\u00e1n <strong>solicitar <\/strong>a su comercializador la<strong> (i) modificaci\u00f3n del caudal diario contratado<\/strong>, (ii) la <strong>inclusi\u00f3n en un escal\u00f3n de peaje correspondiente a un consumo anual inferior<\/strong> o (iii) la <strong>suspensi\u00f3n temporal del contrato de suministro sin coste alguno para \u00e9<\/strong>l.<\/p>\n<p>El comercializador podr\u00e1 solicitar al distribuidor o transportista (i) el cambio de escal\u00f3n de peajes del t\u00e9rmino de conducci\u00f3n del peaje de transporte y distribuci\u00f3n (ii) la reducci\u00f3n de caudal contratado en productos de capacidad de salida de duraci\u00f3n est\u00e1ndar o de duraci\u00f3n indefinida, en este \u00faltimo caso sin que hayan tenido que transcurrir 12 meses desde la \u00faltima modificaci\u00f3n del caudal contratado y sin que dicha modificaci\u00f3n se contabilice a los efectos del plazo m\u00ednimo para la solicitud de una nueva modificaci\u00f3n o (iii) la anulaci\u00f3n de los productos de capacidad de salida contratados y la suspensi\u00f3n temporal de contratos de acceso de duraci\u00f3n indefinida, sin ninguna restricci\u00f3n.<\/p>\n<p>Las modificaciones de los contratos de suministro de gas natural se realizar\u00e1n sin que proceda la repercusi\u00f3n de coste alguno sobre el comercializador o el consumidor por parte de distribuidores y transportistas.<\/p>\n<p><strong>Una vez finalizado el estado de alarma, en el plazo de tres meses<\/strong>, el <strong>titular<\/strong> del punto de suministro <strong>que haya solicitado la modificaci\u00f3n de la capacidad contratada o del escal\u00f3n del peaje de acceso podr\u00e1 solicitar<\/strong> (i) el\u00a0 <strong>incremento de caudal<\/strong> o (ii) el\u00a0 <strong>cambio de escal\u00f3n de peajes del Grupo 3 sin ninguna limitaci\u00f3n temporal o coste alguno<\/strong>. En caso de suspensi\u00f3n temporal del contrato de acceso, la nueva activaci\u00f3n del contrato se har\u00e1 en el plazo m\u00e1ximo de cinco d\u00edas naturales y no conllevar\u00e1 el abono de derechos de alta o de acometida, salvo que sea necesario realizar una puesta en servicio, consecuencia de un cierre previo y puesta en seguridad de la instalaci\u00f3n.<\/p>\n<ul>\n<li><strong><em>&#8211; Suspensi\u00f3n del pago de facturas de electricidad, gas natural y productos derivados del petr\u00f3leo.<\/em><\/strong><\/li>\n<\/ul>\n<p>Los puntos de suministro de energ\u00eda el\u00e9ctrica, gas natural, gases manufacturados y gases licuados del petr\u00f3leo por canalizaci\u00f3n, titularidad de aut\u00f3nomos que acrediten dicha condici\u00f3n y peque\u00f1as y medianas empresas <strong>podr\u00e1n solicitar<\/strong> a su comercializador o, en su caso, a su distribuidor, la <strong>suspensi\u00f3n del pago de las facturas que correspondan a periodos de facturaci\u00f3n que contengan d\u00edas integrados en el estado de alarma<\/strong>, incluyendo todos sus conceptos de facturaci\u00f3n.<\/p>\n<p>En la solicitud se deber\u00e1 hacer constar claramente la identidad del titular del suministro as\u00ed como\u00a0 el C\u00f3digo Universal de Punto de suministro (CUPS).<\/p>\n<p>Las <strong><u>comercializadoras de electricidad<\/u><\/strong> quedar\u00e1n <strong>eximidas de la obligaci\u00f3n de abonar el peaje de acceso a las redes de transporte y distribuci\u00f3n correspondiente a las facturas aplazadas<\/strong> a la empresa distribuidora <strong>hasta que el consumidor abone la factura completa<\/strong>.<\/p>\n<p>Las <strong><u>comercializadoras de gas natural<\/u><\/strong> quedar\u00e1n <strong>eximidas de abonar el t\u00e9rmino de conducci\u00f3n del peaje de transporte y distribuci\u00f3n correspondiente a las facturas aplazadas<\/strong> a la empresa distribuidora o transportista <strong>hasta que el consumidor abone la factura completa<\/strong>.<\/p>\n<p>Las <strong><u>comercializadoras de electricidad y gas natural<\/u><\/strong><u> y <strong>las distribuidoras de gases manufacturados y gases licuados del petr\u00f3leo por canalizaci\u00f3n<\/strong><\/u> tambi\u00e9n quedar\u00e1n <strong>eximidas<\/strong> de la <strong>liquidaci\u00f3n del IVA<\/strong>, del <strong>Impuesto Especial de la Electricidad<\/strong>, en su caso, y del <strong>Impuesto Especial de Hidrocarburos<\/strong>, tambi\u00e9n en su caso, correspondientes <strong>a las facturas cuyo pago haya sido suspendido en virtud de esta medida<u>, hasta que el consumidor las haya abonado de forma completa, o hayan transcurrido seis meses desde la finalizaci\u00f3n del estado de alarma<\/u>.<\/strong><\/p>\n<p>Una vez finalizado dicho estado de alarma, <strong>las cantidades adeudadas se regularizar\u00e1n a partes iguales en las facturas emitidas<\/strong> por las comercializadoras de electricidad y gas natural y las distribuidoras de gases manufacturados y gases licuados del petr\u00f3leo por canalizaci\u00f3n, <strong>correspondientes a los periodos de facturaci\u00f3n en los que se integren los siguientes seis meses<\/strong>. Los <strong>aut\u00f3nomos y empresas que se acojan a la suspensi\u00f3n de la facturaci\u00f3n<\/strong> <strong>no podr\u00e1n cambiar de comercializadora de electricidad y\/o gas natural, mientras no se haya completado dicha regularizaci\u00f3n.<\/strong><\/p>\n<p>El Real Decreto-Ley 11\/2020, de 31 de marzo, mediante <em>disposici\u00f3n adicional decimos\u00e9ptima<\/em> \u00a0<strong>modifica los criterios de graduaci\u00f3n de los posibles incumplimientos de programas de financiaci\u00f3n de la <\/strong><strong>SGIPYME<\/strong> modificando el art\u00edculo 23 de la Orden ICT\/1100\/2018 de 18 de octubre, el art\u00edculo 29 de la Orden EIC\/742\/2017 de 28 de julio, y el art\u00edculo 28 de la Orden ICT\/859\/2019 de 1 de agosto, incluyendo en ellos un nuevo punto 3 que establece que respecto a los <strong>proyectos que se encontraran en per\u00edodo de ejecuci\u00f3n en el momento de declarase el estado de alarma, se considerar\u00e1 un cumplimiento del 100% del proyecto<\/strong>, <strong><u>sin proponerse reintegro alguno<\/u><\/strong>, <strong>siempre que el grado de cumplimiento acreditado por el beneficiario se aproxime de modo significativo al cumplimiento total<\/strong> y <strong>se constante que se han alcanzado los objetivos del proyecto inicialmente planteados<\/strong>. No obstante, se considerar\u00e1 <strong>incumplimiento total<\/strong> el <strong>equivalente a un porcentaje inferior al 60 por ciento de realizaci\u00f3n de la inversi\u00f3n financiable<\/strong>, y <strong>cumplimiento aproximado de modo significativo<\/strong> <strong>al total<\/strong> el <strong>equivalente a un 80 por ciento o superior<\/strong>. En casos de <u>cumplimiento situado entre esos dos porcentajes<\/u>, se aplicar\u00e1 el <strong><u>reintegro parcial<\/u><\/strong>.<\/p>\n<p>Con car\u00e1cter general, las <strong>medidas<\/strong> previstas en el presente real decreto-ley <strong>mantendr\u00e1n su vigencia hasta un mes despu\u00e9s del fin de la vigencia de la declaraci\u00f3n del estado de alarma<\/strong>. Sin perjuicio de lo anterior, <strong>la vigencia de las medidas previstas<\/strong> en este real decreto-ley, previa evaluaci\u00f3n de la situaci\u00f3n, <strong>se podr\u00e1 prorrogar por el Gobierno mediante real decreto-ley.<\/strong><\/p>\n<p>&nbsp;<\/p>\n\r\n\t\t<style>\r\n\t\t\t.huge-it-share-buttons {\r\n\t\t\t\tborder:0px solid #0FB5D6;\r\n\t\t\t\tborder-radius:5px;\r\n\t\t\t\tbackground:#3BD8FF;\r\n\t\t\t text-align:left; \t\t\t\t\t\t\t\t\t}\r\n\r\n\t\t\t#huge-it-share-buttons-top {margin-bottom:0px;}\r\n\t\t\t#huge-it-share-buttons-bottom {margin-top:0px;}\r\n\r\n\t\t\t.huge-it-share-buttons h3 {\r\n\t\t\t\tfont-size:25px ;\r\n\t\t\t\tfont-family:Arial,Helvetica Neue,Helvetica,sans-serif;\r\n\t\t\t\tcolor:#666666;\r\n\r\n\t\t\tdisplay:block;\t\t\t\tline-height:25px ;\r\n\r\n\t\t\t text-align:left; \t\t\t\t\t\t\t\t\t}\r\n\r\n\t\t\t.huge-it-share-buttons ul {\r\n\t\t\t float:left; \t\t\t\t\t\t\t\t\t}\r\n\r\n\t\t\t.huge-it-share-buttons ul li {\r\n\t\t\t\tmargin-left:3px;\r\n\t\t\t\tmargin-right:3px;\r\n\t\t\t\tpadding:0px;\r\n\t\t\t\tborder:0px ridge #E6354C;\r\n\t\t\t\tborder-radius:11px;\r\n\t\t\t\tbackground-color:#14CC9B;\r\n\t\t\t}\r\n\r\n\t\t\t.huge-it-share-buttons ul li #backforunical4442 {\r\n\t\t\t\tborder-bottom: 0;\r\n\t\t\t\tbackground-image:url('https:\/\/www.fabregat-perulles-sales.com\/actualidad\/wp-content\/plugins\/wp-share-buttons\/Front_end\/..\/images\/buttons.30.png');\r\n\t\t\t\twidth:30px;\r\n\t\t\t\theight:30px;\r\n\t\t\t}\r\n\r\n\t\t\t.front-shares-count {\r\n\t\t\t\tposition: absolute;\r\n\t\t\t\ttext-align: center;\r\n\t\t\t\tdisplay: block;\r\n\t\t\t}\r\n\r\n\t\t\t.shares_size20 .front-shares-count {\r\n\t\t\t\tfont-size: 10px;\r\n\t\t\t\ttop: 10px;\r\n\t\t\t\twidth: 20px;\r\n\t\t\t}\r\n\r\n\t\t\t.shares_size30 .front-shares-count {\r\n\t\t\t\tfont-size: 11px;\r\n\t\t\t\ttop: 15px;\r\n\t\t\t\twidth: 30px;\r\n\t\t\t}\r\n\r\n\t\t\t.shares_size40 .front-shares-count {\r\n\t\t\t\tfont-size: 12px;\r\n\t\t\t\ttop: 21px;\r\n\t\t\t\twidth: 40px;\r\n\t\t\t}\r\n\t\t<\/style>\r\n\t\t\r\n\t\t<div id=\"huge-it-share-buttons-top\" class=\"huge-it-share-buttons nobackground\">\r\n\t\t\t<h3>Share This:<\/h3>\r\n\t\t\t<ul class=\"huge-it-share-buttons-list \">\r\n\t\t\t\t\t\t\t\t\t<li class=\"nobackground \" >\r\n\r\n\t\t\t\t\t\t\t\t\t\t\t\t<a id=\"backforunical4442\" href=\"https:\/\/www.facebook.com\/sharer\/sharer.php?u=www.fabregat-perulles-sales.com\/actualidad\/wp-json\/wp\/v2\/posts\/4442\"  onclick=\"javascript:void window.open('https:\/\/www.facebook.com\/sharer\/sharer.php?u=www.fabregat-perulles-sales.com\/actualidad\/wp-json\/wp\/v2\/posts\/4442','1410949501326','width=700,height=500,toolbar=0,menubar=0,location=0,status=1,scrollbars=1,resizable=1,left=0,top=0');return false;\" style=\"background-position: -0px -120px \"><\/a>\r\n\t\t\t\t\t<\/li>\r\n\t\t\t\t\t\t\t\t\t\t<li class=\"nobackground \" >\r\n\r\n\t\t\t\t\t\t\t\t\t\t\t\t<a id=\"backforunical4442\" href=\"https:\/\/twitter.com\/share?status=www.fabregat-perulles-sales.com\/actualidad\/wp-json\/wp\/v2\/posts\/4442&text=Medidas para sostener la actividad econ\u00f3mica ante las dificultades transitorias consecuencia del COVID-19\"  onclick=\"javascript:void window.open('https:\/\/twitter.com\/share?status=www.fabregat-perulles-sales.com\/actualidad\/wp-json\/wp\/v2\/posts\/4442&text=Medidas para sostener la actividad econ\u00f3mica ante las dificultades transitorias consecuencia del COVID-19','1410949501326','width=700,height=500,toolbar=0,menubar=0,location=0,status=1,scrollbars=1,resizable=1,left=0,top=0');return false;\" style=\"background-position: -30px -120px \"><\/a>\r\n\t\t\t\t\t<\/li>\r\n\t\t\t\t\t\t\t\t\t\t<li class=\"none nobackground \" >\r\n\r\n\t\t\t\t\t\t\t\t\t\t\t\t<a id=\"backforunical4442\" href=\"http:\/\/www.pinterest.com\/pin\/create\/button\/?url=www.fabregat-perulles-sales.com\/actualidad\/wp-json\/wp\/v2\/posts\/4442&media=https:\/\/www.fabregat-perulles-sales.com\/actualidad\/wp-content\/plugins\/wp-share-buttons\/Front_end\/..\/images\/noimage.png&description=Medidas para sostener la actividad econ\u00f3mica ante las dificultades transitorias consecuencia del COVID-19\"  onclick=\"javascript:void window.open('http:\/\/www.pinterest.com\/pin\/create\/button\/?url=www.fabregat-perulles-sales.com\/actualidad\/wp-json\/wp\/v2\/posts\/4442&media=https:\/\/www.fabregat-perulles-sales.com\/actualidad\/wp-content\/plugins\/wp-share-buttons\/Front_end\/..\/images\/noimage.png&description=Medidas para sostener la actividad econ\u00f3mica ante las dificultades transitorias consecuencia del COVID-19','1410949501326','width=700,height=500,toolbar=0,menubar=0,location=0,status=1,scrollbars=1,resizable=1,left=0,top=0');return false;\" style=\"background-position: -60px -120px \"><\/a>\r\n\t\t\t\t\t<\/li>\r\n\t\t\t\t\t\t\t\t\t\t<li class=\"none nobackground \" >\r\n\r\n\t\t\t\t\t\t\t\t\t\t\t\t<a id=\"backforunical4442\" href=\"https:\/\/plus.google.com\/share?url=www.fabregat-perulles-sales.com\/actualidad\/wp-json\/wp\/v2\/posts\/4442\"  onclick=\"javascript:void window.open('https:\/\/plus.google.com\/share?url=www.fabregat-perulles-sales.com\/actualidad\/wp-json\/wp\/v2\/posts\/4442','1410949501326','width=700,height=500,toolbar=0,menubar=0,location=0,status=1,scrollbars=1,resizable=1,left=0,top=0');return false;\" style=\"background-position: -90px -120px \"><\/a>\r\n\t\t\t\t\t<\/li>\r\n\t\t\t\t\t\t\t\t\t\t<li class=\"nobackground \" >\r\n\r\n\t\t\t\t\t\t\t\t\t\t\t\t<a id=\"backforunical4442\" href=\"https:\/\/www.linkedin.com\/shareArticle?title=Medidas para sostener la actividad econ\u00f3mica ante las dificultades transitorias consecuencia del COVID-19&mini=true&url=https:\/\/www.fabregat-perulles-sales.com\/actualidad\/wp-json\/wp\/v2\/posts\/4442\"  onclick=\"javascript:void window.open('https:\/\/www.linkedin.com\/shareArticle?title=Medidas para sostener la actividad econ\u00f3mica ante las dificultades transitorias consecuencia del COVID-19&mini=true&url=https:\/\/www.fabregat-perulles-sales.com\/actualidad\/wp-json\/wp\/v2\/posts\/4442','1410949501326','width=700,height=500,toolbar=0,menubar=0,location=0,status=1,scrollbars=1,resizable=1,left=0,top=0');return false;\" style=\"background-position: -120px -120px \"><\/a>\r\n\t\t\t\t\t<\/li>\r\n\t\t\t\t\t\t\t\t\t\t<li class=\"none nobackground \" >\r\n\r\n\t\t\t\t\t\t\t\t\t\t\t\t<a id=\"backforunical4442\" href=\"https:\/\/www.tumblr.com\/share\/link?url=www.fabregat-perulles-sales.com\/actualidad\/wp-json\/wp\/v2\/posts\/4442&name=Medidas para sostener la actividad econ\u00f3mica ante las dificultades transitorias consecuencia del COVID-19\"  onclick=\"javascript:void window.open('https:\/\/www.tumblr.com\/share\/link?url=www.fabregat-perulles-sales.com\/actualidad\/wp-json\/wp\/v2\/posts\/4442&name=Medidas para sostener la actividad econ\u00f3mica ante las dificultades transitorias consecuencia del COVID-19','1410949501326','width=700,height=500,toolbar=0,menubar=0,location=0,status=1,scrollbars=1,resizable=1,left=0,top=0');return false;\" style=\"background-position: -150px -120px \"><\/a>\r\n\t\t\t\t\t<\/li>\r\n\t\t\t\t\t\t\t\t\t\t<li class=\"none nobackground \" >\r\n\r\n\t\t\t\t\t\t\t\t\t\t\t\t<a id=\"backforunical4442\" href=\"http:\/\/digg.com\/submit?phase=2&url=www.fabregat-perulles-sales.com\/actualidad\/wp-json\/wp\/v2\/posts\/4442&title=Medidas para sostener la actividad econ\u00f3mica ante las dificultades transitorias consecuencia del COVID-19\"  onclick=\"javascript:void window.open('http:\/\/digg.com\/submit?phase=2&url=www.fabregat-perulles-sales.com\/actualidad\/wp-json\/wp\/v2\/posts\/4442&title=Medidas para sostener la actividad econ\u00f3mica ante las dificultades transitorias consecuencia del COVID-19','1410949501326','width=700,height=500,toolbar=0,menubar=0,location=0,status=1,scrollbars=1,resizable=1,left=0,top=0');return false;\" style=\"background-position: -180px -120px \"><\/a>\r\n\t\t\t\t\t<\/li>\r\n\t\t\t\t\t\t\t\t\t\t<li class=\"none nobackground \" >\r\n\r\n\t\t\t\t\t\t\t\t\t\t\t\t<a id=\"backforunical4442\" href=\"http:\/\/www.stumbleupon.com\/submit?url=www.fabregat-perulles-sales.com\/actualidad\/wp-json\/wp\/v2\/posts\/4442&title=Medidas para sostener la actividad econ\u00f3mica ante las dificultades transitorias consecuencia del COVID-19\"  onclick=\"javascript:void window.open('http:\/\/www.stumbleupon.com\/submit?url=www.fabregat-perulles-sales.com\/actualidad\/wp-json\/wp\/v2\/posts\/4442&title=Medidas para sostener la actividad econ\u00f3mica ante las dificultades transitorias consecuencia del COVID-19','1410949501326','width=700,height=500,toolbar=0,menubar=0,location=0,status=1,scrollbars=1,resizable=1,left=0,top=0');return false;\" style=\"background-position: -210px -120px \"><\/a>\r\n\t\t\t\t\t<\/li>\r\n\t\t\t\t\t\t\t\t\t\t<li class=\"none nobackground \" >\r\n\r\n\t\t\t\t\t\t\t\t\t\t\t\t<a id=\"backforunical4442\" href=\"https:\/\/myspace.com\/post?l=3&u=www.fabregat-perulles-sales.com\/actualidad\/wp-json\/wp\/v2\/posts\/4442\"  onclick=\"javascript:void window.open('https:\/\/myspace.com\/post?l=3&u=www.fabregat-perulles-sales.com\/actualidad\/wp-json\/wp\/v2\/posts\/4442','1410949501326','width=700,height=500,toolbar=0,menubar=0,location=0,status=1,scrollbars=1,resizable=1,left=0,top=0');return false;\" style=\"background-position: -240px -120px \"><\/a>\r\n\t\t\t\t\t<\/li>\r\n\t\t\t\t\t\t\t\t\t\t<li class=\"nobackground \" >\r\n\r\n\t\t\t\t\t\t\t\t\t\t\t\t<a id=\"backforunical4442\" href=\"http:\/\/vk.com\/share.php?url=www.fabregat-perulles-sales.com\/actualidad\/wp-json\/wp\/v2\/posts\/4442&title=Medidas para sostener la actividad econ\u00f3mica ante las dificultades transitorias consecuencia del COVID-19\"  onclick=\"javascript:void window.open('http:\/\/vk.com\/share.php?url=www.fabregat-perulles-sales.com\/actualidad\/wp-json\/wp\/v2\/posts\/4442&title=Medidas para sostener la actividad econ\u00f3mica ante las dificultades transitorias consecuencia del COVID-19','1410949501326','width=700,height=500,toolbar=0,menubar=0,location=0,status=1,scrollbars=1,resizable=1,left=0,top=0');return false;\" style=\"background-position: -270px -120px \"><\/a>\r\n\t\t\t\t\t<\/li>\r\n\t\t\t\t\t\t\t\t\t\t<li class=\"none nobackground \" >\r\n\r\n\t\t\t\t\t\t\t\t\t\t\t\t<a id=\"backforunical4442\" href=\"http:\/\/www.reddit.com\/submit?url=www.fabregat-perulles-sales.com\/actualidad\/wp-json\/wp\/v2\/posts\/4442&title=Medidas para sostener la actividad econ\u00f3mica ante las dificultades transitorias consecuencia del COVID-19\"  onclick=\"javascript:void window.open('http:\/\/www.reddit.com\/submit?url=www.fabregat-perulles-sales.com\/actualidad\/wp-json\/wp\/v2\/posts\/4442&title=Medidas para sostener la actividad econ\u00f3mica ante las dificultades transitorias consecuencia del COVID-19','1410949501326','width=700,height=500,toolbar=0,menubar=0,location=0,status=1,scrollbars=1,resizable=1,left=0,top=0');return false;\" style=\"background-position: -300px -120px \"><\/a>\r\n\t\t\t\t\t<\/li>\r\n\t\t\t\t\t\t\t\t\t\t<li class=\"none nobackground \" >\r\n\r\n\t\t\t\t\t\t\t\t\t\t\t\t<a id=\"backforunical4442\" href=\"http:\/\/www.bebo.com\/c\/share?Url=www.fabregat-perulles-sales.com\/actualidad\/wp-json\/wp\/v2\/posts\/4442\"  onclick=\"javascript:void window.open('http:\/\/www.bebo.com\/c\/share?Url=www.fabregat-perulles-sales.com\/actualidad\/wp-json\/wp\/v2\/posts\/4442','1410949501326','width=700,height=500,toolbar=0,menubar=0,location=0,status=1,scrollbars=1,resizable=1,left=0,top=0');return false;\" style=\"background-position: -330px -120px \"><\/a>\r\n\t\t\t\t\t<\/li>\r\n\t\t\t\t\t\t\t\t\t\t<li class=\"none nobackground \" >\r\n\r\n\t\t\t\t\t\t\t\t\t\t\t\t<a id=\"backforunical4442\" href=\"https:\/\/delicious.com\/save?v=5&noui&jump=close&url=www.fabregat-perulles-sales.com\/actualidad\/wp-json\/wp\/v2\/posts\/4442&title=Medidas para sostener la actividad econ\u00f3mica ante las dificultades transitorias consecuencia del COVID-19\"  onclick=\"javascript:void window.open('https:\/\/delicious.com\/save?v=5&noui&jump=close&url=www.fabregat-perulles-sales.com\/actualidad\/wp-json\/wp\/v2\/posts\/4442&title=Medidas para sostener la actividad econ\u00f3mica ante las dificultades transitorias consecuencia del COVID-19','1410949501326','width=700,height=500,toolbar=0,menubar=0,location=0,status=1,scrollbars=1,resizable=1,left=0,top=0');return false;\" style=\"background-position: -360px -120px \"><\/a>\r\n\t\t\t\t\t<\/li>\r\n\t\t\t\t\t\t\t\t\t\t<li class=\"none nobackground \" >\r\n\r\n\t\t\t\t\t\t\t\t\t\t\t\t<a id=\"backforunical4442\" href=\"http:\/\/www.odnoklassniki.ru\/dk?st.cmd=addShare&st.s=2&st.noresize=on&st._surl=www.fabregat-perulles-sales.com\/actualidad\/wp-json\/wp\/v2\/posts\/4442\"  onclick=\"javascript:void window.open('http:\/\/www.odnoklassniki.ru\/dk?st.cmd=addShare&st.s=2&st.noresize=on&st._surl=www.fabregat-perulles-sales.com\/actualidad\/wp-json\/wp\/v2\/posts\/4442','1410949501326','width=700,height=500,toolbar=0,menubar=0,location=0,status=1,scrollbars=1,resizable=1,left=0,top=0');return false;\" style=\"background-position: -390px -120px \"><\/a>\r\n\t\t\t\t\t<\/li>\r\n\t\t\t\t\t\t\t\t\t\t<li class=\"none nobackground \" >\r\n\r\n\t\t\t\t\t\t\t\t\t\t\t\t<a id=\"backforunical4442\" href=\"http:\/\/sns.qzone.qq.com\/cgi-bin\/qzshare\/cgi_qzshare_onekey?url=www.fabregat-perulles-sales.com\/actualidad\/wp-json\/wp\/v2\/posts\/4442&title=Medidas para sostener la actividad econ\u00f3mica ante las dificultades transitorias consecuencia del COVID-19\"  onclick=\"javascript:void window.open('http:\/\/sns.qzone.qq.com\/cgi-bin\/qzshare\/cgi_qzshare_onekey?url=www.fabregat-perulles-sales.com\/actualidad\/wp-json\/wp\/v2\/posts\/4442&title=Medidas para sostener la actividad econ\u00f3mica ante las dificultades transitorias consecuencia del COVID-19','1410949501326','width=700,height=500,toolbar=0,menubar=0,location=0,status=1,scrollbars=1,resizable=1,left=0,top=0');return false;\" style=\"background-position: -420px -120px \"><\/a>\r\n\t\t\t\t\t<\/li>\r\n\t\t\t\t\t\t\t\t\t\t<li class=\"none nobackground \" >\r\n\r\n\t\t\t\t\t\t\t\t\t\t\t\t<a id=\"backforunical4442\" href=\"http:\/\/service.weibo.com\/share\/share.php?url=www.fabregat-perulles-sales.com\/actualidad\/wp-json\/wp\/v2\/posts\/4442&appkey=&title=Medidas para sostener la actividad econ\u00f3mica ante las dificultades transitorias consecuencia del COVID-19&pic=&ralateUid=&\"  onclick=\"javascript:void window.open('http:\/\/service.weibo.com\/share\/share.php?url=www.fabregat-perulles-sales.com\/actualidad\/wp-json\/wp\/v2\/posts\/4442&appkey=&title=Medidas para sostener la actividad econ\u00f3mica ante las dificultades transitorias consecuencia del COVID-19&pic=&ralateUid=&','1410949501326','width=700,height=500,toolbar=0,menubar=0,location=0,status=1,scrollbars=1,resizable=1,left=0,top=0');return false;\" style=\"background-position: -450px -120px \"><\/a>\r\n\t\t\t\t\t<\/li>\r\n\t\t\t\t\t\t\t\t\t\t<li class=\"none nobackground \" >\r\n\r\n\t\t\t\t\t\t\t\t\t\t\t\t<a id=\"backforunical4442\" href=\"http:\/\/widget.renren.com\/dialog\/share?resourceUrl=www.fabregat-perulles-sales.com\/actualidad\/wp-json\/wp\/v2\/posts\/4442&srcUrl=www.fabregat-perulles-sales.com\/actualidad\/wp-json\/wp\/v2\/posts\/4442&title=Medidas para sostener la actividad econ\u00f3mica ante las dificultades transitorias consecuencia del COVID-19\"  onclick=\"javascript:void window.open('http:\/\/widget.renren.com\/dialog\/share?resourceUrl=www.fabregat-perulles-sales.com\/actualidad\/wp-json\/wp\/v2\/posts\/4442&srcUrl=www.fabregat-perulles-sales.com\/actualidad\/wp-json\/wp\/v2\/posts\/4442&title=Medidas para sostener la actividad econ\u00f3mica ante las dificultades transitorias consecuencia del COVID-19','1410949501326','width=700,height=500,toolbar=0,menubar=0,location=0,status=1,scrollbars=1,resizable=1,left=0,top=0');return false;\" style=\"background-position: -480px -120px \"><\/a>\r\n\t\t\t\t\t<\/li>\r\n\t\t\t\t\t\t\t\t\t\t<li class=\"none nobackground \" >\r\n\r\n\t\t\t\t\t\t\t\t\t\t\t\t<a id=\"backforunical4442\" href=\"http:\/\/n4g.com\/tips?url=www.fabregat-perulles-sales.com\/actualidad\/wp-json\/wp\/v2\/posts\/4442&title=Medidas para sostener la actividad econ\u00f3mica ante las dificultades transitorias consecuencia del COVID-19\"  onclick=\"javascript:void window.open('http:\/\/n4g.com\/tips?url=www.fabregat-perulles-sales.com\/actualidad\/wp-json\/wp\/v2\/posts\/4442&title=Medidas para sostener la actividad econ\u00f3mica ante las dificultades transitorias consecuencia del COVID-19','1410949501326','width=700,height=500,toolbar=0,menubar=0,location=0,status=1,scrollbars=1,resizable=1,left=0,top=0');return false;\" style=\"background-position: -510px -120px \"><\/a>\r\n\t\t\t\t\t<\/li>\r\n\t\t\t\t\t\t\t\t<\/ul>\r\n\t\t\t<div class=\"clear\"><\/div>\r\n\t\t<\/div>\r\n\t\t","protected":false},"excerpt":{"rendered":"<p>Real Decreto-ley 11\/2020, de 31 de marzo, por el que se adoptan medidas urgentes complementarias en el \u00e1mbito social y econ\u00f3mico para hacer frente al COVID-19. El 31 de marzo de los corrientes se aprob\u00f3 en Consejo de Ministros el Real Decreto-ley 11\/2020, de 31 de marzo, por el que se adoptan medidas urgentes complementarias\u2026 <span class=\"read-more\"><a href=\"https:\/\/www.fabregat-perulles-sales.com\/actualidad\/medidas-para-sostener-la-actividad-economica-ante-las-dificultades-transitorias-consecuencia-del-covid-19\/\">Read More &raquo;<\/a><\/span><\/p>\n","protected":false},"author":3,"featured_media":0,"comment_status":"open","ping_status":"closed","sticky":false,"template":"","format":"standard","meta":[],"categories":[86,6,457,3],"tags":[1690,1689,1772,1719,1773,1771,36],"yoast_head":"<!-- This site is optimized with the Yoast SEO plugin v20.2.1 - https:\/\/yoast.com\/wordpress\/plugins\/seo\/ -->\n<title>Dificultades transitorias COVID-19<\/title>\n<meta name=\"description\" content=\"El 31 de marzo se aprob\u00f3 en Consejo de Ministros adoptar medidas urgentes complementarias en el \u00e1mbito social y econ\u00f3mico para hacer frente al COVID-19.\" \/>\n<meta name=\"robots\" content=\"index, follow, max-snippet:-1, max-image-preview:large, max-video-preview:-1\" \/>\n<link rel=\"canonical\" href=\"https:\/\/www.fabregat-perulles-sales.com\/actualidad\/medidas-para-sostener-la-actividad-economica-ante-las-dificultades-transitorias-consecuencia-del-covid-19\/\" \/>\n<meta property=\"og:locale\" content=\"en_US\" \/>\n<meta property=\"og:type\" content=\"article\" \/>\n<meta property=\"og:title\" content=\"Dificultades transitorias COVID-19\" \/>\n<meta property=\"og:description\" content=\"El 31 de marzo se aprob\u00f3 en Consejo de Ministros adoptar medidas urgentes complementarias en el \u00e1mbito social y econ\u00f3mico para hacer frente al COVID-19.\" \/>\n<meta property=\"og:url\" content=\"https:\/\/www.fabregat-perulles-sales.com\/actualidad\/medidas-para-sostener-la-actividad-economica-ante-las-dificultades-transitorias-consecuencia-del-covid-19\/\" \/>\n<meta property=\"og:site_name\" content=\"International Lawyers\" \/>\n<meta property=\"article:published_time\" content=\"2020-04-02T12:12:30+00:00\" \/>\n<meta property=\"article:modified_time\" content=\"2020-04-02T12:13:59+00:00\" \/>\n<meta name=\"author\" content=\"Victor\" \/>\n<meta name=\"twitter:card\" content=\"summary_large_image\" \/>\n<meta name=\"twitter:label1\" content=\"Written by\" \/>\n\t<meta name=\"twitter:data1\" content=\"Victor\" \/>\n\t<meta name=\"twitter:label2\" content=\"Est. reading time\" \/>\n\t<meta name=\"twitter:data2\" content=\"12 minutes\" \/>\n<script type=\"application\/ld+json\" class=\"yoast-schema-graph\">{\"@context\":\"https:\/\/schema.org\",\"@graph\":[{\"@type\":\"WebPage\",\"@id\":\"https:\/\/www.fabregat-perulles-sales.com\/actualidad\/medidas-para-sostener-la-actividad-economica-ante-las-dificultades-transitorias-consecuencia-del-covid-19\/\",\"url\":\"https:\/\/www.fabregat-perulles-sales.com\/actualidad\/medidas-para-sostener-la-actividad-economica-ante-las-dificultades-transitorias-consecuencia-del-covid-19\/\",\"name\":\"Dificultades transitorias COVID-19\",\"isPartOf\":{\"@id\":\"https:\/\/www.fabregat-perulles-sales.com\/actualidad\/#website\"},\"datePublished\":\"2020-04-02T12:12:30+00:00\",\"dateModified\":\"2020-04-02T12:13:59+00:00\",\"author\":{\"@id\":\"https:\/\/www.fabregat-perulles-sales.com\/actualidad\/#\/schema\/person\/cabc1d68c7778f01d5e069c2d98442e3\"},\"description\":\"El 31 de marzo se aprob\u00f3 en Consejo de Ministros adoptar medidas urgentes complementarias en el \u00e1mbito social y econ\u00f3mico para hacer frente al COVID-19.\",\"breadcrumb\":{\"@id\":\"https:\/\/www.fabregat-perulles-sales.com\/actualidad\/medidas-para-sostener-la-actividad-economica-ante-las-dificultades-transitorias-consecuencia-del-covid-19\/#breadcrumb\"},\"inLanguage\":\"en-US\",\"potentialAction\":[{\"@type\":\"ReadAction\",\"target\":[\"https:\/\/www.fabregat-perulles-sales.com\/actualidad\/medidas-para-sostener-la-actividad-economica-ante-las-dificultades-transitorias-consecuencia-del-covid-19\/\"]}]},{\"@type\":\"BreadcrumbList\",\"@id\":\"https:\/\/www.fabregat-perulles-sales.com\/actualidad\/medidas-para-sostener-la-actividad-economica-ante-las-dificultades-transitorias-consecuencia-del-covid-19\/#breadcrumb\",\"itemListElement\":[{\"@type\":\"ListItem\",\"position\":1,\"name\":\"Home\",\"item\":\"https:\/\/www.fabregat-perulles-sales.com\/actualidad\/\"},{\"@type\":\"ListItem\",\"position\":2,\"name\":\"Medidas para sostener la actividad econ\u00f3mica ante las dificultades transitorias consecuencia del COVID-19\"}]},{\"@type\":\"WebSite\",\"@id\":\"https:\/\/www.fabregat-perulles-sales.com\/actualidad\/#website\",\"url\":\"https:\/\/www.fabregat-perulles-sales.com\/actualidad\/\",\"name\":\"www.fabregat-perulles-sales.com\",\"description\":\"Fabregat Perulles Sales Abogados is a law firm of reference international market in the Spanish-German, Spanish-French, and Spanish-Italian. Is one of the first firms in Barcelona offering a Russian Desk.\",\"potentialAction\":[{\"@type\":\"SearchAction\",\"target\":{\"@type\":\"EntryPoint\",\"urlTemplate\":\"https:\/\/www.fabregat-perulles-sales.com\/actualidad\/?s={search_term_string}\"},\"query-input\":\"required name=search_term_string\"}],\"inLanguage\":\"en-US\"},{\"@type\":\"Person\",\"@id\":\"https:\/\/www.fabregat-perulles-sales.com\/actualidad\/#\/schema\/person\/cabc1d68c7778f01d5e069c2d98442e3\",\"name\":\"Victor\",\"image\":{\"@type\":\"ImageObject\",\"inLanguage\":\"en-US\",\"@id\":\"https:\/\/www.fabregat-perulles-sales.com\/actualidad\/#\/schema\/person\/image\/\",\"url\":\"https:\/\/secure.gravatar.com\/avatar\/756cb666a964d2960ffe307b8a53b271?s=96&d=mm&r=g\",\"contentUrl\":\"https:\/\/secure.gravatar.com\/avatar\/756cb666a964d2960ffe307b8a53b271?s=96&d=mm&r=g\",\"caption\":\"Victor\"},\"sameAs\":[\"http:\/\/www.fabregat-perulles-sales.com\"],\"url\":\"https:\/\/www.fabregat-perulles-sales.com\/actualidad\/author\/victor\/\"}]}<\/script>\n<!-- \/ Yoast SEO plugin. -->","yoast_head_json":{"title":"Dificultades transitorias COVID-19","description":"El 31 de marzo se aprob\u00f3 en Consejo de Ministros adoptar medidas urgentes complementarias en el \u00e1mbito social y econ\u00f3mico para hacer frente al COVID-19.","robots":{"index":"index","follow":"follow","max-snippet":"max-snippet:-1","max-image-preview":"max-image-preview:large","max-video-preview":"max-video-preview:-1"},"canonical":"https:\/\/www.fabregat-perulles-sales.com\/actualidad\/medidas-para-sostener-la-actividad-economica-ante-las-dificultades-transitorias-consecuencia-del-covid-19\/","og_locale":"en_US","og_type":"article","og_title":"Dificultades transitorias COVID-19","og_description":"El 31 de marzo se aprob\u00f3 en Consejo de Ministros adoptar medidas urgentes complementarias en el \u00e1mbito social y econ\u00f3mico para hacer frente al COVID-19.","og_url":"https:\/\/www.fabregat-perulles-sales.com\/actualidad\/medidas-para-sostener-la-actividad-economica-ante-las-dificultades-transitorias-consecuencia-del-covid-19\/","og_site_name":"International Lawyers","article_published_time":"2020-04-02T12:12:30+00:00","article_modified_time":"2020-04-02T12:13:59+00:00","author":"Victor","twitter_card":"summary_large_image","twitter_misc":{"Written by":"Victor","Est. reading time":"12 minutes"},"schema":{"@context":"https:\/\/schema.org","@graph":[{"@type":"WebPage","@id":"https:\/\/www.fabregat-perulles-sales.com\/actualidad\/medidas-para-sostener-la-actividad-economica-ante-las-dificultades-transitorias-consecuencia-del-covid-19\/","url":"https:\/\/www.fabregat-perulles-sales.com\/actualidad\/medidas-para-sostener-la-actividad-economica-ante-las-dificultades-transitorias-consecuencia-del-covid-19\/","name":"Dificultades transitorias COVID-19","isPartOf":{"@id":"https:\/\/www.fabregat-perulles-sales.com\/actualidad\/#website"},"datePublished":"2020-04-02T12:12:30+00:00","dateModified":"2020-04-02T12:13:59+00:00","author":{"@id":"https:\/\/www.fabregat-perulles-sales.com\/actualidad\/#\/schema\/person\/cabc1d68c7778f01d5e069c2d98442e3"},"description":"El 31 de marzo se aprob\u00f3 en Consejo de Ministros adoptar medidas urgentes complementarias en el \u00e1mbito social y econ\u00f3mico para hacer frente al COVID-19.","breadcrumb":{"@id":"https:\/\/www.fabregat-perulles-sales.com\/actualidad\/medidas-para-sostener-la-actividad-economica-ante-las-dificultades-transitorias-consecuencia-del-covid-19\/#breadcrumb"},"inLanguage":"en-US","potentialAction":[{"@type":"ReadAction","target":["https:\/\/www.fabregat-perulles-sales.com\/actualidad\/medidas-para-sostener-la-actividad-economica-ante-las-dificultades-transitorias-consecuencia-del-covid-19\/"]}]},{"@type":"BreadcrumbList","@id":"https:\/\/www.fabregat-perulles-sales.com\/actualidad\/medidas-para-sostener-la-actividad-economica-ante-las-dificultades-transitorias-consecuencia-del-covid-19\/#breadcrumb","itemListElement":[{"@type":"ListItem","position":1,"name":"Home","item":"https:\/\/www.fabregat-perulles-sales.com\/actualidad\/"},{"@type":"ListItem","position":2,"name":"Medidas para sostener la actividad econ\u00f3mica ante las dificultades transitorias consecuencia del COVID-19"}]},{"@type":"WebSite","@id":"https:\/\/www.fabregat-perulles-sales.com\/actualidad\/#website","url":"https:\/\/www.fabregat-perulles-sales.com\/actualidad\/","name":"www.fabregat-perulles-sales.com","description":"Fabregat Perulles Sales Abogados is a law firm of reference international market in the Spanish-German, Spanish-French, and Spanish-Italian. Is one of the first firms in Barcelona offering a Russian Desk.","potentialAction":[{"@type":"SearchAction","target":{"@type":"EntryPoint","urlTemplate":"https:\/\/www.fabregat-perulles-sales.com\/actualidad\/?s={search_term_string}"},"query-input":"required name=search_term_string"}],"inLanguage":"en-US"},{"@type":"Person","@id":"https:\/\/www.fabregat-perulles-sales.com\/actualidad\/#\/schema\/person\/cabc1d68c7778f01d5e069c2d98442e3","name":"Victor","image":{"@type":"ImageObject","inLanguage":"en-US","@id":"https:\/\/www.fabregat-perulles-sales.com\/actualidad\/#\/schema\/person\/image\/","url":"https:\/\/secure.gravatar.com\/avatar\/756cb666a964d2960ffe307b8a53b271?s=96&d=mm&r=g","contentUrl":"https:\/\/secure.gravatar.com\/avatar\/756cb666a964d2960ffe307b8a53b271?s=96&d=mm&r=g","caption":"Victor"},"sameAs":["http:\/\/www.fabregat-perulles-sales.com"],"url":"https:\/\/www.fabregat-perulles-sales.com\/actualidad\/author\/victor\/"}]}},"amp_enabled":true,"_links":{"self":[{"href":"https:\/\/www.fabregat-perulles-sales.com\/actualidad\/wp-json\/wp\/v2\/posts\/4442"}],"collection":[{"href":"https:\/\/www.fabregat-perulles-sales.com\/actualidad\/wp-json\/wp\/v2\/posts"}],"about":[{"href":"https:\/\/www.fabregat-perulles-sales.com\/actualidad\/wp-json\/wp\/v2\/types\/post"}],"author":[{"embeddable":true,"href":"https:\/\/www.fabregat-perulles-sales.com\/actualidad\/wp-json\/wp\/v2\/users\/3"}],"replies":[{"embeddable":true,"href":"https:\/\/www.fabregat-perulles-sales.com\/actualidad\/wp-json\/wp\/v2\/comments?post=4442"}],"version-history":[{"count":2,"href":"https:\/\/www.fabregat-perulles-sales.com\/actualidad\/wp-json\/wp\/v2\/posts\/4442\/revisions"}],"predecessor-version":[{"id":4445,"href":"https:\/\/www.fabregat-perulles-sales.com\/actualidad\/wp-json\/wp\/v2\/posts\/4442\/revisions\/4445"}],"wp:attachment":[{"href":"https:\/\/www.fabregat-perulles-sales.com\/actualidad\/wp-json\/wp\/v2\/media?parent=4442"}],"wp:term":[{"taxonomy":"category","embeddable":true,"href":"https:\/\/www.fabregat-perulles-sales.com\/actualidad\/wp-json\/wp\/v2\/categories?post=4442"},{"taxonomy":"post_tag","embeddable":true,"href":"https:\/\/www.fabregat-perulles-sales.com\/actualidad\/wp-json\/wp\/v2\/tags?post=4442"}],"curies":[{"name":"wp","href":"https:\/\/api.w.org\/{rel}","templated":true}]}}