{"id":4422,"date":"2020-03-31T13:28:59","date_gmt":"2020-03-31T12:28:59","guid":{"rendered":"http:\/\/www.fabregat-perulles-sales.com\/actualidad\/?p=4422"},"modified":"2020-03-31T13:28:59","modified_gmt":"2020-03-31T12:28:59","slug":"permiso-retribuido-recuperable-para-las-personas-trabajadoras-por-cuenta-ajena-que-no-presten-servicios-esenciales","status":"publish","type":"post","link":"https:\/\/www.fabregat-perulles-sales.com\/actualidad\/permiso-retribuido-recuperable-para-las-personas-trabajadoras-por-cuenta-ajena-que-no-presten-servicios-esenciales\/","title":{"rendered":"Permiso retribuido recuperable para las personas trabajadoras por cuenta ajena que no presten servicios esenciales"},"content":{"rendered":"<h6><em>Real Decreto-ley 10\/2020, de 29 de marzo, por el que se regula un permiso retribuido recuperable para las personas trabajadoras por cuenta ajena que no presten servicios esenciales, con el fin de reducir la movilidad de la poblaci\u00f3n en el contexto de la lucha contra el COVID-19.<\/em><\/p>\n<p><em>Orden SND\/307\/2020, 30 de marzo, por la que se establecen los criterios interpretativos para la aplicaci\u00f3n del Real Decreto-ley 10\/2020, de 29 de marzo, y el modelo de declaraci\u00f3n responsable para facilitar los trayectos necesarios entre el lugar de residencia y de trabajo.<\/em><\/h6>\n<p>El <strong>14 de marzo<\/strong> pasado se declar\u00f3, mediante Real Decreto (RD 463\/2020), el <strong>Estado de alarma<\/strong> con el fin de <strong>hacer frente la situaci\u00f3n de crisis sanitaria ocasionada por el COVID-19<\/strong>. Dicho Real Decreto adopt\u00f3 una serie de <strong>medidas en relaci\u00f3n con la limitaci\u00f3n de la movilidad de las personas<\/strong>, as\u00ed como de las actividades sociales y econ\u00f3micas de nuestro pa\u00eds, que han contribuido a <strong>contener el avance del COVID-19<\/strong>.<\/p>\n<p>Sin embargo, <strong>a pesar de las mencionadas medidas<\/strong>, las cifras de <strong>personas contagiadas y de victimas del COVID-19 que son ingresadas en las Unidades de Cuidados Intensivos, ha continuado creciendo<\/strong>, provocando una presi\u00f3n creciente sobre el Sistema Nacional de Salud y, en particular, sobre los servicios asistenciales. Por ello, atendiendo a las recomendaciones de los expertos en el \u00e1mbito epidemiol\u00f3gico, el Gobierno, mediante <strong>Real Decreto-ley 10\/2020, de 29 de marzo, adopta nuevas medidas que cuyo fin es reforzar el control de la propagaci\u00f3n del virus<\/strong>.<\/p>\n<p>El <strong>Real Decreto-ley 10\/2020, de 29 de marzo<\/strong>, por el que se regula un permiso retribuido recuperable para las personas trabajadoras por cuenta ajena que no presten servicios esenciales, con el fin de reducir la movilidad de la poblaci\u00f3n en el contexto de la lucha contra el COVID-19, entr\u00f3 <strong>en vigor el mismo d\u00eda de su publicaci\u00f3n en el Bolet\u00edn Oficial del Estado<\/strong> (BOE) y, es <strong><u>aplicable<\/u><\/strong> a todas las <strong>personas trabajadoras por <u>cuenta ajena<\/u> que presten servicios en empresas o entidades del sector p\u00fablico o privado y cuya actividad no haya sido paralizada como consecuencia de la declaraci\u00f3n de estado de alarma<\/strong> establecida por el Real Decreto 463\/2020, de 14 de marzo.<\/p>\n<p><strong>Las personas trabajadoras que se encuentren dentro del \u00e1mbito de aplicaci\u00f3n del presente real decreto-ley disfrutar\u00e1n de un<\/strong> <strong><u>permiso retribuido recuperable<\/u><\/strong><u>, <strong>de car\u00e1cter obligatorio<\/strong>, <strong>entre el 30 de marzo y el 9 de abril de 2020, ambos inclusive<\/strong><\/u>. Dicho permiso conlleva que las personas trabajadoras <strong>conserven el derecho a la retribuci\u00f3n <\/strong>que les hubiera correspondido de estar prestando servicios con car\u00e1cter ordinario, incluyendo salario base y complementos salariales.<\/p>\n<p>Sin embargo, dichas personas trabajadoras deber\u00e1n recuperar las horas de trabajo no prestadas durante el permiso retribuido. La <strong>recuperaci\u00f3n de las horas<\/strong> de trabajo se podr\u00e1 hacer efectiva <strong>desde el d\u00eda siguiente a la finalizaci\u00f3n del estado de alarma hasta el 31 de diciembre de 2020<\/strong>. En cualquier caso, la recuperaci\u00f3n de estas horas no podr\u00e1 suponer el incumplimiento de los periodos m\u00ednimos de descanso diario y semanal previstos en la ley y en el convenio colectivo, el establecimiento de un plazo de preaviso inferior al recogido en el art\u00edculo 34.2 de la Ley del Estatuto de los Trabajadores, ni la superaci\u00f3n de la jornada m\u00e1xima anual prevista en el convenio colectivo que sea de aplicaci\u00f3n. Asimismo, deber\u00e1n ser respetados los derechos de conciliaci\u00f3n de la vida personal, laboral y familiar reconocidos legal y convencionalmente.<\/p>\n<p>El mencionado Real Decreto-ley 10\/2020, de 29 de marzo, <strong>no es aplicable<\/strong>, entre otras, a las <strong>personas trabajadoras que presten servicios en los sectores calificados como <u>esenciales<\/u><\/strong> como por ejemplo abogados, procuradores, empresas de servicios financieros, empresas que prestan servicios en instituciones penitenciarios, centros sanitarios, transportistas y etc. En el anexo de dicho norma, se detalla todas las profesiones y servicios calificados como esenciales a las que, por ende, no se les aplicar\u00e1 el r\u00e9gimen del permiso retribuido.<\/p>\n<p>Ayer, lunes 30 de marzo, se public\u00f3 en el Bolet\u00edn Oficial del Estado la <strong>Orden SND\/307\/2020, 30 de marzo, <\/strong>por la que se establecen los criterios interpretativos para la aplicaci\u00f3n del Real Decreto-ley 10\/2020, de 29 de marzo, y el modelo de declaraci\u00f3n responsable para facilitar los trayectos necesarios entre el lugar de residencia y de trabajo. Dicha Orden <strong>entr\u00f3 en vigor el mismo d\u00eda de la publicaci\u00f3n y resultar\u00e1 de aplicaci\u00f3n durante la vigencia del permiso retribuido <\/strong>establecido por el Real Decreto Ley 10\/2020, de 29 de marzo de 2020.<\/p>\n<p>Esta Orden tiene por<strong> objeto (i) especificar actividades excluidas del \u00e1mbito de aplicaci\u00f3n del Real Decreto-ley 10\/2020, de 29 de marzo<\/strong>, as\u00ed como (ii) <strong>facilitar<\/strong>, en su anexo, un<strong> modelo de declaraci\u00f3n responsable<\/strong> en la que se indica que <strong>la persona trabajadora puede continuar realizando desplazamientos a su lugar de trabajo o de desarrollo de su actividad de representaci\u00f3n sindical o empresarial<\/strong>.<\/p>\n<p>Dicha Orden aclara dos aspectos:<\/p>\n<ol>\n<li>1. Por una parte, el Real Decreto-ley 10\/2020, de 29 de marzo, y el permiso retribuido\u00a0que\u00a0regula\u00a0 no son de aplicaci\u00f3n para los trabajadores por cuenta propia (aut\u00f3nomos).<\/li>\n<li>2. Por otro lado, <strong>las actividades de representaci\u00f3n sindical y patronal no est\u00e1n afectadas por las restricciones de movilidad<\/strong> con\u00a0 el\u00a0 fin\u00a0 de\u00a0 garantizar\u00a0 la\u00a0 asistencia\u00a0 y\u00a0 asesoramiento\u00a0a\u00a0personas\u00a0trabajadoras\u00a0y\u00a0empleadores.<\/li>\n<\/ol>\n<p>&nbsp;<\/p>\n\r\n\t\t<style>\r\n\t\t\t.huge-it-share-buttons {\r\n\t\t\t\tborder:0px solid #0FB5D6;\r\n\t\t\t\tborder-radius:5px;\r\n\t\t\t\tbackground:#3BD8FF;\r\n\t\t\t text-align:left; \t\t\t\t\t\t\t\t\t}\r\n\r\n\t\t\t#huge-it-share-buttons-top {margin-bottom:0px;}\r\n\t\t\t#huge-it-share-buttons-bottom {margin-top:0px;}\r\n\r\n\t\t\t.huge-it-share-buttons h3 {\r\n\t\t\t\tfont-size:25px ;\r\n\t\t\t\tfont-family:Arial,Helvetica Neue,Helvetica,sans-serif;\r\n\t\t\t\tcolor:#666666;\r\n\r\n\t\t\tdisplay:block;\t\t\t\tline-height:25px ;\r\n\r\n\t\t\t text-align:left; \t\t\t\t\t\t\t\t\t}\r\n\r\n\t\t\t.huge-it-share-buttons ul {\r\n\t\t\t float:left; \t\t\t\t\t\t\t\t\t}\r\n\r\n\t\t\t.huge-it-share-buttons ul li {\r\n\t\t\t\tmargin-left:3px;\r\n\t\t\t\tmargin-right:3px;\r\n\t\t\t\tpadding:0px;\r\n\t\t\t\tborder:0px ridge #E6354C;\r\n\t\t\t\tborder-radius:11px;\r\n\t\t\t\tbackground-color:#14CC9B;\r\n\t\t\t}\r\n\r\n\t\t\t.huge-it-share-buttons ul li #backforunical4422 {\r\n\t\t\t\tborder-bottom: 0;\r\n\t\t\t\tbackground-image:url('https:\/\/www.fabregat-perulles-sales.com\/actualidad\/wp-content\/plugins\/wp-share-buttons\/Front_end\/..\/images\/buttons.30.png');\r\n\t\t\t\twidth:30px;\r\n\t\t\t\theight:30px;\r\n\t\t\t}\r\n\r\n\t\t\t.front-shares-count {\r\n\t\t\t\tposition: absolute;\r\n\t\t\t\ttext-align: center;\r\n\t\t\t\tdisplay: block;\r\n\t\t\t}\r\n\r\n\t\t\t.shares_size20 .front-shares-count {\r\n\t\t\t\tfont-size: 10px;\r\n\t\t\t\ttop: 10px;\r\n\t\t\t\twidth: 20px;\r\n\t\t\t}\r\n\r\n\t\t\t.shares_size30 .front-shares-count {\r\n\t\t\t\tfont-size: 11px;\r\n\t\t\t\ttop: 15px;\r\n\t\t\t\twidth: 30px;\r\n\t\t\t}\r\n\r\n\t\t\t.shares_size40 .front-shares-count {\r\n\t\t\t\tfont-size: 12px;\r\n\t\t\t\ttop: 21px;\r\n\t\t\t\twidth: 40px;\r\n\t\t\t}\r\n\t\t<\/style>\r\n\t\t\r\n\t\t<div id=\"huge-it-share-buttons-top\" class=\"huge-it-share-buttons nobackground\">\r\n\t\t\t<h3>Share This:<\/h3>\r\n\t\t\t<ul class=\"huge-it-share-buttons-list \">\r\n\t\t\t\t\t\t\t\t\t<li class=\"nobackground \" >\r\n\r\n\t\t\t\t\t\t\t\t\t\t\t\t<a id=\"backforunical4422\" href=\"https:\/\/www.facebook.com\/sharer\/sharer.php?u=www.fabregat-perulles-sales.com\/actualidad\/wp-json\/wp\/v2\/posts\/4422\"  onclick=\"javascript:void window.open('https:\/\/www.facebook.com\/sharer\/sharer.php?u=www.fabregat-perulles-sales.com\/actualidad\/wp-json\/wp\/v2\/posts\/4422','1410949501326','width=700,height=500,toolbar=0,menubar=0,location=0,status=1,scrollbars=1,resizable=1,left=0,top=0');return false;\" style=\"background-position: -0px -120px \"><\/a>\r\n\t\t\t\t\t<\/li>\r\n\t\t\t\t\t\t\t\t\t\t<li class=\"nobackground \" >\r\n\r\n\t\t\t\t\t\t\t\t\t\t\t\t<a id=\"backforunical4422\" href=\"https:\/\/twitter.com\/share?status=www.fabregat-perulles-sales.com\/actualidad\/wp-json\/wp\/v2\/posts\/4422&text=Permiso retribuido recuperable para las personas trabajadoras por cuenta ajena que no presten servicios esenciales\"  onclick=\"javascript:void window.open('https:\/\/twitter.com\/share?status=www.fabregat-perulles-sales.com\/actualidad\/wp-json\/wp\/v2\/posts\/4422&text=Permiso retribuido recuperable para las personas trabajadoras por cuenta ajena que no presten servicios esenciales','1410949501326','width=700,height=500,toolbar=0,menubar=0,location=0,status=1,scrollbars=1,resizable=1,left=0,top=0');return false;\" style=\"background-position: -30px -120px \"><\/a>\r\n\t\t\t\t\t<\/li>\r\n\t\t\t\t\t\t\t\t\t\t<li class=\"none nobackground \" >\r\n\r\n\t\t\t\t\t\t\t\t\t\t\t\t<a id=\"backforunical4422\" href=\"http:\/\/www.pinterest.com\/pin\/create\/button\/?url=www.fabregat-perulles-sales.com\/actualidad\/wp-json\/wp\/v2\/posts\/4422&media=https:\/\/www.fabregat-perulles-sales.com\/actualidad\/wp-content\/plugins\/wp-share-buttons\/Front_end\/..\/images\/noimage.png&description=Permiso retribuido recuperable para las personas trabajadoras por cuenta ajena que no presten servicios esenciales\"  onclick=\"javascript:void window.open('http:\/\/www.pinterest.com\/pin\/create\/button\/?url=www.fabregat-perulles-sales.com\/actualidad\/wp-json\/wp\/v2\/posts\/4422&media=https:\/\/www.fabregat-perulles-sales.com\/actualidad\/wp-content\/plugins\/wp-share-buttons\/Front_end\/..\/images\/noimage.png&description=Permiso retribuido recuperable para las personas trabajadoras por cuenta ajena que no presten servicios esenciales','1410949501326','width=700,height=500,toolbar=0,menubar=0,location=0,status=1,scrollbars=1,resizable=1,left=0,top=0');return false;\" style=\"background-position: -60px -120px \"><\/a>\r\n\t\t\t\t\t<\/li>\r\n\t\t\t\t\t\t\t\t\t\t<li class=\"none nobackground \" >\r\n\r\n\t\t\t\t\t\t\t\t\t\t\t\t<a id=\"backforunical4422\" href=\"https:\/\/plus.google.com\/share?url=www.fabregat-perulles-sales.com\/actualidad\/wp-json\/wp\/v2\/posts\/4422\"  onclick=\"javascript:void window.open('https:\/\/plus.google.com\/share?url=www.fabregat-perulles-sales.com\/actualidad\/wp-json\/wp\/v2\/posts\/4422','1410949501326','width=700,height=500,toolbar=0,menubar=0,location=0,status=1,scrollbars=1,resizable=1,left=0,top=0');return false;\" style=\"background-position: -90px -120px \"><\/a>\r\n\t\t\t\t\t<\/li>\r\n\t\t\t\t\t\t\t\t\t\t<li class=\"nobackground \" >\r\n\r\n\t\t\t\t\t\t\t\t\t\t\t\t<a id=\"backforunical4422\" href=\"https:\/\/www.linkedin.com\/shareArticle?title=Permiso retribuido recuperable para las personas trabajadoras por cuenta ajena que no presten servicios esenciales&mini=true&url=https:\/\/www.fabregat-perulles-sales.com\/actualidad\/wp-json\/wp\/v2\/posts\/4422\"  onclick=\"javascript:void window.open('https:\/\/www.linkedin.com\/shareArticle?title=Permiso retribuido recuperable para las personas trabajadoras por cuenta ajena que no presten servicios esenciales&mini=true&url=https:\/\/www.fabregat-perulles-sales.com\/actualidad\/wp-json\/wp\/v2\/posts\/4422','1410949501326','width=700,height=500,toolbar=0,menubar=0,location=0,status=1,scrollbars=1,resizable=1,left=0,top=0');return false;\" style=\"background-position: -120px -120px \"><\/a>\r\n\t\t\t\t\t<\/li>\r\n\t\t\t\t\t\t\t\t\t\t<li class=\"none nobackground \" >\r\n\r\n\t\t\t\t\t\t\t\t\t\t\t\t<a id=\"backforunical4422\" href=\"https:\/\/www.tumblr.com\/share\/link?url=www.fabregat-perulles-sales.com\/actualidad\/wp-json\/wp\/v2\/posts\/4422&name=Permiso retribuido recuperable para las personas trabajadoras por cuenta ajena que no presten servicios esenciales\"  onclick=\"javascript:void window.open('https:\/\/www.tumblr.com\/share\/link?url=www.fabregat-perulles-sales.com\/actualidad\/wp-json\/wp\/v2\/posts\/4422&name=Permiso retribuido recuperable para las personas trabajadoras por cuenta ajena que no presten servicios esenciales','1410949501326','width=700,height=500,toolbar=0,menubar=0,location=0,status=1,scrollbars=1,resizable=1,left=0,top=0');return false;\" style=\"background-position: -150px -120px \"><\/a>\r\n\t\t\t\t\t<\/li>\r\n\t\t\t\t\t\t\t\t\t\t<li class=\"none nobackground \" >\r\n\r\n\t\t\t\t\t\t\t\t\t\t\t\t<a id=\"backforunical4422\" href=\"http:\/\/digg.com\/submit?phase=2&url=www.fabregat-perulles-sales.com\/actualidad\/wp-json\/wp\/v2\/posts\/4422&title=Permiso retribuido recuperable para las personas trabajadoras por cuenta ajena que no presten servicios esenciales\"  onclick=\"javascript:void window.open('http:\/\/digg.com\/submit?phase=2&url=www.fabregat-perulles-sales.com\/actualidad\/wp-json\/wp\/v2\/posts\/4422&title=Permiso retribuido recuperable para las personas trabajadoras por cuenta ajena que no presten servicios esenciales','1410949501326','width=700,height=500,toolbar=0,menubar=0,location=0,status=1,scrollbars=1,resizable=1,left=0,top=0');return false;\" style=\"background-position: -180px -120px \"><\/a>\r\n\t\t\t\t\t<\/li>\r\n\t\t\t\t\t\t\t\t\t\t<li class=\"none nobackground \" >\r\n\r\n\t\t\t\t\t\t\t\t\t\t\t\t<a id=\"backforunical4422\" href=\"http:\/\/www.stumbleupon.com\/submit?url=www.fabregat-perulles-sales.com\/actualidad\/wp-json\/wp\/v2\/posts\/4422&title=Permiso retribuido recuperable para las personas trabajadoras por cuenta ajena que no presten servicios esenciales\"  onclick=\"javascript:void window.open('http:\/\/www.stumbleupon.com\/submit?url=www.fabregat-perulles-sales.com\/actualidad\/wp-json\/wp\/v2\/posts\/4422&title=Permiso retribuido recuperable para las personas trabajadoras por cuenta ajena que no presten servicios esenciales','1410949501326','width=700,height=500,toolbar=0,menubar=0,location=0,status=1,scrollbars=1,resizable=1,left=0,top=0');return false;\" style=\"background-position: -210px -120px \"><\/a>\r\n\t\t\t\t\t<\/li>\r\n\t\t\t\t\t\t\t\t\t\t<li class=\"none nobackground \" >\r\n\r\n\t\t\t\t\t\t\t\t\t\t\t\t<a id=\"backforunical4422\" href=\"https:\/\/myspace.com\/post?l=3&u=www.fabregat-perulles-sales.com\/actualidad\/wp-json\/wp\/v2\/posts\/4422\"  onclick=\"javascript:void window.open('https:\/\/myspace.com\/post?l=3&u=www.fabregat-perulles-sales.com\/actualidad\/wp-json\/wp\/v2\/posts\/4422','1410949501326','width=700,height=500,toolbar=0,menubar=0,location=0,status=1,scrollbars=1,resizable=1,left=0,top=0');return false;\" style=\"background-position: -240px -120px \"><\/a>\r\n\t\t\t\t\t<\/li>\r\n\t\t\t\t\t\t\t\t\t\t<li class=\"nobackground \" >\r\n\r\n\t\t\t\t\t\t\t\t\t\t\t\t<a id=\"backforunical4422\" href=\"http:\/\/vk.com\/share.php?url=www.fabregat-perulles-sales.com\/actualidad\/wp-json\/wp\/v2\/posts\/4422&title=Permiso retribuido recuperable para las personas trabajadoras por cuenta ajena que no presten servicios esenciales\"  onclick=\"javascript:void window.open('http:\/\/vk.com\/share.php?url=www.fabregat-perulles-sales.com\/actualidad\/wp-json\/wp\/v2\/posts\/4422&title=Permiso retribuido recuperable para las personas trabajadoras por cuenta ajena que no presten servicios esenciales','1410949501326','width=700,height=500,toolbar=0,menubar=0,location=0,status=1,scrollbars=1,resizable=1,left=0,top=0');return false;\" style=\"background-position: -270px -120px \"><\/a>\r\n\t\t\t\t\t<\/li>\r\n\t\t\t\t\t\t\t\t\t\t<li class=\"none nobackground \" >\r\n\r\n\t\t\t\t\t\t\t\t\t\t\t\t<a id=\"backforunical4422\" href=\"http:\/\/www.reddit.com\/submit?url=www.fabregat-perulles-sales.com\/actualidad\/wp-json\/wp\/v2\/posts\/4422&title=Permiso retribuido recuperable para las personas trabajadoras por cuenta ajena que no presten servicios esenciales\"  onclick=\"javascript:void window.open('http:\/\/www.reddit.com\/submit?url=www.fabregat-perulles-sales.com\/actualidad\/wp-json\/wp\/v2\/posts\/4422&title=Permiso retribuido recuperable para las personas trabajadoras por cuenta ajena que no presten servicios esenciales','1410949501326','width=700,height=500,toolbar=0,menubar=0,location=0,status=1,scrollbars=1,resizable=1,left=0,top=0');return false;\" style=\"background-position: -300px -120px \"><\/a>\r\n\t\t\t\t\t<\/li>\r\n\t\t\t\t\t\t\t\t\t\t<li class=\"none nobackground \" >\r\n\r\n\t\t\t\t\t\t\t\t\t\t\t\t<a id=\"backforunical4422\" href=\"http:\/\/www.bebo.com\/c\/share?Url=www.fabregat-perulles-sales.com\/actualidad\/wp-json\/wp\/v2\/posts\/4422\"  onclick=\"javascript:void window.open('http:\/\/www.bebo.com\/c\/share?Url=www.fabregat-perulles-sales.com\/actualidad\/wp-json\/wp\/v2\/posts\/4422','1410949501326','width=700,height=500,toolbar=0,menubar=0,location=0,status=1,scrollbars=1,resizable=1,left=0,top=0');return false;\" style=\"background-position: -330px -120px \"><\/a>\r\n\t\t\t\t\t<\/li>\r\n\t\t\t\t\t\t\t\t\t\t<li class=\"none nobackground \" >\r\n\r\n\t\t\t\t\t\t\t\t\t\t\t\t<a id=\"backforunical4422\" href=\"https:\/\/delicious.com\/save?v=5&noui&jump=close&url=www.fabregat-perulles-sales.com\/actualidad\/wp-json\/wp\/v2\/posts\/4422&title=Permiso retribuido recuperable para las personas trabajadoras por cuenta ajena que no presten servicios esenciales\"  onclick=\"javascript:void window.open('https:\/\/delicious.com\/save?v=5&noui&jump=close&url=www.fabregat-perulles-sales.com\/actualidad\/wp-json\/wp\/v2\/posts\/4422&title=Permiso retribuido recuperable para las personas trabajadoras por cuenta ajena que no presten servicios esenciales','1410949501326','width=700,height=500,toolbar=0,menubar=0,location=0,status=1,scrollbars=1,resizable=1,left=0,top=0');return false;\" style=\"background-position: -360px -120px \"><\/a>\r\n\t\t\t\t\t<\/li>\r\n\t\t\t\t\t\t\t\t\t\t<li class=\"none nobackground \" >\r\n\r\n\t\t\t\t\t\t\t\t\t\t\t\t<a id=\"backforunical4422\" href=\"http:\/\/www.odnoklassniki.ru\/dk?st.cmd=addShare&st.s=2&st.noresize=on&st._surl=www.fabregat-perulles-sales.com\/actualidad\/wp-json\/wp\/v2\/posts\/4422\"  onclick=\"javascript:void window.open('http:\/\/www.odnoklassniki.ru\/dk?st.cmd=addShare&st.s=2&st.noresize=on&st._surl=www.fabregat-perulles-sales.com\/actualidad\/wp-json\/wp\/v2\/posts\/4422','1410949501326','width=700,height=500,toolbar=0,menubar=0,location=0,status=1,scrollbars=1,resizable=1,left=0,top=0');return false;\" style=\"background-position: -390px -120px \"><\/a>\r\n\t\t\t\t\t<\/li>\r\n\t\t\t\t\t\t\t\t\t\t<li class=\"none nobackground \" >\r\n\r\n\t\t\t\t\t\t\t\t\t\t\t\t<a id=\"backforunical4422\" href=\"http:\/\/sns.qzone.qq.com\/cgi-bin\/qzshare\/cgi_qzshare_onekey?url=www.fabregat-perulles-sales.com\/actualidad\/wp-json\/wp\/v2\/posts\/4422&title=Permiso retribuido recuperable para las personas trabajadoras por cuenta ajena que no presten servicios esenciales\"  onclick=\"javascript:void window.open('http:\/\/sns.qzone.qq.com\/cgi-bin\/qzshare\/cgi_qzshare_onekey?url=www.fabregat-perulles-sales.com\/actualidad\/wp-json\/wp\/v2\/posts\/4422&title=Permiso retribuido recuperable para las personas trabajadoras por cuenta ajena que no presten servicios esenciales','1410949501326','width=700,height=500,toolbar=0,menubar=0,location=0,status=1,scrollbars=1,resizable=1,left=0,top=0');return false;\" style=\"background-position: -420px -120px \"><\/a>\r\n\t\t\t\t\t<\/li>\r\n\t\t\t\t\t\t\t\t\t\t<li class=\"none nobackground \" >\r\n\r\n\t\t\t\t\t\t\t\t\t\t\t\t<a id=\"backforunical4422\" href=\"http:\/\/service.weibo.com\/share\/share.php?url=www.fabregat-perulles-sales.com\/actualidad\/wp-json\/wp\/v2\/posts\/4422&appkey=&title=Permiso retribuido recuperable para las personas trabajadoras por cuenta ajena que no presten servicios esenciales&pic=&ralateUid=&\"  onclick=\"javascript:void window.open('http:\/\/service.weibo.com\/share\/share.php?url=www.fabregat-perulles-sales.com\/actualidad\/wp-json\/wp\/v2\/posts\/4422&appkey=&title=Permiso retribuido recuperable para las personas trabajadoras por cuenta ajena que no presten servicios esenciales&pic=&ralateUid=&','1410949501326','width=700,height=500,toolbar=0,menubar=0,location=0,status=1,scrollbars=1,resizable=1,left=0,top=0');return false;\" style=\"background-position: -450px -120px \"><\/a>\r\n\t\t\t\t\t<\/li>\r\n\t\t\t\t\t\t\t\t\t\t<li class=\"none nobackground \" >\r\n\r\n\t\t\t\t\t\t\t\t\t\t\t\t<a id=\"backforunical4422\" href=\"http:\/\/widget.renren.com\/dialog\/share?resourceUrl=www.fabregat-perulles-sales.com\/actualidad\/wp-json\/wp\/v2\/posts\/4422&srcUrl=www.fabregat-perulles-sales.com\/actualidad\/wp-json\/wp\/v2\/posts\/4422&title=Permiso retribuido recuperable para las personas trabajadoras por cuenta ajena que no presten servicios esenciales\"  onclick=\"javascript:void window.open('http:\/\/widget.renren.com\/dialog\/share?resourceUrl=www.fabregat-perulles-sales.com\/actualidad\/wp-json\/wp\/v2\/posts\/4422&srcUrl=www.fabregat-perulles-sales.com\/actualidad\/wp-json\/wp\/v2\/posts\/4422&title=Permiso retribuido recuperable para las personas trabajadoras por cuenta ajena que no presten servicios esenciales','1410949501326','width=700,height=500,toolbar=0,menubar=0,location=0,status=1,scrollbars=1,resizable=1,left=0,top=0');return false;\" style=\"background-position: -480px -120px \"><\/a>\r\n\t\t\t\t\t<\/li>\r\n\t\t\t\t\t\t\t\t\t\t<li class=\"none nobackground \" >\r\n\r\n\t\t\t\t\t\t\t\t\t\t\t\t<a id=\"backforunical4422\" href=\"http:\/\/n4g.com\/tips?url=www.fabregat-perulles-sales.com\/actualidad\/wp-json\/wp\/v2\/posts\/4422&title=Permiso retribuido recuperable para las personas trabajadoras por cuenta ajena que no presten servicios esenciales\"  onclick=\"javascript:void window.open('http:\/\/n4g.com\/tips?url=www.fabregat-perulles-sales.com\/actualidad\/wp-json\/wp\/v2\/posts\/4422&title=Permiso retribuido recuperable para las personas trabajadoras por cuenta ajena que no presten servicios esenciales','1410949501326','width=700,height=500,toolbar=0,menubar=0,location=0,status=1,scrollbars=1,resizable=1,left=0,top=0');return false;\" style=\"background-position: -510px -120px \"><\/a>\r\n\t\t\t\t\t<\/li>\r\n\t\t\t\t\t\t\t\t<\/ul>\r\n\t\t\t<div class=\"clear\"><\/div>\r\n\t\t<\/div>\r\n\t\t","protected":false},"excerpt":{"rendered":"<p>Real Decreto-ley 10\/2020, de 29 de marzo, por el que se regula un permiso retribuido recuperable para las personas trabajadoras por cuenta ajena que no presten servicios esenciales, con el fin de reducir la movilidad de la poblaci\u00f3n en el contexto de la lucha contra el COVID-19. Orden SND\/307\/2020, 30 de marzo, por la que\u2026 <span class=\"read-more\"><a href=\"https:\/\/www.fabregat-perulles-sales.com\/actualidad\/permiso-retribuido-recuperable-para-las-personas-trabajadoras-por-cuenta-ajena-que-no-presten-servicios-esenciales\/\">Read More &raquo;<\/a><\/span><\/p>\n","protected":false},"author":3,"featured_media":0,"comment_status":"open","ping_status":"closed","sticky":false,"template":"","format":"standard","meta":[],"categories":[457,230,3],"tags":[1690,1689,1763,1765,1762,1764,1722],"yoast_head":"<!-- This site is optimized with the Yoast SEO plugin v20.2.1 - https:\/\/yoast.com\/wordpress\/plugins\/seo\/ -->\n<title>Permiso retribuido COVID-19<\/title>\n<meta name=\"description\" content=\"Real Decreto-ley por el que se regula un permiso retribuido recuperable para las personas trabajadoras por cuenta ajena que no presten servicios esenciales...\" \/>\n<meta name=\"robots\" content=\"index, follow, max-snippet:-1, max-image-preview:large, max-video-preview:-1\" \/>\n<link rel=\"canonical\" href=\"https:\/\/www.fabregat-perulles-sales.com\/actualidad\/permiso-retribuido-recuperable-para-las-personas-trabajadoras-por-cuenta-ajena-que-no-presten-servicios-esenciales\/\" \/>\n<meta property=\"og:locale\" content=\"en_US\" \/>\n<meta property=\"og:type\" content=\"article\" \/>\n<meta property=\"og:title\" content=\"Permiso retribuido COVID-19\" \/>\n<meta property=\"og:description\" content=\"Real Decreto-ley por el que se regula un permiso retribuido recuperable para las personas trabajadoras por cuenta ajena que no presten servicios esenciales...\" \/>\n<meta property=\"og:url\" content=\"https:\/\/www.fabregat-perulles-sales.com\/actualidad\/permiso-retribuido-recuperable-para-las-personas-trabajadoras-por-cuenta-ajena-que-no-presten-servicios-esenciales\/\" \/>\n<meta property=\"og:site_name\" content=\"International Lawyers\" \/>\n<meta property=\"article:published_time\" content=\"2020-03-31T12:28:59+00:00\" \/>\n<meta name=\"author\" content=\"Victor\" \/>\n<meta name=\"twitter:card\" content=\"summary_large_image\" \/>\n<meta name=\"twitter:label1\" content=\"Written by\" \/>\n\t<meta name=\"twitter:data1\" content=\"Victor\" \/>\n\t<meta name=\"twitter:label2\" content=\"Est. reading time\" \/>\n\t<meta name=\"twitter:data2\" content=\"4 minutes\" \/>\n<script type=\"application\/ld+json\" class=\"yoast-schema-graph\">{\"@context\":\"https:\/\/schema.org\",\"@graph\":[{\"@type\":\"WebPage\",\"@id\":\"https:\/\/www.fabregat-perulles-sales.com\/actualidad\/permiso-retribuido-recuperable-para-las-personas-trabajadoras-por-cuenta-ajena-que-no-presten-servicios-esenciales\/\",\"url\":\"https:\/\/www.fabregat-perulles-sales.com\/actualidad\/permiso-retribuido-recuperable-para-las-personas-trabajadoras-por-cuenta-ajena-que-no-presten-servicios-esenciales\/\",\"name\":\"Permiso retribuido COVID-19\",\"isPartOf\":{\"@id\":\"https:\/\/www.fabregat-perulles-sales.com\/actualidad\/#website\"},\"datePublished\":\"2020-03-31T12:28:59+00:00\",\"dateModified\":\"2020-03-31T12:28:59+00:00\",\"author\":{\"@id\":\"https:\/\/www.fabregat-perulles-sales.com\/actualidad\/#\/schema\/person\/cabc1d68c7778f01d5e069c2d98442e3\"},\"description\":\"Real Decreto-ley por el que se regula un permiso retribuido recuperable para las personas trabajadoras por cuenta ajena que no presten servicios esenciales...\",\"breadcrumb\":{\"@id\":\"https:\/\/www.fabregat-perulles-sales.com\/actualidad\/permiso-retribuido-recuperable-para-las-personas-trabajadoras-por-cuenta-ajena-que-no-presten-servicios-esenciales\/#breadcrumb\"},\"inLanguage\":\"en-US\",\"potentialAction\":[{\"@type\":\"ReadAction\",\"target\":[\"https:\/\/www.fabregat-perulles-sales.com\/actualidad\/permiso-retribuido-recuperable-para-las-personas-trabajadoras-por-cuenta-ajena-que-no-presten-servicios-esenciales\/\"]}]},{\"@type\":\"BreadcrumbList\",\"@id\":\"https:\/\/www.fabregat-perulles-sales.com\/actualidad\/permiso-retribuido-recuperable-para-las-personas-trabajadoras-por-cuenta-ajena-que-no-presten-servicios-esenciales\/#breadcrumb\",\"itemListElement\":[{\"@type\":\"ListItem\",\"position\":1,\"name\":\"Home\",\"item\":\"https:\/\/www.fabregat-perulles-sales.com\/actualidad\/\"},{\"@type\":\"ListItem\",\"position\":2,\"name\":\"Permiso retribuido recuperable para las personas trabajadoras por cuenta ajena que no presten servicios esenciales\"}]},{\"@type\":\"WebSite\",\"@id\":\"https:\/\/www.fabregat-perulles-sales.com\/actualidad\/#website\",\"url\":\"https:\/\/www.fabregat-perulles-sales.com\/actualidad\/\",\"name\":\"www.fabregat-perulles-sales.com\",\"description\":\"Fabregat Perulles Sales Abogados is a law firm of reference international market in the Spanish-German, Spanish-French, and Spanish-Italian. Is one of the first firms in Barcelona offering a Russian Desk.\",\"potentialAction\":[{\"@type\":\"SearchAction\",\"target\":{\"@type\":\"EntryPoint\",\"urlTemplate\":\"https:\/\/www.fabregat-perulles-sales.com\/actualidad\/?s={search_term_string}\"},\"query-input\":\"required name=search_term_string\"}],\"inLanguage\":\"en-US\"},{\"@type\":\"Person\",\"@id\":\"https:\/\/www.fabregat-perulles-sales.com\/actualidad\/#\/schema\/person\/cabc1d68c7778f01d5e069c2d98442e3\",\"name\":\"Victor\",\"image\":{\"@type\":\"ImageObject\",\"inLanguage\":\"en-US\",\"@id\":\"https:\/\/www.fabregat-perulles-sales.com\/actualidad\/#\/schema\/person\/image\/\",\"url\":\"https:\/\/secure.gravatar.com\/avatar\/756cb666a964d2960ffe307b8a53b271?s=96&d=mm&r=g\",\"contentUrl\":\"https:\/\/secure.gravatar.com\/avatar\/756cb666a964d2960ffe307b8a53b271?s=96&d=mm&r=g\",\"caption\":\"Victor\"},\"sameAs\":[\"http:\/\/www.fabregat-perulles-sales.com\"],\"url\":\"https:\/\/www.fabregat-perulles-sales.com\/actualidad\/author\/victor\/\"}]}<\/script>\n<!-- \/ Yoast SEO plugin. -->","yoast_head_json":{"title":"Permiso retribuido COVID-19","description":"Real Decreto-ley por el que se regula un permiso retribuido recuperable para las personas trabajadoras por cuenta ajena que no presten servicios esenciales...","robots":{"index":"index","follow":"follow","max-snippet":"max-snippet:-1","max-image-preview":"max-image-preview:large","max-video-preview":"max-video-preview:-1"},"canonical":"https:\/\/www.fabregat-perulles-sales.com\/actualidad\/permiso-retribuido-recuperable-para-las-personas-trabajadoras-por-cuenta-ajena-que-no-presten-servicios-esenciales\/","og_locale":"en_US","og_type":"article","og_title":"Permiso retribuido COVID-19","og_description":"Real Decreto-ley por el que se regula un permiso retribuido recuperable para las personas trabajadoras por cuenta ajena que no presten servicios esenciales...","og_url":"https:\/\/www.fabregat-perulles-sales.com\/actualidad\/permiso-retribuido-recuperable-para-las-personas-trabajadoras-por-cuenta-ajena-que-no-presten-servicios-esenciales\/","og_site_name":"International Lawyers","article_published_time":"2020-03-31T12:28:59+00:00","author":"Victor","twitter_card":"summary_large_image","twitter_misc":{"Written by":"Victor","Est. reading time":"4 minutes"},"schema":{"@context":"https:\/\/schema.org","@graph":[{"@type":"WebPage","@id":"https:\/\/www.fabregat-perulles-sales.com\/actualidad\/permiso-retribuido-recuperable-para-las-personas-trabajadoras-por-cuenta-ajena-que-no-presten-servicios-esenciales\/","url":"https:\/\/www.fabregat-perulles-sales.com\/actualidad\/permiso-retribuido-recuperable-para-las-personas-trabajadoras-por-cuenta-ajena-que-no-presten-servicios-esenciales\/","name":"Permiso retribuido COVID-19","isPartOf":{"@id":"https:\/\/www.fabregat-perulles-sales.com\/actualidad\/#website"},"datePublished":"2020-03-31T12:28:59+00:00","dateModified":"2020-03-31T12:28:59+00:00","author":{"@id":"https:\/\/www.fabregat-perulles-sales.com\/actualidad\/#\/schema\/person\/cabc1d68c7778f01d5e069c2d98442e3"},"description":"Real Decreto-ley por el que se regula un permiso retribuido recuperable para las personas trabajadoras por cuenta ajena que no presten servicios esenciales...","breadcrumb":{"@id":"https:\/\/www.fabregat-perulles-sales.com\/actualidad\/permiso-retribuido-recuperable-para-las-personas-trabajadoras-por-cuenta-ajena-que-no-presten-servicios-esenciales\/#breadcrumb"},"inLanguage":"en-US","potentialAction":[{"@type":"ReadAction","target":["https:\/\/www.fabregat-perulles-sales.com\/actualidad\/permiso-retribuido-recuperable-para-las-personas-trabajadoras-por-cuenta-ajena-que-no-presten-servicios-esenciales\/"]}]},{"@type":"BreadcrumbList","@id":"https:\/\/www.fabregat-perulles-sales.com\/actualidad\/permiso-retribuido-recuperable-para-las-personas-trabajadoras-por-cuenta-ajena-que-no-presten-servicios-esenciales\/#breadcrumb","itemListElement":[{"@type":"ListItem","position":1,"name":"Home","item":"https:\/\/www.fabregat-perulles-sales.com\/actualidad\/"},{"@type":"ListItem","position":2,"name":"Permiso retribuido recuperable para las personas trabajadoras por cuenta ajena que no presten servicios esenciales"}]},{"@type":"WebSite","@id":"https:\/\/www.fabregat-perulles-sales.com\/actualidad\/#website","url":"https:\/\/www.fabregat-perulles-sales.com\/actualidad\/","name":"www.fabregat-perulles-sales.com","description":"Fabregat Perulles Sales Abogados is a law firm of reference international market in the Spanish-German, Spanish-French, and Spanish-Italian. Is one of the first firms in Barcelona offering a Russian Desk.","potentialAction":[{"@type":"SearchAction","target":{"@type":"EntryPoint","urlTemplate":"https:\/\/www.fabregat-perulles-sales.com\/actualidad\/?s={search_term_string}"},"query-input":"required name=search_term_string"}],"inLanguage":"en-US"},{"@type":"Person","@id":"https:\/\/www.fabregat-perulles-sales.com\/actualidad\/#\/schema\/person\/cabc1d68c7778f01d5e069c2d98442e3","name":"Victor","image":{"@type":"ImageObject","inLanguage":"en-US","@id":"https:\/\/www.fabregat-perulles-sales.com\/actualidad\/#\/schema\/person\/image\/","url":"https:\/\/secure.gravatar.com\/avatar\/756cb666a964d2960ffe307b8a53b271?s=96&d=mm&r=g","contentUrl":"https:\/\/secure.gravatar.com\/avatar\/756cb666a964d2960ffe307b8a53b271?s=96&d=mm&r=g","caption":"Victor"},"sameAs":["http:\/\/www.fabregat-perulles-sales.com"],"url":"https:\/\/www.fabregat-perulles-sales.com\/actualidad\/author\/victor\/"}]}},"amp_enabled":true,"_links":{"self":[{"href":"https:\/\/www.fabregat-perulles-sales.com\/actualidad\/wp-json\/wp\/v2\/posts\/4422"}],"collection":[{"href":"https:\/\/www.fabregat-perulles-sales.com\/actualidad\/wp-json\/wp\/v2\/posts"}],"about":[{"href":"https:\/\/www.fabregat-perulles-sales.com\/actualidad\/wp-json\/wp\/v2\/types\/post"}],"author":[{"embeddable":true,"href":"https:\/\/www.fabregat-perulles-sales.com\/actualidad\/wp-json\/wp\/v2\/users\/3"}],"replies":[{"embeddable":true,"href":"https:\/\/www.fabregat-perulles-sales.com\/actualidad\/wp-json\/wp\/v2\/comments?post=4422"}],"version-history":[{"count":4,"href":"https:\/\/www.fabregat-perulles-sales.com\/actualidad\/wp-json\/wp\/v2\/posts\/4422\/revisions"}],"predecessor-version":[{"id":4426,"href":"https:\/\/www.fabregat-perulles-sales.com\/actualidad\/wp-json\/wp\/v2\/posts\/4422\/revisions\/4426"}],"wp:attachment":[{"href":"https:\/\/www.fabregat-perulles-sales.com\/actualidad\/wp-json\/wp\/v2\/media?parent=4422"}],"wp:term":[{"taxonomy":"category","embeddable":true,"href":"https:\/\/www.fabregat-perulles-sales.com\/actualidad\/wp-json\/wp\/v2\/categories?post=4422"},{"taxonomy":"post_tag","embeddable":true,"href":"https:\/\/www.fabregat-perulles-sales.com\/actualidad\/wp-json\/wp\/v2\/tags?post=4422"}],"curies":[{"name":"wp","href":"https:\/\/api.w.org\/{rel}","templated":true}]}}