{"id":4412,"date":"2020-03-27T14:53:21","date_gmt":"2020-03-27T13:53:21","guid":{"rendered":"http:\/\/www.fabregat-perulles-sales.com\/actualidad\/?p=4412"},"modified":"2020-03-27T14:54:40","modified_gmt":"2020-03-27T13:54:40","slug":"caracteristicas-del-primer-tramo-de-la-linea-de-avales-del-ico-para-empresas-y-autonomos-para-paliar-los-efectos-economicos-del-covid-19","status":"publish","type":"post","link":"https:\/\/www.fabregat-perulles-sales.com\/actualidad\/caracteristicas-del-primer-tramo-de-la-linea-de-avales-del-ico-para-empresas-y-autonomos-para-paliar-los-efectos-economicos-del-covid-19\/","title":{"rendered":"Caracter\u00edsticas del primer tramo de la l\u00ednea de avales del ICO para empresas y aut\u00f3nomos, para paliar los efectos econ\u00f3micos del COVID-19"},"content":{"rendered":"<p>El Real Decreto-ley 8\/2020, de 17 de marzo, de medidas urgentes extraordinarias para hacer frente al impacto econ\u00f3mico y social del COVID-19, establece una serie de medidas para preservar la normalidad de los flujos de financiaci\u00f3n y los niveles de circulante y liquidez, para as\u00ed permitir que empresas y aut\u00f3nomos contin\u00faen abonando los salarios de los empleados y las facturas a proveedores, manteniendo la actividad econ\u00f3mica. Entre estas medidas, el art\u00edculo 29 de esta norma prev\u00e9 una l\u00ednea de <strong>avales por importe m\u00e1ximo de 100.000 millones de euros<\/strong> facilitados por el Ministerio de Asuntos Econ\u00f3micos y Transformaci\u00f3n Digital <strong>para la cobertura de la financiaci\u00f3n otorgada por entidades financieras a empresas y aut\u00f3nomos<\/strong> y gestionados a trav\u00e9s del Instituto de Cr\u00e9dito Oficial (ICO).<\/p>\n<p>El pasado <strong>24 de marzo<\/strong> de los corrientes, el Consejo de Ministros se ha reunido y ha adoptado un <strong>Acuerdo<\/strong> por el que se aprueban <strong>las caracter\u00edsticas y las condiciones del primer tramo de la l\u00ednea de avales del ICO para empresas y aut\u00f3nomos, para paliar los efectos econ\u00f3micos del COVID-19<\/strong>.<\/p>\n<p>En primer lugar, indicar que\u00a0 se trata de <strong>avales en rango \u00abpari passu\u00bb<\/strong>, en los que el Estado<strong> comparte riesgo con las entidades financieras<\/strong>, por lo que <strong>se movilizar\u00e1n tambi\u00e9n importantes cantidades por parte de las entidades privadas<\/strong>. Por tanto, <strong>las cantidades que por medio de<\/strong> <strong>esta l\u00ednea<\/strong> de avales se ponen a disposici\u00f3n para mantener la actividad econ\u00f3mica de empresas y aut\u00f3nomos <strong>han de entenderse como un m\u00ednimo<\/strong>, que vendr\u00e1 <strong>complementado por recursos adicionales del sector privado<\/strong>.<\/p>\n<p>El Acuerdo del Consejo de Ministro refleja, entre otros, los siguientes puntos:<\/p>\n<p>1.- Las <strong>condiciones espec\u00edficas y los requisitos a cumplir<\/strong> para la <strong>liberaci\u00f3n del primer tramo de la l\u00ednea de avales, por importe m\u00e1ximo de 20.000 millones de euros<\/strong>. Se detallan en su anexo I.<\/p>\n<p>2.- Los importes correspondientes a los\u00a0<strong>quebrantos que se produzcan por la ejecuci\u00f3n del aval,<\/strong>\u00a0as\u00ed como los gastos de gesti\u00f3n y administraci\u00f3n del Instituto de Cr\u00e9dito Oficial por la instrumentaci\u00f3n de este aval,\u00a0<strong>se atender\u00e1n desde la partida presupuestaria del Ministerio de Asuntos Econ\u00f3micos y Transformaci\u00f3n Digital<\/strong>\u00a0establecida al efecto y conforme a los t\u00e9rminos indicados en el presente Acuerdo.<\/p>\n<p>3.- La facultad que se otorga al ICO para que, en el \u00e1mbito de sus competencias, a trav\u00e9s de sus \u00f3rganos competentes, resuelva cuantas incidencias pr\u00e1cticas pudiesen plantearse para la ejecuci\u00f3n de esta l\u00ednea de avales y durante toda la vigencia de las operaciones.<\/p>\n<p>4.- El <strong>ICO<\/strong> deber\u00e1 disponer\u00a0lo necesario para la <strong>puesta en marcha de forma efectiva de esta l\u00ednea de avales en el plazo de los 10 d\u00edas siguientes a la adopci\u00f3n<\/strong> del Acuerdo.<\/p>\n<p>Las condiciones aplicables y requisitos a cumplir <strong>\u00a0<\/strong>para la liberaci\u00f3n del primer tramo de la l\u00ednea de avales, son los siguientes:<\/p>\n<ul>\n<li><strong><u>&#8211; Importes del primer tramo y de los subtramos<\/u><\/strong><\/li>\n<\/ul>\n<p>Se crean dos subtramos, con los siguientes importes y categor\u00edas:<\/p>\n<ul>\n<li>1. Hasta 10.000 millones de euros para renovaciones y nuevos pr\u00e9stamos concedidos a aut\u00f3nomos y pymes.<\/li>\n<li>2. Hasta 10.000 millones de euros para renovaciones y nuevos pr\u00e9stamos concedidos a empresas que no re\u00fanan la condici\u00f3n de pyme.<\/li>\n<\/ul>\n<ul>\n<li><strong><u>&#8211; Pr\u00e9stamos elegibles y an\u00e1lisis de riesgos.<\/u><\/strong><\/li>\n<\/ul>\n<p>Pr\u00e9stamos y otras operaciones otorgadas a empresas y aut\u00f3nomas que tengan domicilio social en Espa\u00f1a y se hayan visto afectados por los efectos econ\u00f3micos del COVID-19, siempre que:<\/p>\n<ul>\n<li>1. Los pr\u00e9stamos y operaciones hayan sido formalizados o renovados con posterioridad al 17 de marzo de 2020.<\/li>\n<li>2. Los acreditados no figuren en situaci\u00f3n de morosidad en la consulta a los ficheros de la Central de Informaci\u00f3n de Riesgos del Banco de Espa\u00f1a (CIRBE) a 31 de diciembre de 2019.<\/li>\n<li>3. Los acreditados no est\u00e9n sujetos a un procedimiento concursal a fecha de 17 de marzo de 2020, bien por haber presentado solicitud de declaraci\u00f3n de concurso, o por darse las circunstancias a que se refiere el art\u00edculo 2.4 de la Ley 22\/2003, de 9 de julio, Concursal, para que el concurso sea solicitado por sus acreedores.<\/li>\n<\/ul>\n<ul>\n<li><u>&#8211; Importe m\u00e1ximo del pr\u00e9stamo por cliente.<\/u><\/li>\n<li>1 Hasta un m\u00e1ximo de 1,5 millones de euros en una o varias operaciones de pr\u00e9stamo a aut\u00f3nomos y empresas.<\/li>\n<li>2 Para pr\u00e9stamos por encima de 1,5 millones de euros, hasta el m\u00e1ximo establecido en el Marco Temporal de Ayudas de Estado de la Comisi\u00f3n Europea tanto para aut\u00f3nomos y empresas que re\u00fanan la condici\u00f3n de pyme como para empresas que no re\u00fanan la condici\u00f3n de pyme.<\/li>\n<li><u>&#8211; An\u00e1lisis del perfil de riesgo y condiciones de elegibilidad de la operaci\u00f3n. <\/u><\/li>\n<li>1 Se avalar\u00e1n las operaciones de hasta 50 millones de euros que hayan sido aprobadas por la entidad conforme a sus pol\u00edticas de riesgos, sin perjuicio de comprobaciones posteriores sobre sus condiciones de elegibilidad.<\/li>\n<li>2 Se avalar\u00e1n las operaciones por encima de 50 millones de euros una vez que ICO haya analizado el cumplimiento de las condiciones de elegibilidad de manera complementaria al an\u00e1lisis de la entidad financiera.<\/li>\n<li><u>-Fuentes de financiaci\u00f3n de las operaciones.<\/u><\/li>\n<\/ul>\n<p>Este esquema de avales ser\u00e1 otorgado a los pr\u00e9stamos y otras modalidades de financiaci\u00f3n a las empresas y aut\u00f3nomos concedidos por las entidades financieras con independencia de su fuente de financiaci\u00f3n. No obstante, si la operaci\u00f3n de pr\u00e9stamo contase con la financiaci\u00f3n de ICO, el esquema previsto en este Acuerdo ser\u00e1 aplicable a la participaci\u00f3n de ICO en las mismas condiciones.<\/p>\n<ul>\n<li><strong><u>&#8211; Porcentajes m\u00e1ximos de aval.<\/u><\/strong><\/li>\n<\/ul>\n<p>En el caso de pymes y aut\u00f3nomos el aval ascender\u00e1 como m\u00e1ximo al 80% de la operaci\u00f3n.<\/p>\n<p>En empresas que no re\u00fanan la condici\u00f3n de pyme el aval cubrir\u00e1 como m\u00e1ximo el 70% de nuevas operaciones y el 60% de operaciones de renovaci\u00f3n.<\/p>\n<ul>\n<li><strong><u>&#8211; Plazo de solicitud de los avales.<\/u><\/strong><\/li>\n<\/ul>\n<p>Los avales podr\u00e1n solicitarse\u00a0<strong>hasta el 30 de septiembre de 2020<\/strong>. El plazo podr\u00e1 ampliarse, siempre en l\u00ednea con la normativa de Ayudas de Estado de la UE, por Acuerdo de Consejo de Ministros.<\/p>\n<ul>\n<li><strong><u>&#8211; Plazo de vencimiento m\u00e1ximo del aval.<\/u><\/strong><\/li>\n<\/ul>\n<p>El plazo del aval emitido coincidir\u00e1 con el plazo de la operaci\u00f3n hasta un <strong>m\u00e1ximo de 5 a\u00f1os<\/strong>.<\/p>\n<ul>\n<li><strong><u>&#8211; Derechos y obligaciones de las entidades financieras.<\/u><\/strong><\/li>\n<\/ul>\n<p>La entidad financiera decidir\u00e1 sobre la concesi\u00f3n de la correspondiente financiaci\u00f3n al cliente de acuerdo con sus procedimientos internos y pol\u00edticas de concesi\u00f3n y riesgos.<\/p>\n<p>Los costes de los nuevos pr\u00e9stamos y renovaciones que se beneficien de estos avales se mantendr\u00e1n en l\u00ednea con los costes cargados antes del inicio de la crisis del COVID-19, teniendo en cuenta la garant\u00eda p\u00fablica del aval y su coste de cobertura.<\/p>\n<p><strong>Las entidades financieras se comprometen a mantener al menos hasta 30 de septiembre de 2020 los l\u00edmites de las l\u00edneas de circulante concedidas a todos los clientes y en particular, a aquellos clientes cuyos pr\u00e9stamos resulten avalados.<\/strong><\/p>\n<p>Las entidades financieras se\u00f1alar\u00e1n en sus sistemas de contabilidad y de gesti\u00f3n del riesgo estas operaciones, con el fin de facilitar su trazabilidad. Posteriormente, incorporar\u00e1n esta se\u00f1alizaci\u00f3n en su declaraci\u00f3n a la Central de Informaci\u00f3n de Riesgos, siguiendo a tal efecto las instrucciones del Banco de Espa\u00f1a.<\/p>\n<p>&nbsp;<\/p>\n\r\n\t\t<style>\r\n\t\t\t.huge-it-share-buttons {\r\n\t\t\t\tborder:0px solid #0FB5D6;\r\n\t\t\t\tborder-radius:5px;\r\n\t\t\t\tbackground:#3BD8FF;\r\n\t\t\t text-align:left; \t\t\t\t\t\t\t\t\t}\r\n\r\n\t\t\t#huge-it-share-buttons-top {margin-bottom:0px;}\r\n\t\t\t#huge-it-share-buttons-bottom {margin-top:0px;}\r\n\r\n\t\t\t.huge-it-share-buttons h3 {\r\n\t\t\t\tfont-size:25px ;\r\n\t\t\t\tfont-family:Arial,Helvetica Neue,Helvetica,sans-serif;\r\n\t\t\t\tcolor:#666666;\r\n\r\n\t\t\tdisplay:block;\t\t\t\tline-height:25px ;\r\n\r\n\t\t\t text-align:left; \t\t\t\t\t\t\t\t\t}\r\n\r\n\t\t\t.huge-it-share-buttons ul {\r\n\t\t\t float:left; \t\t\t\t\t\t\t\t\t}\r\n\r\n\t\t\t.huge-it-share-buttons ul li {\r\n\t\t\t\tmargin-left:3px;\r\n\t\t\t\tmargin-right:3px;\r\n\t\t\t\tpadding:0px;\r\n\t\t\t\tborder:0px ridge #E6354C;\r\n\t\t\t\tborder-radius:11px;\r\n\t\t\t\tbackground-color:#14CC9B;\r\n\t\t\t}\r\n\r\n\t\t\t.huge-it-share-buttons ul li #backforunical4412 {\r\n\t\t\t\tborder-bottom: 0;\r\n\t\t\t\tbackground-image:url('https:\/\/www.fabregat-perulles-sales.com\/actualidad\/wp-content\/plugins\/wp-share-buttons\/Front_end\/..\/images\/buttons.30.png');\r\n\t\t\t\twidth:30px;\r\n\t\t\t\theight:30px;\r\n\t\t\t}\r\n\r\n\t\t\t.front-shares-count {\r\n\t\t\t\tposition: absolute;\r\n\t\t\t\ttext-align: center;\r\n\t\t\t\tdisplay: block;\r\n\t\t\t}\r\n\r\n\t\t\t.shares_size20 .front-shares-count {\r\n\t\t\t\tfont-size: 10px;\r\n\t\t\t\ttop: 10px;\r\n\t\t\t\twidth: 20px;\r\n\t\t\t}\r\n\r\n\t\t\t.shares_size30 .front-shares-count {\r\n\t\t\t\tfont-size: 11px;\r\n\t\t\t\ttop: 15px;\r\n\t\t\t\twidth: 30px;\r\n\t\t\t}\r\n\r\n\t\t\t.shares_size40 .front-shares-count {\r\n\t\t\t\tfont-size: 12px;\r\n\t\t\t\ttop: 21px;\r\n\t\t\t\twidth: 40px;\r\n\t\t\t}\r\n\t\t<\/style>\r\n\t\t\r\n\t\t<div id=\"huge-it-share-buttons-top\" class=\"huge-it-share-buttons nobackground\">\r\n\t\t\t<h3>Share This:<\/h3>\r\n\t\t\t<ul class=\"huge-it-share-buttons-list \">\r\n\t\t\t\t\t\t\t\t\t<li class=\"nobackground \" >\r\n\r\n\t\t\t\t\t\t\t\t\t\t\t\t<a id=\"backforunical4412\" href=\"https:\/\/www.facebook.com\/sharer\/sharer.php?u=www.fabregat-perulles-sales.com\/actualidad\/wp-json\/wp\/v2\/posts\/4412\"  onclick=\"javascript:void window.open('https:\/\/www.facebook.com\/sharer\/sharer.php?u=www.fabregat-perulles-sales.com\/actualidad\/wp-json\/wp\/v2\/posts\/4412','1410949501326','width=700,height=500,toolbar=0,menubar=0,location=0,status=1,scrollbars=1,resizable=1,left=0,top=0');return false;\" style=\"background-position: -0px -120px \"><\/a>\r\n\t\t\t\t\t<\/li>\r\n\t\t\t\t\t\t\t\t\t\t<li class=\"nobackground \" >\r\n\r\n\t\t\t\t\t\t\t\t\t\t\t\t<a id=\"backforunical4412\" href=\"https:\/\/twitter.com\/share?status=www.fabregat-perulles-sales.com\/actualidad\/wp-json\/wp\/v2\/posts\/4412&text=Caracter\u00edsticas del primer tramo de la l\u00ednea de avales del ICO para empresas y aut\u00f3nomos, para paliar los efectos econ\u00f3micos del COVID-19\"  onclick=\"javascript:void window.open('https:\/\/twitter.com\/share?status=www.fabregat-perulles-sales.com\/actualidad\/wp-json\/wp\/v2\/posts\/4412&text=Caracter\u00edsticas del primer tramo de la l\u00ednea de avales del ICO para empresas y aut\u00f3nomos, para paliar los efectos econ\u00f3micos del COVID-19','1410949501326','width=700,height=500,toolbar=0,menubar=0,location=0,status=1,scrollbars=1,resizable=1,left=0,top=0');return false;\" style=\"background-position: -30px -120px \"><\/a>\r\n\t\t\t\t\t<\/li>\r\n\t\t\t\t\t\t\t\t\t\t<li class=\"none nobackground \" >\r\n\r\n\t\t\t\t\t\t\t\t\t\t\t\t<a id=\"backforunical4412\" href=\"http:\/\/www.pinterest.com\/pin\/create\/button\/?url=www.fabregat-perulles-sales.com\/actualidad\/wp-json\/wp\/v2\/posts\/4412&media=https:\/\/www.fabregat-perulles-sales.com\/actualidad\/wp-content\/plugins\/wp-share-buttons\/Front_end\/..\/images\/noimage.png&description=Caracter\u00edsticas del primer tramo de la l\u00ednea de avales del ICO para empresas y aut\u00f3nomos, para paliar los efectos econ\u00f3micos del COVID-19\"  onclick=\"javascript:void window.open('http:\/\/www.pinterest.com\/pin\/create\/button\/?url=www.fabregat-perulles-sales.com\/actualidad\/wp-json\/wp\/v2\/posts\/4412&media=https:\/\/www.fabregat-perulles-sales.com\/actualidad\/wp-content\/plugins\/wp-share-buttons\/Front_end\/..\/images\/noimage.png&description=Caracter\u00edsticas del primer tramo de la l\u00ednea de avales del ICO para empresas y aut\u00f3nomos, para paliar los efectos econ\u00f3micos del COVID-19','1410949501326','width=700,height=500,toolbar=0,menubar=0,location=0,status=1,scrollbars=1,resizable=1,left=0,top=0');return false;\" style=\"background-position: -60px -120px \"><\/a>\r\n\t\t\t\t\t<\/li>\r\n\t\t\t\t\t\t\t\t\t\t<li class=\"none nobackground \" >\r\n\r\n\t\t\t\t\t\t\t\t\t\t\t\t<a id=\"backforunical4412\" href=\"https:\/\/plus.google.com\/share?url=www.fabregat-perulles-sales.com\/actualidad\/wp-json\/wp\/v2\/posts\/4412\"  onclick=\"javascript:void window.open('https:\/\/plus.google.com\/share?url=www.fabregat-perulles-sales.com\/actualidad\/wp-json\/wp\/v2\/posts\/4412','1410949501326','width=700,height=500,toolbar=0,menubar=0,location=0,status=1,scrollbars=1,resizable=1,left=0,top=0');return false;\" style=\"background-position: -90px -120px \"><\/a>\r\n\t\t\t\t\t<\/li>\r\n\t\t\t\t\t\t\t\t\t\t<li class=\"nobackground \" >\r\n\r\n\t\t\t\t\t\t\t\t\t\t\t\t<a id=\"backforunical4412\" href=\"https:\/\/www.linkedin.com\/shareArticle?title=Caracter\u00edsticas del primer tramo de la l\u00ednea de avales del ICO para empresas y aut\u00f3nomos, para paliar los efectos econ\u00f3micos del COVID-19&mini=true&url=https:\/\/www.fabregat-perulles-sales.com\/actualidad\/wp-json\/wp\/v2\/posts\/4412\"  onclick=\"javascript:void window.open('https:\/\/www.linkedin.com\/shareArticle?title=Caracter\u00edsticas del primer tramo de la l\u00ednea de avales del ICO para empresas y aut\u00f3nomos, para paliar los efectos econ\u00f3micos del COVID-19&mini=true&url=https:\/\/www.fabregat-perulles-sales.com\/actualidad\/wp-json\/wp\/v2\/posts\/4412','1410949501326','width=700,height=500,toolbar=0,menubar=0,location=0,status=1,scrollbars=1,resizable=1,left=0,top=0');return false;\" style=\"background-position: -120px -120px \"><\/a>\r\n\t\t\t\t\t<\/li>\r\n\t\t\t\t\t\t\t\t\t\t<li class=\"none nobackground \" >\r\n\r\n\t\t\t\t\t\t\t\t\t\t\t\t<a id=\"backforunical4412\" href=\"https:\/\/www.tumblr.com\/share\/link?url=www.fabregat-perulles-sales.com\/actualidad\/wp-json\/wp\/v2\/posts\/4412&name=Caracter\u00edsticas del primer tramo de la l\u00ednea de avales del ICO para empresas y aut\u00f3nomos, para paliar los efectos econ\u00f3micos del COVID-19\"  onclick=\"javascript:void window.open('https:\/\/www.tumblr.com\/share\/link?url=www.fabregat-perulles-sales.com\/actualidad\/wp-json\/wp\/v2\/posts\/4412&name=Caracter\u00edsticas del primer tramo de la l\u00ednea de avales del ICO para empresas y aut\u00f3nomos, para paliar los efectos econ\u00f3micos del COVID-19','1410949501326','width=700,height=500,toolbar=0,menubar=0,location=0,status=1,scrollbars=1,resizable=1,left=0,top=0');return false;\" style=\"background-position: -150px -120px \"><\/a>\r\n\t\t\t\t\t<\/li>\r\n\t\t\t\t\t\t\t\t\t\t<li class=\"none nobackground \" >\r\n\r\n\t\t\t\t\t\t\t\t\t\t\t\t<a id=\"backforunical4412\" href=\"http:\/\/digg.com\/submit?phase=2&url=www.fabregat-perulles-sales.com\/actualidad\/wp-json\/wp\/v2\/posts\/4412&title=Caracter\u00edsticas del primer tramo de la l\u00ednea de avales del ICO para empresas y aut\u00f3nomos, para paliar los efectos econ\u00f3micos del COVID-19\"  onclick=\"javascript:void window.open('http:\/\/digg.com\/submit?phase=2&url=www.fabregat-perulles-sales.com\/actualidad\/wp-json\/wp\/v2\/posts\/4412&title=Caracter\u00edsticas del primer tramo de la l\u00ednea de avales del ICO para empresas y aut\u00f3nomos, para paliar los efectos econ\u00f3micos del COVID-19','1410949501326','width=700,height=500,toolbar=0,menubar=0,location=0,status=1,scrollbars=1,resizable=1,left=0,top=0');return false;\" style=\"background-position: -180px -120px \"><\/a>\r\n\t\t\t\t\t<\/li>\r\n\t\t\t\t\t\t\t\t\t\t<li class=\"none nobackground \" >\r\n\r\n\t\t\t\t\t\t\t\t\t\t\t\t<a id=\"backforunical4412\" href=\"http:\/\/www.stumbleupon.com\/submit?url=www.fabregat-perulles-sales.com\/actualidad\/wp-json\/wp\/v2\/posts\/4412&title=Caracter\u00edsticas del primer tramo de la l\u00ednea de avales del ICO para empresas y aut\u00f3nomos, para paliar los efectos econ\u00f3micos del COVID-19\"  onclick=\"javascript:void window.open('http:\/\/www.stumbleupon.com\/submit?url=www.fabregat-perulles-sales.com\/actualidad\/wp-json\/wp\/v2\/posts\/4412&title=Caracter\u00edsticas del primer tramo de la l\u00ednea de avales del ICO para empresas y aut\u00f3nomos, para paliar los efectos econ\u00f3micos del COVID-19','1410949501326','width=700,height=500,toolbar=0,menubar=0,location=0,status=1,scrollbars=1,resizable=1,left=0,top=0');return false;\" style=\"background-position: -210px -120px \"><\/a>\r\n\t\t\t\t\t<\/li>\r\n\t\t\t\t\t\t\t\t\t\t<li class=\"none nobackground \" >\r\n\r\n\t\t\t\t\t\t\t\t\t\t\t\t<a id=\"backforunical4412\" href=\"https:\/\/myspace.com\/post?l=3&u=www.fabregat-perulles-sales.com\/actualidad\/wp-json\/wp\/v2\/posts\/4412\"  onclick=\"javascript:void window.open('https:\/\/myspace.com\/post?l=3&u=www.fabregat-perulles-sales.com\/actualidad\/wp-json\/wp\/v2\/posts\/4412','1410949501326','width=700,height=500,toolbar=0,menubar=0,location=0,status=1,scrollbars=1,resizable=1,left=0,top=0');return false;\" style=\"background-position: -240px -120px \"><\/a>\r\n\t\t\t\t\t<\/li>\r\n\t\t\t\t\t\t\t\t\t\t<li class=\"nobackground \" >\r\n\r\n\t\t\t\t\t\t\t\t\t\t\t\t<a id=\"backforunical4412\" href=\"http:\/\/vk.com\/share.php?url=www.fabregat-perulles-sales.com\/actualidad\/wp-json\/wp\/v2\/posts\/4412&title=Caracter\u00edsticas del primer tramo de la l\u00ednea de avales del ICO para empresas y aut\u00f3nomos, para paliar los efectos econ\u00f3micos del COVID-19\"  onclick=\"javascript:void window.open('http:\/\/vk.com\/share.php?url=www.fabregat-perulles-sales.com\/actualidad\/wp-json\/wp\/v2\/posts\/4412&title=Caracter\u00edsticas del primer tramo de la l\u00ednea de avales del ICO para empresas y aut\u00f3nomos, para paliar los efectos econ\u00f3micos del COVID-19','1410949501326','width=700,height=500,toolbar=0,menubar=0,location=0,status=1,scrollbars=1,resizable=1,left=0,top=0');return false;\" style=\"background-position: -270px -120px \"><\/a>\r\n\t\t\t\t\t<\/li>\r\n\t\t\t\t\t\t\t\t\t\t<li class=\"none nobackground \" >\r\n\r\n\t\t\t\t\t\t\t\t\t\t\t\t<a id=\"backforunical4412\" href=\"http:\/\/www.reddit.com\/submit?url=www.fabregat-perulles-sales.com\/actualidad\/wp-json\/wp\/v2\/posts\/4412&title=Caracter\u00edsticas del primer tramo de la l\u00ednea de avales del ICO para empresas y aut\u00f3nomos, para paliar los efectos econ\u00f3micos del COVID-19\"  onclick=\"javascript:void window.open('http:\/\/www.reddit.com\/submit?url=www.fabregat-perulles-sales.com\/actualidad\/wp-json\/wp\/v2\/posts\/4412&title=Caracter\u00edsticas del primer tramo de la l\u00ednea de avales del ICO para empresas y aut\u00f3nomos, para paliar los efectos econ\u00f3micos del COVID-19','1410949501326','width=700,height=500,toolbar=0,menubar=0,location=0,status=1,scrollbars=1,resizable=1,left=0,top=0');return false;\" style=\"background-position: -300px -120px \"><\/a>\r\n\t\t\t\t\t<\/li>\r\n\t\t\t\t\t\t\t\t\t\t<li class=\"none nobackground \" >\r\n\r\n\t\t\t\t\t\t\t\t\t\t\t\t<a id=\"backforunical4412\" href=\"http:\/\/www.bebo.com\/c\/share?Url=www.fabregat-perulles-sales.com\/actualidad\/wp-json\/wp\/v2\/posts\/4412\"  onclick=\"javascript:void window.open('http:\/\/www.bebo.com\/c\/share?Url=www.fabregat-perulles-sales.com\/actualidad\/wp-json\/wp\/v2\/posts\/4412','1410949501326','width=700,height=500,toolbar=0,menubar=0,location=0,status=1,scrollbars=1,resizable=1,left=0,top=0');return false;\" style=\"background-position: -330px -120px \"><\/a>\r\n\t\t\t\t\t<\/li>\r\n\t\t\t\t\t\t\t\t\t\t<li class=\"none nobackground \" >\r\n\r\n\t\t\t\t\t\t\t\t\t\t\t\t<a id=\"backforunical4412\" href=\"https:\/\/delicious.com\/save?v=5&noui&jump=close&url=www.fabregat-perulles-sales.com\/actualidad\/wp-json\/wp\/v2\/posts\/4412&title=Caracter\u00edsticas del primer tramo de la l\u00ednea de avales del ICO para empresas y aut\u00f3nomos, para paliar los efectos econ\u00f3micos del COVID-19\"  onclick=\"javascript:void window.open('https:\/\/delicious.com\/save?v=5&noui&jump=close&url=www.fabregat-perulles-sales.com\/actualidad\/wp-json\/wp\/v2\/posts\/4412&title=Caracter\u00edsticas del primer tramo de la l\u00ednea de avales del ICO para empresas y aut\u00f3nomos, para paliar los efectos econ\u00f3micos del COVID-19','1410949501326','width=700,height=500,toolbar=0,menubar=0,location=0,status=1,scrollbars=1,resizable=1,left=0,top=0');return false;\" style=\"background-position: -360px -120px \"><\/a>\r\n\t\t\t\t\t<\/li>\r\n\t\t\t\t\t\t\t\t\t\t<li class=\"none nobackground \" >\r\n\r\n\t\t\t\t\t\t\t\t\t\t\t\t<a id=\"backforunical4412\" href=\"http:\/\/www.odnoklassniki.ru\/dk?st.cmd=addShare&st.s=2&st.noresize=on&st._surl=www.fabregat-perulles-sales.com\/actualidad\/wp-json\/wp\/v2\/posts\/4412\"  onclick=\"javascript:void window.open('http:\/\/www.odnoklassniki.ru\/dk?st.cmd=addShare&st.s=2&st.noresize=on&st._surl=www.fabregat-perulles-sales.com\/actualidad\/wp-json\/wp\/v2\/posts\/4412','1410949501326','width=700,height=500,toolbar=0,menubar=0,location=0,status=1,scrollbars=1,resizable=1,left=0,top=0');return false;\" style=\"background-position: -390px -120px \"><\/a>\r\n\t\t\t\t\t<\/li>\r\n\t\t\t\t\t\t\t\t\t\t<li class=\"none nobackground \" >\r\n\r\n\t\t\t\t\t\t\t\t\t\t\t\t<a id=\"backforunical4412\" href=\"http:\/\/sns.qzone.qq.com\/cgi-bin\/qzshare\/cgi_qzshare_onekey?url=www.fabregat-perulles-sales.com\/actualidad\/wp-json\/wp\/v2\/posts\/4412&title=Caracter\u00edsticas del primer tramo de la l\u00ednea de avales del ICO para empresas y aut\u00f3nomos, para paliar los efectos econ\u00f3micos del COVID-19\"  onclick=\"javascript:void window.open('http:\/\/sns.qzone.qq.com\/cgi-bin\/qzshare\/cgi_qzshare_onekey?url=www.fabregat-perulles-sales.com\/actualidad\/wp-json\/wp\/v2\/posts\/4412&title=Caracter\u00edsticas del primer tramo de la l\u00ednea de avales del ICO para empresas y aut\u00f3nomos, para paliar los efectos econ\u00f3micos del COVID-19','1410949501326','width=700,height=500,toolbar=0,menubar=0,location=0,status=1,scrollbars=1,resizable=1,left=0,top=0');return false;\" style=\"background-position: -420px -120px \"><\/a>\r\n\t\t\t\t\t<\/li>\r\n\t\t\t\t\t\t\t\t\t\t<li class=\"none nobackground \" >\r\n\r\n\t\t\t\t\t\t\t\t\t\t\t\t<a id=\"backforunical4412\" href=\"http:\/\/service.weibo.com\/share\/share.php?url=www.fabregat-perulles-sales.com\/actualidad\/wp-json\/wp\/v2\/posts\/4412&appkey=&title=Caracter\u00edsticas del primer tramo de la l\u00ednea de avales del ICO para empresas y aut\u00f3nomos, para paliar los efectos econ\u00f3micos del COVID-19&pic=&ralateUid=&\"  onclick=\"javascript:void window.open('http:\/\/service.weibo.com\/share\/share.php?url=www.fabregat-perulles-sales.com\/actualidad\/wp-json\/wp\/v2\/posts\/4412&appkey=&title=Caracter\u00edsticas del primer tramo de la l\u00ednea de avales del ICO para empresas y aut\u00f3nomos, para paliar los efectos econ\u00f3micos del COVID-19&pic=&ralateUid=&','1410949501326','width=700,height=500,toolbar=0,menubar=0,location=0,status=1,scrollbars=1,resizable=1,left=0,top=0');return false;\" style=\"background-position: -450px -120px \"><\/a>\r\n\t\t\t\t\t<\/li>\r\n\t\t\t\t\t\t\t\t\t\t<li class=\"none nobackground \" >\r\n\r\n\t\t\t\t\t\t\t\t\t\t\t\t<a id=\"backforunical4412\" href=\"http:\/\/widget.renren.com\/dialog\/share?resourceUrl=www.fabregat-perulles-sales.com\/actualidad\/wp-json\/wp\/v2\/posts\/4412&srcUrl=www.fabregat-perulles-sales.com\/actualidad\/wp-json\/wp\/v2\/posts\/4412&title=Caracter\u00edsticas del primer tramo de la l\u00ednea de avales del ICO para empresas y aut\u00f3nomos, para paliar los efectos econ\u00f3micos del COVID-19\"  onclick=\"javascript:void window.open('http:\/\/widget.renren.com\/dialog\/share?resourceUrl=www.fabregat-perulles-sales.com\/actualidad\/wp-json\/wp\/v2\/posts\/4412&srcUrl=www.fabregat-perulles-sales.com\/actualidad\/wp-json\/wp\/v2\/posts\/4412&title=Caracter\u00edsticas del primer tramo de la l\u00ednea de avales del ICO para empresas y aut\u00f3nomos, para paliar los efectos econ\u00f3micos del COVID-19','1410949501326','width=700,height=500,toolbar=0,menubar=0,location=0,status=1,scrollbars=1,resizable=1,left=0,top=0');return false;\" style=\"background-position: -480px -120px \"><\/a>\r\n\t\t\t\t\t<\/li>\r\n\t\t\t\t\t\t\t\t\t\t<li class=\"none nobackground \" >\r\n\r\n\t\t\t\t\t\t\t\t\t\t\t\t<a id=\"backforunical4412\" href=\"http:\/\/n4g.com\/tips?url=www.fabregat-perulles-sales.com\/actualidad\/wp-json\/wp\/v2\/posts\/4412&title=Caracter\u00edsticas del primer tramo de la l\u00ednea de avales del ICO para empresas y aut\u00f3nomos, para paliar los efectos econ\u00f3micos del COVID-19\"  onclick=\"javascript:void window.open('http:\/\/n4g.com\/tips?url=www.fabregat-perulles-sales.com\/actualidad\/wp-json\/wp\/v2\/posts\/4412&title=Caracter\u00edsticas del primer tramo de la l\u00ednea de avales del ICO para empresas y aut\u00f3nomos, para paliar los efectos econ\u00f3micos del COVID-19','1410949501326','width=700,height=500,toolbar=0,menubar=0,location=0,status=1,scrollbars=1,resizable=1,left=0,top=0');return false;\" style=\"background-position: -510px -120px \"><\/a>\r\n\t\t\t\t\t<\/li>\r\n\t\t\t\t\t\t\t\t<\/ul>\r\n\t\t\t<div class=\"clear\"><\/div>\r\n\t\t<\/div>\r\n\t\t","protected":false},"excerpt":{"rendered":"<p>El Real Decreto-ley 8\/2020, de 17 de marzo, de medidas urgentes extraordinarias para hacer frente al impacto econ\u00f3mico y social del COVID-19, establece una serie de medidas para preservar la normalidad de los flujos de financiaci\u00f3n y los niveles de circulante y liquidez, para as\u00ed permitir que empresas y aut\u00f3nomos contin\u00faen abonando los salarios de\u2026 <span class=\"read-more\"><a href=\"https:\/\/www.fabregat-perulles-sales.com\/actualidad\/caracteristicas-del-primer-tramo-de-la-linea-de-avales-del-ico-para-empresas-y-autonomos-para-paliar-los-efectos-economicos-del-covid-19\/\">Read More &raquo;<\/a><\/span><\/p>\n","protected":false},"author":3,"featured_media":0,"comment_status":"open","ping_status":"closed","sticky":false,"template":"","format":"standard","meta":[],"categories":[6,457,3],"tags":[1761,1690,1689,1754,1760,36,1511],"yoast_head":"<!-- This site is optimized with the Yoast SEO plugin v20.2.1 - https:\/\/yoast.com\/wordpress\/plugins\/seo\/ -->\n<title>L\u00ednea de avales del ICO<\/title>\n<meta name=\"description\" content=\"Caracter\u00edsticas del primer tramo de la l\u00ednea de avales del ICO para empresas y aut\u00f3nomos, para paliar los efectos econ\u00f3micos del COVID-19\" \/>\n<meta name=\"robots\" content=\"index, follow, max-snippet:-1, max-image-preview:large, max-video-preview:-1\" \/>\n<link rel=\"canonical\" href=\"https:\/\/www.fabregat-perulles-sales.com\/actualidad\/caracteristicas-del-primer-tramo-de-la-linea-de-avales-del-ico-para-empresas-y-autonomos-para-paliar-los-efectos-economicos-del-covid-19\/\" \/>\n<meta property=\"og:locale\" content=\"en_US\" \/>\n<meta property=\"og:type\" content=\"article\" \/>\n<meta property=\"og:title\" content=\"L\u00ednea de avales del ICO\" \/>\n<meta property=\"og:description\" content=\"Caracter\u00edsticas del primer tramo de la l\u00ednea de avales del ICO para empresas y aut\u00f3nomos, para paliar los efectos econ\u00f3micos del COVID-19\" \/>\n<meta property=\"og:url\" content=\"https:\/\/www.fabregat-perulles-sales.com\/actualidad\/caracteristicas-del-primer-tramo-de-la-linea-de-avales-del-ico-para-empresas-y-autonomos-para-paliar-los-efectos-economicos-del-covid-19\/\" \/>\n<meta property=\"og:site_name\" content=\"International Lawyers\" \/>\n<meta property=\"article:published_time\" content=\"2020-03-27T13:53:21+00:00\" \/>\n<meta property=\"article:modified_time\" content=\"2020-03-27T13:54:40+00:00\" \/>\n<meta name=\"author\" content=\"Victor\" \/>\n<meta name=\"twitter:card\" content=\"summary_large_image\" \/>\n<meta name=\"twitter:label1\" content=\"Written by\" \/>\n\t<meta name=\"twitter:data1\" content=\"Victor\" \/>\n\t<meta name=\"twitter:label2\" content=\"Est. reading time\" \/>\n\t<meta name=\"twitter:data2\" content=\"6 minutes\" \/>\n<script type=\"application\/ld+json\" class=\"yoast-schema-graph\">{\"@context\":\"https:\/\/schema.org\",\"@graph\":[{\"@type\":\"WebPage\",\"@id\":\"https:\/\/www.fabregat-perulles-sales.com\/actualidad\/caracteristicas-del-primer-tramo-de-la-linea-de-avales-del-ico-para-empresas-y-autonomos-para-paliar-los-efectos-economicos-del-covid-19\/\",\"url\":\"https:\/\/www.fabregat-perulles-sales.com\/actualidad\/caracteristicas-del-primer-tramo-de-la-linea-de-avales-del-ico-para-empresas-y-autonomos-para-paliar-los-efectos-economicos-del-covid-19\/\",\"name\":\"L\u00ednea de avales del ICO\",\"isPartOf\":{\"@id\":\"https:\/\/www.fabregat-perulles-sales.com\/actualidad\/#website\"},\"datePublished\":\"2020-03-27T13:53:21+00:00\",\"dateModified\":\"2020-03-27T13:54:40+00:00\",\"author\":{\"@id\":\"https:\/\/www.fabregat-perulles-sales.com\/actualidad\/#\/schema\/person\/cabc1d68c7778f01d5e069c2d98442e3\"},\"description\":\"Caracter\u00edsticas del primer tramo de la l\u00ednea de avales del ICO para empresas y aut\u00f3nomos, para paliar los efectos econ\u00f3micos del COVID-19\",\"breadcrumb\":{\"@id\":\"https:\/\/www.fabregat-perulles-sales.com\/actualidad\/caracteristicas-del-primer-tramo-de-la-linea-de-avales-del-ico-para-empresas-y-autonomos-para-paliar-los-efectos-economicos-del-covid-19\/#breadcrumb\"},\"inLanguage\":\"en-US\",\"potentialAction\":[{\"@type\":\"ReadAction\",\"target\":[\"https:\/\/www.fabregat-perulles-sales.com\/actualidad\/caracteristicas-del-primer-tramo-de-la-linea-de-avales-del-ico-para-empresas-y-autonomos-para-paliar-los-efectos-economicos-del-covid-19\/\"]}]},{\"@type\":\"BreadcrumbList\",\"@id\":\"https:\/\/www.fabregat-perulles-sales.com\/actualidad\/caracteristicas-del-primer-tramo-de-la-linea-de-avales-del-ico-para-empresas-y-autonomos-para-paliar-los-efectos-economicos-del-covid-19\/#breadcrumb\",\"itemListElement\":[{\"@type\":\"ListItem\",\"position\":1,\"name\":\"Home\",\"item\":\"https:\/\/www.fabregat-perulles-sales.com\/actualidad\/\"},{\"@type\":\"ListItem\",\"position\":2,\"name\":\"Caracter\u00edsticas del primer tramo de la l\u00ednea de avales del ICO para empresas y aut\u00f3nomos, para paliar los efectos econ\u00f3micos del COVID-19\"}]},{\"@type\":\"WebSite\",\"@id\":\"https:\/\/www.fabregat-perulles-sales.com\/actualidad\/#website\",\"url\":\"https:\/\/www.fabregat-perulles-sales.com\/actualidad\/\",\"name\":\"www.fabregat-perulles-sales.com\",\"description\":\"Fabregat Perulles Sales Abogados is a law firm of reference international market in the Spanish-German, Spanish-French, and Spanish-Italian. Is one of the first firms in Barcelona offering a Russian Desk.\",\"potentialAction\":[{\"@type\":\"SearchAction\",\"target\":{\"@type\":\"EntryPoint\",\"urlTemplate\":\"https:\/\/www.fabregat-perulles-sales.com\/actualidad\/?s={search_term_string}\"},\"query-input\":\"required name=search_term_string\"}],\"inLanguage\":\"en-US\"},{\"@type\":\"Person\",\"@id\":\"https:\/\/www.fabregat-perulles-sales.com\/actualidad\/#\/schema\/person\/cabc1d68c7778f01d5e069c2d98442e3\",\"name\":\"Victor\",\"image\":{\"@type\":\"ImageObject\",\"inLanguage\":\"en-US\",\"@id\":\"https:\/\/www.fabregat-perulles-sales.com\/actualidad\/#\/schema\/person\/image\/\",\"url\":\"https:\/\/secure.gravatar.com\/avatar\/756cb666a964d2960ffe307b8a53b271?s=96&d=mm&r=g\",\"contentUrl\":\"https:\/\/secure.gravatar.com\/avatar\/756cb666a964d2960ffe307b8a53b271?s=96&d=mm&r=g\",\"caption\":\"Victor\"},\"sameAs\":[\"http:\/\/www.fabregat-perulles-sales.com\"],\"url\":\"https:\/\/www.fabregat-perulles-sales.com\/actualidad\/author\/victor\/\"}]}<\/script>\n<!-- \/ Yoast SEO plugin. -->","yoast_head_json":{"title":"L\u00ednea de avales del ICO","description":"Caracter\u00edsticas del primer tramo de la l\u00ednea de avales del ICO para empresas y aut\u00f3nomos, para paliar los efectos econ\u00f3micos del COVID-19","robots":{"index":"index","follow":"follow","max-snippet":"max-snippet:-1","max-image-preview":"max-image-preview:large","max-video-preview":"max-video-preview:-1"},"canonical":"https:\/\/www.fabregat-perulles-sales.com\/actualidad\/caracteristicas-del-primer-tramo-de-la-linea-de-avales-del-ico-para-empresas-y-autonomos-para-paliar-los-efectos-economicos-del-covid-19\/","og_locale":"en_US","og_type":"article","og_title":"L\u00ednea de avales del ICO","og_description":"Caracter\u00edsticas del primer tramo de la l\u00ednea de avales del ICO para empresas y aut\u00f3nomos, para paliar los efectos econ\u00f3micos del COVID-19","og_url":"https:\/\/www.fabregat-perulles-sales.com\/actualidad\/caracteristicas-del-primer-tramo-de-la-linea-de-avales-del-ico-para-empresas-y-autonomos-para-paliar-los-efectos-economicos-del-covid-19\/","og_site_name":"International Lawyers","article_published_time":"2020-03-27T13:53:21+00:00","article_modified_time":"2020-03-27T13:54:40+00:00","author":"Victor","twitter_card":"summary_large_image","twitter_misc":{"Written by":"Victor","Est. reading time":"6 minutes"},"schema":{"@context":"https:\/\/schema.org","@graph":[{"@type":"WebPage","@id":"https:\/\/www.fabregat-perulles-sales.com\/actualidad\/caracteristicas-del-primer-tramo-de-la-linea-de-avales-del-ico-para-empresas-y-autonomos-para-paliar-los-efectos-economicos-del-covid-19\/","url":"https:\/\/www.fabregat-perulles-sales.com\/actualidad\/caracteristicas-del-primer-tramo-de-la-linea-de-avales-del-ico-para-empresas-y-autonomos-para-paliar-los-efectos-economicos-del-covid-19\/","name":"L\u00ednea de avales del ICO","isPartOf":{"@id":"https:\/\/www.fabregat-perulles-sales.com\/actualidad\/#website"},"datePublished":"2020-03-27T13:53:21+00:00","dateModified":"2020-03-27T13:54:40+00:00","author":{"@id":"https:\/\/www.fabregat-perulles-sales.com\/actualidad\/#\/schema\/person\/cabc1d68c7778f01d5e069c2d98442e3"},"description":"Caracter\u00edsticas del primer tramo de la l\u00ednea de avales del ICO para empresas y aut\u00f3nomos, para paliar los efectos econ\u00f3micos del COVID-19","breadcrumb":{"@id":"https:\/\/www.fabregat-perulles-sales.com\/actualidad\/caracteristicas-del-primer-tramo-de-la-linea-de-avales-del-ico-para-empresas-y-autonomos-para-paliar-los-efectos-economicos-del-covid-19\/#breadcrumb"},"inLanguage":"en-US","potentialAction":[{"@type":"ReadAction","target":["https:\/\/www.fabregat-perulles-sales.com\/actualidad\/caracteristicas-del-primer-tramo-de-la-linea-de-avales-del-ico-para-empresas-y-autonomos-para-paliar-los-efectos-economicos-del-covid-19\/"]}]},{"@type":"BreadcrumbList","@id":"https:\/\/www.fabregat-perulles-sales.com\/actualidad\/caracteristicas-del-primer-tramo-de-la-linea-de-avales-del-ico-para-empresas-y-autonomos-para-paliar-los-efectos-economicos-del-covid-19\/#breadcrumb","itemListElement":[{"@type":"ListItem","position":1,"name":"Home","item":"https:\/\/www.fabregat-perulles-sales.com\/actualidad\/"},{"@type":"ListItem","position":2,"name":"Caracter\u00edsticas del primer tramo de la l\u00ednea de avales del ICO para empresas y aut\u00f3nomos, para paliar los efectos econ\u00f3micos del COVID-19"}]},{"@type":"WebSite","@id":"https:\/\/www.fabregat-perulles-sales.com\/actualidad\/#website","url":"https:\/\/www.fabregat-perulles-sales.com\/actualidad\/","name":"www.fabregat-perulles-sales.com","description":"Fabregat Perulles Sales Abogados is a law firm of reference international market in the Spanish-German, Spanish-French, and Spanish-Italian. Is one of the first firms in Barcelona offering a Russian Desk.","potentialAction":[{"@type":"SearchAction","target":{"@type":"EntryPoint","urlTemplate":"https:\/\/www.fabregat-perulles-sales.com\/actualidad\/?s={search_term_string}"},"query-input":"required name=search_term_string"}],"inLanguage":"en-US"},{"@type":"Person","@id":"https:\/\/www.fabregat-perulles-sales.com\/actualidad\/#\/schema\/person\/cabc1d68c7778f01d5e069c2d98442e3","name":"Victor","image":{"@type":"ImageObject","inLanguage":"en-US","@id":"https:\/\/www.fabregat-perulles-sales.com\/actualidad\/#\/schema\/person\/image\/","url":"https:\/\/secure.gravatar.com\/avatar\/756cb666a964d2960ffe307b8a53b271?s=96&d=mm&r=g","contentUrl":"https:\/\/secure.gravatar.com\/avatar\/756cb666a964d2960ffe307b8a53b271?s=96&d=mm&r=g","caption":"Victor"},"sameAs":["http:\/\/www.fabregat-perulles-sales.com"],"url":"https:\/\/www.fabregat-perulles-sales.com\/actualidad\/author\/victor\/"}]}},"amp_enabled":true,"_links":{"self":[{"href":"https:\/\/www.fabregat-perulles-sales.com\/actualidad\/wp-json\/wp\/v2\/posts\/4412"}],"collection":[{"href":"https:\/\/www.fabregat-perulles-sales.com\/actualidad\/wp-json\/wp\/v2\/posts"}],"about":[{"href":"https:\/\/www.fabregat-perulles-sales.com\/actualidad\/wp-json\/wp\/v2\/types\/post"}],"author":[{"embeddable":true,"href":"https:\/\/www.fabregat-perulles-sales.com\/actualidad\/wp-json\/wp\/v2\/users\/3"}],"replies":[{"embeddable":true,"href":"https:\/\/www.fabregat-perulles-sales.com\/actualidad\/wp-json\/wp\/v2\/comments?post=4412"}],"version-history":[{"count":9,"href":"https:\/\/www.fabregat-perulles-sales.com\/actualidad\/wp-json\/wp\/v2\/posts\/4412\/revisions"}],"predecessor-version":[{"id":4421,"href":"https:\/\/www.fabregat-perulles-sales.com\/actualidad\/wp-json\/wp\/v2\/posts\/4412\/revisions\/4421"}],"wp:attachment":[{"href":"https:\/\/www.fabregat-perulles-sales.com\/actualidad\/wp-json\/wp\/v2\/media?parent=4412"}],"wp:term":[{"taxonomy":"category","embeddable":true,"href":"https:\/\/www.fabregat-perulles-sales.com\/actualidad\/wp-json\/wp\/v2\/categories?post=4412"},{"taxonomy":"post_tag","embeddable":true,"href":"https:\/\/www.fabregat-perulles-sales.com\/actualidad\/wp-json\/wp\/v2\/tags?post=4412"}],"curies":[{"name":"wp","href":"https:\/\/api.w.org\/{rel}","templated":true}]}}