{"id":438,"date":"2013-06-28T10:57:44","date_gmt":"2013-06-28T08:57:44","guid":{"rendered":"http:\/\/www.fabregat-perulles-sales.com\/actualidad\/?p=438"},"modified":"2014-11-26T14:45:18","modified_gmt":"2014-11-26T12:45:18","slug":"actualidad-juridica-derecho-civil","status":"publish","type":"post","link":"https:\/\/www.fabregat-perulles-sales.com\/actualidad\/actualidad-juridica-derecho-civil\/","title":{"rendered":"ACTUALIDAD JUR\u00cdDICA: Derecho Civil"},"content":{"rendered":"<p><b>i) <a href=\"http:\/\/noticias.juridicas.com\/base_datos\/Privado\/l5-2012.html\" target=\"_blank\">Ley 5\/2012, de 6 de julio, de MEDIACI\u00d3N en asuntos civiles y mercantiles<\/a><\/b><\/p>\n<p><strong>Es la norma por la cual se sistematiza en Espa\u00f1a una instituci\u00f3n de resoluci\u00f3n de controversias alternativa y adaptada a las tendencias legislativas europeas. Destacamos algunos puntos: <\/strong><\/p>\n<p>&#8211;\u00a0\u00a0\u00a0\u00a0\u00a0\u00a0\u00a0\u00a0 <strong>Su campo de aplicaci\u00f3n incluye <\/strong><strong>tanto conflictos nacionales como internacionales<\/strong><strong>.<\/strong><b><\/b><\/p>\n<p>&#8211;\u00a0\u00a0\u00a0\u00a0\u00a0\u00a0\u00a0\u00a0 Concreta el momento y duraci\u00f3n de la suspensi\u00f3n de la <strong>prescripci\u00f3n y la caducidad<\/strong> derivada de la mediaci\u00f3n.<\/p>\n<p>&#8211;\u00a0\u00a0\u00a0\u00a0\u00a0\u00a0\u00a0\u00a0 Se fija con claridad el \u00e1mbito de actuaci\u00f3n de las <strong>instituciones de mediaci\u00f3n<\/strong>.<\/p>\n<p>&#8211;\u00a0\u00a0\u00a0\u00a0\u00a0\u00a0\u00a0\u00a0 Se <strong>refuerza el principio de confidencialidad<\/strong> como base de la mediaci\u00f3n<\/p>\n<p><!--more--><\/p>\n<p>&#8211;\u00a0\u00a0\u00a0\u00a0\u00a0\u00a0\u00a0\u00a0 Establece una salvaguarda ante situaciones de urgencia (<strong>solicitud de medidas cautelares<\/strong>)<\/p>\n<p><strong>&#8211;\u00a0\u00a0\u00a0\u00a0\u00a0\u00a0\u00a0\u00a0 <\/strong>Las <strong>personas jur\u00eddicas<\/strong> podr\u00e1n ejercer la mediaci\u00f3n<strong> <\/strong>pero ser\u00e1 necesario que <strong>act\u00faen a<\/strong> <strong>trav\u00e9s de una persona natural<\/strong>.<strong><\/strong><\/p>\n<p>&#8211;\u00a0\u00a0\u00a0\u00a0\u00a0\u00a0\u00a0\u00a0 En cuanto a las condiciones para ejercer de mediador, se requiere ante todo estar en posesi\u00f3n de<strong> t\u00edtulo oficial universitario o de formaci\u00f3n profesional superior<\/strong>.<\/p>\n<p><strong>&#8211;\u00a0\u00a0\u00a0\u00a0\u00a0\u00a0\u00a0\u00a0 <\/strong>Se establece la posibilidad de que las actuaciones de mediaci\u00f3n puedan realizarse por <strong>videoconferencia.<\/strong><strong><\/strong><\/p>\n<p><strong>&#8211;\u00a0\u00a0\u00a0\u00a0\u00a0\u00a0\u00a0\u00a0 <\/strong><strong>Se regula el procedimiento de mediaci\u00f3n, formas de solicitud, informaci\u00f3n\u00a0 y sesiones informativas, sesi\u00f3n constitutiva, duraci\u00f3n del procedimiento, desarrollo de las actuaciones de medicaci\u00f3n y terminaci\u00f3n.\u00a0\u00a0 <\/strong><strong><\/strong><\/p>\n<p><strong>&#8211;\u00a0\u00a0\u00a0\u00a0\u00a0\u00a0\u00a0\u00a0 <\/strong><strong>El acuerdo de mediaci\u00f3n, podr\u00e1 ser total o parcial, deber\u00e1 constar la identidad y objeto de la mediaci\u00f3n. Las partes podr\u00e1n instar la elevaci\u00f3n a p\u00fablico del acuerdo de mediaci\u00f3n y as\u00ed obtener naturaleza de t\u00edtulo ejecutivo.(art. <a href=\"http:\/\/noticias.juridicas.com\/base_datos\/Privado\/l1-2000.l3t1.html#a517\" target=\"_blank\">517 LEC<\/a>) <\/strong><strong><\/strong><\/p>\n<p>&#8211;\u00a0\u00a0\u00a0\u00a0\u00a0\u00a0\u00a0\u00a0 <strong>La impugnaci\u00f3n del acuerdo tan solo podr\u00e1 ser invocada por las causas de invalidez de\u00a0 los contratos. \u00a0\u00a0\u00a0\u00a0\u00a0<\/strong><b><\/b><\/p>\n<p><b>\u00a0<\/b><\/p>\n<p><b>\u00a0<\/b><\/p>\n<p><b>ii.) <a href=\"http:\/\/noticias.juridicas.com\/base_datos\/Privado\/l4-2012.html\" target=\"_blank\">Ley 4\/2012, de 6 de julio, de contratos de aprovechamiento por turno de bienes de uso tur\u00edstico, de adquisici\u00f3n de productos vacacionales de larga duraci\u00f3n, de reventa y de intercambio y normas tributarias.<\/a><\/b><\/p>\n<p><b>\u00a0<\/b><\/p>\n<p>Modifica el r\u00e9gimen del <a href=\"http:\/\/noticias.juridicas.com\/base_datos\/Derogadas\/r0-rdl8-2012.html\" target=\"_blank\">Real Decreto-ley 8\/2012, de 16 de marzo<\/a>. Los puntos m\u00e1s destacables son los siguientes:<\/p>\n<p>&nbsp;<\/p>\n<p>&#8211;\u00a0\u00a0\u00a0\u00a0\u00a0\u00a0\u00a0\u00a0 El \u00e1mbito de aplicaci\u00f3n de la norma son los contratos de comercializaci\u00f3n, venta y reventa de derechos de aprovechamiento por turno de bienes de uso tur\u00edstico y de productos vacacionales de larga duraci\u00f3n, as\u00ed como los contratos de intercambio.<\/p>\n<p>&nbsp;<\/p>\n<p>&#8211;\u00a0\u00a0\u00a0\u00a0\u00a0\u00a0\u00a0\u00a0 Refuerza la necesaria <b>protecci\u00f3n de los consumidores en cuanto a los requisitos de publicad, informaci\u00f3n previa y precontractual, <\/b>\u00a0facult\u00e1ndolos en caso de incumplimiento, a resolver el contrato. \u00a0\u00a0Es importante destacar que todas las ofertas precontractuales deber\u00e1n indicar la facultad del consumidor de desistir del contrato en un plazo de 14 d\u00edas \u00a0as\u00ed como la prohibici\u00f3n del pago de anticipos.<\/p>\n<p>&nbsp;<\/p>\n<p>&#8211;\u00a0\u00a0\u00a0\u00a0\u00a0\u00a0\u00a0\u00a0 Contempla la obligaci\u00f3n de que los <b>contratos se redacten adem\u00e1s en castellano<\/b>, si el consumidor es residente en Espa\u00f1a o el empresario ejerce aqu\u00ed sus actividades, y, en su caso, a petici\u00f3n de cualquiera de las partes, podr\u00e1 redactarse tambi\u00e9n en cualquiera de las otras lenguas espa\u00f1olas oficiales en el lugar de celebraci\u00f3n del contrato.<\/p>\n<p>&nbsp;<\/p>\n<p>&#8211;\u00a0\u00a0\u00a0\u00a0\u00a0\u00a0\u00a0\u00a0 Aclara y precisa el <b>alcance del precepto relativo al r\u00e9gimen de aprovechamiento por turno<\/b> en el caso espec\u00edfico de edificios, conjunto inmobiliario o sector de ellos arquitect\u00f3nicamente diferenciado en el que se permite que un mismo conjunto inmobiliario est\u00e9 sujeto, al tiempo, a un r\u00e9gimen de derechos de aprovechamiento por turno y a otro tipo de explotaci\u00f3n tur\u00edstica.<\/p>\n<p><b>\u00a0<\/b><\/p>\n<p>&#8211;\u00a0\u00a0\u00a0\u00a0\u00a0\u00a0\u00a0\u00a0 El car\u00e1cter proteccionista de la norma a favor del consumidor se complementa con el establecimiento de una acci\u00f3n espec\u00edfica de cesaci\u00f3n y de un r\u00e9gimen sancionador y\u00a0 las eventuales infracci\u00f3n se consideraci\u00f3n infracci\u00f3n en materia de \u00a0consumo.<\/p>\n<p><b>\u00a0<\/b><\/p>\n<p>&#8211;\u00a0\u00a0\u00a0\u00a0\u00a0\u00a0\u00a0\u00a0 Se <b>proh\u00edbe de forma expresa el empleo de la palabra propiedad o multipropiedad<\/b>\u00a0 en los t\u00edtulos que legitimen el uso por turnos del inmueble. La ley requiere la formalizaci\u00f3n en escritura del r\u00e9gimen de aprovechamiento por turnos y su inscripci\u00f3n en el registro de la propiedad.<\/p>\n<p><b>\u00a0<\/b><\/p>\n<p>&#8211;\u00a0\u00a0\u00a0\u00a0\u00a0\u00a0\u00a0\u00a0 La adquisici\u00f3n y transmisi\u00f3n de derechos de aprovechamiento por turno podr\u00e1 inscribirse en el Registro de la Propiedad, siempre que el contrato se haya celebrado o formalizado mediante escritura p\u00fablica.<\/p>\n<p>&nbsp;<\/p>\n<p>&#8211;\u00a0\u00a0\u00a0\u00a0\u00a0\u00a0\u00a0\u00a0 La ley no es de aplicaci\u00f3n a los contratos preexistentes.<\/p>\n<p><b>\u00a0<\/b><\/p>\n<p><b>iii.) <a href=\"http:\/\/portaljuridico.lexnova.es\/legislacion\/JURIDICO\/137711\/reglamento-ue-n-650-2012-del-parlamento-europeo-y-del-consejo-de-4-de-julio-de-2012-relativo-a\" target=\"_blank\">REGLAMENTO (UE) n.\u00ba\u00a0650\/2012 del Parlamento Europeo y del Consejo, de 4\u00a0de julio de 2012, relativo a la competencia, la ley aplicable, el reconocimiento y la ejecuci\u00f3n de las resoluciones, a la aceptaci\u00f3n y la ejecuci\u00f3n de los documentos p\u00fablicos en materia de <\/a><span style=\"text-decoration: underline;\"><a href=\"http:\/\/portaljuridico.lexnova.es\/legislacion\/JURIDICO\/137711\/reglamento-ue-n-650-2012-del-parlamento-europeo-y-del-consejo-de-4-de-julio-de-2012-relativo-a\" target=\"_blank\">SUCESIONES <i>mortis causa<\/i> y a la creaci\u00f3n de un certificado sucesorio europeo<\/a>.<\/span><\/b><b><\/b><\/p>\n<p>La nueva norma publicada el <strong><a href=\"http:\/\/www.ceflegal.com\/doc\/verdocumento.aspx?lista=si&amp;referencia=NCL010742&amp;producto=301&amp;pto_entrada=0\" target=\"_blank\">27 de julio<\/a> <\/strong><strong>de 2012<\/strong>, trata de facilitar a los ciudadanos europeos la tramitaci\u00f3n jur\u00eddica del testamento o la sucesi\u00f3n internacional, disponiendo los Estados miembros de <strong>3 a\u00f1os para adaptar sus legislaciones nacionales<\/strong> y hacer efectiva la aplicaci\u00f3n de las nuevas normas de la UE en materia de sucesiones.<\/p>\n<p>El \u00e1mbito de aplicaci\u00f3n de la ley designada por el Reglamento es sumamente amplio y pretende abarcar la totalidad de la sucesi\u00f3n, tanto en los aspectos formales del documentos sucesorios o disposiciones \u201cmortis causas\u201d como en sus aspectos sustantivos.<\/p>\n<p>&nbsp;<\/p>\n<p>Como novedad importante, el Reglamento otorga libertad a los ciudadanos para organizar su sucesi\u00f3n, mediante la elecci\u00f3n de la ley aplicable a \u00e9sta, limit\u00e1ndose a <b>poder elegir la<\/b> <strong>ley de su nacionalidad<\/strong>. A falta de elecci\u00f3n se establece la regla general de la aplicaci\u00f3n de la ley de la \u00faltima residencia habitual del causante, si bien con excepciones.<\/p>\n<p>A falta de elecci\u00f3n expresa, el Reglamento establece, <b><span style=\"text-decoration: underline;\">la competencia de los juzgados <\/span><\/b><span style=\"text-decoration: underline;\">correspondientes al lugar de <b>residencia habitual del causante en el momento del fallecimiento<\/b><\/span>.<\/p>\n<p>Asimismo se crea el <b>certificado sucesorio europeo<\/b> (de utilizaci\u00f3n no obligatoria) que se expedir\u00e1 para ser utilizado por los herederos, legatarios que tengan derechos directos en la herencia y ejecutores testamentarios o administradores de la herencia que necesiten invocar, en otro Estado miembro, su cualidad de tales o ejercer sus derechos como herederos o legatarios, o bien sus facultades como ejecutores testamentarios o administradores de la herencia. Dicho certificado unitario deber\u00e1 suponer, por lo menos, la <b>supresi\u00f3n del requisito de la Apostilla de La Haya<\/b>, as\u00ed como de costosas traducciones en el tr\u00e1fico jur\u00eddico transfronterizo.<\/p>\n<p>Por \u00faltimo, merece la pena destacar el <b><span style=\"text-decoration: underline;\">r\u00e9gimen transitorio<\/span><\/b> del Reglamento ya que, a pesar de que sus normas tan solo se aplicar\u00e1n a la sucesi\u00f3n de las personas que fallezcan a partir del <b>17 de agosto de 2015<\/b>, las disposiciones testamentarias efectuadas con anterioridad a dicha fecha ser\u00e1n v\u00e1lidas a los efectos del reglamente si las mismas re\u00fanen requisitos exigidos por el reglamento para su validez.<\/p>\n<p>&nbsp;<\/p>\n<p><b>iv.) <\/b><b>Nuevo Plan Estatal Nacional de Infancia y Adolescencia 2013-2016, aprobado el 5 de abril de 2013 por el Consejo de Ministros<\/b><\/p>\n<p>&nbsp;<\/p>\n<p>Las nuevas medidas adoptadas por el Ministerio de Sanidad, Servicios Sociales e Igualdad van enfocadas a mejorar la protecci\u00f3n de los ni\u00f1os y ni\u00f1as y a evitar que sean v\u00edctimas de la violencia, en cualquiera de sus formas.<\/p>\n\r\n\t\t<style>\r\n\t\t\t.huge-it-share-buttons {\r\n\t\t\t\tborder:0px solid #0FB5D6;\r\n\t\t\t\tborder-radius:5px;\r\n\t\t\t\tbackground:#3BD8FF;\r\n\t\t\t text-align:left; \t\t\t\t\t\t\t\t\t}\r\n\r\n\t\t\t#huge-it-share-buttons-top {margin-bottom:0px;}\r\n\t\t\t#huge-it-share-buttons-bottom {margin-top:0px;}\r\n\r\n\t\t\t.huge-it-share-buttons h3 {\r\n\t\t\t\tfont-size:25px ;\r\n\t\t\t\tfont-family:Arial,Helvetica Neue,Helvetica,sans-serif;\r\n\t\t\t\tcolor:#666666;\r\n\r\n\t\t\tdisplay:block;\t\t\t\tline-height:25px ;\r\n\r\n\t\t\t text-align:left; \t\t\t\t\t\t\t\t\t}\r\n\r\n\t\t\t.huge-it-share-buttons ul {\r\n\t\t\t float:left; \t\t\t\t\t\t\t\t\t}\r\n\r\n\t\t\t.huge-it-share-buttons ul li {\r\n\t\t\t\tmargin-left:3px;\r\n\t\t\t\tmargin-right:3px;\r\n\t\t\t\tpadding:0px;\r\n\t\t\t\tborder:0px ridge #E6354C;\r\n\t\t\t\tborder-radius:11px;\r\n\t\t\t\tbackground-color:#14CC9B;\r\n\t\t\t}\r\n\r\n\t\t\t.huge-it-share-buttons ul li #backforunical438 {\r\n\t\t\t\tborder-bottom: 0;\r\n\t\t\t\tbackground-image:url('https:\/\/www.fabregat-perulles-sales.com\/actualidad\/wp-content\/plugins\/wp-share-buttons\/Front_end\/..\/images\/buttons.30.png');\r\n\t\t\t\twidth:30px;\r\n\t\t\t\theight:30px;\r\n\t\t\t}\r\n\r\n\t\t\t.front-shares-count {\r\n\t\t\t\tposition: absolute;\r\n\t\t\t\ttext-align: center;\r\n\t\t\t\tdisplay: block;\r\n\t\t\t}\r\n\r\n\t\t\t.shares_size20 .front-shares-count {\r\n\t\t\t\tfont-size: 10px;\r\n\t\t\t\ttop: 10px;\r\n\t\t\t\twidth: 20px;\r\n\t\t\t}\r\n\r\n\t\t\t.shares_size30 .front-shares-count {\r\n\t\t\t\tfont-size: 11px;\r\n\t\t\t\ttop: 15px;\r\n\t\t\t\twidth: 30px;\r\n\t\t\t}\r\n\r\n\t\t\t.shares_size40 .front-shares-count {\r\n\t\t\t\tfont-size: 12px;\r\n\t\t\t\ttop: 21px;\r\n\t\t\t\twidth: 40px;\r\n\t\t\t}\r\n\t\t<\/style>\r\n\t\t\r\n\t\t<div id=\"huge-it-share-buttons-top\" class=\"huge-it-share-buttons nobackground\">\r\n\t\t\t<h3>Share This:<\/h3>\r\n\t\t\t<ul class=\"huge-it-share-buttons-list \">\r\n\t\t\t\t\t\t\t\t\t<li class=\"nobackground \" >\r\n\r\n\t\t\t\t\t\t\t\t\t\t\t\t<a id=\"backforunical438\" href=\"https:\/\/www.facebook.com\/sharer\/sharer.php?u=www.fabregat-perulles-sales.com\/actualidad\/wp-json\/wp\/v2\/posts\/438\"  onclick=\"javascript:void window.open('https:\/\/www.facebook.com\/sharer\/sharer.php?u=www.fabregat-perulles-sales.com\/actualidad\/wp-json\/wp\/v2\/posts\/438','1410949501326','width=700,height=500,toolbar=0,menubar=0,location=0,status=1,scrollbars=1,resizable=1,left=0,top=0');return false;\" style=\"background-position: -0px -120px \"><\/a>\r\n\t\t\t\t\t<\/li>\r\n\t\t\t\t\t\t\t\t\t\t<li class=\"nobackground \" >\r\n\r\n\t\t\t\t\t\t\t\t\t\t\t\t<a id=\"backforunical438\" href=\"https:\/\/twitter.com\/share?status=www.fabregat-perulles-sales.com\/actualidad\/wp-json\/wp\/v2\/posts\/438&text=ACTUALIDAD JUR\u00cdDICA: Derecho Civil\"  onclick=\"javascript:void window.open('https:\/\/twitter.com\/share?status=www.fabregat-perulles-sales.com\/actualidad\/wp-json\/wp\/v2\/posts\/438&text=ACTUALIDAD JUR\u00cdDICA: Derecho Civil','1410949501326','width=700,height=500,toolbar=0,menubar=0,location=0,status=1,scrollbars=1,resizable=1,left=0,top=0');return false;\" style=\"background-position: -30px -120px \"><\/a>\r\n\t\t\t\t\t<\/li>\r\n\t\t\t\t\t\t\t\t\t\t<li class=\"none nobackground \" >\r\n\r\n\t\t\t\t\t\t\t\t\t\t\t\t<a id=\"backforunical438\" href=\"http:\/\/www.pinterest.com\/pin\/create\/button\/?url=www.fabregat-perulles-sales.com\/actualidad\/wp-json\/wp\/v2\/posts\/438&media=https:\/\/www.fabregat-perulles-sales.com\/actualidad\/wp-content\/plugins\/wp-share-buttons\/Front_end\/..\/images\/noimage.png&description=ACTUALIDAD JUR\u00cdDICA: Derecho Civil\"  onclick=\"javascript:void window.open('http:\/\/www.pinterest.com\/pin\/create\/button\/?url=www.fabregat-perulles-sales.com\/actualidad\/wp-json\/wp\/v2\/posts\/438&media=https:\/\/www.fabregat-perulles-sales.com\/actualidad\/wp-content\/plugins\/wp-share-buttons\/Front_end\/..\/images\/noimage.png&description=ACTUALIDAD JUR\u00cdDICA: Derecho Civil','1410949501326','width=700,height=500,toolbar=0,menubar=0,location=0,status=1,scrollbars=1,resizable=1,left=0,top=0');return false;\" style=\"background-position: -60px -120px \"><\/a>\r\n\t\t\t\t\t<\/li>\r\n\t\t\t\t\t\t\t\t\t\t<li class=\"none nobackground \" >\r\n\r\n\t\t\t\t\t\t\t\t\t\t\t\t<a id=\"backforunical438\" href=\"https:\/\/plus.google.com\/share?url=www.fabregat-perulles-sales.com\/actualidad\/wp-json\/wp\/v2\/posts\/438\"  onclick=\"javascript:void window.open('https:\/\/plus.google.com\/share?url=www.fabregat-perulles-sales.com\/actualidad\/wp-json\/wp\/v2\/posts\/438','1410949501326','width=700,height=500,toolbar=0,menubar=0,location=0,status=1,scrollbars=1,resizable=1,left=0,top=0');return false;\" style=\"background-position: -90px -120px \"><\/a>\r\n\t\t\t\t\t<\/li>\r\n\t\t\t\t\t\t\t\t\t\t<li class=\"nobackground \" >\r\n\r\n\t\t\t\t\t\t\t\t\t\t\t\t<a id=\"backforunical438\" href=\"https:\/\/www.linkedin.com\/shareArticle?title=ACTUALIDAD JUR\u00cdDICA: Derecho Civil&mini=true&url=https:\/\/www.fabregat-perulles-sales.com\/actualidad\/wp-json\/wp\/v2\/posts\/438\"  onclick=\"javascript:void window.open('https:\/\/www.linkedin.com\/shareArticle?title=ACTUALIDAD JUR\u00cdDICA: Derecho Civil&mini=true&url=https:\/\/www.fabregat-perulles-sales.com\/actualidad\/wp-json\/wp\/v2\/posts\/438','1410949501326','width=700,height=500,toolbar=0,menubar=0,location=0,status=1,scrollbars=1,resizable=1,left=0,top=0');return false;\" style=\"background-position: -120px -120px \"><\/a>\r\n\t\t\t\t\t<\/li>\r\n\t\t\t\t\t\t\t\t\t\t<li class=\"none nobackground \" >\r\n\r\n\t\t\t\t\t\t\t\t\t\t\t\t<a id=\"backforunical438\" href=\"https:\/\/www.tumblr.com\/share\/link?url=www.fabregat-perulles-sales.com\/actualidad\/wp-json\/wp\/v2\/posts\/438&name=ACTUALIDAD JUR\u00cdDICA: Derecho Civil\"  onclick=\"javascript:void window.open('https:\/\/www.tumblr.com\/share\/link?url=www.fabregat-perulles-sales.com\/actualidad\/wp-json\/wp\/v2\/posts\/438&name=ACTUALIDAD JUR\u00cdDICA: Derecho Civil','1410949501326','width=700,height=500,toolbar=0,menubar=0,location=0,status=1,scrollbars=1,resizable=1,left=0,top=0');return false;\" style=\"background-position: -150px -120px \"><\/a>\r\n\t\t\t\t\t<\/li>\r\n\t\t\t\t\t\t\t\t\t\t<li class=\"none nobackground \" >\r\n\r\n\t\t\t\t\t\t\t\t\t\t\t\t<a id=\"backforunical438\" href=\"http:\/\/digg.com\/submit?phase=2&url=www.fabregat-perulles-sales.com\/actualidad\/wp-json\/wp\/v2\/posts\/438&title=ACTUALIDAD JUR\u00cdDICA: Derecho Civil\"  onclick=\"javascript:void window.open('http:\/\/digg.com\/submit?phase=2&url=www.fabregat-perulles-sales.com\/actualidad\/wp-json\/wp\/v2\/posts\/438&title=ACTUALIDAD JUR\u00cdDICA: Derecho Civil','1410949501326','width=700,height=500,toolbar=0,menubar=0,location=0,status=1,scrollbars=1,resizable=1,left=0,top=0');return false;\" style=\"background-position: -180px -120px \"><\/a>\r\n\t\t\t\t\t<\/li>\r\n\t\t\t\t\t\t\t\t\t\t<li class=\"none nobackground \" >\r\n\r\n\t\t\t\t\t\t\t\t\t\t\t\t<a id=\"backforunical438\" href=\"http:\/\/www.stumbleupon.com\/submit?url=www.fabregat-perulles-sales.com\/actualidad\/wp-json\/wp\/v2\/posts\/438&title=ACTUALIDAD JUR\u00cdDICA: Derecho Civil\"  onclick=\"javascript:void window.open('http:\/\/www.stumbleupon.com\/submit?url=www.fabregat-perulles-sales.com\/actualidad\/wp-json\/wp\/v2\/posts\/438&title=ACTUALIDAD JUR\u00cdDICA: Derecho Civil','1410949501326','width=700,height=500,toolbar=0,menubar=0,location=0,status=1,scrollbars=1,resizable=1,left=0,top=0');return false;\" style=\"background-position: -210px -120px \"><\/a>\r\n\t\t\t\t\t<\/li>\r\n\t\t\t\t\t\t\t\t\t\t<li class=\"none nobackground \" >\r\n\r\n\t\t\t\t\t\t\t\t\t\t\t\t<a id=\"backforunical438\" href=\"https:\/\/myspace.com\/post?l=3&u=www.fabregat-perulles-sales.com\/actualidad\/wp-json\/wp\/v2\/posts\/438\"  onclick=\"javascript:void window.open('https:\/\/myspace.com\/post?l=3&u=www.fabregat-perulles-sales.com\/actualidad\/wp-json\/wp\/v2\/posts\/438','1410949501326','width=700,height=500,toolbar=0,menubar=0,location=0,status=1,scrollbars=1,resizable=1,left=0,top=0');return false;\" style=\"background-position: -240px -120px \"><\/a>\r\n\t\t\t\t\t<\/li>\r\n\t\t\t\t\t\t\t\t\t\t<li class=\"nobackground \" >\r\n\r\n\t\t\t\t\t\t\t\t\t\t\t\t<a id=\"backforunical438\" href=\"http:\/\/vk.com\/share.php?url=www.fabregat-perulles-sales.com\/actualidad\/wp-json\/wp\/v2\/posts\/438&title=ACTUALIDAD JUR\u00cdDICA: Derecho Civil\"  onclick=\"javascript:void window.open('http:\/\/vk.com\/share.php?url=www.fabregat-perulles-sales.com\/actualidad\/wp-json\/wp\/v2\/posts\/438&title=ACTUALIDAD JUR\u00cdDICA: Derecho Civil','1410949501326','width=700,height=500,toolbar=0,menubar=0,location=0,status=1,scrollbars=1,resizable=1,left=0,top=0');return false;\" style=\"background-position: -270px -120px \"><\/a>\r\n\t\t\t\t\t<\/li>\r\n\t\t\t\t\t\t\t\t\t\t<li class=\"none nobackground \" >\r\n\r\n\t\t\t\t\t\t\t\t\t\t\t\t<a id=\"backforunical438\" href=\"http:\/\/www.reddit.com\/submit?url=www.fabregat-perulles-sales.com\/actualidad\/wp-json\/wp\/v2\/posts\/438&title=ACTUALIDAD JUR\u00cdDICA: Derecho Civil\"  onclick=\"javascript:void window.open('http:\/\/www.reddit.com\/submit?url=www.fabregat-perulles-sales.com\/actualidad\/wp-json\/wp\/v2\/posts\/438&title=ACTUALIDAD JUR\u00cdDICA: Derecho Civil','1410949501326','width=700,height=500,toolbar=0,menubar=0,location=0,status=1,scrollbars=1,resizable=1,left=0,top=0');return false;\" style=\"background-position: -300px -120px \"><\/a>\r\n\t\t\t\t\t<\/li>\r\n\t\t\t\t\t\t\t\t\t\t<li class=\"none nobackground \" >\r\n\r\n\t\t\t\t\t\t\t\t\t\t\t\t<a id=\"backforunical438\" href=\"http:\/\/www.bebo.com\/c\/share?Url=www.fabregat-perulles-sales.com\/actualidad\/wp-json\/wp\/v2\/posts\/438\"  onclick=\"javascript:void window.open('http:\/\/www.bebo.com\/c\/share?Url=www.fabregat-perulles-sales.com\/actualidad\/wp-json\/wp\/v2\/posts\/438','1410949501326','width=700,height=500,toolbar=0,menubar=0,location=0,status=1,scrollbars=1,resizable=1,left=0,top=0');return false;\" style=\"background-position: -330px -120px \"><\/a>\r\n\t\t\t\t\t<\/li>\r\n\t\t\t\t\t\t\t\t\t\t<li class=\"none nobackground \" >\r\n\r\n\t\t\t\t\t\t\t\t\t\t\t\t<a id=\"backforunical438\" href=\"https:\/\/delicious.com\/save?v=5&noui&jump=close&url=www.fabregat-perulles-sales.com\/actualidad\/wp-json\/wp\/v2\/posts\/438&title=ACTUALIDAD JUR\u00cdDICA: Derecho Civil\"  onclick=\"javascript:void window.open('https:\/\/delicious.com\/save?v=5&noui&jump=close&url=www.fabregat-perulles-sales.com\/actualidad\/wp-json\/wp\/v2\/posts\/438&title=ACTUALIDAD JUR\u00cdDICA: Derecho Civil','1410949501326','width=700,height=500,toolbar=0,menubar=0,location=0,status=1,scrollbars=1,resizable=1,left=0,top=0');return false;\" style=\"background-position: -360px -120px \"><\/a>\r\n\t\t\t\t\t<\/li>\r\n\t\t\t\t\t\t\t\t\t\t<li class=\"none nobackground \" >\r\n\r\n\t\t\t\t\t\t\t\t\t\t\t\t<a id=\"backforunical438\" href=\"http:\/\/www.odnoklassniki.ru\/dk?st.cmd=addShare&st.s=2&st.noresize=on&st._surl=www.fabregat-perulles-sales.com\/actualidad\/wp-json\/wp\/v2\/posts\/438\"  onclick=\"javascript:void window.open('http:\/\/www.odnoklassniki.ru\/dk?st.cmd=addShare&st.s=2&st.noresize=on&st._surl=www.fabregat-perulles-sales.com\/actualidad\/wp-json\/wp\/v2\/posts\/438','1410949501326','width=700,height=500,toolbar=0,menubar=0,location=0,status=1,scrollbars=1,resizable=1,left=0,top=0');return false;\" style=\"background-position: -390px -120px \"><\/a>\r\n\t\t\t\t\t<\/li>\r\n\t\t\t\t\t\t\t\t\t\t<li class=\"none nobackground \" >\r\n\r\n\t\t\t\t\t\t\t\t\t\t\t\t<a id=\"backforunical438\" href=\"http:\/\/sns.qzone.qq.com\/cgi-bin\/qzshare\/cgi_qzshare_onekey?url=www.fabregat-perulles-sales.com\/actualidad\/wp-json\/wp\/v2\/posts\/438&title=ACTUALIDAD JUR\u00cdDICA: Derecho Civil\"  onclick=\"javascript:void window.open('http:\/\/sns.qzone.qq.com\/cgi-bin\/qzshare\/cgi_qzshare_onekey?url=www.fabregat-perulles-sales.com\/actualidad\/wp-json\/wp\/v2\/posts\/438&title=ACTUALIDAD JUR\u00cdDICA: Derecho Civil','1410949501326','width=700,height=500,toolbar=0,menubar=0,location=0,status=1,scrollbars=1,resizable=1,left=0,top=0');return false;\" style=\"background-position: -420px -120px \"><\/a>\r\n\t\t\t\t\t<\/li>\r\n\t\t\t\t\t\t\t\t\t\t<li class=\"none nobackground \" >\r\n\r\n\t\t\t\t\t\t\t\t\t\t\t\t<a id=\"backforunical438\" href=\"http:\/\/service.weibo.com\/share\/share.php?url=www.fabregat-perulles-sales.com\/actualidad\/wp-json\/wp\/v2\/posts\/438&appkey=&title=ACTUALIDAD JUR\u00cdDICA: Derecho Civil&pic=&ralateUid=&\"  onclick=\"javascript:void window.open('http:\/\/service.weibo.com\/share\/share.php?url=www.fabregat-perulles-sales.com\/actualidad\/wp-json\/wp\/v2\/posts\/438&appkey=&title=ACTUALIDAD JUR\u00cdDICA: Derecho Civil&pic=&ralateUid=&','1410949501326','width=700,height=500,toolbar=0,menubar=0,location=0,status=1,scrollbars=1,resizable=1,left=0,top=0');return false;\" style=\"background-position: -450px -120px \"><\/a>\r\n\t\t\t\t\t<\/li>\r\n\t\t\t\t\t\t\t\t\t\t<li class=\"none nobackground \" >\r\n\r\n\t\t\t\t\t\t\t\t\t\t\t\t<a id=\"backforunical438\" href=\"http:\/\/widget.renren.com\/dialog\/share?resourceUrl=www.fabregat-perulles-sales.com\/actualidad\/wp-json\/wp\/v2\/posts\/438&srcUrl=www.fabregat-perulles-sales.com\/actualidad\/wp-json\/wp\/v2\/posts\/438&title=ACTUALIDAD JUR\u00cdDICA: Derecho Civil\"  onclick=\"javascript:void window.open('http:\/\/widget.renren.com\/dialog\/share?resourceUrl=www.fabregat-perulles-sales.com\/actualidad\/wp-json\/wp\/v2\/posts\/438&srcUrl=www.fabregat-perulles-sales.com\/actualidad\/wp-json\/wp\/v2\/posts\/438&title=ACTUALIDAD JUR\u00cdDICA: Derecho Civil','1410949501326','width=700,height=500,toolbar=0,menubar=0,location=0,status=1,scrollbars=1,resizable=1,left=0,top=0');return false;\" style=\"background-position: -480px -120px \"><\/a>\r\n\t\t\t\t\t<\/li>\r\n\t\t\t\t\t\t\t\t\t\t<li class=\"none nobackground \" >\r\n\r\n\t\t\t\t\t\t\t\t\t\t\t\t<a id=\"backforunical438\" href=\"http:\/\/n4g.com\/tips?url=www.fabregat-perulles-sales.com\/actualidad\/wp-json\/wp\/v2\/posts\/438&title=ACTUALIDAD JUR\u00cdDICA: Derecho Civil\"  onclick=\"javascript:void window.open('http:\/\/n4g.com\/tips?url=www.fabregat-perulles-sales.com\/actualidad\/wp-json\/wp\/v2\/posts\/438&title=ACTUALIDAD JUR\u00cdDICA: Derecho Civil','1410949501326','width=700,height=500,toolbar=0,menubar=0,location=0,status=1,scrollbars=1,resizable=1,left=0,top=0');return false;\" style=\"background-position: -510px -120px \"><\/a>\r\n\t\t\t\t\t<\/li>\r\n\t\t\t\t\t\t\t\t<\/ul>\r\n\t\t\t<div class=\"clear\"><\/div>\r\n\t\t<\/div>\r\n\t\t","protected":false},"excerpt":{"rendered":"<p>i) Ley 5\/2012, de 6 de julio, de MEDIACI\u00d3N en asuntos civiles y mercantiles Es la norma por la cual se sistematiza en Espa\u00f1a una instituci\u00f3n de resoluci\u00f3n de controversias alternativa y adaptada a las tendencias legislativas europeas. Destacamos algunos puntos: &#8211;\u00a0\u00a0\u00a0\u00a0\u00a0\u00a0\u00a0\u00a0 Su campo de aplicaci\u00f3n incluye tanto conflictos nacionales como internacionales. &#8211;\u00a0\u00a0\u00a0\u00a0\u00a0\u00a0\u00a0\u00a0 Concreta el\u2026 <span class=\"read-more\"><a href=\"https:\/\/www.fabregat-perulles-sales.com\/actualidad\/actualidad-juridica-derecho-civil\/\">Read More &raquo;<\/a><\/span><\/p>\n","protected":false},"author":3,"featured_media":0,"comment_status":"open","ping_status":"open","sticky":false,"template":"","format":"standard","meta":[],"categories":[14,466,3],"tags":[175,773,176],"yoast_head":"<!-- This site is optimized with the Yoast SEO plugin v20.2.1 - https:\/\/yoast.com\/wordpress\/plugins\/seo\/ -->\n<title>ACTUALIDAD JUR\u00cdDICA: Derecho Civil | International Lawyers<\/title>\n<meta name=\"description\" content=\"i) Ley 5\/2012, de 6 de julio, de MEDIACI\u00d3N en asuntos civiles y mercantiles Es la norma por la cual se sistematiza en Espa\u00f1a una instituci\u00f3n de resoluci\u00f3n\" \/>\n<meta name=\"robots\" content=\"index, follow, max-snippet:-1, max-image-preview:large, max-video-preview:-1\" \/>\n<link rel=\"canonical\" href=\"https:\/\/www.fabregat-perulles-sales.com\/actualidad\/actualidad-juridica-derecho-civil\/\" \/>\n<meta property=\"og:locale\" content=\"en_US\" \/>\n<meta property=\"og:type\" content=\"article\" \/>\n<meta property=\"og:title\" content=\"ACTUALIDAD JUR\u00cdDICA: Derecho Civil | International Lawyers\" \/>\n<meta property=\"og:description\" content=\"i) Ley 5\/2012, de 6 de julio, de MEDIACI\u00d3N en asuntos civiles y mercantiles Es la norma por la cual se sistematiza en Espa\u00f1a una instituci\u00f3n de resoluci\u00f3n\" \/>\n<meta property=\"og:url\" content=\"https:\/\/www.fabregat-perulles-sales.com\/actualidad\/actualidad-juridica-derecho-civil\/\" \/>\n<meta property=\"og:site_name\" content=\"International Lawyers\" \/>\n<meta property=\"article:published_time\" content=\"2013-06-28T08:57:44+00:00\" \/>\n<meta property=\"article:modified_time\" content=\"2014-11-26T12:45:18+00:00\" \/>\n<meta name=\"author\" content=\"Victor\" \/>\n<meta name=\"twitter:card\" content=\"summary_large_image\" \/>\n<meta name=\"twitter:label1\" content=\"Written by\" \/>\n\t<meta name=\"twitter:data1\" content=\"Victor\" \/>\n\t<meta name=\"twitter:label2\" content=\"Est. reading time\" \/>\n\t<meta name=\"twitter:data2\" content=\"6 minutes\" \/>\n<script type=\"application\/ld+json\" class=\"yoast-schema-graph\">{\"@context\":\"https:\/\/schema.org\",\"@graph\":[{\"@type\":\"WebPage\",\"@id\":\"https:\/\/www.fabregat-perulles-sales.com\/actualidad\/actualidad-juridica-derecho-civil\/\",\"url\":\"https:\/\/www.fabregat-perulles-sales.com\/actualidad\/actualidad-juridica-derecho-civil\/\",\"name\":\"ACTUALIDAD JUR\u00cdDICA: Derecho Civil | International Lawyers\",\"isPartOf\":{\"@id\":\"https:\/\/www.fabregat-perulles-sales.com\/actualidad\/#website\"},\"datePublished\":\"2013-06-28T08:57:44+00:00\",\"dateModified\":\"2014-11-26T12:45:18+00:00\",\"author\":{\"@id\":\"https:\/\/www.fabregat-perulles-sales.com\/actualidad\/#\/schema\/person\/cabc1d68c7778f01d5e069c2d98442e3\"},\"description\":\"i) Ley 5\/2012, de 6 de julio, de MEDIACI\u00d3N en asuntos civiles y mercantiles Es la norma por la cual se sistematiza en Espa\u00f1a una instituci\u00f3n de resoluci\u00f3n\",\"breadcrumb\":{\"@id\":\"https:\/\/www.fabregat-perulles-sales.com\/actualidad\/actualidad-juridica-derecho-civil\/#breadcrumb\"},\"inLanguage\":\"en-US\",\"potentialAction\":[{\"@type\":\"ReadAction\",\"target\":[\"https:\/\/www.fabregat-perulles-sales.com\/actualidad\/actualidad-juridica-derecho-civil\/\"]}]},{\"@type\":\"BreadcrumbList\",\"@id\":\"https:\/\/www.fabregat-perulles-sales.com\/actualidad\/actualidad-juridica-derecho-civil\/#breadcrumb\",\"itemListElement\":[{\"@type\":\"ListItem\",\"position\":1,\"name\":\"Home\",\"item\":\"https:\/\/www.fabregat-perulles-sales.com\/actualidad\/\"},{\"@type\":\"ListItem\",\"position\":2,\"name\":\"ACTUALIDAD JUR\u00cdDICA: Derecho Civil\"}]},{\"@type\":\"WebSite\",\"@id\":\"https:\/\/www.fabregat-perulles-sales.com\/actualidad\/#website\",\"url\":\"https:\/\/www.fabregat-perulles-sales.com\/actualidad\/\",\"name\":\"www.fabregat-perulles-sales.com\",\"description\":\"Fabregat Perulles Sales Abogados is a law firm of reference international market in the Spanish-German, Spanish-French, and Spanish-Italian. Is one of the first firms in Barcelona offering a Russian Desk.\",\"potentialAction\":[{\"@type\":\"SearchAction\",\"target\":{\"@type\":\"EntryPoint\",\"urlTemplate\":\"https:\/\/www.fabregat-perulles-sales.com\/actualidad\/?s={search_term_string}\"},\"query-input\":\"required name=search_term_string\"}],\"inLanguage\":\"en-US\"},{\"@type\":\"Person\",\"@id\":\"https:\/\/www.fabregat-perulles-sales.com\/actualidad\/#\/schema\/person\/cabc1d68c7778f01d5e069c2d98442e3\",\"name\":\"Victor\",\"image\":{\"@type\":\"ImageObject\",\"inLanguage\":\"en-US\",\"@id\":\"https:\/\/www.fabregat-perulles-sales.com\/actualidad\/#\/schema\/person\/image\/\",\"url\":\"https:\/\/secure.gravatar.com\/avatar\/756cb666a964d2960ffe307b8a53b271?s=96&d=mm&r=g\",\"contentUrl\":\"https:\/\/secure.gravatar.com\/avatar\/756cb666a964d2960ffe307b8a53b271?s=96&d=mm&r=g\",\"caption\":\"Victor\"},\"sameAs\":[\"http:\/\/www.fabregat-perulles-sales.com\"],\"url\":\"https:\/\/www.fabregat-perulles-sales.com\/actualidad\/author\/victor\/\"}]}<\/script>\n<!-- \/ Yoast SEO plugin. -->","yoast_head_json":{"title":"ACTUALIDAD JUR\u00cdDICA: Derecho Civil | International Lawyers","description":"i) Ley 5\/2012, de 6 de julio, de MEDIACI\u00d3N en asuntos civiles y mercantiles Es la norma por la cual se sistematiza en Espa\u00f1a una instituci\u00f3n de resoluci\u00f3n","robots":{"index":"index","follow":"follow","max-snippet":"max-snippet:-1","max-image-preview":"max-image-preview:large","max-video-preview":"max-video-preview:-1"},"canonical":"https:\/\/www.fabregat-perulles-sales.com\/actualidad\/actualidad-juridica-derecho-civil\/","og_locale":"en_US","og_type":"article","og_title":"ACTUALIDAD JUR\u00cdDICA: Derecho Civil | International Lawyers","og_description":"i) Ley 5\/2012, de 6 de julio, de MEDIACI\u00d3N en asuntos civiles y mercantiles Es la norma por la cual se sistematiza en Espa\u00f1a una instituci\u00f3n de resoluci\u00f3n","og_url":"https:\/\/www.fabregat-perulles-sales.com\/actualidad\/actualidad-juridica-derecho-civil\/","og_site_name":"International Lawyers","article_published_time":"2013-06-28T08:57:44+00:00","article_modified_time":"2014-11-26T12:45:18+00:00","author":"Victor","twitter_card":"summary_large_image","twitter_misc":{"Written by":"Victor","Est. reading time":"6 minutes"},"schema":{"@context":"https:\/\/schema.org","@graph":[{"@type":"WebPage","@id":"https:\/\/www.fabregat-perulles-sales.com\/actualidad\/actualidad-juridica-derecho-civil\/","url":"https:\/\/www.fabregat-perulles-sales.com\/actualidad\/actualidad-juridica-derecho-civil\/","name":"ACTUALIDAD JUR\u00cdDICA: Derecho Civil | International Lawyers","isPartOf":{"@id":"https:\/\/www.fabregat-perulles-sales.com\/actualidad\/#website"},"datePublished":"2013-06-28T08:57:44+00:00","dateModified":"2014-11-26T12:45:18+00:00","author":{"@id":"https:\/\/www.fabregat-perulles-sales.com\/actualidad\/#\/schema\/person\/cabc1d68c7778f01d5e069c2d98442e3"},"description":"i) Ley 5\/2012, de 6 de julio, de MEDIACI\u00d3N en asuntos civiles y mercantiles Es la norma por la cual se sistematiza en Espa\u00f1a una instituci\u00f3n de resoluci\u00f3n","breadcrumb":{"@id":"https:\/\/www.fabregat-perulles-sales.com\/actualidad\/actualidad-juridica-derecho-civil\/#breadcrumb"},"inLanguage":"en-US","potentialAction":[{"@type":"ReadAction","target":["https:\/\/www.fabregat-perulles-sales.com\/actualidad\/actualidad-juridica-derecho-civil\/"]}]},{"@type":"BreadcrumbList","@id":"https:\/\/www.fabregat-perulles-sales.com\/actualidad\/actualidad-juridica-derecho-civil\/#breadcrumb","itemListElement":[{"@type":"ListItem","position":1,"name":"Home","item":"https:\/\/www.fabregat-perulles-sales.com\/actualidad\/"},{"@type":"ListItem","position":2,"name":"ACTUALIDAD JUR\u00cdDICA: Derecho Civil"}]},{"@type":"WebSite","@id":"https:\/\/www.fabregat-perulles-sales.com\/actualidad\/#website","url":"https:\/\/www.fabregat-perulles-sales.com\/actualidad\/","name":"www.fabregat-perulles-sales.com","description":"Fabregat Perulles Sales Abogados is a law firm of reference international market in the Spanish-German, Spanish-French, and Spanish-Italian. Is one of the first firms in Barcelona offering a Russian Desk.","potentialAction":[{"@type":"SearchAction","target":{"@type":"EntryPoint","urlTemplate":"https:\/\/www.fabregat-perulles-sales.com\/actualidad\/?s={search_term_string}"},"query-input":"required name=search_term_string"}],"inLanguage":"en-US"},{"@type":"Person","@id":"https:\/\/www.fabregat-perulles-sales.com\/actualidad\/#\/schema\/person\/cabc1d68c7778f01d5e069c2d98442e3","name":"Victor","image":{"@type":"ImageObject","inLanguage":"en-US","@id":"https:\/\/www.fabregat-perulles-sales.com\/actualidad\/#\/schema\/person\/image\/","url":"https:\/\/secure.gravatar.com\/avatar\/756cb666a964d2960ffe307b8a53b271?s=96&d=mm&r=g","contentUrl":"https:\/\/secure.gravatar.com\/avatar\/756cb666a964d2960ffe307b8a53b271?s=96&d=mm&r=g","caption":"Victor"},"sameAs":["http:\/\/www.fabregat-perulles-sales.com"],"url":"https:\/\/www.fabregat-perulles-sales.com\/actualidad\/author\/victor\/"}]}},"amp_enabled":true,"_links":{"self":[{"href":"https:\/\/www.fabregat-perulles-sales.com\/actualidad\/wp-json\/wp\/v2\/posts\/438"}],"collection":[{"href":"https:\/\/www.fabregat-perulles-sales.com\/actualidad\/wp-json\/wp\/v2\/posts"}],"about":[{"href":"https:\/\/www.fabregat-perulles-sales.com\/actualidad\/wp-json\/wp\/v2\/types\/post"}],"author":[{"embeddable":true,"href":"https:\/\/www.fabregat-perulles-sales.com\/actualidad\/wp-json\/wp\/v2\/users\/3"}],"replies":[{"embeddable":true,"href":"https:\/\/www.fabregat-perulles-sales.com\/actualidad\/wp-json\/wp\/v2\/comments?post=438"}],"version-history":[{"count":6,"href":"https:\/\/www.fabregat-perulles-sales.com\/actualidad\/wp-json\/wp\/v2\/posts\/438\/revisions"}],"predecessor-version":[{"id":1536,"href":"https:\/\/www.fabregat-perulles-sales.com\/actualidad\/wp-json\/wp\/v2\/posts\/438\/revisions\/1536"}],"wp:attachment":[{"href":"https:\/\/www.fabregat-perulles-sales.com\/actualidad\/wp-json\/wp\/v2\/media?parent=438"}],"wp:term":[{"taxonomy":"category","embeddable":true,"href":"https:\/\/www.fabregat-perulles-sales.com\/actualidad\/wp-json\/wp\/v2\/categories?post=438"},{"taxonomy":"post_tag","embeddable":true,"href":"https:\/\/www.fabregat-perulles-sales.com\/actualidad\/wp-json\/wp\/v2\/tags?post=438"}],"curies":[{"name":"wp","href":"https:\/\/api.w.org\/{rel}","templated":true}]}}