{"id":4364,"date":"2020-03-23T11:10:54","date_gmt":"2020-03-23T10:10:54","guid":{"rendered":"http:\/\/www.fabregat-perulles-sales.com\/actualidad\/?p=4364"},"modified":"2020-03-23T11:10:54","modified_gmt":"2020-03-23T10:10:54","slug":"suspension-de-plazos-en-el-ambito-tributario-covid19","status":"publish","type":"post","link":"https:\/\/www.fabregat-perulles-sales.com\/actualidad\/suspension-de-plazos-en-el-ambito-tributario-covid19\/","title":{"rendered":"Suspensi\u00f3n de Plazos en el \u00c1mbito Tributario &#8211; COVID19"},"content":{"rendered":"<p>El pasado 18 de marzo entr\u00f3 en vigor el Real Decreto Ley 8\/2020, de 17 de marzo, de medidas urgentes extraordinarias para hacer frente al impacto econ\u00f3mico y social del COVID-19 (en lo sucesivo, RDL 17 marzo).<\/p>\n<p>Algunas de las medidas de mayor calado son las referidas a la flexibilizaci\u00f3n en los plazos para el pago de deudas tributarias, y en general la suspensi\u00f3n de plazos en el \u00e1mbito tributario, previstas en el Art\u00edculo 33 del RDL, 17 marzo.<\/p>\n<p>A continuaci\u00f3n, se exponen las medidas adoptadas:<\/p>\n<ol>\n<li><strong><u>A. Ampliaci\u00f3n de plazos<\/u><\/strong><strong>. <\/strong><\/li>\n<\/ol>\n<ul>\n<li><strong>&#8211; Se ampl\u00edan hasta el 30 de abril de 2020<\/strong>:<\/li>\n<\/ul>\n<ol>\n<li>1. Los plazos de pago de la <u>deuda tributaria resultante de liquidaciones practicadas por la Administraci\u00f3n<\/u>, as\u00ed como la <u>deuda tributaria, una vez iniciado el periodo ejecutivo y notificada la providencia de apremio. <\/u><\/li>\n<li>2. Los <u>vencimientos de los plazos y fracciones de los acuerdos de aplazamiento y fraccionamiento concedidos<\/u>.<\/li>\n<li>3. Los <u>plazos relacionados con el desarrollo de las subastas y adjudicaci\u00f3n de bienes<\/u>.<\/li>\n<li>4. Los <u>plazos para atender los requerimientos, diligencias de embargo y solicitudes de informaci\u00f3n con trascendencia tributaria<\/u>.<\/li>\n<li>5. Los <u>plazos para formular alegaciones ante actos de apertura de dicho tr\u00e1mite o de audiencia, dictados en procedimientos de aplicaci\u00f3n de los tributos, sancionadores o de declaraci\u00f3n de nulidad, devoluci\u00f3n de ingresos indebidos, rectificaci\u00f3n de errores materiales y de revocaci\u00f3n<\/u>.<\/li>\n<li>6. Los <u>plazos para atender los requerimientos y solicitudes de informaci\u00f3n formulados por la Direcci\u00f3n General del Catastro que se encuentren en plazo de contestaci\u00f3n a la entrada en vigor de este real decreto-ley se ampl\u00edan hasta el 30 de abril de 2020<\/u>.<\/li>\n<\/ol>\n<ul>\n<li><strong>&#8211; Se ampl\u00edan hasta el 20 de mayo de 2020 (salvo que el otorgado por la norma general sea mayor)<\/strong><\/li>\n<\/ul>\n<p>Cualquiera de los seis supuestos enumerados arriba, que hubieren sido comunicados a partir del 18 de marzo, fecha de entrada en vigor del RDL 17 marzo.<\/p>\n<ol>\n<li><strong><u>B. Cumplimiento voluntario<\/u><\/strong><\/li>\n<\/ol>\n<p><u>Si el obligado tributario atendiera al requerimiento o solicitud tributaria, o presentase sus alegaciones, el tr\u00e1mite se considerar\u00e1 evacuado<\/u>, sin perjuicio de lo dispuesto sobre la ampliaci\u00f3n de plazos.<strong>\u00a0<\/strong><\/p>\n<ol>\n<li><strong><u>C. C\u00f3mputo de plazos<\/u><\/strong> (en lo que respecta <u>al periodo comprendido entre el 18 de marzo y el 30 de abril de 2020<\/u>)<\/li>\n<\/ol>\n<ul>\n<li><strong><u>&#8211; No computar\u00e1 el plazo<\/u><\/strong><u> a efectos de la duraci\u00f3n m\u00e1xima de los procedimientos de aplicaci\u00f3n de los tributos, sancionadores y de revisi\u00f3n tramitados por la Agencia Estatal de la Administraci\u00f3n Tributaria<\/u>. No obstante, durante dicho periodo la Administraci\u00f3n s\u00ed podr\u00e1 impulsar, ordenar y realizar los tr\u00e1mites que esta considere imprescindibles.<\/li>\n<\/ul>\n<ul>\n<li><strong><u>&#8211; No computar\u00e1 el plazo<\/u><\/strong> (ni a efectos de caducidad) de: el derecho de la Administraci\u00f3n para determinar la deuda tributaria mediante la oportuna liquidaci\u00f3n o exigir el pago de las deudas tributarias liquidadas y autoliquidadas, as\u00ed como el derecho a solicitar u obtener las devoluciones derivadas de la normativa de cada tributo, devoluciones de ingresos indebidos y el reembolso del coste de las garant\u00edas.<\/li>\n<\/ul>\n<ol>\n<li><strong><u>D. Notificaciones<\/u><\/strong><\/li>\n<\/ol>\n<p>En el recurso de reposici\u00f3n y en los procedimientos econ\u00f3mico-administrativos, se entender\u00e1n notificadas las resoluciones que les pongan fin cuando se acredite un intento de notificaci\u00f3n de la resoluci\u00f3n entre el 18 de marzo y el 30 de abril de 2020.<\/p>\n<ol>\n<li><strong><u>E. Interposici\u00f3n de recursos y reclamaciones<\/u><\/strong><\/li>\n<\/ol>\n<p>El plazo para interponer recursos o reclamaciones econ\u00f3mico administrativas frente a actos tributarios, as\u00ed como para recurrir en v\u00eda administrativa las resoluciones dictadas en los procedimientos econ\u00f3mico-administrativos, no se iniciar\u00e1 hasta pasado el 30 de abril, o hasta que se haya producido la oportuna notificaci\u00f3n, si esta se hubiera producido con posterioridad.<\/p>\n<p>Destacar que <u>las medidas aqu\u00ed expuestas ser\u00e1n de aplicaci\u00f3n a aquellos procedimientos cuya tramitaci\u00f3n se hubiera iniciado con anterioridad a la entrada en vigor del RDL de 17 de marzo<\/u>.<\/p>\n<p>Finalmente, y en relaci\u00f3n con la vigencia de las medidas anunciadas, estas estar\u00e1n en vigor durante el plazo de un mes desde su entrada en vigor -18 de marzo de 2020-, esto es, hasta el 17 de abril de 2020, sin perjuicio de que se pueda prorrogar su duraci\u00f3n por el Gobierno.<\/p>\n<p>&nbsp;<\/p>\n\r\n\t\t<style>\r\n\t\t\t.huge-it-share-buttons {\r\n\t\t\t\tborder:0px solid #0FB5D6;\r\n\t\t\t\tborder-radius:5px;\r\n\t\t\t\tbackground:#3BD8FF;\r\n\t\t\t text-align:left; \t\t\t\t\t\t\t\t\t}\r\n\r\n\t\t\t#huge-it-share-buttons-top {margin-bottom:0px;}\r\n\t\t\t#huge-it-share-buttons-bottom {margin-top:0px;}\r\n\r\n\t\t\t.huge-it-share-buttons h3 {\r\n\t\t\t\tfont-size:25px ;\r\n\t\t\t\tfont-family:Arial,Helvetica Neue,Helvetica,sans-serif;\r\n\t\t\t\tcolor:#666666;\r\n\r\n\t\t\tdisplay:block;\t\t\t\tline-height:25px ;\r\n\r\n\t\t\t text-align:left; \t\t\t\t\t\t\t\t\t}\r\n\r\n\t\t\t.huge-it-share-buttons ul {\r\n\t\t\t float:left; \t\t\t\t\t\t\t\t\t}\r\n\r\n\t\t\t.huge-it-share-buttons ul li {\r\n\t\t\t\tmargin-left:3px;\r\n\t\t\t\tmargin-right:3px;\r\n\t\t\t\tpadding:0px;\r\n\t\t\t\tborder:0px ridge #E6354C;\r\n\t\t\t\tborder-radius:11px;\r\n\t\t\t\tbackground-color:#14CC9B;\r\n\t\t\t}\r\n\r\n\t\t\t.huge-it-share-buttons ul li #backforunical4364 {\r\n\t\t\t\tborder-bottom: 0;\r\n\t\t\t\tbackground-image:url('https:\/\/www.fabregat-perulles-sales.com\/actualidad\/wp-content\/plugins\/wp-share-buttons\/Front_end\/..\/images\/buttons.30.png');\r\n\t\t\t\twidth:30px;\r\n\t\t\t\theight:30px;\r\n\t\t\t}\r\n\r\n\t\t\t.front-shares-count {\r\n\t\t\t\tposition: absolute;\r\n\t\t\t\ttext-align: center;\r\n\t\t\t\tdisplay: block;\r\n\t\t\t}\r\n\r\n\t\t\t.shares_size20 .front-shares-count {\r\n\t\t\t\tfont-size: 10px;\r\n\t\t\t\ttop: 10px;\r\n\t\t\t\twidth: 20px;\r\n\t\t\t}\r\n\r\n\t\t\t.shares_size30 .front-shares-count {\r\n\t\t\t\tfont-size: 11px;\r\n\t\t\t\ttop: 15px;\r\n\t\t\t\twidth: 30px;\r\n\t\t\t}\r\n\r\n\t\t\t.shares_size40 .front-shares-count {\r\n\t\t\t\tfont-size: 12px;\r\n\t\t\t\ttop: 21px;\r\n\t\t\t\twidth: 40px;\r\n\t\t\t}\r\n\t\t<\/style>\r\n\t\t\r\n\t\t<div id=\"huge-it-share-buttons-top\" class=\"huge-it-share-buttons nobackground\">\r\n\t\t\t<h3>Share This:<\/h3>\r\n\t\t\t<ul class=\"huge-it-share-buttons-list \">\r\n\t\t\t\t\t\t\t\t\t<li class=\"nobackground \" >\r\n\r\n\t\t\t\t\t\t\t\t\t\t\t\t<a id=\"backforunical4364\" href=\"https:\/\/www.facebook.com\/sharer\/sharer.php?u=www.fabregat-perulles-sales.com\/actualidad\/wp-json\/wp\/v2\/posts\/4364\"  onclick=\"javascript:void window.open('https:\/\/www.facebook.com\/sharer\/sharer.php?u=www.fabregat-perulles-sales.com\/actualidad\/wp-json\/wp\/v2\/posts\/4364','1410949501326','width=700,height=500,toolbar=0,menubar=0,location=0,status=1,scrollbars=1,resizable=1,left=0,top=0');return false;\" style=\"background-position: -0px -120px \"><\/a>\r\n\t\t\t\t\t<\/li>\r\n\t\t\t\t\t\t\t\t\t\t<li class=\"nobackground \" >\r\n\r\n\t\t\t\t\t\t\t\t\t\t\t\t<a id=\"backforunical4364\" href=\"https:\/\/twitter.com\/share?status=www.fabregat-perulles-sales.com\/actualidad\/wp-json\/wp\/v2\/posts\/4364&text=Suspensi\u00f3n de Plazos en el \u00c1mbito Tributario &#8211; COVID19\"  onclick=\"javascript:void window.open('https:\/\/twitter.com\/share?status=www.fabregat-perulles-sales.com\/actualidad\/wp-json\/wp\/v2\/posts\/4364&text=Suspensi\u00f3n de Plazos en el \u00c1mbito Tributario &#8211; COVID19','1410949501326','width=700,height=500,toolbar=0,menubar=0,location=0,status=1,scrollbars=1,resizable=1,left=0,top=0');return false;\" style=\"background-position: -30px -120px \"><\/a>\r\n\t\t\t\t\t<\/li>\r\n\t\t\t\t\t\t\t\t\t\t<li class=\"none nobackground \" >\r\n\r\n\t\t\t\t\t\t\t\t\t\t\t\t<a id=\"backforunical4364\" href=\"http:\/\/www.pinterest.com\/pin\/create\/button\/?url=www.fabregat-perulles-sales.com\/actualidad\/wp-json\/wp\/v2\/posts\/4364&media=https:\/\/www.fabregat-perulles-sales.com\/actualidad\/wp-content\/plugins\/wp-share-buttons\/Front_end\/..\/images\/noimage.png&description=Suspensi\u00f3n de Plazos en el \u00c1mbito Tributario &#8211; COVID19\"  onclick=\"javascript:void window.open('http:\/\/www.pinterest.com\/pin\/create\/button\/?url=www.fabregat-perulles-sales.com\/actualidad\/wp-json\/wp\/v2\/posts\/4364&media=https:\/\/www.fabregat-perulles-sales.com\/actualidad\/wp-content\/plugins\/wp-share-buttons\/Front_end\/..\/images\/noimage.png&description=Suspensi\u00f3n de Plazos en el \u00c1mbito Tributario &#8211; COVID19','1410949501326','width=700,height=500,toolbar=0,menubar=0,location=0,status=1,scrollbars=1,resizable=1,left=0,top=0');return false;\" style=\"background-position: -60px -120px \"><\/a>\r\n\t\t\t\t\t<\/li>\r\n\t\t\t\t\t\t\t\t\t\t<li class=\"none nobackground \" >\r\n\r\n\t\t\t\t\t\t\t\t\t\t\t\t<a id=\"backforunical4364\" href=\"https:\/\/plus.google.com\/share?url=www.fabregat-perulles-sales.com\/actualidad\/wp-json\/wp\/v2\/posts\/4364\"  onclick=\"javascript:void window.open('https:\/\/plus.google.com\/share?url=www.fabregat-perulles-sales.com\/actualidad\/wp-json\/wp\/v2\/posts\/4364','1410949501326','width=700,height=500,toolbar=0,menubar=0,location=0,status=1,scrollbars=1,resizable=1,left=0,top=0');return false;\" style=\"background-position: -90px -120px \"><\/a>\r\n\t\t\t\t\t<\/li>\r\n\t\t\t\t\t\t\t\t\t\t<li class=\"nobackground \" >\r\n\r\n\t\t\t\t\t\t\t\t\t\t\t\t<a id=\"backforunical4364\" href=\"https:\/\/www.linkedin.com\/shareArticle?title=Suspensi\u00f3n de Plazos en el \u00c1mbito Tributario &#8211; COVID19&mini=true&url=https:\/\/www.fabregat-perulles-sales.com\/actualidad\/wp-json\/wp\/v2\/posts\/4364\"  onclick=\"javascript:void window.open('https:\/\/www.linkedin.com\/shareArticle?title=Suspensi\u00f3n de Plazos en el \u00c1mbito Tributario &#8211; COVID19&mini=true&url=https:\/\/www.fabregat-perulles-sales.com\/actualidad\/wp-json\/wp\/v2\/posts\/4364','1410949501326','width=700,height=500,toolbar=0,menubar=0,location=0,status=1,scrollbars=1,resizable=1,left=0,top=0');return false;\" style=\"background-position: -120px -120px \"><\/a>\r\n\t\t\t\t\t<\/li>\r\n\t\t\t\t\t\t\t\t\t\t<li class=\"none nobackground \" >\r\n\r\n\t\t\t\t\t\t\t\t\t\t\t\t<a id=\"backforunical4364\" href=\"https:\/\/www.tumblr.com\/share\/link?url=www.fabregat-perulles-sales.com\/actualidad\/wp-json\/wp\/v2\/posts\/4364&name=Suspensi\u00f3n de Plazos en el \u00c1mbito Tributario &#8211; COVID19\"  onclick=\"javascript:void window.open('https:\/\/www.tumblr.com\/share\/link?url=www.fabregat-perulles-sales.com\/actualidad\/wp-json\/wp\/v2\/posts\/4364&name=Suspensi\u00f3n de Plazos en el \u00c1mbito Tributario &#8211; COVID19','1410949501326','width=700,height=500,toolbar=0,menubar=0,location=0,status=1,scrollbars=1,resizable=1,left=0,top=0');return false;\" style=\"background-position: -150px -120px \"><\/a>\r\n\t\t\t\t\t<\/li>\r\n\t\t\t\t\t\t\t\t\t\t<li class=\"none nobackground \" >\r\n\r\n\t\t\t\t\t\t\t\t\t\t\t\t<a id=\"backforunical4364\" href=\"http:\/\/digg.com\/submit?phase=2&url=www.fabregat-perulles-sales.com\/actualidad\/wp-json\/wp\/v2\/posts\/4364&title=Suspensi\u00f3n de Plazos en el \u00c1mbito Tributario &#8211; COVID19\"  onclick=\"javascript:void window.open('http:\/\/digg.com\/submit?phase=2&url=www.fabregat-perulles-sales.com\/actualidad\/wp-json\/wp\/v2\/posts\/4364&title=Suspensi\u00f3n de Plazos en el \u00c1mbito Tributario &#8211; COVID19','1410949501326','width=700,height=500,toolbar=0,menubar=0,location=0,status=1,scrollbars=1,resizable=1,left=0,top=0');return false;\" style=\"background-position: -180px -120px \"><\/a>\r\n\t\t\t\t\t<\/li>\r\n\t\t\t\t\t\t\t\t\t\t<li class=\"none nobackground \" >\r\n\r\n\t\t\t\t\t\t\t\t\t\t\t\t<a id=\"backforunical4364\" href=\"http:\/\/www.stumbleupon.com\/submit?url=www.fabregat-perulles-sales.com\/actualidad\/wp-json\/wp\/v2\/posts\/4364&title=Suspensi\u00f3n de Plazos en el \u00c1mbito Tributario &#8211; COVID19\"  onclick=\"javascript:void window.open('http:\/\/www.stumbleupon.com\/submit?url=www.fabregat-perulles-sales.com\/actualidad\/wp-json\/wp\/v2\/posts\/4364&title=Suspensi\u00f3n de Plazos en el \u00c1mbito Tributario &#8211; COVID19','1410949501326','width=700,height=500,toolbar=0,menubar=0,location=0,status=1,scrollbars=1,resizable=1,left=0,top=0');return false;\" style=\"background-position: -210px -120px \"><\/a>\r\n\t\t\t\t\t<\/li>\r\n\t\t\t\t\t\t\t\t\t\t<li class=\"none nobackground \" >\r\n\r\n\t\t\t\t\t\t\t\t\t\t\t\t<a id=\"backforunical4364\" href=\"https:\/\/myspace.com\/post?l=3&u=www.fabregat-perulles-sales.com\/actualidad\/wp-json\/wp\/v2\/posts\/4364\"  onclick=\"javascript:void window.open('https:\/\/myspace.com\/post?l=3&u=www.fabregat-perulles-sales.com\/actualidad\/wp-json\/wp\/v2\/posts\/4364','1410949501326','width=700,height=500,toolbar=0,menubar=0,location=0,status=1,scrollbars=1,resizable=1,left=0,top=0');return false;\" style=\"background-position: -240px -120px \"><\/a>\r\n\t\t\t\t\t<\/li>\r\n\t\t\t\t\t\t\t\t\t\t<li class=\"nobackground \" >\r\n\r\n\t\t\t\t\t\t\t\t\t\t\t\t<a id=\"backforunical4364\" href=\"http:\/\/vk.com\/share.php?url=www.fabregat-perulles-sales.com\/actualidad\/wp-json\/wp\/v2\/posts\/4364&title=Suspensi\u00f3n de Plazos en el \u00c1mbito Tributario &#8211; COVID19\"  onclick=\"javascript:void window.open('http:\/\/vk.com\/share.php?url=www.fabregat-perulles-sales.com\/actualidad\/wp-json\/wp\/v2\/posts\/4364&title=Suspensi\u00f3n de Plazos en el \u00c1mbito Tributario &#8211; COVID19','1410949501326','width=700,height=500,toolbar=0,menubar=0,location=0,status=1,scrollbars=1,resizable=1,left=0,top=0');return false;\" style=\"background-position: -270px -120px \"><\/a>\r\n\t\t\t\t\t<\/li>\r\n\t\t\t\t\t\t\t\t\t\t<li class=\"none nobackground \" >\r\n\r\n\t\t\t\t\t\t\t\t\t\t\t\t<a id=\"backforunical4364\" href=\"http:\/\/www.reddit.com\/submit?url=www.fabregat-perulles-sales.com\/actualidad\/wp-json\/wp\/v2\/posts\/4364&title=Suspensi\u00f3n de Plazos en el \u00c1mbito Tributario &#8211; COVID19\"  onclick=\"javascript:void window.open('http:\/\/www.reddit.com\/submit?url=www.fabregat-perulles-sales.com\/actualidad\/wp-json\/wp\/v2\/posts\/4364&title=Suspensi\u00f3n de Plazos en el \u00c1mbito Tributario &#8211; COVID19','1410949501326','width=700,height=500,toolbar=0,menubar=0,location=0,status=1,scrollbars=1,resizable=1,left=0,top=0');return false;\" style=\"background-position: -300px -120px \"><\/a>\r\n\t\t\t\t\t<\/li>\r\n\t\t\t\t\t\t\t\t\t\t<li class=\"none nobackground \" >\r\n\r\n\t\t\t\t\t\t\t\t\t\t\t\t<a id=\"backforunical4364\" href=\"http:\/\/www.bebo.com\/c\/share?Url=www.fabregat-perulles-sales.com\/actualidad\/wp-json\/wp\/v2\/posts\/4364\"  onclick=\"javascript:void window.open('http:\/\/www.bebo.com\/c\/share?Url=www.fabregat-perulles-sales.com\/actualidad\/wp-json\/wp\/v2\/posts\/4364','1410949501326','width=700,height=500,toolbar=0,menubar=0,location=0,status=1,scrollbars=1,resizable=1,left=0,top=0');return false;\" style=\"background-position: -330px -120px \"><\/a>\r\n\t\t\t\t\t<\/li>\r\n\t\t\t\t\t\t\t\t\t\t<li class=\"none nobackground \" >\r\n\r\n\t\t\t\t\t\t\t\t\t\t\t\t<a id=\"backforunical4364\" href=\"https:\/\/delicious.com\/save?v=5&noui&jump=close&url=www.fabregat-perulles-sales.com\/actualidad\/wp-json\/wp\/v2\/posts\/4364&title=Suspensi\u00f3n de Plazos en el \u00c1mbito Tributario &#8211; COVID19\"  onclick=\"javascript:void window.open('https:\/\/delicious.com\/save?v=5&noui&jump=close&url=www.fabregat-perulles-sales.com\/actualidad\/wp-json\/wp\/v2\/posts\/4364&title=Suspensi\u00f3n de Plazos en el \u00c1mbito Tributario &#8211; COVID19','1410949501326','width=700,height=500,toolbar=0,menubar=0,location=0,status=1,scrollbars=1,resizable=1,left=0,top=0');return false;\" style=\"background-position: -360px -120px \"><\/a>\r\n\t\t\t\t\t<\/li>\r\n\t\t\t\t\t\t\t\t\t\t<li class=\"none nobackground \" >\r\n\r\n\t\t\t\t\t\t\t\t\t\t\t\t<a id=\"backforunical4364\" href=\"http:\/\/www.odnoklassniki.ru\/dk?st.cmd=addShare&st.s=2&st.noresize=on&st._surl=www.fabregat-perulles-sales.com\/actualidad\/wp-json\/wp\/v2\/posts\/4364\"  onclick=\"javascript:void window.open('http:\/\/www.odnoklassniki.ru\/dk?st.cmd=addShare&st.s=2&st.noresize=on&st._surl=www.fabregat-perulles-sales.com\/actualidad\/wp-json\/wp\/v2\/posts\/4364','1410949501326','width=700,height=500,toolbar=0,menubar=0,location=0,status=1,scrollbars=1,resizable=1,left=0,top=0');return false;\" style=\"background-position: -390px -120px \"><\/a>\r\n\t\t\t\t\t<\/li>\r\n\t\t\t\t\t\t\t\t\t\t<li class=\"none nobackground \" >\r\n\r\n\t\t\t\t\t\t\t\t\t\t\t\t<a id=\"backforunical4364\" href=\"http:\/\/sns.qzone.qq.com\/cgi-bin\/qzshare\/cgi_qzshare_onekey?url=www.fabregat-perulles-sales.com\/actualidad\/wp-json\/wp\/v2\/posts\/4364&title=Suspensi\u00f3n de Plazos en el \u00c1mbito Tributario &#8211; COVID19\"  onclick=\"javascript:void window.open('http:\/\/sns.qzone.qq.com\/cgi-bin\/qzshare\/cgi_qzshare_onekey?url=www.fabregat-perulles-sales.com\/actualidad\/wp-json\/wp\/v2\/posts\/4364&title=Suspensi\u00f3n de Plazos en el \u00c1mbito Tributario &#8211; COVID19','1410949501326','width=700,height=500,toolbar=0,menubar=0,location=0,status=1,scrollbars=1,resizable=1,left=0,top=0');return false;\" style=\"background-position: -420px -120px \"><\/a>\r\n\t\t\t\t\t<\/li>\r\n\t\t\t\t\t\t\t\t\t\t<li class=\"none nobackground \" >\r\n\r\n\t\t\t\t\t\t\t\t\t\t\t\t<a id=\"backforunical4364\" href=\"http:\/\/service.weibo.com\/share\/share.php?url=www.fabregat-perulles-sales.com\/actualidad\/wp-json\/wp\/v2\/posts\/4364&appkey=&title=Suspensi\u00f3n de Plazos en el \u00c1mbito Tributario &#8211; COVID19&pic=&ralateUid=&\"  onclick=\"javascript:void window.open('http:\/\/service.weibo.com\/share\/share.php?url=www.fabregat-perulles-sales.com\/actualidad\/wp-json\/wp\/v2\/posts\/4364&appkey=&title=Suspensi\u00f3n de Plazos en el \u00c1mbito Tributario &#8211; COVID19&pic=&ralateUid=&','1410949501326','width=700,height=500,toolbar=0,menubar=0,location=0,status=1,scrollbars=1,resizable=1,left=0,top=0');return false;\" style=\"background-position: -450px -120px \"><\/a>\r\n\t\t\t\t\t<\/li>\r\n\t\t\t\t\t\t\t\t\t\t<li class=\"none nobackground \" >\r\n\r\n\t\t\t\t\t\t\t\t\t\t\t\t<a id=\"backforunical4364\" href=\"http:\/\/widget.renren.com\/dialog\/share?resourceUrl=www.fabregat-perulles-sales.com\/actualidad\/wp-json\/wp\/v2\/posts\/4364&srcUrl=www.fabregat-perulles-sales.com\/actualidad\/wp-json\/wp\/v2\/posts\/4364&title=Suspensi\u00f3n de Plazos en el \u00c1mbito Tributario &#8211; COVID19\"  onclick=\"javascript:void window.open('http:\/\/widget.renren.com\/dialog\/share?resourceUrl=www.fabregat-perulles-sales.com\/actualidad\/wp-json\/wp\/v2\/posts\/4364&srcUrl=www.fabregat-perulles-sales.com\/actualidad\/wp-json\/wp\/v2\/posts\/4364&title=Suspensi\u00f3n de Plazos en el \u00c1mbito Tributario &#8211; COVID19','1410949501326','width=700,height=500,toolbar=0,menubar=0,location=0,status=1,scrollbars=1,resizable=1,left=0,top=0');return false;\" style=\"background-position: -480px -120px \"><\/a>\r\n\t\t\t\t\t<\/li>\r\n\t\t\t\t\t\t\t\t\t\t<li class=\"none nobackground \" >\r\n\r\n\t\t\t\t\t\t\t\t\t\t\t\t<a id=\"backforunical4364\" href=\"http:\/\/n4g.com\/tips?url=www.fabregat-perulles-sales.com\/actualidad\/wp-json\/wp\/v2\/posts\/4364&title=Suspensi\u00f3n de Plazos en el \u00c1mbito Tributario &#8211; COVID19\"  onclick=\"javascript:void window.open('http:\/\/n4g.com\/tips?url=www.fabregat-perulles-sales.com\/actualidad\/wp-json\/wp\/v2\/posts\/4364&title=Suspensi\u00f3n de Plazos en el \u00c1mbito Tributario &#8211; COVID19','1410949501326','width=700,height=500,toolbar=0,menubar=0,location=0,status=1,scrollbars=1,resizable=1,left=0,top=0');return false;\" style=\"background-position: -510px -120px \"><\/a>\r\n\t\t\t\t\t<\/li>\r\n\t\t\t\t\t\t\t\t<\/ul>\r\n\t\t\t<div class=\"clear\"><\/div>\r\n\t\t<\/div>\r\n\t\t","protected":false},"excerpt":{"rendered":"<p>El pasado 18 de marzo entr\u00f3 en vigor el Real Decreto Ley 8\/2020, de 17 de marzo, de medidas urgentes extraordinarias para hacer frente al impacto econ\u00f3mico y social del COVID-19 (en lo sucesivo, RDL 17 marzo). Algunas de las medidas de mayor calado son las referidas a la flexibilizaci\u00f3n en los plazos para el\u2026 <span class=\"read-more\"><a href=\"https:\/\/www.fabregat-perulles-sales.com\/actualidad\/suspension-de-plazos-en-el-ambito-tributario-covid19\/\">Read More &raquo;<\/a><\/span><\/p>\n","protected":false},"author":3,"featured_media":0,"comment_status":"open","ping_status":"closed","sticky":false,"template":"","format":"standard","meta":[],"categories":[86,457,3,25],"tags":[1741,1690,1689,1739,1740,1597,1731],"yoast_head":"<!-- This site is optimized with the Yoast SEO plugin v20.2.1 - https:\/\/yoast.com\/wordpress\/plugins\/seo\/ -->\n<title>Suspensi\u00f3n de Plazos. COVID-19<\/title>\n<meta name=\"description\" content=\"El pasado 18 de marzo entr\u00f3 en vigor el Real Decreto Ley 8\/2020, de medidas urgentes extraordinarias para hacer frente al impacto econ\u00f3mico y social del COVID-19\" \/>\n<meta name=\"robots\" content=\"index, follow, max-snippet:-1, max-image-preview:large, max-video-preview:-1\" \/>\n<link rel=\"canonical\" href=\"https:\/\/www.fabregat-perulles-sales.com\/actualidad\/suspension-de-plazos-en-el-ambito-tributario-covid19\/\" \/>\n<meta property=\"og:locale\" content=\"en_US\" \/>\n<meta property=\"og:type\" content=\"article\" \/>\n<meta property=\"og:title\" content=\"Suspensi\u00f3n de Plazos. COVID-19\" \/>\n<meta property=\"og:description\" content=\"El pasado 18 de marzo entr\u00f3 en vigor el Real Decreto Ley 8\/2020, de medidas urgentes extraordinarias para hacer frente al impacto econ\u00f3mico y social del COVID-19\" \/>\n<meta property=\"og:url\" content=\"https:\/\/www.fabregat-perulles-sales.com\/actualidad\/suspension-de-plazos-en-el-ambito-tributario-covid19\/\" \/>\n<meta property=\"og:site_name\" content=\"International Lawyers\" \/>\n<meta property=\"article:published_time\" content=\"2020-03-23T10:10:54+00:00\" \/>\n<meta name=\"author\" content=\"Victor\" \/>\n<meta name=\"twitter:card\" content=\"summary_large_image\" \/>\n<meta name=\"twitter:label1\" content=\"Written by\" \/>\n\t<meta name=\"twitter:data1\" content=\"Victor\" \/>\n\t<meta name=\"twitter:label2\" content=\"Est. reading time\" \/>\n\t<meta name=\"twitter:data2\" content=\"3 minutes\" \/>\n<script type=\"application\/ld+json\" class=\"yoast-schema-graph\">{\"@context\":\"https:\/\/schema.org\",\"@graph\":[{\"@type\":\"WebPage\",\"@id\":\"https:\/\/www.fabregat-perulles-sales.com\/actualidad\/suspension-de-plazos-en-el-ambito-tributario-covid19\/\",\"url\":\"https:\/\/www.fabregat-perulles-sales.com\/actualidad\/suspension-de-plazos-en-el-ambito-tributario-covid19\/\",\"name\":\"Suspensi\u00f3n de Plazos. COVID-19\",\"isPartOf\":{\"@id\":\"https:\/\/www.fabregat-perulles-sales.com\/actualidad\/#website\"},\"datePublished\":\"2020-03-23T10:10:54+00:00\",\"dateModified\":\"2020-03-23T10:10:54+00:00\",\"author\":{\"@id\":\"https:\/\/www.fabregat-perulles-sales.com\/actualidad\/#\/schema\/person\/cabc1d68c7778f01d5e069c2d98442e3\"},\"description\":\"El pasado 18 de marzo entr\u00f3 en vigor el Real Decreto Ley 8\/2020, de medidas urgentes extraordinarias para hacer frente al impacto econ\u00f3mico y social del COVID-19\",\"breadcrumb\":{\"@id\":\"https:\/\/www.fabregat-perulles-sales.com\/actualidad\/suspension-de-plazos-en-el-ambito-tributario-covid19\/#breadcrumb\"},\"inLanguage\":\"en-US\",\"potentialAction\":[{\"@type\":\"ReadAction\",\"target\":[\"https:\/\/www.fabregat-perulles-sales.com\/actualidad\/suspension-de-plazos-en-el-ambito-tributario-covid19\/\"]}]},{\"@type\":\"BreadcrumbList\",\"@id\":\"https:\/\/www.fabregat-perulles-sales.com\/actualidad\/suspension-de-plazos-en-el-ambito-tributario-covid19\/#breadcrumb\",\"itemListElement\":[{\"@type\":\"ListItem\",\"position\":1,\"name\":\"Home\",\"item\":\"https:\/\/www.fabregat-perulles-sales.com\/actualidad\/\"},{\"@type\":\"ListItem\",\"position\":2,\"name\":\"Suspensi\u00f3n de Plazos en el \u00c1mbito Tributario &#8211; COVID19\"}]},{\"@type\":\"WebSite\",\"@id\":\"https:\/\/www.fabregat-perulles-sales.com\/actualidad\/#website\",\"url\":\"https:\/\/www.fabregat-perulles-sales.com\/actualidad\/\",\"name\":\"www.fabregat-perulles-sales.com\",\"description\":\"Fabregat Perulles Sales Abogados is a law firm of reference international market in the Spanish-German, Spanish-French, and Spanish-Italian. Is one of the first firms in Barcelona offering a Russian Desk.\",\"potentialAction\":[{\"@type\":\"SearchAction\",\"target\":{\"@type\":\"EntryPoint\",\"urlTemplate\":\"https:\/\/www.fabregat-perulles-sales.com\/actualidad\/?s={search_term_string}\"},\"query-input\":\"required name=search_term_string\"}],\"inLanguage\":\"en-US\"},{\"@type\":\"Person\",\"@id\":\"https:\/\/www.fabregat-perulles-sales.com\/actualidad\/#\/schema\/person\/cabc1d68c7778f01d5e069c2d98442e3\",\"name\":\"Victor\",\"image\":{\"@type\":\"ImageObject\",\"inLanguage\":\"en-US\",\"@id\":\"https:\/\/www.fabregat-perulles-sales.com\/actualidad\/#\/schema\/person\/image\/\",\"url\":\"https:\/\/secure.gravatar.com\/avatar\/756cb666a964d2960ffe307b8a53b271?s=96&d=mm&r=g\",\"contentUrl\":\"https:\/\/secure.gravatar.com\/avatar\/756cb666a964d2960ffe307b8a53b271?s=96&d=mm&r=g\",\"caption\":\"Victor\"},\"sameAs\":[\"http:\/\/www.fabregat-perulles-sales.com\"],\"url\":\"https:\/\/www.fabregat-perulles-sales.com\/actualidad\/author\/victor\/\"}]}<\/script>\n<!-- \/ Yoast SEO plugin. -->","yoast_head_json":{"title":"Suspensi\u00f3n de Plazos. COVID-19","description":"El pasado 18 de marzo entr\u00f3 en vigor el Real Decreto Ley 8\/2020, de medidas urgentes extraordinarias para hacer frente al impacto econ\u00f3mico y social del COVID-19","robots":{"index":"index","follow":"follow","max-snippet":"max-snippet:-1","max-image-preview":"max-image-preview:large","max-video-preview":"max-video-preview:-1"},"canonical":"https:\/\/www.fabregat-perulles-sales.com\/actualidad\/suspension-de-plazos-en-el-ambito-tributario-covid19\/","og_locale":"en_US","og_type":"article","og_title":"Suspensi\u00f3n de Plazos. COVID-19","og_description":"El pasado 18 de marzo entr\u00f3 en vigor el Real Decreto Ley 8\/2020, de medidas urgentes extraordinarias para hacer frente al impacto econ\u00f3mico y social del COVID-19","og_url":"https:\/\/www.fabregat-perulles-sales.com\/actualidad\/suspension-de-plazos-en-el-ambito-tributario-covid19\/","og_site_name":"International Lawyers","article_published_time":"2020-03-23T10:10:54+00:00","author":"Victor","twitter_card":"summary_large_image","twitter_misc":{"Written by":"Victor","Est. reading time":"3 minutes"},"schema":{"@context":"https:\/\/schema.org","@graph":[{"@type":"WebPage","@id":"https:\/\/www.fabregat-perulles-sales.com\/actualidad\/suspension-de-plazos-en-el-ambito-tributario-covid19\/","url":"https:\/\/www.fabregat-perulles-sales.com\/actualidad\/suspension-de-plazos-en-el-ambito-tributario-covid19\/","name":"Suspensi\u00f3n de Plazos. COVID-19","isPartOf":{"@id":"https:\/\/www.fabregat-perulles-sales.com\/actualidad\/#website"},"datePublished":"2020-03-23T10:10:54+00:00","dateModified":"2020-03-23T10:10:54+00:00","author":{"@id":"https:\/\/www.fabregat-perulles-sales.com\/actualidad\/#\/schema\/person\/cabc1d68c7778f01d5e069c2d98442e3"},"description":"El pasado 18 de marzo entr\u00f3 en vigor el Real Decreto Ley 8\/2020, de medidas urgentes extraordinarias para hacer frente al impacto econ\u00f3mico y social del COVID-19","breadcrumb":{"@id":"https:\/\/www.fabregat-perulles-sales.com\/actualidad\/suspension-de-plazos-en-el-ambito-tributario-covid19\/#breadcrumb"},"inLanguage":"en-US","potentialAction":[{"@type":"ReadAction","target":["https:\/\/www.fabregat-perulles-sales.com\/actualidad\/suspension-de-plazos-en-el-ambito-tributario-covid19\/"]}]},{"@type":"BreadcrumbList","@id":"https:\/\/www.fabregat-perulles-sales.com\/actualidad\/suspension-de-plazos-en-el-ambito-tributario-covid19\/#breadcrumb","itemListElement":[{"@type":"ListItem","position":1,"name":"Home","item":"https:\/\/www.fabregat-perulles-sales.com\/actualidad\/"},{"@type":"ListItem","position":2,"name":"Suspensi\u00f3n de Plazos en el \u00c1mbito Tributario &#8211; COVID19"}]},{"@type":"WebSite","@id":"https:\/\/www.fabregat-perulles-sales.com\/actualidad\/#website","url":"https:\/\/www.fabregat-perulles-sales.com\/actualidad\/","name":"www.fabregat-perulles-sales.com","description":"Fabregat Perulles Sales Abogados is a law firm of reference international market in the Spanish-German, Spanish-French, and Spanish-Italian. Is one of the first firms in Barcelona offering a Russian Desk.","potentialAction":[{"@type":"SearchAction","target":{"@type":"EntryPoint","urlTemplate":"https:\/\/www.fabregat-perulles-sales.com\/actualidad\/?s={search_term_string}"},"query-input":"required name=search_term_string"}],"inLanguage":"en-US"},{"@type":"Person","@id":"https:\/\/www.fabregat-perulles-sales.com\/actualidad\/#\/schema\/person\/cabc1d68c7778f01d5e069c2d98442e3","name":"Victor","image":{"@type":"ImageObject","inLanguage":"en-US","@id":"https:\/\/www.fabregat-perulles-sales.com\/actualidad\/#\/schema\/person\/image\/","url":"https:\/\/secure.gravatar.com\/avatar\/756cb666a964d2960ffe307b8a53b271?s=96&d=mm&r=g","contentUrl":"https:\/\/secure.gravatar.com\/avatar\/756cb666a964d2960ffe307b8a53b271?s=96&d=mm&r=g","caption":"Victor"},"sameAs":["http:\/\/www.fabregat-perulles-sales.com"],"url":"https:\/\/www.fabregat-perulles-sales.com\/actualidad\/author\/victor\/"}]}},"amp_enabled":true,"_links":{"self":[{"href":"https:\/\/www.fabregat-perulles-sales.com\/actualidad\/wp-json\/wp\/v2\/posts\/4364"}],"collection":[{"href":"https:\/\/www.fabregat-perulles-sales.com\/actualidad\/wp-json\/wp\/v2\/posts"}],"about":[{"href":"https:\/\/www.fabregat-perulles-sales.com\/actualidad\/wp-json\/wp\/v2\/types\/post"}],"author":[{"embeddable":true,"href":"https:\/\/www.fabregat-perulles-sales.com\/actualidad\/wp-json\/wp\/v2\/users\/3"}],"replies":[{"embeddable":true,"href":"https:\/\/www.fabregat-perulles-sales.com\/actualidad\/wp-json\/wp\/v2\/comments?post=4364"}],"version-history":[{"count":3,"href":"https:\/\/www.fabregat-perulles-sales.com\/actualidad\/wp-json\/wp\/v2\/posts\/4364\/revisions"}],"predecessor-version":[{"id":4367,"href":"https:\/\/www.fabregat-perulles-sales.com\/actualidad\/wp-json\/wp\/v2\/posts\/4364\/revisions\/4367"}],"wp:attachment":[{"href":"https:\/\/www.fabregat-perulles-sales.com\/actualidad\/wp-json\/wp\/v2\/media?parent=4364"}],"wp:term":[{"taxonomy":"category","embeddable":true,"href":"https:\/\/www.fabregat-perulles-sales.com\/actualidad\/wp-json\/wp\/v2\/categories?post=4364"},{"taxonomy":"post_tag","embeddable":true,"href":"https:\/\/www.fabregat-perulles-sales.com\/actualidad\/wp-json\/wp\/v2\/tags?post=4364"}],"curies":[{"name":"wp","href":"https:\/\/api.w.org\/{rel}","templated":true}]}}