{"id":4334,"date":"2020-03-19T14:17:00","date_gmt":"2020-03-19T13:17:00","guid":{"rendered":"http:\/\/www.fabregat-perulles-sales.com\/actualidad\/?p=4334"},"modified":"2020-03-19T14:17:00","modified_gmt":"2020-03-19T13:17:00","slug":"medidas-extraordinarias-para-hacer-frente-al-impacto-economico-y-social-del-covid-19","status":"publish","type":"post","link":"https:\/\/www.fabregat-perulles-sales.com\/actualidad\/medidas-extraordinarias-para-hacer-frente-al-impacto-economico-y-social-del-covid-19\/","title":{"rendered":"Medidas Extraordinarias para hacer frente al Impacto Econ\u00f3mico y Social del COVID-19"},"content":{"rendered":"<p>Ayer mi\u00e9rcoles 18 de marzo entr\u00f3 en vigor el Real Decreto-Ley 8\/2020, de 17 de marzo, de medidas extraordinarias para hacer frente al impacto econ\u00f3mico y social del COVID-19.<\/p>\n<p>Las medidas adoptadas, seg\u00fan reza su Exposici\u00f3n de Motivos, pretenden evitar un impacto econ\u00f3mico prolongado m\u00e1s all\u00e1 de la crisis sanitaria, dando prioridad a la protecci\u00f3n de las familias, <u>aut\u00f3nomos<\/u> y <u>empresas m\u00e1s directamente afectadas<\/u>. A continuaci\u00f3n se exponen las medidas de \u00edndole econ\u00f3mico (no, sanitario) y con impacto en la esfera patrimonial de las personas f\u00edsicas y jur\u00eddicas:<\/p>\n<ol>\n<li><strong>1. Medidas de apoyo a trabajadores, familias y colectivos vulnerables<\/strong>, siempre y cuando se vean particularmente afectados por las circunstancias actuales. Entre otras:<\/li>\n<\/ol>\n<ul>\n<li><u>&#8211; Se ampl\u00eda la cobertura de colectivos vulnerables en el \u00e1mbito de suministro de servicios p\u00fablicos esenciales<\/u>: agua, gas y electricidad.<\/li>\n<li>&#8211; Se priorizar\u00e1n los <u>sistemas de organizaci\u00f3n que permitan mantener la actividad por mecanismos alternativos<\/u> (teletrabajo o a distancia), debi\u00e9ndose facilitar las medidas oportunas para hacerlo posible.<\/li>\n<li><u>&#8211; Se favorece la conciliaci\u00f3n laboral<\/u>, a los trabajadores por cuenta ajena que acrediten deberes de cuidado a personas dependientes como consecuencia del COVID-19, con la consiguiente disminuci\u00f3n proporcional del salario.<\/li>\n<li><u>&#8211; Se garantiza el derecho a la vivienda a los deudores hipotecarios en situaci\u00f3n de especial vulnerabilidad<\/u> que vean sus ingresos reducidos como consecuencia de la crisis sanitaria del COVID-19, facult\u00e1ndoles a una moratoria en el pago de sus hipotecas.<\/li>\n<li><u>&#8211; Se crea una prestaci\u00f3n extraordinaria por cese de actividad dirigida a los aut\u00f3nomos<\/u>, que cubre la finalizaci\u00f3n de la actividad provocada por una situaci\u00f3n involuntaria como la actual.<\/li>\n<li><u>&#8211; Se interrumpen los plazos para la devoluci\u00f3n de los productos comprados por cualquier modalidad, bien presencial bien on-line<\/u>, mientras est\u00e9 en vigor el Estado de Alarma.<\/li>\n<\/ul>\n<ol start=\"2\">\n<li><strong>2. Medidas de flexibilizaci\u00f3n de los mecanismos de ajuste temporal de actividad para evitar despidos<\/strong><\/li>\n<\/ol>\n<ul>\n<li>&#8211; Se especifica <u>que las p\u00e9rdidas de actividad consecuencia del COVID-19 tendr\u00e1n la consideraci\u00f3n de fuerza mayor<\/u> a los efectos de la suspensi\u00f3n de los contratos o la reducci\u00f3n de la jornada.<\/li>\n<li><u>&#8211; Se refuerza la cobertura a los trabajadores afectados por un ERTE<\/u>, posibilit\u00e1ndoles que tengan acceso a la prestaci\u00f3n contributiva por desempleo, a\u00fan careciendo del periodo de cotizaci\u00f3n necesario para tener acceso a ella.<\/li>\n<li><u>&#8211; Se exonera a las empresas del pago del 75% de la aportaci\u00f3n empresarial a la Seguridad Social, alcanzando el 100% de la cuota cuando se trate de empresas de menos de 50 trabajadores<\/u>, siempre y cuando \u00e9stas mantengan el empleo de sus trabajadores.<\/li>\n<\/ul>\n<ol start=\"3\">\n<li><strong>3. Medidas de garant\u00eda de liquidez para sostener la actividad econ\u00f3mica ante las dificultades transitorias consecuencia de la situaci\u00f3n generada por el COVID-19. <\/strong><\/li>\n<\/ol>\n<ul>\n<li>&#8211; Se prev\u00e9 la <u>aprobaci\u00f3n de una l\u00ednea de avales por cuenta del Estado para empresas y aut\u00f3nomos<\/u>, que cubra tanto la renovaci\u00f3n de pr\u00e9stamos como nueva financiaci\u00f3n. Asimismo, se ampl\u00eda la capacidad de endeudamiento neto para facilitar liquidez a las pymes y aut\u00f3nomos.<\/li>\n<li><u>&#8211; Se agilizan los tr\u00e1mites aduaneros de importaci\u00f3n en el sector industrial<\/u>.<\/li>\n<li><u>&#8211; Se flexibilizan los plazos para el pago, tanto en periodo voluntario como en periodo ejecutivo<\/u>, as\u00ed como el pago de los acuerdos de aplazamiento y fraccionamiento de las deudas tributarias. En relaci\u00f3n con esta medida, por su impacto y relevancia, pr\u00f3ximamente se emitir\u00e1 una nota espec\u00edfica sobre la misma.<\/li>\n<li><u>&#8211; Se impide la resoluci\u00f3n de contratos p\u00fablicos por parte de todas las entidades que integran el sector p\u00fablico<\/u>. As\u00ed, se prev\u00e9 un r\u00e9gimen espec\u00edfico para la suspensi\u00f3n de los mismos.<\/li>\n<\/ul>\n<ol start=\"4\">\n<li><strong>4. Medidas adicionales para permitir una respuesta adecuada a la situaci\u00f3n excepcional. <\/strong><\/li>\n<\/ol>\n<ul>\n<li>&#8211; Se establecen una serie de <u>medidas extraordinarias aplicables al funcionamiento de los \u00f3rganos de gobierno de las personas jur\u00eddicas de derecho privado<\/u>:\n<ul>\n<li>&#8211; sesiones por <u>videoconferencia<\/u><\/li>\n<li><u>&#8211; votaci\u00f3n por escrito y sin sesi\u00f3n<\/u>, siempre que lo decida el presidente y se solicite por, al menos, dos miembros del \u00f3rgano<\/li>\n<li>&#8211; el <u>plazo para formular las cuentas anuales queda suspendido<\/u> hasta que finalice el estado de alarma<\/li>\n<li>&#8211; si las cuentas anuales ya se hubieren formulado a la fecha de declaraci\u00f3n del estado de alarma, el plazo para su auditor\u00eda -si esta fuera obligatoria-, se prorrogar\u00e1 por dos meses una vez finalizado el estado de alarma.<\/li>\n<li>&#8211; la junta general ordinaria para la aprobaci\u00f3n de las cuentas anuales del ejercicio anterior se reunir\u00e1 dentro de los tres meses siguientes dese que finalice el plazo para formular las cuentas anuales.<\/li>\n<li>&#8211; el notario requerido para asistir a una junta general de socios podr\u00e1 utilizar medios de comunicaci\u00f3n a distancia en tiempo real.<\/li>\n<li>&#8211; mientras dure el estado de alarma, <u>los socios no podr\u00e1n ejercitar el derecho de separaci\u00f3n<\/u>.<\/li>\n<li>&#8211; si durante la vigencia del estado de alarma transcurriera el t\u00e9rmino de duraci\u00f3n de la sociedad, <u>la disoluci\u00f3n no se producir\u00e1 hasta transcurridos dos meses desde la finalizaci\u00f3n del estado de alarma<\/u>.<\/li>\n<li>&#8211; si durante la vigencia del estado de alarma acaece causa legal o estatutaria de disoluci\u00f3n, <u>los administradores no responder\u00e1n de las deudas sociales contra\u00eddas en ese periodo<\/u>.<\/li>\n<\/ul>\n<\/li>\n<\/ul>\n<ul>\n<li>&#8211; Se establecen medidas extraordinarias <u>aplicables al funcionamiento de los \u00f3rganos de gobierno de las sociedades an\u00f3nimas cotizadas<\/u>:\n<ul>\n<li>&#8211; la publicaci\u00f3n y remisi\u00f3n del informe financiero anual a la CNMV, as\u00ed como el informe de auditor\u00eda a que est\u00e1n obligadas, podr\u00e1 cumplirse hasta seis meses despu\u00e9s del cierre del ejercicio social.<\/li>\n<li>&#8211; la junta general ordinaria de accionistas podr\u00e1 celebrarse dentro de los diez primeros meses del ejercicio social.<\/li>\n<li>&#8211; se podr\u00e1 prever la asistencia a la convocatoria por medios telem\u00e1ticos as\u00ed como el voto a distancia.<\/li>\n<li>&#8211; ser\u00e1n v\u00e1lidos los acuerdos del consejo de administraci\u00f3n y los acuerdos de la Comisi\u00f3n de Auditor\u00eda que sean adoptados por videoconferencia o por conferencia telef\u00f3nica m\u00faltiple, aunque ello no se disponga en los estatutos sociales.<\/li>\n<\/ul>\n<\/li>\n<\/ul>\n<ul>\n<li>&#8211; Se <u>suspende el plazo de caducidad de los asientos del registro durante la vigencia del real decreto de declaraci\u00f3n del estado de alarma<\/u>.<\/li>\n<li>&#8211; Se <u>interrumpe el plazo fijado en la Ley Concursal para que el deudor que se encuentre en estado de insolvencia, no tenga el deber de solicitar la declaraci\u00f3n de concurso<\/u>.<\/li>\n<\/ul>\n<p><strong>\u00a0<\/strong><\/p>\n\r\n\t\t<style>\r\n\t\t\t.huge-it-share-buttons {\r\n\t\t\t\tborder:0px solid #0FB5D6;\r\n\t\t\t\tborder-radius:5px;\r\n\t\t\t\tbackground:#3BD8FF;\r\n\t\t\t text-align:left; \t\t\t\t\t\t\t\t\t}\r\n\r\n\t\t\t#huge-it-share-buttons-top {margin-bottom:0px;}\r\n\t\t\t#huge-it-share-buttons-bottom {margin-top:0px;}\r\n\r\n\t\t\t.huge-it-share-buttons h3 {\r\n\t\t\t\tfont-size:25px ;\r\n\t\t\t\tfont-family:Arial,Helvetica Neue,Helvetica,sans-serif;\r\n\t\t\t\tcolor:#666666;\r\n\r\n\t\t\tdisplay:block;\t\t\t\tline-height:25px ;\r\n\r\n\t\t\t text-align:left; \t\t\t\t\t\t\t\t\t}\r\n\r\n\t\t\t.huge-it-share-buttons ul {\r\n\t\t\t float:left; \t\t\t\t\t\t\t\t\t}\r\n\r\n\t\t\t.huge-it-share-buttons ul li {\r\n\t\t\t\tmargin-left:3px;\r\n\t\t\t\tmargin-right:3px;\r\n\t\t\t\tpadding:0px;\r\n\t\t\t\tborder:0px ridge #E6354C;\r\n\t\t\t\tborder-radius:11px;\r\n\t\t\t\tbackground-color:#14CC9B;\r\n\t\t\t}\r\n\r\n\t\t\t.huge-it-share-buttons ul li #backforunical4334 {\r\n\t\t\t\tborder-bottom: 0;\r\n\t\t\t\tbackground-image:url('https:\/\/www.fabregat-perulles-sales.com\/actualidad\/wp-content\/plugins\/wp-share-buttons\/Front_end\/..\/images\/buttons.30.png');\r\n\t\t\t\twidth:30px;\r\n\t\t\t\theight:30px;\r\n\t\t\t}\r\n\r\n\t\t\t.front-shares-count {\r\n\t\t\t\tposition: absolute;\r\n\t\t\t\ttext-align: center;\r\n\t\t\t\tdisplay: block;\r\n\t\t\t}\r\n\r\n\t\t\t.shares_size20 .front-shares-count {\r\n\t\t\t\tfont-size: 10px;\r\n\t\t\t\ttop: 10px;\r\n\t\t\t\twidth: 20px;\r\n\t\t\t}\r\n\r\n\t\t\t.shares_size30 .front-shares-count {\r\n\t\t\t\tfont-size: 11px;\r\n\t\t\t\ttop: 15px;\r\n\t\t\t\twidth: 30px;\r\n\t\t\t}\r\n\r\n\t\t\t.shares_size40 .front-shares-count {\r\n\t\t\t\tfont-size: 12px;\r\n\t\t\t\ttop: 21px;\r\n\t\t\t\twidth: 40px;\r\n\t\t\t}\r\n\t\t<\/style>\r\n\t\t\r\n\t\t<div id=\"huge-it-share-buttons-top\" class=\"huge-it-share-buttons nobackground\">\r\n\t\t\t<h3>Share This:<\/h3>\r\n\t\t\t<ul class=\"huge-it-share-buttons-list \">\r\n\t\t\t\t\t\t\t\t\t<li class=\"nobackground \" >\r\n\r\n\t\t\t\t\t\t\t\t\t\t\t\t<a id=\"backforunical4334\" href=\"https:\/\/www.facebook.com\/sharer\/sharer.php?u=www.fabregat-perulles-sales.com\/actualidad\/wp-json\/wp\/v2\/posts\/4334\"  onclick=\"javascript:void window.open('https:\/\/www.facebook.com\/sharer\/sharer.php?u=www.fabregat-perulles-sales.com\/actualidad\/wp-json\/wp\/v2\/posts\/4334','1410949501326','width=700,height=500,toolbar=0,menubar=0,location=0,status=1,scrollbars=1,resizable=1,left=0,top=0');return false;\" style=\"background-position: -0px -120px \"><\/a>\r\n\t\t\t\t\t<\/li>\r\n\t\t\t\t\t\t\t\t\t\t<li class=\"nobackground \" >\r\n\r\n\t\t\t\t\t\t\t\t\t\t\t\t<a id=\"backforunical4334\" href=\"https:\/\/twitter.com\/share?status=www.fabregat-perulles-sales.com\/actualidad\/wp-json\/wp\/v2\/posts\/4334&text=Medidas Extraordinarias para hacer frente al Impacto Econ\u00f3mico y Social del COVID-19\"  onclick=\"javascript:void window.open('https:\/\/twitter.com\/share?status=www.fabregat-perulles-sales.com\/actualidad\/wp-json\/wp\/v2\/posts\/4334&text=Medidas Extraordinarias para hacer frente al Impacto Econ\u00f3mico y Social del COVID-19','1410949501326','width=700,height=500,toolbar=0,menubar=0,location=0,status=1,scrollbars=1,resizable=1,left=0,top=0');return false;\" style=\"background-position: -30px -120px \"><\/a>\r\n\t\t\t\t\t<\/li>\r\n\t\t\t\t\t\t\t\t\t\t<li class=\"none nobackground \" >\r\n\r\n\t\t\t\t\t\t\t\t\t\t\t\t<a id=\"backforunical4334\" href=\"http:\/\/www.pinterest.com\/pin\/create\/button\/?url=www.fabregat-perulles-sales.com\/actualidad\/wp-json\/wp\/v2\/posts\/4334&media=https:\/\/www.fabregat-perulles-sales.com\/actualidad\/wp-content\/plugins\/wp-share-buttons\/Front_end\/..\/images\/noimage.png&description=Medidas Extraordinarias para hacer frente al Impacto Econ\u00f3mico y Social del COVID-19\"  onclick=\"javascript:void window.open('http:\/\/www.pinterest.com\/pin\/create\/button\/?url=www.fabregat-perulles-sales.com\/actualidad\/wp-json\/wp\/v2\/posts\/4334&media=https:\/\/www.fabregat-perulles-sales.com\/actualidad\/wp-content\/plugins\/wp-share-buttons\/Front_end\/..\/images\/noimage.png&description=Medidas Extraordinarias para hacer frente al Impacto Econ\u00f3mico y Social del COVID-19','1410949501326','width=700,height=500,toolbar=0,menubar=0,location=0,status=1,scrollbars=1,resizable=1,left=0,top=0');return false;\" style=\"background-position: -60px -120px \"><\/a>\r\n\t\t\t\t\t<\/li>\r\n\t\t\t\t\t\t\t\t\t\t<li class=\"none nobackground \" >\r\n\r\n\t\t\t\t\t\t\t\t\t\t\t\t<a id=\"backforunical4334\" href=\"https:\/\/plus.google.com\/share?url=www.fabregat-perulles-sales.com\/actualidad\/wp-json\/wp\/v2\/posts\/4334\"  onclick=\"javascript:void window.open('https:\/\/plus.google.com\/share?url=www.fabregat-perulles-sales.com\/actualidad\/wp-json\/wp\/v2\/posts\/4334','1410949501326','width=700,height=500,toolbar=0,menubar=0,location=0,status=1,scrollbars=1,resizable=1,left=0,top=0');return false;\" style=\"background-position: -90px -120px \"><\/a>\r\n\t\t\t\t\t<\/li>\r\n\t\t\t\t\t\t\t\t\t\t<li class=\"nobackground \" >\r\n\r\n\t\t\t\t\t\t\t\t\t\t\t\t<a id=\"backforunical4334\" href=\"https:\/\/www.linkedin.com\/shareArticle?title=Medidas Extraordinarias para hacer frente al Impacto Econ\u00f3mico y Social del COVID-19&mini=true&url=https:\/\/www.fabregat-perulles-sales.com\/actualidad\/wp-json\/wp\/v2\/posts\/4334\"  onclick=\"javascript:void window.open('https:\/\/www.linkedin.com\/shareArticle?title=Medidas Extraordinarias para hacer frente al Impacto Econ\u00f3mico y Social del COVID-19&mini=true&url=https:\/\/www.fabregat-perulles-sales.com\/actualidad\/wp-json\/wp\/v2\/posts\/4334','1410949501326','width=700,height=500,toolbar=0,menubar=0,location=0,status=1,scrollbars=1,resizable=1,left=0,top=0');return false;\" style=\"background-position: -120px -120px \"><\/a>\r\n\t\t\t\t\t<\/li>\r\n\t\t\t\t\t\t\t\t\t\t<li class=\"none nobackground \" >\r\n\r\n\t\t\t\t\t\t\t\t\t\t\t\t<a id=\"backforunical4334\" href=\"https:\/\/www.tumblr.com\/share\/link?url=www.fabregat-perulles-sales.com\/actualidad\/wp-json\/wp\/v2\/posts\/4334&name=Medidas Extraordinarias para hacer frente al Impacto Econ\u00f3mico y Social del COVID-19\"  onclick=\"javascript:void window.open('https:\/\/www.tumblr.com\/share\/link?url=www.fabregat-perulles-sales.com\/actualidad\/wp-json\/wp\/v2\/posts\/4334&name=Medidas Extraordinarias para hacer frente al Impacto Econ\u00f3mico y Social del COVID-19','1410949501326','width=700,height=500,toolbar=0,menubar=0,location=0,status=1,scrollbars=1,resizable=1,left=0,top=0');return false;\" style=\"background-position: -150px -120px \"><\/a>\r\n\t\t\t\t\t<\/li>\r\n\t\t\t\t\t\t\t\t\t\t<li class=\"none nobackground \" >\r\n\r\n\t\t\t\t\t\t\t\t\t\t\t\t<a id=\"backforunical4334\" href=\"http:\/\/digg.com\/submit?phase=2&url=www.fabregat-perulles-sales.com\/actualidad\/wp-json\/wp\/v2\/posts\/4334&title=Medidas Extraordinarias para hacer frente al Impacto Econ\u00f3mico y Social del COVID-19\"  onclick=\"javascript:void window.open('http:\/\/digg.com\/submit?phase=2&url=www.fabregat-perulles-sales.com\/actualidad\/wp-json\/wp\/v2\/posts\/4334&title=Medidas Extraordinarias para hacer frente al Impacto Econ\u00f3mico y Social del COVID-19','1410949501326','width=700,height=500,toolbar=0,menubar=0,location=0,status=1,scrollbars=1,resizable=1,left=0,top=0');return false;\" style=\"background-position: -180px -120px \"><\/a>\r\n\t\t\t\t\t<\/li>\r\n\t\t\t\t\t\t\t\t\t\t<li class=\"none nobackground \" >\r\n\r\n\t\t\t\t\t\t\t\t\t\t\t\t<a id=\"backforunical4334\" href=\"http:\/\/www.stumbleupon.com\/submit?url=www.fabregat-perulles-sales.com\/actualidad\/wp-json\/wp\/v2\/posts\/4334&title=Medidas Extraordinarias para hacer frente al Impacto Econ\u00f3mico y Social del COVID-19\"  onclick=\"javascript:void window.open('http:\/\/www.stumbleupon.com\/submit?url=www.fabregat-perulles-sales.com\/actualidad\/wp-json\/wp\/v2\/posts\/4334&title=Medidas Extraordinarias para hacer frente al Impacto Econ\u00f3mico y Social del COVID-19','1410949501326','width=700,height=500,toolbar=0,menubar=0,location=0,status=1,scrollbars=1,resizable=1,left=0,top=0');return false;\" style=\"background-position: -210px -120px \"><\/a>\r\n\t\t\t\t\t<\/li>\r\n\t\t\t\t\t\t\t\t\t\t<li class=\"none nobackground \" >\r\n\r\n\t\t\t\t\t\t\t\t\t\t\t\t<a id=\"backforunical4334\" href=\"https:\/\/myspace.com\/post?l=3&u=www.fabregat-perulles-sales.com\/actualidad\/wp-json\/wp\/v2\/posts\/4334\"  onclick=\"javascript:void window.open('https:\/\/myspace.com\/post?l=3&u=www.fabregat-perulles-sales.com\/actualidad\/wp-json\/wp\/v2\/posts\/4334','1410949501326','width=700,height=500,toolbar=0,menubar=0,location=0,status=1,scrollbars=1,resizable=1,left=0,top=0');return false;\" style=\"background-position: -240px -120px \"><\/a>\r\n\t\t\t\t\t<\/li>\r\n\t\t\t\t\t\t\t\t\t\t<li class=\"nobackground \" >\r\n\r\n\t\t\t\t\t\t\t\t\t\t\t\t<a id=\"backforunical4334\" href=\"http:\/\/vk.com\/share.php?url=www.fabregat-perulles-sales.com\/actualidad\/wp-json\/wp\/v2\/posts\/4334&title=Medidas Extraordinarias para hacer frente al Impacto Econ\u00f3mico y Social del COVID-19\"  onclick=\"javascript:void window.open('http:\/\/vk.com\/share.php?url=www.fabregat-perulles-sales.com\/actualidad\/wp-json\/wp\/v2\/posts\/4334&title=Medidas Extraordinarias para hacer frente al Impacto Econ\u00f3mico y Social del COVID-19','1410949501326','width=700,height=500,toolbar=0,menubar=0,location=0,status=1,scrollbars=1,resizable=1,left=0,top=0');return false;\" style=\"background-position: -270px -120px \"><\/a>\r\n\t\t\t\t\t<\/li>\r\n\t\t\t\t\t\t\t\t\t\t<li class=\"none nobackground \" >\r\n\r\n\t\t\t\t\t\t\t\t\t\t\t\t<a id=\"backforunical4334\" href=\"http:\/\/www.reddit.com\/submit?url=www.fabregat-perulles-sales.com\/actualidad\/wp-json\/wp\/v2\/posts\/4334&title=Medidas Extraordinarias para hacer frente al Impacto Econ\u00f3mico y Social del COVID-19\"  onclick=\"javascript:void window.open('http:\/\/www.reddit.com\/submit?url=www.fabregat-perulles-sales.com\/actualidad\/wp-json\/wp\/v2\/posts\/4334&title=Medidas Extraordinarias para hacer frente al Impacto Econ\u00f3mico y Social del COVID-19','1410949501326','width=700,height=500,toolbar=0,menubar=0,location=0,status=1,scrollbars=1,resizable=1,left=0,top=0');return false;\" style=\"background-position: -300px -120px \"><\/a>\r\n\t\t\t\t\t<\/li>\r\n\t\t\t\t\t\t\t\t\t\t<li class=\"none nobackground \" >\r\n\r\n\t\t\t\t\t\t\t\t\t\t\t\t<a id=\"backforunical4334\" href=\"http:\/\/www.bebo.com\/c\/share?Url=www.fabregat-perulles-sales.com\/actualidad\/wp-json\/wp\/v2\/posts\/4334\"  onclick=\"javascript:void window.open('http:\/\/www.bebo.com\/c\/share?Url=www.fabregat-perulles-sales.com\/actualidad\/wp-json\/wp\/v2\/posts\/4334','1410949501326','width=700,height=500,toolbar=0,menubar=0,location=0,status=1,scrollbars=1,resizable=1,left=0,top=0');return false;\" style=\"background-position: -330px -120px \"><\/a>\r\n\t\t\t\t\t<\/li>\r\n\t\t\t\t\t\t\t\t\t\t<li class=\"none nobackground \" >\r\n\r\n\t\t\t\t\t\t\t\t\t\t\t\t<a id=\"backforunical4334\" href=\"https:\/\/delicious.com\/save?v=5&noui&jump=close&url=www.fabregat-perulles-sales.com\/actualidad\/wp-json\/wp\/v2\/posts\/4334&title=Medidas Extraordinarias para hacer frente al Impacto Econ\u00f3mico y Social del COVID-19\"  onclick=\"javascript:void window.open('https:\/\/delicious.com\/save?v=5&noui&jump=close&url=www.fabregat-perulles-sales.com\/actualidad\/wp-json\/wp\/v2\/posts\/4334&title=Medidas Extraordinarias para hacer frente al Impacto Econ\u00f3mico y Social del COVID-19','1410949501326','width=700,height=500,toolbar=0,menubar=0,location=0,status=1,scrollbars=1,resizable=1,left=0,top=0');return false;\" style=\"background-position: -360px -120px \"><\/a>\r\n\t\t\t\t\t<\/li>\r\n\t\t\t\t\t\t\t\t\t\t<li class=\"none nobackground \" >\r\n\r\n\t\t\t\t\t\t\t\t\t\t\t\t<a id=\"backforunical4334\" href=\"http:\/\/www.odnoklassniki.ru\/dk?st.cmd=addShare&st.s=2&st.noresize=on&st._surl=www.fabregat-perulles-sales.com\/actualidad\/wp-json\/wp\/v2\/posts\/4334\"  onclick=\"javascript:void window.open('http:\/\/www.odnoklassniki.ru\/dk?st.cmd=addShare&st.s=2&st.noresize=on&st._surl=www.fabregat-perulles-sales.com\/actualidad\/wp-json\/wp\/v2\/posts\/4334','1410949501326','width=700,height=500,toolbar=0,menubar=0,location=0,status=1,scrollbars=1,resizable=1,left=0,top=0');return false;\" style=\"background-position: -390px -120px \"><\/a>\r\n\t\t\t\t\t<\/li>\r\n\t\t\t\t\t\t\t\t\t\t<li class=\"none nobackground \" >\r\n\r\n\t\t\t\t\t\t\t\t\t\t\t\t<a id=\"backforunical4334\" href=\"http:\/\/sns.qzone.qq.com\/cgi-bin\/qzshare\/cgi_qzshare_onekey?url=www.fabregat-perulles-sales.com\/actualidad\/wp-json\/wp\/v2\/posts\/4334&title=Medidas Extraordinarias para hacer frente al Impacto Econ\u00f3mico y Social del COVID-19\"  onclick=\"javascript:void window.open('http:\/\/sns.qzone.qq.com\/cgi-bin\/qzshare\/cgi_qzshare_onekey?url=www.fabregat-perulles-sales.com\/actualidad\/wp-json\/wp\/v2\/posts\/4334&title=Medidas Extraordinarias para hacer frente al Impacto Econ\u00f3mico y Social del COVID-19','1410949501326','width=700,height=500,toolbar=0,menubar=0,location=0,status=1,scrollbars=1,resizable=1,left=0,top=0');return false;\" style=\"background-position: -420px -120px \"><\/a>\r\n\t\t\t\t\t<\/li>\r\n\t\t\t\t\t\t\t\t\t\t<li class=\"none nobackground \" >\r\n\r\n\t\t\t\t\t\t\t\t\t\t\t\t<a id=\"backforunical4334\" href=\"http:\/\/service.weibo.com\/share\/share.php?url=www.fabregat-perulles-sales.com\/actualidad\/wp-json\/wp\/v2\/posts\/4334&appkey=&title=Medidas Extraordinarias para hacer frente al Impacto Econ\u00f3mico y Social del COVID-19&pic=&ralateUid=&\"  onclick=\"javascript:void window.open('http:\/\/service.weibo.com\/share\/share.php?url=www.fabregat-perulles-sales.com\/actualidad\/wp-json\/wp\/v2\/posts\/4334&appkey=&title=Medidas Extraordinarias para hacer frente al Impacto Econ\u00f3mico y Social del COVID-19&pic=&ralateUid=&','1410949501326','width=700,height=500,toolbar=0,menubar=0,location=0,status=1,scrollbars=1,resizable=1,left=0,top=0');return false;\" style=\"background-position: -450px -120px \"><\/a>\r\n\t\t\t\t\t<\/li>\r\n\t\t\t\t\t\t\t\t\t\t<li class=\"none nobackground \" >\r\n\r\n\t\t\t\t\t\t\t\t\t\t\t\t<a id=\"backforunical4334\" href=\"http:\/\/widget.renren.com\/dialog\/share?resourceUrl=www.fabregat-perulles-sales.com\/actualidad\/wp-json\/wp\/v2\/posts\/4334&srcUrl=www.fabregat-perulles-sales.com\/actualidad\/wp-json\/wp\/v2\/posts\/4334&title=Medidas Extraordinarias para hacer frente al Impacto Econ\u00f3mico y Social del COVID-19\"  onclick=\"javascript:void window.open('http:\/\/widget.renren.com\/dialog\/share?resourceUrl=www.fabregat-perulles-sales.com\/actualidad\/wp-json\/wp\/v2\/posts\/4334&srcUrl=www.fabregat-perulles-sales.com\/actualidad\/wp-json\/wp\/v2\/posts\/4334&title=Medidas Extraordinarias para hacer frente al Impacto Econ\u00f3mico y Social del COVID-19','1410949501326','width=700,height=500,toolbar=0,menubar=0,location=0,status=1,scrollbars=1,resizable=1,left=0,top=0');return false;\" style=\"background-position: -480px -120px \"><\/a>\r\n\t\t\t\t\t<\/li>\r\n\t\t\t\t\t\t\t\t\t\t<li class=\"none nobackground \" >\r\n\r\n\t\t\t\t\t\t\t\t\t\t\t\t<a id=\"backforunical4334\" href=\"http:\/\/n4g.com\/tips?url=www.fabregat-perulles-sales.com\/actualidad\/wp-json\/wp\/v2\/posts\/4334&title=Medidas Extraordinarias para hacer frente al Impacto Econ\u00f3mico y Social del COVID-19\"  onclick=\"javascript:void window.open('http:\/\/n4g.com\/tips?url=www.fabregat-perulles-sales.com\/actualidad\/wp-json\/wp\/v2\/posts\/4334&title=Medidas Extraordinarias para hacer frente al Impacto Econ\u00f3mico y Social del COVID-19','1410949501326','width=700,height=500,toolbar=0,menubar=0,location=0,status=1,scrollbars=1,resizable=1,left=0,top=0');return false;\" style=\"background-position: -510px -120px \"><\/a>\r\n\t\t\t\t\t<\/li>\r\n\t\t\t\t\t\t\t\t<\/ul>\r\n\t\t\t<div class=\"clear\"><\/div>\r\n\t\t<\/div>\r\n\t\t","protected":false},"excerpt":{"rendered":"<p>Ayer mi\u00e9rcoles 18 de marzo entr\u00f3 en vigor el Real Decreto-Ley 8\/2020, de 17 de marzo, de medidas extraordinarias para hacer frente al impacto econ\u00f3mico y social del COVID-19. Las medidas adoptadas, seg\u00fan reza su Exposici\u00f3n de Motivos, pretenden evitar un impacto econ\u00f3mico prolongado m\u00e1s all\u00e1 de la crisis sanitaria, dando prioridad a la protecci\u00f3n\u2026 <span class=\"read-more\"><a href=\"https:\/\/www.fabregat-perulles-sales.com\/actualidad\/medidas-extraordinarias-para-hacer-frente-al-impacto-economico-y-social-del-covid-19\/\">Read More &raquo;<\/a><\/span><\/p>\n","protected":false},"author":3,"featured_media":0,"comment_status":"open","ping_status":"closed","sticky":false,"template":"","format":"standard","meta":[],"categories":[86,230,3],"tags":[1690,1689,1723,1720,1721,1719,1722],"yoast_head":"<!-- This site is optimized with the Yoast SEO plugin v20.2.1 - https:\/\/yoast.com\/wordpress\/plugins\/seo\/ -->\n<title>Medidas Extraordinarias. COVID-19<\/title>\n<meta name=\"description\" content=\"Mi\u00e9rcoles 18 de marzo entr\u00f3 en vigor el Real Decreto-Ley 8\/2020, de 17 de marzo, de medidas extraordinarias para hacer frente al impacto econ\u00f3mico y social del COVID-19\" \/>\n<meta name=\"robots\" content=\"index, follow, max-snippet:-1, max-image-preview:large, max-video-preview:-1\" \/>\n<link rel=\"canonical\" href=\"https:\/\/www.fabregat-perulles-sales.com\/actualidad\/medidas-extraordinarias-para-hacer-frente-al-impacto-economico-y-social-del-covid-19\/\" \/>\n<meta property=\"og:locale\" content=\"en_US\" \/>\n<meta property=\"og:type\" content=\"article\" \/>\n<meta property=\"og:title\" content=\"Medidas Extraordinarias. COVID-19\" \/>\n<meta property=\"og:description\" content=\"Mi\u00e9rcoles 18 de marzo entr\u00f3 en vigor el Real Decreto-Ley 8\/2020, de 17 de marzo, de medidas extraordinarias para hacer frente al impacto econ\u00f3mico y social del COVID-19\" \/>\n<meta property=\"og:url\" content=\"https:\/\/www.fabregat-perulles-sales.com\/actualidad\/medidas-extraordinarias-para-hacer-frente-al-impacto-economico-y-social-del-covid-19\/\" \/>\n<meta property=\"og:site_name\" content=\"International Lawyers\" \/>\n<meta property=\"article:published_time\" content=\"2020-03-19T13:17:00+00:00\" \/>\n<meta name=\"author\" content=\"Victor\" \/>\n<meta name=\"twitter:card\" content=\"summary_large_image\" \/>\n<meta name=\"twitter:label1\" content=\"Written by\" \/>\n\t<meta name=\"twitter:data1\" content=\"Victor\" \/>\n\t<meta name=\"twitter:label2\" content=\"Est. reading time\" \/>\n\t<meta name=\"twitter:data2\" content=\"5 minutes\" \/>\n<script type=\"application\/ld+json\" class=\"yoast-schema-graph\">{\"@context\":\"https:\/\/schema.org\",\"@graph\":[{\"@type\":\"WebPage\",\"@id\":\"https:\/\/www.fabregat-perulles-sales.com\/actualidad\/medidas-extraordinarias-para-hacer-frente-al-impacto-economico-y-social-del-covid-19\/\",\"url\":\"https:\/\/www.fabregat-perulles-sales.com\/actualidad\/medidas-extraordinarias-para-hacer-frente-al-impacto-economico-y-social-del-covid-19\/\",\"name\":\"Medidas Extraordinarias. COVID-19\",\"isPartOf\":{\"@id\":\"https:\/\/www.fabregat-perulles-sales.com\/actualidad\/#website\"},\"datePublished\":\"2020-03-19T13:17:00+00:00\",\"dateModified\":\"2020-03-19T13:17:00+00:00\",\"author\":{\"@id\":\"https:\/\/www.fabregat-perulles-sales.com\/actualidad\/#\/schema\/person\/cabc1d68c7778f01d5e069c2d98442e3\"},\"description\":\"Mi\u00e9rcoles 18 de marzo entr\u00f3 en vigor el Real Decreto-Ley 8\/2020, de 17 de marzo, de medidas extraordinarias para hacer frente al impacto econ\u00f3mico y social del COVID-19\",\"breadcrumb\":{\"@id\":\"https:\/\/www.fabregat-perulles-sales.com\/actualidad\/medidas-extraordinarias-para-hacer-frente-al-impacto-economico-y-social-del-covid-19\/#breadcrumb\"},\"inLanguage\":\"en-US\",\"potentialAction\":[{\"@type\":\"ReadAction\",\"target\":[\"https:\/\/www.fabregat-perulles-sales.com\/actualidad\/medidas-extraordinarias-para-hacer-frente-al-impacto-economico-y-social-del-covid-19\/\"]}]},{\"@type\":\"BreadcrumbList\",\"@id\":\"https:\/\/www.fabregat-perulles-sales.com\/actualidad\/medidas-extraordinarias-para-hacer-frente-al-impacto-economico-y-social-del-covid-19\/#breadcrumb\",\"itemListElement\":[{\"@type\":\"ListItem\",\"position\":1,\"name\":\"Home\",\"item\":\"https:\/\/www.fabregat-perulles-sales.com\/actualidad\/\"},{\"@type\":\"ListItem\",\"position\":2,\"name\":\"Medidas Extraordinarias para hacer frente al Impacto Econ\u00f3mico y Social del COVID-19\"}]},{\"@type\":\"WebSite\",\"@id\":\"https:\/\/www.fabregat-perulles-sales.com\/actualidad\/#website\",\"url\":\"https:\/\/www.fabregat-perulles-sales.com\/actualidad\/\",\"name\":\"www.fabregat-perulles-sales.com\",\"description\":\"Fabregat Perulles Sales Abogados is a law firm of reference international market in the Spanish-German, Spanish-French, and Spanish-Italian. Is one of the first firms in Barcelona offering a Russian Desk.\",\"potentialAction\":[{\"@type\":\"SearchAction\",\"target\":{\"@type\":\"EntryPoint\",\"urlTemplate\":\"https:\/\/www.fabregat-perulles-sales.com\/actualidad\/?s={search_term_string}\"},\"query-input\":\"required name=search_term_string\"}],\"inLanguage\":\"en-US\"},{\"@type\":\"Person\",\"@id\":\"https:\/\/www.fabregat-perulles-sales.com\/actualidad\/#\/schema\/person\/cabc1d68c7778f01d5e069c2d98442e3\",\"name\":\"Victor\",\"image\":{\"@type\":\"ImageObject\",\"inLanguage\":\"en-US\",\"@id\":\"https:\/\/www.fabregat-perulles-sales.com\/actualidad\/#\/schema\/person\/image\/\",\"url\":\"https:\/\/secure.gravatar.com\/avatar\/756cb666a964d2960ffe307b8a53b271?s=96&d=mm&r=g\",\"contentUrl\":\"https:\/\/secure.gravatar.com\/avatar\/756cb666a964d2960ffe307b8a53b271?s=96&d=mm&r=g\",\"caption\":\"Victor\"},\"sameAs\":[\"http:\/\/www.fabregat-perulles-sales.com\"],\"url\":\"https:\/\/www.fabregat-perulles-sales.com\/actualidad\/author\/victor\/\"}]}<\/script>\n<!-- \/ Yoast SEO plugin. -->","yoast_head_json":{"title":"Medidas Extraordinarias. COVID-19","description":"Mi\u00e9rcoles 18 de marzo entr\u00f3 en vigor el Real Decreto-Ley 8\/2020, de 17 de marzo, de medidas extraordinarias para hacer frente al impacto econ\u00f3mico y social del COVID-19","robots":{"index":"index","follow":"follow","max-snippet":"max-snippet:-1","max-image-preview":"max-image-preview:large","max-video-preview":"max-video-preview:-1"},"canonical":"https:\/\/www.fabregat-perulles-sales.com\/actualidad\/medidas-extraordinarias-para-hacer-frente-al-impacto-economico-y-social-del-covid-19\/","og_locale":"en_US","og_type":"article","og_title":"Medidas Extraordinarias. COVID-19","og_description":"Mi\u00e9rcoles 18 de marzo entr\u00f3 en vigor el Real Decreto-Ley 8\/2020, de 17 de marzo, de medidas extraordinarias para hacer frente al impacto econ\u00f3mico y social del COVID-19","og_url":"https:\/\/www.fabregat-perulles-sales.com\/actualidad\/medidas-extraordinarias-para-hacer-frente-al-impacto-economico-y-social-del-covid-19\/","og_site_name":"International Lawyers","article_published_time":"2020-03-19T13:17:00+00:00","author":"Victor","twitter_card":"summary_large_image","twitter_misc":{"Written by":"Victor","Est. reading time":"5 minutes"},"schema":{"@context":"https:\/\/schema.org","@graph":[{"@type":"WebPage","@id":"https:\/\/www.fabregat-perulles-sales.com\/actualidad\/medidas-extraordinarias-para-hacer-frente-al-impacto-economico-y-social-del-covid-19\/","url":"https:\/\/www.fabregat-perulles-sales.com\/actualidad\/medidas-extraordinarias-para-hacer-frente-al-impacto-economico-y-social-del-covid-19\/","name":"Medidas Extraordinarias. COVID-19","isPartOf":{"@id":"https:\/\/www.fabregat-perulles-sales.com\/actualidad\/#website"},"datePublished":"2020-03-19T13:17:00+00:00","dateModified":"2020-03-19T13:17:00+00:00","author":{"@id":"https:\/\/www.fabregat-perulles-sales.com\/actualidad\/#\/schema\/person\/cabc1d68c7778f01d5e069c2d98442e3"},"description":"Mi\u00e9rcoles 18 de marzo entr\u00f3 en vigor el Real Decreto-Ley 8\/2020, de 17 de marzo, de medidas extraordinarias para hacer frente al impacto econ\u00f3mico y social del COVID-19","breadcrumb":{"@id":"https:\/\/www.fabregat-perulles-sales.com\/actualidad\/medidas-extraordinarias-para-hacer-frente-al-impacto-economico-y-social-del-covid-19\/#breadcrumb"},"inLanguage":"en-US","potentialAction":[{"@type":"ReadAction","target":["https:\/\/www.fabregat-perulles-sales.com\/actualidad\/medidas-extraordinarias-para-hacer-frente-al-impacto-economico-y-social-del-covid-19\/"]}]},{"@type":"BreadcrumbList","@id":"https:\/\/www.fabregat-perulles-sales.com\/actualidad\/medidas-extraordinarias-para-hacer-frente-al-impacto-economico-y-social-del-covid-19\/#breadcrumb","itemListElement":[{"@type":"ListItem","position":1,"name":"Home","item":"https:\/\/www.fabregat-perulles-sales.com\/actualidad\/"},{"@type":"ListItem","position":2,"name":"Medidas Extraordinarias para hacer frente al Impacto Econ\u00f3mico y Social del COVID-19"}]},{"@type":"WebSite","@id":"https:\/\/www.fabregat-perulles-sales.com\/actualidad\/#website","url":"https:\/\/www.fabregat-perulles-sales.com\/actualidad\/","name":"www.fabregat-perulles-sales.com","description":"Fabregat Perulles Sales Abogados is a law firm of reference international market in the Spanish-German, Spanish-French, and Spanish-Italian. Is one of the first firms in Barcelona offering a Russian Desk.","potentialAction":[{"@type":"SearchAction","target":{"@type":"EntryPoint","urlTemplate":"https:\/\/www.fabregat-perulles-sales.com\/actualidad\/?s={search_term_string}"},"query-input":"required name=search_term_string"}],"inLanguage":"en-US"},{"@type":"Person","@id":"https:\/\/www.fabregat-perulles-sales.com\/actualidad\/#\/schema\/person\/cabc1d68c7778f01d5e069c2d98442e3","name":"Victor","image":{"@type":"ImageObject","inLanguage":"en-US","@id":"https:\/\/www.fabregat-perulles-sales.com\/actualidad\/#\/schema\/person\/image\/","url":"https:\/\/secure.gravatar.com\/avatar\/756cb666a964d2960ffe307b8a53b271?s=96&d=mm&r=g","contentUrl":"https:\/\/secure.gravatar.com\/avatar\/756cb666a964d2960ffe307b8a53b271?s=96&d=mm&r=g","caption":"Victor"},"sameAs":["http:\/\/www.fabregat-perulles-sales.com"],"url":"https:\/\/www.fabregat-perulles-sales.com\/actualidad\/author\/victor\/"}]}},"amp_enabled":true,"_links":{"self":[{"href":"https:\/\/www.fabregat-perulles-sales.com\/actualidad\/wp-json\/wp\/v2\/posts\/4334"}],"collection":[{"href":"https:\/\/www.fabregat-perulles-sales.com\/actualidad\/wp-json\/wp\/v2\/posts"}],"about":[{"href":"https:\/\/www.fabregat-perulles-sales.com\/actualidad\/wp-json\/wp\/v2\/types\/post"}],"author":[{"embeddable":true,"href":"https:\/\/www.fabregat-perulles-sales.com\/actualidad\/wp-json\/wp\/v2\/users\/3"}],"replies":[{"embeddable":true,"href":"https:\/\/www.fabregat-perulles-sales.com\/actualidad\/wp-json\/wp\/v2\/comments?post=4334"}],"version-history":[{"count":5,"href":"https:\/\/www.fabregat-perulles-sales.com\/actualidad\/wp-json\/wp\/v2\/posts\/4334\/revisions"}],"predecessor-version":[{"id":4339,"href":"https:\/\/www.fabregat-perulles-sales.com\/actualidad\/wp-json\/wp\/v2\/posts\/4334\/revisions\/4339"}],"wp:attachment":[{"href":"https:\/\/www.fabregat-perulles-sales.com\/actualidad\/wp-json\/wp\/v2\/media?parent=4334"}],"wp:term":[{"taxonomy":"category","embeddable":true,"href":"https:\/\/www.fabregat-perulles-sales.com\/actualidad\/wp-json\/wp\/v2\/categories?post=4334"},{"taxonomy":"post_tag","embeddable":true,"href":"https:\/\/www.fabregat-perulles-sales.com\/actualidad\/wp-json\/wp\/v2\/tags?post=4334"}],"curies":[{"name":"wp","href":"https:\/\/api.w.org\/{rel}","templated":true}]}}