{"id":4169,"date":"2020-02-03T10:04:41","date_gmt":"2020-02-03T09:04:41","guid":{"rendered":"http:\/\/www.fabregat-perulles-sales.com\/actualidad\/?p=4169"},"modified":"2020-02-27T16:11:05","modified_gmt":"2020-02-27T15:11:05","slug":"medidas-en-materia-de-reservas-para-vivienda-de-proteccion-publica-y-para-incrementar-el-parque-privado-de-viviendas-de-alquiler-decreto-ley-cat-172019-de-23-de-diciembre-de-medidas-urgentes-pa","status":"publish","type":"post","link":"https:\/\/www.fabregat-perulles-sales.com\/actualidad\/medidas-en-materia-de-reservas-para-vivienda-de-proteccion-publica-y-para-incrementar-el-parque-privado-de-viviendas-de-alquiler-decreto-ley-cat-172019-de-23-de-diciembre-de-medidas-urgentes-pa\/","title":{"rendered":"Medidas en materia de Reservas para Vivienda de Protecci\u00f3n P\u00fablica y para Incrementar el Parque Privado de Viviendas de Alquiler &#8211; Decreto-Ley (CAT) 17\/2019, de 23 de diciembre, de Medidas Urgentes para mejorar el acceso a la vivienda"},"content":{"rendered":"<p><strong>1.- MEDIDAS EN MATERIA DE RESERVAS PARA VIVIENDA DE PROTECCI\u00d3N P\u00daBLICA <\/strong><\/p>\n<p>El DL 17\/2019 modifica y a\u00f1ade nuevas previsiones legales al art\u00edculo 57 del TRLUC, tratando de ajustar su redactado al nuevo modelo de viviendas con protecci\u00f3n p\u00fablica.<\/p>\n<p><!--more--><\/p>\n<p><a name=\"_Toc29799392\"><\/a><a name=\"_Toc29546466\"><\/a><strong>1.1. Reservas m\u00ednimas en Planes de ordenaci\u00f3n urban\u00edstica municipal<\/strong><strong>, sus Modificaciones y Revisiones<\/strong><\/p>\n<p><img decoding=\"async\" loading=\"lazy\" class=\"alignright wp-image-4171\" src=\"http:\/\/www.fabregat-perulles-sales.com\/actualidad\/wp-content\/uploads\/2020\/02\/architecture-skyline-city-skyscraper-cityscape-downtown-498641-pxhere.com_-300x200.jpg\" alt=\"\" width=\"376\" height=\"251\" srcset=\"https:\/\/www.fabregat-perulles-sales.com\/actualidad\/wp-content\/uploads\/2020\/02\/architecture-skyline-city-skyscraper-cityscape-downtown-498641-pxhere.com_-300x200.jpg 300w, https:\/\/www.fabregat-perulles-sales.com\/actualidad\/wp-content\/uploads\/2020\/02\/architecture-skyline-city-skyscraper-cityscape-downtown-498641-pxhere.com_-768x511.jpg 768w, https:\/\/www.fabregat-perulles-sales.com\/actualidad\/wp-content\/uploads\/2020\/02\/architecture-skyline-city-skyscraper-cityscape-downtown-498641-pxhere.com_-1024x681.jpg 1024w, https:\/\/www.fabregat-perulles-sales.com\/actualidad\/wp-content\/uploads\/2020\/02\/architecture-skyline-city-skyscraper-cityscape-downtown-498641-pxhere.com_-660x439.jpg 660w, https:\/\/www.fabregat-perulles-sales.com\/actualidad\/wp-content\/uploads\/2020\/02\/architecture-skyline-city-skyscraper-cityscape-downtown-498641-pxhere.com_.jpg 2048w\" sizes=\"(max-width: 376px) 100vw, 376px\" \/><\/p>\n<p>Se establece que los planes de ordenaci\u00f3n urban\u00edstica y sus modificaciones y revisiones tienen que reservar para la construcci\u00f3n de viviendas de protecci\u00f3n p\u00fablica suelo suficiente para el cumplimiento de los objetivos definidos en la memoria social y, como m\u00ednimo, el suelo correspondiente al <strong>30% del techo que se califique para el uso residencial de<\/strong> <strong>nueva implantaci\u00f3n<\/strong>, destinados a venta, alquiler o a otras formas de cesi\u00f3n de uso. Quedar\u00e1n exentos de esta obligaci\u00f3n m\u00ednima determinados planes de ordenaci\u00f3n urban\u00edstica (los de municipios de escasa complejidad urban\u00edstica y los de menos de 5.000 habitantes si cumplen determinados requisitos), a menos que el planeamiento territorial o director urban\u00edstico determine otra cosa.<\/p>\n<p><a name=\"_Toc29546467\"><\/a><a name=\"_Toc29799393\"><\/a><strong>1.2. R\u00e9gimen especial para los municipios del \u00c1rea Metropolitana de Barcelona:<\/strong><\/p>\n<p>En los municipios del \u00e1rea metropolitana de Barcelona cuyo planeamiento deba establecer reservas de vivienda de protecci\u00f3n p\u00fablica, el <strong>porcentaje pasa de 30% a 40%<\/strong> en suelo urbanizable delimitado y en suelo urbano no consolidado que tenga por objeto la transformaci\u00f3n global de usos, salvo que no se pueda garantizar la viabilidad econ\u00f3mico financiera de las actuaciones \u2013en tal caso, el porcentaje m\u00ednimo ser\u00eda del 30%.<\/p>\n<p>La mitad de las reservas debe destinarse a r\u00e9gimen de alquiler.<\/p>\n<p>Este r\u00e9gimen especial\u00a0 es de aplicaci\u00f3n al planeamiento general y a sus revisiones y modificaciones, as\u00ed como\u00a0 a los planes derivados y sus modificaciones que se aprueben inicialmente en plazo de 45 d\u00edas h\u00e1biles contados desde la entrada en vigor del DL 17\/2019 (05.03.2020).<\/p>\n<p><a name=\"_Toc29799394\"><\/a><a name=\"_Toc29546468\"><\/a><strong>1.3. Destinaci\u00f3n total o parcial de la edificaci\u00f3n en <\/strong><strong>viviendas de protecci\u00f3n p\u00fablica<\/strong><strong> a trav\u00e9s del planeamiento<\/strong><\/p>\n<p>El Plan de ordenaci\u00f3n urban\u00edstica municipal o su planeamiento derivado para localizar las reservas m\u00ednimas puede prever la destinaci\u00f3n total o parcial de la edificaci\u00f3n en viviendas de protecci\u00f3n p\u00fablica. Esta destinaci\u00f3n afecta tanto a los edificios plurifamiliares de nueva construcci\u00f3n (aunque conserven alg\u00fan elemento arquitect\u00f3nico de la edificaci\u00f3n anterior) como a los <strong>edificios plurifamiliares existentes en que se pretenda llevar a cabo obras generales de acondicionamiento, conservaci\u00f3n, mejora o ampliaci\u00f3n<\/strong>, cuando estas actuaciones edificatorias tengan como objetivo alojar mayoritariamente nuevos residentes en las viviendas resultantes.<\/p>\n<p>En aquellos casos de destinaci\u00f3n parcial, si la calificaci\u00f3n urban\u00edstica no concreta las unidades de vivienda sobre las cuales recae, el otorgamiento de la licencia de obras quedar\u00e1 condicionado a la obtenci\u00f3n de la calificaci\u00f3n provisional de las viviendas con protecci\u00f3n oficial y la primera ocupaci\u00f3n de la edificaci\u00f3n, condicionada a la obtenci\u00f3n de la calificaci\u00f3n definitiva.<\/p>\n<p>La destinaci\u00f3n parcial de edificaci\u00f3n que resulte de la modificaci\u00f3n del planeamiento en suelo urbano consolidado, sin incrementar la edificabilidad, NO puede afectar a solares adjudicados en una reparcelaci\u00f3n mientras no se haya agotado el plazo para edificarlos fijado por el planeamiento ejecutado y en defecto de \u00e9ste, tres a\u00f1os desde que adquirieron la condici\u00f3n de solares. En los casos en que, por el contrario, s\u00ed proceda la destinaci\u00f3n parcial de la edificaci\u00f3n, el par\u00e1metro urban\u00edstico relativo a la densidad del uso residencial s\u00f3lo se aplicar\u00e1 a la parte del techo que no se destina a vivienda de protecci\u00f3n p\u00fablica. La densidad aplicable a \u00e9sta \u00faltima tendr\u00e1 un ratio de 70m2 (construidos)\/vivienda.<\/p>\n<p><a name=\"_Toc29799395\"><\/a><a name=\"_Toc29546469\"><\/a><strong>1.4. Calificaci\u00f3n g<\/strong><strong>en\u00e9rica o espec\u00edfica del suelo<\/strong><\/p>\n<p>La calificaci\u00f3n del suelo de vivienda de protecci\u00f3n p\u00fablica que establezca el planeamiento urban\u00edstico tiene que concretar si se destina a la calificaci\u00f3n gen\u00e9rica que permite el acceso a la vivienda en r\u00e9gimen de propiedad, arrendamiento u otro r\u00e9gimen de cesi\u00f3n del uso sin transmisi\u00f3n de la propiedad, o bien a la calificaci\u00f3n espec\u00edfica que permite solo el acceso en r\u00e9gimen de arrendamiento.<\/p>\n<p>As\u00ed bien, la calificaci\u00f3n de vivienda de protecci\u00f3n p\u00fablica gen\u00e9rica o espec\u00edfica se tendr\u00e1 que hacer constar en los proyectos de reparcelaci\u00f3n, en las declaraciones de obra nueva y en las\u00a0 constituciones y modificaciones del r\u00e9gimen de propiedad horizontal <strong>a efectos de inscripci\u00f3n en el Registro de la Propiedad<\/strong>.<\/p>\n<p><strong><a name=\"_Toc29799396\"><\/a><a name=\"_Toc29546471\"><\/a>2.- MEDIDA PARA INCREMENTAR EL PARQUE PRIVADO DE VIVIENDAS DE ALQUILER: RESERVAS DE VIVIENDAS POR PISOS SIN DIVISI\u00d3N HORIZONTAL<\/strong><\/p>\n<p>El DL 17\/2019 incorpora el art\u00edculo 57 bis al TRLUC, para prever las reservas de viviendas por pisos sin divisi\u00f3n horizontal. As\u00ed, <strong>se habilita el planeamiento urban\u00edstico para que pueda reservar suelo para un producto inmobiliario destinado al uso de viviendas por piso, sin posibilidad de dividirlos horizontalmente <\/strong>(y con ello, evitar la venta a terceros de los pisos que resulten de la divisi\u00f3n), con la finalidad de que se ceda su uso a terceras personas. La condici\u00f3n de indivisibilidad se tendr\u00e1 que hacer constar en los proyectos de reparcelaci\u00f3n y en las licencias de edificaci\u00f3n.<\/p>\n<p>Con esta medida se pretende incrementar la oferta privada de viviendas en arrendamiento para contrarrestar la evoluci\u00f3n al alza de las rentas del alquiler.<\/p>\n<p>&nbsp;<\/p>\n\r\n\t\t<style>\r\n\t\t\t.huge-it-share-buttons {\r\n\t\t\t\tborder:0px solid #0FB5D6;\r\n\t\t\t\tborder-radius:5px;\r\n\t\t\t\tbackground:#3BD8FF;\r\n\t\t\t text-align:left; \t\t\t\t\t\t\t\t\t}\r\n\r\n\t\t\t#huge-it-share-buttons-top {margin-bottom:0px;}\r\n\t\t\t#huge-it-share-buttons-bottom {margin-top:0px;}\r\n\r\n\t\t\t.huge-it-share-buttons h3 {\r\n\t\t\t\tfont-size:25px ;\r\n\t\t\t\tfont-family:Arial,Helvetica Neue,Helvetica,sans-serif;\r\n\t\t\t\tcolor:#666666;\r\n\r\n\t\t\tdisplay:block;\t\t\t\tline-height:25px ;\r\n\r\n\t\t\t text-align:left; \t\t\t\t\t\t\t\t\t}\r\n\r\n\t\t\t.huge-it-share-buttons ul {\r\n\t\t\t float:left; \t\t\t\t\t\t\t\t\t}\r\n\r\n\t\t\t.huge-it-share-buttons ul li {\r\n\t\t\t\tmargin-left:3px;\r\n\t\t\t\tmargin-right:3px;\r\n\t\t\t\tpadding:0px;\r\n\t\t\t\tborder:0px ridge #E6354C;\r\n\t\t\t\tborder-radius:11px;\r\n\t\t\t\tbackground-color:#14CC9B;\r\n\t\t\t}\r\n\r\n\t\t\t.huge-it-share-buttons ul li #backforunical4169 {\r\n\t\t\t\tborder-bottom: 0;\r\n\t\t\t\tbackground-image:url('https:\/\/www.fabregat-perulles-sales.com\/actualidad\/wp-content\/plugins\/wp-share-buttons\/Front_end\/..\/images\/buttons.30.png');\r\n\t\t\t\twidth:30px;\r\n\t\t\t\theight:30px;\r\n\t\t\t}\r\n\r\n\t\t\t.front-shares-count {\r\n\t\t\t\tposition: absolute;\r\n\t\t\t\ttext-align: center;\r\n\t\t\t\tdisplay: block;\r\n\t\t\t}\r\n\r\n\t\t\t.shares_size20 .front-shares-count {\r\n\t\t\t\tfont-size: 10px;\r\n\t\t\t\ttop: 10px;\r\n\t\t\t\twidth: 20px;\r\n\t\t\t}\r\n\r\n\t\t\t.shares_size30 .front-shares-count {\r\n\t\t\t\tfont-size: 11px;\r\n\t\t\t\ttop: 15px;\r\n\t\t\t\twidth: 30px;\r\n\t\t\t}\r\n\r\n\t\t\t.shares_size40 .front-shares-count {\r\n\t\t\t\tfont-size: 12px;\r\n\t\t\t\ttop: 21px;\r\n\t\t\t\twidth: 40px;\r\n\t\t\t}\r\n\t\t<\/style>\r\n\t\t\r\n\t\t<div id=\"huge-it-share-buttons-top\" class=\"huge-it-share-buttons nobackground\">\r\n\t\t\t<h3>Share This:<\/h3>\r\n\t\t\t<ul class=\"huge-it-share-buttons-list \">\r\n\t\t\t\t\t\t\t\t\t<li class=\"nobackground \" >\r\n\r\n\t\t\t\t\t\t\t\t\t\t\t\t<a id=\"backforunical4169\" href=\"https:\/\/www.facebook.com\/sharer\/sharer.php?u=www.fabregat-perulles-sales.com\/actualidad\/wp-json\/wp\/v2\/posts\/4169\"  onclick=\"javascript:void window.open('https:\/\/www.facebook.com\/sharer\/sharer.php?u=www.fabregat-perulles-sales.com\/actualidad\/wp-json\/wp\/v2\/posts\/4169','1410949501326','width=700,height=500,toolbar=0,menubar=0,location=0,status=1,scrollbars=1,resizable=1,left=0,top=0');return false;\" style=\"background-position: -0px -120px \"><\/a>\r\n\t\t\t\t\t<\/li>\r\n\t\t\t\t\t\t\t\t\t\t<li class=\"nobackground \" >\r\n\r\n\t\t\t\t\t\t\t\t\t\t\t\t<a id=\"backforunical4169\" href=\"https:\/\/twitter.com\/share?status=www.fabregat-perulles-sales.com\/actualidad\/wp-json\/wp\/v2\/posts\/4169&text=Medidas en materia de Reservas para Vivienda de Protecci\u00f3n P\u00fablica y para Incrementar el Parque Privado de Viviendas de Alquiler &#8211; Decreto-Ley (CAT) 17\/2019, de 23 de diciembre, de Medidas Urgentes para mejorar el acceso a la vivienda\"  onclick=\"javascript:void window.open('https:\/\/twitter.com\/share?status=www.fabregat-perulles-sales.com\/actualidad\/wp-json\/wp\/v2\/posts\/4169&text=Medidas en materia de Reservas para Vivienda de Protecci\u00f3n P\u00fablica y para Incrementar el Parque Privado de Viviendas de Alquiler &#8211; Decreto-Ley (CAT) 17\/2019, de 23 de diciembre, de Medidas Urgentes para mejorar el acceso a la vivienda','1410949501326','width=700,height=500,toolbar=0,menubar=0,location=0,status=1,scrollbars=1,resizable=1,left=0,top=0');return false;\" style=\"background-position: -30px -120px \"><\/a>\r\n\t\t\t\t\t<\/li>\r\n\t\t\t\t\t\t\t\t\t\t<li class=\"none nobackground \" >\r\n\r\n\t\t\t\t\t\t\t\t\t\t\t\t<a id=\"backforunical4169\" href=\"http:\/\/www.pinterest.com\/pin\/create\/button\/?url=www.fabregat-perulles-sales.com\/actualidad\/wp-json\/wp\/v2\/posts\/4169&media=https:\/\/www.fabregat-perulles-sales.com\/actualidad\/wp-content\/plugins\/wp-share-buttons\/Front_end\/..\/images\/noimage.png&description=Medidas en materia de Reservas para Vivienda de Protecci\u00f3n P\u00fablica y para Incrementar el Parque Privado de Viviendas de Alquiler &#8211; Decreto-Ley (CAT) 17\/2019, de 23 de diciembre, de Medidas Urgentes para mejorar el acceso a la vivienda\"  onclick=\"javascript:void window.open('http:\/\/www.pinterest.com\/pin\/create\/button\/?url=www.fabregat-perulles-sales.com\/actualidad\/wp-json\/wp\/v2\/posts\/4169&media=https:\/\/www.fabregat-perulles-sales.com\/actualidad\/wp-content\/plugins\/wp-share-buttons\/Front_end\/..\/images\/noimage.png&description=Medidas en materia de Reservas para Vivienda de Protecci\u00f3n P\u00fablica y para Incrementar el Parque Privado de Viviendas de Alquiler &#8211; Decreto-Ley (CAT) 17\/2019, de 23 de diciembre, de Medidas Urgentes para mejorar el acceso a la vivienda','1410949501326','width=700,height=500,toolbar=0,menubar=0,location=0,status=1,scrollbars=1,resizable=1,left=0,top=0');return false;\" style=\"background-position: -60px -120px \"><\/a>\r\n\t\t\t\t\t<\/li>\r\n\t\t\t\t\t\t\t\t\t\t<li class=\"none nobackground \" >\r\n\r\n\t\t\t\t\t\t\t\t\t\t\t\t<a id=\"backforunical4169\" href=\"https:\/\/plus.google.com\/share?url=www.fabregat-perulles-sales.com\/actualidad\/wp-json\/wp\/v2\/posts\/4169\"  onclick=\"javascript:void window.open('https:\/\/plus.google.com\/share?url=www.fabregat-perulles-sales.com\/actualidad\/wp-json\/wp\/v2\/posts\/4169','1410949501326','width=700,height=500,toolbar=0,menubar=0,location=0,status=1,scrollbars=1,resizable=1,left=0,top=0');return false;\" style=\"background-position: -90px -120px \"><\/a>\r\n\t\t\t\t\t<\/li>\r\n\t\t\t\t\t\t\t\t\t\t<li class=\"nobackground \" >\r\n\r\n\t\t\t\t\t\t\t\t\t\t\t\t<a id=\"backforunical4169\" href=\"https:\/\/www.linkedin.com\/shareArticle?title=Medidas en materia de Reservas para Vivienda de Protecci\u00f3n P\u00fablica y para Incrementar el Parque Privado de Viviendas de Alquiler &#8211; Decreto-Ley (CAT) 17\/2019, de 23 de diciembre, de Medidas Urgentes para mejorar el acceso a la vivienda&mini=true&url=https:\/\/www.fabregat-perulles-sales.com\/actualidad\/wp-json\/wp\/v2\/posts\/4169\"  onclick=\"javascript:void window.open('https:\/\/www.linkedin.com\/shareArticle?title=Medidas en materia de Reservas para Vivienda de Protecci\u00f3n P\u00fablica y para Incrementar el Parque Privado de Viviendas de Alquiler &#8211; Decreto-Ley (CAT) 17\/2019, de 23 de diciembre, de Medidas Urgentes para mejorar el acceso a la vivienda&mini=true&url=https:\/\/www.fabregat-perulles-sales.com\/actualidad\/wp-json\/wp\/v2\/posts\/4169','1410949501326','width=700,height=500,toolbar=0,menubar=0,location=0,status=1,scrollbars=1,resizable=1,left=0,top=0');return false;\" style=\"background-position: -120px -120px \"><\/a>\r\n\t\t\t\t\t<\/li>\r\n\t\t\t\t\t\t\t\t\t\t<li class=\"none nobackground \" >\r\n\r\n\t\t\t\t\t\t\t\t\t\t\t\t<a id=\"backforunical4169\" href=\"https:\/\/www.tumblr.com\/share\/link?url=www.fabregat-perulles-sales.com\/actualidad\/wp-json\/wp\/v2\/posts\/4169&name=Medidas en materia de Reservas para Vivienda de Protecci\u00f3n P\u00fablica y para Incrementar el Parque Privado de Viviendas de Alquiler &#8211; Decreto-Ley (CAT) 17\/2019, de 23 de diciembre, de Medidas Urgentes para mejorar el acceso a la vivienda\"  onclick=\"javascript:void window.open('https:\/\/www.tumblr.com\/share\/link?url=www.fabregat-perulles-sales.com\/actualidad\/wp-json\/wp\/v2\/posts\/4169&name=Medidas en materia de Reservas para Vivienda de Protecci\u00f3n P\u00fablica y para Incrementar el Parque Privado de Viviendas de Alquiler &#8211; Decreto-Ley (CAT) 17\/2019, de 23 de diciembre, de Medidas Urgentes para mejorar el acceso a la vivienda','1410949501326','width=700,height=500,toolbar=0,menubar=0,location=0,status=1,scrollbars=1,resizable=1,left=0,top=0');return false;\" style=\"background-position: -150px -120px \"><\/a>\r\n\t\t\t\t\t<\/li>\r\n\t\t\t\t\t\t\t\t\t\t<li class=\"none nobackground \" >\r\n\r\n\t\t\t\t\t\t\t\t\t\t\t\t<a id=\"backforunical4169\" href=\"http:\/\/digg.com\/submit?phase=2&url=www.fabregat-perulles-sales.com\/actualidad\/wp-json\/wp\/v2\/posts\/4169&title=Medidas en materia de Reservas para Vivienda de Protecci\u00f3n P\u00fablica y para Incrementar el Parque Privado de Viviendas de Alquiler &#8211; Decreto-Ley (CAT) 17\/2019, de 23 de diciembre, de Medidas Urgentes para mejorar el acceso a la vivienda\"  onclick=\"javascript:void window.open('http:\/\/digg.com\/submit?phase=2&url=www.fabregat-perulles-sales.com\/actualidad\/wp-json\/wp\/v2\/posts\/4169&title=Medidas en materia de Reservas para Vivienda de Protecci\u00f3n P\u00fablica y para Incrementar el Parque Privado de Viviendas de Alquiler &#8211; Decreto-Ley (CAT) 17\/2019, de 23 de diciembre, de Medidas Urgentes para mejorar el acceso a la vivienda','1410949501326','width=700,height=500,toolbar=0,menubar=0,location=0,status=1,scrollbars=1,resizable=1,left=0,top=0');return false;\" style=\"background-position: -180px -120px \"><\/a>\r\n\t\t\t\t\t<\/li>\r\n\t\t\t\t\t\t\t\t\t\t<li class=\"none nobackground \" >\r\n\r\n\t\t\t\t\t\t\t\t\t\t\t\t<a id=\"backforunical4169\" href=\"http:\/\/www.stumbleupon.com\/submit?url=www.fabregat-perulles-sales.com\/actualidad\/wp-json\/wp\/v2\/posts\/4169&title=Medidas en materia de Reservas para Vivienda de Protecci\u00f3n P\u00fablica y para Incrementar el Parque Privado de Viviendas de Alquiler &#8211; Decreto-Ley (CAT) 17\/2019, de 23 de diciembre, de Medidas Urgentes para mejorar el acceso a la vivienda\"  onclick=\"javascript:void window.open('http:\/\/www.stumbleupon.com\/submit?url=www.fabregat-perulles-sales.com\/actualidad\/wp-json\/wp\/v2\/posts\/4169&title=Medidas en materia de Reservas para Vivienda de Protecci\u00f3n P\u00fablica y para Incrementar el Parque Privado de Viviendas de Alquiler &#8211; Decreto-Ley (CAT) 17\/2019, de 23 de diciembre, de Medidas Urgentes para mejorar el acceso a la vivienda','1410949501326','width=700,height=500,toolbar=0,menubar=0,location=0,status=1,scrollbars=1,resizable=1,left=0,top=0');return false;\" style=\"background-position: -210px -120px \"><\/a>\r\n\t\t\t\t\t<\/li>\r\n\t\t\t\t\t\t\t\t\t\t<li class=\"none nobackground \" >\r\n\r\n\t\t\t\t\t\t\t\t\t\t\t\t<a id=\"backforunical4169\" href=\"https:\/\/myspace.com\/post?l=3&u=www.fabregat-perulles-sales.com\/actualidad\/wp-json\/wp\/v2\/posts\/4169\"  onclick=\"javascript:void window.open('https:\/\/myspace.com\/post?l=3&u=www.fabregat-perulles-sales.com\/actualidad\/wp-json\/wp\/v2\/posts\/4169','1410949501326','width=700,height=500,toolbar=0,menubar=0,location=0,status=1,scrollbars=1,resizable=1,left=0,top=0');return false;\" style=\"background-position: -240px -120px \"><\/a>\r\n\t\t\t\t\t<\/li>\r\n\t\t\t\t\t\t\t\t\t\t<li class=\"nobackground \" >\r\n\r\n\t\t\t\t\t\t\t\t\t\t\t\t<a id=\"backforunical4169\" href=\"http:\/\/vk.com\/share.php?url=www.fabregat-perulles-sales.com\/actualidad\/wp-json\/wp\/v2\/posts\/4169&title=Medidas en materia de Reservas para Vivienda de Protecci\u00f3n P\u00fablica y para Incrementar el Parque Privado de Viviendas de Alquiler &#8211; Decreto-Ley (CAT) 17\/2019, de 23 de diciembre, de Medidas Urgentes para mejorar el acceso a la vivienda\"  onclick=\"javascript:void window.open('http:\/\/vk.com\/share.php?url=www.fabregat-perulles-sales.com\/actualidad\/wp-json\/wp\/v2\/posts\/4169&title=Medidas en materia de Reservas para Vivienda de Protecci\u00f3n P\u00fablica y para Incrementar el Parque Privado de Viviendas de Alquiler &#8211; Decreto-Ley (CAT) 17\/2019, de 23 de diciembre, de Medidas Urgentes para mejorar el acceso a la vivienda','1410949501326','width=700,height=500,toolbar=0,menubar=0,location=0,status=1,scrollbars=1,resizable=1,left=0,top=0');return false;\" style=\"background-position: -270px -120px \"><\/a>\r\n\t\t\t\t\t<\/li>\r\n\t\t\t\t\t\t\t\t\t\t<li class=\"none nobackground \" >\r\n\r\n\t\t\t\t\t\t\t\t\t\t\t\t<a id=\"backforunical4169\" href=\"http:\/\/www.reddit.com\/submit?url=www.fabregat-perulles-sales.com\/actualidad\/wp-json\/wp\/v2\/posts\/4169&title=Medidas en materia de Reservas para Vivienda de Protecci\u00f3n P\u00fablica y para Incrementar el Parque Privado de Viviendas de Alquiler &#8211; Decreto-Ley (CAT) 17\/2019, de 23 de diciembre, de Medidas Urgentes para mejorar el acceso a la vivienda\"  onclick=\"javascript:void window.open('http:\/\/www.reddit.com\/submit?url=www.fabregat-perulles-sales.com\/actualidad\/wp-json\/wp\/v2\/posts\/4169&title=Medidas en materia de Reservas para Vivienda de Protecci\u00f3n P\u00fablica y para Incrementar el Parque Privado de Viviendas de Alquiler &#8211; Decreto-Ley (CAT) 17\/2019, de 23 de diciembre, de Medidas Urgentes para mejorar el acceso a la vivienda','1410949501326','width=700,height=500,toolbar=0,menubar=0,location=0,status=1,scrollbars=1,resizable=1,left=0,top=0');return false;\" style=\"background-position: -300px -120px \"><\/a>\r\n\t\t\t\t\t<\/li>\r\n\t\t\t\t\t\t\t\t\t\t<li class=\"none nobackground \" >\r\n\r\n\t\t\t\t\t\t\t\t\t\t\t\t<a id=\"backforunical4169\" href=\"http:\/\/www.bebo.com\/c\/share?Url=www.fabregat-perulles-sales.com\/actualidad\/wp-json\/wp\/v2\/posts\/4169\"  onclick=\"javascript:void window.open('http:\/\/www.bebo.com\/c\/share?Url=www.fabregat-perulles-sales.com\/actualidad\/wp-json\/wp\/v2\/posts\/4169','1410949501326','width=700,height=500,toolbar=0,menubar=0,location=0,status=1,scrollbars=1,resizable=1,left=0,top=0');return false;\" style=\"background-position: -330px -120px \"><\/a>\r\n\t\t\t\t\t<\/li>\r\n\t\t\t\t\t\t\t\t\t\t<li class=\"none nobackground \" >\r\n\r\n\t\t\t\t\t\t\t\t\t\t\t\t<a id=\"backforunical4169\" href=\"https:\/\/delicious.com\/save?v=5&noui&jump=close&url=www.fabregat-perulles-sales.com\/actualidad\/wp-json\/wp\/v2\/posts\/4169&title=Medidas en materia de Reservas para Vivienda de Protecci\u00f3n P\u00fablica y para Incrementar el Parque Privado de Viviendas de Alquiler &#8211; Decreto-Ley (CAT) 17\/2019, de 23 de diciembre, de Medidas Urgentes para mejorar el acceso a la vivienda\"  onclick=\"javascript:void window.open('https:\/\/delicious.com\/save?v=5&noui&jump=close&url=www.fabregat-perulles-sales.com\/actualidad\/wp-json\/wp\/v2\/posts\/4169&title=Medidas en materia de Reservas para Vivienda de Protecci\u00f3n P\u00fablica y para Incrementar el Parque Privado de Viviendas de Alquiler &#8211; Decreto-Ley (CAT) 17\/2019, de 23 de diciembre, de Medidas Urgentes para mejorar el acceso a la vivienda','1410949501326','width=700,height=500,toolbar=0,menubar=0,location=0,status=1,scrollbars=1,resizable=1,left=0,top=0');return false;\" style=\"background-position: -360px -120px \"><\/a>\r\n\t\t\t\t\t<\/li>\r\n\t\t\t\t\t\t\t\t\t\t<li class=\"none nobackground \" >\r\n\r\n\t\t\t\t\t\t\t\t\t\t\t\t<a id=\"backforunical4169\" href=\"http:\/\/www.odnoklassniki.ru\/dk?st.cmd=addShare&st.s=2&st.noresize=on&st._surl=www.fabregat-perulles-sales.com\/actualidad\/wp-json\/wp\/v2\/posts\/4169\"  onclick=\"javascript:void window.open('http:\/\/www.odnoklassniki.ru\/dk?st.cmd=addShare&st.s=2&st.noresize=on&st._surl=www.fabregat-perulles-sales.com\/actualidad\/wp-json\/wp\/v2\/posts\/4169','1410949501326','width=700,height=500,toolbar=0,menubar=0,location=0,status=1,scrollbars=1,resizable=1,left=0,top=0');return false;\" style=\"background-position: -390px -120px \"><\/a>\r\n\t\t\t\t\t<\/li>\r\n\t\t\t\t\t\t\t\t\t\t<li class=\"none nobackground \" >\r\n\r\n\t\t\t\t\t\t\t\t\t\t\t\t<a id=\"backforunical4169\" href=\"http:\/\/sns.qzone.qq.com\/cgi-bin\/qzshare\/cgi_qzshare_onekey?url=www.fabregat-perulles-sales.com\/actualidad\/wp-json\/wp\/v2\/posts\/4169&title=Medidas en materia de Reservas para Vivienda de Protecci\u00f3n P\u00fablica y para Incrementar el Parque Privado de Viviendas de Alquiler &#8211; Decreto-Ley (CAT) 17\/2019, de 23 de diciembre, de Medidas Urgentes para mejorar el acceso a la vivienda\"  onclick=\"javascript:void window.open('http:\/\/sns.qzone.qq.com\/cgi-bin\/qzshare\/cgi_qzshare_onekey?url=www.fabregat-perulles-sales.com\/actualidad\/wp-json\/wp\/v2\/posts\/4169&title=Medidas en materia de Reservas para Vivienda de Protecci\u00f3n P\u00fablica y para Incrementar el Parque Privado de Viviendas de Alquiler &#8211; Decreto-Ley (CAT) 17\/2019, de 23 de diciembre, de Medidas Urgentes para mejorar el acceso a la vivienda','1410949501326','width=700,height=500,toolbar=0,menubar=0,location=0,status=1,scrollbars=1,resizable=1,left=0,top=0');return false;\" style=\"background-position: -420px -120px \"><\/a>\r\n\t\t\t\t\t<\/li>\r\n\t\t\t\t\t\t\t\t\t\t<li class=\"none nobackground \" >\r\n\r\n\t\t\t\t\t\t\t\t\t\t\t\t<a id=\"backforunical4169\" href=\"http:\/\/service.weibo.com\/share\/share.php?url=www.fabregat-perulles-sales.com\/actualidad\/wp-json\/wp\/v2\/posts\/4169&appkey=&title=Medidas en materia de Reservas para Vivienda de Protecci\u00f3n P\u00fablica y para Incrementar el Parque Privado de Viviendas de Alquiler &#8211; Decreto-Ley (CAT) 17\/2019, de 23 de diciembre, de Medidas Urgentes para mejorar el acceso a la vivienda&pic=&ralateUid=&\"  onclick=\"javascript:void window.open('http:\/\/service.weibo.com\/share\/share.php?url=www.fabregat-perulles-sales.com\/actualidad\/wp-json\/wp\/v2\/posts\/4169&appkey=&title=Medidas en materia de Reservas para Vivienda de Protecci\u00f3n P\u00fablica y para Incrementar el Parque Privado de Viviendas de Alquiler &#8211; Decreto-Ley (CAT) 17\/2019, de 23 de diciembre, de Medidas Urgentes para mejorar el acceso a la vivienda&pic=&ralateUid=&','1410949501326','width=700,height=500,toolbar=0,menubar=0,location=0,status=1,scrollbars=1,resizable=1,left=0,top=0');return false;\" style=\"background-position: -450px -120px \"><\/a>\r\n\t\t\t\t\t<\/li>\r\n\t\t\t\t\t\t\t\t\t\t<li class=\"none nobackground \" >\r\n\r\n\t\t\t\t\t\t\t\t\t\t\t\t<a id=\"backforunical4169\" href=\"http:\/\/widget.renren.com\/dialog\/share?resourceUrl=www.fabregat-perulles-sales.com\/actualidad\/wp-json\/wp\/v2\/posts\/4169&srcUrl=www.fabregat-perulles-sales.com\/actualidad\/wp-json\/wp\/v2\/posts\/4169&title=Medidas en materia de Reservas para Vivienda de Protecci\u00f3n P\u00fablica y para Incrementar el Parque Privado de Viviendas de Alquiler &#8211; Decreto-Ley (CAT) 17\/2019, de 23 de diciembre, de Medidas Urgentes para mejorar el acceso a la vivienda\"  onclick=\"javascript:void window.open('http:\/\/widget.renren.com\/dialog\/share?resourceUrl=www.fabregat-perulles-sales.com\/actualidad\/wp-json\/wp\/v2\/posts\/4169&srcUrl=www.fabregat-perulles-sales.com\/actualidad\/wp-json\/wp\/v2\/posts\/4169&title=Medidas en materia de Reservas para Vivienda de Protecci\u00f3n P\u00fablica y para Incrementar el Parque Privado de Viviendas de Alquiler &#8211; Decreto-Ley (CAT) 17\/2019, de 23 de diciembre, de Medidas Urgentes para mejorar el acceso a la vivienda','1410949501326','width=700,height=500,toolbar=0,menubar=0,location=0,status=1,scrollbars=1,resizable=1,left=0,top=0');return false;\" style=\"background-position: -480px -120px \"><\/a>\r\n\t\t\t\t\t<\/li>\r\n\t\t\t\t\t\t\t\t\t\t<li class=\"none nobackground \" >\r\n\r\n\t\t\t\t\t\t\t\t\t\t\t\t<a id=\"backforunical4169\" href=\"http:\/\/n4g.com\/tips?url=www.fabregat-perulles-sales.com\/actualidad\/wp-json\/wp\/v2\/posts\/4169&title=Medidas en materia de Reservas para Vivienda de Protecci\u00f3n P\u00fablica y para Incrementar el Parque Privado de Viviendas de Alquiler &#8211; Decreto-Ley (CAT) 17\/2019, de 23 de diciembre, de Medidas Urgentes para mejorar el acceso a la vivienda\"  onclick=\"javascript:void window.open('http:\/\/n4g.com\/tips?url=www.fabregat-perulles-sales.com\/actualidad\/wp-json\/wp\/v2\/posts\/4169&title=Medidas en materia de Reservas para Vivienda de Protecci\u00f3n P\u00fablica y para Incrementar el Parque Privado de Viviendas de Alquiler &#8211; Decreto-Ley (CAT) 17\/2019, de 23 de diciembre, de Medidas Urgentes para mejorar el acceso a la vivienda','1410949501326','width=700,height=500,toolbar=0,menubar=0,location=0,status=1,scrollbars=1,resizable=1,left=0,top=0');return false;\" style=\"background-position: -510px -120px \"><\/a>\r\n\t\t\t\t\t<\/li>\r\n\t\t\t\t\t\t\t\t<\/ul>\r\n\t\t\t<div class=\"clear\"><\/div>\r\n\t\t<\/div>\r\n\t\t","protected":false},"excerpt":{"rendered":"<p>1.- MEDIDAS EN MATERIA DE RESERVAS PARA VIVIENDA DE PROTECCI\u00d3N P\u00daBLICA El DL 17\/2019 modifica y a\u00f1ade nuevas previsiones legales al art\u00edculo 57 del TRLUC, tratando de ajustar su redactado al nuevo modelo de viviendas con protecci\u00f3n p\u00fablica. Share This:<\/p>\n","protected":false},"author":3,"featured_media":0,"comment_status":"open","ping_status":"closed","sticky":false,"template":"","format":"standard","meta":[],"categories":[3,58,74],"tags":[1670,1664,1680,1679,1526,826],"yoast_head":"<!-- This site is optimized with the Yoast SEO plugin v20.2.1 - https:\/\/yoast.com\/wordpress\/plugins\/seo\/ -->\n<title>Medidas sobre rehabilitaci\u00f3n de viviendas<\/title>\n<meta name=\"description\" content=\"Medidas en materia de Reservas para Vivienda de Protecci\u00f3n P\u00fablica y para Incrementar el Parque Privado de Viviendas de Alquiler \u2013 Decreto-Ley (CAT) 17\/2019\" \/>\n<meta name=\"robots\" content=\"index, follow, max-snippet:-1, max-image-preview:large, max-video-preview:-1\" \/>\n<link rel=\"canonical\" href=\"https:\/\/www.fabregat-perulles-sales.com\/actualidad\/medidas-en-materia-de-reservas-para-vivienda-de-proteccion-publica-y-para-incrementar-el-parque-privado-de-viviendas-de-alquiler-decreto-ley-cat-172019-de-23-de-diciembre-de-medidas-urgentes-pa\/\" \/>\n<meta property=\"og:locale\" content=\"en_US\" \/>\n<meta property=\"og:type\" content=\"article\" \/>\n<meta property=\"og:title\" content=\"Medidas sobre rehabilitaci\u00f3n de viviendas\" \/>\n<meta property=\"og:description\" content=\"Medidas en materia de Reservas para Vivienda de Protecci\u00f3n P\u00fablica y para Incrementar el Parque Privado de Viviendas de Alquiler \u2013 Decreto-Ley (CAT) 17\/2019\" \/>\n<meta property=\"og:url\" content=\"https:\/\/www.fabregat-perulles-sales.com\/actualidad\/medidas-en-materia-de-reservas-para-vivienda-de-proteccion-publica-y-para-incrementar-el-parque-privado-de-viviendas-de-alquiler-decreto-ley-cat-172019-de-23-de-diciembre-de-medidas-urgentes-pa\/\" \/>\n<meta property=\"og:site_name\" content=\"International Lawyers\" \/>\n<meta property=\"article:published_time\" content=\"2020-02-03T09:04:41+00:00\" \/>\n<meta property=\"article:modified_time\" content=\"2020-02-27T15:11:05+00:00\" \/>\n<meta property=\"og:image\" content=\"http:\/\/www.fabregat-perulles-sales.com\/actualidad\/wp-content\/uploads\/2020\/02\/architecture-skyline-city-skyscraper-cityscape-downtown-498641-pxhere.com_-300x200.jpg\" \/>\n<meta name=\"author\" content=\"Victor\" \/>\n<meta name=\"twitter:card\" content=\"summary_large_image\" \/>\n<meta name=\"twitter:label1\" content=\"Written by\" \/>\n\t<meta name=\"twitter:data1\" content=\"Victor\" \/>\n\t<meta name=\"twitter:label2\" content=\"Est. reading time\" \/>\n\t<meta name=\"twitter:data2\" content=\"5 minutes\" \/>\n<script type=\"application\/ld+json\" class=\"yoast-schema-graph\">{\"@context\":\"https:\/\/schema.org\",\"@graph\":[{\"@type\":\"WebPage\",\"@id\":\"https:\/\/www.fabregat-perulles-sales.com\/actualidad\/medidas-en-materia-de-reservas-para-vivienda-de-proteccion-publica-y-para-incrementar-el-parque-privado-de-viviendas-de-alquiler-decreto-ley-cat-172019-de-23-de-diciembre-de-medidas-urgentes-pa\/\",\"url\":\"https:\/\/www.fabregat-perulles-sales.com\/actualidad\/medidas-en-materia-de-reservas-para-vivienda-de-proteccion-publica-y-para-incrementar-el-parque-privado-de-viviendas-de-alquiler-decreto-ley-cat-172019-de-23-de-diciembre-de-medidas-urgentes-pa\/\",\"name\":\"Medidas sobre rehabilitaci\u00f3n de viviendas\",\"isPartOf\":{\"@id\":\"https:\/\/www.fabregat-perulles-sales.com\/actualidad\/#website\"},\"datePublished\":\"2020-02-03T09:04:41+00:00\",\"dateModified\":\"2020-02-27T15:11:05+00:00\",\"author\":{\"@id\":\"https:\/\/www.fabregat-perulles-sales.com\/actualidad\/#\/schema\/person\/cabc1d68c7778f01d5e069c2d98442e3\"},\"description\":\"Medidas en materia de Reservas para Vivienda de Protecci\u00f3n P\u00fablica y para Incrementar el Parque Privado de Viviendas de Alquiler \u2013 Decreto-Ley (CAT) 17\/2019\",\"breadcrumb\":{\"@id\":\"https:\/\/www.fabregat-perulles-sales.com\/actualidad\/medidas-en-materia-de-reservas-para-vivienda-de-proteccion-publica-y-para-incrementar-el-parque-privado-de-viviendas-de-alquiler-decreto-ley-cat-172019-de-23-de-diciembre-de-medidas-urgentes-pa\/#breadcrumb\"},\"inLanguage\":\"en-US\",\"potentialAction\":[{\"@type\":\"ReadAction\",\"target\":[\"https:\/\/www.fabregat-perulles-sales.com\/actualidad\/medidas-en-materia-de-reservas-para-vivienda-de-proteccion-publica-y-para-incrementar-el-parque-privado-de-viviendas-de-alquiler-decreto-ley-cat-172019-de-23-de-diciembre-de-medidas-urgentes-pa\/\"]}]},{\"@type\":\"BreadcrumbList\",\"@id\":\"https:\/\/www.fabregat-perulles-sales.com\/actualidad\/medidas-en-materia-de-reservas-para-vivienda-de-proteccion-publica-y-para-incrementar-el-parque-privado-de-viviendas-de-alquiler-decreto-ley-cat-172019-de-23-de-diciembre-de-medidas-urgentes-pa\/#breadcrumb\",\"itemListElement\":[{\"@type\":\"ListItem\",\"position\":1,\"name\":\"Home\",\"item\":\"https:\/\/www.fabregat-perulles-sales.com\/actualidad\/\"},{\"@type\":\"ListItem\",\"position\":2,\"name\":\"Medidas en materia de Reservas para Vivienda de Protecci\u00f3n P\u00fablica y para Incrementar el Parque Privado de Viviendas de Alquiler &#8211; Decreto-Ley (CAT) 17\/2019, de 23 de diciembre, de Medidas Urgentes para mejorar el acceso a la vivienda\"}]},{\"@type\":\"WebSite\",\"@id\":\"https:\/\/www.fabregat-perulles-sales.com\/actualidad\/#website\",\"url\":\"https:\/\/www.fabregat-perulles-sales.com\/actualidad\/\",\"name\":\"www.fabregat-perulles-sales.com\",\"description\":\"Fabregat Perulles Sales Abogados is a law firm of reference international market in the Spanish-German, Spanish-French, and Spanish-Italian. Is one of the first firms in Barcelona offering a Russian Desk.\",\"potentialAction\":[{\"@type\":\"SearchAction\",\"target\":{\"@type\":\"EntryPoint\",\"urlTemplate\":\"https:\/\/www.fabregat-perulles-sales.com\/actualidad\/?s={search_term_string}\"},\"query-input\":\"required name=search_term_string\"}],\"inLanguage\":\"en-US\"},{\"@type\":\"Person\",\"@id\":\"https:\/\/www.fabregat-perulles-sales.com\/actualidad\/#\/schema\/person\/cabc1d68c7778f01d5e069c2d98442e3\",\"name\":\"Victor\",\"image\":{\"@type\":\"ImageObject\",\"inLanguage\":\"en-US\",\"@id\":\"https:\/\/www.fabregat-perulles-sales.com\/actualidad\/#\/schema\/person\/image\/\",\"url\":\"https:\/\/secure.gravatar.com\/avatar\/756cb666a964d2960ffe307b8a53b271?s=96&d=mm&r=g\",\"contentUrl\":\"https:\/\/secure.gravatar.com\/avatar\/756cb666a964d2960ffe307b8a53b271?s=96&d=mm&r=g\",\"caption\":\"Victor\"},\"sameAs\":[\"http:\/\/www.fabregat-perulles-sales.com\"],\"url\":\"https:\/\/www.fabregat-perulles-sales.com\/actualidad\/author\/victor\/\"}]}<\/script>\n<!-- \/ Yoast SEO plugin. -->","yoast_head_json":{"title":"Medidas sobre rehabilitaci\u00f3n de viviendas","description":"Medidas en materia de Reservas para Vivienda de Protecci\u00f3n P\u00fablica y para Incrementar el Parque Privado de Viviendas de Alquiler \u2013 Decreto-Ley (CAT) 17\/2019","robots":{"index":"index","follow":"follow","max-snippet":"max-snippet:-1","max-image-preview":"max-image-preview:large","max-video-preview":"max-video-preview:-1"},"canonical":"https:\/\/www.fabregat-perulles-sales.com\/actualidad\/medidas-en-materia-de-reservas-para-vivienda-de-proteccion-publica-y-para-incrementar-el-parque-privado-de-viviendas-de-alquiler-decreto-ley-cat-172019-de-23-de-diciembre-de-medidas-urgentes-pa\/","og_locale":"en_US","og_type":"article","og_title":"Medidas sobre rehabilitaci\u00f3n de viviendas","og_description":"Medidas en materia de Reservas para Vivienda de Protecci\u00f3n P\u00fablica y para Incrementar el Parque Privado de Viviendas de Alquiler \u2013 Decreto-Ley (CAT) 17\/2019","og_url":"https:\/\/www.fabregat-perulles-sales.com\/actualidad\/medidas-en-materia-de-reservas-para-vivienda-de-proteccion-publica-y-para-incrementar-el-parque-privado-de-viviendas-de-alquiler-decreto-ley-cat-172019-de-23-de-diciembre-de-medidas-urgentes-pa\/","og_site_name":"International Lawyers","article_published_time":"2020-02-03T09:04:41+00:00","article_modified_time":"2020-02-27T15:11:05+00:00","og_image":[{"url":"http:\/\/www.fabregat-perulles-sales.com\/actualidad\/wp-content\/uploads\/2020\/02\/architecture-skyline-city-skyscraper-cityscape-downtown-498641-pxhere.com_-300x200.jpg"}],"author":"Victor","twitter_card":"summary_large_image","twitter_misc":{"Written by":"Victor","Est. reading time":"5 minutes"},"schema":{"@context":"https:\/\/schema.org","@graph":[{"@type":"WebPage","@id":"https:\/\/www.fabregat-perulles-sales.com\/actualidad\/medidas-en-materia-de-reservas-para-vivienda-de-proteccion-publica-y-para-incrementar-el-parque-privado-de-viviendas-de-alquiler-decreto-ley-cat-172019-de-23-de-diciembre-de-medidas-urgentes-pa\/","url":"https:\/\/www.fabregat-perulles-sales.com\/actualidad\/medidas-en-materia-de-reservas-para-vivienda-de-proteccion-publica-y-para-incrementar-el-parque-privado-de-viviendas-de-alquiler-decreto-ley-cat-172019-de-23-de-diciembre-de-medidas-urgentes-pa\/","name":"Medidas sobre rehabilitaci\u00f3n de viviendas","isPartOf":{"@id":"https:\/\/www.fabregat-perulles-sales.com\/actualidad\/#website"},"datePublished":"2020-02-03T09:04:41+00:00","dateModified":"2020-02-27T15:11:05+00:00","author":{"@id":"https:\/\/www.fabregat-perulles-sales.com\/actualidad\/#\/schema\/person\/cabc1d68c7778f01d5e069c2d98442e3"},"description":"Medidas en materia de Reservas para Vivienda de Protecci\u00f3n P\u00fablica y para Incrementar el Parque Privado de Viviendas de Alquiler \u2013 Decreto-Ley (CAT) 17\/2019","breadcrumb":{"@id":"https:\/\/www.fabregat-perulles-sales.com\/actualidad\/medidas-en-materia-de-reservas-para-vivienda-de-proteccion-publica-y-para-incrementar-el-parque-privado-de-viviendas-de-alquiler-decreto-ley-cat-172019-de-23-de-diciembre-de-medidas-urgentes-pa\/#breadcrumb"},"inLanguage":"en-US","potentialAction":[{"@type":"ReadAction","target":["https:\/\/www.fabregat-perulles-sales.com\/actualidad\/medidas-en-materia-de-reservas-para-vivienda-de-proteccion-publica-y-para-incrementar-el-parque-privado-de-viviendas-de-alquiler-decreto-ley-cat-172019-de-23-de-diciembre-de-medidas-urgentes-pa\/"]}]},{"@type":"BreadcrumbList","@id":"https:\/\/www.fabregat-perulles-sales.com\/actualidad\/medidas-en-materia-de-reservas-para-vivienda-de-proteccion-publica-y-para-incrementar-el-parque-privado-de-viviendas-de-alquiler-decreto-ley-cat-172019-de-23-de-diciembre-de-medidas-urgentes-pa\/#breadcrumb","itemListElement":[{"@type":"ListItem","position":1,"name":"Home","item":"https:\/\/www.fabregat-perulles-sales.com\/actualidad\/"},{"@type":"ListItem","position":2,"name":"Medidas en materia de Reservas para Vivienda de Protecci\u00f3n P\u00fablica y para Incrementar el Parque Privado de Viviendas de Alquiler &#8211; Decreto-Ley (CAT) 17\/2019, de 23 de diciembre, de Medidas Urgentes para mejorar el acceso a la vivienda"}]},{"@type":"WebSite","@id":"https:\/\/www.fabregat-perulles-sales.com\/actualidad\/#website","url":"https:\/\/www.fabregat-perulles-sales.com\/actualidad\/","name":"www.fabregat-perulles-sales.com","description":"Fabregat Perulles Sales Abogados is a law firm of reference international market in the Spanish-German, Spanish-French, and Spanish-Italian. Is one of the first firms in Barcelona offering a Russian Desk.","potentialAction":[{"@type":"SearchAction","target":{"@type":"EntryPoint","urlTemplate":"https:\/\/www.fabregat-perulles-sales.com\/actualidad\/?s={search_term_string}"},"query-input":"required name=search_term_string"}],"inLanguage":"en-US"},{"@type":"Person","@id":"https:\/\/www.fabregat-perulles-sales.com\/actualidad\/#\/schema\/person\/cabc1d68c7778f01d5e069c2d98442e3","name":"Victor","image":{"@type":"ImageObject","inLanguage":"en-US","@id":"https:\/\/www.fabregat-perulles-sales.com\/actualidad\/#\/schema\/person\/image\/","url":"https:\/\/secure.gravatar.com\/avatar\/756cb666a964d2960ffe307b8a53b271?s=96&d=mm&r=g","contentUrl":"https:\/\/secure.gravatar.com\/avatar\/756cb666a964d2960ffe307b8a53b271?s=96&d=mm&r=g","caption":"Victor"},"sameAs":["http:\/\/www.fabregat-perulles-sales.com"],"url":"https:\/\/www.fabregat-perulles-sales.com\/actualidad\/author\/victor\/"}]}},"amp_enabled":true,"_links":{"self":[{"href":"https:\/\/www.fabregat-perulles-sales.com\/actualidad\/wp-json\/wp\/v2\/posts\/4169"}],"collection":[{"href":"https:\/\/www.fabregat-perulles-sales.com\/actualidad\/wp-json\/wp\/v2\/posts"}],"about":[{"href":"https:\/\/www.fabregat-perulles-sales.com\/actualidad\/wp-json\/wp\/v2\/types\/post"}],"author":[{"embeddable":true,"href":"https:\/\/www.fabregat-perulles-sales.com\/actualidad\/wp-json\/wp\/v2\/users\/3"}],"replies":[{"embeddable":true,"href":"https:\/\/www.fabregat-perulles-sales.com\/actualidad\/wp-json\/wp\/v2\/comments?post=4169"}],"version-history":[{"count":6,"href":"https:\/\/www.fabregat-perulles-sales.com\/actualidad\/wp-json\/wp\/v2\/posts\/4169\/revisions"}],"predecessor-version":[{"id":4200,"href":"https:\/\/www.fabregat-perulles-sales.com\/actualidad\/wp-json\/wp\/v2\/posts\/4169\/revisions\/4200"}],"wp:attachment":[{"href":"https:\/\/www.fabregat-perulles-sales.com\/actualidad\/wp-json\/wp\/v2\/media?parent=4169"}],"wp:term":[{"taxonomy":"category","embeddable":true,"href":"https:\/\/www.fabregat-perulles-sales.com\/actualidad\/wp-json\/wp\/v2\/categories?post=4169"},{"taxonomy":"post_tag","embeddable":true,"href":"https:\/\/www.fabregat-perulles-sales.com\/actualidad\/wp-json\/wp\/v2\/tags?post=4169"}],"curies":[{"name":"wp","href":"https:\/\/api.w.org\/{rel}","templated":true}]}}