{"id":4132,"date":"2020-01-16T17:12:43","date_gmt":"2020-01-16T16:12:43","guid":{"rendered":"http:\/\/www.fabregat-perulles-sales.com\/actualidad\/?p=4132"},"modified":"2020-02-27T16:18:09","modified_gmt":"2020-02-27T15:18:09","slug":"medidas-ante-la-desocupacion-permanente-de-viviendas-decreto-ley-cat-172019-de-23-de-diciembre-de-medidas-urgentes-para-mejorar-el-acceso-a-la-vivienda","status":"publish","type":"post","link":"https:\/\/www.fabregat-perulles-sales.com\/actualidad\/medidas-ante-la-desocupacion-permanente-de-viviendas-decreto-ley-cat-172019-de-23-de-diciembre-de-medidas-urgentes-para-mejorar-el-acceso-a-la-vivienda\/","title":{"rendered":"Medidas ante la DESOCUPACI\u00d3N PERMANENTE de viviendas &#8211; Decreto-Ley (CAT) 17\/2019, de 23 de diciembre, de Medidas Urgentes para mejorar el acceso a la vivienda"},"content":{"rendered":"<h3><a name=\"_Toc29799366\"><\/a><a name=\"_Toc29546441\"><\/a>1.- Concreci\u00f3n de la definici\u00f3n del concepto de vivienda vac\u00eda<\/h3>\n<p>El DL 17\/2019 concreta la definici\u00f3n del concepto de vivienda vac\u00eda proporcionada por el art\u00edculo 3 de la Ley (Cat) 18\/2007, de 28 de diciembre, del derecho a la vivienda (en lo sucesivo, \u201cLey 18\/2007\u201d).<\/p>\n<p><!--more--><\/p>\n<p>Se considera vivienda vac\u00eda aquella que permanece desocupada permanentemente, sin causa justificada, por un plazo de m\u00e1s de 2 a\u00f1os. Seg\u00fan la Ley 14\/2015, de 21 de julio, del impuesto sobre las viviendas vac\u00edas, <strong><u>el c\u00f3mputo de este plazo se inicia a partir de la fecha en que la vivienda est\u00e1 a disposici\u00f3n del propietario para ser ocupada o para ceder su uso a un tercero, y no existe causa alguna que justifique su desocupaci\u00f3n<\/u><\/strong>.<\/p>\n<p>La novedad introducida por el DL 17\/2019 es que la ocupaci\u00f3n sin t\u00edtulo leg\u00edtimo no impide que se pueda considerar vac\u00eda una vivienda, salvo en el caso de que la persona propietaria acredite haber iniciado las acciones judiciales oportunas para la recuperaci\u00f3n efectiva de la posesi\u00f3n antes de cumplirse el mencionado plazo. Y aclara que la transmisi\u00f3n de titularidad de\u00a0 la vivienda no reanuda el c\u00f3mputo del plazo.<\/p>\n<p>No var\u00edan las causas que justifican la desocupaci\u00f3n de una vivienda, consider\u00e1ndose como tales el traslado por razones laborales, el cambio de domicilio por una situaci\u00f3n de dependencia, el abandono de la vivienda en una zona rural en proceso de p\u00e9rdida de poblaci\u00f3n y el hecho de que la propiedad o la posesi\u00f3n de la vivienda sea objeto de un litigio judicial pendiente de resoluci\u00f3n.<\/p>\n<p><img decoding=\"async\" loading=\"lazy\" class=\" wp-image-4137 aligncenter\" src=\"http:\/\/www.fabregat-perulles-sales.com\/actualidad\/wp-content\/uploads\/2020\/01\/Medidas-ante-la-desocupaci\u00f3n-permanente-de-viviendas-300x200.jpg\" alt=\"\" width=\"431\" height=\"286\" srcset=\"https:\/\/www.fabregat-perulles-sales.com\/actualidad\/wp-content\/uploads\/2020\/01\/Medidas-ante-la-desocupaci\u00f3n-permanente-de-viviendas-300x200.jpg 300w, https:\/\/www.fabregat-perulles-sales.com\/actualidad\/wp-content\/uploads\/2020\/01\/Medidas-ante-la-desocupaci\u00f3n-permanente-de-viviendas-768x512.jpg 768w, https:\/\/www.fabregat-perulles-sales.com\/actualidad\/wp-content\/uploads\/2020\/01\/Medidas-ante-la-desocupaci\u00f3n-permanente-de-viviendas-1024x683.jpg 1024w, https:\/\/www.fabregat-perulles-sales.com\/actualidad\/wp-content\/uploads\/2020\/01\/Medidas-ante-la-desocupaci\u00f3n-permanente-de-viviendas-660x440.jpg 660w\" sizes=\"(max-width: 431px) 100vw, 431px\" \/><\/p>\n<h3><a name=\"_Toc29799367\"><\/a><a name=\"_Toc29546442\"><\/a>2.- Incumplimiento de la funci\u00f3n social de las viviendas<\/h3>\n<p>El DL 17\/2019 modifica dos de los supuestos de incumplimiento de la funci\u00f3n social de la vivienda, enumerados en el art\u00edculo 5 de la Ley 18\/2007 \u2013en cursiva, las modificaciones:<\/p>\n<ol>\n<li><strong>b)\u00a0<\/strong><em><span style=\"text-decoration: line-through;\">La vivienda o el edificio de viviendas est\u00e9n desocupados de forma permanente e injustificada<\/span><\/em>. <em>En el supuesto en que una vivienda o edificio de viviendas permanezcan desocupadas de manera permanente e injustificada por un plazo de m\u00e1s de dos a\u00f1os. <strong><u>Ni la ocupaci\u00f3n de estas viviendas sin t\u00edtulo habilitante ni la transmisi\u00f3n de su titularidad alteran la situaci\u00f3n de incumplimiento de la funci\u00f3n social de la propiedad. <\/u><\/strong><\/em><\/li>\n<li><strong>d)<\/strong>No se destine <em>a residencia habitual y permanente de personas<\/em>, si es una vivienda de protecci\u00f3n oficial<em>, <span style=\"text-decoration: line-through;\">a residencia habitual y permanente de los propietarios<\/span> o a una vivienda reservada por el planeamiento urban\u00edstico a este tipo de residencia<\/em>.<\/li>\n<\/ol>\n<p>Ambos casos se consideran, adem\u00e1s, como un incumplimiento del deber de propiedad de las edificaciones de dedicarlas a usos compatibles con la ordenaci\u00f3n territorial y urban\u00edstica.<\/p>\n<p>Por otro lado, si bien la desocupaci\u00f3n permanente e injustificada de una vivienda en los t\u00e9rminos del apartado b) arriba descrito ya constituye lo que la Ley 18\/2007 (art. 41.1) denomina una utilizaci\u00f3n an\u00f3mala, el DL 17\/2019 <strong>introduce un nuevo supuesto de utilizaci\u00f3n an\u00f3mala <\/strong>pues asimila a la desocupaci\u00f3n permanente injustificada, aquella situaci\u00f3n en la que se encuentran \u201c<em>los edificios inacabados con destinaci\u00f3n final a vivienda, con m\u00e1s del 80% de las obras de construcci\u00f3n ejecutadas, despu\u00e9s de que hayan transcurrido m\u00e1s de dos a\u00f1os desde la conclusi\u00f3n del plazo m\u00e1ximo para acabarlos<\/em>\u201d.<\/p>\n<h3><a name=\"_Toc29799368\"><\/a><a name=\"_Toc29546443\"><\/a>3.- Actuaciones frente al incumplimiento de la funci\u00f3n social de las viviendas<\/h3>\n<p>Para garantizar el cumplimiento de la funci\u00f3n social de la vivienda, el DL 17\/2019 refuerza las potestades de reacci\u00f3n administrativa, quedando configuradas las capacidades de las Administraciones competentes en materia de vivienda de la siguiente manera \u2013la novedad introducida por el DL 17\/2019 es el apartado (iii) que sigue a continuaci\u00f3n\u2013:<\/p>\n<ul>\n<li>&#8211; Arbitrar las v\u00edas positivas de fomento y concertaci\u00f3n.<\/li>\n<li>&#8211; Establecer tambi\u00e9n otras medidas, incluidas las de car\u00e1cter fiscal, que propicien el cumplimiento de dicha funci\u00f3n social y penalicen su incumplimiento.<\/li>\n<li>&#8211; Declarar el incumplimiento de la funci\u00f3n social de la vivienda cuando, requeridos los propietarios para que adopten las medidas necesarias para cumplir con la funci\u00f3n mencionada, estos incumplan el requerimiento en el plazo que se establezca. Esta declaraci\u00f3n de incumplimiento puede conllevar la adopci\u00f3n de medidas de ejecuci\u00f3n forzosa previstas legalmente.<\/li>\n<\/ul>\n<p>En relaci\u00f3n a este \u00faltimo caso, el DL 17\/2019 dedica especial atenci\u00f3n, mediante la introducci\u00f3n de tres nuevos apartados en el art\u00edculo 42 de la Ley 18\/2007, que regula las \u201c<em>Actuaciones para evitar la desocupaci\u00f3n permanente de las viviendas<\/em>\u201d:<\/p>\n<p><strong>Apartado 6 (de aplicaci\u00f3n a personas jur\u00eddicas privadas<a href=\"#_ftn1\" name=\"_ftnref1\">[1]<\/a>):<\/strong> cuando la Administraci\u00f3n requiera a las personas responsables que adopten las medidas necesarias para ocupar legal y efectivamente las viviendas, debe igualmente advertir que en caso de incumplirse dicho requerimiento en el plazo establecido, se podr\u00e1n imponer multas coercitivas de mil euros por cada vivienda por lapsos de tiempo de un mes mientras permanezcan desocupadas, con un importe m\u00e1ximo total del 50% del precio estimado de la vivienda. En la situaci\u00f3n asimilada relativa a los edificios de viviendas inacabadas, el requerimiento mencionado debe incluir las medidas necesarias para acabar previamente las obras de edificaci\u00f3n.<\/p>\n<p><strong>Apartado 7 (tambi\u00e9n \u00fanicamente en relaci\u00f3n a las personas jur\u00eddicas privadas)<\/strong>: la advertencia de multas coercitivas, debe incluir la posibilidad de declarar el incumplimiento de la funci\u00f3n social de la propiedad a efectos de iniciar el procedimiento para su expropiaci\u00f3n forzosa.<\/p>\n<p><strong>Apartado 8<\/strong>: En el caso de transmisi\u00f3n de la vivienda, el nuevo propietario se subroga en la posici\u00f3n del anterior a efectos de asumir las consecuencias del incumplimiento de la funci\u00f3n social de la propiedad, con independencia de cu\u00e1ndo se inici\u00f3 la desocupaci\u00f3n.<\/p>\n<p>Es importante, por tanto, destacar, que el <strong>incumplimiento del requerimiento que la Administraci\u00f3n curse a las personas jur\u00eddicas privadas<\/strong> para que \u00e9stas adopten medidas para ocupar las viviendas \u2013previa finalizaci\u00f3n de las obras o no\u2013, puede conllevar las siguientes <strong>medidas, todas ellas\u00a0compatibles<\/strong> entre ellas:<\/p>\n<ul>\n<li><strong>&#8211; Multa coercitiva <\/strong>que se\u00f1ala el apartado 6 arriba indicado.<\/li>\n<li><strong>&#8211; Sanci\u00f3n consistente en multa de 90.001 a 900.000 euros<\/strong>, pues el DL 17\/2000, tipifica como Infracci\u00f3n muy grave, el incumplimiento de un requerimiento para que se ocupe legal y efectivamente una vivienda con el fin de que constituya la residencia de personas (modificaci\u00f3n de la letra <em>h<\/em> del art\u00edculo 123.1 de la Ley 18\/2007).<\/li>\n<li><strong>&#8211; Expropiaci\u00f3n forzosa<\/strong> tras la declaraci\u00f3n del incumplimiento de la funci\u00f3n social.<\/li>\n<\/ul>\n<h3><a name=\"_Toc29799369\"><\/a><a name=\"_Toc29546444\"><\/a>4.- Multas coercitivas no sancionadoras de la Administraci\u00f3n<\/h3>\n<p>El DL 17\/2019 modifica los apartados 1 y 2 del art\u00edculo 113 de la Ley 18\/2007, llevando a cabo un ajuste de la capacidad de la Administraci\u00f3n competente para imponer multas coercitivas en los casos de incumplimiento de un requerimiento por la persona obligada. Se elimina el l\u00edmite m\u00e1ximo de tres multas, concediendo la posibilidad de interponer reiteradas multas por lapsos de tiempo que sean suficientes para cumplir con lo ordenado.<\/p>\n<p>Por otro lado, se extiende los importes m\u00e1ximos de las multas coercitivas, estableci\u00e9ndose los siguientes:<\/p>\n<ul>\n<li>&#8211; En los casos de ejecuci\u00f3n forzosa de obras, no pueden superar el 50% del coste estimado para ejecutarlas.<\/li>\n<li>&#8211; En otros supuestos, no pueden superar el 50% de la multa sancionadora establecida para el tipo de infracci\u00f3n cometida.<\/li>\n<\/ul>\n<p>La multa coercitiva es independiente y compatible con la sanci\u00f3n que corresponda por la infracci\u00f3n administrativa en materia de vivienda que se haya podido cometer.<\/p>\n<h3><a name=\"_Toc29799370\"><\/a><a name=\"_Toc29546445\"><\/a>5.- Derecho de tanteo y retracto de la Administraci\u00f3n<\/h3>\n<p>Los derechos de tanteo y retracto regulados en el art\u00edculo 2.1 del Decreto Ley (Cat) 1\/2015, de 24 de marzo, de medidas extraordinarias y urgentes para la movilizaci\u00f3n de las viviendas provenientes de procesos de ejecuci\u00f3n hipotecaria (en adelante, \u201cDL 1\/2015\u201d), atribuidos a la Generalidad respecto de las transmisiones de las viviendas adquiridas en un proceso de ejecuci\u00f3n hipotecaria o mediante compensaci\u00f3n o pago de deuda con garant\u00eda hipotecaria, que antes se circunscrib\u00edan a las viviendas situadas en \u00e1reas de demanda residencial fuerte y acreditada, ahora se extienden a todos los municipios y se refieren tanto a la primera como a las posteriores transmisiones que se lleven a cabo durante la vigencia del DL 1\/2015. \u00c9ste adem\u00e1s a\u00f1ade que el plazo para formalizar la adquisici\u00f3n, caso que se ejercite el derecho de tanteo, es de tres meses a contar desde la notificaci\u00f3n de dicho ejercicio.<\/p>\n<p>Tambi\u00e9n se ampl\u00eda el \u00a0car\u00e1cter temporal de las medidas establecidas en el DL 1\/2015, pues \u00e9ste, en su redacci\u00f3n original limitaba su ejercicio a los 6 a\u00f1os siguientes a contar desde la entrada en vigor del mismo. El DL 17\/2019 ampl\u00eda ese plazo a 12 a\u00f1os (es decir, hasta <strong><u>marzo de 2027<\/u><\/strong>).<\/p>\n<p><a href=\"#_ftnref1\" name=\"_ftn1\">[1]<\/a> Entendidas por el art\u00edculo 36.2 del C\u00f3digo Civil como <em>asociaciones de inter\u00e9s particular, sean civiles, mercantiles o industriales, a las que la ley conceda personalidad propia, independiente de la de cada uno de los asociados<\/em>.<\/p>\n<p>&nbsp;<\/p>\n\r\n\t\t<style>\r\n\t\t\t.huge-it-share-buttons {\r\n\t\t\t\tborder:0px solid #0FB5D6;\r\n\t\t\t\tborder-radius:5px;\r\n\t\t\t\tbackground:#3BD8FF;\r\n\t\t\t text-align:left; \t\t\t\t\t\t\t\t\t}\r\n\r\n\t\t\t#huge-it-share-buttons-top {margin-bottom:0px;}\r\n\t\t\t#huge-it-share-buttons-bottom {margin-top:0px;}\r\n\r\n\t\t\t.huge-it-share-buttons h3 {\r\n\t\t\t\tfont-size:25px ;\r\n\t\t\t\tfont-family:Arial,Helvetica Neue,Helvetica,sans-serif;\r\n\t\t\t\tcolor:#666666;\r\n\r\n\t\t\tdisplay:block;\t\t\t\tline-height:25px ;\r\n\r\n\t\t\t text-align:left; \t\t\t\t\t\t\t\t\t}\r\n\r\n\t\t\t.huge-it-share-buttons ul {\r\n\t\t\t float:left; \t\t\t\t\t\t\t\t\t}\r\n\r\n\t\t\t.huge-it-share-buttons ul li {\r\n\t\t\t\tmargin-left:3px;\r\n\t\t\t\tmargin-right:3px;\r\n\t\t\t\tpadding:0px;\r\n\t\t\t\tborder:0px ridge #E6354C;\r\n\t\t\t\tborder-radius:11px;\r\n\t\t\t\tbackground-color:#14CC9B;\r\n\t\t\t}\r\n\r\n\t\t\t.huge-it-share-buttons ul li #backforunical4132 {\r\n\t\t\t\tborder-bottom: 0;\r\n\t\t\t\tbackground-image:url('https:\/\/www.fabregat-perulles-sales.com\/actualidad\/wp-content\/plugins\/wp-share-buttons\/Front_end\/..\/images\/buttons.30.png');\r\n\t\t\t\twidth:30px;\r\n\t\t\t\theight:30px;\r\n\t\t\t}\r\n\r\n\t\t\t.front-shares-count {\r\n\t\t\t\tposition: absolute;\r\n\t\t\t\ttext-align: center;\r\n\t\t\t\tdisplay: block;\r\n\t\t\t}\r\n\r\n\t\t\t.shares_size20 .front-shares-count {\r\n\t\t\t\tfont-size: 10px;\r\n\t\t\t\ttop: 10px;\r\n\t\t\t\twidth: 20px;\r\n\t\t\t}\r\n\r\n\t\t\t.shares_size30 .front-shares-count {\r\n\t\t\t\tfont-size: 11px;\r\n\t\t\t\ttop: 15px;\r\n\t\t\t\twidth: 30px;\r\n\t\t\t}\r\n\r\n\t\t\t.shares_size40 .front-shares-count {\r\n\t\t\t\tfont-size: 12px;\r\n\t\t\t\ttop: 21px;\r\n\t\t\t\twidth: 40px;\r\n\t\t\t}\r\n\t\t<\/style>\r\n\t\t\r\n\t\t<div id=\"huge-it-share-buttons-top\" class=\"huge-it-share-buttons nobackground\">\r\n\t\t\t<h3>Share This:<\/h3>\r\n\t\t\t<ul class=\"huge-it-share-buttons-list \">\r\n\t\t\t\t\t\t\t\t\t<li class=\"nobackground \" >\r\n\r\n\t\t\t\t\t\t\t\t\t\t\t\t<a id=\"backforunical4132\" href=\"https:\/\/www.facebook.com\/sharer\/sharer.php?u=www.fabregat-perulles-sales.com\/actualidad\/wp-json\/wp\/v2\/posts\/4132\"  onclick=\"javascript:void window.open('https:\/\/www.facebook.com\/sharer\/sharer.php?u=www.fabregat-perulles-sales.com\/actualidad\/wp-json\/wp\/v2\/posts\/4132','1410949501326','width=700,height=500,toolbar=0,menubar=0,location=0,status=1,scrollbars=1,resizable=1,left=0,top=0');return false;\" style=\"background-position: -0px -120px \"><\/a>\r\n\t\t\t\t\t<\/li>\r\n\t\t\t\t\t\t\t\t\t\t<li class=\"nobackground \" >\r\n\r\n\t\t\t\t\t\t\t\t\t\t\t\t<a id=\"backforunical4132\" href=\"https:\/\/twitter.com\/share?status=www.fabregat-perulles-sales.com\/actualidad\/wp-json\/wp\/v2\/posts\/4132&text=Medidas ante la DESOCUPACI\u00d3N PERMANENTE de viviendas &#8211; Decreto-Ley (CAT) 17\/2019, de 23 de diciembre, de Medidas Urgentes para mejorar el acceso a la vivienda\"  onclick=\"javascript:void window.open('https:\/\/twitter.com\/share?status=www.fabregat-perulles-sales.com\/actualidad\/wp-json\/wp\/v2\/posts\/4132&text=Medidas ante la DESOCUPACI\u00d3N PERMANENTE de viviendas &#8211; Decreto-Ley (CAT) 17\/2019, de 23 de diciembre, de Medidas Urgentes para mejorar el acceso a la vivienda','1410949501326','width=700,height=500,toolbar=0,menubar=0,location=0,status=1,scrollbars=1,resizable=1,left=0,top=0');return false;\" style=\"background-position: -30px -120px \"><\/a>\r\n\t\t\t\t\t<\/li>\r\n\t\t\t\t\t\t\t\t\t\t<li class=\"none nobackground \" >\r\n\r\n\t\t\t\t\t\t\t\t\t\t\t\t<a id=\"backforunical4132\" href=\"http:\/\/www.pinterest.com\/pin\/create\/button\/?url=www.fabregat-perulles-sales.com\/actualidad\/wp-json\/wp\/v2\/posts\/4132&media=https:\/\/www.fabregat-perulles-sales.com\/actualidad\/wp-content\/plugins\/wp-share-buttons\/Front_end\/..\/images\/noimage.png&description=Medidas ante la DESOCUPACI\u00d3N PERMANENTE de viviendas &#8211; Decreto-Ley (CAT) 17\/2019, de 23 de diciembre, de Medidas Urgentes para mejorar el acceso a la vivienda\"  onclick=\"javascript:void window.open('http:\/\/www.pinterest.com\/pin\/create\/button\/?url=www.fabregat-perulles-sales.com\/actualidad\/wp-json\/wp\/v2\/posts\/4132&media=https:\/\/www.fabregat-perulles-sales.com\/actualidad\/wp-content\/plugins\/wp-share-buttons\/Front_end\/..\/images\/noimage.png&description=Medidas ante la DESOCUPACI\u00d3N PERMANENTE de viviendas &#8211; Decreto-Ley (CAT) 17\/2019, de 23 de diciembre, de Medidas Urgentes para mejorar el acceso a la vivienda','1410949501326','width=700,height=500,toolbar=0,menubar=0,location=0,status=1,scrollbars=1,resizable=1,left=0,top=0');return false;\" style=\"background-position: -60px -120px \"><\/a>\r\n\t\t\t\t\t<\/li>\r\n\t\t\t\t\t\t\t\t\t\t<li class=\"none nobackground \" >\r\n\r\n\t\t\t\t\t\t\t\t\t\t\t\t<a id=\"backforunical4132\" href=\"https:\/\/plus.google.com\/share?url=www.fabregat-perulles-sales.com\/actualidad\/wp-json\/wp\/v2\/posts\/4132\"  onclick=\"javascript:void window.open('https:\/\/plus.google.com\/share?url=www.fabregat-perulles-sales.com\/actualidad\/wp-json\/wp\/v2\/posts\/4132','1410949501326','width=700,height=500,toolbar=0,menubar=0,location=0,status=1,scrollbars=1,resizable=1,left=0,top=0');return false;\" style=\"background-position: -90px -120px \"><\/a>\r\n\t\t\t\t\t<\/li>\r\n\t\t\t\t\t\t\t\t\t\t<li class=\"nobackground \" >\r\n\r\n\t\t\t\t\t\t\t\t\t\t\t\t<a id=\"backforunical4132\" href=\"https:\/\/www.linkedin.com\/shareArticle?title=Medidas ante la DESOCUPACI\u00d3N PERMANENTE de viviendas &#8211; Decreto-Ley (CAT) 17\/2019, de 23 de diciembre, de Medidas Urgentes para mejorar el acceso a la vivienda&mini=true&url=https:\/\/www.fabregat-perulles-sales.com\/actualidad\/wp-json\/wp\/v2\/posts\/4132\"  onclick=\"javascript:void window.open('https:\/\/www.linkedin.com\/shareArticle?title=Medidas ante la DESOCUPACI\u00d3N PERMANENTE de viviendas &#8211; Decreto-Ley (CAT) 17\/2019, de 23 de diciembre, de Medidas Urgentes para mejorar el acceso a la vivienda&mini=true&url=https:\/\/www.fabregat-perulles-sales.com\/actualidad\/wp-json\/wp\/v2\/posts\/4132','1410949501326','width=700,height=500,toolbar=0,menubar=0,location=0,status=1,scrollbars=1,resizable=1,left=0,top=0');return false;\" style=\"background-position: -120px -120px \"><\/a>\r\n\t\t\t\t\t<\/li>\r\n\t\t\t\t\t\t\t\t\t\t<li class=\"none nobackground \" >\r\n\r\n\t\t\t\t\t\t\t\t\t\t\t\t<a id=\"backforunical4132\" href=\"https:\/\/www.tumblr.com\/share\/link?url=www.fabregat-perulles-sales.com\/actualidad\/wp-json\/wp\/v2\/posts\/4132&name=Medidas ante la DESOCUPACI\u00d3N PERMANENTE de viviendas &#8211; Decreto-Ley (CAT) 17\/2019, de 23 de diciembre, de Medidas Urgentes para mejorar el acceso a la vivienda\"  onclick=\"javascript:void window.open('https:\/\/www.tumblr.com\/share\/link?url=www.fabregat-perulles-sales.com\/actualidad\/wp-json\/wp\/v2\/posts\/4132&name=Medidas ante la DESOCUPACI\u00d3N PERMANENTE de viviendas &#8211; Decreto-Ley (CAT) 17\/2019, de 23 de diciembre, de Medidas Urgentes para mejorar el acceso a la vivienda','1410949501326','width=700,height=500,toolbar=0,menubar=0,location=0,status=1,scrollbars=1,resizable=1,left=0,top=0');return false;\" style=\"background-position: -150px -120px \"><\/a>\r\n\t\t\t\t\t<\/li>\r\n\t\t\t\t\t\t\t\t\t\t<li class=\"none nobackground \" >\r\n\r\n\t\t\t\t\t\t\t\t\t\t\t\t<a id=\"backforunical4132\" href=\"http:\/\/digg.com\/submit?phase=2&url=www.fabregat-perulles-sales.com\/actualidad\/wp-json\/wp\/v2\/posts\/4132&title=Medidas ante la DESOCUPACI\u00d3N PERMANENTE de viviendas &#8211; Decreto-Ley (CAT) 17\/2019, de 23 de diciembre, de Medidas Urgentes para mejorar el acceso a la vivienda\"  onclick=\"javascript:void window.open('http:\/\/digg.com\/submit?phase=2&url=www.fabregat-perulles-sales.com\/actualidad\/wp-json\/wp\/v2\/posts\/4132&title=Medidas ante la DESOCUPACI\u00d3N PERMANENTE de viviendas &#8211; Decreto-Ley (CAT) 17\/2019, de 23 de diciembre, de Medidas Urgentes para mejorar el acceso a la vivienda','1410949501326','width=700,height=500,toolbar=0,menubar=0,location=0,status=1,scrollbars=1,resizable=1,left=0,top=0');return false;\" style=\"background-position: -180px -120px \"><\/a>\r\n\t\t\t\t\t<\/li>\r\n\t\t\t\t\t\t\t\t\t\t<li class=\"none nobackground \" >\r\n\r\n\t\t\t\t\t\t\t\t\t\t\t\t<a id=\"backforunical4132\" href=\"http:\/\/www.stumbleupon.com\/submit?url=www.fabregat-perulles-sales.com\/actualidad\/wp-json\/wp\/v2\/posts\/4132&title=Medidas ante la DESOCUPACI\u00d3N PERMANENTE de viviendas &#8211; Decreto-Ley (CAT) 17\/2019, de 23 de diciembre, de Medidas Urgentes para mejorar el acceso a la vivienda\"  onclick=\"javascript:void window.open('http:\/\/www.stumbleupon.com\/submit?url=www.fabregat-perulles-sales.com\/actualidad\/wp-json\/wp\/v2\/posts\/4132&title=Medidas ante la DESOCUPACI\u00d3N PERMANENTE de viviendas &#8211; Decreto-Ley (CAT) 17\/2019, de 23 de diciembre, de Medidas Urgentes para mejorar el acceso a la vivienda','1410949501326','width=700,height=500,toolbar=0,menubar=0,location=0,status=1,scrollbars=1,resizable=1,left=0,top=0');return false;\" style=\"background-position: -210px -120px \"><\/a>\r\n\t\t\t\t\t<\/li>\r\n\t\t\t\t\t\t\t\t\t\t<li class=\"none nobackground \" >\r\n\r\n\t\t\t\t\t\t\t\t\t\t\t\t<a id=\"backforunical4132\" href=\"https:\/\/myspace.com\/post?l=3&u=www.fabregat-perulles-sales.com\/actualidad\/wp-json\/wp\/v2\/posts\/4132\"  onclick=\"javascript:void window.open('https:\/\/myspace.com\/post?l=3&u=www.fabregat-perulles-sales.com\/actualidad\/wp-json\/wp\/v2\/posts\/4132','1410949501326','width=700,height=500,toolbar=0,menubar=0,location=0,status=1,scrollbars=1,resizable=1,left=0,top=0');return false;\" style=\"background-position: -240px -120px \"><\/a>\r\n\t\t\t\t\t<\/li>\r\n\t\t\t\t\t\t\t\t\t\t<li class=\"nobackground \" >\r\n\r\n\t\t\t\t\t\t\t\t\t\t\t\t<a id=\"backforunical4132\" href=\"http:\/\/vk.com\/share.php?url=www.fabregat-perulles-sales.com\/actualidad\/wp-json\/wp\/v2\/posts\/4132&title=Medidas ante la DESOCUPACI\u00d3N PERMANENTE de viviendas &#8211; Decreto-Ley (CAT) 17\/2019, de 23 de diciembre, de Medidas Urgentes para mejorar el acceso a la vivienda\"  onclick=\"javascript:void window.open('http:\/\/vk.com\/share.php?url=www.fabregat-perulles-sales.com\/actualidad\/wp-json\/wp\/v2\/posts\/4132&title=Medidas ante la DESOCUPACI\u00d3N PERMANENTE de viviendas &#8211; Decreto-Ley (CAT) 17\/2019, de 23 de diciembre, de Medidas Urgentes para mejorar el acceso a la vivienda','1410949501326','width=700,height=500,toolbar=0,menubar=0,location=0,status=1,scrollbars=1,resizable=1,left=0,top=0');return false;\" style=\"background-position: -270px -120px \"><\/a>\r\n\t\t\t\t\t<\/li>\r\n\t\t\t\t\t\t\t\t\t\t<li class=\"none nobackground \" >\r\n\r\n\t\t\t\t\t\t\t\t\t\t\t\t<a id=\"backforunical4132\" href=\"http:\/\/www.reddit.com\/submit?url=www.fabregat-perulles-sales.com\/actualidad\/wp-json\/wp\/v2\/posts\/4132&title=Medidas ante la DESOCUPACI\u00d3N PERMANENTE de viviendas &#8211; Decreto-Ley (CAT) 17\/2019, de 23 de diciembre, de Medidas Urgentes para mejorar el acceso a la vivienda\"  onclick=\"javascript:void window.open('http:\/\/www.reddit.com\/submit?url=www.fabregat-perulles-sales.com\/actualidad\/wp-json\/wp\/v2\/posts\/4132&title=Medidas ante la DESOCUPACI\u00d3N PERMANENTE de viviendas &#8211; Decreto-Ley (CAT) 17\/2019, de 23 de diciembre, de Medidas Urgentes para mejorar el acceso a la vivienda','1410949501326','width=700,height=500,toolbar=0,menubar=0,location=0,status=1,scrollbars=1,resizable=1,left=0,top=0');return false;\" style=\"background-position: -300px -120px \"><\/a>\r\n\t\t\t\t\t<\/li>\r\n\t\t\t\t\t\t\t\t\t\t<li class=\"none nobackground \" >\r\n\r\n\t\t\t\t\t\t\t\t\t\t\t\t<a id=\"backforunical4132\" href=\"http:\/\/www.bebo.com\/c\/share?Url=www.fabregat-perulles-sales.com\/actualidad\/wp-json\/wp\/v2\/posts\/4132\"  onclick=\"javascript:void window.open('http:\/\/www.bebo.com\/c\/share?Url=www.fabregat-perulles-sales.com\/actualidad\/wp-json\/wp\/v2\/posts\/4132','1410949501326','width=700,height=500,toolbar=0,menubar=0,location=0,status=1,scrollbars=1,resizable=1,left=0,top=0');return false;\" style=\"background-position: -330px -120px \"><\/a>\r\n\t\t\t\t\t<\/li>\r\n\t\t\t\t\t\t\t\t\t\t<li class=\"none nobackground \" >\r\n\r\n\t\t\t\t\t\t\t\t\t\t\t\t<a id=\"backforunical4132\" href=\"https:\/\/delicious.com\/save?v=5&noui&jump=close&url=www.fabregat-perulles-sales.com\/actualidad\/wp-json\/wp\/v2\/posts\/4132&title=Medidas ante la DESOCUPACI\u00d3N PERMANENTE de viviendas &#8211; Decreto-Ley (CAT) 17\/2019, de 23 de diciembre, de Medidas Urgentes para mejorar el acceso a la vivienda\"  onclick=\"javascript:void window.open('https:\/\/delicious.com\/save?v=5&noui&jump=close&url=www.fabregat-perulles-sales.com\/actualidad\/wp-json\/wp\/v2\/posts\/4132&title=Medidas ante la DESOCUPACI\u00d3N PERMANENTE de viviendas &#8211; Decreto-Ley (CAT) 17\/2019, de 23 de diciembre, de Medidas Urgentes para mejorar el acceso a la vivienda','1410949501326','width=700,height=500,toolbar=0,menubar=0,location=0,status=1,scrollbars=1,resizable=1,left=0,top=0');return false;\" style=\"background-position: -360px -120px \"><\/a>\r\n\t\t\t\t\t<\/li>\r\n\t\t\t\t\t\t\t\t\t\t<li class=\"none nobackground \" >\r\n\r\n\t\t\t\t\t\t\t\t\t\t\t\t<a id=\"backforunical4132\" href=\"http:\/\/www.odnoklassniki.ru\/dk?st.cmd=addShare&st.s=2&st.noresize=on&st._surl=www.fabregat-perulles-sales.com\/actualidad\/wp-json\/wp\/v2\/posts\/4132\"  onclick=\"javascript:void window.open('http:\/\/www.odnoklassniki.ru\/dk?st.cmd=addShare&st.s=2&st.noresize=on&st._surl=www.fabregat-perulles-sales.com\/actualidad\/wp-json\/wp\/v2\/posts\/4132','1410949501326','width=700,height=500,toolbar=0,menubar=0,location=0,status=1,scrollbars=1,resizable=1,left=0,top=0');return false;\" style=\"background-position: -390px -120px \"><\/a>\r\n\t\t\t\t\t<\/li>\r\n\t\t\t\t\t\t\t\t\t\t<li class=\"none nobackground \" >\r\n\r\n\t\t\t\t\t\t\t\t\t\t\t\t<a id=\"backforunical4132\" href=\"http:\/\/sns.qzone.qq.com\/cgi-bin\/qzshare\/cgi_qzshare_onekey?url=www.fabregat-perulles-sales.com\/actualidad\/wp-json\/wp\/v2\/posts\/4132&title=Medidas ante la DESOCUPACI\u00d3N PERMANENTE de viviendas &#8211; Decreto-Ley (CAT) 17\/2019, de 23 de diciembre, de Medidas Urgentes para mejorar el acceso a la vivienda\"  onclick=\"javascript:void window.open('http:\/\/sns.qzone.qq.com\/cgi-bin\/qzshare\/cgi_qzshare_onekey?url=www.fabregat-perulles-sales.com\/actualidad\/wp-json\/wp\/v2\/posts\/4132&title=Medidas ante la DESOCUPACI\u00d3N PERMANENTE de viviendas &#8211; Decreto-Ley (CAT) 17\/2019, de 23 de diciembre, de Medidas Urgentes para mejorar el acceso a la vivienda','1410949501326','width=700,height=500,toolbar=0,menubar=0,location=0,status=1,scrollbars=1,resizable=1,left=0,top=0');return false;\" style=\"background-position: -420px -120px \"><\/a>\r\n\t\t\t\t\t<\/li>\r\n\t\t\t\t\t\t\t\t\t\t<li class=\"none nobackground \" >\r\n\r\n\t\t\t\t\t\t\t\t\t\t\t\t<a id=\"backforunical4132\" href=\"http:\/\/service.weibo.com\/share\/share.php?url=www.fabregat-perulles-sales.com\/actualidad\/wp-json\/wp\/v2\/posts\/4132&appkey=&title=Medidas ante la DESOCUPACI\u00d3N PERMANENTE de viviendas &#8211; Decreto-Ley (CAT) 17\/2019, de 23 de diciembre, de Medidas Urgentes para mejorar el acceso a la vivienda&pic=&ralateUid=&\"  onclick=\"javascript:void window.open('http:\/\/service.weibo.com\/share\/share.php?url=www.fabregat-perulles-sales.com\/actualidad\/wp-json\/wp\/v2\/posts\/4132&appkey=&title=Medidas ante la DESOCUPACI\u00d3N PERMANENTE de viviendas &#8211; Decreto-Ley (CAT) 17\/2019, de 23 de diciembre, de Medidas Urgentes para mejorar el acceso a la vivienda&pic=&ralateUid=&','1410949501326','width=700,height=500,toolbar=0,menubar=0,location=0,status=1,scrollbars=1,resizable=1,left=0,top=0');return false;\" style=\"background-position: -450px -120px \"><\/a>\r\n\t\t\t\t\t<\/li>\r\n\t\t\t\t\t\t\t\t\t\t<li class=\"none nobackground \" >\r\n\r\n\t\t\t\t\t\t\t\t\t\t\t\t<a id=\"backforunical4132\" href=\"http:\/\/widget.renren.com\/dialog\/share?resourceUrl=www.fabregat-perulles-sales.com\/actualidad\/wp-json\/wp\/v2\/posts\/4132&srcUrl=www.fabregat-perulles-sales.com\/actualidad\/wp-json\/wp\/v2\/posts\/4132&title=Medidas ante la DESOCUPACI\u00d3N PERMANENTE de viviendas &#8211; Decreto-Ley (CAT) 17\/2019, de 23 de diciembre, de Medidas Urgentes para mejorar el acceso a la vivienda\"  onclick=\"javascript:void window.open('http:\/\/widget.renren.com\/dialog\/share?resourceUrl=www.fabregat-perulles-sales.com\/actualidad\/wp-json\/wp\/v2\/posts\/4132&srcUrl=www.fabregat-perulles-sales.com\/actualidad\/wp-json\/wp\/v2\/posts\/4132&title=Medidas ante la DESOCUPACI\u00d3N PERMANENTE de viviendas &#8211; Decreto-Ley (CAT) 17\/2019, de 23 de diciembre, de Medidas Urgentes para mejorar el acceso a la vivienda','1410949501326','width=700,height=500,toolbar=0,menubar=0,location=0,status=1,scrollbars=1,resizable=1,left=0,top=0');return false;\" style=\"background-position: -480px -120px \"><\/a>\r\n\t\t\t\t\t<\/li>\r\n\t\t\t\t\t\t\t\t\t\t<li class=\"none nobackground \" >\r\n\r\n\t\t\t\t\t\t\t\t\t\t\t\t<a id=\"backforunical4132\" href=\"http:\/\/n4g.com\/tips?url=www.fabregat-perulles-sales.com\/actualidad\/wp-json\/wp\/v2\/posts\/4132&title=Medidas ante la DESOCUPACI\u00d3N PERMANENTE de viviendas &#8211; Decreto-Ley (CAT) 17\/2019, de 23 de diciembre, de Medidas Urgentes para mejorar el acceso a la vivienda\"  onclick=\"javascript:void window.open('http:\/\/n4g.com\/tips?url=www.fabregat-perulles-sales.com\/actualidad\/wp-json\/wp\/v2\/posts\/4132&title=Medidas ante la DESOCUPACI\u00d3N PERMANENTE de viviendas &#8211; Decreto-Ley (CAT) 17\/2019, de 23 de diciembre, de Medidas Urgentes para mejorar el acceso a la vivienda','1410949501326','width=700,height=500,toolbar=0,menubar=0,location=0,status=1,scrollbars=1,resizable=1,left=0,top=0');return false;\" style=\"background-position: -510px -120px \"><\/a>\r\n\t\t\t\t\t<\/li>\r\n\t\t\t\t\t\t\t\t<\/ul>\r\n\t\t\t<div class=\"clear\"><\/div>\r\n\t\t<\/div>\r\n\t\t","protected":false},"excerpt":{"rendered":"<p>1.- Concreci\u00f3n de la definici\u00f3n del concepto de vivienda vac\u00eda El DL 17\/2019 concreta la definici\u00f3n del concepto de vivienda vac\u00eda proporcionada por el art\u00edculo 3 de la Ley (Cat) 18\/2007, de 28 de diciembre, del derecho a la vivienda (en lo sucesivo, \u201cLey 18\/2007\u201d). Share This:<\/p>\n","protected":false},"author":3,"featured_media":0,"comment_status":"open","ping_status":"closed","sticky":false,"template":"","format":"standard","meta":[],"categories":[467,3,58,74],"tags":[1670,1664,1668,1590,1669],"yoast_head":"<!-- This site is optimized with the Yoast SEO plugin v20.2.1 - https:\/\/yoast.com\/wordpress\/plugins\/seo\/ -->\n<title>Desocupaci\u00f3n permanente de viviendas<\/title>\n<meta name=\"description\" content=\"Medidas ante la DESOCUPACI\u00d3N PERMANENTE de viviendas \u2013 Decreto-Ley (CAT) 17\/2019, de 23 de diciembre, de Medidas Urgentes para mejorar el acceso a la vivienda\" \/>\n<meta name=\"robots\" content=\"index, follow, max-snippet:-1, max-image-preview:large, max-video-preview:-1\" \/>\n<link rel=\"canonical\" href=\"https:\/\/www.fabregat-perulles-sales.com\/actualidad\/medidas-ante-la-desocupacion-permanente-de-viviendas-decreto-ley-cat-172019-de-23-de-diciembre-de-medidas-urgentes-para-mejorar-el-acceso-a-la-vivienda\/\" \/>\n<meta property=\"og:locale\" content=\"en_US\" \/>\n<meta property=\"og:type\" content=\"article\" \/>\n<meta property=\"og:title\" content=\"Desocupaci\u00f3n permanente de viviendas\" \/>\n<meta property=\"og:description\" content=\"Medidas ante la DESOCUPACI\u00d3N PERMANENTE de viviendas \u2013 Decreto-Ley (CAT) 17\/2019, de 23 de diciembre, de Medidas Urgentes para mejorar el acceso a la vivienda\" \/>\n<meta property=\"og:url\" content=\"https:\/\/www.fabregat-perulles-sales.com\/actualidad\/medidas-ante-la-desocupacion-permanente-de-viviendas-decreto-ley-cat-172019-de-23-de-diciembre-de-medidas-urgentes-para-mejorar-el-acceso-a-la-vivienda\/\" \/>\n<meta property=\"og:site_name\" content=\"International Lawyers\" \/>\n<meta property=\"article:published_time\" content=\"2020-01-16T16:12:43+00:00\" \/>\n<meta property=\"article:modified_time\" content=\"2020-02-27T15:18:09+00:00\" \/>\n<meta name=\"author\" content=\"Victor\" \/>\n<meta name=\"twitter:card\" content=\"summary_large_image\" \/>\n<meta name=\"twitter:label1\" content=\"Written by\" \/>\n\t<meta name=\"twitter:data1\" content=\"Victor\" \/>\n\t<meta name=\"twitter:label2\" content=\"Est. reading time\" \/>\n\t<meta name=\"twitter:data2\" content=\"8 minutes\" \/>\n<script type=\"application\/ld+json\" class=\"yoast-schema-graph\">{\"@context\":\"https:\/\/schema.org\",\"@graph\":[{\"@type\":\"WebPage\",\"@id\":\"https:\/\/www.fabregat-perulles-sales.com\/actualidad\/medidas-ante-la-desocupacion-permanente-de-viviendas-decreto-ley-cat-172019-de-23-de-diciembre-de-medidas-urgentes-para-mejorar-el-acceso-a-la-vivienda\/\",\"url\":\"https:\/\/www.fabregat-perulles-sales.com\/actualidad\/medidas-ante-la-desocupacion-permanente-de-viviendas-decreto-ley-cat-172019-de-23-de-diciembre-de-medidas-urgentes-para-mejorar-el-acceso-a-la-vivienda\/\",\"name\":\"Desocupaci\u00f3n permanente de viviendas\",\"isPartOf\":{\"@id\":\"https:\/\/www.fabregat-perulles-sales.com\/actualidad\/#website\"},\"datePublished\":\"2020-01-16T16:12:43+00:00\",\"dateModified\":\"2020-02-27T15:18:09+00:00\",\"author\":{\"@id\":\"https:\/\/www.fabregat-perulles-sales.com\/actualidad\/#\/schema\/person\/cabc1d68c7778f01d5e069c2d98442e3\"},\"description\":\"Medidas ante la DESOCUPACI\u00d3N PERMANENTE de viviendas \u2013 Decreto-Ley (CAT) 17\/2019, de 23 de diciembre, de Medidas Urgentes para mejorar el acceso a la vivienda\",\"breadcrumb\":{\"@id\":\"https:\/\/www.fabregat-perulles-sales.com\/actualidad\/medidas-ante-la-desocupacion-permanente-de-viviendas-decreto-ley-cat-172019-de-23-de-diciembre-de-medidas-urgentes-para-mejorar-el-acceso-a-la-vivienda\/#breadcrumb\"},\"inLanguage\":\"en-US\",\"potentialAction\":[{\"@type\":\"ReadAction\",\"target\":[\"https:\/\/www.fabregat-perulles-sales.com\/actualidad\/medidas-ante-la-desocupacion-permanente-de-viviendas-decreto-ley-cat-172019-de-23-de-diciembre-de-medidas-urgentes-para-mejorar-el-acceso-a-la-vivienda\/\"]}]},{\"@type\":\"BreadcrumbList\",\"@id\":\"https:\/\/www.fabregat-perulles-sales.com\/actualidad\/medidas-ante-la-desocupacion-permanente-de-viviendas-decreto-ley-cat-172019-de-23-de-diciembre-de-medidas-urgentes-para-mejorar-el-acceso-a-la-vivienda\/#breadcrumb\",\"itemListElement\":[{\"@type\":\"ListItem\",\"position\":1,\"name\":\"Home\",\"item\":\"https:\/\/www.fabregat-perulles-sales.com\/actualidad\/\"},{\"@type\":\"ListItem\",\"position\":2,\"name\":\"Medidas ante la DESOCUPACI\u00d3N PERMANENTE de viviendas &#8211; Decreto-Ley (CAT) 17\/2019, de 23 de diciembre, de Medidas Urgentes para mejorar el acceso a la vivienda\"}]},{\"@type\":\"WebSite\",\"@id\":\"https:\/\/www.fabregat-perulles-sales.com\/actualidad\/#website\",\"url\":\"https:\/\/www.fabregat-perulles-sales.com\/actualidad\/\",\"name\":\"www.fabregat-perulles-sales.com\",\"description\":\"Fabregat Perulles Sales Abogados is a law firm of reference international market in the Spanish-German, Spanish-French, and Spanish-Italian. Is one of the first firms in Barcelona offering a Russian Desk.\",\"potentialAction\":[{\"@type\":\"SearchAction\",\"target\":{\"@type\":\"EntryPoint\",\"urlTemplate\":\"https:\/\/www.fabregat-perulles-sales.com\/actualidad\/?s={search_term_string}\"},\"query-input\":\"required name=search_term_string\"}],\"inLanguage\":\"en-US\"},{\"@type\":\"Person\",\"@id\":\"https:\/\/www.fabregat-perulles-sales.com\/actualidad\/#\/schema\/person\/cabc1d68c7778f01d5e069c2d98442e3\",\"name\":\"Victor\",\"image\":{\"@type\":\"ImageObject\",\"inLanguage\":\"en-US\",\"@id\":\"https:\/\/www.fabregat-perulles-sales.com\/actualidad\/#\/schema\/person\/image\/\",\"url\":\"https:\/\/secure.gravatar.com\/avatar\/756cb666a964d2960ffe307b8a53b271?s=96&d=mm&r=g\",\"contentUrl\":\"https:\/\/secure.gravatar.com\/avatar\/756cb666a964d2960ffe307b8a53b271?s=96&d=mm&r=g\",\"caption\":\"Victor\"},\"sameAs\":[\"http:\/\/www.fabregat-perulles-sales.com\"],\"url\":\"https:\/\/www.fabregat-perulles-sales.com\/actualidad\/author\/victor\/\"}]}<\/script>\n<!-- \/ Yoast SEO plugin. -->","yoast_head_json":{"title":"Desocupaci\u00f3n permanente de viviendas","description":"Medidas ante la DESOCUPACI\u00d3N PERMANENTE de viviendas \u2013 Decreto-Ley (CAT) 17\/2019, de 23 de diciembre, de Medidas Urgentes para mejorar el acceso a la vivienda","robots":{"index":"index","follow":"follow","max-snippet":"max-snippet:-1","max-image-preview":"max-image-preview:large","max-video-preview":"max-video-preview:-1"},"canonical":"https:\/\/www.fabregat-perulles-sales.com\/actualidad\/medidas-ante-la-desocupacion-permanente-de-viviendas-decreto-ley-cat-172019-de-23-de-diciembre-de-medidas-urgentes-para-mejorar-el-acceso-a-la-vivienda\/","og_locale":"en_US","og_type":"article","og_title":"Desocupaci\u00f3n permanente de viviendas","og_description":"Medidas ante la DESOCUPACI\u00d3N PERMANENTE de viviendas \u2013 Decreto-Ley (CAT) 17\/2019, de 23 de diciembre, de Medidas Urgentes para mejorar el acceso a la vivienda","og_url":"https:\/\/www.fabregat-perulles-sales.com\/actualidad\/medidas-ante-la-desocupacion-permanente-de-viviendas-decreto-ley-cat-172019-de-23-de-diciembre-de-medidas-urgentes-para-mejorar-el-acceso-a-la-vivienda\/","og_site_name":"International Lawyers","article_published_time":"2020-01-16T16:12:43+00:00","article_modified_time":"2020-02-27T15:18:09+00:00","author":"Victor","twitter_card":"summary_large_image","twitter_misc":{"Written by":"Victor","Est. reading time":"8 minutes"},"schema":{"@context":"https:\/\/schema.org","@graph":[{"@type":"WebPage","@id":"https:\/\/www.fabregat-perulles-sales.com\/actualidad\/medidas-ante-la-desocupacion-permanente-de-viviendas-decreto-ley-cat-172019-de-23-de-diciembre-de-medidas-urgentes-para-mejorar-el-acceso-a-la-vivienda\/","url":"https:\/\/www.fabregat-perulles-sales.com\/actualidad\/medidas-ante-la-desocupacion-permanente-de-viviendas-decreto-ley-cat-172019-de-23-de-diciembre-de-medidas-urgentes-para-mejorar-el-acceso-a-la-vivienda\/","name":"Desocupaci\u00f3n permanente de viviendas","isPartOf":{"@id":"https:\/\/www.fabregat-perulles-sales.com\/actualidad\/#website"},"datePublished":"2020-01-16T16:12:43+00:00","dateModified":"2020-02-27T15:18:09+00:00","author":{"@id":"https:\/\/www.fabregat-perulles-sales.com\/actualidad\/#\/schema\/person\/cabc1d68c7778f01d5e069c2d98442e3"},"description":"Medidas ante la DESOCUPACI\u00d3N PERMANENTE de viviendas \u2013 Decreto-Ley (CAT) 17\/2019, de 23 de diciembre, de Medidas Urgentes para mejorar el acceso a la vivienda","breadcrumb":{"@id":"https:\/\/www.fabregat-perulles-sales.com\/actualidad\/medidas-ante-la-desocupacion-permanente-de-viviendas-decreto-ley-cat-172019-de-23-de-diciembre-de-medidas-urgentes-para-mejorar-el-acceso-a-la-vivienda\/#breadcrumb"},"inLanguage":"en-US","potentialAction":[{"@type":"ReadAction","target":["https:\/\/www.fabregat-perulles-sales.com\/actualidad\/medidas-ante-la-desocupacion-permanente-de-viviendas-decreto-ley-cat-172019-de-23-de-diciembre-de-medidas-urgentes-para-mejorar-el-acceso-a-la-vivienda\/"]}]},{"@type":"BreadcrumbList","@id":"https:\/\/www.fabregat-perulles-sales.com\/actualidad\/medidas-ante-la-desocupacion-permanente-de-viviendas-decreto-ley-cat-172019-de-23-de-diciembre-de-medidas-urgentes-para-mejorar-el-acceso-a-la-vivienda\/#breadcrumb","itemListElement":[{"@type":"ListItem","position":1,"name":"Home","item":"https:\/\/www.fabregat-perulles-sales.com\/actualidad\/"},{"@type":"ListItem","position":2,"name":"Medidas ante la DESOCUPACI\u00d3N PERMANENTE de viviendas &#8211; Decreto-Ley (CAT) 17\/2019, de 23 de diciembre, de Medidas Urgentes para mejorar el acceso a la vivienda"}]},{"@type":"WebSite","@id":"https:\/\/www.fabregat-perulles-sales.com\/actualidad\/#website","url":"https:\/\/www.fabregat-perulles-sales.com\/actualidad\/","name":"www.fabregat-perulles-sales.com","description":"Fabregat Perulles Sales Abogados is a law firm of reference international market in the Spanish-German, Spanish-French, and Spanish-Italian. Is one of the first firms in Barcelona offering a Russian Desk.","potentialAction":[{"@type":"SearchAction","target":{"@type":"EntryPoint","urlTemplate":"https:\/\/www.fabregat-perulles-sales.com\/actualidad\/?s={search_term_string}"},"query-input":"required name=search_term_string"}],"inLanguage":"en-US"},{"@type":"Person","@id":"https:\/\/www.fabregat-perulles-sales.com\/actualidad\/#\/schema\/person\/cabc1d68c7778f01d5e069c2d98442e3","name":"Victor","image":{"@type":"ImageObject","inLanguage":"en-US","@id":"https:\/\/www.fabregat-perulles-sales.com\/actualidad\/#\/schema\/person\/image\/","url":"https:\/\/secure.gravatar.com\/avatar\/756cb666a964d2960ffe307b8a53b271?s=96&d=mm&r=g","contentUrl":"https:\/\/secure.gravatar.com\/avatar\/756cb666a964d2960ffe307b8a53b271?s=96&d=mm&r=g","caption":"Victor"},"sameAs":["http:\/\/www.fabregat-perulles-sales.com"],"url":"https:\/\/www.fabregat-perulles-sales.com\/actualidad\/author\/victor\/"}]}},"amp_enabled":true,"_links":{"self":[{"href":"https:\/\/www.fabregat-perulles-sales.com\/actualidad\/wp-json\/wp\/v2\/posts\/4132"}],"collection":[{"href":"https:\/\/www.fabregat-perulles-sales.com\/actualidad\/wp-json\/wp\/v2\/posts"}],"about":[{"href":"https:\/\/www.fabregat-perulles-sales.com\/actualidad\/wp-json\/wp\/v2\/types\/post"}],"author":[{"embeddable":true,"href":"https:\/\/www.fabregat-perulles-sales.com\/actualidad\/wp-json\/wp\/v2\/users\/3"}],"replies":[{"embeddable":true,"href":"https:\/\/www.fabregat-perulles-sales.com\/actualidad\/wp-json\/wp\/v2\/comments?post=4132"}],"version-history":[{"count":8,"href":"https:\/\/www.fabregat-perulles-sales.com\/actualidad\/wp-json\/wp\/v2\/posts\/4132\/revisions"}],"predecessor-version":[{"id":4208,"href":"https:\/\/www.fabregat-perulles-sales.com\/actualidad\/wp-json\/wp\/v2\/posts\/4132\/revisions\/4208"}],"wp:attachment":[{"href":"https:\/\/www.fabregat-perulles-sales.com\/actualidad\/wp-json\/wp\/v2\/media?parent=4132"}],"wp:term":[{"taxonomy":"category","embeddable":true,"href":"https:\/\/www.fabregat-perulles-sales.com\/actualidad\/wp-json\/wp\/v2\/categories?post=4132"},{"taxonomy":"post_tag","embeddable":true,"href":"https:\/\/www.fabregat-perulles-sales.com\/actualidad\/wp-json\/wp\/v2\/tags?post=4132"}],"curies":[{"name":"wp","href":"https:\/\/api.w.org\/{rel}","templated":true}]}}