{"id":4120,"date":"2020-01-14T13:09:24","date_gmt":"2020-01-14T12:09:24","guid":{"rendered":"http:\/\/www.fabregat-perulles-sales.com\/actualidad\/?p=4120"},"modified":"2020-02-27T16:28:42","modified_gmt":"2020-02-27T15:28:42","slug":"medidas-referentes-a-los-alquileres-sociales-decreto-ley-cat-172019-de-23-de-diciembre-de-medidas-urgentes-para-mejorar-el-acceso-a-la-vivienda","status":"publish","type":"post","link":"https:\/\/www.fabregat-perulles-sales.com\/actualidad\/medidas-referentes-a-los-alquileres-sociales-decreto-ley-cat-172019-de-23-de-diciembre-de-medidas-urgentes-para-mejorar-el-acceso-a-la-vivienda\/","title":{"rendered":"Medidas referentes a los ALQUILERES SOCIALES &#8211; Decreto-Ley (CAT) 17\/2019, de 23 de diciembre, de Medidas Urgentes para mejorar el acceso a la vivienda"},"content":{"rendered":"<p><strong>1.- Extensi\u00f3n del concepto de grandes tenedores de viviendas <\/strong><\/p>\n<p>Hasta ahora, el art. 5.9 de la Ley (Cat) 24\/2015, de 29 de julio, de medidas urgentes para afrontar la emergencia en el \u00e1mbito de la vivienda y la pobreza energ\u00e9tica, se\u00f1alaba que deb\u00eda entenderse por gran tenedor de viviendas, a:<\/p>\n<p><!--more--><img decoding=\"async\" loading=\"lazy\" class=\"alignright wp-image-4128\" src=\"http:\/\/www.fabregat-perulles-sales.com\/actualidad\/wp-content\/uploads\/2020\/01\/building-home-construction-money-paper-cash-680069-pxhere.com_-300x196.jpg\" alt=\"\" width=\"321\" height=\"210\" srcset=\"https:\/\/www.fabregat-perulles-sales.com\/actualidad\/wp-content\/uploads\/2020\/01\/building-home-construction-money-paper-cash-680069-pxhere.com_-300x196.jpg 300w, https:\/\/www.fabregat-perulles-sales.com\/actualidad\/wp-content\/uploads\/2020\/01\/building-home-construction-money-paper-cash-680069-pxhere.com_-768x501.jpg 768w, https:\/\/www.fabregat-perulles-sales.com\/actualidad\/wp-content\/uploads\/2020\/01\/building-home-construction-money-paper-cash-680069-pxhere.com_-1024x668.jpg 1024w, https:\/\/www.fabregat-perulles-sales.com\/actualidad\/wp-content\/uploads\/2020\/01\/building-home-construction-money-paper-cash-680069-pxhere.com_-660x431.jpg 660w\" sizes=\"(max-width: 321px) 100vw, 321px\" \/><\/p>\n<ol>\n<li><strong>a)\u00a0<\/strong>Las entidades financieras, las filiales inmobiliarias de estas entidades, los fondos de inversi\u00f3n y las entidades de gesti\u00f3n de activos, incluidos los procedentes de la reestructuraci\u00f3n bancaria, de acuerdo con la legislaci\u00f3n mercantil.<\/li>\n<li><strong>b)\u00a0<\/strong>Las personas jur\u00eddicas que, por si solas o mediante un grupo de empresas, sean titulares de una superficie habitable de m\u00e1s de 1.250 m<sup>2<\/sup>, con las siguientes excepciones:<\/li>\n<\/ol>\n<p><strong>1\u00ba.\u00a0<\/strong>Los promotores sociales a los que se refieren las letras a y b del\u00a0<a href=\"http:\/\/noticias.juridicas.com\/base_datos\/CCAA\/ca-l18-2007.t4.html#I400\">art\u00edculo 51.2 de la Ley 18\/2007, de 28 de diciembre<\/a>, del derecho a la vivienda.<\/p>\n<p><strong>2\u00ba.\u00a0<\/strong>Las personas jur\u00eddicas que tengan m\u00e1s de un 15% de la superficie habitable de la propiedad cualificado como viviendas de protecci\u00f3n oficial destinadas a alquiler.<\/p>\n<p>El DL 17\/2019 extiende el concepto de gran tenedor, englobando a las siguientes \u2013en cursiva, las novedades-:<\/p>\n<ol>\n<li><strong>a)\u00a0<\/strong>Las entidades financieras, las filiales inmobiliarias de estas entidades, los fondos de inversi\u00f3n y las entidades de gesti\u00f3n de activos, incluidos los procedentes de la reestructuraci\u00f3n bancaria, de acuerdo con la legislaci\u00f3n mercantil.<\/li>\n<\/ol>\n<p><em>Tambi\u00e9n los fondos de capital riesgo y titulizaci\u00f3n de activos. <\/em><\/p>\n<ol>\n<li><strong>b)\u00a0<\/strong>Las personas <em>f\u00edsicas o<\/em> jur\u00eddicas que, por si solas o mediante un grupo de empresas, sean titulares de <em><span style=\"text-decoration: line-through;\">una superficie habitable de m\u00e1s de 1.250 m<sup>2<\/sup><\/span><\/em> <em>m\u00e1s de 15 viviendas<\/em>, con las siguientes excepciones:<\/li>\n<\/ol>\n<p><strong>1\u00ba.\u00a0<\/strong>Los promotores sociales a los que se refieren las letras a y b del\u00a0<a href=\"http:\/\/noticias.juridicas.com\/base_datos\/CCAA\/ca-l18-2007.t4.html#I400\">art\u00edculo 51.2 de la Ley 18\/2007, de 28 de diciembre<\/a>, del derecho a la vivienda.<\/p>\n<p><strong>2\u00ba.\u00a0<\/strong>Las personas <em>f\u00edsicas o<\/em> jur\u00eddicas que tengan m\u00e1s de un 15% de la superficie habitable de la propiedad cualificado como viviendas de protecci\u00f3n oficial destinadas a alquiler.<\/p>\n<p><strong>2.- Renovaci\u00f3n obligatoria de los contratos de alquiler social y extensi\u00f3n de su duraci\u00f3n m\u00ednima <\/strong><\/p>\n<p>El DL 17\/2019 regula la renovaci\u00f3n obligatoria, por una \u00fanica vez, de los contratos de alquiler social cuando, finalizada su duraci\u00f3n m\u00e1xima, los ocupantes se encuentren todav\u00eda dentro de los par\u00e1metros legales de exclusi\u00f3n residencial y as\u00ed lo acrediten. A tal efecto, el titular de la vivienda DEBE requerir a los afectados para que presenten la documentaci\u00f3n que lo corrobore con una antelaci\u00f3n de cuatro meses antes de la fecha de expiraci\u00f3n del contrato.<\/p>\n<p>La duraci\u00f3n m\u00ednima de \u00e9stos, al igual que regula la LAU, no podr\u00e1 ser inferior a 5 a\u00f1os si el titular de la vivienda es una persona f\u00edsica o 7 a\u00f1os si el titular es una persona jur\u00eddica (con anterioridad, el per\u00edodo era de 3 a\u00f1os).<\/p>\n<p><strong>3.- Extensi\u00f3n de supuestos en los que resulta obligatorio formular la \u201cpropuesta de alquiler social\u201d <\/strong><\/p>\n<p>El DL 17\/2019 ampl\u00eda las situaciones en las que resulta obligatorio formular una propuesta de alquiler social antes de interponer una demanda judicial, haci\u00e9ndose extensiva dicha obligaci\u00f3n por tanto, a:<\/p>\n<p>-Las acciones ejecutivas derivadas de la reclamaci\u00f3n de una deuda hipotecaria,<\/p>\n<p>-Las demandas judiciales de desahucio por impago de alquiler,<\/p>\n<p>-Las demandas de desahucio por vencimiento de la duraci\u00f3n del t\u00edtulo jur\u00eddico que habilita la ocupaci\u00f3n de la vivienda y<\/p>\n<p>-Las demandas de desahucio por falta de t\u00edtulo jur\u00eddico que habilite la ocupaci\u00f3n, siempre que concurran, en este \u00faltimo caso, las siguientes circunstancias:<\/p>\n<p style=\"padding-left: 30px;\">1.Que la vivienda se encuentre en la situaci\u00f3n de utilizaci\u00f3n an\u00f3mala.<\/p>\n<p style=\"padding-left: 30px;\">2.Que los ocupantes acrediten por cualquier medio admitido en derecho que la ocupaci\u00f3n sin t\u00edtulo se inici\u00f3, como m\u00ednimo, seis meses antes de la entrada en vigor del Decreto ley de medidas urgentes para mejorar el acceso a la vivienda.<\/p>\n<p style=\"padding-left: 30px;\">3.Que los ocupantes no hayan rechazado ninguna opci\u00f3n de realojamiento social en los \u00faltimos dos a\u00f1os ofrecida por cualquier Administraci\u00f3n p\u00fablica o por el demandante antes de interponer cualquier demanda judicial de ejecuci\u00f3n hipotecaria o de desahucio por impago de alquiler.<\/p>\n<p style=\"padding-left: 30px;\">4.Que los servicios municipales informen favorablemente sobre el cumplimiento, por parte de los ocupantes de los par\u00e1metros de riesgo de exclusi\u00f3n residencial y sobre el arraigo y la convivencia en el entorno vecinal.<\/p>\n<p>Esta obligaci\u00f3n nace incluso cuando los mencionados procedimientos judiciales se hayan iniciado con anterioridad a la entrada en vigor del Decreto ley de medidas urgentes para mejorar el acceso a la vivienda (recordemos, 31 diciembre 2019) y todav\u00eda est\u00e9n en tramitaci\u00f3n.<\/p>\n<p>El incumplimiento de la obligaci\u00f3n de ofrecer una propuesta de alquiler social <u>antes<\/u> de interponer alguna de las demandas arriba indicadas constituye una causa de incumplimiento de la funci\u00f3n social de la propiedad y se configura ahora como una infracci\u00f3n grave, sancionable con multa de 9.000.-\u20ac a 90.000.-\u20ac (o hasta el beneficio obtenido si \u00e9ste fuera mayor a 90.000.-\u20ac).<br \/>\nTambi\u00e9n constituye una infracci\u00f3n grave el formular la propuesta sin cumplir con los requisitos que debe reunir \u00e9sta<a href=\"#_ftn1\" name=\"_ftnref1\">[1]<\/a>.<\/p>\n<p>Las propuestas de alquiler social obligatorio deben de comunicarse a la Agencia de la Vivienda de Catalu\u00f1a, adem\u00e1s del ayuntamiento del municipio en el que se sit\u00faa la vivienda, en un plazo de <u>tres d\u00edas h\u00e1biles<\/u> desde su realizaci\u00f3n.<\/p>\n<p>&nbsp;<\/p>\n<p><a href=\"#_ftnref1\" name=\"_ftn1\">[1]<\/a> La propuesta pueda ser considerada de alquiler social debe cumplir los siguientes requisitos:<\/p>\n<ol>\n<li><strong>a)\u00a0<\/strong>Debe fijar rentas que garanticen que el esfuerzo por el pago del alquiler no supere el 10% de los ingresos ponderados de la unidad familiar, si est\u00e1n por debajo del 0,89 del indicador de renta de suficiencia (IRSC), o el 12% de los ingresos ponderados de la unidad familiar, si est\u00e1n por debajo del 0,95 del IRSC, o el 18% de los ingresos ponderados de la unidad familiar, si son iguales o superiores al 0,95 del IRSC.<\/li>\n<li><strong>b)\u00a0<\/strong>Debe ofrecer preferentemente la vivienda afectada por el procedimiento o, alternativamente, una vivienda ubicada dentro del mismo t\u00e9rmino municipal, salvo que se disponga de un informe de los servicios sociales municipales acreditativo de que el traslado a otro t\u00e9rmino municipal no afectar\u00e1 negativamente a la situaci\u00f3n de riesgo de exclusi\u00f3n residencial de la unidad familiar.<\/li>\n<li><strong>c)\u00a0<\/strong>Debe ser para un per\u00edodo de como m\u00ednimo cinco a\u00f1os si el arrendador es persona f\u00edsica y siete, si es persona jur\u00eddica.<\/li>\n<\/ol>\n<p>&nbsp;<\/p>\n<p>&nbsp;<\/p>\n\r\n\t\t<style>\r\n\t\t\t.huge-it-share-buttons {\r\n\t\t\t\tborder:0px solid #0FB5D6;\r\n\t\t\t\tborder-radius:5px;\r\n\t\t\t\tbackground:#3BD8FF;\r\n\t\t\t text-align:left; \t\t\t\t\t\t\t\t\t}\r\n\r\n\t\t\t#huge-it-share-buttons-top {margin-bottom:0px;}\r\n\t\t\t#huge-it-share-buttons-bottom {margin-top:0px;}\r\n\r\n\t\t\t.huge-it-share-buttons h3 {\r\n\t\t\t\tfont-size:25px ;\r\n\t\t\t\tfont-family:Arial,Helvetica Neue,Helvetica,sans-serif;\r\n\t\t\t\tcolor:#666666;\r\n\r\n\t\t\tdisplay:block;\t\t\t\tline-height:25px ;\r\n\r\n\t\t\t text-align:left; \t\t\t\t\t\t\t\t\t}\r\n\r\n\t\t\t.huge-it-share-buttons ul {\r\n\t\t\t float:left; \t\t\t\t\t\t\t\t\t}\r\n\r\n\t\t\t.huge-it-share-buttons ul li {\r\n\t\t\t\tmargin-left:3px;\r\n\t\t\t\tmargin-right:3px;\r\n\t\t\t\tpadding:0px;\r\n\t\t\t\tborder:0px ridge #E6354C;\r\n\t\t\t\tborder-radius:11px;\r\n\t\t\t\tbackground-color:#14CC9B;\r\n\t\t\t}\r\n\r\n\t\t\t.huge-it-share-buttons ul li #backforunical4120 {\r\n\t\t\t\tborder-bottom: 0;\r\n\t\t\t\tbackground-image:url('https:\/\/www.fabregat-perulles-sales.com\/actualidad\/wp-content\/plugins\/wp-share-buttons\/Front_end\/..\/images\/buttons.30.png');\r\n\t\t\t\twidth:30px;\r\n\t\t\t\theight:30px;\r\n\t\t\t}\r\n\r\n\t\t\t.front-shares-count {\r\n\t\t\t\tposition: absolute;\r\n\t\t\t\ttext-align: center;\r\n\t\t\t\tdisplay: block;\r\n\t\t\t}\r\n\r\n\t\t\t.shares_size20 .front-shares-count {\r\n\t\t\t\tfont-size: 10px;\r\n\t\t\t\ttop: 10px;\r\n\t\t\t\twidth: 20px;\r\n\t\t\t}\r\n\r\n\t\t\t.shares_size30 .front-shares-count {\r\n\t\t\t\tfont-size: 11px;\r\n\t\t\t\ttop: 15px;\r\n\t\t\t\twidth: 30px;\r\n\t\t\t}\r\n\r\n\t\t\t.shares_size40 .front-shares-count {\r\n\t\t\t\tfont-size: 12px;\r\n\t\t\t\ttop: 21px;\r\n\t\t\t\twidth: 40px;\r\n\t\t\t}\r\n\t\t<\/style>\r\n\t\t\r\n\t\t<div id=\"huge-it-share-buttons-top\" class=\"huge-it-share-buttons nobackground\">\r\n\t\t\t<h3>Share This:<\/h3>\r\n\t\t\t<ul class=\"huge-it-share-buttons-list \">\r\n\t\t\t\t\t\t\t\t\t<li class=\"nobackground \" >\r\n\r\n\t\t\t\t\t\t\t\t\t\t\t\t<a id=\"backforunical4120\" href=\"https:\/\/www.facebook.com\/sharer\/sharer.php?u=www.fabregat-perulles-sales.com\/actualidad\/wp-json\/wp\/v2\/posts\/4120\"  onclick=\"javascript:void window.open('https:\/\/www.facebook.com\/sharer\/sharer.php?u=www.fabregat-perulles-sales.com\/actualidad\/wp-json\/wp\/v2\/posts\/4120','1410949501326','width=700,height=500,toolbar=0,menubar=0,location=0,status=1,scrollbars=1,resizable=1,left=0,top=0');return false;\" style=\"background-position: -0px -120px \"><\/a>\r\n\t\t\t\t\t<\/li>\r\n\t\t\t\t\t\t\t\t\t\t<li class=\"nobackground \" >\r\n\r\n\t\t\t\t\t\t\t\t\t\t\t\t<a id=\"backforunical4120\" href=\"https:\/\/twitter.com\/share?status=www.fabregat-perulles-sales.com\/actualidad\/wp-json\/wp\/v2\/posts\/4120&text=Medidas referentes a los ALQUILERES SOCIALES &#8211; Decreto-Ley (CAT) 17\/2019, de 23 de diciembre, de Medidas Urgentes para mejorar el acceso a la vivienda\"  onclick=\"javascript:void window.open('https:\/\/twitter.com\/share?status=www.fabregat-perulles-sales.com\/actualidad\/wp-json\/wp\/v2\/posts\/4120&text=Medidas referentes a los ALQUILERES SOCIALES &#8211; Decreto-Ley (CAT) 17\/2019, de 23 de diciembre, de Medidas Urgentes para mejorar el acceso a la vivienda','1410949501326','width=700,height=500,toolbar=0,menubar=0,location=0,status=1,scrollbars=1,resizable=1,left=0,top=0');return false;\" style=\"background-position: -30px -120px \"><\/a>\r\n\t\t\t\t\t<\/li>\r\n\t\t\t\t\t\t\t\t\t\t<li class=\"none nobackground \" >\r\n\r\n\t\t\t\t\t\t\t\t\t\t\t\t<a id=\"backforunical4120\" href=\"http:\/\/www.pinterest.com\/pin\/create\/button\/?url=www.fabregat-perulles-sales.com\/actualidad\/wp-json\/wp\/v2\/posts\/4120&media=https:\/\/www.fabregat-perulles-sales.com\/actualidad\/wp-content\/plugins\/wp-share-buttons\/Front_end\/..\/images\/noimage.png&description=Medidas referentes a los ALQUILERES SOCIALES &#8211; Decreto-Ley (CAT) 17\/2019, de 23 de diciembre, de Medidas Urgentes para mejorar el acceso a la vivienda\"  onclick=\"javascript:void window.open('http:\/\/www.pinterest.com\/pin\/create\/button\/?url=www.fabregat-perulles-sales.com\/actualidad\/wp-json\/wp\/v2\/posts\/4120&media=https:\/\/www.fabregat-perulles-sales.com\/actualidad\/wp-content\/plugins\/wp-share-buttons\/Front_end\/..\/images\/noimage.png&description=Medidas referentes a los ALQUILERES SOCIALES &#8211; Decreto-Ley (CAT) 17\/2019, de 23 de diciembre, de Medidas Urgentes para mejorar el acceso a la vivienda','1410949501326','width=700,height=500,toolbar=0,menubar=0,location=0,status=1,scrollbars=1,resizable=1,left=0,top=0');return false;\" style=\"background-position: -60px -120px \"><\/a>\r\n\t\t\t\t\t<\/li>\r\n\t\t\t\t\t\t\t\t\t\t<li class=\"none nobackground \" >\r\n\r\n\t\t\t\t\t\t\t\t\t\t\t\t<a id=\"backforunical4120\" href=\"https:\/\/plus.google.com\/share?url=www.fabregat-perulles-sales.com\/actualidad\/wp-json\/wp\/v2\/posts\/4120\"  onclick=\"javascript:void window.open('https:\/\/plus.google.com\/share?url=www.fabregat-perulles-sales.com\/actualidad\/wp-json\/wp\/v2\/posts\/4120','1410949501326','width=700,height=500,toolbar=0,menubar=0,location=0,status=1,scrollbars=1,resizable=1,left=0,top=0');return false;\" style=\"background-position: -90px -120px \"><\/a>\r\n\t\t\t\t\t<\/li>\r\n\t\t\t\t\t\t\t\t\t\t<li class=\"nobackground \" >\r\n\r\n\t\t\t\t\t\t\t\t\t\t\t\t<a id=\"backforunical4120\" href=\"https:\/\/www.linkedin.com\/shareArticle?title=Medidas referentes a los ALQUILERES SOCIALES &#8211; Decreto-Ley (CAT) 17\/2019, de 23 de diciembre, de Medidas Urgentes para mejorar el acceso a la vivienda&mini=true&url=https:\/\/www.fabregat-perulles-sales.com\/actualidad\/wp-json\/wp\/v2\/posts\/4120\"  onclick=\"javascript:void window.open('https:\/\/www.linkedin.com\/shareArticle?title=Medidas referentes a los ALQUILERES SOCIALES &#8211; Decreto-Ley (CAT) 17\/2019, de 23 de diciembre, de Medidas Urgentes para mejorar el acceso a la vivienda&mini=true&url=https:\/\/www.fabregat-perulles-sales.com\/actualidad\/wp-json\/wp\/v2\/posts\/4120','1410949501326','width=700,height=500,toolbar=0,menubar=0,location=0,status=1,scrollbars=1,resizable=1,left=0,top=0');return false;\" style=\"background-position: -120px -120px \"><\/a>\r\n\t\t\t\t\t<\/li>\r\n\t\t\t\t\t\t\t\t\t\t<li class=\"none nobackground \" >\r\n\r\n\t\t\t\t\t\t\t\t\t\t\t\t<a id=\"backforunical4120\" href=\"https:\/\/www.tumblr.com\/share\/link?url=www.fabregat-perulles-sales.com\/actualidad\/wp-json\/wp\/v2\/posts\/4120&name=Medidas referentes a los ALQUILERES SOCIALES &#8211; Decreto-Ley (CAT) 17\/2019, de 23 de diciembre, de Medidas Urgentes para mejorar el acceso a la vivienda\"  onclick=\"javascript:void window.open('https:\/\/www.tumblr.com\/share\/link?url=www.fabregat-perulles-sales.com\/actualidad\/wp-json\/wp\/v2\/posts\/4120&name=Medidas referentes a los ALQUILERES SOCIALES &#8211; Decreto-Ley (CAT) 17\/2019, de 23 de diciembre, de Medidas Urgentes para mejorar el acceso a la vivienda','1410949501326','width=700,height=500,toolbar=0,menubar=0,location=0,status=1,scrollbars=1,resizable=1,left=0,top=0');return false;\" style=\"background-position: -150px -120px \"><\/a>\r\n\t\t\t\t\t<\/li>\r\n\t\t\t\t\t\t\t\t\t\t<li class=\"none nobackground \" >\r\n\r\n\t\t\t\t\t\t\t\t\t\t\t\t<a id=\"backforunical4120\" href=\"http:\/\/digg.com\/submit?phase=2&url=www.fabregat-perulles-sales.com\/actualidad\/wp-json\/wp\/v2\/posts\/4120&title=Medidas referentes a los ALQUILERES SOCIALES &#8211; Decreto-Ley (CAT) 17\/2019, de 23 de diciembre, de Medidas Urgentes para mejorar el acceso a la vivienda\"  onclick=\"javascript:void window.open('http:\/\/digg.com\/submit?phase=2&url=www.fabregat-perulles-sales.com\/actualidad\/wp-json\/wp\/v2\/posts\/4120&title=Medidas referentes a los ALQUILERES SOCIALES &#8211; Decreto-Ley (CAT) 17\/2019, de 23 de diciembre, de Medidas Urgentes para mejorar el acceso a la vivienda','1410949501326','width=700,height=500,toolbar=0,menubar=0,location=0,status=1,scrollbars=1,resizable=1,left=0,top=0');return false;\" style=\"background-position: -180px -120px \"><\/a>\r\n\t\t\t\t\t<\/li>\r\n\t\t\t\t\t\t\t\t\t\t<li class=\"none nobackground \" >\r\n\r\n\t\t\t\t\t\t\t\t\t\t\t\t<a id=\"backforunical4120\" href=\"http:\/\/www.stumbleupon.com\/submit?url=www.fabregat-perulles-sales.com\/actualidad\/wp-json\/wp\/v2\/posts\/4120&title=Medidas referentes a los ALQUILERES SOCIALES &#8211; Decreto-Ley (CAT) 17\/2019, de 23 de diciembre, de Medidas Urgentes para mejorar el acceso a la vivienda\"  onclick=\"javascript:void window.open('http:\/\/www.stumbleupon.com\/submit?url=www.fabregat-perulles-sales.com\/actualidad\/wp-json\/wp\/v2\/posts\/4120&title=Medidas referentes a los ALQUILERES SOCIALES &#8211; Decreto-Ley (CAT) 17\/2019, de 23 de diciembre, de Medidas Urgentes para mejorar el acceso a la vivienda','1410949501326','width=700,height=500,toolbar=0,menubar=0,location=0,status=1,scrollbars=1,resizable=1,left=0,top=0');return false;\" style=\"background-position: -210px -120px \"><\/a>\r\n\t\t\t\t\t<\/li>\r\n\t\t\t\t\t\t\t\t\t\t<li class=\"none nobackground \" >\r\n\r\n\t\t\t\t\t\t\t\t\t\t\t\t<a id=\"backforunical4120\" href=\"https:\/\/myspace.com\/post?l=3&u=www.fabregat-perulles-sales.com\/actualidad\/wp-json\/wp\/v2\/posts\/4120\"  onclick=\"javascript:void window.open('https:\/\/myspace.com\/post?l=3&u=www.fabregat-perulles-sales.com\/actualidad\/wp-json\/wp\/v2\/posts\/4120','1410949501326','width=700,height=500,toolbar=0,menubar=0,location=0,status=1,scrollbars=1,resizable=1,left=0,top=0');return false;\" style=\"background-position: -240px -120px \"><\/a>\r\n\t\t\t\t\t<\/li>\r\n\t\t\t\t\t\t\t\t\t\t<li class=\"nobackground \" >\r\n\r\n\t\t\t\t\t\t\t\t\t\t\t\t<a id=\"backforunical4120\" href=\"http:\/\/vk.com\/share.php?url=www.fabregat-perulles-sales.com\/actualidad\/wp-json\/wp\/v2\/posts\/4120&title=Medidas referentes a los ALQUILERES SOCIALES &#8211; Decreto-Ley (CAT) 17\/2019, de 23 de diciembre, de Medidas Urgentes para mejorar el acceso a la vivienda\"  onclick=\"javascript:void window.open('http:\/\/vk.com\/share.php?url=www.fabregat-perulles-sales.com\/actualidad\/wp-json\/wp\/v2\/posts\/4120&title=Medidas referentes a los ALQUILERES SOCIALES &#8211; Decreto-Ley (CAT) 17\/2019, de 23 de diciembre, de Medidas Urgentes para mejorar el acceso a la vivienda','1410949501326','width=700,height=500,toolbar=0,menubar=0,location=0,status=1,scrollbars=1,resizable=1,left=0,top=0');return false;\" style=\"background-position: -270px -120px \"><\/a>\r\n\t\t\t\t\t<\/li>\r\n\t\t\t\t\t\t\t\t\t\t<li class=\"none nobackground \" >\r\n\r\n\t\t\t\t\t\t\t\t\t\t\t\t<a id=\"backforunical4120\" href=\"http:\/\/www.reddit.com\/submit?url=www.fabregat-perulles-sales.com\/actualidad\/wp-json\/wp\/v2\/posts\/4120&title=Medidas referentes a los ALQUILERES SOCIALES &#8211; Decreto-Ley (CAT) 17\/2019, de 23 de diciembre, de Medidas Urgentes para mejorar el acceso a la vivienda\"  onclick=\"javascript:void window.open('http:\/\/www.reddit.com\/submit?url=www.fabregat-perulles-sales.com\/actualidad\/wp-json\/wp\/v2\/posts\/4120&title=Medidas referentes a los ALQUILERES SOCIALES &#8211; Decreto-Ley (CAT) 17\/2019, de 23 de diciembre, de Medidas Urgentes para mejorar el acceso a la vivienda','1410949501326','width=700,height=500,toolbar=0,menubar=0,location=0,status=1,scrollbars=1,resizable=1,left=0,top=0');return false;\" style=\"background-position: -300px -120px \"><\/a>\r\n\t\t\t\t\t<\/li>\r\n\t\t\t\t\t\t\t\t\t\t<li class=\"none nobackground \" >\r\n\r\n\t\t\t\t\t\t\t\t\t\t\t\t<a id=\"backforunical4120\" href=\"http:\/\/www.bebo.com\/c\/share?Url=www.fabregat-perulles-sales.com\/actualidad\/wp-json\/wp\/v2\/posts\/4120\"  onclick=\"javascript:void window.open('http:\/\/www.bebo.com\/c\/share?Url=www.fabregat-perulles-sales.com\/actualidad\/wp-json\/wp\/v2\/posts\/4120','1410949501326','width=700,height=500,toolbar=0,menubar=0,location=0,status=1,scrollbars=1,resizable=1,left=0,top=0');return false;\" style=\"background-position: -330px -120px \"><\/a>\r\n\t\t\t\t\t<\/li>\r\n\t\t\t\t\t\t\t\t\t\t<li class=\"none nobackground \" >\r\n\r\n\t\t\t\t\t\t\t\t\t\t\t\t<a id=\"backforunical4120\" href=\"https:\/\/delicious.com\/save?v=5&noui&jump=close&url=www.fabregat-perulles-sales.com\/actualidad\/wp-json\/wp\/v2\/posts\/4120&title=Medidas referentes a los ALQUILERES SOCIALES &#8211; Decreto-Ley (CAT) 17\/2019, de 23 de diciembre, de Medidas Urgentes para mejorar el acceso a la vivienda\"  onclick=\"javascript:void window.open('https:\/\/delicious.com\/save?v=5&noui&jump=close&url=www.fabregat-perulles-sales.com\/actualidad\/wp-json\/wp\/v2\/posts\/4120&title=Medidas referentes a los ALQUILERES SOCIALES &#8211; Decreto-Ley (CAT) 17\/2019, de 23 de diciembre, de Medidas Urgentes para mejorar el acceso a la vivienda','1410949501326','width=700,height=500,toolbar=0,menubar=0,location=0,status=1,scrollbars=1,resizable=1,left=0,top=0');return false;\" style=\"background-position: -360px -120px \"><\/a>\r\n\t\t\t\t\t<\/li>\r\n\t\t\t\t\t\t\t\t\t\t<li class=\"none nobackground \" >\r\n\r\n\t\t\t\t\t\t\t\t\t\t\t\t<a id=\"backforunical4120\" href=\"http:\/\/www.odnoklassniki.ru\/dk?st.cmd=addShare&st.s=2&st.noresize=on&st._surl=www.fabregat-perulles-sales.com\/actualidad\/wp-json\/wp\/v2\/posts\/4120\"  onclick=\"javascript:void window.open('http:\/\/www.odnoklassniki.ru\/dk?st.cmd=addShare&st.s=2&st.noresize=on&st._surl=www.fabregat-perulles-sales.com\/actualidad\/wp-json\/wp\/v2\/posts\/4120','1410949501326','width=700,height=500,toolbar=0,menubar=0,location=0,status=1,scrollbars=1,resizable=1,left=0,top=0');return false;\" style=\"background-position: -390px -120px \"><\/a>\r\n\t\t\t\t\t<\/li>\r\n\t\t\t\t\t\t\t\t\t\t<li class=\"none nobackground \" >\r\n\r\n\t\t\t\t\t\t\t\t\t\t\t\t<a id=\"backforunical4120\" href=\"http:\/\/sns.qzone.qq.com\/cgi-bin\/qzshare\/cgi_qzshare_onekey?url=www.fabregat-perulles-sales.com\/actualidad\/wp-json\/wp\/v2\/posts\/4120&title=Medidas referentes a los ALQUILERES SOCIALES &#8211; Decreto-Ley (CAT) 17\/2019, de 23 de diciembre, de Medidas Urgentes para mejorar el acceso a la vivienda\"  onclick=\"javascript:void window.open('http:\/\/sns.qzone.qq.com\/cgi-bin\/qzshare\/cgi_qzshare_onekey?url=www.fabregat-perulles-sales.com\/actualidad\/wp-json\/wp\/v2\/posts\/4120&title=Medidas referentes a los ALQUILERES SOCIALES &#8211; Decreto-Ley (CAT) 17\/2019, de 23 de diciembre, de Medidas Urgentes para mejorar el acceso a la vivienda','1410949501326','width=700,height=500,toolbar=0,menubar=0,location=0,status=1,scrollbars=1,resizable=1,left=0,top=0');return false;\" style=\"background-position: -420px -120px \"><\/a>\r\n\t\t\t\t\t<\/li>\r\n\t\t\t\t\t\t\t\t\t\t<li class=\"none nobackground \" >\r\n\r\n\t\t\t\t\t\t\t\t\t\t\t\t<a id=\"backforunical4120\" href=\"http:\/\/service.weibo.com\/share\/share.php?url=www.fabregat-perulles-sales.com\/actualidad\/wp-json\/wp\/v2\/posts\/4120&appkey=&title=Medidas referentes a los ALQUILERES SOCIALES &#8211; Decreto-Ley (CAT) 17\/2019, de 23 de diciembre, de Medidas Urgentes para mejorar el acceso a la vivienda&pic=&ralateUid=&\"  onclick=\"javascript:void window.open('http:\/\/service.weibo.com\/share\/share.php?url=www.fabregat-perulles-sales.com\/actualidad\/wp-json\/wp\/v2\/posts\/4120&appkey=&title=Medidas referentes a los ALQUILERES SOCIALES &#8211; Decreto-Ley (CAT) 17\/2019, de 23 de diciembre, de Medidas Urgentes para mejorar el acceso a la vivienda&pic=&ralateUid=&','1410949501326','width=700,height=500,toolbar=0,menubar=0,location=0,status=1,scrollbars=1,resizable=1,left=0,top=0');return false;\" style=\"background-position: -450px -120px \"><\/a>\r\n\t\t\t\t\t<\/li>\r\n\t\t\t\t\t\t\t\t\t\t<li class=\"none nobackground \" >\r\n\r\n\t\t\t\t\t\t\t\t\t\t\t\t<a id=\"backforunical4120\" href=\"http:\/\/widget.renren.com\/dialog\/share?resourceUrl=www.fabregat-perulles-sales.com\/actualidad\/wp-json\/wp\/v2\/posts\/4120&srcUrl=www.fabregat-perulles-sales.com\/actualidad\/wp-json\/wp\/v2\/posts\/4120&title=Medidas referentes a los ALQUILERES SOCIALES &#8211; Decreto-Ley (CAT) 17\/2019, de 23 de diciembre, de Medidas Urgentes para mejorar el acceso a la vivienda\"  onclick=\"javascript:void window.open('http:\/\/widget.renren.com\/dialog\/share?resourceUrl=www.fabregat-perulles-sales.com\/actualidad\/wp-json\/wp\/v2\/posts\/4120&srcUrl=www.fabregat-perulles-sales.com\/actualidad\/wp-json\/wp\/v2\/posts\/4120&title=Medidas referentes a los ALQUILERES SOCIALES &#8211; Decreto-Ley (CAT) 17\/2019, de 23 de diciembre, de Medidas Urgentes para mejorar el acceso a la vivienda','1410949501326','width=700,height=500,toolbar=0,menubar=0,location=0,status=1,scrollbars=1,resizable=1,left=0,top=0');return false;\" style=\"background-position: -480px -120px \"><\/a>\r\n\t\t\t\t\t<\/li>\r\n\t\t\t\t\t\t\t\t\t\t<li class=\"none nobackground \" >\r\n\r\n\t\t\t\t\t\t\t\t\t\t\t\t<a id=\"backforunical4120\" href=\"http:\/\/n4g.com\/tips?url=www.fabregat-perulles-sales.com\/actualidad\/wp-json\/wp\/v2\/posts\/4120&title=Medidas referentes a los ALQUILERES SOCIALES &#8211; Decreto-Ley (CAT) 17\/2019, de 23 de diciembre, de Medidas Urgentes para mejorar el acceso a la vivienda\"  onclick=\"javascript:void window.open('http:\/\/n4g.com\/tips?url=www.fabregat-perulles-sales.com\/actualidad\/wp-json\/wp\/v2\/posts\/4120&title=Medidas referentes a los ALQUILERES SOCIALES &#8211; Decreto-Ley (CAT) 17\/2019, de 23 de diciembre, de Medidas Urgentes para mejorar el acceso a la vivienda','1410949501326','width=700,height=500,toolbar=0,menubar=0,location=0,status=1,scrollbars=1,resizable=1,left=0,top=0');return false;\" style=\"background-position: -510px -120px \"><\/a>\r\n\t\t\t\t\t<\/li>\r\n\t\t\t\t\t\t\t\t<\/ul>\r\n\t\t\t<div class=\"clear\"><\/div>\r\n\t\t<\/div>\r\n\t\t","protected":false},"excerpt":{"rendered":"<p>1.- Extensi\u00f3n del concepto de grandes tenedores de viviendas Hasta ahora, el art. 5.9 de la Ley (Cat) 24\/2015, de 29 de julio, de medidas urgentes para afrontar la emergencia en el \u00e1mbito de la vivienda y la pobreza energ\u00e9tica, se\u00f1alaba que deb\u00eda entenderse por gran tenedor de viviendas, a: Share This:<\/p>\n","protected":false},"author":3,"featured_media":0,"comment_status":"open","ping_status":"closed","sticky":false,"template":"","format":"standard","meta":[],"categories":[467,3,58,74],"tags":[1664,1666,1667,1665,318,832,824],"yoast_head":"<!-- This site is optimized with the Yoast SEO plugin v20.2.1 - https:\/\/yoast.com\/wordpress\/plugins\/seo\/ -->\n<title>Alquileres sociales<\/title>\n<meta name=\"description\" content=\"Medidas referentes a los ALQUILERES SOCIALES \u2013 Decreto-Ley (CAT) 17\/2019, de 23 de diciembre, de Medidas Urgentes para mejorar el acceso a la vivienda\" \/>\n<meta name=\"robots\" content=\"index, follow, max-snippet:-1, max-image-preview:large, max-video-preview:-1\" \/>\n<link rel=\"canonical\" href=\"https:\/\/www.fabregat-perulles-sales.com\/actualidad\/medidas-referentes-a-los-alquileres-sociales-decreto-ley-cat-172019-de-23-de-diciembre-de-medidas-urgentes-para-mejorar-el-acceso-a-la-vivienda\/\" \/>\n<meta property=\"og:locale\" content=\"en_US\" \/>\n<meta property=\"og:type\" content=\"article\" \/>\n<meta property=\"og:title\" content=\"Alquileres sociales\" \/>\n<meta property=\"og:description\" content=\"Medidas referentes a los ALQUILERES SOCIALES \u2013 Decreto-Ley (CAT) 17\/2019, de 23 de diciembre, de Medidas Urgentes para mejorar el acceso a la vivienda\" \/>\n<meta property=\"og:url\" content=\"https:\/\/www.fabregat-perulles-sales.com\/actualidad\/medidas-referentes-a-los-alquileres-sociales-decreto-ley-cat-172019-de-23-de-diciembre-de-medidas-urgentes-para-mejorar-el-acceso-a-la-vivienda\/\" \/>\n<meta property=\"og:site_name\" content=\"International Lawyers\" \/>\n<meta property=\"article:published_time\" content=\"2020-01-14T12:09:24+00:00\" \/>\n<meta property=\"article:modified_time\" content=\"2020-02-27T15:28:42+00:00\" \/>\n<meta property=\"og:image\" content=\"http:\/\/www.fabregat-perulles-sales.com\/actualidad\/wp-content\/uploads\/2020\/01\/building-home-construction-money-paper-cash-680069-pxhere.com_-300x196.jpg\" \/>\n<meta name=\"author\" content=\"Victor\" \/>\n<meta name=\"twitter:card\" content=\"summary_large_image\" \/>\n<meta name=\"twitter:label1\" content=\"Written by\" \/>\n\t<meta name=\"twitter:data1\" content=\"Victor\" \/>\n\t<meta name=\"twitter:label2\" content=\"Est. reading time\" \/>\n\t<meta name=\"twitter:data2\" content=\"5 minutes\" \/>\n<script type=\"application\/ld+json\" class=\"yoast-schema-graph\">{\"@context\":\"https:\/\/schema.org\",\"@graph\":[{\"@type\":\"WebPage\",\"@id\":\"https:\/\/www.fabregat-perulles-sales.com\/actualidad\/medidas-referentes-a-los-alquileres-sociales-decreto-ley-cat-172019-de-23-de-diciembre-de-medidas-urgentes-para-mejorar-el-acceso-a-la-vivienda\/\",\"url\":\"https:\/\/www.fabregat-perulles-sales.com\/actualidad\/medidas-referentes-a-los-alquileres-sociales-decreto-ley-cat-172019-de-23-de-diciembre-de-medidas-urgentes-para-mejorar-el-acceso-a-la-vivienda\/\",\"name\":\"Alquileres sociales\",\"isPartOf\":{\"@id\":\"https:\/\/www.fabregat-perulles-sales.com\/actualidad\/#website\"},\"datePublished\":\"2020-01-14T12:09:24+00:00\",\"dateModified\":\"2020-02-27T15:28:42+00:00\",\"author\":{\"@id\":\"https:\/\/www.fabregat-perulles-sales.com\/actualidad\/#\/schema\/person\/cabc1d68c7778f01d5e069c2d98442e3\"},\"description\":\"Medidas referentes a los ALQUILERES SOCIALES \u2013 Decreto-Ley (CAT) 17\/2019, de 23 de diciembre, de Medidas Urgentes para mejorar el acceso a la vivienda\",\"breadcrumb\":{\"@id\":\"https:\/\/www.fabregat-perulles-sales.com\/actualidad\/medidas-referentes-a-los-alquileres-sociales-decreto-ley-cat-172019-de-23-de-diciembre-de-medidas-urgentes-para-mejorar-el-acceso-a-la-vivienda\/#breadcrumb\"},\"inLanguage\":\"en-US\",\"potentialAction\":[{\"@type\":\"ReadAction\",\"target\":[\"https:\/\/www.fabregat-perulles-sales.com\/actualidad\/medidas-referentes-a-los-alquileres-sociales-decreto-ley-cat-172019-de-23-de-diciembre-de-medidas-urgentes-para-mejorar-el-acceso-a-la-vivienda\/\"]}]},{\"@type\":\"BreadcrumbList\",\"@id\":\"https:\/\/www.fabregat-perulles-sales.com\/actualidad\/medidas-referentes-a-los-alquileres-sociales-decreto-ley-cat-172019-de-23-de-diciembre-de-medidas-urgentes-para-mejorar-el-acceso-a-la-vivienda\/#breadcrumb\",\"itemListElement\":[{\"@type\":\"ListItem\",\"position\":1,\"name\":\"Home\",\"item\":\"https:\/\/www.fabregat-perulles-sales.com\/actualidad\/\"},{\"@type\":\"ListItem\",\"position\":2,\"name\":\"Medidas referentes a los ALQUILERES SOCIALES &#8211; Decreto-Ley (CAT) 17\/2019, de 23 de diciembre, de Medidas Urgentes para mejorar el acceso a la vivienda\"}]},{\"@type\":\"WebSite\",\"@id\":\"https:\/\/www.fabregat-perulles-sales.com\/actualidad\/#website\",\"url\":\"https:\/\/www.fabregat-perulles-sales.com\/actualidad\/\",\"name\":\"www.fabregat-perulles-sales.com\",\"description\":\"Fabregat Perulles Sales Abogados is a law firm of reference international market in the Spanish-German, Spanish-French, and Spanish-Italian. Is one of the first firms in Barcelona offering a Russian Desk.\",\"potentialAction\":[{\"@type\":\"SearchAction\",\"target\":{\"@type\":\"EntryPoint\",\"urlTemplate\":\"https:\/\/www.fabregat-perulles-sales.com\/actualidad\/?s={search_term_string}\"},\"query-input\":\"required name=search_term_string\"}],\"inLanguage\":\"en-US\"},{\"@type\":\"Person\",\"@id\":\"https:\/\/www.fabregat-perulles-sales.com\/actualidad\/#\/schema\/person\/cabc1d68c7778f01d5e069c2d98442e3\",\"name\":\"Victor\",\"image\":{\"@type\":\"ImageObject\",\"inLanguage\":\"en-US\",\"@id\":\"https:\/\/www.fabregat-perulles-sales.com\/actualidad\/#\/schema\/person\/image\/\",\"url\":\"https:\/\/secure.gravatar.com\/avatar\/756cb666a964d2960ffe307b8a53b271?s=96&d=mm&r=g\",\"contentUrl\":\"https:\/\/secure.gravatar.com\/avatar\/756cb666a964d2960ffe307b8a53b271?s=96&d=mm&r=g\",\"caption\":\"Victor\"},\"sameAs\":[\"http:\/\/www.fabregat-perulles-sales.com\"],\"url\":\"https:\/\/www.fabregat-perulles-sales.com\/actualidad\/author\/victor\/\"}]}<\/script>\n<!-- \/ Yoast SEO plugin. -->","yoast_head_json":{"title":"Alquileres sociales","description":"Medidas referentes a los ALQUILERES SOCIALES \u2013 Decreto-Ley (CAT) 17\/2019, de 23 de diciembre, de Medidas Urgentes para mejorar el acceso a la vivienda","robots":{"index":"index","follow":"follow","max-snippet":"max-snippet:-1","max-image-preview":"max-image-preview:large","max-video-preview":"max-video-preview:-1"},"canonical":"https:\/\/www.fabregat-perulles-sales.com\/actualidad\/medidas-referentes-a-los-alquileres-sociales-decreto-ley-cat-172019-de-23-de-diciembre-de-medidas-urgentes-para-mejorar-el-acceso-a-la-vivienda\/","og_locale":"en_US","og_type":"article","og_title":"Alquileres sociales","og_description":"Medidas referentes a los ALQUILERES SOCIALES \u2013 Decreto-Ley (CAT) 17\/2019, de 23 de diciembre, de Medidas Urgentes para mejorar el acceso a la vivienda","og_url":"https:\/\/www.fabregat-perulles-sales.com\/actualidad\/medidas-referentes-a-los-alquileres-sociales-decreto-ley-cat-172019-de-23-de-diciembre-de-medidas-urgentes-para-mejorar-el-acceso-a-la-vivienda\/","og_site_name":"International Lawyers","article_published_time":"2020-01-14T12:09:24+00:00","article_modified_time":"2020-02-27T15:28:42+00:00","og_image":[{"url":"http:\/\/www.fabregat-perulles-sales.com\/actualidad\/wp-content\/uploads\/2020\/01\/building-home-construction-money-paper-cash-680069-pxhere.com_-300x196.jpg"}],"author":"Victor","twitter_card":"summary_large_image","twitter_misc":{"Written by":"Victor","Est. reading time":"5 minutes"},"schema":{"@context":"https:\/\/schema.org","@graph":[{"@type":"WebPage","@id":"https:\/\/www.fabregat-perulles-sales.com\/actualidad\/medidas-referentes-a-los-alquileres-sociales-decreto-ley-cat-172019-de-23-de-diciembre-de-medidas-urgentes-para-mejorar-el-acceso-a-la-vivienda\/","url":"https:\/\/www.fabregat-perulles-sales.com\/actualidad\/medidas-referentes-a-los-alquileres-sociales-decreto-ley-cat-172019-de-23-de-diciembre-de-medidas-urgentes-para-mejorar-el-acceso-a-la-vivienda\/","name":"Alquileres sociales","isPartOf":{"@id":"https:\/\/www.fabregat-perulles-sales.com\/actualidad\/#website"},"datePublished":"2020-01-14T12:09:24+00:00","dateModified":"2020-02-27T15:28:42+00:00","author":{"@id":"https:\/\/www.fabregat-perulles-sales.com\/actualidad\/#\/schema\/person\/cabc1d68c7778f01d5e069c2d98442e3"},"description":"Medidas referentes a los ALQUILERES SOCIALES \u2013 Decreto-Ley (CAT) 17\/2019, de 23 de diciembre, de Medidas Urgentes para mejorar el acceso a la vivienda","breadcrumb":{"@id":"https:\/\/www.fabregat-perulles-sales.com\/actualidad\/medidas-referentes-a-los-alquileres-sociales-decreto-ley-cat-172019-de-23-de-diciembre-de-medidas-urgentes-para-mejorar-el-acceso-a-la-vivienda\/#breadcrumb"},"inLanguage":"en-US","potentialAction":[{"@type":"ReadAction","target":["https:\/\/www.fabregat-perulles-sales.com\/actualidad\/medidas-referentes-a-los-alquileres-sociales-decreto-ley-cat-172019-de-23-de-diciembre-de-medidas-urgentes-para-mejorar-el-acceso-a-la-vivienda\/"]}]},{"@type":"BreadcrumbList","@id":"https:\/\/www.fabregat-perulles-sales.com\/actualidad\/medidas-referentes-a-los-alquileres-sociales-decreto-ley-cat-172019-de-23-de-diciembre-de-medidas-urgentes-para-mejorar-el-acceso-a-la-vivienda\/#breadcrumb","itemListElement":[{"@type":"ListItem","position":1,"name":"Home","item":"https:\/\/www.fabregat-perulles-sales.com\/actualidad\/"},{"@type":"ListItem","position":2,"name":"Medidas referentes a los ALQUILERES SOCIALES &#8211; Decreto-Ley (CAT) 17\/2019, de 23 de diciembre, de Medidas Urgentes para mejorar el acceso a la vivienda"}]},{"@type":"WebSite","@id":"https:\/\/www.fabregat-perulles-sales.com\/actualidad\/#website","url":"https:\/\/www.fabregat-perulles-sales.com\/actualidad\/","name":"www.fabregat-perulles-sales.com","description":"Fabregat Perulles Sales Abogados is a law firm of reference international market in the Spanish-German, Spanish-French, and Spanish-Italian. Is one of the first firms in Barcelona offering a Russian Desk.","potentialAction":[{"@type":"SearchAction","target":{"@type":"EntryPoint","urlTemplate":"https:\/\/www.fabregat-perulles-sales.com\/actualidad\/?s={search_term_string}"},"query-input":"required name=search_term_string"}],"inLanguage":"en-US"},{"@type":"Person","@id":"https:\/\/www.fabregat-perulles-sales.com\/actualidad\/#\/schema\/person\/cabc1d68c7778f01d5e069c2d98442e3","name":"Victor","image":{"@type":"ImageObject","inLanguage":"en-US","@id":"https:\/\/www.fabregat-perulles-sales.com\/actualidad\/#\/schema\/person\/image\/","url":"https:\/\/secure.gravatar.com\/avatar\/756cb666a964d2960ffe307b8a53b271?s=96&d=mm&r=g","contentUrl":"https:\/\/secure.gravatar.com\/avatar\/756cb666a964d2960ffe307b8a53b271?s=96&d=mm&r=g","caption":"Victor"},"sameAs":["http:\/\/www.fabregat-perulles-sales.com"],"url":"https:\/\/www.fabregat-perulles-sales.com\/actualidad\/author\/victor\/"}]}},"amp_enabled":true,"_links":{"self":[{"href":"https:\/\/www.fabregat-perulles-sales.com\/actualidad\/wp-json\/wp\/v2\/posts\/4120"}],"collection":[{"href":"https:\/\/www.fabregat-perulles-sales.com\/actualidad\/wp-json\/wp\/v2\/posts"}],"about":[{"href":"https:\/\/www.fabregat-perulles-sales.com\/actualidad\/wp-json\/wp\/v2\/types\/post"}],"author":[{"embeddable":true,"href":"https:\/\/www.fabregat-perulles-sales.com\/actualidad\/wp-json\/wp\/v2\/users\/3"}],"replies":[{"embeddable":true,"href":"https:\/\/www.fabregat-perulles-sales.com\/actualidad\/wp-json\/wp\/v2\/comments?post=4120"}],"version-history":[{"count":12,"href":"https:\/\/www.fabregat-perulles-sales.com\/actualidad\/wp-json\/wp\/v2\/posts\/4120\/revisions"}],"predecessor-version":[{"id":4210,"href":"https:\/\/www.fabregat-perulles-sales.com\/actualidad\/wp-json\/wp\/v2\/posts\/4120\/revisions\/4210"}],"wp:attachment":[{"href":"https:\/\/www.fabregat-perulles-sales.com\/actualidad\/wp-json\/wp\/v2\/media?parent=4120"}],"wp:term":[{"taxonomy":"category","embeddable":true,"href":"https:\/\/www.fabregat-perulles-sales.com\/actualidad\/wp-json\/wp\/v2\/categories?post=4120"},{"taxonomy":"post_tag","embeddable":true,"href":"https:\/\/www.fabregat-perulles-sales.com\/actualidad\/wp-json\/wp\/v2\/tags?post=4120"}],"curies":[{"name":"wp","href":"https:\/\/api.w.org\/{rel}","templated":true}]}}