{"id":3812,"date":"2019-03-26T11:42:48","date_gmt":"2019-03-26T10:42:48","guid":{"rendered":"http:\/\/www.fabregat-perulles-sales.com\/actualidad\/?p=3812"},"modified":"2020-02-28T13:37:51","modified_gmt":"2020-02-28T12:37:51","slug":"eu-verordnung-2019452-des-europaischen-parlamentes-und-des-rates-vom-19-marz-2019-zur-schaffung-eines-rahmens-fur-die-uberprufung-auslandischer-direktinvestitionen-in-der-union","status":"publish","type":"post","link":"https:\/\/www.fabregat-perulles-sales.com\/actualidad\/eu-verordnung-2019452-des-europaischen-parlamentes-und-des-rates-vom-19-marz-2019-zur-schaffung-eines-rahmens-fur-die-uberprufung-auslandischer-direktinvestitionen-in-der-union\/","title":{"rendered":"EU VERORDNUNG 2019\/452 des Europ\u00e4ischen Parlamentes und des Rates vom 19. M\u00e4rz 2019 zur Schaffung eines Rahmens f\u00fcr die \u00dcberpr\u00fcfung ausl\u00e4ndischer Direktinvestitionen in der Union"},"content":{"rendered":"<p>Am 19. M\u00e4rz 2019 haben das Europ\u00e4ische Parlament und der Rat der Europ\u00e4ischen Union <a href=\"https:\/\/eur-lex.europa.eu\/legal-content\/DE\/TXT\/?uri=uriserv%3AOJ.L_.2017.117.01.0001.01.DEU\" target=\"_blank\" rel=\"noopener noreferrer\">die Verordnung (EU) 2019\/452<\/a> erlassen, um einen Rahmen f\u00fcr die Pr\u00fcfung ausl\u00e4ndischer Direktinvestitionen in der Union zu schaffen. Die neue Verordnung tritt am 8. April 2019 in Kraft und gilt ab dem 11. Oktober 2020.<\/p>\n<p><!--more--><\/p>\n<p>Ziel der Verordnung ist es, den Mitgliedstaaten Rechtssicherheit in Bezug auf ihre \u00dcberpr\u00fcfungsmechanismen zu bieten und eine unionsweite Koordinierung und <img decoding=\"async\" loading=\"lazy\" class=\"alignright wp-image-3802\" src=\"http:\/\/www.fabregat-perulles-sales.com\/actualidad\/wp-content\/uploads\/2019\/03\/dollar-euro-dinero-abogados-espanol-300x200.jpg\" alt=\"European Union, Regulation, Foreign Direct Investment\" width=\"230\" height=\"153\" srcset=\"https:\/\/www.fabregat-perulles-sales.com\/actualidad\/wp-content\/uploads\/2019\/03\/dollar-euro-dinero-abogados-espanol-300x200.jpg 300w, https:\/\/www.fabregat-perulles-sales.com\/actualidad\/wp-content\/uploads\/2019\/03\/dollar-euro-dinero-abogados-espanol-768x512.jpg 768w, https:\/\/www.fabregat-perulles-sales.com\/actualidad\/wp-content\/uploads\/2019\/03\/dollar-euro-dinero-abogados-espanol-660x440.jpg 660w, https:\/\/www.fabregat-perulles-sales.com\/actualidad\/wp-content\/uploads\/2019\/03\/dollar-euro-dinero-abogados-espanol.jpg 960w\" sizes=\"(max-width: 230px) 100vw, 230px\" \/>Zusammenarbeit bei der \u00dcberpr\u00fcfung ausl\u00e4ndischer Direktinvestitionen zu gew\u00e4hrleisten, die den Anschein erwecken, negative Auswirkungen auf die Sicherheit oder die \u00f6ffentliche Ordnung als Folge zu haben. Dies ist nicht nur notwendig, um mit den gro\u00dfen Handelspartnern der Union, die solche Rahmenbedingungen bereits entwickelt haben, Schritt zu halten, sondern auch, um das Wachstum der Union weiterhin zu gew\u00e4hrleisten (vgl. Pr\u00e4ambel).<\/p>\n<p><!--more--><\/p>\n<p>W\u00e4hrend die Verordnung eine Rahmenstruktur darstellt, in der die Mitgliedstaaten ausl\u00e4ndische Investitionen, sowie die daf\u00fcr angewendeten Leitlinien, wie entsprechende Mechanismen umgesetzt werden k\u00f6nnen, bleibt den EU-Mitgliedstaaten jedoch die eigenst\u00e4ndige Befugnis, den Charakter ausl\u00e4ndischer Direktinvestitionen zu \u00fcberpr\u00fcfen und zu differenzieren. Jeder Mitgliedstaat tr\u00e4gt nach wie vor die volle Verantwortung f\u00fcr seine eigene nationale Sicherheit, wie in <a href=\"https:\/\/dejure.org\/gesetze\/EU\/4.html\" target=\"_blank\" rel=\"noopener noreferrer\">Artikel 4 Absatz 2 des Vertrags \u00fcber die Europ\u00e4ische Union (EUV)<\/a> festgelegt ist, und beh\u00e4lt dar\u00fcber hinaus sein nationales Recht auf Schutz seiner Sicherheitsinteressen gem\u00e4\u00df <a href=\"https:\/\/dejure.org\/gesetze\/AEUV\/346.html\" target=\"_blank\" rel=\"noopener noreferrer\">Artikel 346 des Vertrags \u00fcber die Arbeitsweise der Europ\u00e4ischen Union (AEUV).<\/a><\/p>\n<p>Um die Mitgliedstaaten und die Kommission bei der Anwendung der Verordnung zu unterst\u00fctzen, enth\u00e4lt die neue Verordnung eine Liste von Faktoren, die bei der Entscheidung, ob eine ausl\u00e4ndische Direktinvestition die Sicherheit und die \u00f6ffentliche Ordnung beeintr\u00e4chtigen k\u00f6nnte, ber\u00fccksichtigt werden k\u00f6nnten.<\/p>\n<p>Artikel 4 Absatz. 1 nennt diese Faktoren wie folgt: a) kritische Infrastrukturen, ob physisch oder virtuell (z.B. Energie, Verkehr, Wasser, Gesundheit, Kommunikation, Medien, Datenverarbeitung oder -speicherung, Luft- und Raumfahrt, Verteidigung, Wahl- oder Finanzinfrastruktur, sensible Einrichtungen, sowie Investitionen in Grundst\u00fccke und Immobilien, die f\u00fcr die Nutzung dieser Infrastrukturen von entscheidender Bedeutung sind); b) kritische Technologien und G\u00fcter mit doppeltem Verwendungszweck im Sinne des Artikel 2 Nummer 1 der Verordnung (EG) Nr. 428\/2009 des Rates (einschlie\u00dflich k\u00fcnstlicher Intelligenz, Robotik, Halbleiter, Cybersicherheit, Luft- und Raumfahrt, Verteidigung, Energiespeicherung, Quanten- und Nukleartechnologien, Nanotechnologien, Biotechnologien); c) die Versorgung mit kritischen Ressourcen, einschlie\u00dflich Energie oder Rohstoffen, sowie die Lebensmittelsicherheit; d) Zugang zu sensiblen Informationen; e) Freiheit und Pluralit\u00e4t der Medien.<\/p>\n<p>In Bezug auf potenzielle Probleme, die sich in der Person des Investors ergeben k\u00f6nnen, hei\u00dft es in Artikel 4 Absatz 2, dass zu ber\u00fccksichtigen ist, ob der ausl\u00e4ndische Investor direkt oder indirekt von der Regierung kontrolliert wird, bereits an T\u00e4tigkeiten beteiligt war, die die Sicherheit oder die \u00f6ffentliche Ordnung in einem Mitgliedstaat beeintr\u00e4chtigen, oder ob ein ernsthaftes Risiko besteht, dass der ausl\u00e4ndische Investor illegale oder kriminelle Aktivit\u00e4ten aus\u00fcbt.<\/p>\n<p>Dar\u00fcber hinaus regelt die Verordnung Verfahrensbestimmungen. Es wird zwischen der Situation, in der bereits eine \u00dcberpr\u00fcfung l\u00e4uft, und der Situation, in der es noch keine \u00dcberpr\u00fcfung gibt, unterschieden; im Wesentlichen sind die Regeln f\u00fcr diese Situation so ausgelegt, dass die Europ\u00e4ische Kommission und andere Mitgliedstaaten in die Lage versetzt werden, eine \u00dcberpr\u00fcfung voranzubringen.<\/p>\n<p>So weist beispielsweise der Kooperationsmechanismus bei ausl\u00e4ndischen Direktinvestitionen, die einer Pr\u00fcfung unterzogen werden, die Mitgliedstaaten an, der Kommission und den anderen Mitgliedstaaten alle ausl\u00e4ndischen Direktinvestitionen in ihrem Hoheitsgebiet durch Bereitstellung spezifischer Informationen mitzuteilen (siehe Artikel 9 in Verbindung mit Artikel 7). Wenn ein anderer Mitgliedstaat der Ansicht ist, dass seine Sicherheit oder \u00f6ffentliche Ordnung von der Investition potenziell betroffen ist, kann er dem Screening-Mitgliedstaat Kommentare abgeben. Dasselbe gilt, wenn ein Mitgliedstaat \u00fcber Informationen verf\u00fcgt, die f\u00fcr die Untersuchung von Bedeutung sein k\u00f6nnen. (F\u00fcr weitere Bemerkungen <a href=\"https:\/\/eur-lex.europa.eu\/legal-content\/DE\/TXT\/?uri=CELEX:32018R0775\" target=\"_blank\" rel=\"noopener noreferrer\">siehe Artikel 6 ff<\/a>.)<\/p>\n<p>Die neue Rahmenstruktur wird bereits vor ihrer formalen Anwendung einen offeneren Austausch aller Aspekte von Investitionen f\u00f6rdern. Auch wenn die Europ\u00e4ische Union immer f\u00fcr ausl\u00e4ndische Investitionen offen bleiben wird und \u00fcber eines der h\u00f6chsten Aufkommen an ausl\u00e4ndischen Investitionen in der Branche verf\u00fcgt, sollten Aspekte der Sicherheit und der \u00f6ffentlichen Ordnung mehr denn je ernst genommen werden.<\/p>\n\r\n\t\t<style>\r\n\t\t\t.huge-it-share-buttons {\r\n\t\t\t\tborder:0px solid #0FB5D6;\r\n\t\t\t\tborder-radius:5px;\r\n\t\t\t\tbackground:#3BD8FF;\r\n\t\t\t text-align:left; \t\t\t\t\t\t\t\t\t}\r\n\r\n\t\t\t#huge-it-share-buttons-top {margin-bottom:0px;}\r\n\t\t\t#huge-it-share-buttons-bottom {margin-top:0px;}\r\n\r\n\t\t\t.huge-it-share-buttons h3 {\r\n\t\t\t\tfont-size:25px ;\r\n\t\t\t\tfont-family:Arial,Helvetica Neue,Helvetica,sans-serif;\r\n\t\t\t\tcolor:#666666;\r\n\r\n\t\t\tdisplay:block;\t\t\t\tline-height:25px ;\r\n\r\n\t\t\t text-align:left; \t\t\t\t\t\t\t\t\t}\r\n\r\n\t\t\t.huge-it-share-buttons ul {\r\n\t\t\t float:left; \t\t\t\t\t\t\t\t\t}\r\n\r\n\t\t\t.huge-it-share-buttons ul li {\r\n\t\t\t\tmargin-left:3px;\r\n\t\t\t\tmargin-right:3px;\r\n\t\t\t\tpadding:0px;\r\n\t\t\t\tborder:0px ridge #E6354C;\r\n\t\t\t\tborder-radius:11px;\r\n\t\t\t\tbackground-color:#14CC9B;\r\n\t\t\t}\r\n\r\n\t\t\t.huge-it-share-buttons ul li #backforunical3812 {\r\n\t\t\t\tborder-bottom: 0;\r\n\t\t\t\tbackground-image:url('https:\/\/www.fabregat-perulles-sales.com\/actualidad\/wp-content\/plugins\/wp-share-buttons\/Front_end\/..\/images\/buttons.30.png');\r\n\t\t\t\twidth:30px;\r\n\t\t\t\theight:30px;\r\n\t\t\t}\r\n\r\n\t\t\t.front-shares-count {\r\n\t\t\t\tposition: absolute;\r\n\t\t\t\ttext-align: center;\r\n\t\t\t\tdisplay: block;\r\n\t\t\t}\r\n\r\n\t\t\t.shares_size20 .front-shares-count {\r\n\t\t\t\tfont-size: 10px;\r\n\t\t\t\ttop: 10px;\r\n\t\t\t\twidth: 20px;\r\n\t\t\t}\r\n\r\n\t\t\t.shares_size30 .front-shares-count {\r\n\t\t\t\tfont-size: 11px;\r\n\t\t\t\ttop: 15px;\r\n\t\t\t\twidth: 30px;\r\n\t\t\t}\r\n\r\n\t\t\t.shares_size40 .front-shares-count {\r\n\t\t\t\tfont-size: 12px;\r\n\t\t\t\ttop: 21px;\r\n\t\t\t\twidth: 40px;\r\n\t\t\t}\r\n\t\t<\/style>\r\n\t\t\r\n\t\t<div id=\"huge-it-share-buttons-top\" class=\"huge-it-share-buttons nobackground\">\r\n\t\t\t<h3>Share This:<\/h3>\r\n\t\t\t<ul class=\"huge-it-share-buttons-list \">\r\n\t\t\t\t\t\t\t\t\t<li class=\"nobackground \" >\r\n\r\n\t\t\t\t\t\t\t\t\t\t\t\t<a id=\"backforunical3812\" href=\"https:\/\/www.facebook.com\/sharer\/sharer.php?u=www.fabregat-perulles-sales.com\/actualidad\/wp-json\/wp\/v2\/posts\/3812\"  onclick=\"javascript:void window.open('https:\/\/www.facebook.com\/sharer\/sharer.php?u=www.fabregat-perulles-sales.com\/actualidad\/wp-json\/wp\/v2\/posts\/3812','1410949501326','width=700,height=500,toolbar=0,menubar=0,location=0,status=1,scrollbars=1,resizable=1,left=0,top=0');return false;\" style=\"background-position: -0px -120px \"><\/a>\r\n\t\t\t\t\t<\/li>\r\n\t\t\t\t\t\t\t\t\t\t<li class=\"nobackground \" >\r\n\r\n\t\t\t\t\t\t\t\t\t\t\t\t<a id=\"backforunical3812\" href=\"https:\/\/twitter.com\/share?status=www.fabregat-perulles-sales.com\/actualidad\/wp-json\/wp\/v2\/posts\/3812&text=EU VERORDNUNG 2019\/452 des Europ\u00e4ischen Parlamentes und des Rates vom 19. M\u00e4rz 2019 zur Schaffung eines Rahmens f\u00fcr die \u00dcberpr\u00fcfung ausl\u00e4ndischer Direktinvestitionen in der Union\"  onclick=\"javascript:void window.open('https:\/\/twitter.com\/share?status=www.fabregat-perulles-sales.com\/actualidad\/wp-json\/wp\/v2\/posts\/3812&text=EU VERORDNUNG 2019\/452 des Europ\u00e4ischen Parlamentes und des Rates vom 19. M\u00e4rz 2019 zur Schaffung eines Rahmens f\u00fcr die \u00dcberpr\u00fcfung ausl\u00e4ndischer Direktinvestitionen in der Union','1410949501326','width=700,height=500,toolbar=0,menubar=0,location=0,status=1,scrollbars=1,resizable=1,left=0,top=0');return false;\" style=\"background-position: -30px -120px \"><\/a>\r\n\t\t\t\t\t<\/li>\r\n\t\t\t\t\t\t\t\t\t\t<li class=\"none nobackground \" >\r\n\r\n\t\t\t\t\t\t\t\t\t\t\t\t<a id=\"backforunical3812\" href=\"http:\/\/www.pinterest.com\/pin\/create\/button\/?url=www.fabregat-perulles-sales.com\/actualidad\/wp-json\/wp\/v2\/posts\/3812&media=https:\/\/www.fabregat-perulles-sales.com\/actualidad\/wp-content\/plugins\/wp-share-buttons\/Front_end\/..\/images\/noimage.png&description=EU VERORDNUNG 2019\/452 des Europ\u00e4ischen Parlamentes und des Rates vom 19. M\u00e4rz 2019 zur Schaffung eines Rahmens f\u00fcr die \u00dcberpr\u00fcfung ausl\u00e4ndischer Direktinvestitionen in der Union\"  onclick=\"javascript:void window.open('http:\/\/www.pinterest.com\/pin\/create\/button\/?url=www.fabregat-perulles-sales.com\/actualidad\/wp-json\/wp\/v2\/posts\/3812&media=https:\/\/www.fabregat-perulles-sales.com\/actualidad\/wp-content\/plugins\/wp-share-buttons\/Front_end\/..\/images\/noimage.png&description=EU VERORDNUNG 2019\/452 des Europ\u00e4ischen Parlamentes und des Rates vom 19. M\u00e4rz 2019 zur Schaffung eines Rahmens f\u00fcr die \u00dcberpr\u00fcfung ausl\u00e4ndischer Direktinvestitionen in der Union','1410949501326','width=700,height=500,toolbar=0,menubar=0,location=0,status=1,scrollbars=1,resizable=1,left=0,top=0');return false;\" style=\"background-position: -60px -120px \"><\/a>\r\n\t\t\t\t\t<\/li>\r\n\t\t\t\t\t\t\t\t\t\t<li class=\"none nobackground \" >\r\n\r\n\t\t\t\t\t\t\t\t\t\t\t\t<a id=\"backforunical3812\" href=\"https:\/\/plus.google.com\/share?url=www.fabregat-perulles-sales.com\/actualidad\/wp-json\/wp\/v2\/posts\/3812\"  onclick=\"javascript:void window.open('https:\/\/plus.google.com\/share?url=www.fabregat-perulles-sales.com\/actualidad\/wp-json\/wp\/v2\/posts\/3812','1410949501326','width=700,height=500,toolbar=0,menubar=0,location=0,status=1,scrollbars=1,resizable=1,left=0,top=0');return false;\" style=\"background-position: -90px -120px \"><\/a>\r\n\t\t\t\t\t<\/li>\r\n\t\t\t\t\t\t\t\t\t\t<li class=\"nobackground \" >\r\n\r\n\t\t\t\t\t\t\t\t\t\t\t\t<a id=\"backforunical3812\" href=\"https:\/\/www.linkedin.com\/shareArticle?title=EU VERORDNUNG 2019\/452 des Europ\u00e4ischen Parlamentes und des Rates vom 19. M\u00e4rz 2019 zur Schaffung eines Rahmens f\u00fcr die \u00dcberpr\u00fcfung ausl\u00e4ndischer Direktinvestitionen in der Union&mini=true&url=https:\/\/www.fabregat-perulles-sales.com\/actualidad\/wp-json\/wp\/v2\/posts\/3812\"  onclick=\"javascript:void window.open('https:\/\/www.linkedin.com\/shareArticle?title=EU VERORDNUNG 2019\/452 des Europ\u00e4ischen Parlamentes und des Rates vom 19. M\u00e4rz 2019 zur Schaffung eines Rahmens f\u00fcr die \u00dcberpr\u00fcfung ausl\u00e4ndischer Direktinvestitionen in der Union&mini=true&url=https:\/\/www.fabregat-perulles-sales.com\/actualidad\/wp-json\/wp\/v2\/posts\/3812','1410949501326','width=700,height=500,toolbar=0,menubar=0,location=0,status=1,scrollbars=1,resizable=1,left=0,top=0');return false;\" style=\"background-position: -120px -120px \"><\/a>\r\n\t\t\t\t\t<\/li>\r\n\t\t\t\t\t\t\t\t\t\t<li class=\"none nobackground \" >\r\n\r\n\t\t\t\t\t\t\t\t\t\t\t\t<a id=\"backforunical3812\" href=\"https:\/\/www.tumblr.com\/share\/link?url=www.fabregat-perulles-sales.com\/actualidad\/wp-json\/wp\/v2\/posts\/3812&name=EU VERORDNUNG 2019\/452 des Europ\u00e4ischen Parlamentes und des Rates vom 19. M\u00e4rz 2019 zur Schaffung eines Rahmens f\u00fcr die \u00dcberpr\u00fcfung ausl\u00e4ndischer Direktinvestitionen in der Union\"  onclick=\"javascript:void window.open('https:\/\/www.tumblr.com\/share\/link?url=www.fabregat-perulles-sales.com\/actualidad\/wp-json\/wp\/v2\/posts\/3812&name=EU VERORDNUNG 2019\/452 des Europ\u00e4ischen Parlamentes und des Rates vom 19. M\u00e4rz 2019 zur Schaffung eines Rahmens f\u00fcr die \u00dcberpr\u00fcfung ausl\u00e4ndischer Direktinvestitionen in der Union','1410949501326','width=700,height=500,toolbar=0,menubar=0,location=0,status=1,scrollbars=1,resizable=1,left=0,top=0');return false;\" style=\"background-position: -150px -120px \"><\/a>\r\n\t\t\t\t\t<\/li>\r\n\t\t\t\t\t\t\t\t\t\t<li class=\"none nobackground \" >\r\n\r\n\t\t\t\t\t\t\t\t\t\t\t\t<a id=\"backforunical3812\" href=\"http:\/\/digg.com\/submit?phase=2&url=www.fabregat-perulles-sales.com\/actualidad\/wp-json\/wp\/v2\/posts\/3812&title=EU VERORDNUNG 2019\/452 des Europ\u00e4ischen Parlamentes und des Rates vom 19. M\u00e4rz 2019 zur Schaffung eines Rahmens f\u00fcr die \u00dcberpr\u00fcfung ausl\u00e4ndischer Direktinvestitionen in der Union\"  onclick=\"javascript:void window.open('http:\/\/digg.com\/submit?phase=2&url=www.fabregat-perulles-sales.com\/actualidad\/wp-json\/wp\/v2\/posts\/3812&title=EU VERORDNUNG 2019\/452 des Europ\u00e4ischen Parlamentes und des Rates vom 19. M\u00e4rz 2019 zur Schaffung eines Rahmens f\u00fcr die \u00dcberpr\u00fcfung ausl\u00e4ndischer Direktinvestitionen in der Union','1410949501326','width=700,height=500,toolbar=0,menubar=0,location=0,status=1,scrollbars=1,resizable=1,left=0,top=0');return false;\" style=\"background-position: -180px -120px \"><\/a>\r\n\t\t\t\t\t<\/li>\r\n\t\t\t\t\t\t\t\t\t\t<li class=\"none nobackground \" >\r\n\r\n\t\t\t\t\t\t\t\t\t\t\t\t<a id=\"backforunical3812\" href=\"http:\/\/www.stumbleupon.com\/submit?url=www.fabregat-perulles-sales.com\/actualidad\/wp-json\/wp\/v2\/posts\/3812&title=EU VERORDNUNG 2019\/452 des Europ\u00e4ischen Parlamentes und des Rates vom 19. M\u00e4rz 2019 zur Schaffung eines Rahmens f\u00fcr die \u00dcberpr\u00fcfung ausl\u00e4ndischer Direktinvestitionen in der Union\"  onclick=\"javascript:void window.open('http:\/\/www.stumbleupon.com\/submit?url=www.fabregat-perulles-sales.com\/actualidad\/wp-json\/wp\/v2\/posts\/3812&title=EU VERORDNUNG 2019\/452 des Europ\u00e4ischen Parlamentes und des Rates vom 19. M\u00e4rz 2019 zur Schaffung eines Rahmens f\u00fcr die \u00dcberpr\u00fcfung ausl\u00e4ndischer Direktinvestitionen in der Union','1410949501326','width=700,height=500,toolbar=0,menubar=0,location=0,status=1,scrollbars=1,resizable=1,left=0,top=0');return false;\" style=\"background-position: -210px -120px \"><\/a>\r\n\t\t\t\t\t<\/li>\r\n\t\t\t\t\t\t\t\t\t\t<li class=\"none nobackground \" >\r\n\r\n\t\t\t\t\t\t\t\t\t\t\t\t<a id=\"backforunical3812\" href=\"https:\/\/myspace.com\/post?l=3&u=www.fabregat-perulles-sales.com\/actualidad\/wp-json\/wp\/v2\/posts\/3812\"  onclick=\"javascript:void window.open('https:\/\/myspace.com\/post?l=3&u=www.fabregat-perulles-sales.com\/actualidad\/wp-json\/wp\/v2\/posts\/3812','1410949501326','width=700,height=500,toolbar=0,menubar=0,location=0,status=1,scrollbars=1,resizable=1,left=0,top=0');return false;\" style=\"background-position: -240px -120px \"><\/a>\r\n\t\t\t\t\t<\/li>\r\n\t\t\t\t\t\t\t\t\t\t<li class=\"nobackground \" >\r\n\r\n\t\t\t\t\t\t\t\t\t\t\t\t<a id=\"backforunical3812\" href=\"http:\/\/vk.com\/share.php?url=www.fabregat-perulles-sales.com\/actualidad\/wp-json\/wp\/v2\/posts\/3812&title=EU VERORDNUNG 2019\/452 des Europ\u00e4ischen Parlamentes und des Rates vom 19. M\u00e4rz 2019 zur Schaffung eines Rahmens f\u00fcr die \u00dcberpr\u00fcfung ausl\u00e4ndischer Direktinvestitionen in der Union\"  onclick=\"javascript:void window.open('http:\/\/vk.com\/share.php?url=www.fabregat-perulles-sales.com\/actualidad\/wp-json\/wp\/v2\/posts\/3812&title=EU VERORDNUNG 2019\/452 des Europ\u00e4ischen Parlamentes und des Rates vom 19. M\u00e4rz 2019 zur Schaffung eines Rahmens f\u00fcr die \u00dcberpr\u00fcfung ausl\u00e4ndischer Direktinvestitionen in der Union','1410949501326','width=700,height=500,toolbar=0,menubar=0,location=0,status=1,scrollbars=1,resizable=1,left=0,top=0');return false;\" style=\"background-position: -270px -120px \"><\/a>\r\n\t\t\t\t\t<\/li>\r\n\t\t\t\t\t\t\t\t\t\t<li class=\"none nobackground \" >\r\n\r\n\t\t\t\t\t\t\t\t\t\t\t\t<a id=\"backforunical3812\" href=\"http:\/\/www.reddit.com\/submit?url=www.fabregat-perulles-sales.com\/actualidad\/wp-json\/wp\/v2\/posts\/3812&title=EU VERORDNUNG 2019\/452 des Europ\u00e4ischen Parlamentes und des Rates vom 19. M\u00e4rz 2019 zur Schaffung eines Rahmens f\u00fcr die \u00dcberpr\u00fcfung ausl\u00e4ndischer Direktinvestitionen in der Union\"  onclick=\"javascript:void window.open('http:\/\/www.reddit.com\/submit?url=www.fabregat-perulles-sales.com\/actualidad\/wp-json\/wp\/v2\/posts\/3812&title=EU VERORDNUNG 2019\/452 des Europ\u00e4ischen Parlamentes und des Rates vom 19. M\u00e4rz 2019 zur Schaffung eines Rahmens f\u00fcr die \u00dcberpr\u00fcfung ausl\u00e4ndischer Direktinvestitionen in der Union','1410949501326','width=700,height=500,toolbar=0,menubar=0,location=0,status=1,scrollbars=1,resizable=1,left=0,top=0');return false;\" style=\"background-position: -300px -120px \"><\/a>\r\n\t\t\t\t\t<\/li>\r\n\t\t\t\t\t\t\t\t\t\t<li class=\"none nobackground \" >\r\n\r\n\t\t\t\t\t\t\t\t\t\t\t\t<a id=\"backforunical3812\" href=\"http:\/\/www.bebo.com\/c\/share?Url=www.fabregat-perulles-sales.com\/actualidad\/wp-json\/wp\/v2\/posts\/3812\"  onclick=\"javascript:void window.open('http:\/\/www.bebo.com\/c\/share?Url=www.fabregat-perulles-sales.com\/actualidad\/wp-json\/wp\/v2\/posts\/3812','1410949501326','width=700,height=500,toolbar=0,menubar=0,location=0,status=1,scrollbars=1,resizable=1,left=0,top=0');return false;\" style=\"background-position: -330px -120px \"><\/a>\r\n\t\t\t\t\t<\/li>\r\n\t\t\t\t\t\t\t\t\t\t<li class=\"none nobackground \" >\r\n\r\n\t\t\t\t\t\t\t\t\t\t\t\t<a id=\"backforunical3812\" href=\"https:\/\/delicious.com\/save?v=5&noui&jump=close&url=www.fabregat-perulles-sales.com\/actualidad\/wp-json\/wp\/v2\/posts\/3812&title=EU VERORDNUNG 2019\/452 des Europ\u00e4ischen Parlamentes und des Rates vom 19. M\u00e4rz 2019 zur Schaffung eines Rahmens f\u00fcr die \u00dcberpr\u00fcfung ausl\u00e4ndischer Direktinvestitionen in der Union\"  onclick=\"javascript:void window.open('https:\/\/delicious.com\/save?v=5&noui&jump=close&url=www.fabregat-perulles-sales.com\/actualidad\/wp-json\/wp\/v2\/posts\/3812&title=EU VERORDNUNG 2019\/452 des Europ\u00e4ischen Parlamentes und des Rates vom 19. M\u00e4rz 2019 zur Schaffung eines Rahmens f\u00fcr die \u00dcberpr\u00fcfung ausl\u00e4ndischer Direktinvestitionen in der Union','1410949501326','width=700,height=500,toolbar=0,menubar=0,location=0,status=1,scrollbars=1,resizable=1,left=0,top=0');return false;\" style=\"background-position: -360px -120px \"><\/a>\r\n\t\t\t\t\t<\/li>\r\n\t\t\t\t\t\t\t\t\t\t<li class=\"none nobackground \" >\r\n\r\n\t\t\t\t\t\t\t\t\t\t\t\t<a id=\"backforunical3812\" href=\"http:\/\/www.odnoklassniki.ru\/dk?st.cmd=addShare&st.s=2&st.noresize=on&st._surl=www.fabregat-perulles-sales.com\/actualidad\/wp-json\/wp\/v2\/posts\/3812\"  onclick=\"javascript:void window.open('http:\/\/www.odnoklassniki.ru\/dk?st.cmd=addShare&st.s=2&st.noresize=on&st._surl=www.fabregat-perulles-sales.com\/actualidad\/wp-json\/wp\/v2\/posts\/3812','1410949501326','width=700,height=500,toolbar=0,menubar=0,location=0,status=1,scrollbars=1,resizable=1,left=0,top=0');return false;\" style=\"background-position: -390px -120px \"><\/a>\r\n\t\t\t\t\t<\/li>\r\n\t\t\t\t\t\t\t\t\t\t<li class=\"none nobackground \" >\r\n\r\n\t\t\t\t\t\t\t\t\t\t\t\t<a id=\"backforunical3812\" href=\"http:\/\/sns.qzone.qq.com\/cgi-bin\/qzshare\/cgi_qzshare_onekey?url=www.fabregat-perulles-sales.com\/actualidad\/wp-json\/wp\/v2\/posts\/3812&title=EU VERORDNUNG 2019\/452 des Europ\u00e4ischen Parlamentes und des Rates vom 19. M\u00e4rz 2019 zur Schaffung eines Rahmens f\u00fcr die \u00dcberpr\u00fcfung ausl\u00e4ndischer Direktinvestitionen in der Union\"  onclick=\"javascript:void window.open('http:\/\/sns.qzone.qq.com\/cgi-bin\/qzshare\/cgi_qzshare_onekey?url=www.fabregat-perulles-sales.com\/actualidad\/wp-json\/wp\/v2\/posts\/3812&title=EU VERORDNUNG 2019\/452 des Europ\u00e4ischen Parlamentes und des Rates vom 19. M\u00e4rz 2019 zur Schaffung eines Rahmens f\u00fcr die \u00dcberpr\u00fcfung ausl\u00e4ndischer Direktinvestitionen in der Union','1410949501326','width=700,height=500,toolbar=0,menubar=0,location=0,status=1,scrollbars=1,resizable=1,left=0,top=0');return false;\" style=\"background-position: -420px -120px \"><\/a>\r\n\t\t\t\t\t<\/li>\r\n\t\t\t\t\t\t\t\t\t\t<li class=\"none nobackground \" >\r\n\r\n\t\t\t\t\t\t\t\t\t\t\t\t<a id=\"backforunical3812\" href=\"http:\/\/service.weibo.com\/share\/share.php?url=www.fabregat-perulles-sales.com\/actualidad\/wp-json\/wp\/v2\/posts\/3812&appkey=&title=EU VERORDNUNG 2019\/452 des Europ\u00e4ischen Parlamentes und des Rates vom 19. M\u00e4rz 2019 zur Schaffung eines Rahmens f\u00fcr die \u00dcberpr\u00fcfung ausl\u00e4ndischer Direktinvestitionen in der Union&pic=&ralateUid=&\"  onclick=\"javascript:void window.open('http:\/\/service.weibo.com\/share\/share.php?url=www.fabregat-perulles-sales.com\/actualidad\/wp-json\/wp\/v2\/posts\/3812&appkey=&title=EU VERORDNUNG 2019\/452 des Europ\u00e4ischen Parlamentes und des Rates vom 19. M\u00e4rz 2019 zur Schaffung eines Rahmens f\u00fcr die \u00dcberpr\u00fcfung ausl\u00e4ndischer Direktinvestitionen in der Union&pic=&ralateUid=&','1410949501326','width=700,height=500,toolbar=0,menubar=0,location=0,status=1,scrollbars=1,resizable=1,left=0,top=0');return false;\" style=\"background-position: -450px -120px \"><\/a>\r\n\t\t\t\t\t<\/li>\r\n\t\t\t\t\t\t\t\t\t\t<li class=\"none nobackground \" >\r\n\r\n\t\t\t\t\t\t\t\t\t\t\t\t<a id=\"backforunical3812\" href=\"http:\/\/widget.renren.com\/dialog\/share?resourceUrl=www.fabregat-perulles-sales.com\/actualidad\/wp-json\/wp\/v2\/posts\/3812&srcUrl=www.fabregat-perulles-sales.com\/actualidad\/wp-json\/wp\/v2\/posts\/3812&title=EU VERORDNUNG 2019\/452 des Europ\u00e4ischen Parlamentes und des Rates vom 19. M\u00e4rz 2019 zur Schaffung eines Rahmens f\u00fcr die \u00dcberpr\u00fcfung ausl\u00e4ndischer Direktinvestitionen in der Union\"  onclick=\"javascript:void window.open('http:\/\/widget.renren.com\/dialog\/share?resourceUrl=www.fabregat-perulles-sales.com\/actualidad\/wp-json\/wp\/v2\/posts\/3812&srcUrl=www.fabregat-perulles-sales.com\/actualidad\/wp-json\/wp\/v2\/posts\/3812&title=EU VERORDNUNG 2019\/452 des Europ\u00e4ischen Parlamentes und des Rates vom 19. M\u00e4rz 2019 zur Schaffung eines Rahmens f\u00fcr die \u00dcberpr\u00fcfung ausl\u00e4ndischer Direktinvestitionen in der Union','1410949501326','width=700,height=500,toolbar=0,menubar=0,location=0,status=1,scrollbars=1,resizable=1,left=0,top=0');return false;\" style=\"background-position: -480px -120px \"><\/a>\r\n\t\t\t\t\t<\/li>\r\n\t\t\t\t\t\t\t\t\t\t<li class=\"none nobackground \" >\r\n\r\n\t\t\t\t\t\t\t\t\t\t\t\t<a id=\"backforunical3812\" href=\"http:\/\/n4g.com\/tips?url=www.fabregat-perulles-sales.com\/actualidad\/wp-json\/wp\/v2\/posts\/3812&title=EU VERORDNUNG 2019\/452 des Europ\u00e4ischen Parlamentes und des Rates vom 19. M\u00e4rz 2019 zur Schaffung eines Rahmens f\u00fcr die \u00dcberpr\u00fcfung ausl\u00e4ndischer Direktinvestitionen in der Union\"  onclick=\"javascript:void window.open('http:\/\/n4g.com\/tips?url=www.fabregat-perulles-sales.com\/actualidad\/wp-json\/wp\/v2\/posts\/3812&title=EU VERORDNUNG 2019\/452 des Europ\u00e4ischen Parlamentes und des Rates vom 19. M\u00e4rz 2019 zur Schaffung eines Rahmens f\u00fcr die \u00dcberpr\u00fcfung ausl\u00e4ndischer Direktinvestitionen in der Union','1410949501326','width=700,height=500,toolbar=0,menubar=0,location=0,status=1,scrollbars=1,resizable=1,left=0,top=0');return false;\" style=\"background-position: -510px -120px \"><\/a>\r\n\t\t\t\t\t<\/li>\r\n\t\t\t\t\t\t\t\t<\/ul>\r\n\t\t\t<div class=\"clear\"><\/div>\r\n\t\t<\/div>\r\n\t\t","protected":false},"excerpt":{"rendered":"<p>Am 19. M\u00e4rz 2019 haben das Europ\u00e4ische Parlament und der Rat der Europ\u00e4ischen Union die Verordnung (EU) 2019\/452 erlassen, um einen Rahmen f\u00fcr die Pr\u00fcfung ausl\u00e4ndischer Direktinvestitionen in der Union zu schaffen. Die neue Verordnung tritt am 8. April 2019 in Kraft und gilt ab dem 11. Oktober 2020. Share This:<\/p>\n","protected":false},"author":3,"featured_media":0,"comment_status":"open","ping_status":"closed","sticky":false,"template":"","format":"standard","meta":[],"categories":[468,279,3],"tags":[1572,1573,1571],"yoast_head":"<!-- This site is optimized with the Yoast SEO plugin v20.2.1 - https:\/\/yoast.com\/wordpress\/plugins\/seo\/ -->\n<title>EU VERORDNUNG 2019\/452<\/title>\n<meta name=\"description\" content=\"Am 19. M\u00e4rz 2019 haben das Europ\u00e4ische Parlament und der Rat der Europ\u00e4ischen Union die Verordnung (EU) 2019\/452 erlassen, um einen Rahmen f\u00fcr die...\" \/>\n<meta name=\"robots\" content=\"index, follow, max-snippet:-1, max-image-preview:large, max-video-preview:-1\" \/>\n<link rel=\"canonical\" href=\"https:\/\/www.fabregat-perulles-sales.com\/actualidad\/eu-verordnung-2019452-des-europaischen-parlamentes-und-des-rates-vom-19-marz-2019-zur-schaffung-eines-rahmens-fur-die-uberprufung-auslandischer-direktinvestitionen-in-der-union\/\" \/>\n<meta property=\"og:locale\" content=\"en_US\" \/>\n<meta property=\"og:type\" content=\"article\" \/>\n<meta property=\"og:title\" content=\"EU VERORDNUNG 2019\/452\" \/>\n<meta property=\"og:description\" content=\"Am 19. M\u00e4rz 2019 haben das Europ\u00e4ische Parlament und der Rat der Europ\u00e4ischen Union die Verordnung (EU) 2019\/452 erlassen, um einen Rahmen f\u00fcr die...\" \/>\n<meta property=\"og:url\" content=\"https:\/\/www.fabregat-perulles-sales.com\/actualidad\/eu-verordnung-2019452-des-europaischen-parlamentes-und-des-rates-vom-19-marz-2019-zur-schaffung-eines-rahmens-fur-die-uberprufung-auslandischer-direktinvestitionen-in-der-union\/\" \/>\n<meta property=\"og:site_name\" content=\"International Lawyers\" \/>\n<meta property=\"article:published_time\" content=\"2019-03-26T10:42:48+00:00\" \/>\n<meta property=\"article:modified_time\" content=\"2020-02-28T12:37:51+00:00\" \/>\n<meta property=\"og:image\" content=\"http:\/\/www.fabregat-perulles-sales.com\/actualidad\/wp-content\/uploads\/2019\/03\/dollar-euro-dinero-abogados-espanol-300x200.jpg\" \/>\n<meta name=\"author\" content=\"Victor\" \/>\n<meta name=\"twitter:card\" content=\"summary_large_image\" \/>\n<meta name=\"twitter:label1\" content=\"Written by\" \/>\n\t<meta name=\"twitter:data1\" content=\"Victor\" \/>\n\t<meta name=\"twitter:label2\" content=\"Est. reading time\" \/>\n\t<meta name=\"twitter:data2\" content=\"3 minutes\" \/>\n<script type=\"application\/ld+json\" class=\"yoast-schema-graph\">{\"@context\":\"https:\/\/schema.org\",\"@graph\":[{\"@type\":\"WebPage\",\"@id\":\"https:\/\/www.fabregat-perulles-sales.com\/actualidad\/eu-verordnung-2019452-des-europaischen-parlamentes-und-des-rates-vom-19-marz-2019-zur-schaffung-eines-rahmens-fur-die-uberprufung-auslandischer-direktinvestitionen-in-der-union\/\",\"url\":\"https:\/\/www.fabregat-perulles-sales.com\/actualidad\/eu-verordnung-2019452-des-europaischen-parlamentes-und-des-rates-vom-19-marz-2019-zur-schaffung-eines-rahmens-fur-die-uberprufung-auslandischer-direktinvestitionen-in-der-union\/\",\"name\":\"EU VERORDNUNG 2019\/452\",\"isPartOf\":{\"@id\":\"https:\/\/www.fabregat-perulles-sales.com\/actualidad\/#website\"},\"datePublished\":\"2019-03-26T10:42:48+00:00\",\"dateModified\":\"2020-02-28T12:37:51+00:00\",\"author\":{\"@id\":\"https:\/\/www.fabregat-perulles-sales.com\/actualidad\/#\/schema\/person\/cabc1d68c7778f01d5e069c2d98442e3\"},\"description\":\"Am 19. M\u00e4rz 2019 haben das Europ\u00e4ische Parlament und der Rat der Europ\u00e4ischen Union die Verordnung (EU) 2019\/452 erlassen, um einen Rahmen f\u00fcr die...\",\"breadcrumb\":{\"@id\":\"https:\/\/www.fabregat-perulles-sales.com\/actualidad\/eu-verordnung-2019452-des-europaischen-parlamentes-und-des-rates-vom-19-marz-2019-zur-schaffung-eines-rahmens-fur-die-uberprufung-auslandischer-direktinvestitionen-in-der-union\/#breadcrumb\"},\"inLanguage\":\"en-US\",\"potentialAction\":[{\"@type\":\"ReadAction\",\"target\":[\"https:\/\/www.fabregat-perulles-sales.com\/actualidad\/eu-verordnung-2019452-des-europaischen-parlamentes-und-des-rates-vom-19-marz-2019-zur-schaffung-eines-rahmens-fur-die-uberprufung-auslandischer-direktinvestitionen-in-der-union\/\"]}]},{\"@type\":\"BreadcrumbList\",\"@id\":\"https:\/\/www.fabregat-perulles-sales.com\/actualidad\/eu-verordnung-2019452-des-europaischen-parlamentes-und-des-rates-vom-19-marz-2019-zur-schaffung-eines-rahmens-fur-die-uberprufung-auslandischer-direktinvestitionen-in-der-union\/#breadcrumb\",\"itemListElement\":[{\"@type\":\"ListItem\",\"position\":1,\"name\":\"Home\",\"item\":\"https:\/\/www.fabregat-perulles-sales.com\/actualidad\/\"},{\"@type\":\"ListItem\",\"position\":2,\"name\":\"EU VERORDNUNG 2019\/452 des Europ\u00e4ischen Parlamentes und des Rates vom 19. M\u00e4rz 2019 zur Schaffung eines Rahmens f\u00fcr die \u00dcberpr\u00fcfung ausl\u00e4ndischer Direktinvestitionen in der Union\"}]},{\"@type\":\"WebSite\",\"@id\":\"https:\/\/www.fabregat-perulles-sales.com\/actualidad\/#website\",\"url\":\"https:\/\/www.fabregat-perulles-sales.com\/actualidad\/\",\"name\":\"www.fabregat-perulles-sales.com\",\"description\":\"Fabregat Perulles Sales Abogados is a law firm of reference international market in the Spanish-German, Spanish-French, and Spanish-Italian. Is one of the first firms in Barcelona offering a Russian Desk.\",\"potentialAction\":[{\"@type\":\"SearchAction\",\"target\":{\"@type\":\"EntryPoint\",\"urlTemplate\":\"https:\/\/www.fabregat-perulles-sales.com\/actualidad\/?s={search_term_string}\"},\"query-input\":\"required name=search_term_string\"}],\"inLanguage\":\"en-US\"},{\"@type\":\"Person\",\"@id\":\"https:\/\/www.fabregat-perulles-sales.com\/actualidad\/#\/schema\/person\/cabc1d68c7778f01d5e069c2d98442e3\",\"name\":\"Victor\",\"image\":{\"@type\":\"ImageObject\",\"inLanguage\":\"en-US\",\"@id\":\"https:\/\/www.fabregat-perulles-sales.com\/actualidad\/#\/schema\/person\/image\/\",\"url\":\"https:\/\/secure.gravatar.com\/avatar\/756cb666a964d2960ffe307b8a53b271?s=96&d=mm&r=g\",\"contentUrl\":\"https:\/\/secure.gravatar.com\/avatar\/756cb666a964d2960ffe307b8a53b271?s=96&d=mm&r=g\",\"caption\":\"Victor\"},\"sameAs\":[\"http:\/\/www.fabregat-perulles-sales.com\"],\"url\":\"https:\/\/www.fabregat-perulles-sales.com\/actualidad\/author\/victor\/\"}]}<\/script>\n<!-- \/ Yoast SEO plugin. -->","yoast_head_json":{"title":"EU VERORDNUNG 2019\/452","description":"Am 19. M\u00e4rz 2019 haben das Europ\u00e4ische Parlament und der Rat der Europ\u00e4ischen Union die Verordnung (EU) 2019\/452 erlassen, um einen Rahmen f\u00fcr die...","robots":{"index":"index","follow":"follow","max-snippet":"max-snippet:-1","max-image-preview":"max-image-preview:large","max-video-preview":"max-video-preview:-1"},"canonical":"https:\/\/www.fabregat-perulles-sales.com\/actualidad\/eu-verordnung-2019452-des-europaischen-parlamentes-und-des-rates-vom-19-marz-2019-zur-schaffung-eines-rahmens-fur-die-uberprufung-auslandischer-direktinvestitionen-in-der-union\/","og_locale":"en_US","og_type":"article","og_title":"EU VERORDNUNG 2019\/452","og_description":"Am 19. M\u00e4rz 2019 haben das Europ\u00e4ische Parlament und der Rat der Europ\u00e4ischen Union die Verordnung (EU) 2019\/452 erlassen, um einen Rahmen f\u00fcr die...","og_url":"https:\/\/www.fabregat-perulles-sales.com\/actualidad\/eu-verordnung-2019452-des-europaischen-parlamentes-und-des-rates-vom-19-marz-2019-zur-schaffung-eines-rahmens-fur-die-uberprufung-auslandischer-direktinvestitionen-in-der-union\/","og_site_name":"International Lawyers","article_published_time":"2019-03-26T10:42:48+00:00","article_modified_time":"2020-02-28T12:37:51+00:00","og_image":[{"url":"http:\/\/www.fabregat-perulles-sales.com\/actualidad\/wp-content\/uploads\/2019\/03\/dollar-euro-dinero-abogados-espanol-300x200.jpg"}],"author":"Victor","twitter_card":"summary_large_image","twitter_misc":{"Written by":"Victor","Est. reading time":"3 minutes"},"schema":{"@context":"https:\/\/schema.org","@graph":[{"@type":"WebPage","@id":"https:\/\/www.fabregat-perulles-sales.com\/actualidad\/eu-verordnung-2019452-des-europaischen-parlamentes-und-des-rates-vom-19-marz-2019-zur-schaffung-eines-rahmens-fur-die-uberprufung-auslandischer-direktinvestitionen-in-der-union\/","url":"https:\/\/www.fabregat-perulles-sales.com\/actualidad\/eu-verordnung-2019452-des-europaischen-parlamentes-und-des-rates-vom-19-marz-2019-zur-schaffung-eines-rahmens-fur-die-uberprufung-auslandischer-direktinvestitionen-in-der-union\/","name":"EU VERORDNUNG 2019\/452","isPartOf":{"@id":"https:\/\/www.fabregat-perulles-sales.com\/actualidad\/#website"},"datePublished":"2019-03-26T10:42:48+00:00","dateModified":"2020-02-28T12:37:51+00:00","author":{"@id":"https:\/\/www.fabregat-perulles-sales.com\/actualidad\/#\/schema\/person\/cabc1d68c7778f01d5e069c2d98442e3"},"description":"Am 19. M\u00e4rz 2019 haben das Europ\u00e4ische Parlament und der Rat der Europ\u00e4ischen Union die Verordnung (EU) 2019\/452 erlassen, um einen Rahmen f\u00fcr die...","breadcrumb":{"@id":"https:\/\/www.fabregat-perulles-sales.com\/actualidad\/eu-verordnung-2019452-des-europaischen-parlamentes-und-des-rates-vom-19-marz-2019-zur-schaffung-eines-rahmens-fur-die-uberprufung-auslandischer-direktinvestitionen-in-der-union\/#breadcrumb"},"inLanguage":"en-US","potentialAction":[{"@type":"ReadAction","target":["https:\/\/www.fabregat-perulles-sales.com\/actualidad\/eu-verordnung-2019452-des-europaischen-parlamentes-und-des-rates-vom-19-marz-2019-zur-schaffung-eines-rahmens-fur-die-uberprufung-auslandischer-direktinvestitionen-in-der-union\/"]}]},{"@type":"BreadcrumbList","@id":"https:\/\/www.fabregat-perulles-sales.com\/actualidad\/eu-verordnung-2019452-des-europaischen-parlamentes-und-des-rates-vom-19-marz-2019-zur-schaffung-eines-rahmens-fur-die-uberprufung-auslandischer-direktinvestitionen-in-der-union\/#breadcrumb","itemListElement":[{"@type":"ListItem","position":1,"name":"Home","item":"https:\/\/www.fabregat-perulles-sales.com\/actualidad\/"},{"@type":"ListItem","position":2,"name":"EU VERORDNUNG 2019\/452 des Europ\u00e4ischen Parlamentes und des Rates vom 19. M\u00e4rz 2019 zur Schaffung eines Rahmens f\u00fcr die \u00dcberpr\u00fcfung ausl\u00e4ndischer Direktinvestitionen in der Union"}]},{"@type":"WebSite","@id":"https:\/\/www.fabregat-perulles-sales.com\/actualidad\/#website","url":"https:\/\/www.fabregat-perulles-sales.com\/actualidad\/","name":"www.fabregat-perulles-sales.com","description":"Fabregat Perulles Sales Abogados is a law firm of reference international market in the Spanish-German, Spanish-French, and Spanish-Italian. Is one of the first firms in Barcelona offering a Russian Desk.","potentialAction":[{"@type":"SearchAction","target":{"@type":"EntryPoint","urlTemplate":"https:\/\/www.fabregat-perulles-sales.com\/actualidad\/?s={search_term_string}"},"query-input":"required name=search_term_string"}],"inLanguage":"en-US"},{"@type":"Person","@id":"https:\/\/www.fabregat-perulles-sales.com\/actualidad\/#\/schema\/person\/cabc1d68c7778f01d5e069c2d98442e3","name":"Victor","image":{"@type":"ImageObject","inLanguage":"en-US","@id":"https:\/\/www.fabregat-perulles-sales.com\/actualidad\/#\/schema\/person\/image\/","url":"https:\/\/secure.gravatar.com\/avatar\/756cb666a964d2960ffe307b8a53b271?s=96&d=mm&r=g","contentUrl":"https:\/\/secure.gravatar.com\/avatar\/756cb666a964d2960ffe307b8a53b271?s=96&d=mm&r=g","caption":"Victor"},"sameAs":["http:\/\/www.fabregat-perulles-sales.com"],"url":"https:\/\/www.fabregat-perulles-sales.com\/actualidad\/author\/victor\/"}]}},"amp_enabled":true,"_links":{"self":[{"href":"https:\/\/www.fabregat-perulles-sales.com\/actualidad\/wp-json\/wp\/v2\/posts\/3812"}],"collection":[{"href":"https:\/\/www.fabregat-perulles-sales.com\/actualidad\/wp-json\/wp\/v2\/posts"}],"about":[{"href":"https:\/\/www.fabregat-perulles-sales.com\/actualidad\/wp-json\/wp\/v2\/types\/post"}],"author":[{"embeddable":true,"href":"https:\/\/www.fabregat-perulles-sales.com\/actualidad\/wp-json\/wp\/v2\/users\/3"}],"replies":[{"embeddable":true,"href":"https:\/\/www.fabregat-perulles-sales.com\/actualidad\/wp-json\/wp\/v2\/comments?post=3812"}],"version-history":[{"count":4,"href":"https:\/\/www.fabregat-perulles-sales.com\/actualidad\/wp-json\/wp\/v2\/posts\/3812\/revisions"}],"predecessor-version":[{"id":4256,"href":"https:\/\/www.fabregat-perulles-sales.com\/actualidad\/wp-json\/wp\/v2\/posts\/3812\/revisions\/4256"}],"wp:attachment":[{"href":"https:\/\/www.fabregat-perulles-sales.com\/actualidad\/wp-json\/wp\/v2\/media?parent=3812"}],"wp:term":[{"taxonomy":"category","embeddable":true,"href":"https:\/\/www.fabregat-perulles-sales.com\/actualidad\/wp-json\/wp\/v2\/categories?post=3812"},{"taxonomy":"post_tag","embeddable":true,"href":"https:\/\/www.fabregat-perulles-sales.com\/actualidad\/wp-json\/wp\/v2\/tags?post=3812"}],"curies":[{"name":"wp","href":"https:\/\/api.w.org\/{rel}","templated":true}]}}