{"id":3784,"date":"2019-03-08T09:33:21","date_gmt":"2019-03-08T08:33:21","guid":{"rendered":"http:\/\/www.fabregat-perulles-sales.com\/actualidad\/?p=3784"},"modified":"2020-02-28T13:48:59","modified_gmt":"2020-02-28T12:48:59","slug":"entra-en-vigor-el-nuevo-decreto-ley-52019-de-5-de-marzo-de-medidas-urgentes-para-mejorar-el-acceso-a-la-vivienda-cataluna","status":"publish","type":"post","link":"https:\/\/www.fabregat-perulles-sales.com\/actualidad\/entra-en-vigor-el-nuevo-decreto-ley-52019-de-5-de-marzo-de-medidas-urgentes-para-mejorar-el-acceso-a-la-vivienda-cataluna\/","title":{"rendered":"Entra en vigor el nuevo Decreto-Ley 5\/2019, de 5 de marzo, de medidas urgentes para mejorar el acceso a la vivienda. Catalu\u00f1a"},"content":{"rendered":"<p>El pasado 7 de marzo de 2019 se ha publicado en el Bolet\u00edn Oficial de Catalunya (DOGC) el <a href=\"https:\/\/boe.es\/ccaa\/dogc\/2019\/7825\/f00001-00022.pdf\" target=\"_blank\" rel=\"noopener noreferrer\">Decreto-Ley 5\/2019<\/a>, de 5 de marzo, sobre medidas urgentes para mejorar el acceso a la vivienda.<\/p>\n<p><!--more--><\/p>\n<p><img decoding=\"async\" loading=\"lazy\" class=\" wp-image-3785 alignright\" src=\"http:\/\/www.fabregat-perulles-sales.com\/actualidad\/wp-content\/uploads\/2019\/03\/catalunya-ciudad-abogados-espanol-300x200.jpg\" alt=\"\" width=\"282\" height=\"188\" srcset=\"https:\/\/www.fabregat-perulles-sales.com\/actualidad\/wp-content\/uploads\/2019\/03\/catalunya-ciudad-abogados-espanol-300x200.jpg 300w, https:\/\/www.fabregat-perulles-sales.com\/actualidad\/wp-content\/uploads\/2019\/03\/catalunya-ciudad-abogados-espanol-768x511.jpg 768w, https:\/\/www.fabregat-perulles-sales.com\/actualidad\/wp-content\/uploads\/2019\/03\/catalunya-ciudad-abogados-espanol-660x439.jpg 660w, https:\/\/www.fabregat-perulles-sales.com\/actualidad\/wp-content\/uploads\/2019\/03\/catalunya-ciudad-abogados-espanol.jpg 960w\" sizes=\"(max-width: 282px) 100vw, 282px\" \/>La Generalitat de Catalu\u00f1a justifica la aprobaci\u00f3n de tales medidas, aduciendo la insuficiencia de instrumentos ordinarios que ofrece la legislaci\u00f3n en materia de vivienda y urbanismo respecto a las personas en situaci\u00f3n de riesgo y de exclusi\u00f3n residencial y de emergencia social,<\/p>\n<p>Mediante este Decreto-Ley, que entra en vigor el 8 de marzo de 2019, la Generalitat pretende incrementar la oferta general de viviendas a precios moderados, con especial atenci\u00f3n a las viviendas de protecci\u00f3n p\u00fablicas en r\u00e9gimen de alquiler, as\u00ed como facilitar el acceso de la poblaci\u00f3n con recursos econ\u00f3micos insuficientes.<\/p>\n<p>Entre otras, las principales modificaciones son las siguientes:<\/p>\n<ol>\n<li><strong>A)<\/strong> <strong><u>T\u00edtulo I &#8211; Se modifican algunas disposiciones de <a href=\"https:\/\/www.boe.es\/buscar\/doc.php?id=BOE-A-2008-3657\" target=\"_blank\" rel=\"noopener noreferrer\">la Ley 18\/2007, de 28 de diciembre<\/a>, del derecho a la vivienda, de <a href=\"https:\/\/www.boe.es\/buscar\/act.php?id=BOE-A-2017-522\" target=\"_blank\" rel=\"noopener noreferrer\">la Ley 4\/2016, de 23 de diciembre<\/a>, de medidas de protecci\u00f3n del derecho a la vivienda de las personas en riesgo de exclusi\u00f3n residencial, y de la <a href=\"https:\/\/www.boe.es\/buscar\/doc.php?id=BOE-A-1996-19382\" target=\"_blank\" rel=\"noopener noreferrer\">Ley 13\/1996, de 29 de julio<\/a>, del Registro y el dep\u00f3sito de fianzas de los contratos de alquiler de fincas urbanas y de modificaci\u00f3n de <a href=\"https:\/\/www.boe.es\/buscar\/doc.php?id=BOE-A-1992-3744\" target=\"_blank\" rel=\"noopener noreferrer\">la Ley 24\/1991<\/a>, de la vivienda. <\/u><\/strong><\/li>\n<li><strong>i)<\/strong> En materia de desocupaci\u00f3n de viviendas, se prev\u00e9 que las viviendas vac\u00edas que, por su permanencia en esta situaci\u00f3n, incumplan la funci\u00f3n social de la propiedad de la vivienda, contin\u00faen teniendo dicha consideraci\u00f3n aunque hayan sido transmitidas de una propiedad a otra o hayan sido ocupadas eventualmente por personas si t\u00edtulo habilitante.<\/li>\n<\/ol>\n<p>Asimismo, regula de forma expresa la posibilidad de interponer multas coercitivas ante la situaci\u00f3n de desocupaci\u00f3n permanente, <strong><u>por la suma equivalente a mil euros por cada vivienda y mes que permanezca desocupada<\/u><\/strong>.<\/p>\n<ol>\n<li><strong>ii)<\/strong> Se ampl\u00edan los supuestos en que las viviendas deben ser inscritas en el Registro de viviendas vac\u00edas y de viviendas ocupadas sin t\u00edtulo habilitante. A partir de la entrada en vigor, se incluir\u00e1n las viviendas en situaci\u00f3n de desocupaci\u00f3n permanente no procedentes de ejecuciones hipotecarias o daci\u00f3n en pago propiedad de personas jur\u00eddicas privadas y, edificios inacabados permanentemente en la fase final de obras de construcci\u00f3n.<\/li>\n<\/ol>\n<p>Dichas viviendas inscritas, podr\u00e1n ser objeto de expropiaci\u00f3n tanto de su uso temporal como su dominio.<\/p>\n<p><strong>iii)<\/strong> Se establece un nuevo modelo de vivienda de protecci\u00f3n oficial cuya definici\u00f3n incorpora elementos de vivienda de protecci\u00f3n p\u00fablica de la legislaci\u00f3n en materia de suelo y de urbanismo.<\/p>\n<p>La calificaci\u00f3n de vivienda de protecci\u00f3n oficial continuar\u00e1 vigente mientras el planeamiento urban\u00edstico califique el suelo a dicho uso, y el mismo siga estando integrado en el patrimonio p\u00fablico de suelo y vivienda.<\/p>\n<ol>\n<li><strong>iv)<\/strong> El precio de venta m\u00e1ximo de una vivienda de protecci\u00f3n oficial, resultar\u00e1 de aplicar un factor de localizaci\u00f3n y un factor de caracter\u00edsticas al precio de venta b\u00e1sico, representativo del valor de una vivienda de caracter\u00edsticas est\u00e1ndares en cualquier punto del territorio calculado a partir de un valor m\u00ednimo del suelo en la situaci\u00f3n de rural y de los costes normales de urbanizaci\u00f3n y de edificaci\u00f3n.<\/li>\n<\/ol>\n<p>Tales factores se aprobar\u00e1n por la Consejer\u00eda del departamento competente en materia de vivienda.<\/p>\n<ol>\n<li><strong>v)<\/strong> Se disminuye de 3 a\u00f1os a 1 a\u00f1o el per\u00edodo de renovaci\u00f3n de la inscripci\u00f3n al Registro de Solicitantes de Viviendas de Protecci\u00f3n Oficial.<\/li>\n<li><strong>vi)<\/strong> Se deber\u00e1n incluir los datos del \u00cdndice de referencia de precios de alquiler de viviendas en los anuncios de oferta de alquiler de viviendas y contratos que se firmen, tipificando como infracci\u00f3n administrativa el incumplimiento de dichas obligaciones. El \u00cdndice se podr\u00e1 obtener del Registro de Fianzas de los contratos de Alquiler de Fincas Urbanas. Asimismo, la arrendadora de una vivienda no puede recibir ayudas p\u00fablicas destinadas al fomento del alquiler cuando la renta sea superior al mencionado \u00cdndice.<\/li>\n<li><strong>B)<\/strong> <strong><u>T\u00edtulo II \u2013 Modificaciones del texto refundido de la Ley de Urbanismo, aprobado por <a href=\"https:\/\/www.boe.es\/buscar\/doc.php?id=BOE-A-2010-13883\" target=\"_blank\" rel=\"noopener noreferrer\">el Decreto Legislativo 1\/2010, de 3 de agosto<\/a><\/u><\/strong>.<\/li>\n<li><strong>i)<\/strong> Como medida para incrementar el patrimonio p\u00fablico del suelo y de vivienda, se establece el derecho legal de tanteo y retracto a favor de la Administraci\u00f3n de la Generalitat respecto de las transmisiones onerosas que afecten a los suelos reservados al uso de vivienda de protecci\u00f3n p\u00fablica, as\u00ed como, respecto de las viviendas arrendadas que se transmitan con el resto de viviendas que formen parte del mismo inmueble, siempre de acuerdo con las legislaci\u00f3n estatal.<\/li>\n<li><strong>ii)<\/strong> Se unifican en un solo instrumento jur\u00eddico la adquisici\u00f3n de terrenos para los patrimonios p\u00fablicos de suelo y vivienda a trav\u00e9s de expropiaci\u00f3n forzosa o en ejercicio del derecho de tanteo y retracto.<\/li>\n<\/ol>\n<p><strong>iii)<\/strong> Se incrementa el parque p\u00fablico de alojamientos dotacionales mediante la integraci\u00f3n del actual concepto de sistema urban\u00edstico dotacional p\u00fablico en el de equipamientos comunitarios.<\/p>\n<ol>\n<li><strong>iv)<\/strong> Se incrementa el parque p\u00fablico de viviendas de protecci\u00f3n p\u00fablica de alquiler, ampliando la disponibilidad de suelo para la promoci\u00f3n de vivienda de protecci\u00f3n p\u00fablica. En este sentido, la cesi\u00f3n obligatoria de suelo con aprovechamiento urban\u00edstico a la Administraci\u00f3n actuante en las actuaciones con reserva de terrenos destinados a viviendas de protecci\u00f3n p\u00fablica, debe emplazarse sobre la citada reserva con la obligaci\u00f3n de la Administraci\u00f3n adjudicataria de construirlos en plazo.<\/li>\n<li><strong>v)<\/strong> Se habilita el planeamiento urban\u00edstico para que se pueda reservar suelo para un producto inmobiliario destinado al uso de viviendas por pisos, sin posibilidad de divisi\u00f3n horizontal, con la finalidad que se ceda el uso a terceras personas.<\/li>\n<\/ol>\n\r\n\t\t<style>\r\n\t\t\t.huge-it-share-buttons {\r\n\t\t\t\tborder:0px solid #0FB5D6;\r\n\t\t\t\tborder-radius:5px;\r\n\t\t\t\tbackground:#3BD8FF;\r\n\t\t\t text-align:left; \t\t\t\t\t\t\t\t\t}\r\n\r\n\t\t\t#huge-it-share-buttons-top {margin-bottom:0px;}\r\n\t\t\t#huge-it-share-buttons-bottom {margin-top:0px;}\r\n\r\n\t\t\t.huge-it-share-buttons h3 {\r\n\t\t\t\tfont-size:25px ;\r\n\t\t\t\tfont-family:Arial,Helvetica Neue,Helvetica,sans-serif;\r\n\t\t\t\tcolor:#666666;\r\n\r\n\t\t\tdisplay:block;\t\t\t\tline-height:25px ;\r\n\r\n\t\t\t text-align:left; \t\t\t\t\t\t\t\t\t}\r\n\r\n\t\t\t.huge-it-share-buttons ul {\r\n\t\t\t float:left; \t\t\t\t\t\t\t\t\t}\r\n\r\n\t\t\t.huge-it-share-buttons ul li {\r\n\t\t\t\tmargin-left:3px;\r\n\t\t\t\tmargin-right:3px;\r\n\t\t\t\tpadding:0px;\r\n\t\t\t\tborder:0px ridge #E6354C;\r\n\t\t\t\tborder-radius:11px;\r\n\t\t\t\tbackground-color:#14CC9B;\r\n\t\t\t}\r\n\r\n\t\t\t.huge-it-share-buttons ul li #backforunical3784 {\r\n\t\t\t\tborder-bottom: 0;\r\n\t\t\t\tbackground-image:url('https:\/\/www.fabregat-perulles-sales.com\/actualidad\/wp-content\/plugins\/wp-share-buttons\/Front_end\/..\/images\/buttons.30.png');\r\n\t\t\t\twidth:30px;\r\n\t\t\t\theight:30px;\r\n\t\t\t}\r\n\r\n\t\t\t.front-shares-count {\r\n\t\t\t\tposition: absolute;\r\n\t\t\t\ttext-align: center;\r\n\t\t\t\tdisplay: block;\r\n\t\t\t}\r\n\r\n\t\t\t.shares_size20 .front-shares-count {\r\n\t\t\t\tfont-size: 10px;\r\n\t\t\t\ttop: 10px;\r\n\t\t\t\twidth: 20px;\r\n\t\t\t}\r\n\r\n\t\t\t.shares_size30 .front-shares-count {\r\n\t\t\t\tfont-size: 11px;\r\n\t\t\t\ttop: 15px;\r\n\t\t\t\twidth: 30px;\r\n\t\t\t}\r\n\r\n\t\t\t.shares_size40 .front-shares-count {\r\n\t\t\t\tfont-size: 12px;\r\n\t\t\t\ttop: 21px;\r\n\t\t\t\twidth: 40px;\r\n\t\t\t}\r\n\t\t<\/style>\r\n\t\t\r\n\t\t<div id=\"huge-it-share-buttons-top\" class=\"huge-it-share-buttons nobackground\">\r\n\t\t\t<h3>Share This:<\/h3>\r\n\t\t\t<ul class=\"huge-it-share-buttons-list \">\r\n\t\t\t\t\t\t\t\t\t<li class=\"nobackground \" >\r\n\r\n\t\t\t\t\t\t\t\t\t\t\t\t<a id=\"backforunical3784\" href=\"https:\/\/www.facebook.com\/sharer\/sharer.php?u=www.fabregat-perulles-sales.com\/actualidad\/wp-json\/wp\/v2\/posts\/3784\"  onclick=\"javascript:void window.open('https:\/\/www.facebook.com\/sharer\/sharer.php?u=www.fabregat-perulles-sales.com\/actualidad\/wp-json\/wp\/v2\/posts\/3784','1410949501326','width=700,height=500,toolbar=0,menubar=0,location=0,status=1,scrollbars=1,resizable=1,left=0,top=0');return false;\" style=\"background-position: -0px -120px \"><\/a>\r\n\t\t\t\t\t<\/li>\r\n\t\t\t\t\t\t\t\t\t\t<li class=\"nobackground \" >\r\n\r\n\t\t\t\t\t\t\t\t\t\t\t\t<a id=\"backforunical3784\" href=\"https:\/\/twitter.com\/share?status=www.fabregat-perulles-sales.com\/actualidad\/wp-json\/wp\/v2\/posts\/3784&text=Entra en vigor el nuevo Decreto-Ley 5\/2019, de 5 de marzo, de medidas urgentes para mejorar el acceso a la vivienda. Catalu\u00f1a\"  onclick=\"javascript:void window.open('https:\/\/twitter.com\/share?status=www.fabregat-perulles-sales.com\/actualidad\/wp-json\/wp\/v2\/posts\/3784&text=Entra en vigor el nuevo Decreto-Ley 5\/2019, de 5 de marzo, de medidas urgentes para mejorar el acceso a la vivienda. Catalu\u00f1a','1410949501326','width=700,height=500,toolbar=0,menubar=0,location=0,status=1,scrollbars=1,resizable=1,left=0,top=0');return false;\" style=\"background-position: -30px -120px \"><\/a>\r\n\t\t\t\t\t<\/li>\r\n\t\t\t\t\t\t\t\t\t\t<li class=\"none nobackground \" >\r\n\r\n\t\t\t\t\t\t\t\t\t\t\t\t<a id=\"backforunical3784\" href=\"http:\/\/www.pinterest.com\/pin\/create\/button\/?url=www.fabregat-perulles-sales.com\/actualidad\/wp-json\/wp\/v2\/posts\/3784&media=https:\/\/www.fabregat-perulles-sales.com\/actualidad\/wp-content\/plugins\/wp-share-buttons\/Front_end\/..\/images\/noimage.png&description=Entra en vigor el nuevo Decreto-Ley 5\/2019, de 5 de marzo, de medidas urgentes para mejorar el acceso a la vivienda. Catalu\u00f1a\"  onclick=\"javascript:void window.open('http:\/\/www.pinterest.com\/pin\/create\/button\/?url=www.fabregat-perulles-sales.com\/actualidad\/wp-json\/wp\/v2\/posts\/3784&media=https:\/\/www.fabregat-perulles-sales.com\/actualidad\/wp-content\/plugins\/wp-share-buttons\/Front_end\/..\/images\/noimage.png&description=Entra en vigor el nuevo Decreto-Ley 5\/2019, de 5 de marzo, de medidas urgentes para mejorar el acceso a la vivienda. Catalu\u00f1a','1410949501326','width=700,height=500,toolbar=0,menubar=0,location=0,status=1,scrollbars=1,resizable=1,left=0,top=0');return false;\" style=\"background-position: -60px -120px \"><\/a>\r\n\t\t\t\t\t<\/li>\r\n\t\t\t\t\t\t\t\t\t\t<li class=\"none nobackground \" >\r\n\r\n\t\t\t\t\t\t\t\t\t\t\t\t<a id=\"backforunical3784\" href=\"https:\/\/plus.google.com\/share?url=www.fabregat-perulles-sales.com\/actualidad\/wp-json\/wp\/v2\/posts\/3784\"  onclick=\"javascript:void window.open('https:\/\/plus.google.com\/share?url=www.fabregat-perulles-sales.com\/actualidad\/wp-json\/wp\/v2\/posts\/3784','1410949501326','width=700,height=500,toolbar=0,menubar=0,location=0,status=1,scrollbars=1,resizable=1,left=0,top=0');return false;\" style=\"background-position: -90px -120px \"><\/a>\r\n\t\t\t\t\t<\/li>\r\n\t\t\t\t\t\t\t\t\t\t<li class=\"nobackground \" >\r\n\r\n\t\t\t\t\t\t\t\t\t\t\t\t<a id=\"backforunical3784\" href=\"https:\/\/www.linkedin.com\/shareArticle?title=Entra en vigor el nuevo Decreto-Ley 5\/2019, de 5 de marzo, de medidas urgentes para mejorar el acceso a la vivienda. Catalu\u00f1a&mini=true&url=https:\/\/www.fabregat-perulles-sales.com\/actualidad\/wp-json\/wp\/v2\/posts\/3784\"  onclick=\"javascript:void window.open('https:\/\/www.linkedin.com\/shareArticle?title=Entra en vigor el nuevo Decreto-Ley 5\/2019, de 5 de marzo, de medidas urgentes para mejorar el acceso a la vivienda. Catalu\u00f1a&mini=true&url=https:\/\/www.fabregat-perulles-sales.com\/actualidad\/wp-json\/wp\/v2\/posts\/3784','1410949501326','width=700,height=500,toolbar=0,menubar=0,location=0,status=1,scrollbars=1,resizable=1,left=0,top=0');return false;\" style=\"background-position: -120px -120px \"><\/a>\r\n\t\t\t\t\t<\/li>\r\n\t\t\t\t\t\t\t\t\t\t<li class=\"none nobackground \" >\r\n\r\n\t\t\t\t\t\t\t\t\t\t\t\t<a id=\"backforunical3784\" href=\"https:\/\/www.tumblr.com\/share\/link?url=www.fabregat-perulles-sales.com\/actualidad\/wp-json\/wp\/v2\/posts\/3784&name=Entra en vigor el nuevo Decreto-Ley 5\/2019, de 5 de marzo, de medidas urgentes para mejorar el acceso a la vivienda. Catalu\u00f1a\"  onclick=\"javascript:void window.open('https:\/\/www.tumblr.com\/share\/link?url=www.fabregat-perulles-sales.com\/actualidad\/wp-json\/wp\/v2\/posts\/3784&name=Entra en vigor el nuevo Decreto-Ley 5\/2019, de 5 de marzo, de medidas urgentes para mejorar el acceso a la vivienda. Catalu\u00f1a','1410949501326','width=700,height=500,toolbar=0,menubar=0,location=0,status=1,scrollbars=1,resizable=1,left=0,top=0');return false;\" style=\"background-position: -150px -120px \"><\/a>\r\n\t\t\t\t\t<\/li>\r\n\t\t\t\t\t\t\t\t\t\t<li class=\"none nobackground \" >\r\n\r\n\t\t\t\t\t\t\t\t\t\t\t\t<a id=\"backforunical3784\" href=\"http:\/\/digg.com\/submit?phase=2&url=www.fabregat-perulles-sales.com\/actualidad\/wp-json\/wp\/v2\/posts\/3784&title=Entra en vigor el nuevo Decreto-Ley 5\/2019, de 5 de marzo, de medidas urgentes para mejorar el acceso a la vivienda. Catalu\u00f1a\"  onclick=\"javascript:void window.open('http:\/\/digg.com\/submit?phase=2&url=www.fabregat-perulles-sales.com\/actualidad\/wp-json\/wp\/v2\/posts\/3784&title=Entra en vigor el nuevo Decreto-Ley 5\/2019, de 5 de marzo, de medidas urgentes para mejorar el acceso a la vivienda. Catalu\u00f1a','1410949501326','width=700,height=500,toolbar=0,menubar=0,location=0,status=1,scrollbars=1,resizable=1,left=0,top=0');return false;\" style=\"background-position: -180px -120px \"><\/a>\r\n\t\t\t\t\t<\/li>\r\n\t\t\t\t\t\t\t\t\t\t<li class=\"none nobackground \" >\r\n\r\n\t\t\t\t\t\t\t\t\t\t\t\t<a id=\"backforunical3784\" href=\"http:\/\/www.stumbleupon.com\/submit?url=www.fabregat-perulles-sales.com\/actualidad\/wp-json\/wp\/v2\/posts\/3784&title=Entra en vigor el nuevo Decreto-Ley 5\/2019, de 5 de marzo, de medidas urgentes para mejorar el acceso a la vivienda. Catalu\u00f1a\"  onclick=\"javascript:void window.open('http:\/\/www.stumbleupon.com\/submit?url=www.fabregat-perulles-sales.com\/actualidad\/wp-json\/wp\/v2\/posts\/3784&title=Entra en vigor el nuevo Decreto-Ley 5\/2019, de 5 de marzo, de medidas urgentes para mejorar el acceso a la vivienda. Catalu\u00f1a','1410949501326','width=700,height=500,toolbar=0,menubar=0,location=0,status=1,scrollbars=1,resizable=1,left=0,top=0');return false;\" style=\"background-position: -210px -120px \"><\/a>\r\n\t\t\t\t\t<\/li>\r\n\t\t\t\t\t\t\t\t\t\t<li class=\"none nobackground \" >\r\n\r\n\t\t\t\t\t\t\t\t\t\t\t\t<a id=\"backforunical3784\" href=\"https:\/\/myspace.com\/post?l=3&u=www.fabregat-perulles-sales.com\/actualidad\/wp-json\/wp\/v2\/posts\/3784\"  onclick=\"javascript:void window.open('https:\/\/myspace.com\/post?l=3&u=www.fabregat-perulles-sales.com\/actualidad\/wp-json\/wp\/v2\/posts\/3784','1410949501326','width=700,height=500,toolbar=0,menubar=0,location=0,status=1,scrollbars=1,resizable=1,left=0,top=0');return false;\" style=\"background-position: -240px -120px \"><\/a>\r\n\t\t\t\t\t<\/li>\r\n\t\t\t\t\t\t\t\t\t\t<li class=\"nobackground \" >\r\n\r\n\t\t\t\t\t\t\t\t\t\t\t\t<a id=\"backforunical3784\" href=\"http:\/\/vk.com\/share.php?url=www.fabregat-perulles-sales.com\/actualidad\/wp-json\/wp\/v2\/posts\/3784&title=Entra en vigor el nuevo Decreto-Ley 5\/2019, de 5 de marzo, de medidas urgentes para mejorar el acceso a la vivienda. Catalu\u00f1a\"  onclick=\"javascript:void window.open('http:\/\/vk.com\/share.php?url=www.fabregat-perulles-sales.com\/actualidad\/wp-json\/wp\/v2\/posts\/3784&title=Entra en vigor el nuevo Decreto-Ley 5\/2019, de 5 de marzo, de medidas urgentes para mejorar el acceso a la vivienda. Catalu\u00f1a','1410949501326','width=700,height=500,toolbar=0,menubar=0,location=0,status=1,scrollbars=1,resizable=1,left=0,top=0');return false;\" style=\"background-position: -270px -120px \"><\/a>\r\n\t\t\t\t\t<\/li>\r\n\t\t\t\t\t\t\t\t\t\t<li class=\"none nobackground \" >\r\n\r\n\t\t\t\t\t\t\t\t\t\t\t\t<a id=\"backforunical3784\" href=\"http:\/\/www.reddit.com\/submit?url=www.fabregat-perulles-sales.com\/actualidad\/wp-json\/wp\/v2\/posts\/3784&title=Entra en vigor el nuevo Decreto-Ley 5\/2019, de 5 de marzo, de medidas urgentes para mejorar el acceso a la vivienda. Catalu\u00f1a\"  onclick=\"javascript:void window.open('http:\/\/www.reddit.com\/submit?url=www.fabregat-perulles-sales.com\/actualidad\/wp-json\/wp\/v2\/posts\/3784&title=Entra en vigor el nuevo Decreto-Ley 5\/2019, de 5 de marzo, de medidas urgentes para mejorar el acceso a la vivienda. Catalu\u00f1a','1410949501326','width=700,height=500,toolbar=0,menubar=0,location=0,status=1,scrollbars=1,resizable=1,left=0,top=0');return false;\" style=\"background-position: -300px -120px \"><\/a>\r\n\t\t\t\t\t<\/li>\r\n\t\t\t\t\t\t\t\t\t\t<li class=\"none nobackground \" >\r\n\r\n\t\t\t\t\t\t\t\t\t\t\t\t<a id=\"backforunical3784\" href=\"http:\/\/www.bebo.com\/c\/share?Url=www.fabregat-perulles-sales.com\/actualidad\/wp-json\/wp\/v2\/posts\/3784\"  onclick=\"javascript:void window.open('http:\/\/www.bebo.com\/c\/share?Url=www.fabregat-perulles-sales.com\/actualidad\/wp-json\/wp\/v2\/posts\/3784','1410949501326','width=700,height=500,toolbar=0,menubar=0,location=0,status=1,scrollbars=1,resizable=1,left=0,top=0');return false;\" style=\"background-position: -330px -120px \"><\/a>\r\n\t\t\t\t\t<\/li>\r\n\t\t\t\t\t\t\t\t\t\t<li class=\"none nobackground \" >\r\n\r\n\t\t\t\t\t\t\t\t\t\t\t\t<a id=\"backforunical3784\" href=\"https:\/\/delicious.com\/save?v=5&noui&jump=close&url=www.fabregat-perulles-sales.com\/actualidad\/wp-json\/wp\/v2\/posts\/3784&title=Entra en vigor el nuevo Decreto-Ley 5\/2019, de 5 de marzo, de medidas urgentes para mejorar el acceso a la vivienda. Catalu\u00f1a\"  onclick=\"javascript:void window.open('https:\/\/delicious.com\/save?v=5&noui&jump=close&url=www.fabregat-perulles-sales.com\/actualidad\/wp-json\/wp\/v2\/posts\/3784&title=Entra en vigor el nuevo Decreto-Ley 5\/2019, de 5 de marzo, de medidas urgentes para mejorar el acceso a la vivienda. Catalu\u00f1a','1410949501326','width=700,height=500,toolbar=0,menubar=0,location=0,status=1,scrollbars=1,resizable=1,left=0,top=0');return false;\" style=\"background-position: -360px -120px \"><\/a>\r\n\t\t\t\t\t<\/li>\r\n\t\t\t\t\t\t\t\t\t\t<li class=\"none nobackground \" >\r\n\r\n\t\t\t\t\t\t\t\t\t\t\t\t<a id=\"backforunical3784\" href=\"http:\/\/www.odnoklassniki.ru\/dk?st.cmd=addShare&st.s=2&st.noresize=on&st._surl=www.fabregat-perulles-sales.com\/actualidad\/wp-json\/wp\/v2\/posts\/3784\"  onclick=\"javascript:void window.open('http:\/\/www.odnoklassniki.ru\/dk?st.cmd=addShare&st.s=2&st.noresize=on&st._surl=www.fabregat-perulles-sales.com\/actualidad\/wp-json\/wp\/v2\/posts\/3784','1410949501326','width=700,height=500,toolbar=0,menubar=0,location=0,status=1,scrollbars=1,resizable=1,left=0,top=0');return false;\" style=\"background-position: -390px -120px \"><\/a>\r\n\t\t\t\t\t<\/li>\r\n\t\t\t\t\t\t\t\t\t\t<li class=\"none nobackground \" >\r\n\r\n\t\t\t\t\t\t\t\t\t\t\t\t<a id=\"backforunical3784\" href=\"http:\/\/sns.qzone.qq.com\/cgi-bin\/qzshare\/cgi_qzshare_onekey?url=www.fabregat-perulles-sales.com\/actualidad\/wp-json\/wp\/v2\/posts\/3784&title=Entra en vigor el nuevo Decreto-Ley 5\/2019, de 5 de marzo, de medidas urgentes para mejorar el acceso a la vivienda. Catalu\u00f1a\"  onclick=\"javascript:void window.open('http:\/\/sns.qzone.qq.com\/cgi-bin\/qzshare\/cgi_qzshare_onekey?url=www.fabregat-perulles-sales.com\/actualidad\/wp-json\/wp\/v2\/posts\/3784&title=Entra en vigor el nuevo Decreto-Ley 5\/2019, de 5 de marzo, de medidas urgentes para mejorar el acceso a la vivienda. Catalu\u00f1a','1410949501326','width=700,height=500,toolbar=0,menubar=0,location=0,status=1,scrollbars=1,resizable=1,left=0,top=0');return false;\" style=\"background-position: -420px -120px \"><\/a>\r\n\t\t\t\t\t<\/li>\r\n\t\t\t\t\t\t\t\t\t\t<li class=\"none nobackground \" >\r\n\r\n\t\t\t\t\t\t\t\t\t\t\t\t<a id=\"backforunical3784\" href=\"http:\/\/service.weibo.com\/share\/share.php?url=www.fabregat-perulles-sales.com\/actualidad\/wp-json\/wp\/v2\/posts\/3784&appkey=&title=Entra en vigor el nuevo Decreto-Ley 5\/2019, de 5 de marzo, de medidas urgentes para mejorar el acceso a la vivienda. Catalu\u00f1a&pic=&ralateUid=&\"  onclick=\"javascript:void window.open('http:\/\/service.weibo.com\/share\/share.php?url=www.fabregat-perulles-sales.com\/actualidad\/wp-json\/wp\/v2\/posts\/3784&appkey=&title=Entra en vigor el nuevo Decreto-Ley 5\/2019, de 5 de marzo, de medidas urgentes para mejorar el acceso a la vivienda. Catalu\u00f1a&pic=&ralateUid=&','1410949501326','width=700,height=500,toolbar=0,menubar=0,location=0,status=1,scrollbars=1,resizable=1,left=0,top=0');return false;\" style=\"background-position: -450px -120px \"><\/a>\r\n\t\t\t\t\t<\/li>\r\n\t\t\t\t\t\t\t\t\t\t<li class=\"none nobackground \" >\r\n\r\n\t\t\t\t\t\t\t\t\t\t\t\t<a id=\"backforunical3784\" href=\"http:\/\/widget.renren.com\/dialog\/share?resourceUrl=www.fabregat-perulles-sales.com\/actualidad\/wp-json\/wp\/v2\/posts\/3784&srcUrl=www.fabregat-perulles-sales.com\/actualidad\/wp-json\/wp\/v2\/posts\/3784&title=Entra en vigor el nuevo Decreto-Ley 5\/2019, de 5 de marzo, de medidas urgentes para mejorar el acceso a la vivienda. Catalu\u00f1a\"  onclick=\"javascript:void window.open('http:\/\/widget.renren.com\/dialog\/share?resourceUrl=www.fabregat-perulles-sales.com\/actualidad\/wp-json\/wp\/v2\/posts\/3784&srcUrl=www.fabregat-perulles-sales.com\/actualidad\/wp-json\/wp\/v2\/posts\/3784&title=Entra en vigor el nuevo Decreto-Ley 5\/2019, de 5 de marzo, de medidas urgentes para mejorar el acceso a la vivienda. Catalu\u00f1a','1410949501326','width=700,height=500,toolbar=0,menubar=0,location=0,status=1,scrollbars=1,resizable=1,left=0,top=0');return false;\" style=\"background-position: -480px -120px \"><\/a>\r\n\t\t\t\t\t<\/li>\r\n\t\t\t\t\t\t\t\t\t\t<li class=\"none nobackground \" >\r\n\r\n\t\t\t\t\t\t\t\t\t\t\t\t<a id=\"backforunical3784\" href=\"http:\/\/n4g.com\/tips?url=www.fabregat-perulles-sales.com\/actualidad\/wp-json\/wp\/v2\/posts\/3784&title=Entra en vigor el nuevo Decreto-Ley 5\/2019, de 5 de marzo, de medidas urgentes para mejorar el acceso a la vivienda. Catalu\u00f1a\"  onclick=\"javascript:void window.open('http:\/\/n4g.com\/tips?url=www.fabregat-perulles-sales.com\/actualidad\/wp-json\/wp\/v2\/posts\/3784&title=Entra en vigor el nuevo Decreto-Ley 5\/2019, de 5 de marzo, de medidas urgentes para mejorar el acceso a la vivienda. Catalu\u00f1a','1410949501326','width=700,height=500,toolbar=0,menubar=0,location=0,status=1,scrollbars=1,resizable=1,left=0,top=0');return false;\" style=\"background-position: -510px -120px \"><\/a>\r\n\t\t\t\t\t<\/li>\r\n\t\t\t\t\t\t\t\t<\/ul>\r\n\t\t\t<div class=\"clear\"><\/div>\r\n\t\t<\/div>\r\n\t\t","protected":false},"excerpt":{"rendered":"<p>El pasado 7 de marzo de 2019 se ha publicado en el Bolet\u00edn Oficial de Catalunya (DOGC) el Decreto-Ley 5\/2019, de 5 de marzo, sobre medidas urgentes para mejorar el acceso a la vivienda. Share This:<\/p>\n","protected":false},"author":3,"featured_media":0,"comment_status":"open","ping_status":"closed","sticky":false,"template":"","format":"standard","meta":[],"categories":[86,14,466,3,74],"tags":[1565,1566,1567],"yoast_head":"<!-- This site is optimized with the Yoast SEO plugin v20.2.1 - https:\/\/yoast.com\/wordpress\/plugins\/seo\/ -->\n<title>Acceso a la vivienda. Catalu\u00f1a<\/title>\n<meta name=\"description\" content=\"Se ha publicado en el Bolet\u00edn Oficial de Catalunya (DOGC) el Decreto-Ley 5\/2019, de 5 de marzo, sobre medidas urgentes para mejorar el acceso a la vivienda\" \/>\n<meta name=\"robots\" content=\"index, follow, max-snippet:-1, max-image-preview:large, max-video-preview:-1\" \/>\n<link rel=\"canonical\" href=\"https:\/\/www.fabregat-perulles-sales.com\/actualidad\/entra-en-vigor-el-nuevo-decreto-ley-52019-de-5-de-marzo-de-medidas-urgentes-para-mejorar-el-acceso-a-la-vivienda-cataluna\/\" \/>\n<meta property=\"og:locale\" content=\"en_US\" \/>\n<meta property=\"og:type\" content=\"article\" \/>\n<meta property=\"og:title\" content=\"Acceso a la vivienda. Catalu\u00f1a\" \/>\n<meta property=\"og:description\" content=\"Se ha publicado en el Bolet\u00edn Oficial de Catalunya (DOGC) el Decreto-Ley 5\/2019, de 5 de marzo, sobre medidas urgentes para mejorar el acceso a la vivienda\" \/>\n<meta property=\"og:url\" content=\"https:\/\/www.fabregat-perulles-sales.com\/actualidad\/entra-en-vigor-el-nuevo-decreto-ley-52019-de-5-de-marzo-de-medidas-urgentes-para-mejorar-el-acceso-a-la-vivienda-cataluna\/\" \/>\n<meta property=\"og:site_name\" content=\"International Lawyers\" \/>\n<meta property=\"article:published_time\" content=\"2019-03-08T08:33:21+00:00\" \/>\n<meta property=\"article:modified_time\" content=\"2020-02-28T12:48:59+00:00\" \/>\n<meta property=\"og:image\" content=\"http:\/\/www.fabregat-perulles-sales.com\/actualidad\/wp-content\/uploads\/2019\/03\/catalunya-ciudad-abogados-espanol-300x200.jpg\" \/>\n<meta name=\"author\" content=\"Victor\" \/>\n<meta name=\"twitter:card\" content=\"summary_large_image\" \/>\n<meta name=\"twitter:label1\" content=\"Written by\" \/>\n\t<meta name=\"twitter:data1\" content=\"Victor\" \/>\n\t<meta name=\"twitter:label2\" content=\"Est. reading time\" \/>\n\t<meta name=\"twitter:data2\" content=\"5 minutes\" \/>\n<script type=\"application\/ld+json\" class=\"yoast-schema-graph\">{\"@context\":\"https:\/\/schema.org\",\"@graph\":[{\"@type\":\"WebPage\",\"@id\":\"https:\/\/www.fabregat-perulles-sales.com\/actualidad\/entra-en-vigor-el-nuevo-decreto-ley-52019-de-5-de-marzo-de-medidas-urgentes-para-mejorar-el-acceso-a-la-vivienda-cataluna\/\",\"url\":\"https:\/\/www.fabregat-perulles-sales.com\/actualidad\/entra-en-vigor-el-nuevo-decreto-ley-52019-de-5-de-marzo-de-medidas-urgentes-para-mejorar-el-acceso-a-la-vivienda-cataluna\/\",\"name\":\"Acceso a la vivienda. Catalu\u00f1a\",\"isPartOf\":{\"@id\":\"https:\/\/www.fabregat-perulles-sales.com\/actualidad\/#website\"},\"datePublished\":\"2019-03-08T08:33:21+00:00\",\"dateModified\":\"2020-02-28T12:48:59+00:00\",\"author\":{\"@id\":\"https:\/\/www.fabregat-perulles-sales.com\/actualidad\/#\/schema\/person\/cabc1d68c7778f01d5e069c2d98442e3\"},\"description\":\"Se ha publicado en el Bolet\u00edn Oficial de Catalunya (DOGC) el Decreto-Ley 5\/2019, de 5 de marzo, sobre medidas urgentes para mejorar el acceso a la vivienda\",\"breadcrumb\":{\"@id\":\"https:\/\/www.fabregat-perulles-sales.com\/actualidad\/entra-en-vigor-el-nuevo-decreto-ley-52019-de-5-de-marzo-de-medidas-urgentes-para-mejorar-el-acceso-a-la-vivienda-cataluna\/#breadcrumb\"},\"inLanguage\":\"en-US\",\"potentialAction\":[{\"@type\":\"ReadAction\",\"target\":[\"https:\/\/www.fabregat-perulles-sales.com\/actualidad\/entra-en-vigor-el-nuevo-decreto-ley-52019-de-5-de-marzo-de-medidas-urgentes-para-mejorar-el-acceso-a-la-vivienda-cataluna\/\"]}]},{\"@type\":\"BreadcrumbList\",\"@id\":\"https:\/\/www.fabregat-perulles-sales.com\/actualidad\/entra-en-vigor-el-nuevo-decreto-ley-52019-de-5-de-marzo-de-medidas-urgentes-para-mejorar-el-acceso-a-la-vivienda-cataluna\/#breadcrumb\",\"itemListElement\":[{\"@type\":\"ListItem\",\"position\":1,\"name\":\"Home\",\"item\":\"https:\/\/www.fabregat-perulles-sales.com\/actualidad\/\"},{\"@type\":\"ListItem\",\"position\":2,\"name\":\"Entra en vigor el nuevo Decreto-Ley 5\/2019, de 5 de marzo, de medidas urgentes para mejorar el acceso a la vivienda. Catalu\u00f1a\"}]},{\"@type\":\"WebSite\",\"@id\":\"https:\/\/www.fabregat-perulles-sales.com\/actualidad\/#website\",\"url\":\"https:\/\/www.fabregat-perulles-sales.com\/actualidad\/\",\"name\":\"www.fabregat-perulles-sales.com\",\"description\":\"Fabregat Perulles Sales Abogados is a law firm of reference international market in the Spanish-German, Spanish-French, and Spanish-Italian. Is one of the first firms in Barcelona offering a Russian Desk.\",\"potentialAction\":[{\"@type\":\"SearchAction\",\"target\":{\"@type\":\"EntryPoint\",\"urlTemplate\":\"https:\/\/www.fabregat-perulles-sales.com\/actualidad\/?s={search_term_string}\"},\"query-input\":\"required name=search_term_string\"}],\"inLanguage\":\"en-US\"},{\"@type\":\"Person\",\"@id\":\"https:\/\/www.fabregat-perulles-sales.com\/actualidad\/#\/schema\/person\/cabc1d68c7778f01d5e069c2d98442e3\",\"name\":\"Victor\",\"image\":{\"@type\":\"ImageObject\",\"inLanguage\":\"en-US\",\"@id\":\"https:\/\/www.fabregat-perulles-sales.com\/actualidad\/#\/schema\/person\/image\/\",\"url\":\"https:\/\/secure.gravatar.com\/avatar\/756cb666a964d2960ffe307b8a53b271?s=96&d=mm&r=g\",\"contentUrl\":\"https:\/\/secure.gravatar.com\/avatar\/756cb666a964d2960ffe307b8a53b271?s=96&d=mm&r=g\",\"caption\":\"Victor\"},\"sameAs\":[\"http:\/\/www.fabregat-perulles-sales.com\"],\"url\":\"https:\/\/www.fabregat-perulles-sales.com\/actualidad\/author\/victor\/\"}]}<\/script>\n<!-- \/ Yoast SEO plugin. -->","yoast_head_json":{"title":"Acceso a la vivienda. Catalu\u00f1a","description":"Se ha publicado en el Bolet\u00edn Oficial de Catalunya (DOGC) el Decreto-Ley 5\/2019, de 5 de marzo, sobre medidas urgentes para mejorar el acceso a la vivienda","robots":{"index":"index","follow":"follow","max-snippet":"max-snippet:-1","max-image-preview":"max-image-preview:large","max-video-preview":"max-video-preview:-1"},"canonical":"https:\/\/www.fabregat-perulles-sales.com\/actualidad\/entra-en-vigor-el-nuevo-decreto-ley-52019-de-5-de-marzo-de-medidas-urgentes-para-mejorar-el-acceso-a-la-vivienda-cataluna\/","og_locale":"en_US","og_type":"article","og_title":"Acceso a la vivienda. Catalu\u00f1a","og_description":"Se ha publicado en el Bolet\u00edn Oficial de Catalunya (DOGC) el Decreto-Ley 5\/2019, de 5 de marzo, sobre medidas urgentes para mejorar el acceso a la vivienda","og_url":"https:\/\/www.fabregat-perulles-sales.com\/actualidad\/entra-en-vigor-el-nuevo-decreto-ley-52019-de-5-de-marzo-de-medidas-urgentes-para-mejorar-el-acceso-a-la-vivienda-cataluna\/","og_site_name":"International Lawyers","article_published_time":"2019-03-08T08:33:21+00:00","article_modified_time":"2020-02-28T12:48:59+00:00","og_image":[{"url":"http:\/\/www.fabregat-perulles-sales.com\/actualidad\/wp-content\/uploads\/2019\/03\/catalunya-ciudad-abogados-espanol-300x200.jpg"}],"author":"Victor","twitter_card":"summary_large_image","twitter_misc":{"Written by":"Victor","Est. reading time":"5 minutes"},"schema":{"@context":"https:\/\/schema.org","@graph":[{"@type":"WebPage","@id":"https:\/\/www.fabregat-perulles-sales.com\/actualidad\/entra-en-vigor-el-nuevo-decreto-ley-52019-de-5-de-marzo-de-medidas-urgentes-para-mejorar-el-acceso-a-la-vivienda-cataluna\/","url":"https:\/\/www.fabregat-perulles-sales.com\/actualidad\/entra-en-vigor-el-nuevo-decreto-ley-52019-de-5-de-marzo-de-medidas-urgentes-para-mejorar-el-acceso-a-la-vivienda-cataluna\/","name":"Acceso a la vivienda. Catalu\u00f1a","isPartOf":{"@id":"https:\/\/www.fabregat-perulles-sales.com\/actualidad\/#website"},"datePublished":"2019-03-08T08:33:21+00:00","dateModified":"2020-02-28T12:48:59+00:00","author":{"@id":"https:\/\/www.fabregat-perulles-sales.com\/actualidad\/#\/schema\/person\/cabc1d68c7778f01d5e069c2d98442e3"},"description":"Se ha publicado en el Bolet\u00edn Oficial de Catalunya (DOGC) el Decreto-Ley 5\/2019, de 5 de marzo, sobre medidas urgentes para mejorar el acceso a la vivienda","breadcrumb":{"@id":"https:\/\/www.fabregat-perulles-sales.com\/actualidad\/entra-en-vigor-el-nuevo-decreto-ley-52019-de-5-de-marzo-de-medidas-urgentes-para-mejorar-el-acceso-a-la-vivienda-cataluna\/#breadcrumb"},"inLanguage":"en-US","potentialAction":[{"@type":"ReadAction","target":["https:\/\/www.fabregat-perulles-sales.com\/actualidad\/entra-en-vigor-el-nuevo-decreto-ley-52019-de-5-de-marzo-de-medidas-urgentes-para-mejorar-el-acceso-a-la-vivienda-cataluna\/"]}]},{"@type":"BreadcrumbList","@id":"https:\/\/www.fabregat-perulles-sales.com\/actualidad\/entra-en-vigor-el-nuevo-decreto-ley-52019-de-5-de-marzo-de-medidas-urgentes-para-mejorar-el-acceso-a-la-vivienda-cataluna\/#breadcrumb","itemListElement":[{"@type":"ListItem","position":1,"name":"Home","item":"https:\/\/www.fabregat-perulles-sales.com\/actualidad\/"},{"@type":"ListItem","position":2,"name":"Entra en vigor el nuevo Decreto-Ley 5\/2019, de 5 de marzo, de medidas urgentes para mejorar el acceso a la vivienda. Catalu\u00f1a"}]},{"@type":"WebSite","@id":"https:\/\/www.fabregat-perulles-sales.com\/actualidad\/#website","url":"https:\/\/www.fabregat-perulles-sales.com\/actualidad\/","name":"www.fabregat-perulles-sales.com","description":"Fabregat Perulles Sales Abogados is a law firm of reference international market in the Spanish-German, Spanish-French, and Spanish-Italian. Is one of the first firms in Barcelona offering a Russian Desk.","potentialAction":[{"@type":"SearchAction","target":{"@type":"EntryPoint","urlTemplate":"https:\/\/www.fabregat-perulles-sales.com\/actualidad\/?s={search_term_string}"},"query-input":"required name=search_term_string"}],"inLanguage":"en-US"},{"@type":"Person","@id":"https:\/\/www.fabregat-perulles-sales.com\/actualidad\/#\/schema\/person\/cabc1d68c7778f01d5e069c2d98442e3","name":"Victor","image":{"@type":"ImageObject","inLanguage":"en-US","@id":"https:\/\/www.fabregat-perulles-sales.com\/actualidad\/#\/schema\/person\/image\/","url":"https:\/\/secure.gravatar.com\/avatar\/756cb666a964d2960ffe307b8a53b271?s=96&d=mm&r=g","contentUrl":"https:\/\/secure.gravatar.com\/avatar\/756cb666a964d2960ffe307b8a53b271?s=96&d=mm&r=g","caption":"Victor"},"sameAs":["http:\/\/www.fabregat-perulles-sales.com"],"url":"https:\/\/www.fabregat-perulles-sales.com\/actualidad\/author\/victor\/"}]}},"amp_enabled":true,"_links":{"self":[{"href":"https:\/\/www.fabregat-perulles-sales.com\/actualidad\/wp-json\/wp\/v2\/posts\/3784"}],"collection":[{"href":"https:\/\/www.fabregat-perulles-sales.com\/actualidad\/wp-json\/wp\/v2\/posts"}],"about":[{"href":"https:\/\/www.fabregat-perulles-sales.com\/actualidad\/wp-json\/wp\/v2\/types\/post"}],"author":[{"embeddable":true,"href":"https:\/\/www.fabregat-perulles-sales.com\/actualidad\/wp-json\/wp\/v2\/users\/3"}],"replies":[{"embeddable":true,"href":"https:\/\/www.fabregat-perulles-sales.com\/actualidad\/wp-json\/wp\/v2\/comments?post=3784"}],"version-history":[{"count":3,"href":"https:\/\/www.fabregat-perulles-sales.com\/actualidad\/wp-json\/wp\/v2\/posts\/3784\/revisions"}],"predecessor-version":[{"id":4262,"href":"https:\/\/www.fabregat-perulles-sales.com\/actualidad\/wp-json\/wp\/v2\/posts\/3784\/revisions\/4262"}],"wp:attachment":[{"href":"https:\/\/www.fabregat-perulles-sales.com\/actualidad\/wp-json\/wp\/v2\/media?parent=3784"}],"wp:term":[{"taxonomy":"category","embeddable":true,"href":"https:\/\/www.fabregat-perulles-sales.com\/actualidad\/wp-json\/wp\/v2\/categories?post=3784"},{"taxonomy":"post_tag","embeddable":true,"href":"https:\/\/www.fabregat-perulles-sales.com\/actualidad\/wp-json\/wp\/v2\/tags?post=3784"}],"curies":[{"name":"wp","href":"https:\/\/api.w.org\/{rel}","templated":true}]}}