{"id":3745,"date":"2019-02-04T12:41:22","date_gmt":"2019-02-04T11:41:22","guid":{"rendered":"http:\/\/www.fabregat-perulles-sales.com\/actualidad\/?p=3745"},"modified":"2019-02-04T12:41:22","modified_gmt":"2019-02-04T11:41:22","slug":"fabregat-perulles-sales-abogados-berat-aew-beim-erwerb-eines-10-500-m2-grosen-burogebaudes","status":"publish","type":"post","link":"https:\/\/www.fabregat-perulles-sales.com\/actualidad\/fabregat-perulles-sales-abogados-berat-aew-beim-erwerb-eines-10-500-m2-grosen-burogebaudes\/","title":{"rendered":"FABREGAT PERULLES SALES ABOGADOS ber\u00e4t AEW beim Erwerb eines 10.500 m2 gro\u00dfen B\u00fcrogeb\u00e4udes"},"content":{"rendered":"<p><img decoding=\"async\" loading=\"lazy\" class=\"alignright size-medium wp-image-3701\" src=\"http:\/\/www.fabregat-perulles-sales.com\/actualidad\/wp-content\/uploads\/2019\/01\/FPS-asesora-compraventa-abogados-espanol-300x225.jpg\" alt=\"FPS ber\u00e4t AEW B\u00fcrogeb\u00e4udes\" width=\"300\" height=\"225\" srcset=\"https:\/\/www.fabregat-perulles-sales.com\/actualidad\/wp-content\/uploads\/2019\/01\/FPS-asesora-compraventa-abogados-espanol-300x225.jpg 300w, https:\/\/www.fabregat-perulles-sales.com\/actualidad\/wp-content\/uploads\/2019\/01\/FPS-asesora-compraventa-abogados-espanol-768x576.jpg 768w, https:\/\/www.fabregat-perulles-sales.com\/actualidad\/wp-content\/uploads\/2019\/01\/FPS-asesora-compraventa-abogados-espanol-660x495.jpg 660w, https:\/\/www.fabregat-perulles-sales.com\/actualidad\/wp-content\/uploads\/2019\/01\/FPS-asesora-compraventa-abogados-espanol.jpg 791w\" sizes=\"(max-width: 300px) 100vw, 300px\" \/>FABREGAT PERULLES SALES ABOGADOS ber\u00e4t AEW beim Erwerb eines 10.500 m2 gro\u00dfen B\u00fcrogeb\u00e4udes in Barcelona. Der Betrieb befindet sich in Vila Ol\u00edmpica, Barcelona, in der N\u00e4he des Yachthafens und wurde von Grupo Lar \u00fcbernommen.<\/p>\n<p>Klicken Sie hier f\u00fcr weitere Informationen: <a href=\"http:\/\/www.deal-magazin.com\/news\/79557\/AEW-kauft-Buerogebaeude-fuer-deutsches-Individualmandat-in-Barcelona\" target=\"_blank\" rel=\"noopener noreferrer\">http:\/\/www.deal-magazin.com\/news\/79557\/AEW-kauft-Buerogebaeude-fuer-deutsches-Individualmandat-in-Barcelona<\/a><\/p>\n\r\n\t\t<style>\r\n\t\t\t.huge-it-share-buttons {\r\n\t\t\t\tborder:0px solid #0FB5D6;\r\n\t\t\t\tborder-radius:5px;\r\n\t\t\t\tbackground:#3BD8FF;\r\n\t\t\t text-align:left; \t\t\t\t\t\t\t\t\t}\r\n\r\n\t\t\t#huge-it-share-buttons-top {margin-bottom:0px;}\r\n\t\t\t#huge-it-share-buttons-bottom {margin-top:0px;}\r\n\r\n\t\t\t.huge-it-share-buttons h3 {\r\n\t\t\t\tfont-size:25px ;\r\n\t\t\t\tfont-family:Arial,Helvetica Neue,Helvetica,sans-serif;\r\n\t\t\t\tcolor:#666666;\r\n\r\n\t\t\tdisplay:block;\t\t\t\tline-height:25px ;\r\n\r\n\t\t\t text-align:left; \t\t\t\t\t\t\t\t\t}\r\n\r\n\t\t\t.huge-it-share-buttons ul {\r\n\t\t\t float:left; \t\t\t\t\t\t\t\t\t}\r\n\r\n\t\t\t.huge-it-share-buttons ul li {\r\n\t\t\t\tmargin-left:3px;\r\n\t\t\t\tmargin-right:3px;\r\n\t\t\t\tpadding:0px;\r\n\t\t\t\tborder:0px ridge #E6354C;\r\n\t\t\t\tborder-radius:11px;\r\n\t\t\t\tbackground-color:#14CC9B;\r\n\t\t\t}\r\n\r\n\t\t\t.huge-it-share-buttons ul li #backforunical3745 {\r\n\t\t\t\tborder-bottom: 0;\r\n\t\t\t\tbackground-image:url('https:\/\/www.fabregat-perulles-sales.com\/actualidad\/wp-content\/plugins\/wp-share-buttons\/Front_end\/..\/images\/buttons.30.png');\r\n\t\t\t\twidth:30px;\r\n\t\t\t\theight:30px;\r\n\t\t\t}\r\n\r\n\t\t\t.front-shares-count {\r\n\t\t\t\tposition: absolute;\r\n\t\t\t\ttext-align: center;\r\n\t\t\t\tdisplay: block;\r\n\t\t\t}\r\n\r\n\t\t\t.shares_size20 .front-shares-count {\r\n\t\t\t\tfont-size: 10px;\r\n\t\t\t\ttop: 10px;\r\n\t\t\t\twidth: 20px;\r\n\t\t\t}\r\n\r\n\t\t\t.shares_size30 .front-shares-count {\r\n\t\t\t\tfont-size: 11px;\r\n\t\t\t\ttop: 15px;\r\n\t\t\t\twidth: 30px;\r\n\t\t\t}\r\n\r\n\t\t\t.shares_size40 .front-shares-count {\r\n\t\t\t\tfont-size: 12px;\r\n\t\t\t\ttop: 21px;\r\n\t\t\t\twidth: 40px;\r\n\t\t\t}\r\n\t\t<\/style>\r\n\t\t\r\n\t\t<div id=\"huge-it-share-buttons-top\" class=\"huge-it-share-buttons nobackground\">\r\n\t\t\t<h3>Share This:<\/h3>\r\n\t\t\t<ul class=\"huge-it-share-buttons-list \">\r\n\t\t\t\t\t\t\t\t\t<li class=\"nobackground \" >\r\n\r\n\t\t\t\t\t\t\t\t\t\t\t\t<a id=\"backforunical3745\" href=\"https:\/\/www.facebook.com\/sharer\/sharer.php?u=www.fabregat-perulles-sales.com\/actualidad\/wp-json\/wp\/v2\/posts\/3745\"  onclick=\"javascript:void window.open('https:\/\/www.facebook.com\/sharer\/sharer.php?u=www.fabregat-perulles-sales.com\/actualidad\/wp-json\/wp\/v2\/posts\/3745','1410949501326','width=700,height=500,toolbar=0,menubar=0,location=0,status=1,scrollbars=1,resizable=1,left=0,top=0');return false;\" style=\"background-position: -0px -120px \"><\/a>\r\n\t\t\t\t\t<\/li>\r\n\t\t\t\t\t\t\t\t\t\t<li class=\"nobackground \" >\r\n\r\n\t\t\t\t\t\t\t\t\t\t\t\t<a id=\"backforunical3745\" href=\"https:\/\/twitter.com\/share?status=www.fabregat-perulles-sales.com\/actualidad\/wp-json\/wp\/v2\/posts\/3745&text=FABREGAT PERULLES SALES ABOGADOS ber\u00e4t AEW beim Erwerb eines 10.500 m2 gro\u00dfen B\u00fcrogeb\u00e4udes\"  onclick=\"javascript:void window.open('https:\/\/twitter.com\/share?status=www.fabregat-perulles-sales.com\/actualidad\/wp-json\/wp\/v2\/posts\/3745&text=FABREGAT PERULLES SALES ABOGADOS ber\u00e4t AEW beim Erwerb eines 10.500 m2 gro\u00dfen B\u00fcrogeb\u00e4udes','1410949501326','width=700,height=500,toolbar=0,menubar=0,location=0,status=1,scrollbars=1,resizable=1,left=0,top=0');return false;\" style=\"background-position: -30px -120px \"><\/a>\r\n\t\t\t\t\t<\/li>\r\n\t\t\t\t\t\t\t\t\t\t<li class=\"none nobackground \" >\r\n\r\n\t\t\t\t\t\t\t\t\t\t\t\t<a id=\"backforunical3745\" href=\"http:\/\/www.pinterest.com\/pin\/create\/button\/?url=www.fabregat-perulles-sales.com\/actualidad\/wp-json\/wp\/v2\/posts\/3745&media=https:\/\/www.fabregat-perulles-sales.com\/actualidad\/wp-content\/plugins\/wp-share-buttons\/Front_end\/..\/images\/noimage.png&description=FABREGAT PERULLES SALES ABOGADOS ber\u00e4t AEW beim Erwerb eines 10.500 m2 gro\u00dfen B\u00fcrogeb\u00e4udes\"  onclick=\"javascript:void window.open('http:\/\/www.pinterest.com\/pin\/create\/button\/?url=www.fabregat-perulles-sales.com\/actualidad\/wp-json\/wp\/v2\/posts\/3745&media=https:\/\/www.fabregat-perulles-sales.com\/actualidad\/wp-content\/plugins\/wp-share-buttons\/Front_end\/..\/images\/noimage.png&description=FABREGAT PERULLES SALES ABOGADOS ber\u00e4t AEW beim Erwerb eines 10.500 m2 gro\u00dfen B\u00fcrogeb\u00e4udes','1410949501326','width=700,height=500,toolbar=0,menubar=0,location=0,status=1,scrollbars=1,resizable=1,left=0,top=0');return false;\" style=\"background-position: -60px -120px \"><\/a>\r\n\t\t\t\t\t<\/li>\r\n\t\t\t\t\t\t\t\t\t\t<li class=\"none nobackground \" >\r\n\r\n\t\t\t\t\t\t\t\t\t\t\t\t<a id=\"backforunical3745\" href=\"https:\/\/plus.google.com\/share?url=www.fabregat-perulles-sales.com\/actualidad\/wp-json\/wp\/v2\/posts\/3745\"  onclick=\"javascript:void window.open('https:\/\/plus.google.com\/share?url=www.fabregat-perulles-sales.com\/actualidad\/wp-json\/wp\/v2\/posts\/3745','1410949501326','width=700,height=500,toolbar=0,menubar=0,location=0,status=1,scrollbars=1,resizable=1,left=0,top=0');return false;\" style=\"background-position: -90px -120px \"><\/a>\r\n\t\t\t\t\t<\/li>\r\n\t\t\t\t\t\t\t\t\t\t<li class=\"nobackground \" >\r\n\r\n\t\t\t\t\t\t\t\t\t\t\t\t<a id=\"backforunical3745\" href=\"https:\/\/www.linkedin.com\/shareArticle?title=FABREGAT PERULLES SALES ABOGADOS ber\u00e4t AEW beim Erwerb eines 10.500 m2 gro\u00dfen B\u00fcrogeb\u00e4udes&mini=true&url=https:\/\/www.fabregat-perulles-sales.com\/actualidad\/wp-json\/wp\/v2\/posts\/3745\"  onclick=\"javascript:void window.open('https:\/\/www.linkedin.com\/shareArticle?title=FABREGAT PERULLES SALES ABOGADOS ber\u00e4t AEW beim Erwerb eines 10.500 m2 gro\u00dfen B\u00fcrogeb\u00e4udes&mini=true&url=https:\/\/www.fabregat-perulles-sales.com\/actualidad\/wp-json\/wp\/v2\/posts\/3745','1410949501326','width=700,height=500,toolbar=0,menubar=0,location=0,status=1,scrollbars=1,resizable=1,left=0,top=0');return false;\" style=\"background-position: -120px -120px \"><\/a>\r\n\t\t\t\t\t<\/li>\r\n\t\t\t\t\t\t\t\t\t\t<li class=\"none nobackground \" >\r\n\r\n\t\t\t\t\t\t\t\t\t\t\t\t<a id=\"backforunical3745\" href=\"https:\/\/www.tumblr.com\/share\/link?url=www.fabregat-perulles-sales.com\/actualidad\/wp-json\/wp\/v2\/posts\/3745&name=FABREGAT PERULLES SALES ABOGADOS ber\u00e4t AEW beim Erwerb eines 10.500 m2 gro\u00dfen B\u00fcrogeb\u00e4udes\"  onclick=\"javascript:void window.open('https:\/\/www.tumblr.com\/share\/link?url=www.fabregat-perulles-sales.com\/actualidad\/wp-json\/wp\/v2\/posts\/3745&name=FABREGAT PERULLES SALES ABOGADOS ber\u00e4t AEW beim Erwerb eines 10.500 m2 gro\u00dfen B\u00fcrogeb\u00e4udes','1410949501326','width=700,height=500,toolbar=0,menubar=0,location=0,status=1,scrollbars=1,resizable=1,left=0,top=0');return false;\" style=\"background-position: -150px -120px \"><\/a>\r\n\t\t\t\t\t<\/li>\r\n\t\t\t\t\t\t\t\t\t\t<li class=\"none nobackground \" >\r\n\r\n\t\t\t\t\t\t\t\t\t\t\t\t<a id=\"backforunical3745\" href=\"http:\/\/digg.com\/submit?phase=2&url=www.fabregat-perulles-sales.com\/actualidad\/wp-json\/wp\/v2\/posts\/3745&title=FABREGAT PERULLES SALES ABOGADOS ber\u00e4t AEW beim Erwerb eines 10.500 m2 gro\u00dfen B\u00fcrogeb\u00e4udes\"  onclick=\"javascript:void window.open('http:\/\/digg.com\/submit?phase=2&url=www.fabregat-perulles-sales.com\/actualidad\/wp-json\/wp\/v2\/posts\/3745&title=FABREGAT PERULLES SALES ABOGADOS ber\u00e4t AEW beim Erwerb eines 10.500 m2 gro\u00dfen B\u00fcrogeb\u00e4udes','1410949501326','width=700,height=500,toolbar=0,menubar=0,location=0,status=1,scrollbars=1,resizable=1,left=0,top=0');return false;\" style=\"background-position: -180px -120px \"><\/a>\r\n\t\t\t\t\t<\/li>\r\n\t\t\t\t\t\t\t\t\t\t<li class=\"none nobackground \" >\r\n\r\n\t\t\t\t\t\t\t\t\t\t\t\t<a id=\"backforunical3745\" href=\"http:\/\/www.stumbleupon.com\/submit?url=www.fabregat-perulles-sales.com\/actualidad\/wp-json\/wp\/v2\/posts\/3745&title=FABREGAT PERULLES SALES ABOGADOS ber\u00e4t AEW beim Erwerb eines 10.500 m2 gro\u00dfen B\u00fcrogeb\u00e4udes\"  onclick=\"javascript:void window.open('http:\/\/www.stumbleupon.com\/submit?url=www.fabregat-perulles-sales.com\/actualidad\/wp-json\/wp\/v2\/posts\/3745&title=FABREGAT PERULLES SALES ABOGADOS ber\u00e4t AEW beim Erwerb eines 10.500 m2 gro\u00dfen B\u00fcrogeb\u00e4udes','1410949501326','width=700,height=500,toolbar=0,menubar=0,location=0,status=1,scrollbars=1,resizable=1,left=0,top=0');return false;\" style=\"background-position: -210px -120px \"><\/a>\r\n\t\t\t\t\t<\/li>\r\n\t\t\t\t\t\t\t\t\t\t<li class=\"none nobackground \" >\r\n\r\n\t\t\t\t\t\t\t\t\t\t\t\t<a id=\"backforunical3745\" href=\"https:\/\/myspace.com\/post?l=3&u=www.fabregat-perulles-sales.com\/actualidad\/wp-json\/wp\/v2\/posts\/3745\"  onclick=\"javascript:void window.open('https:\/\/myspace.com\/post?l=3&u=www.fabregat-perulles-sales.com\/actualidad\/wp-json\/wp\/v2\/posts\/3745','1410949501326','width=700,height=500,toolbar=0,menubar=0,location=0,status=1,scrollbars=1,resizable=1,left=0,top=0');return false;\" style=\"background-position: -240px -120px \"><\/a>\r\n\t\t\t\t\t<\/li>\r\n\t\t\t\t\t\t\t\t\t\t<li class=\"nobackground \" >\r\n\r\n\t\t\t\t\t\t\t\t\t\t\t\t<a id=\"backforunical3745\" href=\"http:\/\/vk.com\/share.php?url=www.fabregat-perulles-sales.com\/actualidad\/wp-json\/wp\/v2\/posts\/3745&title=FABREGAT PERULLES SALES ABOGADOS ber\u00e4t AEW beim Erwerb eines 10.500 m2 gro\u00dfen B\u00fcrogeb\u00e4udes\"  onclick=\"javascript:void window.open('http:\/\/vk.com\/share.php?url=www.fabregat-perulles-sales.com\/actualidad\/wp-json\/wp\/v2\/posts\/3745&title=FABREGAT PERULLES SALES ABOGADOS ber\u00e4t AEW beim Erwerb eines 10.500 m2 gro\u00dfen B\u00fcrogeb\u00e4udes','1410949501326','width=700,height=500,toolbar=0,menubar=0,location=0,status=1,scrollbars=1,resizable=1,left=0,top=0');return false;\" style=\"background-position: -270px -120px \"><\/a>\r\n\t\t\t\t\t<\/li>\r\n\t\t\t\t\t\t\t\t\t\t<li class=\"none nobackground \" >\r\n\r\n\t\t\t\t\t\t\t\t\t\t\t\t<a id=\"backforunical3745\" href=\"http:\/\/www.reddit.com\/submit?url=www.fabregat-perulles-sales.com\/actualidad\/wp-json\/wp\/v2\/posts\/3745&title=FABREGAT PERULLES SALES ABOGADOS ber\u00e4t AEW beim Erwerb eines 10.500 m2 gro\u00dfen B\u00fcrogeb\u00e4udes\"  onclick=\"javascript:void window.open('http:\/\/www.reddit.com\/submit?url=www.fabregat-perulles-sales.com\/actualidad\/wp-json\/wp\/v2\/posts\/3745&title=FABREGAT PERULLES SALES ABOGADOS ber\u00e4t AEW beim Erwerb eines 10.500 m2 gro\u00dfen B\u00fcrogeb\u00e4udes','1410949501326','width=700,height=500,toolbar=0,menubar=0,location=0,status=1,scrollbars=1,resizable=1,left=0,top=0');return false;\" style=\"background-position: -300px -120px \"><\/a>\r\n\t\t\t\t\t<\/li>\r\n\t\t\t\t\t\t\t\t\t\t<li class=\"none nobackground \" >\r\n\r\n\t\t\t\t\t\t\t\t\t\t\t\t<a id=\"backforunical3745\" href=\"http:\/\/www.bebo.com\/c\/share?Url=www.fabregat-perulles-sales.com\/actualidad\/wp-json\/wp\/v2\/posts\/3745\"  onclick=\"javascript:void window.open('http:\/\/www.bebo.com\/c\/share?Url=www.fabregat-perulles-sales.com\/actualidad\/wp-json\/wp\/v2\/posts\/3745','1410949501326','width=700,height=500,toolbar=0,menubar=0,location=0,status=1,scrollbars=1,resizable=1,left=0,top=0');return false;\" style=\"background-position: -330px -120px \"><\/a>\r\n\t\t\t\t\t<\/li>\r\n\t\t\t\t\t\t\t\t\t\t<li class=\"none nobackground \" >\r\n\r\n\t\t\t\t\t\t\t\t\t\t\t\t<a id=\"backforunical3745\" href=\"https:\/\/delicious.com\/save?v=5&noui&jump=close&url=www.fabregat-perulles-sales.com\/actualidad\/wp-json\/wp\/v2\/posts\/3745&title=FABREGAT PERULLES SALES ABOGADOS ber\u00e4t AEW beim Erwerb eines 10.500 m2 gro\u00dfen B\u00fcrogeb\u00e4udes\"  onclick=\"javascript:void window.open('https:\/\/delicious.com\/save?v=5&noui&jump=close&url=www.fabregat-perulles-sales.com\/actualidad\/wp-json\/wp\/v2\/posts\/3745&title=FABREGAT PERULLES SALES ABOGADOS ber\u00e4t AEW beim Erwerb eines 10.500 m2 gro\u00dfen B\u00fcrogeb\u00e4udes','1410949501326','width=700,height=500,toolbar=0,menubar=0,location=0,status=1,scrollbars=1,resizable=1,left=0,top=0');return false;\" style=\"background-position: -360px -120px \"><\/a>\r\n\t\t\t\t\t<\/li>\r\n\t\t\t\t\t\t\t\t\t\t<li class=\"none nobackground \" >\r\n\r\n\t\t\t\t\t\t\t\t\t\t\t\t<a id=\"backforunical3745\" href=\"http:\/\/www.odnoklassniki.ru\/dk?st.cmd=addShare&st.s=2&st.noresize=on&st._surl=www.fabregat-perulles-sales.com\/actualidad\/wp-json\/wp\/v2\/posts\/3745\"  onclick=\"javascript:void window.open('http:\/\/www.odnoklassniki.ru\/dk?st.cmd=addShare&st.s=2&st.noresize=on&st._surl=www.fabregat-perulles-sales.com\/actualidad\/wp-json\/wp\/v2\/posts\/3745','1410949501326','width=700,height=500,toolbar=0,menubar=0,location=0,status=1,scrollbars=1,resizable=1,left=0,top=0');return false;\" style=\"background-position: -390px -120px \"><\/a>\r\n\t\t\t\t\t<\/li>\r\n\t\t\t\t\t\t\t\t\t\t<li class=\"none nobackground \" >\r\n\r\n\t\t\t\t\t\t\t\t\t\t\t\t<a id=\"backforunical3745\" href=\"http:\/\/sns.qzone.qq.com\/cgi-bin\/qzshare\/cgi_qzshare_onekey?url=www.fabregat-perulles-sales.com\/actualidad\/wp-json\/wp\/v2\/posts\/3745&title=FABREGAT PERULLES SALES ABOGADOS ber\u00e4t AEW beim Erwerb eines 10.500 m2 gro\u00dfen B\u00fcrogeb\u00e4udes\"  onclick=\"javascript:void window.open('http:\/\/sns.qzone.qq.com\/cgi-bin\/qzshare\/cgi_qzshare_onekey?url=www.fabregat-perulles-sales.com\/actualidad\/wp-json\/wp\/v2\/posts\/3745&title=FABREGAT PERULLES SALES ABOGADOS ber\u00e4t AEW beim Erwerb eines 10.500 m2 gro\u00dfen B\u00fcrogeb\u00e4udes','1410949501326','width=700,height=500,toolbar=0,menubar=0,location=0,status=1,scrollbars=1,resizable=1,left=0,top=0');return false;\" style=\"background-position: -420px -120px \"><\/a>\r\n\t\t\t\t\t<\/li>\r\n\t\t\t\t\t\t\t\t\t\t<li class=\"none nobackground \" >\r\n\r\n\t\t\t\t\t\t\t\t\t\t\t\t<a id=\"backforunical3745\" href=\"http:\/\/service.weibo.com\/share\/share.php?url=www.fabregat-perulles-sales.com\/actualidad\/wp-json\/wp\/v2\/posts\/3745&appkey=&title=FABREGAT PERULLES SALES ABOGADOS ber\u00e4t AEW beim Erwerb eines 10.500 m2 gro\u00dfen B\u00fcrogeb\u00e4udes&pic=&ralateUid=&\"  onclick=\"javascript:void window.open('http:\/\/service.weibo.com\/share\/share.php?url=www.fabregat-perulles-sales.com\/actualidad\/wp-json\/wp\/v2\/posts\/3745&appkey=&title=FABREGAT PERULLES SALES ABOGADOS ber\u00e4t AEW beim Erwerb eines 10.500 m2 gro\u00dfen B\u00fcrogeb\u00e4udes&pic=&ralateUid=&','1410949501326','width=700,height=500,toolbar=0,menubar=0,location=0,status=1,scrollbars=1,resizable=1,left=0,top=0');return false;\" style=\"background-position: -450px -120px \"><\/a>\r\n\t\t\t\t\t<\/li>\r\n\t\t\t\t\t\t\t\t\t\t<li class=\"none nobackground \" >\r\n\r\n\t\t\t\t\t\t\t\t\t\t\t\t<a id=\"backforunical3745\" href=\"http:\/\/widget.renren.com\/dialog\/share?resourceUrl=www.fabregat-perulles-sales.com\/actualidad\/wp-json\/wp\/v2\/posts\/3745&srcUrl=www.fabregat-perulles-sales.com\/actualidad\/wp-json\/wp\/v2\/posts\/3745&title=FABREGAT PERULLES SALES ABOGADOS ber\u00e4t AEW beim Erwerb eines 10.500 m2 gro\u00dfen B\u00fcrogeb\u00e4udes\"  onclick=\"javascript:void window.open('http:\/\/widget.renren.com\/dialog\/share?resourceUrl=www.fabregat-perulles-sales.com\/actualidad\/wp-json\/wp\/v2\/posts\/3745&srcUrl=www.fabregat-perulles-sales.com\/actualidad\/wp-json\/wp\/v2\/posts\/3745&title=FABREGAT PERULLES SALES ABOGADOS ber\u00e4t AEW beim Erwerb eines 10.500 m2 gro\u00dfen B\u00fcrogeb\u00e4udes','1410949501326','width=700,height=500,toolbar=0,menubar=0,location=0,status=1,scrollbars=1,resizable=1,left=0,top=0');return false;\" style=\"background-position: -480px -120px \"><\/a>\r\n\t\t\t\t\t<\/li>\r\n\t\t\t\t\t\t\t\t\t\t<li class=\"none nobackground \" >\r\n\r\n\t\t\t\t\t\t\t\t\t\t\t\t<a id=\"backforunical3745\" href=\"http:\/\/n4g.com\/tips?url=www.fabregat-perulles-sales.com\/actualidad\/wp-json\/wp\/v2\/posts\/3745&title=FABREGAT PERULLES SALES ABOGADOS ber\u00e4t AEW beim Erwerb eines 10.500 m2 gro\u00dfen B\u00fcrogeb\u00e4udes\"  onclick=\"javascript:void window.open('http:\/\/n4g.com\/tips?url=www.fabregat-perulles-sales.com\/actualidad\/wp-json\/wp\/v2\/posts\/3745&title=FABREGAT PERULLES SALES ABOGADOS ber\u00e4t AEW beim Erwerb eines 10.500 m2 gro\u00dfen B\u00fcrogeb\u00e4udes','1410949501326','width=700,height=500,toolbar=0,menubar=0,location=0,status=1,scrollbars=1,resizable=1,left=0,top=0');return false;\" style=\"background-position: -510px -120px \"><\/a>\r\n\t\t\t\t\t<\/li>\r\n\t\t\t\t\t\t\t\t<\/ul>\r\n\t\t\t<div class=\"clear\"><\/div>\r\n\t\t<\/div>\r\n\t\t","protected":false},"excerpt":{"rendered":"<p>FABREGAT PERULLES SALES ABOGADOS ber\u00e4t AEW beim Erwerb eines 10.500 m2 gro\u00dfen B\u00fcrogeb\u00e4udes in Barcelona. Der Betrieb befindet sich in Vila Ol\u00edmpica, Barcelona, in der N\u00e4he des Yachthafens und wurde von Grupo Lar \u00fcbernommen. Klicken Sie hier f\u00fcr weitere Informationen: http:\/\/www.deal-magazin.com\/news\/79557\/AEW-kauft-Buerogebaeude-fuer-deutsches-Individualmandat-in-Barcelona Share This:<\/p>\n","protected":false},"author":3,"featured_media":0,"comment_status":"open","ping_status":"closed","sticky":false,"template":"","format":"standard","meta":[],"categories":[468,457,74],"tags":[1537,826,1053],"yoast_head":"<!-- This site is optimized with the Yoast SEO plugin v20.2.1 - https:\/\/yoast.com\/wordpress\/plugins\/seo\/ -->\n<title>FABREGAT PERULLES SALES ABOGADOS ber\u00e4t AEW<\/title>\n<meta name=\"description\" content=\"FABREGAT PERULLES SALES ABOGADOS ber\u00e4t AEW beim Erwerb eines 10.500 m2 gro\u00dfen B\u00fcrogeb\u00e4udes in Barcelona. Der Betrieb befindet sich in Vila Ol\u00edmpica...\" \/>\n<meta name=\"robots\" content=\"index, follow, max-snippet:-1, max-image-preview:large, max-video-preview:-1\" \/>\n<link rel=\"canonical\" href=\"https:\/\/www.fabregat-perulles-sales.com\/actualidad\/fabregat-perulles-sales-abogados-berat-aew-beim-erwerb-eines-10-500-m2-grosen-burogebaudes\/\" \/>\n<meta property=\"og:locale\" content=\"en_US\" \/>\n<meta property=\"og:type\" content=\"article\" \/>\n<meta property=\"og:title\" content=\"FABREGAT PERULLES SALES ABOGADOS ber\u00e4t AEW\" \/>\n<meta property=\"og:description\" content=\"FABREGAT PERULLES SALES ABOGADOS ber\u00e4t AEW beim Erwerb eines 10.500 m2 gro\u00dfen B\u00fcrogeb\u00e4udes in Barcelona. Der Betrieb befindet sich in Vila Ol\u00edmpica...\" \/>\n<meta property=\"og:url\" content=\"https:\/\/www.fabregat-perulles-sales.com\/actualidad\/fabregat-perulles-sales-abogados-berat-aew-beim-erwerb-eines-10-500-m2-grosen-burogebaudes\/\" \/>\n<meta property=\"og:site_name\" content=\"International Lawyers\" \/>\n<meta property=\"article:published_time\" content=\"2019-02-04T11:41:22+00:00\" \/>\n<meta property=\"og:image\" content=\"http:\/\/www.fabregat-perulles-sales.com\/actualidad\/wp-content\/uploads\/2019\/01\/FPS-asesora-compraventa-abogados-espanol-300x225.jpg\" \/>\n<meta name=\"author\" content=\"Victor\" \/>\n<meta name=\"twitter:card\" content=\"summary_large_image\" \/>\n<meta name=\"twitter:label1\" content=\"Written by\" \/>\n\t<meta name=\"twitter:data1\" content=\"Victor\" \/>\n<script type=\"application\/ld+json\" class=\"yoast-schema-graph\">{\"@context\":\"https:\/\/schema.org\",\"@graph\":[{\"@type\":\"WebPage\",\"@id\":\"https:\/\/www.fabregat-perulles-sales.com\/actualidad\/fabregat-perulles-sales-abogados-berat-aew-beim-erwerb-eines-10-500-m2-grosen-burogebaudes\/\",\"url\":\"https:\/\/www.fabregat-perulles-sales.com\/actualidad\/fabregat-perulles-sales-abogados-berat-aew-beim-erwerb-eines-10-500-m2-grosen-burogebaudes\/\",\"name\":\"FABREGAT PERULLES SALES ABOGADOS ber\u00e4t AEW\",\"isPartOf\":{\"@id\":\"https:\/\/www.fabregat-perulles-sales.com\/actualidad\/#website\"},\"datePublished\":\"2019-02-04T11:41:22+00:00\",\"dateModified\":\"2019-02-04T11:41:22+00:00\",\"author\":{\"@id\":\"https:\/\/www.fabregat-perulles-sales.com\/actualidad\/#\/schema\/person\/cabc1d68c7778f01d5e069c2d98442e3\"},\"description\":\"FABREGAT PERULLES SALES ABOGADOS ber\u00e4t AEW beim Erwerb eines 10.500 m2 gro\u00dfen B\u00fcrogeb\u00e4udes in Barcelona. Der Betrieb befindet sich in Vila Ol\u00edmpica...\",\"breadcrumb\":{\"@id\":\"https:\/\/www.fabregat-perulles-sales.com\/actualidad\/fabregat-perulles-sales-abogados-berat-aew-beim-erwerb-eines-10-500-m2-grosen-burogebaudes\/#breadcrumb\"},\"inLanguage\":\"en-US\",\"potentialAction\":[{\"@type\":\"ReadAction\",\"target\":[\"https:\/\/www.fabregat-perulles-sales.com\/actualidad\/fabregat-perulles-sales-abogados-berat-aew-beim-erwerb-eines-10-500-m2-grosen-burogebaudes\/\"]}]},{\"@type\":\"BreadcrumbList\",\"@id\":\"https:\/\/www.fabregat-perulles-sales.com\/actualidad\/fabregat-perulles-sales-abogados-berat-aew-beim-erwerb-eines-10-500-m2-grosen-burogebaudes\/#breadcrumb\",\"itemListElement\":[{\"@type\":\"ListItem\",\"position\":1,\"name\":\"Home\",\"item\":\"https:\/\/www.fabregat-perulles-sales.com\/actualidad\/\"},{\"@type\":\"ListItem\",\"position\":2,\"name\":\"FABREGAT PERULLES SALES ABOGADOS ber\u00e4t AEW beim Erwerb eines 10.500 m2 gro\u00dfen B\u00fcrogeb\u00e4udes\"}]},{\"@type\":\"WebSite\",\"@id\":\"https:\/\/www.fabregat-perulles-sales.com\/actualidad\/#website\",\"url\":\"https:\/\/www.fabregat-perulles-sales.com\/actualidad\/\",\"name\":\"www.fabregat-perulles-sales.com\",\"description\":\"Fabregat Perulles Sales Abogados is a law firm of reference international market in the Spanish-German, Spanish-French, and Spanish-Italian. Is one of the first firms in Barcelona offering a Russian Desk.\",\"potentialAction\":[{\"@type\":\"SearchAction\",\"target\":{\"@type\":\"EntryPoint\",\"urlTemplate\":\"https:\/\/www.fabregat-perulles-sales.com\/actualidad\/?s={search_term_string}\"},\"query-input\":\"required name=search_term_string\"}],\"inLanguage\":\"en-US\"},{\"@type\":\"Person\",\"@id\":\"https:\/\/www.fabregat-perulles-sales.com\/actualidad\/#\/schema\/person\/cabc1d68c7778f01d5e069c2d98442e3\",\"name\":\"Victor\",\"image\":{\"@type\":\"ImageObject\",\"inLanguage\":\"en-US\",\"@id\":\"https:\/\/www.fabregat-perulles-sales.com\/actualidad\/#\/schema\/person\/image\/\",\"url\":\"https:\/\/secure.gravatar.com\/avatar\/756cb666a964d2960ffe307b8a53b271?s=96&d=mm&r=g\",\"contentUrl\":\"https:\/\/secure.gravatar.com\/avatar\/756cb666a964d2960ffe307b8a53b271?s=96&d=mm&r=g\",\"caption\":\"Victor\"},\"sameAs\":[\"http:\/\/www.fabregat-perulles-sales.com\"],\"url\":\"https:\/\/www.fabregat-perulles-sales.com\/actualidad\/author\/victor\/\"}]}<\/script>\n<!-- \/ Yoast SEO plugin. -->","yoast_head_json":{"title":"FABREGAT PERULLES SALES ABOGADOS ber\u00e4t AEW","description":"FABREGAT PERULLES SALES ABOGADOS ber\u00e4t AEW beim Erwerb eines 10.500 m2 gro\u00dfen B\u00fcrogeb\u00e4udes in Barcelona. Der Betrieb befindet sich in Vila Ol\u00edmpica...","robots":{"index":"index","follow":"follow","max-snippet":"max-snippet:-1","max-image-preview":"max-image-preview:large","max-video-preview":"max-video-preview:-1"},"canonical":"https:\/\/www.fabregat-perulles-sales.com\/actualidad\/fabregat-perulles-sales-abogados-berat-aew-beim-erwerb-eines-10-500-m2-grosen-burogebaudes\/","og_locale":"en_US","og_type":"article","og_title":"FABREGAT PERULLES SALES ABOGADOS ber\u00e4t AEW","og_description":"FABREGAT PERULLES SALES ABOGADOS ber\u00e4t AEW beim Erwerb eines 10.500 m2 gro\u00dfen B\u00fcrogeb\u00e4udes in Barcelona. Der Betrieb befindet sich in Vila Ol\u00edmpica...","og_url":"https:\/\/www.fabregat-perulles-sales.com\/actualidad\/fabregat-perulles-sales-abogados-berat-aew-beim-erwerb-eines-10-500-m2-grosen-burogebaudes\/","og_site_name":"International Lawyers","article_published_time":"2019-02-04T11:41:22+00:00","og_image":[{"url":"http:\/\/www.fabregat-perulles-sales.com\/actualidad\/wp-content\/uploads\/2019\/01\/FPS-asesora-compraventa-abogados-espanol-300x225.jpg"}],"author":"Victor","twitter_card":"summary_large_image","twitter_misc":{"Written by":"Victor"},"schema":{"@context":"https:\/\/schema.org","@graph":[{"@type":"WebPage","@id":"https:\/\/www.fabregat-perulles-sales.com\/actualidad\/fabregat-perulles-sales-abogados-berat-aew-beim-erwerb-eines-10-500-m2-grosen-burogebaudes\/","url":"https:\/\/www.fabregat-perulles-sales.com\/actualidad\/fabregat-perulles-sales-abogados-berat-aew-beim-erwerb-eines-10-500-m2-grosen-burogebaudes\/","name":"FABREGAT PERULLES SALES ABOGADOS ber\u00e4t AEW","isPartOf":{"@id":"https:\/\/www.fabregat-perulles-sales.com\/actualidad\/#website"},"datePublished":"2019-02-04T11:41:22+00:00","dateModified":"2019-02-04T11:41:22+00:00","author":{"@id":"https:\/\/www.fabregat-perulles-sales.com\/actualidad\/#\/schema\/person\/cabc1d68c7778f01d5e069c2d98442e3"},"description":"FABREGAT PERULLES SALES ABOGADOS ber\u00e4t AEW beim Erwerb eines 10.500 m2 gro\u00dfen B\u00fcrogeb\u00e4udes in Barcelona. Der Betrieb befindet sich in Vila Ol\u00edmpica...","breadcrumb":{"@id":"https:\/\/www.fabregat-perulles-sales.com\/actualidad\/fabregat-perulles-sales-abogados-berat-aew-beim-erwerb-eines-10-500-m2-grosen-burogebaudes\/#breadcrumb"},"inLanguage":"en-US","potentialAction":[{"@type":"ReadAction","target":["https:\/\/www.fabregat-perulles-sales.com\/actualidad\/fabregat-perulles-sales-abogados-berat-aew-beim-erwerb-eines-10-500-m2-grosen-burogebaudes\/"]}]},{"@type":"BreadcrumbList","@id":"https:\/\/www.fabregat-perulles-sales.com\/actualidad\/fabregat-perulles-sales-abogados-berat-aew-beim-erwerb-eines-10-500-m2-grosen-burogebaudes\/#breadcrumb","itemListElement":[{"@type":"ListItem","position":1,"name":"Home","item":"https:\/\/www.fabregat-perulles-sales.com\/actualidad\/"},{"@type":"ListItem","position":2,"name":"FABREGAT PERULLES SALES ABOGADOS ber\u00e4t AEW beim Erwerb eines 10.500 m2 gro\u00dfen B\u00fcrogeb\u00e4udes"}]},{"@type":"WebSite","@id":"https:\/\/www.fabregat-perulles-sales.com\/actualidad\/#website","url":"https:\/\/www.fabregat-perulles-sales.com\/actualidad\/","name":"www.fabregat-perulles-sales.com","description":"Fabregat Perulles Sales Abogados is a law firm of reference international market in the Spanish-German, Spanish-French, and Spanish-Italian. Is one of the first firms in Barcelona offering a Russian Desk.","potentialAction":[{"@type":"SearchAction","target":{"@type":"EntryPoint","urlTemplate":"https:\/\/www.fabregat-perulles-sales.com\/actualidad\/?s={search_term_string}"},"query-input":"required name=search_term_string"}],"inLanguage":"en-US"},{"@type":"Person","@id":"https:\/\/www.fabregat-perulles-sales.com\/actualidad\/#\/schema\/person\/cabc1d68c7778f01d5e069c2d98442e3","name":"Victor","image":{"@type":"ImageObject","inLanguage":"en-US","@id":"https:\/\/www.fabregat-perulles-sales.com\/actualidad\/#\/schema\/person\/image\/","url":"https:\/\/secure.gravatar.com\/avatar\/756cb666a964d2960ffe307b8a53b271?s=96&d=mm&r=g","contentUrl":"https:\/\/secure.gravatar.com\/avatar\/756cb666a964d2960ffe307b8a53b271?s=96&d=mm&r=g","caption":"Victor"},"sameAs":["http:\/\/www.fabregat-perulles-sales.com"],"url":"https:\/\/www.fabregat-perulles-sales.com\/actualidad\/author\/victor\/"}]}},"amp_enabled":true,"_links":{"self":[{"href":"https:\/\/www.fabregat-perulles-sales.com\/actualidad\/wp-json\/wp\/v2\/posts\/3745"}],"collection":[{"href":"https:\/\/www.fabregat-perulles-sales.com\/actualidad\/wp-json\/wp\/v2\/posts"}],"about":[{"href":"https:\/\/www.fabregat-perulles-sales.com\/actualidad\/wp-json\/wp\/v2\/types\/post"}],"author":[{"embeddable":true,"href":"https:\/\/www.fabregat-perulles-sales.com\/actualidad\/wp-json\/wp\/v2\/users\/3"}],"replies":[{"embeddable":true,"href":"https:\/\/www.fabregat-perulles-sales.com\/actualidad\/wp-json\/wp\/v2\/comments?post=3745"}],"version-history":[{"count":1,"href":"https:\/\/www.fabregat-perulles-sales.com\/actualidad\/wp-json\/wp\/v2\/posts\/3745\/revisions"}],"predecessor-version":[{"id":3746,"href":"https:\/\/www.fabregat-perulles-sales.com\/actualidad\/wp-json\/wp\/v2\/posts\/3745\/revisions\/3746"}],"wp:attachment":[{"href":"https:\/\/www.fabregat-perulles-sales.com\/actualidad\/wp-json\/wp\/v2\/media?parent=3745"}],"wp:term":[{"taxonomy":"category","embeddable":true,"href":"https:\/\/www.fabregat-perulles-sales.com\/actualidad\/wp-json\/wp\/v2\/categories?post=3745"},{"taxonomy":"post_tag","embeddable":true,"href":"https:\/\/www.fabregat-perulles-sales.com\/actualidad\/wp-json\/wp\/v2\/tags?post=3745"}],"curies":[{"name":"wp","href":"https:\/\/api.w.org\/{rel}","templated":true}]}}