{"id":374,"date":"2013-05-24T20:09:07","date_gmt":"2013-05-24T18:09:07","guid":{"rendered":"http:\/\/www.fabregat-perulles-sales.com\/actualidad\/?p=374"},"modified":"2014-11-26T13:55:25","modified_gmt":"2014-11-26T11:55:25","slug":"eficiencia-energetica-de-los-edificios","status":"publish","type":"post","link":"https:\/\/www.fabregat-perulles-sales.com\/actualidad\/eficiencia-energetica-de-los-edificios\/","title":{"rendered":"EFICIENCIA ENERG\u00c9TICA DE LOS EDIFICIOS"},"content":{"rendered":"<p>El pasado 13 de abril de 2013 se public\u00f3 el <strong>Real Decreto 235\/2013, de 5 de abril<\/strong>, por el que se aprueba el procedimiento b\u00e1sico para la <strong>certificaci\u00f3n de la eficiencia energ\u00e9tica de los edificios<\/strong>, incorporando as\u00ed al ordenamiento jur\u00eddico espa\u00f1ol la regulaci\u00f3n de la certificaci\u00f3n de eficiencia energ\u00e9tica de edificios prevista en la Directiva 2010\/31\/UE del Parlamento Europeo y del Consejo, de 19 de mayo de 2010.<\/p>\n<p><!--more--><\/p>\n<p>El objetivo principal de la nueva normativa es la <strong>promoci\u00f3n de la eficiencia energ\u00e9tica<\/strong>, as\u00ed como la obligaci\u00f3n de poner a disposici\u00f3n de los adquirentes y usuarios de los edificios, o parte de los mismos, el certificado de eficiencia energ\u00e9tica que mediante el meritado Real Decreto se aprueba, a fin de que los mismos est\u00e9n informados objetivamente sobre las caracter\u00edsticas energ\u00e9ticas del inmueble.<\/p>\n<p>A los efectos de la nueva regulaci\u00f3n, el certificado de eficiencia energ\u00e9tica es aquel que contiene informaci\u00f3n sobre las caracter\u00edsticas energ\u00e9ticas y la calificaci\u00f3n energ\u00e9tica del inmueble o parte del mismo. Los requisitos m\u00ednimos de eficiencia energ\u00e9tica no se establecen en dicho Real Decreto, si no en el C\u00f3digo T\u00e9cnico de la Edificaci\u00f3n.<\/p>\n<p>1. Entrada en vigor, \u00e1mbito de aplicaci\u00f3n y exigencia del certificado de eficiencia energ\u00e9tica.<\/p>\n<p>El Real Decreto 235\/2013 entr\u00f3 en vigor al d\u00eda siguiente de su publicaci\u00f3n, esto es, el 14 de abril de 2013, y es aplicable tanto a los edificios de nueva construcci\u00f3n, como a los edificios o partes de los mismos ya existentes que se vendan o alquilen a un nuevo arrendatario, siempre que no dispongan de un certificado en vigor.<\/p>\n<p>A partir del 1 de junio de 2013, ser\u00e1 exigible entregar o poner a disposici\u00f3n de los compradores o nuevos arrendatarios de edificios, o partes de los mismos, el certificado de eficiencia energ\u00e9tica.<\/p>\n<p>Se entiende por \u201cparte de un edificio\u201d, la unidad, planta, vivienda o apartamento en un edificio o locales destinados a uso independiente, o titularidad jur\u00eddica diferente.<\/p>\n<p>Los responsables de encargar la realizaci\u00f3n de la certificaci\u00f3n de eficiencia energ\u00e9tica del edificio, tanto si es de nueva construcci\u00f3n como respecto al edificio ya existente, son el promotor o propietario del mismo. Asimismo, la certificaci\u00f3n de eficiencia energ\u00e9tica deber\u00e1 presentarse ante el \u00f3rgano competente de la Comunidad Aut\u00f3noma, e para su inscripci\u00f3n en el registro correspondiente a su \u00e1mbito territorial.<\/p>\n<p>Si bien el certificado de eficiencia energ\u00e9tica es exigible tanto para los edificios de nueva construcci\u00f3n como para los ya existentes, en el caso de los primeros constar\u00e1 de dos fases: un certificado de eficiencia energ\u00e9tica del proyecto, y un certificado posterior una vez que el edificio est\u00e9 terminado.<\/p>\n<p>El Real Decreto tambi\u00e9n incluye en su \u00e1mbito de aplicaci\u00f3n a aquellos edificios o partes de los mismos ocupados por una autoridad p\u00fablica y sean frecuentados habitualmente por p\u00fablico, aunque, en funci\u00f3n de su superficie, disponen de distintos per\u00edodos transitorios.<\/p>\n<p>2. Validez y actualizaci\u00f3n del certificado de eficiencia energ\u00e9tica. Exhibici\u00f3n de la etiqueta de eficiencia energ\u00e9tica.<\/p>\n<p>El certificado que regula el Real Decreto 235\/2013 tendr\u00e1 una validez m\u00e1xima de diez a\u00f1os, transcurridos los cuales deber\u00e1 ser renovado.<\/p>\n<p>Asimismo, el certificado podr\u00e1 ser actualizado voluntariamente cuando haya variaciones en el edificio que puedan modificar el certificado ya obtenido.<\/p>\n<p>La obtenci\u00f3n del certificado de eficiencia energ\u00e9tica otorgar\u00e1 el derecho de utilizaci\u00f3n de la denominada etiqueta de eficiencia energ\u00e9tica, durante el per\u00edodo de su validez.<\/p>\n<p>Dicha etiqueta se incluir\u00e1 en toda oferta, promoci\u00f3n y publicidad, dirigida a la venta o arrendamiento del edificio o unidad del mismo.<\/p>\n<p>La exhibici\u00f3n de la etiqueta de eficiencia obligatoria en lugar destacado y visible, ser\u00e1n obligatorios:<\/p>\n<p>\uf076 A partir de 1 de junio de 2013:<\/p>\n<p>&#8211; Edificios o unidades de los mismos de titularidad privada, con una superficie igual o superior a 500 m2 y que sean frecuentados por el p\u00fablico.<\/p>\n<p>&#8211; Edificios o partes de los mismos ocupados por autoridades p\u00fablicas, con una superficie \u00fatil total superior a 500m2.<\/p>\n<p>\uf076 A partir de 9 de julio de 2015:<\/p>\n<p>&#8211; Edificios o partes de los mismos ocupados por autoridades p\u00fablicas, con una superficie \u00fatil total superior a 250m2 y que sean frecuentados por el p\u00fablico<\/p>\n<p>\uf076 A partir del 31 de diciembre de 2015:<\/p>\n<p>&#8211; Edificios o partes de los mismos ocupados por autoridades p\u00fablicas, con una superficie \u00fatil total superior a 250m2 y que sean frecuentados por el p\u00fablico, en r\u00e9gimen de arrendamiento.<\/p>\n<p>3. Exclusiones<\/p>\n<p>Se excluyen del \u00e1mbito de aplicaci\u00f3n del Real Decreto, y por ende, no ser\u00e1 necesaria la obtenci\u00f3n del certificado de eficiencia energ\u00e9tica, los siguientes supuestos:<\/p>\n<p>a) Edificios y monumentos protegidos oficialmente por ser parte de un entorno declarado o en raz\u00f3n de su particular valor arquitect\u00f3nico o hist\u00f3rico.<\/p>\n<p>b) Edificios o partes de edificios utilizados exclusivamente como lugares de culto y para actividades religiosas.<\/p>\n<p>c) Construcciones provisionales cuyo plazo de utilizaci\u00f3n previsto sea igual o inferior a 2 a\u00f1os.<\/p>\n<p>d) Edificios industriales, de la defensa y agr\u00edcolas o partes de los mismos, en la parte destinada a talleres, procesos industriales, de la defensa y agr\u00edcolas no residenciales.<\/p>\n<p>e) Edificios o partes de edificios aislados, con una superficie \u00fatil total inferior a 50 m2.<\/p>\n<p>f) Edificios que se compren para reformas \u201cimportantes\u201d \u2013as\u00ed dice el Real Decreto- o demolici\u00f3n. En este aspecto, el Real Decreto establece un r\u00e9gimen similar al de la c\u00e9dula de habitabilidad.<\/p>\n<p>g) Edificios o partes de edificios existentes de viviendas, cuyo uso sea inferior a 4 meses al a\u00f1o, o bien durante un tiempo limitado al a\u00f1o y con un consumo previsto de energ\u00eda inferior al 25% de lo que resultar\u00eda de su utilizaci\u00f3n durante todo el a\u00f1o, siempre que as\u00ed conste mediante declaraci\u00f3n responsable del propietario de la vivienda.<\/p>\n<p>4. Especial referencia a las viviendas unifamiliares<\/p>\n<p>Resulta especialmente interesante la posibilidad que brinda el Real Decreto respecto a las viviendas unifamiliares que tengan un \u201cdise\u00f1o y tama\u00f1o similares y con una eficiencia energ\u00e9tica real\u201d pues no son pocas las promociones que se emprenden con una \u201cvivienda-tipo\u201d.<\/p>\n<p>En tales supuestos, la certificaci\u00f3n podr\u00e1 basarse en la evaluaci\u00f3n de otro edificio representativo de tales caracter\u00edsticas, si el t\u00e9cnico competente que expide el certificado puede garantizar tal correspondencia.<\/p>\n<p>5. T\u00e9cnicos competentes<\/p>\n<p>&#8211; Los arquitectos e ingenieros en sus grados superior y medio. No se establece ning\u00fan requerimiento nuevo en cuanto a formaci\u00f3n.<\/p>\n<p>&#8211; Los t\u00e9cnicos habilitados exclusivamente para la suscripci\u00f3n de certificados de eficiencia energ\u00e9tica. Parece que en breve, se crear\u00e1 un nuevo t\u00edtulo oficial con competencias exclusivas en certificaci\u00f3n energ\u00e9tica.<\/p>\n<p>&#8211; Los que cumplan los requisitos de la futura Orden Ministerial que se dictar\u00e1 al amparo de las previsiones de la Disposici\u00f3n Adicional Cuarta del Real Decreto.<\/p>\n<p>El Real Decreto crea tambi\u00e9n un nuevo t\u00edtulo de Formaci\u00f3n Profesional, el de T\u00e9cnico ayudante del proceso de certificaci\u00f3n energ\u00e9tica de edificios, que podr\u00e1 realizar la toma de datos y otras actividades auxiliares del proceso de certificaci\u00f3n energ\u00e9tica.<\/p>\n<p>6. Control y r\u00e9gimen sancionador<\/p>\n<p>La Comunidad Aut\u00f3noma podr\u00e1 llevar a cabo las actuaciones de control e inspecci\u00f3n que considere necesarias a fin de comprobar y vigilar el cumplimiento de la obligaci\u00f3n de certificaci\u00f3n de eficiencia energ\u00e9tica de los edificios.<\/p>\n<p>Se considerar\u00e1 infracci\u00f3n en materia de certificaci\u00f3n de la eficiencia energ\u00e9tica el incumplimiento de los preceptos reguladores del Procedimiento B\u00e1sico para la certificaci\u00f3n de eficiencia energ\u00e9tica establecidos en el Real Decreto 235\/2013.<\/p>\n<p>Si el incumplimiento de alguno de los preceptos constituyera una infracci\u00f3n en materia de defensa de consumidores y usuarios, se sancionar\u00e1 de acuerdo con el Real Decreto Legislativo 1\/2007, de 16 de noviembre, por el que se aprueba el Texto Refundido de la Ley General de Defensa de Consumidores y Usuarios.<\/p>\n<p>Barcelona 24 de mayo de 2013<\/p>\n<p>Andrea Su\u00f1er<\/p>\n\r\n\t\t<style>\r\n\t\t\t.huge-it-share-buttons {\r\n\t\t\t\tborder:0px solid #0FB5D6;\r\n\t\t\t\tborder-radius:5px;\r\n\t\t\t\tbackground:#3BD8FF;\r\n\t\t\t text-align:left; \t\t\t\t\t\t\t\t\t}\r\n\r\n\t\t\t#huge-it-share-buttons-top {margin-bottom:0px;}\r\n\t\t\t#huge-it-share-buttons-bottom {margin-top:0px;}\r\n\r\n\t\t\t.huge-it-share-buttons h3 {\r\n\t\t\t\tfont-size:25px ;\r\n\t\t\t\tfont-family:Arial,Helvetica Neue,Helvetica,sans-serif;\r\n\t\t\t\tcolor:#666666;\r\n\r\n\t\t\tdisplay:block;\t\t\t\tline-height:25px ;\r\n\r\n\t\t\t text-align:left; \t\t\t\t\t\t\t\t\t}\r\n\r\n\t\t\t.huge-it-share-buttons ul {\r\n\t\t\t float:left; \t\t\t\t\t\t\t\t\t}\r\n\r\n\t\t\t.huge-it-share-buttons ul li {\r\n\t\t\t\tmargin-left:3px;\r\n\t\t\t\tmargin-right:3px;\r\n\t\t\t\tpadding:0px;\r\n\t\t\t\tborder:0px ridge #E6354C;\r\n\t\t\t\tborder-radius:11px;\r\n\t\t\t\tbackground-color:#14CC9B;\r\n\t\t\t}\r\n\r\n\t\t\t.huge-it-share-buttons ul li #backforunical374 {\r\n\t\t\t\tborder-bottom: 0;\r\n\t\t\t\tbackground-image:url('https:\/\/www.fabregat-perulles-sales.com\/actualidad\/wp-content\/plugins\/wp-share-buttons\/Front_end\/..\/images\/buttons.30.png');\r\n\t\t\t\twidth:30px;\r\n\t\t\t\theight:30px;\r\n\t\t\t}\r\n\r\n\t\t\t.front-shares-count {\r\n\t\t\t\tposition: absolute;\r\n\t\t\t\ttext-align: center;\r\n\t\t\t\tdisplay: block;\r\n\t\t\t}\r\n\r\n\t\t\t.shares_size20 .front-shares-count {\r\n\t\t\t\tfont-size: 10px;\r\n\t\t\t\ttop: 10px;\r\n\t\t\t\twidth: 20px;\r\n\t\t\t}\r\n\r\n\t\t\t.shares_size30 .front-shares-count {\r\n\t\t\t\tfont-size: 11px;\r\n\t\t\t\ttop: 15px;\r\n\t\t\t\twidth: 30px;\r\n\t\t\t}\r\n\r\n\t\t\t.shares_size40 .front-shares-count {\r\n\t\t\t\tfont-size: 12px;\r\n\t\t\t\ttop: 21px;\r\n\t\t\t\twidth: 40px;\r\n\t\t\t}\r\n\t\t<\/style>\r\n\t\t\r\n\t\t<div id=\"huge-it-share-buttons-top\" class=\"huge-it-share-buttons nobackground\">\r\n\t\t\t<h3>Share This:<\/h3>\r\n\t\t\t<ul class=\"huge-it-share-buttons-list \">\r\n\t\t\t\t\t\t\t\t\t<li class=\"nobackground \" >\r\n\r\n\t\t\t\t\t\t\t\t\t\t\t\t<a id=\"backforunical374\" href=\"https:\/\/www.facebook.com\/sharer\/sharer.php?u=www.fabregat-perulles-sales.com\/actualidad\/wp-json\/wp\/v2\/posts\/374\"  onclick=\"javascript:void window.open('https:\/\/www.facebook.com\/sharer\/sharer.php?u=www.fabregat-perulles-sales.com\/actualidad\/wp-json\/wp\/v2\/posts\/374','1410949501326','width=700,height=500,toolbar=0,menubar=0,location=0,status=1,scrollbars=1,resizable=1,left=0,top=0');return false;\" style=\"background-position: -0px -120px \"><\/a>\r\n\t\t\t\t\t<\/li>\r\n\t\t\t\t\t\t\t\t\t\t<li class=\"nobackground \" >\r\n\r\n\t\t\t\t\t\t\t\t\t\t\t\t<a id=\"backforunical374\" href=\"https:\/\/twitter.com\/share?status=www.fabregat-perulles-sales.com\/actualidad\/wp-json\/wp\/v2\/posts\/374&text=EFICIENCIA ENERG\u00c9TICA DE LOS EDIFICIOS\"  onclick=\"javascript:void window.open('https:\/\/twitter.com\/share?status=www.fabregat-perulles-sales.com\/actualidad\/wp-json\/wp\/v2\/posts\/374&text=EFICIENCIA ENERG\u00c9TICA DE LOS EDIFICIOS','1410949501326','width=700,height=500,toolbar=0,menubar=0,location=0,status=1,scrollbars=1,resizable=1,left=0,top=0');return false;\" style=\"background-position: -30px -120px \"><\/a>\r\n\t\t\t\t\t<\/li>\r\n\t\t\t\t\t\t\t\t\t\t<li class=\"none nobackground \" >\r\n\r\n\t\t\t\t\t\t\t\t\t\t\t\t<a id=\"backforunical374\" href=\"http:\/\/www.pinterest.com\/pin\/create\/button\/?url=www.fabregat-perulles-sales.com\/actualidad\/wp-json\/wp\/v2\/posts\/374&media=https:\/\/www.fabregat-perulles-sales.com\/actualidad\/wp-content\/plugins\/wp-share-buttons\/Front_end\/..\/images\/noimage.png&description=EFICIENCIA ENERG\u00c9TICA DE LOS EDIFICIOS\"  onclick=\"javascript:void window.open('http:\/\/www.pinterest.com\/pin\/create\/button\/?url=www.fabregat-perulles-sales.com\/actualidad\/wp-json\/wp\/v2\/posts\/374&media=https:\/\/www.fabregat-perulles-sales.com\/actualidad\/wp-content\/plugins\/wp-share-buttons\/Front_end\/..\/images\/noimage.png&description=EFICIENCIA ENERG\u00c9TICA DE LOS EDIFICIOS','1410949501326','width=700,height=500,toolbar=0,menubar=0,location=0,status=1,scrollbars=1,resizable=1,left=0,top=0');return false;\" style=\"background-position: -60px -120px \"><\/a>\r\n\t\t\t\t\t<\/li>\r\n\t\t\t\t\t\t\t\t\t\t<li class=\"none nobackground \" >\r\n\r\n\t\t\t\t\t\t\t\t\t\t\t\t<a id=\"backforunical374\" href=\"https:\/\/plus.google.com\/share?url=www.fabregat-perulles-sales.com\/actualidad\/wp-json\/wp\/v2\/posts\/374\"  onclick=\"javascript:void window.open('https:\/\/plus.google.com\/share?url=www.fabregat-perulles-sales.com\/actualidad\/wp-json\/wp\/v2\/posts\/374','1410949501326','width=700,height=500,toolbar=0,menubar=0,location=0,status=1,scrollbars=1,resizable=1,left=0,top=0');return false;\" style=\"background-position: -90px -120px \"><\/a>\r\n\t\t\t\t\t<\/li>\r\n\t\t\t\t\t\t\t\t\t\t<li class=\"nobackground \" >\r\n\r\n\t\t\t\t\t\t\t\t\t\t\t\t<a id=\"backforunical374\" href=\"https:\/\/www.linkedin.com\/shareArticle?title=EFICIENCIA ENERG\u00c9TICA DE LOS EDIFICIOS&mini=true&url=https:\/\/www.fabregat-perulles-sales.com\/actualidad\/wp-json\/wp\/v2\/posts\/374\"  onclick=\"javascript:void window.open('https:\/\/www.linkedin.com\/shareArticle?title=EFICIENCIA ENERG\u00c9TICA DE LOS EDIFICIOS&mini=true&url=https:\/\/www.fabregat-perulles-sales.com\/actualidad\/wp-json\/wp\/v2\/posts\/374','1410949501326','width=700,height=500,toolbar=0,menubar=0,location=0,status=1,scrollbars=1,resizable=1,left=0,top=0');return false;\" style=\"background-position: -120px -120px \"><\/a>\r\n\t\t\t\t\t<\/li>\r\n\t\t\t\t\t\t\t\t\t\t<li class=\"none nobackground \" >\r\n\r\n\t\t\t\t\t\t\t\t\t\t\t\t<a id=\"backforunical374\" href=\"https:\/\/www.tumblr.com\/share\/link?url=www.fabregat-perulles-sales.com\/actualidad\/wp-json\/wp\/v2\/posts\/374&name=EFICIENCIA ENERG\u00c9TICA DE LOS EDIFICIOS\"  onclick=\"javascript:void window.open('https:\/\/www.tumblr.com\/share\/link?url=www.fabregat-perulles-sales.com\/actualidad\/wp-json\/wp\/v2\/posts\/374&name=EFICIENCIA ENERG\u00c9TICA DE LOS EDIFICIOS','1410949501326','width=700,height=500,toolbar=0,menubar=0,location=0,status=1,scrollbars=1,resizable=1,left=0,top=0');return false;\" style=\"background-position: -150px -120px \"><\/a>\r\n\t\t\t\t\t<\/li>\r\n\t\t\t\t\t\t\t\t\t\t<li class=\"none nobackground \" >\r\n\r\n\t\t\t\t\t\t\t\t\t\t\t\t<a id=\"backforunical374\" href=\"http:\/\/digg.com\/submit?phase=2&url=www.fabregat-perulles-sales.com\/actualidad\/wp-json\/wp\/v2\/posts\/374&title=EFICIENCIA ENERG\u00c9TICA DE LOS EDIFICIOS\"  onclick=\"javascript:void window.open('http:\/\/digg.com\/submit?phase=2&url=www.fabregat-perulles-sales.com\/actualidad\/wp-json\/wp\/v2\/posts\/374&title=EFICIENCIA ENERG\u00c9TICA DE LOS EDIFICIOS','1410949501326','width=700,height=500,toolbar=0,menubar=0,location=0,status=1,scrollbars=1,resizable=1,left=0,top=0');return false;\" style=\"background-position: -180px -120px \"><\/a>\r\n\t\t\t\t\t<\/li>\r\n\t\t\t\t\t\t\t\t\t\t<li class=\"none nobackground \" >\r\n\r\n\t\t\t\t\t\t\t\t\t\t\t\t<a id=\"backforunical374\" href=\"http:\/\/www.stumbleupon.com\/submit?url=www.fabregat-perulles-sales.com\/actualidad\/wp-json\/wp\/v2\/posts\/374&title=EFICIENCIA ENERG\u00c9TICA DE LOS EDIFICIOS\"  onclick=\"javascript:void window.open('http:\/\/www.stumbleupon.com\/submit?url=www.fabregat-perulles-sales.com\/actualidad\/wp-json\/wp\/v2\/posts\/374&title=EFICIENCIA ENERG\u00c9TICA DE LOS EDIFICIOS','1410949501326','width=700,height=500,toolbar=0,menubar=0,location=0,status=1,scrollbars=1,resizable=1,left=0,top=0');return false;\" style=\"background-position: -210px -120px \"><\/a>\r\n\t\t\t\t\t<\/li>\r\n\t\t\t\t\t\t\t\t\t\t<li class=\"none nobackground \" >\r\n\r\n\t\t\t\t\t\t\t\t\t\t\t\t<a id=\"backforunical374\" href=\"https:\/\/myspace.com\/post?l=3&u=www.fabregat-perulles-sales.com\/actualidad\/wp-json\/wp\/v2\/posts\/374\"  onclick=\"javascript:void window.open('https:\/\/myspace.com\/post?l=3&u=www.fabregat-perulles-sales.com\/actualidad\/wp-json\/wp\/v2\/posts\/374','1410949501326','width=700,height=500,toolbar=0,menubar=0,location=0,status=1,scrollbars=1,resizable=1,left=0,top=0');return false;\" style=\"background-position: -240px -120px \"><\/a>\r\n\t\t\t\t\t<\/li>\r\n\t\t\t\t\t\t\t\t\t\t<li class=\"nobackground \" >\r\n\r\n\t\t\t\t\t\t\t\t\t\t\t\t<a id=\"backforunical374\" href=\"http:\/\/vk.com\/share.php?url=www.fabregat-perulles-sales.com\/actualidad\/wp-json\/wp\/v2\/posts\/374&title=EFICIENCIA ENERG\u00c9TICA DE LOS EDIFICIOS\"  onclick=\"javascript:void window.open('http:\/\/vk.com\/share.php?url=www.fabregat-perulles-sales.com\/actualidad\/wp-json\/wp\/v2\/posts\/374&title=EFICIENCIA ENERG\u00c9TICA DE LOS EDIFICIOS','1410949501326','width=700,height=500,toolbar=0,menubar=0,location=0,status=1,scrollbars=1,resizable=1,left=0,top=0');return false;\" style=\"background-position: -270px -120px \"><\/a>\r\n\t\t\t\t\t<\/li>\r\n\t\t\t\t\t\t\t\t\t\t<li class=\"none nobackground \" >\r\n\r\n\t\t\t\t\t\t\t\t\t\t\t\t<a id=\"backforunical374\" href=\"http:\/\/www.reddit.com\/submit?url=www.fabregat-perulles-sales.com\/actualidad\/wp-json\/wp\/v2\/posts\/374&title=EFICIENCIA ENERG\u00c9TICA DE LOS EDIFICIOS\"  onclick=\"javascript:void window.open('http:\/\/www.reddit.com\/submit?url=www.fabregat-perulles-sales.com\/actualidad\/wp-json\/wp\/v2\/posts\/374&title=EFICIENCIA ENERG\u00c9TICA DE LOS EDIFICIOS','1410949501326','width=700,height=500,toolbar=0,menubar=0,location=0,status=1,scrollbars=1,resizable=1,left=0,top=0');return false;\" style=\"background-position: -300px -120px \"><\/a>\r\n\t\t\t\t\t<\/li>\r\n\t\t\t\t\t\t\t\t\t\t<li class=\"none nobackground \" >\r\n\r\n\t\t\t\t\t\t\t\t\t\t\t\t<a id=\"backforunical374\" href=\"http:\/\/www.bebo.com\/c\/share?Url=www.fabregat-perulles-sales.com\/actualidad\/wp-json\/wp\/v2\/posts\/374\"  onclick=\"javascript:void window.open('http:\/\/www.bebo.com\/c\/share?Url=www.fabregat-perulles-sales.com\/actualidad\/wp-json\/wp\/v2\/posts\/374','1410949501326','width=700,height=500,toolbar=0,menubar=0,location=0,status=1,scrollbars=1,resizable=1,left=0,top=0');return false;\" style=\"background-position: -330px -120px \"><\/a>\r\n\t\t\t\t\t<\/li>\r\n\t\t\t\t\t\t\t\t\t\t<li class=\"none nobackground \" >\r\n\r\n\t\t\t\t\t\t\t\t\t\t\t\t<a id=\"backforunical374\" href=\"https:\/\/delicious.com\/save?v=5&noui&jump=close&url=www.fabregat-perulles-sales.com\/actualidad\/wp-json\/wp\/v2\/posts\/374&title=EFICIENCIA ENERG\u00c9TICA DE LOS EDIFICIOS\"  onclick=\"javascript:void window.open('https:\/\/delicious.com\/save?v=5&noui&jump=close&url=www.fabregat-perulles-sales.com\/actualidad\/wp-json\/wp\/v2\/posts\/374&title=EFICIENCIA ENERG\u00c9TICA DE LOS EDIFICIOS','1410949501326','width=700,height=500,toolbar=0,menubar=0,location=0,status=1,scrollbars=1,resizable=1,left=0,top=0');return false;\" style=\"background-position: -360px -120px \"><\/a>\r\n\t\t\t\t\t<\/li>\r\n\t\t\t\t\t\t\t\t\t\t<li class=\"none nobackground \" >\r\n\r\n\t\t\t\t\t\t\t\t\t\t\t\t<a id=\"backforunical374\" href=\"http:\/\/www.odnoklassniki.ru\/dk?st.cmd=addShare&st.s=2&st.noresize=on&st._surl=www.fabregat-perulles-sales.com\/actualidad\/wp-json\/wp\/v2\/posts\/374\"  onclick=\"javascript:void window.open('http:\/\/www.odnoklassniki.ru\/dk?st.cmd=addShare&st.s=2&st.noresize=on&st._surl=www.fabregat-perulles-sales.com\/actualidad\/wp-json\/wp\/v2\/posts\/374','1410949501326','width=700,height=500,toolbar=0,menubar=0,location=0,status=1,scrollbars=1,resizable=1,left=0,top=0');return false;\" style=\"background-position: -390px -120px \"><\/a>\r\n\t\t\t\t\t<\/li>\r\n\t\t\t\t\t\t\t\t\t\t<li class=\"none nobackground \" >\r\n\r\n\t\t\t\t\t\t\t\t\t\t\t\t<a id=\"backforunical374\" href=\"http:\/\/sns.qzone.qq.com\/cgi-bin\/qzshare\/cgi_qzshare_onekey?url=www.fabregat-perulles-sales.com\/actualidad\/wp-json\/wp\/v2\/posts\/374&title=EFICIENCIA ENERG\u00c9TICA DE LOS EDIFICIOS\"  onclick=\"javascript:void window.open('http:\/\/sns.qzone.qq.com\/cgi-bin\/qzshare\/cgi_qzshare_onekey?url=www.fabregat-perulles-sales.com\/actualidad\/wp-json\/wp\/v2\/posts\/374&title=EFICIENCIA ENERG\u00c9TICA DE LOS EDIFICIOS','1410949501326','width=700,height=500,toolbar=0,menubar=0,location=0,status=1,scrollbars=1,resizable=1,left=0,top=0');return false;\" style=\"background-position: -420px -120px \"><\/a>\r\n\t\t\t\t\t<\/li>\r\n\t\t\t\t\t\t\t\t\t\t<li class=\"none nobackground \" >\r\n\r\n\t\t\t\t\t\t\t\t\t\t\t\t<a id=\"backforunical374\" href=\"http:\/\/service.weibo.com\/share\/share.php?url=www.fabregat-perulles-sales.com\/actualidad\/wp-json\/wp\/v2\/posts\/374&appkey=&title=EFICIENCIA ENERG\u00c9TICA DE LOS EDIFICIOS&pic=&ralateUid=&\"  onclick=\"javascript:void window.open('http:\/\/service.weibo.com\/share\/share.php?url=www.fabregat-perulles-sales.com\/actualidad\/wp-json\/wp\/v2\/posts\/374&appkey=&title=EFICIENCIA ENERG\u00c9TICA DE LOS EDIFICIOS&pic=&ralateUid=&','1410949501326','width=700,height=500,toolbar=0,menubar=0,location=0,status=1,scrollbars=1,resizable=1,left=0,top=0');return false;\" style=\"background-position: -450px -120px \"><\/a>\r\n\t\t\t\t\t<\/li>\r\n\t\t\t\t\t\t\t\t\t\t<li class=\"none nobackground \" >\r\n\r\n\t\t\t\t\t\t\t\t\t\t\t\t<a id=\"backforunical374\" href=\"http:\/\/widget.renren.com\/dialog\/share?resourceUrl=www.fabregat-perulles-sales.com\/actualidad\/wp-json\/wp\/v2\/posts\/374&srcUrl=www.fabregat-perulles-sales.com\/actualidad\/wp-json\/wp\/v2\/posts\/374&title=EFICIENCIA ENERG\u00c9TICA DE LOS EDIFICIOS\"  onclick=\"javascript:void window.open('http:\/\/widget.renren.com\/dialog\/share?resourceUrl=www.fabregat-perulles-sales.com\/actualidad\/wp-json\/wp\/v2\/posts\/374&srcUrl=www.fabregat-perulles-sales.com\/actualidad\/wp-json\/wp\/v2\/posts\/374&title=EFICIENCIA ENERG\u00c9TICA DE LOS EDIFICIOS','1410949501326','width=700,height=500,toolbar=0,menubar=0,location=0,status=1,scrollbars=1,resizable=1,left=0,top=0');return false;\" style=\"background-position: -480px -120px \"><\/a>\r\n\t\t\t\t\t<\/li>\r\n\t\t\t\t\t\t\t\t\t\t<li class=\"none nobackground \" >\r\n\r\n\t\t\t\t\t\t\t\t\t\t\t\t<a id=\"backforunical374\" href=\"http:\/\/n4g.com\/tips?url=www.fabregat-perulles-sales.com\/actualidad\/wp-json\/wp\/v2\/posts\/374&title=EFICIENCIA ENERG\u00c9TICA DE LOS EDIFICIOS\"  onclick=\"javascript:void window.open('http:\/\/n4g.com\/tips?url=www.fabregat-perulles-sales.com\/actualidad\/wp-json\/wp\/v2\/posts\/374&title=EFICIENCIA ENERG\u00c9TICA DE LOS EDIFICIOS','1410949501326','width=700,height=500,toolbar=0,menubar=0,location=0,status=1,scrollbars=1,resizable=1,left=0,top=0');return false;\" style=\"background-position: -510px -120px \"><\/a>\r\n\t\t\t\t\t<\/li>\r\n\t\t\t\t\t\t\t\t<\/ul>\r\n\t\t\t<div class=\"clear\"><\/div>\r\n\t\t<\/div>\r\n\t\t","protected":false},"excerpt":{"rendered":"<p>El pasado 13 de abril de 2013 se public\u00f3 el Real Decreto 235\/2013, de 5 de abril, por el que se aprueba el procedimiento b\u00e1sico para la certificaci\u00f3n de la eficiencia energ\u00e9tica de los edificios, incorporando as\u00ed al ordenamiento jur\u00eddico espa\u00f1ol la regulaci\u00f3n de la certificaci\u00f3n de eficiencia energ\u00e9tica de edificios prevista en la Directiva\u2026 <span class=\"read-more\"><a href=\"https:\/\/www.fabregat-perulles-sales.com\/actualidad\/eficiencia-energetica-de-los-edificios\/\">Read More &raquo;<\/a><\/span><\/p>\n","protected":false},"author":3,"featured_media":0,"comment_status":"open","ping_status":"open","sticky":false,"template":"","format":"standard","meta":[],"categories":[86,466,74],"tags":[],"yoast_head":"<!-- This site is optimized with the Yoast SEO plugin v20.2.1 - https:\/\/yoast.com\/wordpress\/plugins\/seo\/ -->\n<title>EFICIENCIA ENERG\u00c9TICA DE LOS EDIFICIOS | International Lawyers<\/title>\n<meta name=\"description\" content=\"El pasado 13 de abril de 2013 se public\u00f3 el Real Decreto 235\/2013, de 5 de abril, por el que se aprueba el procedimiento b\u00e1sico para la certificaci\u00f3n de\" \/>\n<meta name=\"robots\" content=\"index, follow, max-snippet:-1, max-image-preview:large, max-video-preview:-1\" \/>\n<link rel=\"canonical\" href=\"https:\/\/www.fabregat-perulles-sales.com\/actualidad\/eficiencia-energetica-de-los-edificios\/\" \/>\n<meta property=\"og:locale\" content=\"en_US\" \/>\n<meta property=\"og:type\" content=\"article\" \/>\n<meta property=\"og:title\" content=\"EFICIENCIA ENERG\u00c9TICA DE LOS EDIFICIOS | International Lawyers\" \/>\n<meta property=\"og:description\" content=\"El pasado 13 de abril de 2013 se public\u00f3 el Real Decreto 235\/2013, de 5 de abril, por el que se aprueba el procedimiento b\u00e1sico para la certificaci\u00f3n de\" \/>\n<meta property=\"og:url\" content=\"https:\/\/www.fabregat-perulles-sales.com\/actualidad\/eficiencia-energetica-de-los-edificios\/\" \/>\n<meta property=\"og:site_name\" content=\"International Lawyers\" \/>\n<meta property=\"article:published_time\" content=\"2013-05-24T18:09:07+00:00\" \/>\n<meta property=\"article:modified_time\" content=\"2014-11-26T11:55:25+00:00\" \/>\n<meta name=\"author\" content=\"Victor\" \/>\n<meta name=\"twitter:card\" content=\"summary_large_image\" \/>\n<meta name=\"twitter:label1\" content=\"Written by\" \/>\n\t<meta name=\"twitter:data1\" content=\"Victor\" \/>\n\t<meta name=\"twitter:label2\" content=\"Est. reading time\" \/>\n\t<meta name=\"twitter:data2\" content=\"7 minutes\" \/>\n<script type=\"application\/ld+json\" class=\"yoast-schema-graph\">{\"@context\":\"https:\/\/schema.org\",\"@graph\":[{\"@type\":\"WebPage\",\"@id\":\"https:\/\/www.fabregat-perulles-sales.com\/actualidad\/eficiencia-energetica-de-los-edificios\/\",\"url\":\"https:\/\/www.fabregat-perulles-sales.com\/actualidad\/eficiencia-energetica-de-los-edificios\/\",\"name\":\"EFICIENCIA ENERG\u00c9TICA DE LOS EDIFICIOS | International Lawyers\",\"isPartOf\":{\"@id\":\"https:\/\/www.fabregat-perulles-sales.com\/actualidad\/#website\"},\"datePublished\":\"2013-05-24T18:09:07+00:00\",\"dateModified\":\"2014-11-26T11:55:25+00:00\",\"author\":{\"@id\":\"https:\/\/www.fabregat-perulles-sales.com\/actualidad\/#\/schema\/person\/cabc1d68c7778f01d5e069c2d98442e3\"},\"description\":\"El pasado 13 de abril de 2013 se public\u00f3 el Real Decreto 235\/2013, de 5 de abril, por el que se aprueba el procedimiento b\u00e1sico para la certificaci\u00f3n de\",\"breadcrumb\":{\"@id\":\"https:\/\/www.fabregat-perulles-sales.com\/actualidad\/eficiencia-energetica-de-los-edificios\/#breadcrumb\"},\"inLanguage\":\"en-US\",\"potentialAction\":[{\"@type\":\"ReadAction\",\"target\":[\"https:\/\/www.fabregat-perulles-sales.com\/actualidad\/eficiencia-energetica-de-los-edificios\/\"]}]},{\"@type\":\"BreadcrumbList\",\"@id\":\"https:\/\/www.fabregat-perulles-sales.com\/actualidad\/eficiencia-energetica-de-los-edificios\/#breadcrumb\",\"itemListElement\":[{\"@type\":\"ListItem\",\"position\":1,\"name\":\"Home\",\"item\":\"https:\/\/www.fabregat-perulles-sales.com\/actualidad\/\"},{\"@type\":\"ListItem\",\"position\":2,\"name\":\"EFICIENCIA ENERG\u00c9TICA DE LOS EDIFICIOS\"}]},{\"@type\":\"WebSite\",\"@id\":\"https:\/\/www.fabregat-perulles-sales.com\/actualidad\/#website\",\"url\":\"https:\/\/www.fabregat-perulles-sales.com\/actualidad\/\",\"name\":\"www.fabregat-perulles-sales.com\",\"description\":\"Fabregat Perulles Sales Abogados is a law firm of reference international market in the Spanish-German, Spanish-French, and Spanish-Italian. Is one of the first firms in Barcelona offering a Russian Desk.\",\"potentialAction\":[{\"@type\":\"SearchAction\",\"target\":{\"@type\":\"EntryPoint\",\"urlTemplate\":\"https:\/\/www.fabregat-perulles-sales.com\/actualidad\/?s={search_term_string}\"},\"query-input\":\"required name=search_term_string\"}],\"inLanguage\":\"en-US\"},{\"@type\":\"Person\",\"@id\":\"https:\/\/www.fabregat-perulles-sales.com\/actualidad\/#\/schema\/person\/cabc1d68c7778f01d5e069c2d98442e3\",\"name\":\"Victor\",\"image\":{\"@type\":\"ImageObject\",\"inLanguage\":\"en-US\",\"@id\":\"https:\/\/www.fabregat-perulles-sales.com\/actualidad\/#\/schema\/person\/image\/\",\"url\":\"https:\/\/secure.gravatar.com\/avatar\/756cb666a964d2960ffe307b8a53b271?s=96&d=mm&r=g\",\"contentUrl\":\"https:\/\/secure.gravatar.com\/avatar\/756cb666a964d2960ffe307b8a53b271?s=96&d=mm&r=g\",\"caption\":\"Victor\"},\"sameAs\":[\"http:\/\/www.fabregat-perulles-sales.com\"],\"url\":\"https:\/\/www.fabregat-perulles-sales.com\/actualidad\/author\/victor\/\"}]}<\/script>\n<!-- \/ Yoast SEO plugin. -->","yoast_head_json":{"title":"EFICIENCIA ENERG\u00c9TICA DE LOS EDIFICIOS | International Lawyers","description":"El pasado 13 de abril de 2013 se public\u00f3 el Real Decreto 235\/2013, de 5 de abril, por el que se aprueba el procedimiento b\u00e1sico para la certificaci\u00f3n de","robots":{"index":"index","follow":"follow","max-snippet":"max-snippet:-1","max-image-preview":"max-image-preview:large","max-video-preview":"max-video-preview:-1"},"canonical":"https:\/\/www.fabregat-perulles-sales.com\/actualidad\/eficiencia-energetica-de-los-edificios\/","og_locale":"en_US","og_type":"article","og_title":"EFICIENCIA ENERG\u00c9TICA DE LOS EDIFICIOS | International Lawyers","og_description":"El pasado 13 de abril de 2013 se public\u00f3 el Real Decreto 235\/2013, de 5 de abril, por el que se aprueba el procedimiento b\u00e1sico para la certificaci\u00f3n de","og_url":"https:\/\/www.fabregat-perulles-sales.com\/actualidad\/eficiencia-energetica-de-los-edificios\/","og_site_name":"International Lawyers","article_published_time":"2013-05-24T18:09:07+00:00","article_modified_time":"2014-11-26T11:55:25+00:00","author":"Victor","twitter_card":"summary_large_image","twitter_misc":{"Written by":"Victor","Est. reading time":"7 minutes"},"schema":{"@context":"https:\/\/schema.org","@graph":[{"@type":"WebPage","@id":"https:\/\/www.fabregat-perulles-sales.com\/actualidad\/eficiencia-energetica-de-los-edificios\/","url":"https:\/\/www.fabregat-perulles-sales.com\/actualidad\/eficiencia-energetica-de-los-edificios\/","name":"EFICIENCIA ENERG\u00c9TICA DE LOS EDIFICIOS | International Lawyers","isPartOf":{"@id":"https:\/\/www.fabregat-perulles-sales.com\/actualidad\/#website"},"datePublished":"2013-05-24T18:09:07+00:00","dateModified":"2014-11-26T11:55:25+00:00","author":{"@id":"https:\/\/www.fabregat-perulles-sales.com\/actualidad\/#\/schema\/person\/cabc1d68c7778f01d5e069c2d98442e3"},"description":"El pasado 13 de abril de 2013 se public\u00f3 el Real Decreto 235\/2013, de 5 de abril, por el que se aprueba el procedimiento b\u00e1sico para la certificaci\u00f3n de","breadcrumb":{"@id":"https:\/\/www.fabregat-perulles-sales.com\/actualidad\/eficiencia-energetica-de-los-edificios\/#breadcrumb"},"inLanguage":"en-US","potentialAction":[{"@type":"ReadAction","target":["https:\/\/www.fabregat-perulles-sales.com\/actualidad\/eficiencia-energetica-de-los-edificios\/"]}]},{"@type":"BreadcrumbList","@id":"https:\/\/www.fabregat-perulles-sales.com\/actualidad\/eficiencia-energetica-de-los-edificios\/#breadcrumb","itemListElement":[{"@type":"ListItem","position":1,"name":"Home","item":"https:\/\/www.fabregat-perulles-sales.com\/actualidad\/"},{"@type":"ListItem","position":2,"name":"EFICIENCIA ENERG\u00c9TICA DE LOS EDIFICIOS"}]},{"@type":"WebSite","@id":"https:\/\/www.fabregat-perulles-sales.com\/actualidad\/#website","url":"https:\/\/www.fabregat-perulles-sales.com\/actualidad\/","name":"www.fabregat-perulles-sales.com","description":"Fabregat Perulles Sales Abogados is a law firm of reference international market in the Spanish-German, Spanish-French, and Spanish-Italian. Is one of the first firms in Barcelona offering a Russian Desk.","potentialAction":[{"@type":"SearchAction","target":{"@type":"EntryPoint","urlTemplate":"https:\/\/www.fabregat-perulles-sales.com\/actualidad\/?s={search_term_string}"},"query-input":"required name=search_term_string"}],"inLanguage":"en-US"},{"@type":"Person","@id":"https:\/\/www.fabregat-perulles-sales.com\/actualidad\/#\/schema\/person\/cabc1d68c7778f01d5e069c2d98442e3","name":"Victor","image":{"@type":"ImageObject","inLanguage":"en-US","@id":"https:\/\/www.fabregat-perulles-sales.com\/actualidad\/#\/schema\/person\/image\/","url":"https:\/\/secure.gravatar.com\/avatar\/756cb666a964d2960ffe307b8a53b271?s=96&d=mm&r=g","contentUrl":"https:\/\/secure.gravatar.com\/avatar\/756cb666a964d2960ffe307b8a53b271?s=96&d=mm&r=g","caption":"Victor"},"sameAs":["http:\/\/www.fabregat-perulles-sales.com"],"url":"https:\/\/www.fabregat-perulles-sales.com\/actualidad\/author\/victor\/"}]}},"amp_enabled":true,"_links":{"self":[{"href":"https:\/\/www.fabregat-perulles-sales.com\/actualidad\/wp-json\/wp\/v2\/posts\/374"}],"collection":[{"href":"https:\/\/www.fabregat-perulles-sales.com\/actualidad\/wp-json\/wp\/v2\/posts"}],"about":[{"href":"https:\/\/www.fabregat-perulles-sales.com\/actualidad\/wp-json\/wp\/v2\/types\/post"}],"author":[{"embeddable":true,"href":"https:\/\/www.fabregat-perulles-sales.com\/actualidad\/wp-json\/wp\/v2\/users\/3"}],"replies":[{"embeddable":true,"href":"https:\/\/www.fabregat-perulles-sales.com\/actualidad\/wp-json\/wp\/v2\/comments?post=374"}],"version-history":[{"count":6,"href":"https:\/\/www.fabregat-perulles-sales.com\/actualidad\/wp-json\/wp\/v2\/posts\/374\/revisions"}],"predecessor-version":[{"id":1423,"href":"https:\/\/www.fabregat-perulles-sales.com\/actualidad\/wp-json\/wp\/v2\/posts\/374\/revisions\/1423"}],"wp:attachment":[{"href":"https:\/\/www.fabregat-perulles-sales.com\/actualidad\/wp-json\/wp\/v2\/media?parent=374"}],"wp:term":[{"taxonomy":"category","embeddable":true,"href":"https:\/\/www.fabregat-perulles-sales.com\/actualidad\/wp-json\/wp\/v2\/categories?post=374"},{"taxonomy":"post_tag","embeddable":true,"href":"https:\/\/www.fabregat-perulles-sales.com\/actualidad\/wp-json\/wp\/v2\/tags?post=374"}],"curies":[{"name":"wp","href":"https:\/\/api.w.org\/{rel}","templated":true}]}}