{"id":3719,"date":"2019-01-28T13:38:25","date_gmt":"2019-01-28T12:38:25","guid":{"rendered":"http:\/\/www.fabregat-perulles-sales.com\/actualidad\/?p=3719"},"modified":"2020-02-28T14:18:52","modified_gmt":"2020-02-28T13:18:52","slug":"el-tribunal-supremo-resuelve-sobre-el-derecho-al-olvido-de-informacion-inexacta-publicada-en-internet","status":"publish","type":"post","link":"https:\/\/www.fabregat-perulles-sales.com\/actualidad\/el-tribunal-supremo-resuelve-sobre-el-derecho-al-olvido-de-informacion-inexacta-publicada-en-internet\/","title":{"rendered":"EL TRIBUNAL SUPREMO RESUELVE SOBRE EL DERECHO AL OLVIDO DE INFORMACI\u00d3N INEXACTA PUBLICADA EN INTERNET"},"content":{"rendered":"<p>La protecci\u00f3n del derecho a la propia imagen que, principalmente se encuentra en la <a href=\"https:\/\/www.boe.es\/buscar\/doc.php?id=BOE-A-1982-11196\">Ley Org\u00e1nica de protecci\u00f3n civil del derecho al honor, a la intimidad personal y familiar y a la propia imagen, de 5 de mayo de 1982<\/a>, irremediablemente necesita de la interacci\u00f3n con las normas relativas a la protecci\u00f3n de datos personales en el contexto tecnol\u00f3gico actual, donde una enorme cantidad de informaci\u00f3n personal es tratada diariamente por las empresas.<\/p>\n<p><!--more--><\/p>\n<p><img decoding=\"async\" loading=\"lazy\" class=\"alignright size-medium wp-image-3720\" src=\"http:\/\/www.fabregat-perulles-sales.com\/actualidad\/wp-content\/uploads\/2019\/01\/google-derecho-olvido-TS-abogados-espanol-300x200.jpeg\" alt=\"google, derecho olvido, TS, internet\" width=\"300\" height=\"200\" srcset=\"https:\/\/www.fabregat-perulles-sales.com\/actualidad\/wp-content\/uploads\/2019\/01\/google-derecho-olvido-TS-abogados-espanol-300x200.jpeg 300w, https:\/\/www.fabregat-perulles-sales.com\/actualidad\/wp-content\/uploads\/2019\/01\/google-derecho-olvido-TS-abogados-espanol-768x513.jpeg 768w, https:\/\/www.fabregat-perulles-sales.com\/actualidad\/wp-content\/uploads\/2019\/01\/google-derecho-olvido-TS-abogados-espanol-1024x684.jpeg 1024w, https:\/\/www.fabregat-perulles-sales.com\/actualidad\/wp-content\/uploads\/2019\/01\/google-derecho-olvido-TS-abogados-espanol-660x441.jpeg 660w\" sizes=\"(max-width: 300px) 100vw, 300px\" \/>Especialmente, cabe destacar el caso en el que los datos personales, que no son totalmente ciertos y generan un perjuicio a la imagen y reputaci\u00f3n de las personas, son publicados en internet. El papel que, en concreto, pudieran tener los motores de b\u00fasqueda que se limitan a listar los sitios web resultado\u00a0de la b\u00fasqueda realizada, es una zona gris a la hora de determinar la eventual responsabilidad sobre la publicaci\u00f3n en Internet de datos perjudiciales para la propia imagen, intimidad y\/u honor de la persona protagonista\u00a0de dicha informaci\u00f3n.<\/p>\n<p>La reciente <a href=\"http:\/\/www.poderjudicial.es\/search\/contenidos.action?action=contentpdf&amp;databasematch=TS&amp;reference=8621550&amp;links=%2212%2F2019%22&amp;optimize=20190118&amp;publicinterface=true\">Sentencia de la Sala de lo Contencioso-Administrativo del Tribunal Supremo n\u00famero 12\/2019, de 11 de enero<\/a>, ratificando a la Audiencia Nacional, ha establecido que:<\/p>\n<p>\u201c<em>la persona afectada por una supuesta lesi\u00f3n del derecho al honor, a la intimidad personal y familiar y a la propia imagen est\u00e1 legitimada para fundamentar v\u00e1lidamente una acci\u00f3n de reclamaci\u00f3n ante la entidad proveedora de los servicios de motor de b\u00fasqueda en internet\u201d.<\/em><\/p>\n<p>Esta jurisprudencia es resultado de la ponderaci\u00f3n que el Alto Tribunal ha realizado entre la libertad de informaci\u00f3n amparada por el art\u00edculo 20 de la <a href=\"https:\/\/www.boe.es\/legislacion\/documentos\/ConstitucionCASTELLANO.pdf\">Constituci\u00f3n Espa\u00f1ola<\/a> y la protecci\u00f3n a los datos de car\u00e1cter personal que la legislaci\u00f3n prev\u00e9. El resultado ha sido la consolidaci\u00f3n del conocido como derecho al olvido digital, cuando la informaci\u00f3n suministrada sea inexacta en los aspectos sustanciales de la noticia.<\/p>\n<p>Hay que tener en cuenta que esta resoluci\u00f3n fue dictada al amparo de la, ya derogada,<a href=\"https:\/\/www.boe.es\/buscar\/doc.php?id=BOE-A-1999-23750\"> LO 15\/1999, de Protecci\u00f3n de Datos de Car\u00e1cter Personal<\/a>, la cual no ofrec\u00eda un marco especial para la informaci\u00f3n suministrada por motores de b\u00fasqueda en Internet y dichos supuestos se enmarcaban en el art\u00edculo 6.4, relativo al consentimiento del afectado en el tratamiento de los datos de car\u00e1cter personal.<\/p>\n<p>Actualmente, y desde el pasado 7 de diciembre, se encuentra en vigor la <a href=\"https:\/\/www.boe.es\/buscar\/doc.php?id=BOE-A-2018-16673\">LO 3\/2018, de Protecci\u00f3n de Datos Personales y garant\u00eda de los derechos digitales<\/a>. Esta legislaci\u00f3n obedece a la adaptaci\u00f3n necesaria de la Ley a las nuevas realidades tecnol\u00f3gicas y de la comunicaci\u00f3n que acontecen a un ritmo cada vez mayor; requerimiento del <a href=\"https:\/\/www.boe.es\/buscar\/doc.php?id=DOUE-L-2016-80807\">Reglamento (UE) 2016\/679, de 27 de abril de 2016, relativo a la protecci\u00f3n de las personas fiscas en lo que respecta al tratamiento de datos personales y a la libre circulaci\u00f3n de estos datos<\/a>.<\/p>\n<p>La normativa actual, por tanto, ya regula de forma expresa en su art\u00edculo 93 el \u201cderecho al olvido en b\u00fasquedas de Internet\u201d, con especial menci\u00f3n a los motores de b\u00fasqueda como sujetos pasivos de tal derecho. No obstante, la sentencia del Tribunal Supremo constituye una importante herramienta para los afectados cuyo caso se encuentre dentro del \u00e1mbito de aplicaci\u00f3n de la anterior versi\u00f3n de la Ley, y ayuda a consolidar el derecho al olvido digital en nuestro ordenamiento jur\u00eddico.<\/p>\n\r\n\t\t<style>\r\n\t\t\t.huge-it-share-buttons {\r\n\t\t\t\tborder:0px solid #0FB5D6;\r\n\t\t\t\tborder-radius:5px;\r\n\t\t\t\tbackground:#3BD8FF;\r\n\t\t\t text-align:left; \t\t\t\t\t\t\t\t\t}\r\n\r\n\t\t\t#huge-it-share-buttons-top {margin-bottom:0px;}\r\n\t\t\t#huge-it-share-buttons-bottom {margin-top:0px;}\r\n\r\n\t\t\t.huge-it-share-buttons h3 {\r\n\t\t\t\tfont-size:25px ;\r\n\t\t\t\tfont-family:Arial,Helvetica Neue,Helvetica,sans-serif;\r\n\t\t\t\tcolor:#666666;\r\n\r\n\t\t\tdisplay:block;\t\t\t\tline-height:25px ;\r\n\r\n\t\t\t text-align:left; \t\t\t\t\t\t\t\t\t}\r\n\r\n\t\t\t.huge-it-share-buttons ul {\r\n\t\t\t float:left; \t\t\t\t\t\t\t\t\t}\r\n\r\n\t\t\t.huge-it-share-buttons ul li {\r\n\t\t\t\tmargin-left:3px;\r\n\t\t\t\tmargin-right:3px;\r\n\t\t\t\tpadding:0px;\r\n\t\t\t\tborder:0px ridge #E6354C;\r\n\t\t\t\tborder-radius:11px;\r\n\t\t\t\tbackground-color:#14CC9B;\r\n\t\t\t}\r\n\r\n\t\t\t.huge-it-share-buttons ul li #backforunical3719 {\r\n\t\t\t\tborder-bottom: 0;\r\n\t\t\t\tbackground-image:url('https:\/\/www.fabregat-perulles-sales.com\/actualidad\/wp-content\/plugins\/wp-share-buttons\/Front_end\/..\/images\/buttons.30.png');\r\n\t\t\t\twidth:30px;\r\n\t\t\t\theight:30px;\r\n\t\t\t}\r\n\r\n\t\t\t.front-shares-count {\r\n\t\t\t\tposition: absolute;\r\n\t\t\t\ttext-align: center;\r\n\t\t\t\tdisplay: block;\r\n\t\t\t}\r\n\r\n\t\t\t.shares_size20 .front-shares-count {\r\n\t\t\t\tfont-size: 10px;\r\n\t\t\t\ttop: 10px;\r\n\t\t\t\twidth: 20px;\r\n\t\t\t}\r\n\r\n\t\t\t.shares_size30 .front-shares-count {\r\n\t\t\t\tfont-size: 11px;\r\n\t\t\t\ttop: 15px;\r\n\t\t\t\twidth: 30px;\r\n\t\t\t}\r\n\r\n\t\t\t.shares_size40 .front-shares-count {\r\n\t\t\t\tfont-size: 12px;\r\n\t\t\t\ttop: 21px;\r\n\t\t\t\twidth: 40px;\r\n\t\t\t}\r\n\t\t<\/style>\r\n\t\t\r\n\t\t<div id=\"huge-it-share-buttons-top\" class=\"huge-it-share-buttons nobackground\">\r\n\t\t\t<h3>Share This:<\/h3>\r\n\t\t\t<ul class=\"huge-it-share-buttons-list \">\r\n\t\t\t\t\t\t\t\t\t<li class=\"nobackground \" >\r\n\r\n\t\t\t\t\t\t\t\t\t\t\t\t<a id=\"backforunical3719\" href=\"https:\/\/www.facebook.com\/sharer\/sharer.php?u=www.fabregat-perulles-sales.com\/actualidad\/wp-json\/wp\/v2\/posts\/3719\"  onclick=\"javascript:void window.open('https:\/\/www.facebook.com\/sharer\/sharer.php?u=www.fabregat-perulles-sales.com\/actualidad\/wp-json\/wp\/v2\/posts\/3719','1410949501326','width=700,height=500,toolbar=0,menubar=0,location=0,status=1,scrollbars=1,resizable=1,left=0,top=0');return false;\" style=\"background-position: -0px -120px \"><\/a>\r\n\t\t\t\t\t<\/li>\r\n\t\t\t\t\t\t\t\t\t\t<li class=\"nobackground \" >\r\n\r\n\t\t\t\t\t\t\t\t\t\t\t\t<a id=\"backforunical3719\" href=\"https:\/\/twitter.com\/share?status=www.fabregat-perulles-sales.com\/actualidad\/wp-json\/wp\/v2\/posts\/3719&text=EL TRIBUNAL SUPREMO RESUELVE SOBRE EL DERECHO AL OLVIDO DE INFORMACI\u00d3N INEXACTA PUBLICADA EN INTERNET\"  onclick=\"javascript:void window.open('https:\/\/twitter.com\/share?status=www.fabregat-perulles-sales.com\/actualidad\/wp-json\/wp\/v2\/posts\/3719&text=EL TRIBUNAL SUPREMO RESUELVE SOBRE EL DERECHO AL OLVIDO DE INFORMACI\u00d3N INEXACTA PUBLICADA EN INTERNET','1410949501326','width=700,height=500,toolbar=0,menubar=0,location=0,status=1,scrollbars=1,resizable=1,left=0,top=0');return false;\" style=\"background-position: -30px -120px \"><\/a>\r\n\t\t\t\t\t<\/li>\r\n\t\t\t\t\t\t\t\t\t\t<li class=\"none nobackground \" >\r\n\r\n\t\t\t\t\t\t\t\t\t\t\t\t<a id=\"backforunical3719\" href=\"http:\/\/www.pinterest.com\/pin\/create\/button\/?url=www.fabregat-perulles-sales.com\/actualidad\/wp-json\/wp\/v2\/posts\/3719&media=https:\/\/www.fabregat-perulles-sales.com\/actualidad\/wp-content\/plugins\/wp-share-buttons\/Front_end\/..\/images\/noimage.png&description=EL TRIBUNAL SUPREMO RESUELVE SOBRE EL DERECHO AL OLVIDO DE INFORMACI\u00d3N INEXACTA PUBLICADA EN INTERNET\"  onclick=\"javascript:void window.open('http:\/\/www.pinterest.com\/pin\/create\/button\/?url=www.fabregat-perulles-sales.com\/actualidad\/wp-json\/wp\/v2\/posts\/3719&media=https:\/\/www.fabregat-perulles-sales.com\/actualidad\/wp-content\/plugins\/wp-share-buttons\/Front_end\/..\/images\/noimage.png&description=EL TRIBUNAL SUPREMO RESUELVE SOBRE EL DERECHO AL OLVIDO DE INFORMACI\u00d3N INEXACTA PUBLICADA EN INTERNET','1410949501326','width=700,height=500,toolbar=0,menubar=0,location=0,status=1,scrollbars=1,resizable=1,left=0,top=0');return false;\" style=\"background-position: -60px -120px \"><\/a>\r\n\t\t\t\t\t<\/li>\r\n\t\t\t\t\t\t\t\t\t\t<li class=\"none nobackground \" >\r\n\r\n\t\t\t\t\t\t\t\t\t\t\t\t<a id=\"backforunical3719\" href=\"https:\/\/plus.google.com\/share?url=www.fabregat-perulles-sales.com\/actualidad\/wp-json\/wp\/v2\/posts\/3719\"  onclick=\"javascript:void window.open('https:\/\/plus.google.com\/share?url=www.fabregat-perulles-sales.com\/actualidad\/wp-json\/wp\/v2\/posts\/3719','1410949501326','width=700,height=500,toolbar=0,menubar=0,location=0,status=1,scrollbars=1,resizable=1,left=0,top=0');return false;\" style=\"background-position: -90px -120px \"><\/a>\r\n\t\t\t\t\t<\/li>\r\n\t\t\t\t\t\t\t\t\t\t<li class=\"nobackground \" >\r\n\r\n\t\t\t\t\t\t\t\t\t\t\t\t<a id=\"backforunical3719\" href=\"https:\/\/www.linkedin.com\/shareArticle?title=EL TRIBUNAL SUPREMO RESUELVE SOBRE EL DERECHO AL OLVIDO DE INFORMACI\u00d3N INEXACTA PUBLICADA EN INTERNET&mini=true&url=https:\/\/www.fabregat-perulles-sales.com\/actualidad\/wp-json\/wp\/v2\/posts\/3719\"  onclick=\"javascript:void window.open('https:\/\/www.linkedin.com\/shareArticle?title=EL TRIBUNAL SUPREMO RESUELVE SOBRE EL DERECHO AL OLVIDO DE INFORMACI\u00d3N INEXACTA PUBLICADA EN INTERNET&mini=true&url=https:\/\/www.fabregat-perulles-sales.com\/actualidad\/wp-json\/wp\/v2\/posts\/3719','1410949501326','width=700,height=500,toolbar=0,menubar=0,location=0,status=1,scrollbars=1,resizable=1,left=0,top=0');return false;\" style=\"background-position: -120px -120px \"><\/a>\r\n\t\t\t\t\t<\/li>\r\n\t\t\t\t\t\t\t\t\t\t<li class=\"none nobackground \" >\r\n\r\n\t\t\t\t\t\t\t\t\t\t\t\t<a id=\"backforunical3719\" href=\"https:\/\/www.tumblr.com\/share\/link?url=www.fabregat-perulles-sales.com\/actualidad\/wp-json\/wp\/v2\/posts\/3719&name=EL TRIBUNAL SUPREMO RESUELVE SOBRE EL DERECHO AL OLVIDO DE INFORMACI\u00d3N INEXACTA PUBLICADA EN INTERNET\"  onclick=\"javascript:void window.open('https:\/\/www.tumblr.com\/share\/link?url=www.fabregat-perulles-sales.com\/actualidad\/wp-json\/wp\/v2\/posts\/3719&name=EL TRIBUNAL SUPREMO RESUELVE SOBRE EL DERECHO AL OLVIDO DE INFORMACI\u00d3N INEXACTA PUBLICADA EN INTERNET','1410949501326','width=700,height=500,toolbar=0,menubar=0,location=0,status=1,scrollbars=1,resizable=1,left=0,top=0');return false;\" style=\"background-position: -150px -120px \"><\/a>\r\n\t\t\t\t\t<\/li>\r\n\t\t\t\t\t\t\t\t\t\t<li class=\"none nobackground \" >\r\n\r\n\t\t\t\t\t\t\t\t\t\t\t\t<a id=\"backforunical3719\" href=\"http:\/\/digg.com\/submit?phase=2&url=www.fabregat-perulles-sales.com\/actualidad\/wp-json\/wp\/v2\/posts\/3719&title=EL TRIBUNAL SUPREMO RESUELVE SOBRE EL DERECHO AL OLVIDO DE INFORMACI\u00d3N INEXACTA PUBLICADA EN INTERNET\"  onclick=\"javascript:void window.open('http:\/\/digg.com\/submit?phase=2&url=www.fabregat-perulles-sales.com\/actualidad\/wp-json\/wp\/v2\/posts\/3719&title=EL TRIBUNAL SUPREMO RESUELVE SOBRE EL DERECHO AL OLVIDO DE INFORMACI\u00d3N INEXACTA PUBLICADA EN INTERNET','1410949501326','width=700,height=500,toolbar=0,menubar=0,location=0,status=1,scrollbars=1,resizable=1,left=0,top=0');return false;\" style=\"background-position: -180px -120px \"><\/a>\r\n\t\t\t\t\t<\/li>\r\n\t\t\t\t\t\t\t\t\t\t<li class=\"none nobackground \" >\r\n\r\n\t\t\t\t\t\t\t\t\t\t\t\t<a id=\"backforunical3719\" href=\"http:\/\/www.stumbleupon.com\/submit?url=www.fabregat-perulles-sales.com\/actualidad\/wp-json\/wp\/v2\/posts\/3719&title=EL TRIBUNAL SUPREMO RESUELVE SOBRE EL DERECHO AL OLVIDO DE INFORMACI\u00d3N INEXACTA PUBLICADA EN INTERNET\"  onclick=\"javascript:void window.open('http:\/\/www.stumbleupon.com\/submit?url=www.fabregat-perulles-sales.com\/actualidad\/wp-json\/wp\/v2\/posts\/3719&title=EL TRIBUNAL SUPREMO RESUELVE SOBRE EL DERECHO AL OLVIDO DE INFORMACI\u00d3N INEXACTA PUBLICADA EN INTERNET','1410949501326','width=700,height=500,toolbar=0,menubar=0,location=0,status=1,scrollbars=1,resizable=1,left=0,top=0');return false;\" style=\"background-position: -210px -120px \"><\/a>\r\n\t\t\t\t\t<\/li>\r\n\t\t\t\t\t\t\t\t\t\t<li class=\"none nobackground \" >\r\n\r\n\t\t\t\t\t\t\t\t\t\t\t\t<a id=\"backforunical3719\" href=\"https:\/\/myspace.com\/post?l=3&u=www.fabregat-perulles-sales.com\/actualidad\/wp-json\/wp\/v2\/posts\/3719\"  onclick=\"javascript:void window.open('https:\/\/myspace.com\/post?l=3&u=www.fabregat-perulles-sales.com\/actualidad\/wp-json\/wp\/v2\/posts\/3719','1410949501326','width=700,height=500,toolbar=0,menubar=0,location=0,status=1,scrollbars=1,resizable=1,left=0,top=0');return false;\" style=\"background-position: -240px -120px \"><\/a>\r\n\t\t\t\t\t<\/li>\r\n\t\t\t\t\t\t\t\t\t\t<li class=\"nobackground \" >\r\n\r\n\t\t\t\t\t\t\t\t\t\t\t\t<a id=\"backforunical3719\" href=\"http:\/\/vk.com\/share.php?url=www.fabregat-perulles-sales.com\/actualidad\/wp-json\/wp\/v2\/posts\/3719&title=EL TRIBUNAL SUPREMO RESUELVE SOBRE EL DERECHO AL OLVIDO DE INFORMACI\u00d3N INEXACTA PUBLICADA EN INTERNET\"  onclick=\"javascript:void window.open('http:\/\/vk.com\/share.php?url=www.fabregat-perulles-sales.com\/actualidad\/wp-json\/wp\/v2\/posts\/3719&title=EL TRIBUNAL SUPREMO RESUELVE SOBRE EL DERECHO AL OLVIDO DE INFORMACI\u00d3N INEXACTA PUBLICADA EN INTERNET','1410949501326','width=700,height=500,toolbar=0,menubar=0,location=0,status=1,scrollbars=1,resizable=1,left=0,top=0');return false;\" style=\"background-position: -270px -120px \"><\/a>\r\n\t\t\t\t\t<\/li>\r\n\t\t\t\t\t\t\t\t\t\t<li class=\"none nobackground \" >\r\n\r\n\t\t\t\t\t\t\t\t\t\t\t\t<a id=\"backforunical3719\" href=\"http:\/\/www.reddit.com\/submit?url=www.fabregat-perulles-sales.com\/actualidad\/wp-json\/wp\/v2\/posts\/3719&title=EL TRIBUNAL SUPREMO RESUELVE SOBRE EL DERECHO AL OLVIDO DE INFORMACI\u00d3N INEXACTA PUBLICADA EN INTERNET\"  onclick=\"javascript:void window.open('http:\/\/www.reddit.com\/submit?url=www.fabregat-perulles-sales.com\/actualidad\/wp-json\/wp\/v2\/posts\/3719&title=EL TRIBUNAL SUPREMO RESUELVE SOBRE EL DERECHO AL OLVIDO DE INFORMACI\u00d3N INEXACTA PUBLICADA EN INTERNET','1410949501326','width=700,height=500,toolbar=0,menubar=0,location=0,status=1,scrollbars=1,resizable=1,left=0,top=0');return false;\" style=\"background-position: -300px -120px \"><\/a>\r\n\t\t\t\t\t<\/li>\r\n\t\t\t\t\t\t\t\t\t\t<li class=\"none nobackground \" >\r\n\r\n\t\t\t\t\t\t\t\t\t\t\t\t<a id=\"backforunical3719\" href=\"http:\/\/www.bebo.com\/c\/share?Url=www.fabregat-perulles-sales.com\/actualidad\/wp-json\/wp\/v2\/posts\/3719\"  onclick=\"javascript:void window.open('http:\/\/www.bebo.com\/c\/share?Url=www.fabregat-perulles-sales.com\/actualidad\/wp-json\/wp\/v2\/posts\/3719','1410949501326','width=700,height=500,toolbar=0,menubar=0,location=0,status=1,scrollbars=1,resizable=1,left=0,top=0');return false;\" style=\"background-position: -330px -120px \"><\/a>\r\n\t\t\t\t\t<\/li>\r\n\t\t\t\t\t\t\t\t\t\t<li class=\"none nobackground \" >\r\n\r\n\t\t\t\t\t\t\t\t\t\t\t\t<a id=\"backforunical3719\" href=\"https:\/\/delicious.com\/save?v=5&noui&jump=close&url=www.fabregat-perulles-sales.com\/actualidad\/wp-json\/wp\/v2\/posts\/3719&title=EL TRIBUNAL SUPREMO RESUELVE SOBRE EL DERECHO AL OLVIDO DE INFORMACI\u00d3N INEXACTA PUBLICADA EN INTERNET\"  onclick=\"javascript:void window.open('https:\/\/delicious.com\/save?v=5&noui&jump=close&url=www.fabregat-perulles-sales.com\/actualidad\/wp-json\/wp\/v2\/posts\/3719&title=EL TRIBUNAL SUPREMO RESUELVE SOBRE EL DERECHO AL OLVIDO DE INFORMACI\u00d3N INEXACTA PUBLICADA EN INTERNET','1410949501326','width=700,height=500,toolbar=0,menubar=0,location=0,status=1,scrollbars=1,resizable=1,left=0,top=0');return false;\" style=\"background-position: -360px -120px \"><\/a>\r\n\t\t\t\t\t<\/li>\r\n\t\t\t\t\t\t\t\t\t\t<li class=\"none nobackground \" >\r\n\r\n\t\t\t\t\t\t\t\t\t\t\t\t<a id=\"backforunical3719\" href=\"http:\/\/www.odnoklassniki.ru\/dk?st.cmd=addShare&st.s=2&st.noresize=on&st._surl=www.fabregat-perulles-sales.com\/actualidad\/wp-json\/wp\/v2\/posts\/3719\"  onclick=\"javascript:void window.open('http:\/\/www.odnoklassniki.ru\/dk?st.cmd=addShare&st.s=2&st.noresize=on&st._surl=www.fabregat-perulles-sales.com\/actualidad\/wp-json\/wp\/v2\/posts\/3719','1410949501326','width=700,height=500,toolbar=0,menubar=0,location=0,status=1,scrollbars=1,resizable=1,left=0,top=0');return false;\" style=\"background-position: -390px -120px \"><\/a>\r\n\t\t\t\t\t<\/li>\r\n\t\t\t\t\t\t\t\t\t\t<li class=\"none nobackground \" >\r\n\r\n\t\t\t\t\t\t\t\t\t\t\t\t<a id=\"backforunical3719\" href=\"http:\/\/sns.qzone.qq.com\/cgi-bin\/qzshare\/cgi_qzshare_onekey?url=www.fabregat-perulles-sales.com\/actualidad\/wp-json\/wp\/v2\/posts\/3719&title=EL TRIBUNAL SUPREMO RESUELVE SOBRE EL DERECHO AL OLVIDO DE INFORMACI\u00d3N INEXACTA PUBLICADA EN INTERNET\"  onclick=\"javascript:void window.open('http:\/\/sns.qzone.qq.com\/cgi-bin\/qzshare\/cgi_qzshare_onekey?url=www.fabregat-perulles-sales.com\/actualidad\/wp-json\/wp\/v2\/posts\/3719&title=EL TRIBUNAL SUPREMO RESUELVE SOBRE EL DERECHO AL OLVIDO DE INFORMACI\u00d3N INEXACTA PUBLICADA EN INTERNET','1410949501326','width=700,height=500,toolbar=0,menubar=0,location=0,status=1,scrollbars=1,resizable=1,left=0,top=0');return false;\" style=\"background-position: -420px -120px \"><\/a>\r\n\t\t\t\t\t<\/li>\r\n\t\t\t\t\t\t\t\t\t\t<li class=\"none nobackground \" >\r\n\r\n\t\t\t\t\t\t\t\t\t\t\t\t<a id=\"backforunical3719\" href=\"http:\/\/service.weibo.com\/share\/share.php?url=www.fabregat-perulles-sales.com\/actualidad\/wp-json\/wp\/v2\/posts\/3719&appkey=&title=EL TRIBUNAL SUPREMO RESUELVE SOBRE EL DERECHO AL OLVIDO DE INFORMACI\u00d3N INEXACTA PUBLICADA EN INTERNET&pic=&ralateUid=&\"  onclick=\"javascript:void window.open('http:\/\/service.weibo.com\/share\/share.php?url=www.fabregat-perulles-sales.com\/actualidad\/wp-json\/wp\/v2\/posts\/3719&appkey=&title=EL TRIBUNAL SUPREMO RESUELVE SOBRE EL DERECHO AL OLVIDO DE INFORMACI\u00d3N INEXACTA PUBLICADA EN INTERNET&pic=&ralateUid=&','1410949501326','width=700,height=500,toolbar=0,menubar=0,location=0,status=1,scrollbars=1,resizable=1,left=0,top=0');return false;\" style=\"background-position: -450px -120px \"><\/a>\r\n\t\t\t\t\t<\/li>\r\n\t\t\t\t\t\t\t\t\t\t<li class=\"none nobackground \" >\r\n\r\n\t\t\t\t\t\t\t\t\t\t\t\t<a id=\"backforunical3719\" href=\"http:\/\/widget.renren.com\/dialog\/share?resourceUrl=www.fabregat-perulles-sales.com\/actualidad\/wp-json\/wp\/v2\/posts\/3719&srcUrl=www.fabregat-perulles-sales.com\/actualidad\/wp-json\/wp\/v2\/posts\/3719&title=EL TRIBUNAL SUPREMO RESUELVE SOBRE EL DERECHO AL OLVIDO DE INFORMACI\u00d3N INEXACTA PUBLICADA EN INTERNET\"  onclick=\"javascript:void window.open('http:\/\/widget.renren.com\/dialog\/share?resourceUrl=www.fabregat-perulles-sales.com\/actualidad\/wp-json\/wp\/v2\/posts\/3719&srcUrl=www.fabregat-perulles-sales.com\/actualidad\/wp-json\/wp\/v2\/posts\/3719&title=EL TRIBUNAL SUPREMO RESUELVE SOBRE EL DERECHO AL OLVIDO DE INFORMACI\u00d3N INEXACTA PUBLICADA EN INTERNET','1410949501326','width=700,height=500,toolbar=0,menubar=0,location=0,status=1,scrollbars=1,resizable=1,left=0,top=0');return false;\" style=\"background-position: -480px -120px \"><\/a>\r\n\t\t\t\t\t<\/li>\r\n\t\t\t\t\t\t\t\t\t\t<li class=\"none nobackground \" >\r\n\r\n\t\t\t\t\t\t\t\t\t\t\t\t<a id=\"backforunical3719\" href=\"http:\/\/n4g.com\/tips?url=www.fabregat-perulles-sales.com\/actualidad\/wp-json\/wp\/v2\/posts\/3719&title=EL TRIBUNAL SUPREMO RESUELVE SOBRE EL DERECHO AL OLVIDO DE INFORMACI\u00d3N INEXACTA PUBLICADA EN INTERNET\"  onclick=\"javascript:void window.open('http:\/\/n4g.com\/tips?url=www.fabregat-perulles-sales.com\/actualidad\/wp-json\/wp\/v2\/posts\/3719&title=EL TRIBUNAL SUPREMO RESUELVE SOBRE EL DERECHO AL OLVIDO DE INFORMACI\u00d3N INEXACTA PUBLICADA EN INTERNET','1410949501326','width=700,height=500,toolbar=0,menubar=0,location=0,status=1,scrollbars=1,resizable=1,left=0,top=0');return false;\" style=\"background-position: -510px -120px \"><\/a>\r\n\t\t\t\t\t<\/li>\r\n\t\t\t\t\t\t\t\t<\/ul>\r\n\t\t\t<div class=\"clear\"><\/div>\r\n\t\t<\/div>\r\n\t\t","protected":false},"excerpt":{"rendered":"<p>La protecci\u00f3n del derecho a la propia imagen que, principalmente se encuentra en la Ley Org\u00e1nica de protecci\u00f3n civil del derecho al honor, a la intimidad personal y familiar y a la propia imagen, de 5 de mayo de 1982, irremediablemente necesita de la interacci\u00f3n con las normas relativas a la protecci\u00f3n de datos personales\u2026 <span class=\"read-more\"><a href=\"https:\/\/www.fabregat-perulles-sales.com\/actualidad\/el-tribunal-supremo-resuelve-sobre-el-derecho-al-olvido-de-informacion-inexacta-publicada-en-internet\/\">Read More &raquo;<\/a><\/span><\/p>\n","protected":false},"author":3,"featured_media":0,"comment_status":"open","ping_status":"closed","sticky":false,"template":"","format":"standard","meta":[],"categories":[466,279,248,1498],"tags":[1542,1543,27],"yoast_head":"<!-- This site is optimized with the Yoast SEO plugin v20.2.1 - https:\/\/yoast.com\/wordpress\/plugins\/seo\/ -->\n<title>DERECHO AL OLVIDO EN INTERNET<\/title>\n<meta name=\"description\" content=\"Con la sentencia 21\/2019, el TS consolida el derecho al olvido de personas afectadas por informaci\u00f3n inexacta ofrecida en internet por motores de b\u00fasqueda.\" \/>\n<meta name=\"robots\" content=\"index, follow, max-snippet:-1, max-image-preview:large, max-video-preview:-1\" \/>\n<link rel=\"canonical\" href=\"https:\/\/www.fabregat-perulles-sales.com\/actualidad\/el-tribunal-supremo-resuelve-sobre-el-derecho-al-olvido-de-informacion-inexacta-publicada-en-internet\/\" \/>\n<meta property=\"og:locale\" content=\"en_US\" \/>\n<meta property=\"og:type\" content=\"article\" \/>\n<meta property=\"og:title\" content=\"DERECHO AL OLVIDO EN INTERNET\" \/>\n<meta property=\"og:description\" content=\"Con la sentencia 21\/2019, el TS consolida el derecho al olvido de personas afectadas por informaci\u00f3n inexacta ofrecida en internet por motores de b\u00fasqueda.\" \/>\n<meta property=\"og:url\" content=\"https:\/\/www.fabregat-perulles-sales.com\/actualidad\/el-tribunal-supremo-resuelve-sobre-el-derecho-al-olvido-de-informacion-inexacta-publicada-en-internet\/\" \/>\n<meta property=\"og:site_name\" content=\"International Lawyers\" \/>\n<meta property=\"article:published_time\" content=\"2019-01-28T12:38:25+00:00\" \/>\n<meta property=\"article:modified_time\" content=\"2020-02-28T13:18:52+00:00\" \/>\n<meta property=\"og:image\" content=\"http:\/\/www.fabregat-perulles-sales.com\/actualidad\/wp-content\/uploads\/2019\/01\/google-derecho-olvido-TS-abogados-espanol-300x200.jpeg\" \/>\n<meta name=\"author\" content=\"Victor\" \/>\n<meta name=\"twitter:card\" content=\"summary_large_image\" \/>\n<meta name=\"twitter:label1\" content=\"Written by\" \/>\n\t<meta name=\"twitter:data1\" content=\"Victor\" \/>\n\t<meta name=\"twitter:label2\" content=\"Est. reading time\" \/>\n\t<meta name=\"twitter:data2\" content=\"3 minutes\" \/>\n<script type=\"application\/ld+json\" class=\"yoast-schema-graph\">{\"@context\":\"https:\/\/schema.org\",\"@graph\":[{\"@type\":\"WebPage\",\"@id\":\"https:\/\/www.fabregat-perulles-sales.com\/actualidad\/el-tribunal-supremo-resuelve-sobre-el-derecho-al-olvido-de-informacion-inexacta-publicada-en-internet\/\",\"url\":\"https:\/\/www.fabregat-perulles-sales.com\/actualidad\/el-tribunal-supremo-resuelve-sobre-el-derecho-al-olvido-de-informacion-inexacta-publicada-en-internet\/\",\"name\":\"DERECHO AL OLVIDO EN INTERNET\",\"isPartOf\":{\"@id\":\"https:\/\/www.fabregat-perulles-sales.com\/actualidad\/#website\"},\"datePublished\":\"2019-01-28T12:38:25+00:00\",\"dateModified\":\"2020-02-28T13:18:52+00:00\",\"author\":{\"@id\":\"https:\/\/www.fabregat-perulles-sales.com\/actualidad\/#\/schema\/person\/cabc1d68c7778f01d5e069c2d98442e3\"},\"description\":\"Con la sentencia 21\/2019, el TS consolida el derecho al olvido de personas afectadas por informaci\u00f3n inexacta ofrecida en internet por motores de b\u00fasqueda.\",\"breadcrumb\":{\"@id\":\"https:\/\/www.fabregat-perulles-sales.com\/actualidad\/el-tribunal-supremo-resuelve-sobre-el-derecho-al-olvido-de-informacion-inexacta-publicada-en-internet\/#breadcrumb\"},\"inLanguage\":\"en-US\",\"potentialAction\":[{\"@type\":\"ReadAction\",\"target\":[\"https:\/\/www.fabregat-perulles-sales.com\/actualidad\/el-tribunal-supremo-resuelve-sobre-el-derecho-al-olvido-de-informacion-inexacta-publicada-en-internet\/\"]}]},{\"@type\":\"BreadcrumbList\",\"@id\":\"https:\/\/www.fabregat-perulles-sales.com\/actualidad\/el-tribunal-supremo-resuelve-sobre-el-derecho-al-olvido-de-informacion-inexacta-publicada-en-internet\/#breadcrumb\",\"itemListElement\":[{\"@type\":\"ListItem\",\"position\":1,\"name\":\"Home\",\"item\":\"https:\/\/www.fabregat-perulles-sales.com\/actualidad\/\"},{\"@type\":\"ListItem\",\"position\":2,\"name\":\"EL TRIBUNAL SUPREMO RESUELVE SOBRE EL DERECHO AL OLVIDO DE INFORMACI\u00d3N INEXACTA PUBLICADA EN INTERNET\"}]},{\"@type\":\"WebSite\",\"@id\":\"https:\/\/www.fabregat-perulles-sales.com\/actualidad\/#website\",\"url\":\"https:\/\/www.fabregat-perulles-sales.com\/actualidad\/\",\"name\":\"www.fabregat-perulles-sales.com\",\"description\":\"Fabregat Perulles Sales Abogados is a law firm of reference international market in the Spanish-German, Spanish-French, and Spanish-Italian. Is one of the first firms in Barcelona offering a Russian Desk.\",\"potentialAction\":[{\"@type\":\"SearchAction\",\"target\":{\"@type\":\"EntryPoint\",\"urlTemplate\":\"https:\/\/www.fabregat-perulles-sales.com\/actualidad\/?s={search_term_string}\"},\"query-input\":\"required name=search_term_string\"}],\"inLanguage\":\"en-US\"},{\"@type\":\"Person\",\"@id\":\"https:\/\/www.fabregat-perulles-sales.com\/actualidad\/#\/schema\/person\/cabc1d68c7778f01d5e069c2d98442e3\",\"name\":\"Victor\",\"image\":{\"@type\":\"ImageObject\",\"inLanguage\":\"en-US\",\"@id\":\"https:\/\/www.fabregat-perulles-sales.com\/actualidad\/#\/schema\/person\/image\/\",\"url\":\"https:\/\/secure.gravatar.com\/avatar\/756cb666a964d2960ffe307b8a53b271?s=96&d=mm&r=g\",\"contentUrl\":\"https:\/\/secure.gravatar.com\/avatar\/756cb666a964d2960ffe307b8a53b271?s=96&d=mm&r=g\",\"caption\":\"Victor\"},\"sameAs\":[\"http:\/\/www.fabregat-perulles-sales.com\"],\"url\":\"https:\/\/www.fabregat-perulles-sales.com\/actualidad\/author\/victor\/\"}]}<\/script>\n<!-- \/ Yoast SEO plugin. -->","yoast_head_json":{"title":"DERECHO AL OLVIDO EN INTERNET","description":"Con la sentencia 21\/2019, el TS consolida el derecho al olvido de personas afectadas por informaci\u00f3n inexacta ofrecida en internet por motores de b\u00fasqueda.","robots":{"index":"index","follow":"follow","max-snippet":"max-snippet:-1","max-image-preview":"max-image-preview:large","max-video-preview":"max-video-preview:-1"},"canonical":"https:\/\/www.fabregat-perulles-sales.com\/actualidad\/el-tribunal-supremo-resuelve-sobre-el-derecho-al-olvido-de-informacion-inexacta-publicada-en-internet\/","og_locale":"en_US","og_type":"article","og_title":"DERECHO AL OLVIDO EN INTERNET","og_description":"Con la sentencia 21\/2019, el TS consolida el derecho al olvido de personas afectadas por informaci\u00f3n inexacta ofrecida en internet por motores de b\u00fasqueda.","og_url":"https:\/\/www.fabregat-perulles-sales.com\/actualidad\/el-tribunal-supremo-resuelve-sobre-el-derecho-al-olvido-de-informacion-inexacta-publicada-en-internet\/","og_site_name":"International Lawyers","article_published_time":"2019-01-28T12:38:25+00:00","article_modified_time":"2020-02-28T13:18:52+00:00","og_image":[{"url":"http:\/\/www.fabregat-perulles-sales.com\/actualidad\/wp-content\/uploads\/2019\/01\/google-derecho-olvido-TS-abogados-espanol-300x200.jpeg"}],"author":"Victor","twitter_card":"summary_large_image","twitter_misc":{"Written by":"Victor","Est. reading time":"3 minutes"},"schema":{"@context":"https:\/\/schema.org","@graph":[{"@type":"WebPage","@id":"https:\/\/www.fabregat-perulles-sales.com\/actualidad\/el-tribunal-supremo-resuelve-sobre-el-derecho-al-olvido-de-informacion-inexacta-publicada-en-internet\/","url":"https:\/\/www.fabregat-perulles-sales.com\/actualidad\/el-tribunal-supremo-resuelve-sobre-el-derecho-al-olvido-de-informacion-inexacta-publicada-en-internet\/","name":"DERECHO AL OLVIDO EN INTERNET","isPartOf":{"@id":"https:\/\/www.fabregat-perulles-sales.com\/actualidad\/#website"},"datePublished":"2019-01-28T12:38:25+00:00","dateModified":"2020-02-28T13:18:52+00:00","author":{"@id":"https:\/\/www.fabregat-perulles-sales.com\/actualidad\/#\/schema\/person\/cabc1d68c7778f01d5e069c2d98442e3"},"description":"Con la sentencia 21\/2019, el TS consolida el derecho al olvido de personas afectadas por informaci\u00f3n inexacta ofrecida en internet por motores de b\u00fasqueda.","breadcrumb":{"@id":"https:\/\/www.fabregat-perulles-sales.com\/actualidad\/el-tribunal-supremo-resuelve-sobre-el-derecho-al-olvido-de-informacion-inexacta-publicada-en-internet\/#breadcrumb"},"inLanguage":"en-US","potentialAction":[{"@type":"ReadAction","target":["https:\/\/www.fabregat-perulles-sales.com\/actualidad\/el-tribunal-supremo-resuelve-sobre-el-derecho-al-olvido-de-informacion-inexacta-publicada-en-internet\/"]}]},{"@type":"BreadcrumbList","@id":"https:\/\/www.fabregat-perulles-sales.com\/actualidad\/el-tribunal-supremo-resuelve-sobre-el-derecho-al-olvido-de-informacion-inexacta-publicada-en-internet\/#breadcrumb","itemListElement":[{"@type":"ListItem","position":1,"name":"Home","item":"https:\/\/www.fabregat-perulles-sales.com\/actualidad\/"},{"@type":"ListItem","position":2,"name":"EL TRIBUNAL SUPREMO RESUELVE SOBRE EL DERECHO AL OLVIDO DE INFORMACI\u00d3N INEXACTA PUBLICADA EN INTERNET"}]},{"@type":"WebSite","@id":"https:\/\/www.fabregat-perulles-sales.com\/actualidad\/#website","url":"https:\/\/www.fabregat-perulles-sales.com\/actualidad\/","name":"www.fabregat-perulles-sales.com","description":"Fabregat Perulles Sales Abogados is a law firm of reference international market in the Spanish-German, Spanish-French, and Spanish-Italian. Is one of the first firms in Barcelona offering a Russian Desk.","potentialAction":[{"@type":"SearchAction","target":{"@type":"EntryPoint","urlTemplate":"https:\/\/www.fabregat-perulles-sales.com\/actualidad\/?s={search_term_string}"},"query-input":"required name=search_term_string"}],"inLanguage":"en-US"},{"@type":"Person","@id":"https:\/\/www.fabregat-perulles-sales.com\/actualidad\/#\/schema\/person\/cabc1d68c7778f01d5e069c2d98442e3","name":"Victor","image":{"@type":"ImageObject","inLanguage":"en-US","@id":"https:\/\/www.fabregat-perulles-sales.com\/actualidad\/#\/schema\/person\/image\/","url":"https:\/\/secure.gravatar.com\/avatar\/756cb666a964d2960ffe307b8a53b271?s=96&d=mm&r=g","contentUrl":"https:\/\/secure.gravatar.com\/avatar\/756cb666a964d2960ffe307b8a53b271?s=96&d=mm&r=g","caption":"Victor"},"sameAs":["http:\/\/www.fabregat-perulles-sales.com"],"url":"https:\/\/www.fabregat-perulles-sales.com\/actualidad\/author\/victor\/"}]}},"amp_enabled":true,"_links":{"self":[{"href":"https:\/\/www.fabregat-perulles-sales.com\/actualidad\/wp-json\/wp\/v2\/posts\/3719"}],"collection":[{"href":"https:\/\/www.fabregat-perulles-sales.com\/actualidad\/wp-json\/wp\/v2\/posts"}],"about":[{"href":"https:\/\/www.fabregat-perulles-sales.com\/actualidad\/wp-json\/wp\/v2\/types\/post"}],"author":[{"embeddable":true,"href":"https:\/\/www.fabregat-perulles-sales.com\/actualidad\/wp-json\/wp\/v2\/users\/3"}],"replies":[{"embeddable":true,"href":"https:\/\/www.fabregat-perulles-sales.com\/actualidad\/wp-json\/wp\/v2\/comments?post=3719"}],"version-history":[{"count":3,"href":"https:\/\/www.fabregat-perulles-sales.com\/actualidad\/wp-json\/wp\/v2\/posts\/3719\/revisions"}],"predecessor-version":[{"id":4268,"href":"https:\/\/www.fabregat-perulles-sales.com\/actualidad\/wp-json\/wp\/v2\/posts\/3719\/revisions\/4268"}],"wp:attachment":[{"href":"https:\/\/www.fabregat-perulles-sales.com\/actualidad\/wp-json\/wp\/v2\/media?parent=3719"}],"wp:term":[{"taxonomy":"category","embeddable":true,"href":"https:\/\/www.fabregat-perulles-sales.com\/actualidad\/wp-json\/wp\/v2\/categories?post=3719"},{"taxonomy":"post_tag","embeddable":true,"href":"https:\/\/www.fabregat-perulles-sales.com\/actualidad\/wp-json\/wp\/v2\/tags?post=3719"}],"curies":[{"name":"wp","href":"https:\/\/api.w.org\/{rel}","templated":true}]}}