{"id":3697,"date":"2019-01-17T15:26:46","date_gmt":"2019-01-17T14:26:46","guid":{"rendered":"http:\/\/www.fabregat-perulles-sales.com\/actualidad\/?p=3697"},"modified":"2020-02-28T14:24:27","modified_gmt":"2020-02-28T13:24:27","slug":"las-personas-fisicas-vinculadas-con-las-partes-contratantes-en-el-prestamo-hipotecario-no-pueden-ser-consideradas-como-consumidores","status":"publish","type":"post","link":"https:\/\/www.fabregat-perulles-sales.com\/actualidad\/las-personas-fisicas-vinculadas-con-las-partes-contratantes-en-el-prestamo-hipotecario-no-pueden-ser-consideradas-como-consumidores\/","title":{"rendered":"Las personas f\u00edsicas vinculadas con las partes contratantes en el pr\u00e9stamo hipotecario, no pueden ser consideradas como consumidores."},"content":{"rendered":"<p>El 20 de diciembre de 2018, el Tribunal Supremo dict\u00f3 <a href=\"http:\/\/www.poderjudicial.es\/search\/documento\/TS\/8609835\/Clausulas%20abusivas\/20190111\" target=\"_blank\" rel=\"noopener noreferrer\">sentencia n\u00famero\u00a0728\/2018<\/a>, reiterando su jurisprudencia sobre la condici\u00f3n de consumidor en relaci\u00f3n a las cl\u00e1usulas generales de la contrataci\u00f3n cuando el adherente no es persona f\u00edsica o tiene una especial vinculaci\u00f3n con el contrato.<\/p>\n<p><!--more--><\/p>\n<p>En el caso objeto de autos se celebr\u00f3 un contrato de pr\u00e9stamo con garant\u00eda hipotecaria entre la entidad financiera, Banco Popular S.A., como prestamista, y la mercantil \u201cFincas y Alquileres\u201d, como prestataria, con la finalidad de financiar una promoci\u00f3n de vi<img decoding=\"async\" loading=\"lazy\" class=\"alignright wp-image-3698\" src=\"http:\/\/www.fabregat-perulles-sales.com\/actualidad\/wp-content\/uploads\/2019\/01\/dedo-contrato-abogados-espanol-300x200.jpg\" alt=\"\" width=\"284\" height=\"189\" srcset=\"https:\/\/www.fabregat-perulles-sales.com\/actualidad\/wp-content\/uploads\/2019\/01\/dedo-contrato-abogados-espanol-300x200.jpg 300w, https:\/\/www.fabregat-perulles-sales.com\/actualidad\/wp-content\/uploads\/2019\/01\/dedo-contrato-abogados-espanol-768x512.jpg 768w, https:\/\/www.fabregat-perulles-sales.com\/actualidad\/wp-content\/uploads\/2019\/01\/dedo-contrato-abogados-espanol-660x440.jpg 660w, https:\/\/www.fabregat-perulles-sales.com\/actualidad\/wp-content\/uploads\/2019\/01\/dedo-contrato-abogados-espanol.jpg 960w\" sizes=\"(max-width: 284px) 100vw, 284px\" \/>viendas. En dicho contrato intervino como hipotecante no deudora la sociedad Cisce 2005 S.L., y como fiador solidario, la persona que, a fecha del contrato, era apoderado solidario de Cisce y presidente de su consejo de administraci\u00f3n, as\u00ed como administrador solidario de Fincas y Alquileres. En lo que aqu\u00ed interesa, tanto la hipotecante no deudora como el fiador presentaron demanda solicitando la nulidad por abusiva de una cl\u00e1usula, incluida en la escritura, relativa a la tasaci\u00f3n de la finca hipotecada. Insistiendo reiteradamente en el desequilibrio en las prestaciones y postulando un control de abusividad que \u00fanicamente es propio de los contratos en que el adherente es consumidor.<\/p>\n<p>El Tribunal Supremo establece que la aplicaci\u00f3n de la nulidad prevista en el<a href=\"https:\/\/www.boe.es\/buscar\/act.php?id=BOE-A-1998-8789&amp;p=20140328&amp;tn=1#a9\" target=\"_blank\" rel=\"noopener noreferrer\"> art. 9 LCGC <\/a>tiene como presupuesto, precisamente, que el adherente sea consumidor. Sin embargo, ni la sociedad hipotecante no deudora ni el fiador tienen la condici\u00f3n legal de consumidores.<\/p>\n<p>Respecto de la sociedad, el ordenamiento jur\u00eddico espa\u00f1ol, a diferencia de las Directivas comunitarias en materia de consumo que \u00fanicamente reconocen la condici\u00f3n de consumidores a las personas f\u00edsicas, <strong><em>permite que una persona jur\u00eddica pueda ser consumidora, pero siempre que no tenga \u00e1nimo de lucro<\/em><\/strong> (<a href=\"https:\/\/www.boe.es\/buscar\/act.php?id=BOE-A-2007-20555&amp;p=20181227&amp;tn=1#a3\" target=\"_blank\" rel=\"noopener noreferrer\">art. 3 TRLGCU<\/a>). Sin embargo, una sociedad de responsabilidad limitada, cualquiera que sea su objeto social, tiene, per se, \u00e1nimo de lucro (<a href=\"http:\/\/noticias.juridicas.com\/base_datos\/Privado\/ccom.l2t1.html#a116\" target=\"_blank\" rel=\"noopener noreferrer\">art. 116 CCom <\/a>y<a href=\"https:\/\/www.boe.es\/buscar\/act.php?id=BOE-A-2010-10544&amp;p=20181229&amp;tn=1#a1\" target=\"_blank\" rel=\"noopener noreferrer\"> 1 de la Ley de Sociedades de Capital<\/a>). El TS entiende que tampoco cabe considerar que la sociedad hipotecante no deudora interviniera en la operaci\u00f3n al margen de su actividad empresarial, puesto que lo hizo en funci\u00f3n de sus relaciones mercantiles con Fincas y Alquileres.<\/p>\n<p>Respecto al fiador, tampoco puede ser considerado consumidor, ya que era administrador y apoderado de la sociedad hipotecante y administrador de la sociedad deudora, por lo que, tanto conforme a la jurisprudencia del TJUE como la del TS, tiene una <strong><em>evidente vinculaci\u00f3n funcional con las partes del contrato enjuiciado<\/em><\/strong>.<\/p>\n<p>Como ya ha establecido el Tribunal Supremo en la Sentencia 314\/2018, de 28 de mayo, en los AATJUE de 19 de noviembre de 2015 (asunto C- 74\/15, Tarc\u00e3u ) y de 14 de septiembre de 2016 (asunto C-534\/15, Dumitras), en caso de garantes, el TJUE excluye la condici\u00f3n de consumidores cuando, aun actuando al margen de una actividad empresarial o profesional, tienen un &#8220;v\u00ednculo funcional&#8221; con el contratante profesional; es decir, no son del todo ajenos al aspecto profesional o empresarial de la operaci\u00f3n. En cuanto a esa caracterizaci\u00f3n del v\u00ednculo funcional, el mencionado ATJUE de 19 de noviembre de 2015 ofrece una primera aproximaci\u00f3n, al decir en su apartado 29 (reproducido posteriormente en el ATJUE de 14 de septiembre de 2016, \u00a7 34): &#8220;<em>De este modo, en el caso de una persona f\u00edsica que se constituy\u00f3 en garante de la ejecuci\u00f3n de las obligaciones de una sociedad mercantil, corresponde al juez nacional determinar si dicha persona actu\u00f3 en el marco de su actividad profesional o por raz\u00f3n de los v\u00ednculos funcionales que mantiene con dicha sociedad, como la gerencia de la misma o una participaci\u00f3n significativa en su capital social, o bien si actu\u00f3 con fines de car\u00e1cter privado<\/em>&#8220;.<\/p>\n<p>El Tribunal concluye estableciendo que con el t\u00e9rmino &#8220;gerencia&#8221; que utiliza el TJUE, se debe entender cualquier modalidad de administraci\u00f3n de la sociedad, por lo que quien participa directamente en la toma de decisiones de la empresa tiene v\u00ednculo funcional con ella. Es decir, a estos efectos, todos los administradores, sean del tipo que sean, han de considerarse empresarios y no consumidores.<\/p>\n<p>&nbsp;<\/p>\n\r\n\t\t<style>\r\n\t\t\t.huge-it-share-buttons {\r\n\t\t\t\tborder:0px solid #0FB5D6;\r\n\t\t\t\tborder-radius:5px;\r\n\t\t\t\tbackground:#3BD8FF;\r\n\t\t\t text-align:left; \t\t\t\t\t\t\t\t\t}\r\n\r\n\t\t\t#huge-it-share-buttons-top {margin-bottom:0px;}\r\n\t\t\t#huge-it-share-buttons-bottom {margin-top:0px;}\r\n\r\n\t\t\t.huge-it-share-buttons h3 {\r\n\t\t\t\tfont-size:25px ;\r\n\t\t\t\tfont-family:Arial,Helvetica Neue,Helvetica,sans-serif;\r\n\t\t\t\tcolor:#666666;\r\n\r\n\t\t\tdisplay:block;\t\t\t\tline-height:25px ;\r\n\r\n\t\t\t text-align:left; \t\t\t\t\t\t\t\t\t}\r\n\r\n\t\t\t.huge-it-share-buttons ul {\r\n\t\t\t float:left; \t\t\t\t\t\t\t\t\t}\r\n\r\n\t\t\t.huge-it-share-buttons ul li {\r\n\t\t\t\tmargin-left:3px;\r\n\t\t\t\tmargin-right:3px;\r\n\t\t\t\tpadding:0px;\r\n\t\t\t\tborder:0px ridge #E6354C;\r\n\t\t\t\tborder-radius:11px;\r\n\t\t\t\tbackground-color:#14CC9B;\r\n\t\t\t}\r\n\r\n\t\t\t.huge-it-share-buttons ul li #backforunical3697 {\r\n\t\t\t\tborder-bottom: 0;\r\n\t\t\t\tbackground-image:url('https:\/\/www.fabregat-perulles-sales.com\/actualidad\/wp-content\/plugins\/wp-share-buttons\/Front_end\/..\/images\/buttons.30.png');\r\n\t\t\t\twidth:30px;\r\n\t\t\t\theight:30px;\r\n\t\t\t}\r\n\r\n\t\t\t.front-shares-count {\r\n\t\t\t\tposition: absolute;\r\n\t\t\t\ttext-align: center;\r\n\t\t\t\tdisplay: block;\r\n\t\t\t}\r\n\r\n\t\t\t.shares_size20 .front-shares-count {\r\n\t\t\t\tfont-size: 10px;\r\n\t\t\t\ttop: 10px;\r\n\t\t\t\twidth: 20px;\r\n\t\t\t}\r\n\r\n\t\t\t.shares_size30 .front-shares-count {\r\n\t\t\t\tfont-size: 11px;\r\n\t\t\t\ttop: 15px;\r\n\t\t\t\twidth: 30px;\r\n\t\t\t}\r\n\r\n\t\t\t.shares_size40 .front-shares-count {\r\n\t\t\t\tfont-size: 12px;\r\n\t\t\t\ttop: 21px;\r\n\t\t\t\twidth: 40px;\r\n\t\t\t}\r\n\t\t<\/style>\r\n\t\t\r\n\t\t<div id=\"huge-it-share-buttons-top\" class=\"huge-it-share-buttons nobackground\">\r\n\t\t\t<h3>Share This:<\/h3>\r\n\t\t\t<ul class=\"huge-it-share-buttons-list \">\r\n\t\t\t\t\t\t\t\t\t<li class=\"nobackground \" >\r\n\r\n\t\t\t\t\t\t\t\t\t\t\t\t<a id=\"backforunical3697\" href=\"https:\/\/www.facebook.com\/sharer\/sharer.php?u=www.fabregat-perulles-sales.com\/actualidad\/wp-json\/wp\/v2\/posts\/3697\"  onclick=\"javascript:void window.open('https:\/\/www.facebook.com\/sharer\/sharer.php?u=www.fabregat-perulles-sales.com\/actualidad\/wp-json\/wp\/v2\/posts\/3697','1410949501326','width=700,height=500,toolbar=0,menubar=0,location=0,status=1,scrollbars=1,resizable=1,left=0,top=0');return false;\" style=\"background-position: -0px -120px \"><\/a>\r\n\t\t\t\t\t<\/li>\r\n\t\t\t\t\t\t\t\t\t\t<li class=\"nobackground \" >\r\n\r\n\t\t\t\t\t\t\t\t\t\t\t\t<a id=\"backforunical3697\" href=\"https:\/\/twitter.com\/share?status=www.fabregat-perulles-sales.com\/actualidad\/wp-json\/wp\/v2\/posts\/3697&text=Las personas f\u00edsicas vinculadas con las partes contratantes en el pr\u00e9stamo hipotecario, no pueden ser consideradas como consumidores.\"  onclick=\"javascript:void window.open('https:\/\/twitter.com\/share?status=www.fabregat-perulles-sales.com\/actualidad\/wp-json\/wp\/v2\/posts\/3697&text=Las personas f\u00edsicas vinculadas con las partes contratantes en el pr\u00e9stamo hipotecario, no pueden ser consideradas como consumidores.','1410949501326','width=700,height=500,toolbar=0,menubar=0,location=0,status=1,scrollbars=1,resizable=1,left=0,top=0');return false;\" style=\"background-position: -30px -120px \"><\/a>\r\n\t\t\t\t\t<\/li>\r\n\t\t\t\t\t\t\t\t\t\t<li class=\"none nobackground \" >\r\n\r\n\t\t\t\t\t\t\t\t\t\t\t\t<a id=\"backforunical3697\" href=\"http:\/\/www.pinterest.com\/pin\/create\/button\/?url=www.fabregat-perulles-sales.com\/actualidad\/wp-json\/wp\/v2\/posts\/3697&media=https:\/\/www.fabregat-perulles-sales.com\/actualidad\/wp-content\/plugins\/wp-share-buttons\/Front_end\/..\/images\/noimage.png&description=Las personas f\u00edsicas vinculadas con las partes contratantes en el pr\u00e9stamo hipotecario, no pueden ser consideradas como consumidores.\"  onclick=\"javascript:void window.open('http:\/\/www.pinterest.com\/pin\/create\/button\/?url=www.fabregat-perulles-sales.com\/actualidad\/wp-json\/wp\/v2\/posts\/3697&media=https:\/\/www.fabregat-perulles-sales.com\/actualidad\/wp-content\/plugins\/wp-share-buttons\/Front_end\/..\/images\/noimage.png&description=Las personas f\u00edsicas vinculadas con las partes contratantes en el pr\u00e9stamo hipotecario, no pueden ser consideradas como consumidores.','1410949501326','width=700,height=500,toolbar=0,menubar=0,location=0,status=1,scrollbars=1,resizable=1,left=0,top=0');return false;\" style=\"background-position: -60px -120px \"><\/a>\r\n\t\t\t\t\t<\/li>\r\n\t\t\t\t\t\t\t\t\t\t<li class=\"none nobackground \" >\r\n\r\n\t\t\t\t\t\t\t\t\t\t\t\t<a id=\"backforunical3697\" href=\"https:\/\/plus.google.com\/share?url=www.fabregat-perulles-sales.com\/actualidad\/wp-json\/wp\/v2\/posts\/3697\"  onclick=\"javascript:void window.open('https:\/\/plus.google.com\/share?url=www.fabregat-perulles-sales.com\/actualidad\/wp-json\/wp\/v2\/posts\/3697','1410949501326','width=700,height=500,toolbar=0,menubar=0,location=0,status=1,scrollbars=1,resizable=1,left=0,top=0');return false;\" style=\"background-position: -90px -120px \"><\/a>\r\n\t\t\t\t\t<\/li>\r\n\t\t\t\t\t\t\t\t\t\t<li class=\"nobackground \" >\r\n\r\n\t\t\t\t\t\t\t\t\t\t\t\t<a id=\"backforunical3697\" href=\"https:\/\/www.linkedin.com\/shareArticle?title=Las personas f\u00edsicas vinculadas con las partes contratantes en el pr\u00e9stamo hipotecario, no pueden ser consideradas como consumidores.&mini=true&url=https:\/\/www.fabregat-perulles-sales.com\/actualidad\/wp-json\/wp\/v2\/posts\/3697\"  onclick=\"javascript:void window.open('https:\/\/www.linkedin.com\/shareArticle?title=Las personas f\u00edsicas vinculadas con las partes contratantes en el pr\u00e9stamo hipotecario, no pueden ser consideradas como consumidores.&mini=true&url=https:\/\/www.fabregat-perulles-sales.com\/actualidad\/wp-json\/wp\/v2\/posts\/3697','1410949501326','width=700,height=500,toolbar=0,menubar=0,location=0,status=1,scrollbars=1,resizable=1,left=0,top=0');return false;\" style=\"background-position: -120px -120px \"><\/a>\r\n\t\t\t\t\t<\/li>\r\n\t\t\t\t\t\t\t\t\t\t<li class=\"none nobackground \" >\r\n\r\n\t\t\t\t\t\t\t\t\t\t\t\t<a id=\"backforunical3697\" href=\"https:\/\/www.tumblr.com\/share\/link?url=www.fabregat-perulles-sales.com\/actualidad\/wp-json\/wp\/v2\/posts\/3697&name=Las personas f\u00edsicas vinculadas con las partes contratantes en el pr\u00e9stamo hipotecario, no pueden ser consideradas como consumidores.\"  onclick=\"javascript:void window.open('https:\/\/www.tumblr.com\/share\/link?url=www.fabregat-perulles-sales.com\/actualidad\/wp-json\/wp\/v2\/posts\/3697&name=Las personas f\u00edsicas vinculadas con las partes contratantes en el pr\u00e9stamo hipotecario, no pueden ser consideradas como consumidores.','1410949501326','width=700,height=500,toolbar=0,menubar=0,location=0,status=1,scrollbars=1,resizable=1,left=0,top=0');return false;\" style=\"background-position: -150px -120px \"><\/a>\r\n\t\t\t\t\t<\/li>\r\n\t\t\t\t\t\t\t\t\t\t<li class=\"none nobackground \" >\r\n\r\n\t\t\t\t\t\t\t\t\t\t\t\t<a id=\"backforunical3697\" href=\"http:\/\/digg.com\/submit?phase=2&url=www.fabregat-perulles-sales.com\/actualidad\/wp-json\/wp\/v2\/posts\/3697&title=Las personas f\u00edsicas vinculadas con las partes contratantes en el pr\u00e9stamo hipotecario, no pueden ser consideradas como consumidores.\"  onclick=\"javascript:void window.open('http:\/\/digg.com\/submit?phase=2&url=www.fabregat-perulles-sales.com\/actualidad\/wp-json\/wp\/v2\/posts\/3697&title=Las personas f\u00edsicas vinculadas con las partes contratantes en el pr\u00e9stamo hipotecario, no pueden ser consideradas como consumidores.','1410949501326','width=700,height=500,toolbar=0,menubar=0,location=0,status=1,scrollbars=1,resizable=1,left=0,top=0');return false;\" style=\"background-position: -180px -120px \"><\/a>\r\n\t\t\t\t\t<\/li>\r\n\t\t\t\t\t\t\t\t\t\t<li class=\"none nobackground \" >\r\n\r\n\t\t\t\t\t\t\t\t\t\t\t\t<a id=\"backforunical3697\" href=\"http:\/\/www.stumbleupon.com\/submit?url=www.fabregat-perulles-sales.com\/actualidad\/wp-json\/wp\/v2\/posts\/3697&title=Las personas f\u00edsicas vinculadas con las partes contratantes en el pr\u00e9stamo hipotecario, no pueden ser consideradas como consumidores.\"  onclick=\"javascript:void window.open('http:\/\/www.stumbleupon.com\/submit?url=www.fabregat-perulles-sales.com\/actualidad\/wp-json\/wp\/v2\/posts\/3697&title=Las personas f\u00edsicas vinculadas con las partes contratantes en el pr\u00e9stamo hipotecario, no pueden ser consideradas como consumidores.','1410949501326','width=700,height=500,toolbar=0,menubar=0,location=0,status=1,scrollbars=1,resizable=1,left=0,top=0');return false;\" style=\"background-position: -210px -120px \"><\/a>\r\n\t\t\t\t\t<\/li>\r\n\t\t\t\t\t\t\t\t\t\t<li class=\"none nobackground \" >\r\n\r\n\t\t\t\t\t\t\t\t\t\t\t\t<a id=\"backforunical3697\" href=\"https:\/\/myspace.com\/post?l=3&u=www.fabregat-perulles-sales.com\/actualidad\/wp-json\/wp\/v2\/posts\/3697\"  onclick=\"javascript:void window.open('https:\/\/myspace.com\/post?l=3&u=www.fabregat-perulles-sales.com\/actualidad\/wp-json\/wp\/v2\/posts\/3697','1410949501326','width=700,height=500,toolbar=0,menubar=0,location=0,status=1,scrollbars=1,resizable=1,left=0,top=0');return false;\" style=\"background-position: -240px -120px \"><\/a>\r\n\t\t\t\t\t<\/li>\r\n\t\t\t\t\t\t\t\t\t\t<li class=\"nobackground \" >\r\n\r\n\t\t\t\t\t\t\t\t\t\t\t\t<a id=\"backforunical3697\" href=\"http:\/\/vk.com\/share.php?url=www.fabregat-perulles-sales.com\/actualidad\/wp-json\/wp\/v2\/posts\/3697&title=Las personas f\u00edsicas vinculadas con las partes contratantes en el pr\u00e9stamo hipotecario, no pueden ser consideradas como consumidores.\"  onclick=\"javascript:void window.open('http:\/\/vk.com\/share.php?url=www.fabregat-perulles-sales.com\/actualidad\/wp-json\/wp\/v2\/posts\/3697&title=Las personas f\u00edsicas vinculadas con las partes contratantes en el pr\u00e9stamo hipotecario, no pueden ser consideradas como consumidores.','1410949501326','width=700,height=500,toolbar=0,menubar=0,location=0,status=1,scrollbars=1,resizable=1,left=0,top=0');return false;\" style=\"background-position: -270px -120px \"><\/a>\r\n\t\t\t\t\t<\/li>\r\n\t\t\t\t\t\t\t\t\t\t<li class=\"none nobackground \" >\r\n\r\n\t\t\t\t\t\t\t\t\t\t\t\t<a id=\"backforunical3697\" href=\"http:\/\/www.reddit.com\/submit?url=www.fabregat-perulles-sales.com\/actualidad\/wp-json\/wp\/v2\/posts\/3697&title=Las personas f\u00edsicas vinculadas con las partes contratantes en el pr\u00e9stamo hipotecario, no pueden ser consideradas como consumidores.\"  onclick=\"javascript:void window.open('http:\/\/www.reddit.com\/submit?url=www.fabregat-perulles-sales.com\/actualidad\/wp-json\/wp\/v2\/posts\/3697&title=Las personas f\u00edsicas vinculadas con las partes contratantes en el pr\u00e9stamo hipotecario, no pueden ser consideradas como consumidores.','1410949501326','width=700,height=500,toolbar=0,menubar=0,location=0,status=1,scrollbars=1,resizable=1,left=0,top=0');return false;\" style=\"background-position: -300px -120px \"><\/a>\r\n\t\t\t\t\t<\/li>\r\n\t\t\t\t\t\t\t\t\t\t<li class=\"none nobackground \" >\r\n\r\n\t\t\t\t\t\t\t\t\t\t\t\t<a id=\"backforunical3697\" href=\"http:\/\/www.bebo.com\/c\/share?Url=www.fabregat-perulles-sales.com\/actualidad\/wp-json\/wp\/v2\/posts\/3697\"  onclick=\"javascript:void window.open('http:\/\/www.bebo.com\/c\/share?Url=www.fabregat-perulles-sales.com\/actualidad\/wp-json\/wp\/v2\/posts\/3697','1410949501326','width=700,height=500,toolbar=0,menubar=0,location=0,status=1,scrollbars=1,resizable=1,left=0,top=0');return false;\" style=\"background-position: -330px -120px \"><\/a>\r\n\t\t\t\t\t<\/li>\r\n\t\t\t\t\t\t\t\t\t\t<li class=\"none nobackground \" >\r\n\r\n\t\t\t\t\t\t\t\t\t\t\t\t<a id=\"backforunical3697\" href=\"https:\/\/delicious.com\/save?v=5&noui&jump=close&url=www.fabregat-perulles-sales.com\/actualidad\/wp-json\/wp\/v2\/posts\/3697&title=Las personas f\u00edsicas vinculadas con las partes contratantes en el pr\u00e9stamo hipotecario, no pueden ser consideradas como consumidores.\"  onclick=\"javascript:void window.open('https:\/\/delicious.com\/save?v=5&noui&jump=close&url=www.fabregat-perulles-sales.com\/actualidad\/wp-json\/wp\/v2\/posts\/3697&title=Las personas f\u00edsicas vinculadas con las partes contratantes en el pr\u00e9stamo hipotecario, no pueden ser consideradas como consumidores.','1410949501326','width=700,height=500,toolbar=0,menubar=0,location=0,status=1,scrollbars=1,resizable=1,left=0,top=0');return false;\" style=\"background-position: -360px -120px \"><\/a>\r\n\t\t\t\t\t<\/li>\r\n\t\t\t\t\t\t\t\t\t\t<li class=\"none nobackground \" >\r\n\r\n\t\t\t\t\t\t\t\t\t\t\t\t<a id=\"backforunical3697\" href=\"http:\/\/www.odnoklassniki.ru\/dk?st.cmd=addShare&st.s=2&st.noresize=on&st._surl=www.fabregat-perulles-sales.com\/actualidad\/wp-json\/wp\/v2\/posts\/3697\"  onclick=\"javascript:void window.open('http:\/\/www.odnoklassniki.ru\/dk?st.cmd=addShare&st.s=2&st.noresize=on&st._surl=www.fabregat-perulles-sales.com\/actualidad\/wp-json\/wp\/v2\/posts\/3697','1410949501326','width=700,height=500,toolbar=0,menubar=0,location=0,status=1,scrollbars=1,resizable=1,left=0,top=0');return false;\" style=\"background-position: -390px -120px \"><\/a>\r\n\t\t\t\t\t<\/li>\r\n\t\t\t\t\t\t\t\t\t\t<li class=\"none nobackground \" >\r\n\r\n\t\t\t\t\t\t\t\t\t\t\t\t<a id=\"backforunical3697\" href=\"http:\/\/sns.qzone.qq.com\/cgi-bin\/qzshare\/cgi_qzshare_onekey?url=www.fabregat-perulles-sales.com\/actualidad\/wp-json\/wp\/v2\/posts\/3697&title=Las personas f\u00edsicas vinculadas con las partes contratantes en el pr\u00e9stamo hipotecario, no pueden ser consideradas como consumidores.\"  onclick=\"javascript:void window.open('http:\/\/sns.qzone.qq.com\/cgi-bin\/qzshare\/cgi_qzshare_onekey?url=www.fabregat-perulles-sales.com\/actualidad\/wp-json\/wp\/v2\/posts\/3697&title=Las personas f\u00edsicas vinculadas con las partes contratantes en el pr\u00e9stamo hipotecario, no pueden ser consideradas como consumidores.','1410949501326','width=700,height=500,toolbar=0,menubar=0,location=0,status=1,scrollbars=1,resizable=1,left=0,top=0');return false;\" style=\"background-position: -420px -120px \"><\/a>\r\n\t\t\t\t\t<\/li>\r\n\t\t\t\t\t\t\t\t\t\t<li class=\"none nobackground \" >\r\n\r\n\t\t\t\t\t\t\t\t\t\t\t\t<a id=\"backforunical3697\" href=\"http:\/\/service.weibo.com\/share\/share.php?url=www.fabregat-perulles-sales.com\/actualidad\/wp-json\/wp\/v2\/posts\/3697&appkey=&title=Las personas f\u00edsicas vinculadas con las partes contratantes en el pr\u00e9stamo hipotecario, no pueden ser consideradas como consumidores.&pic=&ralateUid=&\"  onclick=\"javascript:void window.open('http:\/\/service.weibo.com\/share\/share.php?url=www.fabregat-perulles-sales.com\/actualidad\/wp-json\/wp\/v2\/posts\/3697&appkey=&title=Las personas f\u00edsicas vinculadas con las partes contratantes en el pr\u00e9stamo hipotecario, no pueden ser consideradas como consumidores.&pic=&ralateUid=&','1410949501326','width=700,height=500,toolbar=0,menubar=0,location=0,status=1,scrollbars=1,resizable=1,left=0,top=0');return false;\" style=\"background-position: -450px -120px \"><\/a>\r\n\t\t\t\t\t<\/li>\r\n\t\t\t\t\t\t\t\t\t\t<li class=\"none nobackground \" >\r\n\r\n\t\t\t\t\t\t\t\t\t\t\t\t<a id=\"backforunical3697\" href=\"http:\/\/widget.renren.com\/dialog\/share?resourceUrl=www.fabregat-perulles-sales.com\/actualidad\/wp-json\/wp\/v2\/posts\/3697&srcUrl=www.fabregat-perulles-sales.com\/actualidad\/wp-json\/wp\/v2\/posts\/3697&title=Las personas f\u00edsicas vinculadas con las partes contratantes en el pr\u00e9stamo hipotecario, no pueden ser consideradas como consumidores.\"  onclick=\"javascript:void window.open('http:\/\/widget.renren.com\/dialog\/share?resourceUrl=www.fabregat-perulles-sales.com\/actualidad\/wp-json\/wp\/v2\/posts\/3697&srcUrl=www.fabregat-perulles-sales.com\/actualidad\/wp-json\/wp\/v2\/posts\/3697&title=Las personas f\u00edsicas vinculadas con las partes contratantes en el pr\u00e9stamo hipotecario, no pueden ser consideradas como consumidores.','1410949501326','width=700,height=500,toolbar=0,menubar=0,location=0,status=1,scrollbars=1,resizable=1,left=0,top=0');return false;\" style=\"background-position: -480px -120px \"><\/a>\r\n\t\t\t\t\t<\/li>\r\n\t\t\t\t\t\t\t\t\t\t<li class=\"none nobackground \" >\r\n\r\n\t\t\t\t\t\t\t\t\t\t\t\t<a id=\"backforunical3697\" href=\"http:\/\/n4g.com\/tips?url=www.fabregat-perulles-sales.com\/actualidad\/wp-json\/wp\/v2\/posts\/3697&title=Las personas f\u00edsicas vinculadas con las partes contratantes en el pr\u00e9stamo hipotecario, no pueden ser consideradas como consumidores.\"  onclick=\"javascript:void window.open('http:\/\/n4g.com\/tips?url=www.fabregat-perulles-sales.com\/actualidad\/wp-json\/wp\/v2\/posts\/3697&title=Las personas f\u00edsicas vinculadas con las partes contratantes en el pr\u00e9stamo hipotecario, no pueden ser consideradas como consumidores.','1410949501326','width=700,height=500,toolbar=0,menubar=0,location=0,status=1,scrollbars=1,resizable=1,left=0,top=0');return false;\" style=\"background-position: -510px -120px \"><\/a>\r\n\t\t\t\t\t<\/li>\r\n\t\t\t\t\t\t\t\t<\/ul>\r\n\t\t\t<div class=\"clear\"><\/div>\r\n\t\t<\/div>\r\n\t\t","protected":false},"excerpt":{"rendered":"<p>El 20 de diciembre de 2018, el Tribunal Supremo dict\u00f3 sentencia n\u00famero\u00a0728\/2018, reiterando su jurisprudencia sobre la condici\u00f3n de consumidor en relaci\u00f3n a las cl\u00e1usulas generales de la contrataci\u00f3n cuando el adherente no es persona f\u00edsica o tiene una especial vinculaci\u00f3n con el contrato. Share This:<\/p>\n","protected":false},"author":3,"featured_media":0,"comment_status":"open","ping_status":"closed","sticky":false,"template":"","format":"standard","meta":[],"categories":[12,1500,466],"tags":[1536,1535,1385],"yoast_head":"<!-- This site is optimized with the Yoast SEO plugin v20.2.1 - https:\/\/yoast.com\/wordpress\/plugins\/seo\/ -->\n<title>Pr\u00e9stamo hipotecarioy partes contratantes<\/title>\n<meta name=\"description\" content=\"El Tribunal Supremo dict\u00f3 sentencia reiterando su jurisprudencia sobre la condici\u00f3n de consumidor en relaci\u00f3n a las cl\u00e1usulas generales de la contrataci\u00f3n...\" \/>\n<meta name=\"robots\" content=\"index, follow, max-snippet:-1, max-image-preview:large, max-video-preview:-1\" \/>\n<link rel=\"canonical\" href=\"https:\/\/www.fabregat-perulles-sales.com\/actualidad\/las-personas-fisicas-vinculadas-con-las-partes-contratantes-en-el-prestamo-hipotecario-no-pueden-ser-consideradas-como-consumidores\/\" \/>\n<meta property=\"og:locale\" content=\"en_US\" \/>\n<meta property=\"og:type\" content=\"article\" \/>\n<meta property=\"og:title\" content=\"Pr\u00e9stamo hipotecarioy partes contratantes\" \/>\n<meta property=\"og:description\" content=\"El Tribunal Supremo dict\u00f3 sentencia reiterando su jurisprudencia sobre la condici\u00f3n de consumidor en relaci\u00f3n a las cl\u00e1usulas generales de la contrataci\u00f3n...\" \/>\n<meta property=\"og:url\" content=\"https:\/\/www.fabregat-perulles-sales.com\/actualidad\/las-personas-fisicas-vinculadas-con-las-partes-contratantes-en-el-prestamo-hipotecario-no-pueden-ser-consideradas-como-consumidores\/\" \/>\n<meta property=\"og:site_name\" content=\"International Lawyers\" \/>\n<meta property=\"article:published_time\" content=\"2019-01-17T14:26:46+00:00\" \/>\n<meta property=\"article:modified_time\" content=\"2020-02-28T13:24:27+00:00\" \/>\n<meta property=\"og:image\" content=\"http:\/\/www.fabregat-perulles-sales.com\/actualidad\/wp-content\/uploads\/2019\/01\/dedo-contrato-abogados-espanol-300x200.jpg\" \/>\n<meta name=\"author\" content=\"Victor\" \/>\n<meta name=\"twitter:card\" content=\"summary_large_image\" \/>\n<meta name=\"twitter:label1\" content=\"Written by\" \/>\n\t<meta name=\"twitter:data1\" content=\"Victor\" \/>\n\t<meta name=\"twitter:label2\" content=\"Est. reading time\" \/>\n\t<meta name=\"twitter:data2\" content=\"3 minutes\" \/>\n<script type=\"application\/ld+json\" class=\"yoast-schema-graph\">{\"@context\":\"https:\/\/schema.org\",\"@graph\":[{\"@type\":\"WebPage\",\"@id\":\"https:\/\/www.fabregat-perulles-sales.com\/actualidad\/las-personas-fisicas-vinculadas-con-las-partes-contratantes-en-el-prestamo-hipotecario-no-pueden-ser-consideradas-como-consumidores\/\",\"url\":\"https:\/\/www.fabregat-perulles-sales.com\/actualidad\/las-personas-fisicas-vinculadas-con-las-partes-contratantes-en-el-prestamo-hipotecario-no-pueden-ser-consideradas-como-consumidores\/\",\"name\":\"Pr\u00e9stamo hipotecarioy partes contratantes\",\"isPartOf\":{\"@id\":\"https:\/\/www.fabregat-perulles-sales.com\/actualidad\/#website\"},\"datePublished\":\"2019-01-17T14:26:46+00:00\",\"dateModified\":\"2020-02-28T13:24:27+00:00\",\"author\":{\"@id\":\"https:\/\/www.fabregat-perulles-sales.com\/actualidad\/#\/schema\/person\/cabc1d68c7778f01d5e069c2d98442e3\"},\"description\":\"El Tribunal Supremo dict\u00f3 sentencia reiterando su jurisprudencia sobre la condici\u00f3n de consumidor en relaci\u00f3n a las cl\u00e1usulas generales de la contrataci\u00f3n...\",\"breadcrumb\":{\"@id\":\"https:\/\/www.fabregat-perulles-sales.com\/actualidad\/las-personas-fisicas-vinculadas-con-las-partes-contratantes-en-el-prestamo-hipotecario-no-pueden-ser-consideradas-como-consumidores\/#breadcrumb\"},\"inLanguage\":\"en-US\",\"potentialAction\":[{\"@type\":\"ReadAction\",\"target\":[\"https:\/\/www.fabregat-perulles-sales.com\/actualidad\/las-personas-fisicas-vinculadas-con-las-partes-contratantes-en-el-prestamo-hipotecario-no-pueden-ser-consideradas-como-consumidores\/\"]}]},{\"@type\":\"BreadcrumbList\",\"@id\":\"https:\/\/www.fabregat-perulles-sales.com\/actualidad\/las-personas-fisicas-vinculadas-con-las-partes-contratantes-en-el-prestamo-hipotecario-no-pueden-ser-consideradas-como-consumidores\/#breadcrumb\",\"itemListElement\":[{\"@type\":\"ListItem\",\"position\":1,\"name\":\"Home\",\"item\":\"https:\/\/www.fabregat-perulles-sales.com\/actualidad\/\"},{\"@type\":\"ListItem\",\"position\":2,\"name\":\"Las personas f\u00edsicas vinculadas con las partes contratantes en el pr\u00e9stamo hipotecario, no pueden ser consideradas como consumidores.\"}]},{\"@type\":\"WebSite\",\"@id\":\"https:\/\/www.fabregat-perulles-sales.com\/actualidad\/#website\",\"url\":\"https:\/\/www.fabregat-perulles-sales.com\/actualidad\/\",\"name\":\"www.fabregat-perulles-sales.com\",\"description\":\"Fabregat Perulles Sales Abogados is a law firm of reference international market in the Spanish-German, Spanish-French, and Spanish-Italian. Is one of the first firms in Barcelona offering a Russian Desk.\",\"potentialAction\":[{\"@type\":\"SearchAction\",\"target\":{\"@type\":\"EntryPoint\",\"urlTemplate\":\"https:\/\/www.fabregat-perulles-sales.com\/actualidad\/?s={search_term_string}\"},\"query-input\":\"required name=search_term_string\"}],\"inLanguage\":\"en-US\"},{\"@type\":\"Person\",\"@id\":\"https:\/\/www.fabregat-perulles-sales.com\/actualidad\/#\/schema\/person\/cabc1d68c7778f01d5e069c2d98442e3\",\"name\":\"Victor\",\"image\":{\"@type\":\"ImageObject\",\"inLanguage\":\"en-US\",\"@id\":\"https:\/\/www.fabregat-perulles-sales.com\/actualidad\/#\/schema\/person\/image\/\",\"url\":\"https:\/\/secure.gravatar.com\/avatar\/756cb666a964d2960ffe307b8a53b271?s=96&d=mm&r=g\",\"contentUrl\":\"https:\/\/secure.gravatar.com\/avatar\/756cb666a964d2960ffe307b8a53b271?s=96&d=mm&r=g\",\"caption\":\"Victor\"},\"sameAs\":[\"http:\/\/www.fabregat-perulles-sales.com\"],\"url\":\"https:\/\/www.fabregat-perulles-sales.com\/actualidad\/author\/victor\/\"}]}<\/script>\n<!-- \/ Yoast SEO plugin. -->","yoast_head_json":{"title":"Pr\u00e9stamo hipotecarioy partes contratantes","description":"El Tribunal Supremo dict\u00f3 sentencia reiterando su jurisprudencia sobre la condici\u00f3n de consumidor en relaci\u00f3n a las cl\u00e1usulas generales de la contrataci\u00f3n...","robots":{"index":"index","follow":"follow","max-snippet":"max-snippet:-1","max-image-preview":"max-image-preview:large","max-video-preview":"max-video-preview:-1"},"canonical":"https:\/\/www.fabregat-perulles-sales.com\/actualidad\/las-personas-fisicas-vinculadas-con-las-partes-contratantes-en-el-prestamo-hipotecario-no-pueden-ser-consideradas-como-consumidores\/","og_locale":"en_US","og_type":"article","og_title":"Pr\u00e9stamo hipotecarioy partes contratantes","og_description":"El Tribunal Supremo dict\u00f3 sentencia reiterando su jurisprudencia sobre la condici\u00f3n de consumidor en relaci\u00f3n a las cl\u00e1usulas generales de la contrataci\u00f3n...","og_url":"https:\/\/www.fabregat-perulles-sales.com\/actualidad\/las-personas-fisicas-vinculadas-con-las-partes-contratantes-en-el-prestamo-hipotecario-no-pueden-ser-consideradas-como-consumidores\/","og_site_name":"International Lawyers","article_published_time":"2019-01-17T14:26:46+00:00","article_modified_time":"2020-02-28T13:24:27+00:00","og_image":[{"url":"http:\/\/www.fabregat-perulles-sales.com\/actualidad\/wp-content\/uploads\/2019\/01\/dedo-contrato-abogados-espanol-300x200.jpg"}],"author":"Victor","twitter_card":"summary_large_image","twitter_misc":{"Written by":"Victor","Est. reading time":"3 minutes"},"schema":{"@context":"https:\/\/schema.org","@graph":[{"@type":"WebPage","@id":"https:\/\/www.fabregat-perulles-sales.com\/actualidad\/las-personas-fisicas-vinculadas-con-las-partes-contratantes-en-el-prestamo-hipotecario-no-pueden-ser-consideradas-como-consumidores\/","url":"https:\/\/www.fabregat-perulles-sales.com\/actualidad\/las-personas-fisicas-vinculadas-con-las-partes-contratantes-en-el-prestamo-hipotecario-no-pueden-ser-consideradas-como-consumidores\/","name":"Pr\u00e9stamo hipotecarioy partes contratantes","isPartOf":{"@id":"https:\/\/www.fabregat-perulles-sales.com\/actualidad\/#website"},"datePublished":"2019-01-17T14:26:46+00:00","dateModified":"2020-02-28T13:24:27+00:00","author":{"@id":"https:\/\/www.fabregat-perulles-sales.com\/actualidad\/#\/schema\/person\/cabc1d68c7778f01d5e069c2d98442e3"},"description":"El Tribunal Supremo dict\u00f3 sentencia reiterando su jurisprudencia sobre la condici\u00f3n de consumidor en relaci\u00f3n a las cl\u00e1usulas generales de la contrataci\u00f3n...","breadcrumb":{"@id":"https:\/\/www.fabregat-perulles-sales.com\/actualidad\/las-personas-fisicas-vinculadas-con-las-partes-contratantes-en-el-prestamo-hipotecario-no-pueden-ser-consideradas-como-consumidores\/#breadcrumb"},"inLanguage":"en-US","potentialAction":[{"@type":"ReadAction","target":["https:\/\/www.fabregat-perulles-sales.com\/actualidad\/las-personas-fisicas-vinculadas-con-las-partes-contratantes-en-el-prestamo-hipotecario-no-pueden-ser-consideradas-como-consumidores\/"]}]},{"@type":"BreadcrumbList","@id":"https:\/\/www.fabregat-perulles-sales.com\/actualidad\/las-personas-fisicas-vinculadas-con-las-partes-contratantes-en-el-prestamo-hipotecario-no-pueden-ser-consideradas-como-consumidores\/#breadcrumb","itemListElement":[{"@type":"ListItem","position":1,"name":"Home","item":"https:\/\/www.fabregat-perulles-sales.com\/actualidad\/"},{"@type":"ListItem","position":2,"name":"Las personas f\u00edsicas vinculadas con las partes contratantes en el pr\u00e9stamo hipotecario, no pueden ser consideradas como consumidores."}]},{"@type":"WebSite","@id":"https:\/\/www.fabregat-perulles-sales.com\/actualidad\/#website","url":"https:\/\/www.fabregat-perulles-sales.com\/actualidad\/","name":"www.fabregat-perulles-sales.com","description":"Fabregat Perulles Sales Abogados is a law firm of reference international market in the Spanish-German, Spanish-French, and Spanish-Italian. Is one of the first firms in Barcelona offering a Russian Desk.","potentialAction":[{"@type":"SearchAction","target":{"@type":"EntryPoint","urlTemplate":"https:\/\/www.fabregat-perulles-sales.com\/actualidad\/?s={search_term_string}"},"query-input":"required name=search_term_string"}],"inLanguage":"en-US"},{"@type":"Person","@id":"https:\/\/www.fabregat-perulles-sales.com\/actualidad\/#\/schema\/person\/cabc1d68c7778f01d5e069c2d98442e3","name":"Victor","image":{"@type":"ImageObject","inLanguage":"en-US","@id":"https:\/\/www.fabregat-perulles-sales.com\/actualidad\/#\/schema\/person\/image\/","url":"https:\/\/secure.gravatar.com\/avatar\/756cb666a964d2960ffe307b8a53b271?s=96&d=mm&r=g","contentUrl":"https:\/\/secure.gravatar.com\/avatar\/756cb666a964d2960ffe307b8a53b271?s=96&d=mm&r=g","caption":"Victor"},"sameAs":["http:\/\/www.fabregat-perulles-sales.com"],"url":"https:\/\/www.fabregat-perulles-sales.com\/actualidad\/author\/victor\/"}]}},"amp_enabled":true,"_links":{"self":[{"href":"https:\/\/www.fabregat-perulles-sales.com\/actualidad\/wp-json\/wp\/v2\/posts\/3697"}],"collection":[{"href":"https:\/\/www.fabregat-perulles-sales.com\/actualidad\/wp-json\/wp\/v2\/posts"}],"about":[{"href":"https:\/\/www.fabregat-perulles-sales.com\/actualidad\/wp-json\/wp\/v2\/types\/post"}],"author":[{"embeddable":true,"href":"https:\/\/www.fabregat-perulles-sales.com\/actualidad\/wp-json\/wp\/v2\/users\/3"}],"replies":[{"embeddable":true,"href":"https:\/\/www.fabregat-perulles-sales.com\/actualidad\/wp-json\/wp\/v2\/comments?post=3697"}],"version-history":[{"count":2,"href":"https:\/\/www.fabregat-perulles-sales.com\/actualidad\/wp-json\/wp\/v2\/posts\/3697\/revisions"}],"predecessor-version":[{"id":4273,"href":"https:\/\/www.fabregat-perulles-sales.com\/actualidad\/wp-json\/wp\/v2\/posts\/3697\/revisions\/4273"}],"wp:attachment":[{"href":"https:\/\/www.fabregat-perulles-sales.com\/actualidad\/wp-json\/wp\/v2\/media?parent=3697"}],"wp:term":[{"taxonomy":"category","embeddable":true,"href":"https:\/\/www.fabregat-perulles-sales.com\/actualidad\/wp-json\/wp\/v2\/categories?post=3697"},{"taxonomy":"post_tag","embeddable":true,"href":"https:\/\/www.fabregat-perulles-sales.com\/actualidad\/wp-json\/wp\/v2\/tags?post=3697"}],"curies":[{"name":"wp","href":"https:\/\/api.w.org\/{rel}","templated":true}]}}