{"id":3671,"date":"2018-12-18T13:32:00","date_gmt":"2018-12-18T12:32:00","guid":{"rendered":"http:\/\/www.fabregat-perulles-sales.com\/actualidad\/?p=3671"},"modified":"2020-02-28T14:31:27","modified_gmt":"2020-02-28T13:31:27","slug":"entrada-en-vigor-de-las-nuevas-medidas-urgentes-en-materia-de-vivienda-y-alquiler","status":"publish","type":"post","link":"https:\/\/www.fabregat-perulles-sales.com\/actualidad\/entrada-en-vigor-de-las-nuevas-medidas-urgentes-en-materia-de-vivienda-y-alquiler\/","title":{"rendered":"Entrada en vigor de las nuevas medidas urgentes en materia de vivienda y alquiler"},"content":{"rendered":"<p>El Real Decreto-ley 21\/2018, de 14 de diciembre, de medidas urgentes en materia de vivienda y alquiler ha sido publicado en el Bolet\u00edn Oficial del Estado el d\u00eda 18 de diciembre de 2018.<\/p>\n<p><!--more--><\/p>\n<p><img decoding=\"async\" loading=\"lazy\" class=\"alignright size-medium wp-image-3673\" src=\"http:\/\/www.fabregat-perulles-sales.com\/actualidad\/wp-content\/uploads\/2018\/12\/mano-llaves-abogados-espanol-300x200.jpg\" alt=\"medidas urgentes,vivienda, alquiler\" width=\"300\" height=\"200\" srcset=\"https:\/\/www.fabregat-perulles-sales.com\/actualidad\/wp-content\/uploads\/2018\/12\/mano-llaves-abogados-espanol-300x200.jpg 300w, https:\/\/www.fabregat-perulles-sales.com\/actualidad\/wp-content\/uploads\/2018\/12\/mano-llaves-abogados-espanol-768x512.jpg 768w, https:\/\/www.fabregat-perulles-sales.com\/actualidad\/wp-content\/uploads\/2018\/12\/mano-llaves-abogados-espanol-660x440.jpg 660w, https:\/\/www.fabregat-perulles-sales.com\/actualidad\/wp-content\/uploads\/2018\/12\/mano-llaves-abogados-espanol.jpg 960w\" sizes=\"(max-width: 300px) 100vw, 300px\" \/>Tales medidas, que afectan a distintos \u00e1mbitos como es la regulaci\u00f3n del contrato de arrendamiento, el r\u00e9gimen de propiedad horizontal, el uso tur\u00edstico de la vivienda, el procedimiento de desahucio de vivienda en hogares vulnerables, as\u00ed como al \u00e1mbito fiscal de los arrendamientos de viviendas, entrar\u00e1n en vigor a partir del d\u00eda 19 de diciembre.<\/p>\n<p>Por tanto, <strong><u>aquellos contratos de arrendamiento de vivienda que se celebren a partir del d\u00eda 19 de diciembre de 2018, deber\u00e1n dar cumplimiento a las nuevas medidas aprobadas por el Gobierno<a href=\"#_ftn1\" name=\"_ftnref1\">[1]<\/a><\/u><\/strong>.<\/p>\n<p>Las principales novedades, son las que se sistematizan a continuaci\u00f3n:<\/p>\n<p>&nbsp;<\/p>\n<p><strong>1. REFORMA DE LA <a href=\"https:\/\/www.boe.es\/buscar\/act.php?id=BOE-A-1994-26003\" target=\"_blank\" rel=\"noopener noreferrer\">LEY DE 29\/1994 DE 24 DE NOVIEMBRE DE ARRENDAMIENTOS URBANOS<\/a><\/strong><\/p>\n<p><strong>i)<\/strong> <strong><u>Se excluyen expresamente de la Ley de Arrendamientos Urbanos los denominados pisos tur\u00edsticos<\/u><\/strong> (es decir, aquellos cuya cesi\u00f3n temporal se realiza de forma lucrativa por cualquier canal de promoci\u00f3n o comercializaci\u00f3n). Estos contratos quedar\u00e1n sujetos a la normativa sectorial tur\u00edstica.<\/p>\n<p><strong>ii) <u>Se ampl\u00eda el plazo de pr\u00f3rroga obligatoria de los contratos de arrendamiento, que pasa de tres (3) a cinco a\u00f1os (5) si el arrendador es persona f\u00edsica, o a siete (7) a\u00f1os si el arrendador es persona jur\u00eddica<\/u>.<\/strong><\/p>\n<p><strong>iii) <u>Se ampl\u00eda el plazo de pr\u00f3rroga del contrato si no el mismo no denuncia de forma previa a la fecha prevista para su expiraci\u00f3n, que pasa de uno (1) a tres (3) a\u00f1os.<\/u> <\/strong><\/p>\n<p><strong>iv) <\/strong>Se establece l\u00edmite al incremento de la renta, en contratos de arrendamiento de renta reducida (<a href=\"#_ftn2\" name=\"_ftnref2\">[2]<\/a>).<\/p>\n<p><strong>v) <u>Cuando el arrendador sea persona jur\u00eddica, los gastos de gesti\u00f3n inmobiliaria y de formalizaci\u00f3n del contrato ser\u00e1n a su cargo<\/u> (salvo aquellos servicios contratados por iniciativa directa del arrendatario). <\/strong><\/p>\n<p><strong>vi) <u>La legislaci\u00f3n de vivienda podr\u00e1 establecer el derecho de tanteo y retracto, respecto a la totalidad del inmueble, en favor del \u00f3rgano que designe la Administraci\u00f3n competente<\/u><\/strong> en materia de vivienda, siendo necesaria en tal caso la notificaci\u00f3n previa a la venta del edificio.<\/p>\n<p><strong>viii) Fianza<\/strong>.<\/p>\n<p>a)No estar\u00e1 sujeta a actualizaci\u00f3n durante los primeros 5 a\u00f1os si la arrendadora es persona f\u00edsica, o 7 si arrendadora es persona jur\u00eddica.<\/p>\n<p>b)La garant\u00eda adicional a la fianza no podr\u00e1 superar los dos meses de renta (si el contrato se pacta por 5 a\u00f1os, o 7 si la arrendadora es persona jur\u00eddica). Para plazos superiores, no se indica nada en contra, por lo que parece posible pactar garant\u00edas adicionales.<\/p>\n<p><strong>2. MODIFICACI\u00d3N DE LA <a href=\"https:\/\/www.boe.es\/buscar\/act.php?id=BOE-A-1960-10906\" target=\"_blank\" rel=\"noopener noreferrer\">LEY 49\/1960, de 21 de julio, sobre propiedad horizontal<\/a> <a href=\"#_ftn3\" name=\"_ftnref3\">[3]<\/a><\/strong><\/p>\n<p><strong>i) <\/strong>Se requerir\u00e1 un voto favorable de 3\/5 partes, para limitar o condicionar el ejercicio de la actividad de pisos tur\u00edsticos (suponga o no una modificaci\u00f3n del t\u00edtulo constitutivo o de los estatutos). La misma mayor\u00eda se requerir\u00e1 para el acuerdo por el que se establezcan cuotas especiales de gastos o incremento de participaci\u00f3n en gastos comunes de la vivienda donde se realice dicha actividad, con el l\u00edmite del 20%. Estos acuerdos no tendr\u00e1n efectos retroactivos.<\/p>\n<p><strong>3. MODIFICACI\u00d3N DE LA <a href=\"https:\/\/www.boe.es\/buscar\/act.php?id=BOE-A-2000-323&amp;p=20151028&amp;tn=1\" target=\"_blank\" rel=\"noopener noreferrer\">LEY DE ENJUICIAMIENTO CIVIL <\/a><\/strong><\/p>\n<p><strong>i) <\/strong>En los procedimientos de desahucio, el Tribunal que deber\u00e1 informar\u00e1 al demandado de la posibilidad de autorizar la cesi\u00f3n de sus datos, a efectos de que se pueda apreciar la posible situaci\u00f3n de vulnerabilidad por parte de servicios sociales.<\/p>\n<p>Si se aprecia la existencia de situaci\u00f3n de vulnerabilidad, <strong><u>el procedimiento podr\u00e1 suspenderse por t\u00e9rmino de un mes (o dos si arrendador es persona jur\u00eddica), a contar desde la recepci\u00f3n de la comunicaci\u00f3n de los Servicios Sociales al \u00f3rgano judicial.<\/u><\/strong><\/p>\n<p><strong>4. MODIFICACI\u00d3N <a href=\"https:\/\/www.boe.es\/buscar\/act.php?id=BOE-A-2004-4214\" target=\"_blank\" rel=\"noopener noreferrer\">LEY REGULADORA DE HACIENDAS LOCALES (RDL 2\/2004, 5 DE MARZO) <\/a><\/strong><\/p>\n<p><strong>i) <\/strong>Sanci\u00f3n por desocupaci\u00f3n de inmuebles: Los Ayuntamientos podr\u00e1n determinar mediante ordenanza fiscal un \u00fanico recargo o varios recargos (de hasta un 50% de la cuota l\u00edquida del impuesto), en funci\u00f3n de la duraci\u00f3n del per\u00edodo de desocupaci\u00f3n del inmueble.<\/p>\n<p>La definici\u00f3n de \u201cinmueble desocupado\u201d se determinar\u00e1 en las correspondientes normativas sectoriales.<\/p>\n<p><strong>ii) <\/strong>Los Ayuntamientos podr\u00e1n establecer mediante ordenanza fiscal una bonificaci\u00f3n de hasta el 95% en la cuota \u00edntegra del impuesto para los bienes inmuebles de uso residencial destinados a alquiler de vivienda con renta limitada por una norma jur\u00eddica.<\/p>\n<p><strong>5. MODIFICACI\u00d3N DE LA <a href=\"https:\/\/www.boe.es\/buscar\/doc.php?id=BOE-A-1993-25359\" target=\"_blank\" rel=\"noopener noreferrer\">LEY DEL IMPUESTO DE TRANSMIIONES PATRIMONIALES (RLD 1\/1993 DE 24 DE SEPTIEMBRE)<\/a><\/strong><\/p>\n<p><strong>i) <\/strong>Se establece la exenci\u00f3n el impuesto de transmisiones patrimoniales para los arrendamientos de vivienda para uso estable y permanente.<\/p>\n<p><a href=\"#_ftnref1\" name=\"_ftn1\">[1]<\/a> Los contratos anteriores a dicha fecha, seguir\u00e1n rigi\u00e9ndose por el r\u00e9gimen que les era de aplicaci\u00f3n.<\/p>\n<p><a href=\"#_ftnref2\" name=\"_ftn2\">[2]<\/a> Se entender\u00e1 contrato de \u201crenta reducida\u201d el que se encuentre por debajo de la establecida, para el conjunto del Estado, y con car\u00e1cter general, en el Real Decreto que regule el plan estatal de vivienda vigente a los efectos de tener habilitada la posibilidad de acogerse a alg\u00fan programa de ayudas de alquiler.<\/p>\n<p><a href=\"#_ftnref3\" name=\"_ftn3\">[3]<\/a> R\u00e9gimen com\u00fan no aplicable a las Comunidades Aut\u00f3nomas que tengan regulado su propio r\u00e9gimen de propiedad horizontal (p. ej. Catalu\u00f1a)<\/p>\n<p>&nbsp;<\/p>\n<p>&nbsp;<\/p>\n\r\n\t\t<style>\r\n\t\t\t.huge-it-share-buttons {\r\n\t\t\t\tborder:0px solid #0FB5D6;\r\n\t\t\t\tborder-radius:5px;\r\n\t\t\t\tbackground:#3BD8FF;\r\n\t\t\t text-align:left; \t\t\t\t\t\t\t\t\t}\r\n\r\n\t\t\t#huge-it-share-buttons-top {margin-bottom:0px;}\r\n\t\t\t#huge-it-share-buttons-bottom {margin-top:0px;}\r\n\r\n\t\t\t.huge-it-share-buttons h3 {\r\n\t\t\t\tfont-size:25px ;\r\n\t\t\t\tfont-family:Arial,Helvetica Neue,Helvetica,sans-serif;\r\n\t\t\t\tcolor:#666666;\r\n\r\n\t\t\tdisplay:block;\t\t\t\tline-height:25px ;\r\n\r\n\t\t\t text-align:left; \t\t\t\t\t\t\t\t\t}\r\n\r\n\t\t\t.huge-it-share-buttons ul {\r\n\t\t\t float:left; \t\t\t\t\t\t\t\t\t}\r\n\r\n\t\t\t.huge-it-share-buttons ul li {\r\n\t\t\t\tmargin-left:3px;\r\n\t\t\t\tmargin-right:3px;\r\n\t\t\t\tpadding:0px;\r\n\t\t\t\tborder:0px ridge #E6354C;\r\n\t\t\t\tborder-radius:11px;\r\n\t\t\t\tbackground-color:#14CC9B;\r\n\t\t\t}\r\n\r\n\t\t\t.huge-it-share-buttons ul li #backforunical3671 {\r\n\t\t\t\tborder-bottom: 0;\r\n\t\t\t\tbackground-image:url('https:\/\/www.fabregat-perulles-sales.com\/actualidad\/wp-content\/plugins\/wp-share-buttons\/Front_end\/..\/images\/buttons.30.png');\r\n\t\t\t\twidth:30px;\r\n\t\t\t\theight:30px;\r\n\t\t\t}\r\n\r\n\t\t\t.front-shares-count {\r\n\t\t\t\tposition: absolute;\r\n\t\t\t\ttext-align: center;\r\n\t\t\t\tdisplay: block;\r\n\t\t\t}\r\n\r\n\t\t\t.shares_size20 .front-shares-count {\r\n\t\t\t\tfont-size: 10px;\r\n\t\t\t\ttop: 10px;\r\n\t\t\t\twidth: 20px;\r\n\t\t\t}\r\n\r\n\t\t\t.shares_size30 .front-shares-count {\r\n\t\t\t\tfont-size: 11px;\r\n\t\t\t\ttop: 15px;\r\n\t\t\t\twidth: 30px;\r\n\t\t\t}\r\n\r\n\t\t\t.shares_size40 .front-shares-count {\r\n\t\t\t\tfont-size: 12px;\r\n\t\t\t\ttop: 21px;\r\n\t\t\t\twidth: 40px;\r\n\t\t\t}\r\n\t\t<\/style>\r\n\t\t\r\n\t\t<div id=\"huge-it-share-buttons-top\" class=\"huge-it-share-buttons nobackground\">\r\n\t\t\t<h3>Share This:<\/h3>\r\n\t\t\t<ul class=\"huge-it-share-buttons-list \">\r\n\t\t\t\t\t\t\t\t\t<li class=\"nobackground \" >\r\n\r\n\t\t\t\t\t\t\t\t\t\t\t\t<a id=\"backforunical3671\" href=\"https:\/\/www.facebook.com\/sharer\/sharer.php?u=www.fabregat-perulles-sales.com\/actualidad\/wp-json\/wp\/v2\/posts\/3671\"  onclick=\"javascript:void window.open('https:\/\/www.facebook.com\/sharer\/sharer.php?u=www.fabregat-perulles-sales.com\/actualidad\/wp-json\/wp\/v2\/posts\/3671','1410949501326','width=700,height=500,toolbar=0,menubar=0,location=0,status=1,scrollbars=1,resizable=1,left=0,top=0');return false;\" style=\"background-position: -0px -120px \"><\/a>\r\n\t\t\t\t\t<\/li>\r\n\t\t\t\t\t\t\t\t\t\t<li class=\"nobackground \" >\r\n\r\n\t\t\t\t\t\t\t\t\t\t\t\t<a id=\"backforunical3671\" href=\"https:\/\/twitter.com\/share?status=www.fabregat-perulles-sales.com\/actualidad\/wp-json\/wp\/v2\/posts\/3671&text=Entrada en vigor de las nuevas medidas urgentes en materia de vivienda y alquiler\"  onclick=\"javascript:void window.open('https:\/\/twitter.com\/share?status=www.fabregat-perulles-sales.com\/actualidad\/wp-json\/wp\/v2\/posts\/3671&text=Entrada en vigor de las nuevas medidas urgentes en materia de vivienda y alquiler','1410949501326','width=700,height=500,toolbar=0,menubar=0,location=0,status=1,scrollbars=1,resizable=1,left=0,top=0');return false;\" style=\"background-position: -30px -120px \"><\/a>\r\n\t\t\t\t\t<\/li>\r\n\t\t\t\t\t\t\t\t\t\t<li class=\"none nobackground \" >\r\n\r\n\t\t\t\t\t\t\t\t\t\t\t\t<a id=\"backforunical3671\" href=\"http:\/\/www.pinterest.com\/pin\/create\/button\/?url=www.fabregat-perulles-sales.com\/actualidad\/wp-json\/wp\/v2\/posts\/3671&media=https:\/\/www.fabregat-perulles-sales.com\/actualidad\/wp-content\/plugins\/wp-share-buttons\/Front_end\/..\/images\/noimage.png&description=Entrada en vigor de las nuevas medidas urgentes en materia de vivienda y alquiler\"  onclick=\"javascript:void window.open('http:\/\/www.pinterest.com\/pin\/create\/button\/?url=www.fabregat-perulles-sales.com\/actualidad\/wp-json\/wp\/v2\/posts\/3671&media=https:\/\/www.fabregat-perulles-sales.com\/actualidad\/wp-content\/plugins\/wp-share-buttons\/Front_end\/..\/images\/noimage.png&description=Entrada en vigor de las nuevas medidas urgentes en materia de vivienda y alquiler','1410949501326','width=700,height=500,toolbar=0,menubar=0,location=0,status=1,scrollbars=1,resizable=1,left=0,top=0');return false;\" style=\"background-position: -60px -120px \"><\/a>\r\n\t\t\t\t\t<\/li>\r\n\t\t\t\t\t\t\t\t\t\t<li class=\"none nobackground \" >\r\n\r\n\t\t\t\t\t\t\t\t\t\t\t\t<a id=\"backforunical3671\" href=\"https:\/\/plus.google.com\/share?url=www.fabregat-perulles-sales.com\/actualidad\/wp-json\/wp\/v2\/posts\/3671\"  onclick=\"javascript:void window.open('https:\/\/plus.google.com\/share?url=www.fabregat-perulles-sales.com\/actualidad\/wp-json\/wp\/v2\/posts\/3671','1410949501326','width=700,height=500,toolbar=0,menubar=0,location=0,status=1,scrollbars=1,resizable=1,left=0,top=0');return false;\" style=\"background-position: -90px -120px \"><\/a>\r\n\t\t\t\t\t<\/li>\r\n\t\t\t\t\t\t\t\t\t\t<li class=\"nobackground \" >\r\n\r\n\t\t\t\t\t\t\t\t\t\t\t\t<a id=\"backforunical3671\" href=\"https:\/\/www.linkedin.com\/shareArticle?title=Entrada en vigor de las nuevas medidas urgentes en materia de vivienda y alquiler&mini=true&url=https:\/\/www.fabregat-perulles-sales.com\/actualidad\/wp-json\/wp\/v2\/posts\/3671\"  onclick=\"javascript:void window.open('https:\/\/www.linkedin.com\/shareArticle?title=Entrada en vigor de las nuevas medidas urgentes en materia de vivienda y alquiler&mini=true&url=https:\/\/www.fabregat-perulles-sales.com\/actualidad\/wp-json\/wp\/v2\/posts\/3671','1410949501326','width=700,height=500,toolbar=0,menubar=0,location=0,status=1,scrollbars=1,resizable=1,left=0,top=0');return false;\" style=\"background-position: -120px -120px \"><\/a>\r\n\t\t\t\t\t<\/li>\r\n\t\t\t\t\t\t\t\t\t\t<li class=\"none nobackground \" >\r\n\r\n\t\t\t\t\t\t\t\t\t\t\t\t<a id=\"backforunical3671\" href=\"https:\/\/www.tumblr.com\/share\/link?url=www.fabregat-perulles-sales.com\/actualidad\/wp-json\/wp\/v2\/posts\/3671&name=Entrada en vigor de las nuevas medidas urgentes en materia de vivienda y alquiler\"  onclick=\"javascript:void window.open('https:\/\/www.tumblr.com\/share\/link?url=www.fabregat-perulles-sales.com\/actualidad\/wp-json\/wp\/v2\/posts\/3671&name=Entrada en vigor de las nuevas medidas urgentes en materia de vivienda y alquiler','1410949501326','width=700,height=500,toolbar=0,menubar=0,location=0,status=1,scrollbars=1,resizable=1,left=0,top=0');return false;\" style=\"background-position: -150px -120px \"><\/a>\r\n\t\t\t\t\t<\/li>\r\n\t\t\t\t\t\t\t\t\t\t<li class=\"none nobackground \" >\r\n\r\n\t\t\t\t\t\t\t\t\t\t\t\t<a id=\"backforunical3671\" href=\"http:\/\/digg.com\/submit?phase=2&url=www.fabregat-perulles-sales.com\/actualidad\/wp-json\/wp\/v2\/posts\/3671&title=Entrada en vigor de las nuevas medidas urgentes en materia de vivienda y alquiler\"  onclick=\"javascript:void window.open('http:\/\/digg.com\/submit?phase=2&url=www.fabregat-perulles-sales.com\/actualidad\/wp-json\/wp\/v2\/posts\/3671&title=Entrada en vigor de las nuevas medidas urgentes en materia de vivienda y alquiler','1410949501326','width=700,height=500,toolbar=0,menubar=0,location=0,status=1,scrollbars=1,resizable=1,left=0,top=0');return false;\" style=\"background-position: -180px -120px \"><\/a>\r\n\t\t\t\t\t<\/li>\r\n\t\t\t\t\t\t\t\t\t\t<li class=\"none nobackground \" >\r\n\r\n\t\t\t\t\t\t\t\t\t\t\t\t<a id=\"backforunical3671\" href=\"http:\/\/www.stumbleupon.com\/submit?url=www.fabregat-perulles-sales.com\/actualidad\/wp-json\/wp\/v2\/posts\/3671&title=Entrada en vigor de las nuevas medidas urgentes en materia de vivienda y alquiler\"  onclick=\"javascript:void window.open('http:\/\/www.stumbleupon.com\/submit?url=www.fabregat-perulles-sales.com\/actualidad\/wp-json\/wp\/v2\/posts\/3671&title=Entrada en vigor de las nuevas medidas urgentes en materia de vivienda y alquiler','1410949501326','width=700,height=500,toolbar=0,menubar=0,location=0,status=1,scrollbars=1,resizable=1,left=0,top=0');return false;\" style=\"background-position: -210px -120px \"><\/a>\r\n\t\t\t\t\t<\/li>\r\n\t\t\t\t\t\t\t\t\t\t<li class=\"none nobackground \" >\r\n\r\n\t\t\t\t\t\t\t\t\t\t\t\t<a id=\"backforunical3671\" href=\"https:\/\/myspace.com\/post?l=3&u=www.fabregat-perulles-sales.com\/actualidad\/wp-json\/wp\/v2\/posts\/3671\"  onclick=\"javascript:void window.open('https:\/\/myspace.com\/post?l=3&u=www.fabregat-perulles-sales.com\/actualidad\/wp-json\/wp\/v2\/posts\/3671','1410949501326','width=700,height=500,toolbar=0,menubar=0,location=0,status=1,scrollbars=1,resizable=1,left=0,top=0');return false;\" style=\"background-position: -240px -120px \"><\/a>\r\n\t\t\t\t\t<\/li>\r\n\t\t\t\t\t\t\t\t\t\t<li class=\"nobackground \" >\r\n\r\n\t\t\t\t\t\t\t\t\t\t\t\t<a id=\"backforunical3671\" href=\"http:\/\/vk.com\/share.php?url=www.fabregat-perulles-sales.com\/actualidad\/wp-json\/wp\/v2\/posts\/3671&title=Entrada en vigor de las nuevas medidas urgentes en materia de vivienda y alquiler\"  onclick=\"javascript:void window.open('http:\/\/vk.com\/share.php?url=www.fabregat-perulles-sales.com\/actualidad\/wp-json\/wp\/v2\/posts\/3671&title=Entrada en vigor de las nuevas medidas urgentes en materia de vivienda y alquiler','1410949501326','width=700,height=500,toolbar=0,menubar=0,location=0,status=1,scrollbars=1,resizable=1,left=0,top=0');return false;\" style=\"background-position: -270px -120px \"><\/a>\r\n\t\t\t\t\t<\/li>\r\n\t\t\t\t\t\t\t\t\t\t<li class=\"none nobackground \" >\r\n\r\n\t\t\t\t\t\t\t\t\t\t\t\t<a id=\"backforunical3671\" href=\"http:\/\/www.reddit.com\/submit?url=www.fabregat-perulles-sales.com\/actualidad\/wp-json\/wp\/v2\/posts\/3671&title=Entrada en vigor de las nuevas medidas urgentes en materia de vivienda y alquiler\"  onclick=\"javascript:void window.open('http:\/\/www.reddit.com\/submit?url=www.fabregat-perulles-sales.com\/actualidad\/wp-json\/wp\/v2\/posts\/3671&title=Entrada en vigor de las nuevas medidas urgentes en materia de vivienda y alquiler','1410949501326','width=700,height=500,toolbar=0,menubar=0,location=0,status=1,scrollbars=1,resizable=1,left=0,top=0');return false;\" style=\"background-position: -300px -120px \"><\/a>\r\n\t\t\t\t\t<\/li>\r\n\t\t\t\t\t\t\t\t\t\t<li class=\"none nobackground \" >\r\n\r\n\t\t\t\t\t\t\t\t\t\t\t\t<a id=\"backforunical3671\" href=\"http:\/\/www.bebo.com\/c\/share?Url=www.fabregat-perulles-sales.com\/actualidad\/wp-json\/wp\/v2\/posts\/3671\"  onclick=\"javascript:void window.open('http:\/\/www.bebo.com\/c\/share?Url=www.fabregat-perulles-sales.com\/actualidad\/wp-json\/wp\/v2\/posts\/3671','1410949501326','width=700,height=500,toolbar=0,menubar=0,location=0,status=1,scrollbars=1,resizable=1,left=0,top=0');return false;\" style=\"background-position: -330px -120px \"><\/a>\r\n\t\t\t\t\t<\/li>\r\n\t\t\t\t\t\t\t\t\t\t<li class=\"none nobackground \" >\r\n\r\n\t\t\t\t\t\t\t\t\t\t\t\t<a id=\"backforunical3671\" href=\"https:\/\/delicious.com\/save?v=5&noui&jump=close&url=www.fabregat-perulles-sales.com\/actualidad\/wp-json\/wp\/v2\/posts\/3671&title=Entrada en vigor de las nuevas medidas urgentes en materia de vivienda y alquiler\"  onclick=\"javascript:void window.open('https:\/\/delicious.com\/save?v=5&noui&jump=close&url=www.fabregat-perulles-sales.com\/actualidad\/wp-json\/wp\/v2\/posts\/3671&title=Entrada en vigor de las nuevas medidas urgentes en materia de vivienda y alquiler','1410949501326','width=700,height=500,toolbar=0,menubar=0,location=0,status=1,scrollbars=1,resizable=1,left=0,top=0');return false;\" style=\"background-position: -360px -120px \"><\/a>\r\n\t\t\t\t\t<\/li>\r\n\t\t\t\t\t\t\t\t\t\t<li class=\"none nobackground \" >\r\n\r\n\t\t\t\t\t\t\t\t\t\t\t\t<a id=\"backforunical3671\" href=\"http:\/\/www.odnoklassniki.ru\/dk?st.cmd=addShare&st.s=2&st.noresize=on&st._surl=www.fabregat-perulles-sales.com\/actualidad\/wp-json\/wp\/v2\/posts\/3671\"  onclick=\"javascript:void window.open('http:\/\/www.odnoklassniki.ru\/dk?st.cmd=addShare&st.s=2&st.noresize=on&st._surl=www.fabregat-perulles-sales.com\/actualidad\/wp-json\/wp\/v2\/posts\/3671','1410949501326','width=700,height=500,toolbar=0,menubar=0,location=0,status=1,scrollbars=1,resizable=1,left=0,top=0');return false;\" style=\"background-position: -390px -120px \"><\/a>\r\n\t\t\t\t\t<\/li>\r\n\t\t\t\t\t\t\t\t\t\t<li class=\"none nobackground \" >\r\n\r\n\t\t\t\t\t\t\t\t\t\t\t\t<a id=\"backforunical3671\" href=\"http:\/\/sns.qzone.qq.com\/cgi-bin\/qzshare\/cgi_qzshare_onekey?url=www.fabregat-perulles-sales.com\/actualidad\/wp-json\/wp\/v2\/posts\/3671&title=Entrada en vigor de las nuevas medidas urgentes en materia de vivienda y alquiler\"  onclick=\"javascript:void window.open('http:\/\/sns.qzone.qq.com\/cgi-bin\/qzshare\/cgi_qzshare_onekey?url=www.fabregat-perulles-sales.com\/actualidad\/wp-json\/wp\/v2\/posts\/3671&title=Entrada en vigor de las nuevas medidas urgentes en materia de vivienda y alquiler','1410949501326','width=700,height=500,toolbar=0,menubar=0,location=0,status=1,scrollbars=1,resizable=1,left=0,top=0');return false;\" style=\"background-position: -420px -120px \"><\/a>\r\n\t\t\t\t\t<\/li>\r\n\t\t\t\t\t\t\t\t\t\t<li class=\"none nobackground \" >\r\n\r\n\t\t\t\t\t\t\t\t\t\t\t\t<a id=\"backforunical3671\" href=\"http:\/\/service.weibo.com\/share\/share.php?url=www.fabregat-perulles-sales.com\/actualidad\/wp-json\/wp\/v2\/posts\/3671&appkey=&title=Entrada en vigor de las nuevas medidas urgentes en materia de vivienda y alquiler&pic=&ralateUid=&\"  onclick=\"javascript:void window.open('http:\/\/service.weibo.com\/share\/share.php?url=www.fabregat-perulles-sales.com\/actualidad\/wp-json\/wp\/v2\/posts\/3671&appkey=&title=Entrada en vigor de las nuevas medidas urgentes en materia de vivienda y alquiler&pic=&ralateUid=&','1410949501326','width=700,height=500,toolbar=0,menubar=0,location=0,status=1,scrollbars=1,resizable=1,left=0,top=0');return false;\" style=\"background-position: -450px -120px \"><\/a>\r\n\t\t\t\t\t<\/li>\r\n\t\t\t\t\t\t\t\t\t\t<li class=\"none nobackground \" >\r\n\r\n\t\t\t\t\t\t\t\t\t\t\t\t<a id=\"backforunical3671\" href=\"http:\/\/widget.renren.com\/dialog\/share?resourceUrl=www.fabregat-perulles-sales.com\/actualidad\/wp-json\/wp\/v2\/posts\/3671&srcUrl=www.fabregat-perulles-sales.com\/actualidad\/wp-json\/wp\/v2\/posts\/3671&title=Entrada en vigor de las nuevas medidas urgentes en materia de vivienda y alquiler\"  onclick=\"javascript:void window.open('http:\/\/widget.renren.com\/dialog\/share?resourceUrl=www.fabregat-perulles-sales.com\/actualidad\/wp-json\/wp\/v2\/posts\/3671&srcUrl=www.fabregat-perulles-sales.com\/actualidad\/wp-json\/wp\/v2\/posts\/3671&title=Entrada en vigor de las nuevas medidas urgentes en materia de vivienda y alquiler','1410949501326','width=700,height=500,toolbar=0,menubar=0,location=0,status=1,scrollbars=1,resizable=1,left=0,top=0');return false;\" style=\"background-position: -480px -120px \"><\/a>\r\n\t\t\t\t\t<\/li>\r\n\t\t\t\t\t\t\t\t\t\t<li class=\"none nobackground \" >\r\n\r\n\t\t\t\t\t\t\t\t\t\t\t\t<a id=\"backforunical3671\" href=\"http:\/\/n4g.com\/tips?url=www.fabregat-perulles-sales.com\/actualidad\/wp-json\/wp\/v2\/posts\/3671&title=Entrada en vigor de las nuevas medidas urgentes en materia de vivienda y alquiler\"  onclick=\"javascript:void window.open('http:\/\/n4g.com\/tips?url=www.fabregat-perulles-sales.com\/actualidad\/wp-json\/wp\/v2\/posts\/3671&title=Entrada en vigor de las nuevas medidas urgentes en materia de vivienda y alquiler','1410949501326','width=700,height=500,toolbar=0,menubar=0,location=0,status=1,scrollbars=1,resizable=1,left=0,top=0');return false;\" style=\"background-position: -510px -120px \"><\/a>\r\n\t\t\t\t\t<\/li>\r\n\t\t\t\t\t\t\t\t<\/ul>\r\n\t\t\t<div class=\"clear\"><\/div>\r\n\t\t<\/div>\r\n\t\t","protected":false},"excerpt":{"rendered":"<p>El Real Decreto-ley 21\/2018, de 14 de diciembre, de medidas urgentes en materia de vivienda y alquiler ha sido publicado en el Bolet\u00edn Oficial del Estado el d\u00eda 18 de diciembre de 2018. Share This:<\/p>\n","protected":false},"author":3,"featured_media":0,"comment_status":"open","ping_status":"closed","sticky":false,"template":"","format":"standard","meta":[],"categories":[14,466,74,25],"tags":[1526,917,1525,824],"yoast_head":"<!-- This site is optimized with the Yoast SEO plugin v20.2.1 - https:\/\/yoast.com\/wordpress\/plugins\/seo\/ -->\n<title>Medidas en materia de vivienda y alquiler<\/title>\n<meta name=\"description\" content=\"El Real Decreto-ley 21\/2018, de medidas urgentes en materia de vivienda y alquiler ha sido publicado en el BOE el d\u00eda 18 de diciembre de 2018\" \/>\n<meta name=\"robots\" content=\"index, follow, max-snippet:-1, max-image-preview:large, max-video-preview:-1\" \/>\n<link rel=\"canonical\" href=\"https:\/\/www.fabregat-perulles-sales.com\/actualidad\/entrada-en-vigor-de-las-nuevas-medidas-urgentes-en-materia-de-vivienda-y-alquiler\/\" \/>\n<meta property=\"og:locale\" content=\"en_US\" \/>\n<meta property=\"og:type\" content=\"article\" \/>\n<meta property=\"og:title\" content=\"Medidas en materia de vivienda y alquiler\" \/>\n<meta property=\"og:description\" content=\"El Real Decreto-ley 21\/2018, de medidas urgentes en materia de vivienda y alquiler ha sido publicado en el BOE el d\u00eda 18 de diciembre de 2018\" \/>\n<meta property=\"og:url\" content=\"https:\/\/www.fabregat-perulles-sales.com\/actualidad\/entrada-en-vigor-de-las-nuevas-medidas-urgentes-en-materia-de-vivienda-y-alquiler\/\" \/>\n<meta property=\"og:site_name\" content=\"International Lawyers\" \/>\n<meta property=\"article:published_time\" content=\"2018-12-18T12:32:00+00:00\" \/>\n<meta property=\"article:modified_time\" content=\"2020-02-28T13:31:27+00:00\" \/>\n<meta property=\"og:image\" content=\"http:\/\/www.fabregat-perulles-sales.com\/actualidad\/wp-content\/uploads\/2018\/12\/mano-llaves-abogados-espanol-300x200.jpg\" \/>\n<meta name=\"author\" content=\"Victor\" \/>\n<meta name=\"twitter:card\" content=\"summary_large_image\" \/>\n<meta name=\"twitter:label1\" content=\"Written by\" \/>\n\t<meta name=\"twitter:data1\" content=\"Victor\" \/>\n\t<meta name=\"twitter:label2\" content=\"Est. reading time\" \/>\n\t<meta name=\"twitter:data2\" content=\"4 minutes\" \/>\n<script type=\"application\/ld+json\" class=\"yoast-schema-graph\">{\"@context\":\"https:\/\/schema.org\",\"@graph\":[{\"@type\":\"WebPage\",\"@id\":\"https:\/\/www.fabregat-perulles-sales.com\/actualidad\/entrada-en-vigor-de-las-nuevas-medidas-urgentes-en-materia-de-vivienda-y-alquiler\/\",\"url\":\"https:\/\/www.fabregat-perulles-sales.com\/actualidad\/entrada-en-vigor-de-las-nuevas-medidas-urgentes-en-materia-de-vivienda-y-alquiler\/\",\"name\":\"Medidas en materia de vivienda y alquiler\",\"isPartOf\":{\"@id\":\"https:\/\/www.fabregat-perulles-sales.com\/actualidad\/#website\"},\"datePublished\":\"2018-12-18T12:32:00+00:00\",\"dateModified\":\"2020-02-28T13:31:27+00:00\",\"author\":{\"@id\":\"https:\/\/www.fabregat-perulles-sales.com\/actualidad\/#\/schema\/person\/cabc1d68c7778f01d5e069c2d98442e3\"},\"description\":\"El Real Decreto-ley 21\/2018, de medidas urgentes en materia de vivienda y alquiler ha sido publicado en el BOE el d\u00eda 18 de diciembre de 2018\",\"breadcrumb\":{\"@id\":\"https:\/\/www.fabregat-perulles-sales.com\/actualidad\/entrada-en-vigor-de-las-nuevas-medidas-urgentes-en-materia-de-vivienda-y-alquiler\/#breadcrumb\"},\"inLanguage\":\"en-US\",\"potentialAction\":[{\"@type\":\"ReadAction\",\"target\":[\"https:\/\/www.fabregat-perulles-sales.com\/actualidad\/entrada-en-vigor-de-las-nuevas-medidas-urgentes-en-materia-de-vivienda-y-alquiler\/\"]}]},{\"@type\":\"BreadcrumbList\",\"@id\":\"https:\/\/www.fabregat-perulles-sales.com\/actualidad\/entrada-en-vigor-de-las-nuevas-medidas-urgentes-en-materia-de-vivienda-y-alquiler\/#breadcrumb\",\"itemListElement\":[{\"@type\":\"ListItem\",\"position\":1,\"name\":\"Home\",\"item\":\"https:\/\/www.fabregat-perulles-sales.com\/actualidad\/\"},{\"@type\":\"ListItem\",\"position\":2,\"name\":\"Entrada en vigor de las nuevas medidas urgentes en materia de vivienda y alquiler\"}]},{\"@type\":\"WebSite\",\"@id\":\"https:\/\/www.fabregat-perulles-sales.com\/actualidad\/#website\",\"url\":\"https:\/\/www.fabregat-perulles-sales.com\/actualidad\/\",\"name\":\"www.fabregat-perulles-sales.com\",\"description\":\"Fabregat Perulles Sales Abogados is a law firm of reference international market in the Spanish-German, Spanish-French, and Spanish-Italian. Is one of the first firms in Barcelona offering a Russian Desk.\",\"potentialAction\":[{\"@type\":\"SearchAction\",\"target\":{\"@type\":\"EntryPoint\",\"urlTemplate\":\"https:\/\/www.fabregat-perulles-sales.com\/actualidad\/?s={search_term_string}\"},\"query-input\":\"required name=search_term_string\"}],\"inLanguage\":\"en-US\"},{\"@type\":\"Person\",\"@id\":\"https:\/\/www.fabregat-perulles-sales.com\/actualidad\/#\/schema\/person\/cabc1d68c7778f01d5e069c2d98442e3\",\"name\":\"Victor\",\"image\":{\"@type\":\"ImageObject\",\"inLanguage\":\"en-US\",\"@id\":\"https:\/\/www.fabregat-perulles-sales.com\/actualidad\/#\/schema\/person\/image\/\",\"url\":\"https:\/\/secure.gravatar.com\/avatar\/756cb666a964d2960ffe307b8a53b271?s=96&d=mm&r=g\",\"contentUrl\":\"https:\/\/secure.gravatar.com\/avatar\/756cb666a964d2960ffe307b8a53b271?s=96&d=mm&r=g\",\"caption\":\"Victor\"},\"sameAs\":[\"http:\/\/www.fabregat-perulles-sales.com\"],\"url\":\"https:\/\/www.fabregat-perulles-sales.com\/actualidad\/author\/victor\/\"}]}<\/script>\n<!-- \/ Yoast SEO plugin. -->","yoast_head_json":{"title":"Medidas en materia de vivienda y alquiler","description":"El Real Decreto-ley 21\/2018, de medidas urgentes en materia de vivienda y alquiler ha sido publicado en el BOE el d\u00eda 18 de diciembre de 2018","robots":{"index":"index","follow":"follow","max-snippet":"max-snippet:-1","max-image-preview":"max-image-preview:large","max-video-preview":"max-video-preview:-1"},"canonical":"https:\/\/www.fabregat-perulles-sales.com\/actualidad\/entrada-en-vigor-de-las-nuevas-medidas-urgentes-en-materia-de-vivienda-y-alquiler\/","og_locale":"en_US","og_type":"article","og_title":"Medidas en materia de vivienda y alquiler","og_description":"El Real Decreto-ley 21\/2018, de medidas urgentes en materia de vivienda y alquiler ha sido publicado en el BOE el d\u00eda 18 de diciembre de 2018","og_url":"https:\/\/www.fabregat-perulles-sales.com\/actualidad\/entrada-en-vigor-de-las-nuevas-medidas-urgentes-en-materia-de-vivienda-y-alquiler\/","og_site_name":"International Lawyers","article_published_time":"2018-12-18T12:32:00+00:00","article_modified_time":"2020-02-28T13:31:27+00:00","og_image":[{"url":"http:\/\/www.fabregat-perulles-sales.com\/actualidad\/wp-content\/uploads\/2018\/12\/mano-llaves-abogados-espanol-300x200.jpg"}],"author":"Victor","twitter_card":"summary_large_image","twitter_misc":{"Written by":"Victor","Est. reading time":"4 minutes"},"schema":{"@context":"https:\/\/schema.org","@graph":[{"@type":"WebPage","@id":"https:\/\/www.fabregat-perulles-sales.com\/actualidad\/entrada-en-vigor-de-las-nuevas-medidas-urgentes-en-materia-de-vivienda-y-alquiler\/","url":"https:\/\/www.fabregat-perulles-sales.com\/actualidad\/entrada-en-vigor-de-las-nuevas-medidas-urgentes-en-materia-de-vivienda-y-alquiler\/","name":"Medidas en materia de vivienda y alquiler","isPartOf":{"@id":"https:\/\/www.fabregat-perulles-sales.com\/actualidad\/#website"},"datePublished":"2018-12-18T12:32:00+00:00","dateModified":"2020-02-28T13:31:27+00:00","author":{"@id":"https:\/\/www.fabregat-perulles-sales.com\/actualidad\/#\/schema\/person\/cabc1d68c7778f01d5e069c2d98442e3"},"description":"El Real Decreto-ley 21\/2018, de medidas urgentes en materia de vivienda y alquiler ha sido publicado en el BOE el d\u00eda 18 de diciembre de 2018","breadcrumb":{"@id":"https:\/\/www.fabregat-perulles-sales.com\/actualidad\/entrada-en-vigor-de-las-nuevas-medidas-urgentes-en-materia-de-vivienda-y-alquiler\/#breadcrumb"},"inLanguage":"en-US","potentialAction":[{"@type":"ReadAction","target":["https:\/\/www.fabregat-perulles-sales.com\/actualidad\/entrada-en-vigor-de-las-nuevas-medidas-urgentes-en-materia-de-vivienda-y-alquiler\/"]}]},{"@type":"BreadcrumbList","@id":"https:\/\/www.fabregat-perulles-sales.com\/actualidad\/entrada-en-vigor-de-las-nuevas-medidas-urgentes-en-materia-de-vivienda-y-alquiler\/#breadcrumb","itemListElement":[{"@type":"ListItem","position":1,"name":"Home","item":"https:\/\/www.fabregat-perulles-sales.com\/actualidad\/"},{"@type":"ListItem","position":2,"name":"Entrada en vigor de las nuevas medidas urgentes en materia de vivienda y alquiler"}]},{"@type":"WebSite","@id":"https:\/\/www.fabregat-perulles-sales.com\/actualidad\/#website","url":"https:\/\/www.fabregat-perulles-sales.com\/actualidad\/","name":"www.fabregat-perulles-sales.com","description":"Fabregat Perulles Sales Abogados is a law firm of reference international market in the Spanish-German, Spanish-French, and Spanish-Italian. Is one of the first firms in Barcelona offering a Russian Desk.","potentialAction":[{"@type":"SearchAction","target":{"@type":"EntryPoint","urlTemplate":"https:\/\/www.fabregat-perulles-sales.com\/actualidad\/?s={search_term_string}"},"query-input":"required name=search_term_string"}],"inLanguage":"en-US"},{"@type":"Person","@id":"https:\/\/www.fabregat-perulles-sales.com\/actualidad\/#\/schema\/person\/cabc1d68c7778f01d5e069c2d98442e3","name":"Victor","image":{"@type":"ImageObject","inLanguage":"en-US","@id":"https:\/\/www.fabregat-perulles-sales.com\/actualidad\/#\/schema\/person\/image\/","url":"https:\/\/secure.gravatar.com\/avatar\/756cb666a964d2960ffe307b8a53b271?s=96&d=mm&r=g","contentUrl":"https:\/\/secure.gravatar.com\/avatar\/756cb666a964d2960ffe307b8a53b271?s=96&d=mm&r=g","caption":"Victor"},"sameAs":["http:\/\/www.fabregat-perulles-sales.com"],"url":"https:\/\/www.fabregat-perulles-sales.com\/actualidad\/author\/victor\/"}]}},"amp_enabled":true,"_links":{"self":[{"href":"https:\/\/www.fabregat-perulles-sales.com\/actualidad\/wp-json\/wp\/v2\/posts\/3671"}],"collection":[{"href":"https:\/\/www.fabregat-perulles-sales.com\/actualidad\/wp-json\/wp\/v2\/posts"}],"about":[{"href":"https:\/\/www.fabregat-perulles-sales.com\/actualidad\/wp-json\/wp\/v2\/types\/post"}],"author":[{"embeddable":true,"href":"https:\/\/www.fabregat-perulles-sales.com\/actualidad\/wp-json\/wp\/v2\/users\/3"}],"replies":[{"embeddable":true,"href":"https:\/\/www.fabregat-perulles-sales.com\/actualidad\/wp-json\/wp\/v2\/comments?post=3671"}],"version-history":[{"count":3,"href":"https:\/\/www.fabregat-perulles-sales.com\/actualidad\/wp-json\/wp\/v2\/posts\/3671\/revisions"}],"predecessor-version":[{"id":4277,"href":"https:\/\/www.fabregat-perulles-sales.com\/actualidad\/wp-json\/wp\/v2\/posts\/3671\/revisions\/4277"}],"wp:attachment":[{"href":"https:\/\/www.fabregat-perulles-sales.com\/actualidad\/wp-json\/wp\/v2\/media?parent=3671"}],"wp:term":[{"taxonomy":"category","embeddable":true,"href":"https:\/\/www.fabregat-perulles-sales.com\/actualidad\/wp-json\/wp\/v2\/categories?post=3671"},{"taxonomy":"post_tag","embeddable":true,"href":"https:\/\/www.fabregat-perulles-sales.com\/actualidad\/wp-json\/wp\/v2\/tags?post=3671"}],"curies":[{"name":"wp","href":"https:\/\/api.w.org\/{rel}","templated":true}]}}