{"id":3665,"date":"2018-12-11T12:19:58","date_gmt":"2018-12-11T11:19:58","guid":{"rendered":"http:\/\/www.fabregat-perulles-sales.com\/actualidad\/?p=3665"},"modified":"2020-02-28T14:33:31","modified_gmt":"2020-02-28T13:33:31","slug":"entrada-en-vigor-de-la-nueva-ley-organica-32018-de-proteccion-de-datos-personales-y-garantia-de-los-derechos-digitales","status":"publish","type":"post","link":"https:\/\/www.fabregat-perulles-sales.com\/actualidad\/entrada-en-vigor-de-la-nueva-ley-organica-32018-de-proteccion-de-datos-personales-y-garantia-de-los-derechos-digitales\/","title":{"rendered":"ENTRADA EN VIGOR DE LA NUEVA LEY ORG\u00c1NICA 3\/2018, DE PROTECCI\u00d3N DE DATOS PERSONALES Y GARANT\u00cdA DE LOS DERECHOS DIGITALES"},"content":{"rendered":"<p><strong>El pasado 7 de diciembre entr\u00f3 en vigor en Espa\u00f1a la Ley Org\u00e1nica 3\/2018, de 5 de diciembre, de Protecci\u00f3n de Datos Personales y garant\u00eda de los derechos digitales (BOE n\u00fam. 294, de 06.12.18).\u00a0<\/strong><\/p>\n<p><!--more--><\/p>\n<p><img decoding=\"async\" loading=\"lazy\" class=\"alignright size-medium wp-image-3666\" src=\"http:\/\/www.fabregat-perulles-sales.com\/actualidad\/wp-content\/uploads\/2018\/12\/mesa-ordenador-proteccion-datos-abogados-espanol-300x159.jpg\" alt=\"protecci\u00f3n, datos, internet\" width=\"300\" height=\"159\" srcset=\"https:\/\/www.fabregat-perulles-sales.com\/actualidad\/wp-content\/uploads\/2018\/12\/mesa-ordenador-proteccion-datos-abogados-espanol-300x159.jpg 300w, https:\/\/www.fabregat-perulles-sales.com\/actualidad\/wp-content\/uploads\/2018\/12\/mesa-ordenador-proteccion-datos-abogados-espanol-768x408.jpg 768w, https:\/\/www.fabregat-perulles-sales.com\/actualidad\/wp-content\/uploads\/2018\/12\/mesa-ordenador-proteccion-datos-abogados-espanol-660x351.jpg 660w, https:\/\/www.fabregat-perulles-sales.com\/actualidad\/wp-content\/uploads\/2018\/12\/mesa-ordenador-proteccion-datos-abogados-espanol.jpg 960w\" sizes=\"(max-width: 300px) 100vw, 300px\" \/><\/p>\n<p>Esta nueva Ley Org\u00e1nica, que <strong>deroga la hasta ahora vigente Ley Org\u00e1nica 15\/1999<\/strong>, de 13 de diciembre, de Protecci\u00f3n de Datos de Car\u00e1cter Personal, con las salvedades previstas en la disposici\u00f3n adicional 14\u00aa y disposici\u00f3n transitoria 4\u00aa, tiene por <strong>objeto<\/strong>:<\/p>\n<p><strong>i) Adaptar el ordenamiento jur\u00eddico espa\u00f1ol al Reglamento (UE) 2016\/679<\/strong> del Parlamento Europeo y el Consejo, de 27 de abril de 2016, relativo a la protecci\u00f3n de las personas f\u00edsicas en lo que respecta al tratamiento de sus datos personales y a la libre circulaci\u00f3n de estos datos, y completar sus disposiciones, <strong>el cual ya viene siendo plenamente aplicable en nuestro pa\u00eds desde el pasado 25.05.18<\/strong>.<\/p>\n<p><strong>ii) Y garantizar los derechos digitales de la ciudadan\u00eda<\/strong> conforme al mandato establecido en el art\u00edculo 18.4 de la Constituci\u00f3n, <strong>regul\u00e1ndose en particular los<\/strong> <strong>derechos y libertades predicables al entorno de Internet<\/strong> como la neutralidad de la Red y el acceso universal o los derechos a la seguridad y educaci\u00f3n digital as\u00ed como los derechos al olvido, a la portabilidad y al testamento digital, ocupando un lugar relevante el reconocimiento del derecho a la desconexi\u00f3n digital en el marco del derecho a la intimidad en el uso de dispositivos digitales en el \u00e1mbito laboral y la protecci\u00f3n de los menores en internet, resultando tambi\u00e9n destacable la garant\u00eda de la libertad de expresi\u00f3n y el derecho a la aclaraci\u00f3n de informaciones en medios de comunicaci\u00f3n digitales.<\/p>\n<p>Pueden consultar el texto \u00edntegro de la misma en el siguiente enlace: <a href=\"https:\/\/www.boe.es\/buscar\/doc.php?id=BOE-A-2018-16673\" target=\"_blank\" rel=\"noopener noreferrer\">https:\/\/www.boe.es\/buscar\/doc.php?id=BOE-A-2018-16673<\/a><\/p>\n<p>&nbsp;<\/p>\n<p>&nbsp;<\/p>\n<p>&nbsp;<\/p>\n<p>&nbsp;<\/p>\n\r\n\t\t<style>\r\n\t\t\t.huge-it-share-buttons {\r\n\t\t\t\tborder:0px solid #0FB5D6;\r\n\t\t\t\tborder-radius:5px;\r\n\t\t\t\tbackground:#3BD8FF;\r\n\t\t\t text-align:left; \t\t\t\t\t\t\t\t\t}\r\n\r\n\t\t\t#huge-it-share-buttons-top {margin-bottom:0px;}\r\n\t\t\t#huge-it-share-buttons-bottom {margin-top:0px;}\r\n\r\n\t\t\t.huge-it-share-buttons h3 {\r\n\t\t\t\tfont-size:25px ;\r\n\t\t\t\tfont-family:Arial,Helvetica Neue,Helvetica,sans-serif;\r\n\t\t\t\tcolor:#666666;\r\n\r\n\t\t\tdisplay:block;\t\t\t\tline-height:25px ;\r\n\r\n\t\t\t text-align:left; \t\t\t\t\t\t\t\t\t}\r\n\r\n\t\t\t.huge-it-share-buttons ul {\r\n\t\t\t float:left; \t\t\t\t\t\t\t\t\t}\r\n\r\n\t\t\t.huge-it-share-buttons ul li {\r\n\t\t\t\tmargin-left:3px;\r\n\t\t\t\tmargin-right:3px;\r\n\t\t\t\tpadding:0px;\r\n\t\t\t\tborder:0px ridge #E6354C;\r\n\t\t\t\tborder-radius:11px;\r\n\t\t\t\tbackground-color:#14CC9B;\r\n\t\t\t}\r\n\r\n\t\t\t.huge-it-share-buttons ul li #backforunical3665 {\r\n\t\t\t\tborder-bottom: 0;\r\n\t\t\t\tbackground-image:url('https:\/\/www.fabregat-perulles-sales.com\/actualidad\/wp-content\/plugins\/wp-share-buttons\/Front_end\/..\/images\/buttons.30.png');\r\n\t\t\t\twidth:30px;\r\n\t\t\t\theight:30px;\r\n\t\t\t}\r\n\r\n\t\t\t.front-shares-count {\r\n\t\t\t\tposition: absolute;\r\n\t\t\t\ttext-align: center;\r\n\t\t\t\tdisplay: block;\r\n\t\t\t}\r\n\r\n\t\t\t.shares_size20 .front-shares-count {\r\n\t\t\t\tfont-size: 10px;\r\n\t\t\t\ttop: 10px;\r\n\t\t\t\twidth: 20px;\r\n\t\t\t}\r\n\r\n\t\t\t.shares_size30 .front-shares-count {\r\n\t\t\t\tfont-size: 11px;\r\n\t\t\t\ttop: 15px;\r\n\t\t\t\twidth: 30px;\r\n\t\t\t}\r\n\r\n\t\t\t.shares_size40 .front-shares-count {\r\n\t\t\t\tfont-size: 12px;\r\n\t\t\t\ttop: 21px;\r\n\t\t\t\twidth: 40px;\r\n\t\t\t}\r\n\t\t<\/style>\r\n\t\t\r\n\t\t<div id=\"huge-it-share-buttons-top\" class=\"huge-it-share-buttons nobackground\">\r\n\t\t\t<h3>Share This:<\/h3>\r\n\t\t\t<ul class=\"huge-it-share-buttons-list \">\r\n\t\t\t\t\t\t\t\t\t<li class=\"nobackground \" >\r\n\r\n\t\t\t\t\t\t\t\t\t\t\t\t<a id=\"backforunical3665\" href=\"https:\/\/www.facebook.com\/sharer\/sharer.php?u=www.fabregat-perulles-sales.com\/actualidad\/wp-json\/wp\/v2\/posts\/3665\"  onclick=\"javascript:void window.open('https:\/\/www.facebook.com\/sharer\/sharer.php?u=www.fabregat-perulles-sales.com\/actualidad\/wp-json\/wp\/v2\/posts\/3665','1410949501326','width=700,height=500,toolbar=0,menubar=0,location=0,status=1,scrollbars=1,resizable=1,left=0,top=0');return false;\" style=\"background-position: -0px -120px \"><\/a>\r\n\t\t\t\t\t<\/li>\r\n\t\t\t\t\t\t\t\t\t\t<li class=\"nobackground \" >\r\n\r\n\t\t\t\t\t\t\t\t\t\t\t\t<a id=\"backforunical3665\" href=\"https:\/\/twitter.com\/share?status=www.fabregat-perulles-sales.com\/actualidad\/wp-json\/wp\/v2\/posts\/3665&text=ENTRADA EN VIGOR DE LA NUEVA LEY ORG\u00c1NICA 3\/2018, DE PROTECCI\u00d3N DE DATOS PERSONALES Y GARANT\u00cdA DE LOS DERECHOS DIGITALES\"  onclick=\"javascript:void window.open('https:\/\/twitter.com\/share?status=www.fabregat-perulles-sales.com\/actualidad\/wp-json\/wp\/v2\/posts\/3665&text=ENTRADA EN VIGOR DE LA NUEVA LEY ORG\u00c1NICA 3\/2018, DE PROTECCI\u00d3N DE DATOS PERSONALES Y GARANT\u00cdA DE LOS DERECHOS DIGITALES','1410949501326','width=700,height=500,toolbar=0,menubar=0,location=0,status=1,scrollbars=1,resizable=1,left=0,top=0');return false;\" style=\"background-position: -30px -120px \"><\/a>\r\n\t\t\t\t\t<\/li>\r\n\t\t\t\t\t\t\t\t\t\t<li class=\"none nobackground \" >\r\n\r\n\t\t\t\t\t\t\t\t\t\t\t\t<a id=\"backforunical3665\" href=\"http:\/\/www.pinterest.com\/pin\/create\/button\/?url=www.fabregat-perulles-sales.com\/actualidad\/wp-json\/wp\/v2\/posts\/3665&media=https:\/\/www.fabregat-perulles-sales.com\/actualidad\/wp-content\/plugins\/wp-share-buttons\/Front_end\/..\/images\/noimage.png&description=ENTRADA EN VIGOR DE LA NUEVA LEY ORG\u00c1NICA 3\/2018, DE PROTECCI\u00d3N DE DATOS PERSONALES Y GARANT\u00cdA DE LOS DERECHOS DIGITALES\"  onclick=\"javascript:void window.open('http:\/\/www.pinterest.com\/pin\/create\/button\/?url=www.fabregat-perulles-sales.com\/actualidad\/wp-json\/wp\/v2\/posts\/3665&media=https:\/\/www.fabregat-perulles-sales.com\/actualidad\/wp-content\/plugins\/wp-share-buttons\/Front_end\/..\/images\/noimage.png&description=ENTRADA EN VIGOR DE LA NUEVA LEY ORG\u00c1NICA 3\/2018, DE PROTECCI\u00d3N DE DATOS PERSONALES Y GARANT\u00cdA DE LOS DERECHOS DIGITALES','1410949501326','width=700,height=500,toolbar=0,menubar=0,location=0,status=1,scrollbars=1,resizable=1,left=0,top=0');return false;\" style=\"background-position: -60px -120px \"><\/a>\r\n\t\t\t\t\t<\/li>\r\n\t\t\t\t\t\t\t\t\t\t<li class=\"none nobackground \" >\r\n\r\n\t\t\t\t\t\t\t\t\t\t\t\t<a id=\"backforunical3665\" href=\"https:\/\/plus.google.com\/share?url=www.fabregat-perulles-sales.com\/actualidad\/wp-json\/wp\/v2\/posts\/3665\"  onclick=\"javascript:void window.open('https:\/\/plus.google.com\/share?url=www.fabregat-perulles-sales.com\/actualidad\/wp-json\/wp\/v2\/posts\/3665','1410949501326','width=700,height=500,toolbar=0,menubar=0,location=0,status=1,scrollbars=1,resizable=1,left=0,top=0');return false;\" style=\"background-position: -90px -120px \"><\/a>\r\n\t\t\t\t\t<\/li>\r\n\t\t\t\t\t\t\t\t\t\t<li class=\"nobackground \" >\r\n\r\n\t\t\t\t\t\t\t\t\t\t\t\t<a id=\"backforunical3665\" href=\"https:\/\/www.linkedin.com\/shareArticle?title=ENTRADA EN VIGOR DE LA NUEVA LEY ORG\u00c1NICA 3\/2018, DE PROTECCI\u00d3N DE DATOS PERSONALES Y GARANT\u00cdA DE LOS DERECHOS DIGITALES&mini=true&url=https:\/\/www.fabregat-perulles-sales.com\/actualidad\/wp-json\/wp\/v2\/posts\/3665\"  onclick=\"javascript:void window.open('https:\/\/www.linkedin.com\/shareArticle?title=ENTRADA EN VIGOR DE LA NUEVA LEY ORG\u00c1NICA 3\/2018, DE PROTECCI\u00d3N DE DATOS PERSONALES Y GARANT\u00cdA DE LOS DERECHOS DIGITALES&mini=true&url=https:\/\/www.fabregat-perulles-sales.com\/actualidad\/wp-json\/wp\/v2\/posts\/3665','1410949501326','width=700,height=500,toolbar=0,menubar=0,location=0,status=1,scrollbars=1,resizable=1,left=0,top=0');return false;\" style=\"background-position: -120px -120px \"><\/a>\r\n\t\t\t\t\t<\/li>\r\n\t\t\t\t\t\t\t\t\t\t<li class=\"none nobackground \" >\r\n\r\n\t\t\t\t\t\t\t\t\t\t\t\t<a id=\"backforunical3665\" href=\"https:\/\/www.tumblr.com\/share\/link?url=www.fabregat-perulles-sales.com\/actualidad\/wp-json\/wp\/v2\/posts\/3665&name=ENTRADA EN VIGOR DE LA NUEVA LEY ORG\u00c1NICA 3\/2018, DE PROTECCI\u00d3N DE DATOS PERSONALES Y GARANT\u00cdA DE LOS DERECHOS DIGITALES\"  onclick=\"javascript:void window.open('https:\/\/www.tumblr.com\/share\/link?url=www.fabregat-perulles-sales.com\/actualidad\/wp-json\/wp\/v2\/posts\/3665&name=ENTRADA EN VIGOR DE LA NUEVA LEY ORG\u00c1NICA 3\/2018, DE PROTECCI\u00d3N DE DATOS PERSONALES Y GARANT\u00cdA DE LOS DERECHOS DIGITALES','1410949501326','width=700,height=500,toolbar=0,menubar=0,location=0,status=1,scrollbars=1,resizable=1,left=0,top=0');return false;\" style=\"background-position: -150px -120px \"><\/a>\r\n\t\t\t\t\t<\/li>\r\n\t\t\t\t\t\t\t\t\t\t<li class=\"none nobackground \" >\r\n\r\n\t\t\t\t\t\t\t\t\t\t\t\t<a id=\"backforunical3665\" href=\"http:\/\/digg.com\/submit?phase=2&url=www.fabregat-perulles-sales.com\/actualidad\/wp-json\/wp\/v2\/posts\/3665&title=ENTRADA EN VIGOR DE LA NUEVA LEY ORG\u00c1NICA 3\/2018, DE PROTECCI\u00d3N DE DATOS PERSONALES Y GARANT\u00cdA DE LOS DERECHOS DIGITALES\"  onclick=\"javascript:void window.open('http:\/\/digg.com\/submit?phase=2&url=www.fabregat-perulles-sales.com\/actualidad\/wp-json\/wp\/v2\/posts\/3665&title=ENTRADA EN VIGOR DE LA NUEVA LEY ORG\u00c1NICA 3\/2018, DE PROTECCI\u00d3N DE DATOS PERSONALES Y GARANT\u00cdA DE LOS DERECHOS DIGITALES','1410949501326','width=700,height=500,toolbar=0,menubar=0,location=0,status=1,scrollbars=1,resizable=1,left=0,top=0');return false;\" style=\"background-position: -180px -120px \"><\/a>\r\n\t\t\t\t\t<\/li>\r\n\t\t\t\t\t\t\t\t\t\t<li class=\"none nobackground \" >\r\n\r\n\t\t\t\t\t\t\t\t\t\t\t\t<a id=\"backforunical3665\" href=\"http:\/\/www.stumbleupon.com\/submit?url=www.fabregat-perulles-sales.com\/actualidad\/wp-json\/wp\/v2\/posts\/3665&title=ENTRADA EN VIGOR DE LA NUEVA LEY ORG\u00c1NICA 3\/2018, DE PROTECCI\u00d3N DE DATOS PERSONALES Y GARANT\u00cdA DE LOS DERECHOS DIGITALES\"  onclick=\"javascript:void window.open('http:\/\/www.stumbleupon.com\/submit?url=www.fabregat-perulles-sales.com\/actualidad\/wp-json\/wp\/v2\/posts\/3665&title=ENTRADA EN VIGOR DE LA NUEVA LEY ORG\u00c1NICA 3\/2018, DE PROTECCI\u00d3N DE DATOS PERSONALES Y GARANT\u00cdA DE LOS DERECHOS DIGITALES','1410949501326','width=700,height=500,toolbar=0,menubar=0,location=0,status=1,scrollbars=1,resizable=1,left=0,top=0');return false;\" style=\"background-position: -210px -120px \"><\/a>\r\n\t\t\t\t\t<\/li>\r\n\t\t\t\t\t\t\t\t\t\t<li class=\"none nobackground \" >\r\n\r\n\t\t\t\t\t\t\t\t\t\t\t\t<a id=\"backforunical3665\" href=\"https:\/\/myspace.com\/post?l=3&u=www.fabregat-perulles-sales.com\/actualidad\/wp-json\/wp\/v2\/posts\/3665\"  onclick=\"javascript:void window.open('https:\/\/myspace.com\/post?l=3&u=www.fabregat-perulles-sales.com\/actualidad\/wp-json\/wp\/v2\/posts\/3665','1410949501326','width=700,height=500,toolbar=0,menubar=0,location=0,status=1,scrollbars=1,resizable=1,left=0,top=0');return false;\" style=\"background-position: -240px -120px \"><\/a>\r\n\t\t\t\t\t<\/li>\r\n\t\t\t\t\t\t\t\t\t\t<li class=\"nobackground \" >\r\n\r\n\t\t\t\t\t\t\t\t\t\t\t\t<a id=\"backforunical3665\" href=\"http:\/\/vk.com\/share.php?url=www.fabregat-perulles-sales.com\/actualidad\/wp-json\/wp\/v2\/posts\/3665&title=ENTRADA EN VIGOR DE LA NUEVA LEY ORG\u00c1NICA 3\/2018, DE PROTECCI\u00d3N DE DATOS PERSONALES Y GARANT\u00cdA DE LOS DERECHOS DIGITALES\"  onclick=\"javascript:void window.open('http:\/\/vk.com\/share.php?url=www.fabregat-perulles-sales.com\/actualidad\/wp-json\/wp\/v2\/posts\/3665&title=ENTRADA EN VIGOR DE LA NUEVA LEY ORG\u00c1NICA 3\/2018, DE PROTECCI\u00d3N DE DATOS PERSONALES Y GARANT\u00cdA DE LOS DERECHOS DIGITALES','1410949501326','width=700,height=500,toolbar=0,menubar=0,location=0,status=1,scrollbars=1,resizable=1,left=0,top=0');return false;\" style=\"background-position: -270px -120px \"><\/a>\r\n\t\t\t\t\t<\/li>\r\n\t\t\t\t\t\t\t\t\t\t<li class=\"none nobackground \" >\r\n\r\n\t\t\t\t\t\t\t\t\t\t\t\t<a id=\"backforunical3665\" href=\"http:\/\/www.reddit.com\/submit?url=www.fabregat-perulles-sales.com\/actualidad\/wp-json\/wp\/v2\/posts\/3665&title=ENTRADA EN VIGOR DE LA NUEVA LEY ORG\u00c1NICA 3\/2018, DE PROTECCI\u00d3N DE DATOS PERSONALES Y GARANT\u00cdA DE LOS DERECHOS DIGITALES\"  onclick=\"javascript:void window.open('http:\/\/www.reddit.com\/submit?url=www.fabregat-perulles-sales.com\/actualidad\/wp-json\/wp\/v2\/posts\/3665&title=ENTRADA EN VIGOR DE LA NUEVA LEY ORG\u00c1NICA 3\/2018, DE PROTECCI\u00d3N DE DATOS PERSONALES Y GARANT\u00cdA DE LOS DERECHOS DIGITALES','1410949501326','width=700,height=500,toolbar=0,menubar=0,location=0,status=1,scrollbars=1,resizable=1,left=0,top=0');return false;\" style=\"background-position: -300px -120px \"><\/a>\r\n\t\t\t\t\t<\/li>\r\n\t\t\t\t\t\t\t\t\t\t<li class=\"none nobackground \" >\r\n\r\n\t\t\t\t\t\t\t\t\t\t\t\t<a id=\"backforunical3665\" href=\"http:\/\/www.bebo.com\/c\/share?Url=www.fabregat-perulles-sales.com\/actualidad\/wp-json\/wp\/v2\/posts\/3665\"  onclick=\"javascript:void window.open('http:\/\/www.bebo.com\/c\/share?Url=www.fabregat-perulles-sales.com\/actualidad\/wp-json\/wp\/v2\/posts\/3665','1410949501326','width=700,height=500,toolbar=0,menubar=0,location=0,status=1,scrollbars=1,resizable=1,left=0,top=0');return false;\" style=\"background-position: -330px -120px \"><\/a>\r\n\t\t\t\t\t<\/li>\r\n\t\t\t\t\t\t\t\t\t\t<li class=\"none nobackground \" >\r\n\r\n\t\t\t\t\t\t\t\t\t\t\t\t<a id=\"backforunical3665\" href=\"https:\/\/delicious.com\/save?v=5&noui&jump=close&url=www.fabregat-perulles-sales.com\/actualidad\/wp-json\/wp\/v2\/posts\/3665&title=ENTRADA EN VIGOR DE LA NUEVA LEY ORG\u00c1NICA 3\/2018, DE PROTECCI\u00d3N DE DATOS PERSONALES Y GARANT\u00cdA DE LOS DERECHOS DIGITALES\"  onclick=\"javascript:void window.open('https:\/\/delicious.com\/save?v=5&noui&jump=close&url=www.fabregat-perulles-sales.com\/actualidad\/wp-json\/wp\/v2\/posts\/3665&title=ENTRADA EN VIGOR DE LA NUEVA LEY ORG\u00c1NICA 3\/2018, DE PROTECCI\u00d3N DE DATOS PERSONALES Y GARANT\u00cdA DE LOS DERECHOS DIGITALES','1410949501326','width=700,height=500,toolbar=0,menubar=0,location=0,status=1,scrollbars=1,resizable=1,left=0,top=0');return false;\" style=\"background-position: -360px -120px \"><\/a>\r\n\t\t\t\t\t<\/li>\r\n\t\t\t\t\t\t\t\t\t\t<li class=\"none nobackground \" >\r\n\r\n\t\t\t\t\t\t\t\t\t\t\t\t<a id=\"backforunical3665\" href=\"http:\/\/www.odnoklassniki.ru\/dk?st.cmd=addShare&st.s=2&st.noresize=on&st._surl=www.fabregat-perulles-sales.com\/actualidad\/wp-json\/wp\/v2\/posts\/3665\"  onclick=\"javascript:void window.open('http:\/\/www.odnoklassniki.ru\/dk?st.cmd=addShare&st.s=2&st.noresize=on&st._surl=www.fabregat-perulles-sales.com\/actualidad\/wp-json\/wp\/v2\/posts\/3665','1410949501326','width=700,height=500,toolbar=0,menubar=0,location=0,status=1,scrollbars=1,resizable=1,left=0,top=0');return false;\" style=\"background-position: -390px -120px \"><\/a>\r\n\t\t\t\t\t<\/li>\r\n\t\t\t\t\t\t\t\t\t\t<li class=\"none nobackground \" >\r\n\r\n\t\t\t\t\t\t\t\t\t\t\t\t<a id=\"backforunical3665\" href=\"http:\/\/sns.qzone.qq.com\/cgi-bin\/qzshare\/cgi_qzshare_onekey?url=www.fabregat-perulles-sales.com\/actualidad\/wp-json\/wp\/v2\/posts\/3665&title=ENTRADA EN VIGOR DE LA NUEVA LEY ORG\u00c1NICA 3\/2018, DE PROTECCI\u00d3N DE DATOS PERSONALES Y GARANT\u00cdA DE LOS DERECHOS DIGITALES\"  onclick=\"javascript:void window.open('http:\/\/sns.qzone.qq.com\/cgi-bin\/qzshare\/cgi_qzshare_onekey?url=www.fabregat-perulles-sales.com\/actualidad\/wp-json\/wp\/v2\/posts\/3665&title=ENTRADA EN VIGOR DE LA NUEVA LEY ORG\u00c1NICA 3\/2018, DE PROTECCI\u00d3N DE DATOS PERSONALES Y GARANT\u00cdA DE LOS DERECHOS DIGITALES','1410949501326','width=700,height=500,toolbar=0,menubar=0,location=0,status=1,scrollbars=1,resizable=1,left=0,top=0');return false;\" style=\"background-position: -420px -120px \"><\/a>\r\n\t\t\t\t\t<\/li>\r\n\t\t\t\t\t\t\t\t\t\t<li class=\"none nobackground \" >\r\n\r\n\t\t\t\t\t\t\t\t\t\t\t\t<a id=\"backforunical3665\" href=\"http:\/\/service.weibo.com\/share\/share.php?url=www.fabregat-perulles-sales.com\/actualidad\/wp-json\/wp\/v2\/posts\/3665&appkey=&title=ENTRADA EN VIGOR DE LA NUEVA LEY ORG\u00c1NICA 3\/2018, DE PROTECCI\u00d3N DE DATOS PERSONALES Y GARANT\u00cdA DE LOS DERECHOS DIGITALES&pic=&ralateUid=&\"  onclick=\"javascript:void window.open('http:\/\/service.weibo.com\/share\/share.php?url=www.fabregat-perulles-sales.com\/actualidad\/wp-json\/wp\/v2\/posts\/3665&appkey=&title=ENTRADA EN VIGOR DE LA NUEVA LEY ORG\u00c1NICA 3\/2018, DE PROTECCI\u00d3N DE DATOS PERSONALES Y GARANT\u00cdA DE LOS DERECHOS DIGITALES&pic=&ralateUid=&','1410949501326','width=700,height=500,toolbar=0,menubar=0,location=0,status=1,scrollbars=1,resizable=1,left=0,top=0');return false;\" style=\"background-position: -450px -120px \"><\/a>\r\n\t\t\t\t\t<\/li>\r\n\t\t\t\t\t\t\t\t\t\t<li class=\"none nobackground \" >\r\n\r\n\t\t\t\t\t\t\t\t\t\t\t\t<a id=\"backforunical3665\" href=\"http:\/\/widget.renren.com\/dialog\/share?resourceUrl=www.fabregat-perulles-sales.com\/actualidad\/wp-json\/wp\/v2\/posts\/3665&srcUrl=www.fabregat-perulles-sales.com\/actualidad\/wp-json\/wp\/v2\/posts\/3665&title=ENTRADA EN VIGOR DE LA NUEVA LEY ORG\u00c1NICA 3\/2018, DE PROTECCI\u00d3N DE DATOS PERSONALES Y GARANT\u00cdA DE LOS DERECHOS DIGITALES\"  onclick=\"javascript:void window.open('http:\/\/widget.renren.com\/dialog\/share?resourceUrl=www.fabregat-perulles-sales.com\/actualidad\/wp-json\/wp\/v2\/posts\/3665&srcUrl=www.fabregat-perulles-sales.com\/actualidad\/wp-json\/wp\/v2\/posts\/3665&title=ENTRADA EN VIGOR DE LA NUEVA LEY ORG\u00c1NICA 3\/2018, DE PROTECCI\u00d3N DE DATOS PERSONALES Y GARANT\u00cdA DE LOS DERECHOS DIGITALES','1410949501326','width=700,height=500,toolbar=0,menubar=0,location=0,status=1,scrollbars=1,resizable=1,left=0,top=0');return false;\" style=\"background-position: -480px -120px \"><\/a>\r\n\t\t\t\t\t<\/li>\r\n\t\t\t\t\t\t\t\t\t\t<li class=\"none nobackground \" >\r\n\r\n\t\t\t\t\t\t\t\t\t\t\t\t<a id=\"backforunical3665\" href=\"http:\/\/n4g.com\/tips?url=www.fabregat-perulles-sales.com\/actualidad\/wp-json\/wp\/v2\/posts\/3665&title=ENTRADA EN VIGOR DE LA NUEVA LEY ORG\u00c1NICA 3\/2018, DE PROTECCI\u00d3N DE DATOS PERSONALES Y GARANT\u00cdA DE LOS DERECHOS DIGITALES\"  onclick=\"javascript:void window.open('http:\/\/n4g.com\/tips?url=www.fabregat-perulles-sales.com\/actualidad\/wp-json\/wp\/v2\/posts\/3665&title=ENTRADA EN VIGOR DE LA NUEVA LEY ORG\u00c1NICA 3\/2018, DE PROTECCI\u00d3N DE DATOS PERSONALES Y GARANT\u00cdA DE LOS DERECHOS DIGITALES','1410949501326','width=700,height=500,toolbar=0,menubar=0,location=0,status=1,scrollbars=1,resizable=1,left=0,top=0');return false;\" style=\"background-position: -510px -120px \"><\/a>\r\n\t\t\t\t\t<\/li>\r\n\t\t\t\t\t\t\t\t<\/ul>\r\n\t\t\t<div class=\"clear\"><\/div>\r\n\t\t<\/div>\r\n\t\t","protected":false},"excerpt":{"rendered":"<p>El pasado 7 de diciembre entr\u00f3 en vigor en Espa\u00f1a la Ley Org\u00e1nica 3\/2018, de 5 de diciembre, de Protecci\u00f3n de Datos Personales y garant\u00eda de los derechos digitales (BOE n\u00fam. 294, de 06.12.18).\u00a0 Share This:<\/p>\n","protected":false},"author":3,"featured_media":0,"comment_status":"open","ping_status":"closed","sticky":false,"template":"","format":"standard","meta":[],"categories":[12,466,279,1498],"tags":[1524,917,1523],"yoast_head":"<!-- This site is optimized with the Yoast SEO plugin v20.2.1 - https:\/\/yoast.com\/wordpress\/plugins\/seo\/ -->\n<title>Ley de Protecci\u00f3n de Datos Personales<\/title>\n<meta name=\"description\" content=\"Entr\u00f3 en vigor en Espa\u00f1a la Ley Org\u00e1nica 3\/2018, de 5 de diciembre, de Protecci\u00f3n de Datos Personales y garant\u00eda de los derechos digitales\" \/>\n<meta name=\"robots\" content=\"index, follow, max-snippet:-1, max-image-preview:large, max-video-preview:-1\" \/>\n<link rel=\"canonical\" href=\"https:\/\/www.fabregat-perulles-sales.com\/actualidad\/entrada-en-vigor-de-la-nueva-ley-organica-32018-de-proteccion-de-datos-personales-y-garantia-de-los-derechos-digitales\/\" \/>\n<meta property=\"og:locale\" content=\"en_US\" \/>\n<meta property=\"og:type\" content=\"article\" \/>\n<meta property=\"og:title\" content=\"Ley de Protecci\u00f3n de Datos Personales\" \/>\n<meta property=\"og:description\" content=\"Entr\u00f3 en vigor en Espa\u00f1a la Ley Org\u00e1nica 3\/2018, de 5 de diciembre, de Protecci\u00f3n de Datos Personales y garant\u00eda de los derechos digitales\" \/>\n<meta property=\"og:url\" content=\"https:\/\/www.fabregat-perulles-sales.com\/actualidad\/entrada-en-vigor-de-la-nueva-ley-organica-32018-de-proteccion-de-datos-personales-y-garantia-de-los-derechos-digitales\/\" \/>\n<meta property=\"og:site_name\" content=\"International Lawyers\" \/>\n<meta property=\"article:published_time\" content=\"2018-12-11T11:19:58+00:00\" \/>\n<meta property=\"article:modified_time\" content=\"2020-02-28T13:33:31+00:00\" \/>\n<meta property=\"og:image\" content=\"http:\/\/www.fabregat-perulles-sales.com\/actualidad\/wp-content\/uploads\/2018\/12\/mesa-ordenador-proteccion-datos-abogados-espanol-300x159.jpg\" \/>\n<meta name=\"author\" content=\"Victor\" \/>\n<meta name=\"twitter:card\" content=\"summary_large_image\" \/>\n<meta name=\"twitter:label1\" content=\"Written by\" \/>\n\t<meta name=\"twitter:data1\" content=\"Victor\" \/>\n\t<meta name=\"twitter:label2\" content=\"Est. reading time\" \/>\n\t<meta name=\"twitter:data2\" content=\"2 minutes\" \/>\n<script type=\"application\/ld+json\" class=\"yoast-schema-graph\">{\"@context\":\"https:\/\/schema.org\",\"@graph\":[{\"@type\":\"WebPage\",\"@id\":\"https:\/\/www.fabregat-perulles-sales.com\/actualidad\/entrada-en-vigor-de-la-nueva-ley-organica-32018-de-proteccion-de-datos-personales-y-garantia-de-los-derechos-digitales\/\",\"url\":\"https:\/\/www.fabregat-perulles-sales.com\/actualidad\/entrada-en-vigor-de-la-nueva-ley-organica-32018-de-proteccion-de-datos-personales-y-garantia-de-los-derechos-digitales\/\",\"name\":\"Ley de Protecci\u00f3n de Datos Personales\",\"isPartOf\":{\"@id\":\"https:\/\/www.fabregat-perulles-sales.com\/actualidad\/#website\"},\"datePublished\":\"2018-12-11T11:19:58+00:00\",\"dateModified\":\"2020-02-28T13:33:31+00:00\",\"author\":{\"@id\":\"https:\/\/www.fabregat-perulles-sales.com\/actualidad\/#\/schema\/person\/cabc1d68c7778f01d5e069c2d98442e3\"},\"description\":\"Entr\u00f3 en vigor en Espa\u00f1a la Ley Org\u00e1nica 3\/2018, de 5 de diciembre, de Protecci\u00f3n de Datos Personales y garant\u00eda de los derechos digitales\",\"breadcrumb\":{\"@id\":\"https:\/\/www.fabregat-perulles-sales.com\/actualidad\/entrada-en-vigor-de-la-nueva-ley-organica-32018-de-proteccion-de-datos-personales-y-garantia-de-los-derechos-digitales\/#breadcrumb\"},\"inLanguage\":\"en-US\",\"potentialAction\":[{\"@type\":\"ReadAction\",\"target\":[\"https:\/\/www.fabregat-perulles-sales.com\/actualidad\/entrada-en-vigor-de-la-nueva-ley-organica-32018-de-proteccion-de-datos-personales-y-garantia-de-los-derechos-digitales\/\"]}]},{\"@type\":\"BreadcrumbList\",\"@id\":\"https:\/\/www.fabregat-perulles-sales.com\/actualidad\/entrada-en-vigor-de-la-nueva-ley-organica-32018-de-proteccion-de-datos-personales-y-garantia-de-los-derechos-digitales\/#breadcrumb\",\"itemListElement\":[{\"@type\":\"ListItem\",\"position\":1,\"name\":\"Home\",\"item\":\"https:\/\/www.fabregat-perulles-sales.com\/actualidad\/\"},{\"@type\":\"ListItem\",\"position\":2,\"name\":\"ENTRADA EN VIGOR DE LA NUEVA LEY ORG\u00c1NICA 3\/2018, DE PROTECCI\u00d3N DE DATOS PERSONALES Y GARANT\u00cdA DE LOS DERECHOS DIGITALES\"}]},{\"@type\":\"WebSite\",\"@id\":\"https:\/\/www.fabregat-perulles-sales.com\/actualidad\/#website\",\"url\":\"https:\/\/www.fabregat-perulles-sales.com\/actualidad\/\",\"name\":\"www.fabregat-perulles-sales.com\",\"description\":\"Fabregat Perulles Sales Abogados is a law firm of reference international market in the Spanish-German, Spanish-French, and Spanish-Italian. Is one of the first firms in Barcelona offering a Russian Desk.\",\"potentialAction\":[{\"@type\":\"SearchAction\",\"target\":{\"@type\":\"EntryPoint\",\"urlTemplate\":\"https:\/\/www.fabregat-perulles-sales.com\/actualidad\/?s={search_term_string}\"},\"query-input\":\"required name=search_term_string\"}],\"inLanguage\":\"en-US\"},{\"@type\":\"Person\",\"@id\":\"https:\/\/www.fabregat-perulles-sales.com\/actualidad\/#\/schema\/person\/cabc1d68c7778f01d5e069c2d98442e3\",\"name\":\"Victor\",\"image\":{\"@type\":\"ImageObject\",\"inLanguage\":\"en-US\",\"@id\":\"https:\/\/www.fabregat-perulles-sales.com\/actualidad\/#\/schema\/person\/image\/\",\"url\":\"https:\/\/secure.gravatar.com\/avatar\/756cb666a964d2960ffe307b8a53b271?s=96&d=mm&r=g\",\"contentUrl\":\"https:\/\/secure.gravatar.com\/avatar\/756cb666a964d2960ffe307b8a53b271?s=96&d=mm&r=g\",\"caption\":\"Victor\"},\"sameAs\":[\"http:\/\/www.fabregat-perulles-sales.com\"],\"url\":\"https:\/\/www.fabregat-perulles-sales.com\/actualidad\/author\/victor\/\"}]}<\/script>\n<!-- \/ Yoast SEO plugin. -->","yoast_head_json":{"title":"Ley de Protecci\u00f3n de Datos Personales","description":"Entr\u00f3 en vigor en Espa\u00f1a la Ley Org\u00e1nica 3\/2018, de 5 de diciembre, de Protecci\u00f3n de Datos Personales y garant\u00eda de los derechos digitales","robots":{"index":"index","follow":"follow","max-snippet":"max-snippet:-1","max-image-preview":"max-image-preview:large","max-video-preview":"max-video-preview:-1"},"canonical":"https:\/\/www.fabregat-perulles-sales.com\/actualidad\/entrada-en-vigor-de-la-nueva-ley-organica-32018-de-proteccion-de-datos-personales-y-garantia-de-los-derechos-digitales\/","og_locale":"en_US","og_type":"article","og_title":"Ley de Protecci\u00f3n de Datos Personales","og_description":"Entr\u00f3 en vigor en Espa\u00f1a la Ley Org\u00e1nica 3\/2018, de 5 de diciembre, de Protecci\u00f3n de Datos Personales y garant\u00eda de los derechos digitales","og_url":"https:\/\/www.fabregat-perulles-sales.com\/actualidad\/entrada-en-vigor-de-la-nueva-ley-organica-32018-de-proteccion-de-datos-personales-y-garantia-de-los-derechos-digitales\/","og_site_name":"International Lawyers","article_published_time":"2018-12-11T11:19:58+00:00","article_modified_time":"2020-02-28T13:33:31+00:00","og_image":[{"url":"http:\/\/www.fabregat-perulles-sales.com\/actualidad\/wp-content\/uploads\/2018\/12\/mesa-ordenador-proteccion-datos-abogados-espanol-300x159.jpg"}],"author":"Victor","twitter_card":"summary_large_image","twitter_misc":{"Written by":"Victor","Est. reading time":"2 minutes"},"schema":{"@context":"https:\/\/schema.org","@graph":[{"@type":"WebPage","@id":"https:\/\/www.fabregat-perulles-sales.com\/actualidad\/entrada-en-vigor-de-la-nueva-ley-organica-32018-de-proteccion-de-datos-personales-y-garantia-de-los-derechos-digitales\/","url":"https:\/\/www.fabregat-perulles-sales.com\/actualidad\/entrada-en-vigor-de-la-nueva-ley-organica-32018-de-proteccion-de-datos-personales-y-garantia-de-los-derechos-digitales\/","name":"Ley de Protecci\u00f3n de Datos Personales","isPartOf":{"@id":"https:\/\/www.fabregat-perulles-sales.com\/actualidad\/#website"},"datePublished":"2018-12-11T11:19:58+00:00","dateModified":"2020-02-28T13:33:31+00:00","author":{"@id":"https:\/\/www.fabregat-perulles-sales.com\/actualidad\/#\/schema\/person\/cabc1d68c7778f01d5e069c2d98442e3"},"description":"Entr\u00f3 en vigor en Espa\u00f1a la Ley Org\u00e1nica 3\/2018, de 5 de diciembre, de Protecci\u00f3n de Datos Personales y garant\u00eda de los derechos digitales","breadcrumb":{"@id":"https:\/\/www.fabregat-perulles-sales.com\/actualidad\/entrada-en-vigor-de-la-nueva-ley-organica-32018-de-proteccion-de-datos-personales-y-garantia-de-los-derechos-digitales\/#breadcrumb"},"inLanguage":"en-US","potentialAction":[{"@type":"ReadAction","target":["https:\/\/www.fabregat-perulles-sales.com\/actualidad\/entrada-en-vigor-de-la-nueva-ley-organica-32018-de-proteccion-de-datos-personales-y-garantia-de-los-derechos-digitales\/"]}]},{"@type":"BreadcrumbList","@id":"https:\/\/www.fabregat-perulles-sales.com\/actualidad\/entrada-en-vigor-de-la-nueva-ley-organica-32018-de-proteccion-de-datos-personales-y-garantia-de-los-derechos-digitales\/#breadcrumb","itemListElement":[{"@type":"ListItem","position":1,"name":"Home","item":"https:\/\/www.fabregat-perulles-sales.com\/actualidad\/"},{"@type":"ListItem","position":2,"name":"ENTRADA EN VIGOR DE LA NUEVA LEY ORG\u00c1NICA 3\/2018, DE PROTECCI\u00d3N DE DATOS PERSONALES Y GARANT\u00cdA DE LOS DERECHOS DIGITALES"}]},{"@type":"WebSite","@id":"https:\/\/www.fabregat-perulles-sales.com\/actualidad\/#website","url":"https:\/\/www.fabregat-perulles-sales.com\/actualidad\/","name":"www.fabregat-perulles-sales.com","description":"Fabregat Perulles Sales Abogados is a law firm of reference international market in the Spanish-German, Spanish-French, and Spanish-Italian. Is one of the first firms in Barcelona offering a Russian Desk.","potentialAction":[{"@type":"SearchAction","target":{"@type":"EntryPoint","urlTemplate":"https:\/\/www.fabregat-perulles-sales.com\/actualidad\/?s={search_term_string}"},"query-input":"required name=search_term_string"}],"inLanguage":"en-US"},{"@type":"Person","@id":"https:\/\/www.fabregat-perulles-sales.com\/actualidad\/#\/schema\/person\/cabc1d68c7778f01d5e069c2d98442e3","name":"Victor","image":{"@type":"ImageObject","inLanguage":"en-US","@id":"https:\/\/www.fabregat-perulles-sales.com\/actualidad\/#\/schema\/person\/image\/","url":"https:\/\/secure.gravatar.com\/avatar\/756cb666a964d2960ffe307b8a53b271?s=96&d=mm&r=g","contentUrl":"https:\/\/secure.gravatar.com\/avatar\/756cb666a964d2960ffe307b8a53b271?s=96&d=mm&r=g","caption":"Victor"},"sameAs":["http:\/\/www.fabregat-perulles-sales.com"],"url":"https:\/\/www.fabregat-perulles-sales.com\/actualidad\/author\/victor\/"}]}},"amp_enabled":true,"_links":{"self":[{"href":"https:\/\/www.fabregat-perulles-sales.com\/actualidad\/wp-json\/wp\/v2\/posts\/3665"}],"collection":[{"href":"https:\/\/www.fabregat-perulles-sales.com\/actualidad\/wp-json\/wp\/v2\/posts"}],"about":[{"href":"https:\/\/www.fabregat-perulles-sales.com\/actualidad\/wp-json\/wp\/v2\/types\/post"}],"author":[{"embeddable":true,"href":"https:\/\/www.fabregat-perulles-sales.com\/actualidad\/wp-json\/wp\/v2\/users\/3"}],"replies":[{"embeddable":true,"href":"https:\/\/www.fabregat-perulles-sales.com\/actualidad\/wp-json\/wp\/v2\/comments?post=3665"}],"version-history":[{"count":5,"href":"https:\/\/www.fabregat-perulles-sales.com\/actualidad\/wp-json\/wp\/v2\/posts\/3665\/revisions"}],"predecessor-version":[{"id":4278,"href":"https:\/\/www.fabregat-perulles-sales.com\/actualidad\/wp-json\/wp\/v2\/posts\/3665\/revisions\/4278"}],"wp:attachment":[{"href":"https:\/\/www.fabregat-perulles-sales.com\/actualidad\/wp-json\/wp\/v2\/media?parent=3665"}],"wp:term":[{"taxonomy":"category","embeddable":true,"href":"https:\/\/www.fabregat-perulles-sales.com\/actualidad\/wp-json\/wp\/v2\/categories?post=3665"},{"taxonomy":"post_tag","embeddable":true,"href":"https:\/\/www.fabregat-perulles-sales.com\/actualidad\/wp-json\/wp\/v2\/tags?post=3665"}],"curies":[{"name":"wp","href":"https:\/\/api.w.org\/{rel}","templated":true}]}}