{"id":3599,"date":"2019-02-05T09:40:08","date_gmt":"2019-02-05T08:40:08","guid":{"rendered":"http:\/\/www.fabregat-perulles-sales.com\/actualidad\/?p=3599"},"modified":"2020-02-28T14:10:06","modified_gmt":"2020-02-28T13:10:06","slug":"impuestoactosjuridicos","status":"publish","type":"post","link":"https:\/\/www.fabregat-perulles-sales.com\/actualidad\/impuestoactosjuridicos\/","title":{"rendered":"\u00daLTIMOS CAMBIOS EN MATERIA TRIBUTARIA: REAL DECRETO-LEY 27\/2018"},"content":{"rendered":"<p>Uno de los \u00e1mbitos afectado por la bater\u00eda de medidas legales que se publicaron el pasado 28 de diciembre de 2018, ha sido el tributario, en el que mediante <a href=\"https:\/\/www.boe.es\/boe\/dias\/2018\/12\/29\/pdfs\/BOE-A-2018-17991.pdf\">Real Decreto-ley 27\/2018<\/a>, de misma fecha, se han introducido modificaciones en:<\/p>\n<p><!--more--><\/p>\n<p style=\"padding-left: 30px;\">(i) el <a href=\"https:\/\/www.boe.es\/buscar\/doc.php?id=BOE-A-2011-14809\">Real Decreto-ley 13\/2011 por el que se restablece el Impuesto sobre el Patrimonio<\/a>, con car\u00e1cter temporal, que modificar\u00e1, con efectos a partir del 1 de enerode 2020, la <a href=\"https:\/\/www.boe.es\/buscar\/act.php?id=BOE-A-1991-14392\">Ley 19\/1991, de 6 de junio, del Impuesto sobre el Patrimonio<\/a>,<\/p>\n<p style=\"padding-left: 30px;\"><img decoding=\"async\" loading=\"lazy\" class=\"wp-image-3694 aligncenter\" src=\"http:\/\/www.fabregat-perulles-sales.com\/actualidad\/wp-content\/uploads\/2018\/11\/calculadora-cambios-legislaci\u00f3n-tributos-abogados-espanol-300x177.jpg\" alt=\"calculadora, cambios, legislaci\u00f3n, impuesto\" width=\"341\" height=\"201\" srcset=\"https:\/\/www.fabregat-perulles-sales.com\/actualidad\/wp-content\/uploads\/2018\/11\/calculadora-cambios-legislaci\u00f3n-tributos-abogados-espanol-300x177.jpg 300w, https:\/\/www.fabregat-perulles-sales.com\/actualidad\/wp-content\/uploads\/2018\/11\/calculadora-cambios-legislaci\u00f3n-tributos-abogados-espanol-768x452.jpg 768w, https:\/\/www.fabregat-perulles-sales.com\/actualidad\/wp-content\/uploads\/2018\/11\/calculadora-cambios-legislaci\u00f3n-tributos-abogados-espanol-1024x603.jpg 1024w, https:\/\/www.fabregat-perulles-sales.com\/actualidad\/wp-content\/uploads\/2018\/11\/calculadora-cambios-legislaci\u00f3n-tributos-abogados-espanol-660x389.jpg 660w, https:\/\/www.fabregat-perulles-sales.com\/actualidad\/wp-content\/uploads\/2018\/11\/calculadora-cambios-legislaci\u00f3n-tributos-abogados-espanol.jpg 1280w\" sizes=\"(max-width: 341px) 100vw, 341px\" \/><\/p>\n<p style=\"padding-left: 30px;\">(ii) la<a href=\"https:\/\/www.boe.es\/buscar\/act.php?id=BOE-A-2006-20764\"> Ley 35\/2006, de 28 de noviembre, del Impuesto sobre la Renta de las Personas F\u00edsicas y de modificaci\u00f3n parcial de las leyes de los Impuestos sobre Sociedades, sobre la Renta de no Residentes y sobre el Patrimonio<\/a>,<\/p>\n<p style=\"padding-left: 30px;\">(iii) la <a href=\"https:\/\/www.boe.es\/buscar\/act.php?id=BOE-A-2014-12328\">Ley 27\/2014, de 27 de noviembre, del Impuesto de Sociedades<\/a>,<\/p>\n<p style=\"padding-left: 30px;\">(iv) la <a href=\"https:\/\/www.boe.es\/buscar\/doc.php?id=BOE-A-1992-28740\">Ley 37\/1992, de 28 de diciembre, del Impuesto sobre el Valor A\u00f1adido<\/a>.<\/p>\n<p>A continuaci\u00f3n, se exponen los cambios m\u00e1s significativos realizados en estas normas.<\/p>\n<p><u>IMPUESTO SOBRE EL PATRIMONIO (IP)<\/u><\/p>\n<p>Los cambios en relaci\u00f3n con este tributo son los m\u00e1s significativos por cuanto, aunque por un lado se prorrogue este impuesto para el a\u00f1o 2019, se prev\u00e9 su supresi\u00f3n a partir del a\u00f1o 2020.<\/p>\n<p>De esta forma, mediante la modificaci\u00f3n del Real Decreto-ley 13\/2011, se ampl\u00eda por un a\u00f1o m\u00e1s, el 2019, el per\u00edodo por el que se reestablece temporalmente este tributo, despu\u00e9s que \u00e9ste hubiere sido suprimido en 2008 con la aprobaci\u00f3n de la <a href=\"https:\/\/www.boe.es\/buscar\/pdf\/2008\/BOE-A-2008-20802-consolidado.pdf\">Ley 4\/2008, de 23 de diciembre<\/a>. A partir del a\u00f1o 2020, no obstante, se abandonan los efectos que, desde 2011, hubiera tenido el mencionado Real Decreto-ley y se suprime el Impuesto sobre el Patrimonio mediante la introducci\u00f3n, por el art\u00edculo 33 de la Ley 19\/1991, de 6 de junio, de una bonificaci\u00f3n total del 100%.<\/p>\n<p>Que su eliminaci\u00f3n haya sido efectuada a trav\u00e9s de una bonificaci\u00f3n total y no mediante su derogaci\u00f3n no es balad\u00ed. Su no derogaci\u00f3n hace que el hecho imponible siga estando previsto por la Agencia Estatal de la Administraci\u00f3n Tributaria, debiendo las Comunidades Aut\u00f3nomas, en virtud del punto segundo del art\u00edculo 6 de la <a href=\"https:\/\/www.boe.es\/buscar\/act.php?id=BOE-A-1980-21166\">Ley Org\u00e1nica 8\/1980, de 22 de septiembre, de financiaci\u00f3n de las Comunidades Aut\u00f3nomas (LOFCA)<\/a>, abstenerse de su establecimiento. Asegura este mecanismo, pues, que la supresi\u00f3n del tributo sea efectiva y no quede sin efectos reales por el gravamen al patrimonio desde la esfera auton\u00f3mica.<\/p>\n<p>Como consecuencia, se derogan los art\u00edculos 6, 36, 37 y 38, de la Ley de este tributo, sobre representantes de los sujetos pasivos no residentes en Espa\u00f1a, autoliquidaci\u00f3n, personas obligadas a presentar declaraci\u00f3n y presentaci\u00f3n de la declaraci\u00f3n, respectivamente.<\/p>\n<p>Cabe recordar que, con la anterior redacci\u00f3n, solamente se contemplaban bonificaciones parciales para bienes o derechos de contenido econ\u00f3mico en Ceuta y Melilla.<\/p>\n<p>&nbsp;<\/p>\n<p><u>IMPUESTO SOBRE LA RENTA DE LAS PERSONAS F\u00cdSICAS (IRPF)<\/u><\/p>\n<p>Se modifica el apartado h) del art\u00edculo 7 de la Ley 35\/2006, del Impuesto sobre la Renta de las Personas F\u00edsicas, por el que se establecen las rentas exentas de dicho tributo en relaci\u00f3n con las prestaciones por maternidad o paternidad. En concreto, se ampl\u00eda esta exenci\u00f3n tributaria a\u00f1adiendo que: \u201c<em>los empleados p\u00fablicos encuadrados en un r\u00e9gimen de Seguridad Social que no de derecho a percibir la prestaci\u00f3n por maternidad o paternidad a que se refiere el primer p\u00e1rrafo de esta letra, estar\u00e1 exenta la retribuci\u00f3n percibida durante los permisos por parto, adopci\u00f3n o guarda y paternidad que se refieren las letras a), b) y c) del art\u00edculo 49 del texto refundido de la Ley del Estatuto B\u00e1sico del Empleado P\u00fablico, aprobado por el <a href=\"https:\/\/www.boe.es\/buscar\/act.php?id=BOE-A-2015-11719\">Real Decreto Legislativo 5\/2015, de 30 de octubre<\/a><\/em>\u201d.<\/p>\n<p>No obstante, se eliminan las prestaciones p\u00fablicas por maternidad percibidas de las Comunidades Aut\u00f3nomas o entidades locales.<\/p>\n<p>Estas modificaciones tendr\u00e1n efectos desde la entrada en vigor de este Real Decreto-ley 27\/2018, es decir, 30 diciembre de 2018, as\u00ed como para ejercicios anteriores no prescritos.<\/p>\n<p>&nbsp;<\/p>\n<p><u>IMPUESTO DE SOCIEDADES (IS)<\/u><\/p>\n<p>Se modifica el art\u00edculo 17 de la Ley 27\/2014, del Impuesto de Sociedades, sobre la regla general y especial de valoraci\u00f3n en los supuestos de transmisiones lucrativas y societarias, ampliando la ausencia de efectos fiscales de las variaciones de valor originadas por la aplicaci\u00f3n del criterio de valor razonable a las variaciones mientras que, seg\u00fan norma legal o reglamentaria, deban imputarse a una cuenta de reservas.<\/p>\n<p>Tambi\u00e9n se a\u00f1ade una nueva disposici\u00f3n transitoria sobre la integraci\u00f3n en la base imponible de los ajustes contables resultantes de la aplicaci\u00f3n de la <a href=\"https:\/\/www.boe.es\/diario_boe\/txt.php?id=BOE-A-2017-14334\">Circular 4\/2017, de 27 de noviembre, del Banco de Espa\u00f1a, a entidades de cr\u00e9dito, sobre normas de informaci\u00f3n financiera p\u00fablica y reservada, y modelos de estados financieros<\/a>, que entr\u00f3 en vigor el pasado 1 de enero de 2018.<\/p>\n<p>Los efectos de las modificaciones en esta norma ser\u00e1n para los periodos impositivos que se inicien a partir del 1 de enero de 2018.<\/p>\n<p>&nbsp;<\/p>\n<p><u>IMPUESTO SOBRE EL VALOR A\u00d1ADIDO (IVA)<\/u><\/p>\n<p>En este caso, la modificaci\u00f3n es menor y consiste en la ampliaci\u00f3n de los efectos de la disposici\u00f3n transitoria decimotercera de la Ley 37\/1992, del Impuesto sobre el Valor A\u00f1adido, acerca de los l\u00edmites para la aplicaci\u00f3n del r\u00e9gimen simplificado y del r\u00e9gimen especial de la agricultura, ganader\u00eda y pesca, para el a\u00f1o 2019.<\/p>\n<p>Mediante esta disposici\u00f3n, se aumenta de 150.000 a 250.000 euros anuales el volumen de ingresos del a\u00f1o anterior requerido para ser excluido del r\u00e9gimen simplificado, aplicable para el conjunto de actividades empresariales o profesionales, excepto las agr\u00edcolas, forestales y ganaderas.<\/p>\n<p>Los efectos de estos cambios tendr\u00e1n lugar a partir del 1 de enero de 2019.<\/p>\n\r\n\t\t<style>\r\n\t\t\t.huge-it-share-buttons {\r\n\t\t\t\tborder:0px solid #0FB5D6;\r\n\t\t\t\tborder-radius:5px;\r\n\t\t\t\tbackground:#3BD8FF;\r\n\t\t\t text-align:left; \t\t\t\t\t\t\t\t\t}\r\n\r\n\t\t\t#huge-it-share-buttons-top {margin-bottom:0px;}\r\n\t\t\t#huge-it-share-buttons-bottom {margin-top:0px;}\r\n\r\n\t\t\t.huge-it-share-buttons h3 {\r\n\t\t\t\tfont-size:25px ;\r\n\t\t\t\tfont-family:Arial,Helvetica Neue,Helvetica,sans-serif;\r\n\t\t\t\tcolor:#666666;\r\n\r\n\t\t\tdisplay:block;\t\t\t\tline-height:25px ;\r\n\r\n\t\t\t text-align:left; \t\t\t\t\t\t\t\t\t}\r\n\r\n\t\t\t.huge-it-share-buttons ul {\r\n\t\t\t float:left; \t\t\t\t\t\t\t\t\t}\r\n\r\n\t\t\t.huge-it-share-buttons ul li {\r\n\t\t\t\tmargin-left:3px;\r\n\t\t\t\tmargin-right:3px;\r\n\t\t\t\tpadding:0px;\r\n\t\t\t\tborder:0px ridge #E6354C;\r\n\t\t\t\tborder-radius:11px;\r\n\t\t\t\tbackground-color:#14CC9B;\r\n\t\t\t}\r\n\r\n\t\t\t.huge-it-share-buttons ul li #backforunical3599 {\r\n\t\t\t\tborder-bottom: 0;\r\n\t\t\t\tbackground-image:url('https:\/\/www.fabregat-perulles-sales.com\/actualidad\/wp-content\/plugins\/wp-share-buttons\/Front_end\/..\/images\/buttons.30.png');\r\n\t\t\t\twidth:30px;\r\n\t\t\t\theight:30px;\r\n\t\t\t}\r\n\r\n\t\t\t.front-shares-count {\r\n\t\t\t\tposition: absolute;\r\n\t\t\t\ttext-align: center;\r\n\t\t\t\tdisplay: block;\r\n\t\t\t}\r\n\r\n\t\t\t.shares_size20 .front-shares-count {\r\n\t\t\t\tfont-size: 10px;\r\n\t\t\t\ttop: 10px;\r\n\t\t\t\twidth: 20px;\r\n\t\t\t}\r\n\r\n\t\t\t.shares_size30 .front-shares-count {\r\n\t\t\t\tfont-size: 11px;\r\n\t\t\t\ttop: 15px;\r\n\t\t\t\twidth: 30px;\r\n\t\t\t}\r\n\r\n\t\t\t.shares_size40 .front-shares-count {\r\n\t\t\t\tfont-size: 12px;\r\n\t\t\t\ttop: 21px;\r\n\t\t\t\twidth: 40px;\r\n\t\t\t}\r\n\t\t<\/style>\r\n\t\t\r\n\t\t<div id=\"huge-it-share-buttons-top\" class=\"huge-it-share-buttons nobackground\">\r\n\t\t\t<h3>Share This:<\/h3>\r\n\t\t\t<ul class=\"huge-it-share-buttons-list \">\r\n\t\t\t\t\t\t\t\t\t<li class=\"nobackground \" >\r\n\r\n\t\t\t\t\t\t\t\t\t\t\t\t<a id=\"backforunical3599\" href=\"https:\/\/www.facebook.com\/sharer\/sharer.php?u=www.fabregat-perulles-sales.com\/actualidad\/wp-json\/wp\/v2\/posts\/3599\"  onclick=\"javascript:void window.open('https:\/\/www.facebook.com\/sharer\/sharer.php?u=www.fabregat-perulles-sales.com\/actualidad\/wp-json\/wp\/v2\/posts\/3599','1410949501326','width=700,height=500,toolbar=0,menubar=0,location=0,status=1,scrollbars=1,resizable=1,left=0,top=0');return false;\" style=\"background-position: -0px -120px \"><\/a>\r\n\t\t\t\t\t<\/li>\r\n\t\t\t\t\t\t\t\t\t\t<li class=\"nobackground \" >\r\n\r\n\t\t\t\t\t\t\t\t\t\t\t\t<a id=\"backforunical3599\" href=\"https:\/\/twitter.com\/share?status=www.fabregat-perulles-sales.com\/actualidad\/wp-json\/wp\/v2\/posts\/3599&text=\u00daLTIMOS CAMBIOS EN MATERIA TRIBUTARIA: REAL DECRETO-LEY 27\/2018\"  onclick=\"javascript:void window.open('https:\/\/twitter.com\/share?status=www.fabregat-perulles-sales.com\/actualidad\/wp-json\/wp\/v2\/posts\/3599&text=\u00daLTIMOS CAMBIOS EN MATERIA TRIBUTARIA: REAL DECRETO-LEY 27\/2018','1410949501326','width=700,height=500,toolbar=0,menubar=0,location=0,status=1,scrollbars=1,resizable=1,left=0,top=0');return false;\" style=\"background-position: -30px -120px \"><\/a>\r\n\t\t\t\t\t<\/li>\r\n\t\t\t\t\t\t\t\t\t\t<li class=\"none nobackground \" >\r\n\r\n\t\t\t\t\t\t\t\t\t\t\t\t<a id=\"backforunical3599\" href=\"http:\/\/www.pinterest.com\/pin\/create\/button\/?url=www.fabregat-perulles-sales.com\/actualidad\/wp-json\/wp\/v2\/posts\/3599&media=https:\/\/www.fabregat-perulles-sales.com\/actualidad\/wp-content\/plugins\/wp-share-buttons\/Front_end\/..\/images\/noimage.png&description=\u00daLTIMOS CAMBIOS EN MATERIA TRIBUTARIA: REAL DECRETO-LEY 27\/2018\"  onclick=\"javascript:void window.open('http:\/\/www.pinterest.com\/pin\/create\/button\/?url=www.fabregat-perulles-sales.com\/actualidad\/wp-json\/wp\/v2\/posts\/3599&media=https:\/\/www.fabregat-perulles-sales.com\/actualidad\/wp-content\/plugins\/wp-share-buttons\/Front_end\/..\/images\/noimage.png&description=\u00daLTIMOS CAMBIOS EN MATERIA TRIBUTARIA: REAL DECRETO-LEY 27\/2018','1410949501326','width=700,height=500,toolbar=0,menubar=0,location=0,status=1,scrollbars=1,resizable=1,left=0,top=0');return false;\" style=\"background-position: -60px -120px \"><\/a>\r\n\t\t\t\t\t<\/li>\r\n\t\t\t\t\t\t\t\t\t\t<li class=\"none nobackground \" >\r\n\r\n\t\t\t\t\t\t\t\t\t\t\t\t<a id=\"backforunical3599\" href=\"https:\/\/plus.google.com\/share?url=www.fabregat-perulles-sales.com\/actualidad\/wp-json\/wp\/v2\/posts\/3599\"  onclick=\"javascript:void window.open('https:\/\/plus.google.com\/share?url=www.fabregat-perulles-sales.com\/actualidad\/wp-json\/wp\/v2\/posts\/3599','1410949501326','width=700,height=500,toolbar=0,menubar=0,location=0,status=1,scrollbars=1,resizable=1,left=0,top=0');return false;\" style=\"background-position: -90px -120px \"><\/a>\r\n\t\t\t\t\t<\/li>\r\n\t\t\t\t\t\t\t\t\t\t<li class=\"nobackground \" >\r\n\r\n\t\t\t\t\t\t\t\t\t\t\t\t<a id=\"backforunical3599\" href=\"https:\/\/www.linkedin.com\/shareArticle?title=\u00daLTIMOS CAMBIOS EN MATERIA TRIBUTARIA: REAL DECRETO-LEY 27\/2018&mini=true&url=https:\/\/www.fabregat-perulles-sales.com\/actualidad\/wp-json\/wp\/v2\/posts\/3599\"  onclick=\"javascript:void window.open('https:\/\/www.linkedin.com\/shareArticle?title=\u00daLTIMOS CAMBIOS EN MATERIA TRIBUTARIA: REAL DECRETO-LEY 27\/2018&mini=true&url=https:\/\/www.fabregat-perulles-sales.com\/actualidad\/wp-json\/wp\/v2\/posts\/3599','1410949501326','width=700,height=500,toolbar=0,menubar=0,location=0,status=1,scrollbars=1,resizable=1,left=0,top=0');return false;\" style=\"background-position: -120px -120px \"><\/a>\r\n\t\t\t\t\t<\/li>\r\n\t\t\t\t\t\t\t\t\t\t<li class=\"none nobackground \" >\r\n\r\n\t\t\t\t\t\t\t\t\t\t\t\t<a id=\"backforunical3599\" href=\"https:\/\/www.tumblr.com\/share\/link?url=www.fabregat-perulles-sales.com\/actualidad\/wp-json\/wp\/v2\/posts\/3599&name=\u00daLTIMOS CAMBIOS EN MATERIA TRIBUTARIA: REAL DECRETO-LEY 27\/2018\"  onclick=\"javascript:void window.open('https:\/\/www.tumblr.com\/share\/link?url=www.fabregat-perulles-sales.com\/actualidad\/wp-json\/wp\/v2\/posts\/3599&name=\u00daLTIMOS CAMBIOS EN MATERIA TRIBUTARIA: REAL DECRETO-LEY 27\/2018','1410949501326','width=700,height=500,toolbar=0,menubar=0,location=0,status=1,scrollbars=1,resizable=1,left=0,top=0');return false;\" style=\"background-position: -150px -120px \"><\/a>\r\n\t\t\t\t\t<\/li>\r\n\t\t\t\t\t\t\t\t\t\t<li class=\"none nobackground \" >\r\n\r\n\t\t\t\t\t\t\t\t\t\t\t\t<a id=\"backforunical3599\" href=\"http:\/\/digg.com\/submit?phase=2&url=www.fabregat-perulles-sales.com\/actualidad\/wp-json\/wp\/v2\/posts\/3599&title=\u00daLTIMOS CAMBIOS EN MATERIA TRIBUTARIA: REAL DECRETO-LEY 27\/2018\"  onclick=\"javascript:void window.open('http:\/\/digg.com\/submit?phase=2&url=www.fabregat-perulles-sales.com\/actualidad\/wp-json\/wp\/v2\/posts\/3599&title=\u00daLTIMOS CAMBIOS EN MATERIA TRIBUTARIA: REAL DECRETO-LEY 27\/2018','1410949501326','width=700,height=500,toolbar=0,menubar=0,location=0,status=1,scrollbars=1,resizable=1,left=0,top=0');return false;\" style=\"background-position: -180px -120px \"><\/a>\r\n\t\t\t\t\t<\/li>\r\n\t\t\t\t\t\t\t\t\t\t<li class=\"none nobackground \" >\r\n\r\n\t\t\t\t\t\t\t\t\t\t\t\t<a id=\"backforunical3599\" href=\"http:\/\/www.stumbleupon.com\/submit?url=www.fabregat-perulles-sales.com\/actualidad\/wp-json\/wp\/v2\/posts\/3599&title=\u00daLTIMOS CAMBIOS EN MATERIA TRIBUTARIA: REAL DECRETO-LEY 27\/2018\"  onclick=\"javascript:void window.open('http:\/\/www.stumbleupon.com\/submit?url=www.fabregat-perulles-sales.com\/actualidad\/wp-json\/wp\/v2\/posts\/3599&title=\u00daLTIMOS CAMBIOS EN MATERIA TRIBUTARIA: REAL DECRETO-LEY 27\/2018','1410949501326','width=700,height=500,toolbar=0,menubar=0,location=0,status=1,scrollbars=1,resizable=1,left=0,top=0');return false;\" style=\"background-position: -210px -120px \"><\/a>\r\n\t\t\t\t\t<\/li>\r\n\t\t\t\t\t\t\t\t\t\t<li class=\"none nobackground \" >\r\n\r\n\t\t\t\t\t\t\t\t\t\t\t\t<a id=\"backforunical3599\" href=\"https:\/\/myspace.com\/post?l=3&u=www.fabregat-perulles-sales.com\/actualidad\/wp-json\/wp\/v2\/posts\/3599\"  onclick=\"javascript:void window.open('https:\/\/myspace.com\/post?l=3&u=www.fabregat-perulles-sales.com\/actualidad\/wp-json\/wp\/v2\/posts\/3599','1410949501326','width=700,height=500,toolbar=0,menubar=0,location=0,status=1,scrollbars=1,resizable=1,left=0,top=0');return false;\" style=\"background-position: -240px -120px \"><\/a>\r\n\t\t\t\t\t<\/li>\r\n\t\t\t\t\t\t\t\t\t\t<li class=\"nobackground \" >\r\n\r\n\t\t\t\t\t\t\t\t\t\t\t\t<a id=\"backforunical3599\" href=\"http:\/\/vk.com\/share.php?url=www.fabregat-perulles-sales.com\/actualidad\/wp-json\/wp\/v2\/posts\/3599&title=\u00daLTIMOS CAMBIOS EN MATERIA TRIBUTARIA: REAL DECRETO-LEY 27\/2018\"  onclick=\"javascript:void window.open('http:\/\/vk.com\/share.php?url=www.fabregat-perulles-sales.com\/actualidad\/wp-json\/wp\/v2\/posts\/3599&title=\u00daLTIMOS CAMBIOS EN MATERIA TRIBUTARIA: REAL DECRETO-LEY 27\/2018','1410949501326','width=700,height=500,toolbar=0,menubar=0,location=0,status=1,scrollbars=1,resizable=1,left=0,top=0');return false;\" style=\"background-position: -270px -120px \"><\/a>\r\n\t\t\t\t\t<\/li>\r\n\t\t\t\t\t\t\t\t\t\t<li class=\"none nobackground \" >\r\n\r\n\t\t\t\t\t\t\t\t\t\t\t\t<a id=\"backforunical3599\" href=\"http:\/\/www.reddit.com\/submit?url=www.fabregat-perulles-sales.com\/actualidad\/wp-json\/wp\/v2\/posts\/3599&title=\u00daLTIMOS CAMBIOS EN MATERIA TRIBUTARIA: REAL DECRETO-LEY 27\/2018\"  onclick=\"javascript:void window.open('http:\/\/www.reddit.com\/submit?url=www.fabregat-perulles-sales.com\/actualidad\/wp-json\/wp\/v2\/posts\/3599&title=\u00daLTIMOS CAMBIOS EN MATERIA TRIBUTARIA: REAL DECRETO-LEY 27\/2018','1410949501326','width=700,height=500,toolbar=0,menubar=0,location=0,status=1,scrollbars=1,resizable=1,left=0,top=0');return false;\" style=\"background-position: -300px -120px \"><\/a>\r\n\t\t\t\t\t<\/li>\r\n\t\t\t\t\t\t\t\t\t\t<li class=\"none nobackground \" >\r\n\r\n\t\t\t\t\t\t\t\t\t\t\t\t<a id=\"backforunical3599\" href=\"http:\/\/www.bebo.com\/c\/share?Url=www.fabregat-perulles-sales.com\/actualidad\/wp-json\/wp\/v2\/posts\/3599\"  onclick=\"javascript:void window.open('http:\/\/www.bebo.com\/c\/share?Url=www.fabregat-perulles-sales.com\/actualidad\/wp-json\/wp\/v2\/posts\/3599','1410949501326','width=700,height=500,toolbar=0,menubar=0,location=0,status=1,scrollbars=1,resizable=1,left=0,top=0');return false;\" style=\"background-position: -330px -120px \"><\/a>\r\n\t\t\t\t\t<\/li>\r\n\t\t\t\t\t\t\t\t\t\t<li class=\"none nobackground \" >\r\n\r\n\t\t\t\t\t\t\t\t\t\t\t\t<a id=\"backforunical3599\" href=\"https:\/\/delicious.com\/save?v=5&noui&jump=close&url=www.fabregat-perulles-sales.com\/actualidad\/wp-json\/wp\/v2\/posts\/3599&title=\u00daLTIMOS CAMBIOS EN MATERIA TRIBUTARIA: REAL DECRETO-LEY 27\/2018\"  onclick=\"javascript:void window.open('https:\/\/delicious.com\/save?v=5&noui&jump=close&url=www.fabregat-perulles-sales.com\/actualidad\/wp-json\/wp\/v2\/posts\/3599&title=\u00daLTIMOS CAMBIOS EN MATERIA TRIBUTARIA: REAL DECRETO-LEY 27\/2018','1410949501326','width=700,height=500,toolbar=0,menubar=0,location=0,status=1,scrollbars=1,resizable=1,left=0,top=0');return false;\" style=\"background-position: -360px -120px \"><\/a>\r\n\t\t\t\t\t<\/li>\r\n\t\t\t\t\t\t\t\t\t\t<li class=\"none nobackground \" >\r\n\r\n\t\t\t\t\t\t\t\t\t\t\t\t<a id=\"backforunical3599\" href=\"http:\/\/www.odnoklassniki.ru\/dk?st.cmd=addShare&st.s=2&st.noresize=on&st._surl=www.fabregat-perulles-sales.com\/actualidad\/wp-json\/wp\/v2\/posts\/3599\"  onclick=\"javascript:void window.open('http:\/\/www.odnoklassniki.ru\/dk?st.cmd=addShare&st.s=2&st.noresize=on&st._surl=www.fabregat-perulles-sales.com\/actualidad\/wp-json\/wp\/v2\/posts\/3599','1410949501326','width=700,height=500,toolbar=0,menubar=0,location=0,status=1,scrollbars=1,resizable=1,left=0,top=0');return false;\" style=\"background-position: -390px -120px \"><\/a>\r\n\t\t\t\t\t<\/li>\r\n\t\t\t\t\t\t\t\t\t\t<li class=\"none nobackground \" >\r\n\r\n\t\t\t\t\t\t\t\t\t\t\t\t<a id=\"backforunical3599\" href=\"http:\/\/sns.qzone.qq.com\/cgi-bin\/qzshare\/cgi_qzshare_onekey?url=www.fabregat-perulles-sales.com\/actualidad\/wp-json\/wp\/v2\/posts\/3599&title=\u00daLTIMOS CAMBIOS EN MATERIA TRIBUTARIA: REAL DECRETO-LEY 27\/2018\"  onclick=\"javascript:void window.open('http:\/\/sns.qzone.qq.com\/cgi-bin\/qzshare\/cgi_qzshare_onekey?url=www.fabregat-perulles-sales.com\/actualidad\/wp-json\/wp\/v2\/posts\/3599&title=\u00daLTIMOS CAMBIOS EN MATERIA TRIBUTARIA: REAL DECRETO-LEY 27\/2018','1410949501326','width=700,height=500,toolbar=0,menubar=0,location=0,status=1,scrollbars=1,resizable=1,left=0,top=0');return false;\" style=\"background-position: -420px -120px \"><\/a>\r\n\t\t\t\t\t<\/li>\r\n\t\t\t\t\t\t\t\t\t\t<li class=\"none nobackground \" >\r\n\r\n\t\t\t\t\t\t\t\t\t\t\t\t<a id=\"backforunical3599\" href=\"http:\/\/service.weibo.com\/share\/share.php?url=www.fabregat-perulles-sales.com\/actualidad\/wp-json\/wp\/v2\/posts\/3599&appkey=&title=\u00daLTIMOS CAMBIOS EN MATERIA TRIBUTARIA: REAL DECRETO-LEY 27\/2018&pic=&ralateUid=&\"  onclick=\"javascript:void window.open('http:\/\/service.weibo.com\/share\/share.php?url=www.fabregat-perulles-sales.com\/actualidad\/wp-json\/wp\/v2\/posts\/3599&appkey=&title=\u00daLTIMOS CAMBIOS EN MATERIA TRIBUTARIA: REAL DECRETO-LEY 27\/2018&pic=&ralateUid=&','1410949501326','width=700,height=500,toolbar=0,menubar=0,location=0,status=1,scrollbars=1,resizable=1,left=0,top=0');return false;\" style=\"background-position: -450px -120px \"><\/a>\r\n\t\t\t\t\t<\/li>\r\n\t\t\t\t\t\t\t\t\t\t<li class=\"none nobackground \" >\r\n\r\n\t\t\t\t\t\t\t\t\t\t\t\t<a id=\"backforunical3599\" href=\"http:\/\/widget.renren.com\/dialog\/share?resourceUrl=www.fabregat-perulles-sales.com\/actualidad\/wp-json\/wp\/v2\/posts\/3599&srcUrl=www.fabregat-perulles-sales.com\/actualidad\/wp-json\/wp\/v2\/posts\/3599&title=\u00daLTIMOS CAMBIOS EN MATERIA TRIBUTARIA: REAL DECRETO-LEY 27\/2018\"  onclick=\"javascript:void window.open('http:\/\/widget.renren.com\/dialog\/share?resourceUrl=www.fabregat-perulles-sales.com\/actualidad\/wp-json\/wp\/v2\/posts\/3599&srcUrl=www.fabregat-perulles-sales.com\/actualidad\/wp-json\/wp\/v2\/posts\/3599&title=\u00daLTIMOS CAMBIOS EN MATERIA TRIBUTARIA: REAL DECRETO-LEY 27\/2018','1410949501326','width=700,height=500,toolbar=0,menubar=0,location=0,status=1,scrollbars=1,resizable=1,left=0,top=0');return false;\" style=\"background-position: -480px -120px \"><\/a>\r\n\t\t\t\t\t<\/li>\r\n\t\t\t\t\t\t\t\t\t\t<li class=\"none nobackground \" >\r\n\r\n\t\t\t\t\t\t\t\t\t\t\t\t<a id=\"backforunical3599\" href=\"http:\/\/n4g.com\/tips?url=www.fabregat-perulles-sales.com\/actualidad\/wp-json\/wp\/v2\/posts\/3599&title=\u00daLTIMOS CAMBIOS EN MATERIA TRIBUTARIA: REAL DECRETO-LEY 27\/2018\"  onclick=\"javascript:void window.open('http:\/\/n4g.com\/tips?url=www.fabregat-perulles-sales.com\/actualidad\/wp-json\/wp\/v2\/posts\/3599&title=\u00daLTIMOS CAMBIOS EN MATERIA TRIBUTARIA: REAL DECRETO-LEY 27\/2018','1410949501326','width=700,height=500,toolbar=0,menubar=0,location=0,status=1,scrollbars=1,resizable=1,left=0,top=0');return false;\" style=\"background-position: -510px -120px \"><\/a>\r\n\t\t\t\t\t<\/li>\r\n\t\t\t\t\t\t\t\t<\/ul>\r\n\t\t\t<div class=\"clear\"><\/div>\r\n\t\t<\/div>\r\n\t\t","protected":false},"excerpt":{"rendered":"<p>Uno de los \u00e1mbitos afectado por la bater\u00eda de medidas legales que se publicaron el pasado 28 de diciembre de 2018, ha sido el tributario, en el que mediante Real Decreto-ley 27\/2018, de misma fecha, se han introducido modificaciones en: Share This:<\/p>\n","protected":false},"author":3,"featured_media":0,"comment_status":"open","ping_status":"closed","sticky":false,"template":"","format":"standard","meta":[],"categories":[1500,6,466,25,70],"tags":[1532,1534,1533],"yoast_head":"<!-- This site is optimized with the Yoast SEO plugin v20.2.1 - https:\/\/yoast.com\/wordpress\/plugins\/seo\/ -->\n<title>MODIFICACIONES EN MATERIA TRIBUTARIA<\/title>\n<meta name=\"description\" content=\"El pasado 28 de diciembre, se introdujeron, a trav\u00e9s del Real Decreto-ley 27\/2018, modificaciones tributarias en el IP, el IRPF, IVA y el IS\" \/>\n<meta name=\"robots\" content=\"index, follow, max-snippet:-1, max-image-preview:large, max-video-preview:-1\" \/>\n<link rel=\"canonical\" href=\"https:\/\/www.fabregat-perulles-sales.com\/actualidad\/impuestoactosjuridicos\/\" \/>\n<meta property=\"og:locale\" content=\"en_US\" \/>\n<meta property=\"og:type\" content=\"article\" \/>\n<meta property=\"og:title\" content=\"MODIFICACIONES EN MATERIA TRIBUTARIA\" \/>\n<meta property=\"og:description\" content=\"El pasado 28 de diciembre, se introdujeron, a trav\u00e9s del Real Decreto-ley 27\/2018, modificaciones tributarias en el IP, el IRPF, IVA y el IS\" \/>\n<meta property=\"og:url\" content=\"https:\/\/www.fabregat-perulles-sales.com\/actualidad\/impuestoactosjuridicos\/\" \/>\n<meta property=\"og:site_name\" content=\"International Lawyers\" \/>\n<meta property=\"article:published_time\" content=\"2019-02-05T08:40:08+00:00\" \/>\n<meta property=\"article:modified_time\" content=\"2020-02-28T13:10:06+00:00\" \/>\n<meta name=\"author\" content=\"Victor\" \/>\n<meta name=\"twitter:card\" content=\"summary_large_image\" \/>\n<meta name=\"twitter:label1\" content=\"Written by\" \/>\n\t<meta name=\"twitter:data1\" content=\"Victor\" \/>\n\t<meta name=\"twitter:label2\" content=\"Est. reading time\" \/>\n\t<meta name=\"twitter:data2\" content=\"5 minutes\" \/>\n<script type=\"application\/ld+json\" class=\"yoast-schema-graph\">{\"@context\":\"https:\/\/schema.org\",\"@graph\":[{\"@type\":\"WebPage\",\"@id\":\"https:\/\/www.fabregat-perulles-sales.com\/actualidad\/impuestoactosjuridicos\/\",\"url\":\"https:\/\/www.fabregat-perulles-sales.com\/actualidad\/impuestoactosjuridicos\/\",\"name\":\"MODIFICACIONES EN MATERIA TRIBUTARIA\",\"isPartOf\":{\"@id\":\"https:\/\/www.fabregat-perulles-sales.com\/actualidad\/#website\"},\"datePublished\":\"2019-02-05T08:40:08+00:00\",\"dateModified\":\"2020-02-28T13:10:06+00:00\",\"author\":{\"@id\":\"https:\/\/www.fabregat-perulles-sales.com\/actualidad\/#\/schema\/person\/cabc1d68c7778f01d5e069c2d98442e3\"},\"description\":\"El pasado 28 de diciembre, se introdujeron, a trav\u00e9s del Real Decreto-ley 27\/2018, modificaciones tributarias en el IP, el IRPF, IVA y el IS\",\"breadcrumb\":{\"@id\":\"https:\/\/www.fabregat-perulles-sales.com\/actualidad\/impuestoactosjuridicos\/#breadcrumb\"},\"inLanguage\":\"en-US\",\"potentialAction\":[{\"@type\":\"ReadAction\",\"target\":[\"https:\/\/www.fabregat-perulles-sales.com\/actualidad\/impuestoactosjuridicos\/\"]}]},{\"@type\":\"BreadcrumbList\",\"@id\":\"https:\/\/www.fabregat-perulles-sales.com\/actualidad\/impuestoactosjuridicos\/#breadcrumb\",\"itemListElement\":[{\"@type\":\"ListItem\",\"position\":1,\"name\":\"Home\",\"item\":\"https:\/\/www.fabregat-perulles-sales.com\/actualidad\/\"},{\"@type\":\"ListItem\",\"position\":2,\"name\":\"\u00daLTIMOS CAMBIOS EN MATERIA TRIBUTARIA: REAL DECRETO-LEY 27\/2018\"}]},{\"@type\":\"WebSite\",\"@id\":\"https:\/\/www.fabregat-perulles-sales.com\/actualidad\/#website\",\"url\":\"https:\/\/www.fabregat-perulles-sales.com\/actualidad\/\",\"name\":\"www.fabregat-perulles-sales.com\",\"description\":\"Fabregat Perulles Sales Abogados is a law firm of reference international market in the Spanish-German, Spanish-French, and Spanish-Italian. Is one of the first firms in Barcelona offering a Russian Desk.\",\"potentialAction\":[{\"@type\":\"SearchAction\",\"target\":{\"@type\":\"EntryPoint\",\"urlTemplate\":\"https:\/\/www.fabregat-perulles-sales.com\/actualidad\/?s={search_term_string}\"},\"query-input\":\"required name=search_term_string\"}],\"inLanguage\":\"en-US\"},{\"@type\":\"Person\",\"@id\":\"https:\/\/www.fabregat-perulles-sales.com\/actualidad\/#\/schema\/person\/cabc1d68c7778f01d5e069c2d98442e3\",\"name\":\"Victor\",\"image\":{\"@type\":\"ImageObject\",\"inLanguage\":\"en-US\",\"@id\":\"https:\/\/www.fabregat-perulles-sales.com\/actualidad\/#\/schema\/person\/image\/\",\"url\":\"https:\/\/secure.gravatar.com\/avatar\/756cb666a964d2960ffe307b8a53b271?s=96&d=mm&r=g\",\"contentUrl\":\"https:\/\/secure.gravatar.com\/avatar\/756cb666a964d2960ffe307b8a53b271?s=96&d=mm&r=g\",\"caption\":\"Victor\"},\"sameAs\":[\"http:\/\/www.fabregat-perulles-sales.com\"],\"url\":\"https:\/\/www.fabregat-perulles-sales.com\/actualidad\/author\/victor\/\"}]}<\/script>\n<!-- \/ Yoast SEO plugin. -->","yoast_head_json":{"title":"MODIFICACIONES EN MATERIA TRIBUTARIA","description":"El pasado 28 de diciembre, se introdujeron, a trav\u00e9s del Real Decreto-ley 27\/2018, modificaciones tributarias en el IP, el IRPF, IVA y el IS","robots":{"index":"index","follow":"follow","max-snippet":"max-snippet:-1","max-image-preview":"max-image-preview:large","max-video-preview":"max-video-preview:-1"},"canonical":"https:\/\/www.fabregat-perulles-sales.com\/actualidad\/impuestoactosjuridicos\/","og_locale":"en_US","og_type":"article","og_title":"MODIFICACIONES EN MATERIA TRIBUTARIA","og_description":"El pasado 28 de diciembre, se introdujeron, a trav\u00e9s del Real Decreto-ley 27\/2018, modificaciones tributarias en el IP, el IRPF, IVA y el IS","og_url":"https:\/\/www.fabregat-perulles-sales.com\/actualidad\/impuestoactosjuridicos\/","og_site_name":"International Lawyers","article_published_time":"2019-02-05T08:40:08+00:00","article_modified_time":"2020-02-28T13:10:06+00:00","author":"Victor","twitter_card":"summary_large_image","twitter_misc":{"Written by":"Victor","Est. reading time":"5 minutes"},"schema":{"@context":"https:\/\/schema.org","@graph":[{"@type":"WebPage","@id":"https:\/\/www.fabregat-perulles-sales.com\/actualidad\/impuestoactosjuridicos\/","url":"https:\/\/www.fabregat-perulles-sales.com\/actualidad\/impuestoactosjuridicos\/","name":"MODIFICACIONES EN MATERIA TRIBUTARIA","isPartOf":{"@id":"https:\/\/www.fabregat-perulles-sales.com\/actualidad\/#website"},"datePublished":"2019-02-05T08:40:08+00:00","dateModified":"2020-02-28T13:10:06+00:00","author":{"@id":"https:\/\/www.fabregat-perulles-sales.com\/actualidad\/#\/schema\/person\/cabc1d68c7778f01d5e069c2d98442e3"},"description":"El pasado 28 de diciembre, se introdujeron, a trav\u00e9s del Real Decreto-ley 27\/2018, modificaciones tributarias en el IP, el IRPF, IVA y el IS","breadcrumb":{"@id":"https:\/\/www.fabregat-perulles-sales.com\/actualidad\/impuestoactosjuridicos\/#breadcrumb"},"inLanguage":"en-US","potentialAction":[{"@type":"ReadAction","target":["https:\/\/www.fabregat-perulles-sales.com\/actualidad\/impuestoactosjuridicos\/"]}]},{"@type":"BreadcrumbList","@id":"https:\/\/www.fabregat-perulles-sales.com\/actualidad\/impuestoactosjuridicos\/#breadcrumb","itemListElement":[{"@type":"ListItem","position":1,"name":"Home","item":"https:\/\/www.fabregat-perulles-sales.com\/actualidad\/"},{"@type":"ListItem","position":2,"name":"\u00daLTIMOS CAMBIOS EN MATERIA TRIBUTARIA: REAL DECRETO-LEY 27\/2018"}]},{"@type":"WebSite","@id":"https:\/\/www.fabregat-perulles-sales.com\/actualidad\/#website","url":"https:\/\/www.fabregat-perulles-sales.com\/actualidad\/","name":"www.fabregat-perulles-sales.com","description":"Fabregat Perulles Sales Abogados is a law firm of reference international market in the Spanish-German, Spanish-French, and Spanish-Italian. Is one of the first firms in Barcelona offering a Russian Desk.","potentialAction":[{"@type":"SearchAction","target":{"@type":"EntryPoint","urlTemplate":"https:\/\/www.fabregat-perulles-sales.com\/actualidad\/?s={search_term_string}"},"query-input":"required name=search_term_string"}],"inLanguage":"en-US"},{"@type":"Person","@id":"https:\/\/www.fabregat-perulles-sales.com\/actualidad\/#\/schema\/person\/cabc1d68c7778f01d5e069c2d98442e3","name":"Victor","image":{"@type":"ImageObject","inLanguage":"en-US","@id":"https:\/\/www.fabregat-perulles-sales.com\/actualidad\/#\/schema\/person\/image\/","url":"https:\/\/secure.gravatar.com\/avatar\/756cb666a964d2960ffe307b8a53b271?s=96&d=mm&r=g","contentUrl":"https:\/\/secure.gravatar.com\/avatar\/756cb666a964d2960ffe307b8a53b271?s=96&d=mm&r=g","caption":"Victor"},"sameAs":["http:\/\/www.fabregat-perulles-sales.com"],"url":"https:\/\/www.fabregat-perulles-sales.com\/actualidad\/author\/victor\/"}]}},"amp_enabled":true,"_links":{"self":[{"href":"https:\/\/www.fabregat-perulles-sales.com\/actualidad\/wp-json\/wp\/v2\/posts\/3599"}],"collection":[{"href":"https:\/\/www.fabregat-perulles-sales.com\/actualidad\/wp-json\/wp\/v2\/posts"}],"about":[{"href":"https:\/\/www.fabregat-perulles-sales.com\/actualidad\/wp-json\/wp\/v2\/types\/post"}],"author":[{"embeddable":true,"href":"https:\/\/www.fabregat-perulles-sales.com\/actualidad\/wp-json\/wp\/v2\/users\/3"}],"replies":[{"embeddable":true,"href":"https:\/\/www.fabregat-perulles-sales.com\/actualidad\/wp-json\/wp\/v2\/comments?post=3599"}],"version-history":[{"count":13,"href":"https:\/\/www.fabregat-perulles-sales.com\/actualidad\/wp-json\/wp\/v2\/posts\/3599\/revisions"}],"predecessor-version":[{"id":4266,"href":"https:\/\/www.fabregat-perulles-sales.com\/actualidad\/wp-json\/wp\/v2\/posts\/3599\/revisions\/4266"}],"wp:attachment":[{"href":"https:\/\/www.fabregat-perulles-sales.com\/actualidad\/wp-json\/wp\/v2\/media?parent=3599"}],"wp:term":[{"taxonomy":"category","embeddable":true,"href":"https:\/\/www.fabregat-perulles-sales.com\/actualidad\/wp-json\/wp\/v2\/categories?post=3599"},{"taxonomy":"post_tag","embeddable":true,"href":"https:\/\/www.fabregat-perulles-sales.com\/actualidad\/wp-json\/wp\/v2\/tags?post=3599"}],"curies":[{"name":"wp","href":"https:\/\/api.w.org\/{rel}","templated":true}]}}