{"id":3579,"date":"2018-08-29T08:55:27","date_gmt":"2018-08-29T07:55:27","guid":{"rendered":"http:\/\/www.fabregat-perulles-sales.com\/actualidad\/?p=3579"},"modified":"2018-08-29T08:56:22","modified_gmt":"2018-08-29T07:56:22","slug":"medidas-urgentes-aprobadas-en-materia-de-proteccion-de-datos-para-la-adaptacion-del-derecho-espanol-al-rgpd","status":"publish","type":"post","link":"https:\/\/www.fabregat-perulles-sales.com\/actualidad\/medidas-urgentes-aprobadas-en-materia-de-proteccion-de-datos-para-la-adaptacion-del-derecho-espanol-al-rgpd\/","title":{"rendered":"MEDIDAS URGENTES APROBADAS EN MATERIA DE PROTECCI\u00d3N DE DATOS PARA LA ADAPTACI\u00d3N DEL DERECHO ESPA\u00d1OL AL RGPD"},"content":{"rendered":"<p><strong><img decoding=\"async\" loading=\"lazy\" class=\"alignright size-medium wp-image-3580\" src=\"http:\/\/www.fabregat-perulles-sales.com\/actualidad\/wp-content\/uploads\/2018\/08\/protecci\u00f3n-datos-abogados-espa\u00f1ol-300x200.jpg\" alt=\"protecci\u00f3n datos espa\u00f1ol despacho\" width=\"300\" height=\"200\" srcset=\"https:\/\/www.fabregat-perulles-sales.com\/actualidad\/wp-content\/uploads\/2018\/08\/protecci\u00f3n-datos-abogados-espa\u00f1ol-300x200.jpg 300w, https:\/\/www.fabregat-perulles-sales.com\/actualidad\/wp-content\/uploads\/2018\/08\/protecci\u00f3n-datos-abogados-espa\u00f1ol-768x513.jpg 768w, https:\/\/www.fabregat-perulles-sales.com\/actualidad\/wp-content\/uploads\/2018\/08\/protecci\u00f3n-datos-abogados-espa\u00f1ol-660x441.jpg 660w, https:\/\/www.fabregat-perulles-sales.com\/actualidad\/wp-content\/uploads\/2018\/08\/protecci\u00f3n-datos-abogados-espa\u00f1ol.jpg 960w\" sizes=\"(max-width: 300px) 100vw, 300px\" \/>Desde el pasado 25.05.18 es plenamente aplicable en Espa\u00f1a el Reglamento (UE) 2016\/679<\/strong>, de 27 de abril de 2016, relativo a la protecci\u00f3n de las personas f\u00edsicas en lo que respecta al tratamiento de datos personales y a la libre circulaci\u00f3n de \u00e9stos, (Reglamento General de Protecci\u00f3n de Datos-RGPD), derogando la anterior Directiva 95\/46\/CE y que ha supuesto una profunda modificaci\u00f3n del r\u00e9gimen vigente en materia de protecci\u00f3n de datos personales, tanto desde el punto de vista sustantivo y de cumplimiento por los sujetos obligados, como en cuanto a la actividad de supervisi\u00f3n por parte de las autoridades de control.<\/p>\n<p>&nbsp;<\/p>\n<p>En el caso de Espa\u00f1a, la aplicaci\u00f3n del RGPD implica que desde el pasado 25.05.18 <strong>muchos de los preceptos de la a\u00fan vigente \u2013aunque ya s\u00f3lo en parte- Ley Org\u00e1nica 15\/1999, de 13 de diciembre de Protecci\u00f3n de Datos de Car\u00e1cter Personal (LOPD) y de su Reglamento<\/strong>, aprobado por Real Decreto 1720\/2007, de 21 de diciembre, <strong>han quedado \u201cdesplazados\u201d y sustituidos por lo dispuesto en el RGPD<\/strong>, al no ser conformes con el r\u00e9gimen que en el mismo se establece.<\/p>\n<p><!--more--><\/p>\n<p>En el caso de Espa\u00f1a tambi\u00e9n, y dado que la aplicaci\u00f3n de muchos preceptos del RGPD en cada Estado miembro de la Uni\u00f3n Europea requiere obligatoriamente en unos casos y posibilita en otros de un\u00a0desarrollo normativo interno, \u00a0<strong>est\u00e1 previsto que antes de finalizar el presente a\u00f1o 2018 se apruebe y entre en vigor una nueva Ley Org\u00e1nica de Protecci\u00f3n de Datos<\/strong> que desarrolle todos dichos preceptos y con la que quedar\u00e1 definitivamente derogada en su totalidad la actual LOPD as\u00ed como su Reglamento.<\/p>\n<p>&nbsp;<\/p>\n<p>Sin embargo, y como el desarrollo normativo obligatorio de algunos de los preceptos del RGPD no puede esperar, <strong>hasta que dicha nueva Ley Org\u00e1nica no haya sido aprobada y entre en vigor<\/strong> (existe un proyecto que aprob\u00f3 el Gobierno el 10.11.17, pero para su aprobaci\u00f3n se requiere mayor\u00eda absoluta del Congreso al tratarse de una ley org\u00e1nica), <strong>desde el pasado 31 de julio son de aplicaci\u00f3n en nuestro pa\u00eds las siguientes 3 categor\u00edas de MEDIDAS URGENTES<\/strong> en materia de protecci\u00f3n de datos para la adaptaci\u00f3n de nuestro Derecho al RGPD, que fueron aprobadas por Real Decreto-Ley 5\/2018, de 27 de julio (BOE de 30.07.18):<\/p>\n<p>&nbsp;<\/p>\n<p><strong>1\u00aa.-<\/strong>\u00a0 <strong>En lo relativo a la inspecci\u00f3n en materia de protecci\u00f3n de datos<\/strong>, se confirma y concreta el \u00e1mbito y personal competente de la Agencia Espa\u00f1ola de Protecci\u00f3n de Datos (AEPD) para el ejercicio de la actividad de investigaci\u00f3n y se determina el alcance de dicha actividad.<\/p>\n<p>&nbsp;<\/p>\n<p><strong>2\u00aa.-<\/strong>\u00a0 Se regula y desarrolla <strong>el r\u00e9gimen sancionador en materia de protecci\u00f3n de datos<\/strong>, delimitando tanto los posibles sujetos responsables como los plazos de prescripci\u00f3n de las infracciones y sanciones previstas en el RGPD.<\/p>\n<p>&nbsp;<\/p>\n<p><strong>3\u00aa.-<\/strong>\u00a0 Y se regulan tambi\u00e9n <strong>los procedimientos que tramitar\u00e1 la AEPD en caso de posible vulneraci\u00f3n de la normativa de protecci\u00f3n de datos<\/strong>, ya sea por reclamaci\u00f3n de cualquier afectado que no hubiera visto atendida su solicitud de ejercicio de sus derechos como en caso de investigaci\u00f3n de una posible infracci\u00f3n del RGPD y de la normativa espa\u00f1ola de protecci\u00f3n de datos.<\/p>\n<p>*\u00a0\u00a0\u00a0\u00a0\u00a0\u00a0\u00a0\u00a0\u00a0\u00a0\u00a0\u00a0\u00a0 *\u00a0\u00a0\u00a0\u00a0\u00a0\u00a0\u00a0\u00a0\u00a0\u00a0\u00a0\u00a0\u00a0 *<\/p>\n<p>FPS<\/p>\n<p>28.08.18<\/p>\n\r\n\t\t<style>\r\n\t\t\t.huge-it-share-buttons {\r\n\t\t\t\tborder:0px solid #0FB5D6;\r\n\t\t\t\tborder-radius:5px;\r\n\t\t\t\tbackground:#3BD8FF;\r\n\t\t\t text-align:left; \t\t\t\t\t\t\t\t\t}\r\n\r\n\t\t\t#huge-it-share-buttons-top {margin-bottom:0px;}\r\n\t\t\t#huge-it-share-buttons-bottom {margin-top:0px;}\r\n\r\n\t\t\t.huge-it-share-buttons h3 {\r\n\t\t\t\tfont-size:25px ;\r\n\t\t\t\tfont-family:Arial,Helvetica Neue,Helvetica,sans-serif;\r\n\t\t\t\tcolor:#666666;\r\n\r\n\t\t\tdisplay:block;\t\t\t\tline-height:25px ;\r\n\r\n\t\t\t text-align:left; \t\t\t\t\t\t\t\t\t}\r\n\r\n\t\t\t.huge-it-share-buttons ul {\r\n\t\t\t float:left; \t\t\t\t\t\t\t\t\t}\r\n\r\n\t\t\t.huge-it-share-buttons ul li {\r\n\t\t\t\tmargin-left:3px;\r\n\t\t\t\tmargin-right:3px;\r\n\t\t\t\tpadding:0px;\r\n\t\t\t\tborder:0px ridge #E6354C;\r\n\t\t\t\tborder-radius:11px;\r\n\t\t\t\tbackground-color:#14CC9B;\r\n\t\t\t}\r\n\r\n\t\t\t.huge-it-share-buttons ul li #backforunical3579 {\r\n\t\t\t\tborder-bottom: 0;\r\n\t\t\t\tbackground-image:url('https:\/\/www.fabregat-perulles-sales.com\/actualidad\/wp-content\/plugins\/wp-share-buttons\/Front_end\/..\/images\/buttons.30.png');\r\n\t\t\t\twidth:30px;\r\n\t\t\t\theight:30px;\r\n\t\t\t}\r\n\r\n\t\t\t.front-shares-count {\r\n\t\t\t\tposition: absolute;\r\n\t\t\t\ttext-align: center;\r\n\t\t\t\tdisplay: block;\r\n\t\t\t}\r\n\r\n\t\t\t.shares_size20 .front-shares-count {\r\n\t\t\t\tfont-size: 10px;\r\n\t\t\t\ttop: 10px;\r\n\t\t\t\twidth: 20px;\r\n\t\t\t}\r\n\r\n\t\t\t.shares_size30 .front-shares-count {\r\n\t\t\t\tfont-size: 11px;\r\n\t\t\t\ttop: 15px;\r\n\t\t\t\twidth: 30px;\r\n\t\t\t}\r\n\r\n\t\t\t.shares_size40 .front-shares-count {\r\n\t\t\t\tfont-size: 12px;\r\n\t\t\t\ttop: 21px;\r\n\t\t\t\twidth: 40px;\r\n\t\t\t}\r\n\t\t<\/style>\r\n\t\t\r\n\t\t<div id=\"huge-it-share-buttons-top\" class=\"huge-it-share-buttons nobackground\">\r\n\t\t\t<h3>Share This:<\/h3>\r\n\t\t\t<ul class=\"huge-it-share-buttons-list \">\r\n\t\t\t\t\t\t\t\t\t<li class=\"nobackground \" >\r\n\r\n\t\t\t\t\t\t\t\t\t\t\t\t<a id=\"backforunical3579\" href=\"https:\/\/www.facebook.com\/sharer\/sharer.php?u=www.fabregat-perulles-sales.com\/actualidad\/wp-json\/wp\/v2\/posts\/3579\"  onclick=\"javascript:void window.open('https:\/\/www.facebook.com\/sharer\/sharer.php?u=www.fabregat-perulles-sales.com\/actualidad\/wp-json\/wp\/v2\/posts\/3579','1410949501326','width=700,height=500,toolbar=0,menubar=0,location=0,status=1,scrollbars=1,resizable=1,left=0,top=0');return false;\" style=\"background-position: -0px -120px \"><\/a>\r\n\t\t\t\t\t<\/li>\r\n\t\t\t\t\t\t\t\t\t\t<li class=\"nobackground \" >\r\n\r\n\t\t\t\t\t\t\t\t\t\t\t\t<a id=\"backforunical3579\" href=\"https:\/\/twitter.com\/share?status=www.fabregat-perulles-sales.com\/actualidad\/wp-json\/wp\/v2\/posts\/3579&text=MEDIDAS URGENTES APROBADAS EN MATERIA DE PROTECCI\u00d3N DE DATOS PARA LA ADAPTACI\u00d3N DEL DERECHO ESPA\u00d1OL AL RGPD\"  onclick=\"javascript:void window.open('https:\/\/twitter.com\/share?status=www.fabregat-perulles-sales.com\/actualidad\/wp-json\/wp\/v2\/posts\/3579&text=MEDIDAS URGENTES APROBADAS EN MATERIA DE PROTECCI\u00d3N DE DATOS PARA LA ADAPTACI\u00d3N DEL DERECHO ESPA\u00d1OL AL RGPD','1410949501326','width=700,height=500,toolbar=0,menubar=0,location=0,status=1,scrollbars=1,resizable=1,left=0,top=0');return false;\" style=\"background-position: -30px -120px \"><\/a>\r\n\t\t\t\t\t<\/li>\r\n\t\t\t\t\t\t\t\t\t\t<li class=\"none nobackground \" >\r\n\r\n\t\t\t\t\t\t\t\t\t\t\t\t<a id=\"backforunical3579\" href=\"http:\/\/www.pinterest.com\/pin\/create\/button\/?url=www.fabregat-perulles-sales.com\/actualidad\/wp-json\/wp\/v2\/posts\/3579&media=https:\/\/www.fabregat-perulles-sales.com\/actualidad\/wp-content\/plugins\/wp-share-buttons\/Front_end\/..\/images\/noimage.png&description=MEDIDAS URGENTES APROBADAS EN MATERIA DE PROTECCI\u00d3N DE DATOS PARA LA ADAPTACI\u00d3N DEL DERECHO ESPA\u00d1OL AL RGPD\"  onclick=\"javascript:void window.open('http:\/\/www.pinterest.com\/pin\/create\/button\/?url=www.fabregat-perulles-sales.com\/actualidad\/wp-json\/wp\/v2\/posts\/3579&media=https:\/\/www.fabregat-perulles-sales.com\/actualidad\/wp-content\/plugins\/wp-share-buttons\/Front_end\/..\/images\/noimage.png&description=MEDIDAS URGENTES APROBADAS EN MATERIA DE PROTECCI\u00d3N DE DATOS PARA LA ADAPTACI\u00d3N DEL DERECHO ESPA\u00d1OL AL RGPD','1410949501326','width=700,height=500,toolbar=0,menubar=0,location=0,status=1,scrollbars=1,resizable=1,left=0,top=0');return false;\" style=\"background-position: -60px -120px \"><\/a>\r\n\t\t\t\t\t<\/li>\r\n\t\t\t\t\t\t\t\t\t\t<li class=\"none nobackground \" >\r\n\r\n\t\t\t\t\t\t\t\t\t\t\t\t<a id=\"backforunical3579\" href=\"https:\/\/plus.google.com\/share?url=www.fabregat-perulles-sales.com\/actualidad\/wp-json\/wp\/v2\/posts\/3579\"  onclick=\"javascript:void window.open('https:\/\/plus.google.com\/share?url=www.fabregat-perulles-sales.com\/actualidad\/wp-json\/wp\/v2\/posts\/3579','1410949501326','width=700,height=500,toolbar=0,menubar=0,location=0,status=1,scrollbars=1,resizable=1,left=0,top=0');return false;\" style=\"background-position: -90px -120px \"><\/a>\r\n\t\t\t\t\t<\/li>\r\n\t\t\t\t\t\t\t\t\t\t<li class=\"nobackground \" >\r\n\r\n\t\t\t\t\t\t\t\t\t\t\t\t<a id=\"backforunical3579\" href=\"https:\/\/www.linkedin.com\/shareArticle?title=MEDIDAS URGENTES APROBADAS EN MATERIA DE PROTECCI\u00d3N DE DATOS PARA LA ADAPTACI\u00d3N DEL DERECHO ESPA\u00d1OL AL RGPD&mini=true&url=https:\/\/www.fabregat-perulles-sales.com\/actualidad\/wp-json\/wp\/v2\/posts\/3579\"  onclick=\"javascript:void window.open('https:\/\/www.linkedin.com\/shareArticle?title=MEDIDAS URGENTES APROBADAS EN MATERIA DE PROTECCI\u00d3N DE DATOS PARA LA ADAPTACI\u00d3N DEL DERECHO ESPA\u00d1OL AL RGPD&mini=true&url=https:\/\/www.fabregat-perulles-sales.com\/actualidad\/wp-json\/wp\/v2\/posts\/3579','1410949501326','width=700,height=500,toolbar=0,menubar=0,location=0,status=1,scrollbars=1,resizable=1,left=0,top=0');return false;\" style=\"background-position: -120px -120px \"><\/a>\r\n\t\t\t\t\t<\/li>\r\n\t\t\t\t\t\t\t\t\t\t<li class=\"none nobackground \" >\r\n\r\n\t\t\t\t\t\t\t\t\t\t\t\t<a id=\"backforunical3579\" href=\"https:\/\/www.tumblr.com\/share\/link?url=www.fabregat-perulles-sales.com\/actualidad\/wp-json\/wp\/v2\/posts\/3579&name=MEDIDAS URGENTES APROBADAS EN MATERIA DE PROTECCI\u00d3N DE DATOS PARA LA ADAPTACI\u00d3N DEL DERECHO ESPA\u00d1OL AL RGPD\"  onclick=\"javascript:void window.open('https:\/\/www.tumblr.com\/share\/link?url=www.fabregat-perulles-sales.com\/actualidad\/wp-json\/wp\/v2\/posts\/3579&name=MEDIDAS URGENTES APROBADAS EN MATERIA DE PROTECCI\u00d3N DE DATOS PARA LA ADAPTACI\u00d3N DEL DERECHO ESPA\u00d1OL AL RGPD','1410949501326','width=700,height=500,toolbar=0,menubar=0,location=0,status=1,scrollbars=1,resizable=1,left=0,top=0');return false;\" style=\"background-position: -150px -120px \"><\/a>\r\n\t\t\t\t\t<\/li>\r\n\t\t\t\t\t\t\t\t\t\t<li class=\"none nobackground \" >\r\n\r\n\t\t\t\t\t\t\t\t\t\t\t\t<a id=\"backforunical3579\" href=\"http:\/\/digg.com\/submit?phase=2&url=www.fabregat-perulles-sales.com\/actualidad\/wp-json\/wp\/v2\/posts\/3579&title=MEDIDAS URGENTES APROBADAS EN MATERIA DE PROTECCI\u00d3N DE DATOS PARA LA ADAPTACI\u00d3N DEL DERECHO ESPA\u00d1OL AL RGPD\"  onclick=\"javascript:void window.open('http:\/\/digg.com\/submit?phase=2&url=www.fabregat-perulles-sales.com\/actualidad\/wp-json\/wp\/v2\/posts\/3579&title=MEDIDAS URGENTES APROBADAS EN MATERIA DE PROTECCI\u00d3N DE DATOS PARA LA ADAPTACI\u00d3N DEL DERECHO ESPA\u00d1OL AL RGPD','1410949501326','width=700,height=500,toolbar=0,menubar=0,location=0,status=1,scrollbars=1,resizable=1,left=0,top=0');return false;\" style=\"background-position: -180px -120px \"><\/a>\r\n\t\t\t\t\t<\/li>\r\n\t\t\t\t\t\t\t\t\t\t<li class=\"none nobackground \" >\r\n\r\n\t\t\t\t\t\t\t\t\t\t\t\t<a id=\"backforunical3579\" href=\"http:\/\/www.stumbleupon.com\/submit?url=www.fabregat-perulles-sales.com\/actualidad\/wp-json\/wp\/v2\/posts\/3579&title=MEDIDAS URGENTES APROBADAS EN MATERIA DE PROTECCI\u00d3N DE DATOS PARA LA ADAPTACI\u00d3N DEL DERECHO ESPA\u00d1OL AL RGPD\"  onclick=\"javascript:void window.open('http:\/\/www.stumbleupon.com\/submit?url=www.fabregat-perulles-sales.com\/actualidad\/wp-json\/wp\/v2\/posts\/3579&title=MEDIDAS URGENTES APROBADAS EN MATERIA DE PROTECCI\u00d3N DE DATOS PARA LA ADAPTACI\u00d3N DEL DERECHO ESPA\u00d1OL AL RGPD','1410949501326','width=700,height=500,toolbar=0,menubar=0,location=0,status=1,scrollbars=1,resizable=1,left=0,top=0');return false;\" style=\"background-position: -210px -120px \"><\/a>\r\n\t\t\t\t\t<\/li>\r\n\t\t\t\t\t\t\t\t\t\t<li class=\"none nobackground \" >\r\n\r\n\t\t\t\t\t\t\t\t\t\t\t\t<a id=\"backforunical3579\" href=\"https:\/\/myspace.com\/post?l=3&u=www.fabregat-perulles-sales.com\/actualidad\/wp-json\/wp\/v2\/posts\/3579\"  onclick=\"javascript:void window.open('https:\/\/myspace.com\/post?l=3&u=www.fabregat-perulles-sales.com\/actualidad\/wp-json\/wp\/v2\/posts\/3579','1410949501326','width=700,height=500,toolbar=0,menubar=0,location=0,status=1,scrollbars=1,resizable=1,left=0,top=0');return false;\" style=\"background-position: -240px -120px \"><\/a>\r\n\t\t\t\t\t<\/li>\r\n\t\t\t\t\t\t\t\t\t\t<li class=\"nobackground \" >\r\n\r\n\t\t\t\t\t\t\t\t\t\t\t\t<a id=\"backforunical3579\" href=\"http:\/\/vk.com\/share.php?url=www.fabregat-perulles-sales.com\/actualidad\/wp-json\/wp\/v2\/posts\/3579&title=MEDIDAS URGENTES APROBADAS EN MATERIA DE PROTECCI\u00d3N DE DATOS PARA LA ADAPTACI\u00d3N DEL DERECHO ESPA\u00d1OL AL RGPD\"  onclick=\"javascript:void window.open('http:\/\/vk.com\/share.php?url=www.fabregat-perulles-sales.com\/actualidad\/wp-json\/wp\/v2\/posts\/3579&title=MEDIDAS URGENTES APROBADAS EN MATERIA DE PROTECCI\u00d3N DE DATOS PARA LA ADAPTACI\u00d3N DEL DERECHO ESPA\u00d1OL AL RGPD','1410949501326','width=700,height=500,toolbar=0,menubar=0,location=0,status=1,scrollbars=1,resizable=1,left=0,top=0');return false;\" style=\"background-position: -270px -120px \"><\/a>\r\n\t\t\t\t\t<\/li>\r\n\t\t\t\t\t\t\t\t\t\t<li class=\"none nobackground \" >\r\n\r\n\t\t\t\t\t\t\t\t\t\t\t\t<a id=\"backforunical3579\" href=\"http:\/\/www.reddit.com\/submit?url=www.fabregat-perulles-sales.com\/actualidad\/wp-json\/wp\/v2\/posts\/3579&title=MEDIDAS URGENTES APROBADAS EN MATERIA DE PROTECCI\u00d3N DE DATOS PARA LA ADAPTACI\u00d3N DEL DERECHO ESPA\u00d1OL AL RGPD\"  onclick=\"javascript:void window.open('http:\/\/www.reddit.com\/submit?url=www.fabregat-perulles-sales.com\/actualidad\/wp-json\/wp\/v2\/posts\/3579&title=MEDIDAS URGENTES APROBADAS EN MATERIA DE PROTECCI\u00d3N DE DATOS PARA LA ADAPTACI\u00d3N DEL DERECHO ESPA\u00d1OL AL RGPD','1410949501326','width=700,height=500,toolbar=0,menubar=0,location=0,status=1,scrollbars=1,resizable=1,left=0,top=0');return false;\" style=\"background-position: -300px -120px \"><\/a>\r\n\t\t\t\t\t<\/li>\r\n\t\t\t\t\t\t\t\t\t\t<li class=\"none nobackground \" >\r\n\r\n\t\t\t\t\t\t\t\t\t\t\t\t<a id=\"backforunical3579\" href=\"http:\/\/www.bebo.com\/c\/share?Url=www.fabregat-perulles-sales.com\/actualidad\/wp-json\/wp\/v2\/posts\/3579\"  onclick=\"javascript:void window.open('http:\/\/www.bebo.com\/c\/share?Url=www.fabregat-perulles-sales.com\/actualidad\/wp-json\/wp\/v2\/posts\/3579','1410949501326','width=700,height=500,toolbar=0,menubar=0,location=0,status=1,scrollbars=1,resizable=1,left=0,top=0');return false;\" style=\"background-position: -330px -120px \"><\/a>\r\n\t\t\t\t\t<\/li>\r\n\t\t\t\t\t\t\t\t\t\t<li class=\"none nobackground \" >\r\n\r\n\t\t\t\t\t\t\t\t\t\t\t\t<a id=\"backforunical3579\" href=\"https:\/\/delicious.com\/save?v=5&noui&jump=close&url=www.fabregat-perulles-sales.com\/actualidad\/wp-json\/wp\/v2\/posts\/3579&title=MEDIDAS URGENTES APROBADAS EN MATERIA DE PROTECCI\u00d3N DE DATOS PARA LA ADAPTACI\u00d3N DEL DERECHO ESPA\u00d1OL AL RGPD\"  onclick=\"javascript:void window.open('https:\/\/delicious.com\/save?v=5&noui&jump=close&url=www.fabregat-perulles-sales.com\/actualidad\/wp-json\/wp\/v2\/posts\/3579&title=MEDIDAS URGENTES APROBADAS EN MATERIA DE PROTECCI\u00d3N DE DATOS PARA LA ADAPTACI\u00d3N DEL DERECHO ESPA\u00d1OL AL RGPD','1410949501326','width=700,height=500,toolbar=0,menubar=0,location=0,status=1,scrollbars=1,resizable=1,left=0,top=0');return false;\" style=\"background-position: -360px -120px \"><\/a>\r\n\t\t\t\t\t<\/li>\r\n\t\t\t\t\t\t\t\t\t\t<li class=\"none nobackground \" >\r\n\r\n\t\t\t\t\t\t\t\t\t\t\t\t<a id=\"backforunical3579\" href=\"http:\/\/www.odnoklassniki.ru\/dk?st.cmd=addShare&st.s=2&st.noresize=on&st._surl=www.fabregat-perulles-sales.com\/actualidad\/wp-json\/wp\/v2\/posts\/3579\"  onclick=\"javascript:void window.open('http:\/\/www.odnoklassniki.ru\/dk?st.cmd=addShare&st.s=2&st.noresize=on&st._surl=www.fabregat-perulles-sales.com\/actualidad\/wp-json\/wp\/v2\/posts\/3579','1410949501326','width=700,height=500,toolbar=0,menubar=0,location=0,status=1,scrollbars=1,resizable=1,left=0,top=0');return false;\" style=\"background-position: -390px -120px \"><\/a>\r\n\t\t\t\t\t<\/li>\r\n\t\t\t\t\t\t\t\t\t\t<li class=\"none nobackground \" >\r\n\r\n\t\t\t\t\t\t\t\t\t\t\t\t<a id=\"backforunical3579\" href=\"http:\/\/sns.qzone.qq.com\/cgi-bin\/qzshare\/cgi_qzshare_onekey?url=www.fabregat-perulles-sales.com\/actualidad\/wp-json\/wp\/v2\/posts\/3579&title=MEDIDAS URGENTES APROBADAS EN MATERIA DE PROTECCI\u00d3N DE DATOS PARA LA ADAPTACI\u00d3N DEL DERECHO ESPA\u00d1OL AL RGPD\"  onclick=\"javascript:void window.open('http:\/\/sns.qzone.qq.com\/cgi-bin\/qzshare\/cgi_qzshare_onekey?url=www.fabregat-perulles-sales.com\/actualidad\/wp-json\/wp\/v2\/posts\/3579&title=MEDIDAS URGENTES APROBADAS EN MATERIA DE PROTECCI\u00d3N DE DATOS PARA LA ADAPTACI\u00d3N DEL DERECHO ESPA\u00d1OL AL RGPD','1410949501326','width=700,height=500,toolbar=0,menubar=0,location=0,status=1,scrollbars=1,resizable=1,left=0,top=0');return false;\" style=\"background-position: -420px -120px \"><\/a>\r\n\t\t\t\t\t<\/li>\r\n\t\t\t\t\t\t\t\t\t\t<li class=\"none nobackground \" >\r\n\r\n\t\t\t\t\t\t\t\t\t\t\t\t<a id=\"backforunical3579\" href=\"http:\/\/service.weibo.com\/share\/share.php?url=www.fabregat-perulles-sales.com\/actualidad\/wp-json\/wp\/v2\/posts\/3579&appkey=&title=MEDIDAS URGENTES APROBADAS EN MATERIA DE PROTECCI\u00d3N DE DATOS PARA LA ADAPTACI\u00d3N DEL DERECHO ESPA\u00d1OL AL RGPD&pic=&ralateUid=&\"  onclick=\"javascript:void window.open('http:\/\/service.weibo.com\/share\/share.php?url=www.fabregat-perulles-sales.com\/actualidad\/wp-json\/wp\/v2\/posts\/3579&appkey=&title=MEDIDAS URGENTES APROBADAS EN MATERIA DE PROTECCI\u00d3N DE DATOS PARA LA ADAPTACI\u00d3N DEL DERECHO ESPA\u00d1OL AL RGPD&pic=&ralateUid=&','1410949501326','width=700,height=500,toolbar=0,menubar=0,location=0,status=1,scrollbars=1,resizable=1,left=0,top=0');return false;\" style=\"background-position: -450px -120px \"><\/a>\r\n\t\t\t\t\t<\/li>\r\n\t\t\t\t\t\t\t\t\t\t<li class=\"none nobackground \" >\r\n\r\n\t\t\t\t\t\t\t\t\t\t\t\t<a id=\"backforunical3579\" href=\"http:\/\/widget.renren.com\/dialog\/share?resourceUrl=www.fabregat-perulles-sales.com\/actualidad\/wp-json\/wp\/v2\/posts\/3579&srcUrl=www.fabregat-perulles-sales.com\/actualidad\/wp-json\/wp\/v2\/posts\/3579&title=MEDIDAS URGENTES APROBADAS EN MATERIA DE PROTECCI\u00d3N DE DATOS PARA LA ADAPTACI\u00d3N DEL DERECHO ESPA\u00d1OL AL RGPD\"  onclick=\"javascript:void window.open('http:\/\/widget.renren.com\/dialog\/share?resourceUrl=www.fabregat-perulles-sales.com\/actualidad\/wp-json\/wp\/v2\/posts\/3579&srcUrl=www.fabregat-perulles-sales.com\/actualidad\/wp-json\/wp\/v2\/posts\/3579&title=MEDIDAS URGENTES APROBADAS EN MATERIA DE PROTECCI\u00d3N DE DATOS PARA LA ADAPTACI\u00d3N DEL DERECHO ESPA\u00d1OL AL RGPD','1410949501326','width=700,height=500,toolbar=0,menubar=0,location=0,status=1,scrollbars=1,resizable=1,left=0,top=0');return false;\" style=\"background-position: -480px -120px \"><\/a>\r\n\t\t\t\t\t<\/li>\r\n\t\t\t\t\t\t\t\t\t\t<li class=\"none nobackground \" >\r\n\r\n\t\t\t\t\t\t\t\t\t\t\t\t<a id=\"backforunical3579\" href=\"http:\/\/n4g.com\/tips?url=www.fabregat-perulles-sales.com\/actualidad\/wp-json\/wp\/v2\/posts\/3579&title=MEDIDAS URGENTES APROBADAS EN MATERIA DE PROTECCI\u00d3N DE DATOS PARA LA ADAPTACI\u00d3N DEL DERECHO ESPA\u00d1OL AL RGPD\"  onclick=\"javascript:void window.open('http:\/\/n4g.com\/tips?url=www.fabregat-perulles-sales.com\/actualidad\/wp-json\/wp\/v2\/posts\/3579&title=MEDIDAS URGENTES APROBADAS EN MATERIA DE PROTECCI\u00d3N DE DATOS PARA LA ADAPTACI\u00d3N DEL DERECHO ESPA\u00d1OL AL RGPD','1410949501326','width=700,height=500,toolbar=0,menubar=0,location=0,status=1,scrollbars=1,resizable=1,left=0,top=0');return false;\" style=\"background-position: -510px -120px \"><\/a>\r\n\t\t\t\t\t<\/li>\r\n\t\t\t\t\t\t\t\t<\/ul>\r\n\t\t\t<div class=\"clear\"><\/div>\r\n\t\t<\/div>\r\n\t\t","protected":false},"excerpt":{"rendered":"<p>Desde el pasado 25.05.18 es plenamente aplicable en Espa\u00f1a el Reglamento (UE) 2016\/679, de 27 de abril de 2016, relativo a la protecci\u00f3n de las personas f\u00edsicas en lo que respecta al tratamiento de datos personales y a la libre circulaci\u00f3n de \u00e9stos, (Reglamento General de Protecci\u00f3n de Datos-RGPD), derogando la anterior Directiva 95\/46\/CE y\u2026 <span class=\"read-more\"><a href=\"https:\/\/www.fabregat-perulles-sales.com\/actualidad\/medidas-urgentes-aprobadas-en-materia-de-proteccion-de-datos-para-la-adaptacion-del-derecho-espanol-al-rgpd\/\">Read More &raquo;<\/a><\/span><\/p>\n","protected":false},"author":3,"featured_media":0,"comment_status":"open","ping_status":"closed","sticky":false,"template":"","format":"standard","meta":[],"categories":[466,279,457,465,3,58],"tags":[175,1491,1489,1490,390,1315,485],"yoast_head":"<!-- This site is optimized with the Yoast SEO plugin v20.2.1 - https:\/\/yoast.com\/wordpress\/plugins\/seo\/ -->\n<title>MEDIDAS URGENTES PROTECCI\u00d3N DATOS<\/title>\n<meta name=\"description\" content=\"Desde el 25.05.18 es plenamente aplicable en Espa\u00f1a el Reglamento (UE) 2016\/679, relativo al tratamiento de datos personales y a la libre circulaci\u00f3n de \u00e9stos.\" \/>\n<meta name=\"robots\" content=\"index, follow, max-snippet:-1, max-image-preview:large, max-video-preview:-1\" \/>\n<link rel=\"canonical\" href=\"https:\/\/www.fabregat-perulles-sales.com\/actualidad\/medidas-urgentes-aprobadas-en-materia-de-proteccion-de-datos-para-la-adaptacion-del-derecho-espanol-al-rgpd\/\" \/>\n<meta property=\"og:locale\" content=\"en_US\" \/>\n<meta property=\"og:type\" content=\"article\" \/>\n<meta property=\"og:title\" content=\"MEDIDAS URGENTES PROTECCI\u00d3N DATOS\" \/>\n<meta property=\"og:description\" content=\"Desde el 25.05.18 es plenamente aplicable en Espa\u00f1a el Reglamento (UE) 2016\/679, relativo al tratamiento de datos personales y a la libre circulaci\u00f3n de \u00e9stos.\" \/>\n<meta property=\"og:url\" content=\"https:\/\/www.fabregat-perulles-sales.com\/actualidad\/medidas-urgentes-aprobadas-en-materia-de-proteccion-de-datos-para-la-adaptacion-del-derecho-espanol-al-rgpd\/\" \/>\n<meta property=\"og:site_name\" content=\"International Lawyers\" \/>\n<meta property=\"article:published_time\" content=\"2018-08-29T07:55:27+00:00\" \/>\n<meta property=\"article:modified_time\" content=\"2018-08-29T07:56:22+00:00\" \/>\n<meta name=\"author\" content=\"Victor\" \/>\n<meta name=\"twitter:card\" content=\"summary_large_image\" \/>\n<meta name=\"twitter:label1\" content=\"Written by\" \/>\n\t<meta name=\"twitter:data1\" content=\"Victor\" \/>\n\t<meta name=\"twitter:label2\" content=\"Est. reading time\" \/>\n\t<meta name=\"twitter:data2\" content=\"3 minutes\" \/>\n<script type=\"application\/ld+json\" class=\"yoast-schema-graph\">{\"@context\":\"https:\/\/schema.org\",\"@graph\":[{\"@type\":\"WebPage\",\"@id\":\"https:\/\/www.fabregat-perulles-sales.com\/actualidad\/medidas-urgentes-aprobadas-en-materia-de-proteccion-de-datos-para-la-adaptacion-del-derecho-espanol-al-rgpd\/\",\"url\":\"https:\/\/www.fabregat-perulles-sales.com\/actualidad\/medidas-urgentes-aprobadas-en-materia-de-proteccion-de-datos-para-la-adaptacion-del-derecho-espanol-al-rgpd\/\",\"name\":\"MEDIDAS URGENTES PROTECCI\u00d3N DATOS\",\"isPartOf\":{\"@id\":\"https:\/\/www.fabregat-perulles-sales.com\/actualidad\/#website\"},\"datePublished\":\"2018-08-29T07:55:27+00:00\",\"dateModified\":\"2018-08-29T07:56:22+00:00\",\"author\":{\"@id\":\"https:\/\/www.fabregat-perulles-sales.com\/actualidad\/#\/schema\/person\/cabc1d68c7778f01d5e069c2d98442e3\"},\"description\":\"Desde el 25.05.18 es plenamente aplicable en Espa\u00f1a el Reglamento (UE) 2016\/679, relativo al tratamiento de datos personales y a la libre circulaci\u00f3n de \u00e9stos.\",\"breadcrumb\":{\"@id\":\"https:\/\/www.fabregat-perulles-sales.com\/actualidad\/medidas-urgentes-aprobadas-en-materia-de-proteccion-de-datos-para-la-adaptacion-del-derecho-espanol-al-rgpd\/#breadcrumb\"},\"inLanguage\":\"en-US\",\"potentialAction\":[{\"@type\":\"ReadAction\",\"target\":[\"https:\/\/www.fabregat-perulles-sales.com\/actualidad\/medidas-urgentes-aprobadas-en-materia-de-proteccion-de-datos-para-la-adaptacion-del-derecho-espanol-al-rgpd\/\"]}]},{\"@type\":\"BreadcrumbList\",\"@id\":\"https:\/\/www.fabregat-perulles-sales.com\/actualidad\/medidas-urgentes-aprobadas-en-materia-de-proteccion-de-datos-para-la-adaptacion-del-derecho-espanol-al-rgpd\/#breadcrumb\",\"itemListElement\":[{\"@type\":\"ListItem\",\"position\":1,\"name\":\"Home\",\"item\":\"https:\/\/www.fabregat-perulles-sales.com\/actualidad\/\"},{\"@type\":\"ListItem\",\"position\":2,\"name\":\"MEDIDAS URGENTES APROBADAS EN MATERIA DE PROTECCI\u00d3N DE DATOS PARA LA ADAPTACI\u00d3N DEL DERECHO ESPA\u00d1OL AL RGPD\"}]},{\"@type\":\"WebSite\",\"@id\":\"https:\/\/www.fabregat-perulles-sales.com\/actualidad\/#website\",\"url\":\"https:\/\/www.fabregat-perulles-sales.com\/actualidad\/\",\"name\":\"www.fabregat-perulles-sales.com\",\"description\":\"Fabregat Perulles Sales Abogados is a law firm of reference international market in the Spanish-German, Spanish-French, and Spanish-Italian. Is one of the first firms in Barcelona offering a Russian Desk.\",\"potentialAction\":[{\"@type\":\"SearchAction\",\"target\":{\"@type\":\"EntryPoint\",\"urlTemplate\":\"https:\/\/www.fabregat-perulles-sales.com\/actualidad\/?s={search_term_string}\"},\"query-input\":\"required name=search_term_string\"}],\"inLanguage\":\"en-US\"},{\"@type\":\"Person\",\"@id\":\"https:\/\/www.fabregat-perulles-sales.com\/actualidad\/#\/schema\/person\/cabc1d68c7778f01d5e069c2d98442e3\",\"name\":\"Victor\",\"image\":{\"@type\":\"ImageObject\",\"inLanguage\":\"en-US\",\"@id\":\"https:\/\/www.fabregat-perulles-sales.com\/actualidad\/#\/schema\/person\/image\/\",\"url\":\"https:\/\/secure.gravatar.com\/avatar\/756cb666a964d2960ffe307b8a53b271?s=96&d=mm&r=g\",\"contentUrl\":\"https:\/\/secure.gravatar.com\/avatar\/756cb666a964d2960ffe307b8a53b271?s=96&d=mm&r=g\",\"caption\":\"Victor\"},\"sameAs\":[\"http:\/\/www.fabregat-perulles-sales.com\"],\"url\":\"https:\/\/www.fabregat-perulles-sales.com\/actualidad\/author\/victor\/\"}]}<\/script>\n<!-- \/ Yoast SEO plugin. -->","yoast_head_json":{"title":"MEDIDAS URGENTES PROTECCI\u00d3N DATOS","description":"Desde el 25.05.18 es plenamente aplicable en Espa\u00f1a el Reglamento (UE) 2016\/679, relativo al tratamiento de datos personales y a la libre circulaci\u00f3n de \u00e9stos.","robots":{"index":"index","follow":"follow","max-snippet":"max-snippet:-1","max-image-preview":"max-image-preview:large","max-video-preview":"max-video-preview:-1"},"canonical":"https:\/\/www.fabregat-perulles-sales.com\/actualidad\/medidas-urgentes-aprobadas-en-materia-de-proteccion-de-datos-para-la-adaptacion-del-derecho-espanol-al-rgpd\/","og_locale":"en_US","og_type":"article","og_title":"MEDIDAS URGENTES PROTECCI\u00d3N DATOS","og_description":"Desde el 25.05.18 es plenamente aplicable en Espa\u00f1a el Reglamento (UE) 2016\/679, relativo al tratamiento de datos personales y a la libre circulaci\u00f3n de \u00e9stos.","og_url":"https:\/\/www.fabregat-perulles-sales.com\/actualidad\/medidas-urgentes-aprobadas-en-materia-de-proteccion-de-datos-para-la-adaptacion-del-derecho-espanol-al-rgpd\/","og_site_name":"International Lawyers","article_published_time":"2018-08-29T07:55:27+00:00","article_modified_time":"2018-08-29T07:56:22+00:00","author":"Victor","twitter_card":"summary_large_image","twitter_misc":{"Written by":"Victor","Est. reading time":"3 minutes"},"schema":{"@context":"https:\/\/schema.org","@graph":[{"@type":"WebPage","@id":"https:\/\/www.fabregat-perulles-sales.com\/actualidad\/medidas-urgentes-aprobadas-en-materia-de-proteccion-de-datos-para-la-adaptacion-del-derecho-espanol-al-rgpd\/","url":"https:\/\/www.fabregat-perulles-sales.com\/actualidad\/medidas-urgentes-aprobadas-en-materia-de-proteccion-de-datos-para-la-adaptacion-del-derecho-espanol-al-rgpd\/","name":"MEDIDAS URGENTES PROTECCI\u00d3N DATOS","isPartOf":{"@id":"https:\/\/www.fabregat-perulles-sales.com\/actualidad\/#website"},"datePublished":"2018-08-29T07:55:27+00:00","dateModified":"2018-08-29T07:56:22+00:00","author":{"@id":"https:\/\/www.fabregat-perulles-sales.com\/actualidad\/#\/schema\/person\/cabc1d68c7778f01d5e069c2d98442e3"},"description":"Desde el 25.05.18 es plenamente aplicable en Espa\u00f1a el Reglamento (UE) 2016\/679, relativo al tratamiento de datos personales y a la libre circulaci\u00f3n de \u00e9stos.","breadcrumb":{"@id":"https:\/\/www.fabregat-perulles-sales.com\/actualidad\/medidas-urgentes-aprobadas-en-materia-de-proteccion-de-datos-para-la-adaptacion-del-derecho-espanol-al-rgpd\/#breadcrumb"},"inLanguage":"en-US","potentialAction":[{"@type":"ReadAction","target":["https:\/\/www.fabregat-perulles-sales.com\/actualidad\/medidas-urgentes-aprobadas-en-materia-de-proteccion-de-datos-para-la-adaptacion-del-derecho-espanol-al-rgpd\/"]}]},{"@type":"BreadcrumbList","@id":"https:\/\/www.fabregat-perulles-sales.com\/actualidad\/medidas-urgentes-aprobadas-en-materia-de-proteccion-de-datos-para-la-adaptacion-del-derecho-espanol-al-rgpd\/#breadcrumb","itemListElement":[{"@type":"ListItem","position":1,"name":"Home","item":"https:\/\/www.fabregat-perulles-sales.com\/actualidad\/"},{"@type":"ListItem","position":2,"name":"MEDIDAS URGENTES APROBADAS EN MATERIA DE PROTECCI\u00d3N DE DATOS PARA LA ADAPTACI\u00d3N DEL DERECHO ESPA\u00d1OL AL RGPD"}]},{"@type":"WebSite","@id":"https:\/\/www.fabregat-perulles-sales.com\/actualidad\/#website","url":"https:\/\/www.fabregat-perulles-sales.com\/actualidad\/","name":"www.fabregat-perulles-sales.com","description":"Fabregat Perulles Sales Abogados is a law firm of reference international market in the Spanish-German, Spanish-French, and Spanish-Italian. Is one of the first firms in Barcelona offering a Russian Desk.","potentialAction":[{"@type":"SearchAction","target":{"@type":"EntryPoint","urlTemplate":"https:\/\/www.fabregat-perulles-sales.com\/actualidad\/?s={search_term_string}"},"query-input":"required name=search_term_string"}],"inLanguage":"en-US"},{"@type":"Person","@id":"https:\/\/www.fabregat-perulles-sales.com\/actualidad\/#\/schema\/person\/cabc1d68c7778f01d5e069c2d98442e3","name":"Victor","image":{"@type":"ImageObject","inLanguage":"en-US","@id":"https:\/\/www.fabregat-perulles-sales.com\/actualidad\/#\/schema\/person\/image\/","url":"https:\/\/secure.gravatar.com\/avatar\/756cb666a964d2960ffe307b8a53b271?s=96&d=mm&r=g","contentUrl":"https:\/\/secure.gravatar.com\/avatar\/756cb666a964d2960ffe307b8a53b271?s=96&d=mm&r=g","caption":"Victor"},"sameAs":["http:\/\/www.fabregat-perulles-sales.com"],"url":"https:\/\/www.fabregat-perulles-sales.com\/actualidad\/author\/victor\/"}]}},"amp_enabled":true,"_links":{"self":[{"href":"https:\/\/www.fabregat-perulles-sales.com\/actualidad\/wp-json\/wp\/v2\/posts\/3579"}],"collection":[{"href":"https:\/\/www.fabregat-perulles-sales.com\/actualidad\/wp-json\/wp\/v2\/posts"}],"about":[{"href":"https:\/\/www.fabregat-perulles-sales.com\/actualidad\/wp-json\/wp\/v2\/types\/post"}],"author":[{"embeddable":true,"href":"https:\/\/www.fabregat-perulles-sales.com\/actualidad\/wp-json\/wp\/v2\/users\/3"}],"replies":[{"embeddable":true,"href":"https:\/\/www.fabregat-perulles-sales.com\/actualidad\/wp-json\/wp\/v2\/comments?post=3579"}],"version-history":[{"count":2,"href":"https:\/\/www.fabregat-perulles-sales.com\/actualidad\/wp-json\/wp\/v2\/posts\/3579\/revisions"}],"predecessor-version":[{"id":3582,"href":"https:\/\/www.fabregat-perulles-sales.com\/actualidad\/wp-json\/wp\/v2\/posts\/3579\/revisions\/3582"}],"wp:attachment":[{"href":"https:\/\/www.fabregat-perulles-sales.com\/actualidad\/wp-json\/wp\/v2\/media?parent=3579"}],"wp:term":[{"taxonomy":"category","embeddable":true,"href":"https:\/\/www.fabregat-perulles-sales.com\/actualidad\/wp-json\/wp\/v2\/categories?post=3579"},{"taxonomy":"post_tag","embeddable":true,"href":"https:\/\/www.fabregat-perulles-sales.com\/actualidad\/wp-json\/wp\/v2\/tags?post=3579"}],"curies":[{"name":"wp","href":"https:\/\/api.w.org\/{rel}","templated":true}]}}