{"id":3526,"date":"2018-06-20T17:55:53","date_gmt":"2018-06-20T16:55:53","guid":{"rendered":"http:\/\/www.fabregat-perulles-sales.com\/actualidad\/?p=3526"},"modified":"2018-06-20T18:00:36","modified_gmt":"2018-06-20T17:00:36","slug":"el-ayuntamiento-de-barcelona-aprueba-inicialmente-la-modificacion-del-pgm-para-declarar-toda-la-ciudad-de-barcelona-sujeta-al-derecho-de-tanteo-y-retracto","status":"publish","type":"post","link":"https:\/\/www.fabregat-perulles-sales.com\/actualidad\/el-ayuntamiento-de-barcelona-aprueba-inicialmente-la-modificacion-del-pgm-para-declarar-toda-la-ciudad-de-barcelona-sujeta-al-derecho-de-tanteo-y-retracto\/","title":{"rendered":"El Ayuntamiento de Barcelona aprueba inicialmente la Modificaci\u00f3n del PGM para declarar toda la ciudad de Barcelona sujeta al derecho de tanteo y retracto"},"content":{"rendered":"<p><img decoding=\"async\" loading=\"lazy\" class=\"alignright size-medium wp-image-3527\" src=\"http:\/\/www.fabregat-perulles-sales.com\/actualidad\/wp-content\/uploads\/2018\/06\/tanteo-retracto-barcelona-abogados-espanol-200x300.jpg\" alt=\"tanteo retracto Barcelona edificio\" width=\"200\" height=\"300\" srcset=\"https:\/\/www.fabregat-perulles-sales.com\/actualidad\/wp-content\/uploads\/2018\/06\/tanteo-retracto-barcelona-abogados-espanol-200x300.jpg 200w, https:\/\/www.fabregat-perulles-sales.com\/actualidad\/wp-content\/uploads\/2018\/06\/tanteo-retracto-barcelona-abogados-espanol.jpg 480w\" sizes=\"(max-width: 200px) 100vw, 200px\" \/>El <a href=\"https:\/\/bop.diba.cat\/scripts\/ftpisa.aspx?fnew?bop2018&amp;06\/022018013202.pdf&amp;1\" target=\"_blank\" rel=\"noopener noreferrer\">Bolet\u00edn Oficial de la Provincia de Barcelona de 20 de junio de 2018<\/a>, ha publicado el acuerdo adoptado por el Ayuntamiento de Barcelona en virtud del que se aprueba inicialmente la Modificaci\u00f3n del PGM cuyo objetivo es <strong><u>ampliar a toda la ciudad de Barcelona el derecho de tanteo y retracto, para as\u00ed dar preferencia en TODAS las operaciones de compraventa al Ayuntamiento de Barcelona<\/u><\/strong>.<\/p>\n<p>Tales operaciones podr\u00e1n hacer referencia a todo tipo de activos, tal y como la norma se ocupa de relacionar:<\/p>\n<p><strong>i)<\/strong> Edificios plurifamiliares enteros utilizados principalmente como vivienda.<\/p>\n<p><strong>ii)<\/strong> Terrenos sin edificar, ya sean solares o parcelas en cualquier clase de suelo.<\/p>\n<p><strong>iii)<\/strong> Terrenos con edificaciones ruinosas o totalmente desocupadas.<\/p>\n<p><strong>iv)<\/strong> Viviendas en determinadas \u00e1reas, entre \u00e9stas, las \u00e1reas de rehabilitaci\u00f3n y conservaci\u00f3n, o dentro de las previsiones de un programa de rehabilitaci\u00f3n, con especial consideraci\u00f3n a las viviendas vac\u00edas y a los de alquiler en r\u00e9gimen de pr\u00f3rroga forzosa.<\/p>\n<p><!--more--><\/p>\n<p><strong>v) <\/strong>Las fincas edificadas incluidas en \u00e1reas de rehabilitaci\u00f3n y conservaci\u00f3n o dentro de las previsiones de un programa de rehabilitaci\u00f3n.<\/p>\n<p><strong>vi)<\/strong> Viviendas en construcci\u00f3n o ya construidos siempre que las personas transmitentes hayan adquirido de la parte promotora y, si se trata de viviendas construidas es necesario que tambi\u00e9n la transmisi\u00f3n se proyecte o perfeccione antes de que no haya transcurrido un a\u00f1o desde la finalizaci\u00f3n del edificio.<\/p>\n<p><strong>vii)<\/strong> Viviendas o edificios provenientes de ejecuciones hipotecarias o de procedimientos de compensaci\u00f3n o pago de deuda en garant\u00eda hipotecaria.<\/p>\n<p>A partir de ahora, se abre un p<strong>er\u00edodo de exposici\u00f3n al p\u00fablico que finalizar\u00e1 el pr\u00f3ximo 20 de julio de 2018<\/strong> durante el cual se podr\u00e1n presentar alegaciones y a partir de entonces, el Pleno del Ayuntamiento podr\u00e1, en su caso, aprobar provisionalmente la Modificaci\u00f3n del PGM. La aprobaci\u00f3n definitiva corresponde a la Subcomisi\u00f3n de Urbanismo, formada por miembros del Consistorio y de la Generalitat de Catalunya, pudiendo por tanto, sus previsiones variar de las aprobadas inicialmente y que han sido arriba expuestas.<\/p>\n<p>&nbsp;<\/p>\n<p>&nbsp;<\/p>\n<p>&nbsp;<\/p>\n<p>&nbsp;<\/p>\n\r\n\t\t<style>\r\n\t\t\t.huge-it-share-buttons {\r\n\t\t\t\tborder:0px solid #0FB5D6;\r\n\t\t\t\tborder-radius:5px;\r\n\t\t\t\tbackground:#3BD8FF;\r\n\t\t\t text-align:left; \t\t\t\t\t\t\t\t\t}\r\n\r\n\t\t\t#huge-it-share-buttons-top {margin-bottom:0px;}\r\n\t\t\t#huge-it-share-buttons-bottom {margin-top:0px;}\r\n\r\n\t\t\t.huge-it-share-buttons h3 {\r\n\t\t\t\tfont-size:25px ;\r\n\t\t\t\tfont-family:Arial,Helvetica Neue,Helvetica,sans-serif;\r\n\t\t\t\tcolor:#666666;\r\n\r\n\t\t\tdisplay:block;\t\t\t\tline-height:25px ;\r\n\r\n\t\t\t text-align:left; \t\t\t\t\t\t\t\t\t}\r\n\r\n\t\t\t.huge-it-share-buttons ul {\r\n\t\t\t float:left; \t\t\t\t\t\t\t\t\t}\r\n\r\n\t\t\t.huge-it-share-buttons ul li {\r\n\t\t\t\tmargin-left:3px;\r\n\t\t\t\tmargin-right:3px;\r\n\t\t\t\tpadding:0px;\r\n\t\t\t\tborder:0px ridge #E6354C;\r\n\t\t\t\tborder-radius:11px;\r\n\t\t\t\tbackground-color:#14CC9B;\r\n\t\t\t}\r\n\r\n\t\t\t.huge-it-share-buttons ul li #backforunical3526 {\r\n\t\t\t\tborder-bottom: 0;\r\n\t\t\t\tbackground-image:url('https:\/\/www.fabregat-perulles-sales.com\/actualidad\/wp-content\/plugins\/wp-share-buttons\/Front_end\/..\/images\/buttons.30.png');\r\n\t\t\t\twidth:30px;\r\n\t\t\t\theight:30px;\r\n\t\t\t}\r\n\r\n\t\t\t.front-shares-count {\r\n\t\t\t\tposition: absolute;\r\n\t\t\t\ttext-align: center;\r\n\t\t\t\tdisplay: block;\r\n\t\t\t}\r\n\r\n\t\t\t.shares_size20 .front-shares-count {\r\n\t\t\t\tfont-size: 10px;\r\n\t\t\t\ttop: 10px;\r\n\t\t\t\twidth: 20px;\r\n\t\t\t}\r\n\r\n\t\t\t.shares_size30 .front-shares-count {\r\n\t\t\t\tfont-size: 11px;\r\n\t\t\t\ttop: 15px;\r\n\t\t\t\twidth: 30px;\r\n\t\t\t}\r\n\r\n\t\t\t.shares_size40 .front-shares-count {\r\n\t\t\t\tfont-size: 12px;\r\n\t\t\t\ttop: 21px;\r\n\t\t\t\twidth: 40px;\r\n\t\t\t}\r\n\t\t<\/style>\r\n\t\t\r\n\t\t<div id=\"huge-it-share-buttons-top\" class=\"huge-it-share-buttons nobackground\">\r\n\t\t\t<h3>Share This:<\/h3>\r\n\t\t\t<ul class=\"huge-it-share-buttons-list \">\r\n\t\t\t\t\t\t\t\t\t<li class=\"nobackground \" >\r\n\r\n\t\t\t\t\t\t\t\t\t\t\t\t<a id=\"backforunical3526\" href=\"https:\/\/www.facebook.com\/sharer\/sharer.php?u=www.fabregat-perulles-sales.com\/actualidad\/wp-json\/wp\/v2\/posts\/3526\"  onclick=\"javascript:void window.open('https:\/\/www.facebook.com\/sharer\/sharer.php?u=www.fabregat-perulles-sales.com\/actualidad\/wp-json\/wp\/v2\/posts\/3526','1410949501326','width=700,height=500,toolbar=0,menubar=0,location=0,status=1,scrollbars=1,resizable=1,left=0,top=0');return false;\" style=\"background-position: -0px -120px \"><\/a>\r\n\t\t\t\t\t<\/li>\r\n\t\t\t\t\t\t\t\t\t\t<li class=\"nobackground \" >\r\n\r\n\t\t\t\t\t\t\t\t\t\t\t\t<a id=\"backforunical3526\" href=\"https:\/\/twitter.com\/share?status=www.fabregat-perulles-sales.com\/actualidad\/wp-json\/wp\/v2\/posts\/3526&text=El Ayuntamiento de Barcelona aprueba inicialmente la Modificaci\u00f3n del PGM para declarar toda la ciudad de Barcelona sujeta al derecho de tanteo y retracto\"  onclick=\"javascript:void window.open('https:\/\/twitter.com\/share?status=www.fabregat-perulles-sales.com\/actualidad\/wp-json\/wp\/v2\/posts\/3526&text=El Ayuntamiento de Barcelona aprueba inicialmente la Modificaci\u00f3n del PGM para declarar toda la ciudad de Barcelona sujeta al derecho de tanteo y retracto','1410949501326','width=700,height=500,toolbar=0,menubar=0,location=0,status=1,scrollbars=1,resizable=1,left=0,top=0');return false;\" style=\"background-position: -30px -120px \"><\/a>\r\n\t\t\t\t\t<\/li>\r\n\t\t\t\t\t\t\t\t\t\t<li class=\"none nobackground \" >\r\n\r\n\t\t\t\t\t\t\t\t\t\t\t\t<a id=\"backforunical3526\" href=\"http:\/\/www.pinterest.com\/pin\/create\/button\/?url=www.fabregat-perulles-sales.com\/actualidad\/wp-json\/wp\/v2\/posts\/3526&media=https:\/\/www.fabregat-perulles-sales.com\/actualidad\/wp-content\/plugins\/wp-share-buttons\/Front_end\/..\/images\/noimage.png&description=El Ayuntamiento de Barcelona aprueba inicialmente la Modificaci\u00f3n del PGM para declarar toda la ciudad de Barcelona sujeta al derecho de tanteo y retracto\"  onclick=\"javascript:void window.open('http:\/\/www.pinterest.com\/pin\/create\/button\/?url=www.fabregat-perulles-sales.com\/actualidad\/wp-json\/wp\/v2\/posts\/3526&media=https:\/\/www.fabregat-perulles-sales.com\/actualidad\/wp-content\/plugins\/wp-share-buttons\/Front_end\/..\/images\/noimage.png&description=El Ayuntamiento de Barcelona aprueba inicialmente la Modificaci\u00f3n del PGM para declarar toda la ciudad de Barcelona sujeta al derecho de tanteo y retracto','1410949501326','width=700,height=500,toolbar=0,menubar=0,location=0,status=1,scrollbars=1,resizable=1,left=0,top=0');return false;\" style=\"background-position: -60px -120px \"><\/a>\r\n\t\t\t\t\t<\/li>\r\n\t\t\t\t\t\t\t\t\t\t<li class=\"none nobackground \" >\r\n\r\n\t\t\t\t\t\t\t\t\t\t\t\t<a id=\"backforunical3526\" href=\"https:\/\/plus.google.com\/share?url=www.fabregat-perulles-sales.com\/actualidad\/wp-json\/wp\/v2\/posts\/3526\"  onclick=\"javascript:void window.open('https:\/\/plus.google.com\/share?url=www.fabregat-perulles-sales.com\/actualidad\/wp-json\/wp\/v2\/posts\/3526','1410949501326','width=700,height=500,toolbar=0,menubar=0,location=0,status=1,scrollbars=1,resizable=1,left=0,top=0');return false;\" style=\"background-position: -90px -120px \"><\/a>\r\n\t\t\t\t\t<\/li>\r\n\t\t\t\t\t\t\t\t\t\t<li class=\"nobackground \" >\r\n\r\n\t\t\t\t\t\t\t\t\t\t\t\t<a id=\"backforunical3526\" href=\"https:\/\/www.linkedin.com\/shareArticle?title=El Ayuntamiento de Barcelona aprueba inicialmente la Modificaci\u00f3n del PGM para declarar toda la ciudad de Barcelona sujeta al derecho de tanteo y retracto&mini=true&url=https:\/\/www.fabregat-perulles-sales.com\/actualidad\/wp-json\/wp\/v2\/posts\/3526\"  onclick=\"javascript:void window.open('https:\/\/www.linkedin.com\/shareArticle?title=El Ayuntamiento de Barcelona aprueba inicialmente la Modificaci\u00f3n del PGM para declarar toda la ciudad de Barcelona sujeta al derecho de tanteo y retracto&mini=true&url=https:\/\/www.fabregat-perulles-sales.com\/actualidad\/wp-json\/wp\/v2\/posts\/3526','1410949501326','width=700,height=500,toolbar=0,menubar=0,location=0,status=1,scrollbars=1,resizable=1,left=0,top=0');return false;\" style=\"background-position: -120px -120px \"><\/a>\r\n\t\t\t\t\t<\/li>\r\n\t\t\t\t\t\t\t\t\t\t<li class=\"none nobackground \" >\r\n\r\n\t\t\t\t\t\t\t\t\t\t\t\t<a id=\"backforunical3526\" href=\"https:\/\/www.tumblr.com\/share\/link?url=www.fabregat-perulles-sales.com\/actualidad\/wp-json\/wp\/v2\/posts\/3526&name=El Ayuntamiento de Barcelona aprueba inicialmente la Modificaci\u00f3n del PGM para declarar toda la ciudad de Barcelona sujeta al derecho de tanteo y retracto\"  onclick=\"javascript:void window.open('https:\/\/www.tumblr.com\/share\/link?url=www.fabregat-perulles-sales.com\/actualidad\/wp-json\/wp\/v2\/posts\/3526&name=El Ayuntamiento de Barcelona aprueba inicialmente la Modificaci\u00f3n del PGM para declarar toda la ciudad de Barcelona sujeta al derecho de tanteo y retracto','1410949501326','width=700,height=500,toolbar=0,menubar=0,location=0,status=1,scrollbars=1,resizable=1,left=0,top=0');return false;\" style=\"background-position: -150px -120px \"><\/a>\r\n\t\t\t\t\t<\/li>\r\n\t\t\t\t\t\t\t\t\t\t<li class=\"none nobackground \" >\r\n\r\n\t\t\t\t\t\t\t\t\t\t\t\t<a id=\"backforunical3526\" href=\"http:\/\/digg.com\/submit?phase=2&url=www.fabregat-perulles-sales.com\/actualidad\/wp-json\/wp\/v2\/posts\/3526&title=El Ayuntamiento de Barcelona aprueba inicialmente la Modificaci\u00f3n del PGM para declarar toda la ciudad de Barcelona sujeta al derecho de tanteo y retracto\"  onclick=\"javascript:void window.open('http:\/\/digg.com\/submit?phase=2&url=www.fabregat-perulles-sales.com\/actualidad\/wp-json\/wp\/v2\/posts\/3526&title=El Ayuntamiento de Barcelona aprueba inicialmente la Modificaci\u00f3n del PGM para declarar toda la ciudad de Barcelona sujeta al derecho de tanteo y retracto','1410949501326','width=700,height=500,toolbar=0,menubar=0,location=0,status=1,scrollbars=1,resizable=1,left=0,top=0');return false;\" style=\"background-position: -180px -120px \"><\/a>\r\n\t\t\t\t\t<\/li>\r\n\t\t\t\t\t\t\t\t\t\t<li class=\"none nobackground \" >\r\n\r\n\t\t\t\t\t\t\t\t\t\t\t\t<a id=\"backforunical3526\" href=\"http:\/\/www.stumbleupon.com\/submit?url=www.fabregat-perulles-sales.com\/actualidad\/wp-json\/wp\/v2\/posts\/3526&title=El Ayuntamiento de Barcelona aprueba inicialmente la Modificaci\u00f3n del PGM para declarar toda la ciudad de Barcelona sujeta al derecho de tanteo y retracto\"  onclick=\"javascript:void window.open('http:\/\/www.stumbleupon.com\/submit?url=www.fabregat-perulles-sales.com\/actualidad\/wp-json\/wp\/v2\/posts\/3526&title=El Ayuntamiento de Barcelona aprueba inicialmente la Modificaci\u00f3n del PGM para declarar toda la ciudad de Barcelona sujeta al derecho de tanteo y retracto','1410949501326','width=700,height=500,toolbar=0,menubar=0,location=0,status=1,scrollbars=1,resizable=1,left=0,top=0');return false;\" style=\"background-position: -210px -120px \"><\/a>\r\n\t\t\t\t\t<\/li>\r\n\t\t\t\t\t\t\t\t\t\t<li class=\"none nobackground \" >\r\n\r\n\t\t\t\t\t\t\t\t\t\t\t\t<a id=\"backforunical3526\" href=\"https:\/\/myspace.com\/post?l=3&u=www.fabregat-perulles-sales.com\/actualidad\/wp-json\/wp\/v2\/posts\/3526\"  onclick=\"javascript:void window.open('https:\/\/myspace.com\/post?l=3&u=www.fabregat-perulles-sales.com\/actualidad\/wp-json\/wp\/v2\/posts\/3526','1410949501326','width=700,height=500,toolbar=0,menubar=0,location=0,status=1,scrollbars=1,resizable=1,left=0,top=0');return false;\" style=\"background-position: -240px -120px \"><\/a>\r\n\t\t\t\t\t<\/li>\r\n\t\t\t\t\t\t\t\t\t\t<li class=\"nobackground \" >\r\n\r\n\t\t\t\t\t\t\t\t\t\t\t\t<a id=\"backforunical3526\" href=\"http:\/\/vk.com\/share.php?url=www.fabregat-perulles-sales.com\/actualidad\/wp-json\/wp\/v2\/posts\/3526&title=El Ayuntamiento de Barcelona aprueba inicialmente la Modificaci\u00f3n del PGM para declarar toda la ciudad de Barcelona sujeta al derecho de tanteo y retracto\"  onclick=\"javascript:void window.open('http:\/\/vk.com\/share.php?url=www.fabregat-perulles-sales.com\/actualidad\/wp-json\/wp\/v2\/posts\/3526&title=El Ayuntamiento de Barcelona aprueba inicialmente la Modificaci\u00f3n del PGM para declarar toda la ciudad de Barcelona sujeta al derecho de tanteo y retracto','1410949501326','width=700,height=500,toolbar=0,menubar=0,location=0,status=1,scrollbars=1,resizable=1,left=0,top=0');return false;\" style=\"background-position: -270px -120px \"><\/a>\r\n\t\t\t\t\t<\/li>\r\n\t\t\t\t\t\t\t\t\t\t<li class=\"none nobackground \" >\r\n\r\n\t\t\t\t\t\t\t\t\t\t\t\t<a id=\"backforunical3526\" href=\"http:\/\/www.reddit.com\/submit?url=www.fabregat-perulles-sales.com\/actualidad\/wp-json\/wp\/v2\/posts\/3526&title=El Ayuntamiento de Barcelona aprueba inicialmente la Modificaci\u00f3n del PGM para declarar toda la ciudad de Barcelona sujeta al derecho de tanteo y retracto\"  onclick=\"javascript:void window.open('http:\/\/www.reddit.com\/submit?url=www.fabregat-perulles-sales.com\/actualidad\/wp-json\/wp\/v2\/posts\/3526&title=El Ayuntamiento de Barcelona aprueba inicialmente la Modificaci\u00f3n del PGM para declarar toda la ciudad de Barcelona sujeta al derecho de tanteo y retracto','1410949501326','width=700,height=500,toolbar=0,menubar=0,location=0,status=1,scrollbars=1,resizable=1,left=0,top=0');return false;\" style=\"background-position: -300px -120px \"><\/a>\r\n\t\t\t\t\t<\/li>\r\n\t\t\t\t\t\t\t\t\t\t<li class=\"none nobackground \" >\r\n\r\n\t\t\t\t\t\t\t\t\t\t\t\t<a id=\"backforunical3526\" href=\"http:\/\/www.bebo.com\/c\/share?Url=www.fabregat-perulles-sales.com\/actualidad\/wp-json\/wp\/v2\/posts\/3526\"  onclick=\"javascript:void window.open('http:\/\/www.bebo.com\/c\/share?Url=www.fabregat-perulles-sales.com\/actualidad\/wp-json\/wp\/v2\/posts\/3526','1410949501326','width=700,height=500,toolbar=0,menubar=0,location=0,status=1,scrollbars=1,resizable=1,left=0,top=0');return false;\" style=\"background-position: -330px -120px \"><\/a>\r\n\t\t\t\t\t<\/li>\r\n\t\t\t\t\t\t\t\t\t\t<li class=\"none nobackground \" >\r\n\r\n\t\t\t\t\t\t\t\t\t\t\t\t<a id=\"backforunical3526\" href=\"https:\/\/delicious.com\/save?v=5&noui&jump=close&url=www.fabregat-perulles-sales.com\/actualidad\/wp-json\/wp\/v2\/posts\/3526&title=El Ayuntamiento de Barcelona aprueba inicialmente la Modificaci\u00f3n del PGM para declarar toda la ciudad de Barcelona sujeta al derecho de tanteo y retracto\"  onclick=\"javascript:void window.open('https:\/\/delicious.com\/save?v=5&noui&jump=close&url=www.fabregat-perulles-sales.com\/actualidad\/wp-json\/wp\/v2\/posts\/3526&title=El Ayuntamiento de Barcelona aprueba inicialmente la Modificaci\u00f3n del PGM para declarar toda la ciudad de Barcelona sujeta al derecho de tanteo y retracto','1410949501326','width=700,height=500,toolbar=0,menubar=0,location=0,status=1,scrollbars=1,resizable=1,left=0,top=0');return false;\" style=\"background-position: -360px -120px \"><\/a>\r\n\t\t\t\t\t<\/li>\r\n\t\t\t\t\t\t\t\t\t\t<li class=\"none nobackground \" >\r\n\r\n\t\t\t\t\t\t\t\t\t\t\t\t<a id=\"backforunical3526\" href=\"http:\/\/www.odnoklassniki.ru\/dk?st.cmd=addShare&st.s=2&st.noresize=on&st._surl=www.fabregat-perulles-sales.com\/actualidad\/wp-json\/wp\/v2\/posts\/3526\"  onclick=\"javascript:void window.open('http:\/\/www.odnoklassniki.ru\/dk?st.cmd=addShare&st.s=2&st.noresize=on&st._surl=www.fabregat-perulles-sales.com\/actualidad\/wp-json\/wp\/v2\/posts\/3526','1410949501326','width=700,height=500,toolbar=0,menubar=0,location=0,status=1,scrollbars=1,resizable=1,left=0,top=0');return false;\" style=\"background-position: -390px -120px \"><\/a>\r\n\t\t\t\t\t<\/li>\r\n\t\t\t\t\t\t\t\t\t\t<li class=\"none nobackground \" >\r\n\r\n\t\t\t\t\t\t\t\t\t\t\t\t<a id=\"backforunical3526\" href=\"http:\/\/sns.qzone.qq.com\/cgi-bin\/qzshare\/cgi_qzshare_onekey?url=www.fabregat-perulles-sales.com\/actualidad\/wp-json\/wp\/v2\/posts\/3526&title=El Ayuntamiento de Barcelona aprueba inicialmente la Modificaci\u00f3n del PGM para declarar toda la ciudad de Barcelona sujeta al derecho de tanteo y retracto\"  onclick=\"javascript:void window.open('http:\/\/sns.qzone.qq.com\/cgi-bin\/qzshare\/cgi_qzshare_onekey?url=www.fabregat-perulles-sales.com\/actualidad\/wp-json\/wp\/v2\/posts\/3526&title=El Ayuntamiento de Barcelona aprueba inicialmente la Modificaci\u00f3n del PGM para declarar toda la ciudad de Barcelona sujeta al derecho de tanteo y retracto','1410949501326','width=700,height=500,toolbar=0,menubar=0,location=0,status=1,scrollbars=1,resizable=1,left=0,top=0');return false;\" style=\"background-position: -420px -120px \"><\/a>\r\n\t\t\t\t\t<\/li>\r\n\t\t\t\t\t\t\t\t\t\t<li class=\"none nobackground \" >\r\n\r\n\t\t\t\t\t\t\t\t\t\t\t\t<a id=\"backforunical3526\" href=\"http:\/\/service.weibo.com\/share\/share.php?url=www.fabregat-perulles-sales.com\/actualidad\/wp-json\/wp\/v2\/posts\/3526&appkey=&title=El Ayuntamiento de Barcelona aprueba inicialmente la Modificaci\u00f3n del PGM para declarar toda la ciudad de Barcelona sujeta al derecho de tanteo y retracto&pic=&ralateUid=&\"  onclick=\"javascript:void window.open('http:\/\/service.weibo.com\/share\/share.php?url=www.fabregat-perulles-sales.com\/actualidad\/wp-json\/wp\/v2\/posts\/3526&appkey=&title=El Ayuntamiento de Barcelona aprueba inicialmente la Modificaci\u00f3n del PGM para declarar toda la ciudad de Barcelona sujeta al derecho de tanteo y retracto&pic=&ralateUid=&','1410949501326','width=700,height=500,toolbar=0,menubar=0,location=0,status=1,scrollbars=1,resizable=1,left=0,top=0');return false;\" style=\"background-position: -450px -120px \"><\/a>\r\n\t\t\t\t\t<\/li>\r\n\t\t\t\t\t\t\t\t\t\t<li class=\"none nobackground \" >\r\n\r\n\t\t\t\t\t\t\t\t\t\t\t\t<a id=\"backforunical3526\" href=\"http:\/\/widget.renren.com\/dialog\/share?resourceUrl=www.fabregat-perulles-sales.com\/actualidad\/wp-json\/wp\/v2\/posts\/3526&srcUrl=www.fabregat-perulles-sales.com\/actualidad\/wp-json\/wp\/v2\/posts\/3526&title=El Ayuntamiento de Barcelona aprueba inicialmente la Modificaci\u00f3n del PGM para declarar toda la ciudad de Barcelona sujeta al derecho de tanteo y retracto\"  onclick=\"javascript:void window.open('http:\/\/widget.renren.com\/dialog\/share?resourceUrl=www.fabregat-perulles-sales.com\/actualidad\/wp-json\/wp\/v2\/posts\/3526&srcUrl=www.fabregat-perulles-sales.com\/actualidad\/wp-json\/wp\/v2\/posts\/3526&title=El Ayuntamiento de Barcelona aprueba inicialmente la Modificaci\u00f3n del PGM para declarar toda la ciudad de Barcelona sujeta al derecho de tanteo y retracto','1410949501326','width=700,height=500,toolbar=0,menubar=0,location=0,status=1,scrollbars=1,resizable=1,left=0,top=0');return false;\" style=\"background-position: -480px -120px \"><\/a>\r\n\t\t\t\t\t<\/li>\r\n\t\t\t\t\t\t\t\t\t\t<li class=\"none nobackground \" >\r\n\r\n\t\t\t\t\t\t\t\t\t\t\t\t<a id=\"backforunical3526\" href=\"http:\/\/n4g.com\/tips?url=www.fabregat-perulles-sales.com\/actualidad\/wp-json\/wp\/v2\/posts\/3526&title=El Ayuntamiento de Barcelona aprueba inicialmente la Modificaci\u00f3n del PGM para declarar toda la ciudad de Barcelona sujeta al derecho de tanteo y retracto\"  onclick=\"javascript:void window.open('http:\/\/n4g.com\/tips?url=www.fabregat-perulles-sales.com\/actualidad\/wp-json\/wp\/v2\/posts\/3526&title=El Ayuntamiento de Barcelona aprueba inicialmente la Modificaci\u00f3n del PGM para declarar toda la ciudad de Barcelona sujeta al derecho de tanteo y retracto','1410949501326','width=700,height=500,toolbar=0,menubar=0,location=0,status=1,scrollbars=1,resizable=1,left=0,top=0');return false;\" style=\"background-position: -510px -120px \"><\/a>\r\n\t\t\t\t\t<\/li>\r\n\t\t\t\t\t\t\t\t<\/ul>\r\n\t\t\t<div class=\"clear\"><\/div>\r\n\t\t<\/div>\r\n\t\t","protected":false},"excerpt":{"rendered":"<p>El Bolet\u00edn Oficial de la Provincia de Barcelona de 20 de junio de 2018, ha publicado el acuerdo adoptado por el Ayuntamiento de Barcelona en virtud del que se aprueba inicialmente la Modificaci\u00f3n del PGM cuyo objetivo es ampliar a toda la ciudad de Barcelona el derecho de tanteo y retracto, para as\u00ed dar preferencia\u2026 <span class=\"read-more\"><a href=\"https:\/\/www.fabregat-perulles-sales.com\/actualidad\/el-ayuntamiento-de-barcelona-aprueba-inicialmente-la-modificacion-del-pgm-para-declarar-toda-la-ciudad-de-barcelona-sujeta-al-derecho-de-tanteo-y-retracto\/\">Read More &raquo;<\/a><\/span><\/p>\n","protected":false},"author":3,"featured_media":0,"comment_status":"open","ping_status":"closed","sticky":false,"template":"","format":"standard","meta":[],"categories":[20,86,466,74],"tags":[826,1482,1481],"yoast_head":"<!-- This site is optimized with the Yoast SEO plugin v20.2.1 - https:\/\/yoast.com\/wordpress\/plugins\/seo\/ -->\n<title>Tanteo y Retracto Ayuntamiento Barcelona<\/title>\n<meta name=\"description\" content=\"El Ayuntamiento de Barcelona aprueba inicialmente la Modificaci\u00f3n del PGM para declarar toda la ciudad de Barcelona sujeta al derecho de tanteo y retracto\" \/>\n<meta name=\"robots\" content=\"index, follow, max-snippet:-1, max-image-preview:large, max-video-preview:-1\" \/>\n<link rel=\"canonical\" href=\"https:\/\/www.fabregat-perulles-sales.com\/actualidad\/el-ayuntamiento-de-barcelona-aprueba-inicialmente-la-modificacion-del-pgm-para-declarar-toda-la-ciudad-de-barcelona-sujeta-al-derecho-de-tanteo-y-retracto\/\" \/>\n<meta property=\"og:locale\" content=\"en_US\" \/>\n<meta property=\"og:type\" content=\"article\" \/>\n<meta property=\"og:title\" content=\"Tanteo y Retracto Ayuntamiento Barcelona\" \/>\n<meta property=\"og:description\" content=\"El Ayuntamiento de Barcelona aprueba inicialmente la Modificaci\u00f3n del PGM para declarar toda la ciudad de Barcelona sujeta al derecho de tanteo y retracto\" \/>\n<meta property=\"og:url\" content=\"https:\/\/www.fabregat-perulles-sales.com\/actualidad\/el-ayuntamiento-de-barcelona-aprueba-inicialmente-la-modificacion-del-pgm-para-declarar-toda-la-ciudad-de-barcelona-sujeta-al-derecho-de-tanteo-y-retracto\/\" \/>\n<meta property=\"og:site_name\" content=\"International Lawyers\" \/>\n<meta property=\"article:published_time\" content=\"2018-06-20T16:55:53+00:00\" \/>\n<meta property=\"article:modified_time\" content=\"2018-06-20T17:00:36+00:00\" \/>\n<meta property=\"og:image\" content=\"http:\/\/www.fabregat-perulles-sales.com\/actualidad\/wp-content\/uploads\/2018\/06\/tanteo-retracto-barcelona-abogados-espanol-200x300.jpg\" \/>\n<meta name=\"author\" content=\"Victor\" \/>\n<meta name=\"twitter:card\" content=\"summary_large_image\" \/>\n<meta name=\"twitter:label1\" content=\"Written by\" \/>\n\t<meta name=\"twitter:data1\" content=\"Victor\" \/>\n\t<meta name=\"twitter:label2\" content=\"Est. reading time\" \/>\n\t<meta name=\"twitter:data2\" content=\"2 minutes\" \/>\n<script type=\"application\/ld+json\" class=\"yoast-schema-graph\">{\"@context\":\"https:\/\/schema.org\",\"@graph\":[{\"@type\":\"WebPage\",\"@id\":\"https:\/\/www.fabregat-perulles-sales.com\/actualidad\/el-ayuntamiento-de-barcelona-aprueba-inicialmente-la-modificacion-del-pgm-para-declarar-toda-la-ciudad-de-barcelona-sujeta-al-derecho-de-tanteo-y-retracto\/\",\"url\":\"https:\/\/www.fabregat-perulles-sales.com\/actualidad\/el-ayuntamiento-de-barcelona-aprueba-inicialmente-la-modificacion-del-pgm-para-declarar-toda-la-ciudad-de-barcelona-sujeta-al-derecho-de-tanteo-y-retracto\/\",\"name\":\"Tanteo y Retracto Ayuntamiento Barcelona\",\"isPartOf\":{\"@id\":\"https:\/\/www.fabregat-perulles-sales.com\/actualidad\/#website\"},\"datePublished\":\"2018-06-20T16:55:53+00:00\",\"dateModified\":\"2018-06-20T17:00:36+00:00\",\"author\":{\"@id\":\"https:\/\/www.fabregat-perulles-sales.com\/actualidad\/#\/schema\/person\/cabc1d68c7778f01d5e069c2d98442e3\"},\"description\":\"El Ayuntamiento de Barcelona aprueba inicialmente la Modificaci\u00f3n del PGM para declarar toda la ciudad de Barcelona sujeta al derecho de tanteo y retracto\",\"breadcrumb\":{\"@id\":\"https:\/\/www.fabregat-perulles-sales.com\/actualidad\/el-ayuntamiento-de-barcelona-aprueba-inicialmente-la-modificacion-del-pgm-para-declarar-toda-la-ciudad-de-barcelona-sujeta-al-derecho-de-tanteo-y-retracto\/#breadcrumb\"},\"inLanguage\":\"en-US\",\"potentialAction\":[{\"@type\":\"ReadAction\",\"target\":[\"https:\/\/www.fabregat-perulles-sales.com\/actualidad\/el-ayuntamiento-de-barcelona-aprueba-inicialmente-la-modificacion-del-pgm-para-declarar-toda-la-ciudad-de-barcelona-sujeta-al-derecho-de-tanteo-y-retracto\/\"]}]},{\"@type\":\"BreadcrumbList\",\"@id\":\"https:\/\/www.fabregat-perulles-sales.com\/actualidad\/el-ayuntamiento-de-barcelona-aprueba-inicialmente-la-modificacion-del-pgm-para-declarar-toda-la-ciudad-de-barcelona-sujeta-al-derecho-de-tanteo-y-retracto\/#breadcrumb\",\"itemListElement\":[{\"@type\":\"ListItem\",\"position\":1,\"name\":\"Home\",\"item\":\"https:\/\/www.fabregat-perulles-sales.com\/actualidad\/\"},{\"@type\":\"ListItem\",\"position\":2,\"name\":\"El Ayuntamiento de Barcelona aprueba inicialmente la Modificaci\u00f3n del PGM para declarar toda la ciudad de Barcelona sujeta al derecho de tanteo y retracto\"}]},{\"@type\":\"WebSite\",\"@id\":\"https:\/\/www.fabregat-perulles-sales.com\/actualidad\/#website\",\"url\":\"https:\/\/www.fabregat-perulles-sales.com\/actualidad\/\",\"name\":\"www.fabregat-perulles-sales.com\",\"description\":\"Fabregat Perulles Sales Abogados is a law firm of reference international market in the Spanish-German, Spanish-French, and Spanish-Italian. Is one of the first firms in Barcelona offering a Russian Desk.\",\"potentialAction\":[{\"@type\":\"SearchAction\",\"target\":{\"@type\":\"EntryPoint\",\"urlTemplate\":\"https:\/\/www.fabregat-perulles-sales.com\/actualidad\/?s={search_term_string}\"},\"query-input\":\"required name=search_term_string\"}],\"inLanguage\":\"en-US\"},{\"@type\":\"Person\",\"@id\":\"https:\/\/www.fabregat-perulles-sales.com\/actualidad\/#\/schema\/person\/cabc1d68c7778f01d5e069c2d98442e3\",\"name\":\"Victor\",\"image\":{\"@type\":\"ImageObject\",\"inLanguage\":\"en-US\",\"@id\":\"https:\/\/www.fabregat-perulles-sales.com\/actualidad\/#\/schema\/person\/image\/\",\"url\":\"https:\/\/secure.gravatar.com\/avatar\/756cb666a964d2960ffe307b8a53b271?s=96&d=mm&r=g\",\"contentUrl\":\"https:\/\/secure.gravatar.com\/avatar\/756cb666a964d2960ffe307b8a53b271?s=96&d=mm&r=g\",\"caption\":\"Victor\"},\"sameAs\":[\"http:\/\/www.fabregat-perulles-sales.com\"],\"url\":\"https:\/\/www.fabregat-perulles-sales.com\/actualidad\/author\/victor\/\"}]}<\/script>\n<!-- \/ Yoast SEO plugin. -->","yoast_head_json":{"title":"Tanteo y Retracto Ayuntamiento Barcelona","description":"El Ayuntamiento de Barcelona aprueba inicialmente la Modificaci\u00f3n del PGM para declarar toda la ciudad de Barcelona sujeta al derecho de tanteo y retracto","robots":{"index":"index","follow":"follow","max-snippet":"max-snippet:-1","max-image-preview":"max-image-preview:large","max-video-preview":"max-video-preview:-1"},"canonical":"https:\/\/www.fabregat-perulles-sales.com\/actualidad\/el-ayuntamiento-de-barcelona-aprueba-inicialmente-la-modificacion-del-pgm-para-declarar-toda-la-ciudad-de-barcelona-sujeta-al-derecho-de-tanteo-y-retracto\/","og_locale":"en_US","og_type":"article","og_title":"Tanteo y Retracto Ayuntamiento Barcelona","og_description":"El Ayuntamiento de Barcelona aprueba inicialmente la Modificaci\u00f3n del PGM para declarar toda la ciudad de Barcelona sujeta al derecho de tanteo y retracto","og_url":"https:\/\/www.fabregat-perulles-sales.com\/actualidad\/el-ayuntamiento-de-barcelona-aprueba-inicialmente-la-modificacion-del-pgm-para-declarar-toda-la-ciudad-de-barcelona-sujeta-al-derecho-de-tanteo-y-retracto\/","og_site_name":"International Lawyers","article_published_time":"2018-06-20T16:55:53+00:00","article_modified_time":"2018-06-20T17:00:36+00:00","og_image":[{"url":"http:\/\/www.fabregat-perulles-sales.com\/actualidad\/wp-content\/uploads\/2018\/06\/tanteo-retracto-barcelona-abogados-espanol-200x300.jpg"}],"author":"Victor","twitter_card":"summary_large_image","twitter_misc":{"Written by":"Victor","Est. reading time":"2 minutes"},"schema":{"@context":"https:\/\/schema.org","@graph":[{"@type":"WebPage","@id":"https:\/\/www.fabregat-perulles-sales.com\/actualidad\/el-ayuntamiento-de-barcelona-aprueba-inicialmente-la-modificacion-del-pgm-para-declarar-toda-la-ciudad-de-barcelona-sujeta-al-derecho-de-tanteo-y-retracto\/","url":"https:\/\/www.fabregat-perulles-sales.com\/actualidad\/el-ayuntamiento-de-barcelona-aprueba-inicialmente-la-modificacion-del-pgm-para-declarar-toda-la-ciudad-de-barcelona-sujeta-al-derecho-de-tanteo-y-retracto\/","name":"Tanteo y Retracto Ayuntamiento Barcelona","isPartOf":{"@id":"https:\/\/www.fabregat-perulles-sales.com\/actualidad\/#website"},"datePublished":"2018-06-20T16:55:53+00:00","dateModified":"2018-06-20T17:00:36+00:00","author":{"@id":"https:\/\/www.fabregat-perulles-sales.com\/actualidad\/#\/schema\/person\/cabc1d68c7778f01d5e069c2d98442e3"},"description":"El Ayuntamiento de Barcelona aprueba inicialmente la Modificaci\u00f3n del PGM para declarar toda la ciudad de Barcelona sujeta al derecho de tanteo y retracto","breadcrumb":{"@id":"https:\/\/www.fabregat-perulles-sales.com\/actualidad\/el-ayuntamiento-de-barcelona-aprueba-inicialmente-la-modificacion-del-pgm-para-declarar-toda-la-ciudad-de-barcelona-sujeta-al-derecho-de-tanteo-y-retracto\/#breadcrumb"},"inLanguage":"en-US","potentialAction":[{"@type":"ReadAction","target":["https:\/\/www.fabregat-perulles-sales.com\/actualidad\/el-ayuntamiento-de-barcelona-aprueba-inicialmente-la-modificacion-del-pgm-para-declarar-toda-la-ciudad-de-barcelona-sujeta-al-derecho-de-tanteo-y-retracto\/"]}]},{"@type":"BreadcrumbList","@id":"https:\/\/www.fabregat-perulles-sales.com\/actualidad\/el-ayuntamiento-de-barcelona-aprueba-inicialmente-la-modificacion-del-pgm-para-declarar-toda-la-ciudad-de-barcelona-sujeta-al-derecho-de-tanteo-y-retracto\/#breadcrumb","itemListElement":[{"@type":"ListItem","position":1,"name":"Home","item":"https:\/\/www.fabregat-perulles-sales.com\/actualidad\/"},{"@type":"ListItem","position":2,"name":"El Ayuntamiento de Barcelona aprueba inicialmente la Modificaci\u00f3n del PGM para declarar toda la ciudad de Barcelona sujeta al derecho de tanteo y retracto"}]},{"@type":"WebSite","@id":"https:\/\/www.fabregat-perulles-sales.com\/actualidad\/#website","url":"https:\/\/www.fabregat-perulles-sales.com\/actualidad\/","name":"www.fabregat-perulles-sales.com","description":"Fabregat Perulles Sales Abogados is a law firm of reference international market in the Spanish-German, Spanish-French, and Spanish-Italian. Is one of the first firms in Barcelona offering a Russian Desk.","potentialAction":[{"@type":"SearchAction","target":{"@type":"EntryPoint","urlTemplate":"https:\/\/www.fabregat-perulles-sales.com\/actualidad\/?s={search_term_string}"},"query-input":"required name=search_term_string"}],"inLanguage":"en-US"},{"@type":"Person","@id":"https:\/\/www.fabregat-perulles-sales.com\/actualidad\/#\/schema\/person\/cabc1d68c7778f01d5e069c2d98442e3","name":"Victor","image":{"@type":"ImageObject","inLanguage":"en-US","@id":"https:\/\/www.fabregat-perulles-sales.com\/actualidad\/#\/schema\/person\/image\/","url":"https:\/\/secure.gravatar.com\/avatar\/756cb666a964d2960ffe307b8a53b271?s=96&d=mm&r=g","contentUrl":"https:\/\/secure.gravatar.com\/avatar\/756cb666a964d2960ffe307b8a53b271?s=96&d=mm&r=g","caption":"Victor"},"sameAs":["http:\/\/www.fabregat-perulles-sales.com"],"url":"https:\/\/www.fabregat-perulles-sales.com\/actualidad\/author\/victor\/"}]}},"amp_enabled":true,"_links":{"self":[{"href":"https:\/\/www.fabregat-perulles-sales.com\/actualidad\/wp-json\/wp\/v2\/posts\/3526"}],"collection":[{"href":"https:\/\/www.fabregat-perulles-sales.com\/actualidad\/wp-json\/wp\/v2\/posts"}],"about":[{"href":"https:\/\/www.fabregat-perulles-sales.com\/actualidad\/wp-json\/wp\/v2\/types\/post"}],"author":[{"embeddable":true,"href":"https:\/\/www.fabregat-perulles-sales.com\/actualidad\/wp-json\/wp\/v2\/users\/3"}],"replies":[{"embeddable":true,"href":"https:\/\/www.fabregat-perulles-sales.com\/actualidad\/wp-json\/wp\/v2\/comments?post=3526"}],"version-history":[{"count":6,"href":"https:\/\/www.fabregat-perulles-sales.com\/actualidad\/wp-json\/wp\/v2\/posts\/3526\/revisions"}],"predecessor-version":[{"id":3533,"href":"https:\/\/www.fabregat-perulles-sales.com\/actualidad\/wp-json\/wp\/v2\/posts\/3526\/revisions\/3533"}],"wp:attachment":[{"href":"https:\/\/www.fabregat-perulles-sales.com\/actualidad\/wp-json\/wp\/v2\/media?parent=3526"}],"wp:term":[{"taxonomy":"category","embeddable":true,"href":"https:\/\/www.fabregat-perulles-sales.com\/actualidad\/wp-json\/wp\/v2\/categories?post=3526"},{"taxonomy":"post_tag","embeddable":true,"href":"https:\/\/www.fabregat-perulles-sales.com\/actualidad\/wp-json\/wp\/v2\/tags?post=3526"}],"curies":[{"name":"wp","href":"https:\/\/api.w.org\/{rel}","templated":true}]}}