{"id":3523,"date":"2018-06-20T17:34:13","date_gmt":"2018-06-20T16:34:13","guid":{"rendered":"http:\/\/www.fabregat-perulles-sales.com\/actualidad\/?p=3523"},"modified":"2018-06-20T18:03:21","modified_gmt":"2018-06-20T17:03:21","slug":"el-ayuntamiento-de-barcelona-aprueba-inicialmente-la-modificacion-del-pgm-para-obligar-a-los-promotores-a-incrementar-el-parque-de-viviendas-de-proteccion-oficial","status":"publish","type":"post","link":"https:\/\/www.fabregat-perulles-sales.com\/actualidad\/el-ayuntamiento-de-barcelona-aprueba-inicialmente-la-modificacion-del-pgm-para-obligar-a-los-promotores-a-incrementar-el-parque-de-viviendas-de-proteccion-oficial\/","title":{"rendered":"El Ayuntamiento de Barcelona aprueba inicialmente la Modificaci\u00f3n del PGM para obligar a los promotores a incrementar el parque de viviendas de protecci\u00f3n oficial"},"content":{"rendered":"<p><img decoding=\"async\" loading=\"lazy\" class=\"alignright size-medium wp-image-3524\" src=\"http:\/\/www.fabregat-perulles-sales.com\/actualidad\/wp-content\/uploads\/2018\/06\/edificio-vivienda-barcelona-abogados-espanol-300x191.jpg\" alt=\"edificio vivienda barcelona PGM \" width=\"300\" height=\"191\" srcset=\"https:\/\/www.fabregat-perulles-sales.com\/actualidad\/wp-content\/uploads\/2018\/06\/edificio-vivienda-barcelona-abogados-espanol-300x191.jpg 300w, https:\/\/www.fabregat-perulles-sales.com\/actualidad\/wp-content\/uploads\/2018\/06\/edificio-vivienda-barcelona-abogados-espanol.jpg 535w\" sizes=\"(max-width: 300px) 100vw, 300px\" \/>El <a href=\"https:\/\/bop.diba.cat\/scripts\/ftpisa.aspx?fnew?bop2018&amp;06\/022018013203.pdf&amp;1\" target=\"_blank\" rel=\"noopener noreferrer\">Bolet\u00edn Oficial de la Provincia de Barcelona de 20 de junio de 2018<\/a>, ha publicado el acuerdo adoptado por el Ayuntamiento de Barcelona en virtud del que se aprueba inicialmente la Modificaci\u00f3n del PGM para incrementar el parque de viviendas de protecci\u00f3n oficial.<\/p>\n<p>De aprobarse definitivamente la Modificaci\u00f3n del PGM en los t\u00e9rminos aprobados de forma inicial, <strong>las actuaciones edificatorias de vivienda plurifamiliar de nueva construcci\u00f3n o gran rehabilitaci\u00f3n que tengan un techo urban\u00edstico de vivienda superior a 600 m2, deber\u00e1n destinar un m\u00ednimo del 30% de dicho techo a vivienda de protecci\u00f3n p\u00fablica<\/strong>.<\/p>\n<p><!--more--><\/p>\n<p>Se entender\u00e1 por <u>nueva construcci\u00f3n<\/u>, las obras mayores correspondientes a:<\/p>\n<p><strong>1)<\/strong> Construcci\u00f3n y edificaciones de nueva planta.<\/p>\n<p><strong>2)<\/strong> Ampliaci\u00f3n de edificios que den lugar a nuevos locales o unidades funcionales.<\/p>\n<p>Se entender\u00e1 por <u>gran rehabilitaci\u00f3n<\/u>, las obras mayores siguientes:<\/p>\n<p><strong>1)<\/strong> Obras que constituyan una actuaci\u00f3n global en el edificio que, adem\u00e1s, comporte alguna de las siguientes actuaciones: incremento del techo o volumen edificado; incremento del n\u00famero de viviendas, departamentos o unidades funcionales existentes anteriormente; cambio del uso principal del edificio; redistribuci\u00f3n general de espacios con modificaci\u00f3n de elementos comunes del edificio.<\/p>\n<p><strong>2)<\/strong> La sustituci\u00f3n del edificio, aunque se mantenga la fachada o alg\u00fan otro elemento estructural.<\/p>\n<p><strong>3)<\/strong> La ejecuci\u00f3n simult\u00e1nea o sucesiva de otras obras de reforma o rehabilitaci\u00f3n que tengan un coste igual o superior al 50% del valor de una construcci\u00f3n de nueva planta de caracter\u00edsticas similares y con el mismo techo que la edificaci\u00f3n existente.<\/p>\n<p><strong><u>Se except\u00faan de dicha obligaci\u00f3n, los siguientes supuestos: <\/u><\/strong><\/p>\n<p><strong>i)<\/strong> Parcelas resultantes de la ejecuci\u00f3n de pol\u00edgonos de actuaci\u00f3n o incluidas en actuaciones de dotaci\u00f3n que hubieran incorporado una reserva para viviendas de protecci\u00f3n p\u00fablica.<\/p>\n<p><strong>ii)<\/strong> Edificios con un grado de protecci\u00f3n A, B y C cuando la rehabilitaci\u00f3n de la edificaci\u00f3n comporte el mantenimiento o recuperaci\u00f3n de la tipolog\u00eda original, de acuerdo con los Planes Especiales de Protecci\u00f3n del Patrimonio Arquitect\u00f3nico y Cat\u00e1logo de Distritos, y que no se incremente el n\u00famero de viviendas original objeto de protecci\u00f3n.<\/p>\n<p><strong>iii)<\/strong> Licencias tramitadas antes de la aprobaci\u00f3n definitiva de la nueva normativa y su ejecutividad (esto es, publicaci\u00f3n en los diarios oficiales).<\/p>\n<p><strong>iv)<\/strong> Operaciones en que la compra de las viviendas o solares se haya otorgado, mediante escritura p\u00fablica, entre el 1 de julio de 2016 y la entrada en vigor de la nueva norma, siempre y cuando se solicite la licencia en un plazo de 2 a\u00f1os a contar desde la aprobaci\u00f3n definitiva.<\/p>\n<p><strong>v)<\/strong> Operaciones en que la compra de las viviendas o solares se haya otorgado, mediante escritura p\u00fablica, entre 1 de enero y 30 de junio de 2016, ya que, en este caso, la obligaci\u00f3n de destinar parcialmente el techo que resulte de las actuaciones ser\u00e1 del 20%. Transcurridos dos a\u00f1os desde la entrada en vigor de la Modificaci\u00f3n, deber\u00e1n sin embargo destinar tambi\u00e9n el 30%.<\/p>\n<p>Esta \u00faltima excepci\u00f3n sin duda, ser\u00e1 objeto de amplio debate pues ofrece un tratamiento diferenciado, y claramente discriminatorio, respecto a las transacciones formalizadas entre el 1 de enero y 30 de junio de 2016, ya que en estos casos, se deber\u00e1 destinar un 20% del techo a vivienda de protecci\u00f3n oficial en los supuestos establecidos, mientras que aquellas transacciones formalizadas a partir del 30 de junio de 2016 hasta la entrada en vigor de la nueva norma, dispondr\u00e1n de una \u201cvacatio legis\u201d de dos a\u00f1os.<\/p>\n<p>La Modificaci\u00f3n aprobada inicialmente tambi\u00e9n se\u00f1ala que las licencias de segregaci\u00f3n de fincas podr\u00e1n ser denegadas si resulta que en las parcelas resultantes se revela la imposibilidad de aplicar la obligaci\u00f3n de destinar parte del techo a vivienda de protecci\u00f3n p\u00fablica en los t\u00e9rminos previstos.<\/p>\n<p>A partir de ahora, se abre un <strong>per\u00edodo de exposici\u00f3n al p\u00fablico que finalizar\u00e1 el pr\u00f3ximo 20 de julio de 2018<\/strong> durante el cual se podr\u00e1n presentar alegaciones y a partir de entonces, el Pleno del Ayuntamiento podr\u00e1, en su caso, aprobar provisionalmente la Modificaci\u00f3n del PGM. La aprobaci\u00f3n definitiva corresponde a la Subcomisi\u00f3n de Urbanismo, formada por miembros del Consistorio y de la Generalitat de Catalunya, pudiendo por tanto, sus previsiones variar de las aprobadas inicialmente y que han sido arriba expuestas.<\/p>\n<p>Por \u00faltimo, indicar que en contra de aquella voluntad expresada por el Ayuntamiento la semana pasada, esta aprobaci\u00f3n inicial no ha ido acompa\u00f1ada de una suspensi\u00f3n de licencias por lo que todos aquellos promotores que pudieran verse afectados por las nuevas medidas, es conveniente que procedan a solicitar las correspondientes licencias antes de que se apruebe definitivamente la Modificaci\u00f3n del PGM.<\/p>\n<p>&nbsp;<\/p>\n<p>&nbsp;<\/p>\n\r\n\t\t<style>\r\n\t\t\t.huge-it-share-buttons {\r\n\t\t\t\tborder:0px solid #0FB5D6;\r\n\t\t\t\tborder-radius:5px;\r\n\t\t\t\tbackground:#3BD8FF;\r\n\t\t\t text-align:left; \t\t\t\t\t\t\t\t\t}\r\n\r\n\t\t\t#huge-it-share-buttons-top {margin-bottom:0px;}\r\n\t\t\t#huge-it-share-buttons-bottom {margin-top:0px;}\r\n\r\n\t\t\t.huge-it-share-buttons h3 {\r\n\t\t\t\tfont-size:25px ;\r\n\t\t\t\tfont-family:Arial,Helvetica Neue,Helvetica,sans-serif;\r\n\t\t\t\tcolor:#666666;\r\n\r\n\t\t\tdisplay:block;\t\t\t\tline-height:25px ;\r\n\r\n\t\t\t text-align:left; \t\t\t\t\t\t\t\t\t}\r\n\r\n\t\t\t.huge-it-share-buttons ul {\r\n\t\t\t float:left; \t\t\t\t\t\t\t\t\t}\r\n\r\n\t\t\t.huge-it-share-buttons ul li {\r\n\t\t\t\tmargin-left:3px;\r\n\t\t\t\tmargin-right:3px;\r\n\t\t\t\tpadding:0px;\r\n\t\t\t\tborder:0px ridge #E6354C;\r\n\t\t\t\tborder-radius:11px;\r\n\t\t\t\tbackground-color:#14CC9B;\r\n\t\t\t}\r\n\r\n\t\t\t.huge-it-share-buttons ul li #backforunical3523 {\r\n\t\t\t\tborder-bottom: 0;\r\n\t\t\t\tbackground-image:url('https:\/\/www.fabregat-perulles-sales.com\/actualidad\/wp-content\/plugins\/wp-share-buttons\/Front_end\/..\/images\/buttons.30.png');\r\n\t\t\t\twidth:30px;\r\n\t\t\t\theight:30px;\r\n\t\t\t}\r\n\r\n\t\t\t.front-shares-count {\r\n\t\t\t\tposition: absolute;\r\n\t\t\t\ttext-align: center;\r\n\t\t\t\tdisplay: block;\r\n\t\t\t}\r\n\r\n\t\t\t.shares_size20 .front-shares-count {\r\n\t\t\t\tfont-size: 10px;\r\n\t\t\t\ttop: 10px;\r\n\t\t\t\twidth: 20px;\r\n\t\t\t}\r\n\r\n\t\t\t.shares_size30 .front-shares-count {\r\n\t\t\t\tfont-size: 11px;\r\n\t\t\t\ttop: 15px;\r\n\t\t\t\twidth: 30px;\r\n\t\t\t}\r\n\r\n\t\t\t.shares_size40 .front-shares-count {\r\n\t\t\t\tfont-size: 12px;\r\n\t\t\t\ttop: 21px;\r\n\t\t\t\twidth: 40px;\r\n\t\t\t}\r\n\t\t<\/style>\r\n\t\t\r\n\t\t<div id=\"huge-it-share-buttons-top\" class=\"huge-it-share-buttons nobackground\">\r\n\t\t\t<h3>Share This:<\/h3>\r\n\t\t\t<ul class=\"huge-it-share-buttons-list \">\r\n\t\t\t\t\t\t\t\t\t<li class=\"nobackground \" >\r\n\r\n\t\t\t\t\t\t\t\t\t\t\t\t<a id=\"backforunical3523\" href=\"https:\/\/www.facebook.com\/sharer\/sharer.php?u=www.fabregat-perulles-sales.com\/actualidad\/wp-json\/wp\/v2\/posts\/3523\"  onclick=\"javascript:void window.open('https:\/\/www.facebook.com\/sharer\/sharer.php?u=www.fabregat-perulles-sales.com\/actualidad\/wp-json\/wp\/v2\/posts\/3523','1410949501326','width=700,height=500,toolbar=0,menubar=0,location=0,status=1,scrollbars=1,resizable=1,left=0,top=0');return false;\" style=\"background-position: -0px -120px \"><\/a>\r\n\t\t\t\t\t<\/li>\r\n\t\t\t\t\t\t\t\t\t\t<li class=\"nobackground \" >\r\n\r\n\t\t\t\t\t\t\t\t\t\t\t\t<a id=\"backforunical3523\" href=\"https:\/\/twitter.com\/share?status=www.fabregat-perulles-sales.com\/actualidad\/wp-json\/wp\/v2\/posts\/3523&text=El Ayuntamiento de Barcelona aprueba inicialmente la Modificaci\u00f3n del PGM para obligar a los promotores a incrementar el parque de viviendas de protecci\u00f3n oficial\"  onclick=\"javascript:void window.open('https:\/\/twitter.com\/share?status=www.fabregat-perulles-sales.com\/actualidad\/wp-json\/wp\/v2\/posts\/3523&text=El Ayuntamiento de Barcelona aprueba inicialmente la Modificaci\u00f3n del PGM para obligar a los promotores a incrementar el parque de viviendas de protecci\u00f3n oficial','1410949501326','width=700,height=500,toolbar=0,menubar=0,location=0,status=1,scrollbars=1,resizable=1,left=0,top=0');return false;\" style=\"background-position: -30px -120px \"><\/a>\r\n\t\t\t\t\t<\/li>\r\n\t\t\t\t\t\t\t\t\t\t<li class=\"none nobackground \" >\r\n\r\n\t\t\t\t\t\t\t\t\t\t\t\t<a id=\"backforunical3523\" href=\"http:\/\/www.pinterest.com\/pin\/create\/button\/?url=www.fabregat-perulles-sales.com\/actualidad\/wp-json\/wp\/v2\/posts\/3523&media=https:\/\/www.fabregat-perulles-sales.com\/actualidad\/wp-content\/plugins\/wp-share-buttons\/Front_end\/..\/images\/noimage.png&description=El Ayuntamiento de Barcelona aprueba inicialmente la Modificaci\u00f3n del PGM para obligar a los promotores a incrementar el parque de viviendas de protecci\u00f3n oficial\"  onclick=\"javascript:void window.open('http:\/\/www.pinterest.com\/pin\/create\/button\/?url=www.fabregat-perulles-sales.com\/actualidad\/wp-json\/wp\/v2\/posts\/3523&media=https:\/\/www.fabregat-perulles-sales.com\/actualidad\/wp-content\/plugins\/wp-share-buttons\/Front_end\/..\/images\/noimage.png&description=El Ayuntamiento de Barcelona aprueba inicialmente la Modificaci\u00f3n del PGM para obligar a los promotores a incrementar el parque de viviendas de protecci\u00f3n oficial','1410949501326','width=700,height=500,toolbar=0,menubar=0,location=0,status=1,scrollbars=1,resizable=1,left=0,top=0');return false;\" style=\"background-position: -60px -120px \"><\/a>\r\n\t\t\t\t\t<\/li>\r\n\t\t\t\t\t\t\t\t\t\t<li class=\"none nobackground \" >\r\n\r\n\t\t\t\t\t\t\t\t\t\t\t\t<a id=\"backforunical3523\" href=\"https:\/\/plus.google.com\/share?url=www.fabregat-perulles-sales.com\/actualidad\/wp-json\/wp\/v2\/posts\/3523\"  onclick=\"javascript:void window.open('https:\/\/plus.google.com\/share?url=www.fabregat-perulles-sales.com\/actualidad\/wp-json\/wp\/v2\/posts\/3523','1410949501326','width=700,height=500,toolbar=0,menubar=0,location=0,status=1,scrollbars=1,resizable=1,left=0,top=0');return false;\" style=\"background-position: -90px -120px \"><\/a>\r\n\t\t\t\t\t<\/li>\r\n\t\t\t\t\t\t\t\t\t\t<li class=\"nobackground \" >\r\n\r\n\t\t\t\t\t\t\t\t\t\t\t\t<a id=\"backforunical3523\" href=\"https:\/\/www.linkedin.com\/shareArticle?title=El Ayuntamiento de Barcelona aprueba inicialmente la Modificaci\u00f3n del PGM para obligar a los promotores a incrementar el parque de viviendas de protecci\u00f3n oficial&mini=true&url=https:\/\/www.fabregat-perulles-sales.com\/actualidad\/wp-json\/wp\/v2\/posts\/3523\"  onclick=\"javascript:void window.open('https:\/\/www.linkedin.com\/shareArticle?title=El Ayuntamiento de Barcelona aprueba inicialmente la Modificaci\u00f3n del PGM para obligar a los promotores a incrementar el parque de viviendas de protecci\u00f3n oficial&mini=true&url=https:\/\/www.fabregat-perulles-sales.com\/actualidad\/wp-json\/wp\/v2\/posts\/3523','1410949501326','width=700,height=500,toolbar=0,menubar=0,location=0,status=1,scrollbars=1,resizable=1,left=0,top=0');return false;\" style=\"background-position: -120px -120px \"><\/a>\r\n\t\t\t\t\t<\/li>\r\n\t\t\t\t\t\t\t\t\t\t<li class=\"none nobackground \" >\r\n\r\n\t\t\t\t\t\t\t\t\t\t\t\t<a id=\"backforunical3523\" href=\"https:\/\/www.tumblr.com\/share\/link?url=www.fabregat-perulles-sales.com\/actualidad\/wp-json\/wp\/v2\/posts\/3523&name=El Ayuntamiento de Barcelona aprueba inicialmente la Modificaci\u00f3n del PGM para obligar a los promotores a incrementar el parque de viviendas de protecci\u00f3n oficial\"  onclick=\"javascript:void window.open('https:\/\/www.tumblr.com\/share\/link?url=www.fabregat-perulles-sales.com\/actualidad\/wp-json\/wp\/v2\/posts\/3523&name=El Ayuntamiento de Barcelona aprueba inicialmente la Modificaci\u00f3n del PGM para obligar a los promotores a incrementar el parque de viviendas de protecci\u00f3n oficial','1410949501326','width=700,height=500,toolbar=0,menubar=0,location=0,status=1,scrollbars=1,resizable=1,left=0,top=0');return false;\" style=\"background-position: -150px -120px \"><\/a>\r\n\t\t\t\t\t<\/li>\r\n\t\t\t\t\t\t\t\t\t\t<li class=\"none nobackground \" >\r\n\r\n\t\t\t\t\t\t\t\t\t\t\t\t<a id=\"backforunical3523\" href=\"http:\/\/digg.com\/submit?phase=2&url=www.fabregat-perulles-sales.com\/actualidad\/wp-json\/wp\/v2\/posts\/3523&title=El Ayuntamiento de Barcelona aprueba inicialmente la Modificaci\u00f3n del PGM para obligar a los promotores a incrementar el parque de viviendas de protecci\u00f3n oficial\"  onclick=\"javascript:void window.open('http:\/\/digg.com\/submit?phase=2&url=www.fabregat-perulles-sales.com\/actualidad\/wp-json\/wp\/v2\/posts\/3523&title=El Ayuntamiento de Barcelona aprueba inicialmente la Modificaci\u00f3n del PGM para obligar a los promotores a incrementar el parque de viviendas de protecci\u00f3n oficial','1410949501326','width=700,height=500,toolbar=0,menubar=0,location=0,status=1,scrollbars=1,resizable=1,left=0,top=0');return false;\" style=\"background-position: -180px -120px \"><\/a>\r\n\t\t\t\t\t<\/li>\r\n\t\t\t\t\t\t\t\t\t\t<li class=\"none nobackground \" >\r\n\r\n\t\t\t\t\t\t\t\t\t\t\t\t<a id=\"backforunical3523\" href=\"http:\/\/www.stumbleupon.com\/submit?url=www.fabregat-perulles-sales.com\/actualidad\/wp-json\/wp\/v2\/posts\/3523&title=El Ayuntamiento de Barcelona aprueba inicialmente la Modificaci\u00f3n del PGM para obligar a los promotores a incrementar el parque de viviendas de protecci\u00f3n oficial\"  onclick=\"javascript:void window.open('http:\/\/www.stumbleupon.com\/submit?url=www.fabregat-perulles-sales.com\/actualidad\/wp-json\/wp\/v2\/posts\/3523&title=El Ayuntamiento de Barcelona aprueba inicialmente la Modificaci\u00f3n del PGM para obligar a los promotores a incrementar el parque de viviendas de protecci\u00f3n oficial','1410949501326','width=700,height=500,toolbar=0,menubar=0,location=0,status=1,scrollbars=1,resizable=1,left=0,top=0');return false;\" style=\"background-position: -210px -120px \"><\/a>\r\n\t\t\t\t\t<\/li>\r\n\t\t\t\t\t\t\t\t\t\t<li class=\"none nobackground \" >\r\n\r\n\t\t\t\t\t\t\t\t\t\t\t\t<a id=\"backforunical3523\" href=\"https:\/\/myspace.com\/post?l=3&u=www.fabregat-perulles-sales.com\/actualidad\/wp-json\/wp\/v2\/posts\/3523\"  onclick=\"javascript:void window.open('https:\/\/myspace.com\/post?l=3&u=www.fabregat-perulles-sales.com\/actualidad\/wp-json\/wp\/v2\/posts\/3523','1410949501326','width=700,height=500,toolbar=0,menubar=0,location=0,status=1,scrollbars=1,resizable=1,left=0,top=0');return false;\" style=\"background-position: -240px -120px \"><\/a>\r\n\t\t\t\t\t<\/li>\r\n\t\t\t\t\t\t\t\t\t\t<li class=\"nobackground \" >\r\n\r\n\t\t\t\t\t\t\t\t\t\t\t\t<a id=\"backforunical3523\" href=\"http:\/\/vk.com\/share.php?url=www.fabregat-perulles-sales.com\/actualidad\/wp-json\/wp\/v2\/posts\/3523&title=El Ayuntamiento de Barcelona aprueba inicialmente la Modificaci\u00f3n del PGM para obligar a los promotores a incrementar el parque de viviendas de protecci\u00f3n oficial\"  onclick=\"javascript:void window.open('http:\/\/vk.com\/share.php?url=www.fabregat-perulles-sales.com\/actualidad\/wp-json\/wp\/v2\/posts\/3523&title=El Ayuntamiento de Barcelona aprueba inicialmente la Modificaci\u00f3n del PGM para obligar a los promotores a incrementar el parque de viviendas de protecci\u00f3n oficial','1410949501326','width=700,height=500,toolbar=0,menubar=0,location=0,status=1,scrollbars=1,resizable=1,left=0,top=0');return false;\" style=\"background-position: -270px -120px \"><\/a>\r\n\t\t\t\t\t<\/li>\r\n\t\t\t\t\t\t\t\t\t\t<li class=\"none nobackground \" >\r\n\r\n\t\t\t\t\t\t\t\t\t\t\t\t<a id=\"backforunical3523\" href=\"http:\/\/www.reddit.com\/submit?url=www.fabregat-perulles-sales.com\/actualidad\/wp-json\/wp\/v2\/posts\/3523&title=El Ayuntamiento de Barcelona aprueba inicialmente la Modificaci\u00f3n del PGM para obligar a los promotores a incrementar el parque de viviendas de protecci\u00f3n oficial\"  onclick=\"javascript:void window.open('http:\/\/www.reddit.com\/submit?url=www.fabregat-perulles-sales.com\/actualidad\/wp-json\/wp\/v2\/posts\/3523&title=El Ayuntamiento de Barcelona aprueba inicialmente la Modificaci\u00f3n del PGM para obligar a los promotores a incrementar el parque de viviendas de protecci\u00f3n oficial','1410949501326','width=700,height=500,toolbar=0,menubar=0,location=0,status=1,scrollbars=1,resizable=1,left=0,top=0');return false;\" style=\"background-position: -300px -120px \"><\/a>\r\n\t\t\t\t\t<\/li>\r\n\t\t\t\t\t\t\t\t\t\t<li class=\"none nobackground \" >\r\n\r\n\t\t\t\t\t\t\t\t\t\t\t\t<a id=\"backforunical3523\" href=\"http:\/\/www.bebo.com\/c\/share?Url=www.fabregat-perulles-sales.com\/actualidad\/wp-json\/wp\/v2\/posts\/3523\"  onclick=\"javascript:void window.open('http:\/\/www.bebo.com\/c\/share?Url=www.fabregat-perulles-sales.com\/actualidad\/wp-json\/wp\/v2\/posts\/3523','1410949501326','width=700,height=500,toolbar=0,menubar=0,location=0,status=1,scrollbars=1,resizable=1,left=0,top=0');return false;\" style=\"background-position: -330px -120px \"><\/a>\r\n\t\t\t\t\t<\/li>\r\n\t\t\t\t\t\t\t\t\t\t<li class=\"none nobackground \" >\r\n\r\n\t\t\t\t\t\t\t\t\t\t\t\t<a id=\"backforunical3523\" href=\"https:\/\/delicious.com\/save?v=5&noui&jump=close&url=www.fabregat-perulles-sales.com\/actualidad\/wp-json\/wp\/v2\/posts\/3523&title=El Ayuntamiento de Barcelona aprueba inicialmente la Modificaci\u00f3n del PGM para obligar a los promotores a incrementar el parque de viviendas de protecci\u00f3n oficial\"  onclick=\"javascript:void window.open('https:\/\/delicious.com\/save?v=5&noui&jump=close&url=www.fabregat-perulles-sales.com\/actualidad\/wp-json\/wp\/v2\/posts\/3523&title=El Ayuntamiento de Barcelona aprueba inicialmente la Modificaci\u00f3n del PGM para obligar a los promotores a incrementar el parque de viviendas de protecci\u00f3n oficial','1410949501326','width=700,height=500,toolbar=0,menubar=0,location=0,status=1,scrollbars=1,resizable=1,left=0,top=0');return false;\" style=\"background-position: -360px -120px \"><\/a>\r\n\t\t\t\t\t<\/li>\r\n\t\t\t\t\t\t\t\t\t\t<li class=\"none nobackground \" >\r\n\r\n\t\t\t\t\t\t\t\t\t\t\t\t<a id=\"backforunical3523\" href=\"http:\/\/www.odnoklassniki.ru\/dk?st.cmd=addShare&st.s=2&st.noresize=on&st._surl=www.fabregat-perulles-sales.com\/actualidad\/wp-json\/wp\/v2\/posts\/3523\"  onclick=\"javascript:void window.open('http:\/\/www.odnoklassniki.ru\/dk?st.cmd=addShare&st.s=2&st.noresize=on&st._surl=www.fabregat-perulles-sales.com\/actualidad\/wp-json\/wp\/v2\/posts\/3523','1410949501326','width=700,height=500,toolbar=0,menubar=0,location=0,status=1,scrollbars=1,resizable=1,left=0,top=0');return false;\" style=\"background-position: -390px -120px \"><\/a>\r\n\t\t\t\t\t<\/li>\r\n\t\t\t\t\t\t\t\t\t\t<li class=\"none nobackground \" >\r\n\r\n\t\t\t\t\t\t\t\t\t\t\t\t<a id=\"backforunical3523\" href=\"http:\/\/sns.qzone.qq.com\/cgi-bin\/qzshare\/cgi_qzshare_onekey?url=www.fabregat-perulles-sales.com\/actualidad\/wp-json\/wp\/v2\/posts\/3523&title=El Ayuntamiento de Barcelona aprueba inicialmente la Modificaci\u00f3n del PGM para obligar a los promotores a incrementar el parque de viviendas de protecci\u00f3n oficial\"  onclick=\"javascript:void window.open('http:\/\/sns.qzone.qq.com\/cgi-bin\/qzshare\/cgi_qzshare_onekey?url=www.fabregat-perulles-sales.com\/actualidad\/wp-json\/wp\/v2\/posts\/3523&title=El Ayuntamiento de Barcelona aprueba inicialmente la Modificaci\u00f3n del PGM para obligar a los promotores a incrementar el parque de viviendas de protecci\u00f3n oficial','1410949501326','width=700,height=500,toolbar=0,menubar=0,location=0,status=1,scrollbars=1,resizable=1,left=0,top=0');return false;\" style=\"background-position: -420px -120px \"><\/a>\r\n\t\t\t\t\t<\/li>\r\n\t\t\t\t\t\t\t\t\t\t<li class=\"none nobackground \" >\r\n\r\n\t\t\t\t\t\t\t\t\t\t\t\t<a id=\"backforunical3523\" href=\"http:\/\/service.weibo.com\/share\/share.php?url=www.fabregat-perulles-sales.com\/actualidad\/wp-json\/wp\/v2\/posts\/3523&appkey=&title=El Ayuntamiento de Barcelona aprueba inicialmente la Modificaci\u00f3n del PGM para obligar a los promotores a incrementar el parque de viviendas de protecci\u00f3n oficial&pic=&ralateUid=&\"  onclick=\"javascript:void window.open('http:\/\/service.weibo.com\/share\/share.php?url=www.fabregat-perulles-sales.com\/actualidad\/wp-json\/wp\/v2\/posts\/3523&appkey=&title=El Ayuntamiento de Barcelona aprueba inicialmente la Modificaci\u00f3n del PGM para obligar a los promotores a incrementar el parque de viviendas de protecci\u00f3n oficial&pic=&ralateUid=&','1410949501326','width=700,height=500,toolbar=0,menubar=0,location=0,status=1,scrollbars=1,resizable=1,left=0,top=0');return false;\" style=\"background-position: -450px -120px \"><\/a>\r\n\t\t\t\t\t<\/li>\r\n\t\t\t\t\t\t\t\t\t\t<li class=\"none nobackground \" >\r\n\r\n\t\t\t\t\t\t\t\t\t\t\t\t<a id=\"backforunical3523\" href=\"http:\/\/widget.renren.com\/dialog\/share?resourceUrl=www.fabregat-perulles-sales.com\/actualidad\/wp-json\/wp\/v2\/posts\/3523&srcUrl=www.fabregat-perulles-sales.com\/actualidad\/wp-json\/wp\/v2\/posts\/3523&title=El Ayuntamiento de Barcelona aprueba inicialmente la Modificaci\u00f3n del PGM para obligar a los promotores a incrementar el parque de viviendas de protecci\u00f3n oficial\"  onclick=\"javascript:void window.open('http:\/\/widget.renren.com\/dialog\/share?resourceUrl=www.fabregat-perulles-sales.com\/actualidad\/wp-json\/wp\/v2\/posts\/3523&srcUrl=www.fabregat-perulles-sales.com\/actualidad\/wp-json\/wp\/v2\/posts\/3523&title=El Ayuntamiento de Barcelona aprueba inicialmente la Modificaci\u00f3n del PGM para obligar a los promotores a incrementar el parque de viviendas de protecci\u00f3n oficial','1410949501326','width=700,height=500,toolbar=0,menubar=0,location=0,status=1,scrollbars=1,resizable=1,left=0,top=0');return false;\" style=\"background-position: -480px -120px \"><\/a>\r\n\t\t\t\t\t<\/li>\r\n\t\t\t\t\t\t\t\t\t\t<li class=\"none nobackground \" >\r\n\r\n\t\t\t\t\t\t\t\t\t\t\t\t<a id=\"backforunical3523\" href=\"http:\/\/n4g.com\/tips?url=www.fabregat-perulles-sales.com\/actualidad\/wp-json\/wp\/v2\/posts\/3523&title=El Ayuntamiento de Barcelona aprueba inicialmente la Modificaci\u00f3n del PGM para obligar a los promotores a incrementar el parque de viviendas de protecci\u00f3n oficial\"  onclick=\"javascript:void window.open('http:\/\/n4g.com\/tips?url=www.fabregat-perulles-sales.com\/actualidad\/wp-json\/wp\/v2\/posts\/3523&title=El Ayuntamiento de Barcelona aprueba inicialmente la Modificaci\u00f3n del PGM para obligar a los promotores a incrementar el parque de viviendas de protecci\u00f3n oficial','1410949501326','width=700,height=500,toolbar=0,menubar=0,location=0,status=1,scrollbars=1,resizable=1,left=0,top=0');return false;\" style=\"background-position: -510px -120px \"><\/a>\r\n\t\t\t\t\t<\/li>\r\n\t\t\t\t\t\t\t\t<\/ul>\r\n\t\t\t<div class=\"clear\"><\/div>\r\n\t\t<\/div>\r\n\t\t","protected":false},"excerpt":{"rendered":"<p>El Bolet\u00edn Oficial de la Provincia de Barcelona de 20 de junio de 2018, ha publicado el acuerdo adoptado por el Ayuntamiento de Barcelona en virtud del que se aprueba inicialmente la Modificaci\u00f3n del PGM para incrementar el parque de viviendas de protecci\u00f3n oficial. De aprobarse definitivamente la Modificaci\u00f3n del PGM en los t\u00e9rminos aprobados\u2026 <span class=\"read-more\"><a href=\"https:\/\/www.fabregat-perulles-sales.com\/actualidad\/el-ayuntamiento-de-barcelona-aprueba-inicialmente-la-modificacion-del-pgm-para-obligar-a-los-promotores-a-incrementar-el-parque-de-viviendas-de-proteccion-oficial\/\">Read More &raquo;<\/a><\/span><\/p>\n","protected":false},"author":3,"featured_media":0,"comment_status":"open","ping_status":"closed","sticky":false,"template":"","format":"standard","meta":[],"categories":[20,86,466,74],"tags":[826,1480,824],"yoast_head":"<!-- This site is optimized with the Yoast SEO plugin v20.2.1 - https:\/\/yoast.com\/wordpress\/plugins\/seo\/ -->\n<title>Modificaci\u00f3n del PGM Barcelona<\/title>\n<meta name=\"description\" content=\"El Ayuntamiento de Barcelona aprueba inicialmente la Modificaci\u00f3n del PGM para obligar a los promotores a incrementar el parque de viviendas de protecci\u00f3n oficial\" \/>\n<meta name=\"robots\" content=\"index, follow, max-snippet:-1, max-image-preview:large, max-video-preview:-1\" \/>\n<link rel=\"canonical\" href=\"https:\/\/www.fabregat-perulles-sales.com\/actualidad\/el-ayuntamiento-de-barcelona-aprueba-inicialmente-la-modificacion-del-pgm-para-obligar-a-los-promotores-a-incrementar-el-parque-de-viviendas-de-proteccion-oficial\/\" \/>\n<meta property=\"og:locale\" content=\"en_US\" \/>\n<meta property=\"og:type\" content=\"article\" \/>\n<meta property=\"og:title\" content=\"Modificaci\u00f3n del PGM Barcelona\" \/>\n<meta property=\"og:description\" content=\"El Ayuntamiento de Barcelona aprueba inicialmente la Modificaci\u00f3n del PGM para obligar a los promotores a incrementar el parque de viviendas de protecci\u00f3n oficial\" \/>\n<meta property=\"og:url\" content=\"https:\/\/www.fabregat-perulles-sales.com\/actualidad\/el-ayuntamiento-de-barcelona-aprueba-inicialmente-la-modificacion-del-pgm-para-obligar-a-los-promotores-a-incrementar-el-parque-de-viviendas-de-proteccion-oficial\/\" \/>\n<meta property=\"og:site_name\" content=\"International Lawyers\" \/>\n<meta property=\"article:published_time\" content=\"2018-06-20T16:34:13+00:00\" \/>\n<meta property=\"article:modified_time\" content=\"2018-06-20T17:03:21+00:00\" \/>\n<meta property=\"og:image\" content=\"http:\/\/www.fabregat-perulles-sales.com\/actualidad\/wp-content\/uploads\/2018\/06\/edificio-vivienda-barcelona-abogados-espanol-300x191.jpg\" \/>\n<meta name=\"author\" content=\"Victor\" \/>\n<meta name=\"twitter:card\" content=\"summary_large_image\" \/>\n<meta name=\"twitter:label1\" content=\"Written by\" \/>\n\t<meta name=\"twitter:data1\" content=\"Victor\" \/>\n\t<meta name=\"twitter:label2\" content=\"Est. reading time\" \/>\n\t<meta name=\"twitter:data2\" content=\"4 minutes\" \/>\n<script type=\"application\/ld+json\" class=\"yoast-schema-graph\">{\"@context\":\"https:\/\/schema.org\",\"@graph\":[{\"@type\":\"WebPage\",\"@id\":\"https:\/\/www.fabregat-perulles-sales.com\/actualidad\/el-ayuntamiento-de-barcelona-aprueba-inicialmente-la-modificacion-del-pgm-para-obligar-a-los-promotores-a-incrementar-el-parque-de-viviendas-de-proteccion-oficial\/\",\"url\":\"https:\/\/www.fabregat-perulles-sales.com\/actualidad\/el-ayuntamiento-de-barcelona-aprueba-inicialmente-la-modificacion-del-pgm-para-obligar-a-los-promotores-a-incrementar-el-parque-de-viviendas-de-proteccion-oficial\/\",\"name\":\"Modificaci\u00f3n del PGM Barcelona\",\"isPartOf\":{\"@id\":\"https:\/\/www.fabregat-perulles-sales.com\/actualidad\/#website\"},\"datePublished\":\"2018-06-20T16:34:13+00:00\",\"dateModified\":\"2018-06-20T17:03:21+00:00\",\"author\":{\"@id\":\"https:\/\/www.fabregat-perulles-sales.com\/actualidad\/#\/schema\/person\/cabc1d68c7778f01d5e069c2d98442e3\"},\"description\":\"El Ayuntamiento de Barcelona aprueba inicialmente la Modificaci\u00f3n del PGM para obligar a los promotores a incrementar el parque de viviendas de protecci\u00f3n oficial\",\"breadcrumb\":{\"@id\":\"https:\/\/www.fabregat-perulles-sales.com\/actualidad\/el-ayuntamiento-de-barcelona-aprueba-inicialmente-la-modificacion-del-pgm-para-obligar-a-los-promotores-a-incrementar-el-parque-de-viviendas-de-proteccion-oficial\/#breadcrumb\"},\"inLanguage\":\"en-US\",\"potentialAction\":[{\"@type\":\"ReadAction\",\"target\":[\"https:\/\/www.fabregat-perulles-sales.com\/actualidad\/el-ayuntamiento-de-barcelona-aprueba-inicialmente-la-modificacion-del-pgm-para-obligar-a-los-promotores-a-incrementar-el-parque-de-viviendas-de-proteccion-oficial\/\"]}]},{\"@type\":\"BreadcrumbList\",\"@id\":\"https:\/\/www.fabregat-perulles-sales.com\/actualidad\/el-ayuntamiento-de-barcelona-aprueba-inicialmente-la-modificacion-del-pgm-para-obligar-a-los-promotores-a-incrementar-el-parque-de-viviendas-de-proteccion-oficial\/#breadcrumb\",\"itemListElement\":[{\"@type\":\"ListItem\",\"position\":1,\"name\":\"Home\",\"item\":\"https:\/\/www.fabregat-perulles-sales.com\/actualidad\/\"},{\"@type\":\"ListItem\",\"position\":2,\"name\":\"El Ayuntamiento de Barcelona aprueba inicialmente la Modificaci\u00f3n del PGM para obligar a los promotores a incrementar el parque de viviendas de protecci\u00f3n oficial\"}]},{\"@type\":\"WebSite\",\"@id\":\"https:\/\/www.fabregat-perulles-sales.com\/actualidad\/#website\",\"url\":\"https:\/\/www.fabregat-perulles-sales.com\/actualidad\/\",\"name\":\"www.fabregat-perulles-sales.com\",\"description\":\"Fabregat Perulles Sales Abogados is a law firm of reference international market in the Spanish-German, Spanish-French, and Spanish-Italian. Is one of the first firms in Barcelona offering a Russian Desk.\",\"potentialAction\":[{\"@type\":\"SearchAction\",\"target\":{\"@type\":\"EntryPoint\",\"urlTemplate\":\"https:\/\/www.fabregat-perulles-sales.com\/actualidad\/?s={search_term_string}\"},\"query-input\":\"required name=search_term_string\"}],\"inLanguage\":\"en-US\"},{\"@type\":\"Person\",\"@id\":\"https:\/\/www.fabregat-perulles-sales.com\/actualidad\/#\/schema\/person\/cabc1d68c7778f01d5e069c2d98442e3\",\"name\":\"Victor\",\"image\":{\"@type\":\"ImageObject\",\"inLanguage\":\"en-US\",\"@id\":\"https:\/\/www.fabregat-perulles-sales.com\/actualidad\/#\/schema\/person\/image\/\",\"url\":\"https:\/\/secure.gravatar.com\/avatar\/756cb666a964d2960ffe307b8a53b271?s=96&d=mm&r=g\",\"contentUrl\":\"https:\/\/secure.gravatar.com\/avatar\/756cb666a964d2960ffe307b8a53b271?s=96&d=mm&r=g\",\"caption\":\"Victor\"},\"sameAs\":[\"http:\/\/www.fabregat-perulles-sales.com\"],\"url\":\"https:\/\/www.fabregat-perulles-sales.com\/actualidad\/author\/victor\/\"}]}<\/script>\n<!-- \/ Yoast SEO plugin. -->","yoast_head_json":{"title":"Modificaci\u00f3n del PGM Barcelona","description":"El Ayuntamiento de Barcelona aprueba inicialmente la Modificaci\u00f3n del PGM para obligar a los promotores a incrementar el parque de viviendas de protecci\u00f3n oficial","robots":{"index":"index","follow":"follow","max-snippet":"max-snippet:-1","max-image-preview":"max-image-preview:large","max-video-preview":"max-video-preview:-1"},"canonical":"https:\/\/www.fabregat-perulles-sales.com\/actualidad\/el-ayuntamiento-de-barcelona-aprueba-inicialmente-la-modificacion-del-pgm-para-obligar-a-los-promotores-a-incrementar-el-parque-de-viviendas-de-proteccion-oficial\/","og_locale":"en_US","og_type":"article","og_title":"Modificaci\u00f3n del PGM Barcelona","og_description":"El Ayuntamiento de Barcelona aprueba inicialmente la Modificaci\u00f3n del PGM para obligar a los promotores a incrementar el parque de viviendas de protecci\u00f3n oficial","og_url":"https:\/\/www.fabregat-perulles-sales.com\/actualidad\/el-ayuntamiento-de-barcelona-aprueba-inicialmente-la-modificacion-del-pgm-para-obligar-a-los-promotores-a-incrementar-el-parque-de-viviendas-de-proteccion-oficial\/","og_site_name":"International Lawyers","article_published_time":"2018-06-20T16:34:13+00:00","article_modified_time":"2018-06-20T17:03:21+00:00","og_image":[{"url":"http:\/\/www.fabregat-perulles-sales.com\/actualidad\/wp-content\/uploads\/2018\/06\/edificio-vivienda-barcelona-abogados-espanol-300x191.jpg"}],"author":"Victor","twitter_card":"summary_large_image","twitter_misc":{"Written by":"Victor","Est. reading time":"4 minutes"},"schema":{"@context":"https:\/\/schema.org","@graph":[{"@type":"WebPage","@id":"https:\/\/www.fabregat-perulles-sales.com\/actualidad\/el-ayuntamiento-de-barcelona-aprueba-inicialmente-la-modificacion-del-pgm-para-obligar-a-los-promotores-a-incrementar-el-parque-de-viviendas-de-proteccion-oficial\/","url":"https:\/\/www.fabregat-perulles-sales.com\/actualidad\/el-ayuntamiento-de-barcelona-aprueba-inicialmente-la-modificacion-del-pgm-para-obligar-a-los-promotores-a-incrementar-el-parque-de-viviendas-de-proteccion-oficial\/","name":"Modificaci\u00f3n del PGM Barcelona","isPartOf":{"@id":"https:\/\/www.fabregat-perulles-sales.com\/actualidad\/#website"},"datePublished":"2018-06-20T16:34:13+00:00","dateModified":"2018-06-20T17:03:21+00:00","author":{"@id":"https:\/\/www.fabregat-perulles-sales.com\/actualidad\/#\/schema\/person\/cabc1d68c7778f01d5e069c2d98442e3"},"description":"El Ayuntamiento de Barcelona aprueba inicialmente la Modificaci\u00f3n del PGM para obligar a los promotores a incrementar el parque de viviendas de protecci\u00f3n oficial","breadcrumb":{"@id":"https:\/\/www.fabregat-perulles-sales.com\/actualidad\/el-ayuntamiento-de-barcelona-aprueba-inicialmente-la-modificacion-del-pgm-para-obligar-a-los-promotores-a-incrementar-el-parque-de-viviendas-de-proteccion-oficial\/#breadcrumb"},"inLanguage":"en-US","potentialAction":[{"@type":"ReadAction","target":["https:\/\/www.fabregat-perulles-sales.com\/actualidad\/el-ayuntamiento-de-barcelona-aprueba-inicialmente-la-modificacion-del-pgm-para-obligar-a-los-promotores-a-incrementar-el-parque-de-viviendas-de-proteccion-oficial\/"]}]},{"@type":"BreadcrumbList","@id":"https:\/\/www.fabregat-perulles-sales.com\/actualidad\/el-ayuntamiento-de-barcelona-aprueba-inicialmente-la-modificacion-del-pgm-para-obligar-a-los-promotores-a-incrementar-el-parque-de-viviendas-de-proteccion-oficial\/#breadcrumb","itemListElement":[{"@type":"ListItem","position":1,"name":"Home","item":"https:\/\/www.fabregat-perulles-sales.com\/actualidad\/"},{"@type":"ListItem","position":2,"name":"El Ayuntamiento de Barcelona aprueba inicialmente la Modificaci\u00f3n del PGM para obligar a los promotores a incrementar el parque de viviendas de protecci\u00f3n oficial"}]},{"@type":"WebSite","@id":"https:\/\/www.fabregat-perulles-sales.com\/actualidad\/#website","url":"https:\/\/www.fabregat-perulles-sales.com\/actualidad\/","name":"www.fabregat-perulles-sales.com","description":"Fabregat Perulles Sales Abogados is a law firm of reference international market in the Spanish-German, Spanish-French, and Spanish-Italian. Is one of the first firms in Barcelona offering a Russian Desk.","potentialAction":[{"@type":"SearchAction","target":{"@type":"EntryPoint","urlTemplate":"https:\/\/www.fabregat-perulles-sales.com\/actualidad\/?s={search_term_string}"},"query-input":"required name=search_term_string"}],"inLanguage":"en-US"},{"@type":"Person","@id":"https:\/\/www.fabregat-perulles-sales.com\/actualidad\/#\/schema\/person\/cabc1d68c7778f01d5e069c2d98442e3","name":"Victor","image":{"@type":"ImageObject","inLanguage":"en-US","@id":"https:\/\/www.fabregat-perulles-sales.com\/actualidad\/#\/schema\/person\/image\/","url":"https:\/\/secure.gravatar.com\/avatar\/756cb666a964d2960ffe307b8a53b271?s=96&d=mm&r=g","contentUrl":"https:\/\/secure.gravatar.com\/avatar\/756cb666a964d2960ffe307b8a53b271?s=96&d=mm&r=g","caption":"Victor"},"sameAs":["http:\/\/www.fabregat-perulles-sales.com"],"url":"https:\/\/www.fabregat-perulles-sales.com\/actualidad\/author\/victor\/"}]}},"amp_enabled":true,"_links":{"self":[{"href":"https:\/\/www.fabregat-perulles-sales.com\/actualidad\/wp-json\/wp\/v2\/posts\/3523"}],"collection":[{"href":"https:\/\/www.fabregat-perulles-sales.com\/actualidad\/wp-json\/wp\/v2\/posts"}],"about":[{"href":"https:\/\/www.fabregat-perulles-sales.com\/actualidad\/wp-json\/wp\/v2\/types\/post"}],"author":[{"embeddable":true,"href":"https:\/\/www.fabregat-perulles-sales.com\/actualidad\/wp-json\/wp\/v2\/users\/3"}],"replies":[{"embeddable":true,"href":"https:\/\/www.fabregat-perulles-sales.com\/actualidad\/wp-json\/wp\/v2\/comments?post=3523"}],"version-history":[{"count":3,"href":"https:\/\/www.fabregat-perulles-sales.com\/actualidad\/wp-json\/wp\/v2\/posts\/3523\/revisions"}],"predecessor-version":[{"id":3535,"href":"https:\/\/www.fabregat-perulles-sales.com\/actualidad\/wp-json\/wp\/v2\/posts\/3523\/revisions\/3535"}],"wp:attachment":[{"href":"https:\/\/www.fabregat-perulles-sales.com\/actualidad\/wp-json\/wp\/v2\/media?parent=3523"}],"wp:term":[{"taxonomy":"category","embeddable":true,"href":"https:\/\/www.fabregat-perulles-sales.com\/actualidad\/wp-json\/wp\/v2\/categories?post=3523"},{"taxonomy":"post_tag","embeddable":true,"href":"https:\/\/www.fabregat-perulles-sales.com\/actualidad\/wp-json\/wp\/v2\/tags?post=3523"}],"curies":[{"name":"wp","href":"https:\/\/api.w.org\/{rel}","templated":true}]}}