{"id":3497,"date":"2018-06-12T10:53:33","date_gmt":"2018-06-12T09:53:33","guid":{"rendered":"http:\/\/www.fabregat-perulles-sales.com\/actualidad\/?p=3497"},"modified":"2018-06-25T10:38:33","modified_gmt":"2018-06-25T09:38:33","slug":"reforma-procesal-aprobada-en-las-cortes-contra-la-ocupacion-ilegal-de-un-bien-inmueble","status":"publish","type":"post","link":"https:\/\/www.fabregat-perulles-sales.com\/actualidad\/reforma-procesal-aprobada-en-las-cortes-contra-la-ocupacion-ilegal-de-un-bien-inmueble\/","title":{"rendered":"Reforma procesal contra la ocupaci\u00f3n ilegal de un bien inmueble"},"content":{"rendered":"<p><img decoding=\"async\" loading=\"lazy\" class=\"alignright size-medium wp-image-3498\" src=\"http:\/\/www.fabregat-perulles-sales.com\/actualidad\/wp-content\/uploads\/2018\/06\/proposicion-LEC-ocupacion-ilegal-abogados-espanol-300x200.jpg\" alt=\"llaves casa\" width=\"300\" height=\"200\" srcset=\"https:\/\/www.fabregat-perulles-sales.com\/actualidad\/wp-content\/uploads\/2018\/06\/proposicion-LEC-ocupacion-ilegal-abogados-espanol-300x200.jpg 300w, https:\/\/www.fabregat-perulles-sales.com\/actualidad\/wp-content\/uploads\/2018\/06\/proposicion-LEC-ocupacion-ilegal-abogados-espanol-768x512.jpg 768w, https:\/\/www.fabregat-perulles-sales.com\/actualidad\/wp-content\/uploads\/2018\/06\/proposicion-LEC-ocupacion-ilegal-abogados-espanol-660x440.jpg 660w, https:\/\/www.fabregat-perulles-sales.com\/actualidad\/wp-content\/uploads\/2018\/06\/proposicion-LEC-ocupacion-ilegal-abogados-espanol.jpg 960w\" sizes=\"(max-width: 300px) 100vw, 300px\" \/><\/p>\n<p>El pr\u00f3ximo 2 de julio de 2018 entra en vigor la <a href=\"http:\/\/www.boe.es\/diario_boe\/txt.php?id=BOE-A-2018-7833\" target=\"_blank\" rel=\"noopener noreferrer\">Ley 5\/2018, de 11 de junio, de modificaci\u00f3n de la Ley 1\/2000, de 7 de enero, de Enjuiciamiento Civil, en relaci\u00f3n a la ocupaci\u00f3n ilegal de viviendas.<\/a><\/p>\n<p>Como consecuencia de la realidad socioecon\u00f3mica que se ha venido produciendo en los \u00faltimos a\u00f1os a causa de la crisis econ\u00f3mica sufrida en nuestro pa\u00eds, con un aumento considerable de desahucios de personas y familias en situaci\u00f3n de vulnerabilidad econ\u00f3mica y exclusi\u00f3n social, se ha gestado, de forma paralela a esta situaci\u00f3n real, un movimiento \u201cokupa\u201d que, bajo la falsa apariencia de una \u201cokupaci\u00f3n\u201d basada en el estado de necesidad, oculta determinados grupos que operan en la m\u00e1s absoluta opacidad e impunidad, obteniendo beneficios econ\u00f3micos por la ocupaci\u00f3n de una vivienda, para que su propietario pueda recuperar la posesi\u00f3n de la misma.<!--more--><\/p>\n<p>El objetivo de esta reforma persigue dar una respuesta \u00e1gil y efectiva cuando se produce una ocupaci\u00f3n ilegal y el consiguiente desalojo por la fuerza del ocupante de la vivienda.<\/p>\n<p>Para ello se modifica el juicio verbal del interdicto de recobrar la posesi\u00f3n (<a href=\"https:\/\/www.boe.es\/buscar\/act.php?id=BOE-A-2000-323\" target=\"_blank\" rel=\"noopener noreferrer\">art.250. 1. 4\u00ba LEC<\/a>), permitiendo pedir la inmediata recuperaci\u00f3n de la plena posesi\u00f3n de una vivienda o parte de ella, siempre que se hayan visto privados de ella sin su consentimiento. La nueva redacci\u00f3n limita el \u00e1mbito subjetivo a la persona f\u00edsica que sea propietaria o poseedora leg\u00edtima por otro t\u00edtulo, las entidades sin \u00e1nimo de lucro con derecho a poseerla y las entidades p\u00fablicas propietarias o poseedoras leg\u00edtimas de vivienda social.<\/p>\n<p>Se modifican, por otra parte, los <a href=\"https:\/\/www.boe.es\/buscar\/act.php?id=BOE-A-2000-323\" target=\"_blank\" rel=\"noopener noreferrer\">arts. 150, 437, 441 y 444 de la Ley procesal<\/a>, con una disposici\u00f3n adicional.<\/p>\n<p>i) Se a\u00f1ade un nuevo apartado 4 al art. 150 estableciendo que: \u201c<em>Cuando la notificaci\u00f3n de la resoluci\u00f3n contenga fijaci\u00f3n de fecha para el lanzamiento de quienes ocupan una vivienda, se dar\u00e1 traslado a los servicios p\u00fablicos competentes en materia de pol\u00edtica social por si procediera su actuaci\u00f3n, siempre que se hubiera otorgado el consentimiento por los interesados<\/em>\u201d.<\/p>\n<p>ii) Se a\u00f1ade un nuevo apartado 3 al art. 437 en el que se prev\u00e9 expresamente que la demanda podr\u00e1 dirigirse contra los desconocidos ocupantes del inmueble, sin perjuicio de la notificaci\u00f3n que de ella se realice a quien en concreto se encontrare en el inmueble al tiempo de llevar a cabo dicha notificaci\u00f3n. A la demanda se deber\u00e1 acompa\u00f1ar el t\u00edtulo en que el actor funde su derecho a poseer.<\/p>\n<p>iii) Se a\u00f1ade un nuevo apartado 1 bis al art\u00edculo 441, en el que se prev\u00e9 que la notificaci\u00f3n se har\u00e1 a quien se encuentre habitando la vivienda o parte de ella, pudi\u00e9ndose hacer adem\u00e1s a los ignorados ocupantes de la misma. A los efectos de proceder a la identificaci\u00f3n del receptor y dem\u00e1s ocupantes, quien realice el acto de comunicaci\u00f3n podr\u00e1 ir acompa\u00f1ado de los agentes de la autoridad. Si ha sido posible la identificaci\u00f3n del receptor o dem\u00e1s ocupantes, se dar\u00e1 traslado a los servicios p\u00fablicos competentes en materia de pol\u00edtica social por si procediera su actuaci\u00f3n, siempre que se hubiera otorgado el consentimiento por los interesados.<\/p>\n<p>iv) Tambi\u00e9n se establece que, si el demandante hubiera solicitado la inmediata entrega de la posesi\u00f3n de la vivienda, en el decreto de admisi\u00f3n de la demanda se requerir\u00e1 a sus ocupantes para que aporten, en el plazo de cinco d\u00edas desde la notificaci\u00f3n de aquella, t\u00edtulo que justifique su situaci\u00f3n posesoria. Si no se aportara justificaci\u00f3n suficiente, el tribunal ordenar\u00e1 mediante auto la inmediata entrega de la posesi\u00f3n de la vivienda al demandante, siempre que el t\u00edtulo que se hubiere acompa\u00f1ado a la demanda fuere bastante para la acreditaci\u00f3n de su derecho a poseer. Contra el auto que decida sobre el incidente no cabr\u00e1 recurso alguno y se llevar\u00e1 a efecto contra cualquiera de los ocupantes que se encontraren en ese momento en la vivienda.<\/p>\n<p>v) Por \u00faltimo, en la misma resoluci\u00f3n en que se acuerde la entrega de la posesi\u00f3n de la vivienda al demandante y el desalojo de los ocupantes, se ordenar\u00e1 comunicar tal circunstancia, siempre que se hubiera otorgado el consentimiento por los interesados, a los servicios p\u00fablicos competentes en materia de pol\u00edtica social, para que, en el plazo de siete d\u00edas, puedan adoptar las medidas de protecci\u00f3n que en su caso procedan.<\/p>\n<p>vi) Se a\u00f1ade un nuevo apartado 1 bis al art\u00edculo 444, que establece que, si el demandado o demandados no contestaran a la demanda en el plazo legalmente previsto, se proceder\u00e1 de inmediato a dictar sentencia. La oposici\u00f3n del demandado podr\u00e1 fundarse exclusivamente en la existencia de t\u00edtulo suficiente frente al actor para poseer la vivienda o en la falta de t\u00edtulo por parte del actor. La sentencia estimatoria de la pretensi\u00f3n permitir\u00e1 su ejecuci\u00f3n, previa solicitud del demandante, sin necesidad de que transcurra el plazo de veinte d\u00edas previsto en el <a href=\"https:\/\/www.boe.es\/buscar\/act.php?id=BOE-A-2000-323\" target=\"_blank\" rel=\"noopener noreferrer\">art\u00edculo 548<\/a>.<\/p>\n<p>&nbsp;<\/p>\n\r\n\t\t<style>\r\n\t\t\t.huge-it-share-buttons {\r\n\t\t\t\tborder:0px solid #0FB5D6;\r\n\t\t\t\tborder-radius:5px;\r\n\t\t\t\tbackground:#3BD8FF;\r\n\t\t\t text-align:left; \t\t\t\t\t\t\t\t\t}\r\n\r\n\t\t\t#huge-it-share-buttons-top {margin-bottom:0px;}\r\n\t\t\t#huge-it-share-buttons-bottom {margin-top:0px;}\r\n\r\n\t\t\t.huge-it-share-buttons h3 {\r\n\t\t\t\tfont-size:25px ;\r\n\t\t\t\tfont-family:Arial,Helvetica Neue,Helvetica,sans-serif;\r\n\t\t\t\tcolor:#666666;\r\n\r\n\t\t\tdisplay:block;\t\t\t\tline-height:25px ;\r\n\r\n\t\t\t text-align:left; \t\t\t\t\t\t\t\t\t}\r\n\r\n\t\t\t.huge-it-share-buttons ul {\r\n\t\t\t float:left; \t\t\t\t\t\t\t\t\t}\r\n\r\n\t\t\t.huge-it-share-buttons ul li {\r\n\t\t\t\tmargin-left:3px;\r\n\t\t\t\tmargin-right:3px;\r\n\t\t\t\tpadding:0px;\r\n\t\t\t\tborder:0px ridge #E6354C;\r\n\t\t\t\tborder-radius:11px;\r\n\t\t\t\tbackground-color:#14CC9B;\r\n\t\t\t}\r\n\r\n\t\t\t.huge-it-share-buttons ul li #backforunical3497 {\r\n\t\t\t\tborder-bottom: 0;\r\n\t\t\t\tbackground-image:url('https:\/\/www.fabregat-perulles-sales.com\/actualidad\/wp-content\/plugins\/wp-share-buttons\/Front_end\/..\/images\/buttons.30.png');\r\n\t\t\t\twidth:30px;\r\n\t\t\t\theight:30px;\r\n\t\t\t}\r\n\r\n\t\t\t.front-shares-count {\r\n\t\t\t\tposition: absolute;\r\n\t\t\t\ttext-align: center;\r\n\t\t\t\tdisplay: block;\r\n\t\t\t}\r\n\r\n\t\t\t.shares_size20 .front-shares-count {\r\n\t\t\t\tfont-size: 10px;\r\n\t\t\t\ttop: 10px;\r\n\t\t\t\twidth: 20px;\r\n\t\t\t}\r\n\r\n\t\t\t.shares_size30 .front-shares-count {\r\n\t\t\t\tfont-size: 11px;\r\n\t\t\t\ttop: 15px;\r\n\t\t\t\twidth: 30px;\r\n\t\t\t}\r\n\r\n\t\t\t.shares_size40 .front-shares-count {\r\n\t\t\t\tfont-size: 12px;\r\n\t\t\t\ttop: 21px;\r\n\t\t\t\twidth: 40px;\r\n\t\t\t}\r\n\t\t<\/style>\r\n\t\t\r\n\t\t<div id=\"huge-it-share-buttons-top\" class=\"huge-it-share-buttons nobackground\">\r\n\t\t\t<h3>Share This:<\/h3>\r\n\t\t\t<ul class=\"huge-it-share-buttons-list \">\r\n\t\t\t\t\t\t\t\t\t<li class=\"nobackground \" >\r\n\r\n\t\t\t\t\t\t\t\t\t\t\t\t<a id=\"backforunical3497\" href=\"https:\/\/www.facebook.com\/sharer\/sharer.php?u=www.fabregat-perulles-sales.com\/actualidad\/wp-json\/wp\/v2\/posts\/3497\"  onclick=\"javascript:void window.open('https:\/\/www.facebook.com\/sharer\/sharer.php?u=www.fabregat-perulles-sales.com\/actualidad\/wp-json\/wp\/v2\/posts\/3497','1410949501326','width=700,height=500,toolbar=0,menubar=0,location=0,status=1,scrollbars=1,resizable=1,left=0,top=0');return false;\" style=\"background-position: -0px -120px \"><\/a>\r\n\t\t\t\t\t<\/li>\r\n\t\t\t\t\t\t\t\t\t\t<li class=\"nobackground \" >\r\n\r\n\t\t\t\t\t\t\t\t\t\t\t\t<a id=\"backforunical3497\" href=\"https:\/\/twitter.com\/share?status=www.fabregat-perulles-sales.com\/actualidad\/wp-json\/wp\/v2\/posts\/3497&text=Reforma procesal contra la ocupaci\u00f3n ilegal de un bien inmueble\"  onclick=\"javascript:void window.open('https:\/\/twitter.com\/share?status=www.fabregat-perulles-sales.com\/actualidad\/wp-json\/wp\/v2\/posts\/3497&text=Reforma procesal contra la ocupaci\u00f3n ilegal de un bien inmueble','1410949501326','width=700,height=500,toolbar=0,menubar=0,location=0,status=1,scrollbars=1,resizable=1,left=0,top=0');return false;\" style=\"background-position: -30px -120px \"><\/a>\r\n\t\t\t\t\t<\/li>\r\n\t\t\t\t\t\t\t\t\t\t<li class=\"none nobackground \" >\r\n\r\n\t\t\t\t\t\t\t\t\t\t\t\t<a id=\"backforunical3497\" href=\"http:\/\/www.pinterest.com\/pin\/create\/button\/?url=www.fabregat-perulles-sales.com\/actualidad\/wp-json\/wp\/v2\/posts\/3497&media=https:\/\/www.fabregat-perulles-sales.com\/actualidad\/wp-content\/uploads\/2018\/06\/proposicion-LEC-ocupacion-ilegal-abogados-espanol.jpg&description=Reforma procesal contra la ocupaci\u00f3n ilegal de un bien inmueble\"  onclick=\"javascript:void window.open('http:\/\/www.pinterest.com\/pin\/create\/button\/?url=www.fabregat-perulles-sales.com\/actualidad\/wp-json\/wp\/v2\/posts\/3497&media=https:\/\/www.fabregat-perulles-sales.com\/actualidad\/wp-content\/uploads\/2018\/06\/proposicion-LEC-ocupacion-ilegal-abogados-espanol.jpg&description=Reforma procesal contra la ocupaci\u00f3n ilegal de un bien inmueble','1410949501326','width=700,height=500,toolbar=0,menubar=0,location=0,status=1,scrollbars=1,resizable=1,left=0,top=0');return false;\" style=\"background-position: -60px -120px \"><\/a>\r\n\t\t\t\t\t<\/li>\r\n\t\t\t\t\t\t\t\t\t\t<li class=\"none nobackground \" >\r\n\r\n\t\t\t\t\t\t\t\t\t\t\t\t<a id=\"backforunical3497\" href=\"https:\/\/plus.google.com\/share?url=www.fabregat-perulles-sales.com\/actualidad\/wp-json\/wp\/v2\/posts\/3497\"  onclick=\"javascript:void window.open('https:\/\/plus.google.com\/share?url=www.fabregat-perulles-sales.com\/actualidad\/wp-json\/wp\/v2\/posts\/3497','1410949501326','width=700,height=500,toolbar=0,menubar=0,location=0,status=1,scrollbars=1,resizable=1,left=0,top=0');return false;\" style=\"background-position: -90px -120px \"><\/a>\r\n\t\t\t\t\t<\/li>\r\n\t\t\t\t\t\t\t\t\t\t<li class=\"nobackground \" >\r\n\r\n\t\t\t\t\t\t\t\t\t\t\t\t<a id=\"backforunical3497\" href=\"https:\/\/www.linkedin.com\/shareArticle?title=Reforma procesal contra la ocupaci\u00f3n ilegal de un bien inmueble&mini=true&url=https:\/\/www.fabregat-perulles-sales.com\/actualidad\/wp-json\/wp\/v2\/posts\/3497\"  onclick=\"javascript:void window.open('https:\/\/www.linkedin.com\/shareArticle?title=Reforma procesal contra la ocupaci\u00f3n ilegal de un bien inmueble&mini=true&url=https:\/\/www.fabregat-perulles-sales.com\/actualidad\/wp-json\/wp\/v2\/posts\/3497','1410949501326','width=700,height=500,toolbar=0,menubar=0,location=0,status=1,scrollbars=1,resizable=1,left=0,top=0');return false;\" style=\"background-position: -120px -120px \"><\/a>\r\n\t\t\t\t\t<\/li>\r\n\t\t\t\t\t\t\t\t\t\t<li class=\"none nobackground \" >\r\n\r\n\t\t\t\t\t\t\t\t\t\t\t\t<a id=\"backforunical3497\" href=\"https:\/\/www.tumblr.com\/share\/link?url=www.fabregat-perulles-sales.com\/actualidad\/wp-json\/wp\/v2\/posts\/3497&name=Reforma procesal contra la ocupaci\u00f3n ilegal de un bien inmueble\"  onclick=\"javascript:void window.open('https:\/\/www.tumblr.com\/share\/link?url=www.fabregat-perulles-sales.com\/actualidad\/wp-json\/wp\/v2\/posts\/3497&name=Reforma procesal contra la ocupaci\u00f3n ilegal de un bien inmueble','1410949501326','width=700,height=500,toolbar=0,menubar=0,location=0,status=1,scrollbars=1,resizable=1,left=0,top=0');return false;\" style=\"background-position: -150px -120px \"><\/a>\r\n\t\t\t\t\t<\/li>\r\n\t\t\t\t\t\t\t\t\t\t<li class=\"none nobackground \" >\r\n\r\n\t\t\t\t\t\t\t\t\t\t\t\t<a id=\"backforunical3497\" href=\"http:\/\/digg.com\/submit?phase=2&url=www.fabregat-perulles-sales.com\/actualidad\/wp-json\/wp\/v2\/posts\/3497&title=Reforma procesal contra la ocupaci\u00f3n ilegal de un bien inmueble\"  onclick=\"javascript:void window.open('http:\/\/digg.com\/submit?phase=2&url=www.fabregat-perulles-sales.com\/actualidad\/wp-json\/wp\/v2\/posts\/3497&title=Reforma procesal contra la ocupaci\u00f3n ilegal de un bien inmueble','1410949501326','width=700,height=500,toolbar=0,menubar=0,location=0,status=1,scrollbars=1,resizable=1,left=0,top=0');return false;\" style=\"background-position: -180px -120px \"><\/a>\r\n\t\t\t\t\t<\/li>\r\n\t\t\t\t\t\t\t\t\t\t<li class=\"none nobackground \" >\r\n\r\n\t\t\t\t\t\t\t\t\t\t\t\t<a id=\"backforunical3497\" href=\"http:\/\/www.stumbleupon.com\/submit?url=www.fabregat-perulles-sales.com\/actualidad\/wp-json\/wp\/v2\/posts\/3497&title=Reforma procesal contra la ocupaci\u00f3n ilegal de un bien inmueble\"  onclick=\"javascript:void window.open('http:\/\/www.stumbleupon.com\/submit?url=www.fabregat-perulles-sales.com\/actualidad\/wp-json\/wp\/v2\/posts\/3497&title=Reforma procesal contra la ocupaci\u00f3n ilegal de un bien inmueble','1410949501326','width=700,height=500,toolbar=0,menubar=0,location=0,status=1,scrollbars=1,resizable=1,left=0,top=0');return false;\" style=\"background-position: -210px -120px \"><\/a>\r\n\t\t\t\t\t<\/li>\r\n\t\t\t\t\t\t\t\t\t\t<li class=\"none nobackground \" >\r\n\r\n\t\t\t\t\t\t\t\t\t\t\t\t<a id=\"backforunical3497\" href=\"https:\/\/myspace.com\/post?l=3&u=www.fabregat-perulles-sales.com\/actualidad\/wp-json\/wp\/v2\/posts\/3497\"  onclick=\"javascript:void window.open('https:\/\/myspace.com\/post?l=3&u=www.fabregat-perulles-sales.com\/actualidad\/wp-json\/wp\/v2\/posts\/3497','1410949501326','width=700,height=500,toolbar=0,menubar=0,location=0,status=1,scrollbars=1,resizable=1,left=0,top=0');return false;\" style=\"background-position: -240px -120px \"><\/a>\r\n\t\t\t\t\t<\/li>\r\n\t\t\t\t\t\t\t\t\t\t<li class=\"nobackground \" >\r\n\r\n\t\t\t\t\t\t\t\t\t\t\t\t<a id=\"backforunical3497\" href=\"http:\/\/vk.com\/share.php?url=www.fabregat-perulles-sales.com\/actualidad\/wp-json\/wp\/v2\/posts\/3497&title=Reforma procesal contra la ocupaci\u00f3n ilegal de un bien inmueble\"  onclick=\"javascript:void window.open('http:\/\/vk.com\/share.php?url=www.fabregat-perulles-sales.com\/actualidad\/wp-json\/wp\/v2\/posts\/3497&title=Reforma procesal contra la ocupaci\u00f3n ilegal de un bien inmueble','1410949501326','width=700,height=500,toolbar=0,menubar=0,location=0,status=1,scrollbars=1,resizable=1,left=0,top=0');return false;\" style=\"background-position: -270px -120px \"><\/a>\r\n\t\t\t\t\t<\/li>\r\n\t\t\t\t\t\t\t\t\t\t<li class=\"none nobackground \" >\r\n\r\n\t\t\t\t\t\t\t\t\t\t\t\t<a id=\"backforunical3497\" href=\"http:\/\/www.reddit.com\/submit?url=www.fabregat-perulles-sales.com\/actualidad\/wp-json\/wp\/v2\/posts\/3497&title=Reforma procesal contra la ocupaci\u00f3n ilegal de un bien inmueble\"  onclick=\"javascript:void window.open('http:\/\/www.reddit.com\/submit?url=www.fabregat-perulles-sales.com\/actualidad\/wp-json\/wp\/v2\/posts\/3497&title=Reforma procesal contra la ocupaci\u00f3n ilegal de un bien inmueble','1410949501326','width=700,height=500,toolbar=0,menubar=0,location=0,status=1,scrollbars=1,resizable=1,left=0,top=0');return false;\" style=\"background-position: -300px -120px \"><\/a>\r\n\t\t\t\t\t<\/li>\r\n\t\t\t\t\t\t\t\t\t\t<li class=\"none nobackground \" >\r\n\r\n\t\t\t\t\t\t\t\t\t\t\t\t<a id=\"backforunical3497\" href=\"http:\/\/www.bebo.com\/c\/share?Url=www.fabregat-perulles-sales.com\/actualidad\/wp-json\/wp\/v2\/posts\/3497\"  onclick=\"javascript:void window.open('http:\/\/www.bebo.com\/c\/share?Url=www.fabregat-perulles-sales.com\/actualidad\/wp-json\/wp\/v2\/posts\/3497','1410949501326','width=700,height=500,toolbar=0,menubar=0,location=0,status=1,scrollbars=1,resizable=1,left=0,top=0');return false;\" style=\"background-position: -330px -120px \"><\/a>\r\n\t\t\t\t\t<\/li>\r\n\t\t\t\t\t\t\t\t\t\t<li class=\"none nobackground \" >\r\n\r\n\t\t\t\t\t\t\t\t\t\t\t\t<a id=\"backforunical3497\" href=\"https:\/\/delicious.com\/save?v=5&noui&jump=close&url=www.fabregat-perulles-sales.com\/actualidad\/wp-json\/wp\/v2\/posts\/3497&title=Reforma procesal contra la ocupaci\u00f3n ilegal de un bien inmueble\"  onclick=\"javascript:void window.open('https:\/\/delicious.com\/save?v=5&noui&jump=close&url=www.fabregat-perulles-sales.com\/actualidad\/wp-json\/wp\/v2\/posts\/3497&title=Reforma procesal contra la ocupaci\u00f3n ilegal de un bien inmueble','1410949501326','width=700,height=500,toolbar=0,menubar=0,location=0,status=1,scrollbars=1,resizable=1,left=0,top=0');return false;\" style=\"background-position: -360px -120px \"><\/a>\r\n\t\t\t\t\t<\/li>\r\n\t\t\t\t\t\t\t\t\t\t<li class=\"none nobackground \" >\r\n\r\n\t\t\t\t\t\t\t\t\t\t\t\t<a id=\"backforunical3497\" href=\"http:\/\/www.odnoklassniki.ru\/dk?st.cmd=addShare&st.s=2&st.noresize=on&st._surl=www.fabregat-perulles-sales.com\/actualidad\/wp-json\/wp\/v2\/posts\/3497\"  onclick=\"javascript:void window.open('http:\/\/www.odnoklassniki.ru\/dk?st.cmd=addShare&st.s=2&st.noresize=on&st._surl=www.fabregat-perulles-sales.com\/actualidad\/wp-json\/wp\/v2\/posts\/3497','1410949501326','width=700,height=500,toolbar=0,menubar=0,location=0,status=1,scrollbars=1,resizable=1,left=0,top=0');return false;\" style=\"background-position: -390px -120px \"><\/a>\r\n\t\t\t\t\t<\/li>\r\n\t\t\t\t\t\t\t\t\t\t<li class=\"none nobackground \" >\r\n\r\n\t\t\t\t\t\t\t\t\t\t\t\t<a id=\"backforunical3497\" href=\"http:\/\/sns.qzone.qq.com\/cgi-bin\/qzshare\/cgi_qzshare_onekey?url=www.fabregat-perulles-sales.com\/actualidad\/wp-json\/wp\/v2\/posts\/3497&title=Reforma procesal contra la ocupaci\u00f3n ilegal de un bien inmueble\"  onclick=\"javascript:void window.open('http:\/\/sns.qzone.qq.com\/cgi-bin\/qzshare\/cgi_qzshare_onekey?url=www.fabregat-perulles-sales.com\/actualidad\/wp-json\/wp\/v2\/posts\/3497&title=Reforma procesal contra la ocupaci\u00f3n ilegal de un bien inmueble','1410949501326','width=700,height=500,toolbar=0,menubar=0,location=0,status=1,scrollbars=1,resizable=1,left=0,top=0');return false;\" style=\"background-position: -420px -120px \"><\/a>\r\n\t\t\t\t\t<\/li>\r\n\t\t\t\t\t\t\t\t\t\t<li class=\"none nobackground \" >\r\n\r\n\t\t\t\t\t\t\t\t\t\t\t\t<a id=\"backforunical3497\" href=\"http:\/\/service.weibo.com\/share\/share.php?url=www.fabregat-perulles-sales.com\/actualidad\/wp-json\/wp\/v2\/posts\/3497&appkey=&title=Reforma procesal contra la ocupaci\u00f3n ilegal de un bien inmueble&pic=&ralateUid=&\"  onclick=\"javascript:void window.open('http:\/\/service.weibo.com\/share\/share.php?url=www.fabregat-perulles-sales.com\/actualidad\/wp-json\/wp\/v2\/posts\/3497&appkey=&title=Reforma procesal contra la ocupaci\u00f3n ilegal de un bien inmueble&pic=&ralateUid=&','1410949501326','width=700,height=500,toolbar=0,menubar=0,location=0,status=1,scrollbars=1,resizable=1,left=0,top=0');return false;\" style=\"background-position: -450px -120px \"><\/a>\r\n\t\t\t\t\t<\/li>\r\n\t\t\t\t\t\t\t\t\t\t<li class=\"none nobackground \" >\r\n\r\n\t\t\t\t\t\t\t\t\t\t\t\t<a id=\"backforunical3497\" href=\"http:\/\/widget.renren.com\/dialog\/share?resourceUrl=www.fabregat-perulles-sales.com\/actualidad\/wp-json\/wp\/v2\/posts\/3497&srcUrl=www.fabregat-perulles-sales.com\/actualidad\/wp-json\/wp\/v2\/posts\/3497&title=Reforma procesal contra la ocupaci\u00f3n ilegal de un bien inmueble\"  onclick=\"javascript:void window.open('http:\/\/widget.renren.com\/dialog\/share?resourceUrl=www.fabregat-perulles-sales.com\/actualidad\/wp-json\/wp\/v2\/posts\/3497&srcUrl=www.fabregat-perulles-sales.com\/actualidad\/wp-json\/wp\/v2\/posts\/3497&title=Reforma procesal contra la ocupaci\u00f3n ilegal de un bien inmueble','1410949501326','width=700,height=500,toolbar=0,menubar=0,location=0,status=1,scrollbars=1,resizable=1,left=0,top=0');return false;\" style=\"background-position: -480px -120px \"><\/a>\r\n\t\t\t\t\t<\/li>\r\n\t\t\t\t\t\t\t\t\t\t<li class=\"none nobackground \" >\r\n\r\n\t\t\t\t\t\t\t\t\t\t\t\t<a id=\"backforunical3497\" href=\"http:\/\/n4g.com\/tips?url=www.fabregat-perulles-sales.com\/actualidad\/wp-json\/wp\/v2\/posts\/3497&title=Reforma procesal contra la ocupaci\u00f3n ilegal de un bien inmueble\"  onclick=\"javascript:void window.open('http:\/\/n4g.com\/tips?url=www.fabregat-perulles-sales.com\/actualidad\/wp-json\/wp\/v2\/posts\/3497&title=Reforma procesal contra la ocupaci\u00f3n ilegal de un bien inmueble','1410949501326','width=700,height=500,toolbar=0,menubar=0,location=0,status=1,scrollbars=1,resizable=1,left=0,top=0');return false;\" style=\"background-position: -510px -120px \"><\/a>\r\n\t\t\t\t\t<\/li>\r\n\t\t\t\t\t\t\t\t<\/ul>\r\n\t\t\t<div class=\"clear\"><\/div>\r\n\t\t<\/div>\r\n\t\t","protected":false},"excerpt":{"rendered":"<p>El pr\u00f3ximo 2 de julio de 2018 entra en vigor la Ley 5\/2018, de 11 de junio, de modificaci\u00f3n de la Ley 1\/2000, de 7 de enero, de Enjuiciamiento Civil, en relaci\u00f3n a la ocupaci\u00f3n ilegal de viviendas. Como consecuencia de la realidad socioecon\u00f3mica que se ha venido produciendo en los \u00faltimos a\u00f1os a causa\u2026 <span class=\"read-more\"><a href=\"https:\/\/www.fabregat-perulles-sales.com\/actualidad\/reforma-procesal-aprobada-en-las-cortes-contra-la-ocupacion-ilegal-de-un-bien-inmueble\/\">Read More &raquo;<\/a><\/span><\/p>\n","protected":false},"author":3,"featured_media":3498,"comment_status":"open","ping_status":"closed","sticky":false,"template":"","format":"standard","meta":[],"categories":[14,466,457,3],"tags":[1441,1417,590],"yoast_head":"<!-- This site is optimized with the Yoast SEO plugin v20.2.1 - https:\/\/yoast.com\/wordpress\/plugins\/seo\/ -->\n<title>Reforma contra la ocupaci\u00f3n ilegal<\/title>\n<meta name=\"description\" content=\"El pasado 6 de junio el Senado aprob\u00f3 definitivamente la Proposici\u00f3n de Ley de modificaci\u00f3n de la Ley 1\/2000, de 7 de enero\" \/>\n<meta name=\"robots\" content=\"index, follow, max-snippet:-1, max-image-preview:large, max-video-preview:-1\" \/>\n<link rel=\"canonical\" href=\"https:\/\/www.fabregat-perulles-sales.com\/actualidad\/reforma-procesal-aprobada-en-las-cortes-contra-la-ocupacion-ilegal-de-un-bien-inmueble\/\" \/>\n<meta property=\"og:locale\" content=\"en_US\" \/>\n<meta property=\"og:type\" content=\"article\" \/>\n<meta property=\"og:title\" content=\"Reforma contra la ocupaci\u00f3n ilegal\" \/>\n<meta property=\"og:description\" content=\"El pasado 6 de junio el Senado aprob\u00f3 definitivamente la Proposici\u00f3n de Ley de modificaci\u00f3n de la Ley 1\/2000, de 7 de enero\" \/>\n<meta property=\"og:url\" content=\"https:\/\/www.fabregat-perulles-sales.com\/actualidad\/reforma-procesal-aprobada-en-las-cortes-contra-la-ocupacion-ilegal-de-un-bien-inmueble\/\" \/>\n<meta property=\"og:site_name\" content=\"International Lawyers\" \/>\n<meta property=\"article:published_time\" content=\"2018-06-12T09:53:33+00:00\" \/>\n<meta property=\"article:modified_time\" content=\"2018-06-25T09:38:33+00:00\" \/>\n<meta property=\"og:image\" content=\"https:\/\/www.fabregat-perulles-sales.com\/actualidad\/wp-content\/uploads\/2018\/06\/proposicion-LEC-ocupacion-ilegal-abogados-espanol.jpg\" \/>\n\t<meta property=\"og:image:width\" content=\"960\" \/>\n\t<meta property=\"og:image:height\" content=\"640\" \/>\n\t<meta property=\"og:image:type\" content=\"image\/jpeg\" \/>\n<meta name=\"author\" content=\"Victor\" \/>\n<meta name=\"twitter:card\" content=\"summary_large_image\" \/>\n<meta name=\"twitter:label1\" content=\"Written by\" \/>\n\t<meta name=\"twitter:data1\" content=\"Victor\" \/>\n\t<meta name=\"twitter:label2\" content=\"Est. reading time\" \/>\n\t<meta name=\"twitter:data2\" content=\"4 minutes\" \/>\n<script type=\"application\/ld+json\" class=\"yoast-schema-graph\">{\"@context\":\"https:\/\/schema.org\",\"@graph\":[{\"@type\":\"WebPage\",\"@id\":\"https:\/\/www.fabregat-perulles-sales.com\/actualidad\/reforma-procesal-aprobada-en-las-cortes-contra-la-ocupacion-ilegal-de-un-bien-inmueble\/\",\"url\":\"https:\/\/www.fabregat-perulles-sales.com\/actualidad\/reforma-procesal-aprobada-en-las-cortes-contra-la-ocupacion-ilegal-de-un-bien-inmueble\/\",\"name\":\"Reforma contra la ocupaci\u00f3n ilegal\",\"isPartOf\":{\"@id\":\"https:\/\/www.fabregat-perulles-sales.com\/actualidad\/#website\"},\"datePublished\":\"2018-06-12T09:53:33+00:00\",\"dateModified\":\"2018-06-25T09:38:33+00:00\",\"author\":{\"@id\":\"https:\/\/www.fabregat-perulles-sales.com\/actualidad\/#\/schema\/person\/cabc1d68c7778f01d5e069c2d98442e3\"},\"description\":\"El pasado 6 de junio el Senado aprob\u00f3 definitivamente la Proposici\u00f3n de Ley de modificaci\u00f3n de la Ley 1\/2000, de 7 de enero\",\"breadcrumb\":{\"@id\":\"https:\/\/www.fabregat-perulles-sales.com\/actualidad\/reforma-procesal-aprobada-en-las-cortes-contra-la-ocupacion-ilegal-de-un-bien-inmueble\/#breadcrumb\"},\"inLanguage\":\"en-US\",\"potentialAction\":[{\"@type\":\"ReadAction\",\"target\":[\"https:\/\/www.fabregat-perulles-sales.com\/actualidad\/reforma-procesal-aprobada-en-las-cortes-contra-la-ocupacion-ilegal-de-un-bien-inmueble\/\"]}]},{\"@type\":\"BreadcrumbList\",\"@id\":\"https:\/\/www.fabregat-perulles-sales.com\/actualidad\/reforma-procesal-aprobada-en-las-cortes-contra-la-ocupacion-ilegal-de-un-bien-inmueble\/#breadcrumb\",\"itemListElement\":[{\"@type\":\"ListItem\",\"position\":1,\"name\":\"Home\",\"item\":\"https:\/\/www.fabregat-perulles-sales.com\/actualidad\/\"},{\"@type\":\"ListItem\",\"position\":2,\"name\":\"Reforma procesal contra la ocupaci\u00f3n ilegal de un bien inmueble\"}]},{\"@type\":\"WebSite\",\"@id\":\"https:\/\/www.fabregat-perulles-sales.com\/actualidad\/#website\",\"url\":\"https:\/\/www.fabregat-perulles-sales.com\/actualidad\/\",\"name\":\"www.fabregat-perulles-sales.com\",\"description\":\"Fabregat Perulles Sales Abogados is a law firm of reference international market in the Spanish-German, Spanish-French, and Spanish-Italian. Is one of the first firms in Barcelona offering a Russian Desk.\",\"potentialAction\":[{\"@type\":\"SearchAction\",\"target\":{\"@type\":\"EntryPoint\",\"urlTemplate\":\"https:\/\/www.fabregat-perulles-sales.com\/actualidad\/?s={search_term_string}\"},\"query-input\":\"required name=search_term_string\"}],\"inLanguage\":\"en-US\"},{\"@type\":\"Person\",\"@id\":\"https:\/\/www.fabregat-perulles-sales.com\/actualidad\/#\/schema\/person\/cabc1d68c7778f01d5e069c2d98442e3\",\"name\":\"Victor\",\"image\":{\"@type\":\"ImageObject\",\"inLanguage\":\"en-US\",\"@id\":\"https:\/\/www.fabregat-perulles-sales.com\/actualidad\/#\/schema\/person\/image\/\",\"url\":\"https:\/\/secure.gravatar.com\/avatar\/756cb666a964d2960ffe307b8a53b271?s=96&d=mm&r=g\",\"contentUrl\":\"https:\/\/secure.gravatar.com\/avatar\/756cb666a964d2960ffe307b8a53b271?s=96&d=mm&r=g\",\"caption\":\"Victor\"},\"sameAs\":[\"http:\/\/www.fabregat-perulles-sales.com\"],\"url\":\"https:\/\/www.fabregat-perulles-sales.com\/actualidad\/author\/victor\/\"}]}<\/script>\n<!-- \/ Yoast SEO plugin. -->","yoast_head_json":{"title":"Reforma contra la ocupaci\u00f3n ilegal","description":"El pasado 6 de junio el Senado aprob\u00f3 definitivamente la Proposici\u00f3n de Ley de modificaci\u00f3n de la Ley 1\/2000, de 7 de enero","robots":{"index":"index","follow":"follow","max-snippet":"max-snippet:-1","max-image-preview":"max-image-preview:large","max-video-preview":"max-video-preview:-1"},"canonical":"https:\/\/www.fabregat-perulles-sales.com\/actualidad\/reforma-procesal-aprobada-en-las-cortes-contra-la-ocupacion-ilegal-de-un-bien-inmueble\/","og_locale":"en_US","og_type":"article","og_title":"Reforma contra la ocupaci\u00f3n ilegal","og_description":"El pasado 6 de junio el Senado aprob\u00f3 definitivamente la Proposici\u00f3n de Ley de modificaci\u00f3n de la Ley 1\/2000, de 7 de enero","og_url":"https:\/\/www.fabregat-perulles-sales.com\/actualidad\/reforma-procesal-aprobada-en-las-cortes-contra-la-ocupacion-ilegal-de-un-bien-inmueble\/","og_site_name":"International Lawyers","article_published_time":"2018-06-12T09:53:33+00:00","article_modified_time":"2018-06-25T09:38:33+00:00","og_image":[{"width":960,"height":640,"url":"https:\/\/www.fabregat-perulles-sales.com\/actualidad\/wp-content\/uploads\/2018\/06\/proposicion-LEC-ocupacion-ilegal-abogados-espanol.jpg","type":"image\/jpeg"}],"author":"Victor","twitter_card":"summary_large_image","twitter_misc":{"Written by":"Victor","Est. reading time":"4 minutes"},"schema":{"@context":"https:\/\/schema.org","@graph":[{"@type":"WebPage","@id":"https:\/\/www.fabregat-perulles-sales.com\/actualidad\/reforma-procesal-aprobada-en-las-cortes-contra-la-ocupacion-ilegal-de-un-bien-inmueble\/","url":"https:\/\/www.fabregat-perulles-sales.com\/actualidad\/reforma-procesal-aprobada-en-las-cortes-contra-la-ocupacion-ilegal-de-un-bien-inmueble\/","name":"Reforma contra la ocupaci\u00f3n ilegal","isPartOf":{"@id":"https:\/\/www.fabregat-perulles-sales.com\/actualidad\/#website"},"datePublished":"2018-06-12T09:53:33+00:00","dateModified":"2018-06-25T09:38:33+00:00","author":{"@id":"https:\/\/www.fabregat-perulles-sales.com\/actualidad\/#\/schema\/person\/cabc1d68c7778f01d5e069c2d98442e3"},"description":"El pasado 6 de junio el Senado aprob\u00f3 definitivamente la Proposici\u00f3n de Ley de modificaci\u00f3n de la Ley 1\/2000, de 7 de enero","breadcrumb":{"@id":"https:\/\/www.fabregat-perulles-sales.com\/actualidad\/reforma-procesal-aprobada-en-las-cortes-contra-la-ocupacion-ilegal-de-un-bien-inmueble\/#breadcrumb"},"inLanguage":"en-US","potentialAction":[{"@type":"ReadAction","target":["https:\/\/www.fabregat-perulles-sales.com\/actualidad\/reforma-procesal-aprobada-en-las-cortes-contra-la-ocupacion-ilegal-de-un-bien-inmueble\/"]}]},{"@type":"BreadcrumbList","@id":"https:\/\/www.fabregat-perulles-sales.com\/actualidad\/reforma-procesal-aprobada-en-las-cortes-contra-la-ocupacion-ilegal-de-un-bien-inmueble\/#breadcrumb","itemListElement":[{"@type":"ListItem","position":1,"name":"Home","item":"https:\/\/www.fabregat-perulles-sales.com\/actualidad\/"},{"@type":"ListItem","position":2,"name":"Reforma procesal contra la ocupaci\u00f3n ilegal de un bien inmueble"}]},{"@type":"WebSite","@id":"https:\/\/www.fabregat-perulles-sales.com\/actualidad\/#website","url":"https:\/\/www.fabregat-perulles-sales.com\/actualidad\/","name":"www.fabregat-perulles-sales.com","description":"Fabregat Perulles Sales Abogados is a law firm of reference international market in the Spanish-German, Spanish-French, and Spanish-Italian. Is one of the first firms in Barcelona offering a Russian Desk.","potentialAction":[{"@type":"SearchAction","target":{"@type":"EntryPoint","urlTemplate":"https:\/\/www.fabregat-perulles-sales.com\/actualidad\/?s={search_term_string}"},"query-input":"required name=search_term_string"}],"inLanguage":"en-US"},{"@type":"Person","@id":"https:\/\/www.fabregat-perulles-sales.com\/actualidad\/#\/schema\/person\/cabc1d68c7778f01d5e069c2d98442e3","name":"Victor","image":{"@type":"ImageObject","inLanguage":"en-US","@id":"https:\/\/www.fabregat-perulles-sales.com\/actualidad\/#\/schema\/person\/image\/","url":"https:\/\/secure.gravatar.com\/avatar\/756cb666a964d2960ffe307b8a53b271?s=96&d=mm&r=g","contentUrl":"https:\/\/secure.gravatar.com\/avatar\/756cb666a964d2960ffe307b8a53b271?s=96&d=mm&r=g","caption":"Victor"},"sameAs":["http:\/\/www.fabregat-perulles-sales.com"],"url":"https:\/\/www.fabregat-perulles-sales.com\/actualidad\/author\/victor\/"}]}},"amp_enabled":true,"_links":{"self":[{"href":"https:\/\/www.fabregat-perulles-sales.com\/actualidad\/wp-json\/wp\/v2\/posts\/3497"}],"collection":[{"href":"https:\/\/www.fabregat-perulles-sales.com\/actualidad\/wp-json\/wp\/v2\/posts"}],"about":[{"href":"https:\/\/www.fabregat-perulles-sales.com\/actualidad\/wp-json\/wp\/v2\/types\/post"}],"author":[{"embeddable":true,"href":"https:\/\/www.fabregat-perulles-sales.com\/actualidad\/wp-json\/wp\/v2\/users\/3"}],"replies":[{"embeddable":true,"href":"https:\/\/www.fabregat-perulles-sales.com\/actualidad\/wp-json\/wp\/v2\/comments?post=3497"}],"version-history":[{"count":5,"href":"https:\/\/www.fabregat-perulles-sales.com\/actualidad\/wp-json\/wp\/v2\/posts\/3497\/revisions"}],"predecessor-version":[{"id":3537,"href":"https:\/\/www.fabregat-perulles-sales.com\/actualidad\/wp-json\/wp\/v2\/posts\/3497\/revisions\/3537"}],"wp:featuredmedia":[{"embeddable":true,"href":"https:\/\/www.fabregat-perulles-sales.com\/actualidad\/wp-json\/wp\/v2\/media\/3498"}],"wp:attachment":[{"href":"https:\/\/www.fabregat-perulles-sales.com\/actualidad\/wp-json\/wp\/v2\/media?parent=3497"}],"wp:term":[{"taxonomy":"category","embeddable":true,"href":"https:\/\/www.fabregat-perulles-sales.com\/actualidad\/wp-json\/wp\/v2\/categories?post=3497"},{"taxonomy":"post_tag","embeddable":true,"href":"https:\/\/www.fabregat-perulles-sales.com\/actualidad\/wp-json\/wp\/v2\/tags?post=3497"}],"curies":[{"name":"wp","href":"https:\/\/api.w.org\/{rel}","templated":true}]}}