{"id":3454,"date":"2018-05-15T10:06:50","date_gmt":"2018-05-15T09:06:50","guid":{"rendered":"http:\/\/www.fabregat-perulles-sales.com\/actualidad\/?p=3454"},"modified":"2018-05-15T10:14:37","modified_gmt":"2018-05-15T09:14:37","slug":"principales-novedades-sobre-datos-de-caracter-personal","status":"publish","type":"post","link":"https:\/\/www.fabregat-perulles-sales.com\/actualidad\/principales-novedades-sobre-datos-de-caracter-personal\/","title":{"rendered":"Principales novedades sobre datos de car\u00e1cter personal"},"content":{"rendered":"<p>A <img decoding=\"async\" loading=\"lazy\" class=\"alignright size-medium wp-image-3456\" src=\"http:\/\/www.fabregat-perulles-sales.com\/actualidad\/wp-content\/uploads\/2018\/05\/datos-personales-abogados-espa\u00f1ol-300x200.jpg\" alt=\"candado datos personales\" width=\"300\" height=\"200\" srcset=\"https:\/\/www.fabregat-perulles-sales.com\/actualidad\/wp-content\/uploads\/2018\/05\/datos-personales-abogados-espa\u00f1ol-300x200.jpg 300w, https:\/\/www.fabregat-perulles-sales.com\/actualidad\/wp-content\/uploads\/2018\/05\/datos-personales-abogados-espa\u00f1ol-768x512.jpg 768w, https:\/\/www.fabregat-perulles-sales.com\/actualidad\/wp-content\/uploads\/2018\/05\/datos-personales-abogados-espa\u00f1ol-660x440.jpg 660w, https:\/\/www.fabregat-perulles-sales.com\/actualidad\/wp-content\/uploads\/2018\/05\/datos-personales-abogados-espa\u00f1ol.jpg 960w\" sizes=\"(max-width: 300px) 100vw, 300px\" \/>partir del pr\u00f3ximo 25.05.18 ser\u00e1 de aplicaci\u00f3n el Reglamento (UE) 2016\/679 , de 27 de abril de 2016, relativo a la protecci\u00f3n de las personas f\u00edsicas en lo que respecta al tratamiento de datos personales y a la libre circulaci\u00f3n de \u00e9stos, y quedar\u00e1 derogada tanto la Directiva 95\/46 como, las normas nacionales que la trasponen, entre ellas la Ley Org\u00e1nica 15\/1999, de 13 de diciembre de Protecci\u00f3n de Datos de Car\u00e1cter Personal (salvo arts. 23 y 24 y DT4\u00aa).<!--more--><\/p>\n<p><strong>1\u00aa.-\u00a0 \u00a0<u>Personas obligadas a cumplir con la nueva normativa<\/u>:\u00a0 <\/strong><\/p>\n<p>Al igual que hasta ahora, tanto\u00a0<strong>empresas, aut\u00f3nomos, profesionales, entes p\u00fablicos y cualquiera que por su actividad realice tratamientos de datos<\/strong><strong> de car\u00e1cter personal<\/strong>, ya sean estos por su cuenta propia o a trav\u00e9s de terceros.<\/p>\n<p>Como novedad, la normativa europea sobre protecci\u00f3n de datos pasa a ser aplicable no s\u00f3lo a los responsables o encargados del tratamiento de datos establecidos en la UE sino <strong>tambi\u00e9n a aquellas empresas y organizaciones que no est\u00e9n establecidas en la UE<\/strong> cuando realicen tratamientos derivados de una oferta de bienes o servicios destinados a ciudadanos de la UE o como consecuencia de una monitorizaci\u00f3n y seguimiento de su comportamiento, las cuales estar\u00e1n obligadas a nombrar un representante suyo en la UE.<\/p>\n<p><strong>2\u00aa.- \u00a0\u00a0<u>El <em>\u201cderecho al olvido\u201d<\/em> y el <em>\u201cderecho a la portabilidad\u201d<\/em>\u00a0 como nuevas \u00a0herramientas destacadas de control de los datos para los ciudadanos<\/u>: <\/strong><\/p>\n<p>Frente a los <strong>hasta ahora vigentes derechos de Acceso, Rectificaci\u00f3n, Cancelaci\u00f3n y Oposici\u00f3n<\/strong> de los usuarios, en relaci\u00f3n con sus datos personales que est\u00e9n siendo objeto de tratamiento, el nuevo Reglamento recoge ahora como Derechos del interesado, los derechos de informaci\u00f3n\u00a0 y acceso del interesado a sus datos (arts. 13 a 15), el derecho de rectificaci\u00f3n (art. 16) y el de supresi\u00f3n o \u201cderecho al olvido\u201d (art. 17), el derecho a la limitaci\u00f3n del tratamiento (art. 18), el de la \u201cportabilidad\u201d de los datos (art. 20), y el derecho de oposici\u00f3n (art. 21).<\/p>\n<p>De ellos destacan los novedosos derechos <em>\u201cal olvido\u201d<\/em> y <em>\u201ca la portabilidad\u201d <\/em>de los datos: <strong>Siendo el primero<\/strong>, el derecho de los ciudadanos a solicitar que sus datos sean suprimidos en los casos indicados e incluso a solicitar que se bloqueen en las listas de resultados de los buscadores los v\u00ednculos que conduzcan a informaciones que les afecten que sean obsoletas, incompletas, falsas o irrelevantes y que no sean de inter\u00e9s p\u00fablico, entre otras razones.\u00a0 <strong>Y, el segundo<\/strong>, el de la portabilidad, el derecho a solicitar al responsable que los est\u00e9 tratando de forma automatizada, el poder recuperarlos en un formato que permita transfer\u00edrselos a otro responsable que el ciudadano designe.<\/p>\n<p><strong>3\u00aa.-\u00a0\u00a0 <u>Sobre la informaci\u00f3n a incluir en los avisos de privacidad<\/u>:\u00a0 <\/strong><\/p>\n<p><strong>Los avisos sobre privacidad deben revisarse y corregirse<\/strong><strong> para <\/strong><strong>incluir toda una serie de informaciones nuevas <\/strong>que deben proporcionarse de forma concisa, transparente, inteligible y de f\u00e1cil acceso, con un lenguaje claro y sencillo, por escrito u otros medios, inclusive, si procede, por medios electr\u00f3nicos y de forma gratuita.<\/p>\n<p>Entre dicha informaci\u00f3n, destaca como novedad, la base legal del tratamiento, plazo de conservaci\u00f3n o criterios para determinarlo, existencia de los derechos que pueden ejercitar frente al responsable (acceso, rectificaci\u00f3n, supresi\u00f3n, limitaci\u00f3n, oposici\u00f3n, y portabilidad), posibilidad de presentar reclamaciones a las Autoridades de Protecci\u00f3n de datos, etc.<\/p>\n<p><strong>4\u00aa.- \u00a0<u>Medidas preventivas a adoptar por las empresas.\u00a0 La responsabilidad activa<\/u>:\u00a0 <\/strong><\/p>\n<p>El Reglamento establece toda una serie de medidas que las empresas deber\u00e1n adoptar con car\u00e1cter preventivo y anticipativo para garantizar el cumplimiento de los principios, derechos y garant\u00edas recogidos en \u00e9l, destacando las siguientes:<\/p>\n<p><strong>\u00b7 Protecci\u00f3n de datos desde el dise\u00f1o y por defecto<\/strong> (art. 25), adoptando medidas de seguridad, t\u00e9cnicas y organizativas, apropiadas (art. 32) como la seudominizaci\u00f3n y minimizaci\u00f3n de datos, y aquellas con miras a garantizar que, por defecto, solo sean tratados los datos personales estrictamente necesarios.<\/p>\n<p>\u00b7 Obligaci\u00f3n de mantener un <strong>registro de tratamientos<\/strong> (art. 30), equivalente en cuanto a su contenido al actual \u201cdocumento de seguridad\u201d, desapareciendo la obligaci\u00f3n de notificar los ficheros a la AEPD.<\/p>\n<p><strong>\u00b7 Evaluaciones previas de impacto<\/strong> (art. 35) y <strong>consultas previas<\/strong> a la autoridad de control (art. 36) cuando sea probable que el tratamiento presente un alto riesgo espec\u00edfico para los derechos y libertades de los interesados.<\/p>\n<p>\u00b7Designaci\u00f3n de un <strong>delegado<\/strong> de protecci\u00f3n de datos (<em>DPO<\/em>) (arts. 37 a 39):<\/p>\n<ol>\n<li>Si el tratamiento lo lleva a cabo una autoridad u organismo p\u00fablico, excepto los tribunales que act\u00faen en ejercicio de su funci\u00f3n judicial.<\/li>\n<li>Si las actividades principales del responsable o del encargado consisten en:<\/li>\n<\/ol>\n<p>&#8211; Operaciones de tratamiento que, en raz\u00f3n de su naturaleza, alcance y\/o fines, requieren una observaci\u00f3n habitual y sistem\u00e1tica de\u00a0 \u00a0 \u00a0 \u00a0 \u00a0 \u00a0 \u00a0interesados a gran\u00a0escala.<\/p>\n<p>&#8211; El tratamiento a gran escala de categor\u00edas especiales de datos personales con arreglo al art\u00edculo 9 y de datos relativos a condenas e\u00a0 \u00a0 \u00a0 \u00a0 \u00a0 \u00a0 \u00a0infracciones penales a que se refiere el art\u00edculo 10 del Reglamento.<\/p>\n<p><strong>\u00b7 Notificaci\u00f3n de violaciones de la seguridad <\/strong>de los datos a la autoridad de control (art. 33) y al interesado (art. 34)<\/p>\n<p>\u00b7 Promoci\u00f3n de <strong>c\u00f3digos de conducta<\/strong> (art. 40) y mecanismos de <strong>certificaci\u00f3n<\/strong> (art. 42)<\/p>\n<p><strong>5\u00aa.-\u00a0 <u>Sobre la validez en la obtenci\u00f3n del consentimiento<\/u>:\u00a0\u00a0\u00a0 <\/strong><\/p>\n<p>Conforme a la normativa anterior, se admit\u00eda como consentimiento v\u00e1lidamente otorgado en muchos casos el llamado consentimiento \u201ct\u00e1cito\u201d.\u00a0 Sin embargo, con la aplicaci\u00f3n del nuevo Reglamento dicha forma de obtenci\u00f3n del consentimiento para el tratamiento de datos personales ha dejado de ser v\u00e1lida.<\/p>\n<p>Ahora, la validez de la obtenci\u00f3n del consentimiento depende de que el mismo se preste de forma libre, informada, espec\u00edfica e inequ\u00edvoca, teniendo en cuenta en este \u00faltimo caso que para que se considere prestado de forma inequ\u00edvoca <strong>es preciso una declaraci\u00f3n de los interesados o una acci\u00f3n positiva que indique el acuerdo de \u00e9stos<\/strong>, no pudiendo deducirse el consentimiento del silencio o de la inacci\u00f3n de los mismos.<\/p>\n<p>Adem\u00e1s, <strong>en algunos casos<\/strong> como aquellos en los que el consentimiento sea necesario para el tratamiento de datos sensibles, el consentimiento debe ser otorgado de manera \u201cexpl\u00edcita\u201d lo cual comporta que no puede entenderse concedido impl\u00edcitamente mediante alg\u00fan tipo de acci\u00f3n positiva sino que es necesario <strong>contar con que la acci\u00f3n o declaraci\u00f3n se refieran expl\u00edcitamente al consentimiento y al tratamiento concreto<\/strong> de que se trate.<\/p>\n<p>Finalmente, y como novedad, el otorgamiento del consentimiento debe ser verificable, de tal forma que quienes recopilen datos personales deben poder demostrar que el interesado les otorg\u00f3 su consentimiento.<\/p>\n<p><strong>6\u00aa.-\u00a0\u00a0 <u>Edad m\u00ednima prestaci\u00f3n consentimiento por ni\u00f1os en relaci\u00f3n con internet y\u00a0 redes sociales<\/u>:\u00a0\u00a0 <\/strong><\/p>\n<p>En Espa\u00f1a, hasta ahora, el l\u00edmite de edad a partir del cual los menores pod\u00edan prestar su consentimiento para el tratamiento de sus datos personales en relaci\u00f3n con la oferta dirigida a los mismos a trav\u00e9s de servicios de la sociedad de la informaci\u00f3n (internet, redes sociales, etc.), se encontraba en los 14 a\u00f1os. A partir del 25.05.18 todo indica<a href=\"#_ftn1\" name=\"_ftnref1\">[1]<\/a> que ser\u00e1 de <strong>13 a\u00f1os<\/strong> (El Reglamento lo fija en un m\u00ednimo de 16 a\u00f1os si bien permite que los estados la fijen en una edad menor, sin que en ning\u00fan caso pueda ser inferior a los 13 a\u00f1os).<\/p>\n<p>Consentimiento que deber\u00e1 ser verificable y debiendo estar escrito el aviso de privacidad en un lenguaje que los ni\u00f1os puedan entender.<\/p>\n<p><strong>7\u00aa.-\u00a0 <u>Contratos con los encargados del tratamiento<\/u>:\u00a0 <\/strong><br \/>\nCon el nuevo Reglamento se\u00a0ampl\u00eda el contenido de los contratos firmados por el responsable del tratamiento con los encargados del tratamiento, esto es, aquellos terceros que traten datos personales por cuenta del responsable) que adem\u00e1s del objeto, duraci\u00f3n, naturaleza y finalidad del tratamiento, tipo de datos personales y categor\u00edas de interesados,\u00a0 obligaciones y derechos del responsable, debe recoger toda una serie de estipulaciones concretas indicadas en el nuevo Reglamento.<\/p>\n<p>Ser\u00eda pues recomendable revisar los contratos actualmente firmados con los encargados del tratamiento para verificar que se ajustan a antes indicado, o modific\u00e1ndolos a tal efecto en caso contrario<a href=\"#_ftn2\" name=\"_ftnref2\">[2]<\/a>.<\/p>\n<p><strong>8\u00aa.-\u00a0 <u>Sobre el nuevo sistema de \u201cventanilla \u00fanica\u201d<\/u>:\u00a0 <\/strong><\/p>\n<p>Este nuevo sistema que introduce el Reglamento est\u00e1 pensado para que los responsables establecidos en varios Estados miembros o que, estando en un solo Estado miembro, hagan tratamientos que afecten significativamente a ciudadanos en varios Estados de la UE, tengan una \u00fanica Autoridad de protecci\u00f3n de datos como interlocutora.<\/p>\n<p>Adem\u00e1s, este nuevo sistema implicar\u00e1 tambi\u00e9n que cada Autoridad de protecci\u00f3n de datos europea, en\u00a0 lugar de analizar una denuncia o autorizar un tratamiento a nivel estrictamente nacional, valorar\u00e1 si el supuesto tiene car\u00e1cter transfronterizo, en cuyo caso se abrir\u00e1 un procedimiento de cooperaci\u00f3n entre todas las Autoridades afectadas buscando una soluci\u00f3n aceptable para todas ellas, de tal forma que si hubieran discrepancias insalvables, el caso se elevar\u00eda al Comit\u00e9 Europeo de Protecci\u00f3n de Datos (un organismo de la Uni\u00f3n integrado por los directores de todas las Autoridades de protecci\u00f3n de datos de la Uni\u00f3n) que resolver\u00e1 la controversia mediante decisiones vinculantes para las Autoridades implicadas.<\/p>\n<p>En todo caso, la ventanilla \u00fanica no afectar\u00e1 a empresas que s\u00f3lo est\u00e9n en un Estado miembro y que realicen tratamientos que afecten s\u00f3lo a interesados en ese Estado y tampoco supondr\u00e1 que los ciudadanos tengan que relacionarse con varias Autoridades o con Autoridades distintas de la del Estado donde residan.\u00a0 \u00c9stos siempre podr\u00e1n plantear sus reclamaciones o denuncias ante su propia Autoridad Nacional (En Espa\u00f1a, la Agencia Espa\u00f1ola de Protecci\u00f3n de datos), la cual ser\u00e1 la responsable de informar al ciudadano del resultado de su reclamaci\u00f3n o denuncia.<\/p>\n<p><strong>9\u00aa.-\u00a0 <u>Posibles sanciones<\/u>:\u00a0 <\/strong><\/p>\n<p>Dependiendo de la gravedad de la infracci\u00f3n las <strong>multas<\/strong> podr\u00edan llegar alcanzar un importe m\u00e1ximo de entre <strong>10 y 20 millones de euros<\/strong> o un porcentaje de <strong>entre el 2 y el 4% del volumen de negocios<\/strong> total de la empresa.<\/p>\n<p>&nbsp;<\/p>\n<p>&nbsp;<\/p>\n<p><a href=\"#_ftnref1\" name=\"_ftn1\">[1]<\/a> Seg\u00fan Proyecto de Ley Org\u00e1nica de Protecci\u00f3n de Datos de Car\u00e1cter Personal (BO de las Cortes Generales de 24.11.17, cuyo objeto es adpatar el Reglamento al ordenamiento jur\u00eddico espa\u00f1ol.<\/p>\n<p><a href=\"#_ftnref2\" name=\"_ftn2\">[2]<\/a> Una vez se apruebe la mencionada nueva LOPD en Espa\u00f1a, habr\u00e1 que verificar de qu\u00e9 modo y durante cu\u00e1nto tiempo,\u00a0 transitoritamiente, podr\u00e1n mantener su vigencia los contratos suscritos antes del 25.05.18 y cu\u00e1ndo y c\u00f3mo deber\u00e1 producirse su adaptaci\u00f3n a la nueva normativa.<\/p>\n<p>&nbsp;<\/p>\n<p>FABREGAT PERULLES SALES ABOGADOS<\/p>\n<p>Mayo de 2018<\/p>\n\r\n\t\t<style>\r\n\t\t\t.huge-it-share-buttons {\r\n\t\t\t\tborder:0px solid #0FB5D6;\r\n\t\t\t\tborder-radius:5px;\r\n\t\t\t\tbackground:#3BD8FF;\r\n\t\t\t text-align:left; \t\t\t\t\t\t\t\t\t}\r\n\r\n\t\t\t#huge-it-share-buttons-top {margin-bottom:0px;}\r\n\t\t\t#huge-it-share-buttons-bottom {margin-top:0px;}\r\n\r\n\t\t\t.huge-it-share-buttons h3 {\r\n\t\t\t\tfont-size:25px ;\r\n\t\t\t\tfont-family:Arial,Helvetica Neue,Helvetica,sans-serif;\r\n\t\t\t\tcolor:#666666;\r\n\r\n\t\t\tdisplay:block;\t\t\t\tline-height:25px ;\r\n\r\n\t\t\t text-align:left; \t\t\t\t\t\t\t\t\t}\r\n\r\n\t\t\t.huge-it-share-buttons ul {\r\n\t\t\t float:left; \t\t\t\t\t\t\t\t\t}\r\n\r\n\t\t\t.huge-it-share-buttons ul li {\r\n\t\t\t\tmargin-left:3px;\r\n\t\t\t\tmargin-right:3px;\r\n\t\t\t\tpadding:0px;\r\n\t\t\t\tborder:0px ridge #E6354C;\r\n\t\t\t\tborder-radius:11px;\r\n\t\t\t\tbackground-color:#14CC9B;\r\n\t\t\t}\r\n\r\n\t\t\t.huge-it-share-buttons ul li #backforunical3454 {\r\n\t\t\t\tborder-bottom: 0;\r\n\t\t\t\tbackground-image:url('https:\/\/www.fabregat-perulles-sales.com\/actualidad\/wp-content\/plugins\/wp-share-buttons\/Front_end\/..\/images\/buttons.30.png');\r\n\t\t\t\twidth:30px;\r\n\t\t\t\theight:30px;\r\n\t\t\t}\r\n\r\n\t\t\t.front-shares-count {\r\n\t\t\t\tposition: absolute;\r\n\t\t\t\ttext-align: center;\r\n\t\t\t\tdisplay: block;\r\n\t\t\t}\r\n\r\n\t\t\t.shares_size20 .front-shares-count {\r\n\t\t\t\tfont-size: 10px;\r\n\t\t\t\ttop: 10px;\r\n\t\t\t\twidth: 20px;\r\n\t\t\t}\r\n\r\n\t\t\t.shares_size30 .front-shares-count {\r\n\t\t\t\tfont-size: 11px;\r\n\t\t\t\ttop: 15px;\r\n\t\t\t\twidth: 30px;\r\n\t\t\t}\r\n\r\n\t\t\t.shares_size40 .front-shares-count {\r\n\t\t\t\tfont-size: 12px;\r\n\t\t\t\ttop: 21px;\r\n\t\t\t\twidth: 40px;\r\n\t\t\t}\r\n\t\t<\/style>\r\n\t\t\r\n\t\t<div id=\"huge-it-share-buttons-top\" class=\"huge-it-share-buttons nobackground\">\r\n\t\t\t<h3>Share This:<\/h3>\r\n\t\t\t<ul class=\"huge-it-share-buttons-list \">\r\n\t\t\t\t\t\t\t\t\t<li class=\"nobackground \" >\r\n\r\n\t\t\t\t\t\t\t\t\t\t\t\t<a id=\"backforunical3454\" href=\"https:\/\/www.facebook.com\/sharer\/sharer.php?u=www.fabregat-perulles-sales.com\/actualidad\/wp-json\/wp\/v2\/posts\/3454\"  onclick=\"javascript:void window.open('https:\/\/www.facebook.com\/sharer\/sharer.php?u=www.fabregat-perulles-sales.com\/actualidad\/wp-json\/wp\/v2\/posts\/3454','1410949501326','width=700,height=500,toolbar=0,menubar=0,location=0,status=1,scrollbars=1,resizable=1,left=0,top=0');return false;\" style=\"background-position: -0px -120px \"><\/a>\r\n\t\t\t\t\t<\/li>\r\n\t\t\t\t\t\t\t\t\t\t<li class=\"nobackground \" >\r\n\r\n\t\t\t\t\t\t\t\t\t\t\t\t<a id=\"backforunical3454\" href=\"https:\/\/twitter.com\/share?status=www.fabregat-perulles-sales.com\/actualidad\/wp-json\/wp\/v2\/posts\/3454&text=Principales novedades sobre datos de car\u00e1cter personal\"  onclick=\"javascript:void window.open('https:\/\/twitter.com\/share?status=www.fabregat-perulles-sales.com\/actualidad\/wp-json\/wp\/v2\/posts\/3454&text=Principales novedades sobre datos de car\u00e1cter personal','1410949501326','width=700,height=500,toolbar=0,menubar=0,location=0,status=1,scrollbars=1,resizable=1,left=0,top=0');return false;\" style=\"background-position: -30px -120px \"><\/a>\r\n\t\t\t\t\t<\/li>\r\n\t\t\t\t\t\t\t\t\t\t<li class=\"none nobackground \" >\r\n\r\n\t\t\t\t\t\t\t\t\t\t\t\t<a id=\"backforunical3454\" href=\"http:\/\/www.pinterest.com\/pin\/create\/button\/?url=www.fabregat-perulles-sales.com\/actualidad\/wp-json\/wp\/v2\/posts\/3454&media=https:\/\/www.fabregat-perulles-sales.com\/actualidad\/wp-content\/plugins\/wp-share-buttons\/Front_end\/..\/images\/noimage.png&description=Principales novedades sobre datos de car\u00e1cter personal\"  onclick=\"javascript:void window.open('http:\/\/www.pinterest.com\/pin\/create\/button\/?url=www.fabregat-perulles-sales.com\/actualidad\/wp-json\/wp\/v2\/posts\/3454&media=https:\/\/www.fabregat-perulles-sales.com\/actualidad\/wp-content\/plugins\/wp-share-buttons\/Front_end\/..\/images\/noimage.png&description=Principales novedades sobre datos de car\u00e1cter personal','1410949501326','width=700,height=500,toolbar=0,menubar=0,location=0,status=1,scrollbars=1,resizable=1,left=0,top=0');return false;\" style=\"background-position: -60px -120px \"><\/a>\r\n\t\t\t\t\t<\/li>\r\n\t\t\t\t\t\t\t\t\t\t<li class=\"none nobackground \" >\r\n\r\n\t\t\t\t\t\t\t\t\t\t\t\t<a id=\"backforunical3454\" href=\"https:\/\/plus.google.com\/share?url=www.fabregat-perulles-sales.com\/actualidad\/wp-json\/wp\/v2\/posts\/3454\"  onclick=\"javascript:void window.open('https:\/\/plus.google.com\/share?url=www.fabregat-perulles-sales.com\/actualidad\/wp-json\/wp\/v2\/posts\/3454','1410949501326','width=700,height=500,toolbar=0,menubar=0,location=0,status=1,scrollbars=1,resizable=1,left=0,top=0');return false;\" style=\"background-position: -90px -120px \"><\/a>\r\n\t\t\t\t\t<\/li>\r\n\t\t\t\t\t\t\t\t\t\t<li class=\"nobackground \" >\r\n\r\n\t\t\t\t\t\t\t\t\t\t\t\t<a id=\"backforunical3454\" href=\"https:\/\/www.linkedin.com\/shareArticle?title=Principales novedades sobre datos de car\u00e1cter personal&mini=true&url=https:\/\/www.fabregat-perulles-sales.com\/actualidad\/wp-json\/wp\/v2\/posts\/3454\"  onclick=\"javascript:void window.open('https:\/\/www.linkedin.com\/shareArticle?title=Principales novedades sobre datos de car\u00e1cter personal&mini=true&url=https:\/\/www.fabregat-perulles-sales.com\/actualidad\/wp-json\/wp\/v2\/posts\/3454','1410949501326','width=700,height=500,toolbar=0,menubar=0,location=0,status=1,scrollbars=1,resizable=1,left=0,top=0');return false;\" style=\"background-position: -120px -120px \"><\/a>\r\n\t\t\t\t\t<\/li>\r\n\t\t\t\t\t\t\t\t\t\t<li class=\"none nobackground \" >\r\n\r\n\t\t\t\t\t\t\t\t\t\t\t\t<a id=\"backforunical3454\" href=\"https:\/\/www.tumblr.com\/share\/link?url=www.fabregat-perulles-sales.com\/actualidad\/wp-json\/wp\/v2\/posts\/3454&name=Principales novedades sobre datos de car\u00e1cter personal\"  onclick=\"javascript:void window.open('https:\/\/www.tumblr.com\/share\/link?url=www.fabregat-perulles-sales.com\/actualidad\/wp-json\/wp\/v2\/posts\/3454&name=Principales novedades sobre datos de car\u00e1cter personal','1410949501326','width=700,height=500,toolbar=0,menubar=0,location=0,status=1,scrollbars=1,resizable=1,left=0,top=0');return false;\" style=\"background-position: -150px -120px \"><\/a>\r\n\t\t\t\t\t<\/li>\r\n\t\t\t\t\t\t\t\t\t\t<li class=\"none nobackground \" >\r\n\r\n\t\t\t\t\t\t\t\t\t\t\t\t<a id=\"backforunical3454\" href=\"http:\/\/digg.com\/submit?phase=2&url=www.fabregat-perulles-sales.com\/actualidad\/wp-json\/wp\/v2\/posts\/3454&title=Principales novedades sobre datos de car\u00e1cter personal\"  onclick=\"javascript:void window.open('http:\/\/digg.com\/submit?phase=2&url=www.fabregat-perulles-sales.com\/actualidad\/wp-json\/wp\/v2\/posts\/3454&title=Principales novedades sobre datos de car\u00e1cter personal','1410949501326','width=700,height=500,toolbar=0,menubar=0,location=0,status=1,scrollbars=1,resizable=1,left=0,top=0');return false;\" style=\"background-position: -180px -120px \"><\/a>\r\n\t\t\t\t\t<\/li>\r\n\t\t\t\t\t\t\t\t\t\t<li class=\"none nobackground \" >\r\n\r\n\t\t\t\t\t\t\t\t\t\t\t\t<a id=\"backforunical3454\" href=\"http:\/\/www.stumbleupon.com\/submit?url=www.fabregat-perulles-sales.com\/actualidad\/wp-json\/wp\/v2\/posts\/3454&title=Principales novedades sobre datos de car\u00e1cter personal\"  onclick=\"javascript:void window.open('http:\/\/www.stumbleupon.com\/submit?url=www.fabregat-perulles-sales.com\/actualidad\/wp-json\/wp\/v2\/posts\/3454&title=Principales novedades sobre datos de car\u00e1cter personal','1410949501326','width=700,height=500,toolbar=0,menubar=0,location=0,status=1,scrollbars=1,resizable=1,left=0,top=0');return false;\" style=\"background-position: -210px -120px \"><\/a>\r\n\t\t\t\t\t<\/li>\r\n\t\t\t\t\t\t\t\t\t\t<li class=\"none nobackground \" >\r\n\r\n\t\t\t\t\t\t\t\t\t\t\t\t<a id=\"backforunical3454\" href=\"https:\/\/myspace.com\/post?l=3&u=www.fabregat-perulles-sales.com\/actualidad\/wp-json\/wp\/v2\/posts\/3454\"  onclick=\"javascript:void window.open('https:\/\/myspace.com\/post?l=3&u=www.fabregat-perulles-sales.com\/actualidad\/wp-json\/wp\/v2\/posts\/3454','1410949501326','width=700,height=500,toolbar=0,menubar=0,location=0,status=1,scrollbars=1,resizable=1,left=0,top=0');return false;\" style=\"background-position: -240px -120px \"><\/a>\r\n\t\t\t\t\t<\/li>\r\n\t\t\t\t\t\t\t\t\t\t<li class=\"nobackground \" >\r\n\r\n\t\t\t\t\t\t\t\t\t\t\t\t<a id=\"backforunical3454\" href=\"http:\/\/vk.com\/share.php?url=www.fabregat-perulles-sales.com\/actualidad\/wp-json\/wp\/v2\/posts\/3454&title=Principales novedades sobre datos de car\u00e1cter personal\"  onclick=\"javascript:void window.open('http:\/\/vk.com\/share.php?url=www.fabregat-perulles-sales.com\/actualidad\/wp-json\/wp\/v2\/posts\/3454&title=Principales novedades sobre datos de car\u00e1cter personal','1410949501326','width=700,height=500,toolbar=0,menubar=0,location=0,status=1,scrollbars=1,resizable=1,left=0,top=0');return false;\" style=\"background-position: -270px -120px \"><\/a>\r\n\t\t\t\t\t<\/li>\r\n\t\t\t\t\t\t\t\t\t\t<li class=\"none nobackground \" >\r\n\r\n\t\t\t\t\t\t\t\t\t\t\t\t<a id=\"backforunical3454\" href=\"http:\/\/www.reddit.com\/submit?url=www.fabregat-perulles-sales.com\/actualidad\/wp-json\/wp\/v2\/posts\/3454&title=Principales novedades sobre datos de car\u00e1cter personal\"  onclick=\"javascript:void window.open('http:\/\/www.reddit.com\/submit?url=www.fabregat-perulles-sales.com\/actualidad\/wp-json\/wp\/v2\/posts\/3454&title=Principales novedades sobre datos de car\u00e1cter personal','1410949501326','width=700,height=500,toolbar=0,menubar=0,location=0,status=1,scrollbars=1,resizable=1,left=0,top=0');return false;\" style=\"background-position: -300px -120px \"><\/a>\r\n\t\t\t\t\t<\/li>\r\n\t\t\t\t\t\t\t\t\t\t<li class=\"none nobackground \" >\r\n\r\n\t\t\t\t\t\t\t\t\t\t\t\t<a id=\"backforunical3454\" href=\"http:\/\/www.bebo.com\/c\/share?Url=www.fabregat-perulles-sales.com\/actualidad\/wp-json\/wp\/v2\/posts\/3454\"  onclick=\"javascript:void window.open('http:\/\/www.bebo.com\/c\/share?Url=www.fabregat-perulles-sales.com\/actualidad\/wp-json\/wp\/v2\/posts\/3454','1410949501326','width=700,height=500,toolbar=0,menubar=0,location=0,status=1,scrollbars=1,resizable=1,left=0,top=0');return false;\" style=\"background-position: -330px -120px \"><\/a>\r\n\t\t\t\t\t<\/li>\r\n\t\t\t\t\t\t\t\t\t\t<li class=\"none nobackground \" >\r\n\r\n\t\t\t\t\t\t\t\t\t\t\t\t<a id=\"backforunical3454\" href=\"https:\/\/delicious.com\/save?v=5&noui&jump=close&url=www.fabregat-perulles-sales.com\/actualidad\/wp-json\/wp\/v2\/posts\/3454&title=Principales novedades sobre datos de car\u00e1cter personal\"  onclick=\"javascript:void window.open('https:\/\/delicious.com\/save?v=5&noui&jump=close&url=www.fabregat-perulles-sales.com\/actualidad\/wp-json\/wp\/v2\/posts\/3454&title=Principales novedades sobre datos de car\u00e1cter personal','1410949501326','width=700,height=500,toolbar=0,menubar=0,location=0,status=1,scrollbars=1,resizable=1,left=0,top=0');return false;\" style=\"background-position: -360px -120px \"><\/a>\r\n\t\t\t\t\t<\/li>\r\n\t\t\t\t\t\t\t\t\t\t<li class=\"none nobackground \" >\r\n\r\n\t\t\t\t\t\t\t\t\t\t\t\t<a id=\"backforunical3454\" href=\"http:\/\/www.odnoklassniki.ru\/dk?st.cmd=addShare&st.s=2&st.noresize=on&st._surl=www.fabregat-perulles-sales.com\/actualidad\/wp-json\/wp\/v2\/posts\/3454\"  onclick=\"javascript:void window.open('http:\/\/www.odnoklassniki.ru\/dk?st.cmd=addShare&st.s=2&st.noresize=on&st._surl=www.fabregat-perulles-sales.com\/actualidad\/wp-json\/wp\/v2\/posts\/3454','1410949501326','width=700,height=500,toolbar=0,menubar=0,location=0,status=1,scrollbars=1,resizable=1,left=0,top=0');return false;\" style=\"background-position: -390px -120px \"><\/a>\r\n\t\t\t\t\t<\/li>\r\n\t\t\t\t\t\t\t\t\t\t<li class=\"none nobackground \" >\r\n\r\n\t\t\t\t\t\t\t\t\t\t\t\t<a id=\"backforunical3454\" href=\"http:\/\/sns.qzone.qq.com\/cgi-bin\/qzshare\/cgi_qzshare_onekey?url=www.fabregat-perulles-sales.com\/actualidad\/wp-json\/wp\/v2\/posts\/3454&title=Principales novedades sobre datos de car\u00e1cter personal\"  onclick=\"javascript:void window.open('http:\/\/sns.qzone.qq.com\/cgi-bin\/qzshare\/cgi_qzshare_onekey?url=www.fabregat-perulles-sales.com\/actualidad\/wp-json\/wp\/v2\/posts\/3454&title=Principales novedades sobre datos de car\u00e1cter personal','1410949501326','width=700,height=500,toolbar=0,menubar=0,location=0,status=1,scrollbars=1,resizable=1,left=0,top=0');return false;\" style=\"background-position: -420px -120px \"><\/a>\r\n\t\t\t\t\t<\/li>\r\n\t\t\t\t\t\t\t\t\t\t<li class=\"none nobackground \" >\r\n\r\n\t\t\t\t\t\t\t\t\t\t\t\t<a id=\"backforunical3454\" href=\"http:\/\/service.weibo.com\/share\/share.php?url=www.fabregat-perulles-sales.com\/actualidad\/wp-json\/wp\/v2\/posts\/3454&appkey=&title=Principales novedades sobre datos de car\u00e1cter personal&pic=&ralateUid=&\"  onclick=\"javascript:void window.open('http:\/\/service.weibo.com\/share\/share.php?url=www.fabregat-perulles-sales.com\/actualidad\/wp-json\/wp\/v2\/posts\/3454&appkey=&title=Principales novedades sobre datos de car\u00e1cter personal&pic=&ralateUid=&','1410949501326','width=700,height=500,toolbar=0,menubar=0,location=0,status=1,scrollbars=1,resizable=1,left=0,top=0');return false;\" style=\"background-position: -450px -120px \"><\/a>\r\n\t\t\t\t\t<\/li>\r\n\t\t\t\t\t\t\t\t\t\t<li class=\"none nobackground \" >\r\n\r\n\t\t\t\t\t\t\t\t\t\t\t\t<a id=\"backforunical3454\" href=\"http:\/\/widget.renren.com\/dialog\/share?resourceUrl=www.fabregat-perulles-sales.com\/actualidad\/wp-json\/wp\/v2\/posts\/3454&srcUrl=www.fabregat-perulles-sales.com\/actualidad\/wp-json\/wp\/v2\/posts\/3454&title=Principales novedades sobre datos de car\u00e1cter personal\"  onclick=\"javascript:void window.open('http:\/\/widget.renren.com\/dialog\/share?resourceUrl=www.fabregat-perulles-sales.com\/actualidad\/wp-json\/wp\/v2\/posts\/3454&srcUrl=www.fabregat-perulles-sales.com\/actualidad\/wp-json\/wp\/v2\/posts\/3454&title=Principales novedades sobre datos de car\u00e1cter personal','1410949501326','width=700,height=500,toolbar=0,menubar=0,location=0,status=1,scrollbars=1,resizable=1,left=0,top=0');return false;\" style=\"background-position: -480px -120px \"><\/a>\r\n\t\t\t\t\t<\/li>\r\n\t\t\t\t\t\t\t\t\t\t<li class=\"none nobackground \" >\r\n\r\n\t\t\t\t\t\t\t\t\t\t\t\t<a id=\"backforunical3454\" href=\"http:\/\/n4g.com\/tips?url=www.fabregat-perulles-sales.com\/actualidad\/wp-json\/wp\/v2\/posts\/3454&title=Principales novedades sobre datos de car\u00e1cter personal\"  onclick=\"javascript:void window.open('http:\/\/n4g.com\/tips?url=www.fabregat-perulles-sales.com\/actualidad\/wp-json\/wp\/v2\/posts\/3454&title=Principales novedades sobre datos de car\u00e1cter personal','1410949501326','width=700,height=500,toolbar=0,menubar=0,location=0,status=1,scrollbars=1,resizable=1,left=0,top=0');return false;\" style=\"background-position: -510px -120px \"><\/a>\r\n\t\t\t\t\t<\/li>\r\n\t\t\t\t\t\t\t\t<\/ul>\r\n\t\t\t<div class=\"clear\"><\/div>\r\n\t\t<\/div>\r\n\t\t","protected":false},"excerpt":{"rendered":"<p>A partir del pr\u00f3ximo 25.05.18 ser\u00e1 de aplicaci\u00f3n el Reglamento (UE) 2016\/679 , de 27 de abril de 2016, relativo a la protecci\u00f3n de las personas f\u00edsicas en lo que respecta al tratamiento de datos personales y a la libre circulaci\u00f3n de \u00e9stos, y quedar\u00e1 derogada tanto la Directiva 95\/46 como, las normas nacionales que\u2026 <span class=\"read-more\"><a href=\"https:\/\/www.fabregat-perulles-sales.com\/actualidad\/principales-novedades-sobre-datos-de-caracter-personal\/\">Read More &raquo;<\/a><\/span><\/p>\n","protected":false},"author":3,"featured_media":0,"comment_status":"open","ping_status":"closed","sticky":false,"template":"","format":"standard","meta":[],"categories":[466,279,457,1,3],"tags":[1450,485],"yoast_head":"<!-- This site is optimized with the Yoast SEO plugin v20.2.1 - https:\/\/yoast.com\/wordpress\/plugins\/seo\/ -->\n<title>Novedades sobre datos de car\u00e1cter personal<\/title>\n<meta name=\"description\" content=\"A partir del 25.05.18 se aplicar\u00e1 el Reglamento (UE) 2016\/679, relativo a la protecci\u00f3n de las personas f\u00edsicas respecto al tratamiento de datos personales\" \/>\n<meta name=\"robots\" content=\"index, follow, max-snippet:-1, max-image-preview:large, max-video-preview:-1\" \/>\n<link rel=\"canonical\" href=\"https:\/\/www.fabregat-perulles-sales.com\/actualidad\/principales-novedades-sobre-datos-de-caracter-personal\/\" \/>\n<meta property=\"og:locale\" content=\"en_US\" \/>\n<meta property=\"og:type\" content=\"article\" \/>\n<meta property=\"og:title\" content=\"Novedades sobre datos de car\u00e1cter personal\" \/>\n<meta property=\"og:description\" content=\"A partir del 25.05.18 se aplicar\u00e1 el Reglamento (UE) 2016\/679, relativo a la protecci\u00f3n de las personas f\u00edsicas respecto al tratamiento de datos personales\" \/>\n<meta property=\"og:url\" content=\"https:\/\/www.fabregat-perulles-sales.com\/actualidad\/principales-novedades-sobre-datos-de-caracter-personal\/\" \/>\n<meta property=\"og:site_name\" content=\"International Lawyers\" \/>\n<meta property=\"article:published_time\" content=\"2018-05-15T09:06:50+00:00\" \/>\n<meta property=\"article:modified_time\" content=\"2018-05-15T09:14:37+00:00\" \/>\n<meta name=\"author\" content=\"Victor\" \/>\n<meta name=\"twitter:card\" content=\"summary_large_image\" \/>\n<meta name=\"twitter:label1\" content=\"Written by\" \/>\n\t<meta name=\"twitter:data1\" content=\"Victor\" \/>\n\t<meta name=\"twitter:label2\" content=\"Est. reading time\" \/>\n\t<meta name=\"twitter:data2\" content=\"9 minutes\" \/>\n<script type=\"application\/ld+json\" class=\"yoast-schema-graph\">{\"@context\":\"https:\/\/schema.org\",\"@graph\":[{\"@type\":\"WebPage\",\"@id\":\"https:\/\/www.fabregat-perulles-sales.com\/actualidad\/principales-novedades-sobre-datos-de-caracter-personal\/\",\"url\":\"https:\/\/www.fabregat-perulles-sales.com\/actualidad\/principales-novedades-sobre-datos-de-caracter-personal\/\",\"name\":\"Novedades sobre datos de car\u00e1cter personal\",\"isPartOf\":{\"@id\":\"https:\/\/www.fabregat-perulles-sales.com\/actualidad\/#website\"},\"datePublished\":\"2018-05-15T09:06:50+00:00\",\"dateModified\":\"2018-05-15T09:14:37+00:00\",\"author\":{\"@id\":\"https:\/\/www.fabregat-perulles-sales.com\/actualidad\/#\/schema\/person\/cabc1d68c7778f01d5e069c2d98442e3\"},\"description\":\"A partir del 25.05.18 se aplicar\u00e1 el Reglamento (UE) 2016\/679, relativo a la protecci\u00f3n de las personas f\u00edsicas respecto al tratamiento de datos personales\",\"breadcrumb\":{\"@id\":\"https:\/\/www.fabregat-perulles-sales.com\/actualidad\/principales-novedades-sobre-datos-de-caracter-personal\/#breadcrumb\"},\"inLanguage\":\"en-US\",\"potentialAction\":[{\"@type\":\"ReadAction\",\"target\":[\"https:\/\/www.fabregat-perulles-sales.com\/actualidad\/principales-novedades-sobre-datos-de-caracter-personal\/\"]}]},{\"@type\":\"BreadcrumbList\",\"@id\":\"https:\/\/www.fabregat-perulles-sales.com\/actualidad\/principales-novedades-sobre-datos-de-caracter-personal\/#breadcrumb\",\"itemListElement\":[{\"@type\":\"ListItem\",\"position\":1,\"name\":\"Home\",\"item\":\"https:\/\/www.fabregat-perulles-sales.com\/actualidad\/\"},{\"@type\":\"ListItem\",\"position\":2,\"name\":\"Principales novedades sobre datos de car\u00e1cter personal\"}]},{\"@type\":\"WebSite\",\"@id\":\"https:\/\/www.fabregat-perulles-sales.com\/actualidad\/#website\",\"url\":\"https:\/\/www.fabregat-perulles-sales.com\/actualidad\/\",\"name\":\"www.fabregat-perulles-sales.com\",\"description\":\"Fabregat Perulles Sales Abogados is a law firm of reference international market in the Spanish-German, Spanish-French, and Spanish-Italian. Is one of the first firms in Barcelona offering a Russian Desk.\",\"potentialAction\":[{\"@type\":\"SearchAction\",\"target\":{\"@type\":\"EntryPoint\",\"urlTemplate\":\"https:\/\/www.fabregat-perulles-sales.com\/actualidad\/?s={search_term_string}\"},\"query-input\":\"required name=search_term_string\"}],\"inLanguage\":\"en-US\"},{\"@type\":\"Person\",\"@id\":\"https:\/\/www.fabregat-perulles-sales.com\/actualidad\/#\/schema\/person\/cabc1d68c7778f01d5e069c2d98442e3\",\"name\":\"Victor\",\"image\":{\"@type\":\"ImageObject\",\"inLanguage\":\"en-US\",\"@id\":\"https:\/\/www.fabregat-perulles-sales.com\/actualidad\/#\/schema\/person\/image\/\",\"url\":\"https:\/\/secure.gravatar.com\/avatar\/756cb666a964d2960ffe307b8a53b271?s=96&d=mm&r=g\",\"contentUrl\":\"https:\/\/secure.gravatar.com\/avatar\/756cb666a964d2960ffe307b8a53b271?s=96&d=mm&r=g\",\"caption\":\"Victor\"},\"sameAs\":[\"http:\/\/www.fabregat-perulles-sales.com\"],\"url\":\"https:\/\/www.fabregat-perulles-sales.com\/actualidad\/author\/victor\/\"}]}<\/script>\n<!-- \/ Yoast SEO plugin. -->","yoast_head_json":{"title":"Novedades sobre datos de car\u00e1cter personal","description":"A partir del 25.05.18 se aplicar\u00e1 el Reglamento (UE) 2016\/679, relativo a la protecci\u00f3n de las personas f\u00edsicas respecto al tratamiento de datos personales","robots":{"index":"index","follow":"follow","max-snippet":"max-snippet:-1","max-image-preview":"max-image-preview:large","max-video-preview":"max-video-preview:-1"},"canonical":"https:\/\/www.fabregat-perulles-sales.com\/actualidad\/principales-novedades-sobre-datos-de-caracter-personal\/","og_locale":"en_US","og_type":"article","og_title":"Novedades sobre datos de car\u00e1cter personal","og_description":"A partir del 25.05.18 se aplicar\u00e1 el Reglamento (UE) 2016\/679, relativo a la protecci\u00f3n de las personas f\u00edsicas respecto al tratamiento de datos personales","og_url":"https:\/\/www.fabregat-perulles-sales.com\/actualidad\/principales-novedades-sobre-datos-de-caracter-personal\/","og_site_name":"International Lawyers","article_published_time":"2018-05-15T09:06:50+00:00","article_modified_time":"2018-05-15T09:14:37+00:00","author":"Victor","twitter_card":"summary_large_image","twitter_misc":{"Written by":"Victor","Est. reading time":"9 minutes"},"schema":{"@context":"https:\/\/schema.org","@graph":[{"@type":"WebPage","@id":"https:\/\/www.fabregat-perulles-sales.com\/actualidad\/principales-novedades-sobre-datos-de-caracter-personal\/","url":"https:\/\/www.fabregat-perulles-sales.com\/actualidad\/principales-novedades-sobre-datos-de-caracter-personal\/","name":"Novedades sobre datos de car\u00e1cter personal","isPartOf":{"@id":"https:\/\/www.fabregat-perulles-sales.com\/actualidad\/#website"},"datePublished":"2018-05-15T09:06:50+00:00","dateModified":"2018-05-15T09:14:37+00:00","author":{"@id":"https:\/\/www.fabregat-perulles-sales.com\/actualidad\/#\/schema\/person\/cabc1d68c7778f01d5e069c2d98442e3"},"description":"A partir del 25.05.18 se aplicar\u00e1 el Reglamento (UE) 2016\/679, relativo a la protecci\u00f3n de las personas f\u00edsicas respecto al tratamiento de datos personales","breadcrumb":{"@id":"https:\/\/www.fabregat-perulles-sales.com\/actualidad\/principales-novedades-sobre-datos-de-caracter-personal\/#breadcrumb"},"inLanguage":"en-US","potentialAction":[{"@type":"ReadAction","target":["https:\/\/www.fabregat-perulles-sales.com\/actualidad\/principales-novedades-sobre-datos-de-caracter-personal\/"]}]},{"@type":"BreadcrumbList","@id":"https:\/\/www.fabregat-perulles-sales.com\/actualidad\/principales-novedades-sobre-datos-de-caracter-personal\/#breadcrumb","itemListElement":[{"@type":"ListItem","position":1,"name":"Home","item":"https:\/\/www.fabregat-perulles-sales.com\/actualidad\/"},{"@type":"ListItem","position":2,"name":"Principales novedades sobre datos de car\u00e1cter personal"}]},{"@type":"WebSite","@id":"https:\/\/www.fabregat-perulles-sales.com\/actualidad\/#website","url":"https:\/\/www.fabregat-perulles-sales.com\/actualidad\/","name":"www.fabregat-perulles-sales.com","description":"Fabregat Perulles Sales Abogados is a law firm of reference international market in the Spanish-German, Spanish-French, and Spanish-Italian. Is one of the first firms in Barcelona offering a Russian Desk.","potentialAction":[{"@type":"SearchAction","target":{"@type":"EntryPoint","urlTemplate":"https:\/\/www.fabregat-perulles-sales.com\/actualidad\/?s={search_term_string}"},"query-input":"required name=search_term_string"}],"inLanguage":"en-US"},{"@type":"Person","@id":"https:\/\/www.fabregat-perulles-sales.com\/actualidad\/#\/schema\/person\/cabc1d68c7778f01d5e069c2d98442e3","name":"Victor","image":{"@type":"ImageObject","inLanguage":"en-US","@id":"https:\/\/www.fabregat-perulles-sales.com\/actualidad\/#\/schema\/person\/image\/","url":"https:\/\/secure.gravatar.com\/avatar\/756cb666a964d2960ffe307b8a53b271?s=96&d=mm&r=g","contentUrl":"https:\/\/secure.gravatar.com\/avatar\/756cb666a964d2960ffe307b8a53b271?s=96&d=mm&r=g","caption":"Victor"},"sameAs":["http:\/\/www.fabregat-perulles-sales.com"],"url":"https:\/\/www.fabregat-perulles-sales.com\/actualidad\/author\/victor\/"}]}},"amp_enabled":true,"_links":{"self":[{"href":"https:\/\/www.fabregat-perulles-sales.com\/actualidad\/wp-json\/wp\/v2\/posts\/3454"}],"collection":[{"href":"https:\/\/www.fabregat-perulles-sales.com\/actualidad\/wp-json\/wp\/v2\/posts"}],"about":[{"href":"https:\/\/www.fabregat-perulles-sales.com\/actualidad\/wp-json\/wp\/v2\/types\/post"}],"author":[{"embeddable":true,"href":"https:\/\/www.fabregat-perulles-sales.com\/actualidad\/wp-json\/wp\/v2\/users\/3"}],"replies":[{"embeddable":true,"href":"https:\/\/www.fabregat-perulles-sales.com\/actualidad\/wp-json\/wp\/v2\/comments?post=3454"}],"version-history":[{"count":5,"href":"https:\/\/www.fabregat-perulles-sales.com\/actualidad\/wp-json\/wp\/v2\/posts\/3454\/revisions"}],"predecessor-version":[{"id":3460,"href":"https:\/\/www.fabregat-perulles-sales.com\/actualidad\/wp-json\/wp\/v2\/posts\/3454\/revisions\/3460"}],"wp:attachment":[{"href":"https:\/\/www.fabregat-perulles-sales.com\/actualidad\/wp-json\/wp\/v2\/media?parent=3454"}],"wp:term":[{"taxonomy":"category","embeddable":true,"href":"https:\/\/www.fabregat-perulles-sales.com\/actualidad\/wp-json\/wp\/v2\/categories?post=3454"},{"taxonomy":"post_tag","embeddable":true,"href":"https:\/\/www.fabregat-perulles-sales.com\/actualidad\/wp-json\/wp\/v2\/tags?post=3454"}],"curies":[{"name":"wp","href":"https:\/\/api.w.org\/{rel}","templated":true}]}}