{"id":3423,"date":"2018-05-02T08:33:59","date_gmt":"2018-05-02T07:33:59","guid":{"rendered":"http:\/\/www.fabregat-perulles-sales.com\/actualidad\/?p=3423"},"modified":"2018-05-11T16:47:51","modified_gmt":"2018-05-11T15:47:51","slug":"terminacion-del-contrato-de-agencia-durante-el-periodo-de-prueba-que-derechos-tiene-el-agente-comercial","status":"publish","type":"post","link":"https:\/\/www.fabregat-perulles-sales.com\/actualidad\/terminacion-del-contrato-de-agencia-durante-el-periodo-de-prueba-que-derechos-tiene-el-agente-comercial\/","title":{"rendered":"Terminaci\u00f3n del contrato de agencia durante el per\u00edodo de prueba \u00bfQu\u00e9 derechos tiene el agente comercial?"},"content":{"rendered":"<p><img decoding=\"async\" loading=\"lazy\" class=\"alignright size-medium wp-image-3424\" src=\"http:\/\/www.fabregat-perulles-sales.com\/actualidad\/wp-content\/uploads\/2018\/05\/shaking-hands-3205463_1920-300x200.jpg\" alt=\"contrato agencia manos\" width=\"300\" height=\"200\" srcset=\"https:\/\/www.fabregat-perulles-sales.com\/actualidad\/wp-content\/uploads\/2018\/05\/shaking-hands-3205463_1920-300x200.jpg 300w, https:\/\/www.fabregat-perulles-sales.com\/actualidad\/wp-content\/uploads\/2018\/05\/shaking-hands-3205463_1920-768x512.jpg 768w, https:\/\/www.fabregat-perulles-sales.com\/actualidad\/wp-content\/uploads\/2018\/05\/shaking-hands-3205463_1920-1024x683.jpg 1024w, https:\/\/www.fabregat-perulles-sales.com\/actualidad\/wp-content\/uploads\/2018\/05\/shaking-hands-3205463_1920-660x440.jpg 660w, https:\/\/www.fabregat-perulles-sales.com\/actualidad\/wp-content\/uploads\/2018\/05\/shaking-hands-3205463_1920.jpg 1920w\" sizes=\"(max-width: 300px) 100vw, 300px\" \/>El pasado 19 de abril Tribunal de Justicia de la Uni\u00f3n Europea dict\u00f3 sentencia resolviendo acerca de la petici\u00f3n de decisi\u00f3n prejudicial, planteada por la Cour de cassation (Tribunal de Casaci\u00f3n) de Francia, que ten\u00eda por objeto la interpretaci\u00f3n del art\u00edculo 17 de la<a href=\"https:\/\/eur-lex.europa.eu\/legal-content\/ES\/TXT\/?uri=CELEX%3A31986L0653\" target=\"_blank\" rel=\"noopener noreferrer\"> Directiva 86\/653\/CEE del Consejo, de 18 de diciembre de 1986<\/a>, relativa a la coordinaci\u00f3n de los Derechos de los Estados miembros en lo referente a los agentes comerciales independientes. Dicha petici\u00f3n se presenta en el contexto de un litigio relativo, por una parte, a la reclamaci\u00f3n de una indemnizaci\u00f3n compensatoria en concepto de reparaci\u00f3n del perjuicio resultante de la terminaci\u00f3n de un contrato de agencia comercial celebrado entre dos empresas y, por otra parte, a una reclamaci\u00f3n por da\u00f1os y perjuicios. La cuesti\u00f3n prejudicial plantea si el art\u00edculo 17 de la Directiva [86\/653] es aplicable cuando la terminaci\u00f3n del contrato de agencia comercial se produce durante el periodo de prueba previsto en el mismo.<!--more--><\/p>\n<p>Seg\u00fan reiterada jurisprudencia del Tribunal de Justicia, para determinar el alcance de una disposici\u00f3n de Derecho de la Uni\u00f3n, en este caso el art\u00edculo 17 de la Directiva 86\/653, hay que tener en cuenta tanto sus t\u00e9rminos como su contexto y sus finalidades (sentencia de 16 de abril de 2015, Angerer, C\u2011477\/13, EU:C:2015:239, apartado 26 y jurisprudencia citada).<\/p>\n<p>El TJUE se\u00f1ala que la relaci\u00f3n entre un agente comercial y un empresario, en el sentido del art\u00edculo 1 de la Directiva 86\/653, existe a partir del momento en que se celebra un contrato, con independencia de si dicho contrato va acompa\u00f1ado de un per\u00edodo de prueba. De ello se deduce que las disposiciones de esta Directiva se aplicar\u00e1n una vez celebrado un contrato de este tipo entre el empresario y el agente comercial, aun cuando dicho contrato estipule un per\u00edodo de prueba.<\/p>\n<p>A tenor del art\u00edculo 17, apartado 1, de la Directiva 86\/653, los Estados miembros deben adoptar las medidas necesarias que garanticen al agente comercial, tras la \u00abterminaci\u00f3n del contrato\u00bb, una indemnizaci\u00f3n o la reparaci\u00f3n del perjuicio sufrido. Del mismo modo, el apartado 3, establece que el agente comercial tendr\u00e1 derecho a la reparaci\u00f3n del perjuicio que le ocasione la \u00abterminaci\u00f3n de sus relaciones con el empresario\u00bb. As\u00ed, el derecho a la indemnizaci\u00f3n o reparaci\u00f3n del agente comercial estar\u00e1 supeditado a la terminaci\u00f3n de su relaci\u00f3n contractual con el empresario.<\/p>\n<p>Por otra parte, del tenor del art\u00edculo 17, apartados 2 y 3, de la Directiva 86\/653 se <strong><u>desprende que los reg\u00edmenes de indemnizaci\u00f3n y reparaci\u00f3n que esta disposici\u00f3n establece no pretenden sancionar la extinci\u00f3n del contrato, sino compensar al agente comercial por sus prestaciones anteriores de las que el empresario sigue benefici\u00e1ndose con posterioridad a la terminaci\u00f3n de las relaciones contractuales o por los gastos en que haya incurrido a efectos de dichas prestaciones<\/u><\/strong>.<\/p>\n<p>En cuanto al contexto del art\u00edculo 17 de dicha Directiva, el TJUE se\u00f1ala que el art\u00edculo 18 de esta misma Directiva enumera de modo taxativo los casos en los que no habr\u00e1 lugar a la indemnizaci\u00f3n o la reparaci\u00f3n del perjuicio. Puesto que dicho art\u00edculo 18 constituye una excepci\u00f3n al derecho a indemnizaci\u00f3n y reparaci\u00f3n, procede interpretarlo de manera estricta y la no superaci\u00f3n del per\u00edodo de prueba no se menciona en este art\u00edculo. De ello se deduce que no puede a\u00f1adirse el periodo de prueba como una causa de exclusi\u00f3n de la indemnizaci\u00f3n o de la reparaci\u00f3n.<\/p>\n<p>Por otra parte, el art\u00edculo 19 de la Directiva 86\/653 proh\u00edbe a las partes, antes del vencimiento del contrato, establecer excepciones a los art\u00edculos 17 y 18 de esta Directiva en perjuicio del agente comercial. Constituye una excepci\u00f3n en detrimento del agente el hecho de considerar que la estipulaci\u00f3n de un per\u00edodo de prueba en un contrato de agencia comercial implica que el derecho a indemnizaci\u00f3n y reparaci\u00f3n, previsto en el art\u00edculo 17 de dicha Directiva, no es aplicable.<\/p>\n<p>Por lo que respecta a la finalidad de la Directiva 86\/653, debe recordarse que de sus considerandos segundo y tercero resulta que uno de sus objetivos es proteger los intereses del agente comercial en sus relaciones con el empresario.<\/p>\n<p>A este respecto, el Tribunal de Justicia ha declarado que los art\u00edculos 17 y 18 de dicha Directiva revisten una importancia decisiva, puesto que definen el nivel de protecci\u00f3n que el legislador de la Uni\u00f3n consider\u00f3 razonable conceder a los agentes comerciales en el marco de la creaci\u00f3n del mercado \u00fanico.<\/p>\n<p>Por consiguiente, <strong><u>procede considerar que es contraria al objetivo de dicha Directiva una interpretaci\u00f3n del art\u00edculo 17 de la Directiva 86\/653 seg\u00fan la cual no habr\u00e1 lugar a ninguna indemnizaci\u00f3n o reparaci\u00f3n cuando la extinci\u00f3n del contrato de agencia comercial se produce durante el per\u00edodo de prueba.<\/u><\/strong><\/p>\n<p>Por todo ello, el TJUE responde a la cuesti\u00f3n planteada que el art\u00edculo 17 de la Directiva 86\/653 debe interpretarse en el sentido de que <strong><u>los reg\u00edmenes de indemnizaci\u00f3n y de reparaci\u00f3n que dicho art\u00edculo establece, respectivamente, en sus apartados 2 y 3, en caso de terminaci\u00f3n del contrato de agencia comercial, son aplicables cuando dicha terminaci\u00f3n se produce durante el per\u00edodo de prueba que este contrato estipula<\/u><\/strong>.<\/p>\n\r\n\t\t<style>\r\n\t\t\t.huge-it-share-buttons {\r\n\t\t\t\tborder:0px solid #0FB5D6;\r\n\t\t\t\tborder-radius:5px;\r\n\t\t\t\tbackground:#3BD8FF;\r\n\t\t\t text-align:left; \t\t\t\t\t\t\t\t\t}\r\n\r\n\t\t\t#huge-it-share-buttons-top {margin-bottom:0px;}\r\n\t\t\t#huge-it-share-buttons-bottom {margin-top:0px;}\r\n\r\n\t\t\t.huge-it-share-buttons h3 {\r\n\t\t\t\tfont-size:25px ;\r\n\t\t\t\tfont-family:Arial,Helvetica Neue,Helvetica,sans-serif;\r\n\t\t\t\tcolor:#666666;\r\n\r\n\t\t\tdisplay:block;\t\t\t\tline-height:25px ;\r\n\r\n\t\t\t text-align:left; \t\t\t\t\t\t\t\t\t}\r\n\r\n\t\t\t.huge-it-share-buttons ul {\r\n\t\t\t float:left; \t\t\t\t\t\t\t\t\t}\r\n\r\n\t\t\t.huge-it-share-buttons ul li {\r\n\t\t\t\tmargin-left:3px;\r\n\t\t\t\tmargin-right:3px;\r\n\t\t\t\tpadding:0px;\r\n\t\t\t\tborder:0px ridge #E6354C;\r\n\t\t\t\tborder-radius:11px;\r\n\t\t\t\tbackground-color:#14CC9B;\r\n\t\t\t}\r\n\r\n\t\t\t.huge-it-share-buttons ul li #backforunical3423 {\r\n\t\t\t\tborder-bottom: 0;\r\n\t\t\t\tbackground-image:url('https:\/\/www.fabregat-perulles-sales.com\/actualidad\/wp-content\/plugins\/wp-share-buttons\/Front_end\/..\/images\/buttons.30.png');\r\n\t\t\t\twidth:30px;\r\n\t\t\t\theight:30px;\r\n\t\t\t}\r\n\r\n\t\t\t.front-shares-count {\r\n\t\t\t\tposition: absolute;\r\n\t\t\t\ttext-align: center;\r\n\t\t\t\tdisplay: block;\r\n\t\t\t}\r\n\r\n\t\t\t.shares_size20 .front-shares-count {\r\n\t\t\t\tfont-size: 10px;\r\n\t\t\t\ttop: 10px;\r\n\t\t\t\twidth: 20px;\r\n\t\t\t}\r\n\r\n\t\t\t.shares_size30 .front-shares-count {\r\n\t\t\t\tfont-size: 11px;\r\n\t\t\t\ttop: 15px;\r\n\t\t\t\twidth: 30px;\r\n\t\t\t}\r\n\r\n\t\t\t.shares_size40 .front-shares-count {\r\n\t\t\t\tfont-size: 12px;\r\n\t\t\t\ttop: 21px;\r\n\t\t\t\twidth: 40px;\r\n\t\t\t}\r\n\t\t<\/style>\r\n\t\t\r\n\t\t<div id=\"huge-it-share-buttons-top\" class=\"huge-it-share-buttons nobackground\">\r\n\t\t\t<h3>Share This:<\/h3>\r\n\t\t\t<ul class=\"huge-it-share-buttons-list \">\r\n\t\t\t\t\t\t\t\t\t<li class=\"nobackground \" >\r\n\r\n\t\t\t\t\t\t\t\t\t\t\t\t<a id=\"backforunical3423\" href=\"https:\/\/www.facebook.com\/sharer\/sharer.php?u=www.fabregat-perulles-sales.com\/actualidad\/wp-json\/wp\/v2\/posts\/3423\"  onclick=\"javascript:void window.open('https:\/\/www.facebook.com\/sharer\/sharer.php?u=www.fabregat-perulles-sales.com\/actualidad\/wp-json\/wp\/v2\/posts\/3423','1410949501326','width=700,height=500,toolbar=0,menubar=0,location=0,status=1,scrollbars=1,resizable=1,left=0,top=0');return false;\" style=\"background-position: -0px -120px \"><\/a>\r\n\t\t\t\t\t<\/li>\r\n\t\t\t\t\t\t\t\t\t\t<li class=\"nobackground \" >\r\n\r\n\t\t\t\t\t\t\t\t\t\t\t\t<a id=\"backforunical3423\" href=\"https:\/\/twitter.com\/share?status=www.fabregat-perulles-sales.com\/actualidad\/wp-json\/wp\/v2\/posts\/3423&text=Terminaci\u00f3n del contrato de agencia durante el per\u00edodo de prueba \u00bfQu\u00e9 derechos tiene el agente comercial?\"  onclick=\"javascript:void window.open('https:\/\/twitter.com\/share?status=www.fabregat-perulles-sales.com\/actualidad\/wp-json\/wp\/v2\/posts\/3423&text=Terminaci\u00f3n del contrato de agencia durante el per\u00edodo de prueba \u00bfQu\u00e9 derechos tiene el agente comercial?','1410949501326','width=700,height=500,toolbar=0,menubar=0,location=0,status=1,scrollbars=1,resizable=1,left=0,top=0');return false;\" style=\"background-position: -30px -120px \"><\/a>\r\n\t\t\t\t\t<\/li>\r\n\t\t\t\t\t\t\t\t\t\t<li class=\"none nobackground \" >\r\n\r\n\t\t\t\t\t\t\t\t\t\t\t\t<a id=\"backforunical3423\" href=\"http:\/\/www.pinterest.com\/pin\/create\/button\/?url=www.fabregat-perulles-sales.com\/actualidad\/wp-json\/wp\/v2\/posts\/3423&media=https:\/\/www.fabregat-perulles-sales.com\/actualidad\/wp-content\/plugins\/wp-share-buttons\/Front_end\/..\/images\/noimage.png&description=Terminaci\u00f3n del contrato de agencia durante el per\u00edodo de prueba \u00bfQu\u00e9 derechos tiene el agente comercial?\"  onclick=\"javascript:void window.open('http:\/\/www.pinterest.com\/pin\/create\/button\/?url=www.fabregat-perulles-sales.com\/actualidad\/wp-json\/wp\/v2\/posts\/3423&media=https:\/\/www.fabregat-perulles-sales.com\/actualidad\/wp-content\/plugins\/wp-share-buttons\/Front_end\/..\/images\/noimage.png&description=Terminaci\u00f3n del contrato de agencia durante el per\u00edodo de prueba \u00bfQu\u00e9 derechos tiene el agente comercial?','1410949501326','width=700,height=500,toolbar=0,menubar=0,location=0,status=1,scrollbars=1,resizable=1,left=0,top=0');return false;\" style=\"background-position: -60px -120px \"><\/a>\r\n\t\t\t\t\t<\/li>\r\n\t\t\t\t\t\t\t\t\t\t<li class=\"none nobackground \" >\r\n\r\n\t\t\t\t\t\t\t\t\t\t\t\t<a id=\"backforunical3423\" href=\"https:\/\/plus.google.com\/share?url=www.fabregat-perulles-sales.com\/actualidad\/wp-json\/wp\/v2\/posts\/3423\"  onclick=\"javascript:void window.open('https:\/\/plus.google.com\/share?url=www.fabregat-perulles-sales.com\/actualidad\/wp-json\/wp\/v2\/posts\/3423','1410949501326','width=700,height=500,toolbar=0,menubar=0,location=0,status=1,scrollbars=1,resizable=1,left=0,top=0');return false;\" style=\"background-position: -90px -120px \"><\/a>\r\n\t\t\t\t\t<\/li>\r\n\t\t\t\t\t\t\t\t\t\t<li class=\"nobackground \" >\r\n\r\n\t\t\t\t\t\t\t\t\t\t\t\t<a id=\"backforunical3423\" href=\"https:\/\/www.linkedin.com\/shareArticle?title=Terminaci\u00f3n del contrato de agencia durante el per\u00edodo de prueba \u00bfQu\u00e9 derechos tiene el agente comercial?&mini=true&url=https:\/\/www.fabregat-perulles-sales.com\/actualidad\/wp-json\/wp\/v2\/posts\/3423\"  onclick=\"javascript:void window.open('https:\/\/www.linkedin.com\/shareArticle?title=Terminaci\u00f3n del contrato de agencia durante el per\u00edodo de prueba \u00bfQu\u00e9 derechos tiene el agente comercial?&mini=true&url=https:\/\/www.fabregat-perulles-sales.com\/actualidad\/wp-json\/wp\/v2\/posts\/3423','1410949501326','width=700,height=500,toolbar=0,menubar=0,location=0,status=1,scrollbars=1,resizable=1,left=0,top=0');return false;\" style=\"background-position: -120px -120px \"><\/a>\r\n\t\t\t\t\t<\/li>\r\n\t\t\t\t\t\t\t\t\t\t<li class=\"none nobackground \" >\r\n\r\n\t\t\t\t\t\t\t\t\t\t\t\t<a id=\"backforunical3423\" href=\"https:\/\/www.tumblr.com\/share\/link?url=www.fabregat-perulles-sales.com\/actualidad\/wp-json\/wp\/v2\/posts\/3423&name=Terminaci\u00f3n del contrato de agencia durante el per\u00edodo de prueba \u00bfQu\u00e9 derechos tiene el agente comercial?\"  onclick=\"javascript:void window.open('https:\/\/www.tumblr.com\/share\/link?url=www.fabregat-perulles-sales.com\/actualidad\/wp-json\/wp\/v2\/posts\/3423&name=Terminaci\u00f3n del contrato de agencia durante el per\u00edodo de prueba \u00bfQu\u00e9 derechos tiene el agente comercial?','1410949501326','width=700,height=500,toolbar=0,menubar=0,location=0,status=1,scrollbars=1,resizable=1,left=0,top=0');return false;\" style=\"background-position: -150px -120px \"><\/a>\r\n\t\t\t\t\t<\/li>\r\n\t\t\t\t\t\t\t\t\t\t<li class=\"none nobackground \" >\r\n\r\n\t\t\t\t\t\t\t\t\t\t\t\t<a id=\"backforunical3423\" href=\"http:\/\/digg.com\/submit?phase=2&url=www.fabregat-perulles-sales.com\/actualidad\/wp-json\/wp\/v2\/posts\/3423&title=Terminaci\u00f3n del contrato de agencia durante el per\u00edodo de prueba \u00bfQu\u00e9 derechos tiene el agente comercial?\"  onclick=\"javascript:void window.open('http:\/\/digg.com\/submit?phase=2&url=www.fabregat-perulles-sales.com\/actualidad\/wp-json\/wp\/v2\/posts\/3423&title=Terminaci\u00f3n del contrato de agencia durante el per\u00edodo de prueba \u00bfQu\u00e9 derechos tiene el agente comercial?','1410949501326','width=700,height=500,toolbar=0,menubar=0,location=0,status=1,scrollbars=1,resizable=1,left=0,top=0');return false;\" style=\"background-position: -180px -120px \"><\/a>\r\n\t\t\t\t\t<\/li>\r\n\t\t\t\t\t\t\t\t\t\t<li class=\"none nobackground \" >\r\n\r\n\t\t\t\t\t\t\t\t\t\t\t\t<a id=\"backforunical3423\" href=\"http:\/\/www.stumbleupon.com\/submit?url=www.fabregat-perulles-sales.com\/actualidad\/wp-json\/wp\/v2\/posts\/3423&title=Terminaci\u00f3n del contrato de agencia durante el per\u00edodo de prueba \u00bfQu\u00e9 derechos tiene el agente comercial?\"  onclick=\"javascript:void window.open('http:\/\/www.stumbleupon.com\/submit?url=www.fabregat-perulles-sales.com\/actualidad\/wp-json\/wp\/v2\/posts\/3423&title=Terminaci\u00f3n del contrato de agencia durante el per\u00edodo de prueba \u00bfQu\u00e9 derechos tiene el agente comercial?','1410949501326','width=700,height=500,toolbar=0,menubar=0,location=0,status=1,scrollbars=1,resizable=1,left=0,top=0');return false;\" style=\"background-position: -210px -120px \"><\/a>\r\n\t\t\t\t\t<\/li>\r\n\t\t\t\t\t\t\t\t\t\t<li class=\"none nobackground \" >\r\n\r\n\t\t\t\t\t\t\t\t\t\t\t\t<a id=\"backforunical3423\" href=\"https:\/\/myspace.com\/post?l=3&u=www.fabregat-perulles-sales.com\/actualidad\/wp-json\/wp\/v2\/posts\/3423\"  onclick=\"javascript:void window.open('https:\/\/myspace.com\/post?l=3&u=www.fabregat-perulles-sales.com\/actualidad\/wp-json\/wp\/v2\/posts\/3423','1410949501326','width=700,height=500,toolbar=0,menubar=0,location=0,status=1,scrollbars=1,resizable=1,left=0,top=0');return false;\" style=\"background-position: -240px -120px \"><\/a>\r\n\t\t\t\t\t<\/li>\r\n\t\t\t\t\t\t\t\t\t\t<li class=\"nobackground \" >\r\n\r\n\t\t\t\t\t\t\t\t\t\t\t\t<a id=\"backforunical3423\" href=\"http:\/\/vk.com\/share.php?url=www.fabregat-perulles-sales.com\/actualidad\/wp-json\/wp\/v2\/posts\/3423&title=Terminaci\u00f3n del contrato de agencia durante el per\u00edodo de prueba \u00bfQu\u00e9 derechos tiene el agente comercial?\"  onclick=\"javascript:void window.open('http:\/\/vk.com\/share.php?url=www.fabregat-perulles-sales.com\/actualidad\/wp-json\/wp\/v2\/posts\/3423&title=Terminaci\u00f3n del contrato de agencia durante el per\u00edodo de prueba \u00bfQu\u00e9 derechos tiene el agente comercial?','1410949501326','width=700,height=500,toolbar=0,menubar=0,location=0,status=1,scrollbars=1,resizable=1,left=0,top=0');return false;\" style=\"background-position: -270px -120px \"><\/a>\r\n\t\t\t\t\t<\/li>\r\n\t\t\t\t\t\t\t\t\t\t<li class=\"none nobackground \" >\r\n\r\n\t\t\t\t\t\t\t\t\t\t\t\t<a id=\"backforunical3423\" href=\"http:\/\/www.reddit.com\/submit?url=www.fabregat-perulles-sales.com\/actualidad\/wp-json\/wp\/v2\/posts\/3423&title=Terminaci\u00f3n del contrato de agencia durante el per\u00edodo de prueba \u00bfQu\u00e9 derechos tiene el agente comercial?\"  onclick=\"javascript:void window.open('http:\/\/www.reddit.com\/submit?url=www.fabregat-perulles-sales.com\/actualidad\/wp-json\/wp\/v2\/posts\/3423&title=Terminaci\u00f3n del contrato de agencia durante el per\u00edodo de prueba \u00bfQu\u00e9 derechos tiene el agente comercial?','1410949501326','width=700,height=500,toolbar=0,menubar=0,location=0,status=1,scrollbars=1,resizable=1,left=0,top=0');return false;\" style=\"background-position: -300px -120px \"><\/a>\r\n\t\t\t\t\t<\/li>\r\n\t\t\t\t\t\t\t\t\t\t<li class=\"none nobackground \" >\r\n\r\n\t\t\t\t\t\t\t\t\t\t\t\t<a id=\"backforunical3423\" href=\"http:\/\/www.bebo.com\/c\/share?Url=www.fabregat-perulles-sales.com\/actualidad\/wp-json\/wp\/v2\/posts\/3423\"  onclick=\"javascript:void window.open('http:\/\/www.bebo.com\/c\/share?Url=www.fabregat-perulles-sales.com\/actualidad\/wp-json\/wp\/v2\/posts\/3423','1410949501326','width=700,height=500,toolbar=0,menubar=0,location=0,status=1,scrollbars=1,resizable=1,left=0,top=0');return false;\" style=\"background-position: -330px -120px \"><\/a>\r\n\t\t\t\t\t<\/li>\r\n\t\t\t\t\t\t\t\t\t\t<li class=\"none nobackground \" >\r\n\r\n\t\t\t\t\t\t\t\t\t\t\t\t<a id=\"backforunical3423\" href=\"https:\/\/delicious.com\/save?v=5&noui&jump=close&url=www.fabregat-perulles-sales.com\/actualidad\/wp-json\/wp\/v2\/posts\/3423&title=Terminaci\u00f3n del contrato de agencia durante el per\u00edodo de prueba \u00bfQu\u00e9 derechos tiene el agente comercial?\"  onclick=\"javascript:void window.open('https:\/\/delicious.com\/save?v=5&noui&jump=close&url=www.fabregat-perulles-sales.com\/actualidad\/wp-json\/wp\/v2\/posts\/3423&title=Terminaci\u00f3n del contrato de agencia durante el per\u00edodo de prueba \u00bfQu\u00e9 derechos tiene el agente comercial?','1410949501326','width=700,height=500,toolbar=0,menubar=0,location=0,status=1,scrollbars=1,resizable=1,left=0,top=0');return false;\" style=\"background-position: -360px -120px \"><\/a>\r\n\t\t\t\t\t<\/li>\r\n\t\t\t\t\t\t\t\t\t\t<li class=\"none nobackground \" >\r\n\r\n\t\t\t\t\t\t\t\t\t\t\t\t<a id=\"backforunical3423\" href=\"http:\/\/www.odnoklassniki.ru\/dk?st.cmd=addShare&st.s=2&st.noresize=on&st._surl=www.fabregat-perulles-sales.com\/actualidad\/wp-json\/wp\/v2\/posts\/3423\"  onclick=\"javascript:void window.open('http:\/\/www.odnoklassniki.ru\/dk?st.cmd=addShare&st.s=2&st.noresize=on&st._surl=www.fabregat-perulles-sales.com\/actualidad\/wp-json\/wp\/v2\/posts\/3423','1410949501326','width=700,height=500,toolbar=0,menubar=0,location=0,status=1,scrollbars=1,resizable=1,left=0,top=0');return false;\" style=\"background-position: -390px -120px \"><\/a>\r\n\t\t\t\t\t<\/li>\r\n\t\t\t\t\t\t\t\t\t\t<li class=\"none nobackground \" >\r\n\r\n\t\t\t\t\t\t\t\t\t\t\t\t<a id=\"backforunical3423\" href=\"http:\/\/sns.qzone.qq.com\/cgi-bin\/qzshare\/cgi_qzshare_onekey?url=www.fabregat-perulles-sales.com\/actualidad\/wp-json\/wp\/v2\/posts\/3423&title=Terminaci\u00f3n del contrato de agencia durante el per\u00edodo de prueba \u00bfQu\u00e9 derechos tiene el agente comercial?\"  onclick=\"javascript:void window.open('http:\/\/sns.qzone.qq.com\/cgi-bin\/qzshare\/cgi_qzshare_onekey?url=www.fabregat-perulles-sales.com\/actualidad\/wp-json\/wp\/v2\/posts\/3423&title=Terminaci\u00f3n del contrato de agencia durante el per\u00edodo de prueba \u00bfQu\u00e9 derechos tiene el agente comercial?','1410949501326','width=700,height=500,toolbar=0,menubar=0,location=0,status=1,scrollbars=1,resizable=1,left=0,top=0');return false;\" style=\"background-position: -420px -120px \"><\/a>\r\n\t\t\t\t\t<\/li>\r\n\t\t\t\t\t\t\t\t\t\t<li class=\"none nobackground \" >\r\n\r\n\t\t\t\t\t\t\t\t\t\t\t\t<a id=\"backforunical3423\" href=\"http:\/\/service.weibo.com\/share\/share.php?url=www.fabregat-perulles-sales.com\/actualidad\/wp-json\/wp\/v2\/posts\/3423&appkey=&title=Terminaci\u00f3n del contrato de agencia durante el per\u00edodo de prueba \u00bfQu\u00e9 derechos tiene el agente comercial?&pic=&ralateUid=&\"  onclick=\"javascript:void window.open('http:\/\/service.weibo.com\/share\/share.php?url=www.fabregat-perulles-sales.com\/actualidad\/wp-json\/wp\/v2\/posts\/3423&appkey=&title=Terminaci\u00f3n del contrato de agencia durante el per\u00edodo de prueba \u00bfQu\u00e9 derechos tiene el agente comercial?&pic=&ralateUid=&','1410949501326','width=700,height=500,toolbar=0,menubar=0,location=0,status=1,scrollbars=1,resizable=1,left=0,top=0');return false;\" style=\"background-position: -450px -120px \"><\/a>\r\n\t\t\t\t\t<\/li>\r\n\t\t\t\t\t\t\t\t\t\t<li class=\"none nobackground \" >\r\n\r\n\t\t\t\t\t\t\t\t\t\t\t\t<a id=\"backforunical3423\" href=\"http:\/\/widget.renren.com\/dialog\/share?resourceUrl=www.fabregat-perulles-sales.com\/actualidad\/wp-json\/wp\/v2\/posts\/3423&srcUrl=www.fabregat-perulles-sales.com\/actualidad\/wp-json\/wp\/v2\/posts\/3423&title=Terminaci\u00f3n del contrato de agencia durante el per\u00edodo de prueba \u00bfQu\u00e9 derechos tiene el agente comercial?\"  onclick=\"javascript:void window.open('http:\/\/widget.renren.com\/dialog\/share?resourceUrl=www.fabregat-perulles-sales.com\/actualidad\/wp-json\/wp\/v2\/posts\/3423&srcUrl=www.fabregat-perulles-sales.com\/actualidad\/wp-json\/wp\/v2\/posts\/3423&title=Terminaci\u00f3n del contrato de agencia durante el per\u00edodo de prueba \u00bfQu\u00e9 derechos tiene el agente comercial?','1410949501326','width=700,height=500,toolbar=0,menubar=0,location=0,status=1,scrollbars=1,resizable=1,left=0,top=0');return false;\" style=\"background-position: -480px -120px \"><\/a>\r\n\t\t\t\t\t<\/li>\r\n\t\t\t\t\t\t\t\t\t\t<li class=\"none nobackground \" >\r\n\r\n\t\t\t\t\t\t\t\t\t\t\t\t<a id=\"backforunical3423\" href=\"http:\/\/n4g.com\/tips?url=www.fabregat-perulles-sales.com\/actualidad\/wp-json\/wp\/v2\/posts\/3423&title=Terminaci\u00f3n del contrato de agencia durante el per\u00edodo de prueba \u00bfQu\u00e9 derechos tiene el agente comercial?\"  onclick=\"javascript:void window.open('http:\/\/n4g.com\/tips?url=www.fabregat-perulles-sales.com\/actualidad\/wp-json\/wp\/v2\/posts\/3423&title=Terminaci\u00f3n del contrato de agencia durante el per\u00edodo de prueba \u00bfQu\u00e9 derechos tiene el agente comercial?','1410949501326','width=700,height=500,toolbar=0,menubar=0,location=0,status=1,scrollbars=1,resizable=1,left=0,top=0');return false;\" style=\"background-position: -510px -120px \"><\/a>\r\n\t\t\t\t\t<\/li>\r\n\t\t\t\t\t\t\t\t<\/ul>\r\n\t\t\t<div class=\"clear\"><\/div>\r\n\t\t<\/div>\r\n\t\t","protected":false},"excerpt":{"rendered":"<p>El pasado 19 de abril Tribunal de Justicia de la Uni\u00f3n Europea dict\u00f3 sentencia resolviendo acerca de la petici\u00f3n de decisi\u00f3n prejudicial, planteada por la Cour de cassation (Tribunal de Casaci\u00f3n) de Francia, que ten\u00eda por objeto la interpretaci\u00f3n del art\u00edculo 17 de la Directiva 86\/653\/CEE del Consejo, de 18 de diciembre de 1986, relativa\u2026 <span class=\"read-more\"><a href=\"https:\/\/www.fabregat-perulles-sales.com\/actualidad\/terminacion-del-contrato-de-agencia-durante-el-periodo-de-prueba-que-derechos-tiene-el-agente-comercial\/\">Read More &raquo;<\/a><\/span><\/p>\n","protected":false},"author":3,"featured_media":0,"comment_status":"open","ping_status":"closed","sticky":false,"template":"","format":"standard","meta":[],"categories":[221,12,6,466,279,1,465],"tags":[1422,1423,1427,1426,1425,1424,1428,1170,1365,485],"yoast_head":"<!-- This site is optimized with the Yoast SEO plugin v20.2.1 - https:\/\/yoast.com\/wordpress\/plugins\/seo\/ -->\n<title>Derechos del agente comercial 2018<\/title>\n<meta name=\"description\" content=\"El TJUE dict\u00f3 sentencia de decisi\u00f3n prejudicial, que ten\u00eda por objeto la interpretaci\u00f3n del art. 17 de la Dir. 86\/653\/CEE en lo referente a los agentes\" \/>\n<meta name=\"robots\" content=\"index, follow, max-snippet:-1, max-image-preview:large, max-video-preview:-1\" \/>\n<link rel=\"canonical\" href=\"https:\/\/www.fabregat-perulles-sales.com\/actualidad\/terminacion-del-contrato-de-agencia-durante-el-periodo-de-prueba-que-derechos-tiene-el-agente-comercial\/\" \/>\n<meta property=\"og:locale\" content=\"en_US\" \/>\n<meta property=\"og:type\" content=\"article\" \/>\n<meta property=\"og:title\" content=\"Derechos del agente comercial 2018\" \/>\n<meta property=\"og:description\" content=\"El TJUE dict\u00f3 sentencia de decisi\u00f3n prejudicial, que ten\u00eda por objeto la interpretaci\u00f3n del art. 17 de la Dir. 86\/653\/CEE en lo referente a los agentes\" \/>\n<meta property=\"og:url\" content=\"https:\/\/www.fabregat-perulles-sales.com\/actualidad\/terminacion-del-contrato-de-agencia-durante-el-periodo-de-prueba-que-derechos-tiene-el-agente-comercial\/\" \/>\n<meta property=\"og:site_name\" content=\"International Lawyers\" \/>\n<meta property=\"article:published_time\" content=\"2018-05-02T07:33:59+00:00\" \/>\n<meta property=\"article:modified_time\" content=\"2018-05-11T15:47:51+00:00\" \/>\n<meta property=\"og:image\" content=\"http:\/\/www.fabregat-perulles-sales.com\/actualidad\/wp-content\/uploads\/2018\/05\/shaking-hands-3205463_1920-300x200.jpg\" \/>\n<meta name=\"author\" content=\"Victor\" \/>\n<meta name=\"twitter:card\" content=\"summary_large_image\" \/>\n<meta name=\"twitter:label1\" content=\"Written by\" \/>\n\t<meta name=\"twitter:data1\" content=\"Victor\" \/>\n\t<meta name=\"twitter:label2\" content=\"Est. reading time\" \/>\n\t<meta name=\"twitter:data2\" content=\"5 minutes\" \/>\n<script type=\"application\/ld+json\" class=\"yoast-schema-graph\">{\"@context\":\"https:\/\/schema.org\",\"@graph\":[{\"@type\":\"WebPage\",\"@id\":\"https:\/\/www.fabregat-perulles-sales.com\/actualidad\/terminacion-del-contrato-de-agencia-durante-el-periodo-de-prueba-que-derechos-tiene-el-agente-comercial\/\",\"url\":\"https:\/\/www.fabregat-perulles-sales.com\/actualidad\/terminacion-del-contrato-de-agencia-durante-el-periodo-de-prueba-que-derechos-tiene-el-agente-comercial\/\",\"name\":\"Derechos del agente comercial 2018\",\"isPartOf\":{\"@id\":\"https:\/\/www.fabregat-perulles-sales.com\/actualidad\/#website\"},\"datePublished\":\"2018-05-02T07:33:59+00:00\",\"dateModified\":\"2018-05-11T15:47:51+00:00\",\"author\":{\"@id\":\"https:\/\/www.fabregat-perulles-sales.com\/actualidad\/#\/schema\/person\/cabc1d68c7778f01d5e069c2d98442e3\"},\"description\":\"El TJUE dict\u00f3 sentencia de decisi\u00f3n prejudicial, que ten\u00eda por objeto la interpretaci\u00f3n del art. 17 de la Dir. 86\/653\/CEE en lo referente a los agentes\",\"breadcrumb\":{\"@id\":\"https:\/\/www.fabregat-perulles-sales.com\/actualidad\/terminacion-del-contrato-de-agencia-durante-el-periodo-de-prueba-que-derechos-tiene-el-agente-comercial\/#breadcrumb\"},\"inLanguage\":\"en-US\",\"potentialAction\":[{\"@type\":\"ReadAction\",\"target\":[\"https:\/\/www.fabregat-perulles-sales.com\/actualidad\/terminacion-del-contrato-de-agencia-durante-el-periodo-de-prueba-que-derechos-tiene-el-agente-comercial\/\"]}]},{\"@type\":\"BreadcrumbList\",\"@id\":\"https:\/\/www.fabregat-perulles-sales.com\/actualidad\/terminacion-del-contrato-de-agencia-durante-el-periodo-de-prueba-que-derechos-tiene-el-agente-comercial\/#breadcrumb\",\"itemListElement\":[{\"@type\":\"ListItem\",\"position\":1,\"name\":\"Home\",\"item\":\"https:\/\/www.fabregat-perulles-sales.com\/actualidad\/\"},{\"@type\":\"ListItem\",\"position\":2,\"name\":\"Terminaci\u00f3n del contrato de agencia durante el per\u00edodo de prueba \u00bfQu\u00e9 derechos tiene el agente comercial?\"}]},{\"@type\":\"WebSite\",\"@id\":\"https:\/\/www.fabregat-perulles-sales.com\/actualidad\/#website\",\"url\":\"https:\/\/www.fabregat-perulles-sales.com\/actualidad\/\",\"name\":\"www.fabregat-perulles-sales.com\",\"description\":\"Fabregat Perulles Sales Abogados is a law firm of reference international market in the Spanish-German, Spanish-French, and Spanish-Italian. Is one of the first firms in Barcelona offering a Russian Desk.\",\"potentialAction\":[{\"@type\":\"SearchAction\",\"target\":{\"@type\":\"EntryPoint\",\"urlTemplate\":\"https:\/\/www.fabregat-perulles-sales.com\/actualidad\/?s={search_term_string}\"},\"query-input\":\"required name=search_term_string\"}],\"inLanguage\":\"en-US\"},{\"@type\":\"Person\",\"@id\":\"https:\/\/www.fabregat-perulles-sales.com\/actualidad\/#\/schema\/person\/cabc1d68c7778f01d5e069c2d98442e3\",\"name\":\"Victor\",\"image\":{\"@type\":\"ImageObject\",\"inLanguage\":\"en-US\",\"@id\":\"https:\/\/www.fabregat-perulles-sales.com\/actualidad\/#\/schema\/person\/image\/\",\"url\":\"https:\/\/secure.gravatar.com\/avatar\/756cb666a964d2960ffe307b8a53b271?s=96&d=mm&r=g\",\"contentUrl\":\"https:\/\/secure.gravatar.com\/avatar\/756cb666a964d2960ffe307b8a53b271?s=96&d=mm&r=g\",\"caption\":\"Victor\"},\"sameAs\":[\"http:\/\/www.fabregat-perulles-sales.com\"],\"url\":\"https:\/\/www.fabregat-perulles-sales.com\/actualidad\/author\/victor\/\"}]}<\/script>\n<!-- \/ Yoast SEO plugin. -->","yoast_head_json":{"title":"Derechos del agente comercial 2018","description":"El TJUE dict\u00f3 sentencia de decisi\u00f3n prejudicial, que ten\u00eda por objeto la interpretaci\u00f3n del art. 17 de la Dir. 86\/653\/CEE en lo referente a los agentes","robots":{"index":"index","follow":"follow","max-snippet":"max-snippet:-1","max-image-preview":"max-image-preview:large","max-video-preview":"max-video-preview:-1"},"canonical":"https:\/\/www.fabregat-perulles-sales.com\/actualidad\/terminacion-del-contrato-de-agencia-durante-el-periodo-de-prueba-que-derechos-tiene-el-agente-comercial\/","og_locale":"en_US","og_type":"article","og_title":"Derechos del agente comercial 2018","og_description":"El TJUE dict\u00f3 sentencia de decisi\u00f3n prejudicial, que ten\u00eda por objeto la interpretaci\u00f3n del art. 17 de la Dir. 86\/653\/CEE en lo referente a los agentes","og_url":"https:\/\/www.fabregat-perulles-sales.com\/actualidad\/terminacion-del-contrato-de-agencia-durante-el-periodo-de-prueba-que-derechos-tiene-el-agente-comercial\/","og_site_name":"International Lawyers","article_published_time":"2018-05-02T07:33:59+00:00","article_modified_time":"2018-05-11T15:47:51+00:00","og_image":[{"url":"http:\/\/www.fabregat-perulles-sales.com\/actualidad\/wp-content\/uploads\/2018\/05\/shaking-hands-3205463_1920-300x200.jpg"}],"author":"Victor","twitter_card":"summary_large_image","twitter_misc":{"Written by":"Victor","Est. reading time":"5 minutes"},"schema":{"@context":"https:\/\/schema.org","@graph":[{"@type":"WebPage","@id":"https:\/\/www.fabregat-perulles-sales.com\/actualidad\/terminacion-del-contrato-de-agencia-durante-el-periodo-de-prueba-que-derechos-tiene-el-agente-comercial\/","url":"https:\/\/www.fabregat-perulles-sales.com\/actualidad\/terminacion-del-contrato-de-agencia-durante-el-periodo-de-prueba-que-derechos-tiene-el-agente-comercial\/","name":"Derechos del agente comercial 2018","isPartOf":{"@id":"https:\/\/www.fabregat-perulles-sales.com\/actualidad\/#website"},"datePublished":"2018-05-02T07:33:59+00:00","dateModified":"2018-05-11T15:47:51+00:00","author":{"@id":"https:\/\/www.fabregat-perulles-sales.com\/actualidad\/#\/schema\/person\/cabc1d68c7778f01d5e069c2d98442e3"},"description":"El TJUE dict\u00f3 sentencia de decisi\u00f3n prejudicial, que ten\u00eda por objeto la interpretaci\u00f3n del art. 17 de la Dir. 86\/653\/CEE en lo referente a los agentes","breadcrumb":{"@id":"https:\/\/www.fabregat-perulles-sales.com\/actualidad\/terminacion-del-contrato-de-agencia-durante-el-periodo-de-prueba-que-derechos-tiene-el-agente-comercial\/#breadcrumb"},"inLanguage":"en-US","potentialAction":[{"@type":"ReadAction","target":["https:\/\/www.fabregat-perulles-sales.com\/actualidad\/terminacion-del-contrato-de-agencia-durante-el-periodo-de-prueba-que-derechos-tiene-el-agente-comercial\/"]}]},{"@type":"BreadcrumbList","@id":"https:\/\/www.fabregat-perulles-sales.com\/actualidad\/terminacion-del-contrato-de-agencia-durante-el-periodo-de-prueba-que-derechos-tiene-el-agente-comercial\/#breadcrumb","itemListElement":[{"@type":"ListItem","position":1,"name":"Home","item":"https:\/\/www.fabregat-perulles-sales.com\/actualidad\/"},{"@type":"ListItem","position":2,"name":"Terminaci\u00f3n del contrato de agencia durante el per\u00edodo de prueba \u00bfQu\u00e9 derechos tiene el agente comercial?"}]},{"@type":"WebSite","@id":"https:\/\/www.fabregat-perulles-sales.com\/actualidad\/#website","url":"https:\/\/www.fabregat-perulles-sales.com\/actualidad\/","name":"www.fabregat-perulles-sales.com","description":"Fabregat Perulles Sales Abogados is a law firm of reference international market in the Spanish-German, Spanish-French, and Spanish-Italian. Is one of the first firms in Barcelona offering a Russian Desk.","potentialAction":[{"@type":"SearchAction","target":{"@type":"EntryPoint","urlTemplate":"https:\/\/www.fabregat-perulles-sales.com\/actualidad\/?s={search_term_string}"},"query-input":"required name=search_term_string"}],"inLanguage":"en-US"},{"@type":"Person","@id":"https:\/\/www.fabregat-perulles-sales.com\/actualidad\/#\/schema\/person\/cabc1d68c7778f01d5e069c2d98442e3","name":"Victor","image":{"@type":"ImageObject","inLanguage":"en-US","@id":"https:\/\/www.fabregat-perulles-sales.com\/actualidad\/#\/schema\/person\/image\/","url":"https:\/\/secure.gravatar.com\/avatar\/756cb666a964d2960ffe307b8a53b271?s=96&d=mm&r=g","contentUrl":"https:\/\/secure.gravatar.com\/avatar\/756cb666a964d2960ffe307b8a53b271?s=96&d=mm&r=g","caption":"Victor"},"sameAs":["http:\/\/www.fabregat-perulles-sales.com"],"url":"https:\/\/www.fabregat-perulles-sales.com\/actualidad\/author\/victor\/"}]}},"amp_enabled":true,"_links":{"self":[{"href":"https:\/\/www.fabregat-perulles-sales.com\/actualidad\/wp-json\/wp\/v2\/posts\/3423"}],"collection":[{"href":"https:\/\/www.fabregat-perulles-sales.com\/actualidad\/wp-json\/wp\/v2\/posts"}],"about":[{"href":"https:\/\/www.fabregat-perulles-sales.com\/actualidad\/wp-json\/wp\/v2\/types\/post"}],"author":[{"embeddable":true,"href":"https:\/\/www.fabregat-perulles-sales.com\/actualidad\/wp-json\/wp\/v2\/users\/3"}],"replies":[{"embeddable":true,"href":"https:\/\/www.fabregat-perulles-sales.com\/actualidad\/wp-json\/wp\/v2\/comments?post=3423"}],"version-history":[{"count":2,"href":"https:\/\/www.fabregat-perulles-sales.com\/actualidad\/wp-json\/wp\/v2\/posts\/3423\/revisions"}],"predecessor-version":[{"id":3444,"href":"https:\/\/www.fabregat-perulles-sales.com\/actualidad\/wp-json\/wp\/v2\/posts\/3423\/revisions\/3444"}],"wp:attachment":[{"href":"https:\/\/www.fabregat-perulles-sales.com\/actualidad\/wp-json\/wp\/v2\/media?parent=3423"}],"wp:term":[{"taxonomy":"category","embeddable":true,"href":"https:\/\/www.fabregat-perulles-sales.com\/actualidad\/wp-json\/wp\/v2\/categories?post=3423"},{"taxonomy":"post_tag","embeddable":true,"href":"https:\/\/www.fabregat-perulles-sales.com\/actualidad\/wp-json\/wp\/v2\/tags?post=3423"}],"curies":[{"name":"wp","href":"https:\/\/api.w.org\/{rel}","templated":true}]}}