{"id":3388,"date":"2018-04-06T11:37:05","date_gmt":"2018-04-06T10:37:05","guid":{"rendered":"http:\/\/www.fabregat-perulles-sales.com\/actualidad\/?p=3388"},"modified":"2018-04-06T11:37:05","modified_gmt":"2018-04-06T10:37:05","slug":"die-strafklauseln-in-mietvertragen-ist-eine-gerichtliche-masigung-moglich","status":"publish","type":"post","link":"https:\/\/www.fabregat-perulles-sales.com\/actualidad\/die-strafklauseln-in-mietvertragen-ist-eine-gerichtliche-masigung-moglich\/","title":{"rendered":"Die Strafklauseln in Mietvertr\u00e4gen. Ist eine gerichtliche M\u00e4\u00dfigung m\u00f6glich?"},"content":{"rendered":"<p><img decoding=\"async\" loading=\"lazy\" class=\"alignright\" src=\"https:\/\/www.datenschutzbeauftragter-info.de\/wp-content\/uploads\/2014\/04\/urteil-12-511x302.jpg\" alt=\"Resultado de imagen de Urteil\" width=\"327\" height=\"193\" \/>Um die Erf\u00fcllung von Vertragsvereinbarungen abzusichern, k\u00f6nnen die Parteien auf Strafklauseln zur\u00fcckgreifen. Als Teil der Privatautonomie, die den Parteien zuerkannt wird und in \u00dcbereinstimmung mit dem C\u00f3digo Civil, k\u00f6nnen die Vertragspartner, wenn auch in Grenzen, die Vertr\u00e4ge, Klauseln und Bedingungen festlegen, die sie f\u00fcr angebracht halten.<!--more--> Dabei erlaubt das Gesetz dem Richter f\u00fcr den Fall, dass die Hauptverpflichtung teilweise oder mangelhaft durch den Schuldner erf\u00fcllt wurde, die Strafe angemessen zu modifizieren. Nach st\u00e4ndiger Rechtsprechung jedoch, kann die M\u00e4\u00dfigung nicht vorgenommen werden, sofern die Klausel f\u00fcr eine bestimmte Nichterf\u00fcllung vorgesehen ist. Die M\u00e4\u00dfigungsbefugnis ist besonders wichtig bei Vertr\u00e4gen zwischen Unternehmern, da es keine M\u00f6glichkeit einer speziellen Missbrauchskontrolle wie bei Verbrauchervertr\u00e4gen gibt. In dem Urteil vom 14. Februar 2018 hat der Tribunal Supremo die in einem zwischen zwei Unternehmern abgeschlossenem Mietvertrag vereinbarte Strafe untersucht, nachdem der Vertrag wegen Nichtzahlung aufgel\u00f6st wurde und der Vermieter einen neuen Vertrag mit einem Dritten abgeschlossen hatte. Der Tribunal Supremo erinnert daran, dass die Funktion und Wirkung der Strafklausel von dem vertraglich Vereinbarten abh\u00e4ngt und weicht von dem angegriffenen Urteil ab, welches besagte, dass eine Strafe nicht gefordert werden k\u00f6nne, da der Vermieter aufgrund des neu abgeschlossenen Vertrages keinen Schaden erlitten habe. Der Tribunal Supremo weist darauf hin, dass die Strafe ausdr\u00fccklich <em>\u201eunbeschadet des Schadensersatzes, der durch besagte Nichterf\u00fcllung hervorgerufen worden w\u00e4re\u201c<\/em> vereinbart wurde. Die Strafe richte sich also in antizipierender Weise an den Ausgleich von Sch\u00e4den und k\u00f6nne eingefordert werden, sobald sich die Nichterf\u00fcllung, auf die sie sich bezieht, realisiert habe, unabh\u00e4ngig vom Nachweis der Sch\u00e4den. Er kommt zu dem Schluss, dass es inkoh\u00e4rent w\u00e4re, die Klausel bis zum Punkt ihres Erl\u00f6schens zu m\u00e4\u00dfigen.<\/p>\n\r\n\t\t<style>\r\n\t\t\t.huge-it-share-buttons {\r\n\t\t\t\tborder:0px solid #0FB5D6;\r\n\t\t\t\tborder-radius:5px;\r\n\t\t\t\tbackground:#3BD8FF;\r\n\t\t\t text-align:left; \t\t\t\t\t\t\t\t\t}\r\n\r\n\t\t\t#huge-it-share-buttons-top {margin-bottom:0px;}\r\n\t\t\t#huge-it-share-buttons-bottom {margin-top:0px;}\r\n\r\n\t\t\t.huge-it-share-buttons h3 {\r\n\t\t\t\tfont-size:25px ;\r\n\t\t\t\tfont-family:Arial,Helvetica Neue,Helvetica,sans-serif;\r\n\t\t\t\tcolor:#666666;\r\n\r\n\t\t\tdisplay:block;\t\t\t\tline-height:25px ;\r\n\r\n\t\t\t text-align:left; \t\t\t\t\t\t\t\t\t}\r\n\r\n\t\t\t.huge-it-share-buttons ul {\r\n\t\t\t float:left; \t\t\t\t\t\t\t\t\t}\r\n\r\n\t\t\t.huge-it-share-buttons ul li {\r\n\t\t\t\tmargin-left:3px;\r\n\t\t\t\tmargin-right:3px;\r\n\t\t\t\tpadding:0px;\r\n\t\t\t\tborder:0px ridge #E6354C;\r\n\t\t\t\tborder-radius:11px;\r\n\t\t\t\tbackground-color:#14CC9B;\r\n\t\t\t}\r\n\r\n\t\t\t.huge-it-share-buttons ul li #backforunical3388 {\r\n\t\t\t\tborder-bottom: 0;\r\n\t\t\t\tbackground-image:url('https:\/\/www.fabregat-perulles-sales.com\/actualidad\/wp-content\/plugins\/wp-share-buttons\/Front_end\/..\/images\/buttons.30.png');\r\n\t\t\t\twidth:30px;\r\n\t\t\t\theight:30px;\r\n\t\t\t}\r\n\r\n\t\t\t.front-shares-count {\r\n\t\t\t\tposition: absolute;\r\n\t\t\t\ttext-align: center;\r\n\t\t\t\tdisplay: block;\r\n\t\t\t}\r\n\r\n\t\t\t.shares_size20 .front-shares-count {\r\n\t\t\t\tfont-size: 10px;\r\n\t\t\t\ttop: 10px;\r\n\t\t\t\twidth: 20px;\r\n\t\t\t}\r\n\r\n\t\t\t.shares_size30 .front-shares-count {\r\n\t\t\t\tfont-size: 11px;\r\n\t\t\t\ttop: 15px;\r\n\t\t\t\twidth: 30px;\r\n\t\t\t}\r\n\r\n\t\t\t.shares_size40 .front-shares-count {\r\n\t\t\t\tfont-size: 12px;\r\n\t\t\t\ttop: 21px;\r\n\t\t\t\twidth: 40px;\r\n\t\t\t}\r\n\t\t<\/style>\r\n\t\t\r\n\t\t<div id=\"huge-it-share-buttons-top\" class=\"huge-it-share-buttons nobackground\">\r\n\t\t\t<h3>Share This:<\/h3>\r\n\t\t\t<ul class=\"huge-it-share-buttons-list \">\r\n\t\t\t\t\t\t\t\t\t<li class=\"nobackground \" >\r\n\r\n\t\t\t\t\t\t\t\t\t\t\t\t<a id=\"backforunical3388\" href=\"https:\/\/www.facebook.com\/sharer\/sharer.php?u=www.fabregat-perulles-sales.com\/actualidad\/wp-json\/wp\/v2\/posts\/3388\"  onclick=\"javascript:void window.open('https:\/\/www.facebook.com\/sharer\/sharer.php?u=www.fabregat-perulles-sales.com\/actualidad\/wp-json\/wp\/v2\/posts\/3388','1410949501326','width=700,height=500,toolbar=0,menubar=0,location=0,status=1,scrollbars=1,resizable=1,left=0,top=0');return false;\" style=\"background-position: -0px -120px \"><\/a>\r\n\t\t\t\t\t<\/li>\r\n\t\t\t\t\t\t\t\t\t\t<li class=\"nobackground \" >\r\n\r\n\t\t\t\t\t\t\t\t\t\t\t\t<a id=\"backforunical3388\" href=\"https:\/\/twitter.com\/share?status=www.fabregat-perulles-sales.com\/actualidad\/wp-json\/wp\/v2\/posts\/3388&text=Die Strafklauseln in Mietvertr\u00e4gen. Ist eine gerichtliche M\u00e4\u00dfigung m\u00f6glich?\"  onclick=\"javascript:void window.open('https:\/\/twitter.com\/share?status=www.fabregat-perulles-sales.com\/actualidad\/wp-json\/wp\/v2\/posts\/3388&text=Die Strafklauseln in Mietvertr\u00e4gen. Ist eine gerichtliche M\u00e4\u00dfigung m\u00f6glich?','1410949501326','width=700,height=500,toolbar=0,menubar=0,location=0,status=1,scrollbars=1,resizable=1,left=0,top=0');return false;\" style=\"background-position: -30px -120px \"><\/a>\r\n\t\t\t\t\t<\/li>\r\n\t\t\t\t\t\t\t\t\t\t<li class=\"none nobackground \" >\r\n\r\n\t\t\t\t\t\t\t\t\t\t\t\t<a id=\"backforunical3388\" href=\"http:\/\/www.pinterest.com\/pin\/create\/button\/?url=www.fabregat-perulles-sales.com\/actualidad\/wp-json\/wp\/v2\/posts\/3388&media=https:\/\/www.fabregat-perulles-sales.com\/actualidad\/wp-content\/plugins\/wp-share-buttons\/Front_end\/..\/images\/noimage.png&description=Die Strafklauseln in Mietvertr\u00e4gen. Ist eine gerichtliche M\u00e4\u00dfigung m\u00f6glich?\"  onclick=\"javascript:void window.open('http:\/\/www.pinterest.com\/pin\/create\/button\/?url=www.fabregat-perulles-sales.com\/actualidad\/wp-json\/wp\/v2\/posts\/3388&media=https:\/\/www.fabregat-perulles-sales.com\/actualidad\/wp-content\/plugins\/wp-share-buttons\/Front_end\/..\/images\/noimage.png&description=Die Strafklauseln in Mietvertr\u00e4gen. Ist eine gerichtliche M\u00e4\u00dfigung m\u00f6glich?','1410949501326','width=700,height=500,toolbar=0,menubar=0,location=0,status=1,scrollbars=1,resizable=1,left=0,top=0');return false;\" style=\"background-position: -60px -120px \"><\/a>\r\n\t\t\t\t\t<\/li>\r\n\t\t\t\t\t\t\t\t\t\t<li class=\"none nobackground \" >\r\n\r\n\t\t\t\t\t\t\t\t\t\t\t\t<a id=\"backforunical3388\" href=\"https:\/\/plus.google.com\/share?url=www.fabregat-perulles-sales.com\/actualidad\/wp-json\/wp\/v2\/posts\/3388\"  onclick=\"javascript:void window.open('https:\/\/plus.google.com\/share?url=www.fabregat-perulles-sales.com\/actualidad\/wp-json\/wp\/v2\/posts\/3388','1410949501326','width=700,height=500,toolbar=0,menubar=0,location=0,status=1,scrollbars=1,resizable=1,left=0,top=0');return false;\" style=\"background-position: -90px -120px \"><\/a>\r\n\t\t\t\t\t<\/li>\r\n\t\t\t\t\t\t\t\t\t\t<li class=\"nobackground \" >\r\n\r\n\t\t\t\t\t\t\t\t\t\t\t\t<a id=\"backforunical3388\" href=\"https:\/\/www.linkedin.com\/shareArticle?title=Die Strafklauseln in Mietvertr\u00e4gen. Ist eine gerichtliche M\u00e4\u00dfigung m\u00f6glich?&mini=true&url=https:\/\/www.fabregat-perulles-sales.com\/actualidad\/wp-json\/wp\/v2\/posts\/3388\"  onclick=\"javascript:void window.open('https:\/\/www.linkedin.com\/shareArticle?title=Die Strafklauseln in Mietvertr\u00e4gen. Ist eine gerichtliche M\u00e4\u00dfigung m\u00f6glich?&mini=true&url=https:\/\/www.fabregat-perulles-sales.com\/actualidad\/wp-json\/wp\/v2\/posts\/3388','1410949501326','width=700,height=500,toolbar=0,menubar=0,location=0,status=1,scrollbars=1,resizable=1,left=0,top=0');return false;\" style=\"background-position: -120px -120px \"><\/a>\r\n\t\t\t\t\t<\/li>\r\n\t\t\t\t\t\t\t\t\t\t<li class=\"none nobackground \" >\r\n\r\n\t\t\t\t\t\t\t\t\t\t\t\t<a id=\"backforunical3388\" href=\"https:\/\/www.tumblr.com\/share\/link?url=www.fabregat-perulles-sales.com\/actualidad\/wp-json\/wp\/v2\/posts\/3388&name=Die Strafklauseln in Mietvertr\u00e4gen. Ist eine gerichtliche M\u00e4\u00dfigung m\u00f6glich?\"  onclick=\"javascript:void window.open('https:\/\/www.tumblr.com\/share\/link?url=www.fabregat-perulles-sales.com\/actualidad\/wp-json\/wp\/v2\/posts\/3388&name=Die Strafklauseln in Mietvertr\u00e4gen. Ist eine gerichtliche M\u00e4\u00dfigung m\u00f6glich?','1410949501326','width=700,height=500,toolbar=0,menubar=0,location=0,status=1,scrollbars=1,resizable=1,left=0,top=0');return false;\" style=\"background-position: -150px -120px \"><\/a>\r\n\t\t\t\t\t<\/li>\r\n\t\t\t\t\t\t\t\t\t\t<li class=\"none nobackground \" >\r\n\r\n\t\t\t\t\t\t\t\t\t\t\t\t<a id=\"backforunical3388\" href=\"http:\/\/digg.com\/submit?phase=2&url=www.fabregat-perulles-sales.com\/actualidad\/wp-json\/wp\/v2\/posts\/3388&title=Die Strafklauseln in Mietvertr\u00e4gen. Ist eine gerichtliche M\u00e4\u00dfigung m\u00f6glich?\"  onclick=\"javascript:void window.open('http:\/\/digg.com\/submit?phase=2&url=www.fabregat-perulles-sales.com\/actualidad\/wp-json\/wp\/v2\/posts\/3388&title=Die Strafklauseln in Mietvertr\u00e4gen. Ist eine gerichtliche M\u00e4\u00dfigung m\u00f6glich?','1410949501326','width=700,height=500,toolbar=0,menubar=0,location=0,status=1,scrollbars=1,resizable=1,left=0,top=0');return false;\" style=\"background-position: -180px -120px \"><\/a>\r\n\t\t\t\t\t<\/li>\r\n\t\t\t\t\t\t\t\t\t\t<li class=\"none nobackground \" >\r\n\r\n\t\t\t\t\t\t\t\t\t\t\t\t<a id=\"backforunical3388\" href=\"http:\/\/www.stumbleupon.com\/submit?url=www.fabregat-perulles-sales.com\/actualidad\/wp-json\/wp\/v2\/posts\/3388&title=Die Strafklauseln in Mietvertr\u00e4gen. Ist eine gerichtliche M\u00e4\u00dfigung m\u00f6glich?\"  onclick=\"javascript:void window.open('http:\/\/www.stumbleupon.com\/submit?url=www.fabregat-perulles-sales.com\/actualidad\/wp-json\/wp\/v2\/posts\/3388&title=Die Strafklauseln in Mietvertr\u00e4gen. Ist eine gerichtliche M\u00e4\u00dfigung m\u00f6glich?','1410949501326','width=700,height=500,toolbar=0,menubar=0,location=0,status=1,scrollbars=1,resizable=1,left=0,top=0');return false;\" style=\"background-position: -210px -120px \"><\/a>\r\n\t\t\t\t\t<\/li>\r\n\t\t\t\t\t\t\t\t\t\t<li class=\"none nobackground \" >\r\n\r\n\t\t\t\t\t\t\t\t\t\t\t\t<a id=\"backforunical3388\" href=\"https:\/\/myspace.com\/post?l=3&u=www.fabregat-perulles-sales.com\/actualidad\/wp-json\/wp\/v2\/posts\/3388\"  onclick=\"javascript:void window.open('https:\/\/myspace.com\/post?l=3&u=www.fabregat-perulles-sales.com\/actualidad\/wp-json\/wp\/v2\/posts\/3388','1410949501326','width=700,height=500,toolbar=0,menubar=0,location=0,status=1,scrollbars=1,resizable=1,left=0,top=0');return false;\" style=\"background-position: -240px -120px \"><\/a>\r\n\t\t\t\t\t<\/li>\r\n\t\t\t\t\t\t\t\t\t\t<li class=\"nobackground \" >\r\n\r\n\t\t\t\t\t\t\t\t\t\t\t\t<a id=\"backforunical3388\" href=\"http:\/\/vk.com\/share.php?url=www.fabregat-perulles-sales.com\/actualidad\/wp-json\/wp\/v2\/posts\/3388&title=Die Strafklauseln in Mietvertr\u00e4gen. Ist eine gerichtliche M\u00e4\u00dfigung m\u00f6glich?\"  onclick=\"javascript:void window.open('http:\/\/vk.com\/share.php?url=www.fabregat-perulles-sales.com\/actualidad\/wp-json\/wp\/v2\/posts\/3388&title=Die Strafklauseln in Mietvertr\u00e4gen. Ist eine gerichtliche M\u00e4\u00dfigung m\u00f6glich?','1410949501326','width=700,height=500,toolbar=0,menubar=0,location=0,status=1,scrollbars=1,resizable=1,left=0,top=0');return false;\" style=\"background-position: -270px -120px \"><\/a>\r\n\t\t\t\t\t<\/li>\r\n\t\t\t\t\t\t\t\t\t\t<li class=\"none nobackground \" >\r\n\r\n\t\t\t\t\t\t\t\t\t\t\t\t<a id=\"backforunical3388\" href=\"http:\/\/www.reddit.com\/submit?url=www.fabregat-perulles-sales.com\/actualidad\/wp-json\/wp\/v2\/posts\/3388&title=Die Strafklauseln in Mietvertr\u00e4gen. Ist eine gerichtliche M\u00e4\u00dfigung m\u00f6glich?\"  onclick=\"javascript:void window.open('http:\/\/www.reddit.com\/submit?url=www.fabregat-perulles-sales.com\/actualidad\/wp-json\/wp\/v2\/posts\/3388&title=Die Strafklauseln in Mietvertr\u00e4gen. Ist eine gerichtliche M\u00e4\u00dfigung m\u00f6glich?','1410949501326','width=700,height=500,toolbar=0,menubar=0,location=0,status=1,scrollbars=1,resizable=1,left=0,top=0');return false;\" style=\"background-position: -300px -120px \"><\/a>\r\n\t\t\t\t\t<\/li>\r\n\t\t\t\t\t\t\t\t\t\t<li class=\"none nobackground \" >\r\n\r\n\t\t\t\t\t\t\t\t\t\t\t\t<a id=\"backforunical3388\" href=\"http:\/\/www.bebo.com\/c\/share?Url=www.fabregat-perulles-sales.com\/actualidad\/wp-json\/wp\/v2\/posts\/3388\"  onclick=\"javascript:void window.open('http:\/\/www.bebo.com\/c\/share?Url=www.fabregat-perulles-sales.com\/actualidad\/wp-json\/wp\/v2\/posts\/3388','1410949501326','width=700,height=500,toolbar=0,menubar=0,location=0,status=1,scrollbars=1,resizable=1,left=0,top=0');return false;\" style=\"background-position: -330px -120px \"><\/a>\r\n\t\t\t\t\t<\/li>\r\n\t\t\t\t\t\t\t\t\t\t<li class=\"none nobackground \" >\r\n\r\n\t\t\t\t\t\t\t\t\t\t\t\t<a id=\"backforunical3388\" href=\"https:\/\/delicious.com\/save?v=5&noui&jump=close&url=www.fabregat-perulles-sales.com\/actualidad\/wp-json\/wp\/v2\/posts\/3388&title=Die Strafklauseln in Mietvertr\u00e4gen. Ist eine gerichtliche M\u00e4\u00dfigung m\u00f6glich?\"  onclick=\"javascript:void window.open('https:\/\/delicious.com\/save?v=5&noui&jump=close&url=www.fabregat-perulles-sales.com\/actualidad\/wp-json\/wp\/v2\/posts\/3388&title=Die Strafklauseln in Mietvertr\u00e4gen. Ist eine gerichtliche M\u00e4\u00dfigung m\u00f6glich?','1410949501326','width=700,height=500,toolbar=0,menubar=0,location=0,status=1,scrollbars=1,resizable=1,left=0,top=0');return false;\" style=\"background-position: -360px -120px \"><\/a>\r\n\t\t\t\t\t<\/li>\r\n\t\t\t\t\t\t\t\t\t\t<li class=\"none nobackground \" >\r\n\r\n\t\t\t\t\t\t\t\t\t\t\t\t<a id=\"backforunical3388\" href=\"http:\/\/www.odnoklassniki.ru\/dk?st.cmd=addShare&st.s=2&st.noresize=on&st._surl=www.fabregat-perulles-sales.com\/actualidad\/wp-json\/wp\/v2\/posts\/3388\"  onclick=\"javascript:void window.open('http:\/\/www.odnoklassniki.ru\/dk?st.cmd=addShare&st.s=2&st.noresize=on&st._surl=www.fabregat-perulles-sales.com\/actualidad\/wp-json\/wp\/v2\/posts\/3388','1410949501326','width=700,height=500,toolbar=0,menubar=0,location=0,status=1,scrollbars=1,resizable=1,left=0,top=0');return false;\" style=\"background-position: -390px -120px \"><\/a>\r\n\t\t\t\t\t<\/li>\r\n\t\t\t\t\t\t\t\t\t\t<li class=\"none nobackground \" >\r\n\r\n\t\t\t\t\t\t\t\t\t\t\t\t<a id=\"backforunical3388\" href=\"http:\/\/sns.qzone.qq.com\/cgi-bin\/qzshare\/cgi_qzshare_onekey?url=www.fabregat-perulles-sales.com\/actualidad\/wp-json\/wp\/v2\/posts\/3388&title=Die Strafklauseln in Mietvertr\u00e4gen. Ist eine gerichtliche M\u00e4\u00dfigung m\u00f6glich?\"  onclick=\"javascript:void window.open('http:\/\/sns.qzone.qq.com\/cgi-bin\/qzshare\/cgi_qzshare_onekey?url=www.fabregat-perulles-sales.com\/actualidad\/wp-json\/wp\/v2\/posts\/3388&title=Die Strafklauseln in Mietvertr\u00e4gen. Ist eine gerichtliche M\u00e4\u00dfigung m\u00f6glich?','1410949501326','width=700,height=500,toolbar=0,menubar=0,location=0,status=1,scrollbars=1,resizable=1,left=0,top=0');return false;\" style=\"background-position: -420px -120px \"><\/a>\r\n\t\t\t\t\t<\/li>\r\n\t\t\t\t\t\t\t\t\t\t<li class=\"none nobackground \" >\r\n\r\n\t\t\t\t\t\t\t\t\t\t\t\t<a id=\"backforunical3388\" href=\"http:\/\/service.weibo.com\/share\/share.php?url=www.fabregat-perulles-sales.com\/actualidad\/wp-json\/wp\/v2\/posts\/3388&appkey=&title=Die Strafklauseln in Mietvertr\u00e4gen. Ist eine gerichtliche M\u00e4\u00dfigung m\u00f6glich?&pic=&ralateUid=&\"  onclick=\"javascript:void window.open('http:\/\/service.weibo.com\/share\/share.php?url=www.fabregat-perulles-sales.com\/actualidad\/wp-json\/wp\/v2\/posts\/3388&appkey=&title=Die Strafklauseln in Mietvertr\u00e4gen. Ist eine gerichtliche M\u00e4\u00dfigung m\u00f6glich?&pic=&ralateUid=&','1410949501326','width=700,height=500,toolbar=0,menubar=0,location=0,status=1,scrollbars=1,resizable=1,left=0,top=0');return false;\" style=\"background-position: -450px -120px \"><\/a>\r\n\t\t\t\t\t<\/li>\r\n\t\t\t\t\t\t\t\t\t\t<li class=\"none nobackground \" >\r\n\r\n\t\t\t\t\t\t\t\t\t\t\t\t<a id=\"backforunical3388\" href=\"http:\/\/widget.renren.com\/dialog\/share?resourceUrl=www.fabregat-perulles-sales.com\/actualidad\/wp-json\/wp\/v2\/posts\/3388&srcUrl=www.fabregat-perulles-sales.com\/actualidad\/wp-json\/wp\/v2\/posts\/3388&title=Die Strafklauseln in Mietvertr\u00e4gen. Ist eine gerichtliche M\u00e4\u00dfigung m\u00f6glich?\"  onclick=\"javascript:void window.open('http:\/\/widget.renren.com\/dialog\/share?resourceUrl=www.fabregat-perulles-sales.com\/actualidad\/wp-json\/wp\/v2\/posts\/3388&srcUrl=www.fabregat-perulles-sales.com\/actualidad\/wp-json\/wp\/v2\/posts\/3388&title=Die Strafklauseln in Mietvertr\u00e4gen. Ist eine gerichtliche M\u00e4\u00dfigung m\u00f6glich?','1410949501326','width=700,height=500,toolbar=0,menubar=0,location=0,status=1,scrollbars=1,resizable=1,left=0,top=0');return false;\" style=\"background-position: -480px -120px \"><\/a>\r\n\t\t\t\t\t<\/li>\r\n\t\t\t\t\t\t\t\t\t\t<li class=\"none nobackground \" >\r\n\r\n\t\t\t\t\t\t\t\t\t\t\t\t<a id=\"backforunical3388\" href=\"http:\/\/n4g.com\/tips?url=www.fabregat-perulles-sales.com\/actualidad\/wp-json\/wp\/v2\/posts\/3388&title=Die Strafklauseln in Mietvertr\u00e4gen. Ist eine gerichtliche M\u00e4\u00dfigung m\u00f6glich?\"  onclick=\"javascript:void window.open('http:\/\/n4g.com\/tips?url=www.fabregat-perulles-sales.com\/actualidad\/wp-json\/wp\/v2\/posts\/3388&title=Die Strafklauseln in Mietvertr\u00e4gen. Ist eine gerichtliche M\u00e4\u00dfigung m\u00f6glich?','1410949501326','width=700,height=500,toolbar=0,menubar=0,location=0,status=1,scrollbars=1,resizable=1,left=0,top=0');return false;\" style=\"background-position: -510px -120px \"><\/a>\r\n\t\t\t\t\t<\/li>\r\n\t\t\t\t\t\t\t\t<\/ul>\r\n\t\t\t<div class=\"clear\"><\/div>\r\n\t\t<\/div>\r\n\t\t","protected":false},"excerpt":{"rendered":"<p>Um die Erf\u00fcllung von Vertragsvereinbarungen abzusichern, k\u00f6nnen die Parteien auf Strafklauseln zur\u00fcckgreifen. Als Teil der Privatautonomie, die den Parteien zuerkannt wird und in \u00dcbereinstimmung mit dem C\u00f3digo Civil, k\u00f6nnen die Vertragspartner, wenn auch in Grenzen, die Vertr\u00e4ge, Klauseln und Bedingungen festlegen, die sie f\u00fcr angebracht halten. Share This:<\/p>\n","protected":false},"author":3,"featured_media":0,"comment_status":"open","ping_status":"closed","sticky":false,"template":"","format":"standard","meta":[],"categories":[14,468,248],"tags":[18,1332,786,1387],"yoast_head":"<!-- This site is optimized with the Yoast SEO plugin v20.2.1 - https:\/\/yoast.com\/wordpress\/plugins\/seo\/ -->\n<title>Die Strafklauseln in Mietvertr\u00e4gen<\/title>\n<meta name=\"description\" content=\"Um die Erf\u00fcllung von Vertragsvereinbarungen abzusichern, k\u00f6nnen die Parteien auf Strafklauseln zur\u00fcckgreifen. Als Teil der Privatautonomie, die den Parteien zuerkannt wird und in \u00dcbereinstimmung mit dem C\u00f3digo Civil\" \/>\n<meta name=\"robots\" content=\"index, follow, max-snippet:-1, max-image-preview:large, max-video-preview:-1\" \/>\n<link rel=\"canonical\" href=\"https:\/\/www.fabregat-perulles-sales.com\/actualidad\/die-strafklauseln-in-mietvertragen-ist-eine-gerichtliche-masigung-moglich\/\" \/>\n<meta property=\"og:locale\" content=\"en_US\" \/>\n<meta property=\"og:type\" content=\"article\" \/>\n<meta property=\"og:title\" content=\"Die Strafklauseln in Mietvertr\u00e4gen\" \/>\n<meta property=\"og:description\" content=\"Um die Erf\u00fcllung von Vertragsvereinbarungen abzusichern, k\u00f6nnen die Parteien auf Strafklauseln zur\u00fcckgreifen. Als Teil der Privatautonomie, die den Parteien zuerkannt wird und in \u00dcbereinstimmung mit dem C\u00f3digo Civil\" \/>\n<meta property=\"og:url\" content=\"https:\/\/www.fabregat-perulles-sales.com\/actualidad\/die-strafklauseln-in-mietvertragen-ist-eine-gerichtliche-masigung-moglich\/\" \/>\n<meta property=\"og:site_name\" content=\"International Lawyers\" \/>\n<meta property=\"article:published_time\" content=\"2018-04-06T10:37:05+00:00\" \/>\n<meta property=\"og:image\" content=\"https:\/\/www.datenschutzbeauftragter-info.de\/wp-content\/uploads\/2014\/04\/urteil-12-511x302.jpg\" \/>\n<meta name=\"author\" content=\"Victor\" \/>\n<meta name=\"twitter:card\" content=\"summary_large_image\" \/>\n<meta name=\"twitter:label1\" content=\"Written by\" \/>\n\t<meta name=\"twitter:data1\" content=\"Victor\" \/>\n\t<meta name=\"twitter:label2\" content=\"Est. reading time\" \/>\n\t<meta name=\"twitter:data2\" content=\"1 minute\" \/>\n<script type=\"application\/ld+json\" class=\"yoast-schema-graph\">{\"@context\":\"https:\/\/schema.org\",\"@graph\":[{\"@type\":\"WebPage\",\"@id\":\"https:\/\/www.fabregat-perulles-sales.com\/actualidad\/die-strafklauseln-in-mietvertragen-ist-eine-gerichtliche-masigung-moglich\/\",\"url\":\"https:\/\/www.fabregat-perulles-sales.com\/actualidad\/die-strafklauseln-in-mietvertragen-ist-eine-gerichtliche-masigung-moglich\/\",\"name\":\"Die Strafklauseln in Mietvertr\u00e4gen\",\"isPartOf\":{\"@id\":\"https:\/\/www.fabregat-perulles-sales.com\/actualidad\/#website\"},\"datePublished\":\"2018-04-06T10:37:05+00:00\",\"dateModified\":\"2018-04-06T10:37:05+00:00\",\"author\":{\"@id\":\"https:\/\/www.fabregat-perulles-sales.com\/actualidad\/#\/schema\/person\/cabc1d68c7778f01d5e069c2d98442e3\"},\"description\":\"Um die Erf\u00fcllung von Vertragsvereinbarungen abzusichern, k\u00f6nnen die Parteien auf Strafklauseln zur\u00fcckgreifen. Als Teil der Privatautonomie, die den Parteien zuerkannt wird und in \u00dcbereinstimmung mit dem C\u00f3digo Civil\",\"breadcrumb\":{\"@id\":\"https:\/\/www.fabregat-perulles-sales.com\/actualidad\/die-strafklauseln-in-mietvertragen-ist-eine-gerichtliche-masigung-moglich\/#breadcrumb\"},\"inLanguage\":\"en-US\",\"potentialAction\":[{\"@type\":\"ReadAction\",\"target\":[\"https:\/\/www.fabregat-perulles-sales.com\/actualidad\/die-strafklauseln-in-mietvertragen-ist-eine-gerichtliche-masigung-moglich\/\"]}]},{\"@type\":\"BreadcrumbList\",\"@id\":\"https:\/\/www.fabregat-perulles-sales.com\/actualidad\/die-strafklauseln-in-mietvertragen-ist-eine-gerichtliche-masigung-moglich\/#breadcrumb\",\"itemListElement\":[{\"@type\":\"ListItem\",\"position\":1,\"name\":\"Home\",\"item\":\"https:\/\/www.fabregat-perulles-sales.com\/actualidad\/\"},{\"@type\":\"ListItem\",\"position\":2,\"name\":\"Die Strafklauseln in Mietvertr\u00e4gen. Ist eine gerichtliche M\u00e4\u00dfigung m\u00f6glich?\"}]},{\"@type\":\"WebSite\",\"@id\":\"https:\/\/www.fabregat-perulles-sales.com\/actualidad\/#website\",\"url\":\"https:\/\/www.fabregat-perulles-sales.com\/actualidad\/\",\"name\":\"www.fabregat-perulles-sales.com\",\"description\":\"Fabregat Perulles Sales Abogados is a law firm of reference international market in the Spanish-German, Spanish-French, and Spanish-Italian. Is one of the first firms in Barcelona offering a Russian Desk.\",\"potentialAction\":[{\"@type\":\"SearchAction\",\"target\":{\"@type\":\"EntryPoint\",\"urlTemplate\":\"https:\/\/www.fabregat-perulles-sales.com\/actualidad\/?s={search_term_string}\"},\"query-input\":\"required name=search_term_string\"}],\"inLanguage\":\"en-US\"},{\"@type\":\"Person\",\"@id\":\"https:\/\/www.fabregat-perulles-sales.com\/actualidad\/#\/schema\/person\/cabc1d68c7778f01d5e069c2d98442e3\",\"name\":\"Victor\",\"image\":{\"@type\":\"ImageObject\",\"inLanguage\":\"en-US\",\"@id\":\"https:\/\/www.fabregat-perulles-sales.com\/actualidad\/#\/schema\/person\/image\/\",\"url\":\"https:\/\/secure.gravatar.com\/avatar\/756cb666a964d2960ffe307b8a53b271?s=96&d=mm&r=g\",\"contentUrl\":\"https:\/\/secure.gravatar.com\/avatar\/756cb666a964d2960ffe307b8a53b271?s=96&d=mm&r=g\",\"caption\":\"Victor\"},\"sameAs\":[\"http:\/\/www.fabregat-perulles-sales.com\"],\"url\":\"https:\/\/www.fabregat-perulles-sales.com\/actualidad\/author\/victor\/\"}]}<\/script>\n<!-- \/ Yoast SEO plugin. -->","yoast_head_json":{"title":"Die Strafklauseln in Mietvertr\u00e4gen","description":"Um die Erf\u00fcllung von Vertragsvereinbarungen abzusichern, k\u00f6nnen die Parteien auf Strafklauseln zur\u00fcckgreifen. Als Teil der Privatautonomie, die den Parteien zuerkannt wird und in \u00dcbereinstimmung mit dem C\u00f3digo Civil","robots":{"index":"index","follow":"follow","max-snippet":"max-snippet:-1","max-image-preview":"max-image-preview:large","max-video-preview":"max-video-preview:-1"},"canonical":"https:\/\/www.fabregat-perulles-sales.com\/actualidad\/die-strafklauseln-in-mietvertragen-ist-eine-gerichtliche-masigung-moglich\/","og_locale":"en_US","og_type":"article","og_title":"Die Strafklauseln in Mietvertr\u00e4gen","og_description":"Um die Erf\u00fcllung von Vertragsvereinbarungen abzusichern, k\u00f6nnen die Parteien auf Strafklauseln zur\u00fcckgreifen. Als Teil der Privatautonomie, die den Parteien zuerkannt wird und in \u00dcbereinstimmung mit dem C\u00f3digo Civil","og_url":"https:\/\/www.fabregat-perulles-sales.com\/actualidad\/die-strafklauseln-in-mietvertragen-ist-eine-gerichtliche-masigung-moglich\/","og_site_name":"International Lawyers","article_published_time":"2018-04-06T10:37:05+00:00","og_image":[{"url":"https:\/\/www.datenschutzbeauftragter-info.de\/wp-content\/uploads\/2014\/04\/urteil-12-511x302.jpg"}],"author":"Victor","twitter_card":"summary_large_image","twitter_misc":{"Written by":"Victor","Est. reading time":"1 minute"},"schema":{"@context":"https:\/\/schema.org","@graph":[{"@type":"WebPage","@id":"https:\/\/www.fabregat-perulles-sales.com\/actualidad\/die-strafklauseln-in-mietvertragen-ist-eine-gerichtliche-masigung-moglich\/","url":"https:\/\/www.fabregat-perulles-sales.com\/actualidad\/die-strafklauseln-in-mietvertragen-ist-eine-gerichtliche-masigung-moglich\/","name":"Die Strafklauseln in Mietvertr\u00e4gen","isPartOf":{"@id":"https:\/\/www.fabregat-perulles-sales.com\/actualidad\/#website"},"datePublished":"2018-04-06T10:37:05+00:00","dateModified":"2018-04-06T10:37:05+00:00","author":{"@id":"https:\/\/www.fabregat-perulles-sales.com\/actualidad\/#\/schema\/person\/cabc1d68c7778f01d5e069c2d98442e3"},"description":"Um die Erf\u00fcllung von Vertragsvereinbarungen abzusichern, k\u00f6nnen die Parteien auf Strafklauseln zur\u00fcckgreifen. Als Teil der Privatautonomie, die den Parteien zuerkannt wird und in \u00dcbereinstimmung mit dem C\u00f3digo Civil","breadcrumb":{"@id":"https:\/\/www.fabregat-perulles-sales.com\/actualidad\/die-strafklauseln-in-mietvertragen-ist-eine-gerichtliche-masigung-moglich\/#breadcrumb"},"inLanguage":"en-US","potentialAction":[{"@type":"ReadAction","target":["https:\/\/www.fabregat-perulles-sales.com\/actualidad\/die-strafklauseln-in-mietvertragen-ist-eine-gerichtliche-masigung-moglich\/"]}]},{"@type":"BreadcrumbList","@id":"https:\/\/www.fabregat-perulles-sales.com\/actualidad\/die-strafklauseln-in-mietvertragen-ist-eine-gerichtliche-masigung-moglich\/#breadcrumb","itemListElement":[{"@type":"ListItem","position":1,"name":"Home","item":"https:\/\/www.fabregat-perulles-sales.com\/actualidad\/"},{"@type":"ListItem","position":2,"name":"Die Strafklauseln in Mietvertr\u00e4gen. Ist eine gerichtliche M\u00e4\u00dfigung m\u00f6glich?"}]},{"@type":"WebSite","@id":"https:\/\/www.fabregat-perulles-sales.com\/actualidad\/#website","url":"https:\/\/www.fabregat-perulles-sales.com\/actualidad\/","name":"www.fabregat-perulles-sales.com","description":"Fabregat Perulles Sales Abogados is a law firm of reference international market in the Spanish-German, Spanish-French, and Spanish-Italian. Is one of the first firms in Barcelona offering a Russian Desk.","potentialAction":[{"@type":"SearchAction","target":{"@type":"EntryPoint","urlTemplate":"https:\/\/www.fabregat-perulles-sales.com\/actualidad\/?s={search_term_string}"},"query-input":"required name=search_term_string"}],"inLanguage":"en-US"},{"@type":"Person","@id":"https:\/\/www.fabregat-perulles-sales.com\/actualidad\/#\/schema\/person\/cabc1d68c7778f01d5e069c2d98442e3","name":"Victor","image":{"@type":"ImageObject","inLanguage":"en-US","@id":"https:\/\/www.fabregat-perulles-sales.com\/actualidad\/#\/schema\/person\/image\/","url":"https:\/\/secure.gravatar.com\/avatar\/756cb666a964d2960ffe307b8a53b271?s=96&d=mm&r=g","contentUrl":"https:\/\/secure.gravatar.com\/avatar\/756cb666a964d2960ffe307b8a53b271?s=96&d=mm&r=g","caption":"Victor"},"sameAs":["http:\/\/www.fabregat-perulles-sales.com"],"url":"https:\/\/www.fabregat-perulles-sales.com\/actualidad\/author\/victor\/"}]}},"amp_enabled":true,"_links":{"self":[{"href":"https:\/\/www.fabregat-perulles-sales.com\/actualidad\/wp-json\/wp\/v2\/posts\/3388"}],"collection":[{"href":"https:\/\/www.fabregat-perulles-sales.com\/actualidad\/wp-json\/wp\/v2\/posts"}],"about":[{"href":"https:\/\/www.fabregat-perulles-sales.com\/actualidad\/wp-json\/wp\/v2\/types\/post"}],"author":[{"embeddable":true,"href":"https:\/\/www.fabregat-perulles-sales.com\/actualidad\/wp-json\/wp\/v2\/users\/3"}],"replies":[{"embeddable":true,"href":"https:\/\/www.fabregat-perulles-sales.com\/actualidad\/wp-json\/wp\/v2\/comments?post=3388"}],"version-history":[{"count":1,"href":"https:\/\/www.fabregat-perulles-sales.com\/actualidad\/wp-json\/wp\/v2\/posts\/3388\/revisions"}],"predecessor-version":[{"id":3389,"href":"https:\/\/www.fabregat-perulles-sales.com\/actualidad\/wp-json\/wp\/v2\/posts\/3388\/revisions\/3389"}],"wp:attachment":[{"href":"https:\/\/www.fabregat-perulles-sales.com\/actualidad\/wp-json\/wp\/v2\/media?parent=3388"}],"wp:term":[{"taxonomy":"category","embeddable":true,"href":"https:\/\/www.fabregat-perulles-sales.com\/actualidad\/wp-json\/wp\/v2\/categories?post=3388"},{"taxonomy":"post_tag","embeddable":true,"href":"https:\/\/www.fabregat-perulles-sales.com\/actualidad\/wp-json\/wp\/v2\/tags?post=3388"}],"curies":[{"name":"wp","href":"https:\/\/api.w.org\/{rel}","templated":true}]}}