{"id":3364,"date":"2018-03-22T11:06:56","date_gmt":"2018-03-22T10:06:56","guid":{"rendered":"http:\/\/www.fabregat-perulles-sales.com\/actualidad\/?p=3364"},"modified":"2018-03-22T11:06:56","modified_gmt":"2018-03-22T10:06:56","slug":"responsabilidad-civil-del-letrado-y-clausula-de-delimitacion-temporal-o-claim-made","status":"publish","type":"post","link":"https:\/\/www.fabregat-perulles-sales.com\/actualidad\/responsabilidad-civil-del-letrado-y-clausula-de-delimitacion-temporal-o-claim-made\/","title":{"rendered":"Responsabilidad civil del letrado y cl\u00e1usula de delimitaci\u00f3n temporal o claim made"},"content":{"rendered":"<p><img decoding=\"async\" loading=\"lazy\" class=\"alignright\" src=\"https:\/\/image.futurezone.at\/images\/cfs_landscape_616w_308h\/2387430\/46-103528360.jpg\" alt=\"Resultado de imagen de gericht\" width=\"348\" height=\"174\" \/>El pasado 8 de marzo el Tribunal Supremo dict\u00f3 Sentencia referente a una controversia sobre la existencia de cobertura de siniestro, cobertura que la compa\u00f1\u00eda aseguradora negaba con base a la existencia de una cl\u00e1usula de delimitaci\u00f3n temporal o claim made.<!--more--><\/p>\n<p>&nbsp;<\/p>\n<p>El art\u00edculo 73, p\u00e1rrafo segundo, de la Ley de Contrato de Seguro establece que: \u201c<em>Ser\u00e1n admisibles, como l\u00edmites establecidos en el contrato, aquellas <strong><u>cl\u00e1usulas limitativas<\/u><\/strong> de los derechos de los asegurados ajustadas al art\u00edculo 3 de la presente Ley que circunscriban la cobertura de la aseguradora a los <strong><u>supuestos en que la reclamaci\u00f3n del perjudicado haya tenido lugar dentro de un per\u00edodo de tiempo, no inferior a un a\u00f1o, desde la terminaci\u00f3n de la \u00faltima de las pr\u00f3rrogas del contrato<\/u><\/strong> o, en su defecto, de su per\u00edodo de duraci\u00f3n. Asimismo, y con el mismo car\u00e1cter de cl\u00e1usulas limitativas conforme a dicho art\u00edculo 3 ser\u00e1n admisibles, como l\u00edmites establecidos en el contrato, aqu\u00e9llas que circunscriban la cobertura del asegurador a los <strong><u>supuestos en que la reclamaci\u00f3n del perjudicado tenga lugar durante el per\u00edodo de vigencia de la p\u00f3liza<\/u><\/strong> siempre que, en este caso, tal cobertura se extienda a los supuestos en los que el nacimiento de la obligaci\u00f3n de indemnizar a cargo del asegurado haya podido tener lugar con anterioridad, al menos, de un a\u00f1o desde el comienzo de efectos del contrato, y ello aunque dicho contrato sea prorrogado<\/em>\u201d.<\/p>\n<p>&nbsp;<\/p>\n<p>La jurisprudencia del Tribunal Supremo sobre la materia se sintetizada en la sentencia 283\/2014, de 20 de mayo. En \u00e9sta se establece que las cl\u00e1usulas de delimitaci\u00f3n temporal previstas en el art.73 LCS, mediante las cuales se puede desplazar la deuda de responsabilidad al momento en que se produzca la reclamaci\u00f3n, <strong><u>s\u00f3lo podr\u00e1n ser oponibles al perjudicado cuando resulten probadas y se ajusten a lo dispuesto en el art. 3 LCS<\/u><\/strong>, es decir, que aparezcan destacadas de modo especial en la p\u00f3liza y sean espec\u00edficamente aceptadas por escrito, <strong><u>ya que por su naturaleza limitativa de los derechos del asegurado \u00ab<em>han sido aceptadas por la jurisprudencia \u00fanicamente en tanto fueran en beneficio y no perjudicaran los derechos del asegurado o perjudicado, reput\u00e1ndose como lesivas en caso contrario<\/em><\/u><\/strong>\u00bb.<\/p>\n<p>&nbsp;<\/p>\n<p>En caso de que no pueda probarse la existencia de la referida delimitaci\u00f3n temporal, admisible con arreglo al p\u00e1rrafo segundo del art. 73 LCS, no podr\u00e1 tenerse en cuenta y, como consecuencia, la norma sustantiva aplicable ser\u00e1 el p\u00e1rrafo primero, no el segundo, de dicho art. 73 LCS, del que se desprende, seg\u00fan la jurisprudencia, que lo determinante no es la reclamaci\u00f3n o exigencia de responsabilidad sino el hecho del que esta deriva.<\/p>\n\r\n\t\t<style>\r\n\t\t\t.huge-it-share-buttons {\r\n\t\t\t\tborder:0px solid #0FB5D6;\r\n\t\t\t\tborder-radius:5px;\r\n\t\t\t\tbackground:#3BD8FF;\r\n\t\t\t text-align:left; \t\t\t\t\t\t\t\t\t}\r\n\r\n\t\t\t#huge-it-share-buttons-top {margin-bottom:0px;}\r\n\t\t\t#huge-it-share-buttons-bottom {margin-top:0px;}\r\n\r\n\t\t\t.huge-it-share-buttons h3 {\r\n\t\t\t\tfont-size:25px ;\r\n\t\t\t\tfont-family:Arial,Helvetica Neue,Helvetica,sans-serif;\r\n\t\t\t\tcolor:#666666;\r\n\r\n\t\t\tdisplay:block;\t\t\t\tline-height:25px ;\r\n\r\n\t\t\t text-align:left; \t\t\t\t\t\t\t\t\t}\r\n\r\n\t\t\t.huge-it-share-buttons ul {\r\n\t\t\t float:left; \t\t\t\t\t\t\t\t\t}\r\n\r\n\t\t\t.huge-it-share-buttons ul li {\r\n\t\t\t\tmargin-left:3px;\r\n\t\t\t\tmargin-right:3px;\r\n\t\t\t\tpadding:0px;\r\n\t\t\t\tborder:0px ridge #E6354C;\r\n\t\t\t\tborder-radius:11px;\r\n\t\t\t\tbackground-color:#14CC9B;\r\n\t\t\t}\r\n\r\n\t\t\t.huge-it-share-buttons ul li #backforunical3364 {\r\n\t\t\t\tborder-bottom: 0;\r\n\t\t\t\tbackground-image:url('https:\/\/www.fabregat-perulles-sales.com\/actualidad\/wp-content\/plugins\/wp-share-buttons\/Front_end\/..\/images\/buttons.30.png');\r\n\t\t\t\twidth:30px;\r\n\t\t\t\theight:30px;\r\n\t\t\t}\r\n\r\n\t\t\t.front-shares-count {\r\n\t\t\t\tposition: absolute;\r\n\t\t\t\ttext-align: center;\r\n\t\t\t\tdisplay: block;\r\n\t\t\t}\r\n\r\n\t\t\t.shares_size20 .front-shares-count {\r\n\t\t\t\tfont-size: 10px;\r\n\t\t\t\ttop: 10px;\r\n\t\t\t\twidth: 20px;\r\n\t\t\t}\r\n\r\n\t\t\t.shares_size30 .front-shares-count {\r\n\t\t\t\tfont-size: 11px;\r\n\t\t\t\ttop: 15px;\r\n\t\t\t\twidth: 30px;\r\n\t\t\t}\r\n\r\n\t\t\t.shares_size40 .front-shares-count {\r\n\t\t\t\tfont-size: 12px;\r\n\t\t\t\ttop: 21px;\r\n\t\t\t\twidth: 40px;\r\n\t\t\t}\r\n\t\t<\/style>\r\n\t\t\r\n\t\t<div id=\"huge-it-share-buttons-top\" class=\"huge-it-share-buttons nobackground\">\r\n\t\t\t<h3>Share This:<\/h3>\r\n\t\t\t<ul class=\"huge-it-share-buttons-list \">\r\n\t\t\t\t\t\t\t\t\t<li class=\"nobackground \" >\r\n\r\n\t\t\t\t\t\t\t\t\t\t\t\t<a id=\"backforunical3364\" href=\"https:\/\/www.facebook.com\/sharer\/sharer.php?u=www.fabregat-perulles-sales.com\/actualidad\/wp-json\/wp\/v2\/posts\/3364\"  onclick=\"javascript:void window.open('https:\/\/www.facebook.com\/sharer\/sharer.php?u=www.fabregat-perulles-sales.com\/actualidad\/wp-json\/wp\/v2\/posts\/3364','1410949501326','width=700,height=500,toolbar=0,menubar=0,location=0,status=1,scrollbars=1,resizable=1,left=0,top=0');return false;\" style=\"background-position: -0px -120px \"><\/a>\r\n\t\t\t\t\t<\/li>\r\n\t\t\t\t\t\t\t\t\t\t<li class=\"nobackground \" >\r\n\r\n\t\t\t\t\t\t\t\t\t\t\t\t<a id=\"backforunical3364\" href=\"https:\/\/twitter.com\/share?status=www.fabregat-perulles-sales.com\/actualidad\/wp-json\/wp\/v2\/posts\/3364&text=Responsabilidad civil del letrado y cl\u00e1usula de delimitaci\u00f3n temporal o claim made\"  onclick=\"javascript:void window.open('https:\/\/twitter.com\/share?status=www.fabregat-perulles-sales.com\/actualidad\/wp-json\/wp\/v2\/posts\/3364&text=Responsabilidad civil del letrado y cl\u00e1usula de delimitaci\u00f3n temporal o claim made','1410949501326','width=700,height=500,toolbar=0,menubar=0,location=0,status=1,scrollbars=1,resizable=1,left=0,top=0');return false;\" style=\"background-position: -30px -120px \"><\/a>\r\n\t\t\t\t\t<\/li>\r\n\t\t\t\t\t\t\t\t\t\t<li class=\"none nobackground \" >\r\n\r\n\t\t\t\t\t\t\t\t\t\t\t\t<a id=\"backforunical3364\" href=\"http:\/\/www.pinterest.com\/pin\/create\/button\/?url=www.fabregat-perulles-sales.com\/actualidad\/wp-json\/wp\/v2\/posts\/3364&media=https:\/\/www.fabregat-perulles-sales.com\/actualidad\/wp-content\/plugins\/wp-share-buttons\/Front_end\/..\/images\/noimage.png&description=Responsabilidad civil del letrado y cl\u00e1usula de delimitaci\u00f3n temporal o claim made\"  onclick=\"javascript:void window.open('http:\/\/www.pinterest.com\/pin\/create\/button\/?url=www.fabregat-perulles-sales.com\/actualidad\/wp-json\/wp\/v2\/posts\/3364&media=https:\/\/www.fabregat-perulles-sales.com\/actualidad\/wp-content\/plugins\/wp-share-buttons\/Front_end\/..\/images\/noimage.png&description=Responsabilidad civil del letrado y cl\u00e1usula de delimitaci\u00f3n temporal o claim made','1410949501326','width=700,height=500,toolbar=0,menubar=0,location=0,status=1,scrollbars=1,resizable=1,left=0,top=0');return false;\" style=\"background-position: -60px -120px \"><\/a>\r\n\t\t\t\t\t<\/li>\r\n\t\t\t\t\t\t\t\t\t\t<li class=\"none nobackground \" >\r\n\r\n\t\t\t\t\t\t\t\t\t\t\t\t<a id=\"backforunical3364\" href=\"https:\/\/plus.google.com\/share?url=www.fabregat-perulles-sales.com\/actualidad\/wp-json\/wp\/v2\/posts\/3364\"  onclick=\"javascript:void window.open('https:\/\/plus.google.com\/share?url=www.fabregat-perulles-sales.com\/actualidad\/wp-json\/wp\/v2\/posts\/3364','1410949501326','width=700,height=500,toolbar=0,menubar=0,location=0,status=1,scrollbars=1,resizable=1,left=0,top=0');return false;\" style=\"background-position: -90px -120px \"><\/a>\r\n\t\t\t\t\t<\/li>\r\n\t\t\t\t\t\t\t\t\t\t<li class=\"nobackground \" >\r\n\r\n\t\t\t\t\t\t\t\t\t\t\t\t<a id=\"backforunical3364\" href=\"https:\/\/www.linkedin.com\/shareArticle?title=Responsabilidad civil del letrado y cl\u00e1usula de delimitaci\u00f3n temporal o claim made&mini=true&url=https:\/\/www.fabregat-perulles-sales.com\/actualidad\/wp-json\/wp\/v2\/posts\/3364\"  onclick=\"javascript:void window.open('https:\/\/www.linkedin.com\/shareArticle?title=Responsabilidad civil del letrado y cl\u00e1usula de delimitaci\u00f3n temporal o claim made&mini=true&url=https:\/\/www.fabregat-perulles-sales.com\/actualidad\/wp-json\/wp\/v2\/posts\/3364','1410949501326','width=700,height=500,toolbar=0,menubar=0,location=0,status=1,scrollbars=1,resizable=1,left=0,top=0');return false;\" style=\"background-position: -120px -120px \"><\/a>\r\n\t\t\t\t\t<\/li>\r\n\t\t\t\t\t\t\t\t\t\t<li class=\"none nobackground \" >\r\n\r\n\t\t\t\t\t\t\t\t\t\t\t\t<a id=\"backforunical3364\" href=\"https:\/\/www.tumblr.com\/share\/link?url=www.fabregat-perulles-sales.com\/actualidad\/wp-json\/wp\/v2\/posts\/3364&name=Responsabilidad civil del letrado y cl\u00e1usula de delimitaci\u00f3n temporal o claim made\"  onclick=\"javascript:void window.open('https:\/\/www.tumblr.com\/share\/link?url=www.fabregat-perulles-sales.com\/actualidad\/wp-json\/wp\/v2\/posts\/3364&name=Responsabilidad civil del letrado y cl\u00e1usula de delimitaci\u00f3n temporal o claim made','1410949501326','width=700,height=500,toolbar=0,menubar=0,location=0,status=1,scrollbars=1,resizable=1,left=0,top=0');return false;\" style=\"background-position: -150px -120px \"><\/a>\r\n\t\t\t\t\t<\/li>\r\n\t\t\t\t\t\t\t\t\t\t<li class=\"none nobackground \" >\r\n\r\n\t\t\t\t\t\t\t\t\t\t\t\t<a id=\"backforunical3364\" href=\"http:\/\/digg.com\/submit?phase=2&url=www.fabregat-perulles-sales.com\/actualidad\/wp-json\/wp\/v2\/posts\/3364&title=Responsabilidad civil del letrado y cl\u00e1usula de delimitaci\u00f3n temporal o claim made\"  onclick=\"javascript:void window.open('http:\/\/digg.com\/submit?phase=2&url=www.fabregat-perulles-sales.com\/actualidad\/wp-json\/wp\/v2\/posts\/3364&title=Responsabilidad civil del letrado y cl\u00e1usula de delimitaci\u00f3n temporal o claim made','1410949501326','width=700,height=500,toolbar=0,menubar=0,location=0,status=1,scrollbars=1,resizable=1,left=0,top=0');return false;\" style=\"background-position: -180px -120px \"><\/a>\r\n\t\t\t\t\t<\/li>\r\n\t\t\t\t\t\t\t\t\t\t<li class=\"none nobackground \" >\r\n\r\n\t\t\t\t\t\t\t\t\t\t\t\t<a id=\"backforunical3364\" href=\"http:\/\/www.stumbleupon.com\/submit?url=www.fabregat-perulles-sales.com\/actualidad\/wp-json\/wp\/v2\/posts\/3364&title=Responsabilidad civil del letrado y cl\u00e1usula de delimitaci\u00f3n temporal o claim made\"  onclick=\"javascript:void window.open('http:\/\/www.stumbleupon.com\/submit?url=www.fabregat-perulles-sales.com\/actualidad\/wp-json\/wp\/v2\/posts\/3364&title=Responsabilidad civil del letrado y cl\u00e1usula de delimitaci\u00f3n temporal o claim made','1410949501326','width=700,height=500,toolbar=0,menubar=0,location=0,status=1,scrollbars=1,resizable=1,left=0,top=0');return false;\" style=\"background-position: -210px -120px \"><\/a>\r\n\t\t\t\t\t<\/li>\r\n\t\t\t\t\t\t\t\t\t\t<li class=\"none nobackground \" >\r\n\r\n\t\t\t\t\t\t\t\t\t\t\t\t<a id=\"backforunical3364\" href=\"https:\/\/myspace.com\/post?l=3&u=www.fabregat-perulles-sales.com\/actualidad\/wp-json\/wp\/v2\/posts\/3364\"  onclick=\"javascript:void window.open('https:\/\/myspace.com\/post?l=3&u=www.fabregat-perulles-sales.com\/actualidad\/wp-json\/wp\/v2\/posts\/3364','1410949501326','width=700,height=500,toolbar=0,menubar=0,location=0,status=1,scrollbars=1,resizable=1,left=0,top=0');return false;\" style=\"background-position: -240px -120px \"><\/a>\r\n\t\t\t\t\t<\/li>\r\n\t\t\t\t\t\t\t\t\t\t<li class=\"nobackground \" >\r\n\r\n\t\t\t\t\t\t\t\t\t\t\t\t<a id=\"backforunical3364\" href=\"http:\/\/vk.com\/share.php?url=www.fabregat-perulles-sales.com\/actualidad\/wp-json\/wp\/v2\/posts\/3364&title=Responsabilidad civil del letrado y cl\u00e1usula de delimitaci\u00f3n temporal o claim made\"  onclick=\"javascript:void window.open('http:\/\/vk.com\/share.php?url=www.fabregat-perulles-sales.com\/actualidad\/wp-json\/wp\/v2\/posts\/3364&title=Responsabilidad civil del letrado y cl\u00e1usula de delimitaci\u00f3n temporal o claim made','1410949501326','width=700,height=500,toolbar=0,menubar=0,location=0,status=1,scrollbars=1,resizable=1,left=0,top=0');return false;\" style=\"background-position: -270px -120px \"><\/a>\r\n\t\t\t\t\t<\/li>\r\n\t\t\t\t\t\t\t\t\t\t<li class=\"none nobackground \" >\r\n\r\n\t\t\t\t\t\t\t\t\t\t\t\t<a id=\"backforunical3364\" href=\"http:\/\/www.reddit.com\/submit?url=www.fabregat-perulles-sales.com\/actualidad\/wp-json\/wp\/v2\/posts\/3364&title=Responsabilidad civil del letrado y cl\u00e1usula de delimitaci\u00f3n temporal o claim made\"  onclick=\"javascript:void window.open('http:\/\/www.reddit.com\/submit?url=www.fabregat-perulles-sales.com\/actualidad\/wp-json\/wp\/v2\/posts\/3364&title=Responsabilidad civil del letrado y cl\u00e1usula de delimitaci\u00f3n temporal o claim made','1410949501326','width=700,height=500,toolbar=0,menubar=0,location=0,status=1,scrollbars=1,resizable=1,left=0,top=0');return false;\" style=\"background-position: -300px -120px \"><\/a>\r\n\t\t\t\t\t<\/li>\r\n\t\t\t\t\t\t\t\t\t\t<li class=\"none nobackground \" >\r\n\r\n\t\t\t\t\t\t\t\t\t\t\t\t<a id=\"backforunical3364\" href=\"http:\/\/www.bebo.com\/c\/share?Url=www.fabregat-perulles-sales.com\/actualidad\/wp-json\/wp\/v2\/posts\/3364\"  onclick=\"javascript:void window.open('http:\/\/www.bebo.com\/c\/share?Url=www.fabregat-perulles-sales.com\/actualidad\/wp-json\/wp\/v2\/posts\/3364','1410949501326','width=700,height=500,toolbar=0,menubar=0,location=0,status=1,scrollbars=1,resizable=1,left=0,top=0');return false;\" style=\"background-position: -330px -120px \"><\/a>\r\n\t\t\t\t\t<\/li>\r\n\t\t\t\t\t\t\t\t\t\t<li class=\"none nobackground \" >\r\n\r\n\t\t\t\t\t\t\t\t\t\t\t\t<a id=\"backforunical3364\" href=\"https:\/\/delicious.com\/save?v=5&noui&jump=close&url=www.fabregat-perulles-sales.com\/actualidad\/wp-json\/wp\/v2\/posts\/3364&title=Responsabilidad civil del letrado y cl\u00e1usula de delimitaci\u00f3n temporal o claim made\"  onclick=\"javascript:void window.open('https:\/\/delicious.com\/save?v=5&noui&jump=close&url=www.fabregat-perulles-sales.com\/actualidad\/wp-json\/wp\/v2\/posts\/3364&title=Responsabilidad civil del letrado y cl\u00e1usula de delimitaci\u00f3n temporal o claim made','1410949501326','width=700,height=500,toolbar=0,menubar=0,location=0,status=1,scrollbars=1,resizable=1,left=0,top=0');return false;\" style=\"background-position: -360px -120px \"><\/a>\r\n\t\t\t\t\t<\/li>\r\n\t\t\t\t\t\t\t\t\t\t<li class=\"none nobackground \" >\r\n\r\n\t\t\t\t\t\t\t\t\t\t\t\t<a id=\"backforunical3364\" href=\"http:\/\/www.odnoklassniki.ru\/dk?st.cmd=addShare&st.s=2&st.noresize=on&st._surl=www.fabregat-perulles-sales.com\/actualidad\/wp-json\/wp\/v2\/posts\/3364\"  onclick=\"javascript:void window.open('http:\/\/www.odnoklassniki.ru\/dk?st.cmd=addShare&st.s=2&st.noresize=on&st._surl=www.fabregat-perulles-sales.com\/actualidad\/wp-json\/wp\/v2\/posts\/3364','1410949501326','width=700,height=500,toolbar=0,menubar=0,location=0,status=1,scrollbars=1,resizable=1,left=0,top=0');return false;\" style=\"background-position: -390px -120px \"><\/a>\r\n\t\t\t\t\t<\/li>\r\n\t\t\t\t\t\t\t\t\t\t<li class=\"none nobackground \" >\r\n\r\n\t\t\t\t\t\t\t\t\t\t\t\t<a id=\"backforunical3364\" href=\"http:\/\/sns.qzone.qq.com\/cgi-bin\/qzshare\/cgi_qzshare_onekey?url=www.fabregat-perulles-sales.com\/actualidad\/wp-json\/wp\/v2\/posts\/3364&title=Responsabilidad civil del letrado y cl\u00e1usula de delimitaci\u00f3n temporal o claim made\"  onclick=\"javascript:void window.open('http:\/\/sns.qzone.qq.com\/cgi-bin\/qzshare\/cgi_qzshare_onekey?url=www.fabregat-perulles-sales.com\/actualidad\/wp-json\/wp\/v2\/posts\/3364&title=Responsabilidad civil del letrado y cl\u00e1usula de delimitaci\u00f3n temporal o claim made','1410949501326','width=700,height=500,toolbar=0,menubar=0,location=0,status=1,scrollbars=1,resizable=1,left=0,top=0');return false;\" style=\"background-position: -420px -120px \"><\/a>\r\n\t\t\t\t\t<\/li>\r\n\t\t\t\t\t\t\t\t\t\t<li class=\"none nobackground \" >\r\n\r\n\t\t\t\t\t\t\t\t\t\t\t\t<a id=\"backforunical3364\" href=\"http:\/\/service.weibo.com\/share\/share.php?url=www.fabregat-perulles-sales.com\/actualidad\/wp-json\/wp\/v2\/posts\/3364&appkey=&title=Responsabilidad civil del letrado y cl\u00e1usula de delimitaci\u00f3n temporal o claim made&pic=&ralateUid=&\"  onclick=\"javascript:void window.open('http:\/\/service.weibo.com\/share\/share.php?url=www.fabregat-perulles-sales.com\/actualidad\/wp-json\/wp\/v2\/posts\/3364&appkey=&title=Responsabilidad civil del letrado y cl\u00e1usula de delimitaci\u00f3n temporal o claim made&pic=&ralateUid=&','1410949501326','width=700,height=500,toolbar=0,menubar=0,location=0,status=1,scrollbars=1,resizable=1,left=0,top=0');return false;\" style=\"background-position: -450px -120px \"><\/a>\r\n\t\t\t\t\t<\/li>\r\n\t\t\t\t\t\t\t\t\t\t<li class=\"none nobackground \" >\r\n\r\n\t\t\t\t\t\t\t\t\t\t\t\t<a id=\"backforunical3364\" href=\"http:\/\/widget.renren.com\/dialog\/share?resourceUrl=www.fabregat-perulles-sales.com\/actualidad\/wp-json\/wp\/v2\/posts\/3364&srcUrl=www.fabregat-perulles-sales.com\/actualidad\/wp-json\/wp\/v2\/posts\/3364&title=Responsabilidad civil del letrado y cl\u00e1usula de delimitaci\u00f3n temporal o claim made\"  onclick=\"javascript:void window.open('http:\/\/widget.renren.com\/dialog\/share?resourceUrl=www.fabregat-perulles-sales.com\/actualidad\/wp-json\/wp\/v2\/posts\/3364&srcUrl=www.fabregat-perulles-sales.com\/actualidad\/wp-json\/wp\/v2\/posts\/3364&title=Responsabilidad civil del letrado y cl\u00e1usula de delimitaci\u00f3n temporal o claim made','1410949501326','width=700,height=500,toolbar=0,menubar=0,location=0,status=1,scrollbars=1,resizable=1,left=0,top=0');return false;\" style=\"background-position: -480px -120px \"><\/a>\r\n\t\t\t\t\t<\/li>\r\n\t\t\t\t\t\t\t\t\t\t<li class=\"none nobackground \" >\r\n\r\n\t\t\t\t\t\t\t\t\t\t\t\t<a id=\"backforunical3364\" href=\"http:\/\/n4g.com\/tips?url=www.fabregat-perulles-sales.com\/actualidad\/wp-json\/wp\/v2\/posts\/3364&title=Responsabilidad civil del letrado y cl\u00e1usula de delimitaci\u00f3n temporal o claim made\"  onclick=\"javascript:void window.open('http:\/\/n4g.com\/tips?url=www.fabregat-perulles-sales.com\/actualidad\/wp-json\/wp\/v2\/posts\/3364&title=Responsabilidad civil del letrado y cl\u00e1usula de delimitaci\u00f3n temporal o claim made','1410949501326','width=700,height=500,toolbar=0,menubar=0,location=0,status=1,scrollbars=1,resizable=1,left=0,top=0');return false;\" style=\"background-position: -510px -120px \"><\/a>\r\n\t\t\t\t\t<\/li>\r\n\t\t\t\t\t\t\t\t<\/ul>\r\n\t\t\t<div class=\"clear\"><\/div>\r\n\t\t<\/div>\r\n\t\t","protected":false},"excerpt":{"rendered":"<p>El pasado 8 de marzo el Tribunal Supremo dict\u00f3 Sentencia referente a una controversia sobre la existencia de cobertura de siniestro, cobertura que la compa\u00f1\u00eda aseguradora negaba con base a la existencia de una cl\u00e1usula de delimitaci\u00f3n temporal o claim made. Share This:<\/p>\n","protected":false},"author":3,"featured_media":0,"comment_status":"open","ping_status":"closed","sticky":false,"template":"","format":"standard","meta":[],"categories":[466,457,248],"tags":[1378,18,710],"yoast_head":"<!-- This site is optimized with the Yoast SEO plugin v20.2.1 - https:\/\/yoast.com\/wordpress\/plugins\/seo\/ -->\n<title>Responsabilidad civil del letrado<\/title>\n<meta name=\"description\" content=\"El pasado 8 de marzo el Tribunal Supremo dict\u00f3 Sentencia referente a una controversia sobre la existencia de cobertura de siniestro.\" \/>\n<meta name=\"robots\" content=\"index, follow, max-snippet:-1, max-image-preview:large, max-video-preview:-1\" \/>\n<link rel=\"canonical\" href=\"https:\/\/www.fabregat-perulles-sales.com\/actualidad\/responsabilidad-civil-del-letrado-y-clausula-de-delimitacion-temporal-o-claim-made\/\" \/>\n<meta property=\"og:locale\" content=\"en_US\" \/>\n<meta property=\"og:type\" content=\"article\" \/>\n<meta property=\"og:title\" content=\"Responsabilidad civil del letrado\" \/>\n<meta property=\"og:description\" content=\"El pasado 8 de marzo el Tribunal Supremo dict\u00f3 Sentencia referente a una controversia sobre la existencia de cobertura de siniestro.\" \/>\n<meta property=\"og:url\" content=\"https:\/\/www.fabregat-perulles-sales.com\/actualidad\/responsabilidad-civil-del-letrado-y-clausula-de-delimitacion-temporal-o-claim-made\/\" \/>\n<meta property=\"og:site_name\" content=\"International Lawyers\" \/>\n<meta property=\"article:published_time\" content=\"2018-03-22T10:06:56+00:00\" \/>\n<meta property=\"og:image\" content=\"https:\/\/image.futurezone.at\/images\/cfs_landscape_616w_308h\/2387430\/46-103528360.jpg\" \/>\n<meta name=\"author\" content=\"Victor\" \/>\n<meta name=\"twitter:card\" content=\"summary_large_image\" \/>\n<meta name=\"twitter:label1\" content=\"Written by\" \/>\n\t<meta name=\"twitter:data1\" content=\"Victor\" \/>\n\t<meta name=\"twitter:label2\" content=\"Est. reading time\" \/>\n\t<meta name=\"twitter:data2\" content=\"2 minutes\" \/>\n<script type=\"application\/ld+json\" class=\"yoast-schema-graph\">{\"@context\":\"https:\/\/schema.org\",\"@graph\":[{\"@type\":\"WebPage\",\"@id\":\"https:\/\/www.fabregat-perulles-sales.com\/actualidad\/responsabilidad-civil-del-letrado-y-clausula-de-delimitacion-temporal-o-claim-made\/\",\"url\":\"https:\/\/www.fabregat-perulles-sales.com\/actualidad\/responsabilidad-civil-del-letrado-y-clausula-de-delimitacion-temporal-o-claim-made\/\",\"name\":\"Responsabilidad civil del letrado\",\"isPartOf\":{\"@id\":\"https:\/\/www.fabregat-perulles-sales.com\/actualidad\/#website\"},\"datePublished\":\"2018-03-22T10:06:56+00:00\",\"dateModified\":\"2018-03-22T10:06:56+00:00\",\"author\":{\"@id\":\"https:\/\/www.fabregat-perulles-sales.com\/actualidad\/#\/schema\/person\/cabc1d68c7778f01d5e069c2d98442e3\"},\"description\":\"El pasado 8 de marzo el Tribunal Supremo dict\u00f3 Sentencia referente a una controversia sobre la existencia de cobertura de siniestro.\",\"breadcrumb\":{\"@id\":\"https:\/\/www.fabregat-perulles-sales.com\/actualidad\/responsabilidad-civil-del-letrado-y-clausula-de-delimitacion-temporal-o-claim-made\/#breadcrumb\"},\"inLanguage\":\"en-US\",\"potentialAction\":[{\"@type\":\"ReadAction\",\"target\":[\"https:\/\/www.fabregat-perulles-sales.com\/actualidad\/responsabilidad-civil-del-letrado-y-clausula-de-delimitacion-temporal-o-claim-made\/\"]}]},{\"@type\":\"BreadcrumbList\",\"@id\":\"https:\/\/www.fabregat-perulles-sales.com\/actualidad\/responsabilidad-civil-del-letrado-y-clausula-de-delimitacion-temporal-o-claim-made\/#breadcrumb\",\"itemListElement\":[{\"@type\":\"ListItem\",\"position\":1,\"name\":\"Home\",\"item\":\"https:\/\/www.fabregat-perulles-sales.com\/actualidad\/\"},{\"@type\":\"ListItem\",\"position\":2,\"name\":\"Responsabilidad civil del letrado y cl\u00e1usula de delimitaci\u00f3n temporal o claim made\"}]},{\"@type\":\"WebSite\",\"@id\":\"https:\/\/www.fabregat-perulles-sales.com\/actualidad\/#website\",\"url\":\"https:\/\/www.fabregat-perulles-sales.com\/actualidad\/\",\"name\":\"www.fabregat-perulles-sales.com\",\"description\":\"Fabregat Perulles Sales Abogados is a law firm of reference international market in the Spanish-German, Spanish-French, and Spanish-Italian. Is one of the first firms in Barcelona offering a Russian Desk.\",\"potentialAction\":[{\"@type\":\"SearchAction\",\"target\":{\"@type\":\"EntryPoint\",\"urlTemplate\":\"https:\/\/www.fabregat-perulles-sales.com\/actualidad\/?s={search_term_string}\"},\"query-input\":\"required name=search_term_string\"}],\"inLanguage\":\"en-US\"},{\"@type\":\"Person\",\"@id\":\"https:\/\/www.fabregat-perulles-sales.com\/actualidad\/#\/schema\/person\/cabc1d68c7778f01d5e069c2d98442e3\",\"name\":\"Victor\",\"image\":{\"@type\":\"ImageObject\",\"inLanguage\":\"en-US\",\"@id\":\"https:\/\/www.fabregat-perulles-sales.com\/actualidad\/#\/schema\/person\/image\/\",\"url\":\"https:\/\/secure.gravatar.com\/avatar\/756cb666a964d2960ffe307b8a53b271?s=96&d=mm&r=g\",\"contentUrl\":\"https:\/\/secure.gravatar.com\/avatar\/756cb666a964d2960ffe307b8a53b271?s=96&d=mm&r=g\",\"caption\":\"Victor\"},\"sameAs\":[\"http:\/\/www.fabregat-perulles-sales.com\"],\"url\":\"https:\/\/www.fabregat-perulles-sales.com\/actualidad\/author\/victor\/\"}]}<\/script>\n<!-- \/ Yoast SEO plugin. -->","yoast_head_json":{"title":"Responsabilidad civil del letrado","description":"El pasado 8 de marzo el Tribunal Supremo dict\u00f3 Sentencia referente a una controversia sobre la existencia de cobertura de siniestro.","robots":{"index":"index","follow":"follow","max-snippet":"max-snippet:-1","max-image-preview":"max-image-preview:large","max-video-preview":"max-video-preview:-1"},"canonical":"https:\/\/www.fabregat-perulles-sales.com\/actualidad\/responsabilidad-civil-del-letrado-y-clausula-de-delimitacion-temporal-o-claim-made\/","og_locale":"en_US","og_type":"article","og_title":"Responsabilidad civil del letrado","og_description":"El pasado 8 de marzo el Tribunal Supremo dict\u00f3 Sentencia referente a una controversia sobre la existencia de cobertura de siniestro.","og_url":"https:\/\/www.fabregat-perulles-sales.com\/actualidad\/responsabilidad-civil-del-letrado-y-clausula-de-delimitacion-temporal-o-claim-made\/","og_site_name":"International Lawyers","article_published_time":"2018-03-22T10:06:56+00:00","og_image":[{"url":"https:\/\/image.futurezone.at\/images\/cfs_landscape_616w_308h\/2387430\/46-103528360.jpg"}],"author":"Victor","twitter_card":"summary_large_image","twitter_misc":{"Written by":"Victor","Est. reading time":"2 minutes"},"schema":{"@context":"https:\/\/schema.org","@graph":[{"@type":"WebPage","@id":"https:\/\/www.fabregat-perulles-sales.com\/actualidad\/responsabilidad-civil-del-letrado-y-clausula-de-delimitacion-temporal-o-claim-made\/","url":"https:\/\/www.fabregat-perulles-sales.com\/actualidad\/responsabilidad-civil-del-letrado-y-clausula-de-delimitacion-temporal-o-claim-made\/","name":"Responsabilidad civil del letrado","isPartOf":{"@id":"https:\/\/www.fabregat-perulles-sales.com\/actualidad\/#website"},"datePublished":"2018-03-22T10:06:56+00:00","dateModified":"2018-03-22T10:06:56+00:00","author":{"@id":"https:\/\/www.fabregat-perulles-sales.com\/actualidad\/#\/schema\/person\/cabc1d68c7778f01d5e069c2d98442e3"},"description":"El pasado 8 de marzo el Tribunal Supremo dict\u00f3 Sentencia referente a una controversia sobre la existencia de cobertura de siniestro.","breadcrumb":{"@id":"https:\/\/www.fabregat-perulles-sales.com\/actualidad\/responsabilidad-civil-del-letrado-y-clausula-de-delimitacion-temporal-o-claim-made\/#breadcrumb"},"inLanguage":"en-US","potentialAction":[{"@type":"ReadAction","target":["https:\/\/www.fabregat-perulles-sales.com\/actualidad\/responsabilidad-civil-del-letrado-y-clausula-de-delimitacion-temporal-o-claim-made\/"]}]},{"@type":"BreadcrumbList","@id":"https:\/\/www.fabregat-perulles-sales.com\/actualidad\/responsabilidad-civil-del-letrado-y-clausula-de-delimitacion-temporal-o-claim-made\/#breadcrumb","itemListElement":[{"@type":"ListItem","position":1,"name":"Home","item":"https:\/\/www.fabregat-perulles-sales.com\/actualidad\/"},{"@type":"ListItem","position":2,"name":"Responsabilidad civil del letrado y cl\u00e1usula de delimitaci\u00f3n temporal o claim made"}]},{"@type":"WebSite","@id":"https:\/\/www.fabregat-perulles-sales.com\/actualidad\/#website","url":"https:\/\/www.fabregat-perulles-sales.com\/actualidad\/","name":"www.fabregat-perulles-sales.com","description":"Fabregat Perulles Sales Abogados is a law firm of reference international market in the Spanish-German, Spanish-French, and Spanish-Italian. Is one of the first firms in Barcelona offering a Russian Desk.","potentialAction":[{"@type":"SearchAction","target":{"@type":"EntryPoint","urlTemplate":"https:\/\/www.fabregat-perulles-sales.com\/actualidad\/?s={search_term_string}"},"query-input":"required name=search_term_string"}],"inLanguage":"en-US"},{"@type":"Person","@id":"https:\/\/www.fabregat-perulles-sales.com\/actualidad\/#\/schema\/person\/cabc1d68c7778f01d5e069c2d98442e3","name":"Victor","image":{"@type":"ImageObject","inLanguage":"en-US","@id":"https:\/\/www.fabregat-perulles-sales.com\/actualidad\/#\/schema\/person\/image\/","url":"https:\/\/secure.gravatar.com\/avatar\/756cb666a964d2960ffe307b8a53b271?s=96&d=mm&r=g","contentUrl":"https:\/\/secure.gravatar.com\/avatar\/756cb666a964d2960ffe307b8a53b271?s=96&d=mm&r=g","caption":"Victor"},"sameAs":["http:\/\/www.fabregat-perulles-sales.com"],"url":"https:\/\/www.fabregat-perulles-sales.com\/actualidad\/author\/victor\/"}]}},"amp_enabled":true,"_links":{"self":[{"href":"https:\/\/www.fabregat-perulles-sales.com\/actualidad\/wp-json\/wp\/v2\/posts\/3364"}],"collection":[{"href":"https:\/\/www.fabregat-perulles-sales.com\/actualidad\/wp-json\/wp\/v2\/posts"}],"about":[{"href":"https:\/\/www.fabregat-perulles-sales.com\/actualidad\/wp-json\/wp\/v2\/types\/post"}],"author":[{"embeddable":true,"href":"https:\/\/www.fabregat-perulles-sales.com\/actualidad\/wp-json\/wp\/v2\/users\/3"}],"replies":[{"embeddable":true,"href":"https:\/\/www.fabregat-perulles-sales.com\/actualidad\/wp-json\/wp\/v2\/comments?post=3364"}],"version-history":[{"count":1,"href":"https:\/\/www.fabregat-perulles-sales.com\/actualidad\/wp-json\/wp\/v2\/posts\/3364\/revisions"}],"predecessor-version":[{"id":3365,"href":"https:\/\/www.fabregat-perulles-sales.com\/actualidad\/wp-json\/wp\/v2\/posts\/3364\/revisions\/3365"}],"wp:attachment":[{"href":"https:\/\/www.fabregat-perulles-sales.com\/actualidad\/wp-json\/wp\/v2\/media?parent=3364"}],"wp:term":[{"taxonomy":"category","embeddable":true,"href":"https:\/\/www.fabregat-perulles-sales.com\/actualidad\/wp-json\/wp\/v2\/categories?post=3364"},{"taxonomy":"post_tag","embeddable":true,"href":"https:\/\/www.fabregat-perulles-sales.com\/actualidad\/wp-json\/wp\/v2\/tags?post=3364"}],"curies":[{"name":"wp","href":"https:\/\/api.w.org\/{rel}","templated":true}]}}