{"id":3318,"date":"2018-03-09T11:26:30","date_gmt":"2018-03-09T10:26:30","guid":{"rendered":"http:\/\/www.fabregat-perulles-sales.com\/actualidad\/?p=3318"},"modified":"2018-03-13T11:27:01","modified_gmt":"2018-03-13T10:27:01","slug":"pago-de-la-pena-pactada-en-un-contrato-de-arrendamiento-de-inmueble-para-la-explotacion-de-un-negocio","status":"publish","type":"post","link":"https:\/\/www.fabregat-perulles-sales.com\/actualidad\/pago-de-la-pena-pactada-en-un-contrato-de-arrendamiento-de-inmueble-para-la-explotacion-de-un-negocio\/","title":{"rendered":"Pago de la pena pactada en un contrato de arrendamiento de inmueble para la explotaci\u00f3n de un negocio"},"content":{"rendered":"<p><img decoding=\"async\" loading=\"lazy\" class=\"alignright size-medium wp-image-3319\" src=\"http:\/\/www.fabregat-perulles-sales.com\/actualidad\/wp-content\/uploads\/2018\/03\/adult-3211170_1920-300x191.jpg\" alt=\"\" width=\"300\" height=\"191\" srcset=\"https:\/\/www.fabregat-perulles-sales.com\/actualidad\/wp-content\/uploads\/2018\/03\/adult-3211170_1920-300x191.jpg 300w, https:\/\/www.fabregat-perulles-sales.com\/actualidad\/wp-content\/uploads\/2018\/03\/adult-3211170_1920-768x489.jpg 768w, https:\/\/www.fabregat-perulles-sales.com\/actualidad\/wp-content\/uploads\/2018\/03\/adult-3211170_1920-1024x652.jpg 1024w, https:\/\/www.fabregat-perulles-sales.com\/actualidad\/wp-content\/uploads\/2018\/03\/adult-3211170_1920-660x420.jpg 660w, https:\/\/www.fabregat-perulles-sales.com\/actualidad\/wp-content\/uploads\/2018\/03\/adult-3211170_1920.jpg 1920w\" sizes=\"(max-width: 300px) 100vw, 300px\" \/>El pasado 14 de febrero de 2018 el Tribunal Supremo dict\u00f3 Sentencia resolviendo acerca de la cuesti\u00f3n jur\u00eddica en que se planteaba la exigencia de pago de la pena pactada en un contrato de arrendamiento de inmueble para la explotaci\u00f3n de un negocio cuando, tras el incumplimiento del arrendatario, el arrendador celebra un nuevo contrato de arrendamiento con un tercero.<!--more--><\/p>\n<p>El Tribunal entiende que, en el caso de un contrato entre dos empresarios, al no existir un control espec\u00edfico de abusividad para tales contratos, la posibilidad de estipular cl\u00e1usulas penales con funci\u00f3n punitiva \u00fanicamente est\u00e1 sujeta a los l\u00edmites que impone a la autonom\u00eda de la voluntad el art. 1255 <a href=\"http:\/\/noticias.juridicas.com\/base_datos\/Privado\/cc.html\" target=\"_blank\" rel=\"noopener noreferrer\">CC<\/a>. Sin embargo, en el caso objeto de autos, no se ha acreditado que el contrato se celebrara en condiciones de abuso de poder del arrendador, ni que la pena fijada en caso de que incumpliera el arrendatario fuera injustificadamente desproporcionada para el objetivo de disuadir su incumplimiento.<\/p>\n<p>Es doctrina del Tribunal Supremo la de que cuando la cl\u00e1usula penal est\u00e1 establecida para un determinado incumplimiento no procede la moderaci\u00f3n del art. 1154 CC, al entender que s\u00f3lo se admite esta rebaja cuando se haya pactado la cl\u00e1usula penal para el incumplimiento total y el deudor haya cumplido parcialmente.<\/p>\n<p>Existen varias sentencias en las que el arrendatario ha pretendido una moderaci\u00f3n judicial de la cl\u00e1usula penal incluida en contratos de arrendamiento para uso distinto de vivienda. La sentencia 810\/2009, de 23 de diciembre, entendi\u00f3 que no proced\u00eda la moderaci\u00f3n judicial de la indemnizaci\u00f3n pactada por las partes, sino que, de acuerdo con la prevalencia de la autonom\u00eda de la voluntad establecida en el art. 4.3 de la <a href=\"http:\/\/noticias.juridicas.com\/base_datos\/Privado\/l29-1994.html\" target=\"_blank\" rel=\"noopener noreferrer\">Ley de Arrendamiento Urbanos<\/a>, deb\u00eda estarse a la voluntad de las partes, toda vez que su libertad s\u00f3lo est\u00e1 condicionada por lo establecido en los arts. 6.2 y 1255 CC.<\/p>\n<p>En presente caso, la penalizaci\u00f3n pactada establec\u00eda el derecho del arrendador a percibir un porcentaje de la renta a devengar en funci\u00f3n del momento en que se produjera el incumplimiento del arrendatario. Por lo que el pacto fij\u00f3 la pena en atenci\u00f3n a las circunstancias de las relaciones existentes entre las partes.<\/p>\n<p>A\u00f1ade, el Tribunal Supremo, que la cuant\u00eda de la pena fijada no equival\u00eda a la indemnizaci\u00f3n por el posible lucro cesante como consecuencia de la resoluci\u00f3n. De hecho, la cl\u00e1usula penal pactada por las partes no exclu\u00eda que se reclamaran los da\u00f1os que se produjeran por el incumplimiento.<\/p>\n<p>Por ello, el Tribunal Supremo declara improcedente la moderaci\u00f3n de la pena hasta el punto de eliminar su aplicaci\u00f3n \u2013que hab\u00eda sido acordada por la Sentencia recurrida-, resultando procedente la aplicaci\u00f3n de la misma.<\/p>\n\r\n\t\t<style>\r\n\t\t\t.huge-it-share-buttons {\r\n\t\t\t\tborder:0px solid #0FB5D6;\r\n\t\t\t\tborder-radius:5px;\r\n\t\t\t\tbackground:#3BD8FF;\r\n\t\t\t text-align:left; \t\t\t\t\t\t\t\t\t}\r\n\r\n\t\t\t#huge-it-share-buttons-top {margin-bottom:0px;}\r\n\t\t\t#huge-it-share-buttons-bottom {margin-top:0px;}\r\n\r\n\t\t\t.huge-it-share-buttons h3 {\r\n\t\t\t\tfont-size:25px ;\r\n\t\t\t\tfont-family:Arial,Helvetica Neue,Helvetica,sans-serif;\r\n\t\t\t\tcolor:#666666;\r\n\r\n\t\t\tdisplay:block;\t\t\t\tline-height:25px ;\r\n\r\n\t\t\t text-align:left; \t\t\t\t\t\t\t\t\t}\r\n\r\n\t\t\t.huge-it-share-buttons ul {\r\n\t\t\t float:left; \t\t\t\t\t\t\t\t\t}\r\n\r\n\t\t\t.huge-it-share-buttons ul li {\r\n\t\t\t\tmargin-left:3px;\r\n\t\t\t\tmargin-right:3px;\r\n\t\t\t\tpadding:0px;\r\n\t\t\t\tborder:0px ridge #E6354C;\r\n\t\t\t\tborder-radius:11px;\r\n\t\t\t\tbackground-color:#14CC9B;\r\n\t\t\t}\r\n\r\n\t\t\t.huge-it-share-buttons ul li #backforunical3318 {\r\n\t\t\t\tborder-bottom: 0;\r\n\t\t\t\tbackground-image:url('https:\/\/www.fabregat-perulles-sales.com\/actualidad\/wp-content\/plugins\/wp-share-buttons\/Front_end\/..\/images\/buttons.30.png');\r\n\t\t\t\twidth:30px;\r\n\t\t\t\theight:30px;\r\n\t\t\t}\r\n\r\n\t\t\t.front-shares-count {\r\n\t\t\t\tposition: absolute;\r\n\t\t\t\ttext-align: center;\r\n\t\t\t\tdisplay: block;\r\n\t\t\t}\r\n\r\n\t\t\t.shares_size20 .front-shares-count {\r\n\t\t\t\tfont-size: 10px;\r\n\t\t\t\ttop: 10px;\r\n\t\t\t\twidth: 20px;\r\n\t\t\t}\r\n\r\n\t\t\t.shares_size30 .front-shares-count {\r\n\t\t\t\tfont-size: 11px;\r\n\t\t\t\ttop: 15px;\r\n\t\t\t\twidth: 30px;\r\n\t\t\t}\r\n\r\n\t\t\t.shares_size40 .front-shares-count {\r\n\t\t\t\tfont-size: 12px;\r\n\t\t\t\ttop: 21px;\r\n\t\t\t\twidth: 40px;\r\n\t\t\t}\r\n\t\t<\/style>\r\n\t\t\r\n\t\t<div id=\"huge-it-share-buttons-top\" class=\"huge-it-share-buttons nobackground\">\r\n\t\t\t<h3>Share This:<\/h3>\r\n\t\t\t<ul class=\"huge-it-share-buttons-list \">\r\n\t\t\t\t\t\t\t\t\t<li class=\"nobackground \" >\r\n\r\n\t\t\t\t\t\t\t\t\t\t\t\t<a id=\"backforunical3318\" href=\"https:\/\/www.facebook.com\/sharer\/sharer.php?u=www.fabregat-perulles-sales.com\/actualidad\/wp-json\/wp\/v2\/posts\/3318\"  onclick=\"javascript:void window.open('https:\/\/www.facebook.com\/sharer\/sharer.php?u=www.fabregat-perulles-sales.com\/actualidad\/wp-json\/wp\/v2\/posts\/3318','1410949501326','width=700,height=500,toolbar=0,menubar=0,location=0,status=1,scrollbars=1,resizable=1,left=0,top=0');return false;\" style=\"background-position: -0px -120px \"><\/a>\r\n\t\t\t\t\t<\/li>\r\n\t\t\t\t\t\t\t\t\t\t<li class=\"nobackground \" >\r\n\r\n\t\t\t\t\t\t\t\t\t\t\t\t<a id=\"backforunical3318\" href=\"https:\/\/twitter.com\/share?status=www.fabregat-perulles-sales.com\/actualidad\/wp-json\/wp\/v2\/posts\/3318&text=Pago de la pena pactada en un contrato de arrendamiento de inmueble para la explotaci\u00f3n de un negocio\"  onclick=\"javascript:void window.open('https:\/\/twitter.com\/share?status=www.fabregat-perulles-sales.com\/actualidad\/wp-json\/wp\/v2\/posts\/3318&text=Pago de la pena pactada en un contrato de arrendamiento de inmueble para la explotaci\u00f3n de un negocio','1410949501326','width=700,height=500,toolbar=0,menubar=0,location=0,status=1,scrollbars=1,resizable=1,left=0,top=0');return false;\" style=\"background-position: -30px -120px \"><\/a>\r\n\t\t\t\t\t<\/li>\r\n\t\t\t\t\t\t\t\t\t\t<li class=\"none nobackground \" >\r\n\r\n\t\t\t\t\t\t\t\t\t\t\t\t<a id=\"backforunical3318\" href=\"http:\/\/www.pinterest.com\/pin\/create\/button\/?url=www.fabregat-perulles-sales.com\/actualidad\/wp-json\/wp\/v2\/posts\/3318&media=https:\/\/www.fabregat-perulles-sales.com\/actualidad\/wp-content\/plugins\/wp-share-buttons\/Front_end\/..\/images\/noimage.png&description=Pago de la pena pactada en un contrato de arrendamiento de inmueble para la explotaci\u00f3n de un negocio\"  onclick=\"javascript:void window.open('http:\/\/www.pinterest.com\/pin\/create\/button\/?url=www.fabregat-perulles-sales.com\/actualidad\/wp-json\/wp\/v2\/posts\/3318&media=https:\/\/www.fabregat-perulles-sales.com\/actualidad\/wp-content\/plugins\/wp-share-buttons\/Front_end\/..\/images\/noimage.png&description=Pago de la pena pactada en un contrato de arrendamiento de inmueble para la explotaci\u00f3n de un negocio','1410949501326','width=700,height=500,toolbar=0,menubar=0,location=0,status=1,scrollbars=1,resizable=1,left=0,top=0');return false;\" style=\"background-position: -60px -120px \"><\/a>\r\n\t\t\t\t\t<\/li>\r\n\t\t\t\t\t\t\t\t\t\t<li class=\"none nobackground \" >\r\n\r\n\t\t\t\t\t\t\t\t\t\t\t\t<a id=\"backforunical3318\" href=\"https:\/\/plus.google.com\/share?url=www.fabregat-perulles-sales.com\/actualidad\/wp-json\/wp\/v2\/posts\/3318\"  onclick=\"javascript:void window.open('https:\/\/plus.google.com\/share?url=www.fabregat-perulles-sales.com\/actualidad\/wp-json\/wp\/v2\/posts\/3318','1410949501326','width=700,height=500,toolbar=0,menubar=0,location=0,status=1,scrollbars=1,resizable=1,left=0,top=0');return false;\" style=\"background-position: -90px -120px \"><\/a>\r\n\t\t\t\t\t<\/li>\r\n\t\t\t\t\t\t\t\t\t\t<li class=\"nobackground \" >\r\n\r\n\t\t\t\t\t\t\t\t\t\t\t\t<a id=\"backforunical3318\" href=\"https:\/\/www.linkedin.com\/shareArticle?title=Pago de la pena pactada en un contrato de arrendamiento de inmueble para la explotaci\u00f3n de un negocio&mini=true&url=https:\/\/www.fabregat-perulles-sales.com\/actualidad\/wp-json\/wp\/v2\/posts\/3318\"  onclick=\"javascript:void window.open('https:\/\/www.linkedin.com\/shareArticle?title=Pago de la pena pactada en un contrato de arrendamiento de inmueble para la explotaci\u00f3n de un negocio&mini=true&url=https:\/\/www.fabregat-perulles-sales.com\/actualidad\/wp-json\/wp\/v2\/posts\/3318','1410949501326','width=700,height=500,toolbar=0,menubar=0,location=0,status=1,scrollbars=1,resizable=1,left=0,top=0');return false;\" style=\"background-position: -120px -120px \"><\/a>\r\n\t\t\t\t\t<\/li>\r\n\t\t\t\t\t\t\t\t\t\t<li class=\"none nobackground \" >\r\n\r\n\t\t\t\t\t\t\t\t\t\t\t\t<a id=\"backforunical3318\" href=\"https:\/\/www.tumblr.com\/share\/link?url=www.fabregat-perulles-sales.com\/actualidad\/wp-json\/wp\/v2\/posts\/3318&name=Pago de la pena pactada en un contrato de arrendamiento de inmueble para la explotaci\u00f3n de un negocio\"  onclick=\"javascript:void window.open('https:\/\/www.tumblr.com\/share\/link?url=www.fabregat-perulles-sales.com\/actualidad\/wp-json\/wp\/v2\/posts\/3318&name=Pago de la pena pactada en un contrato de arrendamiento de inmueble para la explotaci\u00f3n de un negocio','1410949501326','width=700,height=500,toolbar=0,menubar=0,location=0,status=1,scrollbars=1,resizable=1,left=0,top=0');return false;\" style=\"background-position: -150px -120px \"><\/a>\r\n\t\t\t\t\t<\/li>\r\n\t\t\t\t\t\t\t\t\t\t<li class=\"none nobackground \" >\r\n\r\n\t\t\t\t\t\t\t\t\t\t\t\t<a id=\"backforunical3318\" href=\"http:\/\/digg.com\/submit?phase=2&url=www.fabregat-perulles-sales.com\/actualidad\/wp-json\/wp\/v2\/posts\/3318&title=Pago de la pena pactada en un contrato de arrendamiento de inmueble para la explotaci\u00f3n de un negocio\"  onclick=\"javascript:void window.open('http:\/\/digg.com\/submit?phase=2&url=www.fabregat-perulles-sales.com\/actualidad\/wp-json\/wp\/v2\/posts\/3318&title=Pago de la pena pactada en un contrato de arrendamiento de inmueble para la explotaci\u00f3n de un negocio','1410949501326','width=700,height=500,toolbar=0,menubar=0,location=0,status=1,scrollbars=1,resizable=1,left=0,top=0');return false;\" style=\"background-position: -180px -120px \"><\/a>\r\n\t\t\t\t\t<\/li>\r\n\t\t\t\t\t\t\t\t\t\t<li class=\"none nobackground \" >\r\n\r\n\t\t\t\t\t\t\t\t\t\t\t\t<a id=\"backforunical3318\" href=\"http:\/\/www.stumbleupon.com\/submit?url=www.fabregat-perulles-sales.com\/actualidad\/wp-json\/wp\/v2\/posts\/3318&title=Pago de la pena pactada en un contrato de arrendamiento de inmueble para la explotaci\u00f3n de un negocio\"  onclick=\"javascript:void window.open('http:\/\/www.stumbleupon.com\/submit?url=www.fabregat-perulles-sales.com\/actualidad\/wp-json\/wp\/v2\/posts\/3318&title=Pago de la pena pactada en un contrato de arrendamiento de inmueble para la explotaci\u00f3n de un negocio','1410949501326','width=700,height=500,toolbar=0,menubar=0,location=0,status=1,scrollbars=1,resizable=1,left=0,top=0');return false;\" style=\"background-position: -210px -120px \"><\/a>\r\n\t\t\t\t\t<\/li>\r\n\t\t\t\t\t\t\t\t\t\t<li class=\"none nobackground \" >\r\n\r\n\t\t\t\t\t\t\t\t\t\t\t\t<a id=\"backforunical3318\" href=\"https:\/\/myspace.com\/post?l=3&u=www.fabregat-perulles-sales.com\/actualidad\/wp-json\/wp\/v2\/posts\/3318\"  onclick=\"javascript:void window.open('https:\/\/myspace.com\/post?l=3&u=www.fabregat-perulles-sales.com\/actualidad\/wp-json\/wp\/v2\/posts\/3318','1410949501326','width=700,height=500,toolbar=0,menubar=0,location=0,status=1,scrollbars=1,resizable=1,left=0,top=0');return false;\" style=\"background-position: -240px -120px \"><\/a>\r\n\t\t\t\t\t<\/li>\r\n\t\t\t\t\t\t\t\t\t\t<li class=\"nobackground \" >\r\n\r\n\t\t\t\t\t\t\t\t\t\t\t\t<a id=\"backforunical3318\" href=\"http:\/\/vk.com\/share.php?url=www.fabregat-perulles-sales.com\/actualidad\/wp-json\/wp\/v2\/posts\/3318&title=Pago de la pena pactada en un contrato de arrendamiento de inmueble para la explotaci\u00f3n de un negocio\"  onclick=\"javascript:void window.open('http:\/\/vk.com\/share.php?url=www.fabregat-perulles-sales.com\/actualidad\/wp-json\/wp\/v2\/posts\/3318&title=Pago de la pena pactada en un contrato de arrendamiento de inmueble para la explotaci\u00f3n de un negocio','1410949501326','width=700,height=500,toolbar=0,menubar=0,location=0,status=1,scrollbars=1,resizable=1,left=0,top=0');return false;\" style=\"background-position: -270px -120px \"><\/a>\r\n\t\t\t\t\t<\/li>\r\n\t\t\t\t\t\t\t\t\t\t<li class=\"none nobackground \" >\r\n\r\n\t\t\t\t\t\t\t\t\t\t\t\t<a id=\"backforunical3318\" href=\"http:\/\/www.reddit.com\/submit?url=www.fabregat-perulles-sales.com\/actualidad\/wp-json\/wp\/v2\/posts\/3318&title=Pago de la pena pactada en un contrato de arrendamiento de inmueble para la explotaci\u00f3n de un negocio\"  onclick=\"javascript:void window.open('http:\/\/www.reddit.com\/submit?url=www.fabregat-perulles-sales.com\/actualidad\/wp-json\/wp\/v2\/posts\/3318&title=Pago de la pena pactada en un contrato de arrendamiento de inmueble para la explotaci\u00f3n de un negocio','1410949501326','width=700,height=500,toolbar=0,menubar=0,location=0,status=1,scrollbars=1,resizable=1,left=0,top=0');return false;\" style=\"background-position: -300px -120px \"><\/a>\r\n\t\t\t\t\t<\/li>\r\n\t\t\t\t\t\t\t\t\t\t<li class=\"none nobackground \" >\r\n\r\n\t\t\t\t\t\t\t\t\t\t\t\t<a id=\"backforunical3318\" href=\"http:\/\/www.bebo.com\/c\/share?Url=www.fabregat-perulles-sales.com\/actualidad\/wp-json\/wp\/v2\/posts\/3318\"  onclick=\"javascript:void window.open('http:\/\/www.bebo.com\/c\/share?Url=www.fabregat-perulles-sales.com\/actualidad\/wp-json\/wp\/v2\/posts\/3318','1410949501326','width=700,height=500,toolbar=0,menubar=0,location=0,status=1,scrollbars=1,resizable=1,left=0,top=0');return false;\" style=\"background-position: -330px -120px \"><\/a>\r\n\t\t\t\t\t<\/li>\r\n\t\t\t\t\t\t\t\t\t\t<li class=\"none nobackground \" >\r\n\r\n\t\t\t\t\t\t\t\t\t\t\t\t<a id=\"backforunical3318\" href=\"https:\/\/delicious.com\/save?v=5&noui&jump=close&url=www.fabregat-perulles-sales.com\/actualidad\/wp-json\/wp\/v2\/posts\/3318&title=Pago de la pena pactada en un contrato de arrendamiento de inmueble para la explotaci\u00f3n de un negocio\"  onclick=\"javascript:void window.open('https:\/\/delicious.com\/save?v=5&noui&jump=close&url=www.fabregat-perulles-sales.com\/actualidad\/wp-json\/wp\/v2\/posts\/3318&title=Pago de la pena pactada en un contrato de arrendamiento de inmueble para la explotaci\u00f3n de un negocio','1410949501326','width=700,height=500,toolbar=0,menubar=0,location=0,status=1,scrollbars=1,resizable=1,left=0,top=0');return false;\" style=\"background-position: -360px -120px \"><\/a>\r\n\t\t\t\t\t<\/li>\r\n\t\t\t\t\t\t\t\t\t\t<li class=\"none nobackground \" >\r\n\r\n\t\t\t\t\t\t\t\t\t\t\t\t<a id=\"backforunical3318\" href=\"http:\/\/www.odnoklassniki.ru\/dk?st.cmd=addShare&st.s=2&st.noresize=on&st._surl=www.fabregat-perulles-sales.com\/actualidad\/wp-json\/wp\/v2\/posts\/3318\"  onclick=\"javascript:void window.open('http:\/\/www.odnoklassniki.ru\/dk?st.cmd=addShare&st.s=2&st.noresize=on&st._surl=www.fabregat-perulles-sales.com\/actualidad\/wp-json\/wp\/v2\/posts\/3318','1410949501326','width=700,height=500,toolbar=0,menubar=0,location=0,status=1,scrollbars=1,resizable=1,left=0,top=0');return false;\" style=\"background-position: -390px -120px \"><\/a>\r\n\t\t\t\t\t<\/li>\r\n\t\t\t\t\t\t\t\t\t\t<li class=\"none nobackground \" >\r\n\r\n\t\t\t\t\t\t\t\t\t\t\t\t<a id=\"backforunical3318\" href=\"http:\/\/sns.qzone.qq.com\/cgi-bin\/qzshare\/cgi_qzshare_onekey?url=www.fabregat-perulles-sales.com\/actualidad\/wp-json\/wp\/v2\/posts\/3318&title=Pago de la pena pactada en un contrato de arrendamiento de inmueble para la explotaci\u00f3n de un negocio\"  onclick=\"javascript:void window.open('http:\/\/sns.qzone.qq.com\/cgi-bin\/qzshare\/cgi_qzshare_onekey?url=www.fabregat-perulles-sales.com\/actualidad\/wp-json\/wp\/v2\/posts\/3318&title=Pago de la pena pactada en un contrato de arrendamiento de inmueble para la explotaci\u00f3n de un negocio','1410949501326','width=700,height=500,toolbar=0,menubar=0,location=0,status=1,scrollbars=1,resizable=1,left=0,top=0');return false;\" style=\"background-position: -420px -120px \"><\/a>\r\n\t\t\t\t\t<\/li>\r\n\t\t\t\t\t\t\t\t\t\t<li class=\"none nobackground \" >\r\n\r\n\t\t\t\t\t\t\t\t\t\t\t\t<a id=\"backforunical3318\" href=\"http:\/\/service.weibo.com\/share\/share.php?url=www.fabregat-perulles-sales.com\/actualidad\/wp-json\/wp\/v2\/posts\/3318&appkey=&title=Pago de la pena pactada en un contrato de arrendamiento de inmueble para la explotaci\u00f3n de un negocio&pic=&ralateUid=&\"  onclick=\"javascript:void window.open('http:\/\/service.weibo.com\/share\/share.php?url=www.fabregat-perulles-sales.com\/actualidad\/wp-json\/wp\/v2\/posts\/3318&appkey=&title=Pago de la pena pactada en un contrato de arrendamiento de inmueble para la explotaci\u00f3n de un negocio&pic=&ralateUid=&','1410949501326','width=700,height=500,toolbar=0,menubar=0,location=0,status=1,scrollbars=1,resizable=1,left=0,top=0');return false;\" style=\"background-position: -450px -120px \"><\/a>\r\n\t\t\t\t\t<\/li>\r\n\t\t\t\t\t\t\t\t\t\t<li class=\"none nobackground \" >\r\n\r\n\t\t\t\t\t\t\t\t\t\t\t\t<a id=\"backforunical3318\" href=\"http:\/\/widget.renren.com\/dialog\/share?resourceUrl=www.fabregat-perulles-sales.com\/actualidad\/wp-json\/wp\/v2\/posts\/3318&srcUrl=www.fabregat-perulles-sales.com\/actualidad\/wp-json\/wp\/v2\/posts\/3318&title=Pago de la pena pactada en un contrato de arrendamiento de inmueble para la explotaci\u00f3n de un negocio\"  onclick=\"javascript:void window.open('http:\/\/widget.renren.com\/dialog\/share?resourceUrl=www.fabregat-perulles-sales.com\/actualidad\/wp-json\/wp\/v2\/posts\/3318&srcUrl=www.fabregat-perulles-sales.com\/actualidad\/wp-json\/wp\/v2\/posts\/3318&title=Pago de la pena pactada en un contrato de arrendamiento de inmueble para la explotaci\u00f3n de un negocio','1410949501326','width=700,height=500,toolbar=0,menubar=0,location=0,status=1,scrollbars=1,resizable=1,left=0,top=0');return false;\" style=\"background-position: -480px -120px \"><\/a>\r\n\t\t\t\t\t<\/li>\r\n\t\t\t\t\t\t\t\t\t\t<li class=\"none nobackground \" >\r\n\r\n\t\t\t\t\t\t\t\t\t\t\t\t<a id=\"backforunical3318\" href=\"http:\/\/n4g.com\/tips?url=www.fabregat-perulles-sales.com\/actualidad\/wp-json\/wp\/v2\/posts\/3318&title=Pago de la pena pactada en un contrato de arrendamiento de inmueble para la explotaci\u00f3n de un negocio\"  onclick=\"javascript:void window.open('http:\/\/n4g.com\/tips?url=www.fabregat-perulles-sales.com\/actualidad\/wp-json\/wp\/v2\/posts\/3318&title=Pago de la pena pactada en un contrato de arrendamiento de inmueble para la explotaci\u00f3n de un negocio','1410949501326','width=700,height=500,toolbar=0,menubar=0,location=0,status=1,scrollbars=1,resizable=1,left=0,top=0');return false;\" style=\"background-position: -510px -120px \"><\/a>\r\n\t\t\t\t\t<\/li>\r\n\t\t\t\t\t\t\t\t<\/ul>\r\n\t\t\t<div class=\"clear\"><\/div>\r\n\t\t<\/div>\r\n\t\t","protected":false},"excerpt":{"rendered":"<p>El pasado 14 de febrero de 2018 el Tribunal Supremo dict\u00f3 Sentencia resolviendo acerca de la cuesti\u00f3n jur\u00eddica en que se planteaba la exigencia de pago de la pena pactada en un contrato de arrendamiento de inmueble para la explotaci\u00f3n de un negocio cuando, tras el incumplimiento del arrendatario, el arrendador celebra un nuevo contrato\u2026 <span class=\"read-more\"><a href=\"https:\/\/www.fabregat-perulles-sales.com\/actualidad\/pago-de-la-pena-pactada-en-un-contrato-de-arrendamiento-de-inmueble-para-la-explotacion-de-un-negocio\/\">Read More &raquo;<\/a><\/span><\/p>\n","protected":false},"author":3,"featured_media":0,"comment_status":"open","ping_status":"closed","sticky":false,"template":"","format":"standard","meta":[],"categories":[14,466,1,465,248],"tags":[1361,1362,1359,728,1360,27],"yoast_head":"<!-- This site is optimized with the Yoast SEO plugin v20.2.1 - https:\/\/yoast.com\/wordpress\/plugins\/seo\/ -->\n<title>Arrendamiento explotaci\u00f3n de un negocio<\/title>\n<meta name=\"description\" content=\"El TS dict\u00f3 Sentencia sobre la cuesti\u00f3n jur\u00eddica de la exigencia de pago de la pena pactada en un contrato de arrendamiento de inmueble.\" \/>\n<meta name=\"robots\" content=\"index, follow, max-snippet:-1, max-image-preview:large, max-video-preview:-1\" \/>\n<link rel=\"canonical\" href=\"https:\/\/www.fabregat-perulles-sales.com\/actualidad\/pago-de-la-pena-pactada-en-un-contrato-de-arrendamiento-de-inmueble-para-la-explotacion-de-un-negocio\/\" \/>\n<meta property=\"og:locale\" content=\"en_US\" \/>\n<meta property=\"og:type\" content=\"article\" \/>\n<meta property=\"og:title\" content=\"Arrendamiento explotaci\u00f3n de un negocio\" \/>\n<meta property=\"og:description\" content=\"El TS dict\u00f3 Sentencia sobre la cuesti\u00f3n jur\u00eddica de la exigencia de pago de la pena pactada en un contrato de arrendamiento de inmueble.\" \/>\n<meta property=\"og:url\" content=\"https:\/\/www.fabregat-perulles-sales.com\/actualidad\/pago-de-la-pena-pactada-en-un-contrato-de-arrendamiento-de-inmueble-para-la-explotacion-de-un-negocio\/\" \/>\n<meta property=\"og:site_name\" content=\"International Lawyers\" \/>\n<meta property=\"article:published_time\" content=\"2018-03-09T10:26:30+00:00\" \/>\n<meta property=\"article:modified_time\" content=\"2018-03-13T10:27:01+00:00\" \/>\n<meta property=\"og:image\" content=\"http:\/\/www.fabregat-perulles-sales.com\/actualidad\/wp-content\/uploads\/2018\/03\/adult-3211170_1920-300x191.jpg\" \/>\n<meta name=\"author\" content=\"Victor\" \/>\n<meta name=\"twitter:card\" content=\"summary_large_image\" \/>\n<meta name=\"twitter:label1\" content=\"Written by\" \/>\n\t<meta name=\"twitter:data1\" content=\"Victor\" \/>\n\t<meta name=\"twitter:label2\" content=\"Est. reading time\" \/>\n\t<meta name=\"twitter:data2\" content=\"2 minutes\" \/>\n<script type=\"application\/ld+json\" class=\"yoast-schema-graph\">{\"@context\":\"https:\/\/schema.org\",\"@graph\":[{\"@type\":\"WebPage\",\"@id\":\"https:\/\/www.fabregat-perulles-sales.com\/actualidad\/pago-de-la-pena-pactada-en-un-contrato-de-arrendamiento-de-inmueble-para-la-explotacion-de-un-negocio\/\",\"url\":\"https:\/\/www.fabregat-perulles-sales.com\/actualidad\/pago-de-la-pena-pactada-en-un-contrato-de-arrendamiento-de-inmueble-para-la-explotacion-de-un-negocio\/\",\"name\":\"Arrendamiento explotaci\u00f3n de un negocio\",\"isPartOf\":{\"@id\":\"https:\/\/www.fabregat-perulles-sales.com\/actualidad\/#website\"},\"datePublished\":\"2018-03-09T10:26:30+00:00\",\"dateModified\":\"2018-03-13T10:27:01+00:00\",\"author\":{\"@id\":\"https:\/\/www.fabregat-perulles-sales.com\/actualidad\/#\/schema\/person\/cabc1d68c7778f01d5e069c2d98442e3\"},\"description\":\"El TS dict\u00f3 Sentencia sobre la cuesti\u00f3n jur\u00eddica de la exigencia de pago de la pena pactada en un contrato de arrendamiento de inmueble.\",\"breadcrumb\":{\"@id\":\"https:\/\/www.fabregat-perulles-sales.com\/actualidad\/pago-de-la-pena-pactada-en-un-contrato-de-arrendamiento-de-inmueble-para-la-explotacion-de-un-negocio\/#breadcrumb\"},\"inLanguage\":\"en-US\",\"potentialAction\":[{\"@type\":\"ReadAction\",\"target\":[\"https:\/\/www.fabregat-perulles-sales.com\/actualidad\/pago-de-la-pena-pactada-en-un-contrato-de-arrendamiento-de-inmueble-para-la-explotacion-de-un-negocio\/\"]}]},{\"@type\":\"BreadcrumbList\",\"@id\":\"https:\/\/www.fabregat-perulles-sales.com\/actualidad\/pago-de-la-pena-pactada-en-un-contrato-de-arrendamiento-de-inmueble-para-la-explotacion-de-un-negocio\/#breadcrumb\",\"itemListElement\":[{\"@type\":\"ListItem\",\"position\":1,\"name\":\"Home\",\"item\":\"https:\/\/www.fabregat-perulles-sales.com\/actualidad\/\"},{\"@type\":\"ListItem\",\"position\":2,\"name\":\"Pago de la pena pactada en un contrato de arrendamiento de inmueble para la explotaci\u00f3n de un negocio\"}]},{\"@type\":\"WebSite\",\"@id\":\"https:\/\/www.fabregat-perulles-sales.com\/actualidad\/#website\",\"url\":\"https:\/\/www.fabregat-perulles-sales.com\/actualidad\/\",\"name\":\"www.fabregat-perulles-sales.com\",\"description\":\"Fabregat Perulles Sales Abogados is a law firm of reference international market in the Spanish-German, Spanish-French, and Spanish-Italian. Is one of the first firms in Barcelona offering a Russian Desk.\",\"potentialAction\":[{\"@type\":\"SearchAction\",\"target\":{\"@type\":\"EntryPoint\",\"urlTemplate\":\"https:\/\/www.fabregat-perulles-sales.com\/actualidad\/?s={search_term_string}\"},\"query-input\":\"required name=search_term_string\"}],\"inLanguage\":\"en-US\"},{\"@type\":\"Person\",\"@id\":\"https:\/\/www.fabregat-perulles-sales.com\/actualidad\/#\/schema\/person\/cabc1d68c7778f01d5e069c2d98442e3\",\"name\":\"Victor\",\"image\":{\"@type\":\"ImageObject\",\"inLanguage\":\"en-US\",\"@id\":\"https:\/\/www.fabregat-perulles-sales.com\/actualidad\/#\/schema\/person\/image\/\",\"url\":\"https:\/\/secure.gravatar.com\/avatar\/756cb666a964d2960ffe307b8a53b271?s=96&d=mm&r=g\",\"contentUrl\":\"https:\/\/secure.gravatar.com\/avatar\/756cb666a964d2960ffe307b8a53b271?s=96&d=mm&r=g\",\"caption\":\"Victor\"},\"sameAs\":[\"http:\/\/www.fabregat-perulles-sales.com\"],\"url\":\"https:\/\/www.fabregat-perulles-sales.com\/actualidad\/author\/victor\/\"}]}<\/script>\n<!-- \/ Yoast SEO plugin. -->","yoast_head_json":{"title":"Arrendamiento explotaci\u00f3n de un negocio","description":"El TS dict\u00f3 Sentencia sobre la cuesti\u00f3n jur\u00eddica de la exigencia de pago de la pena pactada en un contrato de arrendamiento de inmueble.","robots":{"index":"index","follow":"follow","max-snippet":"max-snippet:-1","max-image-preview":"max-image-preview:large","max-video-preview":"max-video-preview:-1"},"canonical":"https:\/\/www.fabregat-perulles-sales.com\/actualidad\/pago-de-la-pena-pactada-en-un-contrato-de-arrendamiento-de-inmueble-para-la-explotacion-de-un-negocio\/","og_locale":"en_US","og_type":"article","og_title":"Arrendamiento explotaci\u00f3n de un negocio","og_description":"El TS dict\u00f3 Sentencia sobre la cuesti\u00f3n jur\u00eddica de la exigencia de pago de la pena pactada en un contrato de arrendamiento de inmueble.","og_url":"https:\/\/www.fabregat-perulles-sales.com\/actualidad\/pago-de-la-pena-pactada-en-un-contrato-de-arrendamiento-de-inmueble-para-la-explotacion-de-un-negocio\/","og_site_name":"International Lawyers","article_published_time":"2018-03-09T10:26:30+00:00","article_modified_time":"2018-03-13T10:27:01+00:00","og_image":[{"url":"http:\/\/www.fabregat-perulles-sales.com\/actualidad\/wp-content\/uploads\/2018\/03\/adult-3211170_1920-300x191.jpg"}],"author":"Victor","twitter_card":"summary_large_image","twitter_misc":{"Written by":"Victor","Est. reading time":"2 minutes"},"schema":{"@context":"https:\/\/schema.org","@graph":[{"@type":"WebPage","@id":"https:\/\/www.fabregat-perulles-sales.com\/actualidad\/pago-de-la-pena-pactada-en-un-contrato-de-arrendamiento-de-inmueble-para-la-explotacion-de-un-negocio\/","url":"https:\/\/www.fabregat-perulles-sales.com\/actualidad\/pago-de-la-pena-pactada-en-un-contrato-de-arrendamiento-de-inmueble-para-la-explotacion-de-un-negocio\/","name":"Arrendamiento explotaci\u00f3n de un negocio","isPartOf":{"@id":"https:\/\/www.fabregat-perulles-sales.com\/actualidad\/#website"},"datePublished":"2018-03-09T10:26:30+00:00","dateModified":"2018-03-13T10:27:01+00:00","author":{"@id":"https:\/\/www.fabregat-perulles-sales.com\/actualidad\/#\/schema\/person\/cabc1d68c7778f01d5e069c2d98442e3"},"description":"El TS dict\u00f3 Sentencia sobre la cuesti\u00f3n jur\u00eddica de la exigencia de pago de la pena pactada en un contrato de arrendamiento de inmueble.","breadcrumb":{"@id":"https:\/\/www.fabregat-perulles-sales.com\/actualidad\/pago-de-la-pena-pactada-en-un-contrato-de-arrendamiento-de-inmueble-para-la-explotacion-de-un-negocio\/#breadcrumb"},"inLanguage":"en-US","potentialAction":[{"@type":"ReadAction","target":["https:\/\/www.fabregat-perulles-sales.com\/actualidad\/pago-de-la-pena-pactada-en-un-contrato-de-arrendamiento-de-inmueble-para-la-explotacion-de-un-negocio\/"]}]},{"@type":"BreadcrumbList","@id":"https:\/\/www.fabregat-perulles-sales.com\/actualidad\/pago-de-la-pena-pactada-en-un-contrato-de-arrendamiento-de-inmueble-para-la-explotacion-de-un-negocio\/#breadcrumb","itemListElement":[{"@type":"ListItem","position":1,"name":"Home","item":"https:\/\/www.fabregat-perulles-sales.com\/actualidad\/"},{"@type":"ListItem","position":2,"name":"Pago de la pena pactada en un contrato de arrendamiento de inmueble para la explotaci\u00f3n de un negocio"}]},{"@type":"WebSite","@id":"https:\/\/www.fabregat-perulles-sales.com\/actualidad\/#website","url":"https:\/\/www.fabregat-perulles-sales.com\/actualidad\/","name":"www.fabregat-perulles-sales.com","description":"Fabregat Perulles Sales Abogados is a law firm of reference international market in the Spanish-German, Spanish-French, and Spanish-Italian. Is one of the first firms in Barcelona offering a Russian Desk.","potentialAction":[{"@type":"SearchAction","target":{"@type":"EntryPoint","urlTemplate":"https:\/\/www.fabregat-perulles-sales.com\/actualidad\/?s={search_term_string}"},"query-input":"required name=search_term_string"}],"inLanguage":"en-US"},{"@type":"Person","@id":"https:\/\/www.fabregat-perulles-sales.com\/actualidad\/#\/schema\/person\/cabc1d68c7778f01d5e069c2d98442e3","name":"Victor","image":{"@type":"ImageObject","inLanguage":"en-US","@id":"https:\/\/www.fabregat-perulles-sales.com\/actualidad\/#\/schema\/person\/image\/","url":"https:\/\/secure.gravatar.com\/avatar\/756cb666a964d2960ffe307b8a53b271?s=96&d=mm&r=g","contentUrl":"https:\/\/secure.gravatar.com\/avatar\/756cb666a964d2960ffe307b8a53b271?s=96&d=mm&r=g","caption":"Victor"},"sameAs":["http:\/\/www.fabregat-perulles-sales.com"],"url":"https:\/\/www.fabregat-perulles-sales.com\/actualidad\/author\/victor\/"}]}},"amp_enabled":true,"_links":{"self":[{"href":"https:\/\/www.fabregat-perulles-sales.com\/actualidad\/wp-json\/wp\/v2\/posts\/3318"}],"collection":[{"href":"https:\/\/www.fabregat-perulles-sales.com\/actualidad\/wp-json\/wp\/v2\/posts"}],"about":[{"href":"https:\/\/www.fabregat-perulles-sales.com\/actualidad\/wp-json\/wp\/v2\/types\/post"}],"author":[{"embeddable":true,"href":"https:\/\/www.fabregat-perulles-sales.com\/actualidad\/wp-json\/wp\/v2\/users\/3"}],"replies":[{"embeddable":true,"href":"https:\/\/www.fabregat-perulles-sales.com\/actualidad\/wp-json\/wp\/v2\/comments?post=3318"}],"version-history":[{"count":1,"href":"https:\/\/www.fabregat-perulles-sales.com\/actualidad\/wp-json\/wp\/v2\/posts\/3318\/revisions"}],"predecessor-version":[{"id":3320,"href":"https:\/\/www.fabregat-perulles-sales.com\/actualidad\/wp-json\/wp\/v2\/posts\/3318\/revisions\/3320"}],"wp:attachment":[{"href":"https:\/\/www.fabregat-perulles-sales.com\/actualidad\/wp-json\/wp\/v2\/media?parent=3318"}],"wp:term":[{"taxonomy":"category","embeddable":true,"href":"https:\/\/www.fabregat-perulles-sales.com\/actualidad\/wp-json\/wp\/v2\/categories?post=3318"},{"taxonomy":"post_tag","embeddable":true,"href":"https:\/\/www.fabregat-perulles-sales.com\/actualidad\/wp-json\/wp\/v2\/tags?post=3318"}],"curies":[{"name":"wp","href":"https:\/\/api.w.org\/{rel}","templated":true}]}}