{"id":3314,"date":"2018-03-12T11:18:03","date_gmt":"2018-03-12T10:18:03","guid":{"rendered":"http:\/\/www.fabregat-perulles-sales.com\/actualidad\/?p=3314"},"modified":"2018-03-13T11:18:36","modified_gmt":"2018-03-13T10:18:36","slug":"doctrina-del-tribunal-supremo-respecto-a-las-obligaciones-solidarias-derivadas-de-la-ley-de-ordenacion-de-la-edificacion-loe","status":"publish","type":"post","link":"https:\/\/www.fabregat-perulles-sales.com\/actualidad\/doctrina-del-tribunal-supremo-respecto-a-las-obligaciones-solidarias-derivadas-de-la-ley-de-ordenacion-de-la-edificacion-loe\/","title":{"rendered":"Doctrina del Tribunal Supremo respecto a las obligaciones solidarias derivadas de la Ley de Ordenaci\u00f3n de la Edificaci\u00f3n (LOE)"},"content":{"rendered":"<p>&nbsp;<\/p>\n<p><img decoding=\"async\" loading=\"lazy\" class=\"alignright size-medium wp-image-3315\" src=\"http:\/\/www.fabregat-perulles-sales.com\/actualidad\/wp-content\/uploads\/2018\/03\/facades-2698262_1920-300x169.jpg\" alt=\"\" width=\"300\" height=\"169\" srcset=\"https:\/\/www.fabregat-perulles-sales.com\/actualidad\/wp-content\/uploads\/2018\/03\/facades-2698262_1920-300x169.jpg 300w, https:\/\/www.fabregat-perulles-sales.com\/actualidad\/wp-content\/uploads\/2018\/03\/facades-2698262_1920-768x432.jpg 768w, https:\/\/www.fabregat-perulles-sales.com\/actualidad\/wp-content\/uploads\/2018\/03\/facades-2698262_1920-1024x575.jpg 1024w, https:\/\/www.fabregat-perulles-sales.com\/actualidad\/wp-content\/uploads\/2018\/03\/facades-2698262_1920-660x371.jpg 660w, https:\/\/www.fabregat-perulles-sales.com\/actualidad\/wp-content\/uploads\/2018\/03\/facades-2698262_1920.jpg 1920w\" sizes=\"(max-width: 300px) 100vw, 300px\" \/>En fecha 15 de febrero de 2018, el Tribunal Supremo ha dictado Sentencia en relaci\u00f3n a las obligaciones solidarias y el r\u00e9gimen de responsabilidad derivada de la <a href=\"http:\/\/noticias.juridicas.com\/base_datos\/Admin\/l38-1999.html\" target=\"_blank\" rel=\"noopener noreferrer\">Ley de Ordenaci\u00f3n a la edificaci\u00f3n<\/a>.<!--more--><\/p>\n<p>El caso objeto de autos plantea, como cuesti\u00f3n de fondo, la naturaleza de la responsabilidad solidaria de los agentes de la edificaci\u00f3n, regulada en el art. 17 de la Ley de Ordenaci\u00f3n de la Edificaci\u00f3n, a los efectos de su incidencia en la prescripci\u00f3n de la acci\u00f3n ejercitada.<\/p>\n<p>La Sentencia dictada por el Tribunal Supremo sigue la l\u00ednea de su doctrina jurisprudencial conforme a la que en los\u00a0 da\u00f1os comprendidos en la Ley de Ordenaci\u00f3n de la Edificaci\u00f3n, cuando no se pueda individualizar la causa de los mismos o no quede probada la concurrencia de culpas, la exigencia de la responsabilidad solidaria que se derive, aunque de naturaleza legal, no puede identificarse, plenamente, con el v\u00ednculo obligacional solidario que regula el <a href=\"http:\/\/noticias.juridicas.com\/base_datos\/Privado\/cc.html\" target=\"_blank\" rel=\"noopener noreferrer\">C\u00f3digo Civil<\/a>, en los t\u00e9rminos del art\u00edculo 1137 , por tratarse de una responsabilidad que viene determinada por la sentencia judicial que la declara. De forma que la reclamaci\u00f3n al promotor, por ella sola, no interrumpe el plazo de prescripci\u00f3n respecto de los dem\u00e1s intervinientes.<\/p>\n<p>El Tribunal Supremo se remite tambi\u00e9n a su sentencia n\u00fam. 761\/2014, de 16 de enero de 2015, en la que ya declar\u00f3 que: \u201c<em>Lo que no es cuestionable es que se trata de una responsabilidad solidaria, [\u2026] con la repercusi\u00f3n consiguiente en orden a la interrupci\u00f3n de la prescripci\u00f3n que se mantiene en la forma que ya ven\u00eda establecida por esta Sala en la sentencia de 14 de marzo de 2003, con la precisi\u00f3n de que con la <strong><u>LOE esta doctrina se matiza en aquellos supuestos en los que establece una obligaci\u00f3n solidaria inicial, como es el caso del promotor frente a los propietarios y los terceros adquirentes de los edificios o parte de los mismos, en el caso de que sean objeto de divisi\u00f3n, puesto que dirigida la acci\u00f3n contra cualquiera de los agentes de la edificaci\u00f3n, se interrumpe el plazo de prescripci\u00f3n respecto del mismo, pero no a la inversa, o de aquellos otros en los que la acci\u00f3n se dirige contra el director de la obra o el proyectista contratado conjuntamente, respecto del otro director o proyectista, en los que tambi\u00e9n se interrumpe, pero no respecto del resto de los agentes, salvo del promotor que responde solidariamente con todos ellos &#8220;en todo caso&#8221; (art\u00edculo 17.3.) aun cuando est\u00e9n perfectamente delimitadas las responsabilidades y la causa de los da\u00f1os sea imputable a otro de los agentes del proceso constructivo<\/u><\/strong><\/em><strong><u>\u201d.<\/u><\/strong><\/p>\n<p>Doctrina jurisprudencial que se reitera en las SSTS 509\/2015 y 510\/2015, ambas de 17 de septiembre y en la STS 451\/2016, de 1 de julio.<\/p>\n\r\n\t\t<style>\r\n\t\t\t.huge-it-share-buttons {\r\n\t\t\t\tborder:0px solid #0FB5D6;\r\n\t\t\t\tborder-radius:5px;\r\n\t\t\t\tbackground:#3BD8FF;\r\n\t\t\t text-align:left; \t\t\t\t\t\t\t\t\t}\r\n\r\n\t\t\t#huge-it-share-buttons-top {margin-bottom:0px;}\r\n\t\t\t#huge-it-share-buttons-bottom {margin-top:0px;}\r\n\r\n\t\t\t.huge-it-share-buttons h3 {\r\n\t\t\t\tfont-size:25px ;\r\n\t\t\t\tfont-family:Arial,Helvetica Neue,Helvetica,sans-serif;\r\n\t\t\t\tcolor:#666666;\r\n\r\n\t\t\tdisplay:block;\t\t\t\tline-height:25px ;\r\n\r\n\t\t\t text-align:left; \t\t\t\t\t\t\t\t\t}\r\n\r\n\t\t\t.huge-it-share-buttons ul {\r\n\t\t\t float:left; \t\t\t\t\t\t\t\t\t}\r\n\r\n\t\t\t.huge-it-share-buttons ul li {\r\n\t\t\t\tmargin-left:3px;\r\n\t\t\t\tmargin-right:3px;\r\n\t\t\t\tpadding:0px;\r\n\t\t\t\tborder:0px ridge #E6354C;\r\n\t\t\t\tborder-radius:11px;\r\n\t\t\t\tbackground-color:#14CC9B;\r\n\t\t\t}\r\n\r\n\t\t\t.huge-it-share-buttons ul li #backforunical3314 {\r\n\t\t\t\tborder-bottom: 0;\r\n\t\t\t\tbackground-image:url('https:\/\/www.fabregat-perulles-sales.com\/actualidad\/wp-content\/plugins\/wp-share-buttons\/Front_end\/..\/images\/buttons.30.png');\r\n\t\t\t\twidth:30px;\r\n\t\t\t\theight:30px;\r\n\t\t\t}\r\n\r\n\t\t\t.front-shares-count {\r\n\t\t\t\tposition: absolute;\r\n\t\t\t\ttext-align: center;\r\n\t\t\t\tdisplay: block;\r\n\t\t\t}\r\n\r\n\t\t\t.shares_size20 .front-shares-count {\r\n\t\t\t\tfont-size: 10px;\r\n\t\t\t\ttop: 10px;\r\n\t\t\t\twidth: 20px;\r\n\t\t\t}\r\n\r\n\t\t\t.shares_size30 .front-shares-count {\r\n\t\t\t\tfont-size: 11px;\r\n\t\t\t\ttop: 15px;\r\n\t\t\t\twidth: 30px;\r\n\t\t\t}\r\n\r\n\t\t\t.shares_size40 .front-shares-count {\r\n\t\t\t\tfont-size: 12px;\r\n\t\t\t\ttop: 21px;\r\n\t\t\t\twidth: 40px;\r\n\t\t\t}\r\n\t\t<\/style>\r\n\t\t\r\n\t\t<div id=\"huge-it-share-buttons-top\" class=\"huge-it-share-buttons nobackground\">\r\n\t\t\t<h3>Share This:<\/h3>\r\n\t\t\t<ul class=\"huge-it-share-buttons-list \">\r\n\t\t\t\t\t\t\t\t\t<li class=\"nobackground \" >\r\n\r\n\t\t\t\t\t\t\t\t\t\t\t\t<a id=\"backforunical3314\" href=\"https:\/\/www.facebook.com\/sharer\/sharer.php?u=www.fabregat-perulles-sales.com\/actualidad\/wp-json\/wp\/v2\/posts\/3314\"  onclick=\"javascript:void window.open('https:\/\/www.facebook.com\/sharer\/sharer.php?u=www.fabregat-perulles-sales.com\/actualidad\/wp-json\/wp\/v2\/posts\/3314','1410949501326','width=700,height=500,toolbar=0,menubar=0,location=0,status=1,scrollbars=1,resizable=1,left=0,top=0');return false;\" style=\"background-position: -0px -120px \"><\/a>\r\n\t\t\t\t\t<\/li>\r\n\t\t\t\t\t\t\t\t\t\t<li class=\"nobackground \" >\r\n\r\n\t\t\t\t\t\t\t\t\t\t\t\t<a id=\"backforunical3314\" href=\"https:\/\/twitter.com\/share?status=www.fabregat-perulles-sales.com\/actualidad\/wp-json\/wp\/v2\/posts\/3314&text=Doctrina del Tribunal Supremo respecto a las obligaciones solidarias derivadas de la Ley de Ordenaci\u00f3n de la Edificaci\u00f3n (LOE)\"  onclick=\"javascript:void window.open('https:\/\/twitter.com\/share?status=www.fabregat-perulles-sales.com\/actualidad\/wp-json\/wp\/v2\/posts\/3314&text=Doctrina del Tribunal Supremo respecto a las obligaciones solidarias derivadas de la Ley de Ordenaci\u00f3n de la Edificaci\u00f3n (LOE)','1410949501326','width=700,height=500,toolbar=0,menubar=0,location=0,status=1,scrollbars=1,resizable=1,left=0,top=0');return false;\" style=\"background-position: -30px -120px \"><\/a>\r\n\t\t\t\t\t<\/li>\r\n\t\t\t\t\t\t\t\t\t\t<li class=\"none nobackground \" >\r\n\r\n\t\t\t\t\t\t\t\t\t\t\t\t<a id=\"backforunical3314\" href=\"http:\/\/www.pinterest.com\/pin\/create\/button\/?url=www.fabregat-perulles-sales.com\/actualidad\/wp-json\/wp\/v2\/posts\/3314&media=https:\/\/www.fabregat-perulles-sales.com\/actualidad\/wp-content\/plugins\/wp-share-buttons\/Front_end\/..\/images\/noimage.png&description=Doctrina del Tribunal Supremo respecto a las obligaciones solidarias derivadas de la Ley de Ordenaci\u00f3n de la Edificaci\u00f3n (LOE)\"  onclick=\"javascript:void window.open('http:\/\/www.pinterest.com\/pin\/create\/button\/?url=www.fabregat-perulles-sales.com\/actualidad\/wp-json\/wp\/v2\/posts\/3314&media=https:\/\/www.fabregat-perulles-sales.com\/actualidad\/wp-content\/plugins\/wp-share-buttons\/Front_end\/..\/images\/noimage.png&description=Doctrina del Tribunal Supremo respecto a las obligaciones solidarias derivadas de la Ley de Ordenaci\u00f3n de la Edificaci\u00f3n (LOE)','1410949501326','width=700,height=500,toolbar=0,menubar=0,location=0,status=1,scrollbars=1,resizable=1,left=0,top=0');return false;\" style=\"background-position: -60px -120px \"><\/a>\r\n\t\t\t\t\t<\/li>\r\n\t\t\t\t\t\t\t\t\t\t<li class=\"none nobackground \" >\r\n\r\n\t\t\t\t\t\t\t\t\t\t\t\t<a id=\"backforunical3314\" href=\"https:\/\/plus.google.com\/share?url=www.fabregat-perulles-sales.com\/actualidad\/wp-json\/wp\/v2\/posts\/3314\"  onclick=\"javascript:void window.open('https:\/\/plus.google.com\/share?url=www.fabregat-perulles-sales.com\/actualidad\/wp-json\/wp\/v2\/posts\/3314','1410949501326','width=700,height=500,toolbar=0,menubar=0,location=0,status=1,scrollbars=1,resizable=1,left=0,top=0');return false;\" style=\"background-position: -90px -120px \"><\/a>\r\n\t\t\t\t\t<\/li>\r\n\t\t\t\t\t\t\t\t\t\t<li class=\"nobackground \" >\r\n\r\n\t\t\t\t\t\t\t\t\t\t\t\t<a id=\"backforunical3314\" href=\"https:\/\/www.linkedin.com\/shareArticle?title=Doctrina del Tribunal Supremo respecto a las obligaciones solidarias derivadas de la Ley de Ordenaci\u00f3n de la Edificaci\u00f3n (LOE)&mini=true&url=https:\/\/www.fabregat-perulles-sales.com\/actualidad\/wp-json\/wp\/v2\/posts\/3314\"  onclick=\"javascript:void window.open('https:\/\/www.linkedin.com\/shareArticle?title=Doctrina del Tribunal Supremo respecto a las obligaciones solidarias derivadas de la Ley de Ordenaci\u00f3n de la Edificaci\u00f3n (LOE)&mini=true&url=https:\/\/www.fabregat-perulles-sales.com\/actualidad\/wp-json\/wp\/v2\/posts\/3314','1410949501326','width=700,height=500,toolbar=0,menubar=0,location=0,status=1,scrollbars=1,resizable=1,left=0,top=0');return false;\" style=\"background-position: -120px -120px \"><\/a>\r\n\t\t\t\t\t<\/li>\r\n\t\t\t\t\t\t\t\t\t\t<li class=\"none nobackground \" >\r\n\r\n\t\t\t\t\t\t\t\t\t\t\t\t<a id=\"backforunical3314\" href=\"https:\/\/www.tumblr.com\/share\/link?url=www.fabregat-perulles-sales.com\/actualidad\/wp-json\/wp\/v2\/posts\/3314&name=Doctrina del Tribunal Supremo respecto a las obligaciones solidarias derivadas de la Ley de Ordenaci\u00f3n de la Edificaci\u00f3n (LOE)\"  onclick=\"javascript:void window.open('https:\/\/www.tumblr.com\/share\/link?url=www.fabregat-perulles-sales.com\/actualidad\/wp-json\/wp\/v2\/posts\/3314&name=Doctrina del Tribunal Supremo respecto a las obligaciones solidarias derivadas de la Ley de Ordenaci\u00f3n de la Edificaci\u00f3n (LOE)','1410949501326','width=700,height=500,toolbar=0,menubar=0,location=0,status=1,scrollbars=1,resizable=1,left=0,top=0');return false;\" style=\"background-position: -150px -120px \"><\/a>\r\n\t\t\t\t\t<\/li>\r\n\t\t\t\t\t\t\t\t\t\t<li class=\"none nobackground \" >\r\n\r\n\t\t\t\t\t\t\t\t\t\t\t\t<a id=\"backforunical3314\" href=\"http:\/\/digg.com\/submit?phase=2&url=www.fabregat-perulles-sales.com\/actualidad\/wp-json\/wp\/v2\/posts\/3314&title=Doctrina del Tribunal Supremo respecto a las obligaciones solidarias derivadas de la Ley de Ordenaci\u00f3n de la Edificaci\u00f3n (LOE)\"  onclick=\"javascript:void window.open('http:\/\/digg.com\/submit?phase=2&url=www.fabregat-perulles-sales.com\/actualidad\/wp-json\/wp\/v2\/posts\/3314&title=Doctrina del Tribunal Supremo respecto a las obligaciones solidarias derivadas de la Ley de Ordenaci\u00f3n de la Edificaci\u00f3n (LOE)','1410949501326','width=700,height=500,toolbar=0,menubar=0,location=0,status=1,scrollbars=1,resizable=1,left=0,top=0');return false;\" style=\"background-position: -180px -120px \"><\/a>\r\n\t\t\t\t\t<\/li>\r\n\t\t\t\t\t\t\t\t\t\t<li class=\"none nobackground \" >\r\n\r\n\t\t\t\t\t\t\t\t\t\t\t\t<a id=\"backforunical3314\" href=\"http:\/\/www.stumbleupon.com\/submit?url=www.fabregat-perulles-sales.com\/actualidad\/wp-json\/wp\/v2\/posts\/3314&title=Doctrina del Tribunal Supremo respecto a las obligaciones solidarias derivadas de la Ley de Ordenaci\u00f3n de la Edificaci\u00f3n (LOE)\"  onclick=\"javascript:void window.open('http:\/\/www.stumbleupon.com\/submit?url=www.fabregat-perulles-sales.com\/actualidad\/wp-json\/wp\/v2\/posts\/3314&title=Doctrina del Tribunal Supremo respecto a las obligaciones solidarias derivadas de la Ley de Ordenaci\u00f3n de la Edificaci\u00f3n (LOE)','1410949501326','width=700,height=500,toolbar=0,menubar=0,location=0,status=1,scrollbars=1,resizable=1,left=0,top=0');return false;\" style=\"background-position: -210px -120px \"><\/a>\r\n\t\t\t\t\t<\/li>\r\n\t\t\t\t\t\t\t\t\t\t<li class=\"none nobackground \" >\r\n\r\n\t\t\t\t\t\t\t\t\t\t\t\t<a id=\"backforunical3314\" href=\"https:\/\/myspace.com\/post?l=3&u=www.fabregat-perulles-sales.com\/actualidad\/wp-json\/wp\/v2\/posts\/3314\"  onclick=\"javascript:void window.open('https:\/\/myspace.com\/post?l=3&u=www.fabregat-perulles-sales.com\/actualidad\/wp-json\/wp\/v2\/posts\/3314','1410949501326','width=700,height=500,toolbar=0,menubar=0,location=0,status=1,scrollbars=1,resizable=1,left=0,top=0');return false;\" style=\"background-position: -240px -120px \"><\/a>\r\n\t\t\t\t\t<\/li>\r\n\t\t\t\t\t\t\t\t\t\t<li class=\"nobackground \" >\r\n\r\n\t\t\t\t\t\t\t\t\t\t\t\t<a id=\"backforunical3314\" href=\"http:\/\/vk.com\/share.php?url=www.fabregat-perulles-sales.com\/actualidad\/wp-json\/wp\/v2\/posts\/3314&title=Doctrina del Tribunal Supremo respecto a las obligaciones solidarias derivadas de la Ley de Ordenaci\u00f3n de la Edificaci\u00f3n (LOE)\"  onclick=\"javascript:void window.open('http:\/\/vk.com\/share.php?url=www.fabregat-perulles-sales.com\/actualidad\/wp-json\/wp\/v2\/posts\/3314&title=Doctrina del Tribunal Supremo respecto a las obligaciones solidarias derivadas de la Ley de Ordenaci\u00f3n de la Edificaci\u00f3n (LOE)','1410949501326','width=700,height=500,toolbar=0,menubar=0,location=0,status=1,scrollbars=1,resizable=1,left=0,top=0');return false;\" style=\"background-position: -270px -120px \"><\/a>\r\n\t\t\t\t\t<\/li>\r\n\t\t\t\t\t\t\t\t\t\t<li class=\"none nobackground \" >\r\n\r\n\t\t\t\t\t\t\t\t\t\t\t\t<a id=\"backforunical3314\" href=\"http:\/\/www.reddit.com\/submit?url=www.fabregat-perulles-sales.com\/actualidad\/wp-json\/wp\/v2\/posts\/3314&title=Doctrina del Tribunal Supremo respecto a las obligaciones solidarias derivadas de la Ley de Ordenaci\u00f3n de la Edificaci\u00f3n (LOE)\"  onclick=\"javascript:void window.open('http:\/\/www.reddit.com\/submit?url=www.fabregat-perulles-sales.com\/actualidad\/wp-json\/wp\/v2\/posts\/3314&title=Doctrina del Tribunal Supremo respecto a las obligaciones solidarias derivadas de la Ley de Ordenaci\u00f3n de la Edificaci\u00f3n (LOE)','1410949501326','width=700,height=500,toolbar=0,menubar=0,location=0,status=1,scrollbars=1,resizable=1,left=0,top=0');return false;\" style=\"background-position: -300px -120px \"><\/a>\r\n\t\t\t\t\t<\/li>\r\n\t\t\t\t\t\t\t\t\t\t<li class=\"none nobackground \" >\r\n\r\n\t\t\t\t\t\t\t\t\t\t\t\t<a id=\"backforunical3314\" href=\"http:\/\/www.bebo.com\/c\/share?Url=www.fabregat-perulles-sales.com\/actualidad\/wp-json\/wp\/v2\/posts\/3314\"  onclick=\"javascript:void window.open('http:\/\/www.bebo.com\/c\/share?Url=www.fabregat-perulles-sales.com\/actualidad\/wp-json\/wp\/v2\/posts\/3314','1410949501326','width=700,height=500,toolbar=0,menubar=0,location=0,status=1,scrollbars=1,resizable=1,left=0,top=0');return false;\" style=\"background-position: -330px -120px \"><\/a>\r\n\t\t\t\t\t<\/li>\r\n\t\t\t\t\t\t\t\t\t\t<li class=\"none nobackground \" >\r\n\r\n\t\t\t\t\t\t\t\t\t\t\t\t<a id=\"backforunical3314\" href=\"https:\/\/delicious.com\/save?v=5&noui&jump=close&url=www.fabregat-perulles-sales.com\/actualidad\/wp-json\/wp\/v2\/posts\/3314&title=Doctrina del Tribunal Supremo respecto a las obligaciones solidarias derivadas de la Ley de Ordenaci\u00f3n de la Edificaci\u00f3n (LOE)\"  onclick=\"javascript:void window.open('https:\/\/delicious.com\/save?v=5&noui&jump=close&url=www.fabregat-perulles-sales.com\/actualidad\/wp-json\/wp\/v2\/posts\/3314&title=Doctrina del Tribunal Supremo respecto a las obligaciones solidarias derivadas de la Ley de Ordenaci\u00f3n de la Edificaci\u00f3n (LOE)','1410949501326','width=700,height=500,toolbar=0,menubar=0,location=0,status=1,scrollbars=1,resizable=1,left=0,top=0');return false;\" style=\"background-position: -360px -120px \"><\/a>\r\n\t\t\t\t\t<\/li>\r\n\t\t\t\t\t\t\t\t\t\t<li class=\"none nobackground \" >\r\n\r\n\t\t\t\t\t\t\t\t\t\t\t\t<a id=\"backforunical3314\" href=\"http:\/\/www.odnoklassniki.ru\/dk?st.cmd=addShare&st.s=2&st.noresize=on&st._surl=www.fabregat-perulles-sales.com\/actualidad\/wp-json\/wp\/v2\/posts\/3314\"  onclick=\"javascript:void window.open('http:\/\/www.odnoklassniki.ru\/dk?st.cmd=addShare&st.s=2&st.noresize=on&st._surl=www.fabregat-perulles-sales.com\/actualidad\/wp-json\/wp\/v2\/posts\/3314','1410949501326','width=700,height=500,toolbar=0,menubar=0,location=0,status=1,scrollbars=1,resizable=1,left=0,top=0');return false;\" style=\"background-position: -390px -120px \"><\/a>\r\n\t\t\t\t\t<\/li>\r\n\t\t\t\t\t\t\t\t\t\t<li class=\"none nobackground \" >\r\n\r\n\t\t\t\t\t\t\t\t\t\t\t\t<a id=\"backforunical3314\" href=\"http:\/\/sns.qzone.qq.com\/cgi-bin\/qzshare\/cgi_qzshare_onekey?url=www.fabregat-perulles-sales.com\/actualidad\/wp-json\/wp\/v2\/posts\/3314&title=Doctrina del Tribunal Supremo respecto a las obligaciones solidarias derivadas de la Ley de Ordenaci\u00f3n de la Edificaci\u00f3n (LOE)\"  onclick=\"javascript:void window.open('http:\/\/sns.qzone.qq.com\/cgi-bin\/qzshare\/cgi_qzshare_onekey?url=www.fabregat-perulles-sales.com\/actualidad\/wp-json\/wp\/v2\/posts\/3314&title=Doctrina del Tribunal Supremo respecto a las obligaciones solidarias derivadas de la Ley de Ordenaci\u00f3n de la Edificaci\u00f3n (LOE)','1410949501326','width=700,height=500,toolbar=0,menubar=0,location=0,status=1,scrollbars=1,resizable=1,left=0,top=0');return false;\" style=\"background-position: -420px -120px \"><\/a>\r\n\t\t\t\t\t<\/li>\r\n\t\t\t\t\t\t\t\t\t\t<li class=\"none nobackground \" >\r\n\r\n\t\t\t\t\t\t\t\t\t\t\t\t<a id=\"backforunical3314\" href=\"http:\/\/service.weibo.com\/share\/share.php?url=www.fabregat-perulles-sales.com\/actualidad\/wp-json\/wp\/v2\/posts\/3314&appkey=&title=Doctrina del Tribunal Supremo respecto a las obligaciones solidarias derivadas de la Ley de Ordenaci\u00f3n de la Edificaci\u00f3n (LOE)&pic=&ralateUid=&\"  onclick=\"javascript:void window.open('http:\/\/service.weibo.com\/share\/share.php?url=www.fabregat-perulles-sales.com\/actualidad\/wp-json\/wp\/v2\/posts\/3314&appkey=&title=Doctrina del Tribunal Supremo respecto a las obligaciones solidarias derivadas de la Ley de Ordenaci\u00f3n de la Edificaci\u00f3n (LOE)&pic=&ralateUid=&','1410949501326','width=700,height=500,toolbar=0,menubar=0,location=0,status=1,scrollbars=1,resizable=1,left=0,top=0');return false;\" style=\"background-position: -450px -120px \"><\/a>\r\n\t\t\t\t\t<\/li>\r\n\t\t\t\t\t\t\t\t\t\t<li class=\"none nobackground \" >\r\n\r\n\t\t\t\t\t\t\t\t\t\t\t\t<a id=\"backforunical3314\" href=\"http:\/\/widget.renren.com\/dialog\/share?resourceUrl=www.fabregat-perulles-sales.com\/actualidad\/wp-json\/wp\/v2\/posts\/3314&srcUrl=www.fabregat-perulles-sales.com\/actualidad\/wp-json\/wp\/v2\/posts\/3314&title=Doctrina del Tribunal Supremo respecto a las obligaciones solidarias derivadas de la Ley de Ordenaci\u00f3n de la Edificaci\u00f3n (LOE)\"  onclick=\"javascript:void window.open('http:\/\/widget.renren.com\/dialog\/share?resourceUrl=www.fabregat-perulles-sales.com\/actualidad\/wp-json\/wp\/v2\/posts\/3314&srcUrl=www.fabregat-perulles-sales.com\/actualidad\/wp-json\/wp\/v2\/posts\/3314&title=Doctrina del Tribunal Supremo respecto a las obligaciones solidarias derivadas de la Ley de Ordenaci\u00f3n de la Edificaci\u00f3n (LOE)','1410949501326','width=700,height=500,toolbar=0,menubar=0,location=0,status=1,scrollbars=1,resizable=1,left=0,top=0');return false;\" style=\"background-position: -480px -120px \"><\/a>\r\n\t\t\t\t\t<\/li>\r\n\t\t\t\t\t\t\t\t\t\t<li class=\"none nobackground \" >\r\n\r\n\t\t\t\t\t\t\t\t\t\t\t\t<a id=\"backforunical3314\" href=\"http:\/\/n4g.com\/tips?url=www.fabregat-perulles-sales.com\/actualidad\/wp-json\/wp\/v2\/posts\/3314&title=Doctrina del Tribunal Supremo respecto a las obligaciones solidarias derivadas de la Ley de Ordenaci\u00f3n de la Edificaci\u00f3n (LOE)\"  onclick=\"javascript:void window.open('http:\/\/n4g.com\/tips?url=www.fabregat-perulles-sales.com\/actualidad\/wp-json\/wp\/v2\/posts\/3314&title=Doctrina del Tribunal Supremo respecto a las obligaciones solidarias derivadas de la Ley de Ordenaci\u00f3n de la Edificaci\u00f3n (LOE)','1410949501326','width=700,height=500,toolbar=0,menubar=0,location=0,status=1,scrollbars=1,resizable=1,left=0,top=0');return false;\" style=\"background-position: -510px -120px \"><\/a>\r\n\t\t\t\t\t<\/li>\r\n\t\t\t\t\t\t\t\t<\/ul>\r\n\t\t\t<div class=\"clear\"><\/div>\r\n\t\t<\/div>\r\n\t\t","protected":false},"excerpt":{"rendered":"<p>&nbsp; En fecha 15 de febrero de 2018, el Tribunal Supremo ha dictado Sentencia en relaci\u00f3n a las obligaciones solidarias y el r\u00e9gimen de responsabilidad derivada de la Ley de Ordenaci\u00f3n a la edificaci\u00f3n. Share This:<\/p>\n","protected":false},"author":3,"featured_media":0,"comment_status":"open","ping_status":"closed","sticky":false,"template":"","format":"standard","meta":[],"categories":[466,465,248,43],"tags":[1359,1170,1357,1358,27],"yoast_head":"<!-- This site is optimized with the Yoast SEO plugin v20.2.1 - https:\/\/yoast.com\/wordpress\/plugins\/seo\/ -->\n<title>Doctrina TS, obligaciones solidarias<\/title>\n<meta name=\"description\" content=\"El TS ha dictado Sentencia en relaci\u00f3n a las obligaciones solidarias y el r\u00e9gimen de responsabilidad derivada de la LOE.\" \/>\n<meta name=\"robots\" content=\"index, follow, max-snippet:-1, max-image-preview:large, max-video-preview:-1\" \/>\n<link rel=\"canonical\" href=\"https:\/\/www.fabregat-perulles-sales.com\/actualidad\/doctrina-del-tribunal-supremo-respecto-a-las-obligaciones-solidarias-derivadas-de-la-ley-de-ordenacion-de-la-edificacion-loe\/\" \/>\n<meta property=\"og:locale\" content=\"en_US\" \/>\n<meta property=\"og:type\" content=\"article\" \/>\n<meta property=\"og:title\" content=\"Doctrina TS, obligaciones solidarias\" \/>\n<meta property=\"og:description\" content=\"El TS ha dictado Sentencia en relaci\u00f3n a las obligaciones solidarias y el r\u00e9gimen de responsabilidad derivada de la LOE.\" \/>\n<meta property=\"og:url\" content=\"https:\/\/www.fabregat-perulles-sales.com\/actualidad\/doctrina-del-tribunal-supremo-respecto-a-las-obligaciones-solidarias-derivadas-de-la-ley-de-ordenacion-de-la-edificacion-loe\/\" \/>\n<meta property=\"og:site_name\" content=\"International Lawyers\" \/>\n<meta property=\"article:published_time\" content=\"2018-03-12T10:18:03+00:00\" \/>\n<meta property=\"article:modified_time\" content=\"2018-03-13T10:18:36+00:00\" \/>\n<meta property=\"og:image\" content=\"http:\/\/www.fabregat-perulles-sales.com\/actualidad\/wp-content\/uploads\/2018\/03\/facades-2698262_1920-300x169.jpg\" \/>\n<meta name=\"author\" content=\"Victor\" \/>\n<meta name=\"twitter:card\" content=\"summary_large_image\" \/>\n<meta name=\"twitter:label1\" content=\"Written by\" \/>\n\t<meta name=\"twitter:data1\" content=\"Victor\" \/>\n\t<meta name=\"twitter:label2\" content=\"Est. reading time\" \/>\n\t<meta name=\"twitter:data2\" content=\"2 minutes\" \/>\n<script type=\"application\/ld+json\" class=\"yoast-schema-graph\">{\"@context\":\"https:\/\/schema.org\",\"@graph\":[{\"@type\":\"WebPage\",\"@id\":\"https:\/\/www.fabregat-perulles-sales.com\/actualidad\/doctrina-del-tribunal-supremo-respecto-a-las-obligaciones-solidarias-derivadas-de-la-ley-de-ordenacion-de-la-edificacion-loe\/\",\"url\":\"https:\/\/www.fabregat-perulles-sales.com\/actualidad\/doctrina-del-tribunal-supremo-respecto-a-las-obligaciones-solidarias-derivadas-de-la-ley-de-ordenacion-de-la-edificacion-loe\/\",\"name\":\"Doctrina TS, obligaciones solidarias\",\"isPartOf\":{\"@id\":\"https:\/\/www.fabregat-perulles-sales.com\/actualidad\/#website\"},\"datePublished\":\"2018-03-12T10:18:03+00:00\",\"dateModified\":\"2018-03-13T10:18:36+00:00\",\"author\":{\"@id\":\"https:\/\/www.fabregat-perulles-sales.com\/actualidad\/#\/schema\/person\/cabc1d68c7778f01d5e069c2d98442e3\"},\"description\":\"El TS ha dictado Sentencia en relaci\u00f3n a las obligaciones solidarias y el r\u00e9gimen de responsabilidad derivada de la LOE.\",\"breadcrumb\":{\"@id\":\"https:\/\/www.fabregat-perulles-sales.com\/actualidad\/doctrina-del-tribunal-supremo-respecto-a-las-obligaciones-solidarias-derivadas-de-la-ley-de-ordenacion-de-la-edificacion-loe\/#breadcrumb\"},\"inLanguage\":\"en-US\",\"potentialAction\":[{\"@type\":\"ReadAction\",\"target\":[\"https:\/\/www.fabregat-perulles-sales.com\/actualidad\/doctrina-del-tribunal-supremo-respecto-a-las-obligaciones-solidarias-derivadas-de-la-ley-de-ordenacion-de-la-edificacion-loe\/\"]}]},{\"@type\":\"BreadcrumbList\",\"@id\":\"https:\/\/www.fabregat-perulles-sales.com\/actualidad\/doctrina-del-tribunal-supremo-respecto-a-las-obligaciones-solidarias-derivadas-de-la-ley-de-ordenacion-de-la-edificacion-loe\/#breadcrumb\",\"itemListElement\":[{\"@type\":\"ListItem\",\"position\":1,\"name\":\"Home\",\"item\":\"https:\/\/www.fabregat-perulles-sales.com\/actualidad\/\"},{\"@type\":\"ListItem\",\"position\":2,\"name\":\"Doctrina del Tribunal Supremo respecto a las obligaciones solidarias derivadas de la Ley de Ordenaci\u00f3n de la Edificaci\u00f3n (LOE)\"}]},{\"@type\":\"WebSite\",\"@id\":\"https:\/\/www.fabregat-perulles-sales.com\/actualidad\/#website\",\"url\":\"https:\/\/www.fabregat-perulles-sales.com\/actualidad\/\",\"name\":\"www.fabregat-perulles-sales.com\",\"description\":\"Fabregat Perulles Sales Abogados is a law firm of reference international market in the Spanish-German, Spanish-French, and Spanish-Italian. Is one of the first firms in Barcelona offering a Russian Desk.\",\"potentialAction\":[{\"@type\":\"SearchAction\",\"target\":{\"@type\":\"EntryPoint\",\"urlTemplate\":\"https:\/\/www.fabregat-perulles-sales.com\/actualidad\/?s={search_term_string}\"},\"query-input\":\"required name=search_term_string\"}],\"inLanguage\":\"en-US\"},{\"@type\":\"Person\",\"@id\":\"https:\/\/www.fabregat-perulles-sales.com\/actualidad\/#\/schema\/person\/cabc1d68c7778f01d5e069c2d98442e3\",\"name\":\"Victor\",\"image\":{\"@type\":\"ImageObject\",\"inLanguage\":\"en-US\",\"@id\":\"https:\/\/www.fabregat-perulles-sales.com\/actualidad\/#\/schema\/person\/image\/\",\"url\":\"https:\/\/secure.gravatar.com\/avatar\/756cb666a964d2960ffe307b8a53b271?s=96&d=mm&r=g\",\"contentUrl\":\"https:\/\/secure.gravatar.com\/avatar\/756cb666a964d2960ffe307b8a53b271?s=96&d=mm&r=g\",\"caption\":\"Victor\"},\"sameAs\":[\"http:\/\/www.fabregat-perulles-sales.com\"],\"url\":\"https:\/\/www.fabregat-perulles-sales.com\/actualidad\/author\/victor\/\"}]}<\/script>\n<!-- \/ Yoast SEO plugin. -->","yoast_head_json":{"title":"Doctrina TS, obligaciones solidarias","description":"El TS ha dictado Sentencia en relaci\u00f3n a las obligaciones solidarias y el r\u00e9gimen de responsabilidad derivada de la LOE.","robots":{"index":"index","follow":"follow","max-snippet":"max-snippet:-1","max-image-preview":"max-image-preview:large","max-video-preview":"max-video-preview:-1"},"canonical":"https:\/\/www.fabregat-perulles-sales.com\/actualidad\/doctrina-del-tribunal-supremo-respecto-a-las-obligaciones-solidarias-derivadas-de-la-ley-de-ordenacion-de-la-edificacion-loe\/","og_locale":"en_US","og_type":"article","og_title":"Doctrina TS, obligaciones solidarias","og_description":"El TS ha dictado Sentencia en relaci\u00f3n a las obligaciones solidarias y el r\u00e9gimen de responsabilidad derivada de la LOE.","og_url":"https:\/\/www.fabregat-perulles-sales.com\/actualidad\/doctrina-del-tribunal-supremo-respecto-a-las-obligaciones-solidarias-derivadas-de-la-ley-de-ordenacion-de-la-edificacion-loe\/","og_site_name":"International Lawyers","article_published_time":"2018-03-12T10:18:03+00:00","article_modified_time":"2018-03-13T10:18:36+00:00","og_image":[{"url":"http:\/\/www.fabregat-perulles-sales.com\/actualidad\/wp-content\/uploads\/2018\/03\/facades-2698262_1920-300x169.jpg"}],"author":"Victor","twitter_card":"summary_large_image","twitter_misc":{"Written by":"Victor","Est. reading time":"2 minutes"},"schema":{"@context":"https:\/\/schema.org","@graph":[{"@type":"WebPage","@id":"https:\/\/www.fabregat-perulles-sales.com\/actualidad\/doctrina-del-tribunal-supremo-respecto-a-las-obligaciones-solidarias-derivadas-de-la-ley-de-ordenacion-de-la-edificacion-loe\/","url":"https:\/\/www.fabregat-perulles-sales.com\/actualidad\/doctrina-del-tribunal-supremo-respecto-a-las-obligaciones-solidarias-derivadas-de-la-ley-de-ordenacion-de-la-edificacion-loe\/","name":"Doctrina TS, obligaciones solidarias","isPartOf":{"@id":"https:\/\/www.fabregat-perulles-sales.com\/actualidad\/#website"},"datePublished":"2018-03-12T10:18:03+00:00","dateModified":"2018-03-13T10:18:36+00:00","author":{"@id":"https:\/\/www.fabregat-perulles-sales.com\/actualidad\/#\/schema\/person\/cabc1d68c7778f01d5e069c2d98442e3"},"description":"El TS ha dictado Sentencia en relaci\u00f3n a las obligaciones solidarias y el r\u00e9gimen de responsabilidad derivada de la LOE.","breadcrumb":{"@id":"https:\/\/www.fabregat-perulles-sales.com\/actualidad\/doctrina-del-tribunal-supremo-respecto-a-las-obligaciones-solidarias-derivadas-de-la-ley-de-ordenacion-de-la-edificacion-loe\/#breadcrumb"},"inLanguage":"en-US","potentialAction":[{"@type":"ReadAction","target":["https:\/\/www.fabregat-perulles-sales.com\/actualidad\/doctrina-del-tribunal-supremo-respecto-a-las-obligaciones-solidarias-derivadas-de-la-ley-de-ordenacion-de-la-edificacion-loe\/"]}]},{"@type":"BreadcrumbList","@id":"https:\/\/www.fabregat-perulles-sales.com\/actualidad\/doctrina-del-tribunal-supremo-respecto-a-las-obligaciones-solidarias-derivadas-de-la-ley-de-ordenacion-de-la-edificacion-loe\/#breadcrumb","itemListElement":[{"@type":"ListItem","position":1,"name":"Home","item":"https:\/\/www.fabregat-perulles-sales.com\/actualidad\/"},{"@type":"ListItem","position":2,"name":"Doctrina del Tribunal Supremo respecto a las obligaciones solidarias derivadas de la Ley de Ordenaci\u00f3n de la Edificaci\u00f3n (LOE)"}]},{"@type":"WebSite","@id":"https:\/\/www.fabregat-perulles-sales.com\/actualidad\/#website","url":"https:\/\/www.fabregat-perulles-sales.com\/actualidad\/","name":"www.fabregat-perulles-sales.com","description":"Fabregat Perulles Sales Abogados is a law firm of reference international market in the Spanish-German, Spanish-French, and Spanish-Italian. Is one of the first firms in Barcelona offering a Russian Desk.","potentialAction":[{"@type":"SearchAction","target":{"@type":"EntryPoint","urlTemplate":"https:\/\/www.fabregat-perulles-sales.com\/actualidad\/?s={search_term_string}"},"query-input":"required name=search_term_string"}],"inLanguage":"en-US"},{"@type":"Person","@id":"https:\/\/www.fabregat-perulles-sales.com\/actualidad\/#\/schema\/person\/cabc1d68c7778f01d5e069c2d98442e3","name":"Victor","image":{"@type":"ImageObject","inLanguage":"en-US","@id":"https:\/\/www.fabregat-perulles-sales.com\/actualidad\/#\/schema\/person\/image\/","url":"https:\/\/secure.gravatar.com\/avatar\/756cb666a964d2960ffe307b8a53b271?s=96&d=mm&r=g","contentUrl":"https:\/\/secure.gravatar.com\/avatar\/756cb666a964d2960ffe307b8a53b271?s=96&d=mm&r=g","caption":"Victor"},"sameAs":["http:\/\/www.fabregat-perulles-sales.com"],"url":"https:\/\/www.fabregat-perulles-sales.com\/actualidad\/author\/victor\/"}]}},"amp_enabled":true,"_links":{"self":[{"href":"https:\/\/www.fabregat-perulles-sales.com\/actualidad\/wp-json\/wp\/v2\/posts\/3314"}],"collection":[{"href":"https:\/\/www.fabregat-perulles-sales.com\/actualidad\/wp-json\/wp\/v2\/posts"}],"about":[{"href":"https:\/\/www.fabregat-perulles-sales.com\/actualidad\/wp-json\/wp\/v2\/types\/post"}],"author":[{"embeddable":true,"href":"https:\/\/www.fabregat-perulles-sales.com\/actualidad\/wp-json\/wp\/v2\/users\/3"}],"replies":[{"embeddable":true,"href":"https:\/\/www.fabregat-perulles-sales.com\/actualidad\/wp-json\/wp\/v2\/comments?post=3314"}],"version-history":[{"count":1,"href":"https:\/\/www.fabregat-perulles-sales.com\/actualidad\/wp-json\/wp\/v2\/posts\/3314\/revisions"}],"predecessor-version":[{"id":3316,"href":"https:\/\/www.fabregat-perulles-sales.com\/actualidad\/wp-json\/wp\/v2\/posts\/3314\/revisions\/3316"}],"wp:attachment":[{"href":"https:\/\/www.fabregat-perulles-sales.com\/actualidad\/wp-json\/wp\/v2\/media?parent=3314"}],"wp:term":[{"taxonomy":"category","embeddable":true,"href":"https:\/\/www.fabregat-perulles-sales.com\/actualidad\/wp-json\/wp\/v2\/categories?post=3314"},{"taxonomy":"post_tag","embeddable":true,"href":"https:\/\/www.fabregat-perulles-sales.com\/actualidad\/wp-json\/wp\/v2\/tags?post=3314"}],"curies":[{"name":"wp","href":"https:\/\/api.w.org\/{rel}","templated":true}]}}