{"id":3301,"date":"2018-03-08T13:13:31","date_gmt":"2018-03-08T12:13:31","guid":{"rendered":"http:\/\/www.fabregat-perulles-sales.com\/actualidad\/?p=3301"},"modified":"2018-03-08T13:18:02","modified_gmt":"2018-03-08T12:18:02","slug":"el-sistema-de-remuneracion-de-los-consejeros-delegados-o-ejecutivos-debe-constar-en-los-estatutos-sociales","status":"publish","type":"post","link":"https:\/\/www.fabregat-perulles-sales.com\/actualidad\/el-sistema-de-remuneracion-de-los-consejeros-delegados-o-ejecutivos-debe-constar-en-los-estatutos-sociales\/","title":{"rendered":"El sistema de remuneraci\u00f3n de los consejeros delegados o ejecutivos debe constar en los estatutos sociales"},"content":{"rendered":"<p><img decoding=\"async\" loading=\"lazy\" class=\"wp-image-3303 alignleft\" src=\"http:\/\/www.fabregat-perulles-sales.com\/actualidad\/wp-content\/uploads\/2018\/03\/administradores-consejeros-retribuci\u00f3n-reserva-estatutaria-300x205.png\" alt=\"\" width=\"263\" height=\"180\" srcset=\"https:\/\/www.fabregat-perulles-sales.com\/actualidad\/wp-content\/uploads\/2018\/03\/administradores-consejeros-retribuci\u00f3n-reserva-estatutaria-300x205.png 300w, https:\/\/www.fabregat-perulles-sales.com\/actualidad\/wp-content\/uploads\/2018\/03\/administradores-consejeros-retribuci\u00f3n-reserva-estatutaria-768x525.png 768w, https:\/\/www.fabregat-perulles-sales.com\/actualidad\/wp-content\/uploads\/2018\/03\/administradores-consejeros-retribuci\u00f3n-reserva-estatutaria-660x451.png 660w, https:\/\/www.fabregat-perulles-sales.com\/actualidad\/wp-content\/uploads\/2018\/03\/administradores-consejeros-retribuci\u00f3n-reserva-estatutaria.png 960w\" sizes=\"(max-width: 263px) 100vw, 263px\" \/>Con la publicaci\u00f3n de la<a href=\"http:\/\/www.poderjudicial.es\/search\/contenidos.action?action=contentpdf&amp;databasematch=TS&amp;reference=8305900&amp;links=%2298%2F2018%22&amp;optimize=20180302&amp;publicinterface=true\"> <strong>STS 98\/2018, de 26 de febrero<\/strong><\/a>, el Tribunal Supremo confirm\u00f3 la sentencia dictada en primera instancia al considerar que la retribuci\u00f3n de los administradores, de acuerdo con lo previsto en la <a href=\"http:\/\/www.boe.es\/buscar\/doc.php?id=BOE-A-2014-12589\">Ley 31\/2014, de 3 de diciembre<\/a>, debe preverse su car\u00e1cter retributivo en los estatutos sociales. Adem\u00e1s, concluy\u00f3 que <strong>el sistema de remuneraci\u00f3n afecta a todos los administradores, sean o no consejeros delegados o ejecutivos<\/strong>.<!--more--><\/p>\n<p>Fue objeto de impugnaci\u00f3n la denegaci\u00f3n de la inscripci\u00f3n de una clausula estatutaria en la que se establec\u00eda la no retribuci\u00f3n del cargo de administrador, sin perjuicio de que el consejo acordase la remuneraci\u00f3n conveniente para los consejeros ejecutivos, sin necesidad de previsi\u00f3n estatutaria alguna. El Registrador entendi\u00f3 que la cl\u00e1usula vulneraba el principio de reserva estatutaria de la retribuci\u00f3n y, efectivamente, el Juzgado de lo Mercantil desestim\u00f3 la demanda presentada al considerar que no se hab\u00eda producido infracci\u00f3n alguna de los art\u00edculos 217 y 249 de la Ley de Sociedades del Capital (LSC) al denegar su inscripci\u00f3n.<\/p>\n<p>El Tribunal Supremo entendi\u00f3 que nuestro sistema <strong>no admite la dualidad retributiva<\/strong> respecto de los administradores sociales, rechazando la interpretaci\u00f3n de la Audiencia Provincial, al entender que los preceptos deben ser interpretados en el sentido propio de sus palabras, el contexto, sus antecedentes y la realidad social. De acuerdo con el razonamiento del Tribunal Supremo, el car\u00e1cter y el sistema retributivo de los administradores debe constar en estatutos sociales a fin de favorecer la <strong>m\u00e1xima informaci\u00f3n a los socios<\/strong> para facilitar el control de la actuaci\u00f3n de los administradores y <strong>no comprometer la transparencia<\/strong>.<\/p>\n<p>Por ello, el tribunal considera que <strong>el art\u00edculo 217 LSC no alude \u00fanicamente a la remuneraci\u00f3n de los administradores que no sean consejeros delegados o ejecutivos ni tampoco que la remuneraci\u00f3n de estos \u00faltimos est\u00e9 exclusivamente regulada por el art\u00edculo 249 LSC<\/strong>, quedando al margen de la previsi\u00f3n estatutaria y del acuerdo de la junta general que prev\u00e9 el art\u00edculo 217 LSC. La l\u00ednea de razonamiento en sede de casaci\u00f3n queda b\u00e1sicamente fundamentada en tres motivos: el primero, que el art\u00edculo 217 LSC no distingue entre categor\u00edas de administradores, de modo que su aplicaci\u00f3n se extender\u00eda a todo cargo de administrador, sean o no consejeros delegados o ejecutivos; adem\u00e1s, no parecer\u00eda l\u00f3gico excluir a los consejeros delegados o ejecutivos del \u00e1mbito de aplicaci\u00f3n del art\u00edculo 217 LSC pero si incluirlos en los art\u00edculos 218 y 219 LSC, los cuales desarrollan lo previsto en el art\u00edculo anterior; finalmente, el art\u00edculo 249.3 y 4 LSC prev\u00e9 la celebraci\u00f3n de un contrato entre el consejero delegado o ejecutivo y la sociedad en el que debe constar el sistema remunerativo, el cual deber\u00e1, l\u00f3gicamente, ajustarse al marco estatutario, y el importe m\u00e1ximo anual de las retribuciones de los administradores en el desempe\u00f1o de su cargo, fijado por acuerdo de la junta general.<\/p>\n<p>En efecto<strong>, la relaci\u00f3n existente entre los art\u00edculos 217 a 219 LSC y el art\u00edculo 249 LSC es de car\u00e1cter cumulativo y no de alternatividad<\/strong>, desarrollando este \u00faltimo un sistema espec\u00edfico que \u00fanicamente resulta de aplicaci\u00f3n a los consejeros delegados o ejecutivos que celebren un contrato con la sociedad.<\/p>\n<p>Finalmente, para ratificar lo expuesto anteriormente, el Tribunal Supremo hace referencia al pre\u00e1mbulo de la Ley de Sociedades de Capital, que establece que \u201cla ley obliga a que los estatutos sociales establezcan el sistema de remuneraci\u00f3n de los administradores por sus funciones de gesti\u00f3n y decisi\u00f3n, con especial referencia al r\u00e9gimen retributivo de los consejeros que desempe\u00f1an funciones ejecutivas\u201d. As\u00ed pues, en conclusi\u00f3n, de acuerdo con la propia finalidad de la Ley, la forma m\u00e1s correcta de interpretar la reforma de la LSC llevada a cabo por la Ley 31\/2014, de 3 de diciembre, es <strong>extendiendo la reserva estatutaria a todos los administradores, sean o no consejeros ejecutivos o delegados<\/strong>.<\/p>\n<p>&nbsp;<\/p>\n\r\n\t\t<style>\r\n\t\t\t.huge-it-share-buttons {\r\n\t\t\t\tborder:0px solid #0FB5D6;\r\n\t\t\t\tborder-radius:5px;\r\n\t\t\t\tbackground:#3BD8FF;\r\n\t\t\t text-align:left; \t\t\t\t\t\t\t\t\t}\r\n\r\n\t\t\t#huge-it-share-buttons-top {margin-bottom:0px;}\r\n\t\t\t#huge-it-share-buttons-bottom {margin-top:0px;}\r\n\r\n\t\t\t.huge-it-share-buttons h3 {\r\n\t\t\t\tfont-size:25px ;\r\n\t\t\t\tfont-family:Arial,Helvetica Neue,Helvetica,sans-serif;\r\n\t\t\t\tcolor:#666666;\r\n\r\n\t\t\tdisplay:block;\t\t\t\tline-height:25px ;\r\n\r\n\t\t\t text-align:left; \t\t\t\t\t\t\t\t\t}\r\n\r\n\t\t\t.huge-it-share-buttons ul {\r\n\t\t\t float:left; \t\t\t\t\t\t\t\t\t}\r\n\r\n\t\t\t.huge-it-share-buttons ul li {\r\n\t\t\t\tmargin-left:3px;\r\n\t\t\t\tmargin-right:3px;\r\n\t\t\t\tpadding:0px;\r\n\t\t\t\tborder:0px ridge #E6354C;\r\n\t\t\t\tborder-radius:11px;\r\n\t\t\t\tbackground-color:#14CC9B;\r\n\t\t\t}\r\n\r\n\t\t\t.huge-it-share-buttons ul li #backforunical3301 {\r\n\t\t\t\tborder-bottom: 0;\r\n\t\t\t\tbackground-image:url('https:\/\/www.fabregat-perulles-sales.com\/actualidad\/wp-content\/plugins\/wp-share-buttons\/Front_end\/..\/images\/buttons.30.png');\r\n\t\t\t\twidth:30px;\r\n\t\t\t\theight:30px;\r\n\t\t\t}\r\n\r\n\t\t\t.front-shares-count {\r\n\t\t\t\tposition: absolute;\r\n\t\t\t\ttext-align: center;\r\n\t\t\t\tdisplay: block;\r\n\t\t\t}\r\n\r\n\t\t\t.shares_size20 .front-shares-count {\r\n\t\t\t\tfont-size: 10px;\r\n\t\t\t\ttop: 10px;\r\n\t\t\t\twidth: 20px;\r\n\t\t\t}\r\n\r\n\t\t\t.shares_size30 .front-shares-count {\r\n\t\t\t\tfont-size: 11px;\r\n\t\t\t\ttop: 15px;\r\n\t\t\t\twidth: 30px;\r\n\t\t\t}\r\n\r\n\t\t\t.shares_size40 .front-shares-count {\r\n\t\t\t\tfont-size: 12px;\r\n\t\t\t\ttop: 21px;\r\n\t\t\t\twidth: 40px;\r\n\t\t\t}\r\n\t\t<\/style>\r\n\t\t\r\n\t\t<div id=\"huge-it-share-buttons-top\" class=\"huge-it-share-buttons nobackground\">\r\n\t\t\t<h3>Share This:<\/h3>\r\n\t\t\t<ul class=\"huge-it-share-buttons-list \">\r\n\t\t\t\t\t\t\t\t\t<li class=\"nobackground \" >\r\n\r\n\t\t\t\t\t\t\t\t\t\t\t\t<a id=\"backforunical3301\" href=\"https:\/\/www.facebook.com\/sharer\/sharer.php?u=www.fabregat-perulles-sales.com\/actualidad\/wp-json\/wp\/v2\/posts\/3301\"  onclick=\"javascript:void window.open('https:\/\/www.facebook.com\/sharer\/sharer.php?u=www.fabregat-perulles-sales.com\/actualidad\/wp-json\/wp\/v2\/posts\/3301','1410949501326','width=700,height=500,toolbar=0,menubar=0,location=0,status=1,scrollbars=1,resizable=1,left=0,top=0');return false;\" style=\"background-position: -0px -120px \"><\/a>\r\n\t\t\t\t\t<\/li>\r\n\t\t\t\t\t\t\t\t\t\t<li class=\"nobackground \" >\r\n\r\n\t\t\t\t\t\t\t\t\t\t\t\t<a id=\"backforunical3301\" href=\"https:\/\/twitter.com\/share?status=www.fabregat-perulles-sales.com\/actualidad\/wp-json\/wp\/v2\/posts\/3301&text=El sistema de remuneraci\u00f3n de los consejeros delegados o ejecutivos debe constar en los estatutos sociales\"  onclick=\"javascript:void window.open('https:\/\/twitter.com\/share?status=www.fabregat-perulles-sales.com\/actualidad\/wp-json\/wp\/v2\/posts\/3301&text=El sistema de remuneraci\u00f3n de los consejeros delegados o ejecutivos debe constar en los estatutos sociales','1410949501326','width=700,height=500,toolbar=0,menubar=0,location=0,status=1,scrollbars=1,resizable=1,left=0,top=0');return false;\" style=\"background-position: -30px -120px \"><\/a>\r\n\t\t\t\t\t<\/li>\r\n\t\t\t\t\t\t\t\t\t\t<li class=\"none nobackground \" >\r\n\r\n\t\t\t\t\t\t\t\t\t\t\t\t<a id=\"backforunical3301\" href=\"http:\/\/www.pinterest.com\/pin\/create\/button\/?url=www.fabregat-perulles-sales.com\/actualidad\/wp-json\/wp\/v2\/posts\/3301&media=https:\/\/www.fabregat-perulles-sales.com\/actualidad\/wp-content\/plugins\/wp-share-buttons\/Front_end\/..\/images\/noimage.png&description=El sistema de remuneraci\u00f3n de los consejeros delegados o ejecutivos debe constar en los estatutos sociales\"  onclick=\"javascript:void window.open('http:\/\/www.pinterest.com\/pin\/create\/button\/?url=www.fabregat-perulles-sales.com\/actualidad\/wp-json\/wp\/v2\/posts\/3301&media=https:\/\/www.fabregat-perulles-sales.com\/actualidad\/wp-content\/plugins\/wp-share-buttons\/Front_end\/..\/images\/noimage.png&description=El sistema de remuneraci\u00f3n de los consejeros delegados o ejecutivos debe constar en los estatutos sociales','1410949501326','width=700,height=500,toolbar=0,menubar=0,location=0,status=1,scrollbars=1,resizable=1,left=0,top=0');return false;\" style=\"background-position: -60px -120px \"><\/a>\r\n\t\t\t\t\t<\/li>\r\n\t\t\t\t\t\t\t\t\t\t<li class=\"none nobackground \" >\r\n\r\n\t\t\t\t\t\t\t\t\t\t\t\t<a id=\"backforunical3301\" href=\"https:\/\/plus.google.com\/share?url=www.fabregat-perulles-sales.com\/actualidad\/wp-json\/wp\/v2\/posts\/3301\"  onclick=\"javascript:void window.open('https:\/\/plus.google.com\/share?url=www.fabregat-perulles-sales.com\/actualidad\/wp-json\/wp\/v2\/posts\/3301','1410949501326','width=700,height=500,toolbar=0,menubar=0,location=0,status=1,scrollbars=1,resizable=1,left=0,top=0');return false;\" style=\"background-position: -90px -120px \"><\/a>\r\n\t\t\t\t\t<\/li>\r\n\t\t\t\t\t\t\t\t\t\t<li class=\"nobackground \" >\r\n\r\n\t\t\t\t\t\t\t\t\t\t\t\t<a id=\"backforunical3301\" href=\"https:\/\/www.linkedin.com\/shareArticle?title=El sistema de remuneraci\u00f3n de los consejeros delegados o ejecutivos debe constar en los estatutos sociales&mini=true&url=https:\/\/www.fabregat-perulles-sales.com\/actualidad\/wp-json\/wp\/v2\/posts\/3301\"  onclick=\"javascript:void window.open('https:\/\/www.linkedin.com\/shareArticle?title=El sistema de remuneraci\u00f3n de los consejeros delegados o ejecutivos debe constar en los estatutos sociales&mini=true&url=https:\/\/www.fabregat-perulles-sales.com\/actualidad\/wp-json\/wp\/v2\/posts\/3301','1410949501326','width=700,height=500,toolbar=0,menubar=0,location=0,status=1,scrollbars=1,resizable=1,left=0,top=0');return false;\" style=\"background-position: -120px -120px \"><\/a>\r\n\t\t\t\t\t<\/li>\r\n\t\t\t\t\t\t\t\t\t\t<li class=\"none nobackground \" >\r\n\r\n\t\t\t\t\t\t\t\t\t\t\t\t<a id=\"backforunical3301\" href=\"https:\/\/www.tumblr.com\/share\/link?url=www.fabregat-perulles-sales.com\/actualidad\/wp-json\/wp\/v2\/posts\/3301&name=El sistema de remuneraci\u00f3n de los consejeros delegados o ejecutivos debe constar en los estatutos sociales\"  onclick=\"javascript:void window.open('https:\/\/www.tumblr.com\/share\/link?url=www.fabregat-perulles-sales.com\/actualidad\/wp-json\/wp\/v2\/posts\/3301&name=El sistema de remuneraci\u00f3n de los consejeros delegados o ejecutivos debe constar en los estatutos sociales','1410949501326','width=700,height=500,toolbar=0,menubar=0,location=0,status=1,scrollbars=1,resizable=1,left=0,top=0');return false;\" style=\"background-position: -150px -120px \"><\/a>\r\n\t\t\t\t\t<\/li>\r\n\t\t\t\t\t\t\t\t\t\t<li class=\"none nobackground \" >\r\n\r\n\t\t\t\t\t\t\t\t\t\t\t\t<a id=\"backforunical3301\" href=\"http:\/\/digg.com\/submit?phase=2&url=www.fabregat-perulles-sales.com\/actualidad\/wp-json\/wp\/v2\/posts\/3301&title=El sistema de remuneraci\u00f3n de los consejeros delegados o ejecutivos debe constar en los estatutos sociales\"  onclick=\"javascript:void window.open('http:\/\/digg.com\/submit?phase=2&url=www.fabregat-perulles-sales.com\/actualidad\/wp-json\/wp\/v2\/posts\/3301&title=El sistema de remuneraci\u00f3n de los consejeros delegados o ejecutivos debe constar en los estatutos sociales','1410949501326','width=700,height=500,toolbar=0,menubar=0,location=0,status=1,scrollbars=1,resizable=1,left=0,top=0');return false;\" style=\"background-position: -180px -120px \"><\/a>\r\n\t\t\t\t\t<\/li>\r\n\t\t\t\t\t\t\t\t\t\t<li class=\"none nobackground \" >\r\n\r\n\t\t\t\t\t\t\t\t\t\t\t\t<a id=\"backforunical3301\" href=\"http:\/\/www.stumbleupon.com\/submit?url=www.fabregat-perulles-sales.com\/actualidad\/wp-json\/wp\/v2\/posts\/3301&title=El sistema de remuneraci\u00f3n de los consejeros delegados o ejecutivos debe constar en los estatutos sociales\"  onclick=\"javascript:void window.open('http:\/\/www.stumbleupon.com\/submit?url=www.fabregat-perulles-sales.com\/actualidad\/wp-json\/wp\/v2\/posts\/3301&title=El sistema de remuneraci\u00f3n de los consejeros delegados o ejecutivos debe constar en los estatutos sociales','1410949501326','width=700,height=500,toolbar=0,menubar=0,location=0,status=1,scrollbars=1,resizable=1,left=0,top=0');return false;\" style=\"background-position: -210px -120px \"><\/a>\r\n\t\t\t\t\t<\/li>\r\n\t\t\t\t\t\t\t\t\t\t<li class=\"none nobackground \" >\r\n\r\n\t\t\t\t\t\t\t\t\t\t\t\t<a id=\"backforunical3301\" href=\"https:\/\/myspace.com\/post?l=3&u=www.fabregat-perulles-sales.com\/actualidad\/wp-json\/wp\/v2\/posts\/3301\"  onclick=\"javascript:void window.open('https:\/\/myspace.com\/post?l=3&u=www.fabregat-perulles-sales.com\/actualidad\/wp-json\/wp\/v2\/posts\/3301','1410949501326','width=700,height=500,toolbar=0,menubar=0,location=0,status=1,scrollbars=1,resizable=1,left=0,top=0');return false;\" style=\"background-position: -240px -120px \"><\/a>\r\n\t\t\t\t\t<\/li>\r\n\t\t\t\t\t\t\t\t\t\t<li class=\"nobackground \" >\r\n\r\n\t\t\t\t\t\t\t\t\t\t\t\t<a id=\"backforunical3301\" href=\"http:\/\/vk.com\/share.php?url=www.fabregat-perulles-sales.com\/actualidad\/wp-json\/wp\/v2\/posts\/3301&title=El sistema de remuneraci\u00f3n de los consejeros delegados o ejecutivos debe constar en los estatutos sociales\"  onclick=\"javascript:void window.open('http:\/\/vk.com\/share.php?url=www.fabregat-perulles-sales.com\/actualidad\/wp-json\/wp\/v2\/posts\/3301&title=El sistema de remuneraci\u00f3n de los consejeros delegados o ejecutivos debe constar en los estatutos sociales','1410949501326','width=700,height=500,toolbar=0,menubar=0,location=0,status=1,scrollbars=1,resizable=1,left=0,top=0');return false;\" style=\"background-position: -270px -120px \"><\/a>\r\n\t\t\t\t\t<\/li>\r\n\t\t\t\t\t\t\t\t\t\t<li class=\"none nobackground \" >\r\n\r\n\t\t\t\t\t\t\t\t\t\t\t\t<a id=\"backforunical3301\" href=\"http:\/\/www.reddit.com\/submit?url=www.fabregat-perulles-sales.com\/actualidad\/wp-json\/wp\/v2\/posts\/3301&title=El sistema de remuneraci\u00f3n de los consejeros delegados o ejecutivos debe constar en los estatutos sociales\"  onclick=\"javascript:void window.open('http:\/\/www.reddit.com\/submit?url=www.fabregat-perulles-sales.com\/actualidad\/wp-json\/wp\/v2\/posts\/3301&title=El sistema de remuneraci\u00f3n de los consejeros delegados o ejecutivos debe constar en los estatutos sociales','1410949501326','width=700,height=500,toolbar=0,menubar=0,location=0,status=1,scrollbars=1,resizable=1,left=0,top=0');return false;\" style=\"background-position: -300px -120px \"><\/a>\r\n\t\t\t\t\t<\/li>\r\n\t\t\t\t\t\t\t\t\t\t<li class=\"none nobackground \" >\r\n\r\n\t\t\t\t\t\t\t\t\t\t\t\t<a id=\"backforunical3301\" href=\"http:\/\/www.bebo.com\/c\/share?Url=www.fabregat-perulles-sales.com\/actualidad\/wp-json\/wp\/v2\/posts\/3301\"  onclick=\"javascript:void window.open('http:\/\/www.bebo.com\/c\/share?Url=www.fabregat-perulles-sales.com\/actualidad\/wp-json\/wp\/v2\/posts\/3301','1410949501326','width=700,height=500,toolbar=0,menubar=0,location=0,status=1,scrollbars=1,resizable=1,left=0,top=0');return false;\" style=\"background-position: -330px -120px \"><\/a>\r\n\t\t\t\t\t<\/li>\r\n\t\t\t\t\t\t\t\t\t\t<li class=\"none nobackground \" >\r\n\r\n\t\t\t\t\t\t\t\t\t\t\t\t<a id=\"backforunical3301\" href=\"https:\/\/delicious.com\/save?v=5&noui&jump=close&url=www.fabregat-perulles-sales.com\/actualidad\/wp-json\/wp\/v2\/posts\/3301&title=El sistema de remuneraci\u00f3n de los consejeros delegados o ejecutivos debe constar en los estatutos sociales\"  onclick=\"javascript:void window.open('https:\/\/delicious.com\/save?v=5&noui&jump=close&url=www.fabregat-perulles-sales.com\/actualidad\/wp-json\/wp\/v2\/posts\/3301&title=El sistema de remuneraci\u00f3n de los consejeros delegados o ejecutivos debe constar en los estatutos sociales','1410949501326','width=700,height=500,toolbar=0,menubar=0,location=0,status=1,scrollbars=1,resizable=1,left=0,top=0');return false;\" style=\"background-position: -360px -120px \"><\/a>\r\n\t\t\t\t\t<\/li>\r\n\t\t\t\t\t\t\t\t\t\t<li class=\"none nobackground \" >\r\n\r\n\t\t\t\t\t\t\t\t\t\t\t\t<a id=\"backforunical3301\" href=\"http:\/\/www.odnoklassniki.ru\/dk?st.cmd=addShare&st.s=2&st.noresize=on&st._surl=www.fabregat-perulles-sales.com\/actualidad\/wp-json\/wp\/v2\/posts\/3301\"  onclick=\"javascript:void window.open('http:\/\/www.odnoklassniki.ru\/dk?st.cmd=addShare&st.s=2&st.noresize=on&st._surl=www.fabregat-perulles-sales.com\/actualidad\/wp-json\/wp\/v2\/posts\/3301','1410949501326','width=700,height=500,toolbar=0,menubar=0,location=0,status=1,scrollbars=1,resizable=1,left=0,top=0');return false;\" style=\"background-position: -390px -120px \"><\/a>\r\n\t\t\t\t\t<\/li>\r\n\t\t\t\t\t\t\t\t\t\t<li class=\"none nobackground \" >\r\n\r\n\t\t\t\t\t\t\t\t\t\t\t\t<a id=\"backforunical3301\" href=\"http:\/\/sns.qzone.qq.com\/cgi-bin\/qzshare\/cgi_qzshare_onekey?url=www.fabregat-perulles-sales.com\/actualidad\/wp-json\/wp\/v2\/posts\/3301&title=El sistema de remuneraci\u00f3n de los consejeros delegados o ejecutivos debe constar en los estatutos sociales\"  onclick=\"javascript:void window.open('http:\/\/sns.qzone.qq.com\/cgi-bin\/qzshare\/cgi_qzshare_onekey?url=www.fabregat-perulles-sales.com\/actualidad\/wp-json\/wp\/v2\/posts\/3301&title=El sistema de remuneraci\u00f3n de los consejeros delegados o ejecutivos debe constar en los estatutos sociales','1410949501326','width=700,height=500,toolbar=0,menubar=0,location=0,status=1,scrollbars=1,resizable=1,left=0,top=0');return false;\" style=\"background-position: -420px -120px \"><\/a>\r\n\t\t\t\t\t<\/li>\r\n\t\t\t\t\t\t\t\t\t\t<li class=\"none nobackground \" >\r\n\r\n\t\t\t\t\t\t\t\t\t\t\t\t<a id=\"backforunical3301\" href=\"http:\/\/service.weibo.com\/share\/share.php?url=www.fabregat-perulles-sales.com\/actualidad\/wp-json\/wp\/v2\/posts\/3301&appkey=&title=El sistema de remuneraci\u00f3n de los consejeros delegados o ejecutivos debe constar en los estatutos sociales&pic=&ralateUid=&\"  onclick=\"javascript:void window.open('http:\/\/service.weibo.com\/share\/share.php?url=www.fabregat-perulles-sales.com\/actualidad\/wp-json\/wp\/v2\/posts\/3301&appkey=&title=El sistema de remuneraci\u00f3n de los consejeros delegados o ejecutivos debe constar en los estatutos sociales&pic=&ralateUid=&','1410949501326','width=700,height=500,toolbar=0,menubar=0,location=0,status=1,scrollbars=1,resizable=1,left=0,top=0');return false;\" style=\"background-position: -450px -120px \"><\/a>\r\n\t\t\t\t\t<\/li>\r\n\t\t\t\t\t\t\t\t\t\t<li class=\"none nobackground \" >\r\n\r\n\t\t\t\t\t\t\t\t\t\t\t\t<a id=\"backforunical3301\" href=\"http:\/\/widget.renren.com\/dialog\/share?resourceUrl=www.fabregat-perulles-sales.com\/actualidad\/wp-json\/wp\/v2\/posts\/3301&srcUrl=www.fabregat-perulles-sales.com\/actualidad\/wp-json\/wp\/v2\/posts\/3301&title=El sistema de remuneraci\u00f3n de los consejeros delegados o ejecutivos debe constar en los estatutos sociales\"  onclick=\"javascript:void window.open('http:\/\/widget.renren.com\/dialog\/share?resourceUrl=www.fabregat-perulles-sales.com\/actualidad\/wp-json\/wp\/v2\/posts\/3301&srcUrl=www.fabregat-perulles-sales.com\/actualidad\/wp-json\/wp\/v2\/posts\/3301&title=El sistema de remuneraci\u00f3n de los consejeros delegados o ejecutivos debe constar en los estatutos sociales','1410949501326','width=700,height=500,toolbar=0,menubar=0,location=0,status=1,scrollbars=1,resizable=1,left=0,top=0');return false;\" style=\"background-position: -480px -120px \"><\/a>\r\n\t\t\t\t\t<\/li>\r\n\t\t\t\t\t\t\t\t\t\t<li class=\"none nobackground \" >\r\n\r\n\t\t\t\t\t\t\t\t\t\t\t\t<a id=\"backforunical3301\" href=\"http:\/\/n4g.com\/tips?url=www.fabregat-perulles-sales.com\/actualidad\/wp-json\/wp\/v2\/posts\/3301&title=El sistema de remuneraci\u00f3n de los consejeros delegados o ejecutivos debe constar en los estatutos sociales\"  onclick=\"javascript:void window.open('http:\/\/n4g.com\/tips?url=www.fabregat-perulles-sales.com\/actualidad\/wp-json\/wp\/v2\/posts\/3301&title=El sistema de remuneraci\u00f3n de los consejeros delegados o ejecutivos debe constar en los estatutos sociales','1410949501326','width=700,height=500,toolbar=0,menubar=0,location=0,status=1,scrollbars=1,resizable=1,left=0,top=0');return false;\" style=\"background-position: -510px -120px \"><\/a>\r\n\t\t\t\t\t<\/li>\r\n\t\t\t\t\t\t\t\t<\/ul>\r\n\t\t\t<div class=\"clear\"><\/div>\r\n\t\t<\/div>\r\n\t\t","protected":false},"excerpt":{"rendered":"<p>Con la publicaci\u00f3n de la STS 98\/2018, de 26 de febrero, el Tribunal Supremo confirm\u00f3 la sentencia dictada en primera instancia al considerar que la retribuci\u00f3n de los administradores, de acuerdo con lo previsto en la Ley 31\/2014, de 3 de diciembre, debe preverse su car\u00e1cter retributivo en los estatutos sociales. Adem\u00e1s, concluy\u00f3 que el\u2026 <span class=\"read-more\"><a href=\"https:\/\/www.fabregat-perulles-sales.com\/actualidad\/el-sistema-de-remuneracion-de-los-consejeros-delegados-o-ejecutivos-debe-constar-en-los-estatutos-sociales\/\">Read More &raquo;<\/a><\/span><\/p>\n","protected":false},"author":3,"featured_media":0,"comment_status":"open","ping_status":"closed","sticky":false,"template":"","format":"standard","meta":[],"categories":[12,6,466,1,248],"tags":[1351],"yoast_head":"<!-- This site is optimized with the Yoast SEO plugin v20.2.1 - https:\/\/yoast.com\/wordpress\/plugins\/seo\/ -->\n<title>Sentencia retribuci\u00f3n de administradores<\/title>\n<meta name=\"description\" content=\"El sistema de remuneraci\u00f3n de los consejeros delegados o ejecutivos debe constar en los estatutos socialesy afecta a todos los administradores.\" \/>\n<meta name=\"robots\" content=\"index, follow, max-snippet:-1, max-image-preview:large, max-video-preview:-1\" \/>\n<link rel=\"canonical\" href=\"https:\/\/www.fabregat-perulles-sales.com\/actualidad\/el-sistema-de-remuneracion-de-los-consejeros-delegados-o-ejecutivos-debe-constar-en-los-estatutos-sociales\/\" \/>\n<meta property=\"og:locale\" content=\"en_US\" \/>\n<meta property=\"og:type\" content=\"article\" \/>\n<meta property=\"og:title\" content=\"Sentencia retribuci\u00f3n de administradores\" \/>\n<meta property=\"og:description\" content=\"El sistema de remuneraci\u00f3n de los consejeros delegados o ejecutivos debe constar en los estatutos socialesy afecta a todos los administradores.\" \/>\n<meta property=\"og:url\" content=\"https:\/\/www.fabregat-perulles-sales.com\/actualidad\/el-sistema-de-remuneracion-de-los-consejeros-delegados-o-ejecutivos-debe-constar-en-los-estatutos-sociales\/\" \/>\n<meta property=\"og:site_name\" content=\"International Lawyers\" \/>\n<meta property=\"article:published_time\" content=\"2018-03-08T12:13:31+00:00\" \/>\n<meta property=\"article:modified_time\" content=\"2018-03-08T12:18:02+00:00\" \/>\n<meta name=\"author\" content=\"Victor\" \/>\n<meta name=\"twitter:card\" content=\"summary_large_image\" \/>\n<meta name=\"twitter:label1\" content=\"Written by\" \/>\n\t<meta name=\"twitter:data1\" content=\"Victor\" \/>\n\t<meta name=\"twitter:label2\" content=\"Est. reading time\" \/>\n\t<meta name=\"twitter:data2\" content=\"3 minutes\" \/>\n<script type=\"application\/ld+json\" class=\"yoast-schema-graph\">{\"@context\":\"https:\/\/schema.org\",\"@graph\":[{\"@type\":\"WebPage\",\"@id\":\"https:\/\/www.fabregat-perulles-sales.com\/actualidad\/el-sistema-de-remuneracion-de-los-consejeros-delegados-o-ejecutivos-debe-constar-en-los-estatutos-sociales\/\",\"url\":\"https:\/\/www.fabregat-perulles-sales.com\/actualidad\/el-sistema-de-remuneracion-de-los-consejeros-delegados-o-ejecutivos-debe-constar-en-los-estatutos-sociales\/\",\"name\":\"Sentencia retribuci\u00f3n de administradores\",\"isPartOf\":{\"@id\":\"https:\/\/www.fabregat-perulles-sales.com\/actualidad\/#website\"},\"datePublished\":\"2018-03-08T12:13:31+00:00\",\"dateModified\":\"2018-03-08T12:18:02+00:00\",\"author\":{\"@id\":\"https:\/\/www.fabregat-perulles-sales.com\/actualidad\/#\/schema\/person\/cabc1d68c7778f01d5e069c2d98442e3\"},\"description\":\"El sistema de remuneraci\u00f3n de los consejeros delegados o ejecutivos debe constar en los estatutos socialesy afecta a todos los administradores.\",\"breadcrumb\":{\"@id\":\"https:\/\/www.fabregat-perulles-sales.com\/actualidad\/el-sistema-de-remuneracion-de-los-consejeros-delegados-o-ejecutivos-debe-constar-en-los-estatutos-sociales\/#breadcrumb\"},\"inLanguage\":\"en-US\",\"potentialAction\":[{\"@type\":\"ReadAction\",\"target\":[\"https:\/\/www.fabregat-perulles-sales.com\/actualidad\/el-sistema-de-remuneracion-de-los-consejeros-delegados-o-ejecutivos-debe-constar-en-los-estatutos-sociales\/\"]}]},{\"@type\":\"BreadcrumbList\",\"@id\":\"https:\/\/www.fabregat-perulles-sales.com\/actualidad\/el-sistema-de-remuneracion-de-los-consejeros-delegados-o-ejecutivos-debe-constar-en-los-estatutos-sociales\/#breadcrumb\",\"itemListElement\":[{\"@type\":\"ListItem\",\"position\":1,\"name\":\"Home\",\"item\":\"https:\/\/www.fabregat-perulles-sales.com\/actualidad\/\"},{\"@type\":\"ListItem\",\"position\":2,\"name\":\"El sistema de remuneraci\u00f3n de los consejeros delegados o ejecutivos debe constar en los estatutos sociales\"}]},{\"@type\":\"WebSite\",\"@id\":\"https:\/\/www.fabregat-perulles-sales.com\/actualidad\/#website\",\"url\":\"https:\/\/www.fabregat-perulles-sales.com\/actualidad\/\",\"name\":\"www.fabregat-perulles-sales.com\",\"description\":\"Fabregat Perulles Sales Abogados is a law firm of reference international market in the Spanish-German, Spanish-French, and Spanish-Italian. Is one of the first firms in Barcelona offering a Russian Desk.\",\"potentialAction\":[{\"@type\":\"SearchAction\",\"target\":{\"@type\":\"EntryPoint\",\"urlTemplate\":\"https:\/\/www.fabregat-perulles-sales.com\/actualidad\/?s={search_term_string}\"},\"query-input\":\"required name=search_term_string\"}],\"inLanguage\":\"en-US\"},{\"@type\":\"Person\",\"@id\":\"https:\/\/www.fabregat-perulles-sales.com\/actualidad\/#\/schema\/person\/cabc1d68c7778f01d5e069c2d98442e3\",\"name\":\"Victor\",\"image\":{\"@type\":\"ImageObject\",\"inLanguage\":\"en-US\",\"@id\":\"https:\/\/www.fabregat-perulles-sales.com\/actualidad\/#\/schema\/person\/image\/\",\"url\":\"https:\/\/secure.gravatar.com\/avatar\/756cb666a964d2960ffe307b8a53b271?s=96&d=mm&r=g\",\"contentUrl\":\"https:\/\/secure.gravatar.com\/avatar\/756cb666a964d2960ffe307b8a53b271?s=96&d=mm&r=g\",\"caption\":\"Victor\"},\"sameAs\":[\"http:\/\/www.fabregat-perulles-sales.com\"],\"url\":\"https:\/\/www.fabregat-perulles-sales.com\/actualidad\/author\/victor\/\"}]}<\/script>\n<!-- \/ Yoast SEO plugin. -->","yoast_head_json":{"title":"Sentencia retribuci\u00f3n de administradores","description":"El sistema de remuneraci\u00f3n de los consejeros delegados o ejecutivos debe constar en los estatutos socialesy afecta a todos los administradores.","robots":{"index":"index","follow":"follow","max-snippet":"max-snippet:-1","max-image-preview":"max-image-preview:large","max-video-preview":"max-video-preview:-1"},"canonical":"https:\/\/www.fabregat-perulles-sales.com\/actualidad\/el-sistema-de-remuneracion-de-los-consejeros-delegados-o-ejecutivos-debe-constar-en-los-estatutos-sociales\/","og_locale":"en_US","og_type":"article","og_title":"Sentencia retribuci\u00f3n de administradores","og_description":"El sistema de remuneraci\u00f3n de los consejeros delegados o ejecutivos debe constar en los estatutos socialesy afecta a todos los administradores.","og_url":"https:\/\/www.fabregat-perulles-sales.com\/actualidad\/el-sistema-de-remuneracion-de-los-consejeros-delegados-o-ejecutivos-debe-constar-en-los-estatutos-sociales\/","og_site_name":"International Lawyers","article_published_time":"2018-03-08T12:13:31+00:00","article_modified_time":"2018-03-08T12:18:02+00:00","author":"Victor","twitter_card":"summary_large_image","twitter_misc":{"Written by":"Victor","Est. reading time":"3 minutes"},"schema":{"@context":"https:\/\/schema.org","@graph":[{"@type":"WebPage","@id":"https:\/\/www.fabregat-perulles-sales.com\/actualidad\/el-sistema-de-remuneracion-de-los-consejeros-delegados-o-ejecutivos-debe-constar-en-los-estatutos-sociales\/","url":"https:\/\/www.fabregat-perulles-sales.com\/actualidad\/el-sistema-de-remuneracion-de-los-consejeros-delegados-o-ejecutivos-debe-constar-en-los-estatutos-sociales\/","name":"Sentencia retribuci\u00f3n de administradores","isPartOf":{"@id":"https:\/\/www.fabregat-perulles-sales.com\/actualidad\/#website"},"datePublished":"2018-03-08T12:13:31+00:00","dateModified":"2018-03-08T12:18:02+00:00","author":{"@id":"https:\/\/www.fabregat-perulles-sales.com\/actualidad\/#\/schema\/person\/cabc1d68c7778f01d5e069c2d98442e3"},"description":"El sistema de remuneraci\u00f3n de los consejeros delegados o ejecutivos debe constar en los estatutos socialesy afecta a todos los administradores.","breadcrumb":{"@id":"https:\/\/www.fabregat-perulles-sales.com\/actualidad\/el-sistema-de-remuneracion-de-los-consejeros-delegados-o-ejecutivos-debe-constar-en-los-estatutos-sociales\/#breadcrumb"},"inLanguage":"en-US","potentialAction":[{"@type":"ReadAction","target":["https:\/\/www.fabregat-perulles-sales.com\/actualidad\/el-sistema-de-remuneracion-de-los-consejeros-delegados-o-ejecutivos-debe-constar-en-los-estatutos-sociales\/"]}]},{"@type":"BreadcrumbList","@id":"https:\/\/www.fabregat-perulles-sales.com\/actualidad\/el-sistema-de-remuneracion-de-los-consejeros-delegados-o-ejecutivos-debe-constar-en-los-estatutos-sociales\/#breadcrumb","itemListElement":[{"@type":"ListItem","position":1,"name":"Home","item":"https:\/\/www.fabregat-perulles-sales.com\/actualidad\/"},{"@type":"ListItem","position":2,"name":"El sistema de remuneraci\u00f3n de los consejeros delegados o ejecutivos debe constar en los estatutos sociales"}]},{"@type":"WebSite","@id":"https:\/\/www.fabregat-perulles-sales.com\/actualidad\/#website","url":"https:\/\/www.fabregat-perulles-sales.com\/actualidad\/","name":"www.fabregat-perulles-sales.com","description":"Fabregat Perulles Sales Abogados is a law firm of reference international market in the Spanish-German, Spanish-French, and Spanish-Italian. Is one of the first firms in Barcelona offering a Russian Desk.","potentialAction":[{"@type":"SearchAction","target":{"@type":"EntryPoint","urlTemplate":"https:\/\/www.fabregat-perulles-sales.com\/actualidad\/?s={search_term_string}"},"query-input":"required name=search_term_string"}],"inLanguage":"en-US"},{"@type":"Person","@id":"https:\/\/www.fabregat-perulles-sales.com\/actualidad\/#\/schema\/person\/cabc1d68c7778f01d5e069c2d98442e3","name":"Victor","image":{"@type":"ImageObject","inLanguage":"en-US","@id":"https:\/\/www.fabregat-perulles-sales.com\/actualidad\/#\/schema\/person\/image\/","url":"https:\/\/secure.gravatar.com\/avatar\/756cb666a964d2960ffe307b8a53b271?s=96&d=mm&r=g","contentUrl":"https:\/\/secure.gravatar.com\/avatar\/756cb666a964d2960ffe307b8a53b271?s=96&d=mm&r=g","caption":"Victor"},"sameAs":["http:\/\/www.fabregat-perulles-sales.com"],"url":"https:\/\/www.fabregat-perulles-sales.com\/actualidad\/author\/victor\/"}]}},"amp_enabled":true,"_links":{"self":[{"href":"https:\/\/www.fabregat-perulles-sales.com\/actualidad\/wp-json\/wp\/v2\/posts\/3301"}],"collection":[{"href":"https:\/\/www.fabregat-perulles-sales.com\/actualidad\/wp-json\/wp\/v2\/posts"}],"about":[{"href":"https:\/\/www.fabregat-perulles-sales.com\/actualidad\/wp-json\/wp\/v2\/types\/post"}],"author":[{"embeddable":true,"href":"https:\/\/www.fabregat-perulles-sales.com\/actualidad\/wp-json\/wp\/v2\/users\/3"}],"replies":[{"embeddable":true,"href":"https:\/\/www.fabregat-perulles-sales.com\/actualidad\/wp-json\/wp\/v2\/comments?post=3301"}],"version-history":[{"count":1,"href":"https:\/\/www.fabregat-perulles-sales.com\/actualidad\/wp-json\/wp\/v2\/posts\/3301\/revisions"}],"predecessor-version":[{"id":3304,"href":"https:\/\/www.fabregat-perulles-sales.com\/actualidad\/wp-json\/wp\/v2\/posts\/3301\/revisions\/3304"}],"wp:attachment":[{"href":"https:\/\/www.fabregat-perulles-sales.com\/actualidad\/wp-json\/wp\/v2\/media?parent=3301"}],"wp:term":[{"taxonomy":"category","embeddable":true,"href":"https:\/\/www.fabregat-perulles-sales.com\/actualidad\/wp-json\/wp\/v2\/categories?post=3301"},{"taxonomy":"post_tag","embeddable":true,"href":"https:\/\/www.fabregat-perulles-sales.com\/actualidad\/wp-json\/wp\/v2\/tags?post=3301"}],"curies":[{"name":"wp","href":"https:\/\/api.w.org\/{rel}","templated":true}]}}