{"id":298,"date":"2013-03-19T18:31:17","date_gmt":"2013-03-19T16:31:17","guid":{"rendered":"http:\/\/www.fabregat-perulles-sales.com\/actualidad\/?p=298"},"modified":"2014-11-26T14:46:34","modified_gmt":"2014-11-26T12:46:34","slug":"bundesarbeitsgericht-starkt-die-rechte-der-leiharbeitnehmer-und-der-betriebsrate","status":"publish","type":"post","link":"https:\/\/www.fabregat-perulles-sales.com\/actualidad\/bundesarbeitsgericht-starkt-die-rechte-der-leiharbeitnehmer-und-der-betriebsrate\/","title":{"rendered":"Bundesarbeitsgericht st\u00e4rkt die Rechte der Leiharbeitnehmer und der Betriebsr\u00e4te"},"content":{"rendered":"<p>Mit dem Beschluss vom 13. M\u00e4rz 2013, AZR 7 ABR 69\/11, setzt das Bundesarbeitsgericht (BAG) seinen Trend fort (vgl. Urteil vom 18. Oktober 2011 \u2013 1 AZR 335\/10 zu \u00a7 111 BetrVG und Urteil vom 24.01.2013 &#8211; 2 AZR 140\/12 zu \u00a7 23 KSchG), die Rechte von Leiharbeitnehmern zu st\u00e4rken. Nach der bisherigen Rechtsprechung des BAG wurden Leiharbeitnehmer bei der f\u00fcr die Gr\u00f6\u00dfe des Betriebsrats ma\u00dfgeblichen Anzahl der Arbeitnehmer eines Betriebs grunds\u00e4tzlich nicht mit hinzugerechnet. Diesen wie in in Stein gemei\u00dfelte Grundsatz hat das BAG jetzt aufgegeben.<br \/>\n<strong>Der 7. Senat des BAG hat nun entschieden, dass in der Regel besch\u00e4ftigte Leiharbeitnehmer bei dem Schwellenwert des \u00a7 9 BetrVG im Entleiherbetrieb mitgez\u00e4hlt werden.<\/strong><br \/>\nNach \u00a7 9 Satz 1 BetrVG richtet sich die Zahl der Mitglieder des Betriebsrats nach der Anzahl der im Betrieb in der Regel besch\u00e4ftigten Arbeitnehmer. Diese Kehrtwende des BAG bedeutet nun, dass der Betriebsrat bereits in einem kleineren Unternehmen eine st\u00e4rkere Funktion einnimmt. Diese Entscheidung ist konsequent, denn bereits in seinem Urteil vom 24.01.2013 hat der 2. Senat des BAG entschieden, dass bei der Berechnung der Betriebsgr\u00f6\u00dfe nach \u00a7 23 Abs.1 Satz 3 KSchG st\u00e4ndig besch\u00e4ftigte Leiharbeitnehmer zu ber\u00fccksichtigen sind, wenn ihr Einsatz auf einem \u201ein der Regel\u201c vorhandenen Personalbedarf beruht.<br \/>\nGrunds\u00e4tzlich k\u00f6nnen sich Arbeitnehmer nur dann auf das K\u00fcndigungsschutzgesetz berufen, wenn sie l\u00e4nger als sechs<br \/>\nMonate in einem Betrieb besch\u00e4ftigt sind, der kein Kleinbetrieb ist. Kleinbetriebe wiederum sind solche Betriebe, in denen in der Regel nur zehn oder noch weniger Arbeitnehmer besch\u00e4ftigt sind, wobei die Auszubildenden nicht z\u00e4hlen. Nach der bisherigen Rechtssprechung z\u00e4hlten Leiharbeiter nicht mit. Dies hat das BAG nun durch seine Grundsatzentscheidung vom 24.01.2013 aufgeweicht und ge\u00e4ndert. In der Praxis bedeutet dies nun, dass in einem Unternehmen, in dem beispielsweise 6 Stammarbeitnehmer und 5 st\u00e4ndige Leiharbeiter besch\u00e4ftigt sind, die 6 Stammarbeitnehmer dem K\u00fcndigungsschutzgesetz unterliegen.<br \/>\nHinsichtlich der Leiharbeit sind aktuell viele Unsicherheiten und Neuerungen hinzugekommen und es stehen noch weitere wichtige F\u00e4lle zur h\u00f6chstrichterlichen Entscheidung aus. Abzuwarten ist, ob das BAG seinen Trend fortsetzt.   <\/p>\n\r\n\t\t<style>\r\n\t\t\t.huge-it-share-buttons {\r\n\t\t\t\tborder:0px solid #0FB5D6;\r\n\t\t\t\tborder-radius:5px;\r\n\t\t\t\tbackground:#3BD8FF;\r\n\t\t\t text-align:left; \t\t\t\t\t\t\t\t\t}\r\n\r\n\t\t\t#huge-it-share-buttons-top {margin-bottom:0px;}\r\n\t\t\t#huge-it-share-buttons-bottom {margin-top:0px;}\r\n\r\n\t\t\t.huge-it-share-buttons h3 {\r\n\t\t\t\tfont-size:25px ;\r\n\t\t\t\tfont-family:Arial,Helvetica Neue,Helvetica,sans-serif;\r\n\t\t\t\tcolor:#666666;\r\n\r\n\t\t\tdisplay:block;\t\t\t\tline-height:25px ;\r\n\r\n\t\t\t text-align:left; \t\t\t\t\t\t\t\t\t}\r\n\r\n\t\t\t.huge-it-share-buttons ul {\r\n\t\t\t float:left; \t\t\t\t\t\t\t\t\t}\r\n\r\n\t\t\t.huge-it-share-buttons ul li {\r\n\t\t\t\tmargin-left:3px;\r\n\t\t\t\tmargin-right:3px;\r\n\t\t\t\tpadding:0px;\r\n\t\t\t\tborder:0px ridge #E6354C;\r\n\t\t\t\tborder-radius:11px;\r\n\t\t\t\tbackground-color:#14CC9B;\r\n\t\t\t}\r\n\r\n\t\t\t.huge-it-share-buttons ul li #backforunical298 {\r\n\t\t\t\tborder-bottom: 0;\r\n\t\t\t\tbackground-image:url('https:\/\/www.fabregat-perulles-sales.com\/actualidad\/wp-content\/plugins\/wp-share-buttons\/Front_end\/..\/images\/buttons.30.png');\r\n\t\t\t\twidth:30px;\r\n\t\t\t\theight:30px;\r\n\t\t\t}\r\n\r\n\t\t\t.front-shares-count {\r\n\t\t\t\tposition: absolute;\r\n\t\t\t\ttext-align: center;\r\n\t\t\t\tdisplay: block;\r\n\t\t\t}\r\n\r\n\t\t\t.shares_size20 .front-shares-count {\r\n\t\t\t\tfont-size: 10px;\r\n\t\t\t\ttop: 10px;\r\n\t\t\t\twidth: 20px;\r\n\t\t\t}\r\n\r\n\t\t\t.shares_size30 .front-shares-count {\r\n\t\t\t\tfont-size: 11px;\r\n\t\t\t\ttop: 15px;\r\n\t\t\t\twidth: 30px;\r\n\t\t\t}\r\n\r\n\t\t\t.shares_size40 .front-shares-count {\r\n\t\t\t\tfont-size: 12px;\r\n\t\t\t\ttop: 21px;\r\n\t\t\t\twidth: 40px;\r\n\t\t\t}\r\n\t\t<\/style>\r\n\t\t\r\n\t\t<div id=\"huge-it-share-buttons-top\" class=\"huge-it-share-buttons nobackground\">\r\n\t\t\t<h3>Share This:<\/h3>\r\n\t\t\t<ul class=\"huge-it-share-buttons-list \">\r\n\t\t\t\t\t\t\t\t\t<li class=\"nobackground \" >\r\n\r\n\t\t\t\t\t\t\t\t\t\t\t\t<a id=\"backforunical298\" href=\"https:\/\/www.facebook.com\/sharer\/sharer.php?u=www.fabregat-perulles-sales.com\/actualidad\/wp-json\/wp\/v2\/posts\/298\"  onclick=\"javascript:void window.open('https:\/\/www.facebook.com\/sharer\/sharer.php?u=www.fabregat-perulles-sales.com\/actualidad\/wp-json\/wp\/v2\/posts\/298','1410949501326','width=700,height=500,toolbar=0,menubar=0,location=0,status=1,scrollbars=1,resizable=1,left=0,top=0');return false;\" style=\"background-position: -0px -120px \"><\/a>\r\n\t\t\t\t\t<\/li>\r\n\t\t\t\t\t\t\t\t\t\t<li class=\"nobackground \" >\r\n\r\n\t\t\t\t\t\t\t\t\t\t\t\t<a id=\"backforunical298\" href=\"https:\/\/twitter.com\/share?status=www.fabregat-perulles-sales.com\/actualidad\/wp-json\/wp\/v2\/posts\/298&text=Bundesarbeitsgericht st\u00e4rkt die Rechte der Leiharbeitnehmer und der Betriebsr\u00e4te\"  onclick=\"javascript:void window.open('https:\/\/twitter.com\/share?status=www.fabregat-perulles-sales.com\/actualidad\/wp-json\/wp\/v2\/posts\/298&text=Bundesarbeitsgericht st\u00e4rkt die Rechte der Leiharbeitnehmer und der Betriebsr\u00e4te','1410949501326','width=700,height=500,toolbar=0,menubar=0,location=0,status=1,scrollbars=1,resizable=1,left=0,top=0');return false;\" style=\"background-position: -30px -120px \"><\/a>\r\n\t\t\t\t\t<\/li>\r\n\t\t\t\t\t\t\t\t\t\t<li class=\"none nobackground \" >\r\n\r\n\t\t\t\t\t\t\t\t\t\t\t\t<a id=\"backforunical298\" href=\"http:\/\/www.pinterest.com\/pin\/create\/button\/?url=www.fabregat-perulles-sales.com\/actualidad\/wp-json\/wp\/v2\/posts\/298&media=https:\/\/www.fabregat-perulles-sales.com\/actualidad\/wp-content\/plugins\/wp-share-buttons\/Front_end\/..\/images\/noimage.png&description=Bundesarbeitsgericht st\u00e4rkt die Rechte der Leiharbeitnehmer und der Betriebsr\u00e4te\"  onclick=\"javascript:void window.open('http:\/\/www.pinterest.com\/pin\/create\/button\/?url=www.fabregat-perulles-sales.com\/actualidad\/wp-json\/wp\/v2\/posts\/298&media=https:\/\/www.fabregat-perulles-sales.com\/actualidad\/wp-content\/plugins\/wp-share-buttons\/Front_end\/..\/images\/noimage.png&description=Bundesarbeitsgericht st\u00e4rkt die Rechte der Leiharbeitnehmer und der Betriebsr\u00e4te','1410949501326','width=700,height=500,toolbar=0,menubar=0,location=0,status=1,scrollbars=1,resizable=1,left=0,top=0');return false;\" style=\"background-position: -60px -120px \"><\/a>\r\n\t\t\t\t\t<\/li>\r\n\t\t\t\t\t\t\t\t\t\t<li class=\"none nobackground \" >\r\n\r\n\t\t\t\t\t\t\t\t\t\t\t\t<a id=\"backforunical298\" href=\"https:\/\/plus.google.com\/share?url=www.fabregat-perulles-sales.com\/actualidad\/wp-json\/wp\/v2\/posts\/298\"  onclick=\"javascript:void window.open('https:\/\/plus.google.com\/share?url=www.fabregat-perulles-sales.com\/actualidad\/wp-json\/wp\/v2\/posts\/298','1410949501326','width=700,height=500,toolbar=0,menubar=0,location=0,status=1,scrollbars=1,resizable=1,left=0,top=0');return false;\" style=\"background-position: -90px -120px \"><\/a>\r\n\t\t\t\t\t<\/li>\r\n\t\t\t\t\t\t\t\t\t\t<li class=\"nobackground \" >\r\n\r\n\t\t\t\t\t\t\t\t\t\t\t\t<a id=\"backforunical298\" href=\"https:\/\/www.linkedin.com\/shareArticle?title=Bundesarbeitsgericht st\u00e4rkt die Rechte der Leiharbeitnehmer und der Betriebsr\u00e4te&mini=true&url=https:\/\/www.fabregat-perulles-sales.com\/actualidad\/wp-json\/wp\/v2\/posts\/298\"  onclick=\"javascript:void window.open('https:\/\/www.linkedin.com\/shareArticle?title=Bundesarbeitsgericht st\u00e4rkt die Rechte der Leiharbeitnehmer und der Betriebsr\u00e4te&mini=true&url=https:\/\/www.fabregat-perulles-sales.com\/actualidad\/wp-json\/wp\/v2\/posts\/298','1410949501326','width=700,height=500,toolbar=0,menubar=0,location=0,status=1,scrollbars=1,resizable=1,left=0,top=0');return false;\" style=\"background-position: -120px -120px \"><\/a>\r\n\t\t\t\t\t<\/li>\r\n\t\t\t\t\t\t\t\t\t\t<li class=\"none nobackground \" >\r\n\r\n\t\t\t\t\t\t\t\t\t\t\t\t<a id=\"backforunical298\" href=\"https:\/\/www.tumblr.com\/share\/link?url=www.fabregat-perulles-sales.com\/actualidad\/wp-json\/wp\/v2\/posts\/298&name=Bundesarbeitsgericht st\u00e4rkt die Rechte der Leiharbeitnehmer und der Betriebsr\u00e4te\"  onclick=\"javascript:void window.open('https:\/\/www.tumblr.com\/share\/link?url=www.fabregat-perulles-sales.com\/actualidad\/wp-json\/wp\/v2\/posts\/298&name=Bundesarbeitsgericht st\u00e4rkt die Rechte der Leiharbeitnehmer und der Betriebsr\u00e4te','1410949501326','width=700,height=500,toolbar=0,menubar=0,location=0,status=1,scrollbars=1,resizable=1,left=0,top=0');return false;\" style=\"background-position: -150px -120px \"><\/a>\r\n\t\t\t\t\t<\/li>\r\n\t\t\t\t\t\t\t\t\t\t<li class=\"none nobackground \" >\r\n\r\n\t\t\t\t\t\t\t\t\t\t\t\t<a id=\"backforunical298\" href=\"http:\/\/digg.com\/submit?phase=2&url=www.fabregat-perulles-sales.com\/actualidad\/wp-json\/wp\/v2\/posts\/298&title=Bundesarbeitsgericht st\u00e4rkt die Rechte der Leiharbeitnehmer und der Betriebsr\u00e4te\"  onclick=\"javascript:void window.open('http:\/\/digg.com\/submit?phase=2&url=www.fabregat-perulles-sales.com\/actualidad\/wp-json\/wp\/v2\/posts\/298&title=Bundesarbeitsgericht st\u00e4rkt die Rechte der Leiharbeitnehmer und der Betriebsr\u00e4te','1410949501326','width=700,height=500,toolbar=0,menubar=0,location=0,status=1,scrollbars=1,resizable=1,left=0,top=0');return false;\" style=\"background-position: -180px -120px \"><\/a>\r\n\t\t\t\t\t<\/li>\r\n\t\t\t\t\t\t\t\t\t\t<li class=\"none nobackground \" >\r\n\r\n\t\t\t\t\t\t\t\t\t\t\t\t<a id=\"backforunical298\" href=\"http:\/\/www.stumbleupon.com\/submit?url=www.fabregat-perulles-sales.com\/actualidad\/wp-json\/wp\/v2\/posts\/298&title=Bundesarbeitsgericht st\u00e4rkt die Rechte der Leiharbeitnehmer und der Betriebsr\u00e4te\"  onclick=\"javascript:void window.open('http:\/\/www.stumbleupon.com\/submit?url=www.fabregat-perulles-sales.com\/actualidad\/wp-json\/wp\/v2\/posts\/298&title=Bundesarbeitsgericht st\u00e4rkt die Rechte der Leiharbeitnehmer und der Betriebsr\u00e4te','1410949501326','width=700,height=500,toolbar=0,menubar=0,location=0,status=1,scrollbars=1,resizable=1,left=0,top=0');return false;\" style=\"background-position: -210px -120px \"><\/a>\r\n\t\t\t\t\t<\/li>\r\n\t\t\t\t\t\t\t\t\t\t<li class=\"none nobackground \" >\r\n\r\n\t\t\t\t\t\t\t\t\t\t\t\t<a id=\"backforunical298\" href=\"https:\/\/myspace.com\/post?l=3&u=www.fabregat-perulles-sales.com\/actualidad\/wp-json\/wp\/v2\/posts\/298\"  onclick=\"javascript:void window.open('https:\/\/myspace.com\/post?l=3&u=www.fabregat-perulles-sales.com\/actualidad\/wp-json\/wp\/v2\/posts\/298','1410949501326','width=700,height=500,toolbar=0,menubar=0,location=0,status=1,scrollbars=1,resizable=1,left=0,top=0');return false;\" style=\"background-position: -240px -120px \"><\/a>\r\n\t\t\t\t\t<\/li>\r\n\t\t\t\t\t\t\t\t\t\t<li class=\"nobackground \" >\r\n\r\n\t\t\t\t\t\t\t\t\t\t\t\t<a id=\"backforunical298\" href=\"http:\/\/vk.com\/share.php?url=www.fabregat-perulles-sales.com\/actualidad\/wp-json\/wp\/v2\/posts\/298&title=Bundesarbeitsgericht st\u00e4rkt die Rechte der Leiharbeitnehmer und der Betriebsr\u00e4te\"  onclick=\"javascript:void window.open('http:\/\/vk.com\/share.php?url=www.fabregat-perulles-sales.com\/actualidad\/wp-json\/wp\/v2\/posts\/298&title=Bundesarbeitsgericht st\u00e4rkt die Rechte der Leiharbeitnehmer und der Betriebsr\u00e4te','1410949501326','width=700,height=500,toolbar=0,menubar=0,location=0,status=1,scrollbars=1,resizable=1,left=0,top=0');return false;\" style=\"background-position: -270px -120px \"><\/a>\r\n\t\t\t\t\t<\/li>\r\n\t\t\t\t\t\t\t\t\t\t<li class=\"none nobackground \" >\r\n\r\n\t\t\t\t\t\t\t\t\t\t\t\t<a id=\"backforunical298\" href=\"http:\/\/www.reddit.com\/submit?url=www.fabregat-perulles-sales.com\/actualidad\/wp-json\/wp\/v2\/posts\/298&title=Bundesarbeitsgericht st\u00e4rkt die Rechte der Leiharbeitnehmer und der Betriebsr\u00e4te\"  onclick=\"javascript:void window.open('http:\/\/www.reddit.com\/submit?url=www.fabregat-perulles-sales.com\/actualidad\/wp-json\/wp\/v2\/posts\/298&title=Bundesarbeitsgericht st\u00e4rkt die Rechte der Leiharbeitnehmer und der Betriebsr\u00e4te','1410949501326','width=700,height=500,toolbar=0,menubar=0,location=0,status=1,scrollbars=1,resizable=1,left=0,top=0');return false;\" style=\"background-position: -300px -120px \"><\/a>\r\n\t\t\t\t\t<\/li>\r\n\t\t\t\t\t\t\t\t\t\t<li class=\"none nobackground \" >\r\n\r\n\t\t\t\t\t\t\t\t\t\t\t\t<a id=\"backforunical298\" href=\"http:\/\/www.bebo.com\/c\/share?Url=www.fabregat-perulles-sales.com\/actualidad\/wp-json\/wp\/v2\/posts\/298\"  onclick=\"javascript:void window.open('http:\/\/www.bebo.com\/c\/share?Url=www.fabregat-perulles-sales.com\/actualidad\/wp-json\/wp\/v2\/posts\/298','1410949501326','width=700,height=500,toolbar=0,menubar=0,location=0,status=1,scrollbars=1,resizable=1,left=0,top=0');return false;\" style=\"background-position: -330px -120px \"><\/a>\r\n\t\t\t\t\t<\/li>\r\n\t\t\t\t\t\t\t\t\t\t<li class=\"none nobackground \" >\r\n\r\n\t\t\t\t\t\t\t\t\t\t\t\t<a id=\"backforunical298\" href=\"https:\/\/delicious.com\/save?v=5&noui&jump=close&url=www.fabregat-perulles-sales.com\/actualidad\/wp-json\/wp\/v2\/posts\/298&title=Bundesarbeitsgericht st\u00e4rkt die Rechte der Leiharbeitnehmer und der Betriebsr\u00e4te\"  onclick=\"javascript:void window.open('https:\/\/delicious.com\/save?v=5&noui&jump=close&url=www.fabregat-perulles-sales.com\/actualidad\/wp-json\/wp\/v2\/posts\/298&title=Bundesarbeitsgericht st\u00e4rkt die Rechte der Leiharbeitnehmer und der Betriebsr\u00e4te','1410949501326','width=700,height=500,toolbar=0,menubar=0,location=0,status=1,scrollbars=1,resizable=1,left=0,top=0');return false;\" style=\"background-position: -360px -120px \"><\/a>\r\n\t\t\t\t\t<\/li>\r\n\t\t\t\t\t\t\t\t\t\t<li class=\"none nobackground \" >\r\n\r\n\t\t\t\t\t\t\t\t\t\t\t\t<a id=\"backforunical298\" href=\"http:\/\/www.odnoklassniki.ru\/dk?st.cmd=addShare&st.s=2&st.noresize=on&st._surl=www.fabregat-perulles-sales.com\/actualidad\/wp-json\/wp\/v2\/posts\/298\"  onclick=\"javascript:void window.open('http:\/\/www.odnoklassniki.ru\/dk?st.cmd=addShare&st.s=2&st.noresize=on&st._surl=www.fabregat-perulles-sales.com\/actualidad\/wp-json\/wp\/v2\/posts\/298','1410949501326','width=700,height=500,toolbar=0,menubar=0,location=0,status=1,scrollbars=1,resizable=1,left=0,top=0');return false;\" style=\"background-position: -390px -120px \"><\/a>\r\n\t\t\t\t\t<\/li>\r\n\t\t\t\t\t\t\t\t\t\t<li class=\"none nobackground \" >\r\n\r\n\t\t\t\t\t\t\t\t\t\t\t\t<a id=\"backforunical298\" href=\"http:\/\/sns.qzone.qq.com\/cgi-bin\/qzshare\/cgi_qzshare_onekey?url=www.fabregat-perulles-sales.com\/actualidad\/wp-json\/wp\/v2\/posts\/298&title=Bundesarbeitsgericht st\u00e4rkt die Rechte der Leiharbeitnehmer und der Betriebsr\u00e4te\"  onclick=\"javascript:void window.open('http:\/\/sns.qzone.qq.com\/cgi-bin\/qzshare\/cgi_qzshare_onekey?url=www.fabregat-perulles-sales.com\/actualidad\/wp-json\/wp\/v2\/posts\/298&title=Bundesarbeitsgericht st\u00e4rkt die Rechte der Leiharbeitnehmer und der Betriebsr\u00e4te','1410949501326','width=700,height=500,toolbar=0,menubar=0,location=0,status=1,scrollbars=1,resizable=1,left=0,top=0');return false;\" style=\"background-position: -420px -120px \"><\/a>\r\n\t\t\t\t\t<\/li>\r\n\t\t\t\t\t\t\t\t\t\t<li class=\"none nobackground \" >\r\n\r\n\t\t\t\t\t\t\t\t\t\t\t\t<a id=\"backforunical298\" href=\"http:\/\/service.weibo.com\/share\/share.php?url=www.fabregat-perulles-sales.com\/actualidad\/wp-json\/wp\/v2\/posts\/298&appkey=&title=Bundesarbeitsgericht st\u00e4rkt die Rechte der Leiharbeitnehmer und der Betriebsr\u00e4te&pic=&ralateUid=&\"  onclick=\"javascript:void window.open('http:\/\/service.weibo.com\/share\/share.php?url=www.fabregat-perulles-sales.com\/actualidad\/wp-json\/wp\/v2\/posts\/298&appkey=&title=Bundesarbeitsgericht st\u00e4rkt die Rechte der Leiharbeitnehmer und der Betriebsr\u00e4te&pic=&ralateUid=&','1410949501326','width=700,height=500,toolbar=0,menubar=0,location=0,status=1,scrollbars=1,resizable=1,left=0,top=0');return false;\" style=\"background-position: -450px -120px \"><\/a>\r\n\t\t\t\t\t<\/li>\r\n\t\t\t\t\t\t\t\t\t\t<li class=\"none nobackground \" >\r\n\r\n\t\t\t\t\t\t\t\t\t\t\t\t<a id=\"backforunical298\" href=\"http:\/\/widget.renren.com\/dialog\/share?resourceUrl=www.fabregat-perulles-sales.com\/actualidad\/wp-json\/wp\/v2\/posts\/298&srcUrl=www.fabregat-perulles-sales.com\/actualidad\/wp-json\/wp\/v2\/posts\/298&title=Bundesarbeitsgericht st\u00e4rkt die Rechte der Leiharbeitnehmer und der Betriebsr\u00e4te\"  onclick=\"javascript:void window.open('http:\/\/widget.renren.com\/dialog\/share?resourceUrl=www.fabregat-perulles-sales.com\/actualidad\/wp-json\/wp\/v2\/posts\/298&srcUrl=www.fabregat-perulles-sales.com\/actualidad\/wp-json\/wp\/v2\/posts\/298&title=Bundesarbeitsgericht st\u00e4rkt die Rechte der Leiharbeitnehmer und der Betriebsr\u00e4te','1410949501326','width=700,height=500,toolbar=0,menubar=0,location=0,status=1,scrollbars=1,resizable=1,left=0,top=0');return false;\" style=\"background-position: -480px -120px \"><\/a>\r\n\t\t\t\t\t<\/li>\r\n\t\t\t\t\t\t\t\t\t\t<li class=\"none nobackground \" >\r\n\r\n\t\t\t\t\t\t\t\t\t\t\t\t<a id=\"backforunical298\" href=\"http:\/\/n4g.com\/tips?url=www.fabregat-perulles-sales.com\/actualidad\/wp-json\/wp\/v2\/posts\/298&title=Bundesarbeitsgericht st\u00e4rkt die Rechte der Leiharbeitnehmer und der Betriebsr\u00e4te\"  onclick=\"javascript:void window.open('http:\/\/n4g.com\/tips?url=www.fabregat-perulles-sales.com\/actualidad\/wp-json\/wp\/v2\/posts\/298&title=Bundesarbeitsgericht st\u00e4rkt die Rechte der Leiharbeitnehmer und der Betriebsr\u00e4te','1410949501326','width=700,height=500,toolbar=0,menubar=0,location=0,status=1,scrollbars=1,resizable=1,left=0,top=0');return false;\" style=\"background-position: -510px -120px \"><\/a>\r\n\t\t\t\t\t<\/li>\r\n\t\t\t\t\t\t\t\t<\/ul>\r\n\t\t\t<div class=\"clear\"><\/div>\r\n\t\t<\/div>\r\n\t\t","protected":false},"excerpt":{"rendered":"<p>Mit dem Beschluss vom 13. M\u00e4rz 2013, AZR 7 ABR 69\/11, setzt das Bundesarbeitsgericht (BAG) seinen Trend fort (vgl. Urteil vom 18. Oktober 2011 \u2013 1 AZR 335\/10 zu \u00a7 111 BetrVG und Urteil vom 24.01.2013 &#8211; 2 AZR 140\/12 zu \u00a7 23 KSchG), die Rechte von Leiharbeitnehmern zu st\u00e4rken. Nach der bisherigen Rechtsprechung des\u2026 <span class=\"read-more\"><a href=\"https:\/\/www.fabregat-perulles-sales.com\/actualidad\/bundesarbeitsgericht-starkt-die-rechte-der-leiharbeitnehmer-und-der-betriebsrate\/\">Read More &raquo;<\/a><\/span><\/p>\n","protected":false},"author":3,"featured_media":0,"comment_status":"open","ping_status":"open","sticky":false,"template":"","format":"standard","meta":[],"categories":[468,33],"tags":[106,108,107],"yoast_head":"<!-- This site is optimized with the Yoast SEO plugin v20.2.1 - https:\/\/yoast.com\/wordpress\/plugins\/seo\/ -->\n<title>Bundesarbeitsgericht st\u00e4rkt die Rechte der Leiharbeitnehmer und der Betriebsr\u00e4te | International Lawyers<\/title>\n<meta name=\"description\" content=\"Mit dem Beschluss vom 13. M\u00e4rz 2013, AZR 7 ABR 69\/11, setzt das Bundesarbeitsgericht (BAG) seinen Trend fort (vgl. Urteil vom 18. Oktober 2011 \u2013 1 AZR\" \/>\n<meta name=\"robots\" content=\"index, follow, max-snippet:-1, max-image-preview:large, max-video-preview:-1\" \/>\n<link rel=\"canonical\" href=\"https:\/\/www.fabregat-perulles-sales.com\/actualidad\/bundesarbeitsgericht-starkt-die-rechte-der-leiharbeitnehmer-und-der-betriebsrate\/\" \/>\n<meta property=\"og:locale\" content=\"en_US\" \/>\n<meta property=\"og:type\" content=\"article\" \/>\n<meta property=\"og:title\" content=\"Bundesarbeitsgericht st\u00e4rkt die Rechte der Leiharbeitnehmer und der Betriebsr\u00e4te | International Lawyers\" \/>\n<meta property=\"og:description\" content=\"Mit dem Beschluss vom 13. M\u00e4rz 2013, AZR 7 ABR 69\/11, setzt das Bundesarbeitsgericht (BAG) seinen Trend fort (vgl. Urteil vom 18. Oktober 2011 \u2013 1 AZR\" \/>\n<meta property=\"og:url\" content=\"https:\/\/www.fabregat-perulles-sales.com\/actualidad\/bundesarbeitsgericht-starkt-die-rechte-der-leiharbeitnehmer-und-der-betriebsrate\/\" \/>\n<meta property=\"og:site_name\" content=\"International Lawyers\" \/>\n<meta property=\"article:published_time\" content=\"2013-03-19T16:31:17+00:00\" \/>\n<meta property=\"article:modified_time\" content=\"2014-11-26T12:46:34+00:00\" \/>\n<meta name=\"author\" content=\"Victor\" \/>\n<meta name=\"twitter:card\" content=\"summary_large_image\" \/>\n<meta name=\"twitter:label1\" content=\"Written by\" \/>\n\t<meta name=\"twitter:data1\" content=\"Victor\" \/>\n\t<meta name=\"twitter:label2\" content=\"Est. reading time\" \/>\n\t<meta name=\"twitter:data2\" content=\"2 minutes\" \/>\n<script type=\"application\/ld+json\" class=\"yoast-schema-graph\">{\"@context\":\"https:\/\/schema.org\",\"@graph\":[{\"@type\":\"WebPage\",\"@id\":\"https:\/\/www.fabregat-perulles-sales.com\/actualidad\/bundesarbeitsgericht-starkt-die-rechte-der-leiharbeitnehmer-und-der-betriebsrate\/\",\"url\":\"https:\/\/www.fabregat-perulles-sales.com\/actualidad\/bundesarbeitsgericht-starkt-die-rechte-der-leiharbeitnehmer-und-der-betriebsrate\/\",\"name\":\"Bundesarbeitsgericht st\u00e4rkt die Rechte der Leiharbeitnehmer und der Betriebsr\u00e4te | International Lawyers\",\"isPartOf\":{\"@id\":\"https:\/\/www.fabregat-perulles-sales.com\/actualidad\/#website\"},\"datePublished\":\"2013-03-19T16:31:17+00:00\",\"dateModified\":\"2014-11-26T12:46:34+00:00\",\"author\":{\"@id\":\"https:\/\/www.fabregat-perulles-sales.com\/actualidad\/#\/schema\/person\/cabc1d68c7778f01d5e069c2d98442e3\"},\"description\":\"Mit dem Beschluss vom 13. M\u00e4rz 2013, AZR 7 ABR 69\/11, setzt das Bundesarbeitsgericht (BAG) seinen Trend fort (vgl. Urteil vom 18. Oktober 2011 \u2013 1 AZR\",\"breadcrumb\":{\"@id\":\"https:\/\/www.fabregat-perulles-sales.com\/actualidad\/bundesarbeitsgericht-starkt-die-rechte-der-leiharbeitnehmer-und-der-betriebsrate\/#breadcrumb\"},\"inLanguage\":\"en-US\",\"potentialAction\":[{\"@type\":\"ReadAction\",\"target\":[\"https:\/\/www.fabregat-perulles-sales.com\/actualidad\/bundesarbeitsgericht-starkt-die-rechte-der-leiharbeitnehmer-und-der-betriebsrate\/\"]}]},{\"@type\":\"BreadcrumbList\",\"@id\":\"https:\/\/www.fabregat-perulles-sales.com\/actualidad\/bundesarbeitsgericht-starkt-die-rechte-der-leiharbeitnehmer-und-der-betriebsrate\/#breadcrumb\",\"itemListElement\":[{\"@type\":\"ListItem\",\"position\":1,\"name\":\"Home\",\"item\":\"https:\/\/www.fabregat-perulles-sales.com\/actualidad\/\"},{\"@type\":\"ListItem\",\"position\":2,\"name\":\"Bundesarbeitsgericht st\u00e4rkt die Rechte der Leiharbeitnehmer und der Betriebsr\u00e4te\"}]},{\"@type\":\"WebSite\",\"@id\":\"https:\/\/www.fabregat-perulles-sales.com\/actualidad\/#website\",\"url\":\"https:\/\/www.fabregat-perulles-sales.com\/actualidad\/\",\"name\":\"www.fabregat-perulles-sales.com\",\"description\":\"Fabregat Perulles Sales Abogados is a law firm of reference international market in the Spanish-German, Spanish-French, and Spanish-Italian. Is one of the first firms in Barcelona offering a Russian Desk.\",\"potentialAction\":[{\"@type\":\"SearchAction\",\"target\":{\"@type\":\"EntryPoint\",\"urlTemplate\":\"https:\/\/www.fabregat-perulles-sales.com\/actualidad\/?s={search_term_string}\"},\"query-input\":\"required name=search_term_string\"}],\"inLanguage\":\"en-US\"},{\"@type\":\"Person\",\"@id\":\"https:\/\/www.fabregat-perulles-sales.com\/actualidad\/#\/schema\/person\/cabc1d68c7778f01d5e069c2d98442e3\",\"name\":\"Victor\",\"image\":{\"@type\":\"ImageObject\",\"inLanguage\":\"en-US\",\"@id\":\"https:\/\/www.fabregat-perulles-sales.com\/actualidad\/#\/schema\/person\/image\/\",\"url\":\"https:\/\/secure.gravatar.com\/avatar\/756cb666a964d2960ffe307b8a53b271?s=96&d=mm&r=g\",\"contentUrl\":\"https:\/\/secure.gravatar.com\/avatar\/756cb666a964d2960ffe307b8a53b271?s=96&d=mm&r=g\",\"caption\":\"Victor\"},\"sameAs\":[\"http:\/\/www.fabregat-perulles-sales.com\"],\"url\":\"https:\/\/www.fabregat-perulles-sales.com\/actualidad\/author\/victor\/\"}]}<\/script>\n<!-- \/ Yoast SEO plugin. -->","yoast_head_json":{"title":"Bundesarbeitsgericht st\u00e4rkt die Rechte der Leiharbeitnehmer und der Betriebsr\u00e4te | International Lawyers","description":"Mit dem Beschluss vom 13. M\u00e4rz 2013, AZR 7 ABR 69\/11, setzt das Bundesarbeitsgericht (BAG) seinen Trend fort (vgl. Urteil vom 18. Oktober 2011 \u2013 1 AZR","robots":{"index":"index","follow":"follow","max-snippet":"max-snippet:-1","max-image-preview":"max-image-preview:large","max-video-preview":"max-video-preview:-1"},"canonical":"https:\/\/www.fabregat-perulles-sales.com\/actualidad\/bundesarbeitsgericht-starkt-die-rechte-der-leiharbeitnehmer-und-der-betriebsrate\/","og_locale":"en_US","og_type":"article","og_title":"Bundesarbeitsgericht st\u00e4rkt die Rechte der Leiharbeitnehmer und der Betriebsr\u00e4te | International Lawyers","og_description":"Mit dem Beschluss vom 13. M\u00e4rz 2013, AZR 7 ABR 69\/11, setzt das Bundesarbeitsgericht (BAG) seinen Trend fort (vgl. Urteil vom 18. Oktober 2011 \u2013 1 AZR","og_url":"https:\/\/www.fabregat-perulles-sales.com\/actualidad\/bundesarbeitsgericht-starkt-die-rechte-der-leiharbeitnehmer-und-der-betriebsrate\/","og_site_name":"International Lawyers","article_published_time":"2013-03-19T16:31:17+00:00","article_modified_time":"2014-11-26T12:46:34+00:00","author":"Victor","twitter_card":"summary_large_image","twitter_misc":{"Written by":"Victor","Est. reading time":"2 minutes"},"schema":{"@context":"https:\/\/schema.org","@graph":[{"@type":"WebPage","@id":"https:\/\/www.fabregat-perulles-sales.com\/actualidad\/bundesarbeitsgericht-starkt-die-rechte-der-leiharbeitnehmer-und-der-betriebsrate\/","url":"https:\/\/www.fabregat-perulles-sales.com\/actualidad\/bundesarbeitsgericht-starkt-die-rechte-der-leiharbeitnehmer-und-der-betriebsrate\/","name":"Bundesarbeitsgericht st\u00e4rkt die Rechte der Leiharbeitnehmer und der Betriebsr\u00e4te | International Lawyers","isPartOf":{"@id":"https:\/\/www.fabregat-perulles-sales.com\/actualidad\/#website"},"datePublished":"2013-03-19T16:31:17+00:00","dateModified":"2014-11-26T12:46:34+00:00","author":{"@id":"https:\/\/www.fabregat-perulles-sales.com\/actualidad\/#\/schema\/person\/cabc1d68c7778f01d5e069c2d98442e3"},"description":"Mit dem Beschluss vom 13. M\u00e4rz 2013, AZR 7 ABR 69\/11, setzt das Bundesarbeitsgericht (BAG) seinen Trend fort (vgl. Urteil vom 18. Oktober 2011 \u2013 1 AZR","breadcrumb":{"@id":"https:\/\/www.fabregat-perulles-sales.com\/actualidad\/bundesarbeitsgericht-starkt-die-rechte-der-leiharbeitnehmer-und-der-betriebsrate\/#breadcrumb"},"inLanguage":"en-US","potentialAction":[{"@type":"ReadAction","target":["https:\/\/www.fabregat-perulles-sales.com\/actualidad\/bundesarbeitsgericht-starkt-die-rechte-der-leiharbeitnehmer-und-der-betriebsrate\/"]}]},{"@type":"BreadcrumbList","@id":"https:\/\/www.fabregat-perulles-sales.com\/actualidad\/bundesarbeitsgericht-starkt-die-rechte-der-leiharbeitnehmer-und-der-betriebsrate\/#breadcrumb","itemListElement":[{"@type":"ListItem","position":1,"name":"Home","item":"https:\/\/www.fabregat-perulles-sales.com\/actualidad\/"},{"@type":"ListItem","position":2,"name":"Bundesarbeitsgericht st\u00e4rkt die Rechte der Leiharbeitnehmer und der Betriebsr\u00e4te"}]},{"@type":"WebSite","@id":"https:\/\/www.fabregat-perulles-sales.com\/actualidad\/#website","url":"https:\/\/www.fabregat-perulles-sales.com\/actualidad\/","name":"www.fabregat-perulles-sales.com","description":"Fabregat Perulles Sales Abogados is a law firm of reference international market in the Spanish-German, Spanish-French, and Spanish-Italian. Is one of the first firms in Barcelona offering a Russian Desk.","potentialAction":[{"@type":"SearchAction","target":{"@type":"EntryPoint","urlTemplate":"https:\/\/www.fabregat-perulles-sales.com\/actualidad\/?s={search_term_string}"},"query-input":"required name=search_term_string"}],"inLanguage":"en-US"},{"@type":"Person","@id":"https:\/\/www.fabregat-perulles-sales.com\/actualidad\/#\/schema\/person\/cabc1d68c7778f01d5e069c2d98442e3","name":"Victor","image":{"@type":"ImageObject","inLanguage":"en-US","@id":"https:\/\/www.fabregat-perulles-sales.com\/actualidad\/#\/schema\/person\/image\/","url":"https:\/\/secure.gravatar.com\/avatar\/756cb666a964d2960ffe307b8a53b271?s=96&d=mm&r=g","contentUrl":"https:\/\/secure.gravatar.com\/avatar\/756cb666a964d2960ffe307b8a53b271?s=96&d=mm&r=g","caption":"Victor"},"sameAs":["http:\/\/www.fabregat-perulles-sales.com"],"url":"https:\/\/www.fabregat-perulles-sales.com\/actualidad\/author\/victor\/"}]}},"amp_enabled":true,"_links":{"self":[{"href":"https:\/\/www.fabregat-perulles-sales.com\/actualidad\/wp-json\/wp\/v2\/posts\/298"}],"collection":[{"href":"https:\/\/www.fabregat-perulles-sales.com\/actualidad\/wp-json\/wp\/v2\/posts"}],"about":[{"href":"https:\/\/www.fabregat-perulles-sales.com\/actualidad\/wp-json\/wp\/v2\/types\/post"}],"author":[{"embeddable":true,"href":"https:\/\/www.fabregat-perulles-sales.com\/actualidad\/wp-json\/wp\/v2\/users\/3"}],"replies":[{"embeddable":true,"href":"https:\/\/www.fabregat-perulles-sales.com\/actualidad\/wp-json\/wp\/v2\/comments?post=298"}],"version-history":[{"count":10,"href":"https:\/\/www.fabregat-perulles-sales.com\/actualidad\/wp-json\/wp\/v2\/posts\/298\/revisions"}],"predecessor-version":[{"id":1546,"href":"https:\/\/www.fabregat-perulles-sales.com\/actualidad\/wp-json\/wp\/v2\/posts\/298\/revisions\/1546"}],"wp:attachment":[{"href":"https:\/\/www.fabregat-perulles-sales.com\/actualidad\/wp-json\/wp\/v2\/media?parent=298"}],"wp:term":[{"taxonomy":"category","embeddable":true,"href":"https:\/\/www.fabregat-perulles-sales.com\/actualidad\/wp-json\/wp\/v2\/categories?post=298"},{"taxonomy":"post_tag","embeddable":true,"href":"https:\/\/www.fabregat-perulles-sales.com\/actualidad\/wp-json\/wp\/v2\/tags?post=298"}],"curies":[{"name":"wp","href":"https:\/\/api.w.org\/{rel}","templated":true}]}}