{"id":2912,"date":"2017-10-02T19:27:01","date_gmt":"2017-10-02T18:27:01","guid":{"rendered":"http:\/\/www.fabregat-perulles-sales.com\/actualidad\/?p=2912"},"modified":"2017-12-04T10:17:49","modified_gmt":"2017-12-04T09:17:49","slug":"die-neue-regelung-zum-energieeffizienz-zertifikat","status":"publish","type":"post","link":"https:\/\/www.fabregat-perulles-sales.com\/actualidad\/die-neue-regelung-zum-energieeffizienz-zertifikat\/","title":{"rendered":"Die neue Regelung zum Energieeffizienz-Zertifikat"},"content":{"rendered":"<p>Am 6. Juni 2017 wurde das Real Decreto 564\/2017 (K\u00f6niglicher Erlass) vom 2. Juni ver\u00f6ffentlicht, durch welches die Regelungen zum Energieeffizienz-Zertifikat (Real Decreto 235\/2013 vom 5. April) ge\u00e4ndert wurden. <!--more-->Das Energieeffizienzzertifikat ist ein offizielles Dokument, ausgestellt von einem zust\u00e4ndigen Fachmann, welches objektive Information \u00fcber die Energiemerkmale eines bestehenden Geb\u00e4udes (oder selbstst\u00e4ndiger Teile davon) enth\u00e4lt. Dies gilt sowohl f\u00fcr G<img decoding=\"async\" loading=\"lazy\" class=\"alignright size-medium wp-image-2344\" src=\"http:\/\/www.fabregat-perulles-sales.com\/actualidad\/wp-content\/uploads\/2016\/07\/propiedad-intelectual-abogados-espanol-300x300.jpg\" alt=\"propiedad intelectual bombilla\" width=\"300\" height=\"300\" srcset=\"https:\/\/www.fabregat-perulles-sales.com\/actualidad\/wp-content\/uploads\/2016\/07\/propiedad-intelectual-abogados-espanol-300x300.jpg 300w, https:\/\/www.fabregat-perulles-sales.com\/actualidad\/wp-content\/uploads\/2016\/07\/propiedad-intelectual-abogados-espanol-150x150.jpg 150w, https:\/\/www.fabregat-perulles-sales.com\/actualidad\/wp-content\/uploads\/2016\/07\/propiedad-intelectual-abogados-espanol.jpg 720w\" sizes=\"(max-width: 300px) 100vw, 300px\" \/>eb\u00e4ude und R\u00e4ume, die als Wohnung genutzt werden, als auch f\u00fcr B\u00fcro- und Gesch\u00e4ftsfl\u00e4chen. Das Energieeffizienzzertifikat ist Voraussetzung f\u00fcr die \u00dcbertragung bzw. Vermietung der Immobilien, welche in den Anwendungsbereich \u00fcber die Regelungen dazu fallen. Die vorhergehende Norm sah gewisse Ausnahmen vom Erfordernis des Energieeffizienz-Zertifikates vor (beispielsweise bei Geb\u00e4uden mit besonderem historischem oder architektonischem Wert oder im Falle von Industriegeb\u00e4uden). Jedoch haben sich diese Ausnahmen seit dem Inkrafttreten der \u00c4nderungen am 7. Juni 2017 verringert bzw. geschm\u00e4lert. So wird nun bei ausgewiesenen Geb\u00e4uden mit besonderem historischem oder architektonischem Wert das Energieeffizienz-Zertifikat verlangt, es sei denn, dass die Ma\u00dfnahmen zur Verbesserung der Energieeffizienz den Charakter oder das Erscheinungsbild auf eine unvertretbare Weise ver\u00e4ndern. \u00c4hnlich verh\u00e4lt es sich mit den Industriegeb\u00e4uden. W\u00e4hrend dies zuvor vollst\u00e4ndig vom Anwendungsbereich ausgenommen waren, und somit kein Energieeffizienz-Zertifikat ben\u00f6tigten, sind mit der neuen Regelung nur noch die Geb\u00e4ude oder Teile davon ausgeschlossen, welche einen geringen Energiebedarf aufweisen. Gem\u00e4\u00df der neuen Regelung sind dies Geb\u00e4ude(teile), die die Sicherstellung eines\u00a0 thermischen Komforts nicht erfordern, wie beispielsweise Werk- oder Produktionshallen.<\/p>\n\r\n\t\t<style>\r\n\t\t\t.huge-it-share-buttons {\r\n\t\t\t\tborder:0px solid #0FB5D6;\r\n\t\t\t\tborder-radius:5px;\r\n\t\t\t\tbackground:#3BD8FF;\r\n\t\t\t text-align:left; \t\t\t\t\t\t\t\t\t}\r\n\r\n\t\t\t#huge-it-share-buttons-top {margin-bottom:0px;}\r\n\t\t\t#huge-it-share-buttons-bottom {margin-top:0px;}\r\n\r\n\t\t\t.huge-it-share-buttons h3 {\r\n\t\t\t\tfont-size:25px ;\r\n\t\t\t\tfont-family:Arial,Helvetica Neue,Helvetica,sans-serif;\r\n\t\t\t\tcolor:#666666;\r\n\r\n\t\t\tdisplay:block;\t\t\t\tline-height:25px ;\r\n\r\n\t\t\t text-align:left; \t\t\t\t\t\t\t\t\t}\r\n\r\n\t\t\t.huge-it-share-buttons ul {\r\n\t\t\t float:left; \t\t\t\t\t\t\t\t\t}\r\n\r\n\t\t\t.huge-it-share-buttons ul li {\r\n\t\t\t\tmargin-left:3px;\r\n\t\t\t\tmargin-right:3px;\r\n\t\t\t\tpadding:0px;\r\n\t\t\t\tborder:0px ridge #E6354C;\r\n\t\t\t\tborder-radius:11px;\r\n\t\t\t\tbackground-color:#14CC9B;\r\n\t\t\t}\r\n\r\n\t\t\t.huge-it-share-buttons ul li #backforunical2912 {\r\n\t\t\t\tborder-bottom: 0;\r\n\t\t\t\tbackground-image:url('https:\/\/www.fabregat-perulles-sales.com\/actualidad\/wp-content\/plugins\/wp-share-buttons\/Front_end\/..\/images\/buttons.30.png');\r\n\t\t\t\twidth:30px;\r\n\t\t\t\theight:30px;\r\n\t\t\t}\r\n\r\n\t\t\t.front-shares-count {\r\n\t\t\t\tposition: absolute;\r\n\t\t\t\ttext-align: center;\r\n\t\t\t\tdisplay: block;\r\n\t\t\t}\r\n\r\n\t\t\t.shares_size20 .front-shares-count {\r\n\t\t\t\tfont-size: 10px;\r\n\t\t\t\ttop: 10px;\r\n\t\t\t\twidth: 20px;\r\n\t\t\t}\r\n\r\n\t\t\t.shares_size30 .front-shares-count {\r\n\t\t\t\tfont-size: 11px;\r\n\t\t\t\ttop: 15px;\r\n\t\t\t\twidth: 30px;\r\n\t\t\t}\r\n\r\n\t\t\t.shares_size40 .front-shares-count {\r\n\t\t\t\tfont-size: 12px;\r\n\t\t\t\ttop: 21px;\r\n\t\t\t\twidth: 40px;\r\n\t\t\t}\r\n\t\t<\/style>\r\n\t\t\r\n\t\t<div id=\"huge-it-share-buttons-top\" class=\"huge-it-share-buttons nobackground\">\r\n\t\t\t<h3>Share This:<\/h3>\r\n\t\t\t<ul class=\"huge-it-share-buttons-list \">\r\n\t\t\t\t\t\t\t\t\t<li class=\"nobackground \" >\r\n\r\n\t\t\t\t\t\t\t\t\t\t\t\t<a id=\"backforunical2912\" href=\"https:\/\/www.facebook.com\/sharer\/sharer.php?u=www.fabregat-perulles-sales.com\/actualidad\/wp-json\/wp\/v2\/posts\/2912\"  onclick=\"javascript:void window.open('https:\/\/www.facebook.com\/sharer\/sharer.php?u=www.fabregat-perulles-sales.com\/actualidad\/wp-json\/wp\/v2\/posts\/2912','1410949501326','width=700,height=500,toolbar=0,menubar=0,location=0,status=1,scrollbars=1,resizable=1,left=0,top=0');return false;\" style=\"background-position: -0px -120px \"><\/a>\r\n\t\t\t\t\t<\/li>\r\n\t\t\t\t\t\t\t\t\t\t<li class=\"nobackground \" >\r\n\r\n\t\t\t\t\t\t\t\t\t\t\t\t<a id=\"backforunical2912\" href=\"https:\/\/twitter.com\/share?status=www.fabregat-perulles-sales.com\/actualidad\/wp-json\/wp\/v2\/posts\/2912&text=Die neue Regelung zum Energieeffizienz-Zertifikat\"  onclick=\"javascript:void window.open('https:\/\/twitter.com\/share?status=www.fabregat-perulles-sales.com\/actualidad\/wp-json\/wp\/v2\/posts\/2912&text=Die neue Regelung zum Energieeffizienz-Zertifikat','1410949501326','width=700,height=500,toolbar=0,menubar=0,location=0,status=1,scrollbars=1,resizable=1,left=0,top=0');return false;\" style=\"background-position: -30px -120px \"><\/a>\r\n\t\t\t\t\t<\/li>\r\n\t\t\t\t\t\t\t\t\t\t<li class=\"none nobackground \" >\r\n\r\n\t\t\t\t\t\t\t\t\t\t\t\t<a id=\"backforunical2912\" href=\"http:\/\/www.pinterest.com\/pin\/create\/button\/?url=www.fabregat-perulles-sales.com\/actualidad\/wp-json\/wp\/v2\/posts\/2912&media=https:\/\/www.fabregat-perulles-sales.com\/actualidad\/wp-content\/plugins\/wp-share-buttons\/Front_end\/..\/images\/noimage.png&description=Die neue Regelung zum Energieeffizienz-Zertifikat\"  onclick=\"javascript:void window.open('http:\/\/www.pinterest.com\/pin\/create\/button\/?url=www.fabregat-perulles-sales.com\/actualidad\/wp-json\/wp\/v2\/posts\/2912&media=https:\/\/www.fabregat-perulles-sales.com\/actualidad\/wp-content\/plugins\/wp-share-buttons\/Front_end\/..\/images\/noimage.png&description=Die neue Regelung zum Energieeffizienz-Zertifikat','1410949501326','width=700,height=500,toolbar=0,menubar=0,location=0,status=1,scrollbars=1,resizable=1,left=0,top=0');return false;\" style=\"background-position: -60px -120px \"><\/a>\r\n\t\t\t\t\t<\/li>\r\n\t\t\t\t\t\t\t\t\t\t<li class=\"none nobackground \" >\r\n\r\n\t\t\t\t\t\t\t\t\t\t\t\t<a id=\"backforunical2912\" href=\"https:\/\/plus.google.com\/share?url=www.fabregat-perulles-sales.com\/actualidad\/wp-json\/wp\/v2\/posts\/2912\"  onclick=\"javascript:void window.open('https:\/\/plus.google.com\/share?url=www.fabregat-perulles-sales.com\/actualidad\/wp-json\/wp\/v2\/posts\/2912','1410949501326','width=700,height=500,toolbar=0,menubar=0,location=0,status=1,scrollbars=1,resizable=1,left=0,top=0');return false;\" style=\"background-position: -90px -120px \"><\/a>\r\n\t\t\t\t\t<\/li>\r\n\t\t\t\t\t\t\t\t\t\t<li class=\"nobackground \" >\r\n\r\n\t\t\t\t\t\t\t\t\t\t\t\t<a id=\"backforunical2912\" href=\"https:\/\/www.linkedin.com\/shareArticle?title=Die neue Regelung zum Energieeffizienz-Zertifikat&mini=true&url=https:\/\/www.fabregat-perulles-sales.com\/actualidad\/wp-json\/wp\/v2\/posts\/2912\"  onclick=\"javascript:void window.open('https:\/\/www.linkedin.com\/shareArticle?title=Die neue Regelung zum Energieeffizienz-Zertifikat&mini=true&url=https:\/\/www.fabregat-perulles-sales.com\/actualidad\/wp-json\/wp\/v2\/posts\/2912','1410949501326','width=700,height=500,toolbar=0,menubar=0,location=0,status=1,scrollbars=1,resizable=1,left=0,top=0');return false;\" style=\"background-position: -120px -120px \"><\/a>\r\n\t\t\t\t\t<\/li>\r\n\t\t\t\t\t\t\t\t\t\t<li class=\"none nobackground \" >\r\n\r\n\t\t\t\t\t\t\t\t\t\t\t\t<a id=\"backforunical2912\" href=\"https:\/\/www.tumblr.com\/share\/link?url=www.fabregat-perulles-sales.com\/actualidad\/wp-json\/wp\/v2\/posts\/2912&name=Die neue Regelung zum Energieeffizienz-Zertifikat\"  onclick=\"javascript:void window.open('https:\/\/www.tumblr.com\/share\/link?url=www.fabregat-perulles-sales.com\/actualidad\/wp-json\/wp\/v2\/posts\/2912&name=Die neue Regelung zum Energieeffizienz-Zertifikat','1410949501326','width=700,height=500,toolbar=0,menubar=0,location=0,status=1,scrollbars=1,resizable=1,left=0,top=0');return false;\" style=\"background-position: -150px -120px \"><\/a>\r\n\t\t\t\t\t<\/li>\r\n\t\t\t\t\t\t\t\t\t\t<li class=\"none nobackground \" >\r\n\r\n\t\t\t\t\t\t\t\t\t\t\t\t<a id=\"backforunical2912\" href=\"http:\/\/digg.com\/submit?phase=2&url=www.fabregat-perulles-sales.com\/actualidad\/wp-json\/wp\/v2\/posts\/2912&title=Die neue Regelung zum Energieeffizienz-Zertifikat\"  onclick=\"javascript:void window.open('http:\/\/digg.com\/submit?phase=2&url=www.fabregat-perulles-sales.com\/actualidad\/wp-json\/wp\/v2\/posts\/2912&title=Die neue Regelung zum Energieeffizienz-Zertifikat','1410949501326','width=700,height=500,toolbar=0,menubar=0,location=0,status=1,scrollbars=1,resizable=1,left=0,top=0');return false;\" style=\"background-position: -180px -120px \"><\/a>\r\n\t\t\t\t\t<\/li>\r\n\t\t\t\t\t\t\t\t\t\t<li class=\"none nobackground \" >\r\n\r\n\t\t\t\t\t\t\t\t\t\t\t\t<a id=\"backforunical2912\" href=\"http:\/\/www.stumbleupon.com\/submit?url=www.fabregat-perulles-sales.com\/actualidad\/wp-json\/wp\/v2\/posts\/2912&title=Die neue Regelung zum Energieeffizienz-Zertifikat\"  onclick=\"javascript:void window.open('http:\/\/www.stumbleupon.com\/submit?url=www.fabregat-perulles-sales.com\/actualidad\/wp-json\/wp\/v2\/posts\/2912&title=Die neue Regelung zum Energieeffizienz-Zertifikat','1410949501326','width=700,height=500,toolbar=0,menubar=0,location=0,status=1,scrollbars=1,resizable=1,left=0,top=0');return false;\" style=\"background-position: -210px -120px \"><\/a>\r\n\t\t\t\t\t<\/li>\r\n\t\t\t\t\t\t\t\t\t\t<li class=\"none nobackground \" >\r\n\r\n\t\t\t\t\t\t\t\t\t\t\t\t<a id=\"backforunical2912\" href=\"https:\/\/myspace.com\/post?l=3&u=www.fabregat-perulles-sales.com\/actualidad\/wp-json\/wp\/v2\/posts\/2912\"  onclick=\"javascript:void window.open('https:\/\/myspace.com\/post?l=3&u=www.fabregat-perulles-sales.com\/actualidad\/wp-json\/wp\/v2\/posts\/2912','1410949501326','width=700,height=500,toolbar=0,menubar=0,location=0,status=1,scrollbars=1,resizable=1,left=0,top=0');return false;\" style=\"background-position: -240px -120px \"><\/a>\r\n\t\t\t\t\t<\/li>\r\n\t\t\t\t\t\t\t\t\t\t<li class=\"nobackground \" >\r\n\r\n\t\t\t\t\t\t\t\t\t\t\t\t<a id=\"backforunical2912\" href=\"http:\/\/vk.com\/share.php?url=www.fabregat-perulles-sales.com\/actualidad\/wp-json\/wp\/v2\/posts\/2912&title=Die neue Regelung zum Energieeffizienz-Zertifikat\"  onclick=\"javascript:void window.open('http:\/\/vk.com\/share.php?url=www.fabregat-perulles-sales.com\/actualidad\/wp-json\/wp\/v2\/posts\/2912&title=Die neue Regelung zum Energieeffizienz-Zertifikat','1410949501326','width=700,height=500,toolbar=0,menubar=0,location=0,status=1,scrollbars=1,resizable=1,left=0,top=0');return false;\" style=\"background-position: -270px -120px \"><\/a>\r\n\t\t\t\t\t<\/li>\r\n\t\t\t\t\t\t\t\t\t\t<li class=\"none nobackground \" >\r\n\r\n\t\t\t\t\t\t\t\t\t\t\t\t<a id=\"backforunical2912\" href=\"http:\/\/www.reddit.com\/submit?url=www.fabregat-perulles-sales.com\/actualidad\/wp-json\/wp\/v2\/posts\/2912&title=Die neue Regelung zum Energieeffizienz-Zertifikat\"  onclick=\"javascript:void window.open('http:\/\/www.reddit.com\/submit?url=www.fabregat-perulles-sales.com\/actualidad\/wp-json\/wp\/v2\/posts\/2912&title=Die neue Regelung zum Energieeffizienz-Zertifikat','1410949501326','width=700,height=500,toolbar=0,menubar=0,location=0,status=1,scrollbars=1,resizable=1,left=0,top=0');return false;\" style=\"background-position: -300px -120px \"><\/a>\r\n\t\t\t\t\t<\/li>\r\n\t\t\t\t\t\t\t\t\t\t<li class=\"none nobackground \" >\r\n\r\n\t\t\t\t\t\t\t\t\t\t\t\t<a id=\"backforunical2912\" href=\"http:\/\/www.bebo.com\/c\/share?Url=www.fabregat-perulles-sales.com\/actualidad\/wp-json\/wp\/v2\/posts\/2912\"  onclick=\"javascript:void window.open('http:\/\/www.bebo.com\/c\/share?Url=www.fabregat-perulles-sales.com\/actualidad\/wp-json\/wp\/v2\/posts\/2912','1410949501326','width=700,height=500,toolbar=0,menubar=0,location=0,status=1,scrollbars=1,resizable=1,left=0,top=0');return false;\" style=\"background-position: -330px -120px \"><\/a>\r\n\t\t\t\t\t<\/li>\r\n\t\t\t\t\t\t\t\t\t\t<li class=\"none nobackground \" >\r\n\r\n\t\t\t\t\t\t\t\t\t\t\t\t<a id=\"backforunical2912\" href=\"https:\/\/delicious.com\/save?v=5&noui&jump=close&url=www.fabregat-perulles-sales.com\/actualidad\/wp-json\/wp\/v2\/posts\/2912&title=Die neue Regelung zum Energieeffizienz-Zertifikat\"  onclick=\"javascript:void window.open('https:\/\/delicious.com\/save?v=5&noui&jump=close&url=www.fabregat-perulles-sales.com\/actualidad\/wp-json\/wp\/v2\/posts\/2912&title=Die neue Regelung zum Energieeffizienz-Zertifikat','1410949501326','width=700,height=500,toolbar=0,menubar=0,location=0,status=1,scrollbars=1,resizable=1,left=0,top=0');return false;\" style=\"background-position: -360px -120px \"><\/a>\r\n\t\t\t\t\t<\/li>\r\n\t\t\t\t\t\t\t\t\t\t<li class=\"none nobackground \" >\r\n\r\n\t\t\t\t\t\t\t\t\t\t\t\t<a id=\"backforunical2912\" href=\"http:\/\/www.odnoklassniki.ru\/dk?st.cmd=addShare&st.s=2&st.noresize=on&st._surl=www.fabregat-perulles-sales.com\/actualidad\/wp-json\/wp\/v2\/posts\/2912\"  onclick=\"javascript:void window.open('http:\/\/www.odnoklassniki.ru\/dk?st.cmd=addShare&st.s=2&st.noresize=on&st._surl=www.fabregat-perulles-sales.com\/actualidad\/wp-json\/wp\/v2\/posts\/2912','1410949501326','width=700,height=500,toolbar=0,menubar=0,location=0,status=1,scrollbars=1,resizable=1,left=0,top=0');return false;\" style=\"background-position: -390px -120px \"><\/a>\r\n\t\t\t\t\t<\/li>\r\n\t\t\t\t\t\t\t\t\t\t<li class=\"none nobackground \" >\r\n\r\n\t\t\t\t\t\t\t\t\t\t\t\t<a id=\"backforunical2912\" href=\"http:\/\/sns.qzone.qq.com\/cgi-bin\/qzshare\/cgi_qzshare_onekey?url=www.fabregat-perulles-sales.com\/actualidad\/wp-json\/wp\/v2\/posts\/2912&title=Die neue Regelung zum Energieeffizienz-Zertifikat\"  onclick=\"javascript:void window.open('http:\/\/sns.qzone.qq.com\/cgi-bin\/qzshare\/cgi_qzshare_onekey?url=www.fabregat-perulles-sales.com\/actualidad\/wp-json\/wp\/v2\/posts\/2912&title=Die neue Regelung zum Energieeffizienz-Zertifikat','1410949501326','width=700,height=500,toolbar=0,menubar=0,location=0,status=1,scrollbars=1,resizable=1,left=0,top=0');return false;\" style=\"background-position: -420px -120px \"><\/a>\r\n\t\t\t\t\t<\/li>\r\n\t\t\t\t\t\t\t\t\t\t<li class=\"none nobackground \" >\r\n\r\n\t\t\t\t\t\t\t\t\t\t\t\t<a id=\"backforunical2912\" href=\"http:\/\/service.weibo.com\/share\/share.php?url=www.fabregat-perulles-sales.com\/actualidad\/wp-json\/wp\/v2\/posts\/2912&appkey=&title=Die neue Regelung zum Energieeffizienz-Zertifikat&pic=&ralateUid=&\"  onclick=\"javascript:void window.open('http:\/\/service.weibo.com\/share\/share.php?url=www.fabregat-perulles-sales.com\/actualidad\/wp-json\/wp\/v2\/posts\/2912&appkey=&title=Die neue Regelung zum Energieeffizienz-Zertifikat&pic=&ralateUid=&','1410949501326','width=700,height=500,toolbar=0,menubar=0,location=0,status=1,scrollbars=1,resizable=1,left=0,top=0');return false;\" style=\"background-position: -450px -120px \"><\/a>\r\n\t\t\t\t\t<\/li>\r\n\t\t\t\t\t\t\t\t\t\t<li class=\"none nobackground \" >\r\n\r\n\t\t\t\t\t\t\t\t\t\t\t\t<a id=\"backforunical2912\" href=\"http:\/\/widget.renren.com\/dialog\/share?resourceUrl=www.fabregat-perulles-sales.com\/actualidad\/wp-json\/wp\/v2\/posts\/2912&srcUrl=www.fabregat-perulles-sales.com\/actualidad\/wp-json\/wp\/v2\/posts\/2912&title=Die neue Regelung zum Energieeffizienz-Zertifikat\"  onclick=\"javascript:void window.open('http:\/\/widget.renren.com\/dialog\/share?resourceUrl=www.fabregat-perulles-sales.com\/actualidad\/wp-json\/wp\/v2\/posts\/2912&srcUrl=www.fabregat-perulles-sales.com\/actualidad\/wp-json\/wp\/v2\/posts\/2912&title=Die neue Regelung zum Energieeffizienz-Zertifikat','1410949501326','width=700,height=500,toolbar=0,menubar=0,location=0,status=1,scrollbars=1,resizable=1,left=0,top=0');return false;\" style=\"background-position: -480px -120px \"><\/a>\r\n\t\t\t\t\t<\/li>\r\n\t\t\t\t\t\t\t\t\t\t<li class=\"none nobackground \" >\r\n\r\n\t\t\t\t\t\t\t\t\t\t\t\t<a id=\"backforunical2912\" href=\"http:\/\/n4g.com\/tips?url=www.fabregat-perulles-sales.com\/actualidad\/wp-json\/wp\/v2\/posts\/2912&title=Die neue Regelung zum Energieeffizienz-Zertifikat\"  onclick=\"javascript:void window.open('http:\/\/n4g.com\/tips?url=www.fabregat-perulles-sales.com\/actualidad\/wp-json\/wp\/v2\/posts\/2912&title=Die neue Regelung zum Energieeffizienz-Zertifikat','1410949501326','width=700,height=500,toolbar=0,menubar=0,location=0,status=1,scrollbars=1,resizable=1,left=0,top=0');return false;\" style=\"background-position: -510px -120px \"><\/a>\r\n\t\t\t\t\t<\/li>\r\n\t\t\t\t\t\t\t\t<\/ul>\r\n\t\t\t<div class=\"clear\"><\/div>\r\n\t\t<\/div>\r\n\t\t","protected":false},"excerpt":{"rendered":"<p>Am 6. Juni 2017 wurde das Real Decreto 564\/2017 (K\u00f6niglicher Erlass) vom 2. Juni ver\u00f6ffentlicht, durch welches die Regelungen zum Energieeffizienz-Zertifikat (Real Decreto 235\/2013 vom 5. April) ge\u00e4ndert wurden. Share This:<\/p>\n","protected":false},"author":3,"featured_media":0,"comment_status":"open","ping_status":"closed","sticky":false,"template":"","format":"standard","meta":[],"categories":[20,86,468,3,74],"tags":[1047,1046,1044,1045,1048],"yoast_head":"<!-- This site is optimized with the Yoast SEO plugin v20.2.1 - https:\/\/yoast.com\/wordpress\/plugins\/seo\/ -->\n<title>Energieeffizienz-Zertifikat<\/title>\n<meta name=\"description\" content=\"Am 6. Juni 2017 wurde das Real Decreto 564\/2017 (K\u00f6niglicher Erlass) vom 2. Juni ver\u00f6ffentlicht, durch welches die Regelungen zum Energieeffizienz-Zertifikat\" \/>\n<meta name=\"robots\" content=\"index, follow, max-snippet:-1, max-image-preview:large, max-video-preview:-1\" \/>\n<link rel=\"canonical\" href=\"https:\/\/www.fabregat-perulles-sales.com\/actualidad\/die-neue-regelung-zum-energieeffizienz-zertifikat\/\" \/>\n<meta property=\"og:locale\" content=\"en_US\" \/>\n<meta property=\"og:type\" content=\"article\" \/>\n<meta property=\"og:title\" content=\"Energieeffizienz-Zertifikat\" \/>\n<meta property=\"og:description\" content=\"Am 6. Juni 2017 wurde das Real Decreto 564\/2017 (K\u00f6niglicher Erlass) vom 2. Juni ver\u00f6ffentlicht, durch welches die Regelungen zum Energieeffizienz-Zertifikat\" \/>\n<meta property=\"og:url\" content=\"https:\/\/www.fabregat-perulles-sales.com\/actualidad\/die-neue-regelung-zum-energieeffizienz-zertifikat\/\" \/>\n<meta property=\"og:site_name\" content=\"International Lawyers\" \/>\n<meta property=\"article:published_time\" content=\"2017-10-02T18:27:01+00:00\" \/>\n<meta property=\"article:modified_time\" content=\"2017-12-04T09:17:49+00:00\" \/>\n<meta property=\"og:image\" content=\"http:\/\/www.fabregat-perulles-sales.com\/actualidad\/wp-content\/uploads\/2016\/07\/propiedad-intelectual-abogados-espanol-300x300.jpg\" \/>\n<meta name=\"author\" content=\"Victor\" \/>\n<meta name=\"twitter:card\" content=\"summary_large_image\" \/>\n<meta name=\"twitter:label1\" content=\"Written by\" \/>\n\t<meta name=\"twitter:data1\" content=\"Victor\" \/>\n\t<meta name=\"twitter:label2\" content=\"Est. reading time\" \/>\n\t<meta name=\"twitter:data2\" content=\"1 minute\" \/>\n<script type=\"application\/ld+json\" class=\"yoast-schema-graph\">{\"@context\":\"https:\/\/schema.org\",\"@graph\":[{\"@type\":\"WebPage\",\"@id\":\"https:\/\/www.fabregat-perulles-sales.com\/actualidad\/die-neue-regelung-zum-energieeffizienz-zertifikat\/\",\"url\":\"https:\/\/www.fabregat-perulles-sales.com\/actualidad\/die-neue-regelung-zum-energieeffizienz-zertifikat\/\",\"name\":\"Energieeffizienz-Zertifikat\",\"isPartOf\":{\"@id\":\"https:\/\/www.fabregat-perulles-sales.com\/actualidad\/#website\"},\"datePublished\":\"2017-10-02T18:27:01+00:00\",\"dateModified\":\"2017-12-04T09:17:49+00:00\",\"author\":{\"@id\":\"https:\/\/www.fabregat-perulles-sales.com\/actualidad\/#\/schema\/person\/cabc1d68c7778f01d5e069c2d98442e3\"},\"description\":\"Am 6. Juni 2017 wurde das Real Decreto 564\/2017 (K\u00f6niglicher Erlass) vom 2. Juni ver\u00f6ffentlicht, durch welches die Regelungen zum Energieeffizienz-Zertifikat\",\"breadcrumb\":{\"@id\":\"https:\/\/www.fabregat-perulles-sales.com\/actualidad\/die-neue-regelung-zum-energieeffizienz-zertifikat\/#breadcrumb\"},\"inLanguage\":\"en-US\",\"potentialAction\":[{\"@type\":\"ReadAction\",\"target\":[\"https:\/\/www.fabregat-perulles-sales.com\/actualidad\/die-neue-regelung-zum-energieeffizienz-zertifikat\/\"]}]},{\"@type\":\"BreadcrumbList\",\"@id\":\"https:\/\/www.fabregat-perulles-sales.com\/actualidad\/die-neue-regelung-zum-energieeffizienz-zertifikat\/#breadcrumb\",\"itemListElement\":[{\"@type\":\"ListItem\",\"position\":1,\"name\":\"Home\",\"item\":\"https:\/\/www.fabregat-perulles-sales.com\/actualidad\/\"},{\"@type\":\"ListItem\",\"position\":2,\"name\":\"Die neue Regelung zum Energieeffizienz-Zertifikat\"}]},{\"@type\":\"WebSite\",\"@id\":\"https:\/\/www.fabregat-perulles-sales.com\/actualidad\/#website\",\"url\":\"https:\/\/www.fabregat-perulles-sales.com\/actualidad\/\",\"name\":\"www.fabregat-perulles-sales.com\",\"description\":\"Fabregat Perulles Sales Abogados is a law firm of reference international market in the Spanish-German, Spanish-French, and Spanish-Italian. Is one of the first firms in Barcelona offering a Russian Desk.\",\"potentialAction\":[{\"@type\":\"SearchAction\",\"target\":{\"@type\":\"EntryPoint\",\"urlTemplate\":\"https:\/\/www.fabregat-perulles-sales.com\/actualidad\/?s={search_term_string}\"},\"query-input\":\"required name=search_term_string\"}],\"inLanguage\":\"en-US\"},{\"@type\":\"Person\",\"@id\":\"https:\/\/www.fabregat-perulles-sales.com\/actualidad\/#\/schema\/person\/cabc1d68c7778f01d5e069c2d98442e3\",\"name\":\"Victor\",\"image\":{\"@type\":\"ImageObject\",\"inLanguage\":\"en-US\",\"@id\":\"https:\/\/www.fabregat-perulles-sales.com\/actualidad\/#\/schema\/person\/image\/\",\"url\":\"https:\/\/secure.gravatar.com\/avatar\/756cb666a964d2960ffe307b8a53b271?s=96&d=mm&r=g\",\"contentUrl\":\"https:\/\/secure.gravatar.com\/avatar\/756cb666a964d2960ffe307b8a53b271?s=96&d=mm&r=g\",\"caption\":\"Victor\"},\"sameAs\":[\"http:\/\/www.fabregat-perulles-sales.com\"],\"url\":\"https:\/\/www.fabregat-perulles-sales.com\/actualidad\/author\/victor\/\"}]}<\/script>\n<!-- \/ Yoast SEO plugin. -->","yoast_head_json":{"title":"Energieeffizienz-Zertifikat","description":"Am 6. Juni 2017 wurde das Real Decreto 564\/2017 (K\u00f6niglicher Erlass) vom 2. Juni ver\u00f6ffentlicht, durch welches die Regelungen zum Energieeffizienz-Zertifikat","robots":{"index":"index","follow":"follow","max-snippet":"max-snippet:-1","max-image-preview":"max-image-preview:large","max-video-preview":"max-video-preview:-1"},"canonical":"https:\/\/www.fabregat-perulles-sales.com\/actualidad\/die-neue-regelung-zum-energieeffizienz-zertifikat\/","og_locale":"en_US","og_type":"article","og_title":"Energieeffizienz-Zertifikat","og_description":"Am 6. Juni 2017 wurde das Real Decreto 564\/2017 (K\u00f6niglicher Erlass) vom 2. Juni ver\u00f6ffentlicht, durch welches die Regelungen zum Energieeffizienz-Zertifikat","og_url":"https:\/\/www.fabregat-perulles-sales.com\/actualidad\/die-neue-regelung-zum-energieeffizienz-zertifikat\/","og_site_name":"International Lawyers","article_published_time":"2017-10-02T18:27:01+00:00","article_modified_time":"2017-12-04T09:17:49+00:00","og_image":[{"url":"http:\/\/www.fabregat-perulles-sales.com\/actualidad\/wp-content\/uploads\/2016\/07\/propiedad-intelectual-abogados-espanol-300x300.jpg"}],"author":"Victor","twitter_card":"summary_large_image","twitter_misc":{"Written by":"Victor","Est. reading time":"1 minute"},"schema":{"@context":"https:\/\/schema.org","@graph":[{"@type":"WebPage","@id":"https:\/\/www.fabregat-perulles-sales.com\/actualidad\/die-neue-regelung-zum-energieeffizienz-zertifikat\/","url":"https:\/\/www.fabregat-perulles-sales.com\/actualidad\/die-neue-regelung-zum-energieeffizienz-zertifikat\/","name":"Energieeffizienz-Zertifikat","isPartOf":{"@id":"https:\/\/www.fabregat-perulles-sales.com\/actualidad\/#website"},"datePublished":"2017-10-02T18:27:01+00:00","dateModified":"2017-12-04T09:17:49+00:00","author":{"@id":"https:\/\/www.fabregat-perulles-sales.com\/actualidad\/#\/schema\/person\/cabc1d68c7778f01d5e069c2d98442e3"},"description":"Am 6. Juni 2017 wurde das Real Decreto 564\/2017 (K\u00f6niglicher Erlass) vom 2. Juni ver\u00f6ffentlicht, durch welches die Regelungen zum Energieeffizienz-Zertifikat","breadcrumb":{"@id":"https:\/\/www.fabregat-perulles-sales.com\/actualidad\/die-neue-regelung-zum-energieeffizienz-zertifikat\/#breadcrumb"},"inLanguage":"en-US","potentialAction":[{"@type":"ReadAction","target":["https:\/\/www.fabregat-perulles-sales.com\/actualidad\/die-neue-regelung-zum-energieeffizienz-zertifikat\/"]}]},{"@type":"BreadcrumbList","@id":"https:\/\/www.fabregat-perulles-sales.com\/actualidad\/die-neue-regelung-zum-energieeffizienz-zertifikat\/#breadcrumb","itemListElement":[{"@type":"ListItem","position":1,"name":"Home","item":"https:\/\/www.fabregat-perulles-sales.com\/actualidad\/"},{"@type":"ListItem","position":2,"name":"Die neue Regelung zum Energieeffizienz-Zertifikat"}]},{"@type":"WebSite","@id":"https:\/\/www.fabregat-perulles-sales.com\/actualidad\/#website","url":"https:\/\/www.fabregat-perulles-sales.com\/actualidad\/","name":"www.fabregat-perulles-sales.com","description":"Fabregat Perulles Sales Abogados is a law firm of reference international market in the Spanish-German, Spanish-French, and Spanish-Italian. Is one of the first firms in Barcelona offering a Russian Desk.","potentialAction":[{"@type":"SearchAction","target":{"@type":"EntryPoint","urlTemplate":"https:\/\/www.fabregat-perulles-sales.com\/actualidad\/?s={search_term_string}"},"query-input":"required name=search_term_string"}],"inLanguage":"en-US"},{"@type":"Person","@id":"https:\/\/www.fabregat-perulles-sales.com\/actualidad\/#\/schema\/person\/cabc1d68c7778f01d5e069c2d98442e3","name":"Victor","image":{"@type":"ImageObject","inLanguage":"en-US","@id":"https:\/\/www.fabregat-perulles-sales.com\/actualidad\/#\/schema\/person\/image\/","url":"https:\/\/secure.gravatar.com\/avatar\/756cb666a964d2960ffe307b8a53b271?s=96&d=mm&r=g","contentUrl":"https:\/\/secure.gravatar.com\/avatar\/756cb666a964d2960ffe307b8a53b271?s=96&d=mm&r=g","caption":"Victor"},"sameAs":["http:\/\/www.fabregat-perulles-sales.com"],"url":"https:\/\/www.fabregat-perulles-sales.com\/actualidad\/author\/victor\/"}]}},"amp_enabled":true,"_links":{"self":[{"href":"https:\/\/www.fabregat-perulles-sales.com\/actualidad\/wp-json\/wp\/v2\/posts\/2912"}],"collection":[{"href":"https:\/\/www.fabregat-perulles-sales.com\/actualidad\/wp-json\/wp\/v2\/posts"}],"about":[{"href":"https:\/\/www.fabregat-perulles-sales.com\/actualidad\/wp-json\/wp\/v2\/types\/post"}],"author":[{"embeddable":true,"href":"https:\/\/www.fabregat-perulles-sales.com\/actualidad\/wp-json\/wp\/v2\/users\/3"}],"replies":[{"embeddable":true,"href":"https:\/\/www.fabregat-perulles-sales.com\/actualidad\/wp-json\/wp\/v2\/comments?post=2912"}],"version-history":[{"count":3,"href":"https:\/\/www.fabregat-perulles-sales.com\/actualidad\/wp-json\/wp\/v2\/posts\/2912\/revisions"}],"predecessor-version":[{"id":2915,"href":"https:\/\/www.fabregat-perulles-sales.com\/actualidad\/wp-json\/wp\/v2\/posts\/2912\/revisions\/2915"}],"wp:attachment":[{"href":"https:\/\/www.fabregat-perulles-sales.com\/actualidad\/wp-json\/wp\/v2\/media?parent=2912"}],"wp:term":[{"taxonomy":"category","embeddable":true,"href":"https:\/\/www.fabregat-perulles-sales.com\/actualidad\/wp-json\/wp\/v2\/categories?post=2912"},{"taxonomy":"post_tag","embeddable":true,"href":"https:\/\/www.fabregat-perulles-sales.com\/actualidad\/wp-json\/wp\/v2\/tags?post=2912"}],"curies":[{"name":"wp","href":"https:\/\/api.w.org\/{rel}","templated":true}]}}