{"id":2905,"date":"2017-09-28T09:51:59","date_gmt":"2017-09-28T08:51:59","guid":{"rendered":"http:\/\/www.fabregat-perulles-sales.com\/actualidad\/?p=2905"},"modified":"2017-12-04T10:20:06","modified_gmt":"2017-12-04T09:20:06","slug":"novedades-sobre-el-impuesto-sobre-las-estancias-en-establecimientos-turisticos-en-cataluna","status":"publish","type":"post","link":"https:\/\/www.fabregat-perulles-sales.com\/actualidad\/novedades-sobre-el-impuesto-sobre-las-estancias-en-establecimientos-turisticos-en-cataluna\/","title":{"rendered":"Novedades sobre el impuesto sobre las estancias en establecimientos tur\u00edsticos en Catalu\u00f1a"},"content":{"rendered":"<p><img decoding=\"async\" loading=\"lazy\" class=\"alignright size-medium wp-image-2906\" src=\"http:\/\/www.fabregat-perulles-sales.com\/actualidad\/wp-content\/uploads\/2017\/09\/impuesto-establecimiento-turistico-300x169.jpg\" alt=\"\" width=\"300\" height=\"169\" srcset=\"https:\/\/www.fabregat-perulles-sales.com\/actualidad\/wp-content\/uploads\/2017\/09\/impuesto-establecimiento-turistico-300x169.jpg 300w, https:\/\/www.fabregat-perulles-sales.com\/actualidad\/wp-content\/uploads\/2017\/09\/impuesto-establecimiento-turistico.jpg 640w\" sizes=\"(max-width: 300px) 100vw, 300px\" \/>El pasado 21 de septiembre se public\u00f3 en el DOGC el <a href=\"http:\/\/dogc.gencat.cat\/es\/pdogc_canals_interns\/pdogc_resultats_fitxa\/?action=fitxa&amp;documentId=797306&amp;language=es_ES\">Decreto 141\/2017, de 19 de septiembre,<\/a> que aprueba el Reglamento del impuesto sobre las estancias en establecimientos tur\u00edsticos, el cual complementa la <a href=\"https:\/\/www.boe.es\/diario_boe\/txt.php?id=BOE-A-2017-7353\">Ley 5\/2017, del 28 de marzo,<\/a> y deroga el anterior Reglamento regulado en los Decretos<a href=\"http:\/\/portaldogc.gencat.cat\/utilsEADOP\/PDF\/6238\/1266114.pdf\"> 129\/2012 de 9 de Octubre<\/a> y <a href=\"http:\/\/dogc.gencat.cat\/es\/pdogc_canals_interns\/pdogc_resultats_fitxa\/?action=fitxa&amp;documentId=789692&amp;language=es_ES\">60\/2017 de 12 de junio.<\/a><\/p>\n<p>La nueva reglamentaci\u00f3n ha sido necesaria debido a los importantes cambios surgidos en el sector tur\u00edstico, entre otros, el extendido uso de plataformas tecnol\u00f3gicas de comercializaci\u00f3n de alojamientos tur\u00edsticos.<\/p>\n<p>El Reglamento tiene como objetivos alcanzar una mejor eficiencia de la gesti\u00f3n del tributo, facilitar las obligaciones de informaci\u00f3n, incrementar la seguridad jur\u00eddica y disminuir las cargas administrativas.<\/p>\n<p>Entre las novedades relevantes destaca la regulaci\u00f3n de aspectos relativos a la resoluci\u00f3n de habilitaci\u00f3n, al convenio y a las auditor\u00edas de las plataformas tecnol\u00f3gicas del <strong>asistente en la recaudaci\u00f3n. <\/strong>Se trata de una nueva figura introducida por la <a href=\"https:\/\/www.boe.es\/diario_boe\/txt.php?id=BOE-A-2017-7353\">Ley 5\/2017<\/a>, que puede ser una persona intermediaria o \u00a0una empresa tur\u00edstica de alojamiento y de profesionales, empresas, entidades u operadores de plataformas tecnol\u00f3gicas que comercializan, \u00a0cuyo cometido es liberar a los sustitutos del contribuyente de cargas fiscales asociadas al impuesto, operando a trav\u00e9s de los mismos ante la Hacienda P\u00fablica. Por un lado se simplifica por lo tanto la estructura de cargas administrativas facilitando la relaci\u00f3n entre la persona titular de la explotaci\u00f3n y las personas que realizan las estancias, y por el otro, \u00a0se incluyen nuevas obligaciones frente al asistente en la recaudaci\u00f3n a cargo del sustituto.<!--more--><\/p>\n<p>El impuesto deber\u00e1 liquidarse semestralmente, y no trimestralmente como ven\u00eda haci\u00e9ndose hasta ahora.\u00a0 Asimismo, se prev\u00e9 una nueva forma de gesti\u00f3n del tributo, la \u201c<strong>autoliquidaci\u00f3n agregada<\/strong>\u201d, con la cual en lugar de presentar m\u00faltiples autoliquidaciones respecto a un colectivo de sustitutos o a un grupo de establecimientos, se puede realizar un pago \u00fanico de forma agregada con un solo tr\u00e1mite, si bien incluyendo las autoliquidaciones individuales correspondientes.<\/p>\n<p>El Reglamento introduce nuevos supuestos de\u00a0 exenci\u00f3n relativos a las causas de fuerza mayor (por ejemplo, cat\u00e1strofes) y por motivos de salud, estableciendo los requisitos correspondientes para su aplicaci\u00f3n.<\/p>\n<p>Adem\u00e1s, las autoridades portuarias est\u00e1n obligadas a comunicar peri\u00f3dicamente a la Agencia Tributaria de Catalunya la relaci\u00f3n de cruceros que han amarrado durante el a\u00f1o anterior, indicando el n\u00famero de pasajeros en tr\u00e1nsito, as\u00ed como la fecha de inicio y final de amarraje.<\/p>\n<p>Finalmente, si no fuese posible la tramitaci\u00f3n telem\u00e1tica de los datos prevista por el reglamento, se habilitaran otros canales de presentaci\u00f3n e ingreso.<\/p>\n\r\n\t\t<style>\r\n\t\t\t.huge-it-share-buttons {\r\n\t\t\t\tborder:0px solid #0FB5D6;\r\n\t\t\t\tborder-radius:5px;\r\n\t\t\t\tbackground:#3BD8FF;\r\n\t\t\t text-align:left; \t\t\t\t\t\t\t\t\t}\r\n\r\n\t\t\t#huge-it-share-buttons-top {margin-bottom:0px;}\r\n\t\t\t#huge-it-share-buttons-bottom {margin-top:0px;}\r\n\r\n\t\t\t.huge-it-share-buttons h3 {\r\n\t\t\t\tfont-size:25px ;\r\n\t\t\t\tfont-family:Arial,Helvetica Neue,Helvetica,sans-serif;\r\n\t\t\t\tcolor:#666666;\r\n\r\n\t\t\tdisplay:block;\t\t\t\tline-height:25px ;\r\n\r\n\t\t\t text-align:left; \t\t\t\t\t\t\t\t\t}\r\n\r\n\t\t\t.huge-it-share-buttons ul {\r\n\t\t\t float:left; \t\t\t\t\t\t\t\t\t}\r\n\r\n\t\t\t.huge-it-share-buttons ul li {\r\n\t\t\t\tmargin-left:3px;\r\n\t\t\t\tmargin-right:3px;\r\n\t\t\t\tpadding:0px;\r\n\t\t\t\tborder:0px ridge #E6354C;\r\n\t\t\t\tborder-radius:11px;\r\n\t\t\t\tbackground-color:#14CC9B;\r\n\t\t\t}\r\n\r\n\t\t\t.huge-it-share-buttons ul li #backforunical2905 {\r\n\t\t\t\tborder-bottom: 0;\r\n\t\t\t\tbackground-image:url('https:\/\/www.fabregat-perulles-sales.com\/actualidad\/wp-content\/plugins\/wp-share-buttons\/Front_end\/..\/images\/buttons.30.png');\r\n\t\t\t\twidth:30px;\r\n\t\t\t\theight:30px;\r\n\t\t\t}\r\n\r\n\t\t\t.front-shares-count {\r\n\t\t\t\tposition: absolute;\r\n\t\t\t\ttext-align: center;\r\n\t\t\t\tdisplay: block;\r\n\t\t\t}\r\n\r\n\t\t\t.shares_size20 .front-shares-count {\r\n\t\t\t\tfont-size: 10px;\r\n\t\t\t\ttop: 10px;\r\n\t\t\t\twidth: 20px;\r\n\t\t\t}\r\n\r\n\t\t\t.shares_size30 .front-shares-count {\r\n\t\t\t\tfont-size: 11px;\r\n\t\t\t\ttop: 15px;\r\n\t\t\t\twidth: 30px;\r\n\t\t\t}\r\n\r\n\t\t\t.shares_size40 .front-shares-count {\r\n\t\t\t\tfont-size: 12px;\r\n\t\t\t\ttop: 21px;\r\n\t\t\t\twidth: 40px;\r\n\t\t\t}\r\n\t\t<\/style>\r\n\t\t\r\n\t\t<div id=\"huge-it-share-buttons-top\" class=\"huge-it-share-buttons nobackground\">\r\n\t\t\t<h3>Share This:<\/h3>\r\n\t\t\t<ul class=\"huge-it-share-buttons-list \">\r\n\t\t\t\t\t\t\t\t\t<li class=\"nobackground \" >\r\n\r\n\t\t\t\t\t\t\t\t\t\t\t\t<a id=\"backforunical2905\" href=\"https:\/\/www.facebook.com\/sharer\/sharer.php?u=www.fabregat-perulles-sales.com\/actualidad\/wp-json\/wp\/v2\/posts\/2905\"  onclick=\"javascript:void window.open('https:\/\/www.facebook.com\/sharer\/sharer.php?u=www.fabregat-perulles-sales.com\/actualidad\/wp-json\/wp\/v2\/posts\/2905','1410949501326','width=700,height=500,toolbar=0,menubar=0,location=0,status=1,scrollbars=1,resizable=1,left=0,top=0');return false;\" style=\"background-position: -0px -120px \"><\/a>\r\n\t\t\t\t\t<\/li>\r\n\t\t\t\t\t\t\t\t\t\t<li class=\"nobackground \" >\r\n\r\n\t\t\t\t\t\t\t\t\t\t\t\t<a id=\"backforunical2905\" href=\"https:\/\/twitter.com\/share?status=www.fabregat-perulles-sales.com\/actualidad\/wp-json\/wp\/v2\/posts\/2905&text=Novedades sobre el impuesto sobre las estancias en establecimientos tur\u00edsticos en Catalu\u00f1a\"  onclick=\"javascript:void window.open('https:\/\/twitter.com\/share?status=www.fabregat-perulles-sales.com\/actualidad\/wp-json\/wp\/v2\/posts\/2905&text=Novedades sobre el impuesto sobre las estancias en establecimientos tur\u00edsticos en Catalu\u00f1a','1410949501326','width=700,height=500,toolbar=0,menubar=0,location=0,status=1,scrollbars=1,resizable=1,left=0,top=0');return false;\" style=\"background-position: -30px -120px \"><\/a>\r\n\t\t\t\t\t<\/li>\r\n\t\t\t\t\t\t\t\t\t\t<li class=\"none nobackground \" >\r\n\r\n\t\t\t\t\t\t\t\t\t\t\t\t<a id=\"backforunical2905\" href=\"http:\/\/www.pinterest.com\/pin\/create\/button\/?url=www.fabregat-perulles-sales.com\/actualidad\/wp-json\/wp\/v2\/posts\/2905&media=https:\/\/www.fabregat-perulles-sales.com\/actualidad\/wp-content\/plugins\/wp-share-buttons\/Front_end\/..\/images\/noimage.png&description=Novedades sobre el impuesto sobre las estancias en establecimientos tur\u00edsticos en Catalu\u00f1a\"  onclick=\"javascript:void window.open('http:\/\/www.pinterest.com\/pin\/create\/button\/?url=www.fabregat-perulles-sales.com\/actualidad\/wp-json\/wp\/v2\/posts\/2905&media=https:\/\/www.fabregat-perulles-sales.com\/actualidad\/wp-content\/plugins\/wp-share-buttons\/Front_end\/..\/images\/noimage.png&description=Novedades sobre el impuesto sobre las estancias en establecimientos tur\u00edsticos en Catalu\u00f1a','1410949501326','width=700,height=500,toolbar=0,menubar=0,location=0,status=1,scrollbars=1,resizable=1,left=0,top=0');return false;\" style=\"background-position: -60px -120px \"><\/a>\r\n\t\t\t\t\t<\/li>\r\n\t\t\t\t\t\t\t\t\t\t<li class=\"none nobackground \" >\r\n\r\n\t\t\t\t\t\t\t\t\t\t\t\t<a id=\"backforunical2905\" href=\"https:\/\/plus.google.com\/share?url=www.fabregat-perulles-sales.com\/actualidad\/wp-json\/wp\/v2\/posts\/2905\"  onclick=\"javascript:void window.open('https:\/\/plus.google.com\/share?url=www.fabregat-perulles-sales.com\/actualidad\/wp-json\/wp\/v2\/posts\/2905','1410949501326','width=700,height=500,toolbar=0,menubar=0,location=0,status=1,scrollbars=1,resizable=1,left=0,top=0');return false;\" style=\"background-position: -90px -120px \"><\/a>\r\n\t\t\t\t\t<\/li>\r\n\t\t\t\t\t\t\t\t\t\t<li class=\"nobackground \" >\r\n\r\n\t\t\t\t\t\t\t\t\t\t\t\t<a id=\"backforunical2905\" href=\"https:\/\/www.linkedin.com\/shareArticle?title=Novedades sobre el impuesto sobre las estancias en establecimientos tur\u00edsticos en Catalu\u00f1a&mini=true&url=https:\/\/www.fabregat-perulles-sales.com\/actualidad\/wp-json\/wp\/v2\/posts\/2905\"  onclick=\"javascript:void window.open('https:\/\/www.linkedin.com\/shareArticle?title=Novedades sobre el impuesto sobre las estancias en establecimientos tur\u00edsticos en Catalu\u00f1a&mini=true&url=https:\/\/www.fabregat-perulles-sales.com\/actualidad\/wp-json\/wp\/v2\/posts\/2905','1410949501326','width=700,height=500,toolbar=0,menubar=0,location=0,status=1,scrollbars=1,resizable=1,left=0,top=0');return false;\" style=\"background-position: -120px -120px \"><\/a>\r\n\t\t\t\t\t<\/li>\r\n\t\t\t\t\t\t\t\t\t\t<li class=\"none nobackground \" >\r\n\r\n\t\t\t\t\t\t\t\t\t\t\t\t<a id=\"backforunical2905\" href=\"https:\/\/www.tumblr.com\/share\/link?url=www.fabregat-perulles-sales.com\/actualidad\/wp-json\/wp\/v2\/posts\/2905&name=Novedades sobre el impuesto sobre las estancias en establecimientos tur\u00edsticos en Catalu\u00f1a\"  onclick=\"javascript:void window.open('https:\/\/www.tumblr.com\/share\/link?url=www.fabregat-perulles-sales.com\/actualidad\/wp-json\/wp\/v2\/posts\/2905&name=Novedades sobre el impuesto sobre las estancias en establecimientos tur\u00edsticos en Catalu\u00f1a','1410949501326','width=700,height=500,toolbar=0,menubar=0,location=0,status=1,scrollbars=1,resizable=1,left=0,top=0');return false;\" style=\"background-position: -150px -120px \"><\/a>\r\n\t\t\t\t\t<\/li>\r\n\t\t\t\t\t\t\t\t\t\t<li class=\"none nobackground \" >\r\n\r\n\t\t\t\t\t\t\t\t\t\t\t\t<a id=\"backforunical2905\" href=\"http:\/\/digg.com\/submit?phase=2&url=www.fabregat-perulles-sales.com\/actualidad\/wp-json\/wp\/v2\/posts\/2905&title=Novedades sobre el impuesto sobre las estancias en establecimientos tur\u00edsticos en Catalu\u00f1a\"  onclick=\"javascript:void window.open('http:\/\/digg.com\/submit?phase=2&url=www.fabregat-perulles-sales.com\/actualidad\/wp-json\/wp\/v2\/posts\/2905&title=Novedades sobre el impuesto sobre las estancias en establecimientos tur\u00edsticos en Catalu\u00f1a','1410949501326','width=700,height=500,toolbar=0,menubar=0,location=0,status=1,scrollbars=1,resizable=1,left=0,top=0');return false;\" style=\"background-position: -180px -120px \"><\/a>\r\n\t\t\t\t\t<\/li>\r\n\t\t\t\t\t\t\t\t\t\t<li class=\"none nobackground \" >\r\n\r\n\t\t\t\t\t\t\t\t\t\t\t\t<a id=\"backforunical2905\" href=\"http:\/\/www.stumbleupon.com\/submit?url=www.fabregat-perulles-sales.com\/actualidad\/wp-json\/wp\/v2\/posts\/2905&title=Novedades sobre el impuesto sobre las estancias en establecimientos tur\u00edsticos en Catalu\u00f1a\"  onclick=\"javascript:void window.open('http:\/\/www.stumbleupon.com\/submit?url=www.fabregat-perulles-sales.com\/actualidad\/wp-json\/wp\/v2\/posts\/2905&title=Novedades sobre el impuesto sobre las estancias en establecimientos tur\u00edsticos en Catalu\u00f1a','1410949501326','width=700,height=500,toolbar=0,menubar=0,location=0,status=1,scrollbars=1,resizable=1,left=0,top=0');return false;\" style=\"background-position: -210px -120px \"><\/a>\r\n\t\t\t\t\t<\/li>\r\n\t\t\t\t\t\t\t\t\t\t<li class=\"none nobackground \" >\r\n\r\n\t\t\t\t\t\t\t\t\t\t\t\t<a id=\"backforunical2905\" href=\"https:\/\/myspace.com\/post?l=3&u=www.fabregat-perulles-sales.com\/actualidad\/wp-json\/wp\/v2\/posts\/2905\"  onclick=\"javascript:void window.open('https:\/\/myspace.com\/post?l=3&u=www.fabregat-perulles-sales.com\/actualidad\/wp-json\/wp\/v2\/posts\/2905','1410949501326','width=700,height=500,toolbar=0,menubar=0,location=0,status=1,scrollbars=1,resizable=1,left=0,top=0');return false;\" style=\"background-position: -240px -120px \"><\/a>\r\n\t\t\t\t\t<\/li>\r\n\t\t\t\t\t\t\t\t\t\t<li class=\"nobackground \" >\r\n\r\n\t\t\t\t\t\t\t\t\t\t\t\t<a id=\"backforunical2905\" href=\"http:\/\/vk.com\/share.php?url=www.fabregat-perulles-sales.com\/actualidad\/wp-json\/wp\/v2\/posts\/2905&title=Novedades sobre el impuesto sobre las estancias en establecimientos tur\u00edsticos en Catalu\u00f1a\"  onclick=\"javascript:void window.open('http:\/\/vk.com\/share.php?url=www.fabregat-perulles-sales.com\/actualidad\/wp-json\/wp\/v2\/posts\/2905&title=Novedades sobre el impuesto sobre las estancias en establecimientos tur\u00edsticos en Catalu\u00f1a','1410949501326','width=700,height=500,toolbar=0,menubar=0,location=0,status=1,scrollbars=1,resizable=1,left=0,top=0');return false;\" style=\"background-position: -270px -120px \"><\/a>\r\n\t\t\t\t\t<\/li>\r\n\t\t\t\t\t\t\t\t\t\t<li class=\"none nobackground \" >\r\n\r\n\t\t\t\t\t\t\t\t\t\t\t\t<a id=\"backforunical2905\" href=\"http:\/\/www.reddit.com\/submit?url=www.fabregat-perulles-sales.com\/actualidad\/wp-json\/wp\/v2\/posts\/2905&title=Novedades sobre el impuesto sobre las estancias en establecimientos tur\u00edsticos en Catalu\u00f1a\"  onclick=\"javascript:void window.open('http:\/\/www.reddit.com\/submit?url=www.fabregat-perulles-sales.com\/actualidad\/wp-json\/wp\/v2\/posts\/2905&title=Novedades sobre el impuesto sobre las estancias en establecimientos tur\u00edsticos en Catalu\u00f1a','1410949501326','width=700,height=500,toolbar=0,menubar=0,location=0,status=1,scrollbars=1,resizable=1,left=0,top=0');return false;\" style=\"background-position: -300px -120px \"><\/a>\r\n\t\t\t\t\t<\/li>\r\n\t\t\t\t\t\t\t\t\t\t<li class=\"none nobackground \" >\r\n\r\n\t\t\t\t\t\t\t\t\t\t\t\t<a id=\"backforunical2905\" href=\"http:\/\/www.bebo.com\/c\/share?Url=www.fabregat-perulles-sales.com\/actualidad\/wp-json\/wp\/v2\/posts\/2905\"  onclick=\"javascript:void window.open('http:\/\/www.bebo.com\/c\/share?Url=www.fabregat-perulles-sales.com\/actualidad\/wp-json\/wp\/v2\/posts\/2905','1410949501326','width=700,height=500,toolbar=0,menubar=0,location=0,status=1,scrollbars=1,resizable=1,left=0,top=0');return false;\" style=\"background-position: -330px -120px \"><\/a>\r\n\t\t\t\t\t<\/li>\r\n\t\t\t\t\t\t\t\t\t\t<li class=\"none nobackground \" >\r\n\r\n\t\t\t\t\t\t\t\t\t\t\t\t<a id=\"backforunical2905\" href=\"https:\/\/delicious.com\/save?v=5&noui&jump=close&url=www.fabregat-perulles-sales.com\/actualidad\/wp-json\/wp\/v2\/posts\/2905&title=Novedades sobre el impuesto sobre las estancias en establecimientos tur\u00edsticos en Catalu\u00f1a\"  onclick=\"javascript:void window.open('https:\/\/delicious.com\/save?v=5&noui&jump=close&url=www.fabregat-perulles-sales.com\/actualidad\/wp-json\/wp\/v2\/posts\/2905&title=Novedades sobre el impuesto sobre las estancias en establecimientos tur\u00edsticos en Catalu\u00f1a','1410949501326','width=700,height=500,toolbar=0,menubar=0,location=0,status=1,scrollbars=1,resizable=1,left=0,top=0');return false;\" style=\"background-position: -360px -120px \"><\/a>\r\n\t\t\t\t\t<\/li>\r\n\t\t\t\t\t\t\t\t\t\t<li class=\"none nobackground \" >\r\n\r\n\t\t\t\t\t\t\t\t\t\t\t\t<a id=\"backforunical2905\" href=\"http:\/\/www.odnoklassniki.ru\/dk?st.cmd=addShare&st.s=2&st.noresize=on&st._surl=www.fabregat-perulles-sales.com\/actualidad\/wp-json\/wp\/v2\/posts\/2905\"  onclick=\"javascript:void window.open('http:\/\/www.odnoklassniki.ru\/dk?st.cmd=addShare&st.s=2&st.noresize=on&st._surl=www.fabregat-perulles-sales.com\/actualidad\/wp-json\/wp\/v2\/posts\/2905','1410949501326','width=700,height=500,toolbar=0,menubar=0,location=0,status=1,scrollbars=1,resizable=1,left=0,top=0');return false;\" style=\"background-position: -390px -120px \"><\/a>\r\n\t\t\t\t\t<\/li>\r\n\t\t\t\t\t\t\t\t\t\t<li class=\"none nobackground \" >\r\n\r\n\t\t\t\t\t\t\t\t\t\t\t\t<a id=\"backforunical2905\" href=\"http:\/\/sns.qzone.qq.com\/cgi-bin\/qzshare\/cgi_qzshare_onekey?url=www.fabregat-perulles-sales.com\/actualidad\/wp-json\/wp\/v2\/posts\/2905&title=Novedades sobre el impuesto sobre las estancias en establecimientos tur\u00edsticos en Catalu\u00f1a\"  onclick=\"javascript:void window.open('http:\/\/sns.qzone.qq.com\/cgi-bin\/qzshare\/cgi_qzshare_onekey?url=www.fabregat-perulles-sales.com\/actualidad\/wp-json\/wp\/v2\/posts\/2905&title=Novedades sobre el impuesto sobre las estancias en establecimientos tur\u00edsticos en Catalu\u00f1a','1410949501326','width=700,height=500,toolbar=0,menubar=0,location=0,status=1,scrollbars=1,resizable=1,left=0,top=0');return false;\" style=\"background-position: -420px -120px \"><\/a>\r\n\t\t\t\t\t<\/li>\r\n\t\t\t\t\t\t\t\t\t\t<li class=\"none nobackground \" >\r\n\r\n\t\t\t\t\t\t\t\t\t\t\t\t<a id=\"backforunical2905\" href=\"http:\/\/service.weibo.com\/share\/share.php?url=www.fabregat-perulles-sales.com\/actualidad\/wp-json\/wp\/v2\/posts\/2905&appkey=&title=Novedades sobre el impuesto sobre las estancias en establecimientos tur\u00edsticos en Catalu\u00f1a&pic=&ralateUid=&\"  onclick=\"javascript:void window.open('http:\/\/service.weibo.com\/share\/share.php?url=www.fabregat-perulles-sales.com\/actualidad\/wp-json\/wp\/v2\/posts\/2905&appkey=&title=Novedades sobre el impuesto sobre las estancias en establecimientos tur\u00edsticos en Catalu\u00f1a&pic=&ralateUid=&','1410949501326','width=700,height=500,toolbar=0,menubar=0,location=0,status=1,scrollbars=1,resizable=1,left=0,top=0');return false;\" style=\"background-position: -450px -120px \"><\/a>\r\n\t\t\t\t\t<\/li>\r\n\t\t\t\t\t\t\t\t\t\t<li class=\"none nobackground \" >\r\n\r\n\t\t\t\t\t\t\t\t\t\t\t\t<a id=\"backforunical2905\" href=\"http:\/\/widget.renren.com\/dialog\/share?resourceUrl=www.fabregat-perulles-sales.com\/actualidad\/wp-json\/wp\/v2\/posts\/2905&srcUrl=www.fabregat-perulles-sales.com\/actualidad\/wp-json\/wp\/v2\/posts\/2905&title=Novedades sobre el impuesto sobre las estancias en establecimientos tur\u00edsticos en Catalu\u00f1a\"  onclick=\"javascript:void window.open('http:\/\/widget.renren.com\/dialog\/share?resourceUrl=www.fabregat-perulles-sales.com\/actualidad\/wp-json\/wp\/v2\/posts\/2905&srcUrl=www.fabregat-perulles-sales.com\/actualidad\/wp-json\/wp\/v2\/posts\/2905&title=Novedades sobre el impuesto sobre las estancias en establecimientos tur\u00edsticos en Catalu\u00f1a','1410949501326','width=700,height=500,toolbar=0,menubar=0,location=0,status=1,scrollbars=1,resizable=1,left=0,top=0');return false;\" style=\"background-position: -480px -120px \"><\/a>\r\n\t\t\t\t\t<\/li>\r\n\t\t\t\t\t\t\t\t\t\t<li class=\"none nobackground \" >\r\n\r\n\t\t\t\t\t\t\t\t\t\t\t\t<a id=\"backforunical2905\" href=\"http:\/\/n4g.com\/tips?url=www.fabregat-perulles-sales.com\/actualidad\/wp-json\/wp\/v2\/posts\/2905&title=Novedades sobre el impuesto sobre las estancias en establecimientos tur\u00edsticos en Catalu\u00f1a\"  onclick=\"javascript:void window.open('http:\/\/n4g.com\/tips?url=www.fabregat-perulles-sales.com\/actualidad\/wp-json\/wp\/v2\/posts\/2905&title=Novedades sobre el impuesto sobre las estancias en establecimientos tur\u00edsticos en Catalu\u00f1a','1410949501326','width=700,height=500,toolbar=0,menubar=0,location=0,status=1,scrollbars=1,resizable=1,left=0,top=0');return false;\" style=\"background-position: -510px -120px \"><\/a>\r\n\t\t\t\t\t<\/li>\r\n\t\t\t\t\t\t\t\t<\/ul>\r\n\t\t\t<div class=\"clear\"><\/div>\r\n\t\t<\/div>\r\n\t\t","protected":false},"excerpt":{"rendered":"<p>El pasado 21 de septiembre se public\u00f3 en el DOGC el Decreto 141\/2017, de 19 de septiembre, que aprueba el Reglamento del impuesto sobre las estancias en establecimientos tur\u00edsticos, el cual complementa la Ley 5\/2017, del 28 de marzo, y deroga el anterior Reglamento regulado en los Decretos 129\/2012 de 9 de Octubre y 60\/2017\u2026 <span class=\"read-more\"><a href=\"https:\/\/www.fabregat-perulles-sales.com\/actualidad\/novedades-sobre-el-impuesto-sobre-las-estancias-en-establecimientos-turisticos-en-cataluna\/\">Read More &raquo;<\/a><\/span><\/p>\n","protected":false},"author":3,"featured_media":0,"comment_status":"open","ping_status":"closed","sticky":false,"template":"","format":"standard","meta":[],"categories":[20,86,12,466,1,3,25,70],"tags":[1036,1037,1038,1031,1034,1032,1042,1039,1035,1043,1033,1041,1040],"yoast_head":"<!-- This site is optimized with the Yoast SEO plugin v20.2.1 - https:\/\/yoast.com\/wordpress\/plugins\/seo\/ -->\n<title>Decreto 141\/2017, 19 de septiembre<\/title>\n<meta name=\"description\" content=\"Nuevo Reglamento que regula la autoliquidaci\u00f3n agregada, que pasar\u00e1 a ser semestral, el asistente en la recaudaci\u00f3n etc.\" \/>\n<meta name=\"robots\" content=\"index, follow, max-snippet:-1, max-image-preview:large, max-video-preview:-1\" \/>\n<link rel=\"canonical\" href=\"https:\/\/www.fabregat-perulles-sales.com\/actualidad\/novedades-sobre-el-impuesto-sobre-las-estancias-en-establecimientos-turisticos-en-cataluna\/\" \/>\n<meta property=\"og:locale\" content=\"en_US\" \/>\n<meta property=\"og:type\" content=\"article\" \/>\n<meta property=\"og:title\" content=\"Decreto 141\/2017, 19 de septiembre\" \/>\n<meta property=\"og:description\" content=\"Nuevo Reglamento que regula la autoliquidaci\u00f3n agregada, que pasar\u00e1 a ser semestral, el asistente en la recaudaci\u00f3n etc.\" \/>\n<meta property=\"og:url\" content=\"https:\/\/www.fabregat-perulles-sales.com\/actualidad\/novedades-sobre-el-impuesto-sobre-las-estancias-en-establecimientos-turisticos-en-cataluna\/\" \/>\n<meta property=\"og:site_name\" content=\"International Lawyers\" \/>\n<meta property=\"article:published_time\" content=\"2017-09-28T08:51:59+00:00\" \/>\n<meta property=\"article:modified_time\" content=\"2017-12-04T09:20:06+00:00\" \/>\n<meta property=\"og:image\" content=\"http:\/\/www.fabregat-perulles-sales.com\/actualidad\/wp-content\/uploads\/2017\/09\/impuesto-establecimiento-turistico-300x169.jpg\" \/>\n<meta name=\"author\" content=\"Victor\" \/>\n<meta name=\"twitter:card\" content=\"summary_large_image\" \/>\n<meta name=\"twitter:label1\" content=\"Written by\" \/>\n\t<meta name=\"twitter:data1\" content=\"Victor\" \/>\n\t<meta name=\"twitter:label2\" content=\"Est. reading time\" \/>\n\t<meta name=\"twitter:data2\" content=\"2 minutes\" \/>\n<script type=\"application\/ld+json\" class=\"yoast-schema-graph\">{\"@context\":\"https:\/\/schema.org\",\"@graph\":[{\"@type\":\"WebPage\",\"@id\":\"https:\/\/www.fabregat-perulles-sales.com\/actualidad\/novedades-sobre-el-impuesto-sobre-las-estancias-en-establecimientos-turisticos-en-cataluna\/\",\"url\":\"https:\/\/www.fabregat-perulles-sales.com\/actualidad\/novedades-sobre-el-impuesto-sobre-las-estancias-en-establecimientos-turisticos-en-cataluna\/\",\"name\":\"Decreto 141\/2017, 19 de septiembre\",\"isPartOf\":{\"@id\":\"https:\/\/www.fabregat-perulles-sales.com\/actualidad\/#website\"},\"datePublished\":\"2017-09-28T08:51:59+00:00\",\"dateModified\":\"2017-12-04T09:20:06+00:00\",\"author\":{\"@id\":\"https:\/\/www.fabregat-perulles-sales.com\/actualidad\/#\/schema\/person\/cabc1d68c7778f01d5e069c2d98442e3\"},\"description\":\"Nuevo Reglamento que regula la autoliquidaci\u00f3n agregada, que pasar\u00e1 a ser semestral, el asistente en la recaudaci\u00f3n etc.\",\"breadcrumb\":{\"@id\":\"https:\/\/www.fabregat-perulles-sales.com\/actualidad\/novedades-sobre-el-impuesto-sobre-las-estancias-en-establecimientos-turisticos-en-cataluna\/#breadcrumb\"},\"inLanguage\":\"en-US\",\"potentialAction\":[{\"@type\":\"ReadAction\",\"target\":[\"https:\/\/www.fabregat-perulles-sales.com\/actualidad\/novedades-sobre-el-impuesto-sobre-las-estancias-en-establecimientos-turisticos-en-cataluna\/\"]}]},{\"@type\":\"BreadcrumbList\",\"@id\":\"https:\/\/www.fabregat-perulles-sales.com\/actualidad\/novedades-sobre-el-impuesto-sobre-las-estancias-en-establecimientos-turisticos-en-cataluna\/#breadcrumb\",\"itemListElement\":[{\"@type\":\"ListItem\",\"position\":1,\"name\":\"Home\",\"item\":\"https:\/\/www.fabregat-perulles-sales.com\/actualidad\/\"},{\"@type\":\"ListItem\",\"position\":2,\"name\":\"Novedades sobre el impuesto sobre las estancias en establecimientos tur\u00edsticos en Catalu\u00f1a\"}]},{\"@type\":\"WebSite\",\"@id\":\"https:\/\/www.fabregat-perulles-sales.com\/actualidad\/#website\",\"url\":\"https:\/\/www.fabregat-perulles-sales.com\/actualidad\/\",\"name\":\"www.fabregat-perulles-sales.com\",\"description\":\"Fabregat Perulles Sales Abogados is a law firm of reference international market in the Spanish-German, Spanish-French, and Spanish-Italian. Is one of the first firms in Barcelona offering a Russian Desk.\",\"potentialAction\":[{\"@type\":\"SearchAction\",\"target\":{\"@type\":\"EntryPoint\",\"urlTemplate\":\"https:\/\/www.fabregat-perulles-sales.com\/actualidad\/?s={search_term_string}\"},\"query-input\":\"required name=search_term_string\"}],\"inLanguage\":\"en-US\"},{\"@type\":\"Person\",\"@id\":\"https:\/\/www.fabregat-perulles-sales.com\/actualidad\/#\/schema\/person\/cabc1d68c7778f01d5e069c2d98442e3\",\"name\":\"Victor\",\"image\":{\"@type\":\"ImageObject\",\"inLanguage\":\"en-US\",\"@id\":\"https:\/\/www.fabregat-perulles-sales.com\/actualidad\/#\/schema\/person\/image\/\",\"url\":\"https:\/\/secure.gravatar.com\/avatar\/756cb666a964d2960ffe307b8a53b271?s=96&d=mm&r=g\",\"contentUrl\":\"https:\/\/secure.gravatar.com\/avatar\/756cb666a964d2960ffe307b8a53b271?s=96&d=mm&r=g\",\"caption\":\"Victor\"},\"sameAs\":[\"http:\/\/www.fabregat-perulles-sales.com\"],\"url\":\"https:\/\/www.fabregat-perulles-sales.com\/actualidad\/author\/victor\/\"}]}<\/script>\n<!-- \/ Yoast SEO plugin. -->","yoast_head_json":{"title":"Decreto 141\/2017, 19 de septiembre","description":"Nuevo Reglamento que regula la autoliquidaci\u00f3n agregada, que pasar\u00e1 a ser semestral, el asistente en la recaudaci\u00f3n etc.","robots":{"index":"index","follow":"follow","max-snippet":"max-snippet:-1","max-image-preview":"max-image-preview:large","max-video-preview":"max-video-preview:-1"},"canonical":"https:\/\/www.fabregat-perulles-sales.com\/actualidad\/novedades-sobre-el-impuesto-sobre-las-estancias-en-establecimientos-turisticos-en-cataluna\/","og_locale":"en_US","og_type":"article","og_title":"Decreto 141\/2017, 19 de septiembre","og_description":"Nuevo Reglamento que regula la autoliquidaci\u00f3n agregada, que pasar\u00e1 a ser semestral, el asistente en la recaudaci\u00f3n etc.","og_url":"https:\/\/www.fabregat-perulles-sales.com\/actualidad\/novedades-sobre-el-impuesto-sobre-las-estancias-en-establecimientos-turisticos-en-cataluna\/","og_site_name":"International Lawyers","article_published_time":"2017-09-28T08:51:59+00:00","article_modified_time":"2017-12-04T09:20:06+00:00","og_image":[{"url":"http:\/\/www.fabregat-perulles-sales.com\/actualidad\/wp-content\/uploads\/2017\/09\/impuesto-establecimiento-turistico-300x169.jpg"}],"author":"Victor","twitter_card":"summary_large_image","twitter_misc":{"Written by":"Victor","Est. reading time":"2 minutes"},"schema":{"@context":"https:\/\/schema.org","@graph":[{"@type":"WebPage","@id":"https:\/\/www.fabregat-perulles-sales.com\/actualidad\/novedades-sobre-el-impuesto-sobre-las-estancias-en-establecimientos-turisticos-en-cataluna\/","url":"https:\/\/www.fabregat-perulles-sales.com\/actualidad\/novedades-sobre-el-impuesto-sobre-las-estancias-en-establecimientos-turisticos-en-cataluna\/","name":"Decreto 141\/2017, 19 de septiembre","isPartOf":{"@id":"https:\/\/www.fabregat-perulles-sales.com\/actualidad\/#website"},"datePublished":"2017-09-28T08:51:59+00:00","dateModified":"2017-12-04T09:20:06+00:00","author":{"@id":"https:\/\/www.fabregat-perulles-sales.com\/actualidad\/#\/schema\/person\/cabc1d68c7778f01d5e069c2d98442e3"},"description":"Nuevo Reglamento que regula la autoliquidaci\u00f3n agregada, que pasar\u00e1 a ser semestral, el asistente en la recaudaci\u00f3n etc.","breadcrumb":{"@id":"https:\/\/www.fabregat-perulles-sales.com\/actualidad\/novedades-sobre-el-impuesto-sobre-las-estancias-en-establecimientos-turisticos-en-cataluna\/#breadcrumb"},"inLanguage":"en-US","potentialAction":[{"@type":"ReadAction","target":["https:\/\/www.fabregat-perulles-sales.com\/actualidad\/novedades-sobre-el-impuesto-sobre-las-estancias-en-establecimientos-turisticos-en-cataluna\/"]}]},{"@type":"BreadcrumbList","@id":"https:\/\/www.fabregat-perulles-sales.com\/actualidad\/novedades-sobre-el-impuesto-sobre-las-estancias-en-establecimientos-turisticos-en-cataluna\/#breadcrumb","itemListElement":[{"@type":"ListItem","position":1,"name":"Home","item":"https:\/\/www.fabregat-perulles-sales.com\/actualidad\/"},{"@type":"ListItem","position":2,"name":"Novedades sobre el impuesto sobre las estancias en establecimientos tur\u00edsticos en Catalu\u00f1a"}]},{"@type":"WebSite","@id":"https:\/\/www.fabregat-perulles-sales.com\/actualidad\/#website","url":"https:\/\/www.fabregat-perulles-sales.com\/actualidad\/","name":"www.fabregat-perulles-sales.com","description":"Fabregat Perulles Sales Abogados is a law firm of reference international market in the Spanish-German, Spanish-French, and Spanish-Italian. Is one of the first firms in Barcelona offering a Russian Desk.","potentialAction":[{"@type":"SearchAction","target":{"@type":"EntryPoint","urlTemplate":"https:\/\/www.fabregat-perulles-sales.com\/actualidad\/?s={search_term_string}"},"query-input":"required name=search_term_string"}],"inLanguage":"en-US"},{"@type":"Person","@id":"https:\/\/www.fabregat-perulles-sales.com\/actualidad\/#\/schema\/person\/cabc1d68c7778f01d5e069c2d98442e3","name":"Victor","image":{"@type":"ImageObject","inLanguage":"en-US","@id":"https:\/\/www.fabregat-perulles-sales.com\/actualidad\/#\/schema\/person\/image\/","url":"https:\/\/secure.gravatar.com\/avatar\/756cb666a964d2960ffe307b8a53b271?s=96&d=mm&r=g","contentUrl":"https:\/\/secure.gravatar.com\/avatar\/756cb666a964d2960ffe307b8a53b271?s=96&d=mm&r=g","caption":"Victor"},"sameAs":["http:\/\/www.fabregat-perulles-sales.com"],"url":"https:\/\/www.fabregat-perulles-sales.com\/actualidad\/author\/victor\/"}]}},"amp_enabled":true,"_links":{"self":[{"href":"https:\/\/www.fabregat-perulles-sales.com\/actualidad\/wp-json\/wp\/v2\/posts\/2905"}],"collection":[{"href":"https:\/\/www.fabregat-perulles-sales.com\/actualidad\/wp-json\/wp\/v2\/posts"}],"about":[{"href":"https:\/\/www.fabregat-perulles-sales.com\/actualidad\/wp-json\/wp\/v2\/types\/post"}],"author":[{"embeddable":true,"href":"https:\/\/www.fabregat-perulles-sales.com\/actualidad\/wp-json\/wp\/v2\/users\/3"}],"replies":[{"embeddable":true,"href":"https:\/\/www.fabregat-perulles-sales.com\/actualidad\/wp-json\/wp\/v2\/comments?post=2905"}],"version-history":[{"count":1,"href":"https:\/\/www.fabregat-perulles-sales.com\/actualidad\/wp-json\/wp\/v2\/posts\/2905\/revisions"}],"predecessor-version":[{"id":2907,"href":"https:\/\/www.fabregat-perulles-sales.com\/actualidad\/wp-json\/wp\/v2\/posts\/2905\/revisions\/2907"}],"wp:attachment":[{"href":"https:\/\/www.fabregat-perulles-sales.com\/actualidad\/wp-json\/wp\/v2\/media?parent=2905"}],"wp:term":[{"taxonomy":"category","embeddable":true,"href":"https:\/\/www.fabregat-perulles-sales.com\/actualidad\/wp-json\/wp\/v2\/categories?post=2905"},{"taxonomy":"post_tag","embeddable":true,"href":"https:\/\/www.fabregat-perulles-sales.com\/actualidad\/wp-json\/wp\/v2\/tags?post=2905"}],"curies":[{"name":"wp","href":"https:\/\/api.w.org\/{rel}","templated":true}]}}