{"id":2821,"date":"2017-06-22T20:13:14","date_gmt":"2017-06-22T19:13:14","guid":{"rendered":"http:\/\/www.fabregat-perulles-sales.com\/actualidad\/?p=2821"},"modified":"2017-08-04T10:32:03","modified_gmt":"2017-08-04T09:32:03","slug":"impuesto-sobre-los-activos-no-productivos-de-las-personas-juridicas","status":"publish","type":"post","link":"https:\/\/www.fabregat-perulles-sales.com\/actualidad\/impuesto-sobre-los-activos-no-productivos-de-las-personas-juridicas\/","title":{"rendered":"Impuesto sobre los activos no productivos de las personas jur\u00eddicas"},"content":{"rendered":"<p><img decoding=\"async\" loading=\"lazy\" class=\"alignright size-medium wp-image-2822\" src=\"http:\/\/www.fabregat-perulles-sales.com\/actualidad\/wp-content\/uploads\/2017\/06\/impuesto-bienes-no-productivos-abogados-espanol-300x122.png\" alt=\"bienes no productivos flecha\" width=\"300\" height=\"122\" srcset=\"https:\/\/www.fabregat-perulles-sales.com\/actualidad\/wp-content\/uploads\/2017\/06\/impuesto-bienes-no-productivos-abogados-espanol-300x122.png 300w, https:\/\/www.fabregat-perulles-sales.com\/actualidad\/wp-content\/uploads\/2017\/06\/impuesto-bienes-no-productivos-abogados-espanol-768x312.png 768w, https:\/\/www.fabregat-perulles-sales.com\/actualidad\/wp-content\/uploads\/2017\/06\/impuesto-bienes-no-productivos-abogados-espanol-660x268.png 660w, https:\/\/www.fabregat-perulles-sales.com\/actualidad\/wp-content\/uploads\/2017\/06\/impuesto-bienes-no-productivos-abogados-espanol.png 837w\" sizes=\"(max-width: 300px) 100vw, 300px\" \/>El pasado 12 de mayo de 2017 se public\u00f3 en el DOGC la <strong><u><a href=\"http:\/\/noticias.juridicas.com\/base_datos\/CCAA\/597047-l-6-2017-de-9-may-ca-cataluna-impuesto-sobre-los-activos-no-productivos.html\">Ley 6\/2017, de 9 de mayo, del impuesto sobre los activos no productivos de las personas jur\u00eddicas<\/a><\/u><\/strong>, que tiene por objeto gravar de forma progresiva los activos no productivos en manos de personas jur\u00eddicas, para alcanzar cierto nivel redistributivo, al someter a una mayor presi\u00f3n fiscal a las personas jur\u00eddicas con un mayor volumen de activos improductivos e incentivar un uso m\u00e1s productivo de estos activos, de manera que las personas jur\u00eddicas intenten utilizar su patrimonio de forma m\u00e1s eficiente con la sustituci\u00f3n de activos improductivos por otros m\u00e1s rentables.<\/p>\n<p>La norma pretende adem\u00e1s reducir las pr\u00e1cticas de evasi\u00f3n y elusi\u00f3n fiscal a trav\u00e9s del traslado de patrimonio personal a estructuras societarias para ocultar verdaderas titularidades.<\/p>\n<p><!--more--><\/p>\n<p>El hecho imponible del impuesto se define en la norma como la tenencia por parte de los sujetos pasivos de determinados activos no productivos ubicados en Catalu\u00f1a, a saber: <strong><u>bienes inmuebles, veh\u00edculos a motor con una potencia igual o superior a doscientos caballos, embarcaciones de ocio, aeronaves, objetos de arte y antig\u00fcedades que superen el valor establecido por la Ley del Patrimonio Hist\u00f3rico y joyas.<\/u><\/strong><\/p>\n<p>La tenencia de los activos puede referirse a: la titularidad de un derecho real de superficie, de usufructo, de uso o de propiedad; el uso como consecuencia de la cesi\u00f3n derivada de la realizaci\u00f3n de una operaci\u00f3n de arrendamiento financiero o como consecuencia de la adquisici\u00f3n del bien con reserva de dominio, y el uso derivado de cualquier acuerdo que, con independencia de su instrumentaci\u00f3n jur\u00eddica, permita la transferencia sustancial de todos los riesgos y beneficios inherentes a la propiedad del activo objeto del acuerdo.<\/p>\n<p>A efectos del impuesto, se entienden ubicados en Catalu\u00f1a, los bienes ubicados en el territorio de dicha Comunidad Aut\u00f3noma y los veh\u00edculos a motor, las embarcaciones, las aeronaves, las obras de arte, las antig\u00fcedades y las joyas cuya tenencia corresponde a los contribuyentes de este impuesto.<\/p>\n<p>La ley considera que los activos cuya tenencia define el hecho imponible <strong><u>no son productivos<\/u><\/strong>, a los efectos de este impuesto:<\/p>\n<ol>\n<li>a) si se ceden de forma gratuita a los propietarios, socios y part\u00edcipes del sujeto pasivo o a personas vinculadas a los mismos, directamente o mediante entidades participadas por cualquiera de ellos, y que los destinan total o parcialmente al uso propio o al aprovechamiento privado, salvo que su utilizaci\u00f3n constituya rendimiento en especie, de acuerdo con lo dispuesto por la normativa del impuesto sobre la renta de las personas f\u00edsicas. En caso de que el bien sea utilizado parcialmente para finalidades particulares, se considera activo no productivo solamente la parte o proporci\u00f3n que se destina a estas finalidades.<\/li>\n<li>b) si se cede su uso, mediante precio, a los propietarios, socios y part\u00edcipes del sujeto pasivo o a personas f\u00edsicas vinculadas a estos, o a entidades participadas por cualquiera de ellos, para ser destinados total o parcialmente a usos o aprovechamientos privados, salvo que los propietarios, socios, part\u00edcipes o personas vinculadas satisfagan para la cesi\u00f3n del bien el precio de mercado, trabajen de forma efectiva en la sociedad y perciban por ello una retribuci\u00f3n de importe superior al precio de cesi\u00f3n. Se consideran activos productivos los que son arrendados a precio de mercado a los propietarios, socios y part\u00edcipes o a personas vinculadas a estos, o a entidades participadas por cualquiera de ellos, y son destinados al ejercicio de una actividad econ\u00f3mica.<\/li>\n<li>c) si no est\u00e1n afectos a ninguna actividad econ\u00f3mica o de servicio p\u00fablico. Son activos afectos a una actividad econ\u00f3mica los que, como factor o medio de producci\u00f3n, se utilizan en la explotaci\u00f3n de la actividad econ\u00f3mica del sujeto pasivo.<\/li>\n<\/ol>\n<p>Por el contrario, no se consideran improductivos los bienes mencionados si se destinan a la utilizaci\u00f3n o al goce de los trabajadores no propietarios, no socios o no part\u00edcipes de la sociedad o entidad que constituye rendimiento en especie de estos, ni tampoco si se destinan a los servicios econ\u00f3micos y socioculturales del personal al servicio de la actividad.<\/p>\n<p>Los <strong><u>sujetos pasivos del impuesto<\/u><\/strong>, a t\u00edtulo de contribuyente, ser\u00e1n aquellas personas jur\u00eddicas y entidades que, sin tener personalidad jur\u00eddica, constituyen una unidad econ\u00f3mica o patrimonio separado susceptible de imposici\u00f3n, siendo necesario que en ambos casos tengan objeto mercantil.<\/p>\n<p>Por su parte, estar\u00e1n <strong><u>exentas<\/u><\/strong> el impuesto las Administraciones p\u00fablicas y los organismos y entidades de derecho p\u00fablico, las representaciones diplom\u00e1ticas, oficinas consulares y organismos internacionales con sede en Catalu\u00f1a y los bienes inmuebles de las fundaciones, de las organizaciones no gubernamentales y, en general, de las entidades sin \u00e1nimo de lucro, siempre que se destinen, de forma exclusiva, a sus finalidades propias no lucrativas.<\/p>\n<p>La <strong><u>base imponible<\/u><\/strong> est\u00e1 formada por la suma de los valores correspondientes a los activos no productivos, cada uno de ellos valorado seg\u00fan el tipo de bien gravado, y la cuota \u00edntegra se determina por la aplicaci\u00f3n a la base liquidable de la tarifa progresiva que se incorpora.<\/p>\n<p><strong><u>El impuesto se devengar\u00e1 el 1 de enero de cada a\u00f1o, y en el ejercicio 2017, la fecha de devengo ser\u00e1 el 30 de junio<\/u><\/strong>. Los contribuyentes deber\u00e1n presentar la autoliquidaci\u00f3n del impuesto y efectuar su correspondiente ingreso en los plazos y con las condiciones que se establezcan por reglamento.<\/p>\n<p>La recaudaci\u00f3n e inspecci\u00f3n del impuesto corresponden a la Agencia Tributaria de Catalu\u00f1a, siendo el r\u00e9gimen de infracciones y sanciones aplicable aqu\u00e9l vigente para los tributos propios de la Generalidad.<\/p>\n<p>La entrada en vigor de la referida Ley tuvo lugar <strong><u>el 13 de mayo de 2017<\/u><\/strong>.<\/p>\n<p>&nbsp;<\/p>\n\r\n\t\t<style>\r\n\t\t\t.huge-it-share-buttons {\r\n\t\t\t\tborder:0px solid #0FB5D6;\r\n\t\t\t\tborder-radius:5px;\r\n\t\t\t\tbackground:#3BD8FF;\r\n\t\t\t text-align:left; \t\t\t\t\t\t\t\t\t}\r\n\r\n\t\t\t#huge-it-share-buttons-top {margin-bottom:0px;}\r\n\t\t\t#huge-it-share-buttons-bottom {margin-top:0px;}\r\n\r\n\t\t\t.huge-it-share-buttons h3 {\r\n\t\t\t\tfont-size:25px ;\r\n\t\t\t\tfont-family:Arial,Helvetica Neue,Helvetica,sans-serif;\r\n\t\t\t\tcolor:#666666;\r\n\r\n\t\t\tdisplay:block;\t\t\t\tline-height:25px ;\r\n\r\n\t\t\t text-align:left; \t\t\t\t\t\t\t\t\t}\r\n\r\n\t\t\t.huge-it-share-buttons ul {\r\n\t\t\t float:left; \t\t\t\t\t\t\t\t\t}\r\n\r\n\t\t\t.huge-it-share-buttons ul li {\r\n\t\t\t\tmargin-left:3px;\r\n\t\t\t\tmargin-right:3px;\r\n\t\t\t\tpadding:0px;\r\n\t\t\t\tborder:0px ridge #E6354C;\r\n\t\t\t\tborder-radius:11px;\r\n\t\t\t\tbackground-color:#14CC9B;\r\n\t\t\t}\r\n\r\n\t\t\t.huge-it-share-buttons ul li #backforunical2821 {\r\n\t\t\t\tborder-bottom: 0;\r\n\t\t\t\tbackground-image:url('https:\/\/www.fabregat-perulles-sales.com\/actualidad\/wp-content\/plugins\/wp-share-buttons\/Front_end\/..\/images\/buttons.30.png');\r\n\t\t\t\twidth:30px;\r\n\t\t\t\theight:30px;\r\n\t\t\t}\r\n\r\n\t\t\t.front-shares-count {\r\n\t\t\t\tposition: absolute;\r\n\t\t\t\ttext-align: center;\r\n\t\t\t\tdisplay: block;\r\n\t\t\t}\r\n\r\n\t\t\t.shares_size20 .front-shares-count {\r\n\t\t\t\tfont-size: 10px;\r\n\t\t\t\ttop: 10px;\r\n\t\t\t\twidth: 20px;\r\n\t\t\t}\r\n\r\n\t\t\t.shares_size30 .front-shares-count {\r\n\t\t\t\tfont-size: 11px;\r\n\t\t\t\ttop: 15px;\r\n\t\t\t\twidth: 30px;\r\n\t\t\t}\r\n\r\n\t\t\t.shares_size40 .front-shares-count {\r\n\t\t\t\tfont-size: 12px;\r\n\t\t\t\ttop: 21px;\r\n\t\t\t\twidth: 40px;\r\n\t\t\t}\r\n\t\t<\/style>\r\n\t\t\r\n\t\t<div id=\"huge-it-share-buttons-top\" class=\"huge-it-share-buttons nobackground\">\r\n\t\t\t<h3>Share This:<\/h3>\r\n\t\t\t<ul class=\"huge-it-share-buttons-list \">\r\n\t\t\t\t\t\t\t\t\t<li class=\"nobackground \" >\r\n\r\n\t\t\t\t\t\t\t\t\t\t\t\t<a id=\"backforunical2821\" href=\"https:\/\/www.facebook.com\/sharer\/sharer.php?u=www.fabregat-perulles-sales.com\/actualidad\/wp-json\/wp\/v2\/posts\/2821\"  onclick=\"javascript:void window.open('https:\/\/www.facebook.com\/sharer\/sharer.php?u=www.fabregat-perulles-sales.com\/actualidad\/wp-json\/wp\/v2\/posts\/2821','1410949501326','width=700,height=500,toolbar=0,menubar=0,location=0,status=1,scrollbars=1,resizable=1,left=0,top=0');return false;\" style=\"background-position: -0px -120px \"><\/a>\r\n\t\t\t\t\t<\/li>\r\n\t\t\t\t\t\t\t\t\t\t<li class=\"nobackground \" >\r\n\r\n\t\t\t\t\t\t\t\t\t\t\t\t<a id=\"backforunical2821\" href=\"https:\/\/twitter.com\/share?status=www.fabregat-perulles-sales.com\/actualidad\/wp-json\/wp\/v2\/posts\/2821&text=Impuesto sobre los activos no productivos de las personas jur\u00eddicas\"  onclick=\"javascript:void window.open('https:\/\/twitter.com\/share?status=www.fabregat-perulles-sales.com\/actualidad\/wp-json\/wp\/v2\/posts\/2821&text=Impuesto sobre los activos no productivos de las personas jur\u00eddicas','1410949501326','width=700,height=500,toolbar=0,menubar=0,location=0,status=1,scrollbars=1,resizable=1,left=0,top=0');return false;\" style=\"background-position: -30px -120px \"><\/a>\r\n\t\t\t\t\t<\/li>\r\n\t\t\t\t\t\t\t\t\t\t<li class=\"none nobackground \" >\r\n\r\n\t\t\t\t\t\t\t\t\t\t\t\t<a id=\"backforunical2821\" href=\"http:\/\/www.pinterest.com\/pin\/create\/button\/?url=www.fabregat-perulles-sales.com\/actualidad\/wp-json\/wp\/v2\/posts\/2821&media=https:\/\/www.fabregat-perulles-sales.com\/actualidad\/wp-content\/plugins\/wp-share-buttons\/Front_end\/..\/images\/noimage.png&description=Impuesto sobre los activos no productivos de las personas jur\u00eddicas\"  onclick=\"javascript:void window.open('http:\/\/www.pinterest.com\/pin\/create\/button\/?url=www.fabregat-perulles-sales.com\/actualidad\/wp-json\/wp\/v2\/posts\/2821&media=https:\/\/www.fabregat-perulles-sales.com\/actualidad\/wp-content\/plugins\/wp-share-buttons\/Front_end\/..\/images\/noimage.png&description=Impuesto sobre los activos no productivos de las personas jur\u00eddicas','1410949501326','width=700,height=500,toolbar=0,menubar=0,location=0,status=1,scrollbars=1,resizable=1,left=0,top=0');return false;\" style=\"background-position: -60px -120px \"><\/a>\r\n\t\t\t\t\t<\/li>\r\n\t\t\t\t\t\t\t\t\t\t<li class=\"none nobackground \" >\r\n\r\n\t\t\t\t\t\t\t\t\t\t\t\t<a id=\"backforunical2821\" href=\"https:\/\/plus.google.com\/share?url=www.fabregat-perulles-sales.com\/actualidad\/wp-json\/wp\/v2\/posts\/2821\"  onclick=\"javascript:void window.open('https:\/\/plus.google.com\/share?url=www.fabregat-perulles-sales.com\/actualidad\/wp-json\/wp\/v2\/posts\/2821','1410949501326','width=700,height=500,toolbar=0,menubar=0,location=0,status=1,scrollbars=1,resizable=1,left=0,top=0');return false;\" style=\"background-position: -90px -120px \"><\/a>\r\n\t\t\t\t\t<\/li>\r\n\t\t\t\t\t\t\t\t\t\t<li class=\"nobackground \" >\r\n\r\n\t\t\t\t\t\t\t\t\t\t\t\t<a id=\"backforunical2821\" href=\"https:\/\/www.linkedin.com\/shareArticle?title=Impuesto sobre los activos no productivos de las personas jur\u00eddicas&mini=true&url=https:\/\/www.fabregat-perulles-sales.com\/actualidad\/wp-json\/wp\/v2\/posts\/2821\"  onclick=\"javascript:void window.open('https:\/\/www.linkedin.com\/shareArticle?title=Impuesto sobre los activos no productivos de las personas jur\u00eddicas&mini=true&url=https:\/\/www.fabregat-perulles-sales.com\/actualidad\/wp-json\/wp\/v2\/posts\/2821','1410949501326','width=700,height=500,toolbar=0,menubar=0,location=0,status=1,scrollbars=1,resizable=1,left=0,top=0');return false;\" style=\"background-position: -120px -120px \"><\/a>\r\n\t\t\t\t\t<\/li>\r\n\t\t\t\t\t\t\t\t\t\t<li class=\"none nobackground \" >\r\n\r\n\t\t\t\t\t\t\t\t\t\t\t\t<a id=\"backforunical2821\" href=\"https:\/\/www.tumblr.com\/share\/link?url=www.fabregat-perulles-sales.com\/actualidad\/wp-json\/wp\/v2\/posts\/2821&name=Impuesto sobre los activos no productivos de las personas jur\u00eddicas\"  onclick=\"javascript:void window.open('https:\/\/www.tumblr.com\/share\/link?url=www.fabregat-perulles-sales.com\/actualidad\/wp-json\/wp\/v2\/posts\/2821&name=Impuesto sobre los activos no productivos de las personas jur\u00eddicas','1410949501326','width=700,height=500,toolbar=0,menubar=0,location=0,status=1,scrollbars=1,resizable=1,left=0,top=0');return false;\" style=\"background-position: -150px -120px \"><\/a>\r\n\t\t\t\t\t<\/li>\r\n\t\t\t\t\t\t\t\t\t\t<li class=\"none nobackground \" >\r\n\r\n\t\t\t\t\t\t\t\t\t\t\t\t<a id=\"backforunical2821\" href=\"http:\/\/digg.com\/submit?phase=2&url=www.fabregat-perulles-sales.com\/actualidad\/wp-json\/wp\/v2\/posts\/2821&title=Impuesto sobre los activos no productivos de las personas jur\u00eddicas\"  onclick=\"javascript:void window.open('http:\/\/digg.com\/submit?phase=2&url=www.fabregat-perulles-sales.com\/actualidad\/wp-json\/wp\/v2\/posts\/2821&title=Impuesto sobre los activos no productivos de las personas jur\u00eddicas','1410949501326','width=700,height=500,toolbar=0,menubar=0,location=0,status=1,scrollbars=1,resizable=1,left=0,top=0');return false;\" style=\"background-position: -180px -120px \"><\/a>\r\n\t\t\t\t\t<\/li>\r\n\t\t\t\t\t\t\t\t\t\t<li class=\"none nobackground \" >\r\n\r\n\t\t\t\t\t\t\t\t\t\t\t\t<a id=\"backforunical2821\" href=\"http:\/\/www.stumbleupon.com\/submit?url=www.fabregat-perulles-sales.com\/actualidad\/wp-json\/wp\/v2\/posts\/2821&title=Impuesto sobre los activos no productivos de las personas jur\u00eddicas\"  onclick=\"javascript:void window.open('http:\/\/www.stumbleupon.com\/submit?url=www.fabregat-perulles-sales.com\/actualidad\/wp-json\/wp\/v2\/posts\/2821&title=Impuesto sobre los activos no productivos de las personas jur\u00eddicas','1410949501326','width=700,height=500,toolbar=0,menubar=0,location=0,status=1,scrollbars=1,resizable=1,left=0,top=0');return false;\" style=\"background-position: -210px -120px \"><\/a>\r\n\t\t\t\t\t<\/li>\r\n\t\t\t\t\t\t\t\t\t\t<li class=\"none nobackground \" >\r\n\r\n\t\t\t\t\t\t\t\t\t\t\t\t<a id=\"backforunical2821\" href=\"https:\/\/myspace.com\/post?l=3&u=www.fabregat-perulles-sales.com\/actualidad\/wp-json\/wp\/v2\/posts\/2821\"  onclick=\"javascript:void window.open('https:\/\/myspace.com\/post?l=3&u=www.fabregat-perulles-sales.com\/actualidad\/wp-json\/wp\/v2\/posts\/2821','1410949501326','width=700,height=500,toolbar=0,menubar=0,location=0,status=1,scrollbars=1,resizable=1,left=0,top=0');return false;\" style=\"background-position: -240px -120px \"><\/a>\r\n\t\t\t\t\t<\/li>\r\n\t\t\t\t\t\t\t\t\t\t<li class=\"nobackground \" >\r\n\r\n\t\t\t\t\t\t\t\t\t\t\t\t<a id=\"backforunical2821\" href=\"http:\/\/vk.com\/share.php?url=www.fabregat-perulles-sales.com\/actualidad\/wp-json\/wp\/v2\/posts\/2821&title=Impuesto sobre los activos no productivos de las personas jur\u00eddicas\"  onclick=\"javascript:void window.open('http:\/\/vk.com\/share.php?url=www.fabregat-perulles-sales.com\/actualidad\/wp-json\/wp\/v2\/posts\/2821&title=Impuesto sobre los activos no productivos de las personas jur\u00eddicas','1410949501326','width=700,height=500,toolbar=0,menubar=0,location=0,status=1,scrollbars=1,resizable=1,left=0,top=0');return false;\" style=\"background-position: -270px -120px \"><\/a>\r\n\t\t\t\t\t<\/li>\r\n\t\t\t\t\t\t\t\t\t\t<li class=\"none nobackground \" >\r\n\r\n\t\t\t\t\t\t\t\t\t\t\t\t<a id=\"backforunical2821\" href=\"http:\/\/www.reddit.com\/submit?url=www.fabregat-perulles-sales.com\/actualidad\/wp-json\/wp\/v2\/posts\/2821&title=Impuesto sobre los activos no productivos de las personas jur\u00eddicas\"  onclick=\"javascript:void window.open('http:\/\/www.reddit.com\/submit?url=www.fabregat-perulles-sales.com\/actualidad\/wp-json\/wp\/v2\/posts\/2821&title=Impuesto sobre los activos no productivos de las personas jur\u00eddicas','1410949501326','width=700,height=500,toolbar=0,menubar=0,location=0,status=1,scrollbars=1,resizable=1,left=0,top=0');return false;\" style=\"background-position: -300px -120px \"><\/a>\r\n\t\t\t\t\t<\/li>\r\n\t\t\t\t\t\t\t\t\t\t<li class=\"none nobackground \" >\r\n\r\n\t\t\t\t\t\t\t\t\t\t\t\t<a id=\"backforunical2821\" href=\"http:\/\/www.bebo.com\/c\/share?Url=www.fabregat-perulles-sales.com\/actualidad\/wp-json\/wp\/v2\/posts\/2821\"  onclick=\"javascript:void window.open('http:\/\/www.bebo.com\/c\/share?Url=www.fabregat-perulles-sales.com\/actualidad\/wp-json\/wp\/v2\/posts\/2821','1410949501326','width=700,height=500,toolbar=0,menubar=0,location=0,status=1,scrollbars=1,resizable=1,left=0,top=0');return false;\" style=\"background-position: -330px -120px \"><\/a>\r\n\t\t\t\t\t<\/li>\r\n\t\t\t\t\t\t\t\t\t\t<li class=\"none nobackground \" >\r\n\r\n\t\t\t\t\t\t\t\t\t\t\t\t<a id=\"backforunical2821\" href=\"https:\/\/delicious.com\/save?v=5&noui&jump=close&url=www.fabregat-perulles-sales.com\/actualidad\/wp-json\/wp\/v2\/posts\/2821&title=Impuesto sobre los activos no productivos de las personas jur\u00eddicas\"  onclick=\"javascript:void window.open('https:\/\/delicious.com\/save?v=5&noui&jump=close&url=www.fabregat-perulles-sales.com\/actualidad\/wp-json\/wp\/v2\/posts\/2821&title=Impuesto sobre los activos no productivos de las personas jur\u00eddicas','1410949501326','width=700,height=500,toolbar=0,menubar=0,location=0,status=1,scrollbars=1,resizable=1,left=0,top=0');return false;\" style=\"background-position: -360px -120px \"><\/a>\r\n\t\t\t\t\t<\/li>\r\n\t\t\t\t\t\t\t\t\t\t<li class=\"none nobackground \" >\r\n\r\n\t\t\t\t\t\t\t\t\t\t\t\t<a id=\"backforunical2821\" href=\"http:\/\/www.odnoklassniki.ru\/dk?st.cmd=addShare&st.s=2&st.noresize=on&st._surl=www.fabregat-perulles-sales.com\/actualidad\/wp-json\/wp\/v2\/posts\/2821\"  onclick=\"javascript:void window.open('http:\/\/www.odnoklassniki.ru\/dk?st.cmd=addShare&st.s=2&st.noresize=on&st._surl=www.fabregat-perulles-sales.com\/actualidad\/wp-json\/wp\/v2\/posts\/2821','1410949501326','width=700,height=500,toolbar=0,menubar=0,location=0,status=1,scrollbars=1,resizable=1,left=0,top=0');return false;\" style=\"background-position: -390px -120px \"><\/a>\r\n\t\t\t\t\t<\/li>\r\n\t\t\t\t\t\t\t\t\t\t<li class=\"none nobackground \" >\r\n\r\n\t\t\t\t\t\t\t\t\t\t\t\t<a id=\"backforunical2821\" href=\"http:\/\/sns.qzone.qq.com\/cgi-bin\/qzshare\/cgi_qzshare_onekey?url=www.fabregat-perulles-sales.com\/actualidad\/wp-json\/wp\/v2\/posts\/2821&title=Impuesto sobre los activos no productivos de las personas jur\u00eddicas\"  onclick=\"javascript:void window.open('http:\/\/sns.qzone.qq.com\/cgi-bin\/qzshare\/cgi_qzshare_onekey?url=www.fabregat-perulles-sales.com\/actualidad\/wp-json\/wp\/v2\/posts\/2821&title=Impuesto sobre los activos no productivos de las personas jur\u00eddicas','1410949501326','width=700,height=500,toolbar=0,menubar=0,location=0,status=1,scrollbars=1,resizable=1,left=0,top=0');return false;\" style=\"background-position: -420px -120px \"><\/a>\r\n\t\t\t\t\t<\/li>\r\n\t\t\t\t\t\t\t\t\t\t<li class=\"none nobackground \" >\r\n\r\n\t\t\t\t\t\t\t\t\t\t\t\t<a id=\"backforunical2821\" href=\"http:\/\/service.weibo.com\/share\/share.php?url=www.fabregat-perulles-sales.com\/actualidad\/wp-json\/wp\/v2\/posts\/2821&appkey=&title=Impuesto sobre los activos no productivos de las personas jur\u00eddicas&pic=&ralateUid=&\"  onclick=\"javascript:void window.open('http:\/\/service.weibo.com\/share\/share.php?url=www.fabregat-perulles-sales.com\/actualidad\/wp-json\/wp\/v2\/posts\/2821&appkey=&title=Impuesto sobre los activos no productivos de las personas jur\u00eddicas&pic=&ralateUid=&','1410949501326','width=700,height=500,toolbar=0,menubar=0,location=0,status=1,scrollbars=1,resizable=1,left=0,top=0');return false;\" style=\"background-position: -450px -120px \"><\/a>\r\n\t\t\t\t\t<\/li>\r\n\t\t\t\t\t\t\t\t\t\t<li class=\"none nobackground \" >\r\n\r\n\t\t\t\t\t\t\t\t\t\t\t\t<a id=\"backforunical2821\" href=\"http:\/\/widget.renren.com\/dialog\/share?resourceUrl=www.fabregat-perulles-sales.com\/actualidad\/wp-json\/wp\/v2\/posts\/2821&srcUrl=www.fabregat-perulles-sales.com\/actualidad\/wp-json\/wp\/v2\/posts\/2821&title=Impuesto sobre los activos no productivos de las personas jur\u00eddicas\"  onclick=\"javascript:void window.open('http:\/\/widget.renren.com\/dialog\/share?resourceUrl=www.fabregat-perulles-sales.com\/actualidad\/wp-json\/wp\/v2\/posts\/2821&srcUrl=www.fabregat-perulles-sales.com\/actualidad\/wp-json\/wp\/v2\/posts\/2821&title=Impuesto sobre los activos no productivos de las personas jur\u00eddicas','1410949501326','width=700,height=500,toolbar=0,menubar=0,location=0,status=1,scrollbars=1,resizable=1,left=0,top=0');return false;\" style=\"background-position: -480px -120px \"><\/a>\r\n\t\t\t\t\t<\/li>\r\n\t\t\t\t\t\t\t\t\t\t<li class=\"none nobackground \" >\r\n\r\n\t\t\t\t\t\t\t\t\t\t\t\t<a id=\"backforunical2821\" href=\"http:\/\/n4g.com\/tips?url=www.fabregat-perulles-sales.com\/actualidad\/wp-json\/wp\/v2\/posts\/2821&title=Impuesto sobre los activos no productivos de las personas jur\u00eddicas\"  onclick=\"javascript:void window.open('http:\/\/n4g.com\/tips?url=www.fabregat-perulles-sales.com\/actualidad\/wp-json\/wp\/v2\/posts\/2821&title=Impuesto sobre los activos no productivos de las personas jur\u00eddicas','1410949501326','width=700,height=500,toolbar=0,menubar=0,location=0,status=1,scrollbars=1,resizable=1,left=0,top=0');return false;\" style=\"background-position: -510px -120px \"><\/a>\r\n\t\t\t\t\t<\/li>\r\n\t\t\t\t\t\t\t\t<\/ul>\r\n\t\t\t<div class=\"clear\"><\/div>\r\n\t\t<\/div>\r\n\t\t","protected":false},"excerpt":{"rendered":"<p>El pasado 12 de mayo de 2017 se public\u00f3 en el DOGC la Ley 6\/2017, de 9 de mayo, del impuesto sobre los activos no productivos de las personas jur\u00eddicas, que tiene por objeto gravar de forma progresiva los activos no productivos en manos de personas jur\u00eddicas, para alcanzar cierto nivel redistributivo, al someter a\u2026 <span class=\"read-more\"><a href=\"https:\/\/www.fabregat-perulles-sales.com\/actualidad\/impuesto-sobre-los-activos-no-productivos-de-las-personas-juridicas\/\">Read More &raquo;<\/a><\/span><\/p>\n","protected":false},"author":3,"featured_media":0,"comment_status":"open","ping_status":"closed","sticky":false,"template":"","format":"standard","meta":[],"categories":[6,466,465,25],"tags":[940,691,941],"yoast_head":"<!-- This site is optimized with the Yoast SEO plugin v20.2.1 - https:\/\/yoast.com\/wordpress\/plugins\/seo\/ -->\n<title>Impuesto activos no productivos<\/title>\n<meta name=\"description\" content=\"La Ley del impuesto sobre los activos no productivos de las personas jur\u00eddicas, pretende reducir las pr\u00e1cticas de evasi\u00f3n y elusi\u00f3n fiscal\" \/>\n<meta name=\"robots\" content=\"index, follow, max-snippet:-1, max-image-preview:large, max-video-preview:-1\" \/>\n<link rel=\"canonical\" href=\"https:\/\/www.fabregat-perulles-sales.com\/actualidad\/impuesto-sobre-los-activos-no-productivos-de-las-personas-juridicas\/\" \/>\n<meta property=\"og:locale\" content=\"en_US\" \/>\n<meta property=\"og:type\" content=\"article\" \/>\n<meta property=\"og:title\" content=\"Impuesto activos no productivos\" \/>\n<meta property=\"og:description\" content=\"La Ley del impuesto sobre los activos no productivos de las personas jur\u00eddicas, pretende reducir las pr\u00e1cticas de evasi\u00f3n y elusi\u00f3n fiscal\" \/>\n<meta property=\"og:url\" content=\"https:\/\/www.fabregat-perulles-sales.com\/actualidad\/impuesto-sobre-los-activos-no-productivos-de-las-personas-juridicas\/\" \/>\n<meta property=\"og:site_name\" content=\"International Lawyers\" \/>\n<meta property=\"article:published_time\" content=\"2017-06-22T19:13:14+00:00\" \/>\n<meta property=\"article:modified_time\" content=\"2017-08-04T09:32:03+00:00\" \/>\n<meta property=\"og:image\" content=\"http:\/\/www.fabregat-perulles-sales.com\/actualidad\/wp-content\/uploads\/2017\/06\/impuesto-bienes-no-productivos-abogados-espanol-300x122.png\" \/>\n<meta name=\"author\" content=\"Victor\" \/>\n<meta name=\"twitter:card\" content=\"summary_large_image\" \/>\n<meta name=\"twitter:label1\" content=\"Written by\" \/>\n\t<meta name=\"twitter:data1\" content=\"Victor\" \/>\n\t<meta name=\"twitter:label2\" content=\"Est. reading time\" \/>\n\t<meta name=\"twitter:data2\" content=\"5 minutes\" \/>\n<script type=\"application\/ld+json\" class=\"yoast-schema-graph\">{\"@context\":\"https:\/\/schema.org\",\"@graph\":[{\"@type\":\"WebPage\",\"@id\":\"https:\/\/www.fabregat-perulles-sales.com\/actualidad\/impuesto-sobre-los-activos-no-productivos-de-las-personas-juridicas\/\",\"url\":\"https:\/\/www.fabregat-perulles-sales.com\/actualidad\/impuesto-sobre-los-activos-no-productivos-de-las-personas-juridicas\/\",\"name\":\"Impuesto activos no productivos\",\"isPartOf\":{\"@id\":\"https:\/\/www.fabregat-perulles-sales.com\/actualidad\/#website\"},\"datePublished\":\"2017-06-22T19:13:14+00:00\",\"dateModified\":\"2017-08-04T09:32:03+00:00\",\"author\":{\"@id\":\"https:\/\/www.fabregat-perulles-sales.com\/actualidad\/#\/schema\/person\/cabc1d68c7778f01d5e069c2d98442e3\"},\"description\":\"La Ley del impuesto sobre los activos no productivos de las personas jur\u00eddicas, pretende reducir las pr\u00e1cticas de evasi\u00f3n y elusi\u00f3n fiscal\",\"breadcrumb\":{\"@id\":\"https:\/\/www.fabregat-perulles-sales.com\/actualidad\/impuesto-sobre-los-activos-no-productivos-de-las-personas-juridicas\/#breadcrumb\"},\"inLanguage\":\"en-US\",\"potentialAction\":[{\"@type\":\"ReadAction\",\"target\":[\"https:\/\/www.fabregat-perulles-sales.com\/actualidad\/impuesto-sobre-los-activos-no-productivos-de-las-personas-juridicas\/\"]}]},{\"@type\":\"BreadcrumbList\",\"@id\":\"https:\/\/www.fabregat-perulles-sales.com\/actualidad\/impuesto-sobre-los-activos-no-productivos-de-las-personas-juridicas\/#breadcrumb\",\"itemListElement\":[{\"@type\":\"ListItem\",\"position\":1,\"name\":\"Home\",\"item\":\"https:\/\/www.fabregat-perulles-sales.com\/actualidad\/\"},{\"@type\":\"ListItem\",\"position\":2,\"name\":\"Impuesto sobre los activos no productivos de las personas jur\u00eddicas\"}]},{\"@type\":\"WebSite\",\"@id\":\"https:\/\/www.fabregat-perulles-sales.com\/actualidad\/#website\",\"url\":\"https:\/\/www.fabregat-perulles-sales.com\/actualidad\/\",\"name\":\"www.fabregat-perulles-sales.com\",\"description\":\"Fabregat Perulles Sales Abogados is a law firm of reference international market in the Spanish-German, Spanish-French, and Spanish-Italian. Is one of the first firms in Barcelona offering a Russian Desk.\",\"potentialAction\":[{\"@type\":\"SearchAction\",\"target\":{\"@type\":\"EntryPoint\",\"urlTemplate\":\"https:\/\/www.fabregat-perulles-sales.com\/actualidad\/?s={search_term_string}\"},\"query-input\":\"required name=search_term_string\"}],\"inLanguage\":\"en-US\"},{\"@type\":\"Person\",\"@id\":\"https:\/\/www.fabregat-perulles-sales.com\/actualidad\/#\/schema\/person\/cabc1d68c7778f01d5e069c2d98442e3\",\"name\":\"Victor\",\"image\":{\"@type\":\"ImageObject\",\"inLanguage\":\"en-US\",\"@id\":\"https:\/\/www.fabregat-perulles-sales.com\/actualidad\/#\/schema\/person\/image\/\",\"url\":\"https:\/\/secure.gravatar.com\/avatar\/756cb666a964d2960ffe307b8a53b271?s=96&d=mm&r=g\",\"contentUrl\":\"https:\/\/secure.gravatar.com\/avatar\/756cb666a964d2960ffe307b8a53b271?s=96&d=mm&r=g\",\"caption\":\"Victor\"},\"sameAs\":[\"http:\/\/www.fabregat-perulles-sales.com\"],\"url\":\"https:\/\/www.fabregat-perulles-sales.com\/actualidad\/author\/victor\/\"}]}<\/script>\n<!-- \/ Yoast SEO plugin. -->","yoast_head_json":{"title":"Impuesto activos no productivos","description":"La Ley del impuesto sobre los activos no productivos de las personas jur\u00eddicas, pretende reducir las pr\u00e1cticas de evasi\u00f3n y elusi\u00f3n fiscal","robots":{"index":"index","follow":"follow","max-snippet":"max-snippet:-1","max-image-preview":"max-image-preview:large","max-video-preview":"max-video-preview:-1"},"canonical":"https:\/\/www.fabregat-perulles-sales.com\/actualidad\/impuesto-sobre-los-activos-no-productivos-de-las-personas-juridicas\/","og_locale":"en_US","og_type":"article","og_title":"Impuesto activos no productivos","og_description":"La Ley del impuesto sobre los activos no productivos de las personas jur\u00eddicas, pretende reducir las pr\u00e1cticas de evasi\u00f3n y elusi\u00f3n fiscal","og_url":"https:\/\/www.fabregat-perulles-sales.com\/actualidad\/impuesto-sobre-los-activos-no-productivos-de-las-personas-juridicas\/","og_site_name":"International Lawyers","article_published_time":"2017-06-22T19:13:14+00:00","article_modified_time":"2017-08-04T09:32:03+00:00","og_image":[{"url":"http:\/\/www.fabregat-perulles-sales.com\/actualidad\/wp-content\/uploads\/2017\/06\/impuesto-bienes-no-productivos-abogados-espanol-300x122.png"}],"author":"Victor","twitter_card":"summary_large_image","twitter_misc":{"Written by":"Victor","Est. reading time":"5 minutes"},"schema":{"@context":"https:\/\/schema.org","@graph":[{"@type":"WebPage","@id":"https:\/\/www.fabregat-perulles-sales.com\/actualidad\/impuesto-sobre-los-activos-no-productivos-de-las-personas-juridicas\/","url":"https:\/\/www.fabregat-perulles-sales.com\/actualidad\/impuesto-sobre-los-activos-no-productivos-de-las-personas-juridicas\/","name":"Impuesto activos no productivos","isPartOf":{"@id":"https:\/\/www.fabregat-perulles-sales.com\/actualidad\/#website"},"datePublished":"2017-06-22T19:13:14+00:00","dateModified":"2017-08-04T09:32:03+00:00","author":{"@id":"https:\/\/www.fabregat-perulles-sales.com\/actualidad\/#\/schema\/person\/cabc1d68c7778f01d5e069c2d98442e3"},"description":"La Ley del impuesto sobre los activos no productivos de las personas jur\u00eddicas, pretende reducir las pr\u00e1cticas de evasi\u00f3n y elusi\u00f3n fiscal","breadcrumb":{"@id":"https:\/\/www.fabregat-perulles-sales.com\/actualidad\/impuesto-sobre-los-activos-no-productivos-de-las-personas-juridicas\/#breadcrumb"},"inLanguage":"en-US","potentialAction":[{"@type":"ReadAction","target":["https:\/\/www.fabregat-perulles-sales.com\/actualidad\/impuesto-sobre-los-activos-no-productivos-de-las-personas-juridicas\/"]}]},{"@type":"BreadcrumbList","@id":"https:\/\/www.fabregat-perulles-sales.com\/actualidad\/impuesto-sobre-los-activos-no-productivos-de-las-personas-juridicas\/#breadcrumb","itemListElement":[{"@type":"ListItem","position":1,"name":"Home","item":"https:\/\/www.fabregat-perulles-sales.com\/actualidad\/"},{"@type":"ListItem","position":2,"name":"Impuesto sobre los activos no productivos de las personas jur\u00eddicas"}]},{"@type":"WebSite","@id":"https:\/\/www.fabregat-perulles-sales.com\/actualidad\/#website","url":"https:\/\/www.fabregat-perulles-sales.com\/actualidad\/","name":"www.fabregat-perulles-sales.com","description":"Fabregat Perulles Sales Abogados is a law firm of reference international market in the Spanish-German, Spanish-French, and Spanish-Italian. Is one of the first firms in Barcelona offering a Russian Desk.","potentialAction":[{"@type":"SearchAction","target":{"@type":"EntryPoint","urlTemplate":"https:\/\/www.fabregat-perulles-sales.com\/actualidad\/?s={search_term_string}"},"query-input":"required name=search_term_string"}],"inLanguage":"en-US"},{"@type":"Person","@id":"https:\/\/www.fabregat-perulles-sales.com\/actualidad\/#\/schema\/person\/cabc1d68c7778f01d5e069c2d98442e3","name":"Victor","image":{"@type":"ImageObject","inLanguage":"en-US","@id":"https:\/\/www.fabregat-perulles-sales.com\/actualidad\/#\/schema\/person\/image\/","url":"https:\/\/secure.gravatar.com\/avatar\/756cb666a964d2960ffe307b8a53b271?s=96&d=mm&r=g","contentUrl":"https:\/\/secure.gravatar.com\/avatar\/756cb666a964d2960ffe307b8a53b271?s=96&d=mm&r=g","caption":"Victor"},"sameAs":["http:\/\/www.fabregat-perulles-sales.com"],"url":"https:\/\/www.fabregat-perulles-sales.com\/actualidad\/author\/victor\/"}]}},"amp_enabled":true,"_links":{"self":[{"href":"https:\/\/www.fabregat-perulles-sales.com\/actualidad\/wp-json\/wp\/v2\/posts\/2821"}],"collection":[{"href":"https:\/\/www.fabregat-perulles-sales.com\/actualidad\/wp-json\/wp\/v2\/posts"}],"about":[{"href":"https:\/\/www.fabregat-perulles-sales.com\/actualidad\/wp-json\/wp\/v2\/types\/post"}],"author":[{"embeddable":true,"href":"https:\/\/www.fabregat-perulles-sales.com\/actualidad\/wp-json\/wp\/v2\/users\/3"}],"replies":[{"embeddable":true,"href":"https:\/\/www.fabregat-perulles-sales.com\/actualidad\/wp-json\/wp\/v2\/comments?post=2821"}],"version-history":[{"count":3,"href":"https:\/\/www.fabregat-perulles-sales.com\/actualidad\/wp-json\/wp\/v2\/posts\/2821\/revisions"}],"predecessor-version":[{"id":2837,"href":"https:\/\/www.fabregat-perulles-sales.com\/actualidad\/wp-json\/wp\/v2\/posts\/2821\/revisions\/2837"}],"wp:attachment":[{"href":"https:\/\/www.fabregat-perulles-sales.com\/actualidad\/wp-json\/wp\/v2\/media?parent=2821"}],"wp:term":[{"taxonomy":"category","embeddable":true,"href":"https:\/\/www.fabregat-perulles-sales.com\/actualidad\/wp-json\/wp\/v2\/categories?post=2821"},{"taxonomy":"post_tag","embeddable":true,"href":"https:\/\/www.fabregat-perulles-sales.com\/actualidad\/wp-json\/wp\/v2\/tags?post=2821"}],"curies":[{"name":"wp","href":"https:\/\/api.w.org\/{rel}","templated":true}]}}